{"id":49541,"date":"2026-05-01T09:10:03","date_gmt":"2026-05-01T07:10:03","guid":{"rendered":"https:\/\/www.italpassion.fr\/?p=49541"},"modified":"2026-04-30T17:13:17","modified_gmt":"2026-04-30T15:13:17","slug":"sendi%cc%87ka-ci%cc%87nli%cc%87-ureti%cc%87ci%cc%87-dongfengi%cc%87n-stellantis-fabri%cc%87kasina-yaptigi-2-zi%cc%87yareti%cc%87-dogruladi-satilik-degi%cc%87li%cc%87z","status":"publish","type":"post","link":"https:\/\/www.italpassion.fr\/tr\/stellantis\/un-syndicat-confirme-2-visites-dune-usine-de-stellantis-par-le-constructeur-chinois-dongfeng-on-nest-pas-a-vendre\/","title":{"rendered":"Bir i\u015f\u00e7i sendikas\u0131 \u00c7inli otomobil \u00fcreticisi Dongfeng'in Stellantis fabrikas\u0131na yapt\u0131\u011f\u0131 2 ziyareti do\u011frulad\u0131: \u00abbiz sat\u0131l\u0131k de\u011filiz\u00bb"},"content":{"rendered":"<figure class=\"wp-block-image size-full\"><img loading=\"lazy\" decoding=\"async\" width=\"1200\" height=\"800\" src=\"https:\/\/www.italpassion.fr\/wp-content\/uploads\/2026\/04\/usine-stellantis.jpg\" alt=\"\" class=\"wp-image-49542\" srcset=\"https:\/\/www.italpassion.fr\/wp-content\/uploads\/2026\/04\/usine-stellantis.jpg 1200w, https:\/\/www.italpassion.fr\/wp-content\/uploads\/2026\/04\/usine-stellantis-420x280.jpg 420w, https:\/\/www.italpassion.fr\/wp-content\/uploads\/2026\/04\/usine-stellantis-768x512.jpg 768w, https:\/\/www.italpassion.fr\/wp-content\/uploads\/2026\/04\/usine-stellantis-18x12.jpg 18w\" sizes=\"auto, (max-width: 1200px) 100vw, 1200px\" \/><\/figure>\n\n\n\n<p>Olay giderek daha somut bir hal al\u0131yor. Birka\u00e7 g\u00fcnd\u00fcr iki \u00fclke aras\u0131nda olas\u0131 bir yak\u0131nla\u015fmaya ili\u015fkin s\u00f6ylentilerin ard\u0131ndan <a href=\"https:\/\/www.italpassion.fr\/tr\/stellantis\/\">Stellantis<\/a> ve \u00c7inli otomobil \u00fcreticisi Dongfeng aras\u0131ndaki g\u00f6r\u00fc\u015fmelerin sadece teorik olmad\u0131\u011f\u0131n\u0131 do\u011frulayan yeni bir unsur ortaya \u00e7\u0131kt\u0131: ziyaretler ger\u00e7ekten de ger\u00e7ekle\u015fti... ve \u00e7al\u0131\u015fanlar aras\u0131nda ciddi endi\u015felere neden oldu.<\/p>\n\n\n\n<h2 class=\"wp-block-heading\">\u0130ki ziyaret teyit edildi, ancak resmi s\u00f6ylem \u00e7ok temkinli<\/h2>\n\n\n\n<p>Art\u0131k resmile\u015fti: Sosyal ve ekonomik komitenin bir toplant\u0131s\u0131nda Stellantis y\u00f6netimi Dongfeng'den gelen heyetlerin Rennes yak\u0131nlar\u0131ndaki Chartres-de-Bretagne tesisini iki kez ziyaret etti\u011fini kabul etti. \u0130lk ziyaret Ocak ay\u0131nda, ikincisi ise Nisan ay\u0131nda ger\u00e7ekle\u015fti.<\/p>\n\n\n\n<p>Breton tesisinin de\u011ferlendirilmesi i\u00e7in d\u0131\u015far\u0131dan bir dan\u0131\u015fmanl\u0131k \u015firketi de g\u00f6revlendirilmi\u015ftir ki bu da bu t\u00fcr end\u00fcstriyel dosyalarda hi\u00e7 de \u00f6nemsiz olmayan bir ayr\u0131nt\u0131d\u0131r.<\/p>\n\n\n\n<p>Ancak y\u00f6netimin tepkisi son derece \u00f6l\u00e7\u00fcl\u00fc. Stellantis, normal faaliyetlerinin bir par\u00e7as\u0131 olarak otomotiv sekt\u00f6r\u00fcnden oyuncular\u0131 d\u00fczenli olarak a\u011f\u0131rlad\u0131\u011f\u0131n\u0131, bu ziyaretler hakk\u0131nda daha fazla yorum yapmak veya tesisin gelece\u011fini tart\u0131\u015fmak istemedi\u011fini a\u00e7\u0131klad\u0131. Bu temkinli duru\u015f, i\u00e7eride sorulan sorular\u0131n kapsam\u0131yla tezat olu\u015fturuyor.<\/p>\n\n\n\n<h2 class=\"wp-block-heading\">\u00abBiz sat\u0131l\u0131k de\u011filiz\u00bb: sendikalar seslerini y\u00fckseltiyor<\/h2>\n\n\n\n<p>Sahadaki hava ise \u00e7ok farkl\u0131. Sendikalar ise, olas\u0131 b\u00fcy\u00fck bir stratejik de\u011fi\u015fim olarak g\u00f6rd\u00fckleri bu durumla ilgili endi\u015felerini art\u0131k gizlemiyorlar.<\/p>\n\n\n\n<p>CFDT delegesi Laurent Valy durumu \u00e7ok net bir \u015fekilde \u00f6zetliyor: \u00abBiz sat\u0131l\u0131k de\u011filiz\u00bb. Tesisin sat\u0131\u015f\u0131n\u0131n kategorik olarak reddedildi\u011fini g\u00f6steren g\u00fc\u00e7l\u00fc bir ifade. Personel temsilcileri i\u00e7in, \u00f6zellikle ek \u00fcretim hacmi getirmesi halinde bir end\u00fcstriyel ortakl\u0131k \u00f6ng\u00f6r\u00fclebilir, ancak tesisin do\u011frudan sat\u0131\u015f\u0131 k\u0131rm\u0131z\u0131 \u00e7izgi olmaya devam etmektedir.<\/p>\n\n\n\n<p>Di\u011fer sendikalar da ayn\u0131 \u015fekilde konu\u015ftu. Baz\u0131lar\u0131 \u00abac\u0131mas\u0131z\u00bb bir duyurudan bahsederken, di\u011ferleri bilgiyi bas\u0131ndan \u00f6\u011frendiklerini itiraf ederek belirsizlik ve \u015feffafl\u0131k eksikli\u011fi hissini k\u00f6r\u00fckl\u00fcyor. \u00abAte\u015f olmayan yerden duman \u00e7\u0131kmaz\u00bb diyen baz\u0131 temsilciler, zay\u0131f sinyallerin tekrarlanmas\u0131n\u0131n daha ciddi bir e\u011filime i\u015faret etmeye ba\u015flad\u0131\u011f\u0131n\u0131n fark\u0131nda.<\/p>\n\n\n\n<h2 class=\"wp-block-heading\">Stratejik bir tesis... ancak k\u0131r\u0131lgan bir durumda<\/h2>\n\n\n\n<p>Rennes sitesi, Stellantis end\u00fcstriyel organizasyon \u015femas\u0131nda sadece ba\u015fka bir site de\u011fildir. \u015eu anda Citro\u00ebn C5 Aircross'u g\u00fcnde yakla\u015f\u0131k 400 ara\u00e7 h\u0131z\u0131nda \u00fcretiyor ve 2.000'den fazla ki\u015fiyi istihdam ediyor.<\/p>\n\n\n\n<p>Ancak bu g\u00f6r\u00fcn\u00fcrdeki istikrar\u0131n ard\u0131nda, durum k\u0131r\u0131lganl\u0131\u011f\u0131n\u0131 koruyor. Fabrika \u015fu anda sadece bir model \u00fcretiyor ve bu da onu \u00f6zellikle hacimlere ve Grubun stratejik kararlar\u0131na ba\u011f\u0131ml\u0131 hale getiriyor. Birka\u00e7 ayd\u0131r sendikalar, faaliyetlerini g\u00fcvence alt\u0131na almak i\u00e7in tesise ikinci bir ara\u00e7 tahsis edilmesi \u00e7a\u011fr\u0131s\u0131nda bulunuyor. Buna bir de tedarik sorunlar\u0131 nedeniyle \u00fcretimin durdu\u011fu son d\u00f6nemdeki aksakl\u0131klar eklendi. T\u00fcm bu fakt\u00f6rler belirsizlik hissini artt\u0131rmaktad\u0131r.<\/p>\n\n\n\n<h2 class=\"wp-block-heading\">Daha geni\u015f bir Avrupa stratejisinin par\u00e7as\u0131n\u0131 olu\u015fturan bir proje<\/h2>\n\n\n\n<p>Bu ziyaretler tek ba\u015f\u0131na analiz edilmemelidir. Bunlar \u00e7ok daha geni\u015f bir ba\u011flam\u0131n par\u00e7as\u0131d\u0131r: Stellantis'in Avrupa'daki end\u00fcstriyel tesislerine y\u00f6nelik k\u00fcresel bir g\u00f6zden ge\u00e7irme.<\/p>\n\n\n\n<p>Son g\u00fcnlerde bahsedildi\u011fi gibi, <a href=\"https:\/\/www.italpassion.fr\/tr\/stellantis\/stellantis-fransa-i%cc%87talya-i%cc%87spanya-ve-almanyadaki%cc%87-fabri%cc%87kalarini-satmayi-veya-paylasmayi-planliyor-ci%cc%87nli%cc%87-heyetler-bu-fabri%cc%87kalari-zi%cc%87yaret-etti%cc%87\/\">grup a\u015f\u0131r\u0131 kapasite ile kar\u015f\u0131 kar\u015f\u0131ya<\/a> birka\u00e7 santrale e\u015fde\u011fer oldu\u011fu tahmin edilmektedir. Talep pandemi \u00f6ncesi seviyelerin alt\u0131nda kal\u0131rken, elektrik enerjisine ge\u00e7i\u015f yat\u0131r\u0131m\u0131 zorla\u015ft\u0131r\u0131yor ve baz\u0131 projeleri yava\u015flat\u0131yor. Baz\u0131 tesisler potansiyel olarak d\u00f6n\u00fc\u015f\u00fcm senaryolar\u0131yla ilgileniyor: \u00fcretim payla\u015f\u0131m\u0131, end\u00fcstriyel ortakl\u0131klar... hatta elden \u00e7\u0131karmalar. Rennes, \u0130talya'daki Cassino ile \u0130spanya ve Almanya'daki tesislerin yan\u0131 s\u0131ra d\u00fczenli olarak ad\u0131 ge\u00e7en tesislerden biri.<\/p>\n\n\n\n<h2 class=\"wp-block-heading\">\u00c7in, vazge\u00e7ilmez bir ortak<\/h2>\n\n\n\n<p>Dongfeng ile kurulan bu ba\u011f tesad\u00fcf de\u011fil. Stellantis art\u0131k \u00f6zellikle elektrikli ara\u00e7lar alan\u0131nda \u00c7in ekosistemine artan ba\u011f\u0131ml\u0131l\u0131\u011f\u0131n\u0131 a\u00e7\u0131k\u00e7a kabul ediyor.<\/p>\n\n\n\n<p>Grup \u015funlar\u0131 kabul etmektedir <a href=\"https:\/\/www.italpassion.fr\/tr\/stellantis\/stellantis-ci%cc%87ni%cc%87n-elektri%cc%87kte-10-yil-onde-oldugunu-kabul-edi%cc%87yor-ve-avrupada-tartisilmaya-devam-edecek-bi%cc%87r-sonuca-variyor\/\">\u00c7in \u00f6nemli bir liderli\u011fe sahip<\/a>, \u00c7in, elektrikli ara\u00e7 teknolojilerinde tahminen on y\u0131ll\u0131k bir liderli\u011fe sahip. Bataryalar, yaz\u0131l\u0131m, tedarik zincirleri... Bunlar\u0131n hepsi \u015fu anda \u00c7inli oyuncular\u0131n hakim oldu\u011fu alanlar. Ortakl\u0131klar bir tercihten ziyade bir zorunluluk gibi g\u00f6r\u00fcn\u00fcyor. Stellantis'in uzun s\u00fcredir orta\u011f\u0131 olan Dongfeng, hem \u00c7in hem de uluslararas\u0131 pazarlar i\u00e7in bu stratejide kilit bir rol oynayabilir.<\/p>\n\n\n\n<p>Avrupa ve \u00c7in'e yap\u0131lan son ziyaretler bu i\u015fbirli\u011finin boyut de\u011fi\u015ftirmekte oldu\u011funu teyit etmektedir. Stellantis Sermaye Piyasalar\u0131 G\u00fcn\u00fc s\u0131ras\u0131nda 21 May\u0131s'ta yap\u0131lacak toplant\u0131 bu konuda daha fazla bilgi sa\u011flayabilir.<\/p>","protected":false},"excerpt":{"rendered":"","protected":false},"author":1,"featured_media":49542,"comment_status":"open","ping_status":"open","sticky":false,"template":"","format":"standard","meta":{"_acf_changed":false,"_sitemap_exclude":false,"_sitemap_priority":"","_sitemap_frequency":"","footnotes":""},"categories":[29],"tags":[],"class_list":["post-49541","post","type-post","status-publish","format-standard","has-post-thumbnail","hentry","category-stellantis","generate-columns","tablet-grid-50","mobile-grid-100","grid-parent","grid-33"],"acf":[],"yoast_head":"<!-- This site is optimized with the Yoast SEO plugin v25.8 - https:\/\/yoast.com\/wordpress\/plugins\/seo\/ -->\n<title>Un syndicat confirme 2 visites d&#039;une usine de Stellantis par le constructeur chinois Dongfeng : &quot;on n\u2019est pas \u00e0 vendre&quot; - ItalPassion<\/title>\n<meta name=\"description\" content=\"L\u2019affaire prend une tournure de plus en plus concr\u00e8te. Apr\u00e8s plusieurs jours de rumeurs autour d\u2019un possible rapprochement entre Stellantis et le\" \/>\n<meta name=\"robots\" content=\"index, follow, max-snippet:-1, max-image-preview:large, max-video-preview:-1\" \/>\n<link rel=\"canonical\" href=\"https:\/\/www.italpassion.fr\/tr\/stellantis\/sendi\u0307ka-ci\u0307nli\u0307-ureti\u0307ci\u0307-dongfengi\u0307n-stellantis-fabri\u0307kasina-yaptigi-2-zi\u0307yareti\u0307-dogruladi-satilik-degi\u0307li\u0307z\/\" \/>\n<meta property=\"og:locale\" content=\"tr_TR\" \/>\n<meta property=\"og:type\" content=\"article\" \/>\n<meta property=\"og:title\" content=\"Un syndicat confirme 2 visites d&#039;une usine de Stellantis par le constructeur chinois Dongfeng : &quot;on n\u2019est pas \u00e0 vendre&quot; - ItalPassion\" \/>\n<meta property=\"og:description\" content=\"L\u2019affaire prend une tournure de plus en plus concr\u00e8te. Apr\u00e8s plusieurs jours de rumeurs autour d\u2019un possible rapprochement entre Stellantis et le\" \/>\n<meta property=\"og:url\" content=\"https:\/\/www.italpassion.fr\/tr\/stellantis\/sendi\u0307ka-ci\u0307nli\u0307-ureti\u0307ci\u0307-dongfengi\u0307n-stellantis-fabri\u0307kasina-yaptigi-2-zi\u0307yareti\u0307-dogruladi-satilik-degi\u0307li\u0307z\/\" \/>\n<meta property=\"og:site_name\" content=\"ItalPassion\" \/>\n<meta property=\"article:publisher\" content=\"https:\/\/www.facebook.com\/italpassion\" \/>\n<meta property=\"article:published_time\" content=\"2026-05-01T07:10:03+00:00\" \/>\n<meta property=\"og:image\" content=\"https:\/\/www.italpassion.fr\/wp-content\/uploads\/2026\/04\/usine-stellantis.jpg\" \/>\n\t<meta property=\"og:image:width\" content=\"1200\" \/>\n\t<meta property=\"og:image:height\" content=\"800\" \/>\n\t<meta property=\"og:image:type\" content=\"image\/jpeg\" \/>\n<meta name=\"author\" content=\"Alexandre Filluzeau\" \/>\n<meta name=\"twitter:card\" content=\"summary_large_image\" \/>\n<meta name=\"twitter:creator\" content=\"@italpassion\" \/>\n<meta name=\"twitter:site\" content=\"@italpassion\" \/>\n<script type=\"application\/ld+json\" class=\"yoast-schema-graph\">{\"@context\":\"https:\/\/schema.org\",\"@graph\":[{\"@type\":\"NewsArticle\",\"@id\":\"https:\/\/www.italpassion.fr\/tr\/stellantis\/un-syndicat-confirme-2-visites-dune-usine-de-stellantis-par-le-constructeur-chinois-dongfeng-on-nest-pas-a-vendre\/#article\",\"isPartOf\":{\"@id\":\"https:\/\/www.italpassion.fr\/tr\/stellantis\/un-syndicat-confirme-2-visites-dune-usine-de-stellantis-par-le-constructeur-chinois-dongfeng-on-nest-pas-a-vendre\/\"},\"author\":{\"name\":\"Alexandre Filluzeau\",\"@id\":\"https:\/\/www.italpassion.fr\/tr\/#\/schema\/person\/36f747b2a759ca202d847e85a9434ca0\"},\"headline\":\"Un syndicat confirme 2 visites d&rsquo;une usine de Stellantis par le constructeur chinois Dongfeng : \u00ab\u00a0on n\u2019est pas \u00e0 vendre\u00a0\u00bb\",\"datePublished\":\"2026-05-01T07:10:03+00:00\",\"mainEntityOfPage\":{\"@id\":\"https:\/\/www.italpassion.fr\/tr\/stellantis\/un-syndicat-confirme-2-visites-dune-usine-de-stellantis-par-le-constructeur-chinois-dongfeng-on-nest-pas-a-vendre\/\"},\"wordCount\":832,\"commentCount\":3,\"publisher\":{\"@id\":\"https:\/\/www.italpassion.fr\/tr\/#organization\"},\"image\":{\"@id\":\"https:\/\/www.italpassion.fr\/tr\/stellantis\/un-syndicat-confirme-2-visites-dune-usine-de-stellantis-par-le-constructeur-chinois-dongfeng-on-nest-pas-a-vendre\/#primaryimage\"},\"thumbnailUrl\":\"https:\/\/www.italpassion.fr\/wp-content\/uploads\/2026\/04\/usine-stellantis.jpg\",\"articleSection\":[\"Stellantis\"],\"inLanguage\":\"tr\",\"potentialAction\":[{\"@type\":\"CommentAction\",\"name\":\"Comment\",\"target\":[\"https:\/\/www.italpassion.fr\/tr\/stellantis\/un-syndicat-confirme-2-visites-dune-usine-de-stellantis-par-le-constructeur-chinois-dongfeng-on-nest-pas-a-vendre\/#respond\"]}]},{\"@type\":\"WebPage\",\"@id\":\"https:\/\/www.italpassion.fr\/tr\/stellantis\/un-syndicat-confirme-2-visites-dune-usine-de-stellantis-par-le-constructeur-chinois-dongfeng-on-nest-pas-a-vendre\/\",\"url\":\"https:\/\/www.italpassion.fr\/tr\/stellantis\/un-syndicat-confirme-2-visites-dune-usine-de-stellantis-par-le-constructeur-chinois-dongfeng-on-nest-pas-a-vendre\/\",\"name\":\"Un syndicat confirme 2 visites d'une usine de Stellantis par le constructeur chinois Dongfeng : \\\"on n\u2019est pas \u00e0 vendre\\\" - ItalPassion\",\"isPartOf\":{\"@id\":\"https:\/\/www.italpassion.fr\/tr\/#website\"},\"primaryImageOfPage\":{\"@id\":\"https:\/\/www.italpassion.fr\/tr\/stellantis\/un-syndicat-confirme-2-visites-dune-usine-de-stellantis-par-le-constructeur-chinois-dongfeng-on-nest-pas-a-vendre\/#primaryimage\"},\"image\":{\"@id\":\"https:\/\/www.italpassion.fr\/tr\/stellantis\/un-syndicat-confirme-2-visites-dune-usine-de-stellantis-par-le-constructeur-chinois-dongfeng-on-nest-pas-a-vendre\/#primaryimage\"},\"thumbnailUrl\":\"https:\/\/www.italpassion.fr\/wp-content\/uploads\/2026\/04\/usine-stellantis.jpg\",\"datePublished\":\"2026-05-01T07:10:03+00:00\",\"description\":\"L\u2019affaire prend une tournure de plus en plus concr\u00e8te. Apr\u00e8s plusieurs jours de rumeurs autour d\u2019un possible rapprochement entre Stellantis et le\",\"breadcrumb\":{\"@id\":\"https:\/\/www.italpassion.fr\/tr\/stellantis\/un-syndicat-confirme-2-visites-dune-usine-de-stellantis-par-le-constructeur-chinois-dongfeng-on-nest-pas-a-vendre\/#breadcrumb\"},\"inLanguage\":\"tr\",\"potentialAction\":[{\"@type\":\"ReadAction\",\"target\":[\"https:\/\/www.italpassion.fr\/tr\/stellantis\/un-syndicat-confirme-2-visites-dune-usine-de-stellantis-par-le-constructeur-chinois-dongfeng-on-nest-pas-a-vendre\/\"]}]},{\"@type\":\"ImageObject\",\"inLanguage\":\"tr\",\"@id\":\"https:\/\/www.italpassion.fr\/tr\/stellantis\/un-syndicat-confirme-2-visites-dune-usine-de-stellantis-par-le-constructeur-chinois-dongfeng-on-nest-pas-a-vendre\/#primaryimage\",\"url\":\"https:\/\/www.italpassion.fr\/wp-content\/uploads\/2026\/04\/usine-stellantis.jpg\",\"contentUrl\":\"https:\/\/www.italpassion.fr\/wp-content\/uploads\/2026\/04\/usine-stellantis.jpg\",\"width\":1200,\"height\":800},{\"@type\":\"BreadcrumbList\",\"@id\":\"https:\/\/www.italpassion.fr\/tr\/stellantis\/un-syndicat-confirme-2-visites-dune-usine-de-stellantis-par-le-constructeur-chinois-dongfeng-on-nest-pas-a-vendre\/#breadcrumb\",\"itemListElement\":[{\"@type\":\"ListItem\",\"position\":1,\"name\":\"Accueil\",\"item\":\"https:\/\/www.italpassion.fr\/tr\/\"},{\"@type\":\"ListItem\",\"position\":2,\"name\":\"Un syndicat confirme 2 visites d&rsquo;une usine de Stellantis par le constructeur chinois Dongfeng : \u00ab\u00a0on n\u2019est pas \u00e0 vendre\u00a0\u00bb\"}]},{\"@type\":\"WebSite\",\"@id\":\"https:\/\/www.italpassion.fr\/tr\/#website\",\"url\":\"https:\/\/www.italpassion.fr\/tr\/\",\"name\":\"ItalPassion\",\"description\":\"Les Passionn\u00e9s d&#039;Automobiles Italiennes\",\"publisher\":{\"@id\":\"https:\/\/www.italpassion.fr\/tr\/#organization\"},\"potentialAction\":[{\"@type\":\"SearchAction\",\"target\":{\"@type\":\"EntryPoint\",\"urlTemplate\":\"https:\/\/www.italpassion.fr\/tr\/?s={search_term_string}\"},\"query-input\":{\"@type\":\"PropertyValueSpecification\",\"valueRequired\":true,\"valueName\":\"search_term_string\"}}],\"inLanguage\":\"tr\"},{\"@type\":\"Organization\",\"@id\":\"https:\/\/www.italpassion.fr\/tr\/#organization\",\"name\":\"Italpassion\",\"url\":\"https:\/\/www.italpassion.fr\/tr\/\",\"logo\":{\"@type\":\"ImageObject\",\"inLanguage\":\"tr\",\"@id\":\"https:\/\/www.italpassion.fr\/tr\/#\/schema\/logo\/image\/\",\"url\":\"https:\/\/www.italpassion.fr\/wp-content\/uploads\/2023\/07\/italpassion-yoast.jpg\",\"contentUrl\":\"https:\/\/www.italpassion.fr\/wp-content\/uploads\/2023\/07\/italpassion-yoast.jpg\",\"width\":696,\"height\":696,\"caption\":\"Italpassion\"},\"image\":{\"@id\":\"https:\/\/www.italpassion.fr\/tr\/#\/schema\/logo\/image\/\"},\"sameAs\":[\"https:\/\/www.facebook.com\/italpassion\",\"https:\/\/x.com\/italpassion\",\"https:\/\/www.instagram.com\/italpassionfr\/\",\"https:\/\/www.youtube.com\/channel\/UCleq-ByQaA42OjhopwevRjQ\",\"https:\/\/www.facebook.com\/italpassion.en\/\",\"https:\/\/www.facebook.com\/italpassion.it\/\",\"https:\/\/www.facebook.com\/italpassion.de\/\",\"https:\/\/www.facebook.com\/italpassion.ja\/\"]},{\"@type\":\"Person\",\"@id\":\"https:\/\/www.italpassion.fr\/tr\/#\/schema\/person\/36f747b2a759ca202d847e85a9434ca0\",\"name\":\"Alexandre Filluzeau\",\"image\":{\"@type\":\"ImageObject\",\"inLanguage\":\"tr\",\"@id\":\"https:\/\/www.italpassion.fr\/tr\/#\/schema\/person\/image\/\",\"url\":\"https:\/\/www.italpassion.fr\/wp-content\/uploads\/2025\/04\/avatar-alexandre-160x160.jpg\",\"contentUrl\":\"https:\/\/www.italpassion.fr\/wp-content\/uploads\/2025\/04\/avatar-alexandre-160x160.jpg\",\"caption\":\"Alexandre Filluzeau\"},\"description\":\"Fondateur du site ItalPassion, passionn\u00e9 de voitures italiennes et de l'Italie en g\u00e9n\u00e9ral. J'apporte un regard critique et technique aux actualit\u00e9s des marques italiennes quand cela est possible. Propri\u00e9taire d'une Maserati GranTurismo, Alfa Romeo MiTo, Lancia Fulvia et Ducati 695. Ex-propri\u00e9taire d'une Alfa Romeo Giulia.\",\"sameAs\":[\"https:\/\/www.italpassion.fr\/\"],\"url\":\"https:\/\/www.italpassion.fr\/tr\/author\/alexandre\/\"}]}<\/script>\n<!-- \/ Yoast SEO plugin. -->","yoast_head_json":{"title":"Sendika, \u00c7inli otomobil \u00fcreticisi Dongfeng'in Stellantis fabrikas\u0131na yapt\u0131\u011f\u0131 2 ziyareti do\u011frulad\u0131: \"sat\u0131l\u0131k de\u011filiz\" - ItalPassion","description":"Anla\u015fma giderek somutla\u015f\u0131yor. Stellantis ile Avrupa Birli\u011fi aras\u0131nda olas\u0131 bir yak\u0131nla\u015fmaya ili\u015fkin birka\u00e7 g\u00fcnd\u00fcr devam eden s\u00f6ylentilerin ard\u0131ndan","robots":{"index":"index","follow":"follow","max-snippet":"max-snippet:-1","max-image-preview":"max-image-preview:large","max-video-preview":"max-video-preview:-1"},"canonical":"https:\/\/www.italpassion.fr\/tr\/stellantis\/sendi\u0307ka-ci\u0307nli\u0307-ureti\u0307ci\u0307-dongfengi\u0307n-stellantis-fabri\u0307kasina-yaptigi-2-zi\u0307yareti\u0307-dogruladi-satilik-degi\u0307li\u0307z\/","og_locale":"tr_TR","og_type":"article","og_title":"Un syndicat confirme 2 visites d'une usine de Stellantis par le constructeur chinois Dongfeng : \"on n\u2019est pas \u00e0 vendre\" - ItalPassion","og_description":"L\u2019affaire prend une tournure de plus en plus concr\u00e8te. Apr\u00e8s plusieurs jours de rumeurs autour d\u2019un possible rapprochement entre Stellantis et le","og_url":"https:\/\/www.italpassion.fr\/tr\/stellantis\/sendi\u0307ka-ci\u0307nli\u0307-ureti\u0307ci\u0307-dongfengi\u0307n-stellantis-fabri\u0307kasina-yaptigi-2-zi\u0307yareti\u0307-dogruladi-satilik-degi\u0307li\u0307z\/","og_site_name":"ItalPassion","article_publisher":"https:\/\/www.facebook.com\/italpassion","article_published_time":"2026-05-01T07:10:03+00:00","og_image":[{"width":1200,"height":800,"url":"https:\/\/www.italpassion.fr\/wp-content\/uploads\/2026\/04\/usine-stellantis.jpg","type":"image\/jpeg"}],"author":"Alexandre Filluzeau","twitter_card":"summary_large_image","twitter_creator":"@italpassion","twitter_site":"@italpassion","schema":{"@context":"https:\/\/schema.org","@graph":[{"@type":"NewsArticle","@id":"https:\/\/www.italpassion.fr\/tr\/stellantis\/un-syndicat-confirme-2-visites-dune-usine-de-stellantis-par-le-constructeur-chinois-dongfeng-on-nest-pas-a-vendre\/#article","isPartOf":{"@id":"https:\/\/www.italpassion.fr\/tr\/stellantis\/un-syndicat-confirme-2-visites-dune-usine-de-stellantis-par-le-constructeur-chinois-dongfeng-on-nest-pas-a-vendre\/"},"author":{"name":"Alexandre Filluzeau","@id":"https:\/\/www.italpassion.fr\/tr\/#\/schema\/person\/36f747b2a759ca202d847e85a9434ca0"},"headline":"Un syndicat confirme 2 visites d&rsquo;une usine de Stellantis par le constructeur chinois Dongfeng : \u00ab\u00a0on n\u2019est pas \u00e0 vendre\u00a0\u00bb","datePublished":"2026-05-01T07:10:03+00:00","mainEntityOfPage":{"@id":"https:\/\/www.italpassion.fr\/tr\/stellantis\/un-syndicat-confirme-2-visites-dune-usine-de-stellantis-par-le-constructeur-chinois-dongfeng-on-nest-pas-a-vendre\/"},"wordCount":832,"commentCount":3,"publisher":{"@id":"https:\/\/www.italpassion.fr\/tr\/#organization"},"image":{"@id":"https:\/\/www.italpassion.fr\/tr\/stellantis\/un-syndicat-confirme-2-visites-dune-usine-de-stellantis-par-le-constructeur-chinois-dongfeng-on-nest-pas-a-vendre\/#primaryimage"},"thumbnailUrl":"https:\/\/www.italpassion.fr\/wp-content\/uploads\/2026\/04\/usine-stellantis.jpg","articleSection":["Stellantis"],"inLanguage":"tr","potentialAction":[{"@type":"CommentAction","name":"Comment","target":["https:\/\/www.italpassion.fr\/tr\/stellantis\/un-syndicat-confirme-2-visites-dune-usine-de-stellantis-par-le-constructeur-chinois-dongfeng-on-nest-pas-a-vendre\/#respond"]}]},{"@type":"WebPage","@id":"https:\/\/www.italpassion.fr\/tr\/stellantis\/un-syndicat-confirme-2-visites-dune-usine-de-stellantis-par-le-constructeur-chinois-dongfeng-on-nest-pas-a-vendre\/","url":"https:\/\/www.italpassion.fr\/tr\/stellantis\/un-syndicat-confirme-2-visites-dune-usine-de-stellantis-par-le-constructeur-chinois-dongfeng-on-nest-pas-a-vendre\/","name":"Sendika, \u00c7inli otomobil \u00fcreticisi Dongfeng'in Stellantis fabrikas\u0131na yapt\u0131\u011f\u0131 2 ziyareti do\u011frulad\u0131: \"sat\u0131l\u0131k de\u011filiz\" - ItalPassion","isPartOf":{"@id":"https:\/\/www.italpassion.fr\/tr\/#website"},"primaryImageOfPage":{"@id":"https:\/\/www.italpassion.fr\/tr\/stellantis\/un-syndicat-confirme-2-visites-dune-usine-de-stellantis-par-le-constructeur-chinois-dongfeng-on-nest-pas-a-vendre\/#primaryimage"},"image":{"@id":"https:\/\/www.italpassion.fr\/tr\/stellantis\/un-syndicat-confirme-2-visites-dune-usine-de-stellantis-par-le-constructeur-chinois-dongfeng-on-nest-pas-a-vendre\/#primaryimage"},"thumbnailUrl":"https:\/\/www.italpassion.fr\/wp-content\/uploads\/2026\/04\/usine-stellantis.jpg","datePublished":"2026-05-01T07:10:03+00:00","description":"Anla\u015fma giderek somutla\u015f\u0131yor. Stellantis ile Avrupa Birli\u011fi aras\u0131nda olas\u0131 bir yak\u0131nla\u015fmaya ili\u015fkin birka\u00e7 g\u00fcnd\u00fcr devam eden s\u00f6ylentilerin ard\u0131ndan","breadcrumb":{"@id":"https:\/\/www.italpassion.fr\/tr\/stellantis\/un-syndicat-confirme-2-visites-dune-usine-de-stellantis-par-le-constructeur-chinois-dongfeng-on-nest-pas-a-vendre\/#breadcrumb"},"inLanguage":"tr","potentialAction":[{"@type":"ReadAction","target":["https:\/\/www.italpassion.fr\/tr\/stellantis\/un-syndicat-confirme-2-visites-dune-usine-de-stellantis-par-le-constructeur-chinois-dongfeng-on-nest-pas-a-vendre\/"]}]},{"@type":"ImageObject","inLanguage":"tr","@id":"https:\/\/www.italpassion.fr\/tr\/stellantis\/un-syndicat-confirme-2-visites-dune-usine-de-stellantis-par-le-constructeur-chinois-dongfeng-on-nest-pas-a-vendre\/#primaryimage","url":"https:\/\/www.italpassion.fr\/wp-content\/uploads\/2026\/04\/usine-stellantis.jpg","contentUrl":"https:\/\/www.italpassion.fr\/wp-content\/uploads\/2026\/04\/usine-stellantis.jpg","width":1200,"height":800},{"@type":"BreadcrumbList","@id":"https:\/\/www.italpassion.fr\/tr\/stellantis\/un-syndicat-confirme-2-visites-dune-usine-de-stellantis-par-le-constructeur-chinois-dongfeng-on-nest-pas-a-vendre\/#breadcrumb","itemListElement":[{"@type":"ListItem","position":1,"name":"Accueil","item":"https:\/\/www.italpassion.fr\/tr\/"},{"@type":"ListItem","position":2,"name":"Un syndicat confirme 2 visites d&rsquo;une usine de Stellantis par le constructeur chinois Dongfeng : \u00ab\u00a0on n\u2019est pas \u00e0 vendre\u00a0\u00bb"}]},{"@type":"WebSite","@id":"https:\/\/www.italpassion.fr\/tr\/#website","url":"https:\/\/www.italpassion.fr\/tr\/","name":"ItalPassion","description":"\u0130talyan Araba Merakl\u0131lar\u0131","publisher":{"@id":"https:\/\/www.italpassion.fr\/tr\/#organization"},"potentialAction":[{"@type":"SearchAction","target":{"@type":"EntryPoint","urlTemplate":"https:\/\/www.italpassion.fr\/tr\/?s={search_term_string}"},"query-input":{"@type":"PropertyValueSpecification","valueRequired":true,"valueName":"search_term_string"}}],"inLanguage":"tr"},{"@type":"Organization","@id":"https:\/\/www.italpassion.fr\/tr\/#organization","name":"Italpassion","url":"https:\/\/www.italpassion.fr\/tr\/","logo":{"@type":"ImageObject","inLanguage":"tr","@id":"https:\/\/www.italpassion.fr\/tr\/#\/schema\/logo\/image\/","url":"https:\/\/www.italpassion.fr\/wp-content\/uploads\/2023\/07\/italpassion-yoast.jpg","contentUrl":"https:\/\/www.italpassion.fr\/wp-content\/uploads\/2023\/07\/italpassion-yoast.jpg","width":696,"height":696,"caption":"Italpassion"},"image":{"@id":"https:\/\/www.italpassion.fr\/tr\/#\/schema\/logo\/image\/"},"sameAs":["https:\/\/www.facebook.com\/italpassion","https:\/\/x.com\/italpassion","https:\/\/www.instagram.com\/italpassionfr\/","https:\/\/www.youtube.com\/channel\/UCleq-ByQaA42OjhopwevRjQ","https:\/\/www.facebook.com\/italpassion.en\/","https:\/\/www.facebook.com\/italpassion.it\/","https:\/\/www.facebook.com\/italpassion.de\/","https:\/\/www.facebook.com\/italpassion.ja\/"]},{"@type":"Person","@id":"https:\/\/www.italpassion.fr\/tr\/#\/schema\/person\/36f747b2a759ca202d847e85a9434ca0","name":"Alexandre Filluzeau","image":{"@type":"ImageObject","inLanguage":"tr","@id":"https:\/\/www.italpassion.fr\/tr\/#\/schema\/person\/image\/","url":"https:\/\/www.italpassion.fr\/wp-content\/uploads\/2025\/04\/avatar-alexandre-160x160.jpg","contentUrl":"https:\/\/www.italpassion.fr\/wp-content\/uploads\/2025\/04\/avatar-alexandre-160x160.jpg","caption":"Alexandre Filluzeau"},"description":"ItalPassion web sitesinin kurucusu, \u0130talyan otomobilleri ve genel olarak \u0130talya hakk\u0131nda tutkulu. M\u00fcmk\u00fcn oldu\u011funca \u0130talyan markalar\u0131n\u0131n haberlerine ele\u015ftirel ve teknik bir g\u00f6z getiriyorum. Maserati GranTurismo, Alfa Romeo MiTo, Lancia Fulvia ve Ducati 695 sahibiyim. Alfa Romeo Giulia'n\u0131n eski sahibi.","sameAs":["https:\/\/www.italpassion.fr\/"],"url":"https:\/\/www.italpassion.fr\/tr\/author\/alexandre\/"}]}},"_links":{"self":[{"href":"https:\/\/www.italpassion.fr\/tr\/wp-json\/wp\/v2\/posts\/49541","targetHints":{"allow":["GET"]}}],"collection":[{"href":"https:\/\/www.italpassion.fr\/tr\/wp-json\/wp\/v2\/posts"}],"about":[{"href":"https:\/\/www.italpassion.fr\/tr\/wp-json\/wp\/v2\/types\/post"}],"author":[{"embeddable":true,"href":"https:\/\/www.italpassion.fr\/tr\/wp-json\/wp\/v2\/users\/1"}],"replies":[{"embeddable":true,"href":"https:\/\/www.italpassion.fr\/tr\/wp-json\/wp\/v2\/comments?post=49541"}],"version-history":[{"count":1,"href":"https:\/\/www.italpassion.fr\/tr\/wp-json\/wp\/v2\/posts\/49541\/revisions"}],"predecessor-version":[{"id":49543,"href":"https:\/\/www.italpassion.fr\/tr\/wp-json\/wp\/v2\/posts\/49541\/revisions\/49543"}],"wp:featuredmedia":[{"embeddable":true,"href":"https:\/\/www.italpassion.fr\/tr\/wp-json\/wp\/v2\/media\/49542"}],"wp:attachment":[{"href":"https:\/\/www.italpassion.fr\/tr\/wp-json\/wp\/v2\/media?parent=49541"}],"wp:term":[{"taxonomy":"category","embeddable":true,"href":"https:\/\/www.italpassion.fr\/tr\/wp-json\/wp\/v2\/categories?post=49541"},{"taxonomy":"post_tag","embeddable":true,"href":"https:\/\/www.italpassion.fr\/tr\/wp-json\/wp\/v2\/tags?post=49541"}],"curies":[{"name":"wp","href":"https:\/\/api.w.org\/{rel}","templated":true}]}}