{"id":49487,"date":"2026-04-30T10:05:43","date_gmt":"2026-04-30T08:05:43","guid":{"rendered":"https:\/\/www.italpassion.fr\/?p=49487"},"modified":"2026-04-30T09:38:19","modified_gmt":"2026-04-30T07:38:19","slug":"lansmanindan-2-yil-sonra-alfa-romeo-junior-si%cc%87pari%cc%87sleri%cc%87ni%cc%87-acikladi-rakamlar-alfa-hayranlarini-sasirtacak","status":"publish","type":"post","link":"https:\/\/www.italpassion.fr\/tr\/alfa-romeo\/2-ans-apres-son-lancement-alfa-romeo-devoile-les-commandes-du-junior-le-nombre-va-surprendre-les-alfistes\/","title":{"rendered":"Alfa Romeo, lansman\u0131ndan 2 y\u0131l sonra Junior'\u0131n kumandalar\u0131n\u0131 tan\u0131tt\u0131... Rakamlar Alfistileri \u015fa\u015f\u0131rtacak"},"content":{"rendered":"<figure class=\"wp-block-image size-full\"><img loading=\"lazy\" decoding=\"async\" width=\"1200\" height=\"800\" src=\"https:\/\/www.italpassion.fr\/wp-content\/uploads\/2026\/04\/alfa-romeo-milano.jpg\" alt=\"\" class=\"wp-image-49488\" srcset=\"https:\/\/www.italpassion.fr\/wp-content\/uploads\/2026\/04\/alfa-romeo-milano.jpg 1200w, https:\/\/www.italpassion.fr\/wp-content\/uploads\/2026\/04\/alfa-romeo-milano-420x280.jpg 420w, https:\/\/www.italpassion.fr\/wp-content\/uploads\/2026\/04\/alfa-romeo-milano-768x512.jpg 768w, https:\/\/www.italpassion.fr\/wp-content\/uploads\/2026\/04\/alfa-romeo-milano-18x12.jpg 18w\" sizes=\"auto, (max-width: 1200px) 100vw, 1200px\" \/><figcaption class=\"wp-element-caption\">2 y\u0131l \u00f6nce Alfa Romeo Junior'\u0131n ad\u0131 Milano'ydu.<\/figcaption><\/figure>\n\n\n\n<p>Lansman\u0131ndan iki y\u0131l sonra <a href=\"https:\/\/www.italpassion.fr\/tr\/arabalar\/alfa-romeo-junior\/\">Alfa Romeo Junior<\/a> sembolik bir d\u00f6n\u00fcm noktas\u0131na ula\u015ft\u0131. D\u00fcnya \u00e7ap\u0131nda 70.000'den fazla sipari\u015f al\u0131nd\u0131, <a href=\"https:\/\/www.italpassion.fr\/tr\/alfa-romeo\/\">Alfa Romeo<\/a> markay\u0131 yeniden ba\u015flatacak ki\u015fi i\u00e7in \u201culuslararas\u0131 bir ba\u015far\u0131ya\u201d i\u015faret ediyor. Ancak bu gurur verici rakam\u0131n ard\u0131ndaki ger\u00e7ek daha n\u00fcansl\u0131. Junior a\u00e7\u0131k\u00e7a hacim tasarrufu sa\u011flarken, hen\u00fcz Alfa Romeo'yu d\u00f6n\u00fc\u015ft\u00fcrm\u00fcyor.<\/p>\n\n\n\n<h2 class=\"wp-block-heading\">\u0130stikrarl\u0131 ilerleme...<\/h2>\n\n\n\n<p>Junior, 2024 ilkbahar\u0131ndaki lansman\u0131ndan bu yana kademeli olarak ivme kazand\u0131. Sipari\u015fler, olduk\u00e7a do\u011frusal bir y\u00f6r\u00fcnge izlemeden \u00f6nce 2024 sonbahar\u0131nda ger\u00e7ekten y\u00fckseli\u015fe ge\u00e7ti.<\/p>\n\n\n\n<p>Mart 2025'te model 27.000, birka\u00e7 g\u00fcn sonra da 30.000 sipari\u015fe ula\u015fm\u0131\u015ft\u0131. Temmuz sonunda 45.000'e yava\u015f bir t\u0131rman\u0131\u015ftan \u00f6nce 2025 yaz\u0131nda 40.000 s\u0131n\u0131r\u0131 ge\u00e7ildi. Daha sonra 60.000 sipari\u015fe ula\u015fmak i\u00e7in 2026'n\u0131n ba\u015f\u0131na kadar beklemek, ard\u0131ndan 70.000'i a\u015fmak i\u00e7in Nisan 2026'y\u0131 beklemek gerekecek.<\/p>\n\n\n\n<figure class=\"wp-block-image size-full\"><img loading=\"lazy\" decoding=\"async\" width=\"1200\" height=\"531\" src=\"https:\/\/www.italpassion.fr\/wp-content\/uploads\/2026\/04\/courbe-commandes.jpg\" alt=\"\" class=\"wp-image-49504\" srcset=\"https:\/\/www.italpassion.fr\/wp-content\/uploads\/2026\/04\/courbe-commandes.jpg 1200w, https:\/\/www.italpassion.fr\/wp-content\/uploads\/2026\/04\/courbe-commandes-420x186.jpg 420w, https:\/\/www.italpassion.fr\/wp-content\/uploads\/2026\/04\/courbe-commandes-768x340.jpg 768w, https:\/\/www.italpassion.fr\/wp-content\/uploads\/2026\/04\/courbe-commandes-18x8.jpg 18w\" sizes=\"auto, (max-width: 1200px) 100vw, 1200px\" \/><figcaption class=\"wp-element-caption\">Italpassion verileri<\/figcaption><\/figure>\n\n\n\n<p>Ba\u015fka bir deyi\u015fle, iki y\u0131l boyunca, h\u0131z net: y\u0131lda yakla\u015f\u0131k 30.000 ila 35.000 sipari\u015f. \u0130stikrarl\u0131 bir seviye, ancak b\u00fcy\u00fck bir sat\u0131\u015f fenomeni olmaktan uzak. Bu, patlayan bir best-seller'dan ziyade zaman i\u00e7inde yerle\u015fen bir modelin durumu.<\/p>\n\n\n\n<h2 class=\"wp-block-heading\">Alfa Romeo i\u00e7in vazge\u00e7ilmez hale gelen model<\/h2>\n\n\n\n<p>Ancak net olan bir \u015fey var: Junior olmadan Alfa Romeo'nun durumu \u00e7ok daha karma\u015f\u0131k olurdu. Marka 2025 y\u0131l\u0131nda toplam <a href=\"https:\/\/www.italpassion.fr\/tr\/alfa-romeo\/alfa-romeo-2025te-i%cc%87lerleme-kaydedi%cc%87yor-ancak-ayni-boyutta-kalmaya-devam-edi%cc%87yor\/\">d\u00fcnya \u00e7ap\u0131nda yakla\u015f\u0131k 73.000 sat\u0131\u015f<\/a>. Sadece Junior \u015fimdiden yakla\u015f\u0131k 60.000 sipari\u015f ald\u0131. Bug\u00fcn bile, 2026 y\u0131l\u0131nda, k\u00fc\u00e7\u00fck SUV <a href=\"https:\/\/www.italpassion.fr\/tr\/alfa-romeo\/junior-alfa-romeoyu-kurtardi-ama-tonale-yeni%cc%87den-yapilandirilmasina-ragmen-dagildi\/\">kay\u0131tlarda ezici bir \u00fcst\u00fcnl\u00fck<\/a> neredeyse t\u00fcm pazarlarda. \u0130talya, Fransa ve Almanya'da genellikle sat\u0131\u015f hacminin 60 % ila 80 %'sini olu\u015fturmaktad\u0131r. Bu ezici \u00fcst\u00fcnl\u00fck, markan\u0131n sat\u0131\u015flar\u0131n\u0131 s\u00fcrd\u00fcrmek i\u00e7in art\u0131k bu modele ne kadar ba\u011f\u0131ml\u0131 oldu\u011funu g\u00f6steriyor.<\/p>\n\n\n\n<p>Bu nedenle Junior ba\u015flang\u0131\u00e7taki rol\u00fcn\u00fc m\u00fckemmel bir \u015fekilde yerine getirir: hacim sa\u011flamak ve ani bir d\u00fc\u015f\u00fc\u015f\u00fc \u00f6nlemek.<\/p>\n\n\n\n<h2 class=\"wp-block-heading\">Uluslararas\u0131 bir ba\u015far\u0131 hikayesi yaz\u0131l\u0131yor<\/h2>\n\n\n\n<p>Alfa Romeo \u015fimdi modelin uluslararas\u0131 geni\u015flemesine odaklan\u0131yor. Santo Ficili taraf\u0131ndan onaylanan Meksika ve Singapur'daki son lansman bu stratejiyi g\u00f6stermektedir. Singapur'da, teslimatlar\u0131n 2026\u201cn\u0131n ikinci \u00e7eyre\u011finin sonuna kadar yap\u0131lmas\u0131 beklenen elektrikli versiyon vurguland\u0131. Markan\u0131n burada \u00f6zel bir \u201dDeneyim Merkezi' kurmas\u0131 bile daha k\u00fcresel bir imaj yaratma iste\u011finin kan\u0131t\u0131.<\/p>\n\n\n\n<p>Bu yeni pazarlar Junior'\u0131n sat\u0131\u015f ivmesini art\u0131rmaya yard\u0131mc\u0131 olabilir. Ancak, modelin geleneksel pazarlar\u0131nda zaten bir platoya ula\u015fm\u0131\u015f gibi g\u00f6r\u00fcnd\u00fc\u011f\u00fc \u00f6nemli bir zamanda da geliyorlar.<\/p>\n\n\n\n<h2 class=\"wp-block-heading\">Junior zaten plato \u00e7iziyor... ve art\u0131k yeterli de\u011fil<\/h2>\n\n\n\n<p>Mevcut ba\u015far\u0131m\u0131z\u0131n s\u0131n\u0131rlar\u0131 da burada yat\u0131yor. 2025'te b\u00fcy\u00fcmeyi sa\u011flad\u0131ktan sonra, <a href=\"https:\/\/www.italpassion.fr\/tr\/alfa-romeo\/junior-alfa-romeoyu-kurtardi-ama-tonale-yeni%cc%87den-yapilandirilmasina-ragmen-dagildi\/\">Junior 2026'da istikrar kazanma i\u015faretleri g\u00f6steriyor<\/a>. Bir\u00e7ok Avrupa \u00fclkesinde hacimler art\u0131k ger\u00e7ekten artm\u0131yor. Model \u015firketi bir arada tutuyor ama art\u0131k b\u00fcy\u00fcmesini sa\u011flam\u0131yor. Sorun \u015fu ki, arkas\u0131nda hi\u00e7bir \u015fey yok.<\/p>\n\n\n\n<p>Alfa Romeo Tonale, yeniden \u015fekillendirilmesine ra\u011fmen \u00e7\u00f6kt\u00fc. Alfa Romeo Giulia ve Alfa Romeo Stelvio hacim a\u00e7\u0131s\u0131ndan marjinal hale geldi. Sonu\u00e7 olarak, marka y\u0131ll\u0131k 70.000 civar\u0131nda tescil say\u0131s\u0131na tak\u0131l\u0131p kald\u0131. Sa\u011flam bir Junior ile bile Alfa Romeo k\u00f6\u015feyi d\u00f6nemiyor.<\/p>\n\n\n\n<h2 class=\"wp-block-heading\">G\u00f6receli bir ba\u015far\u0131, bir devrim de\u011fil<\/h2>\n\n\n\n<p>Peki, ba\u015far\u0131 m\u0131 ba\u015far\u0131s\u0131zl\u0131k m\u0131? Cevap ikisinin aras\u0131nda bir yerde yat\u0131yor. Evet, Alfa Romeo Junior bir ba\u015far\u0131d\u0131r. Alfa Romeo'nun sat\u0131\u015flar\u0131n\u0131 dengelemesini, m\u00fc\u015fteri taban\u0131n\u0131 geni\u015fletmesini ve belirli pazarlara geri d\u00f6nmesini sa\u011flad\u0131. Markan\u0131n son modellerinden \u00e7ok az\u0131 bu kadar\u0131n\u0131 s\u00f6yleyebilir.<\/p>\n\n\n\n<p>Ama hay\u0131r, bu d\u00f6n\u00fc\u015ft\u00fcr\u00fcc\u00fc bir ba\u015far\u0131 de\u011fil. Y\u0131lda yakla\u015f\u0131k 30.000 sipari\u015fle, ger\u00e7ek bir k\u00fcresel \u00e7ok satanlar standard\u0131ndan hala \u00e7ok uzak. Hepsinden \u00f6nemlisi, serinin geri kalan\u0131n\u0131n zay\u0131fl\u0131\u011f\u0131n\u0131 telafi etmek i\u00e7in yeterli de\u011fildi. \u0130ki y\u0131l sonra, \u015fu a\u00e7\u0131k: Junior Alfa Romeo'yu kurtard\u0131... ama canland\u0131ramad\u0131.<\/p>\n\n\n\n<p>Ve 2027 veya 2028'den \u00f6nce herhangi bir \u00f6nemli yeni model olmadan, \u0130talyan markas\u0131 kontroll\u00fc hayatta kalma ile ger\u00e7ek bir r\u00f6nesans aras\u0131nda uzun bir s\u00fcre bu gri alanda kalabilir. <\/p>\n\n\n\n<p>Kay\u0131tlara ge\u00e7mesi i\u00e7in, i\u015fte 2 y\u0131l \u00f6nce Alfa Romeo Junior'\u0131n Milano olarak adland\u0131r\u0131ld\u0131\u011f\u0131 zamanki tan\u0131t\u0131m videomuz!<\/p>\n\n\n\n<figure class=\"wp-block-embed is-type-video is-provider-youtube wp-block-embed-youtube wp-embed-aspect-16-9 wp-has-aspect-ratio\"><div class=\"wp-block-embed__wrapper\">\n<iframe loading=\"lazy\" title=\"Alfa Romeo Milano: d\u0131\u015f ve i\u00e7 mekan tan\u0131t\u0131m\u0131\" width=\"1200\" height=\"675\" src=\"https:\/\/www.youtube-nocookie.com\/embed\/bTHZ05vYU-M?feature=oembed\" frameborder=\"0\" allow=\"accelerometer; autoplay; clipboard-write; encrypted-media; gyroscope; picture-in-picture; web-share\" referrerpolicy=\"strict-origin-when-cross-origin\" allowfullscreen><\/iframe>\n<\/div><\/figure>","protected":false},"excerpt":{"rendered":"","protected":false},"author":1,"featured_media":49488,"comment_status":"open","ping_status":"open","sticky":false,"template":"","format":"standard","meta":{"_acf_changed":false,"_sitemap_exclude":false,"_sitemap_priority":"","_sitemap_frequency":"","footnotes":""},"categories":[22],"tags":[403],"class_list":["post-49487","post","type-post","status-publish","format-standard","has-post-thumbnail","hentry","category-alfa-romeo","tag-alfa-romeo-junior","generate-columns","tablet-grid-50","mobile-grid-100","grid-parent","grid-33"],"acf":[],"yoast_head":"<!-- This site is optimized with the Yoast SEO plugin v25.8 - https:\/\/yoast.com\/wordpress\/plugins\/seo\/ -->\n<title>2 ans apr\u00e8s son lancement, Alfa Romeo d\u00e9voile les commandes du Junior\u2026 le nombre va surprendre les Alfistes - ItalPassion<\/title>\n<meta name=\"description\" content=\"Il y a 2 ans, quand l&#039;Alfa Romeo Junior s&#039;appellait Milano. Deux ans apr\u00e8s son lancement, le Alfa Romeo Junior franchit un cap symbolique. Avec plus de 70\" \/>\n<meta name=\"robots\" content=\"index, follow, max-snippet:-1, max-image-preview:large, max-video-preview:-1\" \/>\n<link rel=\"canonical\" href=\"https:\/\/www.italpassion.fr\/tr\/alfa-romeo\/lansmanindan-2-yil-sonra-alfa-romeo-junior-si\u0307pari\u0307sleri\u0307ni\u0307-acikladi-rakamlar-alfa-hayranlarini-sasirtacak\/\" \/>\n<meta property=\"og:locale\" content=\"tr_TR\" \/>\n<meta property=\"og:type\" content=\"article\" \/>\n<meta property=\"og:title\" content=\"2 ans apr\u00e8s son lancement, Alfa Romeo d\u00e9voile les commandes du Junior\u2026 le nombre va surprendre les Alfistes - ItalPassion\" \/>\n<meta property=\"og:description\" content=\"Il y a 2 ans, quand l&#039;Alfa Romeo Junior s&#039;appellait Milano. Deux ans apr\u00e8s son lancement, le Alfa Romeo Junior franchit un cap symbolique. Avec plus de 70\" \/>\n<meta property=\"og:url\" content=\"https:\/\/www.italpassion.fr\/tr\/alfa-romeo\/lansmanindan-2-yil-sonra-alfa-romeo-junior-si\u0307pari\u0307sleri\u0307ni\u0307-acikladi-rakamlar-alfa-hayranlarini-sasirtacak\/\" \/>\n<meta property=\"og:site_name\" content=\"ItalPassion\" \/>\n<meta property=\"article:publisher\" content=\"https:\/\/www.facebook.com\/italpassion\" \/>\n<meta property=\"article:published_time\" content=\"2026-04-30T08:05:43+00:00\" \/>\n<meta property=\"og:image\" content=\"https:\/\/www.italpassion.fr\/wp-content\/uploads\/2026\/04\/alfa-romeo-milano.jpg\" \/>\n\t<meta property=\"og:image:width\" content=\"1200\" \/>\n\t<meta property=\"og:image:height\" content=\"800\" \/>\n\t<meta property=\"og:image:type\" content=\"image\/jpeg\" \/>\n<meta name=\"author\" content=\"Alexandre Filluzeau\" \/>\n<meta name=\"twitter:card\" content=\"summary_large_image\" \/>\n<meta name=\"twitter:creator\" content=\"@italpassion\" \/>\n<meta name=\"twitter:site\" content=\"@italpassion\" \/>\n<script type=\"application\/ld+json\" class=\"yoast-schema-graph\">{\"@context\":\"https:\/\/schema.org\",\"@graph\":[{\"@type\":\"NewsArticle\",\"@id\":\"https:\/\/www.italpassion.fr\/tr\/alfa-romeo\/2-ans-apres-son-lancement-alfa-romeo-devoile-les-commandes-du-junior-le-nombre-va-surprendre-les-alfistes\/#article\",\"isPartOf\":{\"@id\":\"https:\/\/www.italpassion.fr\/tr\/alfa-romeo\/2-ans-apres-son-lancement-alfa-romeo-devoile-les-commandes-du-junior-le-nombre-va-surprendre-les-alfistes\/\"},\"author\":{\"name\":\"Alexandre Filluzeau\",\"@id\":\"https:\/\/www.italpassion.fr\/tr\/#\/schema\/person\/36f747b2a759ca202d847e85a9434ca0\"},\"headline\":\"2 ans apr\u00e8s son lancement, Alfa Romeo d\u00e9voile les commandes du Junior\u2026 le nombre va surprendre les Alfistes\",\"datePublished\":\"2026-04-30T08:05:43+00:00\",\"mainEntityOfPage\":{\"@id\":\"https:\/\/www.italpassion.fr\/tr\/alfa-romeo\/2-ans-apres-son-lancement-alfa-romeo-devoile-les-commandes-du-junior-le-nombre-va-surprendre-les-alfistes\/\"},\"wordCount\":765,\"commentCount\":0,\"publisher\":{\"@id\":\"https:\/\/www.italpassion.fr\/tr\/#organization\"},\"image\":{\"@id\":\"https:\/\/www.italpassion.fr\/tr\/alfa-romeo\/2-ans-apres-son-lancement-alfa-romeo-devoile-les-commandes-du-junior-le-nombre-va-surprendre-les-alfistes\/#primaryimage\"},\"thumbnailUrl\":\"https:\/\/www.italpassion.fr\/wp-content\/uploads\/2026\/04\/alfa-romeo-milano.jpg\",\"keywords\":[\"Alfa Romeo Junior\"],\"articleSection\":[\"Alfa Romeo\"],\"inLanguage\":\"tr\",\"potentialAction\":[{\"@type\":\"CommentAction\",\"name\":\"Comment\",\"target\":[\"https:\/\/www.italpassion.fr\/tr\/alfa-romeo\/2-ans-apres-son-lancement-alfa-romeo-devoile-les-commandes-du-junior-le-nombre-va-surprendre-les-alfistes\/#respond\"]}]},{\"@type\":\"WebPage\",\"@id\":\"https:\/\/www.italpassion.fr\/tr\/alfa-romeo\/2-ans-apres-son-lancement-alfa-romeo-devoile-les-commandes-du-junior-le-nombre-va-surprendre-les-alfistes\/\",\"url\":\"https:\/\/www.italpassion.fr\/tr\/alfa-romeo\/2-ans-apres-son-lancement-alfa-romeo-devoile-les-commandes-du-junior-le-nombre-va-surprendre-les-alfistes\/\",\"name\":\"2 ans apr\u00e8s son lancement, Alfa Romeo d\u00e9voile les commandes du Junior\u2026 le nombre va surprendre les Alfistes - ItalPassion\",\"isPartOf\":{\"@id\":\"https:\/\/www.italpassion.fr\/tr\/#website\"},\"primaryImageOfPage\":{\"@id\":\"https:\/\/www.italpassion.fr\/tr\/alfa-romeo\/2-ans-apres-son-lancement-alfa-romeo-devoile-les-commandes-du-junior-le-nombre-va-surprendre-les-alfistes\/#primaryimage\"},\"image\":{\"@id\":\"https:\/\/www.italpassion.fr\/tr\/alfa-romeo\/2-ans-apres-son-lancement-alfa-romeo-devoile-les-commandes-du-junior-le-nombre-va-surprendre-les-alfistes\/#primaryimage\"},\"thumbnailUrl\":\"https:\/\/www.italpassion.fr\/wp-content\/uploads\/2026\/04\/alfa-romeo-milano.jpg\",\"datePublished\":\"2026-04-30T08:05:43+00:00\",\"description\":\"Il y a 2 ans, quand l'Alfa Romeo Junior s'appellait Milano. Deux ans apr\u00e8s son lancement, le Alfa Romeo Junior franchit un cap symbolique. Avec plus de 70\",\"breadcrumb\":{\"@id\":\"https:\/\/www.italpassion.fr\/tr\/alfa-romeo\/2-ans-apres-son-lancement-alfa-romeo-devoile-les-commandes-du-junior-le-nombre-va-surprendre-les-alfistes\/#breadcrumb\"},\"inLanguage\":\"tr\",\"potentialAction\":[{\"@type\":\"ReadAction\",\"target\":[\"https:\/\/www.italpassion.fr\/tr\/alfa-romeo\/2-ans-apres-son-lancement-alfa-romeo-devoile-les-commandes-du-junior-le-nombre-va-surprendre-les-alfistes\/\"]}]},{\"@type\":\"ImageObject\",\"inLanguage\":\"tr\",\"@id\":\"https:\/\/www.italpassion.fr\/tr\/alfa-romeo\/2-ans-apres-son-lancement-alfa-romeo-devoile-les-commandes-du-junior-le-nombre-va-surprendre-les-alfistes\/#primaryimage\",\"url\":\"https:\/\/www.italpassion.fr\/wp-content\/uploads\/2026\/04\/alfa-romeo-milano.jpg\",\"contentUrl\":\"https:\/\/www.italpassion.fr\/wp-content\/uploads\/2026\/04\/alfa-romeo-milano.jpg\",\"width\":1200,\"height\":800},{\"@type\":\"BreadcrumbList\",\"@id\":\"https:\/\/www.italpassion.fr\/tr\/alfa-romeo\/2-ans-apres-son-lancement-alfa-romeo-devoile-les-commandes-du-junior-le-nombre-va-surprendre-les-alfistes\/#breadcrumb\",\"itemListElement\":[{\"@type\":\"ListItem\",\"position\":1,\"name\":\"Accueil\",\"item\":\"https:\/\/www.italpassion.fr\/tr\/\"},{\"@type\":\"ListItem\",\"position\":2,\"name\":\"2 ans apr\u00e8s son lancement, Alfa Romeo d\u00e9voile les commandes du Junior\u2026 le nombre va surprendre les Alfistes\"}]},{\"@type\":\"WebSite\",\"@id\":\"https:\/\/www.italpassion.fr\/tr\/#website\",\"url\":\"https:\/\/www.italpassion.fr\/tr\/\",\"name\":\"ItalPassion\",\"description\":\"Les Passionn\u00e9s d&#039;Automobiles Italiennes\",\"publisher\":{\"@id\":\"https:\/\/www.italpassion.fr\/tr\/#organization\"},\"potentialAction\":[{\"@type\":\"SearchAction\",\"target\":{\"@type\":\"EntryPoint\",\"urlTemplate\":\"https:\/\/www.italpassion.fr\/tr\/?s={search_term_string}\"},\"query-input\":{\"@type\":\"PropertyValueSpecification\",\"valueRequired\":true,\"valueName\":\"search_term_string\"}}],\"inLanguage\":\"tr\"},{\"@type\":\"Organization\",\"@id\":\"https:\/\/www.italpassion.fr\/tr\/#organization\",\"name\":\"Italpassion\",\"url\":\"https:\/\/www.italpassion.fr\/tr\/\",\"logo\":{\"@type\":\"ImageObject\",\"inLanguage\":\"tr\",\"@id\":\"https:\/\/www.italpassion.fr\/tr\/#\/schema\/logo\/image\/\",\"url\":\"https:\/\/www.italpassion.fr\/wp-content\/uploads\/2023\/07\/italpassion-yoast.jpg\",\"contentUrl\":\"https:\/\/www.italpassion.fr\/wp-content\/uploads\/2023\/07\/italpassion-yoast.jpg\",\"width\":696,\"height\":696,\"caption\":\"Italpassion\"},\"image\":{\"@id\":\"https:\/\/www.italpassion.fr\/tr\/#\/schema\/logo\/image\/\"},\"sameAs\":[\"https:\/\/www.facebook.com\/italpassion\",\"https:\/\/x.com\/italpassion\",\"https:\/\/www.instagram.com\/italpassionfr\/\",\"https:\/\/www.youtube.com\/channel\/UCleq-ByQaA42OjhopwevRjQ\",\"https:\/\/www.facebook.com\/italpassion.en\/\",\"https:\/\/www.facebook.com\/italpassion.it\/\",\"https:\/\/www.facebook.com\/italpassion.de\/\",\"https:\/\/www.facebook.com\/italpassion.ja\/\"]},{\"@type\":\"Person\",\"@id\":\"https:\/\/www.italpassion.fr\/tr\/#\/schema\/person\/36f747b2a759ca202d847e85a9434ca0\",\"name\":\"Alexandre Filluzeau\",\"image\":{\"@type\":\"ImageObject\",\"inLanguage\":\"tr\",\"@id\":\"https:\/\/www.italpassion.fr\/tr\/#\/schema\/person\/image\/\",\"url\":\"https:\/\/www.italpassion.fr\/wp-content\/uploads\/2025\/04\/avatar-alexandre-160x160.jpg\",\"contentUrl\":\"https:\/\/www.italpassion.fr\/wp-content\/uploads\/2025\/04\/avatar-alexandre-160x160.jpg\",\"caption\":\"Alexandre Filluzeau\"},\"description\":\"Fondateur du site ItalPassion, passionn\u00e9 de voitures italiennes et de l'Italie en g\u00e9n\u00e9ral. J'apporte un regard critique et technique aux actualit\u00e9s des marques italiennes quand cela est possible. Propri\u00e9taire d'une Maserati GranTurismo, Alfa Romeo MiTo, Lancia Fulvia et Ducati 695. Ex-propri\u00e9taire d'une Alfa Romeo Giulia.\",\"sameAs\":[\"https:\/\/www.italpassion.fr\/\"],\"url\":\"https:\/\/www.italpassion.fr\/tr\/author\/alexandre\/\"}]}<\/script>\n<!-- \/ Yoast SEO plugin. -->","yoast_head_json":{"title":"Alfa Romeo, lansman\u0131ndan 2 y\u0131l sonra Junior'\u0131n kontrollerini tan\u0131tt\u0131... rakamlar Alfisti'yi \u015fa\u015f\u0131rtacak - ItalPassion","description":"2 y\u0131l \u00f6nce Alfa Romeo Junior'a Milano ad\u0131 verildi\u011finde. Alfa Romeo Junior, lansman\u0131ndan iki y\u0131l sonra sembolik bir kilometre ta\u015f\u0131na ula\u015ft\u0131. 70'in \u00fczerinde","robots":{"index":"index","follow":"follow","max-snippet":"max-snippet:-1","max-image-preview":"max-image-preview:large","max-video-preview":"max-video-preview:-1"},"canonical":"https:\/\/www.italpassion.fr\/tr\/alfa-romeo\/lansmanindan-2-yil-sonra-alfa-romeo-junior-si\u0307pari\u0307sleri\u0307ni\u0307-acikladi-rakamlar-alfa-hayranlarini-sasirtacak\/","og_locale":"tr_TR","og_type":"article","og_title":"2 ans apr\u00e8s son lancement, Alfa Romeo d\u00e9voile les commandes du Junior\u2026 le nombre va surprendre les Alfistes - ItalPassion","og_description":"Il y a 2 ans, quand l'Alfa Romeo Junior s'appellait Milano. Deux ans apr\u00e8s son lancement, le Alfa Romeo Junior franchit un cap symbolique. Avec plus de 70","og_url":"https:\/\/www.italpassion.fr\/tr\/alfa-romeo\/lansmanindan-2-yil-sonra-alfa-romeo-junior-si\u0307pari\u0307sleri\u0307ni\u0307-acikladi-rakamlar-alfa-hayranlarini-sasirtacak\/","og_site_name":"ItalPassion","article_publisher":"https:\/\/www.facebook.com\/italpassion","article_published_time":"2026-04-30T08:05:43+00:00","og_image":[{"width":1200,"height":800,"url":"https:\/\/www.italpassion.fr\/wp-content\/uploads\/2026\/04\/alfa-romeo-milano.jpg","type":"image\/jpeg"}],"author":"Alexandre Filluzeau","twitter_card":"summary_large_image","twitter_creator":"@italpassion","twitter_site":"@italpassion","schema":{"@context":"https:\/\/schema.org","@graph":[{"@type":"NewsArticle","@id":"https:\/\/www.italpassion.fr\/tr\/alfa-romeo\/2-ans-apres-son-lancement-alfa-romeo-devoile-les-commandes-du-junior-le-nombre-va-surprendre-les-alfistes\/#article","isPartOf":{"@id":"https:\/\/www.italpassion.fr\/tr\/alfa-romeo\/2-ans-apres-son-lancement-alfa-romeo-devoile-les-commandes-du-junior-le-nombre-va-surprendre-les-alfistes\/"},"author":{"name":"Alexandre Filluzeau","@id":"https:\/\/www.italpassion.fr\/tr\/#\/schema\/person\/36f747b2a759ca202d847e85a9434ca0"},"headline":"2 ans apr\u00e8s son lancement, Alfa Romeo d\u00e9voile les commandes du Junior\u2026 le nombre va surprendre les Alfistes","datePublished":"2026-04-30T08:05:43+00:00","mainEntityOfPage":{"@id":"https:\/\/www.italpassion.fr\/tr\/alfa-romeo\/2-ans-apres-son-lancement-alfa-romeo-devoile-les-commandes-du-junior-le-nombre-va-surprendre-les-alfistes\/"},"wordCount":765,"commentCount":0,"publisher":{"@id":"https:\/\/www.italpassion.fr\/tr\/#organization"},"image":{"@id":"https:\/\/www.italpassion.fr\/tr\/alfa-romeo\/2-ans-apres-son-lancement-alfa-romeo-devoile-les-commandes-du-junior-le-nombre-va-surprendre-les-alfistes\/#primaryimage"},"thumbnailUrl":"https:\/\/www.italpassion.fr\/wp-content\/uploads\/2026\/04\/alfa-romeo-milano.jpg","keywords":["Alfa Romeo Junior"],"articleSection":["Alfa Romeo"],"inLanguage":"tr","potentialAction":[{"@type":"CommentAction","name":"Comment","target":["https:\/\/www.italpassion.fr\/tr\/alfa-romeo\/2-ans-apres-son-lancement-alfa-romeo-devoile-les-commandes-du-junior-le-nombre-va-surprendre-les-alfistes\/#respond"]}]},{"@type":"WebPage","@id":"https:\/\/www.italpassion.fr\/tr\/alfa-romeo\/2-ans-apres-son-lancement-alfa-romeo-devoile-les-commandes-du-junior-le-nombre-va-surprendre-les-alfistes\/","url":"https:\/\/www.italpassion.fr\/tr\/alfa-romeo\/2-ans-apres-son-lancement-alfa-romeo-devoile-les-commandes-du-junior-le-nombre-va-surprendre-les-alfistes\/","name":"Alfa Romeo, lansman\u0131ndan 2 y\u0131l sonra Junior'\u0131n kontrollerini tan\u0131tt\u0131... rakamlar Alfisti'yi \u015fa\u015f\u0131rtacak - ItalPassion","isPartOf":{"@id":"https:\/\/www.italpassion.fr\/tr\/#website"},"primaryImageOfPage":{"@id":"https:\/\/www.italpassion.fr\/tr\/alfa-romeo\/2-ans-apres-son-lancement-alfa-romeo-devoile-les-commandes-du-junior-le-nombre-va-surprendre-les-alfistes\/#primaryimage"},"image":{"@id":"https:\/\/www.italpassion.fr\/tr\/alfa-romeo\/2-ans-apres-son-lancement-alfa-romeo-devoile-les-commandes-du-junior-le-nombre-va-surprendre-les-alfistes\/#primaryimage"},"thumbnailUrl":"https:\/\/www.italpassion.fr\/wp-content\/uploads\/2026\/04\/alfa-romeo-milano.jpg","datePublished":"2026-04-30T08:05:43+00:00","description":"2 y\u0131l \u00f6nce Alfa Romeo Junior'a Milano ad\u0131 verildi\u011finde. Alfa Romeo Junior, lansman\u0131ndan iki y\u0131l sonra sembolik bir kilometre ta\u015f\u0131na ula\u015ft\u0131. 70'in \u00fczerinde","breadcrumb":{"@id":"https:\/\/www.italpassion.fr\/tr\/alfa-romeo\/2-ans-apres-son-lancement-alfa-romeo-devoile-les-commandes-du-junior-le-nombre-va-surprendre-les-alfistes\/#breadcrumb"},"inLanguage":"tr","potentialAction":[{"@type":"ReadAction","target":["https:\/\/www.italpassion.fr\/tr\/alfa-romeo\/2-ans-apres-son-lancement-alfa-romeo-devoile-les-commandes-du-junior-le-nombre-va-surprendre-les-alfistes\/"]}]},{"@type":"ImageObject","inLanguage":"tr","@id":"https:\/\/www.italpassion.fr\/tr\/alfa-romeo\/2-ans-apres-son-lancement-alfa-romeo-devoile-les-commandes-du-junior-le-nombre-va-surprendre-les-alfistes\/#primaryimage","url":"https:\/\/www.italpassion.fr\/wp-content\/uploads\/2026\/04\/alfa-romeo-milano.jpg","contentUrl":"https:\/\/www.italpassion.fr\/wp-content\/uploads\/2026\/04\/alfa-romeo-milano.jpg","width":1200,"height":800},{"@type":"BreadcrumbList","@id":"https:\/\/www.italpassion.fr\/tr\/alfa-romeo\/2-ans-apres-son-lancement-alfa-romeo-devoile-les-commandes-du-junior-le-nombre-va-surprendre-les-alfistes\/#breadcrumb","itemListElement":[{"@type":"ListItem","position":1,"name":"Accueil","item":"https:\/\/www.italpassion.fr\/tr\/"},{"@type":"ListItem","position":2,"name":"2 ans apr\u00e8s son lancement, Alfa Romeo d\u00e9voile les commandes du Junior\u2026 le nombre va surprendre les Alfistes"}]},{"@type":"WebSite","@id":"https:\/\/www.italpassion.fr\/tr\/#website","url":"https:\/\/www.italpassion.fr\/tr\/","name":"ItalPassion","description":"\u0130talyan Araba Merakl\u0131lar\u0131","publisher":{"@id":"https:\/\/www.italpassion.fr\/tr\/#organization"},"potentialAction":[{"@type":"SearchAction","target":{"@type":"EntryPoint","urlTemplate":"https:\/\/www.italpassion.fr\/tr\/?s={search_term_string}"},"query-input":{"@type":"PropertyValueSpecification","valueRequired":true,"valueName":"search_term_string"}}],"inLanguage":"tr"},{"@type":"Organization","@id":"https:\/\/www.italpassion.fr\/tr\/#organization","name":"Italpassion","url":"https:\/\/www.italpassion.fr\/tr\/","logo":{"@type":"ImageObject","inLanguage":"tr","@id":"https:\/\/www.italpassion.fr\/tr\/#\/schema\/logo\/image\/","url":"https:\/\/www.italpassion.fr\/wp-content\/uploads\/2023\/07\/italpassion-yoast.jpg","contentUrl":"https:\/\/www.italpassion.fr\/wp-content\/uploads\/2023\/07\/italpassion-yoast.jpg","width":696,"height":696,"caption":"Italpassion"},"image":{"@id":"https:\/\/www.italpassion.fr\/tr\/#\/schema\/logo\/image\/"},"sameAs":["https:\/\/www.facebook.com\/italpassion","https:\/\/x.com\/italpassion","https:\/\/www.instagram.com\/italpassionfr\/","https:\/\/www.youtube.com\/channel\/UCleq-ByQaA42OjhopwevRjQ","https:\/\/www.facebook.com\/italpassion.en\/","https:\/\/www.facebook.com\/italpassion.it\/","https:\/\/www.facebook.com\/italpassion.de\/","https:\/\/www.facebook.com\/italpassion.ja\/"]},{"@type":"Person","@id":"https:\/\/www.italpassion.fr\/tr\/#\/schema\/person\/36f747b2a759ca202d847e85a9434ca0","name":"Alexandre Filluzeau","image":{"@type":"ImageObject","inLanguage":"tr","@id":"https:\/\/www.italpassion.fr\/tr\/#\/schema\/person\/image\/","url":"https:\/\/www.italpassion.fr\/wp-content\/uploads\/2025\/04\/avatar-alexandre-160x160.jpg","contentUrl":"https:\/\/www.italpassion.fr\/wp-content\/uploads\/2025\/04\/avatar-alexandre-160x160.jpg","caption":"Alexandre Filluzeau"},"description":"ItalPassion web sitesinin kurucusu, \u0130talyan otomobilleri ve genel olarak \u0130talya hakk\u0131nda tutkulu. M\u00fcmk\u00fcn oldu\u011funca \u0130talyan markalar\u0131n\u0131n haberlerine ele\u015ftirel ve teknik bir g\u00f6z getiriyorum. Maserati GranTurismo, Alfa Romeo MiTo, Lancia Fulvia ve Ducati 695 sahibiyim. Alfa Romeo Giulia'n\u0131n eski sahibi.","sameAs":["https:\/\/www.italpassion.fr\/"],"url":"https:\/\/www.italpassion.fr\/tr\/author\/alexandre\/"}]}},"_links":{"self":[{"href":"https:\/\/www.italpassion.fr\/tr\/wp-json\/wp\/v2\/posts\/49487","targetHints":{"allow":["GET"]}}],"collection":[{"href":"https:\/\/www.italpassion.fr\/tr\/wp-json\/wp\/v2\/posts"}],"about":[{"href":"https:\/\/www.italpassion.fr\/tr\/wp-json\/wp\/v2\/types\/post"}],"author":[{"embeddable":true,"href":"https:\/\/www.italpassion.fr\/tr\/wp-json\/wp\/v2\/users\/1"}],"replies":[{"embeddable":true,"href":"https:\/\/www.italpassion.fr\/tr\/wp-json\/wp\/v2\/comments?post=49487"}],"version-history":[{"count":3,"href":"https:\/\/www.italpassion.fr\/tr\/wp-json\/wp\/v2\/posts\/49487\/revisions"}],"predecessor-version":[{"id":49505,"href":"https:\/\/www.italpassion.fr\/tr\/wp-json\/wp\/v2\/posts\/49487\/revisions\/49505"}],"wp:featuredmedia":[{"embeddable":true,"href":"https:\/\/www.italpassion.fr\/tr\/wp-json\/wp\/v2\/media\/49488"}],"wp:attachment":[{"href":"https:\/\/www.italpassion.fr\/tr\/wp-json\/wp\/v2\/media?parent=49487"}],"wp:term":[{"taxonomy":"category","embeddable":true,"href":"https:\/\/www.italpassion.fr\/tr\/wp-json\/wp\/v2\/categories?post=49487"},{"taxonomy":"post_tag","embeddable":true,"href":"https:\/\/www.italpassion.fr\/tr\/wp-json\/wp\/v2\/tags?post=49487"}],"curies":[{"name":"wp","href":"https:\/\/api.w.org\/{rel}","templated":true}]}}