{"id":49460,"date":"2026-04-29T11:44:26","date_gmt":"2026-04-29T09:44:26","guid":{"rendered":"https:\/\/www.italpassion.fr\/?p=49460"},"modified":"2026-04-29T10:12:11","modified_gmt":"2026-04-29T08:12:11","slug":"bi%cc%87ze-saldirmayi-aliskanlik-hali%cc%87ne-geti%cc%87renler-i%cc%87ci%cc%87n-maserati%cc%87-aleyhi%cc%87ndeki%cc%87lere-kirici-bi%cc%87r-mesaj-gonderdi%cc%87","status":"publish","type":"post","link":"https:\/\/www.italpassion.fr\/tr\/maserati\/pour-ceux-qui-ont-lhabitude-de-nous-attaquer-maserati-envoie-un-message-offensif-a-ses-detracteurs\/","title":{"rendered":"\u00abBize sald\u0131rmay\u0131 al\u0131\u015fkanl\u0131k haline getirenler i\u00e7in\u00bb: Maserati, kendisini k\u00f6t\u00fcleyenlere sald\u0131rgan bir mesaj g\u00f6nderdi"},"content":{"rendered":"<figure class=\"wp-block-image size-full\"><img loading=\"lazy\" decoding=\"async\" width=\"1200\" height=\"800\" src=\"https:\/\/www.italpassion.fr\/wp-content\/uploads\/2026\/04\/cristiano-maserati.jpg\" alt=\"\" class=\"wp-image-49463\" srcset=\"https:\/\/www.italpassion.fr\/wp-content\/uploads\/2026\/04\/cristiano-maserati.jpg 1200w, https:\/\/www.italpassion.fr\/wp-content\/uploads\/2026\/04\/cristiano-maserati-420x280.jpg 420w, https:\/\/www.italpassion.fr\/wp-content\/uploads\/2026\/04\/cristiano-maserati-768x512.jpg 768w, https:\/\/www.italpassion.fr\/wp-content\/uploads\/2026\/04\/cristiano-maserati-18x12.jpg 18w\" sizes=\"auto, (max-width: 1200px) 100vw, 1200px\" \/><\/figure>\n\n\n\n<p>G\u00f6rmek nadirdir <a href=\"https:\/\/www.italpassion.fr\/tr\/maserati\/\">Maserat<\/a>Ele\u015ftirilere do\u011frudan yan\u0131t veriyorum. Yine de, son aylarda Trident markas\u0131 bir dizi soruyla kar\u015f\u0131 kar\u015f\u0131ya: belirsiz bir strateji, d\u00fc\u015fen hacimler, l\u00fcks sekt\u00f6rde karma\u015f\u0131k bir yeniden konumland\u0131rma... t\u00fcm bunlar tart\u0131\u015fmay\u0131 k\u00f6r\u00fckleyen konular.<\/p>\n\n\n\n<p>\u0130\u015fte Cristiano Fiorio bu ortamda ortaya \u00e7\u0131kt\u0131, <a href=\"https:\/\/www.italpassion.fr\/tr\/alfa-romeo\/dalfa-romeonun-yeni%cc%87-ceosu-33-stradaleden-sorumlu-ki%cc%87si%cc%87yi%cc%87-marka-i%cc%87leti%cc%87si%cc%87mi%cc%87-baskani-olarak-atadi\/\">k\u0131sa s\u00fcre \u00f6nce atanan Pazarlama Direkt\u00f6r\u00fc<\/a>, konu\u015fmay\u0131 se\u00e7ti. Ses tonu da a\u00e7\u0131k: marka art\u0131k buna katlanmaya haz\u0131r de\u011fil.<\/p>\n\n\n\n<p>Modena'daki k\u00fcresel ekipler toplant\u0131s\u0131n\u0131n ard\u0131ndan yay\u0131nlad\u0131\u011f\u0131 uzun mesajda, vizyonlar\u0131, fikirleri ve her \u015feyden \u00f6nce ortak bir y\u00f6n\u00fc hizalamak i\u00e7in tasarlanan, markan\u0131n gelece\u011fi i\u00e7in \u00f6nemli bir andan bahsetti. Ancak klasik kurumsal konu\u015fman\u0131n \u00f6tesinde, \u00f6zellikle dikkatimizi \u00e7eken bir c\u00fcmle vard\u0131:<br>\u00abBize sald\u0131rmaya al\u0131\u015fk\u0131n olanlar i\u00e7in, sizi olumlu tavr\u0131m\u0131zla, direncimizle... ve hepsinden \u00f6nemlisi sundu\u011fumuz sonu\u00e7larla sele bo\u011faca\u011f\u0131z.\u00bb \u0130talyan \u00fcreticinin genellikle \u00f6l\u00e7\u00fcl\u00fc ileti\u015fimiyle tezat olu\u015fturan neredeyse sald\u0131rgan bir mesaj.<\/p>\n\n\n\n<h2 class=\"wp-block-heading\">G\u00fcven ve tutarl\u0131l\u0131\u011f\u0131 yeniden in\u015fa etmek isteyen bir marka<\/h2>\n\n\n\n<p>Bu a\u00e7\u0131klaman\u0131n ard\u0131nda Maserati'yi \u00e7evreleyen anlat\u0131n\u0131n kontrol\u00fcn\u00fc yeniden ele ge\u00e7irme arzusu yat\u0131yor. Cristiano Fiorio birka\u00e7 s\u00fctun \u00fczerinde \u0131srar ediyor: g\u00fcven, tutarl\u0131l\u0131k ve uygunluk. Giderek artan rekabet ortam\u0131nda kendini yeniden konumland\u0131rmak isteyen premium bir marka i\u00e7in \u00fc\u00e7 temel unsur.<\/p>\n\n\n\n<p>Zorluklar\u0131 hemen kabul ediyor: \u00abYol boyunca zorluklar ve engeller var\u00bb. Ancak ona g\u00f6re bug\u00fcn al\u0131nan olumlu geri bildirimler ele\u015ftirilerden daha \u00f6nemli. Bu, daha iyimser bir i\u00e7 dinami\u011fi onaylarken mevcut gerilimleri bir perspektife oturtman\u0131n bir yolu.<\/p>\n\n\n\n<figure class=\"wp-block-image size-full\"><img loading=\"lazy\" decoding=\"async\" width=\"1200\" height=\"800\" src=\"https:\/\/www.italpassion.fr\/wp-content\/uploads\/2026\/04\/santo-ficili.jpg\" alt=\"\" class=\"wp-image-49462\" srcset=\"https:\/\/www.italpassion.fr\/wp-content\/uploads\/2026\/04\/santo-ficili.jpg 1200w, https:\/\/www.italpassion.fr\/wp-content\/uploads\/2026\/04\/santo-ficili-420x280.jpg 420w, https:\/\/www.italpassion.fr\/wp-content\/uploads\/2026\/04\/santo-ficili-768x512.jpg 768w, https:\/\/www.italpassion.fr\/wp-content\/uploads\/2026\/04\/santo-ficili-18x12.jpg 18w\" sizes=\"auto, (max-width: 1200px) 100vw, 1200px\" \/><figcaption class=\"wp-element-caption\">Santo Ficili - Maserati COO'su<\/figcaption><\/figure>\n\n\n\n<p>Bu mesaj ayn\u0131 zamanda \u015firket i\u00e7i bir mesajd\u0131r: ekipleri g\u00fc\u00e7l\u00fc bir aidiyet duygusu etraf\u0131nda birle\u015ftirmek. Maserati'nin COO'su Santo Ficili, konu\u015fmas\u0131n\u0131 temel bir mesajla tamamlad\u0131: g\u00fcven, s\u0131k\u0131 \u00e7al\u0131\u015fma ve tak\u0131m ruhu ile kal\u0131c\u0131 bir b\u00fct\u00fcnl\u00fck olu\u015fturmak. Bu felsefe \u015firket i\u00e7i bir sloganla \u00f6zetleniyor: \u00abBiz Maserati'yiz\u00bb.<\/p>\n\n\n\n<h2 class=\"wp-block-heading\">\u00dc\u00e7 Di\u015fli M\u0131zrak, bir miras\u0131n sembol\u00fc... ve bir sorumlulu\u011fun<\/h2>\n\n\n\n<p>Cristiano Fiorio daha sonra daha sembolik, neredeyse tarihi bir ton benimsiyor. Markan\u0131n en sembolik unsurlar\u0131ndan birine geri d\u00f6n\u00fcyor: \u00dc\u00e7 Di\u015fli M\u0131zrak. 1926 y\u0131l\u0131nda Targa Florio'ya kat\u0131lan Maserati Tipo 26'n\u0131n \u00fczerinde do\u011fan bu sembol hi\u00e7bir zaman basit bir estetik unsur olarak tasarlanmad\u0131. Ba\u015f\u0131ndan beri rekabet, performans ve zaferi temsil ediyordu.<\/p>\n\n\n\n<p>Bir as\u0131r sonra, rol\u00fc de\u011fi\u015fmi\u015f olsa da \u00f6z\u00fc de\u011fi\u015fmeden kalm\u0131\u015ft\u0131r. Cristiano Fiorio'ya g\u00f6re Trident art\u0131k bir otomobil sembol\u00fcnden \u00e7ok daha fazlas\u0131: sosyo-k\u00fclt\u00fcrel bir sorumluluk ta\u015f\u0131yan k\u00fclt\u00fcrel bir i\u015faret haline geldi. Bu, markan\u0131n mevcut stratejisinde ilgin\u00e7 bir nokta: basit bir otomobil \u00fcr\u00fcn\u00fcn\u00fcn \u00f6tesine ge\u00e7erek daha geni\u015f bir l\u00fcks, k\u00fclt\u00fcr ve duygu evreninin par\u00e7as\u0131 olmak.<\/p>\n\n\n\n<h2 class=\"wp-block-heading\">Gelece\u011fe haz\u0131rlanmak i\u00e7in daha do\u011frudan ileti\u015fim<\/h2>\n\n\n\n<p>Cristiano Fiorio bu konu\u015fmalarla daha do\u011frudan ve neredeyse m\u00fccadeleci bir \u00fcslup benimsiyor. Bu, Maserati'nin ileti\u015fiminde \u00f6nemli bir de\u011fi\u015fiklik, \u00e7\u00fcnk\u00fc \u015firket savunmac\u0131 bir duru\u015ftan uzakla\u015fmak istiyor gibi g\u00f6r\u00fcn\u00fcyor.<\/p>\n\n\n\n<p>Ama\u00e7 a\u00e7\u0131k: i\u00e7eride g\u00fcven vermek, d\u0131\u015far\u0131da ele\u015ftirilere yan\u0131t vermek ve hepsinden \u00f6nemlisi g\u00fc\u00e7l\u00fc bir iddiay\u0131 yeniden teyit etmek. Ge\u00e7mi\u015fini ya da ya\u015fad\u0131\u011f\u0131 zorluklar\u0131 inkar etmeyen, ancak somut sonu\u00e7larla de\u011ferini kan\u0131tlama niyetinde olan bir marka. \u015eimdi bu pozitif enerjinin \u00f6zellikle sat\u0131\u015flar ve imaj a\u00e7\u0131s\u0131ndan sahaya yans\u0131y\u0131p yans\u0131mayaca\u011f\u0131n\u0131 g\u00f6rece\u011fiz. \u00c7\u00fcnk\u00fc otomobil end\u00fcstrisinde beyanatlar yeterli de\u011fildir: sadece sonu\u00e7lar ele\u015ftirmenleri susturabilir.<\/p>\n\n\n\n<figure class=\"wp-block-image size-full\"><img loading=\"lazy\" decoding=\"async\" width=\"1200\" height=\"627\" src=\"https:\/\/www.italpassion.fr\/wp-content\/uploads\/2026\/04\/maserati-equipe.jpg\" alt=\"\" class=\"wp-image-49464\" srcset=\"https:\/\/www.italpassion.fr\/wp-content\/uploads\/2026\/04\/maserati-equipe.jpg 1200w, https:\/\/www.italpassion.fr\/wp-content\/uploads\/2026\/04\/maserati-equipe-420x219.jpg 420w, https:\/\/www.italpassion.fr\/wp-content\/uploads\/2026\/04\/maserati-equipe-768x401.jpg 768w, https:\/\/www.italpassion.fr\/wp-content\/uploads\/2026\/04\/maserati-equipe-18x9.jpg 18w\" sizes=\"auto, (max-width: 1200px) 100vw, 1200px\" \/><\/figure>","protected":false},"excerpt":{"rendered":"","protected":false},"author":1,"featured_media":49463,"comment_status":"open","ping_status":"open","sticky":false,"template":"","format":"standard","meta":{"_acf_changed":false,"_sitemap_exclude":false,"_sitemap_priority":"","_sitemap_frequency":"","footnotes":""},"categories":[27],"tags":[],"class_list":["post-49460","post","type-post","status-publish","format-standard","has-post-thumbnail","hentry","category-maserati","generate-columns","tablet-grid-50","mobile-grid-100","grid-parent","grid-33"],"acf":[],"yoast_head":"<!-- This site is optimized with the Yoast SEO plugin v25.8 - https:\/\/yoast.com\/wordpress\/plugins\/seo\/ -->\n<title>&quot;Pour ceux qui ont l&#039;habitude de nous attaquer&quot; : Maserati envoie un message offensif \u00e0 ses d\u00e9tracteurs - ItalPassion<\/title>\n<meta name=\"description\" content=\"Il est rare de voir Maserati r\u00e9pondre frontalement aux critiques. Pourtant, ces derniers mois, la marque au Trident fait face \u00e0 de nombreuses\" \/>\n<meta name=\"robots\" content=\"index, follow, max-snippet:-1, max-image-preview:large, max-video-preview:-1\" \/>\n<link rel=\"canonical\" href=\"https:\/\/www.italpassion.fr\/tr\/maserati\/bi\u0307ze-saldirmayi-aliskanlik-hali\u0307ne-geti\u0307renler-i\u0307ci\u0307n-maserati\u0307-aleyhi\u0307ndeki\u0307lere-kirici-bi\u0307r-mesaj-gonderdi\u0307\/\" \/>\n<meta property=\"og:locale\" content=\"tr_TR\" \/>\n<meta property=\"og:type\" content=\"article\" \/>\n<meta property=\"og:title\" content=\"&quot;Pour ceux qui ont l&#039;habitude de nous attaquer&quot; : Maserati envoie un message offensif \u00e0 ses d\u00e9tracteurs - ItalPassion\" \/>\n<meta property=\"og:description\" content=\"Il est rare de voir Maserati r\u00e9pondre frontalement aux critiques. Pourtant, ces derniers mois, la marque au Trident fait face \u00e0 de nombreuses\" \/>\n<meta property=\"og:url\" content=\"https:\/\/www.italpassion.fr\/tr\/maserati\/bi\u0307ze-saldirmayi-aliskanlik-hali\u0307ne-geti\u0307renler-i\u0307ci\u0307n-maserati\u0307-aleyhi\u0307ndeki\u0307lere-kirici-bi\u0307r-mesaj-gonderdi\u0307\/\" \/>\n<meta property=\"og:site_name\" content=\"ItalPassion\" \/>\n<meta property=\"article:publisher\" content=\"https:\/\/www.facebook.com\/italpassion\" \/>\n<meta property=\"article:published_time\" content=\"2026-04-29T09:44:26+00:00\" \/>\n<meta property=\"og:image\" content=\"https:\/\/www.italpassion.fr\/wp-content\/uploads\/2026\/04\/cristiano-maserati.jpg\" \/>\n\t<meta property=\"og:image:width\" content=\"1200\" \/>\n\t<meta property=\"og:image:height\" content=\"800\" \/>\n\t<meta property=\"og:image:type\" content=\"image\/jpeg\" \/>\n<meta name=\"author\" content=\"Alexandre Filluzeau\" \/>\n<meta name=\"twitter:card\" content=\"summary_large_image\" \/>\n<meta name=\"twitter:creator\" content=\"@italpassion\" \/>\n<meta name=\"twitter:site\" content=\"@italpassion\" \/>\n<script type=\"application\/ld+json\" class=\"yoast-schema-graph\">{\"@context\":\"https:\/\/schema.org\",\"@graph\":[{\"@type\":\"NewsArticle\",\"@id\":\"https:\/\/www.italpassion.fr\/tr\/maserati\/pour-ceux-qui-ont-lhabitude-de-nous-attaquer-maserati-envoie-un-message-offensif-a-ses-detracteurs\/#article\",\"isPartOf\":{\"@id\":\"https:\/\/www.italpassion.fr\/tr\/maserati\/pour-ceux-qui-ont-lhabitude-de-nous-attaquer-maserati-envoie-un-message-offensif-a-ses-detracteurs\/\"},\"author\":{\"name\":\"Alexandre Filluzeau\",\"@id\":\"https:\/\/www.italpassion.fr\/tr\/#\/schema\/person\/36f747b2a759ca202d847e85a9434ca0\"},\"headline\":\"\u00ab\u00a0Pour ceux qui ont l&rsquo;habitude de nous attaquer\u00a0\u00bb : Maserati envoie un message offensif \u00e0 ses d\u00e9tracteurs\",\"datePublished\":\"2026-04-29T09:44:26+00:00\",\"mainEntityOfPage\":{\"@id\":\"https:\/\/www.italpassion.fr\/tr\/maserati\/pour-ceux-qui-ont-lhabitude-de-nous-attaquer-maserati-envoie-un-message-offensif-a-ses-detracteurs\/\"},\"wordCount\":660,\"commentCount\":0,\"publisher\":{\"@id\":\"https:\/\/www.italpassion.fr\/tr\/#organization\"},\"image\":{\"@id\":\"https:\/\/www.italpassion.fr\/tr\/maserati\/pour-ceux-qui-ont-lhabitude-de-nous-attaquer-maserati-envoie-un-message-offensif-a-ses-detracteurs\/#primaryimage\"},\"thumbnailUrl\":\"https:\/\/www.italpassion.fr\/wp-content\/uploads\/2026\/04\/cristiano-maserati.jpg\",\"articleSection\":[\"Maserati\"],\"inLanguage\":\"tr\",\"potentialAction\":[{\"@type\":\"CommentAction\",\"name\":\"Comment\",\"target\":[\"https:\/\/www.italpassion.fr\/tr\/maserati\/pour-ceux-qui-ont-lhabitude-de-nous-attaquer-maserati-envoie-un-message-offensif-a-ses-detracteurs\/#respond\"]}]},{\"@type\":\"WebPage\",\"@id\":\"https:\/\/www.italpassion.fr\/tr\/maserati\/pour-ceux-qui-ont-lhabitude-de-nous-attaquer-maserati-envoie-un-message-offensif-a-ses-detracteurs\/\",\"url\":\"https:\/\/www.italpassion.fr\/tr\/maserati\/pour-ceux-qui-ont-lhabitude-de-nous-attaquer-maserati-envoie-un-message-offensif-a-ses-detracteurs\/\",\"name\":\"\\\"Pour ceux qui ont l'habitude de nous attaquer\\\" : Maserati envoie un message offensif \u00e0 ses d\u00e9tracteurs - ItalPassion\",\"isPartOf\":{\"@id\":\"https:\/\/www.italpassion.fr\/tr\/#website\"},\"primaryImageOfPage\":{\"@id\":\"https:\/\/www.italpassion.fr\/tr\/maserati\/pour-ceux-qui-ont-lhabitude-de-nous-attaquer-maserati-envoie-un-message-offensif-a-ses-detracteurs\/#primaryimage\"},\"image\":{\"@id\":\"https:\/\/www.italpassion.fr\/tr\/maserati\/pour-ceux-qui-ont-lhabitude-de-nous-attaquer-maserati-envoie-un-message-offensif-a-ses-detracteurs\/#primaryimage\"},\"thumbnailUrl\":\"https:\/\/www.italpassion.fr\/wp-content\/uploads\/2026\/04\/cristiano-maserati.jpg\",\"datePublished\":\"2026-04-29T09:44:26+00:00\",\"description\":\"Il est rare de voir Maserati r\u00e9pondre frontalement aux critiques. Pourtant, ces derniers mois, la marque au Trident fait face \u00e0 de nombreuses\",\"breadcrumb\":{\"@id\":\"https:\/\/www.italpassion.fr\/tr\/maserati\/pour-ceux-qui-ont-lhabitude-de-nous-attaquer-maserati-envoie-un-message-offensif-a-ses-detracteurs\/#breadcrumb\"},\"inLanguage\":\"tr\",\"potentialAction\":[{\"@type\":\"ReadAction\",\"target\":[\"https:\/\/www.italpassion.fr\/tr\/maserati\/pour-ceux-qui-ont-lhabitude-de-nous-attaquer-maserati-envoie-un-message-offensif-a-ses-detracteurs\/\"]}]},{\"@type\":\"ImageObject\",\"inLanguage\":\"tr\",\"@id\":\"https:\/\/www.italpassion.fr\/tr\/maserati\/pour-ceux-qui-ont-lhabitude-de-nous-attaquer-maserati-envoie-un-message-offensif-a-ses-detracteurs\/#primaryimage\",\"url\":\"https:\/\/www.italpassion.fr\/wp-content\/uploads\/2026\/04\/cristiano-maserati.jpg\",\"contentUrl\":\"https:\/\/www.italpassion.fr\/wp-content\/uploads\/2026\/04\/cristiano-maserati.jpg\",\"width\":1200,\"height\":800},{\"@type\":\"BreadcrumbList\",\"@id\":\"https:\/\/www.italpassion.fr\/tr\/maserati\/pour-ceux-qui-ont-lhabitude-de-nous-attaquer-maserati-envoie-un-message-offensif-a-ses-detracteurs\/#breadcrumb\",\"itemListElement\":[{\"@type\":\"ListItem\",\"position\":1,\"name\":\"Accueil\",\"item\":\"https:\/\/www.italpassion.fr\/tr\/\"},{\"@type\":\"ListItem\",\"position\":2,\"name\":\"\u00ab\u00a0Pour ceux qui ont l&rsquo;habitude de nous attaquer\u00a0\u00bb : Maserati envoie un message offensif \u00e0 ses d\u00e9tracteurs\"}]},{\"@type\":\"WebSite\",\"@id\":\"https:\/\/www.italpassion.fr\/tr\/#website\",\"url\":\"https:\/\/www.italpassion.fr\/tr\/\",\"name\":\"ItalPassion\",\"description\":\"Les Passionn\u00e9s d&#039;Automobiles Italiennes\",\"publisher\":{\"@id\":\"https:\/\/www.italpassion.fr\/tr\/#organization\"},\"potentialAction\":[{\"@type\":\"SearchAction\",\"target\":{\"@type\":\"EntryPoint\",\"urlTemplate\":\"https:\/\/www.italpassion.fr\/tr\/?s={search_term_string}\"},\"query-input\":{\"@type\":\"PropertyValueSpecification\",\"valueRequired\":true,\"valueName\":\"search_term_string\"}}],\"inLanguage\":\"tr\"},{\"@type\":\"Organization\",\"@id\":\"https:\/\/www.italpassion.fr\/tr\/#organization\",\"name\":\"Italpassion\",\"url\":\"https:\/\/www.italpassion.fr\/tr\/\",\"logo\":{\"@type\":\"ImageObject\",\"inLanguage\":\"tr\",\"@id\":\"https:\/\/www.italpassion.fr\/tr\/#\/schema\/logo\/image\/\",\"url\":\"https:\/\/www.italpassion.fr\/wp-content\/uploads\/2023\/07\/italpassion-yoast.jpg\",\"contentUrl\":\"https:\/\/www.italpassion.fr\/wp-content\/uploads\/2023\/07\/italpassion-yoast.jpg\",\"width\":696,\"height\":696,\"caption\":\"Italpassion\"},\"image\":{\"@id\":\"https:\/\/www.italpassion.fr\/tr\/#\/schema\/logo\/image\/\"},\"sameAs\":[\"https:\/\/www.facebook.com\/italpassion\",\"https:\/\/x.com\/italpassion\",\"https:\/\/www.instagram.com\/italpassionfr\/\",\"https:\/\/www.youtube.com\/channel\/UCleq-ByQaA42OjhopwevRjQ\",\"https:\/\/www.facebook.com\/italpassion.en\/\",\"https:\/\/www.facebook.com\/italpassion.it\/\",\"https:\/\/www.facebook.com\/italpassion.de\/\",\"https:\/\/www.facebook.com\/italpassion.ja\/\"]},{\"@type\":\"Person\",\"@id\":\"https:\/\/www.italpassion.fr\/tr\/#\/schema\/person\/36f747b2a759ca202d847e85a9434ca0\",\"name\":\"Alexandre Filluzeau\",\"image\":{\"@type\":\"ImageObject\",\"inLanguage\":\"tr\",\"@id\":\"https:\/\/www.italpassion.fr\/tr\/#\/schema\/person\/image\/\",\"url\":\"https:\/\/www.italpassion.fr\/wp-content\/uploads\/2025\/04\/avatar-alexandre-160x160.jpg\",\"contentUrl\":\"https:\/\/www.italpassion.fr\/wp-content\/uploads\/2025\/04\/avatar-alexandre-160x160.jpg\",\"caption\":\"Alexandre Filluzeau\"},\"description\":\"Fondateur du site ItalPassion, passionn\u00e9 de voitures italiennes et de l'Italie en g\u00e9n\u00e9ral. J'apporte un regard critique et technique aux actualit\u00e9s des marques italiennes quand cela est possible. Propri\u00e9taire d'une Maserati GranTurismo, Alfa Romeo MiTo, Lancia Fulvia et Ducati 695. Ex-propri\u00e9taire d'une Alfa Romeo Giulia.\",\"sameAs\":[\"https:\/\/www.italpassion.fr\/\"],\"url\":\"https:\/\/www.italpassion.fr\/tr\/author\/alexandre\/\"}]}<\/script>\n<!-- \/ Yoast SEO plugin. -->","yoast_head_json":{"title":"\"Genellikle bize sald\u0131ranlar i\u00e7in\": Maserati, kendisini k\u00f6t\u00fcleyenlere sald\u0131rgan bir mesaj g\u00f6nderdi - ItalPassion","description":"Maserati'nin ele\u015ftirilere do\u011frudan yan\u0131t verdi\u011fi pek s\u0131k g\u00f6r\u00fclmez. Ancak son aylarda Trident'li marka pek \u00e7ok ele\u015ftirinin hedefi oldu.","robots":{"index":"index","follow":"follow","max-snippet":"max-snippet:-1","max-image-preview":"max-image-preview:large","max-video-preview":"max-video-preview:-1"},"canonical":"https:\/\/www.italpassion.fr\/tr\/maserati\/bi\u0307ze-saldirmayi-aliskanlik-hali\u0307ne-geti\u0307renler-i\u0307ci\u0307n-maserati\u0307-aleyhi\u0307ndeki\u0307lere-kirici-bi\u0307r-mesaj-gonderdi\u0307\/","og_locale":"tr_TR","og_type":"article","og_title":"\"Pour ceux qui ont l'habitude de nous attaquer\" : Maserati envoie un message offensif \u00e0 ses d\u00e9tracteurs - ItalPassion","og_description":"Il est rare de voir Maserati r\u00e9pondre frontalement aux critiques. Pourtant, ces derniers mois, la marque au Trident fait face \u00e0 de nombreuses","og_url":"https:\/\/www.italpassion.fr\/tr\/maserati\/bi\u0307ze-saldirmayi-aliskanlik-hali\u0307ne-geti\u0307renler-i\u0307ci\u0307n-maserati\u0307-aleyhi\u0307ndeki\u0307lere-kirici-bi\u0307r-mesaj-gonderdi\u0307\/","og_site_name":"ItalPassion","article_publisher":"https:\/\/www.facebook.com\/italpassion","article_published_time":"2026-04-29T09:44:26+00:00","og_image":[{"width":1200,"height":800,"url":"https:\/\/www.italpassion.fr\/wp-content\/uploads\/2026\/04\/cristiano-maserati.jpg","type":"image\/jpeg"}],"author":"Alexandre Filluzeau","twitter_card":"summary_large_image","twitter_creator":"@italpassion","twitter_site":"@italpassion","schema":{"@context":"https:\/\/schema.org","@graph":[{"@type":"NewsArticle","@id":"https:\/\/www.italpassion.fr\/tr\/maserati\/pour-ceux-qui-ont-lhabitude-de-nous-attaquer-maserati-envoie-un-message-offensif-a-ses-detracteurs\/#article","isPartOf":{"@id":"https:\/\/www.italpassion.fr\/tr\/maserati\/pour-ceux-qui-ont-lhabitude-de-nous-attaquer-maserati-envoie-un-message-offensif-a-ses-detracteurs\/"},"author":{"name":"Alexandre Filluzeau","@id":"https:\/\/www.italpassion.fr\/tr\/#\/schema\/person\/36f747b2a759ca202d847e85a9434ca0"},"headline":"\u00ab\u00a0Pour ceux qui ont l&rsquo;habitude de nous attaquer\u00a0\u00bb : Maserati envoie un message offensif \u00e0 ses d\u00e9tracteurs","datePublished":"2026-04-29T09:44:26+00:00","mainEntityOfPage":{"@id":"https:\/\/www.italpassion.fr\/tr\/maserati\/pour-ceux-qui-ont-lhabitude-de-nous-attaquer-maserati-envoie-un-message-offensif-a-ses-detracteurs\/"},"wordCount":660,"commentCount":0,"publisher":{"@id":"https:\/\/www.italpassion.fr\/tr\/#organization"},"image":{"@id":"https:\/\/www.italpassion.fr\/tr\/maserati\/pour-ceux-qui-ont-lhabitude-de-nous-attaquer-maserati-envoie-un-message-offensif-a-ses-detracteurs\/#primaryimage"},"thumbnailUrl":"https:\/\/www.italpassion.fr\/wp-content\/uploads\/2026\/04\/cristiano-maserati.jpg","articleSection":["Maserati"],"inLanguage":"tr","potentialAction":[{"@type":"CommentAction","name":"Comment","target":["https:\/\/www.italpassion.fr\/tr\/maserati\/pour-ceux-qui-ont-lhabitude-de-nous-attaquer-maserati-envoie-un-message-offensif-a-ses-detracteurs\/#respond"]}]},{"@type":"WebPage","@id":"https:\/\/www.italpassion.fr\/tr\/maserati\/pour-ceux-qui-ont-lhabitude-de-nous-attaquer-maserati-envoie-un-message-offensif-a-ses-detracteurs\/","url":"https:\/\/www.italpassion.fr\/tr\/maserati\/pour-ceux-qui-ont-lhabitude-de-nous-attaquer-maserati-envoie-un-message-offensif-a-ses-detracteurs\/","name":"\"Genellikle bize sald\u0131ranlar i\u00e7in\": Maserati, kendisini k\u00f6t\u00fcleyenlere sald\u0131rgan bir mesaj g\u00f6nderdi - ItalPassion","isPartOf":{"@id":"https:\/\/www.italpassion.fr\/tr\/#website"},"primaryImageOfPage":{"@id":"https:\/\/www.italpassion.fr\/tr\/maserati\/pour-ceux-qui-ont-lhabitude-de-nous-attaquer-maserati-envoie-un-message-offensif-a-ses-detracteurs\/#primaryimage"},"image":{"@id":"https:\/\/www.italpassion.fr\/tr\/maserati\/pour-ceux-qui-ont-lhabitude-de-nous-attaquer-maserati-envoie-un-message-offensif-a-ses-detracteurs\/#primaryimage"},"thumbnailUrl":"https:\/\/www.italpassion.fr\/wp-content\/uploads\/2026\/04\/cristiano-maserati.jpg","datePublished":"2026-04-29T09:44:26+00:00","description":"Maserati'nin ele\u015ftirilere do\u011frudan yan\u0131t verdi\u011fi pek s\u0131k g\u00f6r\u00fclmez. Ancak son aylarda Trident'li marka pek \u00e7ok ele\u015ftirinin hedefi oldu.","breadcrumb":{"@id":"https:\/\/www.italpassion.fr\/tr\/maserati\/pour-ceux-qui-ont-lhabitude-de-nous-attaquer-maserati-envoie-un-message-offensif-a-ses-detracteurs\/#breadcrumb"},"inLanguage":"tr","potentialAction":[{"@type":"ReadAction","target":["https:\/\/www.italpassion.fr\/tr\/maserati\/pour-ceux-qui-ont-lhabitude-de-nous-attaquer-maserati-envoie-un-message-offensif-a-ses-detracteurs\/"]}]},{"@type":"ImageObject","inLanguage":"tr","@id":"https:\/\/www.italpassion.fr\/tr\/maserati\/pour-ceux-qui-ont-lhabitude-de-nous-attaquer-maserati-envoie-un-message-offensif-a-ses-detracteurs\/#primaryimage","url":"https:\/\/www.italpassion.fr\/wp-content\/uploads\/2026\/04\/cristiano-maserati.jpg","contentUrl":"https:\/\/www.italpassion.fr\/wp-content\/uploads\/2026\/04\/cristiano-maserati.jpg","width":1200,"height":800},{"@type":"BreadcrumbList","@id":"https:\/\/www.italpassion.fr\/tr\/maserati\/pour-ceux-qui-ont-lhabitude-de-nous-attaquer-maserati-envoie-un-message-offensif-a-ses-detracteurs\/#breadcrumb","itemListElement":[{"@type":"ListItem","position":1,"name":"Accueil","item":"https:\/\/www.italpassion.fr\/tr\/"},{"@type":"ListItem","position":2,"name":"\u00ab\u00a0Pour ceux qui ont l&rsquo;habitude de nous attaquer\u00a0\u00bb : Maserati envoie un message offensif \u00e0 ses d\u00e9tracteurs"}]},{"@type":"WebSite","@id":"https:\/\/www.italpassion.fr\/tr\/#website","url":"https:\/\/www.italpassion.fr\/tr\/","name":"ItalPassion","description":"\u0130talyan Araba Merakl\u0131lar\u0131","publisher":{"@id":"https:\/\/www.italpassion.fr\/tr\/#organization"},"potentialAction":[{"@type":"SearchAction","target":{"@type":"EntryPoint","urlTemplate":"https:\/\/www.italpassion.fr\/tr\/?s={search_term_string}"},"query-input":{"@type":"PropertyValueSpecification","valueRequired":true,"valueName":"search_term_string"}}],"inLanguage":"tr"},{"@type":"Organization","@id":"https:\/\/www.italpassion.fr\/tr\/#organization","name":"Italpassion","url":"https:\/\/www.italpassion.fr\/tr\/","logo":{"@type":"ImageObject","inLanguage":"tr","@id":"https:\/\/www.italpassion.fr\/tr\/#\/schema\/logo\/image\/","url":"https:\/\/www.italpassion.fr\/wp-content\/uploads\/2023\/07\/italpassion-yoast.jpg","contentUrl":"https:\/\/www.italpassion.fr\/wp-content\/uploads\/2023\/07\/italpassion-yoast.jpg","width":696,"height":696,"caption":"Italpassion"},"image":{"@id":"https:\/\/www.italpassion.fr\/tr\/#\/schema\/logo\/image\/"},"sameAs":["https:\/\/www.facebook.com\/italpassion","https:\/\/x.com\/italpassion","https:\/\/www.instagram.com\/italpassionfr\/","https:\/\/www.youtube.com\/channel\/UCleq-ByQaA42OjhopwevRjQ","https:\/\/www.facebook.com\/italpassion.en\/","https:\/\/www.facebook.com\/italpassion.it\/","https:\/\/www.facebook.com\/italpassion.de\/","https:\/\/www.facebook.com\/italpassion.ja\/"]},{"@type":"Person","@id":"https:\/\/www.italpassion.fr\/tr\/#\/schema\/person\/36f747b2a759ca202d847e85a9434ca0","name":"Alexandre Filluzeau","image":{"@type":"ImageObject","inLanguage":"tr","@id":"https:\/\/www.italpassion.fr\/tr\/#\/schema\/person\/image\/","url":"https:\/\/www.italpassion.fr\/wp-content\/uploads\/2025\/04\/avatar-alexandre-160x160.jpg","contentUrl":"https:\/\/www.italpassion.fr\/wp-content\/uploads\/2025\/04\/avatar-alexandre-160x160.jpg","caption":"Alexandre Filluzeau"},"description":"ItalPassion web sitesinin kurucusu, \u0130talyan otomobilleri ve genel olarak \u0130talya hakk\u0131nda tutkulu. M\u00fcmk\u00fcn oldu\u011funca \u0130talyan markalar\u0131n\u0131n haberlerine ele\u015ftirel ve teknik bir g\u00f6z getiriyorum. Maserati GranTurismo, Alfa Romeo MiTo, Lancia Fulvia ve Ducati 695 sahibiyim. Alfa Romeo Giulia'n\u0131n eski sahibi.","sameAs":["https:\/\/www.italpassion.fr\/"],"url":"https:\/\/www.italpassion.fr\/tr\/author\/alexandre\/"}]}},"_links":{"self":[{"href":"https:\/\/www.italpassion.fr\/tr\/wp-json\/wp\/v2\/posts\/49460","targetHints":{"allow":["GET"]}}],"collection":[{"href":"https:\/\/www.italpassion.fr\/tr\/wp-json\/wp\/v2\/posts"}],"about":[{"href":"https:\/\/www.italpassion.fr\/tr\/wp-json\/wp\/v2\/types\/post"}],"author":[{"embeddable":true,"href":"https:\/\/www.italpassion.fr\/tr\/wp-json\/wp\/v2\/users\/1"}],"replies":[{"embeddable":true,"href":"https:\/\/www.italpassion.fr\/tr\/wp-json\/wp\/v2\/comments?post=49460"}],"version-history":[{"count":2,"href":"https:\/\/www.italpassion.fr\/tr\/wp-json\/wp\/v2\/posts\/49460\/revisions"}],"predecessor-version":[{"id":49465,"href":"https:\/\/www.italpassion.fr\/tr\/wp-json\/wp\/v2\/posts\/49460\/revisions\/49465"}],"wp:featuredmedia":[{"embeddable":true,"href":"https:\/\/www.italpassion.fr\/tr\/wp-json\/wp\/v2\/media\/49463"}],"wp:attachment":[{"href":"https:\/\/www.italpassion.fr\/tr\/wp-json\/wp\/v2\/media?parent=49460"}],"wp:term":[{"taxonomy":"category","embeddable":true,"href":"https:\/\/www.italpassion.fr\/tr\/wp-json\/wp\/v2\/categories?post=49460"},{"taxonomy":"post_tag","embeddable":true,"href":"https:\/\/www.italpassion.fr\/tr\/wp-json\/wp\/v2\/tags?post=49460"}],"curies":[{"name":"wp","href":"https:\/\/api.w.org\/{rel}","templated":true}]}}