{"id":49399,"date":"2026-04-28T10:59:57","date_gmt":"2026-04-28T08:59:57","guid":{"rendered":"https:\/\/www.italpassion.fr\/?p=49399"},"modified":"2026-04-28T10:59:57","modified_gmt":"2026-04-28T08:59:57","slug":"junior-alfa-romeoyu-kurtardi-ama-tonale-yeni%cc%87den-yapilandirilmasina-ragmen-dagildi","status":"publish","type":"post","link":"https:\/\/www.italpassion.fr\/tr\/alfa-romeo\/le-junior-sauve-alfa-romeo-mais-le-tonale-seffondre-malgre-son-restylage\/","title":{"rendered":"Junior Alfa Romeo'yu kurtar\u0131yor... ancak Tonale yeniden \u015fekillendirilmesine ra\u011fmen \u00e7\u00f6k\u00fcyor"},"content":{"rendered":"<figure class=\"wp-block-image size-full\"><img loading=\"lazy\" decoding=\"async\" width=\"1200\" height=\"800\" src=\"https:\/\/www.italpassion.fr\/wp-content\/uploads\/2026\/03\/alfa-romeo-junior-mecique.jpg\" alt=\"\" class=\"wp-image-47353\" srcset=\"https:\/\/www.italpassion.fr\/wp-content\/uploads\/2026\/03\/alfa-romeo-junior-mecique.jpg 1200w, https:\/\/www.italpassion.fr\/wp-content\/uploads\/2026\/03\/alfa-romeo-junior-mecique-420x280.jpg 420w, https:\/\/www.italpassion.fr\/wp-content\/uploads\/2026\/03\/alfa-romeo-junior-mecique-768x512.jpg 768w, https:\/\/www.italpassion.fr\/wp-content\/uploads\/2026\/03\/alfa-romeo-junior-mecique-18x12.jpg 18w\" sizes=\"auto, (max-width: 1200px) 100vw, 1200px\" \/><\/figure>\n\n\n\n<p>2025'te k\u00fc\u00e7\u00fck bir ilerleme kaydedilen bir y\u0131l\u0131n ard\u0131ndan <a href=\"https:\/\/www.italpassion.fr\/tr\/alfa-romeo\/alfa-romeo-2025te-i%cc%87lerleme-kaydedi%cc%87yor-ancak-ayni-boyutta-kalmaya-devam-edi%cc%87yor\/\">yakla\u015f\u0131k 70,000 kay\u0131t<\/a>, <a href=\"https:\/\/www.italpassion.fr\/tr\/alfa-romeo\/\">Alfa Romeo<\/a> 2026'ya basit bir soruyla ba\u015fl\u0131yor: ivme nihayet olu\u015fmaya ba\u015flad\u0131 m\u0131... yoksa \u00e7oktan t\u00fckenmeye mi ba\u015flad\u0131? \u0130lk \u00e7eyrek rakamlar\u0131 olduk\u00e7a net bir cevap veriyor. Junior iyi dayan\u0131rken, Tonale'den ba\u015flayarak serinin geri kalan\u0131 ciddi endi\u015felere neden oluyor.<\/p>\n\n\n\n<h2 class=\"wp-block-heading\">Kilit pazarlarda y\u0131la yava\u015f bir ba\u015flang\u0131\u00e7<\/h2>\n\n\n\n<p>Ana Avrupa pazarlar\u0131nda genel tablo olumsuzdur. Markan\u0131n en b\u00fcy\u00fck pazar\u0131 olan \u0130talya'da ise d\u00fc\u015f\u00fc\u015f, bir \u00f6nceki y\u0131l 8.500 olan tescil say\u0131s\u0131na k\u0131yasla 7.383 ile 13 % oldu. Bu d\u00fc\u015f\u00fc\u015f, \u00f6zellikle detaylara bakt\u0131\u011f\u0131n\u0131zda \u00f6nemsiz olmaktan \u00e7ok uzakt\u0131r: \u0130talya'da <a href=\"https:\/\/www.italpassion.fr\/tr\/arabalar\/alfa-romeo-junior\/\">Junior<\/a> Tek ba\u015f\u0131na 4.380 adet ile hacimlerin ezici \u00e7o\u011funlu\u011funu olu\u015fturmaktad\u0131r.<\/p>\n\n\n\n<p>En \u00e7arp\u0131c\u0131 olan ise Tonale'nin (ve \u015fa\u015f\u0131rt\u0131c\u0131 olmayan bir \u015fekilde <a href=\"https:\/\/www.italpassion.fr\/tr\/arabalar\/alfa-romeo-giulia\/\">Giulia<\/a> ve <a href=\"https:\/\/www.italpassion.fr\/tr\/arabalar\/alfa-romeo-stelvio\/\">Stelvio<\/a>) ilk 50 sat\u0131\u015f listesinde yer ald\u0131. Bir y\u0131l \u00f6nce <a href=\"https:\/\/www.italpassion.fr\/tr\/arabalar\/alfa-romeo-tonale\/\">Tonale<\/a> yine de ayn\u0131 d\u00f6nemde 3.000'den fazla tescil ger\u00e7ekle\u015fmi\u015ftir. Bu nedenle d\u00fc\u015f\u00fc\u015f ac\u0131mas\u0131zd\u0131r ve tek ba\u015f\u0131na \u0130talyan pazar\u0131ndaki genel d\u00fc\u015f\u00fc\u015f\u00fc a\u00e7\u0131klamaktad\u0131r.<\/p>\n\n\n\n<p>Alfa Romeo'nun d\u00fcnya \u00e7ap\u0131ndaki en b\u00fcy\u00fck ikinci pazar\u0131 olan Fransa'da da benzer bir e\u011filim s\u00f6z konusu. \u0130lk \u00e7eyrekte 1.604 tescil ile, 2025'teki 2.088'e k\u0131yasla, d\u00fc\u015f\u00fc\u015f 23 %'ye ula\u015ft\u0131. Burada da Junior 1.328 adetle liderli\u011fi ele ge\u00e7irdi. Arkas\u0131ndan Tonale 249 adede d\u00fc\u015ferken, Giulia ve Stelvio neredeyse anekdot haline geldi.<\/p>\n\n\n\n<p>Almanya bu kural\u0131n istisnas\u0131 de\u011fil, tam tersi. Marka i\u00e7in tarihsel olarak \u00f6nemli bir pazar olan Almanya'da 1.934'ten 1.352'ye 30 adetlik bir d\u00fc\u015f\u00fc\u015f ya\u015fand\u0131. Junior (760 adet) hasar\u0131 s\u0131n\u0131rlad\u0131, ancak Tonale (206 adet) d\u00fc\u015f\u00fc\u015f\u00fcn\u00fc teyit etti.<\/p>\n\n\n\n<h2 class=\"wp-block-heading\">Amerika Birle\u015fik Devletleri, s\u00fctundan zay\u0131fl\u0131\u011fa<\/h2>\n\n\n\n<p>Atlantik'in di\u011fer yakas\u0131nda durum daha da endi\u015fe verici. Uzun s\u00fcredir Alfa Romeo'nun ikinci b\u00fcy\u00fck pazar\u0131 olan Amerika Birle\u015fik Devletleri, \u00e7eyrek boyunca 53 %'lik bir d\u00fc\u015f\u00fc\u015fle \u00e7\u00f6kmeye devam ediyor. Bir \u00f6nceki y\u0131l neredeyse 2.000 olan tescil say\u0131s\u0131na k\u0131yasla sadece 919 tescil ile marka kritik bir noktaya ula\u015f\u0131yor. Trendin devam edecek olmas\u0131 daha da endi\u015fe verici: 2024'te -18 %, 2025'te -36 % ve \u015fimdi de 2026'n\u0131n ba\u015f\u0131nda -53 %. \u00dc\u00e7 y\u0131l i\u00e7inde hacimler yar\u0131dan fazla azald\u0131. Stellantis i\u00e7in, Alfa Romeo'nun bu pazardaki uzun vadeli varl\u0131\u011f\u0131 sorusu art\u0131k a\u00e7\u0131k\u00e7a masada.<\/p>\n\n\n\n<h2 class=\"wp-block-heading\">Junior evini d\u00fczenli tutuyor... ama plato<\/h2>\n\n\n\n<p>2024 y\u0131l\u0131nda piyasaya s\u00fcr\u00fclen Junior, serinin a\u00e7\u0131k ara en g\u00fc\u00e7l\u00fc modeli olmaya devam ediyor. \u0130talya, Fransa, Almanya, \u0130spanya... gibi her yere hakimdir ve \u00fclkeye ba\u011fl\u0131 olarak genellikle kay\u0131tlar\u0131n 60 ila 80 %'sinden fazlas\u0131n\u0131 olu\u015fturur.<\/p>\n\n\n\n<p>Ancak 2025'te b\u00fcy\u00fcmeyi sa\u011flad\u0131ktan sonra, \u015fimdiden bir tavana ula\u015f\u0131yor gibi g\u00f6r\u00fcn\u00fcyor. Bir\u00e7ok pazarda, hacimleri ge\u00e7en y\u0131l\u0131n ayn\u0131 d\u00f6nemindekilerle neredeyse ayn\u0131. Ba\u015fka bir deyi\u015fle, art\u0131k b\u00fcy\u00fcm\u00fcyor. Bu klasik bir olgudur: bir lansman bir zirve yarat\u0131r, ard\u0131ndan bir dengelenme olur. Ancak Alfa Romeo'nun durumunda bu bo\u015flu\u011fu doldurabilecek ba\u015fka bir model yok.<\/p>\n\n\n\n<h2 class=\"wp-block-heading\">Tonale, hi\u00e7bir etkisi olmayan bir yeniden \u015fekillendirme mi?<\/h2>\n\n\n\n<p>Y\u0131l\u0131n ba\u015f\u0131ndaki konulardan biri de buydu: Tonale'nin yeniden \u015fekillendirilmesi kariyerini canland\u0131rabilir miydi? Rakamlar net bir cevap veriyor: hay\u0131r, en az\u0131ndan \u015fimdilik.<\/p>\n\n\n\n<p>Verilerin mevcut oldu\u011fu her yerde kompakt SUV keskin bir d\u00fc\u015f\u00fc\u015f ya\u015f\u0131yor. \u0130talya'da ilk 50'den kayboldu. Fransa ve Almanya'da, Junior ile kar\u015f\u0131la\u015ft\u0131r\u0131ld\u0131\u011f\u0131nda hacimleri marjinaldir. \u0130spanya'da Stelvio'nun gerisinde ve beklenen seviyenin \u00e7ok uza\u011f\u0131nda kald\u0131. Tonale'nin bir dayanak noktas\u0131 olmas\u0131 gerekiyordu, ancak ikincil bir model haline geldi. Ve onsuz, \u00fcr\u00fcn yelpazesi ac\u0131mas\u0131zca derinlikten yoksun.<\/p>\n\n\n\n<h2 class=\"wp-block-heading\">Birka\u00e7 istisna var... ama yeterli de\u011fil<\/h2>\n\n\n\n<p>Ancak her \u015fey olumsuz de\u011fil. Baz\u0131 piyasalar cesaret verici bir ivme g\u00f6steriyor.<\/p>\n\n\n\n<p>\u00d6rne\u011fin T\u00fcrkiye, bir \u00f6nceki y\u0131l 347 olan tescil say\u0131s\u0131na k\u0131yasla 590 tescil say\u0131s\u0131yla g\u00fc\u00e7l\u00fc bir ilerleme kaydetti ve \u00f6zellikle Mart ay\u0131ndaki m\u00fckemmel performans\u0131yla dikkat \u00e7ekti. Japonya da 2025'teki 224 adede k\u0131yasla 502 adetle s\u00fcrpriz yaparak 2023'te g\u00f6r\u00fclen seviyelere yak\u0131n seviyelere geri d\u00f6nd\u00fc. Bu arada Birle\u015fik Krall\u0131k, 2025'te g\u00f6r\u00fclen iyile\u015fmeyi teyit ederek 739 tescil ile istikrar\u0131n\u0131 koruyor.<\/p>\n\n\n\n<p>Ancak bu iyi sonu\u00e7lar hacim a\u00e7\u0131s\u0131ndan marjinal kalmakta ve b\u00fcy\u00fck pazarlarda g\u00f6r\u00fclen d\u00fc\u015f\u00fc\u015fleri telafi etmemektedir.<\/p>\n\n\n\n<h2 class=\"wp-block-heading\">Hala ba\u011f\u0131ml\u0131 olan bir marka... ve hala engelleniyor<\/h2>\n\n\n\n<p>Toplamda, Alfa Romeo 2026'n\u0131n ilk \u00e7eyre\u011finde izlenen pazarlarda yakla\u015f\u0131k 15.300 tescil kaydetti; bu rakam bir \u00f6nceki y\u0131l 18.000'in \u00fczerindeydi.<\/p>\n\n\n\n<p>Sonu\u00e7 \u00f6nceki y\u0131llarla ayn\u0131 do\u011frultudad\u0131r. Marka yap\u0131sal bir durgunluk b\u00f6lgesinde kilitli kalmaya devam ediyor. Junior seviyesini koruyor, ancak art\u0131k ilerlemeye izin vermiyor. Tonale geriledi ve Giulia ve Stelvio art\u0131k hacim a\u00e7\u0131s\u0131ndan neredeyse hi\u00e7bir \u015fey ifade etmiyor. On y\u0131l\u0131 a\u015fk\u0131n bir s\u00fcredir, y\u0131ll\u0131k tescillerde 70.000 s\u0131n\u0131r\u0131n\u0131n a\u015f\u0131lmas\u0131 hala zor g\u00f6r\u00fcn\u00fcyor. Ve ger\u00e7ek bir menzil yenilemesi veya beklenmedik bir ba\u015far\u0131 olmazsa, 2026 y\u0131l\u0131 da \u00f6nceki y\u0131llar gibi olabilir.<\/p>\n\n\n\n<figure class=\"wp-block-table\"><table class=\"has-fixed-layout\"><thead><tr><th>\u00dclke<\/th><th class=\"has-text-align-right\" data-align=\"right\">Q1 2026<\/th><th>Evrim<\/th><\/tr><\/thead><tbody><tr><td>\u0130talya<\/td><td class=\"has-text-align-right\" data-align=\"right\">7383<\/td><td>-13%<\/td><\/tr><tr><td>Fransa<\/td><td class=\"has-text-align-right\" data-align=\"right\">1604<\/td><td>-23%<\/td><\/tr><tr><td>Almanya<\/td><td class=\"has-text-align-right\" data-align=\"right\">1352<\/td><td>-30%<\/td><\/tr><tr><td>Birle\u015fik Devletler<\/td><td class=\"has-text-align-right\" data-align=\"right\">919<\/td><td>-53%<\/td><\/tr><tr><td>\u0130spanya<\/td><td class=\"has-text-align-right\" data-align=\"right\">743<\/td><td>-21%<\/td><\/tr><tr><td>Birle\u015fik Krall\u0131k<\/td><td class=\"has-text-align-right\" data-align=\"right\">739<\/td><td>0<\/td><\/tr><tr><td>T\u00fcrkiye<\/td><td class=\"has-text-align-right\" data-align=\"right\">590<\/td><td>70%<\/td><\/tr><tr><td>Japonya<\/td><td class=\"has-text-align-right\" data-align=\"right\">502<\/td><td>124%<\/td><\/tr><tr><td>Polonya<\/td><td class=\"has-text-align-right\" data-align=\"right\">494<\/td><td>-1,4%<\/td><\/tr><tr><td>Bel\u00e7ika<\/td><td class=\"has-text-align-right\" data-align=\"right\">372<\/td><td>-24%<\/td><\/tr><tr><td>Avusturya<\/td><td class=\"has-text-align-right\" data-align=\"right\">360<\/td><td>0<\/td><\/tr><tr><td>\u0130svi\u00e7re<\/td><td class=\"has-text-align-right\" data-align=\"right\">242<\/td><td>-3,2%<\/td><\/tr><tr><td>Hollanda<\/td><td class=\"has-text-align-right\" data-align=\"right\">227<\/td><td>-15%<\/td><\/tr><tr><td><\/td><td class=\"has-text-align-right\" data-align=\"right\">15 300<\/td><td>-16%<\/td><\/tr><\/tbody><\/table><figcaption class=\"wp-element-caption\">Italpassion rakamlar\u0131. Bizden al\u0131nt\u0131 yapt\u0131\u011f\u0131n\u0131z i\u00e7in te\u015fekk\u00fcr ederiz.<\/figcaption><\/figure>","protected":false},"excerpt":{"rendered":"","protected":false},"author":1,"featured_media":47353,"comment_status":"open","ping_status":"open","sticky":false,"template":"","format":"standard","meta":{"_acf_changed":false,"_sitemap_exclude":false,"_sitemap_priority":"","_sitemap_frequency":"","footnotes":""},"categories":[22],"tags":[],"class_list":["post-49399","post","type-post","status-publish","format-standard","has-post-thumbnail","hentry","category-alfa-romeo","generate-columns","tablet-grid-50","mobile-grid-100","grid-parent","grid-33"],"acf":[],"yoast_head":"<!-- This site is optimized with the Yoast SEO plugin v25.8 - https:\/\/yoast.com\/wordpress\/plugins\/seo\/ -->\n<title>Le Junior sauve Alfa Romeo\u2026 mais le Tonale s&#039;effondre malgr\u00e9 son restylage - ItalPassion<\/title>\n<meta name=\"description\" content=\"Apr\u00e8s une ann\u00e9e 2025 marqu\u00e9e par un l\u00e9ger prog\u00e8s avec un retour autour des 70 000 immatriculations, Alfa Romeo entame 2026 avec une question simple : la\" \/>\n<meta name=\"robots\" content=\"index, follow, max-snippet:-1, max-image-preview:large, max-video-preview:-1\" \/>\n<link rel=\"canonical\" href=\"https:\/\/www.italpassion.fr\/tr\/alfa-romeo\/junior-alfa-romeoyu-kurtardi-ama-tonale-yeni\u0307den-yapilandirilmasina-ragmen-dagildi\/\" \/>\n<meta property=\"og:locale\" content=\"tr_TR\" \/>\n<meta property=\"og:type\" content=\"article\" \/>\n<meta property=\"og:title\" content=\"Le Junior sauve Alfa Romeo\u2026 mais le Tonale s&#039;effondre malgr\u00e9 son restylage - ItalPassion\" \/>\n<meta property=\"og:description\" content=\"Apr\u00e8s une ann\u00e9e 2025 marqu\u00e9e par un l\u00e9ger prog\u00e8s avec un retour autour des 70 000 immatriculations, Alfa Romeo entame 2026 avec une question simple : la\" \/>\n<meta property=\"og:url\" content=\"https:\/\/www.italpassion.fr\/tr\/alfa-romeo\/junior-alfa-romeoyu-kurtardi-ama-tonale-yeni\u0307den-yapilandirilmasina-ragmen-dagildi\/\" \/>\n<meta property=\"og:site_name\" content=\"ItalPassion\" \/>\n<meta property=\"article:publisher\" content=\"https:\/\/www.facebook.com\/italpassion\" \/>\n<meta property=\"article:published_time\" content=\"2026-04-28T08:59:57+00:00\" \/>\n<meta property=\"og:image\" content=\"https:\/\/www.italpassion.fr\/wp-content\/uploads\/2026\/03\/alfa-romeo-junior-mecique.jpg\" \/>\n\t<meta property=\"og:image:width\" content=\"1200\" \/>\n\t<meta property=\"og:image:height\" content=\"800\" \/>\n\t<meta property=\"og:image:type\" content=\"image\/jpeg\" \/>\n<meta name=\"author\" content=\"Alexandre Filluzeau\" \/>\n<meta name=\"twitter:card\" content=\"summary_large_image\" \/>\n<meta name=\"twitter:creator\" content=\"@italpassion\" \/>\n<meta name=\"twitter:site\" content=\"@italpassion\" \/>\n<script type=\"application\/ld+json\" class=\"yoast-schema-graph\">{\"@context\":\"https:\/\/schema.org\",\"@graph\":[{\"@type\":\"NewsArticle\",\"@id\":\"https:\/\/www.italpassion.fr\/tr\/alfa-romeo\/le-junior-sauve-alfa-romeo-mais-le-tonale-seffondre-malgre-son-restylage\/#article\",\"isPartOf\":{\"@id\":\"https:\/\/www.italpassion.fr\/tr\/alfa-romeo\/le-junior-sauve-alfa-romeo-mais-le-tonale-seffondre-malgre-son-restylage\/\"},\"author\":{\"name\":\"Alexandre Filluzeau\",\"@id\":\"https:\/\/www.italpassion.fr\/tr\/#\/schema\/person\/36f747b2a759ca202d847e85a9434ca0\"},\"headline\":\"Le Junior sauve Alfa Romeo\u2026 mais le Tonale s&rsquo;effondre malgr\u00e9 son restylage\",\"datePublished\":\"2026-04-28T08:59:57+00:00\",\"mainEntityOfPage\":{\"@id\":\"https:\/\/www.italpassion.fr\/tr\/alfa-romeo\/le-junior-sauve-alfa-romeo-mais-le-tonale-seffondre-malgre-son-restylage\/\"},\"wordCount\":891,\"commentCount\":2,\"publisher\":{\"@id\":\"https:\/\/www.italpassion.fr\/tr\/#organization\"},\"image\":{\"@id\":\"https:\/\/www.italpassion.fr\/tr\/alfa-romeo\/le-junior-sauve-alfa-romeo-mais-le-tonale-seffondre-malgre-son-restylage\/#primaryimage\"},\"thumbnailUrl\":\"https:\/\/www.italpassion.fr\/wp-content\/uploads\/2026\/03\/alfa-romeo-junior-mecique.jpg\",\"articleSection\":[\"Alfa Romeo\"],\"inLanguage\":\"tr\",\"potentialAction\":[{\"@type\":\"CommentAction\",\"name\":\"Comment\",\"target\":[\"https:\/\/www.italpassion.fr\/tr\/alfa-romeo\/le-junior-sauve-alfa-romeo-mais-le-tonale-seffondre-malgre-son-restylage\/#respond\"]}]},{\"@type\":\"WebPage\",\"@id\":\"https:\/\/www.italpassion.fr\/tr\/alfa-romeo\/le-junior-sauve-alfa-romeo-mais-le-tonale-seffondre-malgre-son-restylage\/\",\"url\":\"https:\/\/www.italpassion.fr\/tr\/alfa-romeo\/le-junior-sauve-alfa-romeo-mais-le-tonale-seffondre-malgre-son-restylage\/\",\"name\":\"Le Junior sauve Alfa Romeo\u2026 mais le Tonale s'effondre malgr\u00e9 son restylage - ItalPassion\",\"isPartOf\":{\"@id\":\"https:\/\/www.italpassion.fr\/tr\/#website\"},\"primaryImageOfPage\":{\"@id\":\"https:\/\/www.italpassion.fr\/tr\/alfa-romeo\/le-junior-sauve-alfa-romeo-mais-le-tonale-seffondre-malgre-son-restylage\/#primaryimage\"},\"image\":{\"@id\":\"https:\/\/www.italpassion.fr\/tr\/alfa-romeo\/le-junior-sauve-alfa-romeo-mais-le-tonale-seffondre-malgre-son-restylage\/#primaryimage\"},\"thumbnailUrl\":\"https:\/\/www.italpassion.fr\/wp-content\/uploads\/2026\/03\/alfa-romeo-junior-mecique.jpg\",\"datePublished\":\"2026-04-28T08:59:57+00:00\",\"description\":\"Apr\u00e8s une ann\u00e9e 2025 marqu\u00e9e par un l\u00e9ger prog\u00e8s avec un retour autour des 70 000 immatriculations, Alfa Romeo entame 2026 avec une question simple : la\",\"breadcrumb\":{\"@id\":\"https:\/\/www.italpassion.fr\/tr\/alfa-romeo\/le-junior-sauve-alfa-romeo-mais-le-tonale-seffondre-malgre-son-restylage\/#breadcrumb\"},\"inLanguage\":\"tr\",\"potentialAction\":[{\"@type\":\"ReadAction\",\"target\":[\"https:\/\/www.italpassion.fr\/tr\/alfa-romeo\/le-junior-sauve-alfa-romeo-mais-le-tonale-seffondre-malgre-son-restylage\/\"]}]},{\"@type\":\"ImageObject\",\"inLanguage\":\"tr\",\"@id\":\"https:\/\/www.italpassion.fr\/tr\/alfa-romeo\/le-junior-sauve-alfa-romeo-mais-le-tonale-seffondre-malgre-son-restylage\/#primaryimage\",\"url\":\"https:\/\/www.italpassion.fr\/wp-content\/uploads\/2026\/03\/alfa-romeo-junior-mecique.jpg\",\"contentUrl\":\"https:\/\/www.italpassion.fr\/wp-content\/uploads\/2026\/03\/alfa-romeo-junior-mecique.jpg\",\"width\":1200,\"height\":800},{\"@type\":\"BreadcrumbList\",\"@id\":\"https:\/\/www.italpassion.fr\/tr\/alfa-romeo\/le-junior-sauve-alfa-romeo-mais-le-tonale-seffondre-malgre-son-restylage\/#breadcrumb\",\"itemListElement\":[{\"@type\":\"ListItem\",\"position\":1,\"name\":\"Accueil\",\"item\":\"https:\/\/www.italpassion.fr\/tr\/\"},{\"@type\":\"ListItem\",\"position\":2,\"name\":\"Le Junior sauve Alfa Romeo\u2026 mais le Tonale s&rsquo;effondre malgr\u00e9 son restylage\"}]},{\"@type\":\"WebSite\",\"@id\":\"https:\/\/www.italpassion.fr\/tr\/#website\",\"url\":\"https:\/\/www.italpassion.fr\/tr\/\",\"name\":\"ItalPassion\",\"description\":\"Les Passionn\u00e9s d&#039;Automobiles Italiennes\",\"publisher\":{\"@id\":\"https:\/\/www.italpassion.fr\/tr\/#organization\"},\"potentialAction\":[{\"@type\":\"SearchAction\",\"target\":{\"@type\":\"EntryPoint\",\"urlTemplate\":\"https:\/\/www.italpassion.fr\/tr\/?s={search_term_string}\"},\"query-input\":{\"@type\":\"PropertyValueSpecification\",\"valueRequired\":true,\"valueName\":\"search_term_string\"}}],\"inLanguage\":\"tr\"},{\"@type\":\"Organization\",\"@id\":\"https:\/\/www.italpassion.fr\/tr\/#organization\",\"name\":\"Italpassion\",\"url\":\"https:\/\/www.italpassion.fr\/tr\/\",\"logo\":{\"@type\":\"ImageObject\",\"inLanguage\":\"tr\",\"@id\":\"https:\/\/www.italpassion.fr\/tr\/#\/schema\/logo\/image\/\",\"url\":\"https:\/\/www.italpassion.fr\/wp-content\/uploads\/2023\/07\/italpassion-yoast.jpg\",\"contentUrl\":\"https:\/\/www.italpassion.fr\/wp-content\/uploads\/2023\/07\/italpassion-yoast.jpg\",\"width\":696,\"height\":696,\"caption\":\"Italpassion\"},\"image\":{\"@id\":\"https:\/\/www.italpassion.fr\/tr\/#\/schema\/logo\/image\/\"},\"sameAs\":[\"https:\/\/www.facebook.com\/italpassion\",\"https:\/\/x.com\/italpassion\",\"https:\/\/www.instagram.com\/italpassionfr\/\",\"https:\/\/www.youtube.com\/channel\/UCleq-ByQaA42OjhopwevRjQ\",\"https:\/\/www.facebook.com\/italpassion.en\/\",\"https:\/\/www.facebook.com\/italpassion.it\/\",\"https:\/\/www.facebook.com\/italpassion.de\/\",\"https:\/\/www.facebook.com\/italpassion.ja\/\"]},{\"@type\":\"Person\",\"@id\":\"https:\/\/www.italpassion.fr\/tr\/#\/schema\/person\/36f747b2a759ca202d847e85a9434ca0\",\"name\":\"Alexandre Filluzeau\",\"image\":{\"@type\":\"ImageObject\",\"inLanguage\":\"tr\",\"@id\":\"https:\/\/www.italpassion.fr\/tr\/#\/schema\/person\/image\/\",\"url\":\"https:\/\/www.italpassion.fr\/wp-content\/uploads\/2025\/04\/avatar-alexandre-160x160.jpg\",\"contentUrl\":\"https:\/\/www.italpassion.fr\/wp-content\/uploads\/2025\/04\/avatar-alexandre-160x160.jpg\",\"caption\":\"Alexandre Filluzeau\"},\"description\":\"Fondateur du site ItalPassion, passionn\u00e9 de voitures italiennes et de l'Italie en g\u00e9n\u00e9ral. J'apporte un regard critique et technique aux actualit\u00e9s des marques italiennes quand cela est possible. Propri\u00e9taire d'une Maserati GranTurismo, Alfa Romeo MiTo, Lancia Fulvia et Ducati 695. Ex-propri\u00e9taire d'une Alfa Romeo Giulia.\",\"sameAs\":[\"https:\/\/www.italpassion.fr\/\"],\"url\":\"https:\/\/www.italpassion.fr\/tr\/author\/alexandre\/\"}]}<\/script>\n<!-- \/ Yoast SEO plugin. -->","yoast_head_json":{"title":"Junior Alfa Romeo'yu kurtar\u0131yor... ancak Tonale yeniden \u015fekillendirilmesine ra\u011fmen \u00e7\u00f6k\u00fcyor - ItalPassion","description":"Alfa Romeo, 2025 y\u0131l\u0131nda hafif bir ilerleme kaydederek yakla\u015f\u0131k 70.000 tescil say\u0131s\u0131na ula\u015ft\u0131ktan sonra, 2026 y\u0131l\u0131na basit bir soruyla ba\u015fl\u0131yor","robots":{"index":"index","follow":"follow","max-snippet":"max-snippet:-1","max-image-preview":"max-image-preview:large","max-video-preview":"max-video-preview:-1"},"canonical":"https:\/\/www.italpassion.fr\/tr\/alfa-romeo\/junior-alfa-romeoyu-kurtardi-ama-tonale-yeni\u0307den-yapilandirilmasina-ragmen-dagildi\/","og_locale":"tr_TR","og_type":"article","og_title":"Le Junior sauve Alfa Romeo\u2026 mais le Tonale s'effondre malgr\u00e9 son restylage - ItalPassion","og_description":"Apr\u00e8s une ann\u00e9e 2025 marqu\u00e9e par un l\u00e9ger prog\u00e8s avec un retour autour des 70 000 immatriculations, Alfa Romeo entame 2026 avec une question simple : la","og_url":"https:\/\/www.italpassion.fr\/tr\/alfa-romeo\/junior-alfa-romeoyu-kurtardi-ama-tonale-yeni\u0307den-yapilandirilmasina-ragmen-dagildi\/","og_site_name":"ItalPassion","article_publisher":"https:\/\/www.facebook.com\/italpassion","article_published_time":"2026-04-28T08:59:57+00:00","og_image":[{"width":1200,"height":800,"url":"https:\/\/www.italpassion.fr\/wp-content\/uploads\/2026\/03\/alfa-romeo-junior-mecique.jpg","type":"image\/jpeg"}],"author":"Alexandre Filluzeau","twitter_card":"summary_large_image","twitter_creator":"@italpassion","twitter_site":"@italpassion","schema":{"@context":"https:\/\/schema.org","@graph":[{"@type":"NewsArticle","@id":"https:\/\/www.italpassion.fr\/tr\/alfa-romeo\/le-junior-sauve-alfa-romeo-mais-le-tonale-seffondre-malgre-son-restylage\/#article","isPartOf":{"@id":"https:\/\/www.italpassion.fr\/tr\/alfa-romeo\/le-junior-sauve-alfa-romeo-mais-le-tonale-seffondre-malgre-son-restylage\/"},"author":{"name":"Alexandre Filluzeau","@id":"https:\/\/www.italpassion.fr\/tr\/#\/schema\/person\/36f747b2a759ca202d847e85a9434ca0"},"headline":"Le Junior sauve Alfa Romeo\u2026 mais le Tonale s&rsquo;effondre malgr\u00e9 son restylage","datePublished":"2026-04-28T08:59:57+00:00","mainEntityOfPage":{"@id":"https:\/\/www.italpassion.fr\/tr\/alfa-romeo\/le-junior-sauve-alfa-romeo-mais-le-tonale-seffondre-malgre-son-restylage\/"},"wordCount":891,"commentCount":2,"publisher":{"@id":"https:\/\/www.italpassion.fr\/tr\/#organization"},"image":{"@id":"https:\/\/www.italpassion.fr\/tr\/alfa-romeo\/le-junior-sauve-alfa-romeo-mais-le-tonale-seffondre-malgre-son-restylage\/#primaryimage"},"thumbnailUrl":"https:\/\/www.italpassion.fr\/wp-content\/uploads\/2026\/03\/alfa-romeo-junior-mecique.jpg","articleSection":["Alfa Romeo"],"inLanguage":"tr","potentialAction":[{"@type":"CommentAction","name":"Comment","target":["https:\/\/www.italpassion.fr\/tr\/alfa-romeo\/le-junior-sauve-alfa-romeo-mais-le-tonale-seffondre-malgre-son-restylage\/#respond"]}]},{"@type":"WebPage","@id":"https:\/\/www.italpassion.fr\/tr\/alfa-romeo\/le-junior-sauve-alfa-romeo-mais-le-tonale-seffondre-malgre-son-restylage\/","url":"https:\/\/www.italpassion.fr\/tr\/alfa-romeo\/le-junior-sauve-alfa-romeo-mais-le-tonale-seffondre-malgre-son-restylage\/","name":"Junior Alfa Romeo'yu kurtar\u0131yor... ancak Tonale yeniden \u015fekillendirilmesine ra\u011fmen \u00e7\u00f6k\u00fcyor - ItalPassion","isPartOf":{"@id":"https:\/\/www.italpassion.fr\/tr\/#website"},"primaryImageOfPage":{"@id":"https:\/\/www.italpassion.fr\/tr\/alfa-romeo\/le-junior-sauve-alfa-romeo-mais-le-tonale-seffondre-malgre-son-restylage\/#primaryimage"},"image":{"@id":"https:\/\/www.italpassion.fr\/tr\/alfa-romeo\/le-junior-sauve-alfa-romeo-mais-le-tonale-seffondre-malgre-son-restylage\/#primaryimage"},"thumbnailUrl":"https:\/\/www.italpassion.fr\/wp-content\/uploads\/2026\/03\/alfa-romeo-junior-mecique.jpg","datePublished":"2026-04-28T08:59:57+00:00","description":"Alfa Romeo, 2025 y\u0131l\u0131nda hafif bir ilerleme kaydederek yakla\u015f\u0131k 70.000 tescil say\u0131s\u0131na ula\u015ft\u0131ktan sonra, 2026 y\u0131l\u0131na basit bir soruyla ba\u015fl\u0131yor","breadcrumb":{"@id":"https:\/\/www.italpassion.fr\/tr\/alfa-romeo\/le-junior-sauve-alfa-romeo-mais-le-tonale-seffondre-malgre-son-restylage\/#breadcrumb"},"inLanguage":"tr","potentialAction":[{"@type":"ReadAction","target":["https:\/\/www.italpassion.fr\/tr\/alfa-romeo\/le-junior-sauve-alfa-romeo-mais-le-tonale-seffondre-malgre-son-restylage\/"]}]},{"@type":"ImageObject","inLanguage":"tr","@id":"https:\/\/www.italpassion.fr\/tr\/alfa-romeo\/le-junior-sauve-alfa-romeo-mais-le-tonale-seffondre-malgre-son-restylage\/#primaryimage","url":"https:\/\/www.italpassion.fr\/wp-content\/uploads\/2026\/03\/alfa-romeo-junior-mecique.jpg","contentUrl":"https:\/\/www.italpassion.fr\/wp-content\/uploads\/2026\/03\/alfa-romeo-junior-mecique.jpg","width":1200,"height":800},{"@type":"BreadcrumbList","@id":"https:\/\/www.italpassion.fr\/tr\/alfa-romeo\/le-junior-sauve-alfa-romeo-mais-le-tonale-seffondre-malgre-son-restylage\/#breadcrumb","itemListElement":[{"@type":"ListItem","position":1,"name":"Accueil","item":"https:\/\/www.italpassion.fr\/tr\/"},{"@type":"ListItem","position":2,"name":"Le Junior sauve Alfa Romeo\u2026 mais le Tonale s&rsquo;effondre malgr\u00e9 son restylage"}]},{"@type":"WebSite","@id":"https:\/\/www.italpassion.fr\/tr\/#website","url":"https:\/\/www.italpassion.fr\/tr\/","name":"ItalPassion","description":"\u0130talyan Araba Merakl\u0131lar\u0131","publisher":{"@id":"https:\/\/www.italpassion.fr\/tr\/#organization"},"potentialAction":[{"@type":"SearchAction","target":{"@type":"EntryPoint","urlTemplate":"https:\/\/www.italpassion.fr\/tr\/?s={search_term_string}"},"query-input":{"@type":"PropertyValueSpecification","valueRequired":true,"valueName":"search_term_string"}}],"inLanguage":"tr"},{"@type":"Organization","@id":"https:\/\/www.italpassion.fr\/tr\/#organization","name":"Italpassion","url":"https:\/\/www.italpassion.fr\/tr\/","logo":{"@type":"ImageObject","inLanguage":"tr","@id":"https:\/\/www.italpassion.fr\/tr\/#\/schema\/logo\/image\/","url":"https:\/\/www.italpassion.fr\/wp-content\/uploads\/2023\/07\/italpassion-yoast.jpg","contentUrl":"https:\/\/www.italpassion.fr\/wp-content\/uploads\/2023\/07\/italpassion-yoast.jpg","width":696,"height":696,"caption":"Italpassion"},"image":{"@id":"https:\/\/www.italpassion.fr\/tr\/#\/schema\/logo\/image\/"},"sameAs":["https:\/\/www.facebook.com\/italpassion","https:\/\/x.com\/italpassion","https:\/\/www.instagram.com\/italpassionfr\/","https:\/\/www.youtube.com\/channel\/UCleq-ByQaA42OjhopwevRjQ","https:\/\/www.facebook.com\/italpassion.en\/","https:\/\/www.facebook.com\/italpassion.it\/","https:\/\/www.facebook.com\/italpassion.de\/","https:\/\/www.facebook.com\/italpassion.ja\/"]},{"@type":"Person","@id":"https:\/\/www.italpassion.fr\/tr\/#\/schema\/person\/36f747b2a759ca202d847e85a9434ca0","name":"Alexandre Filluzeau","image":{"@type":"ImageObject","inLanguage":"tr","@id":"https:\/\/www.italpassion.fr\/tr\/#\/schema\/person\/image\/","url":"https:\/\/www.italpassion.fr\/wp-content\/uploads\/2025\/04\/avatar-alexandre-160x160.jpg","contentUrl":"https:\/\/www.italpassion.fr\/wp-content\/uploads\/2025\/04\/avatar-alexandre-160x160.jpg","caption":"Alexandre Filluzeau"},"description":"ItalPassion web sitesinin kurucusu, \u0130talyan otomobilleri ve genel olarak \u0130talya hakk\u0131nda tutkulu. M\u00fcmk\u00fcn oldu\u011funca \u0130talyan markalar\u0131n\u0131n haberlerine ele\u015ftirel ve teknik bir g\u00f6z getiriyorum. Maserati GranTurismo, Alfa Romeo MiTo, Lancia Fulvia ve Ducati 695 sahibiyim. Alfa Romeo Giulia'n\u0131n eski sahibi.","sameAs":["https:\/\/www.italpassion.fr\/"],"url":"https:\/\/www.italpassion.fr\/tr\/author\/alexandre\/"}]}},"_links":{"self":[{"href":"https:\/\/www.italpassion.fr\/tr\/wp-json\/wp\/v2\/posts\/49399","targetHints":{"allow":["GET"]}}],"collection":[{"href":"https:\/\/www.italpassion.fr\/tr\/wp-json\/wp\/v2\/posts"}],"about":[{"href":"https:\/\/www.italpassion.fr\/tr\/wp-json\/wp\/v2\/types\/post"}],"author":[{"embeddable":true,"href":"https:\/\/www.italpassion.fr\/tr\/wp-json\/wp\/v2\/users\/1"}],"replies":[{"embeddable":true,"href":"https:\/\/www.italpassion.fr\/tr\/wp-json\/wp\/v2\/comments?post=49399"}],"version-history":[{"count":2,"href":"https:\/\/www.italpassion.fr\/tr\/wp-json\/wp\/v2\/posts\/49399\/revisions"}],"predecessor-version":[{"id":49401,"href":"https:\/\/www.italpassion.fr\/tr\/wp-json\/wp\/v2\/posts\/49399\/revisions\/49401"}],"wp:featuredmedia":[{"embeddable":true,"href":"https:\/\/www.italpassion.fr\/tr\/wp-json\/wp\/v2\/media\/47353"}],"wp:attachment":[{"href":"https:\/\/www.italpassion.fr\/tr\/wp-json\/wp\/v2\/media?parent=49399"}],"wp:term":[{"taxonomy":"category","embeddable":true,"href":"https:\/\/www.italpassion.fr\/tr\/wp-json\/wp\/v2\/categories?post=49399"},{"taxonomy":"post_tag","embeddable":true,"href":"https:\/\/www.italpassion.fr\/tr\/wp-json\/wp\/v2\/tags?post=49399"}],"curies":[{"name":"wp","href":"https:\/\/api.w.org\/{rel}","templated":true}]}}