{"id":49390,"date":"2026-04-28T08:50:28","date_gmt":"2026-04-28T06:50:28","guid":{"rendered":"https:\/\/www.italpassion.fr\/?p=49390"},"modified":"2026-04-27T21:44:53","modified_gmt":"2026-04-27T19:44:53","slug":"stellantis-ci%cc%87ni%cc%87n-elektri%cc%87kte-10-yil-onde-oldugunu-kabul-edi%cc%87yor-ve-avrupada-tartisilmaya-devam-edecek-bi%cc%87r-sonuca-variyor","status":"publish","type":"post","link":"https:\/\/www.italpassion.fr\/tr\/stellantis\/stellantis-reconnait-que-la-chine-a-10-ans-davance-dans-lelectrique-et-tire-une-conclusion-qui-va-encore-faire-debat-en-europe\/","title":{"rendered":"Stellantis, \u00c7in'in elektrikli ara\u00e7larda \u00ab10 y\u0131l ileride\u00bb oldu\u011funu kabul ediyor... ve Avrupa'da tart\u0131\u015f\u0131lmaya devam edecek bir sonuca var\u0131yor"},"content":{"rendered":"<figure class=\"wp-block-image size-full\"><img loading=\"lazy\" decoding=\"async\" width=\"1200\" height=\"800\" src=\"https:\/\/www.italpassion.fr\/wp-content\/uploads\/2026\/04\/gregoire-olivier.jpg\" alt=\"\" class=\"wp-image-49391\" srcset=\"https:\/\/www.italpassion.fr\/wp-content\/uploads\/2026\/04\/gregoire-olivier.jpg 1200w, https:\/\/www.italpassion.fr\/wp-content\/uploads\/2026\/04\/gregoire-olivier-420x280.jpg 420w, https:\/\/www.italpassion.fr\/wp-content\/uploads\/2026\/04\/gregoire-olivier-768x512.jpg 768w, https:\/\/www.italpassion.fr\/wp-content\/uploads\/2026\/04\/gregoire-olivier-18x12.jpg 18w\" sizes=\"auto, (max-width: 1200px) 100vw, 1200px\" \/><\/figure>\n\n\n\n<p>Birka\u00e7 y\u0131l aradan sonra Pekin Otomobil Fuar\u0131, T\u00fcrkiye'nin stratejik d\u00f6n\u00fc\u015f\u00fcne i\u015faret ediyor. <a href=\"https:\/\/www.italpassion.fr\/tr\/stellantis\/\">Stellantis<\/a> \u00c7in sahnesinin \u00f6n saflar\u0131nda yer ald\u0131. Ancak konsept ara\u00e7lar\u0131n ve spot \u0131\u015f\u0131klar\u0131n\u0131n ard\u0131nda dikkat \u00e7eken, her \u015feyden \u00f6nce al\u0131\u015f\u0131lmad\u0131k derecede anla\u015f\u0131l\u0131r bir konu\u015fmayd\u0131.<\/p>\n\n\n\n<p>Stellantis'in \u00c7in ve Asya-Pasifik B\u00f6lgesi Direkt\u00f6r\u00fc Olivier Gr\u00e9goire, \u00c7in medya kurulu\u015fu Hubei Daily'ye verdi\u011fi bir r\u00f6portajda, grubun elektrikli ara\u00e7lardaki gelece\u011finin mutlaka \u00c7in'de ve yerel ortakl\u0131klarda yataca\u011f\u0131n\u0131 a\u00e7\u0131k\u00e7a belirtti.<\/p>\n\n\n\n<h2 class=\"wp-block-heading\">\u00ab\u00c7in elektrikli otomobillerde 10 y\u0131l ileride\u00bb.\u00bb<\/h2>\n\n\n\n<p>Mesaj a\u00e7\u0131k, Bat\u0131l\u0131 bir \u00fcretici i\u00e7in neredeyse ac\u0131mas\u0131z: Stellantis'e g\u00f6re \u00c7in art\u0131k elektrikli ara\u00e7 sekt\u00f6r\u00fcne hakim.<\/p>\n\n\n\n<p>\u00abOlivier Gr\u00e9goire, \u00bb\u00c7in muhtemelen d\u00fcnyan\u0131n geri kalan\u0131ndan on y\u0131l ileride\u00ab diye a\u00e7\u0131kl\u0131yor. Bu liderlik sadece ara\u00e7larla s\u0131n\u0131rl\u0131 de\u011fil, t\u00fcm end\u00fcstriyel ekosistemi kaps\u0131yor: bataryalar, motorlar, ara\u00e7 elektroni\u011fi, yaz\u0131l\u0131m mimarileri vs... Bu ger\u00e7ekle y\u00fczle\u015fen Grup, tek ba\u015f\u0131na ba\u015far\u0131l\u0131 olamayaca\u011f\u0131n\u0131n fark\u0131nda. \u00bb\u00c7inli \u015firketlerle i\u015fbirli\u011fi yapmazsan\u0131z, elektrikli ara\u00e7lar alan\u0131nda ba\u015far\u0131l\u0131 olman\u0131z \u00e7ok zor olacakt\u0131r\" diye itiraf ediyor. Bu durum, son y\u0131llarda Avrupa ve Amerika Birle\u015fik Devletleri'nde benimsenen daha korumac\u0131 tutumla tezat olu\u015fturuyor.<\/p>\n\n\n\n<h2 class=\"wp-block-heading\">Gelece\u011fin modelleri... \u00c7in ile birlikte tasarland\u0131<\/h2>\n\n\n\n<p>Stellantis'in stratejisindeki \u00f6nemli bir de\u011fi\u015fiklik, gelecekteki ara\u00e7lar\u0131n\u0131 yerel oyuncularla birlikte geli\u015ftirme niyetini beyan etmesidir. Grup, elektrikli ara\u00e7lardaki geli\u015fimini h\u0131zland\u0131rmak ve art\u0131k gerekli oldu\u011fu d\u00fc\u015f\u00fcn\u00fclen bir ekosistemden yararlanmak i\u00e7in \u00c7inli ortaklara g\u00fcvenmeyi ama\u00e7l\u0131yor. Referans g\u00f6sterilenler aras\u0131nda grubun uzun s\u00fcredir orta\u011f\u0131 olan Dongfeng Motor Corporation da yer al\u0131yor.<\/p>\n\n\n\n<figure class=\"wp-block-image size-full\"><img loading=\"lazy\" decoding=\"async\" width=\"1200\" height=\"800\" src=\"https:\/\/www.italpassion.fr\/wp-content\/uploads\/2026\/04\/concept-citroen.jpg\" alt=\"\" class=\"wp-image-49392\" srcset=\"https:\/\/www.italpassion.fr\/wp-content\/uploads\/2026\/04\/concept-citroen.jpg 1200w, https:\/\/www.italpassion.fr\/wp-content\/uploads\/2026\/04\/concept-citroen-420x280.jpg 420w, https:\/\/www.italpassion.fr\/wp-content\/uploads\/2026\/04\/concept-citroen-768x512.jpg 768w, https:\/\/www.italpassion.fr\/wp-content\/uploads\/2026\/04\/concept-citroen-18x12.jpg 18w\" sizes=\"auto, (max-width: 1200px) 100vw, 1200px\" \/><\/figure>\n\n\n\n<figure class=\"wp-block-image size-full\"><img loading=\"lazy\" decoding=\"async\" width=\"1200\" height=\"800\" src=\"https:\/\/www.italpassion.fr\/wp-content\/uploads\/2026\/04\/concept-peugeot.jpg\" alt=\"\" class=\"wp-image-49393\" srcset=\"https:\/\/www.italpassion.fr\/wp-content\/uploads\/2026\/04\/concept-peugeot.jpg 1200w, https:\/\/www.italpassion.fr\/wp-content\/uploads\/2026\/04\/concept-peugeot-420x280.jpg 420w, https:\/\/www.italpassion.fr\/wp-content\/uploads\/2026\/04\/concept-peugeot-768x512.jpg 768w, https:\/\/www.italpassion.fr\/wp-content\/uploads\/2026\/04\/concept-peugeot-18x12.jpg 18w\" sizes=\"auto, (max-width: 1200px) 100vw, 1200px\" \/><\/figure>\n\n\n\n<figure class=\"wp-block-image size-full\"><img loading=\"lazy\" decoding=\"async\" width=\"1200\" height=\"800\" src=\"https:\/\/www.italpassion.fr\/wp-content\/uploads\/2026\/04\/concept-peugeot-2.jpg\" alt=\"\" class=\"wp-image-49394\" srcset=\"https:\/\/www.italpassion.fr\/wp-content\/uploads\/2026\/04\/concept-peugeot-2.jpg 1200w, https:\/\/www.italpassion.fr\/wp-content\/uploads\/2026\/04\/concept-peugeot-2-420x280.jpg 420w, https:\/\/www.italpassion.fr\/wp-content\/uploads\/2026\/04\/concept-peugeot-2-768x512.jpg 768w, https:\/\/www.italpassion.fr\/wp-content\/uploads\/2026\/04\/concept-peugeot-2-18x12.jpg 18w\" sizes=\"auto, (max-width: 1200px) 100vw, 1200px\" \/><\/figure>\n\n\n\n<figure class=\"wp-block-image size-full\"><img loading=\"lazy\" decoding=\"async\" width=\"1200\" height=\"800\" src=\"https:\/\/www.italpassion.fr\/wp-content\/uploads\/2026\/04\/concept-citroen-2.jpg\" alt=\"\" class=\"wp-image-49395\" srcset=\"https:\/\/www.italpassion.fr\/wp-content\/uploads\/2026\/04\/concept-citroen-2.jpg 1200w, https:\/\/www.italpassion.fr\/wp-content\/uploads\/2026\/04\/concept-citroen-2-420x280.jpg 420w, https:\/\/www.italpassion.fr\/wp-content\/uploads\/2026\/04\/concept-citroen-2-768x512.jpg 768w, https:\/\/www.italpassion.fr\/wp-content\/uploads\/2026\/04\/concept-citroen-2-18x12.jpg 18w\" sizes=\"auto, (max-width: 1200px) 100vw, 1200px\" \/><\/figure>\n\n\n\n<p>Ama\u00e7 a\u00e7\u0131k: yerel ihtiya\u00e7lara uyarlanm\u0131\u015f ama ayn\u0131 zamanda uluslararas\u0131 ba\u015far\u0131 elde edebilecek rekabet\u00e7i modeller \u00fcretmek. Bu d\u00fc\u015f\u00fcnceyle Pekin'de sergilenen konsept ara\u00e7lar\u0131n bir\u00e7o\u011fu \u00c7in'de, \u00f6zellikle de Wuhan fabrikas\u0131nda sanayile\u015ftirilebilir.<\/p>\n\n\n\n<h2 class=\"wp-block-heading\">Wuhan, sanayinin temel dire\u011fi ve gelece\u011fin sembol\u00fc<\/h2>\n\n\n\n<p>Stellantis \u00c7in'de uzun bir ge\u00e7mi\u015fe sahiptir. Grup, Dongfeng ile ortak giri\u015fiminin kuruldu\u011fu 1992 y\u0131l\u0131ndan bu yana Wuhan b\u00f6lgesinde faaliyet g\u00f6stermektedir. Bug\u00fcn, bu b\u00f6lge \u00fclkenin ana otomotiv merkezlerinden biri haline geldi ve genellikle \u00c7in'in \u00abotomotiv vadisi\u00bb olarak an\u0131l\u0131yor.<\/p>\n\n\n\n<p>Stellantis i\u00e7in Wuhan, end\u00fcstriyel stratejisinde kilit bir unsur olmaya devam ediyor. Grup buraya yat\u0131r\u0131m yapmaya ve gelecekteki elektrikli modellerini geli\u015ftirmeye devam etme niyetini teyit etti. Bu \u015fekilde Stellantis, halihaz\u0131rda liderli\u011fi \u00fcstlenmi\u015f olanlara tam olarak g\u00fcvenerek kaybedilen zaman\u0131 telafi etmeyi umuyor. Bir hat\u0131rlatma olarak <a href=\"https:\/\/www.italpassion.fr\/tr\/stellantis\/8-ayda-9-zi%cc%87yaret-ci%cc%87nde-1-mi%cc%87lyarlik-i%cc%87flasina-ragmen-stellantis-uzun-sureli%cc%87-ortagina-kur-yapiyor\/\">Stellantis \u00c7in'e 9 resmi ziyaret ger\u00e7ekle\u015ftirdi<\/a>, 8 ay i\u00e7inde.<\/p>","protected":false},"excerpt":{"rendered":"","protected":false},"author":1,"featured_media":49391,"comment_status":"open","ping_status":"open","sticky":false,"template":"","format":"standard","meta":{"_acf_changed":false,"_sitemap_exclude":false,"_sitemap_priority":"","_sitemap_frequency":"","footnotes":""},"categories":[29],"tags":[],"class_list":["post-49390","post","type-post","status-publish","format-standard","has-post-thumbnail","hentry","category-stellantis","generate-columns","tablet-grid-50","mobile-grid-100","grid-parent","grid-33"],"acf":[],"yoast_head":"<!-- This site is optimized with the Yoast SEO plugin v25.8 - https:\/\/yoast.com\/wordpress\/plugins\/seo\/ -->\n<title>Stellantis reconna\u00eet que la Chine a &quot;10 ans d&#039;avance&quot; dans l&#039;\u00e9lectrique\u2026 et tire une conclusion qui va encore faire d\u00e9bat en Europe - ItalPassion<\/title>\n<meta name=\"description\" content=\"Apr\u00e8s plusieurs ann\u00e9es d\u2019absence, Salon de l&#039;automobile de P\u00e9kin marque le retour strat\u00e9gique de Stellantis sur le devant de la sc\u00e8ne chinoise. Mais\" \/>\n<meta name=\"robots\" content=\"index, follow, max-snippet:-1, max-image-preview:large, max-video-preview:-1\" \/>\n<link rel=\"canonical\" href=\"https:\/\/www.italpassion.fr\/tr\/stellantis\/stellantis-ci\u0307ni\u0307n-elektri\u0307kte-10-yil-onde-oldugunu-kabul-edi\u0307yor-ve-avrupada-tartisilmaya-devam-edecek-bi\u0307r-sonuca-variyor\/\" \/>\n<meta property=\"og:locale\" content=\"tr_TR\" \/>\n<meta property=\"og:type\" content=\"article\" \/>\n<meta property=\"og:title\" content=\"Stellantis reconna\u00eet que la Chine a &quot;10 ans d&#039;avance&quot; dans l&#039;\u00e9lectrique\u2026 et tire une conclusion qui va encore faire d\u00e9bat en Europe - ItalPassion\" \/>\n<meta property=\"og:description\" content=\"Apr\u00e8s plusieurs ann\u00e9es d\u2019absence, Salon de l&#039;automobile de P\u00e9kin marque le retour strat\u00e9gique de Stellantis sur le devant de la sc\u00e8ne chinoise. Mais\" \/>\n<meta property=\"og:url\" content=\"https:\/\/www.italpassion.fr\/tr\/stellantis\/stellantis-ci\u0307ni\u0307n-elektri\u0307kte-10-yil-onde-oldugunu-kabul-edi\u0307yor-ve-avrupada-tartisilmaya-devam-edecek-bi\u0307r-sonuca-variyor\/\" \/>\n<meta property=\"og:site_name\" content=\"ItalPassion\" \/>\n<meta property=\"article:publisher\" content=\"https:\/\/www.facebook.com\/italpassion\" \/>\n<meta property=\"article:published_time\" content=\"2026-04-28T06:50:28+00:00\" \/>\n<meta property=\"og:image\" content=\"https:\/\/www.italpassion.fr\/wp-content\/uploads\/2026\/04\/gregoire-olivier.jpg\" \/>\n\t<meta property=\"og:image:width\" content=\"1200\" \/>\n\t<meta property=\"og:image:height\" content=\"800\" \/>\n\t<meta property=\"og:image:type\" content=\"image\/jpeg\" \/>\n<meta name=\"author\" content=\"Alexandre Filluzeau\" \/>\n<meta name=\"twitter:card\" content=\"summary_large_image\" \/>\n<meta name=\"twitter:creator\" content=\"@italpassion\" \/>\n<meta name=\"twitter:site\" content=\"@italpassion\" \/>\n<script type=\"application\/ld+json\" class=\"yoast-schema-graph\">{\"@context\":\"https:\/\/schema.org\",\"@graph\":[{\"@type\":\"NewsArticle\",\"@id\":\"https:\/\/www.italpassion.fr\/tr\/stellantis\/stellantis-reconnait-que-la-chine-a-10-ans-davance-dans-lelectrique-et-tire-une-conclusion-qui-va-encore-faire-debat-en-europe\/#article\",\"isPartOf\":{\"@id\":\"https:\/\/www.italpassion.fr\/tr\/stellantis\/stellantis-reconnait-que-la-chine-a-10-ans-davance-dans-lelectrique-et-tire-une-conclusion-qui-va-encore-faire-debat-en-europe\/\"},\"author\":{\"name\":\"Alexandre Filluzeau\",\"@id\":\"https:\/\/www.italpassion.fr\/tr\/#\/schema\/person\/36f747b2a759ca202d847e85a9434ca0\"},\"headline\":\"Stellantis reconna\u00eet que la Chine a \u00ab\u00a010 ans d&rsquo;avance\u00a0\u00bb dans l&rsquo;\u00e9lectrique\u2026 et tire une conclusion qui va encore faire d\u00e9bat en Europe\",\"datePublished\":\"2026-04-28T06:50:28+00:00\",\"mainEntityOfPage\":{\"@id\":\"https:\/\/www.italpassion.fr\/tr\/stellantis\/stellantis-reconnait-que-la-chine-a-10-ans-davance-dans-lelectrique-et-tire-une-conclusion-qui-va-encore-faire-debat-en-europe\/\"},\"wordCount\":521,\"commentCount\":0,\"publisher\":{\"@id\":\"https:\/\/www.italpassion.fr\/tr\/#organization\"},\"image\":{\"@id\":\"https:\/\/www.italpassion.fr\/tr\/stellantis\/stellantis-reconnait-que-la-chine-a-10-ans-davance-dans-lelectrique-et-tire-une-conclusion-qui-va-encore-faire-debat-en-europe\/#primaryimage\"},\"thumbnailUrl\":\"https:\/\/www.italpassion.fr\/wp-content\/uploads\/2026\/04\/gregoire-olivier.jpg\",\"articleSection\":[\"Stellantis\"],\"inLanguage\":\"tr\",\"potentialAction\":[{\"@type\":\"CommentAction\",\"name\":\"Comment\",\"target\":[\"https:\/\/www.italpassion.fr\/tr\/stellantis\/stellantis-reconnait-que-la-chine-a-10-ans-davance-dans-lelectrique-et-tire-une-conclusion-qui-va-encore-faire-debat-en-europe\/#respond\"]}]},{\"@type\":\"WebPage\",\"@id\":\"https:\/\/www.italpassion.fr\/tr\/stellantis\/stellantis-reconnait-que-la-chine-a-10-ans-davance-dans-lelectrique-et-tire-une-conclusion-qui-va-encore-faire-debat-en-europe\/\",\"url\":\"https:\/\/www.italpassion.fr\/tr\/stellantis\/stellantis-reconnait-que-la-chine-a-10-ans-davance-dans-lelectrique-et-tire-une-conclusion-qui-va-encore-faire-debat-en-europe\/\",\"name\":\"Stellantis reconna\u00eet que la Chine a \\\"10 ans d'avance\\\" dans l'\u00e9lectrique\u2026 et tire une conclusion qui va encore faire d\u00e9bat en Europe - ItalPassion\",\"isPartOf\":{\"@id\":\"https:\/\/www.italpassion.fr\/tr\/#website\"},\"primaryImageOfPage\":{\"@id\":\"https:\/\/www.italpassion.fr\/tr\/stellantis\/stellantis-reconnait-que-la-chine-a-10-ans-davance-dans-lelectrique-et-tire-une-conclusion-qui-va-encore-faire-debat-en-europe\/#primaryimage\"},\"image\":{\"@id\":\"https:\/\/www.italpassion.fr\/tr\/stellantis\/stellantis-reconnait-que-la-chine-a-10-ans-davance-dans-lelectrique-et-tire-une-conclusion-qui-va-encore-faire-debat-en-europe\/#primaryimage\"},\"thumbnailUrl\":\"https:\/\/www.italpassion.fr\/wp-content\/uploads\/2026\/04\/gregoire-olivier.jpg\",\"datePublished\":\"2026-04-28T06:50:28+00:00\",\"description\":\"Apr\u00e8s plusieurs ann\u00e9es d\u2019absence, Salon de l'automobile de P\u00e9kin marque le retour strat\u00e9gique de Stellantis sur le devant de la sc\u00e8ne chinoise. Mais\",\"breadcrumb\":{\"@id\":\"https:\/\/www.italpassion.fr\/tr\/stellantis\/stellantis-reconnait-que-la-chine-a-10-ans-davance-dans-lelectrique-et-tire-une-conclusion-qui-va-encore-faire-debat-en-europe\/#breadcrumb\"},\"inLanguage\":\"tr\",\"potentialAction\":[{\"@type\":\"ReadAction\",\"target\":[\"https:\/\/www.italpassion.fr\/tr\/stellantis\/stellantis-reconnait-que-la-chine-a-10-ans-davance-dans-lelectrique-et-tire-une-conclusion-qui-va-encore-faire-debat-en-europe\/\"]}]},{\"@type\":\"ImageObject\",\"inLanguage\":\"tr\",\"@id\":\"https:\/\/www.italpassion.fr\/tr\/stellantis\/stellantis-reconnait-que-la-chine-a-10-ans-davance-dans-lelectrique-et-tire-une-conclusion-qui-va-encore-faire-debat-en-europe\/#primaryimage\",\"url\":\"https:\/\/www.italpassion.fr\/wp-content\/uploads\/2026\/04\/gregoire-olivier.jpg\",\"contentUrl\":\"https:\/\/www.italpassion.fr\/wp-content\/uploads\/2026\/04\/gregoire-olivier.jpg\",\"width\":1200,\"height\":800},{\"@type\":\"BreadcrumbList\",\"@id\":\"https:\/\/www.italpassion.fr\/tr\/stellantis\/stellantis-reconnait-que-la-chine-a-10-ans-davance-dans-lelectrique-et-tire-une-conclusion-qui-va-encore-faire-debat-en-europe\/#breadcrumb\",\"itemListElement\":[{\"@type\":\"ListItem\",\"position\":1,\"name\":\"Accueil\",\"item\":\"https:\/\/www.italpassion.fr\/tr\/\"},{\"@type\":\"ListItem\",\"position\":2,\"name\":\"Stellantis reconna\u00eet que la Chine a \u00ab\u00a010 ans d&rsquo;avance\u00a0\u00bb dans l&rsquo;\u00e9lectrique\u2026 et tire une conclusion qui va encore faire d\u00e9bat en Europe\"}]},{\"@type\":\"WebSite\",\"@id\":\"https:\/\/www.italpassion.fr\/tr\/#website\",\"url\":\"https:\/\/www.italpassion.fr\/tr\/\",\"name\":\"ItalPassion\",\"description\":\"Les Passionn\u00e9s d&#039;Automobiles Italiennes\",\"publisher\":{\"@id\":\"https:\/\/www.italpassion.fr\/tr\/#organization\"},\"potentialAction\":[{\"@type\":\"SearchAction\",\"target\":{\"@type\":\"EntryPoint\",\"urlTemplate\":\"https:\/\/www.italpassion.fr\/tr\/?s={search_term_string}\"},\"query-input\":{\"@type\":\"PropertyValueSpecification\",\"valueRequired\":true,\"valueName\":\"search_term_string\"}}],\"inLanguage\":\"tr\"},{\"@type\":\"Organization\",\"@id\":\"https:\/\/www.italpassion.fr\/tr\/#organization\",\"name\":\"Italpassion\",\"url\":\"https:\/\/www.italpassion.fr\/tr\/\",\"logo\":{\"@type\":\"ImageObject\",\"inLanguage\":\"tr\",\"@id\":\"https:\/\/www.italpassion.fr\/tr\/#\/schema\/logo\/image\/\",\"url\":\"https:\/\/www.italpassion.fr\/wp-content\/uploads\/2023\/07\/italpassion-yoast.jpg\",\"contentUrl\":\"https:\/\/www.italpassion.fr\/wp-content\/uploads\/2023\/07\/italpassion-yoast.jpg\",\"width\":696,\"height\":696,\"caption\":\"Italpassion\"},\"image\":{\"@id\":\"https:\/\/www.italpassion.fr\/tr\/#\/schema\/logo\/image\/\"},\"sameAs\":[\"https:\/\/www.facebook.com\/italpassion\",\"https:\/\/x.com\/italpassion\",\"https:\/\/www.instagram.com\/italpassionfr\/\",\"https:\/\/www.youtube.com\/channel\/UCleq-ByQaA42OjhopwevRjQ\",\"https:\/\/www.facebook.com\/italpassion.en\/\",\"https:\/\/www.facebook.com\/italpassion.it\/\",\"https:\/\/www.facebook.com\/italpassion.de\/\",\"https:\/\/www.facebook.com\/italpassion.ja\/\"]},{\"@type\":\"Person\",\"@id\":\"https:\/\/www.italpassion.fr\/tr\/#\/schema\/person\/36f747b2a759ca202d847e85a9434ca0\",\"name\":\"Alexandre Filluzeau\",\"image\":{\"@type\":\"ImageObject\",\"inLanguage\":\"tr\",\"@id\":\"https:\/\/www.italpassion.fr\/tr\/#\/schema\/person\/image\/\",\"url\":\"https:\/\/www.italpassion.fr\/wp-content\/uploads\/2025\/04\/avatar-alexandre-160x160.jpg\",\"contentUrl\":\"https:\/\/www.italpassion.fr\/wp-content\/uploads\/2025\/04\/avatar-alexandre-160x160.jpg\",\"caption\":\"Alexandre Filluzeau\"},\"description\":\"Fondateur du site ItalPassion, passionn\u00e9 de voitures italiennes et de l'Italie en g\u00e9n\u00e9ral. J'apporte un regard critique et technique aux actualit\u00e9s des marques italiennes quand cela est possible. Propri\u00e9taire d'une Maserati GranTurismo, Alfa Romeo MiTo, Lancia Fulvia et Ducati 695. Ex-propri\u00e9taire d'une Alfa Romeo Giulia.\",\"sameAs\":[\"https:\/\/www.italpassion.fr\/\"],\"url\":\"https:\/\/www.italpassion.fr\/tr\/author\/alexandre\/\"}]}<\/script>\n<!-- \/ Yoast SEO plugin. -->","yoast_head_json":{"title":"Stellantis \u00c7in'in elektrikli ara\u00e7larda \"10 y\u0131l ileride\" oldu\u011funu kabul ediyor... ve Avrupa'da tart\u0131\u015f\u0131lmaya devam edecek bir sonuca var\u0131yor - ItalPassion","description":"Birka\u00e7 y\u0131l aradan sonra Pekin Otomobil Fuar\u0131, Stellantis'in \u00c7in pazar\u0131n\u0131n \u00f6n saflar\u0131na stratejik d\u00f6n\u00fc\u015f\u00fcne i\u015faret ediyor. Ancak","robots":{"index":"index","follow":"follow","max-snippet":"max-snippet:-1","max-image-preview":"max-image-preview:large","max-video-preview":"max-video-preview:-1"},"canonical":"https:\/\/www.italpassion.fr\/tr\/stellantis\/stellantis-ci\u0307ni\u0307n-elektri\u0307kte-10-yil-onde-oldugunu-kabul-edi\u0307yor-ve-avrupada-tartisilmaya-devam-edecek-bi\u0307r-sonuca-variyor\/","og_locale":"tr_TR","og_type":"article","og_title":"Stellantis reconna\u00eet que la Chine a \"10 ans d'avance\" dans l'\u00e9lectrique\u2026 et tire une conclusion qui va encore faire d\u00e9bat en Europe - ItalPassion","og_description":"Apr\u00e8s plusieurs ann\u00e9es d\u2019absence, Salon de l'automobile de P\u00e9kin marque le retour strat\u00e9gique de Stellantis sur le devant de la sc\u00e8ne chinoise. Mais","og_url":"https:\/\/www.italpassion.fr\/tr\/stellantis\/stellantis-ci\u0307ni\u0307n-elektri\u0307kte-10-yil-onde-oldugunu-kabul-edi\u0307yor-ve-avrupada-tartisilmaya-devam-edecek-bi\u0307r-sonuca-variyor\/","og_site_name":"ItalPassion","article_publisher":"https:\/\/www.facebook.com\/italpassion","article_published_time":"2026-04-28T06:50:28+00:00","og_image":[{"width":1200,"height":800,"url":"https:\/\/www.italpassion.fr\/wp-content\/uploads\/2026\/04\/gregoire-olivier.jpg","type":"image\/jpeg"}],"author":"Alexandre Filluzeau","twitter_card":"summary_large_image","twitter_creator":"@italpassion","twitter_site":"@italpassion","schema":{"@context":"https:\/\/schema.org","@graph":[{"@type":"NewsArticle","@id":"https:\/\/www.italpassion.fr\/tr\/stellantis\/stellantis-reconnait-que-la-chine-a-10-ans-davance-dans-lelectrique-et-tire-une-conclusion-qui-va-encore-faire-debat-en-europe\/#article","isPartOf":{"@id":"https:\/\/www.italpassion.fr\/tr\/stellantis\/stellantis-reconnait-que-la-chine-a-10-ans-davance-dans-lelectrique-et-tire-une-conclusion-qui-va-encore-faire-debat-en-europe\/"},"author":{"name":"Alexandre Filluzeau","@id":"https:\/\/www.italpassion.fr\/tr\/#\/schema\/person\/36f747b2a759ca202d847e85a9434ca0"},"headline":"Stellantis reconna\u00eet que la Chine a \u00ab\u00a010 ans d&rsquo;avance\u00a0\u00bb dans l&rsquo;\u00e9lectrique\u2026 et tire une conclusion qui va encore faire d\u00e9bat en Europe","datePublished":"2026-04-28T06:50:28+00:00","mainEntityOfPage":{"@id":"https:\/\/www.italpassion.fr\/tr\/stellantis\/stellantis-reconnait-que-la-chine-a-10-ans-davance-dans-lelectrique-et-tire-une-conclusion-qui-va-encore-faire-debat-en-europe\/"},"wordCount":521,"commentCount":0,"publisher":{"@id":"https:\/\/www.italpassion.fr\/tr\/#organization"},"image":{"@id":"https:\/\/www.italpassion.fr\/tr\/stellantis\/stellantis-reconnait-que-la-chine-a-10-ans-davance-dans-lelectrique-et-tire-une-conclusion-qui-va-encore-faire-debat-en-europe\/#primaryimage"},"thumbnailUrl":"https:\/\/www.italpassion.fr\/wp-content\/uploads\/2026\/04\/gregoire-olivier.jpg","articleSection":["Stellantis"],"inLanguage":"tr","potentialAction":[{"@type":"CommentAction","name":"Comment","target":["https:\/\/www.italpassion.fr\/tr\/stellantis\/stellantis-reconnait-que-la-chine-a-10-ans-davance-dans-lelectrique-et-tire-une-conclusion-qui-va-encore-faire-debat-en-europe\/#respond"]}]},{"@type":"WebPage","@id":"https:\/\/www.italpassion.fr\/tr\/stellantis\/stellantis-reconnait-que-la-chine-a-10-ans-davance-dans-lelectrique-et-tire-une-conclusion-qui-va-encore-faire-debat-en-europe\/","url":"https:\/\/www.italpassion.fr\/tr\/stellantis\/stellantis-reconnait-que-la-chine-a-10-ans-davance-dans-lelectrique-et-tire-une-conclusion-qui-va-encore-faire-debat-en-europe\/","name":"Stellantis \u00c7in'in elektrikli ara\u00e7larda \"10 y\u0131l ileride\" oldu\u011funu kabul ediyor... ve Avrupa'da tart\u0131\u015f\u0131lmaya devam edecek bir sonuca var\u0131yor - ItalPassion","isPartOf":{"@id":"https:\/\/www.italpassion.fr\/tr\/#website"},"primaryImageOfPage":{"@id":"https:\/\/www.italpassion.fr\/tr\/stellantis\/stellantis-reconnait-que-la-chine-a-10-ans-davance-dans-lelectrique-et-tire-une-conclusion-qui-va-encore-faire-debat-en-europe\/#primaryimage"},"image":{"@id":"https:\/\/www.italpassion.fr\/tr\/stellantis\/stellantis-reconnait-que-la-chine-a-10-ans-davance-dans-lelectrique-et-tire-une-conclusion-qui-va-encore-faire-debat-en-europe\/#primaryimage"},"thumbnailUrl":"https:\/\/www.italpassion.fr\/wp-content\/uploads\/2026\/04\/gregoire-olivier.jpg","datePublished":"2026-04-28T06:50:28+00:00","description":"Birka\u00e7 y\u0131l aradan sonra Pekin Otomobil Fuar\u0131, Stellantis'in \u00c7in pazar\u0131n\u0131n \u00f6n saflar\u0131na stratejik d\u00f6n\u00fc\u015f\u00fcne i\u015faret ediyor. Ancak","breadcrumb":{"@id":"https:\/\/www.italpassion.fr\/tr\/stellantis\/stellantis-reconnait-que-la-chine-a-10-ans-davance-dans-lelectrique-et-tire-une-conclusion-qui-va-encore-faire-debat-en-europe\/#breadcrumb"},"inLanguage":"tr","potentialAction":[{"@type":"ReadAction","target":["https:\/\/www.italpassion.fr\/tr\/stellantis\/stellantis-reconnait-que-la-chine-a-10-ans-davance-dans-lelectrique-et-tire-une-conclusion-qui-va-encore-faire-debat-en-europe\/"]}]},{"@type":"ImageObject","inLanguage":"tr","@id":"https:\/\/www.italpassion.fr\/tr\/stellantis\/stellantis-reconnait-que-la-chine-a-10-ans-davance-dans-lelectrique-et-tire-une-conclusion-qui-va-encore-faire-debat-en-europe\/#primaryimage","url":"https:\/\/www.italpassion.fr\/wp-content\/uploads\/2026\/04\/gregoire-olivier.jpg","contentUrl":"https:\/\/www.italpassion.fr\/wp-content\/uploads\/2026\/04\/gregoire-olivier.jpg","width":1200,"height":800},{"@type":"BreadcrumbList","@id":"https:\/\/www.italpassion.fr\/tr\/stellantis\/stellantis-reconnait-que-la-chine-a-10-ans-davance-dans-lelectrique-et-tire-une-conclusion-qui-va-encore-faire-debat-en-europe\/#breadcrumb","itemListElement":[{"@type":"ListItem","position":1,"name":"Accueil","item":"https:\/\/www.italpassion.fr\/tr\/"},{"@type":"ListItem","position":2,"name":"Stellantis reconna\u00eet que la Chine a \u00ab\u00a010 ans d&rsquo;avance\u00a0\u00bb dans l&rsquo;\u00e9lectrique\u2026 et tire une conclusion qui va encore faire d\u00e9bat en Europe"}]},{"@type":"WebSite","@id":"https:\/\/www.italpassion.fr\/tr\/#website","url":"https:\/\/www.italpassion.fr\/tr\/","name":"ItalPassion","description":"\u0130talyan Araba Merakl\u0131lar\u0131","publisher":{"@id":"https:\/\/www.italpassion.fr\/tr\/#organization"},"potentialAction":[{"@type":"SearchAction","target":{"@type":"EntryPoint","urlTemplate":"https:\/\/www.italpassion.fr\/tr\/?s={search_term_string}"},"query-input":{"@type":"PropertyValueSpecification","valueRequired":true,"valueName":"search_term_string"}}],"inLanguage":"tr"},{"@type":"Organization","@id":"https:\/\/www.italpassion.fr\/tr\/#organization","name":"Italpassion","url":"https:\/\/www.italpassion.fr\/tr\/","logo":{"@type":"ImageObject","inLanguage":"tr","@id":"https:\/\/www.italpassion.fr\/tr\/#\/schema\/logo\/image\/","url":"https:\/\/www.italpassion.fr\/wp-content\/uploads\/2023\/07\/italpassion-yoast.jpg","contentUrl":"https:\/\/www.italpassion.fr\/wp-content\/uploads\/2023\/07\/italpassion-yoast.jpg","width":696,"height":696,"caption":"Italpassion"},"image":{"@id":"https:\/\/www.italpassion.fr\/tr\/#\/schema\/logo\/image\/"},"sameAs":["https:\/\/www.facebook.com\/italpassion","https:\/\/x.com\/italpassion","https:\/\/www.instagram.com\/italpassionfr\/","https:\/\/www.youtube.com\/channel\/UCleq-ByQaA42OjhopwevRjQ","https:\/\/www.facebook.com\/italpassion.en\/","https:\/\/www.facebook.com\/italpassion.it\/","https:\/\/www.facebook.com\/italpassion.de\/","https:\/\/www.facebook.com\/italpassion.ja\/"]},{"@type":"Person","@id":"https:\/\/www.italpassion.fr\/tr\/#\/schema\/person\/36f747b2a759ca202d847e85a9434ca0","name":"Alexandre Filluzeau","image":{"@type":"ImageObject","inLanguage":"tr","@id":"https:\/\/www.italpassion.fr\/tr\/#\/schema\/person\/image\/","url":"https:\/\/www.italpassion.fr\/wp-content\/uploads\/2025\/04\/avatar-alexandre-160x160.jpg","contentUrl":"https:\/\/www.italpassion.fr\/wp-content\/uploads\/2025\/04\/avatar-alexandre-160x160.jpg","caption":"Alexandre Filluzeau"},"description":"ItalPassion web sitesinin kurucusu, \u0130talyan otomobilleri ve genel olarak \u0130talya hakk\u0131nda tutkulu. M\u00fcmk\u00fcn oldu\u011funca \u0130talyan markalar\u0131n\u0131n haberlerine ele\u015ftirel ve teknik bir g\u00f6z getiriyorum. Maserati GranTurismo, Alfa Romeo MiTo, Lancia Fulvia ve Ducati 695 sahibiyim. Alfa Romeo Giulia'n\u0131n eski sahibi.","sameAs":["https:\/\/www.italpassion.fr\/"],"url":"https:\/\/www.italpassion.fr\/tr\/author\/alexandre\/"}]}},"_links":{"self":[{"href":"https:\/\/www.italpassion.fr\/tr\/wp-json\/wp\/v2\/posts\/49390","targetHints":{"allow":["GET"]}}],"collection":[{"href":"https:\/\/www.italpassion.fr\/tr\/wp-json\/wp\/v2\/posts"}],"about":[{"href":"https:\/\/www.italpassion.fr\/tr\/wp-json\/wp\/v2\/types\/post"}],"author":[{"embeddable":true,"href":"https:\/\/www.italpassion.fr\/tr\/wp-json\/wp\/v2\/users\/1"}],"replies":[{"embeddable":true,"href":"https:\/\/www.italpassion.fr\/tr\/wp-json\/wp\/v2\/comments?post=49390"}],"version-history":[{"count":1,"href":"https:\/\/www.italpassion.fr\/tr\/wp-json\/wp\/v2\/posts\/49390\/revisions"}],"predecessor-version":[{"id":49396,"href":"https:\/\/www.italpassion.fr\/tr\/wp-json\/wp\/v2\/posts\/49390\/revisions\/49396"}],"wp:featuredmedia":[{"embeddable":true,"href":"https:\/\/www.italpassion.fr\/tr\/wp-json\/wp\/v2\/media\/49391"}],"wp:attachment":[{"href":"https:\/\/www.italpassion.fr\/tr\/wp-json\/wp\/v2\/media?parent=49390"}],"wp:term":[{"taxonomy":"category","embeddable":true,"href":"https:\/\/www.italpassion.fr\/tr\/wp-json\/wp\/v2\/categories?post=49390"},{"taxonomy":"post_tag","embeddable":true,"href":"https:\/\/www.italpassion.fr\/tr\/wp-json\/wp\/v2\/tags?post=49390"}],"curies":[{"name":"wp","href":"https:\/\/api.w.org\/{rel}","templated":true}]}}