{"id":49330,"date":"2026-04-27T09:52:43","date_gmt":"2026-04-27T07:52:43","guid":{"rendered":"https:\/\/www.italpassion.fr\/?p=49330"},"modified":"2026-04-27T09:48:11","modified_gmt":"2026-04-27T07:48:11","slug":"lancia-kanarya-adalarinda-ust-uste-2-ralli%cc%87si%cc%87ni%cc%87-kazandi-otomobi%cc%87li%cc%87n-siniri-zorlandi","status":"publish","type":"post","link":"https:\/\/www.italpassion.fr\/tr\/lancia\/lancia-remporte-son-2e-rallye-de-la-suite-aux-iles-canaries-on-a-pousse-la-voiture-a-la-limite\/","title":{"rendered":"Lancia, Kanarya Adalar\u0131'nda \u00fcst \u00fcste 2. rallisini kazand\u0131... \u00abOtomobilin s\u0131n\u0131rlar\u0131n\u0131 zorlad\u0131k\u00bb"},"content":{"rendered":"<figure class=\"wp-block-image size-full\"><img loading=\"lazy\" decoding=\"async\" width=\"1200\" height=\"800\" src=\"https:\/\/www.italpassion.fr\/wp-content\/uploads\/2026\/04\/lancia-canarie-0.jpg\" alt=\"\" class=\"wp-image-49334\" srcset=\"https:\/\/www.italpassion.fr\/wp-content\/uploads\/2026\/04\/lancia-canarie-0.jpg 1200w, https:\/\/www.italpassion.fr\/wp-content\/uploads\/2026\/04\/lancia-canarie-0-420x280.jpg 420w, https:\/\/www.italpassion.fr\/wp-content\/uploads\/2026\/04\/lancia-canarie-0-768x512.jpg 768w, https:\/\/www.italpassion.fr\/wp-content\/uploads\/2026\/04\/lancia-canarie-0-18x12.jpg 18w\" sizes=\"auto, (max-width: 1200px) 100vw, 1200px\" \/><\/figure>\n\n\n\n<p>Bir izlenim b\u0131rakt\u0131ktan sadece birka\u00e7 g\u00fcn sonra <a href=\"https:\/\/www.italpassion.fr\/tr\/lancia\/i%cc%87ki%cc%87-ulusal-zaferi%cc%87n-ardindan-lancia-si%cc%87mdi%cc%87-de-hirvati%cc%87standa-wrc2yi%cc%87-kazandi-ve-toplamda-4-oldu\/\">H\u0131rvatistan'da<\/a>, <a href=\"https:\/\/www.italpassion.fr\/tr\/lancia\/\">Lancia<\/a> en \u00fcst seviyeye d\u00f6n\u00fc\u015f\u00fcn\u00fcn sadece bir saman alevi olmad\u0131\u011f\u0131n\u0131 teyit ediyor. Kanarya Adalar\u0131'nda, tamamen farkl\u0131 bir arazide, \u0130talyan marka \u00fcst \u00fcste ikinci zaferini elde etti. <a href=\"https:\/\/www.italpassion.fr\/tr\/rekabet\/ralli2\/\">WRC2<\/a>. Ve bir kez daha, kan\u0131t pudingin i\u00e7inde.<\/p>\n\n\n\n<h2 class=\"wp-block-heading\">M\u00fckemmel hafta sonu<\/h2>\n\n\n\n<p>Islas Canarias Rallisi'nin ilk etaplar\u0131ndan itibaren hava belirlendi. Yohan Rossel ve Arnaud Dunand h\u0131zla liderli\u011fi ele ge\u00e7irdi ve bir daha da b\u0131rakmad\u0131. \u0130spanya'n\u0131n volkanik yollar\u0131nda Frans\u0131z ikili etkileyici bir tempo tutturdu ve ilk g\u00fcn art arda be\u015f en h\u0131zl\u0131 zaman\u0131 kaydetti. Rossel, 18 \u00f6zel etap boyunca alt\u0131 en h\u0131zl\u0131 zamana imza att\u0131 ve liderli\u011fini kademeli olarak geni\u015fletti. Y\u00f6ntem, hassasiyet ve ko\u015fullar\u0131n m\u00fckemmel bir \u015fekilde anla\u015f\u0131lmas\u0131 \u00fczerine kurulu bir performans. \u00c7\u00fcnk\u00fc burada hi\u00e7bir \u015fey basit de\u011fildi: ani sa\u011fanaklar, \u0131slak b\u00f6l\u00fcmler ve g\u00fcne\u015fin \u0131s\u0131tt\u0131\u011f\u0131 a\u015f\u0131nd\u0131r\u0131c\u0131 asfalt aras\u0131nda, ralli s\u00fcrekli adaptasyon gerektiriyordu. Ancak bir\u00e7ok ki\u015finin teredd\u00fct etti\u011fi yerde Lancia her zaman bir ad\u0131m \u00f6nde g\u00f6r\u00fcn\u00fcyordu.<\/p>\n\n\n\n<figure class=\"wp-block-embed is-type-video is-provider-youtube wp-block-embed-youtube wp-embed-aspect-16-9 wp-has-aspect-ratio\"><div class=\"wp-block-embed__wrapper\">\n<iframe loading=\"lazy\" title=\"RALLY ISLAS CANARIAS 2026. TEST LANCIA YPSILON RALLY2 HF INTEGRALE. \" width=\"1200\" height=\"675\" src=\"https:\/\/www.youtube-nocookie.com\/embed\/bXjQwSTVsvY?feature=oembed\" frameborder=\"0\" allow=\"accelerometer; autoplay; clipboard-write; encrypted-media; gyroscope; picture-in-picture; web-share\" referrerpolicy=\"strict-origin-when-cross-origin\" allowfullscreen><\/iframe>\n<\/div><\/figure>\n\n\n\n<h2 class=\"wp-block-heading\">\u201cAraban\u0131n s\u0131n\u0131rlar\u0131n\u0131 zorlad\u0131k\u201d.\u201d<\/h2>\n\n\n\n<p>Rossel zaferini sadece h\u0131z\u0131na de\u011fil, ayn\u0131 zamanda y\u00f6netimine de bor\u00e7lu. Rallinin ilk b\u00f6l\u00fcm\u00fc kontrol alt\u0131ndayd\u0131, ancak geri kalan\u0131 \u00e7ok daha gergindi. Frans\u0131z s\u00fcr\u00fcc\u00fc, \u201cArac\u0131n s\u0131n\u0131rlar\u0131n\u0131 zorlad\u0131k, sonra da tempoyu y\u00f6netmeye \u00e7al\u0131\u015ft\u0131k... ama bu kolay de\u011fildi,\u201d diye itiraf etti. Arkas\u0131ndaki ikincilik m\u00fccadelesi s\u00fcrekli bir bask\u0131 olu\u015fturdu ve lideri sonuna kadar konsantre olmaya zorlad\u0131.<\/p>\n\n\n\n<figure class=\"wp-block-image size-full\"><img loading=\"lazy\" decoding=\"async\" width=\"1200\" height=\"800\" src=\"https:\/\/www.italpassion.fr\/wp-content\/uploads\/2026\/04\/lancia-iles-canarie-3.jpg\" alt=\"\" class=\"wp-image-49331\" srcset=\"https:\/\/www.italpassion.fr\/wp-content\/uploads\/2026\/04\/lancia-iles-canarie-3.jpg 1200w, https:\/\/www.italpassion.fr\/wp-content\/uploads\/2026\/04\/lancia-iles-canarie-3-420x280.jpg 420w, https:\/\/www.italpassion.fr\/wp-content\/uploads\/2026\/04\/lancia-iles-canarie-3-768x512.jpg 768w, https:\/\/www.italpassion.fr\/wp-content\/uploads\/2026\/04\/lancia-iles-canarie-3-18x12.jpg 18w\" sizes=\"auto, (max-width: 1200px) 100vw, 1200px\" \/><\/figure>\n\n\n\n<p>Sonu\u00e7 \u00e7ok netti: neredeyse m\u00fckemmel bir hafta sonuna dayanan net bir zafer. Lastik se\u00e7imi, set-up, strateji... hepsi i\u015fe yarad\u0131. H\u0131rvatistan'dan sonra Rossel bir galibiyet daha ald\u0131 ve WRC2 \u015fampiyonas\u0131nda liderli\u011fe y\u00fckseldi.<\/p>\n\n\n\n<h2 class=\"wp-block-heading\">Stat\u00fcs\u00fcn\u00fc teyit eden bir Ypsilon Rally2<\/h2>\n\n\n\n<p>Bu son zaferin merkezinde yer alan Lancia Ypsilon Rally2 HF Integrale, H\u0131rvatistan'\u0131n daha \u00f6nce ima etti\u011fi \u015feyi do\u011frulad\u0131: art\u0131k bir mihenk ta\u015f\u0131. \u0130talyan otomobil, Kanarya Adalar\u0131 gibi zorlu bir rallide etkileyici \u00e7ok y\u00f6nl\u00fcl\u00fc\u011f\u00fcn\u00fc ortaya koydu. Kuru ko\u015fullarda atak yapabilmesinin yan\u0131 s\u0131ra kaygan b\u00f6l\u00fcmlerde de stabil kalabilen ara\u00e7, m\u00fcrettebat\u0131n\u0131n t\u00fcm potansiyelini kullanmas\u0131n\u0131 sa\u011flad\u0131. Lancia CEO'su Roberta Zerbi'ye g\u00f6re bu ba\u015far\u0131 basit bir sonucun \u00e7ok \u00f6tesinde: projeyi do\u011fruluyor. Her \u015feyden \u00f6nce Lancia'n\u0131n ralliye d\u00f6n\u00fc\u015f\u00fcn\u00fcn kal\u0131c\u0131 bir dinami\u011fin par\u00e7as\u0131 oldu\u011funu teyit ediyor.<\/p>\n\n\n\n<figure class=\"wp-block-image size-full\"><img loading=\"lazy\" decoding=\"async\" width=\"1200\" height=\"800\" src=\"https:\/\/www.italpassion.fr\/wp-content\/uploads\/2026\/04\/lacnia-canarie.jpg\" alt=\"\" class=\"wp-image-49336\" srcset=\"https:\/\/www.italpassion.fr\/wp-content\/uploads\/2026\/04\/lacnia-canarie.jpg 1200w, https:\/\/www.italpassion.fr\/wp-content\/uploads\/2026\/04\/lacnia-canarie-420x280.jpg 420w, https:\/\/www.italpassion.fr\/wp-content\/uploads\/2026\/04\/lacnia-canarie-768x512.jpg 768w, https:\/\/www.italpassion.fr\/wp-content\/uploads\/2026\/04\/lacnia-canarie-18x12.jpg 18w\" sizes=\"auto, (max-width: 1200px) 100vw, 1200px\" \/><figcaption class=\"wp-element-caption\">foto\u011fraf @se_rallyWRC<\/figcaption><\/figure>\n\n\n\n<figure class=\"wp-block-image size-full\"><img loading=\"lazy\" decoding=\"async\" width=\"1200\" height=\"800\" src=\"https:\/\/www.italpassion.fr\/wp-content\/uploads\/2026\/04\/lancia-iles-canarie-4.jpg\" alt=\"\" class=\"wp-image-49332\" srcset=\"https:\/\/www.italpassion.fr\/wp-content\/uploads\/2026\/04\/lancia-iles-canarie-4.jpg 1200w, https:\/\/www.italpassion.fr\/wp-content\/uploads\/2026\/04\/lancia-iles-canarie-4-420x280.jpg 420w, https:\/\/www.italpassion.fr\/wp-content\/uploads\/2026\/04\/lancia-iles-canarie-4-768x512.jpg 768w, https:\/\/www.italpassion.fr\/wp-content\/uploads\/2026\/04\/lancia-iles-canarie-4-18x12.jpg 18w\" sizes=\"auto, (max-width: 1200px) 100vw, 1200px\" \/><\/figure>\n\n\n\n<h2 class=\"wp-block-heading\">Nikolay Gryazin zor bir ba\u015flang\u0131c\u0131n ard\u0131ndan hasar\u0131 s\u0131n\u0131rl\u0131yor<\/h2>\n\n\n\n<p>Lancia Corse HF stand\u0131n\u0131n di\u011fer taraf\u0131nda, Nikolay Gryazin ve Konstantin Aleksandrov i\u00e7in hafta sonu daha olayl\u0131 ge\u00e7ti. Be\u015finci etaptan itibaren ciddi bir \u00f6nden kayma sorunu ya\u015fayan ekip, zaman kaybetti ve \u00fcst s\u0131ralardan uzakla\u015ft\u0131. Ancak pes etmek bir yana, Gryazin etaplar ge\u00e7tik\u00e7e sa\u011flam bir geri d\u00f6n\u00fc\u015fe ba\u015flad\u0131. Rallinin ikinci b\u00f6l\u00fcm\u00fcnde daha h\u0131zl\u0131 olan Gryazin, daha iyi bir zaman bile elde etti ve alt\u0131nc\u0131 s\u0131raya kadar t\u0131rmanmay\u0131 ba\u015fard\u0131. Ka\u011f\u0131t \u00fczerinde hayal k\u0131r\u0131kl\u0131\u011f\u0131 yaratan bir sonu\u00e7, ancak zorluklara ra\u011fmen ger\u00e7ek potansiyeli g\u00f6steren bir sonu\u00e7.<\/p>\n\n\n\n<h2 class=\"wp-block-heading\">Lancia \u015fimdiden WRC2'de standartlar\u0131 belirliyor<\/h2>\n\n\n\n<p>Art arda gelen bu ikinci zaferle Lancia a\u00e7\u0131k\u00e7a boyut de\u011fi\u015ftirdi. Marka art\u0131k ba\u015far\u0131l\u0131 bir geri d\u00f6n\u00fc\u015f yapmakla yetinmiyor: WRC2'de yenilmesi gereken tak\u0131m olarak kendini kan\u0131tl\u0131yor.<\/p>\n\n\n\n<p>Rossel s\u00fcr\u00fcc\u00fcler \u015fampiyonas\u0131nda liderli\u011fi ele ge\u00e7irirken, Lancia Corse HF tak\u0131mlar s\u0131ralamas\u0131ndaki liderli\u011fini peki\u015ftiriyor. Bu g\u00fc\u00e7l\u00fc ivme, sezonun ba\u015f\u0131ndan bu yana g\u00f6r\u00fclen performanslarla uyumlu. \u0130ki hafta sonra Portekiz Rallisi yeni ve farkl\u0131 bir oyun alan\u0131 sunacak. Ancak art\u0131k kesin olan bir \u015fey var: Lancia net bir durumla geliyor. Favori olarak.<\/p>\n\n\n\n<figure class=\"wp-block-image size-full\"><img loading=\"lazy\" decoding=\"async\" width=\"1200\" height=\"800\" src=\"https:\/\/www.italpassion.fr\/wp-content\/uploads\/2026\/04\/lancia-iles-canarie-5.jpg\" alt=\"\" class=\"wp-image-49333\" srcset=\"https:\/\/www.italpassion.fr\/wp-content\/uploads\/2026\/04\/lancia-iles-canarie-5.jpg 1200w, https:\/\/www.italpassion.fr\/wp-content\/uploads\/2026\/04\/lancia-iles-canarie-5-420x280.jpg 420w, https:\/\/www.italpassion.fr\/wp-content\/uploads\/2026\/04\/lancia-iles-canarie-5-768x512.jpg 768w, https:\/\/www.italpassion.fr\/wp-content\/uploads\/2026\/04\/lancia-iles-canarie-5-18x12.jpg 18w\" sizes=\"auto, (max-width: 1200px) 100vw, 1200px\" \/><\/figure>","protected":false},"excerpt":{"rendered":"","protected":false},"author":1,"featured_media":49334,"comment_status":"open","ping_status":"open","sticky":false,"template":"","format":"standard","meta":{"_acf_changed":false,"_sitemap_exclude":false,"_sitemap_priority":"","_sitemap_frequency":"","footnotes":""},"categories":[26,553,323],"tags":[],"class_list":["post-49330","post","type-post","status-publish","format-standard","has-post-thumbnail","hentry","category-lancia","category-rally2","category-competition","generate-columns","tablet-grid-50","mobile-grid-100","grid-parent","grid-33"],"acf":[],"yoast_head":"<!-- This site is optimized with the Yoast SEO plugin v25.8 - https:\/\/yoast.com\/wordpress\/plugins\/seo\/ -->\n<title>Lancia remporte son 2e rallye de la suite aux \u00celes Canaries\u2026 &quot;on a pouss\u00e9 la voiture \u00e0 la limite&quot; - ItalPassion<\/title>\n<meta name=\"description\" content=\"Quelques jours apr\u00e8s avoir marqu\u00e9 les esprits en Croatie, Lancia confirme que son retour au plus haut niveau n\u2019a rien d\u2019un simple coup d\u2019\u00e9clat. Aux \u00celes\" \/>\n<meta name=\"robots\" content=\"index, follow, max-snippet:-1, max-image-preview:large, max-video-preview:-1\" \/>\n<link rel=\"canonical\" href=\"https:\/\/www.italpassion.fr\/tr\/lancia\/lancia-kanarya-adalarinda-ust-uste-2-ralli\u0307si\u0307ni\u0307-kazandi-otomobi\u0307li\u0307n-siniri-zorlandi\/\" \/>\n<meta property=\"og:locale\" content=\"tr_TR\" \/>\n<meta property=\"og:type\" content=\"article\" \/>\n<meta property=\"og:title\" content=\"Lancia remporte son 2e rallye de la suite aux \u00celes Canaries\u2026 &quot;on a pouss\u00e9 la voiture \u00e0 la limite&quot; - ItalPassion\" \/>\n<meta property=\"og:description\" content=\"Quelques jours apr\u00e8s avoir marqu\u00e9 les esprits en Croatie, Lancia confirme que son retour au plus haut niveau n\u2019a rien d\u2019un simple coup d\u2019\u00e9clat. Aux \u00celes\" \/>\n<meta property=\"og:url\" content=\"https:\/\/www.italpassion.fr\/tr\/lancia\/lancia-kanarya-adalarinda-ust-uste-2-ralli\u0307si\u0307ni\u0307-kazandi-otomobi\u0307li\u0307n-siniri-zorlandi\/\" \/>\n<meta property=\"og:site_name\" content=\"ItalPassion\" \/>\n<meta property=\"article:publisher\" content=\"https:\/\/www.facebook.com\/italpassion\" \/>\n<meta property=\"article:published_time\" content=\"2026-04-27T07:52:43+00:00\" \/>\n<meta property=\"og:image\" content=\"https:\/\/www.italpassion.fr\/wp-content\/uploads\/2026\/04\/lancia-canarie-0.jpg\" \/>\n\t<meta property=\"og:image:width\" content=\"1200\" \/>\n\t<meta property=\"og:image:height\" content=\"800\" \/>\n\t<meta property=\"og:image:type\" content=\"image\/jpeg\" \/>\n<meta name=\"author\" content=\"Alexandre Filluzeau\" \/>\n<meta name=\"twitter:card\" content=\"summary_large_image\" \/>\n<meta name=\"twitter:creator\" content=\"@italpassion\" \/>\n<meta name=\"twitter:site\" content=\"@italpassion\" \/>\n<script type=\"application\/ld+json\" class=\"yoast-schema-graph\">{\"@context\":\"https:\/\/schema.org\",\"@graph\":[{\"@type\":\"NewsArticle\",\"@id\":\"https:\/\/www.italpassion.fr\/tr\/lancia\/lancia-remporte-son-2e-rallye-de-la-suite-aux-iles-canaries-on-a-pousse-la-voiture-a-la-limite\/#article\",\"isPartOf\":{\"@id\":\"https:\/\/www.italpassion.fr\/tr\/lancia\/lancia-remporte-son-2e-rallye-de-la-suite-aux-iles-canaries-on-a-pousse-la-voiture-a-la-limite\/\"},\"author\":{\"name\":\"Alexandre Filluzeau\",\"@id\":\"https:\/\/www.italpassion.fr\/tr\/#\/schema\/person\/36f747b2a759ca202d847e85a9434ca0\"},\"headline\":\"Lancia remporte son 2e rallye de la suite aux \u00celes Canaries\u2026 \u00ab\u00a0on a pouss\u00e9 la voiture \u00e0 la limite\u00a0\u00bb\",\"datePublished\":\"2026-04-27T07:52:43+00:00\",\"mainEntityOfPage\":{\"@id\":\"https:\/\/www.italpassion.fr\/tr\/lancia\/lancia-remporte-son-2e-rallye-de-la-suite-aux-iles-canaries-on-a-pousse-la-voiture-a-la-limite\/\"},\"wordCount\":698,\"commentCount\":0,\"publisher\":{\"@id\":\"https:\/\/www.italpassion.fr\/tr\/#organization\"},\"image\":{\"@id\":\"https:\/\/www.italpassion.fr\/tr\/lancia\/lancia-remporte-son-2e-rallye-de-la-suite-aux-iles-canaries-on-a-pousse-la-voiture-a-la-limite\/#primaryimage\"},\"thumbnailUrl\":\"https:\/\/www.italpassion.fr\/wp-content\/uploads\/2026\/04\/lancia-canarie-0.jpg\",\"articleSection\":[\"Lancia\",\"Rally2\",\"Sport Auto\"],\"inLanguage\":\"tr\",\"potentialAction\":[{\"@type\":\"CommentAction\",\"name\":\"Comment\",\"target\":[\"https:\/\/www.italpassion.fr\/tr\/lancia\/lancia-remporte-son-2e-rallye-de-la-suite-aux-iles-canaries-on-a-pousse-la-voiture-a-la-limite\/#respond\"]}]},{\"@type\":\"WebPage\",\"@id\":\"https:\/\/www.italpassion.fr\/tr\/lancia\/lancia-remporte-son-2e-rallye-de-la-suite-aux-iles-canaries-on-a-pousse-la-voiture-a-la-limite\/\",\"url\":\"https:\/\/www.italpassion.fr\/tr\/lancia\/lancia-remporte-son-2e-rallye-de-la-suite-aux-iles-canaries-on-a-pousse-la-voiture-a-la-limite\/\",\"name\":\"Lancia remporte son 2e rallye de la suite aux \u00celes Canaries\u2026 \\\"on a pouss\u00e9 la voiture \u00e0 la limite\\\" - ItalPassion\",\"isPartOf\":{\"@id\":\"https:\/\/www.italpassion.fr\/tr\/#website\"},\"primaryImageOfPage\":{\"@id\":\"https:\/\/www.italpassion.fr\/tr\/lancia\/lancia-remporte-son-2e-rallye-de-la-suite-aux-iles-canaries-on-a-pousse-la-voiture-a-la-limite\/#primaryimage\"},\"image\":{\"@id\":\"https:\/\/www.italpassion.fr\/tr\/lancia\/lancia-remporte-son-2e-rallye-de-la-suite-aux-iles-canaries-on-a-pousse-la-voiture-a-la-limite\/#primaryimage\"},\"thumbnailUrl\":\"https:\/\/www.italpassion.fr\/wp-content\/uploads\/2026\/04\/lancia-canarie-0.jpg\",\"datePublished\":\"2026-04-27T07:52:43+00:00\",\"description\":\"Quelques jours apr\u00e8s avoir marqu\u00e9 les esprits en Croatie, Lancia confirme que son retour au plus haut niveau n\u2019a rien d\u2019un simple coup d\u2019\u00e9clat. Aux \u00celes\",\"breadcrumb\":{\"@id\":\"https:\/\/www.italpassion.fr\/tr\/lancia\/lancia-remporte-son-2e-rallye-de-la-suite-aux-iles-canaries-on-a-pousse-la-voiture-a-la-limite\/#breadcrumb\"},\"inLanguage\":\"tr\",\"potentialAction\":[{\"@type\":\"ReadAction\",\"target\":[\"https:\/\/www.italpassion.fr\/tr\/lancia\/lancia-remporte-son-2e-rallye-de-la-suite-aux-iles-canaries-on-a-pousse-la-voiture-a-la-limite\/\"]}]},{\"@type\":\"ImageObject\",\"inLanguage\":\"tr\",\"@id\":\"https:\/\/www.italpassion.fr\/tr\/lancia\/lancia-remporte-son-2e-rallye-de-la-suite-aux-iles-canaries-on-a-pousse-la-voiture-a-la-limite\/#primaryimage\",\"url\":\"https:\/\/www.italpassion.fr\/wp-content\/uploads\/2026\/04\/lancia-canarie-0.jpg\",\"contentUrl\":\"https:\/\/www.italpassion.fr\/wp-content\/uploads\/2026\/04\/lancia-canarie-0.jpg\",\"width\":1200,\"height\":800},{\"@type\":\"BreadcrumbList\",\"@id\":\"https:\/\/www.italpassion.fr\/tr\/lancia\/lancia-remporte-son-2e-rallye-de-la-suite-aux-iles-canaries-on-a-pousse-la-voiture-a-la-limite\/#breadcrumb\",\"itemListElement\":[{\"@type\":\"ListItem\",\"position\":1,\"name\":\"Accueil\",\"item\":\"https:\/\/www.italpassion.fr\/tr\/\"},{\"@type\":\"ListItem\",\"position\":2,\"name\":\"Lancia remporte son 2e rallye de la suite aux \u00celes Canaries\u2026 \u00ab\u00a0on a pouss\u00e9 la voiture \u00e0 la limite\u00a0\u00bb\"}]},{\"@type\":\"WebSite\",\"@id\":\"https:\/\/www.italpassion.fr\/tr\/#website\",\"url\":\"https:\/\/www.italpassion.fr\/tr\/\",\"name\":\"ItalPassion\",\"description\":\"Les Passionn\u00e9s d&#039;Automobiles Italiennes\",\"publisher\":{\"@id\":\"https:\/\/www.italpassion.fr\/tr\/#organization\"},\"potentialAction\":[{\"@type\":\"SearchAction\",\"target\":{\"@type\":\"EntryPoint\",\"urlTemplate\":\"https:\/\/www.italpassion.fr\/tr\/?s={search_term_string}\"},\"query-input\":{\"@type\":\"PropertyValueSpecification\",\"valueRequired\":true,\"valueName\":\"search_term_string\"}}],\"inLanguage\":\"tr\"},{\"@type\":\"Organization\",\"@id\":\"https:\/\/www.italpassion.fr\/tr\/#organization\",\"name\":\"Italpassion\",\"url\":\"https:\/\/www.italpassion.fr\/tr\/\",\"logo\":{\"@type\":\"ImageObject\",\"inLanguage\":\"tr\",\"@id\":\"https:\/\/www.italpassion.fr\/tr\/#\/schema\/logo\/image\/\",\"url\":\"https:\/\/www.italpassion.fr\/wp-content\/uploads\/2023\/07\/italpassion-yoast.jpg\",\"contentUrl\":\"https:\/\/www.italpassion.fr\/wp-content\/uploads\/2023\/07\/italpassion-yoast.jpg\",\"width\":696,\"height\":696,\"caption\":\"Italpassion\"},\"image\":{\"@id\":\"https:\/\/www.italpassion.fr\/tr\/#\/schema\/logo\/image\/\"},\"sameAs\":[\"https:\/\/www.facebook.com\/italpassion\",\"https:\/\/x.com\/italpassion\",\"https:\/\/www.instagram.com\/italpassionfr\/\",\"https:\/\/www.youtube.com\/channel\/UCleq-ByQaA42OjhopwevRjQ\",\"https:\/\/www.facebook.com\/italpassion.en\/\",\"https:\/\/www.facebook.com\/italpassion.it\/\",\"https:\/\/www.facebook.com\/italpassion.de\/\",\"https:\/\/www.facebook.com\/italpassion.ja\/\"]},{\"@type\":\"Person\",\"@id\":\"https:\/\/www.italpassion.fr\/tr\/#\/schema\/person\/36f747b2a759ca202d847e85a9434ca0\",\"name\":\"Alexandre Filluzeau\",\"image\":{\"@type\":\"ImageObject\",\"inLanguage\":\"tr\",\"@id\":\"https:\/\/www.italpassion.fr\/tr\/#\/schema\/person\/image\/\",\"url\":\"https:\/\/www.italpassion.fr\/wp-content\/uploads\/2025\/04\/avatar-alexandre-160x160.jpg\",\"contentUrl\":\"https:\/\/www.italpassion.fr\/wp-content\/uploads\/2025\/04\/avatar-alexandre-160x160.jpg\",\"caption\":\"Alexandre Filluzeau\"},\"description\":\"Fondateur du site ItalPassion, passionn\u00e9 de voitures italiennes et de l'Italie en g\u00e9n\u00e9ral. J'apporte un regard critique et technique aux actualit\u00e9s des marques italiennes quand cela est possible. Propri\u00e9taire d'une Maserati GranTurismo, Alfa Romeo MiTo, Lancia Fulvia et Ducati 695. Ex-propri\u00e9taire d'une Alfa Romeo Giulia.\",\"sameAs\":[\"https:\/\/www.italpassion.fr\/\"],\"url\":\"https:\/\/www.italpassion.fr\/tr\/author\/alexandre\/\"}]}<\/script>\n<!-- \/ Yoast SEO plugin. -->","yoast_head_json":{"title":"Lancia, Kanarya Adalar\u0131'nda \u00fcst \u00fcste 2. rallisini kazand\u0131... \"Otomobilin s\u0131n\u0131rlar\u0131n\u0131 zorlad\u0131k\" - ItalPassion","description":"H\u0131rvatistan'a damgas\u0131n\u0131 vurduktan sadece birka\u00e7 g\u00fcn sonra Lancia, en \u00fcst seviyeye geri d\u00f6n\u00fc\u015f\u00fcn\u00fcn sadece bir saman alevi olmad\u0131\u011f\u0131n\u0131 teyit ediyor. Adalar'da","robots":{"index":"index","follow":"follow","max-snippet":"max-snippet:-1","max-image-preview":"max-image-preview:large","max-video-preview":"max-video-preview:-1"},"canonical":"https:\/\/www.italpassion.fr\/tr\/lancia\/lancia-kanarya-adalarinda-ust-uste-2-ralli\u0307si\u0307ni\u0307-kazandi-otomobi\u0307li\u0307n-siniri-zorlandi\/","og_locale":"tr_TR","og_type":"article","og_title":"Lancia remporte son 2e rallye de la suite aux \u00celes Canaries\u2026 \"on a pouss\u00e9 la voiture \u00e0 la limite\" - ItalPassion","og_description":"Quelques jours apr\u00e8s avoir marqu\u00e9 les esprits en Croatie, Lancia confirme que son retour au plus haut niveau n\u2019a rien d\u2019un simple coup d\u2019\u00e9clat. Aux \u00celes","og_url":"https:\/\/www.italpassion.fr\/tr\/lancia\/lancia-kanarya-adalarinda-ust-uste-2-ralli\u0307si\u0307ni\u0307-kazandi-otomobi\u0307li\u0307n-siniri-zorlandi\/","og_site_name":"ItalPassion","article_publisher":"https:\/\/www.facebook.com\/italpassion","article_published_time":"2026-04-27T07:52:43+00:00","og_image":[{"width":1200,"height":800,"url":"https:\/\/www.italpassion.fr\/wp-content\/uploads\/2026\/04\/lancia-canarie-0.jpg","type":"image\/jpeg"}],"author":"Alexandre Filluzeau","twitter_card":"summary_large_image","twitter_creator":"@italpassion","twitter_site":"@italpassion","schema":{"@context":"https:\/\/schema.org","@graph":[{"@type":"NewsArticle","@id":"https:\/\/www.italpassion.fr\/tr\/lancia\/lancia-remporte-son-2e-rallye-de-la-suite-aux-iles-canaries-on-a-pousse-la-voiture-a-la-limite\/#article","isPartOf":{"@id":"https:\/\/www.italpassion.fr\/tr\/lancia\/lancia-remporte-son-2e-rallye-de-la-suite-aux-iles-canaries-on-a-pousse-la-voiture-a-la-limite\/"},"author":{"name":"Alexandre Filluzeau","@id":"https:\/\/www.italpassion.fr\/tr\/#\/schema\/person\/36f747b2a759ca202d847e85a9434ca0"},"headline":"Lancia remporte son 2e rallye de la suite aux \u00celes Canaries\u2026 \u00ab\u00a0on a pouss\u00e9 la voiture \u00e0 la limite\u00a0\u00bb","datePublished":"2026-04-27T07:52:43+00:00","mainEntityOfPage":{"@id":"https:\/\/www.italpassion.fr\/tr\/lancia\/lancia-remporte-son-2e-rallye-de-la-suite-aux-iles-canaries-on-a-pousse-la-voiture-a-la-limite\/"},"wordCount":698,"commentCount":0,"publisher":{"@id":"https:\/\/www.italpassion.fr\/tr\/#organization"},"image":{"@id":"https:\/\/www.italpassion.fr\/tr\/lancia\/lancia-remporte-son-2e-rallye-de-la-suite-aux-iles-canaries-on-a-pousse-la-voiture-a-la-limite\/#primaryimage"},"thumbnailUrl":"https:\/\/www.italpassion.fr\/wp-content\/uploads\/2026\/04\/lancia-canarie-0.jpg","articleSection":["Lancia","Rally2","Sport Auto"],"inLanguage":"tr","potentialAction":[{"@type":"CommentAction","name":"Comment","target":["https:\/\/www.italpassion.fr\/tr\/lancia\/lancia-remporte-son-2e-rallye-de-la-suite-aux-iles-canaries-on-a-pousse-la-voiture-a-la-limite\/#respond"]}]},{"@type":"WebPage","@id":"https:\/\/www.italpassion.fr\/tr\/lancia\/lancia-remporte-son-2e-rallye-de-la-suite-aux-iles-canaries-on-a-pousse-la-voiture-a-la-limite\/","url":"https:\/\/www.italpassion.fr\/tr\/lancia\/lancia-remporte-son-2e-rallye-de-la-suite-aux-iles-canaries-on-a-pousse-la-voiture-a-la-limite\/","name":"Lancia, Kanarya Adalar\u0131'nda \u00fcst \u00fcste 2. rallisini kazand\u0131... \"Otomobilin s\u0131n\u0131rlar\u0131n\u0131 zorlad\u0131k\" - ItalPassion","isPartOf":{"@id":"https:\/\/www.italpassion.fr\/tr\/#website"},"primaryImageOfPage":{"@id":"https:\/\/www.italpassion.fr\/tr\/lancia\/lancia-remporte-son-2e-rallye-de-la-suite-aux-iles-canaries-on-a-pousse-la-voiture-a-la-limite\/#primaryimage"},"image":{"@id":"https:\/\/www.italpassion.fr\/tr\/lancia\/lancia-remporte-son-2e-rallye-de-la-suite-aux-iles-canaries-on-a-pousse-la-voiture-a-la-limite\/#primaryimage"},"thumbnailUrl":"https:\/\/www.italpassion.fr\/wp-content\/uploads\/2026\/04\/lancia-canarie-0.jpg","datePublished":"2026-04-27T07:52:43+00:00","description":"H\u0131rvatistan'a damgas\u0131n\u0131 vurduktan sadece birka\u00e7 g\u00fcn sonra Lancia, en \u00fcst seviyeye geri d\u00f6n\u00fc\u015f\u00fcn\u00fcn sadece bir saman alevi olmad\u0131\u011f\u0131n\u0131 teyit ediyor. Adalar'da","breadcrumb":{"@id":"https:\/\/www.italpassion.fr\/tr\/lancia\/lancia-remporte-son-2e-rallye-de-la-suite-aux-iles-canaries-on-a-pousse-la-voiture-a-la-limite\/#breadcrumb"},"inLanguage":"tr","potentialAction":[{"@type":"ReadAction","target":["https:\/\/www.italpassion.fr\/tr\/lancia\/lancia-remporte-son-2e-rallye-de-la-suite-aux-iles-canaries-on-a-pousse-la-voiture-a-la-limite\/"]}]},{"@type":"ImageObject","inLanguage":"tr","@id":"https:\/\/www.italpassion.fr\/tr\/lancia\/lancia-remporte-son-2e-rallye-de-la-suite-aux-iles-canaries-on-a-pousse-la-voiture-a-la-limite\/#primaryimage","url":"https:\/\/www.italpassion.fr\/wp-content\/uploads\/2026\/04\/lancia-canarie-0.jpg","contentUrl":"https:\/\/www.italpassion.fr\/wp-content\/uploads\/2026\/04\/lancia-canarie-0.jpg","width":1200,"height":800},{"@type":"BreadcrumbList","@id":"https:\/\/www.italpassion.fr\/tr\/lancia\/lancia-remporte-son-2e-rallye-de-la-suite-aux-iles-canaries-on-a-pousse-la-voiture-a-la-limite\/#breadcrumb","itemListElement":[{"@type":"ListItem","position":1,"name":"Accueil","item":"https:\/\/www.italpassion.fr\/tr\/"},{"@type":"ListItem","position":2,"name":"Lancia remporte son 2e rallye de la suite aux \u00celes Canaries\u2026 \u00ab\u00a0on a pouss\u00e9 la voiture \u00e0 la limite\u00a0\u00bb"}]},{"@type":"WebSite","@id":"https:\/\/www.italpassion.fr\/tr\/#website","url":"https:\/\/www.italpassion.fr\/tr\/","name":"ItalPassion","description":"\u0130talyan Araba Merakl\u0131lar\u0131","publisher":{"@id":"https:\/\/www.italpassion.fr\/tr\/#organization"},"potentialAction":[{"@type":"SearchAction","target":{"@type":"EntryPoint","urlTemplate":"https:\/\/www.italpassion.fr\/tr\/?s={search_term_string}"},"query-input":{"@type":"PropertyValueSpecification","valueRequired":true,"valueName":"search_term_string"}}],"inLanguage":"tr"},{"@type":"Organization","@id":"https:\/\/www.italpassion.fr\/tr\/#organization","name":"Italpassion","url":"https:\/\/www.italpassion.fr\/tr\/","logo":{"@type":"ImageObject","inLanguage":"tr","@id":"https:\/\/www.italpassion.fr\/tr\/#\/schema\/logo\/image\/","url":"https:\/\/www.italpassion.fr\/wp-content\/uploads\/2023\/07\/italpassion-yoast.jpg","contentUrl":"https:\/\/www.italpassion.fr\/wp-content\/uploads\/2023\/07\/italpassion-yoast.jpg","width":696,"height":696,"caption":"Italpassion"},"image":{"@id":"https:\/\/www.italpassion.fr\/tr\/#\/schema\/logo\/image\/"},"sameAs":["https:\/\/www.facebook.com\/italpassion","https:\/\/x.com\/italpassion","https:\/\/www.instagram.com\/italpassionfr\/","https:\/\/www.youtube.com\/channel\/UCleq-ByQaA42OjhopwevRjQ","https:\/\/www.facebook.com\/italpassion.en\/","https:\/\/www.facebook.com\/italpassion.it\/","https:\/\/www.facebook.com\/italpassion.de\/","https:\/\/www.facebook.com\/italpassion.ja\/"]},{"@type":"Person","@id":"https:\/\/www.italpassion.fr\/tr\/#\/schema\/person\/36f747b2a759ca202d847e85a9434ca0","name":"Alexandre Filluzeau","image":{"@type":"ImageObject","inLanguage":"tr","@id":"https:\/\/www.italpassion.fr\/tr\/#\/schema\/person\/image\/","url":"https:\/\/www.italpassion.fr\/wp-content\/uploads\/2025\/04\/avatar-alexandre-160x160.jpg","contentUrl":"https:\/\/www.italpassion.fr\/wp-content\/uploads\/2025\/04\/avatar-alexandre-160x160.jpg","caption":"Alexandre Filluzeau"},"description":"ItalPassion web sitesinin kurucusu, \u0130talyan otomobilleri ve genel olarak \u0130talya hakk\u0131nda tutkulu. M\u00fcmk\u00fcn oldu\u011funca \u0130talyan markalar\u0131n\u0131n haberlerine ele\u015ftirel ve teknik bir g\u00f6z getiriyorum. Maserati GranTurismo, Alfa Romeo MiTo, Lancia Fulvia ve Ducati 695 sahibiyim. Alfa Romeo Giulia'n\u0131n eski sahibi.","sameAs":["https:\/\/www.italpassion.fr\/"],"url":"https:\/\/www.italpassion.fr\/tr\/author\/alexandre\/"}]}},"_links":{"self":[{"href":"https:\/\/www.italpassion.fr\/tr\/wp-json\/wp\/v2\/posts\/49330","targetHints":{"allow":["GET"]}}],"collection":[{"href":"https:\/\/www.italpassion.fr\/tr\/wp-json\/wp\/v2\/posts"}],"about":[{"href":"https:\/\/www.italpassion.fr\/tr\/wp-json\/wp\/v2\/types\/post"}],"author":[{"embeddable":true,"href":"https:\/\/www.italpassion.fr\/tr\/wp-json\/wp\/v2\/users\/1"}],"replies":[{"embeddable":true,"href":"https:\/\/www.italpassion.fr\/tr\/wp-json\/wp\/v2\/comments?post=49330"}],"version-history":[{"count":2,"href":"https:\/\/www.italpassion.fr\/tr\/wp-json\/wp\/v2\/posts\/49330\/revisions"}],"predecessor-version":[{"id":49337,"href":"https:\/\/www.italpassion.fr\/tr\/wp-json\/wp\/v2\/posts\/49330\/revisions\/49337"}],"wp:featuredmedia":[{"embeddable":true,"href":"https:\/\/www.italpassion.fr\/tr\/wp-json\/wp\/v2\/media\/49334"}],"wp:attachment":[{"href":"https:\/\/www.italpassion.fr\/tr\/wp-json\/wp\/v2\/media?parent=49330"}],"wp:term":[{"taxonomy":"category","embeddable":true,"href":"https:\/\/www.italpassion.fr\/tr\/wp-json\/wp\/v2\/categories?post=49330"},{"taxonomy":"post_tag","embeddable":true,"href":"https:\/\/www.italpassion.fr\/tr\/wp-json\/wp\/v2\/tags?post=49330"}],"curies":[{"name":"wp","href":"https:\/\/api.w.org\/{rel}","templated":true}]}}