{"id":49328,"date":"2026-04-28T15:24:37","date_gmt":"2026-04-28T13:24:37","guid":{"rendered":"https:\/\/www.italpassion.fr\/?p=49328"},"modified":"2026-04-28T15:24:15","modified_gmt":"2026-04-28T13:24:15","slug":"ferrari-348-ortaya-ciktiginda-basin-tarafindan-yok-edildi-gercekten-her-seyi-bilenlerin-bir-tane-var","status":"publish","type":"post","link":"https:\/\/www.italpassion.fr\/tr\/ferrari\/la-ferrari-348-sest-fait-detruire-par-la-presse-a-sa-sortie-ceux-qui-sy-connaissent-vraiment-en-ont-tous-une\/","title":{"rendered":"Ferrari 348 piyasaya \u00e7\u0131kt\u0131\u011f\u0131nda bas\u0131n taraf\u0131ndan yok edildi... \u00abi\u015fini ger\u00e7ekten bilenlerin hepsinde bir tane var\u00bb"},"content":{"rendered":"<figure class=\"wp-block-image size-full\"><img loading=\"lazy\" decoding=\"async\" width=\"1200\" height=\"800\" src=\"https:\/\/www.italpassion.fr\/wp-content\/uploads\/2026\/04\/348-jaune.jpg\" alt=\"\" class=\"wp-image-49422\" srcset=\"https:\/\/www.italpassion.fr\/wp-content\/uploads\/2026\/04\/348-jaune.jpg 1200w, https:\/\/www.italpassion.fr\/wp-content\/uploads\/2026\/04\/348-jaune-420x280.jpg 420w, https:\/\/www.italpassion.fr\/wp-content\/uploads\/2026\/04\/348-jaune-768x512.jpg 768w, https:\/\/www.italpassion.fr\/wp-content\/uploads\/2026\/04\/348-jaune-18x12.jpg 18w\" sizes=\"auto, (max-width: 1200px) 100vw, 1200px\" \/><\/figure>\n\n\n\n<p>1990'lar\u0131n ba\u015f\u0131nda ortaya \u00e7\u0131kt\u0131\u011f\u0131nda <a href=\"https:\/\/www.italpassion.fr\/tr\/arabalar\/ferrari-348\/\">Ferrari 348<\/a> kolay de\u011fil. \u00c7ok zarif bir \u015fekilde <a href=\"https:\/\/www.italpassion.fr\/tr\/arabalar\/ferrari-412\/\">Ferrari 328<\/a>, Hemen g\u00f6ze \u00e7arp\u0131yor. Daha k\u00f6\u015feli, daha radikal tasar\u0131m\u0131, selefinin ak\u0131c\u0131 \u00e7izgileriyle tezat olu\u015fturuyordu. O zamanlar, uzman bas\u0131n ona hi\u00e7 iyilik yapmad\u0131. Ele\u015ftiriler ya\u011fmur gibi ya\u011fd\u0131 ama mesele ger\u00e7ekten performans de\u011fildi. Her \u015feyden \u00f6nce, zaman\u0131n kodlar\u0131ndan \u00e7ok uzak oldu\u011funa karar verilen tarz\u0131yd\u0131. <a href=\"https:\/\/www.italpassion.fr\/tr\/ferrari\/\">Ferrari<\/a>, ve talepkar do\u011fas\u0131. Baz\u0131 gazeteciler de s\u0131n\u0131rda hassas olarak de\u011ferlendirilen davran\u0131\u015flar\u0131n\u0131n, uzun s\u00fcre \u00fczerine yap\u0131\u015facak bir \u00fcn\u00fc k\u00f6r\u00fckledi\u011fine i\u015faret etti. Ancak bu g\u00f6r\u00fc\u015fe art\u0131k geni\u015f \u00f6l\u00e7\u00fcde kar\u015f\u0131 \u00e7\u0131k\u0131l\u0131yor.<\/p>\n\n\n\n<h2 class=\"wp-block-heading\">Enzo taraf\u0131ndan hala \u201conaylanm\u0131\u015f\u201d bir Ferrari<\/h2>\n\n\n\n<p>Bununla birlikte, 348'in marka tarihinde g\u00fc\u00e7l\u00fc bir arg\u00fcman\u0131 vard\u0131r. Enzo Ferrari d\u00f6neminde geli\u015ftirilen son Ferrarilerden biriydi. Mant\u0131ken, en ba\u015f\u0131ndan beri lehine olmas\u0131 gereken bir ayr\u0131nt\u0131... ancak o zamanlar kimseyi ikna etmeye yetmedi. Bu miras ancak zamanla merakl\u0131lar\u0131n g\u00f6z\u00fcnde daha da de\u011fer kazand\u0131.<\/p>\n\n\n\n<figure class=\"wp-block-image size-full\"><img loading=\"lazy\" decoding=\"async\" width=\"1200\" height=\"800\" src=\"https:\/\/www.italpassion.fr\/wp-content\/uploads\/2026\/04\/348-jaune-1.jpg\" alt=\"\" class=\"wp-image-49423\" srcset=\"https:\/\/www.italpassion.fr\/wp-content\/uploads\/2026\/04\/348-jaune-1.jpg 1200w, https:\/\/www.italpassion.fr\/wp-content\/uploads\/2026\/04\/348-jaune-1-420x280.jpg 420w, https:\/\/www.italpassion.fr\/wp-content\/uploads\/2026\/04\/348-jaune-1-768x512.jpg 768w, https:\/\/www.italpassion.fr\/wp-content\/uploads\/2026\/04\/348-jaune-1-18x12.jpg 18w\" sizes=\"auto, (max-width: 1200px) 100vw, 1200px\" \/><\/figure>\n\n\n\n<h2 class=\"wp-block-heading\">Eski moda s\u00fcr\u00fc\u015f deneyimi<\/h2>\n\n\n\n<p>Bug\u00fcn Ferrari 348 ile ilgili \u00e7arp\u0131c\u0131 olan \u015fey, tam da ele\u015ftirildi\u011fi \u015feydir. Modern Ferrari'lerin daha kolay ve daha destekli hale geldi\u011fi yerde, 348 kat\u0131l\u0131m talep ediyor. Hidrolik direksiyon yok, \u00e7ok az elektronik, manuel \u015fanz\u0131man ve s\u00fcr\u00fc\u015f yard\u0131m\u0131 olarak sadece ABS. S\u00fcr\u00fcc\u00fc her \u015feyin merkezindedir. Her viraj, her fren manevras\u0131, her h\u0131zlanma dikkat gerektirir.<\/p>\n\n\n\n<figure class=\"wp-block-image size-full\"><img loading=\"lazy\" decoding=\"async\" width=\"1200\" height=\"800\" src=\"https:\/\/www.italpassion.fr\/wp-content\/uploads\/2026\/04\/348-jaune-2.jpg\" alt=\"\" class=\"wp-image-49424\" srcset=\"https:\/\/www.italpassion.fr\/wp-content\/uploads\/2026\/04\/348-jaune-2.jpg 1200w, https:\/\/www.italpassion.fr\/wp-content\/uploads\/2026\/04\/348-jaune-2-420x280.jpg 420w, https:\/\/www.italpassion.fr\/wp-content\/uploads\/2026\/04\/348-jaune-2-768x512.jpg 768w, https:\/\/www.italpassion.fr\/wp-content\/uploads\/2026\/04\/348-jaune-2-18x12.jpg 18w\" sizes=\"auto, (max-width: 1200px) 100vw, 1200px\" \/><\/figure>\n\n\n\n<figure class=\"wp-block-image size-full\"><img loading=\"lazy\" decoding=\"async\" width=\"1200\" height=\"800\" src=\"https:\/\/www.italpassion.fr\/wp-content\/uploads\/2026\/04\/348-jaune-3.jpg\" alt=\"\" class=\"wp-image-49425\" srcset=\"https:\/\/www.italpassion.fr\/wp-content\/uploads\/2026\/04\/348-jaune-3.jpg 1200w, https:\/\/www.italpassion.fr\/wp-content\/uploads\/2026\/04\/348-jaune-3-420x280.jpg 420w, https:\/\/www.italpassion.fr\/wp-content\/uploads\/2026\/04\/348-jaune-3-768x512.jpg 768w, https:\/\/www.italpassion.fr\/wp-content\/uploads\/2026\/04\/348-jaune-3-18x12.jpg 18w\" sizes=\"auto, (max-width: 1200px) 100vw, 1200px\" \/><\/figure>\n\n\n\n<figure class=\"wp-block-image size-full\"><img loading=\"lazy\" decoding=\"async\" width=\"1200\" height=\"800\" src=\"https:\/\/www.italpassion.fr\/wp-content\/uploads\/2026\/04\/348-jaune-4.jpg\" alt=\"\" class=\"wp-image-49426\" srcset=\"https:\/\/www.italpassion.fr\/wp-content\/uploads\/2026\/04\/348-jaune-4.jpg 1200w, https:\/\/www.italpassion.fr\/wp-content\/uploads\/2026\/04\/348-jaune-4-420x280.jpg 420w, https:\/\/www.italpassion.fr\/wp-content\/uploads\/2026\/04\/348-jaune-4-768x512.jpg 768w, https:\/\/www.italpassion.fr\/wp-content\/uploads\/2026\/04\/348-jaune-4-18x12.jpg 18w\" sizes=\"auto, (max-width: 1200px) 100vw, 1200px\" \/><\/figure>\n\n\n\n<p>Ama cazibesi de tam olarak bu. Hissiyat ham, mekanik, neredeyse analog. Direksiyon simidi yoldaki her t\u00fcmse\u011fi, asfalt\u0131 \u201cokuyormu\u015f\u201d izlenimi verecek \u015fekilde iletir. Bir\u00e7ok ki\u015finin modern modellerde kayboldu\u011funu d\u00fc\u015f\u00fcnd\u00fc\u011f\u00fc bir his.<\/p>\n\n\n\n<h2 class=\"wp-block-heading\">Nitelik haline gelen kusurlar<\/h2>\n\n\n\n<p>Evet, Ferrari 348 m\u00fckemmel de\u011fil. Ne en h\u0131zl\u0131s\u0131, ne en konforlusu, ne de limitlerde s\u00fcrmesi en kolay\u0131. Ancak bug\u00fcn bu kadar \u00e7ekici olan tam da bu kusurluluktur. Genellikle \u201cfazla m\u00fckemmel\u201d olarak kabul edilen modern s\u00fcper otomobillerin aksine, 348 sizi dahil olmaya zorlar. Onu anlamay\u0131 \u00f6\u011frenmek, karakteriyle uzla\u015fmak zorundas\u0131n\u0131z. Ve i\u015fte e\u011flence burada ba\u015fl\u0131yor. Bir sahibinin m\u00fckemmel bir \u015fekilde \u00f6zetledi\u011fi gibi: m\u00fckemmel bir araba mutlaka ilgin\u00e7 bir araba de\u011fildir.<\/p>\n\n\n\n<figure class=\"wp-block-image size-full\"><img loading=\"lazy\" decoding=\"async\" width=\"1200\" height=\"800\" src=\"https:\/\/www.italpassion.fr\/wp-content\/uploads\/2026\/04\/348-jaune-5.jpg\" alt=\"\" class=\"wp-image-49427\" srcset=\"https:\/\/www.italpassion.fr\/wp-content\/uploads\/2026\/04\/348-jaune-5.jpg 1200w, https:\/\/www.italpassion.fr\/wp-content\/uploads\/2026\/04\/348-jaune-5-420x280.jpg 420w, https:\/\/www.italpassion.fr\/wp-content\/uploads\/2026\/04\/348-jaune-5-768x512.jpg 768w, https:\/\/www.italpassion.fr\/wp-content\/uploads\/2026\/04\/348-jaune-5-18x12.jpg 18w\" sizes=\"auto, (max-width: 1200px) 100vw, 1200px\" \/><\/figure>\n\n\n\n<h2 class=\"wp-block-heading\">Basit bir Ferrari... ve nihayetinde g\u00fcven verici<\/h2>\n\n\n\n<p>Bir ba\u015fka s\u00fcrpriz de mekanik sadeli\u011fiydi. Ferrari'lerin giderek daha karma\u015f\u0131k hale geldi\u011fi bir d\u00f6nemde 348, Maranello'nun bir spor otomobili i\u00e7in nispeten eri\u015filebilir olmaya devam ediyor. A\u015f\u0131r\u0131 sens\u00f6rler, m\u00fcdahaleci elektronik aksamlar ve karma\u015f\u0131k sistemler yok. Sonu\u00e7 olarak, bak\u0131m\u0131 anlamak daha kolay ve genellikle daha yeni modellere g\u00f6re daha az stresli. Y\u0131ll\u0131k revizyon bu t\u00fcr bir otomobil i\u00e7in hala makuld\u00fcr ve da\u011f\u0131t\u0131m gibi daha a\u011f\u0131r i\u015flemler bile kontrol alt\u0131nda tutulur. Bu, bug\u00fcn sadece koleksiyon yapmak de\u011fil, araba kullanmak isteyen merakl\u0131lar i\u00e7in \u00f6nemli bir arg\u00fcman.<\/p>\n\n\n\n<figure class=\"wp-block-image size-full\"><img loading=\"lazy\" decoding=\"async\" width=\"1200\" height=\"800\" src=\"https:\/\/www.italpassion.fr\/wp-content\/uploads\/2026\/04\/348-jaune-8.jpg\" alt=\"\" class=\"wp-image-49429\" srcset=\"https:\/\/www.italpassion.fr\/wp-content\/uploads\/2026\/04\/348-jaune-8.jpg 1200w, https:\/\/www.italpassion.fr\/wp-content\/uploads\/2026\/04\/348-jaune-8-420x280.jpg 420w, https:\/\/www.italpassion.fr\/wp-content\/uploads\/2026\/04\/348-jaune-8-768x512.jpg 768w, https:\/\/www.italpassion.fr\/wp-content\/uploads\/2026\/04\/348-jaune-8-18x12.jpg 18w\" sizes=\"auto, (max-width: 1200px) 100vw, 1200px\" \/><\/figure>\n\n\n\n<figure class=\"wp-block-image size-full\"><img loading=\"lazy\" decoding=\"async\" width=\"1200\" height=\"800\" src=\"https:\/\/www.italpassion.fr\/wp-content\/uploads\/2026\/04\/moteur-ferrari-348.jpg\" alt=\"\" class=\"wp-image-49428\" srcset=\"https:\/\/www.italpassion.fr\/wp-content\/uploads\/2026\/04\/moteur-ferrari-348.jpg 1200w, https:\/\/www.italpassion.fr\/wp-content\/uploads\/2026\/04\/moteur-ferrari-348-420x280.jpg 420w, https:\/\/www.italpassion.fr\/wp-content\/uploads\/2026\/04\/moteur-ferrari-348-768x512.jpg 768w, https:\/\/www.italpassion.fr\/wp-content\/uploads\/2026\/04\/moteur-ferrari-348-18x12.jpg 18w\" sizes=\"auto, (max-width: 1200px) 100vw, 1200px\" \/><\/figure>\n\n\n\n<h2 class=\"wp-block-heading\">Reytingler nihayet y\u00fckseli\u015fe ge\u00e7ti<\/h2>\n\n\n\n<p>Uzun zamand\u0131r uzak durulan Ferrari 348 \u015fimdi yeniden y\u00fckseli\u015fte. Birka\u00e7 y\u0131l \u00f6nce nispeten eri\u015filebilir seviyelerde pazarl\u0131k edilebilirken, \u015fimdi iyi \u00f6rnekler 100.000 \u20ac'yu a\u015f\u0131yor. Nadirlik, \u00e7ok takdir edilen bir tasar\u0131m, analog s\u00fcr\u00fc\u015f ve Ferrari tarihinde \u00e7ok \u00f6nemli bir konum gibi bir dizi kutuyu i\u015faretleyen bir model i\u00e7in mant\u0131kl\u0131 bir y\u00fckseli\u015f.<\/p>\n\n\n\n<figure class=\"wp-block-image size-full\"><img loading=\"lazy\" decoding=\"async\" width=\"1200\" height=\"800\" src=\"https:\/\/www.italpassion.fr\/wp-content\/uploads\/2026\/04\/348-jaune-10.jpg\" alt=\"\" class=\"wp-image-49430\" srcset=\"https:\/\/www.italpassion.fr\/wp-content\/uploads\/2026\/04\/348-jaune-10.jpg 1200w, https:\/\/www.italpassion.fr\/wp-content\/uploads\/2026\/04\/348-jaune-10-420x280.jpg 420w, https:\/\/www.italpassion.fr\/wp-content\/uploads\/2026\/04\/348-jaune-10-768x512.jpg 768w, https:\/\/www.italpassion.fr\/wp-content\/uploads\/2026\/04\/348-jaune-10-18x12.jpg 18w\" sizes=\"auto, (max-width: 1200px) 100vw, 1200px\" \/><\/figure>\n\n\n\n<h2 class=\"wp-block-heading\">\u201c\u0130\u015fini ger\u00e7ekten bilenlerin hepsinde bir tane vard\u0131r\u201d.\u201d<\/h2>\n\n\n\n<p>Bu muhtemelen Ferrari 348'in intikam\u0131n\u0131 en iyi \u00f6zetleyen ifadedir. Bug\u00fcn, onu arayanlar genellikle deneyimli koleksiyonculard\u0131r. Bir\u00e7o\u011fu daha yeni, daha g\u00fc\u00e7l\u00fc, daha g\u00fc\u00e7l\u00fc modellere sahip... ama yine de garajlar\u0131nda bir 348 bulunduruyorlar. Rakamlar\u0131 i\u00e7in de\u011fil, sa\u011flad\u0131\u011f\u0131 \u015feyler i\u00e7in. Sonu\u00e7ta, Ferrari 348 ge\u00e7mi\u015f bir d\u00f6nemi temsil ediyor: Ferrari kullanman\u0131n ba\u011fl\u0131l\u0131k gerektirdi\u011fi, her gezintinin bir olay oldu\u011fu ve makinenin hi\u00e7bir \u00f6d\u00fcn vermedi\u011fi bir zaman. Kesinlikle kusurlu bir araba. Ama son derece sevecen. Ve hepsinden \u00f6nemlisi, \u015fimdi ger\u00e7ek de\u011feriyle tan\u0131n\u0131yor.<\/p>\n\n\n\n<figure class=\"wp-block-embed is-type-video is-provider-youtube wp-block-embed-youtube wp-embed-aspect-16-9 wp-has-aspect-ratio\"><div class=\"wp-block-embed__wrapper\">\n<iframe loading=\"lazy\" title=\"Ferrari 348 Spider, Sahiplik Deneyimi + \u0130yi mi?\" width=\"1200\" height=\"675\" src=\"https:\/\/www.youtube-nocookie.com\/embed\/9Jj843oO5EE?feature=oembed\" frameborder=\"0\" allow=\"accelerometer; autoplay; clipboard-write; encrypted-media; gyroscope; picture-in-picture; web-share\" referrerpolicy=\"strict-origin-when-cross-origin\" allowfullscreen><\/iframe>\n<\/div><\/figure>\n\n\n\n<p><\/p>","protected":false},"excerpt":{"rendered":"","protected":false},"author":1,"featured_media":49422,"comment_status":"open","ping_status":"open","sticky":false,"template":"","format":"standard","meta":{"_acf_changed":false,"_sitemap_exclude":false,"_sitemap_priority":"","_sitemap_frequency":"","footnotes":""},"categories":[23],"tags":[443],"class_list":["post-49328","post","type-post","status-publish","format-standard","has-post-thumbnail","hentry","category-ferrari","tag-ferrari-348","generate-columns","tablet-grid-50","mobile-grid-100","grid-parent","grid-33"],"acf":[],"yoast_head":"<!-- This site is optimized with the Yoast SEO plugin v25.8 - https:\/\/yoast.com\/wordpress\/plugins\/seo\/ -->\n<title>La Ferrari 348 s&#039;est fait d\u00e9truire par la presse \u00e0 sa sortie\u2026 &quot;ceux qui s&#039;y connaissent vraiment en ont tous une&quot; - ItalPassion<\/title>\n<meta name=\"description\" content=\"Lorsqu\u2019elle appara\u00eet au d\u00e9but des ann\u00e9es 1990, la Ferrari 348 n\u2019a pas la vie facile. Succ\u00e9dant \u00e0 la tr\u00e8s \u00e9l\u00e9gante Ferrari 328, elle choque imm\u00e9diatement.\" \/>\n<meta name=\"robots\" content=\"index, follow, max-snippet:-1, max-image-preview:large, max-video-preview:-1\" \/>\n<link rel=\"canonical\" href=\"https:\/\/www.italpassion.fr\/tr\/ferrari\/ferrari-348-ortaya-ciktiginda-basin-tarafindan-yok-edildi-gercekten-her-seyi-bilenlerin-bir-tane-var\/\" \/>\n<meta property=\"og:locale\" content=\"tr_TR\" \/>\n<meta property=\"og:type\" content=\"article\" \/>\n<meta property=\"og:title\" content=\"La Ferrari 348 s&#039;est fait d\u00e9truire par la presse \u00e0 sa sortie\u2026 &quot;ceux qui s&#039;y connaissent vraiment en ont tous une&quot; - ItalPassion\" \/>\n<meta property=\"og:description\" content=\"Lorsqu\u2019elle appara\u00eet au d\u00e9but des ann\u00e9es 1990, la Ferrari 348 n\u2019a pas la vie facile. Succ\u00e9dant \u00e0 la tr\u00e8s \u00e9l\u00e9gante Ferrari 328, elle choque imm\u00e9diatement.\" \/>\n<meta property=\"og:url\" content=\"https:\/\/www.italpassion.fr\/tr\/ferrari\/ferrari-348-ortaya-ciktiginda-basin-tarafindan-yok-edildi-gercekten-her-seyi-bilenlerin-bir-tane-var\/\" \/>\n<meta property=\"og:site_name\" content=\"ItalPassion\" \/>\n<meta property=\"article:publisher\" content=\"https:\/\/www.facebook.com\/italpassion\" \/>\n<meta property=\"article:published_time\" content=\"2026-04-28T13:24:37+00:00\" \/>\n<meta property=\"og:image\" content=\"https:\/\/www.italpassion.fr\/wp-content\/uploads\/2026\/04\/348-jaune.jpg\" \/>\n\t<meta property=\"og:image:width\" content=\"1200\" \/>\n\t<meta property=\"og:image:height\" content=\"800\" \/>\n\t<meta property=\"og:image:type\" content=\"image\/jpeg\" \/>\n<meta name=\"author\" content=\"Alexandre Filluzeau\" \/>\n<meta name=\"twitter:card\" content=\"summary_large_image\" \/>\n<meta name=\"twitter:creator\" content=\"@italpassion\" \/>\n<meta name=\"twitter:site\" content=\"@italpassion\" \/>\n<script type=\"application\/ld+json\" class=\"yoast-schema-graph\">{\"@context\":\"https:\/\/schema.org\",\"@graph\":[{\"@type\":\"NewsArticle\",\"@id\":\"https:\/\/www.italpassion.fr\/tr\/ferrari\/la-ferrari-348-sest-fait-detruire-par-la-presse-a-sa-sortie-ceux-qui-sy-connaissent-vraiment-en-ont-tous-une\/#article\",\"isPartOf\":{\"@id\":\"https:\/\/www.italpassion.fr\/tr\/ferrari\/la-ferrari-348-sest-fait-detruire-par-la-presse-a-sa-sortie-ceux-qui-sy-connaissent-vraiment-en-ont-tous-une\/\"},\"author\":{\"name\":\"Alexandre Filluzeau\",\"@id\":\"https:\/\/www.italpassion.fr\/tr\/#\/schema\/person\/36f747b2a759ca202d847e85a9434ca0\"},\"headline\":\"La Ferrari 348 s&rsquo;est fait d\u00e9truire par la presse \u00e0 sa sortie\u2026 \u00ab\u00a0ceux qui s&rsquo;y connaissent vraiment en ont tous une\u00a0\u00bb\",\"datePublished\":\"2026-04-28T13:24:37+00:00\",\"mainEntityOfPage\":{\"@id\":\"https:\/\/www.italpassion.fr\/tr\/ferrari\/la-ferrari-348-sest-fait-detruire-par-la-presse-a-sa-sortie-ceux-qui-sy-connaissent-vraiment-en-ont-tous-une\/\"},\"wordCount\":753,\"commentCount\":0,\"publisher\":{\"@id\":\"https:\/\/www.italpassion.fr\/tr\/#organization\"},\"image\":{\"@id\":\"https:\/\/www.italpassion.fr\/tr\/ferrari\/la-ferrari-348-sest-fait-detruire-par-la-presse-a-sa-sortie-ceux-qui-sy-connaissent-vraiment-en-ont-tous-une\/#primaryimage\"},\"thumbnailUrl\":\"https:\/\/www.italpassion.fr\/wp-content\/uploads\/2026\/04\/348-jaune.jpg\",\"keywords\":[\"Ferrari 348\"],\"articleSection\":[\"Ferrari\"],\"inLanguage\":\"tr\",\"potentialAction\":[{\"@type\":\"CommentAction\",\"name\":\"Comment\",\"target\":[\"https:\/\/www.italpassion.fr\/tr\/ferrari\/la-ferrari-348-sest-fait-detruire-par-la-presse-a-sa-sortie-ceux-qui-sy-connaissent-vraiment-en-ont-tous-une\/#respond\"]}]},{\"@type\":\"WebPage\",\"@id\":\"https:\/\/www.italpassion.fr\/tr\/ferrari\/la-ferrari-348-sest-fait-detruire-par-la-presse-a-sa-sortie-ceux-qui-sy-connaissent-vraiment-en-ont-tous-une\/\",\"url\":\"https:\/\/www.italpassion.fr\/tr\/ferrari\/la-ferrari-348-sest-fait-detruire-par-la-presse-a-sa-sortie-ceux-qui-sy-connaissent-vraiment-en-ont-tous-une\/\",\"name\":\"La Ferrari 348 s'est fait d\u00e9truire par la presse \u00e0 sa sortie\u2026 \\\"ceux qui s'y connaissent vraiment en ont tous une\\\" - ItalPassion\",\"isPartOf\":{\"@id\":\"https:\/\/www.italpassion.fr\/tr\/#website\"},\"primaryImageOfPage\":{\"@id\":\"https:\/\/www.italpassion.fr\/tr\/ferrari\/la-ferrari-348-sest-fait-detruire-par-la-presse-a-sa-sortie-ceux-qui-sy-connaissent-vraiment-en-ont-tous-une\/#primaryimage\"},\"image\":{\"@id\":\"https:\/\/www.italpassion.fr\/tr\/ferrari\/la-ferrari-348-sest-fait-detruire-par-la-presse-a-sa-sortie-ceux-qui-sy-connaissent-vraiment-en-ont-tous-une\/#primaryimage\"},\"thumbnailUrl\":\"https:\/\/www.italpassion.fr\/wp-content\/uploads\/2026\/04\/348-jaune.jpg\",\"datePublished\":\"2026-04-28T13:24:37+00:00\",\"description\":\"Lorsqu\u2019elle appara\u00eet au d\u00e9but des ann\u00e9es 1990, la Ferrari 348 n\u2019a pas la vie facile. Succ\u00e9dant \u00e0 la tr\u00e8s \u00e9l\u00e9gante Ferrari 328, elle choque imm\u00e9diatement.\",\"breadcrumb\":{\"@id\":\"https:\/\/www.italpassion.fr\/tr\/ferrari\/la-ferrari-348-sest-fait-detruire-par-la-presse-a-sa-sortie-ceux-qui-sy-connaissent-vraiment-en-ont-tous-une\/#breadcrumb\"},\"inLanguage\":\"tr\",\"potentialAction\":[{\"@type\":\"ReadAction\",\"target\":[\"https:\/\/www.italpassion.fr\/tr\/ferrari\/la-ferrari-348-sest-fait-detruire-par-la-presse-a-sa-sortie-ceux-qui-sy-connaissent-vraiment-en-ont-tous-une\/\"]}]},{\"@type\":\"ImageObject\",\"inLanguage\":\"tr\",\"@id\":\"https:\/\/www.italpassion.fr\/tr\/ferrari\/la-ferrari-348-sest-fait-detruire-par-la-presse-a-sa-sortie-ceux-qui-sy-connaissent-vraiment-en-ont-tous-une\/#primaryimage\",\"url\":\"https:\/\/www.italpassion.fr\/wp-content\/uploads\/2026\/04\/348-jaune.jpg\",\"contentUrl\":\"https:\/\/www.italpassion.fr\/wp-content\/uploads\/2026\/04\/348-jaune.jpg\",\"width\":1200,\"height\":800},{\"@type\":\"BreadcrumbList\",\"@id\":\"https:\/\/www.italpassion.fr\/tr\/ferrari\/la-ferrari-348-sest-fait-detruire-par-la-presse-a-sa-sortie-ceux-qui-sy-connaissent-vraiment-en-ont-tous-une\/#breadcrumb\",\"itemListElement\":[{\"@type\":\"ListItem\",\"position\":1,\"name\":\"Accueil\",\"item\":\"https:\/\/www.italpassion.fr\/tr\/\"},{\"@type\":\"ListItem\",\"position\":2,\"name\":\"La Ferrari 348 s&rsquo;est fait d\u00e9truire par la presse \u00e0 sa sortie\u2026 \u00ab\u00a0ceux qui s&rsquo;y connaissent vraiment en ont tous une\u00a0\u00bb\"}]},{\"@type\":\"WebSite\",\"@id\":\"https:\/\/www.italpassion.fr\/tr\/#website\",\"url\":\"https:\/\/www.italpassion.fr\/tr\/\",\"name\":\"ItalPassion\",\"description\":\"Les Passionn\u00e9s d&#039;Automobiles Italiennes\",\"publisher\":{\"@id\":\"https:\/\/www.italpassion.fr\/tr\/#organization\"},\"potentialAction\":[{\"@type\":\"SearchAction\",\"target\":{\"@type\":\"EntryPoint\",\"urlTemplate\":\"https:\/\/www.italpassion.fr\/tr\/?s={search_term_string}\"},\"query-input\":{\"@type\":\"PropertyValueSpecification\",\"valueRequired\":true,\"valueName\":\"search_term_string\"}}],\"inLanguage\":\"tr\"},{\"@type\":\"Organization\",\"@id\":\"https:\/\/www.italpassion.fr\/tr\/#organization\",\"name\":\"Italpassion\",\"url\":\"https:\/\/www.italpassion.fr\/tr\/\",\"logo\":{\"@type\":\"ImageObject\",\"inLanguage\":\"tr\",\"@id\":\"https:\/\/www.italpassion.fr\/tr\/#\/schema\/logo\/image\/\",\"url\":\"https:\/\/www.italpassion.fr\/wp-content\/uploads\/2023\/07\/italpassion-yoast.jpg\",\"contentUrl\":\"https:\/\/www.italpassion.fr\/wp-content\/uploads\/2023\/07\/italpassion-yoast.jpg\",\"width\":696,\"height\":696,\"caption\":\"Italpassion\"},\"image\":{\"@id\":\"https:\/\/www.italpassion.fr\/tr\/#\/schema\/logo\/image\/\"},\"sameAs\":[\"https:\/\/www.facebook.com\/italpassion\",\"https:\/\/x.com\/italpassion\",\"https:\/\/www.instagram.com\/italpassionfr\/\",\"https:\/\/www.youtube.com\/channel\/UCleq-ByQaA42OjhopwevRjQ\",\"https:\/\/www.facebook.com\/italpassion.en\/\",\"https:\/\/www.facebook.com\/italpassion.it\/\",\"https:\/\/www.facebook.com\/italpassion.de\/\",\"https:\/\/www.facebook.com\/italpassion.ja\/\"]},{\"@type\":\"Person\",\"@id\":\"https:\/\/www.italpassion.fr\/tr\/#\/schema\/person\/36f747b2a759ca202d847e85a9434ca0\",\"name\":\"Alexandre Filluzeau\",\"image\":{\"@type\":\"ImageObject\",\"inLanguage\":\"tr\",\"@id\":\"https:\/\/www.italpassion.fr\/tr\/#\/schema\/person\/image\/\",\"url\":\"https:\/\/www.italpassion.fr\/wp-content\/uploads\/2025\/04\/avatar-alexandre-160x160.jpg\",\"contentUrl\":\"https:\/\/www.italpassion.fr\/wp-content\/uploads\/2025\/04\/avatar-alexandre-160x160.jpg\",\"caption\":\"Alexandre Filluzeau\"},\"description\":\"Fondateur du site ItalPassion, passionn\u00e9 de voitures italiennes et de l'Italie en g\u00e9n\u00e9ral. J'apporte un regard critique et technique aux actualit\u00e9s des marques italiennes quand cela est possible. Propri\u00e9taire d'une Maserati GranTurismo, Alfa Romeo MiTo, Lancia Fulvia et Ducati 695. Ex-propri\u00e9taire d'une Alfa Romeo Giulia.\",\"sameAs\":[\"https:\/\/www.italpassion.fr\/\"],\"url\":\"https:\/\/www.italpassion.fr\/tr\/author\/alexandre\/\"}]}<\/script>\n<!-- \/ Yoast SEO plugin. -->","yoast_head_json":{"title":"Ferrari 348 piyasaya \u00e7\u0131kt\u0131\u011f\u0131nda bas\u0131n taraf\u0131ndan yok edildi... \"i\u015fini ger\u00e7ekten bilenlerin hepsinde bir tane var\" - ItalPassion","description":"1990'lar\u0131n ba\u015f\u0131nda ortaya \u00e7\u0131kt\u0131\u011f\u0131nda Ferrari 348'in i\u015fi hi\u00e7 de kolay de\u011fildi. \u00c7ok zarif Ferrari 328'in halefi olarak an\u0131nda bir \u015fok etkisi yaratt\u0131.","robots":{"index":"index","follow":"follow","max-snippet":"max-snippet:-1","max-image-preview":"max-image-preview:large","max-video-preview":"max-video-preview:-1"},"canonical":"https:\/\/www.italpassion.fr\/tr\/ferrari\/ferrari-348-ortaya-ciktiginda-basin-tarafindan-yok-edildi-gercekten-her-seyi-bilenlerin-bir-tane-var\/","og_locale":"tr_TR","og_type":"article","og_title":"La Ferrari 348 s'est fait d\u00e9truire par la presse \u00e0 sa sortie\u2026 \"ceux qui s'y connaissent vraiment en ont tous une\" - ItalPassion","og_description":"Lorsqu\u2019elle appara\u00eet au d\u00e9but des ann\u00e9es 1990, la Ferrari 348 n\u2019a pas la vie facile. Succ\u00e9dant \u00e0 la tr\u00e8s \u00e9l\u00e9gante Ferrari 328, elle choque imm\u00e9diatement.","og_url":"https:\/\/www.italpassion.fr\/tr\/ferrari\/ferrari-348-ortaya-ciktiginda-basin-tarafindan-yok-edildi-gercekten-her-seyi-bilenlerin-bir-tane-var\/","og_site_name":"ItalPassion","article_publisher":"https:\/\/www.facebook.com\/italpassion","article_published_time":"2026-04-28T13:24:37+00:00","og_image":[{"width":1200,"height":800,"url":"https:\/\/www.italpassion.fr\/wp-content\/uploads\/2026\/04\/348-jaune.jpg","type":"image\/jpeg"}],"author":"Alexandre Filluzeau","twitter_card":"summary_large_image","twitter_creator":"@italpassion","twitter_site":"@italpassion","schema":{"@context":"https:\/\/schema.org","@graph":[{"@type":"NewsArticle","@id":"https:\/\/www.italpassion.fr\/tr\/ferrari\/la-ferrari-348-sest-fait-detruire-par-la-presse-a-sa-sortie-ceux-qui-sy-connaissent-vraiment-en-ont-tous-une\/#article","isPartOf":{"@id":"https:\/\/www.italpassion.fr\/tr\/ferrari\/la-ferrari-348-sest-fait-detruire-par-la-presse-a-sa-sortie-ceux-qui-sy-connaissent-vraiment-en-ont-tous-une\/"},"author":{"name":"Alexandre Filluzeau","@id":"https:\/\/www.italpassion.fr\/tr\/#\/schema\/person\/36f747b2a759ca202d847e85a9434ca0"},"headline":"La Ferrari 348 s&rsquo;est fait d\u00e9truire par la presse \u00e0 sa sortie\u2026 \u00ab\u00a0ceux qui s&rsquo;y connaissent vraiment en ont tous une\u00a0\u00bb","datePublished":"2026-04-28T13:24:37+00:00","mainEntityOfPage":{"@id":"https:\/\/www.italpassion.fr\/tr\/ferrari\/la-ferrari-348-sest-fait-detruire-par-la-presse-a-sa-sortie-ceux-qui-sy-connaissent-vraiment-en-ont-tous-une\/"},"wordCount":753,"commentCount":0,"publisher":{"@id":"https:\/\/www.italpassion.fr\/tr\/#organization"},"image":{"@id":"https:\/\/www.italpassion.fr\/tr\/ferrari\/la-ferrari-348-sest-fait-detruire-par-la-presse-a-sa-sortie-ceux-qui-sy-connaissent-vraiment-en-ont-tous-une\/#primaryimage"},"thumbnailUrl":"https:\/\/www.italpassion.fr\/wp-content\/uploads\/2026\/04\/348-jaune.jpg","keywords":["Ferrari 348"],"articleSection":["Ferrari"],"inLanguage":"tr","potentialAction":[{"@type":"CommentAction","name":"Comment","target":["https:\/\/www.italpassion.fr\/tr\/ferrari\/la-ferrari-348-sest-fait-detruire-par-la-presse-a-sa-sortie-ceux-qui-sy-connaissent-vraiment-en-ont-tous-une\/#respond"]}]},{"@type":"WebPage","@id":"https:\/\/www.italpassion.fr\/tr\/ferrari\/la-ferrari-348-sest-fait-detruire-par-la-presse-a-sa-sortie-ceux-qui-sy-connaissent-vraiment-en-ont-tous-une\/","url":"https:\/\/www.italpassion.fr\/tr\/ferrari\/la-ferrari-348-sest-fait-detruire-par-la-presse-a-sa-sortie-ceux-qui-sy-connaissent-vraiment-en-ont-tous-une\/","name":"Ferrari 348 piyasaya \u00e7\u0131kt\u0131\u011f\u0131nda bas\u0131n taraf\u0131ndan yok edildi... \"i\u015fini ger\u00e7ekten bilenlerin hepsinde bir tane var\" - ItalPassion","isPartOf":{"@id":"https:\/\/www.italpassion.fr\/tr\/#website"},"primaryImageOfPage":{"@id":"https:\/\/www.italpassion.fr\/tr\/ferrari\/la-ferrari-348-sest-fait-detruire-par-la-presse-a-sa-sortie-ceux-qui-sy-connaissent-vraiment-en-ont-tous-une\/#primaryimage"},"image":{"@id":"https:\/\/www.italpassion.fr\/tr\/ferrari\/la-ferrari-348-sest-fait-detruire-par-la-presse-a-sa-sortie-ceux-qui-sy-connaissent-vraiment-en-ont-tous-une\/#primaryimage"},"thumbnailUrl":"https:\/\/www.italpassion.fr\/wp-content\/uploads\/2026\/04\/348-jaune.jpg","datePublished":"2026-04-28T13:24:37+00:00","description":"1990'lar\u0131n ba\u015f\u0131nda ortaya \u00e7\u0131kt\u0131\u011f\u0131nda Ferrari 348'in i\u015fi hi\u00e7 de kolay de\u011fildi. \u00c7ok zarif Ferrari 328'in halefi olarak an\u0131nda bir \u015fok etkisi yaratt\u0131.","breadcrumb":{"@id":"https:\/\/www.italpassion.fr\/tr\/ferrari\/la-ferrari-348-sest-fait-detruire-par-la-presse-a-sa-sortie-ceux-qui-sy-connaissent-vraiment-en-ont-tous-une\/#breadcrumb"},"inLanguage":"tr","potentialAction":[{"@type":"ReadAction","target":["https:\/\/www.italpassion.fr\/tr\/ferrari\/la-ferrari-348-sest-fait-detruire-par-la-presse-a-sa-sortie-ceux-qui-sy-connaissent-vraiment-en-ont-tous-une\/"]}]},{"@type":"ImageObject","inLanguage":"tr","@id":"https:\/\/www.italpassion.fr\/tr\/ferrari\/la-ferrari-348-sest-fait-detruire-par-la-presse-a-sa-sortie-ceux-qui-sy-connaissent-vraiment-en-ont-tous-une\/#primaryimage","url":"https:\/\/www.italpassion.fr\/wp-content\/uploads\/2026\/04\/348-jaune.jpg","contentUrl":"https:\/\/www.italpassion.fr\/wp-content\/uploads\/2026\/04\/348-jaune.jpg","width":1200,"height":800},{"@type":"BreadcrumbList","@id":"https:\/\/www.italpassion.fr\/tr\/ferrari\/la-ferrari-348-sest-fait-detruire-par-la-presse-a-sa-sortie-ceux-qui-sy-connaissent-vraiment-en-ont-tous-une\/#breadcrumb","itemListElement":[{"@type":"ListItem","position":1,"name":"Accueil","item":"https:\/\/www.italpassion.fr\/tr\/"},{"@type":"ListItem","position":2,"name":"La Ferrari 348 s&rsquo;est fait d\u00e9truire par la presse \u00e0 sa sortie\u2026 \u00ab\u00a0ceux qui s&rsquo;y connaissent vraiment en ont tous une\u00a0\u00bb"}]},{"@type":"WebSite","@id":"https:\/\/www.italpassion.fr\/tr\/#website","url":"https:\/\/www.italpassion.fr\/tr\/","name":"ItalPassion","description":"\u0130talyan Araba Merakl\u0131lar\u0131","publisher":{"@id":"https:\/\/www.italpassion.fr\/tr\/#organization"},"potentialAction":[{"@type":"SearchAction","target":{"@type":"EntryPoint","urlTemplate":"https:\/\/www.italpassion.fr\/tr\/?s={search_term_string}"},"query-input":{"@type":"PropertyValueSpecification","valueRequired":true,"valueName":"search_term_string"}}],"inLanguage":"tr"},{"@type":"Organization","@id":"https:\/\/www.italpassion.fr\/tr\/#organization","name":"Italpassion","url":"https:\/\/www.italpassion.fr\/tr\/","logo":{"@type":"ImageObject","inLanguage":"tr","@id":"https:\/\/www.italpassion.fr\/tr\/#\/schema\/logo\/image\/","url":"https:\/\/www.italpassion.fr\/wp-content\/uploads\/2023\/07\/italpassion-yoast.jpg","contentUrl":"https:\/\/www.italpassion.fr\/wp-content\/uploads\/2023\/07\/italpassion-yoast.jpg","width":696,"height":696,"caption":"Italpassion"},"image":{"@id":"https:\/\/www.italpassion.fr\/tr\/#\/schema\/logo\/image\/"},"sameAs":["https:\/\/www.facebook.com\/italpassion","https:\/\/x.com\/italpassion","https:\/\/www.instagram.com\/italpassionfr\/","https:\/\/www.youtube.com\/channel\/UCleq-ByQaA42OjhopwevRjQ","https:\/\/www.facebook.com\/italpassion.en\/","https:\/\/www.facebook.com\/italpassion.it\/","https:\/\/www.facebook.com\/italpassion.de\/","https:\/\/www.facebook.com\/italpassion.ja\/"]},{"@type":"Person","@id":"https:\/\/www.italpassion.fr\/tr\/#\/schema\/person\/36f747b2a759ca202d847e85a9434ca0","name":"Alexandre Filluzeau","image":{"@type":"ImageObject","inLanguage":"tr","@id":"https:\/\/www.italpassion.fr\/tr\/#\/schema\/person\/image\/","url":"https:\/\/www.italpassion.fr\/wp-content\/uploads\/2025\/04\/avatar-alexandre-160x160.jpg","contentUrl":"https:\/\/www.italpassion.fr\/wp-content\/uploads\/2025\/04\/avatar-alexandre-160x160.jpg","caption":"Alexandre Filluzeau"},"description":"ItalPassion web sitesinin kurucusu, \u0130talyan otomobilleri ve genel olarak \u0130talya hakk\u0131nda tutkulu. M\u00fcmk\u00fcn oldu\u011funca \u0130talyan markalar\u0131n\u0131n haberlerine ele\u015ftirel ve teknik bir g\u00f6z getiriyorum. Maserati GranTurismo, Alfa Romeo MiTo, Lancia Fulvia ve Ducati 695 sahibiyim. Alfa Romeo Giulia'n\u0131n eski sahibi.","sameAs":["https:\/\/www.italpassion.fr\/"],"url":"https:\/\/www.italpassion.fr\/tr\/author\/alexandre\/"}]}},"_links":{"self":[{"href":"https:\/\/www.italpassion.fr\/tr\/wp-json\/wp\/v2\/posts\/49328","targetHints":{"allow":["GET"]}}],"collection":[{"href":"https:\/\/www.italpassion.fr\/tr\/wp-json\/wp\/v2\/posts"}],"about":[{"href":"https:\/\/www.italpassion.fr\/tr\/wp-json\/wp\/v2\/types\/post"}],"author":[{"embeddable":true,"href":"https:\/\/www.italpassion.fr\/tr\/wp-json\/wp\/v2\/users\/1"}],"replies":[{"embeddable":true,"href":"https:\/\/www.italpassion.fr\/tr\/wp-json\/wp\/v2\/comments?post=49328"}],"version-history":[{"count":2,"href":"https:\/\/www.italpassion.fr\/tr\/wp-json\/wp\/v2\/posts\/49328\/revisions"}],"predecessor-version":[{"id":49431,"href":"https:\/\/www.italpassion.fr\/tr\/wp-json\/wp\/v2\/posts\/49328\/revisions\/49431"}],"wp:featuredmedia":[{"embeddable":true,"href":"https:\/\/www.italpassion.fr\/tr\/wp-json\/wp\/v2\/media\/49422"}],"wp:attachment":[{"href":"https:\/\/www.italpassion.fr\/tr\/wp-json\/wp\/v2\/media?parent=49328"}],"wp:term":[{"taxonomy":"category","embeddable":true,"href":"https:\/\/www.italpassion.fr\/tr\/wp-json\/wp\/v2\/categories?post=49328"},{"taxonomy":"post_tag","embeddable":true,"href":"https:\/\/www.italpassion.fr\/tr\/wp-json\/wp\/v2\/tags?post=49328"}],"curies":[{"name":"wp","href":"https:\/\/api.w.org\/{rel}","templated":true}]}}