{"id":49295,"date":"2026-04-27T07:49:48","date_gmt":"2026-04-27T05:49:48","guid":{"rendered":"https:\/\/www.italpassion.fr\/?p=49295"},"modified":"2026-04-25T15:55:21","modified_gmt":"2026-04-25T13:55:21","slug":"stellantis-bi%cc%87r-i%cc%87talyan-fabri%cc%87kasi-i%cc%87ci%cc%87n-5-modeli%cc%87ni%cc%87-duyurdu-ve-bu-yeni%cc%87-bi%cc%87r-alfa-romeo-olabi%cc%87li%cc%87r","status":"publish","type":"post","link":"https:\/\/www.italpassion.fr\/tr\/stellantis\/stellantis-annonce-un-5e-modele-pour-une-usine-italienne-et-ca-pourrait-etre-une-nouvelle-alfa-romeo\/","title":{"rendered":"Stellantis bir \u0130talyan fabrikas\u0131 i\u00e7in 5. modelini duyurdu... ve bu yeni bir Alfa Romeo olabilir"},"content":{"rendered":"<figure class=\"wp-block-image size-full\"><img loading=\"lazy\" decoding=\"async\" width=\"1200\" height=\"800\" src=\"https:\/\/www.italpassion.fr\/wp-content\/uploads\/2026\/04\/brera-0.jpg\" alt=\"\" class=\"wp-image-49296\" srcset=\"https:\/\/www.italpassion.fr\/wp-content\/uploads\/2026\/04\/brera-0.jpg 1200w, https:\/\/www.italpassion.fr\/wp-content\/uploads\/2026\/04\/brera-0-420x280.jpg 420w, https:\/\/www.italpassion.fr\/wp-content\/uploads\/2026\/04\/brera-0-768x512.jpg 768w, https:\/\/www.italpassion.fr\/wp-content\/uploads\/2026\/04\/brera-0-18x12.jpg 18w\" sizes=\"auto, (max-width: 1200px) 100vw, 1200px\" \/><\/figure>\n\n\n\n<p>Haber gizli bir \u015fekilde yay\u0131nland\u0131, ancak bu haberin T\u00fcrkiye'nin gelece\u011fi a\u00e7\u0131s\u0131ndan \u00f6nemli sonu\u00e7lar\u0131 olabilir.\u2019<a href=\"https:\/\/www.italpassion.fr\/tr\/alfa-romeo\/\">Alfa Romeo<\/a> ve <a href=\"https:\/\/www.italpassion.fr\/tr\/stellantis\/\">Stellantis<\/a> \u0130talya'da. Sendikalarla yap\u0131lan bir toplant\u0131n\u0131n ard\u0131ndan Grup, Melfi fabrikas\u0131 i\u00e7in halihaz\u0131rda planlanan d\u00f6rt modele be\u015finci bir modelin daha eklenece\u011fini do\u011frulad\u0131. K\u0131sa bir duyuru, g\u00f6r\u00fcn\u00fc\u015fte neredeyse zarars\u0131z... ancak bir\u00e7ok yoruma kap\u0131 a\u00e7an bir duyuru.<\/p>\n\n\n\n<p>\u00c7\u00fcnk\u00fc bu basit ifadenin ard\u0131nda muhtemelen yeni bir ara\u00e7tan \u00e7ok daha fazlas\u0131 yat\u0131yor. Bize g\u00f6re, bu be\u015finci modelin birka\u00e7 ayd\u0131r hakk\u0131nda konu\u015ftu\u011fumuz yeni bir Alfa Romeo olabilece\u011fine inanmak i\u00e7in her t\u00fcrl\u00fc neden var.<\/p>\n\n\n\n<h2 class=\"wp-block-heading\">Melfi, end\u00fcstriyel stratejinin kalbinde<\/h2>\n\n\n\n<p>Melfi tesisi \u015fu anda Stellantis'in Avrupa'daki end\u00fcstriyel d\u00f6n\u00fc\u015f\u00fcm\u00fcn\u00fcn temel direklerinden biridir. Tesis, STLA Medium platformunu temel alan birka\u00e7 modele ev sahipli\u011fi yap\u0131yor. Sendikalar, yeni modellerin kademeli olarak art\u0131r\u0131lmas\u0131yla birlikte \u00abend\u00fcstriyel s\u00fcrecin halihaz\u0131rda devam etti\u011fini\u00bb do\u011frulad\u0131. Be\u015finci arac\u0131n eklenmesi Melfi'nin merkezi rol\u00fcn\u00fcn yan\u0131 s\u0131ra \u00f6zellikle istihdam a\u00e7\u0131s\u0131ndan uzun vadeli beklentilerini de g\u00fc\u00e7lendiriyor. Geriye \u00f6nemli bir soru kal\u0131yor: bu ek model nedir?<\/p>\n\n\n\n<figure class=\"wp-block-image size-large\"><img loading=\"lazy\" decoding=\"async\" width=\"1024\" height=\"933\" src=\"https:\/\/www.italpassion.fr\/wp-content\/uploads\/2024\/12\/usine-melfi-1024x933.jpg\" alt=\"\" class=\"wp-image-35731\" srcset=\"https:\/\/www.italpassion.fr\/wp-content\/uploads\/2024\/12\/usine-melfi-1024x933.jpg 1024w, https:\/\/www.italpassion.fr\/wp-content\/uploads\/2024\/12\/usine-melfi-300x273.jpg 300w, https:\/\/www.italpassion.fr\/wp-content\/uploads\/2024\/12\/usine-melfi-768x699.jpg 768w, https:\/\/www.italpassion.fr\/wp-content\/uploads\/2024\/12\/usine-melfi-13x12.jpg 13w, https:\/\/www.italpassion.fr\/wp-content\/uploads\/2024\/12\/usine-melfi-561x511.jpg 561w, https:\/\/www.italpassion.fr\/wp-content\/uploads\/2024\/12\/usine-melfi-1122x1022.jpg 1122w, https:\/\/www.italpassion.fr\/wp-content\/uploads\/2024\/12\/usine-melfi-265x241.jpg 265w, https:\/\/www.italpassion.fr\/wp-content\/uploads\/2024\/12\/usine-melfi-531x484.jpg 531w, https:\/\/www.italpassion.fr\/wp-content\/uploads\/2024\/12\/usine-melfi-364x332.jpg 364w, https:\/\/www.italpassion.fr\/wp-content\/uploads\/2024\/12\/usine-melfi-728x663.jpg 728w, https:\/\/www.italpassion.fr\/wp-content\/uploads\/2024\/12\/usine-melfi-608x554.jpg 608w, https:\/\/www.italpassion.fr\/wp-content\/uploads\/2024\/12\/usine-melfi-758x690.jpg 758w, https:\/\/www.italpassion.fr\/wp-content\/uploads\/2024\/12\/usine-melfi-1152x1049.jpg 1152w, https:\/\/www.italpassion.fr\/wp-content\/uploads\/2024\/12\/usine-melfi.jpg 1491w\" sizes=\"auto, (max-width: 1024px) 100vw, 1024px\" \/><\/figure>\n\n\n\n<h2 class=\"wp-block-heading\">G\u00fcvenilir bir liderlik: \u00fcnl\u00fc A4U projesi<\/h2>\n\n\n\n<p>Neredeyse bir y\u0131ld\u0131r, A4U ad\u0131 verilen bir i\u00e7 proje etraf\u0131nda bir dizi rapor bir araya geliyor. Ba\u015flang\u0131\u00e7ta, bu modelin kariyerinin sonunda mevcut Tonale'nin yerini almas\u0131 ve 2027 veya 2028 civar\u0131nda piyasaya s\u00fcr\u00fclmesi planlan\u0131yordu. Ancak zaman \u00e7izelgesi de\u011fi\u015fti.<\/p>\n\n\n\n<p>Alfa Romeo'nun bu arac\u0131n tan\u0131t\u0131m\u0131n\u0131 2026'ya kadar \u00f6ne \u00e7ekti\u011fi ve bunu bir <a href=\"https:\/\/www.italpassion.fr\/tr\/alfa-romeo\/alfa-romeo-junior-ve-tonale-arasinda-benzeri%cc%87-gorulmemi%cc%87s-bi%cc%87r-modele-i%cc%87li%cc%87ski%cc%87n-yeni%cc%87-soylenti%cc%87ler\/\">s\u00fcrpriz bir model.<\/a> \u015ea\u015f\u0131rt\u0131c\u0131 g\u00f6r\u00fcnebilecek bir strateji... tabii bu ara\u00e7 markan\u0131n \u00fcr\u00fcn plan\u0131ndaki bir bo\u015flu\u011fu doldurmay\u0131 ama\u00e7lam\u0131yorsa. Junior'\u0131n 2024'teki lansman\u0131 ile 2027\/2028'e ertelenen gelecek Giulia ve Stelvio aras\u0131nda \u00fcr\u00fcn gam\u0131nda bir bo\u015fluk var. Bu yeni SUV bu bo\u015flu\u011fu m\u00fckemmel bir \u015fekilde dolduracakt\u0131r.<\/p>\n\n\n\n<h2 class=\"wp-block-heading\">\u201cYeni bir Tonale\u201d... yeni bir isimle<\/h2>\n\n\n\n<p>T\u00fcm g\u00f6stergeler, bu modelin asl\u0131nda ba\u015flang\u0131\u00e7ta 2027 i\u00e7in planlanan Tonale'nin do\u011frudan halefi oldu\u011fu y\u00f6n\u00fcnde. Ancak onun ad\u0131n\u0131 almas\u0131 beklenmiyor. Nedeni basit: 2022'de piyasaya s\u00fcr\u00fclen mevcut Tonale, kariyerini yeniden \u015fekillendirerek uzat\u0131yor. Dolay\u0131s\u0131yla ayn\u0131 isimde iki modele sahip olmak imkans\u0131z. Sonu\u00e7 olarak, gelecekteki bu SUV'a ayn\u0131 felsefeyi benimsese bile yeni bir isim verilmesi gerekecek. S\u00f6ylentilere g\u00f6re, arka k\u0131sm\u0131 markan\u0131n tan\u0131nm\u0131\u015f modelini an\u0131msatt\u0131\u011f\u0131 i\u00e7in Brera olarak adland\u0131r\u0131lacak.<\/p>\n\n\n\n<p>Ancak bu sadece bir ikame de\u011fil. Tahmini uzunlu\u011fu 4.60 ila 4.65 metre aras\u0131nda olan bu model, \u00fcr\u00fcn gam\u0131nda yukar\u0131ya do\u011fru hareket ederek mevcut Tonale ile gelecekteki Stelvio aras\u0131nda konumlan\u0131yor. Bu yeniden konumland\u0131rma, yeni neslinde boyut olarak da b\u00fcy\u00fcyecek olan mevcut Stelvio'nun b\u0131rakt\u0131\u011f\u0131 bo\u015flu\u011fu doldurmas\u0131n\u0131 sa\u011flayacakt\u0131r.<\/p>\n\n\n\n<h2 class=\"wp-block-heading\">Melfi'de tan\u0131d\u0131k bir teknik \u00fcs<\/h2>\n\n\n\n<p>Bu gelecek SUV Melfi fabrikas\u0131na yabanc\u0131 olmayacak. Halihaz\u0131rda burada \u00fcretilen Jeep Compass, DS N\u00b07, DS N\u00b08 ve yak\u0131nda Lancia Gamma gibi \u00e7e\u015fitli modeller taraf\u0131ndan kullan\u0131lan STLA Medium platformunu temel alacak. Bu da hem mimari hem de motorlar a\u00e7\u0131s\u0131ndan y\u00fcksek derecede teknik payla\u015f\u0131m anlam\u0131na geliyor.<\/p>\n\n\n\n<figure class=\"wp-block-image size-large\"><img loading=\"lazy\" decoding=\"async\" width=\"1024\" height=\"683\" src=\"https:\/\/www.italpassion.fr\/wp-content\/uploads\/2024\/12\/ds8-1024x683.jpg\" alt=\"\" class=\"wp-image-35533\" srcset=\"https:\/\/www.italpassion.fr\/wp-content\/uploads\/2024\/12\/ds8-1024x683.jpg 1024w, https:\/\/www.italpassion.fr\/wp-content\/uploads\/2024\/12\/ds8-300x200.jpg 300w, https:\/\/www.italpassion.fr\/wp-content\/uploads\/2024\/12\/ds8-768x512.jpg 768w, https:\/\/www.italpassion.fr\/wp-content\/uploads\/2024\/12\/ds8-18x12.jpg 18w, https:\/\/www.italpassion.fr\/wp-content\/uploads\/2024\/12\/ds8-561x374.jpg 561w, https:\/\/www.italpassion.fr\/wp-content\/uploads\/2024\/12\/ds8-1122x748.jpg 1122w, https:\/\/www.italpassion.fr\/wp-content\/uploads\/2024\/12\/ds8-265x177.jpg 265w, https:\/\/www.italpassion.fr\/wp-content\/uploads\/2024\/12\/ds8-531x354.jpg 531w, https:\/\/www.italpassion.fr\/wp-content\/uploads\/2024\/12\/ds8-364x243.jpg 364w, https:\/\/www.italpassion.fr\/wp-content\/uploads\/2024\/12\/ds8-728x485.jpg 728w, https:\/\/www.italpassion.fr\/wp-content\/uploads\/2024\/12\/ds8-608x405.jpg 608w, https:\/\/www.italpassion.fr\/wp-content\/uploads\/2024\/12\/ds8-758x505.jpg 758w, https:\/\/www.italpassion.fr\/wp-content\/uploads\/2024\/12\/ds8-1152x768.jpg 1152w, https:\/\/www.italpassion.fr\/wp-content\/uploads\/2024\/12\/ds8.jpg 1200w\" sizes=\"auto, (max-width: 1024px) 100vw, 1024px\" \/><\/figure>\n\n\n\n<p>G\u00fc\u00e7 aktarma organlar\u0131 a\u00e7\u0131s\u0131ndan neredeyse kesin olan bir \u015fey var: giri\u015f seviyesi model 1.6 litrelik EP6 motorunu temel alacak. Geriye bunun nas\u0131l bir form alaca\u011f\u0131 kal\u0131yor. \u015eu anda masada iki se\u00e7enek var: \u015farj edilebilir bir hibrit versiyon veya elektrikli bir versiyon. <a href=\"https:\/\/www.italpassion.fr\/tr\/stellantis\/stellantis-tek-bi%cc%87r-mekani%cc%87k-parcayi-degi%cc%87sti%cc%87rmeden-plug-in-hi%cc%87bri%cc%87tleri%cc%87nde-gucu-240-bgye-cikariyor\/\">yak\u0131n zamanda 240 hp'ye y\u00fckseltildi<\/a>, ya da <a href=\"https:\/\/www.italpassion.fr\/tr\/stellantis\/stellantis-1-6l-ep6-avrupa-motoru-abdde-ureti%cc%87me-basladi-ve-daha-guclu\/\">yakla\u015f\u0131k 210 bhp g\u00fcc\u00fcnde tek hibrit versiyon<\/a>, \u015fimdilik Amerikan pazar\u0131 i\u00e7in ayr\u0131lm\u0131\u015ft\u0131r. Her durumda, bu model elektrikli 100 % de dahil olmak \u00fczere eksiksiz bir \u00fcr\u00fcn yelpazesi sunmal\u0131d\u0131r.<\/p>\n\n\n\n<h2 class=\"wp-block-heading\">Her \u015feyi s\u00f6ylemeden \u00e7ok \u015fey anlatan bir duyuru<\/h2>\n\n\n\n<p>Stellantis bu be\u015finci modelin kimli\u011fini resmi olarak teyit etmemi\u015f olsa da, zamanlama, end\u00fcstriyel mant\u0131k ve halihaz\u0131rda bilinen bilgilerin hepsi ayn\u0131 sonuca i\u015faret ediyor. Melfi i\u00e7in duyurulan bu ek ara\u00e7, \u00f6n\u00fcm\u00fczdeki birka\u00e7 y\u0131l\u0131n en stratejik Alfa Romeo'su olabilir. \u015eimdi geriye kalan tek \u015fey Stellantis'in stratejik plan\u0131n\u0131 sunaca\u011f\u0131 21 May\u0131s'a kadar beklemek. \u0130\u015fte o zaman her \u015fey \u015f\u00fcphesiz \u00e7ok daha netle\u015fecek.<\/p>","protected":false},"excerpt":{"rendered":"","protected":false},"author":1,"featured_media":49296,"comment_status":"open","ping_status":"open","sticky":false,"template":"","format":"standard","meta":{"_acf_changed":false,"_sitemap_exclude":false,"_sitemap_priority":"","_sitemap_frequency":"","footnotes":""},"categories":[22,29],"tags":[781],"class_list":["post-49295","post","type-post","status-publish","format-standard","has-post-thumbnail","hentry","category-alfa-romeo","category-stellantis","tag-alfa-romeo-a4u","generate-columns","tablet-grid-50","mobile-grid-100","grid-parent","grid-33"],"acf":[],"yoast_head":"<!-- This site is optimized with the Yoast SEO plugin v25.8 - https:\/\/yoast.com\/wordpress\/plugins\/seo\/ -->\n<title>Stellantis annonce un 5e mod\u00e8le pour une usine italienne\u2026 et \u00e7a pourrait \u00eatre une nouvelle Alfa Romeo - ItalPassion<\/title>\n<meta name=\"description\" content=\"L\u2019information est tomb\u00e9e discr\u00e8tement, mais elle pourrait bien avoir des cons\u00e9quences majeures pour l\u2019avenir d\u2019Alfa Romeo et de Stellantis en Italie. \u00c0\" \/>\n<meta name=\"robots\" content=\"index, follow, max-snippet:-1, max-image-preview:large, max-video-preview:-1\" \/>\n<link rel=\"canonical\" href=\"https:\/\/www.italpassion.fr\/tr\/stellantis\/stellantis-bi\u0307r-i\u0307talyan-fabri\u0307kasi-i\u0307ci\u0307n-5-modeli\u0307ni\u0307-duyurdu-ve-bu-yeni\u0307-bi\u0307r-alfa-romeo-olabi\u0307li\u0307r\/\" \/>\n<meta property=\"og:locale\" content=\"tr_TR\" \/>\n<meta property=\"og:type\" content=\"article\" \/>\n<meta property=\"og:title\" content=\"Stellantis annonce un 5e mod\u00e8le pour une usine italienne\u2026 et \u00e7a pourrait \u00eatre une nouvelle Alfa Romeo - ItalPassion\" \/>\n<meta property=\"og:description\" content=\"L\u2019information est tomb\u00e9e discr\u00e8tement, mais elle pourrait bien avoir des cons\u00e9quences majeures pour l\u2019avenir d\u2019Alfa Romeo et de Stellantis en Italie. \u00c0\" \/>\n<meta property=\"og:url\" content=\"https:\/\/www.italpassion.fr\/tr\/stellantis\/stellantis-bi\u0307r-i\u0307talyan-fabri\u0307kasi-i\u0307ci\u0307n-5-modeli\u0307ni\u0307-duyurdu-ve-bu-yeni\u0307-bi\u0307r-alfa-romeo-olabi\u0307li\u0307r\/\" \/>\n<meta property=\"og:site_name\" content=\"ItalPassion\" \/>\n<meta property=\"article:publisher\" content=\"https:\/\/www.facebook.com\/italpassion\" \/>\n<meta property=\"article:published_time\" content=\"2026-04-27T05:49:48+00:00\" \/>\n<meta property=\"og:image\" content=\"https:\/\/www.italpassion.fr\/wp-content\/uploads\/2026\/04\/brera-0.jpg\" \/>\n\t<meta property=\"og:image:width\" content=\"1200\" \/>\n\t<meta property=\"og:image:height\" content=\"800\" \/>\n\t<meta property=\"og:image:type\" content=\"image\/jpeg\" \/>\n<meta name=\"author\" content=\"Alexandre Filluzeau\" \/>\n<meta name=\"twitter:card\" content=\"summary_large_image\" \/>\n<meta name=\"twitter:creator\" content=\"@italpassion\" \/>\n<meta name=\"twitter:site\" content=\"@italpassion\" \/>\n<script type=\"application\/ld+json\" class=\"yoast-schema-graph\">{\"@context\":\"https:\/\/schema.org\",\"@graph\":[{\"@type\":\"NewsArticle\",\"@id\":\"https:\/\/www.italpassion.fr\/tr\/stellantis\/stellantis-annonce-un-5e-modele-pour-une-usine-italienne-et-ca-pourrait-etre-une-nouvelle-alfa-romeo\/#article\",\"isPartOf\":{\"@id\":\"https:\/\/www.italpassion.fr\/tr\/stellantis\/stellantis-annonce-un-5e-modele-pour-une-usine-italienne-et-ca-pourrait-etre-une-nouvelle-alfa-romeo\/\"},\"author\":{\"name\":\"Alexandre Filluzeau\",\"@id\":\"https:\/\/www.italpassion.fr\/tr\/#\/schema\/person\/36f747b2a759ca202d847e85a9434ca0\"},\"headline\":\"Stellantis annonce un 5e mod\u00e8le pour une usine italienne\u2026 et \u00e7a pourrait \u00eatre une nouvelle Alfa Romeo\",\"datePublished\":\"2026-04-27T05:49:48+00:00\",\"mainEntityOfPage\":{\"@id\":\"https:\/\/www.italpassion.fr\/tr\/stellantis\/stellantis-annonce-un-5e-modele-pour-une-usine-italienne-et-ca-pourrait-etre-une-nouvelle-alfa-romeo\/\"},\"wordCount\":780,\"commentCount\":1,\"publisher\":{\"@id\":\"https:\/\/www.italpassion.fr\/tr\/#organization\"},\"image\":{\"@id\":\"https:\/\/www.italpassion.fr\/tr\/stellantis\/stellantis-annonce-un-5e-modele-pour-une-usine-italienne-et-ca-pourrait-etre-une-nouvelle-alfa-romeo\/#primaryimage\"},\"thumbnailUrl\":\"https:\/\/www.italpassion.fr\/wp-content\/uploads\/2026\/04\/brera-0.jpg\",\"keywords\":[\"Alfa Romeo A4U\"],\"articleSection\":[\"Alfa Romeo\",\"Stellantis\"],\"inLanguage\":\"tr\",\"potentialAction\":[{\"@type\":\"CommentAction\",\"name\":\"Comment\",\"target\":[\"https:\/\/www.italpassion.fr\/tr\/stellantis\/stellantis-annonce-un-5e-modele-pour-une-usine-italienne-et-ca-pourrait-etre-une-nouvelle-alfa-romeo\/#respond\"]}]},{\"@type\":\"WebPage\",\"@id\":\"https:\/\/www.italpassion.fr\/tr\/stellantis\/stellantis-annonce-un-5e-modele-pour-une-usine-italienne-et-ca-pourrait-etre-une-nouvelle-alfa-romeo\/\",\"url\":\"https:\/\/www.italpassion.fr\/tr\/stellantis\/stellantis-annonce-un-5e-modele-pour-une-usine-italienne-et-ca-pourrait-etre-une-nouvelle-alfa-romeo\/\",\"name\":\"Stellantis annonce un 5e mod\u00e8le pour une usine italienne\u2026 et \u00e7a pourrait \u00eatre une nouvelle Alfa Romeo - ItalPassion\",\"isPartOf\":{\"@id\":\"https:\/\/www.italpassion.fr\/tr\/#website\"},\"primaryImageOfPage\":{\"@id\":\"https:\/\/www.italpassion.fr\/tr\/stellantis\/stellantis-annonce-un-5e-modele-pour-une-usine-italienne-et-ca-pourrait-etre-une-nouvelle-alfa-romeo\/#primaryimage\"},\"image\":{\"@id\":\"https:\/\/www.italpassion.fr\/tr\/stellantis\/stellantis-annonce-un-5e-modele-pour-une-usine-italienne-et-ca-pourrait-etre-une-nouvelle-alfa-romeo\/#primaryimage\"},\"thumbnailUrl\":\"https:\/\/www.italpassion.fr\/wp-content\/uploads\/2026\/04\/brera-0.jpg\",\"datePublished\":\"2026-04-27T05:49:48+00:00\",\"description\":\"L\u2019information est tomb\u00e9e discr\u00e8tement, mais elle pourrait bien avoir des cons\u00e9quences majeures pour l\u2019avenir d\u2019Alfa Romeo et de Stellantis en Italie. \u00c0\",\"breadcrumb\":{\"@id\":\"https:\/\/www.italpassion.fr\/tr\/stellantis\/stellantis-annonce-un-5e-modele-pour-une-usine-italienne-et-ca-pourrait-etre-une-nouvelle-alfa-romeo\/#breadcrumb\"},\"inLanguage\":\"tr\",\"potentialAction\":[{\"@type\":\"ReadAction\",\"target\":[\"https:\/\/www.italpassion.fr\/tr\/stellantis\/stellantis-annonce-un-5e-modele-pour-une-usine-italienne-et-ca-pourrait-etre-une-nouvelle-alfa-romeo\/\"]}]},{\"@type\":\"ImageObject\",\"inLanguage\":\"tr\",\"@id\":\"https:\/\/www.italpassion.fr\/tr\/stellantis\/stellantis-annonce-un-5e-modele-pour-une-usine-italienne-et-ca-pourrait-etre-une-nouvelle-alfa-romeo\/#primaryimage\",\"url\":\"https:\/\/www.italpassion.fr\/wp-content\/uploads\/2026\/04\/brera-0.jpg\",\"contentUrl\":\"https:\/\/www.italpassion.fr\/wp-content\/uploads\/2026\/04\/brera-0.jpg\",\"width\":1200,\"height\":800},{\"@type\":\"BreadcrumbList\",\"@id\":\"https:\/\/www.italpassion.fr\/tr\/stellantis\/stellantis-annonce-un-5e-modele-pour-une-usine-italienne-et-ca-pourrait-etre-une-nouvelle-alfa-romeo\/#breadcrumb\",\"itemListElement\":[{\"@type\":\"ListItem\",\"position\":1,\"name\":\"Accueil\",\"item\":\"https:\/\/www.italpassion.fr\/tr\/\"},{\"@type\":\"ListItem\",\"position\":2,\"name\":\"Stellantis annonce un 5e mod\u00e8le pour une usine italienne\u2026 et \u00e7a pourrait \u00eatre une nouvelle Alfa Romeo\"}]},{\"@type\":\"WebSite\",\"@id\":\"https:\/\/www.italpassion.fr\/tr\/#website\",\"url\":\"https:\/\/www.italpassion.fr\/tr\/\",\"name\":\"ItalPassion\",\"description\":\"Les Passionn\u00e9s d&#039;Automobiles Italiennes\",\"publisher\":{\"@id\":\"https:\/\/www.italpassion.fr\/tr\/#organization\"},\"potentialAction\":[{\"@type\":\"SearchAction\",\"target\":{\"@type\":\"EntryPoint\",\"urlTemplate\":\"https:\/\/www.italpassion.fr\/tr\/?s={search_term_string}\"},\"query-input\":{\"@type\":\"PropertyValueSpecification\",\"valueRequired\":true,\"valueName\":\"search_term_string\"}}],\"inLanguage\":\"tr\"},{\"@type\":\"Organization\",\"@id\":\"https:\/\/www.italpassion.fr\/tr\/#organization\",\"name\":\"Italpassion\",\"url\":\"https:\/\/www.italpassion.fr\/tr\/\",\"logo\":{\"@type\":\"ImageObject\",\"inLanguage\":\"tr\",\"@id\":\"https:\/\/www.italpassion.fr\/tr\/#\/schema\/logo\/image\/\",\"url\":\"https:\/\/www.italpassion.fr\/wp-content\/uploads\/2023\/07\/italpassion-yoast.jpg\",\"contentUrl\":\"https:\/\/www.italpassion.fr\/wp-content\/uploads\/2023\/07\/italpassion-yoast.jpg\",\"width\":696,\"height\":696,\"caption\":\"Italpassion\"},\"image\":{\"@id\":\"https:\/\/www.italpassion.fr\/tr\/#\/schema\/logo\/image\/\"},\"sameAs\":[\"https:\/\/www.facebook.com\/italpassion\",\"https:\/\/x.com\/italpassion\",\"https:\/\/www.instagram.com\/italpassionfr\/\",\"https:\/\/www.youtube.com\/channel\/UCleq-ByQaA42OjhopwevRjQ\",\"https:\/\/www.facebook.com\/italpassion.en\/\",\"https:\/\/www.facebook.com\/italpassion.it\/\",\"https:\/\/www.facebook.com\/italpassion.de\/\",\"https:\/\/www.facebook.com\/italpassion.ja\/\"]},{\"@type\":\"Person\",\"@id\":\"https:\/\/www.italpassion.fr\/tr\/#\/schema\/person\/36f747b2a759ca202d847e85a9434ca0\",\"name\":\"Alexandre Filluzeau\",\"image\":{\"@type\":\"ImageObject\",\"inLanguage\":\"tr\",\"@id\":\"https:\/\/www.italpassion.fr\/tr\/#\/schema\/person\/image\/\",\"url\":\"https:\/\/www.italpassion.fr\/wp-content\/uploads\/2025\/04\/avatar-alexandre-160x160.jpg\",\"contentUrl\":\"https:\/\/www.italpassion.fr\/wp-content\/uploads\/2025\/04\/avatar-alexandre-160x160.jpg\",\"caption\":\"Alexandre Filluzeau\"},\"description\":\"Fondateur du site ItalPassion, passionn\u00e9 de voitures italiennes et de l'Italie en g\u00e9n\u00e9ral. J'apporte un regard critique et technique aux actualit\u00e9s des marques italiennes quand cela est possible. Propri\u00e9taire d'une Maserati GranTurismo, Alfa Romeo MiTo, Lancia Fulvia et Ducati 695. Ex-propri\u00e9taire d'une Alfa Romeo Giulia.\",\"sameAs\":[\"https:\/\/www.italpassion.fr\/\"],\"url\":\"https:\/\/www.italpassion.fr\/tr\/author\/alexandre\/\"}]}<\/script>\n<!-- \/ Yoast SEO plugin. -->","yoast_head_json":{"title":"Stellantis \u0130talyan fabrikas\u0131 i\u00e7in 5. modelini duyurdu... ve bu yeni bir Alfa Romeo olabilir - ItalPassion","description":"Haber sessizce geldi, ancak Alfa Romeo ve Stellantis'in \u0130talya'daki gelece\u011fi i\u00e7in b\u00fcy\u00fck sonu\u00e7lar do\u011furabilir. \u00c0","robots":{"index":"index","follow":"follow","max-snippet":"max-snippet:-1","max-image-preview":"max-image-preview:large","max-video-preview":"max-video-preview:-1"},"canonical":"https:\/\/www.italpassion.fr\/tr\/stellantis\/stellantis-bi\u0307r-i\u0307talyan-fabri\u0307kasi-i\u0307ci\u0307n-5-modeli\u0307ni\u0307-duyurdu-ve-bu-yeni\u0307-bi\u0307r-alfa-romeo-olabi\u0307li\u0307r\/","og_locale":"tr_TR","og_type":"article","og_title":"Stellantis annonce un 5e mod\u00e8le pour une usine italienne\u2026 et \u00e7a pourrait \u00eatre une nouvelle Alfa Romeo - ItalPassion","og_description":"L\u2019information est tomb\u00e9e discr\u00e8tement, mais elle pourrait bien avoir des cons\u00e9quences majeures pour l\u2019avenir d\u2019Alfa Romeo et de Stellantis en Italie. \u00c0","og_url":"https:\/\/www.italpassion.fr\/tr\/stellantis\/stellantis-bi\u0307r-i\u0307talyan-fabri\u0307kasi-i\u0307ci\u0307n-5-modeli\u0307ni\u0307-duyurdu-ve-bu-yeni\u0307-bi\u0307r-alfa-romeo-olabi\u0307li\u0307r\/","og_site_name":"ItalPassion","article_publisher":"https:\/\/www.facebook.com\/italpassion","article_published_time":"2026-04-27T05:49:48+00:00","og_image":[{"width":1200,"height":800,"url":"https:\/\/www.italpassion.fr\/wp-content\/uploads\/2026\/04\/brera-0.jpg","type":"image\/jpeg"}],"author":"Alexandre Filluzeau","twitter_card":"summary_large_image","twitter_creator":"@italpassion","twitter_site":"@italpassion","schema":{"@context":"https:\/\/schema.org","@graph":[{"@type":"NewsArticle","@id":"https:\/\/www.italpassion.fr\/tr\/stellantis\/stellantis-annonce-un-5e-modele-pour-une-usine-italienne-et-ca-pourrait-etre-une-nouvelle-alfa-romeo\/#article","isPartOf":{"@id":"https:\/\/www.italpassion.fr\/tr\/stellantis\/stellantis-annonce-un-5e-modele-pour-une-usine-italienne-et-ca-pourrait-etre-une-nouvelle-alfa-romeo\/"},"author":{"name":"Alexandre Filluzeau","@id":"https:\/\/www.italpassion.fr\/tr\/#\/schema\/person\/36f747b2a759ca202d847e85a9434ca0"},"headline":"Stellantis annonce un 5e mod\u00e8le pour une usine italienne\u2026 et \u00e7a pourrait \u00eatre une nouvelle Alfa Romeo","datePublished":"2026-04-27T05:49:48+00:00","mainEntityOfPage":{"@id":"https:\/\/www.italpassion.fr\/tr\/stellantis\/stellantis-annonce-un-5e-modele-pour-une-usine-italienne-et-ca-pourrait-etre-une-nouvelle-alfa-romeo\/"},"wordCount":780,"commentCount":1,"publisher":{"@id":"https:\/\/www.italpassion.fr\/tr\/#organization"},"image":{"@id":"https:\/\/www.italpassion.fr\/tr\/stellantis\/stellantis-annonce-un-5e-modele-pour-une-usine-italienne-et-ca-pourrait-etre-une-nouvelle-alfa-romeo\/#primaryimage"},"thumbnailUrl":"https:\/\/www.italpassion.fr\/wp-content\/uploads\/2026\/04\/brera-0.jpg","keywords":["Alfa Romeo A4U"],"articleSection":["Alfa Romeo","Stellantis"],"inLanguage":"tr","potentialAction":[{"@type":"CommentAction","name":"Comment","target":["https:\/\/www.italpassion.fr\/tr\/stellantis\/stellantis-annonce-un-5e-modele-pour-une-usine-italienne-et-ca-pourrait-etre-une-nouvelle-alfa-romeo\/#respond"]}]},{"@type":"WebPage","@id":"https:\/\/www.italpassion.fr\/tr\/stellantis\/stellantis-annonce-un-5e-modele-pour-une-usine-italienne-et-ca-pourrait-etre-une-nouvelle-alfa-romeo\/","url":"https:\/\/www.italpassion.fr\/tr\/stellantis\/stellantis-annonce-un-5e-modele-pour-une-usine-italienne-et-ca-pourrait-etre-une-nouvelle-alfa-romeo\/","name":"Stellantis \u0130talyan fabrikas\u0131 i\u00e7in 5. modelini duyurdu... ve bu yeni bir Alfa Romeo olabilir - ItalPassion","isPartOf":{"@id":"https:\/\/www.italpassion.fr\/tr\/#website"},"primaryImageOfPage":{"@id":"https:\/\/www.italpassion.fr\/tr\/stellantis\/stellantis-annonce-un-5e-modele-pour-une-usine-italienne-et-ca-pourrait-etre-une-nouvelle-alfa-romeo\/#primaryimage"},"image":{"@id":"https:\/\/www.italpassion.fr\/tr\/stellantis\/stellantis-annonce-un-5e-modele-pour-une-usine-italienne-et-ca-pourrait-etre-une-nouvelle-alfa-romeo\/#primaryimage"},"thumbnailUrl":"https:\/\/www.italpassion.fr\/wp-content\/uploads\/2026\/04\/brera-0.jpg","datePublished":"2026-04-27T05:49:48+00:00","description":"Haber sessizce geldi, ancak Alfa Romeo ve Stellantis'in \u0130talya'daki gelece\u011fi i\u00e7in b\u00fcy\u00fck sonu\u00e7lar do\u011furabilir. \u00c0","breadcrumb":{"@id":"https:\/\/www.italpassion.fr\/tr\/stellantis\/stellantis-annonce-un-5e-modele-pour-une-usine-italienne-et-ca-pourrait-etre-une-nouvelle-alfa-romeo\/#breadcrumb"},"inLanguage":"tr","potentialAction":[{"@type":"ReadAction","target":["https:\/\/www.italpassion.fr\/tr\/stellantis\/stellantis-annonce-un-5e-modele-pour-une-usine-italienne-et-ca-pourrait-etre-une-nouvelle-alfa-romeo\/"]}]},{"@type":"ImageObject","inLanguage":"tr","@id":"https:\/\/www.italpassion.fr\/tr\/stellantis\/stellantis-annonce-un-5e-modele-pour-une-usine-italienne-et-ca-pourrait-etre-une-nouvelle-alfa-romeo\/#primaryimage","url":"https:\/\/www.italpassion.fr\/wp-content\/uploads\/2026\/04\/brera-0.jpg","contentUrl":"https:\/\/www.italpassion.fr\/wp-content\/uploads\/2026\/04\/brera-0.jpg","width":1200,"height":800},{"@type":"BreadcrumbList","@id":"https:\/\/www.italpassion.fr\/tr\/stellantis\/stellantis-annonce-un-5e-modele-pour-une-usine-italienne-et-ca-pourrait-etre-une-nouvelle-alfa-romeo\/#breadcrumb","itemListElement":[{"@type":"ListItem","position":1,"name":"Accueil","item":"https:\/\/www.italpassion.fr\/tr\/"},{"@type":"ListItem","position":2,"name":"Stellantis annonce un 5e mod\u00e8le pour une usine italienne\u2026 et \u00e7a pourrait \u00eatre une nouvelle Alfa Romeo"}]},{"@type":"WebSite","@id":"https:\/\/www.italpassion.fr\/tr\/#website","url":"https:\/\/www.italpassion.fr\/tr\/","name":"ItalPassion","description":"\u0130talyan Araba Merakl\u0131lar\u0131","publisher":{"@id":"https:\/\/www.italpassion.fr\/tr\/#organization"},"potentialAction":[{"@type":"SearchAction","target":{"@type":"EntryPoint","urlTemplate":"https:\/\/www.italpassion.fr\/tr\/?s={search_term_string}"},"query-input":{"@type":"PropertyValueSpecification","valueRequired":true,"valueName":"search_term_string"}}],"inLanguage":"tr"},{"@type":"Organization","@id":"https:\/\/www.italpassion.fr\/tr\/#organization","name":"Italpassion","url":"https:\/\/www.italpassion.fr\/tr\/","logo":{"@type":"ImageObject","inLanguage":"tr","@id":"https:\/\/www.italpassion.fr\/tr\/#\/schema\/logo\/image\/","url":"https:\/\/www.italpassion.fr\/wp-content\/uploads\/2023\/07\/italpassion-yoast.jpg","contentUrl":"https:\/\/www.italpassion.fr\/wp-content\/uploads\/2023\/07\/italpassion-yoast.jpg","width":696,"height":696,"caption":"Italpassion"},"image":{"@id":"https:\/\/www.italpassion.fr\/tr\/#\/schema\/logo\/image\/"},"sameAs":["https:\/\/www.facebook.com\/italpassion","https:\/\/x.com\/italpassion","https:\/\/www.instagram.com\/italpassionfr\/","https:\/\/www.youtube.com\/channel\/UCleq-ByQaA42OjhopwevRjQ","https:\/\/www.facebook.com\/italpassion.en\/","https:\/\/www.facebook.com\/italpassion.it\/","https:\/\/www.facebook.com\/italpassion.de\/","https:\/\/www.facebook.com\/italpassion.ja\/"]},{"@type":"Person","@id":"https:\/\/www.italpassion.fr\/tr\/#\/schema\/person\/36f747b2a759ca202d847e85a9434ca0","name":"Alexandre Filluzeau","image":{"@type":"ImageObject","inLanguage":"tr","@id":"https:\/\/www.italpassion.fr\/tr\/#\/schema\/person\/image\/","url":"https:\/\/www.italpassion.fr\/wp-content\/uploads\/2025\/04\/avatar-alexandre-160x160.jpg","contentUrl":"https:\/\/www.italpassion.fr\/wp-content\/uploads\/2025\/04\/avatar-alexandre-160x160.jpg","caption":"Alexandre Filluzeau"},"description":"ItalPassion web sitesinin kurucusu, \u0130talyan otomobilleri ve genel olarak \u0130talya hakk\u0131nda tutkulu. M\u00fcmk\u00fcn oldu\u011funca \u0130talyan markalar\u0131n\u0131n haberlerine ele\u015ftirel ve teknik bir g\u00f6z getiriyorum. Maserati GranTurismo, Alfa Romeo MiTo, Lancia Fulvia ve Ducati 695 sahibiyim. Alfa Romeo Giulia'n\u0131n eski sahibi.","sameAs":["https:\/\/www.italpassion.fr\/"],"url":"https:\/\/www.italpassion.fr\/tr\/author\/alexandre\/"}]}},"_links":{"self":[{"href":"https:\/\/www.italpassion.fr\/tr\/wp-json\/wp\/v2\/posts\/49295","targetHints":{"allow":["GET"]}}],"collection":[{"href":"https:\/\/www.italpassion.fr\/tr\/wp-json\/wp\/v2\/posts"}],"about":[{"href":"https:\/\/www.italpassion.fr\/tr\/wp-json\/wp\/v2\/types\/post"}],"author":[{"embeddable":true,"href":"https:\/\/www.italpassion.fr\/tr\/wp-json\/wp\/v2\/users\/1"}],"replies":[{"embeddable":true,"href":"https:\/\/www.italpassion.fr\/tr\/wp-json\/wp\/v2\/comments?post=49295"}],"version-history":[{"count":2,"href":"https:\/\/www.italpassion.fr\/tr\/wp-json\/wp\/v2\/posts\/49295\/revisions"}],"predecessor-version":[{"id":49319,"href":"https:\/\/www.italpassion.fr\/tr\/wp-json\/wp\/v2\/posts\/49295\/revisions\/49319"}],"wp:featuredmedia":[{"embeddable":true,"href":"https:\/\/www.italpassion.fr\/tr\/wp-json\/wp\/v2\/media\/49296"}],"wp:attachment":[{"href":"https:\/\/www.italpassion.fr\/tr\/wp-json\/wp\/v2\/media?parent=49295"}],"wp:term":[{"taxonomy":"category","embeddable":true,"href":"https:\/\/www.italpassion.fr\/tr\/wp-json\/wp\/v2\/categories?post=49295"},{"taxonomy":"post_tag","embeddable":true,"href":"https:\/\/www.italpassion.fr\/tr\/wp-json\/wp\/v2\/tags?post=49295"}],"curies":[{"name":"wp","href":"https:\/\/api.w.org\/{rel}","templated":true}]}}