{"id":49203,"date":"2026-04-29T19:24:38","date_gmt":"2026-04-29T17:24:38","guid":{"rendered":"https:\/\/www.italpassion.fr\/?p=49203"},"modified":"2026-04-24T09:53:23","modified_gmt":"2026-04-24T07:53:23","slug":"elektrikli-ferrarinin-vites-kutusu-yok-ferrari-yine-de-ozel-kurekler-icat-etti-bir-seyleri-kaciriyorduk","status":"publish","type":"post","link":"https:\/\/www.italpassion.fr\/tr\/ferrari\/la-ferrari-electrique-na-pas-de-boite-de-vitesses-ferrari-a-quand-meme-invente-des-palettes-speciales-il-nous-manquait-quelque-chose\/","title":{"rendered":"Elektrikli Ferrari'nin vites kutusu yok... Ancak Ferrari, \u00abbir \u015feyleri ka\u00e7\u0131r\u0131yorduk\u00bb diyerek \u00f6zel k\u00fcrekler icat etti.\u00bb"},"content":{"rendered":"<figure class=\"wp-block-image size-full\"><img loading=\"lazy\" decoding=\"async\" width=\"1200\" height=\"800\" src=\"https:\/\/www.italpassion.fr\/wp-content\/uploads\/2026\/04\/ferrari-palette.jpg\" alt=\"\" class=\"wp-image-49204\" srcset=\"https:\/\/www.italpassion.fr\/wp-content\/uploads\/2026\/04\/ferrari-palette.jpg 1200w, https:\/\/www.italpassion.fr\/wp-content\/uploads\/2026\/04\/ferrari-palette-420x280.jpg 420w, https:\/\/www.italpassion.fr\/wp-content\/uploads\/2026\/04\/ferrari-palette-768x512.jpg 768w, https:\/\/www.italpassion.fr\/wp-content\/uploads\/2026\/04\/ferrari-palette-18x12.jpg 18w\" sizes=\"auto, (max-width: 1200px) 100vw, 1200px\" \/><\/figure>\n\n\n\n<p>Birka\u00e7 haftad\u0131r, <a href=\"https:\/\/www.italpassion.fr\/tr\/ferrari\/\">Ferrari<\/a> ilk 100 % elektrikli otomobili, gelece\u011fin otomobili hakk\u0131nda bilgi veriyor <a href=\"https:\/\/www.italpassion.fr\/tr\/arabalar\/ferrari-luce\/\">Ferrari Luce<\/a>. <a href=\"https:\/\/www.italpassion.fr\/tr\/ferrari\/ferrari%cc%87-sonunda-i%cc%87lk-100-elektri%cc%87kli%cc%87-otomobi%cc%87li%cc%87ni%cc%87n-bi%cc%87r-hypercar-kadar-hizli-performansini-acikladi\/\">Hiper otomobil performans\u0131<\/a>, <a href=\"https:\/\/www.italpassion.fr\/tr\/ferrari\/ferrari%cc%87-ve-nasa-gelecekteki%cc%87-super-otomobi%cc%87l-hizi-uzeri%cc%87nde-bi%cc%87rli%cc%87kte-calisiyor-beyni%cc%87mi%cc%87zi%cc%87-bozabi%cc%87li%cc%87r\/\">NASA ile i\u015fbirli\u011fi<\/a>, <a href=\"https:\/\/www.italpassion.fr\/tr\/ferrari\/liphoneun-tasarimcisi-5-yilini-ferrari%cc%87de-geci%cc%87rdi%cc%87-ve-her-seyden-once-elektri%cc%87kli%cc%87-bi%cc%87r-otomobi%cc%87lde-dokunmati%cc%87k-ekran-olmamasinin-hi%cc%87c-mantikli-olmadigi\/\">Jony Ive taraf\u0131ndan tasarland\u0131<\/a>... her \u015fey Maranello merkezli markan\u0131n teknolojik bir de\u011fi\u015fimden \u00e7ok daha fazlas\u0131n\u0131 haz\u0131rlad\u0131\u011f\u0131n\u0131 g\u00f6steriyor.<\/p>\n\n\n\n<p>Ancak son teknik videosunda \u00f6zellikle bir ayr\u0131nt\u0131 dikkatimizi \u00e7ekti. Neredeyse paradoksal bir fikir, ama Ferrari'yi derinden etkileyen bir fikir: vites kutusu olmayan elektrikli bir otomobilde direksiyon simidi kulak\u00e7\u0131klar\u0131 yaratmak. Ve bu karar\u0131n ard\u0131nda yatan tek bir c\u00fcmle her \u015feyi \u00f6zetliyor: \u00abbir \u015feyler eksikti\u00bb.<\/p>\n\n\n\n<h2 class=\"wp-block-heading\">\u00c7ok m\u00fckemmel bir elektrikli Ferrari mi?<\/h2>\n\n\n\n<p>Ka\u011f\u0131t \u00fczerinde Ferrari Luce, etkilemek i\u00e7in her \u015feye sahip. Saatte 2,5 saniyelik 0-100 km\/s s\u00fcresi ve 310 km\/s azami h\u0131z\u0131yla markan\u0131n en ekstrem modelleriyle hemen ayn\u0131 seviyede.<\/p>\n\n\n\n<figure class=\"wp-block-image size-full\"><img loading=\"lazy\" decoding=\"async\" width=\"1200\" height=\"800\" src=\"https:\/\/www.italpassion.fr\/wp-content\/uploads\/2026\/04\/ferrari-moteur.jpg\" alt=\"\" class=\"wp-image-49206\" srcset=\"https:\/\/www.italpassion.fr\/wp-content\/uploads\/2026\/04\/ferrari-moteur.jpg 1200w, https:\/\/www.italpassion.fr\/wp-content\/uploads\/2026\/04\/ferrari-moteur-420x280.jpg 420w, https:\/\/www.italpassion.fr\/wp-content\/uploads\/2026\/04\/ferrari-moteur-768x512.jpg 768w, https:\/\/www.italpassion.fr\/wp-content\/uploads\/2026\/04\/ferrari-moteur-18x12.jpg 18w\" sizes=\"auto, (max-width: 1200px) 100vw, 1200px\" \/><\/figure>\n\n\n\n<p>Bu performans \u00f6zellikle son derece geli\u015fmi\u015f elektrik mimarisinden kaynaklanmaktad\u0131r. Otomobil, saniyede 500 kez arac\u0131n davran\u0131\u015f\u0131n\u0131 ayarlayan bir kontrol sistemi ile her bir tekerle\u011fi ayr\u0131 ayr\u0131 y\u00f6netebilen d\u00f6rt ba\u011f\u0131ms\u0131z motora dayanmaktad\u0131r.<\/p>\n\n\n\n<p>Sonu\u00e7, en zorlu ko\u015fullarda bile tam bir kontrol hissi. M\u00fchendisler buzda, pistte veya \u00e7ok y\u00fcksek h\u0131zlarda arac\u0131n ger\u00e7ekte oldu\u011fundan daha hafif oldu\u011fu izlenimini verdi\u011fini a\u00e7\u0131kl\u0131yor. Ancak sorun da tam olarak burada ba\u015fl\u0131yor.<\/p>\n\n\n\n<figure class=\"wp-block-image size-full\"><img loading=\"lazy\" decoding=\"async\" width=\"1200\" height=\"800\" src=\"https:\/\/www.italpassion.fr\/wp-content\/uploads\/2026\/04\/ferrari-luce.jpg\" alt=\"\" class=\"wp-image-49207\" srcset=\"https:\/\/www.italpassion.fr\/wp-content\/uploads\/2026\/04\/ferrari-luce.jpg 1200w, https:\/\/www.italpassion.fr\/wp-content\/uploads\/2026\/04\/ferrari-luce-420x280.jpg 420w, https:\/\/www.italpassion.fr\/wp-content\/uploads\/2026\/04\/ferrari-luce-768x512.jpg 768w, https:\/\/www.italpassion.fr\/wp-content\/uploads\/2026\/04\/ferrari-luce-18x12.jpg 18w\" sizes=\"auto, (max-width: 1200px) 100vw, 1200px\" \/><\/figure>\n\n\n\n<p>\u00c7\u00fcnk\u00fc elektrikli bir otomobilde her \u015fey anl\u0131kt\u0131r. Tork, birikme, ara verme, ge\u00e7i\u015f olmadan an\u0131nda gelir. H\u0131zlanma do\u011frusald\u0131r, ac\u0131mas\u0131zd\u0131r... neredeyse fazla m\u00fckemmeldir. Ve Ferrari gibi bir marka i\u00e7in bu temel bir soruyu g\u00fcndeme getiriyor: duygu nereye gitti?<\/p>\n\n\n\n<h2 class=\"wp-block-heading\">\u00abPaletler nerede?\u00bb<\/h2>\n\n\n\n<p>Son videoda m\u00fchendislerin kendileri bir \u015feylerin eksik oldu\u011funu itiraf ediyor. Yanmal\u0131 motorlu ara\u00e7larda direksiyon simidi kulak\u00e7\u0131klar\u0131 sadece bir ara\u00e7 de\u011fildir. S\u00fcr\u00fc\u015f deneyimine do\u011frudan katk\u0131da bulunurlar. H\u0131zlanmay\u0131 noktal\u0131yor, virajlar\u0131 \u00f6ng\u00f6r\u00fcyor ve ivmelenmeyi y\u00f6netiyorlar. Etkile\u015fim yarat\u0131rlar.<\/p>\n\n\n\n<figure class=\"wp-block-image size-full\"><img loading=\"lazy\" decoding=\"async\" width=\"1200\" height=\"800\" src=\"https:\/\/www.italpassion.fr\/wp-content\/uploads\/2026\/04\/ferrari-palette-2.jpg\" alt=\"\" class=\"wp-image-49205\" srcset=\"https:\/\/www.italpassion.fr\/wp-content\/uploads\/2026\/04\/ferrari-palette-2.jpg 1200w, https:\/\/www.italpassion.fr\/wp-content\/uploads\/2026\/04\/ferrari-palette-2-420x280.jpg 420w, https:\/\/www.italpassion.fr\/wp-content\/uploads\/2026\/04\/ferrari-palette-2-768x512.jpg 768w, https:\/\/www.italpassion.fr\/wp-content\/uploads\/2026\/04\/ferrari-palette-2-18x12.jpg 18w\" sizes=\"auto, (max-width: 1200px) 100vw, 1200px\" \/><\/figure>\n\n\n\n<p>Ama elektrikli bir arabada bunlar yok olur. Vites kutusu yok, vites de\u011fi\u015ftirmek yok, var olmak i\u00e7in bir neden yok. Yine de, Luce'nin ilk testleri s\u0131ras\u0131nda, bir refleks geri gelmeye devam etti. \u00abDi\u011fer elektrikli otomobillerde onlar\u0131 arard\u0131k, ama kulak\u00e7\u0131klar nerede? Ama pedallar nerede? Bu neredeyse i\u00e7g\u00fcd\u00fcsel bilgi eksikli\u011fi Ferrari'yi rollerini tamamen yeniden d\u00fc\u015f\u00fcnmeye sevk etti.<\/p>\n\n\n\n<h2 class=\"wp-block-heading\">K\u00fcrekler... farkl\u0131 t\u00fcrde bir ara\u00e7 kontrol\u00fc i\u00e7in<\/h2>\n\n\n\n<p>Ferrari, vitesleri yapay olarak sim\u00fcle etmek yerine, \u00e7ok daha ilgin\u00e7 bir yakla\u015f\u0131m se\u00e7ti: k\u00fcreklere ger\u00e7ek bir i\u015flev vermek.<\/p>\n\n\n\n<p>Geleneksel olarak vites k\u00fc\u00e7\u00fcltmek i\u00e7in kullan\u0131lan sol k\u00fcrek art\u0131k viraj giri\u015fini daha iyi kontrol etmek i\u00e7in kullan\u0131l\u0131yor. Sa\u011f k\u00fcrek ise \u00e7\u0131k\u0131\u015f\u0131 optimize etmek i\u00e7in kullan\u0131l\u0131yor. Ba\u015fka bir deyi\u015fle, k\u00fcrekler art\u0131k vites de\u011fi\u015ftirmek i\u00e7in de\u011fil... otomobilin dinamiklerini ger\u00e7ek zamanl\u0131 olarak y\u00f6netmek i\u00e7in kullan\u0131l\u0131yor. Bu kontroller s\u00fcr\u00fcc\u00fc ile kontrol sistemleri aras\u0131nda do\u011frudan bir aray\u00fcz haline geliyor.<\/p>\n\n\n\n<p>Bu se\u00e7im \u00f6nemsiz de\u011fildir. Ferrari'nin s\u00fcr\u00fc\u015f deneyimi \u00fczerine \u00e7ok daha geni\u015f bir d\u00fc\u015f\u00fcncesinin bir par\u00e7as\u0131d\u0131r. Luce ile marka sadece performans\u0131 y\u00f6netmekle kalm\u0131yor. Ayn\u0131 zamanda yeni insani k\u0131s\u0131tlamalarla da ba\u015fa \u00e7\u0131kmak zorunda. \u00d6rne\u011fin anl\u0131k h\u0131zlanma o kadar \u015fiddetli ki, v\u00fccut \u00fczerindeki etkilerini anlamak i\u00e7in NASA ile \u00e7al\u0131\u015fmalar yap\u0131lmas\u0131 gerekti.<\/p>\n\n\n\n<p>CEO Benedetto Vigna'n\u0131n a\u00e7\u0131klad\u0131\u011f\u0131 gibi, \u00e7ok do\u011frusal olan h\u0131zlanma beyni rahats\u0131z edebilir. Dolay\u0131s\u0131yla mesele sadece h\u0131zl\u0131 gitmek de\u011fil, ayn\u0131 zamanda bu h\u0131z\u0131 s\u00fcr\u00fcc\u00fc i\u00e7in \u201canla\u015f\u0131labilir\u201d ve kontrol edilebilir hale getirmektir. K\u00fcrekler tam da bunu ba\u015farmaya yard\u0131mc\u0131 oluyor.<\/p>\n\n\n\n<p>Deneyimin \u201cdilimlenmesine\u201d, yeni referans noktalar\u0131 sa\u011flamas\u0131na, insan ve makine aras\u0131nda bir diyalog bi\u00e7imi yaratmas\u0131na izin verirler. Ses bile bu mant\u0131\u011f\u0131 takip ediyor. Ferrari i\u00e7ten yanmal\u0131 bir motoru taklit etmeye de\u011fil, elektrik motorunun frekanslar\u0131 \u00fczerinde \u00e7al\u0131\u015farak duyumlara e\u015flik edebilecek kendi ses imzas\u0131n\u0131 yaratmaya \u00e7al\u0131\u015f\u0131yor.<\/p>\n\n\n\n<p>Test s\u00fcr\u00fc\u015fleri s\u0131ras\u0131nda baz\u0131 s\u00fcr\u00fcc\u00fcler \u201cneredeyse yasad\u0131\u015f\u0131\u201d bir deneyimden s\u00f6z etti. Di\u011ferleri ise hayal edilebilece\u011finden daha basit, daha do\u011frudan ve daha az dijital bir aray\u00fcz\u00fcn m\u00fcmk\u00fcn k\u0131ld\u0131\u011f\u0131 ara\u00e7la derin bir ba\u011fdan s\u00f6z etti.<\/p>\n\n\n\n<p>D\u00f6rt motoru, Formula 1 bataryalar\u0131 ve binlerce aerodinamik sim\u00fclasyonuyla son derece teknolojik olan otomobil, ayn\u0131 zamanda fiziksel, sezgisel ve neredeyse mekanik bir yakla\u015f\u0131ma sahip. Her \u015feyin otomatikle\u015ftirilebilece\u011fi, yumu\u015fat\u0131labilece\u011fi ve optimize edilebilece\u011fi bir otomobilde... Ferrari kas\u0131tl\u0131 olarak etkile\u015fimi ekledi. \u00c7\u00fcnk\u00fc evet, elektrik \u00e7a\u011f\u0131nda bile s\u00fcr\u00fcc\u00fcn\u00fcn yapacak bir \u015feyleri olmal\u0131yd\u0131.<\/p>\n\n\n\n<figure class=\"wp-block-embed is-type-video is-provider-youtube wp-block-embed-youtube wp-embed-aspect-16-9 wp-has-aspect-ratio\"><div class=\"wp-block-embed__wrapper\">\n<iframe loading=\"lazy\" title=\"Ferrari Luce&#039;yi nas\u0131l \u00fcrettik | B\u00f6l\u00fcm 3\" width=\"1200\" height=\"675\" src=\"https:\/\/www.youtube-nocookie.com\/embed\/c_67jy3OqqQ?feature=oembed\" frameborder=\"0\" allow=\"accelerometer; autoplay; clipboard-write; encrypted-media; gyroscope; picture-in-picture; web-share\" referrerpolicy=\"strict-origin-when-cross-origin\" allowfullscreen><\/iframe>\n<\/div><\/figure>","protected":false},"excerpt":{"rendered":"","protected":false},"author":1,"featured_media":49204,"comment_status":"open","ping_status":"open","sticky":false,"template":"","format":"standard","meta":{"_acf_changed":false,"_sitemap_exclude":false,"_sitemap_priority":"","_sitemap_frequency":"","footnotes":""},"categories":[23],"tags":[448],"class_list":["post-49203","post","type-post","status-publish","format-standard","has-post-thumbnail","hentry","category-ferrari","tag-ferrari-elettrica","generate-columns","tablet-grid-50","mobile-grid-100","grid-parent","grid-33"],"acf":[],"yoast_head":"<!-- This site is optimized with the Yoast SEO plugin v25.8 - https:\/\/yoast.com\/wordpress\/plugins\/seo\/ -->\n<title>La Ferrari \u00e9lectrique n&#039;a pas de bo\u00eete de vitesses\u2026 Ferrari a quand m\u00eame invent\u00e9 des palettes sp\u00e9ciales &quot;il nous manquait quelque chose&quot; - ItalPassion<\/title>\n<meta name=\"description\" content=\"Depuis plusieurs semaines, Ferrari distille les informations autour de sa toute premi\u00e8re voiture 100 % \u00e9lectrique, la future Ferrari Luce. Performances\" \/>\n<meta name=\"robots\" content=\"index, follow, max-snippet:-1, max-image-preview:large, max-video-preview:-1\" \/>\n<link rel=\"canonical\" href=\"https:\/\/www.italpassion.fr\/tr\/ferrari\/elektrikli-ferrarinin-vites-kutusu-yok-ferrari-yine-de-ozel-kurekler-icat-etti-bir-seyleri-kaciriyorduk\/\" \/>\n<meta property=\"og:locale\" content=\"tr_TR\" \/>\n<meta property=\"og:type\" content=\"article\" \/>\n<meta property=\"og:title\" content=\"La Ferrari \u00e9lectrique n&#039;a pas de bo\u00eete de vitesses\u2026 Ferrari a quand m\u00eame invent\u00e9 des palettes sp\u00e9ciales &quot;il nous manquait quelque chose&quot; - ItalPassion\" \/>\n<meta property=\"og:description\" content=\"Depuis plusieurs semaines, Ferrari distille les informations autour de sa toute premi\u00e8re voiture 100 % \u00e9lectrique, la future Ferrari Luce. Performances\" \/>\n<meta property=\"og:url\" content=\"https:\/\/www.italpassion.fr\/tr\/ferrari\/elektrikli-ferrarinin-vites-kutusu-yok-ferrari-yine-de-ozel-kurekler-icat-etti-bir-seyleri-kaciriyorduk\/\" \/>\n<meta property=\"og:site_name\" content=\"ItalPassion\" \/>\n<meta property=\"article:publisher\" content=\"https:\/\/www.facebook.com\/italpassion\" \/>\n<meta property=\"article:published_time\" content=\"2026-04-29T17:24:38+00:00\" \/>\n<meta property=\"og:image\" content=\"https:\/\/www.italpassion.fr\/wp-content\/uploads\/2026\/04\/ferrari-palette.jpg\" \/>\n\t<meta property=\"og:image:width\" content=\"1200\" \/>\n\t<meta property=\"og:image:height\" content=\"800\" \/>\n\t<meta property=\"og:image:type\" content=\"image\/jpeg\" \/>\n<meta name=\"author\" content=\"Alexandre Filluzeau\" \/>\n<meta name=\"twitter:card\" content=\"summary_large_image\" \/>\n<meta name=\"twitter:creator\" content=\"@italpassion\" \/>\n<meta name=\"twitter:site\" content=\"@italpassion\" \/>\n<script type=\"application\/ld+json\" class=\"yoast-schema-graph\">{\"@context\":\"https:\/\/schema.org\",\"@graph\":[{\"@type\":\"NewsArticle\",\"@id\":\"https:\/\/www.italpassion.fr\/tr\/ferrari\/la-ferrari-electrique-na-pas-de-boite-de-vitesses-ferrari-a-quand-meme-invente-des-palettes-speciales-il-nous-manquait-quelque-chose\/#article\",\"isPartOf\":{\"@id\":\"https:\/\/www.italpassion.fr\/tr\/ferrari\/la-ferrari-electrique-na-pas-de-boite-de-vitesses-ferrari-a-quand-meme-invente-des-palettes-speciales-il-nous-manquait-quelque-chose\/\"},\"author\":{\"name\":\"Alexandre Filluzeau\",\"@id\":\"https:\/\/www.italpassion.fr\/tr\/#\/schema\/person\/36f747b2a759ca202d847e85a9434ca0\"},\"headline\":\"La Ferrari \u00e9lectrique n&rsquo;a pas de bo\u00eete de vitesses\u2026 Ferrari a quand m\u00eame invent\u00e9 des palettes sp\u00e9ciales \u00ab\u00a0il nous manquait quelque chose\u00a0\u00bb\",\"datePublished\":\"2026-04-29T17:24:38+00:00\",\"mainEntityOfPage\":{\"@id\":\"https:\/\/www.italpassion.fr\/tr\/ferrari\/la-ferrari-electrique-na-pas-de-boite-de-vitesses-ferrari-a-quand-meme-invente-des-palettes-speciales-il-nous-manquait-quelque-chose\/\"},\"wordCount\":869,\"commentCount\":0,\"publisher\":{\"@id\":\"https:\/\/www.italpassion.fr\/tr\/#organization\"},\"image\":{\"@id\":\"https:\/\/www.italpassion.fr\/tr\/ferrari\/la-ferrari-electrique-na-pas-de-boite-de-vitesses-ferrari-a-quand-meme-invente-des-palettes-speciales-il-nous-manquait-quelque-chose\/#primaryimage\"},\"thumbnailUrl\":\"https:\/\/www.italpassion.fr\/wp-content\/uploads\/2026\/04\/ferrari-palette.jpg\",\"keywords\":[\"Ferrari Elettrica\"],\"articleSection\":[\"Ferrari\"],\"inLanguage\":\"tr\",\"potentialAction\":[{\"@type\":\"CommentAction\",\"name\":\"Comment\",\"target\":[\"https:\/\/www.italpassion.fr\/tr\/ferrari\/la-ferrari-electrique-na-pas-de-boite-de-vitesses-ferrari-a-quand-meme-invente-des-palettes-speciales-il-nous-manquait-quelque-chose\/#respond\"]}]},{\"@type\":\"WebPage\",\"@id\":\"https:\/\/www.italpassion.fr\/tr\/ferrari\/la-ferrari-electrique-na-pas-de-boite-de-vitesses-ferrari-a-quand-meme-invente-des-palettes-speciales-il-nous-manquait-quelque-chose\/\",\"url\":\"https:\/\/www.italpassion.fr\/tr\/ferrari\/la-ferrari-electrique-na-pas-de-boite-de-vitesses-ferrari-a-quand-meme-invente-des-palettes-speciales-il-nous-manquait-quelque-chose\/\",\"name\":\"La Ferrari \u00e9lectrique n'a pas de bo\u00eete de vitesses\u2026 Ferrari a quand m\u00eame invent\u00e9 des palettes sp\u00e9ciales \\\"il nous manquait quelque chose\\\" - ItalPassion\",\"isPartOf\":{\"@id\":\"https:\/\/www.italpassion.fr\/tr\/#website\"},\"primaryImageOfPage\":{\"@id\":\"https:\/\/www.italpassion.fr\/tr\/ferrari\/la-ferrari-electrique-na-pas-de-boite-de-vitesses-ferrari-a-quand-meme-invente-des-palettes-speciales-il-nous-manquait-quelque-chose\/#primaryimage\"},\"image\":{\"@id\":\"https:\/\/www.italpassion.fr\/tr\/ferrari\/la-ferrari-electrique-na-pas-de-boite-de-vitesses-ferrari-a-quand-meme-invente-des-palettes-speciales-il-nous-manquait-quelque-chose\/#primaryimage\"},\"thumbnailUrl\":\"https:\/\/www.italpassion.fr\/wp-content\/uploads\/2026\/04\/ferrari-palette.jpg\",\"datePublished\":\"2026-04-29T17:24:38+00:00\",\"description\":\"Depuis plusieurs semaines, Ferrari distille les informations autour de sa toute premi\u00e8re voiture 100 % \u00e9lectrique, la future Ferrari Luce. Performances\",\"breadcrumb\":{\"@id\":\"https:\/\/www.italpassion.fr\/tr\/ferrari\/la-ferrari-electrique-na-pas-de-boite-de-vitesses-ferrari-a-quand-meme-invente-des-palettes-speciales-il-nous-manquait-quelque-chose\/#breadcrumb\"},\"inLanguage\":\"tr\",\"potentialAction\":[{\"@type\":\"ReadAction\",\"target\":[\"https:\/\/www.italpassion.fr\/tr\/ferrari\/la-ferrari-electrique-na-pas-de-boite-de-vitesses-ferrari-a-quand-meme-invente-des-palettes-speciales-il-nous-manquait-quelque-chose\/\"]}]},{\"@type\":\"ImageObject\",\"inLanguage\":\"tr\",\"@id\":\"https:\/\/www.italpassion.fr\/tr\/ferrari\/la-ferrari-electrique-na-pas-de-boite-de-vitesses-ferrari-a-quand-meme-invente-des-palettes-speciales-il-nous-manquait-quelque-chose\/#primaryimage\",\"url\":\"https:\/\/www.italpassion.fr\/wp-content\/uploads\/2026\/04\/ferrari-palette.jpg\",\"contentUrl\":\"https:\/\/www.italpassion.fr\/wp-content\/uploads\/2026\/04\/ferrari-palette.jpg\",\"width\":1200,\"height\":800},{\"@type\":\"BreadcrumbList\",\"@id\":\"https:\/\/www.italpassion.fr\/tr\/ferrari\/la-ferrari-electrique-na-pas-de-boite-de-vitesses-ferrari-a-quand-meme-invente-des-palettes-speciales-il-nous-manquait-quelque-chose\/#breadcrumb\",\"itemListElement\":[{\"@type\":\"ListItem\",\"position\":1,\"name\":\"Accueil\",\"item\":\"https:\/\/www.italpassion.fr\/tr\/\"},{\"@type\":\"ListItem\",\"position\":2,\"name\":\"La Ferrari \u00e9lectrique n&rsquo;a pas de bo\u00eete de vitesses\u2026 Ferrari a quand m\u00eame invent\u00e9 des palettes sp\u00e9ciales \u00ab\u00a0il nous manquait quelque chose\u00a0\u00bb\"}]},{\"@type\":\"WebSite\",\"@id\":\"https:\/\/www.italpassion.fr\/tr\/#website\",\"url\":\"https:\/\/www.italpassion.fr\/tr\/\",\"name\":\"ItalPassion\",\"description\":\"Les Passionn\u00e9s d&#039;Automobiles Italiennes\",\"publisher\":{\"@id\":\"https:\/\/www.italpassion.fr\/tr\/#organization\"},\"potentialAction\":[{\"@type\":\"SearchAction\",\"target\":{\"@type\":\"EntryPoint\",\"urlTemplate\":\"https:\/\/www.italpassion.fr\/tr\/?s={search_term_string}\"},\"query-input\":{\"@type\":\"PropertyValueSpecification\",\"valueRequired\":true,\"valueName\":\"search_term_string\"}}],\"inLanguage\":\"tr\"},{\"@type\":\"Organization\",\"@id\":\"https:\/\/www.italpassion.fr\/tr\/#organization\",\"name\":\"Italpassion\",\"url\":\"https:\/\/www.italpassion.fr\/tr\/\",\"logo\":{\"@type\":\"ImageObject\",\"inLanguage\":\"tr\",\"@id\":\"https:\/\/www.italpassion.fr\/tr\/#\/schema\/logo\/image\/\",\"url\":\"https:\/\/www.italpassion.fr\/wp-content\/uploads\/2023\/07\/italpassion-yoast.jpg\",\"contentUrl\":\"https:\/\/www.italpassion.fr\/wp-content\/uploads\/2023\/07\/italpassion-yoast.jpg\",\"width\":696,\"height\":696,\"caption\":\"Italpassion\"},\"image\":{\"@id\":\"https:\/\/www.italpassion.fr\/tr\/#\/schema\/logo\/image\/\"},\"sameAs\":[\"https:\/\/www.facebook.com\/italpassion\",\"https:\/\/x.com\/italpassion\",\"https:\/\/www.instagram.com\/italpassionfr\/\",\"https:\/\/www.youtube.com\/channel\/UCleq-ByQaA42OjhopwevRjQ\",\"https:\/\/www.facebook.com\/italpassion.en\/\",\"https:\/\/www.facebook.com\/italpassion.it\/\",\"https:\/\/www.facebook.com\/italpassion.de\/\",\"https:\/\/www.facebook.com\/italpassion.ja\/\"]},{\"@type\":\"Person\",\"@id\":\"https:\/\/www.italpassion.fr\/tr\/#\/schema\/person\/36f747b2a759ca202d847e85a9434ca0\",\"name\":\"Alexandre Filluzeau\",\"image\":{\"@type\":\"ImageObject\",\"inLanguage\":\"tr\",\"@id\":\"https:\/\/www.italpassion.fr\/tr\/#\/schema\/person\/image\/\",\"url\":\"https:\/\/www.italpassion.fr\/wp-content\/uploads\/2025\/04\/avatar-alexandre-160x160.jpg\",\"contentUrl\":\"https:\/\/www.italpassion.fr\/wp-content\/uploads\/2025\/04\/avatar-alexandre-160x160.jpg\",\"caption\":\"Alexandre Filluzeau\"},\"description\":\"Fondateur du site ItalPassion, passionn\u00e9 de voitures italiennes et de l'Italie en g\u00e9n\u00e9ral. J'apporte un regard critique et technique aux actualit\u00e9s des marques italiennes quand cela est possible. Propri\u00e9taire d'une Maserati GranTurismo, Alfa Romeo MiTo, Lancia Fulvia et Ducati 695. Ex-propri\u00e9taire d'une Alfa Romeo Giulia.\",\"sameAs\":[\"https:\/\/www.italpassion.fr\/\"],\"url\":\"https:\/\/www.italpassion.fr\/tr\/author\/alexandre\/\"}]}<\/script>\n<!-- \/ Yoast SEO plugin. -->","yoast_head_json":{"title":"Elektrikli Ferrari'nin vites kutusu yok... Ferrari yine de \"bir \u015feyleri ka\u00e7\u0131r\u0131yorduk\" diyerek \u00f6zel k\u00fcrekler icat etti - ItalPassion","description":"Ferrari birka\u00e7 haftad\u0131r ilk 100 % elektrikli otomobili, yani gelecekteki Ferrari Luce hakk\u0131nda bilgiler yay\u0131nl\u0131yor. Performans","robots":{"index":"index","follow":"follow","max-snippet":"max-snippet:-1","max-image-preview":"max-image-preview:large","max-video-preview":"max-video-preview:-1"},"canonical":"https:\/\/www.italpassion.fr\/tr\/ferrari\/elektrikli-ferrarinin-vites-kutusu-yok-ferrari-yine-de-ozel-kurekler-icat-etti-bir-seyleri-kaciriyorduk\/","og_locale":"tr_TR","og_type":"article","og_title":"La Ferrari \u00e9lectrique n'a pas de bo\u00eete de vitesses\u2026 Ferrari a quand m\u00eame invent\u00e9 des palettes sp\u00e9ciales \"il nous manquait quelque chose\" - ItalPassion","og_description":"Depuis plusieurs semaines, Ferrari distille les informations autour de sa toute premi\u00e8re voiture 100 % \u00e9lectrique, la future Ferrari Luce. Performances","og_url":"https:\/\/www.italpassion.fr\/tr\/ferrari\/elektrikli-ferrarinin-vites-kutusu-yok-ferrari-yine-de-ozel-kurekler-icat-etti-bir-seyleri-kaciriyorduk\/","og_site_name":"ItalPassion","article_publisher":"https:\/\/www.facebook.com\/italpassion","article_published_time":"2026-04-29T17:24:38+00:00","og_image":[{"width":1200,"height":800,"url":"https:\/\/www.italpassion.fr\/wp-content\/uploads\/2026\/04\/ferrari-palette.jpg","type":"image\/jpeg"}],"author":"Alexandre Filluzeau","twitter_card":"summary_large_image","twitter_creator":"@italpassion","twitter_site":"@italpassion","schema":{"@context":"https:\/\/schema.org","@graph":[{"@type":"NewsArticle","@id":"https:\/\/www.italpassion.fr\/tr\/ferrari\/la-ferrari-electrique-na-pas-de-boite-de-vitesses-ferrari-a-quand-meme-invente-des-palettes-speciales-il-nous-manquait-quelque-chose\/#article","isPartOf":{"@id":"https:\/\/www.italpassion.fr\/tr\/ferrari\/la-ferrari-electrique-na-pas-de-boite-de-vitesses-ferrari-a-quand-meme-invente-des-palettes-speciales-il-nous-manquait-quelque-chose\/"},"author":{"name":"Alexandre Filluzeau","@id":"https:\/\/www.italpassion.fr\/tr\/#\/schema\/person\/36f747b2a759ca202d847e85a9434ca0"},"headline":"La Ferrari \u00e9lectrique n&rsquo;a pas de bo\u00eete de vitesses\u2026 Ferrari a quand m\u00eame invent\u00e9 des palettes sp\u00e9ciales \u00ab\u00a0il nous manquait quelque chose\u00a0\u00bb","datePublished":"2026-04-29T17:24:38+00:00","mainEntityOfPage":{"@id":"https:\/\/www.italpassion.fr\/tr\/ferrari\/la-ferrari-electrique-na-pas-de-boite-de-vitesses-ferrari-a-quand-meme-invente-des-palettes-speciales-il-nous-manquait-quelque-chose\/"},"wordCount":869,"commentCount":0,"publisher":{"@id":"https:\/\/www.italpassion.fr\/tr\/#organization"},"image":{"@id":"https:\/\/www.italpassion.fr\/tr\/ferrari\/la-ferrari-electrique-na-pas-de-boite-de-vitesses-ferrari-a-quand-meme-invente-des-palettes-speciales-il-nous-manquait-quelque-chose\/#primaryimage"},"thumbnailUrl":"https:\/\/www.italpassion.fr\/wp-content\/uploads\/2026\/04\/ferrari-palette.jpg","keywords":["Ferrari Elettrica"],"articleSection":["Ferrari"],"inLanguage":"tr","potentialAction":[{"@type":"CommentAction","name":"Comment","target":["https:\/\/www.italpassion.fr\/tr\/ferrari\/la-ferrari-electrique-na-pas-de-boite-de-vitesses-ferrari-a-quand-meme-invente-des-palettes-speciales-il-nous-manquait-quelque-chose\/#respond"]}]},{"@type":"WebPage","@id":"https:\/\/www.italpassion.fr\/tr\/ferrari\/la-ferrari-electrique-na-pas-de-boite-de-vitesses-ferrari-a-quand-meme-invente-des-palettes-speciales-il-nous-manquait-quelque-chose\/","url":"https:\/\/www.italpassion.fr\/tr\/ferrari\/la-ferrari-electrique-na-pas-de-boite-de-vitesses-ferrari-a-quand-meme-invente-des-palettes-speciales-il-nous-manquait-quelque-chose\/","name":"Elektrikli Ferrari'nin vites kutusu yok... Ferrari yine de \"bir \u015feyleri ka\u00e7\u0131r\u0131yorduk\" diyerek \u00f6zel k\u00fcrekler icat etti - ItalPassion","isPartOf":{"@id":"https:\/\/www.italpassion.fr\/tr\/#website"},"primaryImageOfPage":{"@id":"https:\/\/www.italpassion.fr\/tr\/ferrari\/la-ferrari-electrique-na-pas-de-boite-de-vitesses-ferrari-a-quand-meme-invente-des-palettes-speciales-il-nous-manquait-quelque-chose\/#primaryimage"},"image":{"@id":"https:\/\/www.italpassion.fr\/tr\/ferrari\/la-ferrari-electrique-na-pas-de-boite-de-vitesses-ferrari-a-quand-meme-invente-des-palettes-speciales-il-nous-manquait-quelque-chose\/#primaryimage"},"thumbnailUrl":"https:\/\/www.italpassion.fr\/wp-content\/uploads\/2026\/04\/ferrari-palette.jpg","datePublished":"2026-04-29T17:24:38+00:00","description":"Ferrari birka\u00e7 haftad\u0131r ilk 100 % elektrikli otomobili, yani gelecekteki Ferrari Luce hakk\u0131nda bilgiler yay\u0131nl\u0131yor. Performans","breadcrumb":{"@id":"https:\/\/www.italpassion.fr\/tr\/ferrari\/la-ferrari-electrique-na-pas-de-boite-de-vitesses-ferrari-a-quand-meme-invente-des-palettes-speciales-il-nous-manquait-quelque-chose\/#breadcrumb"},"inLanguage":"tr","potentialAction":[{"@type":"ReadAction","target":["https:\/\/www.italpassion.fr\/tr\/ferrari\/la-ferrari-electrique-na-pas-de-boite-de-vitesses-ferrari-a-quand-meme-invente-des-palettes-speciales-il-nous-manquait-quelque-chose\/"]}]},{"@type":"ImageObject","inLanguage":"tr","@id":"https:\/\/www.italpassion.fr\/tr\/ferrari\/la-ferrari-electrique-na-pas-de-boite-de-vitesses-ferrari-a-quand-meme-invente-des-palettes-speciales-il-nous-manquait-quelque-chose\/#primaryimage","url":"https:\/\/www.italpassion.fr\/wp-content\/uploads\/2026\/04\/ferrari-palette.jpg","contentUrl":"https:\/\/www.italpassion.fr\/wp-content\/uploads\/2026\/04\/ferrari-palette.jpg","width":1200,"height":800},{"@type":"BreadcrumbList","@id":"https:\/\/www.italpassion.fr\/tr\/ferrari\/la-ferrari-electrique-na-pas-de-boite-de-vitesses-ferrari-a-quand-meme-invente-des-palettes-speciales-il-nous-manquait-quelque-chose\/#breadcrumb","itemListElement":[{"@type":"ListItem","position":1,"name":"Accueil","item":"https:\/\/www.italpassion.fr\/tr\/"},{"@type":"ListItem","position":2,"name":"La Ferrari \u00e9lectrique n&rsquo;a pas de bo\u00eete de vitesses\u2026 Ferrari a quand m\u00eame invent\u00e9 des palettes sp\u00e9ciales \u00ab\u00a0il nous manquait quelque chose\u00a0\u00bb"}]},{"@type":"WebSite","@id":"https:\/\/www.italpassion.fr\/tr\/#website","url":"https:\/\/www.italpassion.fr\/tr\/","name":"ItalPassion","description":"\u0130talyan Araba Merakl\u0131lar\u0131","publisher":{"@id":"https:\/\/www.italpassion.fr\/tr\/#organization"},"potentialAction":[{"@type":"SearchAction","target":{"@type":"EntryPoint","urlTemplate":"https:\/\/www.italpassion.fr\/tr\/?s={search_term_string}"},"query-input":{"@type":"PropertyValueSpecification","valueRequired":true,"valueName":"search_term_string"}}],"inLanguage":"tr"},{"@type":"Organization","@id":"https:\/\/www.italpassion.fr\/tr\/#organization","name":"Italpassion","url":"https:\/\/www.italpassion.fr\/tr\/","logo":{"@type":"ImageObject","inLanguage":"tr","@id":"https:\/\/www.italpassion.fr\/tr\/#\/schema\/logo\/image\/","url":"https:\/\/www.italpassion.fr\/wp-content\/uploads\/2023\/07\/italpassion-yoast.jpg","contentUrl":"https:\/\/www.italpassion.fr\/wp-content\/uploads\/2023\/07\/italpassion-yoast.jpg","width":696,"height":696,"caption":"Italpassion"},"image":{"@id":"https:\/\/www.italpassion.fr\/tr\/#\/schema\/logo\/image\/"},"sameAs":["https:\/\/www.facebook.com\/italpassion","https:\/\/x.com\/italpassion","https:\/\/www.instagram.com\/italpassionfr\/","https:\/\/www.youtube.com\/channel\/UCleq-ByQaA42OjhopwevRjQ","https:\/\/www.facebook.com\/italpassion.en\/","https:\/\/www.facebook.com\/italpassion.it\/","https:\/\/www.facebook.com\/italpassion.de\/","https:\/\/www.facebook.com\/italpassion.ja\/"]},{"@type":"Person","@id":"https:\/\/www.italpassion.fr\/tr\/#\/schema\/person\/36f747b2a759ca202d847e85a9434ca0","name":"Alexandre Filluzeau","image":{"@type":"ImageObject","inLanguage":"tr","@id":"https:\/\/www.italpassion.fr\/tr\/#\/schema\/person\/image\/","url":"https:\/\/www.italpassion.fr\/wp-content\/uploads\/2025\/04\/avatar-alexandre-160x160.jpg","contentUrl":"https:\/\/www.italpassion.fr\/wp-content\/uploads\/2025\/04\/avatar-alexandre-160x160.jpg","caption":"Alexandre Filluzeau"},"description":"ItalPassion web sitesinin kurucusu, \u0130talyan otomobilleri ve genel olarak \u0130talya hakk\u0131nda tutkulu. M\u00fcmk\u00fcn oldu\u011funca \u0130talyan markalar\u0131n\u0131n haberlerine ele\u015ftirel ve teknik bir g\u00f6z getiriyorum. Maserati GranTurismo, Alfa Romeo MiTo, Lancia Fulvia ve Ducati 695 sahibiyim. Alfa Romeo Giulia'n\u0131n eski sahibi.","sameAs":["https:\/\/www.italpassion.fr\/"],"url":"https:\/\/www.italpassion.fr\/tr\/author\/alexandre\/"}]}},"_links":{"self":[{"href":"https:\/\/www.italpassion.fr\/tr\/wp-json\/wp\/v2\/posts\/49203","targetHints":{"allow":["GET"]}}],"collection":[{"href":"https:\/\/www.italpassion.fr\/tr\/wp-json\/wp\/v2\/posts"}],"about":[{"href":"https:\/\/www.italpassion.fr\/tr\/wp-json\/wp\/v2\/types\/post"}],"author":[{"embeddable":true,"href":"https:\/\/www.italpassion.fr\/tr\/wp-json\/wp\/v2\/users\/1"}],"replies":[{"embeddable":true,"href":"https:\/\/www.italpassion.fr\/tr\/wp-json\/wp\/v2\/comments?post=49203"}],"version-history":[{"count":1,"href":"https:\/\/www.italpassion.fr\/tr\/wp-json\/wp\/v2\/posts\/49203\/revisions"}],"predecessor-version":[{"id":49208,"href":"https:\/\/www.italpassion.fr\/tr\/wp-json\/wp\/v2\/posts\/49203\/revisions\/49208"}],"wp:featuredmedia":[{"embeddable":true,"href":"https:\/\/www.italpassion.fr\/tr\/wp-json\/wp\/v2\/media\/49204"}],"wp:attachment":[{"href":"https:\/\/www.italpassion.fr\/tr\/wp-json\/wp\/v2\/media?parent=49203"}],"wp:term":[{"taxonomy":"category","embeddable":true,"href":"https:\/\/www.italpassion.fr\/tr\/wp-json\/wp\/v2\/categories?post=49203"},{"taxonomy":"post_tag","embeddable":true,"href":"https:\/\/www.italpassion.fr\/tr\/wp-json\/wp\/v2\/tags?post=49203"}],"curies":[{"name":"wp","href":"https:\/\/api.w.org\/{rel}","templated":true}]}}