{"id":49056,"date":"2026-04-29T07:19:42","date_gmt":"2026-04-29T05:19:42","guid":{"rendered":"https:\/\/www.italpassion.fr\/?p=49056"},"modified":"2026-04-29T07:19:42","modified_gmt":"2026-04-29T05:19:42","slug":"stellantis-puretechin-yerine-gececek-motoru-secti-ve-bu-fiat-motoru-olacak","status":"publish","type":"post","link":"https:\/\/www.italpassion.fr\/tr\/stellantis\/stellantis-a-choisi-son-remplacant-au-puretech-ce-sera-precisement-ce-moteur-fiat\/","title":{"rendered":"Stellantis PureTech'in yerine ge\u00e7ecek motoru se\u00e7ti... ve bu Fiat motoru olacak"},"content":{"rendered":"<figure class=\"wp-block-image size-full\"><img loading=\"lazy\" decoding=\"async\" width=\"1200\" height=\"800\" src=\"https:\/\/www.italpassion.fr\/wp-content\/uploads\/2026\/04\/moteur-fiat.jpg\" alt=\"\" class=\"wp-image-49059\" srcset=\"https:\/\/www.italpassion.fr\/wp-content\/uploads\/2026\/04\/moteur-fiat.jpg 1200w, https:\/\/www.italpassion.fr\/wp-content\/uploads\/2026\/04\/moteur-fiat-420x280.jpg 420w, https:\/\/www.italpassion.fr\/wp-content\/uploads\/2026\/04\/moteur-fiat-768x512.jpg 768w, https:\/\/www.italpassion.fr\/wp-content\/uploads\/2026\/04\/moteur-fiat-18x12.jpg 18w\" sizes=\"auto, (max-width: 1200px) 100vw, 1200px\" \/><\/figure>\n\n\n\n<p>Birka\u00e7 ayd\u0131r zay\u0131f sinyaller birikmeye devam ediyordu. <a href=\"https:\/\/www.italpassion.fr\/tr\/stellantis\/stellantis-geli%cc%87sti%cc%87ri%cc%87lmi%cc%87s-euro-7-di%cc%87zel-motoruyla-elektri%cc%87kli%cc%87-araclara-meydan-okuyor\/\">Dizelin geri d\u00f6n\u00fc\u015f\u00fc<\/a>ve <a href=\"https:\/\/www.italpassion.fr\/tr\/stellantis\/olume-mahkum-stellantis-sonunda-fiat-motorunu-kurtarmaya-karar-verdi%cc%87\/\">FireFly motor uzant\u0131s\u0131<\/a>s, the <a href=\"https:\/\/www.italpassion.fr\/tr\/stellantis\/stellantis-akuleri%cc%87-terk-edi%cc%87yor-i%cc%87cten-yanmali-motorlara-41-mi%cc%87lyon-avro-yatirim-yapiyor-ve-v6-motorunu-yeni%cc%87den-lanse-etmeyi%cc%87-planliyor\/\">Termoli'deki yat\u0131r\u0131mlar<\/a>... t\u00fcm ipu\u00e7lar\u0131 g\u00f6steriyor ki <a href=\"https:\/\/www.italpassion.fr\/tr\/stellantis\/\">Stellantis<\/a> motor stratejisini derinlemesine g\u00f6zden ge\u00e7irme s\u00fcrecindeydi.<\/p>\n\n\n\n<p>Ancak bu kez, \u015f\u00fcpheye yer yok denecek kadar az. Brezilya'dan gelen haberlere g\u00f6re, grup 1.2L EB2 motorunu (PureTech\/Turbo 100\/TGEN3...) zamanlama zincirli Fiat GSE Turbo motorlar\u0131 lehine a\u015famal\u0131 olarak devre d\u0131\u015f\u0131 b\u0131rakmak i\u00e7in k\u00fcresel bir karar ald\u0131. Bu karar \u00f6nemsiz olmaktan \u00e7ok uzakt\u0131r ve a\u00e7\u0131k bir amac\u0131 vard\u0131r: son y\u0131llarda zarar g\u00f6ren g\u00fcvenilirlik imaj\u0131n\u0131 geri kazanmak.<\/p>\n\n\n\n<h2 class=\"wp-block-heading\">PureTech g\u00f6r\u00fc\u015f alan\u0131m\u0131zda<\/h2>\n\n\n\n<p>Uzun s\u00fcredir Stellantis'in Avrupa dizel stratejisinin temel ta\u015f\u0131 olarak lanse edilen 1.2 PureTech motor art\u0131k s\u0131cak koltukta oturuyor gibi g\u00f6r\u00fcn\u00fcyor. Bilinen kay\u0131\u015f sorunlar\u0131na ek olarak, motorun t\u00fcm tasar\u0131m\u0131 dahili olarak sorgulan\u0131yor. Euro 7 standard\u0131n\u0131n gelmesiyle birlikte, termal ve mekanik k\u0131s\u0131tlamalar daha da artacak, bu da y\u00fckseltmeleri maliyetli ve teknik olarak karma\u015f\u0131k hale getirecektir. Bu ba\u011flamda, bu tabana b\u00fcy\u00fck yat\u0131r\u0131mlar yapmaya devam etmek art\u0131k en uygun \u00e7\u00f6z\u00fcm gibi g\u00f6r\u00fcnm\u00fcyor.<\/p>\n\n\n\n<figure class=\"wp-block-image size-large\"><img loading=\"lazy\" decoding=\"async\" width=\"1024\" height=\"683\" src=\"https:\/\/www.italpassion.fr\/wp-content\/uploads\/2025\/02\/puretech-eb2-gen2-1024x683.jpg\" alt=\"\" class=\"wp-image-36366\" srcset=\"https:\/\/www.italpassion.fr\/wp-content\/uploads\/2025\/02\/puretech-eb2-gen2-1024x683.jpg 1024w, https:\/\/www.italpassion.fr\/wp-content\/uploads\/2025\/02\/puretech-eb2-gen2-300x200.jpg 300w, https:\/\/www.italpassion.fr\/wp-content\/uploads\/2025\/02\/puretech-eb2-gen2-768x512.jpg 768w, https:\/\/www.italpassion.fr\/wp-content\/uploads\/2025\/02\/puretech-eb2-gen2-18x12.jpg 18w, https:\/\/www.italpassion.fr\/wp-content\/uploads\/2025\/02\/puretech-eb2-gen2-561x374.jpg 561w, https:\/\/www.italpassion.fr\/wp-content\/uploads\/2025\/02\/puretech-eb2-gen2-1122x748.jpg 1122w, https:\/\/www.italpassion.fr\/wp-content\/uploads\/2025\/02\/puretech-eb2-gen2-265x177.jpg 265w, https:\/\/www.italpassion.fr\/wp-content\/uploads\/2025\/02\/puretech-eb2-gen2-531x354.jpg 531w, https:\/\/www.italpassion.fr\/wp-content\/uploads\/2025\/02\/puretech-eb2-gen2-364x243.jpg 364w, https:\/\/www.italpassion.fr\/wp-content\/uploads\/2025\/02\/puretech-eb2-gen2-728x485.jpg 728w, https:\/\/www.italpassion.fr\/wp-content\/uploads\/2025\/02\/puretech-eb2-gen2-608x405.jpg 608w, https:\/\/www.italpassion.fr\/wp-content\/uploads\/2025\/02\/puretech-eb2-gen2-758x505.jpg 758w, https:\/\/www.italpassion.fr\/wp-content\/uploads\/2025\/02\/puretech-eb2-gen2-1152x768.jpg 1152w, https:\/\/www.italpassion.fr\/wp-content\/uploads\/2025\/02\/puretech-eb2-gen2.jpg 1200w\" sizes=\"auto, (max-width: 1024px) 100vw, 1024px\" \/><\/figure>\n\n\n\n<h2 class=\"wp-block-heading\">Fiat GSE motorlar\u0131n\u0131n geri d\u00f6n\u00fc\u015f\u00fc<\/h2>\n\n\n\n<p>Bu durum kar\u015f\u0131s\u0131nda Stellantis, FireFly olarak da bilinen GSE motorlar\u0131 ile \u0130talya'da g\u00fcvenilir bir alternatif bulmu\u015f gibi g\u00f6r\u00fcn\u00fcyor. Grubun organizasyonunda uzun s\u00fcredir ikincil olarak g\u00f6r\u00fclen bu motorlar art\u0131k oyunun merkezine geri d\u00f6nd\u00fc. Ve bu geri d\u00f6n\u00fc\u015f sadece sembolik de\u011fil: sa\u011flam teknik ve end\u00fcstriyel arg\u00fcmanlara dayan\u0131yor.<\/p>\n\n\n\n<figure class=\"wp-block-image size-large\"><img loading=\"lazy\" decoding=\"async\" width=\"1024\" height=\"683\" src=\"https:\/\/www.italpassion.fr\/wp-content\/uploads\/2024\/09\/firefly-1024x683.jpg\" alt=\"\" class=\"wp-image-34619\" srcset=\"https:\/\/www.italpassion.fr\/wp-content\/uploads\/2024\/09\/firefly-1024x683.jpg 1024w, https:\/\/www.italpassion.fr\/wp-content\/uploads\/2024\/09\/firefly-300x200.jpg 300w, https:\/\/www.italpassion.fr\/wp-content\/uploads\/2024\/09\/firefly-768x512.jpg 768w, https:\/\/www.italpassion.fr\/wp-content\/uploads\/2024\/09\/firefly-18x12.jpg 18w, https:\/\/www.italpassion.fr\/wp-content\/uploads\/2024\/09\/firefly-561x374.jpg 561w, https:\/\/www.italpassion.fr\/wp-content\/uploads\/2024\/09\/firefly-1122x748.jpg 1122w, https:\/\/www.italpassion.fr\/wp-content\/uploads\/2024\/09\/firefly-265x177.jpg 265w, https:\/\/www.italpassion.fr\/wp-content\/uploads\/2024\/09\/firefly-531x354.jpg 531w, https:\/\/www.italpassion.fr\/wp-content\/uploads\/2024\/09\/firefly-364x243.jpg 364w, https:\/\/www.italpassion.fr\/wp-content\/uploads\/2024\/09\/firefly-728x485.jpg 728w, https:\/\/www.italpassion.fr\/wp-content\/uploads\/2024\/09\/firefly-608x405.jpg 608w, https:\/\/www.italpassion.fr\/wp-content\/uploads\/2024\/09\/firefly-758x505.jpg 758w, https:\/\/www.italpassion.fr\/wp-content\/uploads\/2024\/09\/firefly-1152x768.jpg 1152w, https:\/\/www.italpassion.fr\/wp-content\/uploads\/2024\/09\/firefly-600x400.jpg 600w, https:\/\/www.italpassion.fr\/wp-content\/uploads\/2024\/09\/firefly.jpg 1200w\" sizes=\"auto, (max-width: 1024px) 100vw, 1024px\" \/><\/figure>\n\n\n\n<p>Brezilya'da bu motorlar de\u011ferlerini b\u00fcy\u00fck \u00f6l\u00e7ekte kan\u0131tlam\u0131\u015flard\u0131r. Sadece 2025 y\u0131l\u0131nda Fiat, bu motorlarla donat\u0131lm\u0131\u015f 500.000'den fazla arac\u0131 tescil ettirmi\u015ftir; bu da motorlar\u0131n end\u00fcstriyel olgunlu\u011fu ve alg\u0131lanan g\u00fcvenilirli\u011fi hakk\u0131nda \u00e7ok \u015fey s\u00f6ylemektedir. Son y\u0131llarda Brezilya'da milyonlarca Fiat otomobili bu motorla g\u00fc\u00e7lendirildi.<\/p>\n\n\n\n<p>1.3L GSE motorun yerel versiyonlar\u0131 185 bhp'ye kadar g\u00fc\u00e7 ve 270 Nm tork \u00fcreterek mevcut standartlara uygun bir performans sergiliyor. Avrupa'da, \u00f6zellikle Alfa Romeo Tonale'de kullan\u0131lan 1.5L GSE ise 175 bhp g\u00fcc\u00fcnde. Ka\u011f\u0131t \u00fczerinde daha az g\u00fc\u00e7, ancak uyarland\u0131\u011f\u0131nda ve optimize edildi\u011finde b\u00fcy\u00fck bir potansiyele sahip.<\/p>\n\n\n\n<h2 class=\"wp-block-heading\">Euro 7 ve hibridizasyon<\/h2>\n\n\n\n<p>\u015eimdi as\u0131l zorluk bu motorlar\u0131 gelecekteki Avrupa standartlar\u0131na uyarlamakta yat\u0131yor. Stellantis \u015fu anda 1.3L ve 1.5L GSE motorlar\u0131n\u0131 Euro 7 ile uyumlu hale getirmek i\u00e7in geli\u015ftirmeye \u00e7al\u0131\u015f\u0131yor. Her \u015feyden \u00f6nce, bu motorlar mevcut mikro-hibridizasyondan daha geli\u015fmi\u015f hibrid sistemlerle birle\u015ftirilmelidir.<\/p>\n\n\n\n<p>\u0130\u015fte bu noktada bir ba\u015fka stratejik unsur devreye giriyor: elektrikli eDCT \u015fanz\u0131man. Metz, Mirafiori ve yak\u0131nda Termoli'de \u00fcretilecek olan bu \u015fanz\u0131man, yeni nesil hibrit g\u00fc\u00e7 aktarma organlar\u0131n\u0131n merkezi bir bile\u015feni haline gelebilir. Sa\u011flam bir i\u00e7ten yanmal\u0131 motor, y\u00fcksek performansl\u0131 bir turbo ve verimli bir elektrikli \u015fanz\u0131man\u0131n kombinasyonu, cazip performans seviyelerini korurken CO\u2082 emisyonlar\u0131n\u0131 \u00f6nemli \u00f6l\u00e7\u00fcde azaltabilir.<\/p>\n\n\n\n<h2 class=\"wp-block-heading\">\u0130talyan end\u00fcstriyel intikam\u0131<\/h2>\n\n\n\n<p>Teknik y\u00f6nlerinin \u00f6tesinde, bu geli\u015fme ayn\u0131 zamanda end\u00fcstriyel bir hikayeyi de anlat\u0131yor. PSA ve FCA aras\u0131ndaki birle\u015fme s\u0131ras\u0131nda bir\u00e7ok ki\u015fi Frans\u0131z teknolojilerinin uzun bir s\u00fcre daha hakim olaca\u011f\u0131n\u0131 d\u00fc\u015f\u00fcn\u00fcyordu. Birka\u00e7 y\u0131l boyunca durum ger\u00e7ekten de b\u00f6yle oldu ve PureTech motorlar Grubun bir\u00e7ok markas\u0131nda h\u0131zla yayg\u0131nla\u015ft\u0131.<\/p>\n\n\n\n<p>Ancak pazar\u0131n ger\u00e7ekleri, d\u00fczenleyici k\u0131s\u0131tlamalar ve g\u00fcvenilirlik sorunlar\u0131 \u015fimdi g\u00fcverteyi yeniden kar\u0131\u015ft\u0131r\u0131yor gibi g\u00f6r\u00fcn\u00fcyor. Yok olmaya mahkum oldu\u011fu d\u00fc\u015f\u00fcn\u00fclen \u0130talyan motorlar\u0131 nihayet \u00f6n\u00fcm\u00fczdeki on y\u0131l i\u00e7in Stellantis'in termal \u00fcss\u00fc haline gelebilir.<\/p>\n\n\n\n<p>Bu strateji onaylan\u0131rsa, \u00f6nemli bir d\u00f6n\u00fcm noktas\u0131na i\u015faret edecektir. Grubun gelecekteki Avrupa modelleri basit ama tutarl\u0131 bir mimariye dayanabilir: benzinli i\u00e7in elektrikli GSE Turbo motorlar, uzun yolculuklar i\u00e7in modernize edilmi\u015f bir dizel ve \u00fcr\u00fcn yelpazesini tamamlamak i\u00e7in elektrik g\u00fcc\u00fc.<\/p>\n\n\n\n<p>Bu senaryoda, modernize edilmi\u015f, turbo\u015farjl\u0131 ve hibridize edilmi\u015f 1.3L ve 1.5L GSE, maliyetleri kontrol alt\u0131nda tutarken Euro 7 gerekliliklerini kar\u015f\u0131lamak i\u00e7in ideal adaylar olarak g\u00f6r\u00fcnmektedir. Bu, Stellantis'in art\u0131k kan\u0131tlanm\u0131\u015f bir teknik temele dayanarak \u00e7\u00f6zmeye niyetli g\u00f6r\u00fcnd\u00fc\u011f\u00fc karma\u015f\u0131k bir denklem.<\/p>","protected":false},"excerpt":{"rendered":"","protected":false},"author":1,"featured_media":49059,"comment_status":"open","ping_status":"open","sticky":false,"template":"","format":"standard","meta":{"_acf_changed":false,"_sitemap_exclude":false,"_sitemap_priority":"","_sitemap_frequency":"","footnotes":""},"categories":[29],"tags":[412],"class_list":["post-49056","post","type-post","status-publish","format-standard","has-post-thumbnail","hentry","category-stellantis","tag-firefly","generate-columns","tablet-grid-50","mobile-grid-100","grid-parent","grid-33"],"acf":[],"yoast_head":"<!-- This site is optimized with the Yoast SEO plugin v25.8 - https:\/\/yoast.com\/wordpress\/plugins\/seo\/ -->\n<title>Stellantis a choisi son rempla\u00e7ant au PureTech\u2026 ce sera pr\u00e9cis\u00e9ment ce moteur Fiat - ItalPassion<\/title>\n<meta name=\"description\" content=\"Depuis plusieurs mois, les signaux faibles s\u2019accumulaient. Le retour du diesel, la prolongation du moteur FireFly, les investissements \u00e0 Termoli\u2026 autant\" \/>\n<meta name=\"robots\" content=\"index, follow, max-snippet:-1, max-image-preview:large, max-video-preview:-1\" \/>\n<link rel=\"canonical\" href=\"https:\/\/www.italpassion.fr\/tr\/stellantis\/stellantis-puretechin-yerine-gececek-motoru-secti-ve-bu-fiat-motoru-olacak\/\" \/>\n<meta property=\"og:locale\" content=\"tr_TR\" \/>\n<meta property=\"og:type\" content=\"article\" \/>\n<meta property=\"og:title\" content=\"Stellantis a choisi son rempla\u00e7ant au PureTech\u2026 ce sera pr\u00e9cis\u00e9ment ce moteur Fiat - ItalPassion\" \/>\n<meta property=\"og:description\" content=\"Depuis plusieurs mois, les signaux faibles s\u2019accumulaient. Le retour du diesel, la prolongation du moteur FireFly, les investissements \u00e0 Termoli\u2026 autant\" \/>\n<meta property=\"og:url\" content=\"https:\/\/www.italpassion.fr\/tr\/stellantis\/stellantis-puretechin-yerine-gececek-motoru-secti-ve-bu-fiat-motoru-olacak\/\" \/>\n<meta property=\"og:site_name\" content=\"ItalPassion\" \/>\n<meta property=\"article:publisher\" content=\"https:\/\/www.facebook.com\/italpassion\" \/>\n<meta property=\"article:published_time\" content=\"2026-04-29T05:19:42+00:00\" \/>\n<meta property=\"og:image\" content=\"https:\/\/www.italpassion.fr\/wp-content\/uploads\/2026\/04\/moteur-fiat.jpg\" \/>\n\t<meta property=\"og:image:width\" content=\"1200\" \/>\n\t<meta property=\"og:image:height\" content=\"800\" \/>\n\t<meta property=\"og:image:type\" content=\"image\/jpeg\" \/>\n<meta name=\"author\" content=\"Alexandre Filluzeau\" \/>\n<meta name=\"twitter:card\" content=\"summary_large_image\" \/>\n<meta name=\"twitter:creator\" content=\"@italpassion\" \/>\n<meta name=\"twitter:site\" content=\"@italpassion\" \/>\n<script type=\"application\/ld+json\" class=\"yoast-schema-graph\">{\"@context\":\"https:\/\/schema.org\",\"@graph\":[{\"@type\":\"NewsArticle\",\"@id\":\"https:\/\/www.italpassion.fr\/tr\/stellantis\/stellantis-a-choisi-son-remplacant-au-puretech-ce-sera-precisement-ce-moteur-fiat\/#article\",\"isPartOf\":{\"@id\":\"https:\/\/www.italpassion.fr\/tr\/stellantis\/stellantis-a-choisi-son-remplacant-au-puretech-ce-sera-precisement-ce-moteur-fiat\/\"},\"author\":{\"name\":\"Alexandre Filluzeau\",\"@id\":\"https:\/\/www.italpassion.fr\/tr\/#\/schema\/person\/36f747b2a759ca202d847e85a9434ca0\"},\"headline\":\"Stellantis a choisi son rempla\u00e7ant au PureTech\u2026 ce sera pr\u00e9cis\u00e9ment ce moteur Fiat\",\"datePublished\":\"2026-04-29T05:19:42+00:00\",\"mainEntityOfPage\":{\"@id\":\"https:\/\/www.italpassion.fr\/tr\/stellantis\/stellantis-a-choisi-son-remplacant-au-puretech-ce-sera-precisement-ce-moteur-fiat\/\"},\"wordCount\":757,\"commentCount\":4,\"publisher\":{\"@id\":\"https:\/\/www.italpassion.fr\/tr\/#organization\"},\"image\":{\"@id\":\"https:\/\/www.italpassion.fr\/tr\/stellantis\/stellantis-a-choisi-son-remplacant-au-puretech-ce-sera-precisement-ce-moteur-fiat\/#primaryimage\"},\"thumbnailUrl\":\"https:\/\/www.italpassion.fr\/wp-content\/uploads\/2026\/04\/moteur-fiat.jpg\",\"keywords\":[\"Firefly\"],\"articleSection\":[\"Stellantis\"],\"inLanguage\":\"tr\",\"potentialAction\":[{\"@type\":\"CommentAction\",\"name\":\"Comment\",\"target\":[\"https:\/\/www.italpassion.fr\/tr\/stellantis\/stellantis-a-choisi-son-remplacant-au-puretech-ce-sera-precisement-ce-moteur-fiat\/#respond\"]}]},{\"@type\":\"WebPage\",\"@id\":\"https:\/\/www.italpassion.fr\/tr\/stellantis\/stellantis-a-choisi-son-remplacant-au-puretech-ce-sera-precisement-ce-moteur-fiat\/\",\"url\":\"https:\/\/www.italpassion.fr\/tr\/stellantis\/stellantis-a-choisi-son-remplacant-au-puretech-ce-sera-precisement-ce-moteur-fiat\/\",\"name\":\"Stellantis a choisi son rempla\u00e7ant au PureTech\u2026 ce sera pr\u00e9cis\u00e9ment ce moteur Fiat - ItalPassion\",\"isPartOf\":{\"@id\":\"https:\/\/www.italpassion.fr\/tr\/#website\"},\"primaryImageOfPage\":{\"@id\":\"https:\/\/www.italpassion.fr\/tr\/stellantis\/stellantis-a-choisi-son-remplacant-au-puretech-ce-sera-precisement-ce-moteur-fiat\/#primaryimage\"},\"image\":{\"@id\":\"https:\/\/www.italpassion.fr\/tr\/stellantis\/stellantis-a-choisi-son-remplacant-au-puretech-ce-sera-precisement-ce-moteur-fiat\/#primaryimage\"},\"thumbnailUrl\":\"https:\/\/www.italpassion.fr\/wp-content\/uploads\/2026\/04\/moteur-fiat.jpg\",\"datePublished\":\"2026-04-29T05:19:42+00:00\",\"description\":\"Depuis plusieurs mois, les signaux faibles s\u2019accumulaient. Le retour du diesel, la prolongation du moteur FireFly, les investissements \u00e0 Termoli\u2026 autant\",\"breadcrumb\":{\"@id\":\"https:\/\/www.italpassion.fr\/tr\/stellantis\/stellantis-a-choisi-son-remplacant-au-puretech-ce-sera-precisement-ce-moteur-fiat\/#breadcrumb\"},\"inLanguage\":\"tr\",\"potentialAction\":[{\"@type\":\"ReadAction\",\"target\":[\"https:\/\/www.italpassion.fr\/tr\/stellantis\/stellantis-a-choisi-son-remplacant-au-puretech-ce-sera-precisement-ce-moteur-fiat\/\"]}]},{\"@type\":\"ImageObject\",\"inLanguage\":\"tr\",\"@id\":\"https:\/\/www.italpassion.fr\/tr\/stellantis\/stellantis-a-choisi-son-remplacant-au-puretech-ce-sera-precisement-ce-moteur-fiat\/#primaryimage\",\"url\":\"https:\/\/www.italpassion.fr\/wp-content\/uploads\/2026\/04\/moteur-fiat.jpg\",\"contentUrl\":\"https:\/\/www.italpassion.fr\/wp-content\/uploads\/2026\/04\/moteur-fiat.jpg\",\"width\":1200,\"height\":800},{\"@type\":\"BreadcrumbList\",\"@id\":\"https:\/\/www.italpassion.fr\/tr\/stellantis\/stellantis-a-choisi-son-remplacant-au-puretech-ce-sera-precisement-ce-moteur-fiat\/#breadcrumb\",\"itemListElement\":[{\"@type\":\"ListItem\",\"position\":1,\"name\":\"Accueil\",\"item\":\"https:\/\/www.italpassion.fr\/tr\/\"},{\"@type\":\"ListItem\",\"position\":2,\"name\":\"Stellantis a choisi son rempla\u00e7ant au PureTech\u2026 ce sera pr\u00e9cis\u00e9ment ce moteur Fiat\"}]},{\"@type\":\"WebSite\",\"@id\":\"https:\/\/www.italpassion.fr\/tr\/#website\",\"url\":\"https:\/\/www.italpassion.fr\/tr\/\",\"name\":\"ItalPassion\",\"description\":\"Les Passionn\u00e9s d&#039;Automobiles Italiennes\",\"publisher\":{\"@id\":\"https:\/\/www.italpassion.fr\/tr\/#organization\"},\"potentialAction\":[{\"@type\":\"SearchAction\",\"target\":{\"@type\":\"EntryPoint\",\"urlTemplate\":\"https:\/\/www.italpassion.fr\/tr\/?s={search_term_string}\"},\"query-input\":{\"@type\":\"PropertyValueSpecification\",\"valueRequired\":true,\"valueName\":\"search_term_string\"}}],\"inLanguage\":\"tr\"},{\"@type\":\"Organization\",\"@id\":\"https:\/\/www.italpassion.fr\/tr\/#organization\",\"name\":\"Italpassion\",\"url\":\"https:\/\/www.italpassion.fr\/tr\/\",\"logo\":{\"@type\":\"ImageObject\",\"inLanguage\":\"tr\",\"@id\":\"https:\/\/www.italpassion.fr\/tr\/#\/schema\/logo\/image\/\",\"url\":\"https:\/\/www.italpassion.fr\/wp-content\/uploads\/2023\/07\/italpassion-yoast.jpg\",\"contentUrl\":\"https:\/\/www.italpassion.fr\/wp-content\/uploads\/2023\/07\/italpassion-yoast.jpg\",\"width\":696,\"height\":696,\"caption\":\"Italpassion\"},\"image\":{\"@id\":\"https:\/\/www.italpassion.fr\/tr\/#\/schema\/logo\/image\/\"},\"sameAs\":[\"https:\/\/www.facebook.com\/italpassion\",\"https:\/\/x.com\/italpassion\",\"https:\/\/www.instagram.com\/italpassionfr\/\",\"https:\/\/www.youtube.com\/channel\/UCleq-ByQaA42OjhopwevRjQ\",\"https:\/\/www.facebook.com\/italpassion.en\/\",\"https:\/\/www.facebook.com\/italpassion.it\/\",\"https:\/\/www.facebook.com\/italpassion.de\/\",\"https:\/\/www.facebook.com\/italpassion.ja\/\"]},{\"@type\":\"Person\",\"@id\":\"https:\/\/www.italpassion.fr\/tr\/#\/schema\/person\/36f747b2a759ca202d847e85a9434ca0\",\"name\":\"Alexandre Filluzeau\",\"image\":{\"@type\":\"ImageObject\",\"inLanguage\":\"tr\",\"@id\":\"https:\/\/www.italpassion.fr\/tr\/#\/schema\/person\/image\/\",\"url\":\"https:\/\/www.italpassion.fr\/wp-content\/uploads\/2025\/04\/avatar-alexandre-160x160.jpg\",\"contentUrl\":\"https:\/\/www.italpassion.fr\/wp-content\/uploads\/2025\/04\/avatar-alexandre-160x160.jpg\",\"caption\":\"Alexandre Filluzeau\"},\"description\":\"Fondateur du site ItalPassion, passionn\u00e9 de voitures italiennes et de l'Italie en g\u00e9n\u00e9ral. J'apporte un regard critique et technique aux actualit\u00e9s des marques italiennes quand cela est possible. Propri\u00e9taire d'une Maserati GranTurismo, Alfa Romeo MiTo, Lancia Fulvia et Ducati 695. Ex-propri\u00e9taire d'une Alfa Romeo Giulia.\",\"sameAs\":[\"https:\/\/www.italpassion.fr\/\"],\"url\":\"https:\/\/www.italpassion.fr\/tr\/author\/alexandre\/\"}]}<\/script>\n<!-- \/ Yoast SEO plugin. -->","yoast_head_json":{"title":"Stellantis PureTech'in yerine ge\u00e7ecek motoru se\u00e7ti... ve bu Fiat motoru olacak - ItalPassion","description":"Birka\u00e7 ayd\u0131r zay\u0131f sinyaller birikmeye ba\u015flam\u0131\u015ft\u0131. Dizelin geri d\u00f6n\u00fc\u015f\u00fc, FireFly motorunun uzat\u0131lmas\u0131, Termoli'deki yat\u0131r\u0131mlar... bir\u00e7ok","robots":{"index":"index","follow":"follow","max-snippet":"max-snippet:-1","max-image-preview":"max-image-preview:large","max-video-preview":"max-video-preview:-1"},"canonical":"https:\/\/www.italpassion.fr\/tr\/stellantis\/stellantis-puretechin-yerine-gececek-motoru-secti-ve-bu-fiat-motoru-olacak\/","og_locale":"tr_TR","og_type":"article","og_title":"Stellantis a choisi son rempla\u00e7ant au PureTech\u2026 ce sera pr\u00e9cis\u00e9ment ce moteur Fiat - ItalPassion","og_description":"Depuis plusieurs mois, les signaux faibles s\u2019accumulaient. Le retour du diesel, la prolongation du moteur FireFly, les investissements \u00e0 Termoli\u2026 autant","og_url":"https:\/\/www.italpassion.fr\/tr\/stellantis\/stellantis-puretechin-yerine-gececek-motoru-secti-ve-bu-fiat-motoru-olacak\/","og_site_name":"ItalPassion","article_publisher":"https:\/\/www.facebook.com\/italpassion","article_published_time":"2026-04-29T05:19:42+00:00","og_image":[{"width":1200,"height":800,"url":"https:\/\/www.italpassion.fr\/wp-content\/uploads\/2026\/04\/moteur-fiat.jpg","type":"image\/jpeg"}],"author":"Alexandre Filluzeau","twitter_card":"summary_large_image","twitter_creator":"@italpassion","twitter_site":"@italpassion","schema":{"@context":"https:\/\/schema.org","@graph":[{"@type":"NewsArticle","@id":"https:\/\/www.italpassion.fr\/tr\/stellantis\/stellantis-a-choisi-son-remplacant-au-puretech-ce-sera-precisement-ce-moteur-fiat\/#article","isPartOf":{"@id":"https:\/\/www.italpassion.fr\/tr\/stellantis\/stellantis-a-choisi-son-remplacant-au-puretech-ce-sera-precisement-ce-moteur-fiat\/"},"author":{"name":"Alexandre Filluzeau","@id":"https:\/\/www.italpassion.fr\/tr\/#\/schema\/person\/36f747b2a759ca202d847e85a9434ca0"},"headline":"Stellantis a choisi son rempla\u00e7ant au PureTech\u2026 ce sera pr\u00e9cis\u00e9ment ce moteur Fiat","datePublished":"2026-04-29T05:19:42+00:00","mainEntityOfPage":{"@id":"https:\/\/www.italpassion.fr\/tr\/stellantis\/stellantis-a-choisi-son-remplacant-au-puretech-ce-sera-precisement-ce-moteur-fiat\/"},"wordCount":757,"commentCount":4,"publisher":{"@id":"https:\/\/www.italpassion.fr\/tr\/#organization"},"image":{"@id":"https:\/\/www.italpassion.fr\/tr\/stellantis\/stellantis-a-choisi-son-remplacant-au-puretech-ce-sera-precisement-ce-moteur-fiat\/#primaryimage"},"thumbnailUrl":"https:\/\/www.italpassion.fr\/wp-content\/uploads\/2026\/04\/moteur-fiat.jpg","keywords":["Firefly"],"articleSection":["Stellantis"],"inLanguage":"tr","potentialAction":[{"@type":"CommentAction","name":"Comment","target":["https:\/\/www.italpassion.fr\/tr\/stellantis\/stellantis-a-choisi-son-remplacant-au-puretech-ce-sera-precisement-ce-moteur-fiat\/#respond"]}]},{"@type":"WebPage","@id":"https:\/\/www.italpassion.fr\/tr\/stellantis\/stellantis-a-choisi-son-remplacant-au-puretech-ce-sera-precisement-ce-moteur-fiat\/","url":"https:\/\/www.italpassion.fr\/tr\/stellantis\/stellantis-a-choisi-son-remplacant-au-puretech-ce-sera-precisement-ce-moteur-fiat\/","name":"Stellantis PureTech'in yerine ge\u00e7ecek motoru se\u00e7ti... ve bu Fiat motoru olacak - ItalPassion","isPartOf":{"@id":"https:\/\/www.italpassion.fr\/tr\/#website"},"primaryImageOfPage":{"@id":"https:\/\/www.italpassion.fr\/tr\/stellantis\/stellantis-a-choisi-son-remplacant-au-puretech-ce-sera-precisement-ce-moteur-fiat\/#primaryimage"},"image":{"@id":"https:\/\/www.italpassion.fr\/tr\/stellantis\/stellantis-a-choisi-son-remplacant-au-puretech-ce-sera-precisement-ce-moteur-fiat\/#primaryimage"},"thumbnailUrl":"https:\/\/www.italpassion.fr\/wp-content\/uploads\/2026\/04\/moteur-fiat.jpg","datePublished":"2026-04-29T05:19:42+00:00","description":"Birka\u00e7 ayd\u0131r zay\u0131f sinyaller birikmeye ba\u015flam\u0131\u015ft\u0131. Dizelin geri d\u00f6n\u00fc\u015f\u00fc, FireFly motorunun uzat\u0131lmas\u0131, Termoli'deki yat\u0131r\u0131mlar... bir\u00e7ok","breadcrumb":{"@id":"https:\/\/www.italpassion.fr\/tr\/stellantis\/stellantis-a-choisi-son-remplacant-au-puretech-ce-sera-precisement-ce-moteur-fiat\/#breadcrumb"},"inLanguage":"tr","potentialAction":[{"@type":"ReadAction","target":["https:\/\/www.italpassion.fr\/tr\/stellantis\/stellantis-a-choisi-son-remplacant-au-puretech-ce-sera-precisement-ce-moteur-fiat\/"]}]},{"@type":"ImageObject","inLanguage":"tr","@id":"https:\/\/www.italpassion.fr\/tr\/stellantis\/stellantis-a-choisi-son-remplacant-au-puretech-ce-sera-precisement-ce-moteur-fiat\/#primaryimage","url":"https:\/\/www.italpassion.fr\/wp-content\/uploads\/2026\/04\/moteur-fiat.jpg","contentUrl":"https:\/\/www.italpassion.fr\/wp-content\/uploads\/2026\/04\/moteur-fiat.jpg","width":1200,"height":800},{"@type":"BreadcrumbList","@id":"https:\/\/www.italpassion.fr\/tr\/stellantis\/stellantis-a-choisi-son-remplacant-au-puretech-ce-sera-precisement-ce-moteur-fiat\/#breadcrumb","itemListElement":[{"@type":"ListItem","position":1,"name":"Accueil","item":"https:\/\/www.italpassion.fr\/tr\/"},{"@type":"ListItem","position":2,"name":"Stellantis a choisi son rempla\u00e7ant au PureTech\u2026 ce sera pr\u00e9cis\u00e9ment ce moteur Fiat"}]},{"@type":"WebSite","@id":"https:\/\/www.italpassion.fr\/tr\/#website","url":"https:\/\/www.italpassion.fr\/tr\/","name":"ItalPassion","description":"\u0130talyan Araba Merakl\u0131lar\u0131","publisher":{"@id":"https:\/\/www.italpassion.fr\/tr\/#organization"},"potentialAction":[{"@type":"SearchAction","target":{"@type":"EntryPoint","urlTemplate":"https:\/\/www.italpassion.fr\/tr\/?s={search_term_string}"},"query-input":{"@type":"PropertyValueSpecification","valueRequired":true,"valueName":"search_term_string"}}],"inLanguage":"tr"},{"@type":"Organization","@id":"https:\/\/www.italpassion.fr\/tr\/#organization","name":"Italpassion","url":"https:\/\/www.italpassion.fr\/tr\/","logo":{"@type":"ImageObject","inLanguage":"tr","@id":"https:\/\/www.italpassion.fr\/tr\/#\/schema\/logo\/image\/","url":"https:\/\/www.italpassion.fr\/wp-content\/uploads\/2023\/07\/italpassion-yoast.jpg","contentUrl":"https:\/\/www.italpassion.fr\/wp-content\/uploads\/2023\/07\/italpassion-yoast.jpg","width":696,"height":696,"caption":"Italpassion"},"image":{"@id":"https:\/\/www.italpassion.fr\/tr\/#\/schema\/logo\/image\/"},"sameAs":["https:\/\/www.facebook.com\/italpassion","https:\/\/x.com\/italpassion","https:\/\/www.instagram.com\/italpassionfr\/","https:\/\/www.youtube.com\/channel\/UCleq-ByQaA42OjhopwevRjQ","https:\/\/www.facebook.com\/italpassion.en\/","https:\/\/www.facebook.com\/italpassion.it\/","https:\/\/www.facebook.com\/italpassion.de\/","https:\/\/www.facebook.com\/italpassion.ja\/"]},{"@type":"Person","@id":"https:\/\/www.italpassion.fr\/tr\/#\/schema\/person\/36f747b2a759ca202d847e85a9434ca0","name":"Alexandre Filluzeau","image":{"@type":"ImageObject","inLanguage":"tr","@id":"https:\/\/www.italpassion.fr\/tr\/#\/schema\/person\/image\/","url":"https:\/\/www.italpassion.fr\/wp-content\/uploads\/2025\/04\/avatar-alexandre-160x160.jpg","contentUrl":"https:\/\/www.italpassion.fr\/wp-content\/uploads\/2025\/04\/avatar-alexandre-160x160.jpg","caption":"Alexandre Filluzeau"},"description":"ItalPassion web sitesinin kurucusu, \u0130talyan otomobilleri ve genel olarak \u0130talya hakk\u0131nda tutkulu. M\u00fcmk\u00fcn oldu\u011funca \u0130talyan markalar\u0131n\u0131n haberlerine ele\u015ftirel ve teknik bir g\u00f6z getiriyorum. Maserati GranTurismo, Alfa Romeo MiTo, Lancia Fulvia ve Ducati 695 sahibiyim. Alfa Romeo Giulia'n\u0131n eski sahibi.","sameAs":["https:\/\/www.italpassion.fr\/"],"url":"https:\/\/www.italpassion.fr\/tr\/author\/alexandre\/"}]}},"_links":{"self":[{"href":"https:\/\/www.italpassion.fr\/tr\/wp-json\/wp\/v2\/posts\/49056","targetHints":{"allow":["GET"]}}],"collection":[{"href":"https:\/\/www.italpassion.fr\/tr\/wp-json\/wp\/v2\/posts"}],"about":[{"href":"https:\/\/www.italpassion.fr\/tr\/wp-json\/wp\/v2\/types\/post"}],"author":[{"embeddable":true,"href":"https:\/\/www.italpassion.fr\/tr\/wp-json\/wp\/v2\/users\/1"}],"replies":[{"embeddable":true,"href":"https:\/\/www.italpassion.fr\/tr\/wp-json\/wp\/v2\/comments?post=49056"}],"version-history":[{"count":3,"href":"https:\/\/www.italpassion.fr\/tr\/wp-json\/wp\/v2\/posts\/49056\/revisions"}],"predecessor-version":[{"id":49435,"href":"https:\/\/www.italpassion.fr\/tr\/wp-json\/wp\/v2\/posts\/49056\/revisions\/49435"}],"wp:featuredmedia":[{"embeddable":true,"href":"https:\/\/www.italpassion.fr\/tr\/wp-json\/wp\/v2\/media\/49059"}],"wp:attachment":[{"href":"https:\/\/www.italpassion.fr\/tr\/wp-json\/wp\/v2\/media?parent=49056"}],"wp:term":[{"taxonomy":"category","embeddable":true,"href":"https:\/\/www.italpassion.fr\/tr\/wp-json\/wp\/v2\/categories?post=49056"},{"taxonomy":"post_tag","embeddable":true,"href":"https:\/\/www.italpassion.fr\/tr\/wp-json\/wp\/v2\/tags?post=49056"}],"curies":[{"name":"wp","href":"https:\/\/api.w.org\/{rel}","templated":true}]}}