{"id":49032,"date":"2026-04-29T15:03:07","date_gmt":"2026-04-29T13:03:07","guid":{"rendered":"https:\/\/www.italpassion.fr\/?p=49032"},"modified":"2026-04-27T16:31:09","modified_gmt":"2026-04-27T14:31:09","slug":"bu-tuhaf-ferrari%cc%87ni%cc%87n-kapilari-ya-da-tavani-yok-ve-bi%cc%87r-ayakkabiya-benzeti%cc%87li%cc%87yor","status":"publish","type":"post","link":"https:\/\/www.italpassion.fr\/tr\/ferrari\/cette-etrange-ferrari-na-ni-portes-ni-toit-et-est-comparee-a-une-chaussure\/","title":{"rendered":"Bu tuhaf Ferrari'nin kap\u0131lar\u0131 ya da tavan\u0131 yok... ve bir ayakkab\u0131ya benzetiliyor"},"content":{"rendered":"<figure class=\"wp-block-image size-full\"><img loading=\"lazy\" decoding=\"async\" width=\"1200\" height=\"800\" src=\"https:\/\/www.italpassion.fr\/wp-content\/uploads\/2026\/04\/ferrari-conciso.jpg\" alt=\"\" class=\"wp-image-49372\" srcset=\"https:\/\/www.italpassion.fr\/wp-content\/uploads\/2026\/04\/ferrari-conciso.jpg 1200w, https:\/\/www.italpassion.fr\/wp-content\/uploads\/2026\/04\/ferrari-conciso-420x280.jpg 420w, https:\/\/www.italpassion.fr\/wp-content\/uploads\/2026\/04\/ferrari-conciso-768x512.jpg 768w, https:\/\/www.italpassion.fr\/wp-content\/uploads\/2026\/04\/ferrari-conciso-18x12.jpg 18w\" sizes=\"auto, (max-width: 1200px) 100vw, 1200px\" \/><\/figure>\n\n\n\n<p>At <a href=\"https:\/\/www.italpassion.fr\/tr\/ferrari\/\">Ferrari<\/a>, Her nadir model genellikle heyecan yarat\u0131r. Markan\u0131n tek seferlik modelleri her a\u00e7\u0131dan incelenir, yorumlan\u0131r ve foto\u011fraflan\u0131r. Yine de neredeyse unutulmu\u015f bir istisna vard\u0131r: Ferrari Conciso. O kadar al\u0131\u015f\u0131lmad\u0131k bir model ki, baz\u0131 merakl\u0131lar bile onu bir Ferrari olarak tan\u0131mlamakta zorlanacakt\u0131r.<\/p>\n\n\n\n<p>1993 y\u0131l\u0131nda tan\u0131t\u0131lan bu e\u015fsiz eser do\u011frudan Maranello at\u00f6lyelerinden de\u011fil, Alman tasar\u0131mc\u0131 Bernd Michalak'\u0131n hayal g\u00fcc\u00fcnden \u00e7\u0131km\u0131\u015ft\u0131r. Bir 1989 Ferrari 328 GTS'ye dayanan Conciso, tasar\u0131mc\u0131n\u0131n bir spor otomobilin ne olabilece\u011fine dair radikal yorumudur: sadele\u015ftirilmi\u015f, a\u015f\u0131r\u0131, neredeyse rahats\u0131z edici.<\/p>\n\n\n\n<figure class=\"wp-block-image size-full\"><img loading=\"lazy\" decoding=\"async\" width=\"1200\" height=\"623\" src=\"https:\/\/www.italpassion.fr\/wp-content\/uploads\/2026\/04\/Bernd-Michalak.jpg\" alt=\"\" class=\"wp-image-49374\" srcset=\"https:\/\/www.italpassion.fr\/wp-content\/uploads\/2026\/04\/Bernd-Michalak.jpg 1200w, https:\/\/www.italpassion.fr\/wp-content\/uploads\/2026\/04\/Bernd-Michalak-420x218.jpg 420w, https:\/\/www.italpassion.fr\/wp-content\/uploads\/2026\/04\/Bernd-Michalak-768x399.jpg 768w, https:\/\/www.italpassion.fr\/wp-content\/uploads\/2026\/04\/Bernd-Michalak-18x9.jpg 18w\" sizes=\"auto, (max-width: 1200px) 100vw, 1200px\" \/><\/figure>\n\n\n\n<p>\u0130lk bak\u0131\u015fta g\u00f6rsel bir \u015fok etkisi yarat\u0131yor. 80\u00ablerin Ferrarileri gergin, agresif \u00e7izgilere sahipken, Conciso yuvarlak, kompakt, neredeyse e\u011flenceli \u015fekiller benimsiyor. Baz\u0131lar\u0131 onu \u00bbg\u00fcl\u00fcmseyen bir ayakkab\u0131ya', di\u011ferleri ise bir ornitorenk veya hatta ta\u015f\u0131nabilir bir s\u00fcp\u00fcrgeye benzetiyor. Bu takma adlar, p\u00fcristler aras\u0131nda yaratabilece\u011fi rahats\u0131zl\u0131\u011f\u0131 yans\u0131t\u0131yor.<\/p>\n\n\n\n<p>Ancak bu al\u0131\u015f\u0131lmad\u0131k siluetin ard\u0131nda ger\u00e7ek bir yakla\u015f\u0131m yat\u0131yor. \u0130talyanca'da \u00ab\u00f6zl\u00fc\u00bb anlam\u0131na gelen \u00abConciso\u00bb ismi, projenin arkas\u0131ndaki felsefeyi m\u00fckemmel bir \u015fekilde \u00f6zetliyor. Fikir nedir? S\u00fcr\u00fc\u015f i\u00e7in gerekli olmayan her \u015feyi ortadan kald\u0131rmak. Sonu\u00e7: tavan yok, kap\u0131lar yok ve \u00f6n cam\u0131n neredeyse bir benzeri yok. Araca binmek i\u00e7in kelimenin tam anlam\u0131yla karoserin \u00fczerinden t\u0131rmanman\u0131z gerekiyor.<\/p>\n\n\n\n<figure class=\"wp-block-image size-full\"><img loading=\"lazy\" decoding=\"async\" width=\"1200\" height=\"836\" src=\"https:\/\/www.italpassion.fr\/wp-content\/uploads\/2026\/04\/ferrari-conciso-6.jpg\" alt=\"\" class=\"wp-image-49375\" srcset=\"https:\/\/www.italpassion.fr\/wp-content\/uploads\/2026\/04\/ferrari-conciso-6.jpg 1200w, https:\/\/www.italpassion.fr\/wp-content\/uploads\/2026\/04\/ferrari-conciso-6-420x293.jpg 420w, https:\/\/www.italpassion.fr\/wp-content\/uploads\/2026\/04\/ferrari-conciso-6-768x535.jpg 768w, https:\/\/www.italpassion.fr\/wp-content\/uploads\/2026\/04\/ferrari-conciso-6-18x12.jpg 18w\" sizes=\"auto, (max-width: 1200px) 100vw, 1200px\" \/><\/figure>\n\n\n\n<figure class=\"wp-block-image size-full\"><img loading=\"lazy\" decoding=\"async\" width=\"1200\" height=\"836\" src=\"https:\/\/www.italpassion.fr\/wp-content\/uploads\/2026\/04\/ferrari-conciso-7.jpg\" alt=\"\" class=\"wp-image-49376\" srcset=\"https:\/\/www.italpassion.fr\/wp-content\/uploads\/2026\/04\/ferrari-conciso-7.jpg 1200w, https:\/\/www.italpassion.fr\/wp-content\/uploads\/2026\/04\/ferrari-conciso-7-420x293.jpg 420w, https:\/\/www.italpassion.fr\/wp-content\/uploads\/2026\/04\/ferrari-conciso-7-768x535.jpg 768w, https:\/\/www.italpassion.fr\/wp-content\/uploads\/2026\/04\/ferrari-conciso-7-18x12.jpg 18w\" sizes=\"auto, (max-width: 1200px) 100vw, 1200px\" \/><\/figure>\n\n\n\n<figure class=\"wp-block-image size-full\"><img loading=\"lazy\" decoding=\"async\" width=\"1200\" height=\"836\" src=\"https:\/\/www.italpassion.fr\/wp-content\/uploads\/2026\/04\/ferrari-conciso-8.jpg\" alt=\"\" class=\"wp-image-49377\" srcset=\"https:\/\/www.italpassion.fr\/wp-content\/uploads\/2026\/04\/ferrari-conciso-8.jpg 1200w, https:\/\/www.italpassion.fr\/wp-content\/uploads\/2026\/04\/ferrari-conciso-8-420x293.jpg 420w, https:\/\/www.italpassion.fr\/wp-content\/uploads\/2026\/04\/ferrari-conciso-8-768x535.jpg 768w, https:\/\/www.italpassion.fr\/wp-content\/uploads\/2026\/04\/ferrari-conciso-8-18x12.jpg 18w\" sizes=\"auto, (max-width: 1200px) 100vw, 1200px\" \/><\/figure>\n\n\n\n<p>Bu minimalist yakla\u015f\u0131m, ola\u011fan\u00fcst\u00fc a\u011f\u0131rl\u0131k tasarrufuyla sonu\u00e7lanm\u0131\u015ft\u0131r. Orijinal 328 GTS'den yakla\u015f\u0131k 30 % daha hafif olan Conciso sadece 932 kg a\u011f\u0131rl\u0131\u011f\u0131ndad\u0131r. Bu incelme, el yap\u0131m\u0131 al\u00fcminyum g\u00f6vde ve \u00e7ok say\u0131da konfor \u00f6zelli\u011finin ortadan kald\u0131r\u0131lmas\u0131yla m\u00fcmk\u00fcn olmu\u015ftur.<\/p>\n\n\n\n<figure class=\"wp-block-image size-full\"><img loading=\"lazy\" decoding=\"async\" width=\"1200\" height=\"800\" src=\"https:\/\/www.italpassion.fr\/wp-content\/uploads\/2026\/04\/ferrari-conciso-2.jpg\" alt=\"\" class=\"wp-image-49378\" srcset=\"https:\/\/www.italpassion.fr\/wp-content\/uploads\/2026\/04\/ferrari-conciso-2.jpg 1200w, https:\/\/www.italpassion.fr\/wp-content\/uploads\/2026\/04\/ferrari-conciso-2-420x280.jpg 420w, https:\/\/www.italpassion.fr\/wp-content\/uploads\/2026\/04\/ferrari-conciso-2-768x512.jpg 768w, https:\/\/www.italpassion.fr\/wp-content\/uploads\/2026\/04\/ferrari-conciso-2-18x12.jpg 18w\" sizes=\"auto, (max-width: 1200px) 100vw, 1200px\" \/><\/figure>\n\n\n\n<figure class=\"wp-block-image size-full\"><img loading=\"lazy\" decoding=\"async\" width=\"1200\" height=\"800\" src=\"https:\/\/www.italpassion.fr\/wp-content\/uploads\/2026\/04\/ferrari-conciso-3.jpg\" alt=\"\" class=\"wp-image-49379\" srcset=\"https:\/\/www.italpassion.fr\/wp-content\/uploads\/2026\/04\/ferrari-conciso-3.jpg 1200w, https:\/\/www.italpassion.fr\/wp-content\/uploads\/2026\/04\/ferrari-conciso-3-420x280.jpg 420w, https:\/\/www.italpassion.fr\/wp-content\/uploads\/2026\/04\/ferrari-conciso-3-768x512.jpg 768w, https:\/\/www.italpassion.fr\/wp-content\/uploads\/2026\/04\/ferrari-conciso-3-18x12.jpg 18w\" sizes=\"auto, (max-width: 1200px) 100vw, 1200px\" \/><\/figure>\n\n\n\n<p>Bu al\u0131\u015f\u0131lmad\u0131k d\u0131\u015f g\u00f6r\u00fcn\u00fcm\u00fcn alt\u0131nda tan\u0131d\u0131k bir g\u00fc\u00e7 aktarma organ\u0131 yat\u0131yor. 328 GTS'den gelen 3.2 litrelik Quattrovalvole V8 hala orada ve yakla\u015f\u0131k 270 bg g\u00fc\u00e7 \u00fcretiyor. A\u00e7\u0131k kap\u0131l\u0131 manuel \u015fanz\u0131manla birlikte bu benzersiz Ferrari'yi 0'dan 100 km\/s h\u0131za yakla\u015f\u0131k 5 saniyede \u00e7\u0131kar\u0131yor ve azami h\u0131z\u0131 278 km\/s'ye yakla\u015f\u0131yor. Bu performans, s\u00fcr\u00fc\u015f deneyiminin tamamen ham, filtrelenmemi\u015f ve elementlere maruz kald\u0131\u011f\u0131 d\u00fc\u015f\u00fcn\u00fcld\u00fc\u011f\u00fcnde daha da etkileyici.<\/p>\n\n\n\n<figure class=\"wp-block-image size-full\"><img loading=\"lazy\" decoding=\"async\" width=\"1200\" height=\"800\" src=\"https:\/\/www.italpassion.fr\/wp-content\/uploads\/2026\/04\/ferrari-conciso-moteur.jpg\" alt=\"\" class=\"wp-image-49384\" srcset=\"https:\/\/www.italpassion.fr\/wp-content\/uploads\/2026\/04\/ferrari-conciso-moteur.jpg 1200w, https:\/\/www.italpassion.fr\/wp-content\/uploads\/2026\/04\/ferrari-conciso-moteur-420x280.jpg 420w, https:\/\/www.italpassion.fr\/wp-content\/uploads\/2026\/04\/ferrari-conciso-moteur-768x512.jpg 768w, https:\/\/www.italpassion.fr\/wp-content\/uploads\/2026\/04\/ferrari-conciso-moteur-18x12.jpg 18w\" sizes=\"auto, (max-width: 1200px) 100vw, 1200px\" \/><\/figure>\n\n\n\n<figure class=\"wp-block-image size-full\"><img loading=\"lazy\" decoding=\"async\" width=\"1200\" height=\"800\" src=\"https:\/\/www.italpassion.fr\/wp-content\/uploads\/2026\/04\/ferrari-conciso-10.jpg\" alt=\"\" class=\"wp-image-49381\" srcset=\"https:\/\/www.italpassion.fr\/wp-content\/uploads\/2026\/04\/ferrari-conciso-10.jpg 1200w, https:\/\/www.italpassion.fr\/wp-content\/uploads\/2026\/04\/ferrari-conciso-10-420x280.jpg 420w, https:\/\/www.italpassion.fr\/wp-content\/uploads\/2026\/04\/ferrari-conciso-10-768x512.jpg 768w, https:\/\/www.italpassion.fr\/wp-content\/uploads\/2026\/04\/ferrari-conciso-10-18x12.jpg 18w\" sizes=\"auto, (max-width: 1200px) 100vw, 1200px\" \/><\/figure>\n\n\n\n<figure class=\"wp-block-image size-full\"><img loading=\"lazy\" decoding=\"async\" width=\"1200\" height=\"800\" src=\"https:\/\/www.italpassion.fr\/wp-content\/uploads\/2026\/04\/ferrari-conciso-9.jpg\" alt=\"\" class=\"wp-image-49382\" srcset=\"https:\/\/www.italpassion.fr\/wp-content\/uploads\/2026\/04\/ferrari-conciso-9.jpg 1200w, https:\/\/www.italpassion.fr\/wp-content\/uploads\/2026\/04\/ferrari-conciso-9-420x280.jpg 420w, https:\/\/www.italpassion.fr\/wp-content\/uploads\/2026\/04\/ferrari-conciso-9-768x512.jpg 768w, https:\/\/www.italpassion.fr\/wp-content\/uploads\/2026\/04\/ferrari-conciso-9-18x12.jpg 18w\" sizes=\"auto, (max-width: 1200px) 100vw, 1200px\" \/><\/figure>\n\n\n\n<p>\u0130\u00e7erideki atmosfer kesinlikle performans odakl\u0131d\u0131r. Kova koltuklar, emniyet kemerleri, spor direksiyon simidi ve analog g\u00f6stergeler bize esas olan\u0131n ba\u015fka bir yerde oldu\u011funu hat\u0131rlat\u0131yor: s\u00fcr\u00fcc\u00fc ve makine aras\u0131ndaki do\u011frudan ba\u011flant\u0131da. Bir Conciso kullanmak her titre\u015fimi, her mekanik sesi ve motorun her nefesini hissetmek demektir.<\/p>\n\n\n\n<figure class=\"wp-block-image size-full\"><img loading=\"lazy\" decoding=\"async\" width=\"1200\" height=\"800\" src=\"https:\/\/www.italpassion.fr\/wp-content\/uploads\/2026\/04\/ferrari-conciso-5.jpg\" alt=\"\" class=\"wp-image-49380\" srcset=\"https:\/\/www.italpassion.fr\/wp-content\/uploads\/2026\/04\/ferrari-conciso-5.jpg 1200w, https:\/\/www.italpassion.fr\/wp-content\/uploads\/2026\/04\/ferrari-conciso-5-420x280.jpg 420w, https:\/\/www.italpassion.fr\/wp-content\/uploads\/2026\/04\/ferrari-conciso-5-768x512.jpg 768w, https:\/\/www.italpassion.fr\/wp-content\/uploads\/2026\/04\/ferrari-conciso-5-18x12.jpg 18w\" sizes=\"auto, (max-width: 1200px) 100vw, 1200px\" \/><\/figure>\n\n\n\n<figure class=\"wp-block-image size-full\"><img loading=\"lazy\" decoding=\"async\" width=\"1200\" height=\"800\" src=\"https:\/\/www.italpassion.fr\/wp-content\/uploads\/2026\/04\/ferrari-conciso-11.jpg\" alt=\"\" class=\"wp-image-49383\" srcset=\"https:\/\/www.italpassion.fr\/wp-content\/uploads\/2026\/04\/ferrari-conciso-11.jpg 1200w, https:\/\/www.italpassion.fr\/wp-content\/uploads\/2026\/04\/ferrari-conciso-11-420x280.jpg 420w, https:\/\/www.italpassion.fr\/wp-content\/uploads\/2026\/04\/ferrari-conciso-11-768x512.jpg 768w, https:\/\/www.italpassion.fr\/wp-content\/uploads\/2026\/04\/ferrari-conciso-11-18x12.jpg 18w\" sizes=\"auto, (max-width: 1200px) 100vw, 1200px\" \/><\/figure>\n\n\n\n<p>Frankfurt Otomobil Fuar\u0131'nda tan\u0131t\u0131lan Conciso hi\u00e7bir zaman \u00fcretim i\u00e7in tasarlanmam\u0131\u015ft\u0131. Ba\u011f\u0131ms\u0131z otomobil \u00fcreticilerinin hala k\u0131s\u0131tlama olmaks\u0131z\u0131n denemeler yapmaya cesaret edebildi\u011fi ve otomotiv tasar\u0131m\u0131n\u0131n s\u0131n\u0131rlar\u0131n\u0131 zorlad\u0131\u011f\u0131 bir d\u00f6nemin par\u00e7as\u0131yd\u0131. Bu cesaret 1994 y\u0131l\u0131nda Eurosign Tasar\u0131m \u00d6d\u00fclleri'nde bir \u00f6d\u00fclle \u00f6d\u00fcllendirildi.<\/p>\n\n\n\n<p>Avrupal\u0131 ve Amerikal\u0131 koleksiyoncular aras\u0131nda el de\u011fi\u015ftirdikten sonra, otomobil bir sanat eseri gibi \u00f6zel bir salonda bile sergilendi. Yak\u0131n zamanda, 2017 y\u0131l\u0131nda 117.000 Euro'nun biraz \u00fczerinde bir fiyatla a\u00e7\u0131k art\u0131rmada yeniden ortaya \u00e7\u0131kt\u0131. G\u00fcn\u00fcm\u00fczde Ferrari Conciso, \u015fu anda sergilendi\u011fi Petersen Otomotiv M\u00fczesi'nde oldu\u011fu gibi zaman zaman g\u00f6lgelerden ortaya \u00e7\u0131k\u0131yor. Merakl\u0131lar i\u00e7in bu eksantrik Ferrari konseptini ke\u015ffetmek i\u00e7in nadir bir f\u0131rsat.<\/p>\n\n\n\n<figure class=\"wp-block-embed is-type-video is-provider-youtube wp-block-embed-youtube wp-embed-aspect-16-9 wp-has-aspect-ratio\"><div class=\"wp-block-embed__wrapper\">\n<iframe loading=\"lazy\" title=\"ONE OF ONE | Ferrari&#039;nin En Benzersiz Yap\u0131s\u0131n\u0131n Anlat\u0131lmam\u0131\u015f Hikayesi\" width=\"1200\" height=\"675\" src=\"https:\/\/www.youtube-nocookie.com\/embed\/Q-eG2i0bf2s?feature=oembed\" frameborder=\"0\" allow=\"accelerometer; autoplay; clipboard-write; encrypted-media; gyroscope; picture-in-picture; web-share\" referrerpolicy=\"strict-origin-when-cross-origin\" allowfullscreen><\/iframe>\n<\/div><\/figure>\n\n\n\n<p><\/p>","protected":false},"excerpt":{"rendered":"","protected":false},"author":1,"featured_media":49372,"comment_status":"open","ping_status":"open","sticky":false,"template":"","format":"standard","meta":{"_acf_changed":false,"_sitemap_exclude":false,"_sitemap_priority":"","_sitemap_frequency":"","footnotes":""},"categories":[23],"tags":[785],"class_list":["post-49032","post","type-post","status-publish","format-standard","has-post-thumbnail","hentry","category-ferrari","tag-ferrari-conciso","generate-columns","tablet-grid-50","mobile-grid-100","grid-parent","grid-33"],"acf":[],"yoast_head":"<!-- This site is optimized with the Yoast SEO plugin v25.8 - https:\/\/yoast.com\/wordpress\/plugins\/seo\/ -->\n<title>Cette \u00e9trange Ferrari n&#039;a ni portes ni toit\u2026 et est compar\u00e9e \u00e0 une chaussure - ItalPassion<\/title>\n<meta name=\"description\" content=\"Chez Ferrari, chaque mod\u00e8le rare fait g\u00e9n\u00e9ralement grand bruit. Les one-off de la marque sont scrut\u00e9s, comment\u00e9s, photographi\u00e9s sous tous les angles. Et\" \/>\n<meta name=\"robots\" content=\"index, follow, max-snippet:-1, max-image-preview:large, max-video-preview:-1\" \/>\n<link rel=\"canonical\" href=\"https:\/\/www.italpassion.fr\/tr\/ferrari\/bu-tuhaf-ferrari\u0307ni\u0307n-kapilari-ya-da-tavani-yok-ve-bi\u0307r-ayakkabiya-benzeti\u0307li\u0307yor\/\" \/>\n<meta property=\"og:locale\" content=\"tr_TR\" \/>\n<meta property=\"og:type\" content=\"article\" \/>\n<meta property=\"og:title\" content=\"Cette \u00e9trange Ferrari n&#039;a ni portes ni toit\u2026 et est compar\u00e9e \u00e0 une chaussure - ItalPassion\" \/>\n<meta property=\"og:description\" content=\"Chez Ferrari, chaque mod\u00e8le rare fait g\u00e9n\u00e9ralement grand bruit. Les one-off de la marque sont scrut\u00e9s, comment\u00e9s, photographi\u00e9s sous tous les angles. Et\" \/>\n<meta property=\"og:url\" content=\"https:\/\/www.italpassion.fr\/tr\/ferrari\/bu-tuhaf-ferrari\u0307ni\u0307n-kapilari-ya-da-tavani-yok-ve-bi\u0307r-ayakkabiya-benzeti\u0307li\u0307yor\/\" \/>\n<meta property=\"og:site_name\" content=\"ItalPassion\" \/>\n<meta property=\"article:publisher\" content=\"https:\/\/www.facebook.com\/italpassion\" \/>\n<meta property=\"article:published_time\" content=\"2026-04-29T13:03:07+00:00\" \/>\n<meta property=\"og:image\" content=\"https:\/\/www.italpassion.fr\/wp-content\/uploads\/2026\/04\/ferrari-conciso.jpg\" \/>\n\t<meta property=\"og:image:width\" content=\"1200\" \/>\n\t<meta property=\"og:image:height\" content=\"800\" \/>\n\t<meta property=\"og:image:type\" content=\"image\/jpeg\" \/>\n<meta name=\"author\" content=\"Alexandre Filluzeau\" \/>\n<meta name=\"twitter:card\" content=\"summary_large_image\" \/>\n<meta name=\"twitter:creator\" content=\"@italpassion\" \/>\n<meta name=\"twitter:site\" content=\"@italpassion\" \/>\n<script type=\"application\/ld+json\" class=\"yoast-schema-graph\">{\"@context\":\"https:\/\/schema.org\",\"@graph\":[{\"@type\":\"NewsArticle\",\"@id\":\"https:\/\/www.italpassion.fr\/tr\/ferrari\/cette-etrange-ferrari-na-ni-portes-ni-toit-et-est-comparee-a-une-chaussure\/#article\",\"isPartOf\":{\"@id\":\"https:\/\/www.italpassion.fr\/tr\/ferrari\/cette-etrange-ferrari-na-ni-portes-ni-toit-et-est-comparee-a-une-chaussure\/\"},\"author\":{\"name\":\"Alexandre Filluzeau\",\"@id\":\"https:\/\/www.italpassion.fr\/tr\/#\/schema\/person\/36f747b2a759ca202d847e85a9434ca0\"},\"headline\":\"Cette \u00e9trange Ferrari n&rsquo;a ni portes ni toit\u2026 et est compar\u00e9e \u00e0 une chaussure\",\"datePublished\":\"2026-04-29T13:03:07+00:00\",\"mainEntityOfPage\":{\"@id\":\"https:\/\/www.italpassion.fr\/tr\/ferrari\/cette-etrange-ferrari-na-ni-portes-ni-toit-et-est-comparee-a-une-chaussure\/\"},\"wordCount\":597,\"commentCount\":0,\"publisher\":{\"@id\":\"https:\/\/www.italpassion.fr\/tr\/#organization\"},\"image\":{\"@id\":\"https:\/\/www.italpassion.fr\/tr\/ferrari\/cette-etrange-ferrari-na-ni-portes-ni-toit-et-est-comparee-a-une-chaussure\/#primaryimage\"},\"thumbnailUrl\":\"https:\/\/www.italpassion.fr\/wp-content\/uploads\/2026\/04\/ferrari-conciso.jpg\",\"keywords\":[\"Ferrari Conciso\"],\"articleSection\":[\"Ferrari\"],\"inLanguage\":\"tr\",\"potentialAction\":[{\"@type\":\"CommentAction\",\"name\":\"Comment\",\"target\":[\"https:\/\/www.italpassion.fr\/tr\/ferrari\/cette-etrange-ferrari-na-ni-portes-ni-toit-et-est-comparee-a-une-chaussure\/#respond\"]}]},{\"@type\":\"WebPage\",\"@id\":\"https:\/\/www.italpassion.fr\/tr\/ferrari\/cette-etrange-ferrari-na-ni-portes-ni-toit-et-est-comparee-a-une-chaussure\/\",\"url\":\"https:\/\/www.italpassion.fr\/tr\/ferrari\/cette-etrange-ferrari-na-ni-portes-ni-toit-et-est-comparee-a-une-chaussure\/\",\"name\":\"Cette \u00e9trange Ferrari n'a ni portes ni toit\u2026 et est compar\u00e9e \u00e0 une chaussure - ItalPassion\",\"isPartOf\":{\"@id\":\"https:\/\/www.italpassion.fr\/tr\/#website\"},\"primaryImageOfPage\":{\"@id\":\"https:\/\/www.italpassion.fr\/tr\/ferrari\/cette-etrange-ferrari-na-ni-portes-ni-toit-et-est-comparee-a-une-chaussure\/#primaryimage\"},\"image\":{\"@id\":\"https:\/\/www.italpassion.fr\/tr\/ferrari\/cette-etrange-ferrari-na-ni-portes-ni-toit-et-est-comparee-a-une-chaussure\/#primaryimage\"},\"thumbnailUrl\":\"https:\/\/www.italpassion.fr\/wp-content\/uploads\/2026\/04\/ferrari-conciso.jpg\",\"datePublished\":\"2026-04-29T13:03:07+00:00\",\"description\":\"Chez Ferrari, chaque mod\u00e8le rare fait g\u00e9n\u00e9ralement grand bruit. Les one-off de la marque sont scrut\u00e9s, comment\u00e9s, photographi\u00e9s sous tous les angles. Et\",\"breadcrumb\":{\"@id\":\"https:\/\/www.italpassion.fr\/tr\/ferrari\/cette-etrange-ferrari-na-ni-portes-ni-toit-et-est-comparee-a-une-chaussure\/#breadcrumb\"},\"inLanguage\":\"tr\",\"potentialAction\":[{\"@type\":\"ReadAction\",\"target\":[\"https:\/\/www.italpassion.fr\/tr\/ferrari\/cette-etrange-ferrari-na-ni-portes-ni-toit-et-est-comparee-a-une-chaussure\/\"]}]},{\"@type\":\"ImageObject\",\"inLanguage\":\"tr\",\"@id\":\"https:\/\/www.italpassion.fr\/tr\/ferrari\/cette-etrange-ferrari-na-ni-portes-ni-toit-et-est-comparee-a-une-chaussure\/#primaryimage\",\"url\":\"https:\/\/www.italpassion.fr\/wp-content\/uploads\/2026\/04\/ferrari-conciso.jpg\",\"contentUrl\":\"https:\/\/www.italpassion.fr\/wp-content\/uploads\/2026\/04\/ferrari-conciso.jpg\",\"width\":1200,\"height\":800},{\"@type\":\"BreadcrumbList\",\"@id\":\"https:\/\/www.italpassion.fr\/tr\/ferrari\/cette-etrange-ferrari-na-ni-portes-ni-toit-et-est-comparee-a-une-chaussure\/#breadcrumb\",\"itemListElement\":[{\"@type\":\"ListItem\",\"position\":1,\"name\":\"Accueil\",\"item\":\"https:\/\/www.italpassion.fr\/tr\/\"},{\"@type\":\"ListItem\",\"position\":2,\"name\":\"Cette \u00e9trange Ferrari n&rsquo;a ni portes ni toit\u2026 et est compar\u00e9e \u00e0 une chaussure\"}]},{\"@type\":\"WebSite\",\"@id\":\"https:\/\/www.italpassion.fr\/tr\/#website\",\"url\":\"https:\/\/www.italpassion.fr\/tr\/\",\"name\":\"ItalPassion\",\"description\":\"Les Passionn\u00e9s d&#039;Automobiles Italiennes\",\"publisher\":{\"@id\":\"https:\/\/www.italpassion.fr\/tr\/#organization\"},\"potentialAction\":[{\"@type\":\"SearchAction\",\"target\":{\"@type\":\"EntryPoint\",\"urlTemplate\":\"https:\/\/www.italpassion.fr\/tr\/?s={search_term_string}\"},\"query-input\":{\"@type\":\"PropertyValueSpecification\",\"valueRequired\":true,\"valueName\":\"search_term_string\"}}],\"inLanguage\":\"tr\"},{\"@type\":\"Organization\",\"@id\":\"https:\/\/www.italpassion.fr\/tr\/#organization\",\"name\":\"Italpassion\",\"url\":\"https:\/\/www.italpassion.fr\/tr\/\",\"logo\":{\"@type\":\"ImageObject\",\"inLanguage\":\"tr\",\"@id\":\"https:\/\/www.italpassion.fr\/tr\/#\/schema\/logo\/image\/\",\"url\":\"https:\/\/www.italpassion.fr\/wp-content\/uploads\/2023\/07\/italpassion-yoast.jpg\",\"contentUrl\":\"https:\/\/www.italpassion.fr\/wp-content\/uploads\/2023\/07\/italpassion-yoast.jpg\",\"width\":696,\"height\":696,\"caption\":\"Italpassion\"},\"image\":{\"@id\":\"https:\/\/www.italpassion.fr\/tr\/#\/schema\/logo\/image\/\"},\"sameAs\":[\"https:\/\/www.facebook.com\/italpassion\",\"https:\/\/x.com\/italpassion\",\"https:\/\/www.instagram.com\/italpassionfr\/\",\"https:\/\/www.youtube.com\/channel\/UCleq-ByQaA42OjhopwevRjQ\",\"https:\/\/www.facebook.com\/italpassion.en\/\",\"https:\/\/www.facebook.com\/italpassion.it\/\",\"https:\/\/www.facebook.com\/italpassion.de\/\",\"https:\/\/www.facebook.com\/italpassion.ja\/\"]},{\"@type\":\"Person\",\"@id\":\"https:\/\/www.italpassion.fr\/tr\/#\/schema\/person\/36f747b2a759ca202d847e85a9434ca0\",\"name\":\"Alexandre Filluzeau\",\"image\":{\"@type\":\"ImageObject\",\"inLanguage\":\"tr\",\"@id\":\"https:\/\/www.italpassion.fr\/tr\/#\/schema\/person\/image\/\",\"url\":\"https:\/\/www.italpassion.fr\/wp-content\/uploads\/2025\/04\/avatar-alexandre-160x160.jpg\",\"contentUrl\":\"https:\/\/www.italpassion.fr\/wp-content\/uploads\/2025\/04\/avatar-alexandre-160x160.jpg\",\"caption\":\"Alexandre Filluzeau\"},\"description\":\"Fondateur du site ItalPassion, passionn\u00e9 de voitures italiennes et de l'Italie en g\u00e9n\u00e9ral. J'apporte un regard critique et technique aux actualit\u00e9s des marques italiennes quand cela est possible. Propri\u00e9taire d'une Maserati GranTurismo, Alfa Romeo MiTo, Lancia Fulvia et Ducati 695. Ex-propri\u00e9taire d'une Alfa Romeo Giulia.\",\"sameAs\":[\"https:\/\/www.italpassion.fr\/\"],\"url\":\"https:\/\/www.italpassion.fr\/tr\/author\/alexandre\/\"}]}<\/script>\n<!-- \/ Yoast SEO plugin. -->","yoast_head_json":{"title":"Bu tuhaf Ferrari'nin kap\u0131lar\u0131 ya da tavan\u0131 yok... ve bir ayakkab\u0131ya benzetiliyor - ItalPassion","description":"Ferrari'de her nadir model genellikle bir heyecan yarat\u0131r. Markan\u0131n tek seferlik \u00fcr\u00fcnleri her a\u00e7\u0131dan inceleniyor, yorumlan\u0131yor ve foto\u011fraflan\u0131yor. Ve","robots":{"index":"index","follow":"follow","max-snippet":"max-snippet:-1","max-image-preview":"max-image-preview:large","max-video-preview":"max-video-preview:-1"},"canonical":"https:\/\/www.italpassion.fr\/tr\/ferrari\/bu-tuhaf-ferrari\u0307ni\u0307n-kapilari-ya-da-tavani-yok-ve-bi\u0307r-ayakkabiya-benzeti\u0307li\u0307yor\/","og_locale":"tr_TR","og_type":"article","og_title":"Cette \u00e9trange Ferrari n'a ni portes ni toit\u2026 et est compar\u00e9e \u00e0 une chaussure - ItalPassion","og_description":"Chez Ferrari, chaque mod\u00e8le rare fait g\u00e9n\u00e9ralement grand bruit. Les one-off de la marque sont scrut\u00e9s, comment\u00e9s, photographi\u00e9s sous tous les angles. Et","og_url":"https:\/\/www.italpassion.fr\/tr\/ferrari\/bu-tuhaf-ferrari\u0307ni\u0307n-kapilari-ya-da-tavani-yok-ve-bi\u0307r-ayakkabiya-benzeti\u0307li\u0307yor\/","og_site_name":"ItalPassion","article_publisher":"https:\/\/www.facebook.com\/italpassion","article_published_time":"2026-04-29T13:03:07+00:00","og_image":[{"width":1200,"height":800,"url":"https:\/\/www.italpassion.fr\/wp-content\/uploads\/2026\/04\/ferrari-conciso.jpg","type":"image\/jpeg"}],"author":"Alexandre Filluzeau","twitter_card":"summary_large_image","twitter_creator":"@italpassion","twitter_site":"@italpassion","schema":{"@context":"https:\/\/schema.org","@graph":[{"@type":"NewsArticle","@id":"https:\/\/www.italpassion.fr\/tr\/ferrari\/cette-etrange-ferrari-na-ni-portes-ni-toit-et-est-comparee-a-une-chaussure\/#article","isPartOf":{"@id":"https:\/\/www.italpassion.fr\/tr\/ferrari\/cette-etrange-ferrari-na-ni-portes-ni-toit-et-est-comparee-a-une-chaussure\/"},"author":{"name":"Alexandre Filluzeau","@id":"https:\/\/www.italpassion.fr\/tr\/#\/schema\/person\/36f747b2a759ca202d847e85a9434ca0"},"headline":"Cette \u00e9trange Ferrari n&rsquo;a ni portes ni toit\u2026 et est compar\u00e9e \u00e0 une chaussure","datePublished":"2026-04-29T13:03:07+00:00","mainEntityOfPage":{"@id":"https:\/\/www.italpassion.fr\/tr\/ferrari\/cette-etrange-ferrari-na-ni-portes-ni-toit-et-est-comparee-a-une-chaussure\/"},"wordCount":597,"commentCount":0,"publisher":{"@id":"https:\/\/www.italpassion.fr\/tr\/#organization"},"image":{"@id":"https:\/\/www.italpassion.fr\/tr\/ferrari\/cette-etrange-ferrari-na-ni-portes-ni-toit-et-est-comparee-a-une-chaussure\/#primaryimage"},"thumbnailUrl":"https:\/\/www.italpassion.fr\/wp-content\/uploads\/2026\/04\/ferrari-conciso.jpg","keywords":["Ferrari Conciso"],"articleSection":["Ferrari"],"inLanguage":"tr","potentialAction":[{"@type":"CommentAction","name":"Comment","target":["https:\/\/www.italpassion.fr\/tr\/ferrari\/cette-etrange-ferrari-na-ni-portes-ni-toit-et-est-comparee-a-une-chaussure\/#respond"]}]},{"@type":"WebPage","@id":"https:\/\/www.italpassion.fr\/tr\/ferrari\/cette-etrange-ferrari-na-ni-portes-ni-toit-et-est-comparee-a-une-chaussure\/","url":"https:\/\/www.italpassion.fr\/tr\/ferrari\/cette-etrange-ferrari-na-ni-portes-ni-toit-et-est-comparee-a-une-chaussure\/","name":"Bu tuhaf Ferrari'nin kap\u0131lar\u0131 ya da tavan\u0131 yok... ve bir ayakkab\u0131ya benzetiliyor - ItalPassion","isPartOf":{"@id":"https:\/\/www.italpassion.fr\/tr\/#website"},"primaryImageOfPage":{"@id":"https:\/\/www.italpassion.fr\/tr\/ferrari\/cette-etrange-ferrari-na-ni-portes-ni-toit-et-est-comparee-a-une-chaussure\/#primaryimage"},"image":{"@id":"https:\/\/www.italpassion.fr\/tr\/ferrari\/cette-etrange-ferrari-na-ni-portes-ni-toit-et-est-comparee-a-une-chaussure\/#primaryimage"},"thumbnailUrl":"https:\/\/www.italpassion.fr\/wp-content\/uploads\/2026\/04\/ferrari-conciso.jpg","datePublished":"2026-04-29T13:03:07+00:00","description":"Ferrari'de her nadir model genellikle bir heyecan yarat\u0131r. Markan\u0131n tek seferlik \u00fcr\u00fcnleri her a\u00e7\u0131dan inceleniyor, yorumlan\u0131yor ve foto\u011fraflan\u0131yor. Ve","breadcrumb":{"@id":"https:\/\/www.italpassion.fr\/tr\/ferrari\/cette-etrange-ferrari-na-ni-portes-ni-toit-et-est-comparee-a-une-chaussure\/#breadcrumb"},"inLanguage":"tr","potentialAction":[{"@type":"ReadAction","target":["https:\/\/www.italpassion.fr\/tr\/ferrari\/cette-etrange-ferrari-na-ni-portes-ni-toit-et-est-comparee-a-une-chaussure\/"]}]},{"@type":"ImageObject","inLanguage":"tr","@id":"https:\/\/www.italpassion.fr\/tr\/ferrari\/cette-etrange-ferrari-na-ni-portes-ni-toit-et-est-comparee-a-une-chaussure\/#primaryimage","url":"https:\/\/www.italpassion.fr\/wp-content\/uploads\/2026\/04\/ferrari-conciso.jpg","contentUrl":"https:\/\/www.italpassion.fr\/wp-content\/uploads\/2026\/04\/ferrari-conciso.jpg","width":1200,"height":800},{"@type":"BreadcrumbList","@id":"https:\/\/www.italpassion.fr\/tr\/ferrari\/cette-etrange-ferrari-na-ni-portes-ni-toit-et-est-comparee-a-une-chaussure\/#breadcrumb","itemListElement":[{"@type":"ListItem","position":1,"name":"Accueil","item":"https:\/\/www.italpassion.fr\/tr\/"},{"@type":"ListItem","position":2,"name":"Cette \u00e9trange Ferrari n&rsquo;a ni portes ni toit\u2026 et est compar\u00e9e \u00e0 une chaussure"}]},{"@type":"WebSite","@id":"https:\/\/www.italpassion.fr\/tr\/#website","url":"https:\/\/www.italpassion.fr\/tr\/","name":"ItalPassion","description":"\u0130talyan Araba Merakl\u0131lar\u0131","publisher":{"@id":"https:\/\/www.italpassion.fr\/tr\/#organization"},"potentialAction":[{"@type":"SearchAction","target":{"@type":"EntryPoint","urlTemplate":"https:\/\/www.italpassion.fr\/tr\/?s={search_term_string}"},"query-input":{"@type":"PropertyValueSpecification","valueRequired":true,"valueName":"search_term_string"}}],"inLanguage":"tr"},{"@type":"Organization","@id":"https:\/\/www.italpassion.fr\/tr\/#organization","name":"Italpassion","url":"https:\/\/www.italpassion.fr\/tr\/","logo":{"@type":"ImageObject","inLanguage":"tr","@id":"https:\/\/www.italpassion.fr\/tr\/#\/schema\/logo\/image\/","url":"https:\/\/www.italpassion.fr\/wp-content\/uploads\/2023\/07\/italpassion-yoast.jpg","contentUrl":"https:\/\/www.italpassion.fr\/wp-content\/uploads\/2023\/07\/italpassion-yoast.jpg","width":696,"height":696,"caption":"Italpassion"},"image":{"@id":"https:\/\/www.italpassion.fr\/tr\/#\/schema\/logo\/image\/"},"sameAs":["https:\/\/www.facebook.com\/italpassion","https:\/\/x.com\/italpassion","https:\/\/www.instagram.com\/italpassionfr\/","https:\/\/www.youtube.com\/channel\/UCleq-ByQaA42OjhopwevRjQ","https:\/\/www.facebook.com\/italpassion.en\/","https:\/\/www.facebook.com\/italpassion.it\/","https:\/\/www.facebook.com\/italpassion.de\/","https:\/\/www.facebook.com\/italpassion.ja\/"]},{"@type":"Person","@id":"https:\/\/www.italpassion.fr\/tr\/#\/schema\/person\/36f747b2a759ca202d847e85a9434ca0","name":"Alexandre Filluzeau","image":{"@type":"ImageObject","inLanguage":"tr","@id":"https:\/\/www.italpassion.fr\/tr\/#\/schema\/person\/image\/","url":"https:\/\/www.italpassion.fr\/wp-content\/uploads\/2025\/04\/avatar-alexandre-160x160.jpg","contentUrl":"https:\/\/www.italpassion.fr\/wp-content\/uploads\/2025\/04\/avatar-alexandre-160x160.jpg","caption":"Alexandre Filluzeau"},"description":"ItalPassion web sitesinin kurucusu, \u0130talyan otomobilleri ve genel olarak \u0130talya hakk\u0131nda tutkulu. M\u00fcmk\u00fcn oldu\u011funca \u0130talyan markalar\u0131n\u0131n haberlerine ele\u015ftirel ve teknik bir g\u00f6z getiriyorum. Maserati GranTurismo, Alfa Romeo MiTo, Lancia Fulvia ve Ducati 695 sahibiyim. Alfa Romeo Giulia'n\u0131n eski sahibi.","sameAs":["https:\/\/www.italpassion.fr\/"],"url":"https:\/\/www.italpassion.fr\/tr\/author\/alexandre\/"}]}},"_links":{"self":[{"href":"https:\/\/www.italpassion.fr\/tr\/wp-json\/wp\/v2\/posts\/49032","targetHints":{"allow":["GET"]}}],"collection":[{"href":"https:\/\/www.italpassion.fr\/tr\/wp-json\/wp\/v2\/posts"}],"about":[{"href":"https:\/\/www.italpassion.fr\/tr\/wp-json\/wp\/v2\/types\/post"}],"author":[{"embeddable":true,"href":"https:\/\/www.italpassion.fr\/tr\/wp-json\/wp\/v2\/users\/1"}],"replies":[{"embeddable":true,"href":"https:\/\/www.italpassion.fr\/tr\/wp-json\/wp\/v2\/comments?post=49032"}],"version-history":[{"count":3,"href":"https:\/\/www.italpassion.fr\/tr\/wp-json\/wp\/v2\/posts\/49032\/revisions"}],"predecessor-version":[{"id":49385,"href":"https:\/\/www.italpassion.fr\/tr\/wp-json\/wp\/v2\/posts\/49032\/revisions\/49385"}],"wp:featuredmedia":[{"embeddable":true,"href":"https:\/\/www.italpassion.fr\/tr\/wp-json\/wp\/v2\/media\/49372"}],"wp:attachment":[{"href":"https:\/\/www.italpassion.fr\/tr\/wp-json\/wp\/v2\/media?parent=49032"}],"wp:term":[{"taxonomy":"category","embeddable":true,"href":"https:\/\/www.italpassion.fr\/tr\/wp-json\/wp\/v2\/categories?post=49032"},{"taxonomy":"post_tag","embeddable":true,"href":"https:\/\/www.italpassion.fr\/tr\/wp-json\/wp\/v2\/tags?post=49032"}],"curies":[{"name":"wp","href":"https:\/\/api.w.org\/{rel}","templated":true}]}}