{"id":47458,"date":"2026-03-13T10:36:02","date_gmt":"2026-03-13T09:36:02","guid":{"rendered":"https:\/\/www.italpassion.fr\/?p=47458"},"modified":"2026-03-13T10:36:02","modified_gmt":"2026-03-13T09:36:02","slug":"ferrari-lamalfi-spideri-tanitti-ve-roma-spiderin-sahi%cc%87pleri%cc%87ni%cc%87n-si%cc%87kayetci%cc%87-oldugu-ana-hatayi-ni%cc%87hayet-duzeltti%cc%87","status":"publish","type":"post","link":"https:\/\/www.italpassion.fr\/tr\/ferrari\/ferrari-devoile-lamalfi-spider-et-corrige-enfin-le-principal-defaut-que-les-proprietaires-reprochaient-a-la-roma-spider\/","title":{"rendered":"Ferrari Amalfi Spider'\u0131 tan\u0131tt\u0131... ve nihayet sahiplerinin Roma Spider'da ya\u015fad\u0131\u011f\u0131 ana hatay\u0131 d\u00fczeltti"},"content":{"rendered":"<figure class=\"wp-block-image size-large\"><img loading=\"lazy\" decoding=\"async\" width=\"1200\" height=\"800\" src=\"https:\/\/www.italpassion.fr\/wp-content\/uploads\/2026\/03\/ferrari-amalfi-spider-0-1200x800.jpg\" alt=\"\" class=\"wp-image-47459\" srcset=\"https:\/\/www.italpassion.fr\/wp-content\/uploads\/2026\/03\/ferrari-amalfi-spider-0-scaled.jpg 1200w, https:\/\/www.italpassion.fr\/wp-content\/uploads\/2026\/03\/ferrari-amalfi-spider-0-420x280.jpg 420w, https:\/\/www.italpassion.fr\/wp-content\/uploads\/2026\/03\/ferrari-amalfi-spider-0-768x512.jpg 768w, https:\/\/www.italpassion.fr\/wp-content\/uploads\/2026\/03\/ferrari-amalfi-spider-0-18x12.jpg 18w\" sizes=\"auto, (max-width: 1200px) 100vw, 1200px\" \/><\/figure>\n\n\n\n<p>Maranello'da baz\u0131 yeni \u00fcr\u00fcnler s\u00fcrpriz de\u011fildir... ama her zaman bir olayd\u0131r. Arac\u0131n tan\u0131t\u0131m\u0131ndan bir y\u0131ldan k\u0131sa bir s\u00fcre sonra <a href=\"https:\/\/www.italpassion.fr\/tr\/arabalar\/ferrari-amalfi-amalfi-orumcek\/\">Ferrari Amalfi<\/a>, \u0130talyan marka \u015fimdi de Spider versiyonunu tan\u0131t\u0131yor. Mant\u0131kl\u0131 bir evrim, \u00e7\u00fcnk\u00fc \u00f6nceki <a href=\"https:\/\/www.italpassion.fr\/tr\/arabalar\/ferrari-roma-roma-orumcek\/\">Ferrari Roma<\/a> coup\u00e9 ve cabriolet olarak zaten mevcuttu.<\/p>\n\n\n\n<p>Ancak bu Amalfi Spider sadece tavan\u0131 kald\u0131rmakla kalm\u0131yor. Ayn\u0131 zamanda Roma Spider'\u0131n \u00e7ok ele\u015ftirilen bir tasar\u0131m detay\u0131n\u0131 d\u00fczeltirken, i\u00e7 mekan d\u00fczenini iyile\u015ftiriyor ve \u00e7ift turbolu V8'in etkileyici performans\u0131n\u0131 koruyor.<\/p>\n\n\n\n<h2 class=\"wp-block-heading\">Roma Spider'\u0131n zay\u0131f noktas\u0131n\u0131 nihayet d\u00fczelten bir tasar\u0131m<\/h2>\n\n\n\n<p>Roma Spider tan\u0131t\u0131ld\u0131\u011f\u0131nda, ayr\u0131k tasar\u0131m\u0131 \u00e7ok tart\u0131\u015f\u0131ld\u0131. Genel hatlar zarif olsa da, \u00f6n u\u00e7 ve \u00f6zellikle tampona entegre edilmi\u015f \u0131zgara kar\u0131\u015f\u0131k tepkilere neden oldu. Amalfi Spider ile, <a href=\"https:\/\/www.italpassion.fr\/tr\/ferrari\/\">Ferrari<\/a> bu ele\u015ftirileri duymu\u015f gibi g\u00f6r\u00fcn\u00fcyor.<\/p>\n\n\n\n<figure class=\"wp-block-image size-large\"><img loading=\"lazy\" decoding=\"async\" width=\"1200\" height=\"800\" src=\"https:\/\/www.italpassion.fr\/wp-content\/uploads\/2026\/03\/ferrari-amalfi-spider-10-1200x800.jpg\" alt=\"\" class=\"wp-image-47462\" srcset=\"https:\/\/www.italpassion.fr\/wp-content\/uploads\/2026\/03\/ferrari-amalfi-spider-10-scaled.jpg 1200w, https:\/\/www.italpassion.fr\/wp-content\/uploads\/2026\/03\/ferrari-amalfi-spider-10-420x280.jpg 420w, https:\/\/www.italpassion.fr\/wp-content\/uploads\/2026\/03\/ferrari-amalfi-spider-10-768x512.jpg 768w, https:\/\/www.italpassion.fr\/wp-content\/uploads\/2026\/03\/ferrari-amalfi-spider-10-18x12.jpg 18w\" sizes=\"auto, (max-width: 1200px) 100vw, 1200px\" \/><figcaption class=\"wp-element-caption\">Ferrari Amalfi \u00d6r\u00fcmcek<\/figcaption><\/figure>\n\n\n\n<figure class=\"wp-block-image size-full\"><img loading=\"lazy\" decoding=\"async\" width=\"1200\" height=\"800\" src=\"https:\/\/www.italpassion.fr\/wp-content\/uploads\/2026\/01\/roma-spider.jpg\" alt=\"\" class=\"wp-image-45393\" srcset=\"https:\/\/www.italpassion.fr\/wp-content\/uploads\/2026\/01\/roma-spider.jpg 1200w, https:\/\/www.italpassion.fr\/wp-content\/uploads\/2026\/01\/roma-spider-420x280.jpg 420w, https:\/\/www.italpassion.fr\/wp-content\/uploads\/2026\/01\/roma-spider-768x512.jpg 768w, https:\/\/www.italpassion.fr\/wp-content\/uploads\/2026\/01\/roma-spider-18x12.jpg 18w\" sizes=\"auto, (max-width: 1200px) 100vw, 1200px\" \/><figcaption class=\"wp-element-caption\">Ferrari Roma \u00d6r\u00fcmcek<\/figcaption><\/figure>\n\n\n\n<p>Yeni \u00f6n k\u0131s\u0131m, ince siyah bir bant ve g\u00f6rsel imzay\u0131 basitle\u015ftiren yeniden tasarlanm\u0131\u015f bir tampon ile daha temiz, daha geleneksel bir tasar\u0131ma sahiptir. Sonu\u00e7, \u00f6n tasar\u0131m\u0131 oybirli\u011fiyle onaylanmayan Roma Spider'a g\u00f6re daha zamans\u0131z ve daha az b\u00f6l\u00fcc\u00fc.<\/p>\n\n\n\n<figure class=\"wp-block-image size-large\"><img loading=\"lazy\" decoding=\"async\" width=\"1200\" height=\"800\" src=\"https:\/\/www.italpassion.fr\/wp-content\/uploads\/2026\/03\/ferrari-amalfi-spider-8-1200x800.jpg\" alt=\"\" class=\"wp-image-47463\" srcset=\"https:\/\/www.italpassion.fr\/wp-content\/uploads\/2026\/03\/ferrari-amalfi-spider-8-scaled.jpg 1200w, https:\/\/www.italpassion.fr\/wp-content\/uploads\/2026\/03\/ferrari-amalfi-spider-8-420x280.jpg 420w, https:\/\/www.italpassion.fr\/wp-content\/uploads\/2026\/03\/ferrari-amalfi-spider-8-768x512.jpg 768w, https:\/\/www.italpassion.fr\/wp-content\/uploads\/2026\/03\/ferrari-amalfi-spider-8-18x12.jpg 18w\" sizes=\"auto, (max-width: 1200px) 100vw, 1200px\" \/><\/figure>\n\n\n\n<p>Karoserin geri kalan\u0131 a\u00e7\u0131k\u00e7a birbiriyle ili\u015fkilidir. Tekerleklerin konumu, \u00f6n cam, kap\u0131lar ve hatta koltuk ba\u015fl\u0131klar\u0131n\u0131n arkas\u0131ndaki alan gibi genel oranlar b\u00fcy\u00fck \u00f6l\u00e7\u00fcde Roma Spider'\u0131n mimarisine dayan\u0131yor. Ancak Ferrari baz\u0131 unsurlar\u0131 elden ge\u00e7irmi\u015f: yanlarda art\u0131k kap\u0131lar\u0131n etraf\u0131nda dalgal\u0131 bir \u00e7izgi var ve arka k\u0131s\u0131m modern Ferrari \u00fcst\u00fc a\u00e7\u0131k otomobillerin y\u00fcksek siluet \u00f6zelli\u011fini koruyor.<\/p>\n\n\n\n<h2 class=\"wp-block-heading\">A\u00e7\u0131k havada s\u00fcr\u00fc\u015f keyfi i\u00e7in tasarlanm\u0131\u015f bir Spider<\/h2>\n\n\n\n<p>T\u00fcm \u00fcst\u00fc a\u00e7\u0131k Ferrari'lerde oldu\u011fu gibi, tavan elbette en \u00f6nemli unsurdur. Amalfi Spider, 13,5 saniyede a\u00e7\u0131l\u0131p kapanabilen ve \u00e7e\u015fitli renklerde sunulan kuma\u015f yumu\u015fak bir tavana sahiptir. Dahas\u0131, bu i\u015flem 60 km\/s'ye kadar h\u0131zlarda ger\u00e7ekle\u015ftirilebiliyor ve g\u00fcne\u015fin tad\u0131n\u0131 \u00e7\u0131karman\u0131za veya k\u00f6t\u00fc hava ko\u015fullar\u0131nda kendinizi h\u0131zl\u0131 bir \u015fekilde koruman\u0131za olanak tan\u0131yor. Esnek tavana ra\u011fmen Ferrari, geri \u00e7ekilebilir hardtop modelleriyle kar\u015f\u0131la\u015ft\u0131r\u0131labilir bir termal ve akustik yal\u0131t\u0131m seviyesine sahip oldu\u011funu iddia ediyor.<\/p>\n\n\n\n<figure class=\"wp-block-image size-large\"><img loading=\"lazy\" decoding=\"async\" width=\"1200\" height=\"800\" src=\"https:\/\/www.italpassion.fr\/wp-content\/uploads\/2026\/03\/ferrari-amalfi-spider-7-1200x800.jpg\" alt=\"\" class=\"wp-image-47464\" srcset=\"https:\/\/www.italpassion.fr\/wp-content\/uploads\/2026\/03\/ferrari-amalfi-spider-7-scaled.jpg 1200w, https:\/\/www.italpassion.fr\/wp-content\/uploads\/2026\/03\/ferrari-amalfi-spider-7-420x280.jpg 420w, https:\/\/www.italpassion.fr\/wp-content\/uploads\/2026\/03\/ferrari-amalfi-spider-7-768x512.jpg 768w, https:\/\/www.italpassion.fr\/wp-content\/uploads\/2026\/03\/ferrari-amalfi-spider-7-18x12.jpg 18w\" sizes=\"auto, (max-width: 1200px) 100vw, 1200px\" \/><\/figure>\n\n\n\n<figure class=\"wp-block-image size-large\"><img loading=\"lazy\" decoding=\"async\" width=\"1200\" height=\"800\" src=\"https:\/\/www.italpassion.fr\/wp-content\/uploads\/2026\/03\/ferrari-amalfi-spider-4-1200x800.jpg\" alt=\"\" class=\"wp-image-47465\" srcset=\"https:\/\/www.italpassion.fr\/wp-content\/uploads\/2026\/03\/ferrari-amalfi-spider-4-scaled.jpg 1200w, https:\/\/www.italpassion.fr\/wp-content\/uploads\/2026\/03\/ferrari-amalfi-spider-4-420x280.jpg 420w, https:\/\/www.italpassion.fr\/wp-content\/uploads\/2026\/03\/ferrari-amalfi-spider-4-768x512.jpg 768w, https:\/\/www.italpassion.fr\/wp-content\/uploads\/2026\/03\/ferrari-amalfi-spider-4-18x12.jpg 18w\" sizes=\"auto, (max-width: 1200px) 100vw, 1200px\" \/><\/figure>\n\n\n\n<p>Mimari \u00ab2+\u00bb konfig\u00fcrasyon olarak kalmaya devam ediyor. \u0130ki k\u00fc\u00e7\u00fck arka koltuk, yeti\u015fkin yolcular\u0131 ta\u015f\u0131maktan ziyade kolayl\u0131k sa\u011flamak veya bagaj ta\u015f\u0131mak i\u00e7in hala orada. Bu, Roma Spider'dan zaten a\u015fina oldu\u011fumuz bir uzla\u015fmad\u0131r, ancak ek depolama alan\u0131n\u0131n korunmas\u0131na izin veren bir uzla\u015fmad\u0131r. Bagaj, tavan kapal\u0131yken 255 litre, yumu\u015fak tavan katland\u0131\u011f\u0131nda ise 172 litre hacim sunuyor.<\/p>\n\n\n\n<figure class=\"wp-block-image size-large\"><img loading=\"lazy\" decoding=\"async\" width=\"1200\" height=\"800\" src=\"https:\/\/www.italpassion.fr\/wp-content\/uploads\/2026\/03\/ferrari-amalfi-spider-5-1200x800.jpg\" alt=\"\" class=\"wp-image-47466\" srcset=\"https:\/\/www.italpassion.fr\/wp-content\/uploads\/2026\/03\/ferrari-amalfi-spider-5-scaled.jpg 1200w, https:\/\/www.italpassion.fr\/wp-content\/uploads\/2026\/03\/ferrari-amalfi-spider-5-420x280.jpg 420w, https:\/\/www.italpassion.fr\/wp-content\/uploads\/2026\/03\/ferrari-amalfi-spider-5-768x512.jpg 768w, https:\/\/www.italpassion.fr\/wp-content\/uploads\/2026\/03\/ferrari-amalfi-spider-5-18x12.jpg 18w\" sizes=\"auto, (max-width: 1200px) 100vw, 1200px\" \/><\/figure>\n\n\n\n<h2 class=\"wp-block-heading\">\u00c7ift turbolu V8 her zaman orada<\/h2>\n\n\n\n<p>Kaputun alt\u0131nda, Ferrari denenmi\u015f ve test edilmi\u015f bir tarife sad\u0131k kal\u0131yor. Amalfi Spider, F154 ailesinden \u00e7ift turbo\u015farjl\u0131 3.9 litrelik V8 ile g\u00fc\u00e7lendirilmi\u015ftir. Bu motor 640bhp g\u00fc\u00e7 ve 760Nm tork \u00fcretiyor ve Roma Spider'a g\u00f6re hafif bir art\u0131\u015f g\u00f6steriyor.<\/p>\n\n\n\n<figure class=\"wp-block-image size-large\"><img loading=\"lazy\" decoding=\"async\" width=\"1200\" height=\"800\" src=\"https:\/\/www.italpassion.fr\/wp-content\/uploads\/2026\/03\/ferrari-amalfi-spider-1-1200x800.jpg\" alt=\"\" class=\"wp-image-47461\" srcset=\"https:\/\/www.italpassion.fr\/wp-content\/uploads\/2026\/03\/ferrari-amalfi-spider-1-scaled.jpg 1200w, https:\/\/www.italpassion.fr\/wp-content\/uploads\/2026\/03\/ferrari-amalfi-spider-1-420x280.jpg 420w, https:\/\/www.italpassion.fr\/wp-content\/uploads\/2026\/03\/ferrari-amalfi-spider-1-768x512.jpg 768w, https:\/\/www.italpassion.fr\/wp-content\/uploads\/2026\/03\/ferrari-amalfi-spider-1-18x12.jpg 18w\" sizes=\"auto, (max-width: 1200px) 100vw, 1200px\" \/><\/figure>\n\n\n\n<figure class=\"wp-block-image size-large\"><img loading=\"lazy\" decoding=\"async\" width=\"1200\" height=\"800\" src=\"https:\/\/www.italpassion.fr\/wp-content\/uploads\/2026\/03\/ferrari-amalfi-spider-3-1200x800.jpg\" alt=\"\" class=\"wp-image-47460\" srcset=\"https:\/\/www.italpassion.fr\/wp-content\/uploads\/2026\/03\/ferrari-amalfi-spider-3-scaled.jpg 1200w, https:\/\/www.italpassion.fr\/wp-content\/uploads\/2026\/03\/ferrari-amalfi-spider-3-420x280.jpg 420w, https:\/\/www.italpassion.fr\/wp-content\/uploads\/2026\/03\/ferrari-amalfi-spider-3-768x512.jpg 768w, https:\/\/www.italpassion.fr\/wp-content\/uploads\/2026\/03\/ferrari-amalfi-spider-3-18x12.jpg 18w\" sizes=\"auto, (max-width: 1200px) 100vw, 1200px\" \/><\/figure>\n\n\n\n<p>SF90 Stradale'den t\u00fcretilen sekiz vitesli \u00e7ift kavramal\u0131 otomatik \u015fanz\u0131manla birle\u015ftirilen bu motor, ger\u00e7ek bir s\u00fcper otomobile yak\u0131\u015f\u0131r bir performans sunar: 0\u201cdan 100 km\/s h\u0131za yakla\u015f\u0131k 3,3 saniyede ula\u015f\u0131rken, azami h\u0131z 320 km\/s'ye ula\u015f\u0131r. Ferrari serisinde bile Amalfi Spider \u201dsessiz' bir otomobil olmaktan \u00e7ok uzakt\u0131r.<\/p>\n\n\n\n<h2 class=\"wp-block-heading\">Tamamen modernize edilmi\u015f bir i\u00e7 mekan<\/h2>\n\n\n\n<p>De\u011fi\u015fikliklerin en belirgin oldu\u011fu yer ara\u00e7 i\u00e7i. Amalfi Spider, coup\u00e9 versiyonunun tamamen yeniden tasarlanm\u0131\u015f i\u00e7 mekan\u0131na sahiptir. Kokpit \u00fc\u00e7 ekranl\u0131 minimalist bir mimariye sahip: s\u00fcr\u00fcc\u00fc i\u00e7in 15,6 in\u00e7 dijital g\u00f6sterge paneli, multimedya sistemi i\u00e7in 10,25 in\u00e7 merkezi ekran ve 8,8 in\u00e7 yolcu ekran\u0131.<\/p>\n\n\n\n<figure class=\"wp-block-image size-large\"><img loading=\"lazy\" decoding=\"async\" width=\"1200\" height=\"800\" src=\"https:\/\/www.italpassion.fr\/wp-content\/uploads\/2026\/03\/ferrari-amalfi-spider-6-1200x800.jpg\" alt=\"\" class=\"wp-image-47467\" srcset=\"https:\/\/www.italpassion.fr\/wp-content\/uploads\/2026\/03\/ferrari-amalfi-spider-6-scaled.jpg 1200w, https:\/\/www.italpassion.fr\/wp-content\/uploads\/2026\/03\/ferrari-amalfi-spider-6-420x280.jpg 420w, https:\/\/www.italpassion.fr\/wp-content\/uploads\/2026\/03\/ferrari-amalfi-spider-6-768x512.jpg 768w, https:\/\/www.italpassion.fr\/wp-content\/uploads\/2026\/03\/ferrari-amalfi-spider-6-18x12.jpg 18w\" sizes=\"auto, (max-width: 1200px) 100vw, 1200px\" \/><\/figure>\n\n\n\n<p>Ferrari ayr\u0131ca direksiyon simidindeki fiziksel d\u00fc\u011fmelere ve al\u00fcminyum mar\u015f d\u00fc\u011fmesine de ho\u015f bir d\u00f6n\u00fc\u015f yap\u0131yor. Bu, Ferrari'nin \u00f6nceki dokunmatik ekranl\u0131 modellerinin ergonomisine y\u00f6nelik ele\u015ftirilere dolayl\u0131 bir yan\u0131tt\u0131r. Genel d\u00fczen, marka i\u00e7in \u00e7ok de\u011ferli olan \u00ab\u00e7ift kokpit\u00bb felsefesini koruyor ve s\u00fcr\u00fcc\u00fcn\u00fcn alan\u0131n\u0131 yolcununkinden g\u00f6rsel olarak ay\u0131r\u0131yor.<\/p>\n\n\n\n<h2 class=\"wp-block-heading\">B\u00fcy\u00fck turlar i\u00e7in tasarlanm\u0131\u015f bir Ferrari... dolce vita versiyonu<\/h2>\n\n\n\n<p>Ferrari Amalfi Spider olduk\u00e7a benzersiz bir kategoriye aittir: merkezi bir \u00f6n konuma yerle\u015ftirilmi\u015f bir V8 motora sahip \u00fcst\u00fc a\u00e7\u0131labilir spor GT'ler. Bu segment Porsche 911 Turbo S Cabriolet, Aston Martin V8 Vantage Roadster ve Bentley Continental GTC gibi modelleri i\u00e7erir. Ancak Ferrari'nin buradaki yakla\u015f\u0131m\u0131 daha egzotik ve duygusal.<\/p>\n\n\n\n<p>Fiyatland\u0131rma hen\u00fcz resmi olarak onaylanmad\u0131, ancak tahminler 270.000 \u20ac ile 300.000 \u20ac aras\u0131nda bir aral\u0131\u011fa i\u015faret ediyor, bu da coup\u00e9 versiyonundan yakla\u015f\u0131k 30.000 \u20ac daha fazla.<\/p>\n\n\n\n<p>Amalfi Spider ile Ferrari, Roma'n\u0131n tarifinde devrim yapm\u0131yor... ama \u00f6nemli olan yerlerde onu geli\u015ftiriyor. \u00d6n tasar\u0131m daha az tart\u0131\u015fmal\u0131, i\u00e7 mekan modernize edildi ve \u00e7ift turbolu V8 hala her s\u00fcr\u00fc\u015f\u00fc bir deneyime d\u00f6n\u00fc\u015ft\u00fcr\u00fcyor.<\/p>\n\n\n\n<figure class=\"wp-block-embed is-type-video is-provider-youtube wp-block-embed-youtube wp-embed-aspect-16-9 wp-has-aspect-ratio\"><div class=\"wp-block-embed__wrapper\">\n<iframe loading=\"lazy\" title=\"Ferrari Amalfi Spider ile tan\u0131\u015f\u0131n\" width=\"1200\" height=\"675\" src=\"https:\/\/www.youtube-nocookie.com\/embed\/TY_icXkd0oI?feature=oembed\" frameborder=\"0\" allow=\"accelerometer; autoplay; clipboard-write; encrypted-media; gyroscope; picture-in-picture; web-share\" referrerpolicy=\"strict-origin-when-cross-origin\" allowfullscreen><\/iframe>\n<\/div><\/figure>","protected":false},"excerpt":{"rendered":"","protected":false},"author":1,"featured_media":47459,"comment_status":"open","ping_status":"open","sticky":false,"template":"","format":"standard","meta":{"_acf_changed":false,"_sitemap_exclude":false,"_sitemap_priority":"","_sitemap_frequency":"","footnotes":""},"categories":[23],"tags":[455,479],"class_list":["post-47458","post","type-post","status-publish","format-standard","has-post-thumbnail","hentry","category-ferrari","tag-ferrari-amalfi","tag-ferrari-amalfi-spider","generate-columns","tablet-grid-50","mobile-grid-100","grid-parent","grid-33"],"acf":[],"yoast_head":"<!-- This site is optimized with the Yoast SEO plugin v25.8 - https:\/\/yoast.com\/wordpress\/plugins\/seo\/ -->\n<title>Ferrari d\u00e9voile l&#039;Amalfi Spider\u2026 et corrige enfin le principal d\u00e9faut que les propri\u00e9taires reprochaient \u00e0 la Roma Spider - ItalPassion<\/title>\n<meta name=\"description\" content=\"\u00c0 Maranello, certaines nouveaut\u00e9s n\u2019ont rien d\u2019une surprise\u2026 mais elles restent toujours un \u00e9v\u00e9nement. Moins d\u2019un an apr\u00e8s la pr\u00e9sentation de la Ferrari\" \/>\n<meta name=\"robots\" content=\"index, follow, max-snippet:-1, max-image-preview:large, max-video-preview:-1\" \/>\n<link rel=\"canonical\" href=\"https:\/\/www.italpassion.fr\/tr\/ferrari\/ferrari-lamalfi-spideri-tanitti-ve-roma-spiderin-sahi\u0307pleri\u0307ni\u0307n-si\u0307kayetci\u0307-oldugu-ana-hatayi-ni\u0307hayet-duzeltti\u0307\/\" \/>\n<meta property=\"og:locale\" content=\"tr_TR\" \/>\n<meta property=\"og:type\" content=\"article\" \/>\n<meta property=\"og:title\" content=\"Ferrari d\u00e9voile l&#039;Amalfi Spider\u2026 et corrige enfin le principal d\u00e9faut que les propri\u00e9taires reprochaient \u00e0 la Roma Spider - ItalPassion\" \/>\n<meta property=\"og:description\" content=\"\u00c0 Maranello, certaines nouveaut\u00e9s n\u2019ont rien d\u2019une surprise\u2026 mais elles restent toujours un \u00e9v\u00e9nement. Moins d\u2019un an apr\u00e8s la pr\u00e9sentation de la Ferrari\" \/>\n<meta property=\"og:url\" content=\"https:\/\/www.italpassion.fr\/tr\/ferrari\/ferrari-lamalfi-spideri-tanitti-ve-roma-spiderin-sahi\u0307pleri\u0307ni\u0307n-si\u0307kayetci\u0307-oldugu-ana-hatayi-ni\u0307hayet-duzeltti\u0307\/\" \/>\n<meta property=\"og:site_name\" content=\"ItalPassion\" \/>\n<meta property=\"article:publisher\" content=\"https:\/\/www.facebook.com\/italpassion\" \/>\n<meta property=\"article:published_time\" content=\"2026-03-13T09:36:02+00:00\" \/>\n<meta property=\"og:image\" content=\"https:\/\/www.italpassion.fr\/wp-content\/uploads\/2026\/03\/ferrari-amalfi-spider-0-scaled.jpg\" \/>\n\t<meta property=\"og:image:width\" content=\"1200\" \/>\n\t<meta property=\"og:image:height\" content=\"800\" \/>\n\t<meta property=\"og:image:type\" content=\"image\/jpeg\" \/>\n<meta name=\"author\" content=\"Alexandre Filluzeau\" \/>\n<meta name=\"twitter:card\" content=\"summary_large_image\" \/>\n<meta name=\"twitter:creator\" content=\"@italpassion\" \/>\n<meta name=\"twitter:site\" content=\"@italpassion\" \/>\n<script type=\"application\/ld+json\" class=\"yoast-schema-graph\">{\"@context\":\"https:\/\/schema.org\",\"@graph\":[{\"@type\":\"NewsArticle\",\"@id\":\"https:\/\/www.italpassion.fr\/tr\/ferrari\/ferrari-devoile-lamalfi-spider-et-corrige-enfin-le-principal-defaut-que-les-proprietaires-reprochaient-a-la-roma-spider\/#article\",\"isPartOf\":{\"@id\":\"https:\/\/www.italpassion.fr\/tr\/ferrari\/ferrari-devoile-lamalfi-spider-et-corrige-enfin-le-principal-defaut-que-les-proprietaires-reprochaient-a-la-roma-spider\/\"},\"author\":{\"name\":\"Alexandre Filluzeau\",\"@id\":\"https:\/\/www.italpassion.fr\/tr\/#\/schema\/person\/36f747b2a759ca202d847e85a9434ca0\"},\"headline\":\"Ferrari d\u00e9voile l&rsquo;Amalfi Spider\u2026 et corrige enfin le principal d\u00e9faut que les propri\u00e9taires reprochaient \u00e0 la Roma Spider\",\"datePublished\":\"2026-03-13T09:36:02+00:00\",\"mainEntityOfPage\":{\"@id\":\"https:\/\/www.italpassion.fr\/tr\/ferrari\/ferrari-devoile-lamalfi-spider-et-corrige-enfin-le-principal-defaut-que-les-proprietaires-reprochaient-a-la-roma-spider\/\"},\"wordCount\":882,\"commentCount\":2,\"publisher\":{\"@id\":\"https:\/\/www.italpassion.fr\/tr\/#organization\"},\"image\":{\"@id\":\"https:\/\/www.italpassion.fr\/tr\/ferrari\/ferrari-devoile-lamalfi-spider-et-corrige-enfin-le-principal-defaut-que-les-proprietaires-reprochaient-a-la-roma-spider\/#primaryimage\"},\"thumbnailUrl\":\"https:\/\/www.italpassion.fr\/wp-content\/uploads\/2026\/03\/ferrari-amalfi-spider-0-scaled.jpg\",\"keywords\":[\"Ferrari Amalfi\",\"Ferrari Amalfi Spider\"],\"articleSection\":[\"Ferrari\"],\"inLanguage\":\"tr\",\"potentialAction\":[{\"@type\":\"CommentAction\",\"name\":\"Comment\",\"target\":[\"https:\/\/www.italpassion.fr\/tr\/ferrari\/ferrari-devoile-lamalfi-spider-et-corrige-enfin-le-principal-defaut-que-les-proprietaires-reprochaient-a-la-roma-spider\/#respond\"]}]},{\"@type\":\"WebPage\",\"@id\":\"https:\/\/www.italpassion.fr\/tr\/ferrari\/ferrari-devoile-lamalfi-spider-et-corrige-enfin-le-principal-defaut-que-les-proprietaires-reprochaient-a-la-roma-spider\/\",\"url\":\"https:\/\/www.italpassion.fr\/tr\/ferrari\/ferrari-devoile-lamalfi-spider-et-corrige-enfin-le-principal-defaut-que-les-proprietaires-reprochaient-a-la-roma-spider\/\",\"name\":\"Ferrari d\u00e9voile l'Amalfi Spider\u2026 et corrige enfin le principal d\u00e9faut que les propri\u00e9taires reprochaient \u00e0 la Roma Spider - ItalPassion\",\"isPartOf\":{\"@id\":\"https:\/\/www.italpassion.fr\/tr\/#website\"},\"primaryImageOfPage\":{\"@id\":\"https:\/\/www.italpassion.fr\/tr\/ferrari\/ferrari-devoile-lamalfi-spider-et-corrige-enfin-le-principal-defaut-que-les-proprietaires-reprochaient-a-la-roma-spider\/#primaryimage\"},\"image\":{\"@id\":\"https:\/\/www.italpassion.fr\/tr\/ferrari\/ferrari-devoile-lamalfi-spider-et-corrige-enfin-le-principal-defaut-que-les-proprietaires-reprochaient-a-la-roma-spider\/#primaryimage\"},\"thumbnailUrl\":\"https:\/\/www.italpassion.fr\/wp-content\/uploads\/2026\/03\/ferrari-amalfi-spider-0-scaled.jpg\",\"datePublished\":\"2026-03-13T09:36:02+00:00\",\"description\":\"\u00c0 Maranello, certaines nouveaut\u00e9s n\u2019ont rien d\u2019une surprise\u2026 mais elles restent toujours un \u00e9v\u00e9nement. Moins d\u2019un an apr\u00e8s la pr\u00e9sentation de la Ferrari\",\"breadcrumb\":{\"@id\":\"https:\/\/www.italpassion.fr\/tr\/ferrari\/ferrari-devoile-lamalfi-spider-et-corrige-enfin-le-principal-defaut-que-les-proprietaires-reprochaient-a-la-roma-spider\/#breadcrumb\"},\"inLanguage\":\"tr\",\"potentialAction\":[{\"@type\":\"ReadAction\",\"target\":[\"https:\/\/www.italpassion.fr\/tr\/ferrari\/ferrari-devoile-lamalfi-spider-et-corrige-enfin-le-principal-defaut-que-les-proprietaires-reprochaient-a-la-roma-spider\/\"]}]},{\"@type\":\"ImageObject\",\"inLanguage\":\"tr\",\"@id\":\"https:\/\/www.italpassion.fr\/tr\/ferrari\/ferrari-devoile-lamalfi-spider-et-corrige-enfin-le-principal-defaut-que-les-proprietaires-reprochaient-a-la-roma-spider\/#primaryimage\",\"url\":\"https:\/\/www.italpassion.fr\/wp-content\/uploads\/2026\/03\/ferrari-amalfi-spider-0-scaled.jpg\",\"contentUrl\":\"https:\/\/www.italpassion.fr\/wp-content\/uploads\/2026\/03\/ferrari-amalfi-spider-0-scaled.jpg\",\"width\":1200,\"height\":800},{\"@type\":\"BreadcrumbList\",\"@id\":\"https:\/\/www.italpassion.fr\/tr\/ferrari\/ferrari-devoile-lamalfi-spider-et-corrige-enfin-le-principal-defaut-que-les-proprietaires-reprochaient-a-la-roma-spider\/#breadcrumb\",\"itemListElement\":[{\"@type\":\"ListItem\",\"position\":1,\"name\":\"Accueil\",\"item\":\"https:\/\/www.italpassion.fr\/tr\/\"},{\"@type\":\"ListItem\",\"position\":2,\"name\":\"Ferrari d\u00e9voile l&rsquo;Amalfi Spider\u2026 et corrige enfin le principal d\u00e9faut que les propri\u00e9taires reprochaient \u00e0 la Roma Spider\"}]},{\"@type\":\"WebSite\",\"@id\":\"https:\/\/www.italpassion.fr\/tr\/#website\",\"url\":\"https:\/\/www.italpassion.fr\/tr\/\",\"name\":\"ItalPassion\",\"description\":\"Les Passionn\u00e9s d&#039;Automobiles Italiennes\",\"publisher\":{\"@id\":\"https:\/\/www.italpassion.fr\/tr\/#organization\"},\"potentialAction\":[{\"@type\":\"SearchAction\",\"target\":{\"@type\":\"EntryPoint\",\"urlTemplate\":\"https:\/\/www.italpassion.fr\/tr\/?s={search_term_string}\"},\"query-input\":{\"@type\":\"PropertyValueSpecification\",\"valueRequired\":true,\"valueName\":\"search_term_string\"}}],\"inLanguage\":\"tr\"},{\"@type\":\"Organization\",\"@id\":\"https:\/\/www.italpassion.fr\/tr\/#organization\",\"name\":\"Italpassion\",\"url\":\"https:\/\/www.italpassion.fr\/tr\/\",\"logo\":{\"@type\":\"ImageObject\",\"inLanguage\":\"tr\",\"@id\":\"https:\/\/www.italpassion.fr\/tr\/#\/schema\/logo\/image\/\",\"url\":\"https:\/\/www.italpassion.fr\/wp-content\/uploads\/2023\/07\/italpassion-yoast.jpg\",\"contentUrl\":\"https:\/\/www.italpassion.fr\/wp-content\/uploads\/2023\/07\/italpassion-yoast.jpg\",\"width\":696,\"height\":696,\"caption\":\"Italpassion\"},\"image\":{\"@id\":\"https:\/\/www.italpassion.fr\/tr\/#\/schema\/logo\/image\/\"},\"sameAs\":[\"https:\/\/www.facebook.com\/italpassion\",\"https:\/\/x.com\/italpassion\",\"https:\/\/www.instagram.com\/italpassionfr\/\",\"https:\/\/www.youtube.com\/channel\/UCleq-ByQaA42OjhopwevRjQ\",\"https:\/\/www.facebook.com\/italpassion.en\/\",\"https:\/\/www.facebook.com\/italpassion.it\/\",\"https:\/\/www.facebook.com\/italpassion.de\/\",\"https:\/\/www.facebook.com\/italpassion.ja\/\"]},{\"@type\":\"Person\",\"@id\":\"https:\/\/www.italpassion.fr\/tr\/#\/schema\/person\/36f747b2a759ca202d847e85a9434ca0\",\"name\":\"Alexandre Filluzeau\",\"image\":{\"@type\":\"ImageObject\",\"inLanguage\":\"tr\",\"@id\":\"https:\/\/www.italpassion.fr\/tr\/#\/schema\/person\/image\/\",\"url\":\"https:\/\/www.italpassion.fr\/wp-content\/uploads\/2025\/04\/avatar-alexandre-160x160.jpg\",\"contentUrl\":\"https:\/\/www.italpassion.fr\/wp-content\/uploads\/2025\/04\/avatar-alexandre-160x160.jpg\",\"caption\":\"Alexandre Filluzeau\"},\"description\":\"Fondateur du site ItalPassion, passionn\u00e9 de voitures italiennes et de l'Italie en g\u00e9n\u00e9ral. J'apporte un regard critique et technique aux actualit\u00e9s des marques italiennes quand cela est possible. Propri\u00e9taire d'une Maserati GranTurismo, Alfa Romeo MiTo, Lancia Fulvia et Ducati 695. Ex-propri\u00e9taire d'une Alfa Romeo Giulia.\",\"sameAs\":[\"https:\/\/www.italpassion.fr\/\"],\"url\":\"https:\/\/www.italpassion.fr\/tr\/author\/alexandre\/\"}]}<\/script>\n<!-- \/ Yoast SEO plugin. -->","yoast_head_json":{"title":"Ferrari Amalfi Spider'\u0131 tan\u0131tt\u0131... ve sonunda Roma Spider'\u0131n ana hatas\u0131n\u0131 d\u00fczeltti - ItalPassion","description":"Maranello'da baz\u0131 yeni modeller s\u00fcrpriz de\u011fildir... ama her zaman bir olayd\u0131r. Ferrari'nin tan\u0131t\u0131m\u0131ndan bir y\u0131ldan k\u0131sa bir s\u00fcre sonra","robots":{"index":"index","follow":"follow","max-snippet":"max-snippet:-1","max-image-preview":"max-image-preview:large","max-video-preview":"max-video-preview:-1"},"canonical":"https:\/\/www.italpassion.fr\/tr\/ferrari\/ferrari-lamalfi-spideri-tanitti-ve-roma-spiderin-sahi\u0307pleri\u0307ni\u0307n-si\u0307kayetci\u0307-oldugu-ana-hatayi-ni\u0307hayet-duzeltti\u0307\/","og_locale":"tr_TR","og_type":"article","og_title":"Ferrari d\u00e9voile l'Amalfi Spider\u2026 et corrige enfin le principal d\u00e9faut que les propri\u00e9taires reprochaient \u00e0 la Roma Spider - ItalPassion","og_description":"\u00c0 Maranello, certaines nouveaut\u00e9s n\u2019ont rien d\u2019une surprise\u2026 mais elles restent toujours un \u00e9v\u00e9nement. Moins d\u2019un an apr\u00e8s la pr\u00e9sentation de la Ferrari","og_url":"https:\/\/www.italpassion.fr\/tr\/ferrari\/ferrari-lamalfi-spideri-tanitti-ve-roma-spiderin-sahi\u0307pleri\u0307ni\u0307n-si\u0307kayetci\u0307-oldugu-ana-hatayi-ni\u0307hayet-duzeltti\u0307\/","og_site_name":"ItalPassion","article_publisher":"https:\/\/www.facebook.com\/italpassion","article_published_time":"2026-03-13T09:36:02+00:00","og_image":[{"width":1200,"height":800,"url":"https:\/\/www.italpassion.fr\/wp-content\/uploads\/2026\/03\/ferrari-amalfi-spider-0-scaled.jpg","type":"image\/jpeg"}],"author":"Alexandre Filluzeau","twitter_card":"summary_large_image","twitter_creator":"@italpassion","twitter_site":"@italpassion","schema":{"@context":"https:\/\/schema.org","@graph":[{"@type":"NewsArticle","@id":"https:\/\/www.italpassion.fr\/tr\/ferrari\/ferrari-devoile-lamalfi-spider-et-corrige-enfin-le-principal-defaut-que-les-proprietaires-reprochaient-a-la-roma-spider\/#article","isPartOf":{"@id":"https:\/\/www.italpassion.fr\/tr\/ferrari\/ferrari-devoile-lamalfi-spider-et-corrige-enfin-le-principal-defaut-que-les-proprietaires-reprochaient-a-la-roma-spider\/"},"author":{"name":"Alexandre Filluzeau","@id":"https:\/\/www.italpassion.fr\/tr\/#\/schema\/person\/36f747b2a759ca202d847e85a9434ca0"},"headline":"Ferrari d\u00e9voile l&rsquo;Amalfi Spider\u2026 et corrige enfin le principal d\u00e9faut que les propri\u00e9taires reprochaient \u00e0 la Roma Spider","datePublished":"2026-03-13T09:36:02+00:00","mainEntityOfPage":{"@id":"https:\/\/www.italpassion.fr\/tr\/ferrari\/ferrari-devoile-lamalfi-spider-et-corrige-enfin-le-principal-defaut-que-les-proprietaires-reprochaient-a-la-roma-spider\/"},"wordCount":882,"commentCount":2,"publisher":{"@id":"https:\/\/www.italpassion.fr\/tr\/#organization"},"image":{"@id":"https:\/\/www.italpassion.fr\/tr\/ferrari\/ferrari-devoile-lamalfi-spider-et-corrige-enfin-le-principal-defaut-que-les-proprietaires-reprochaient-a-la-roma-spider\/#primaryimage"},"thumbnailUrl":"https:\/\/www.italpassion.fr\/wp-content\/uploads\/2026\/03\/ferrari-amalfi-spider-0-scaled.jpg","keywords":["Ferrari Amalfi","Ferrari Amalfi Spider"],"articleSection":["Ferrari"],"inLanguage":"tr","potentialAction":[{"@type":"CommentAction","name":"Comment","target":["https:\/\/www.italpassion.fr\/tr\/ferrari\/ferrari-devoile-lamalfi-spider-et-corrige-enfin-le-principal-defaut-que-les-proprietaires-reprochaient-a-la-roma-spider\/#respond"]}]},{"@type":"WebPage","@id":"https:\/\/www.italpassion.fr\/tr\/ferrari\/ferrari-devoile-lamalfi-spider-et-corrige-enfin-le-principal-defaut-que-les-proprietaires-reprochaient-a-la-roma-spider\/","url":"https:\/\/www.italpassion.fr\/tr\/ferrari\/ferrari-devoile-lamalfi-spider-et-corrige-enfin-le-principal-defaut-que-les-proprietaires-reprochaient-a-la-roma-spider\/","name":"Ferrari Amalfi Spider'\u0131 tan\u0131tt\u0131... ve sonunda Roma Spider'\u0131n ana hatas\u0131n\u0131 d\u00fczeltti - ItalPassion","isPartOf":{"@id":"https:\/\/www.italpassion.fr\/tr\/#website"},"primaryImageOfPage":{"@id":"https:\/\/www.italpassion.fr\/tr\/ferrari\/ferrari-devoile-lamalfi-spider-et-corrige-enfin-le-principal-defaut-que-les-proprietaires-reprochaient-a-la-roma-spider\/#primaryimage"},"image":{"@id":"https:\/\/www.italpassion.fr\/tr\/ferrari\/ferrari-devoile-lamalfi-spider-et-corrige-enfin-le-principal-defaut-que-les-proprietaires-reprochaient-a-la-roma-spider\/#primaryimage"},"thumbnailUrl":"https:\/\/www.italpassion.fr\/wp-content\/uploads\/2026\/03\/ferrari-amalfi-spider-0-scaled.jpg","datePublished":"2026-03-13T09:36:02+00:00","description":"Maranello'da baz\u0131 yeni modeller s\u00fcrpriz de\u011fildir... ama her zaman bir olayd\u0131r. Ferrari'nin tan\u0131t\u0131m\u0131ndan bir y\u0131ldan k\u0131sa bir s\u00fcre sonra","breadcrumb":{"@id":"https:\/\/www.italpassion.fr\/tr\/ferrari\/ferrari-devoile-lamalfi-spider-et-corrige-enfin-le-principal-defaut-que-les-proprietaires-reprochaient-a-la-roma-spider\/#breadcrumb"},"inLanguage":"tr","potentialAction":[{"@type":"ReadAction","target":["https:\/\/www.italpassion.fr\/tr\/ferrari\/ferrari-devoile-lamalfi-spider-et-corrige-enfin-le-principal-defaut-que-les-proprietaires-reprochaient-a-la-roma-spider\/"]}]},{"@type":"ImageObject","inLanguage":"tr","@id":"https:\/\/www.italpassion.fr\/tr\/ferrari\/ferrari-devoile-lamalfi-spider-et-corrige-enfin-le-principal-defaut-que-les-proprietaires-reprochaient-a-la-roma-spider\/#primaryimage","url":"https:\/\/www.italpassion.fr\/wp-content\/uploads\/2026\/03\/ferrari-amalfi-spider-0-scaled.jpg","contentUrl":"https:\/\/www.italpassion.fr\/wp-content\/uploads\/2026\/03\/ferrari-amalfi-spider-0-scaled.jpg","width":1200,"height":800},{"@type":"BreadcrumbList","@id":"https:\/\/www.italpassion.fr\/tr\/ferrari\/ferrari-devoile-lamalfi-spider-et-corrige-enfin-le-principal-defaut-que-les-proprietaires-reprochaient-a-la-roma-spider\/#breadcrumb","itemListElement":[{"@type":"ListItem","position":1,"name":"Accueil","item":"https:\/\/www.italpassion.fr\/tr\/"},{"@type":"ListItem","position":2,"name":"Ferrari d\u00e9voile l&rsquo;Amalfi Spider\u2026 et corrige enfin le principal d\u00e9faut que les propri\u00e9taires reprochaient \u00e0 la Roma Spider"}]},{"@type":"WebSite","@id":"https:\/\/www.italpassion.fr\/tr\/#website","url":"https:\/\/www.italpassion.fr\/tr\/","name":"ItalPassion","description":"\u0130talyan Araba Merakl\u0131lar\u0131","publisher":{"@id":"https:\/\/www.italpassion.fr\/tr\/#organization"},"potentialAction":[{"@type":"SearchAction","target":{"@type":"EntryPoint","urlTemplate":"https:\/\/www.italpassion.fr\/tr\/?s={search_term_string}"},"query-input":{"@type":"PropertyValueSpecification","valueRequired":true,"valueName":"search_term_string"}}],"inLanguage":"tr"},{"@type":"Organization","@id":"https:\/\/www.italpassion.fr\/tr\/#organization","name":"Italpassion","url":"https:\/\/www.italpassion.fr\/tr\/","logo":{"@type":"ImageObject","inLanguage":"tr","@id":"https:\/\/www.italpassion.fr\/tr\/#\/schema\/logo\/image\/","url":"https:\/\/www.italpassion.fr\/wp-content\/uploads\/2023\/07\/italpassion-yoast.jpg","contentUrl":"https:\/\/www.italpassion.fr\/wp-content\/uploads\/2023\/07\/italpassion-yoast.jpg","width":696,"height":696,"caption":"Italpassion"},"image":{"@id":"https:\/\/www.italpassion.fr\/tr\/#\/schema\/logo\/image\/"},"sameAs":["https:\/\/www.facebook.com\/italpassion","https:\/\/x.com\/italpassion","https:\/\/www.instagram.com\/italpassionfr\/","https:\/\/www.youtube.com\/channel\/UCleq-ByQaA42OjhopwevRjQ","https:\/\/www.facebook.com\/italpassion.en\/","https:\/\/www.facebook.com\/italpassion.it\/","https:\/\/www.facebook.com\/italpassion.de\/","https:\/\/www.facebook.com\/italpassion.ja\/"]},{"@type":"Person","@id":"https:\/\/www.italpassion.fr\/tr\/#\/schema\/person\/36f747b2a759ca202d847e85a9434ca0","name":"Alexandre Filluzeau","image":{"@type":"ImageObject","inLanguage":"tr","@id":"https:\/\/www.italpassion.fr\/tr\/#\/schema\/person\/image\/","url":"https:\/\/www.italpassion.fr\/wp-content\/uploads\/2025\/04\/avatar-alexandre-160x160.jpg","contentUrl":"https:\/\/www.italpassion.fr\/wp-content\/uploads\/2025\/04\/avatar-alexandre-160x160.jpg","caption":"Alexandre Filluzeau"},"description":"ItalPassion web sitesinin kurucusu, \u0130talyan otomobilleri ve genel olarak \u0130talya hakk\u0131nda tutkulu. M\u00fcmk\u00fcn oldu\u011funca \u0130talyan markalar\u0131n\u0131n haberlerine ele\u015ftirel ve teknik bir g\u00f6z getiriyorum. Maserati GranTurismo, Alfa Romeo MiTo, Lancia Fulvia ve Ducati 695 sahibiyim. Alfa Romeo Giulia'n\u0131n eski sahibi.","sameAs":["https:\/\/www.italpassion.fr\/"],"url":"https:\/\/www.italpassion.fr\/tr\/author\/alexandre\/"}]}},"_links":{"self":[{"href":"https:\/\/www.italpassion.fr\/tr\/wp-json\/wp\/v2\/posts\/47458","targetHints":{"allow":["GET"]}}],"collection":[{"href":"https:\/\/www.italpassion.fr\/tr\/wp-json\/wp\/v2\/posts"}],"about":[{"href":"https:\/\/www.italpassion.fr\/tr\/wp-json\/wp\/v2\/types\/post"}],"author":[{"embeddable":true,"href":"https:\/\/www.italpassion.fr\/tr\/wp-json\/wp\/v2\/users\/1"}],"replies":[{"embeddable":true,"href":"https:\/\/www.italpassion.fr\/tr\/wp-json\/wp\/v2\/comments?post=47458"}],"version-history":[{"count":1,"href":"https:\/\/www.italpassion.fr\/tr\/wp-json\/wp\/v2\/posts\/47458\/revisions"}],"predecessor-version":[{"id":47468,"href":"https:\/\/www.italpassion.fr\/tr\/wp-json\/wp\/v2\/posts\/47458\/revisions\/47468"}],"wp:featuredmedia":[{"embeddable":true,"href":"https:\/\/www.italpassion.fr\/tr\/wp-json\/wp\/v2\/media\/47459"}],"wp:attachment":[{"href":"https:\/\/www.italpassion.fr\/tr\/wp-json\/wp\/v2\/media?parent=47458"}],"wp:term":[{"taxonomy":"category","embeddable":true,"href":"https:\/\/www.italpassion.fr\/tr\/wp-json\/wp\/v2\/categories?post=47458"},{"taxonomy":"post_tag","embeddable":true,"href":"https:\/\/www.italpassion.fr\/tr\/wp-json\/wp\/v2\/tags?post=47458"}],"curies":[{"name":"wp","href":"https:\/\/api.w.org\/{rel}","templated":true}]}}