{"id":47364,"date":"2026-03-12T17:33:14","date_gmt":"2026-03-12T16:33:14","guid":{"rendered":"https:\/\/www.italpassion.fr\/?p=47364"},"modified":"2026-03-10T14:50:21","modified_gmt":"2026-03-10T13:50:21","slug":"ci%cc%87n-arabalarina-sapka-cikariyorum-lamborghinini%cc%87n-kurucusunun-oglu-bi%cc%87r-tane-alacagini-acikladi","status":"publish","type":"post","link":"https:\/\/www.italpassion.fr\/tr\/lamborghini\/je-me-tire-mon-chapeau-devant-les-voitures-chinoises-le-fils-du-fondateur-de-lamborghini-annonce-quil-va-en-acheter-une\/","title":{"rendered":"\u00ab\u00c7in arabalar\u0131na \u015fapka \u00e7\u0131kar\u0131yorum\u00bb: Lamborghini'nin kurucusunun o\u011flu bir tane sat\u0131n alaca\u011f\u0131n\u0131 a\u00e7\u0131klad\u0131"},"content":{"rendered":"<figure class=\"wp-block-image size-full\"><img loading=\"lazy\" decoding=\"async\" width=\"1200\" height=\"800\" src=\"https:\/\/www.italpassion.fr\/wp-content\/uploads\/2026\/03\/tonino-lamborghini.jpg\" alt=\"\" class=\"wp-image-47365\" srcset=\"https:\/\/www.italpassion.fr\/wp-content\/uploads\/2026\/03\/tonino-lamborghini.jpg 1200w, https:\/\/www.italpassion.fr\/wp-content\/uploads\/2026\/03\/tonino-lamborghini-420x280.jpg 420w, https:\/\/www.italpassion.fr\/wp-content\/uploads\/2026\/03\/tonino-lamborghini-768x512.jpg 768w, https:\/\/www.italpassion.fr\/wp-content\/uploads\/2026\/03\/tonino-lamborghini-18x12.jpg 18w\" sizes=\"auto, (max-width: 1200px) 100vw, 1200px\" \/><\/figure>\n\n\n\n<p>Otomotiv pazar\u0131 ba\u015f d\u00f6nd\u00fcr\u00fcc\u00fc bir h\u0131zla geli\u015fiyor ve \u00c7inli \u00fcreticiler art\u0131k kendilerini kilit oyuncular olarak kabul ettiriyor. Bu, \u0130talyan otomobil end\u00fcstrisinin en sembolik fig\u00fcrlerinden baz\u0131lar\u0131n\u0131n bile a\u00e7\u0131k\u00e7a kabul etti\u011fi bir ger\u00e7ektir. Bu durum \u00f6zellikle Tonino i\u00e7in ge\u00e7erli <a href=\"https:\/\/www.italpassion.fr\/tr\/lamborghini\/\">Lamborghini<\/a>, \u00dcnl\u00fc s\u00fcper otomobil markas\u0131n\u0131n kurucusunun o\u011flu, \u00c7inli \u00fcreticilerin kaydetti\u011fi etkileyici ilerlemeyi \u00f6vmekte gecikmedi... hatta bir tane sat\u0131n almay\u0131 d\u00fc\u015f\u00fcnecek kadar.<\/p>\n\n\n\n<p>Bu a\u00e7\u0131klamalar geleneksel, l\u00fcks ve spor otomobillere adanm\u0131\u015f bir etkinlik olan Parma'daki Automotoretr\u00f3 fuar\u0131nda yap\u0131ld\u0131. Tonino Lamborghini, m\u00fchendis Giampaolo Dallara ve i\u00e7erik yarat\u0131c\u0131s\u0131 Noah Cooks F1 ile birlikte otomotiv pazar\u0131n\u0131n evrimini, yeni teknolojileri ve \u00c7inli markalar\u0131n y\u00fckseli\u015fini tart\u0131\u015fmak \u00fczere bir konferansa kat\u0131ld\u0131.<\/p>\n\n\n\n<h2 class=\"wp-block-heading\">\u00abSon derece geli\u015fmi\u015f otomobiller\u00bb<\/h2>\n\n\n\n<p>Tonino Lamborghini, \u00c7inli otomobil \u00fcreticilerinin Avrupa pazar\u0131na kitlesel giri\u015fi soruldu\u011funda samimi bir analiz sundu. Ona g\u00f6re, \u00c7inli markalar\u0131n Bat\u0131l\u0131 \u00fcreticileri basit\u00e7e kopyalad\u0131\u011f\u0131 g\u00fcnler geride kald\u0131.<\/p>\n\n\n\n<blockquote class=\"wp-block-quote is-layout-flow wp-block-quote-is-layout-flow\"><svg aria-hidden=\"true\" focusable=\"false\" class=\"icon icon-quote\" width=\"48\" height=\"48\"><use xlink:href=\"#icon-quote\"><\/use><\/svg>\n<p>\u00ab\u00c7inli \u00fcreticiler art\u0131k \u00e7ok sayg\u0131n, teknolojik a\u00e7\u0131dan geli\u015fmi\u015f otomobiller \u00fcretiyorlar. Eskiden kopyalad\u0131klar\u0131 s\u00f6ylenirdi ama \u015fimdi \u00e7ok daha g\u00fczel ve rekabet\u00e7i modeller \u00fcretiyorlar\u00bb dedi.<\/p>\n<\/blockquote>\n\n\n\n<p>Lamborghini'nin kurucusunun o\u011flu i\u00e7in bu otomobiller birka\u00e7 \u00f6nemli avantaj\u0131 bir araya getiriyor: Avrupal\u0131 rakiplerinden genellikle daha d\u00fc\u015f\u00fck fiyatlar ve \u00f6zellikle ileri teknoloji. Uluslararas\u0131 pazardaki h\u0131zl\u0131 y\u00fckseli\u015flerini a\u00e7\u0131klamak i\u00e7in uzun bir yol kat eden bir kombinasyon.<\/p>\n\n\n\n<p>Bu ilerleme kar\u015f\u0131s\u0131nda Tonino Lamborghini hayranl\u0131\u011f\u0131n\u0131 gizlemedi: \u00abOnlara \u015fapka \u00e7\u0131kar\u0131yorum\u00bb.<\/p>\n\n\n\n<h2 class=\"wp-block-heading\">Tonino Lamborghini \u00c7inli bir hibrit sat\u0131n alabilir<\/h2>\n\n\n\n<p>\u0130talyan i\u015fadam\u0131 daha da ileri giderek kendisinin de \u00c7inli bir \u00fcreticinin m\u00fc\u015fterisi olmay\u0131 d\u00fc\u015f\u00fcnd\u00fc\u011f\u00fcn\u00fc a\u00e7\u0131klad\u0131.<\/p>\n\n\n\n<p>Ona g\u00f6re, bu markalar hen\u00fcz b\u00fcy\u00fck Avrupa markalar\u0131n\u0131n prestijine ve imaj\u0131na sahip olmasalar bile, teknik kaliteleri ve rekabet\u00e7i fiyatlar\u0131yla bunu fazlas\u0131yla telafi ediyorlar.<\/p>\n\n\n\n<p>\u00abHen\u00fcz Avrupal\u0131 markalar\u0131n itibar\u0131na sahip de\u011filler ama kalite, fiyat ve teknoloji onlar\u0131n taraf\u0131nda\u00bb diye a\u00e7\u0131kl\u0131yor ve ekliyor: \u00abMuhtemelen \u00c7inli bir hibrit alaca\u011f\u0131m\u00bb.<\/p>\n\n\n\n<p>Ancak Tonino Lamborghini, elektrikli ara\u00e7larla s\u0131kl\u0131kla ili\u015fkilendirilen arg\u00fcman\u0131 nitelendirmeye hevesliydi. Arac\u0131n t\u00fcm \u00fcretim ve ya\u015fam d\u00f6ng\u00fcs\u00fc g\u00f6z \u00f6n\u00fcnde bulunduruldu\u011funda, bu ara\u00e7lar\u0131n ger\u00e7ek ekolojik etkisinin tart\u0131\u015fmal\u0131 oldu\u011funa inan\u0131yor.<\/p>\n\n\n\n<p>\u00abOnlar\u0131n ger\u00e7ekten \u201cye\u015fil\u201d olduklar\u0131n\u0131 iddia etmeyelim. Bug\u00fcn durum b\u00f6yle de\u011fil\u00bb derken, bunun kesin verilere dayanan bir analizden ziyade kendi ki\u015fisel kanaati oldu\u011funu da kabul etti.<\/p>\n\n\n\n<h2 class=\"wp-block-heading\">Dallara'ya g\u00f6re otomobilin gelece\u011fi<\/h2>\n\n\n\n<p>Ayn\u0131 konferansta Giampaolo Dallara, otomobilin gelece\u011fi ve otomobille de\u011fi\u015fen ili\u015fki hakk\u0131nda konu\u015farak tart\u0131\u015fmay\u0131 bir ad\u0131m \u00f6teye ta\u015f\u0131d\u0131.<\/p>\n\n\n\n<p>\u0130talyan m\u00fchendislik \u015firketinin kurucusuna g\u00f6re, gelecek nesiller mobilite konusunda tamamen farkl\u0131 bir yakla\u015f\u0131m benimseyebilir.<\/p>\n\n\n\n<blockquote class=\"wp-block-quote is-layout-flow wp-block-quote-is-layout-flow\"><svg aria-hidden=\"true\" focusable=\"false\" class=\"icon icon-quote\" width=\"48\" height=\"48\"><use xlink:href=\"#icon-quote\"><\/use><\/svg>\n<p>\u00abBu fikir konusunda pek hevesli de\u011filim ama torunlar\u0131m\u0131n elektrikli arabalarla, belki de otonom arabalarla seyahat edece\u011fini ve muhtemelen onlara sahip bile olmayacaklar\u0131n\u0131 d\u00fc\u015f\u00fcn\u00fcyorum\u00bb dedi.<\/p>\n<\/blockquote>\n\n\n\n<p>Ona g\u00f6re gelecek, otomobilin iki farkl\u0131 kullan\u0131m alan\u0131 aras\u0131nda bir ayr\u0131ma i\u015faret edebilir. Bir yandan, g\u00fcnl\u00fck hareketlilik, potansiyel olarak \u00c7in'de \u00fcretilen otonom, payla\u015f\u0131ml\u0131 ara\u00e7lar taraf\u0131ndan sa\u011flanabilir. Di\u011fer tarafta ise merakl\u0131lar, zevk ve e\u011flence i\u00e7in kullan\u0131lan geleneksel otomobillere sahip olmaya devam edecektir.<\/p>\n\n\n\n<p>Dallara i\u00e7in kesin olan bir \u015fey var: yeni mobilite bi\u00e7imlerinin hakim oldu\u011fu bir gelecekte bile, s\u00fcper otomobillerin her zaman bir yeri olacak.<\/p>","protected":false},"excerpt":{"rendered":"","protected":false},"author":1,"featured_media":47365,"comment_status":"open","ping_status":"open","sticky":false,"template":"","format":"standard","meta":{"_acf_changed":false,"_sitemap_exclude":false,"_sitemap_priority":"","_sitemap_frequency":"","footnotes":""},"categories":[25],"tags":[732],"class_list":["post-47364","post","type-post","status-publish","format-standard","has-post-thumbnail","hentry","category-lamborghini","tag-tonino-lamborghini","generate-columns","tablet-grid-50","mobile-grid-100","grid-parent","grid-33"],"acf":[],"yoast_head":"<!-- This site is optimized with the Yoast SEO plugin v25.8 - https:\/\/yoast.com\/wordpress\/plugins\/seo\/ -->\n<title>\u00ab Je me tire mon chapeau devant les voitures chinoises \u00bb : le fils du fondateur de Lamborghini annonce qu&#039;il va en acheter une - ItalPassion<\/title>\n<meta name=\"description\" content=\"Le march\u00e9 automobile \u00e9volue \u00e0 grande vitesse et les constructeurs chinois s\u2019imposent d\u00e9sormais comme des acteurs incontournables. Une r\u00e9alit\u00e9 que m\u00eame\" \/>\n<meta name=\"robots\" content=\"index, follow, max-snippet:-1, max-image-preview:large, max-video-preview:-1\" \/>\n<link rel=\"canonical\" href=\"https:\/\/www.italpassion.fr\/tr\/lamborghini\/ci\u0307n-arabalarina-sapka-cikariyorum-lamborghinini\u0307n-kurucusunun-oglu-bi\u0307r-tane-alacagini-acikladi\/\" \/>\n<meta property=\"og:locale\" content=\"tr_TR\" \/>\n<meta property=\"og:type\" content=\"article\" \/>\n<meta property=\"og:title\" content=\"\u00ab Je me tire mon chapeau devant les voitures chinoises \u00bb : le fils du fondateur de Lamborghini annonce qu&#039;il va en acheter une - ItalPassion\" \/>\n<meta property=\"og:description\" content=\"Le march\u00e9 automobile \u00e9volue \u00e0 grande vitesse et les constructeurs chinois s\u2019imposent d\u00e9sormais comme des acteurs incontournables. Une r\u00e9alit\u00e9 que m\u00eame\" \/>\n<meta property=\"og:url\" content=\"https:\/\/www.italpassion.fr\/tr\/lamborghini\/ci\u0307n-arabalarina-sapka-cikariyorum-lamborghinini\u0307n-kurucusunun-oglu-bi\u0307r-tane-alacagini-acikladi\/\" \/>\n<meta property=\"og:site_name\" content=\"ItalPassion\" \/>\n<meta property=\"article:publisher\" content=\"https:\/\/www.facebook.com\/italpassion\" \/>\n<meta property=\"article:published_time\" content=\"2026-03-12T16:33:14+00:00\" \/>\n<meta property=\"og:image\" content=\"https:\/\/www.italpassion.fr\/wp-content\/uploads\/2026\/03\/tonino-lamborghini.jpg\" \/>\n\t<meta property=\"og:image:width\" content=\"1200\" \/>\n\t<meta property=\"og:image:height\" content=\"800\" \/>\n\t<meta property=\"og:image:type\" content=\"image\/jpeg\" \/>\n<meta name=\"author\" content=\"Alexandre Filluzeau\" \/>\n<meta name=\"twitter:card\" content=\"summary_large_image\" \/>\n<meta name=\"twitter:creator\" content=\"@italpassion\" \/>\n<meta name=\"twitter:site\" content=\"@italpassion\" \/>\n<script type=\"application\/ld+json\" class=\"yoast-schema-graph\">{\"@context\":\"https:\/\/schema.org\",\"@graph\":[{\"@type\":\"NewsArticle\",\"@id\":\"https:\/\/www.italpassion.fr\/tr\/lamborghini\/je-me-tire-mon-chapeau-devant-les-voitures-chinoises-le-fils-du-fondateur-de-lamborghini-annonce-quil-va-en-acheter-une\/#article\",\"isPartOf\":{\"@id\":\"https:\/\/www.italpassion.fr\/tr\/lamborghini\/je-me-tire-mon-chapeau-devant-les-voitures-chinoises-le-fils-du-fondateur-de-lamborghini-annonce-quil-va-en-acheter-une\/\"},\"author\":{\"name\":\"Alexandre Filluzeau\",\"@id\":\"https:\/\/www.italpassion.fr\/tr\/#\/schema\/person\/36f747b2a759ca202d847e85a9434ca0\"},\"headline\":\"\u00ab Je me tire mon chapeau devant les voitures chinoises \u00bb : le fils du fondateur de Lamborghini annonce qu&rsquo;il va en acheter une\",\"datePublished\":\"2026-03-12T16:33:14+00:00\",\"mainEntityOfPage\":{\"@id\":\"https:\/\/www.italpassion.fr\/tr\/lamborghini\/je-me-tire-mon-chapeau-devant-les-voitures-chinoises-le-fils-du-fondateur-de-lamborghini-annonce-quil-va-en-acheter-une\/\"},\"wordCount\":701,\"commentCount\":2,\"publisher\":{\"@id\":\"https:\/\/www.italpassion.fr\/tr\/#organization\"},\"image\":{\"@id\":\"https:\/\/www.italpassion.fr\/tr\/lamborghini\/je-me-tire-mon-chapeau-devant-les-voitures-chinoises-le-fils-du-fondateur-de-lamborghini-annonce-quil-va-en-acheter-une\/#primaryimage\"},\"thumbnailUrl\":\"https:\/\/www.italpassion.fr\/wp-content\/uploads\/2026\/03\/tonino-lamborghini.jpg\",\"keywords\":[\"Tonino Lamborghini\"],\"articleSection\":[\"Lamborghini\"],\"inLanguage\":\"tr\",\"potentialAction\":[{\"@type\":\"CommentAction\",\"name\":\"Comment\",\"target\":[\"https:\/\/www.italpassion.fr\/tr\/lamborghini\/je-me-tire-mon-chapeau-devant-les-voitures-chinoises-le-fils-du-fondateur-de-lamborghini-annonce-quil-va-en-acheter-une\/#respond\"]}]},{\"@type\":\"WebPage\",\"@id\":\"https:\/\/www.italpassion.fr\/tr\/lamborghini\/je-me-tire-mon-chapeau-devant-les-voitures-chinoises-le-fils-du-fondateur-de-lamborghini-annonce-quil-va-en-acheter-une\/\",\"url\":\"https:\/\/www.italpassion.fr\/tr\/lamborghini\/je-me-tire-mon-chapeau-devant-les-voitures-chinoises-le-fils-du-fondateur-de-lamborghini-annonce-quil-va-en-acheter-une\/\",\"name\":\"\u00ab Je me tire mon chapeau devant les voitures chinoises \u00bb : le fils du fondateur de Lamborghini annonce qu'il va en acheter une - ItalPassion\",\"isPartOf\":{\"@id\":\"https:\/\/www.italpassion.fr\/tr\/#website\"},\"primaryImageOfPage\":{\"@id\":\"https:\/\/www.italpassion.fr\/tr\/lamborghini\/je-me-tire-mon-chapeau-devant-les-voitures-chinoises-le-fils-du-fondateur-de-lamborghini-annonce-quil-va-en-acheter-une\/#primaryimage\"},\"image\":{\"@id\":\"https:\/\/www.italpassion.fr\/tr\/lamborghini\/je-me-tire-mon-chapeau-devant-les-voitures-chinoises-le-fils-du-fondateur-de-lamborghini-annonce-quil-va-en-acheter-une\/#primaryimage\"},\"thumbnailUrl\":\"https:\/\/www.italpassion.fr\/wp-content\/uploads\/2026\/03\/tonino-lamborghini.jpg\",\"datePublished\":\"2026-03-12T16:33:14+00:00\",\"description\":\"Le march\u00e9 automobile \u00e9volue \u00e0 grande vitesse et les constructeurs chinois s\u2019imposent d\u00e9sormais comme des acteurs incontournables. Une r\u00e9alit\u00e9 que m\u00eame\",\"breadcrumb\":{\"@id\":\"https:\/\/www.italpassion.fr\/tr\/lamborghini\/je-me-tire-mon-chapeau-devant-les-voitures-chinoises-le-fils-du-fondateur-de-lamborghini-annonce-quil-va-en-acheter-une\/#breadcrumb\"},\"inLanguage\":\"tr\",\"potentialAction\":[{\"@type\":\"ReadAction\",\"target\":[\"https:\/\/www.italpassion.fr\/tr\/lamborghini\/je-me-tire-mon-chapeau-devant-les-voitures-chinoises-le-fils-du-fondateur-de-lamborghini-annonce-quil-va-en-acheter-une\/\"]}]},{\"@type\":\"ImageObject\",\"inLanguage\":\"tr\",\"@id\":\"https:\/\/www.italpassion.fr\/tr\/lamborghini\/je-me-tire-mon-chapeau-devant-les-voitures-chinoises-le-fils-du-fondateur-de-lamborghini-annonce-quil-va-en-acheter-une\/#primaryimage\",\"url\":\"https:\/\/www.italpassion.fr\/wp-content\/uploads\/2026\/03\/tonino-lamborghini.jpg\",\"contentUrl\":\"https:\/\/www.italpassion.fr\/wp-content\/uploads\/2026\/03\/tonino-lamborghini.jpg\",\"width\":1200,\"height\":800},{\"@type\":\"BreadcrumbList\",\"@id\":\"https:\/\/www.italpassion.fr\/tr\/lamborghini\/je-me-tire-mon-chapeau-devant-les-voitures-chinoises-le-fils-du-fondateur-de-lamborghini-annonce-quil-va-en-acheter-une\/#breadcrumb\",\"itemListElement\":[{\"@type\":\"ListItem\",\"position\":1,\"name\":\"Accueil\",\"item\":\"https:\/\/www.italpassion.fr\/tr\/\"},{\"@type\":\"ListItem\",\"position\":2,\"name\":\"\u00ab Je me tire mon chapeau devant les voitures chinoises \u00bb : le fils du fondateur de Lamborghini annonce qu&rsquo;il va en acheter une\"}]},{\"@type\":\"WebSite\",\"@id\":\"https:\/\/www.italpassion.fr\/tr\/#website\",\"url\":\"https:\/\/www.italpassion.fr\/tr\/\",\"name\":\"ItalPassion\",\"description\":\"Les Passionn\u00e9s d&#039;Automobiles Italiennes\",\"publisher\":{\"@id\":\"https:\/\/www.italpassion.fr\/tr\/#organization\"},\"potentialAction\":[{\"@type\":\"SearchAction\",\"target\":{\"@type\":\"EntryPoint\",\"urlTemplate\":\"https:\/\/www.italpassion.fr\/tr\/?s={search_term_string}\"},\"query-input\":{\"@type\":\"PropertyValueSpecification\",\"valueRequired\":true,\"valueName\":\"search_term_string\"}}],\"inLanguage\":\"tr\"},{\"@type\":\"Organization\",\"@id\":\"https:\/\/www.italpassion.fr\/tr\/#organization\",\"name\":\"Italpassion\",\"url\":\"https:\/\/www.italpassion.fr\/tr\/\",\"logo\":{\"@type\":\"ImageObject\",\"inLanguage\":\"tr\",\"@id\":\"https:\/\/www.italpassion.fr\/tr\/#\/schema\/logo\/image\/\",\"url\":\"https:\/\/www.italpassion.fr\/wp-content\/uploads\/2023\/07\/italpassion-yoast.jpg\",\"contentUrl\":\"https:\/\/www.italpassion.fr\/wp-content\/uploads\/2023\/07\/italpassion-yoast.jpg\",\"width\":696,\"height\":696,\"caption\":\"Italpassion\"},\"image\":{\"@id\":\"https:\/\/www.italpassion.fr\/tr\/#\/schema\/logo\/image\/\"},\"sameAs\":[\"https:\/\/www.facebook.com\/italpassion\",\"https:\/\/x.com\/italpassion\",\"https:\/\/www.instagram.com\/italpassionfr\/\",\"https:\/\/www.youtube.com\/channel\/UCleq-ByQaA42OjhopwevRjQ\",\"https:\/\/www.facebook.com\/italpassion.en\/\",\"https:\/\/www.facebook.com\/italpassion.it\/\",\"https:\/\/www.facebook.com\/italpassion.de\/\",\"https:\/\/www.facebook.com\/italpassion.ja\/\"]},{\"@type\":\"Person\",\"@id\":\"https:\/\/www.italpassion.fr\/tr\/#\/schema\/person\/36f747b2a759ca202d847e85a9434ca0\",\"name\":\"Alexandre Filluzeau\",\"image\":{\"@type\":\"ImageObject\",\"inLanguage\":\"tr\",\"@id\":\"https:\/\/www.italpassion.fr\/tr\/#\/schema\/person\/image\/\",\"url\":\"https:\/\/www.italpassion.fr\/wp-content\/uploads\/2025\/04\/avatar-alexandre-160x160.jpg\",\"contentUrl\":\"https:\/\/www.italpassion.fr\/wp-content\/uploads\/2025\/04\/avatar-alexandre-160x160.jpg\",\"caption\":\"Alexandre Filluzeau\"},\"description\":\"Fondateur du site ItalPassion, passionn\u00e9 de voitures italiennes et de l'Italie en g\u00e9n\u00e9ral. J'apporte un regard critique et technique aux actualit\u00e9s des marques italiennes quand cela est possible. Propri\u00e9taire d'une Maserati GranTurismo, Alfa Romeo MiTo, Lancia Fulvia et Ducati 695. Ex-propri\u00e9taire d'une Alfa Romeo Giulia.\",\"sameAs\":[\"https:\/\/www.italpassion.fr\/\"],\"url\":\"https:\/\/www.italpassion.fr\/tr\/author\/alexandre\/\"}]}<\/script>\n<!-- \/ Yoast SEO plugin. -->","yoast_head_json":{"title":"\u00ab\u00c7in arabalar\u0131na \u015fapka \u00e7\u0131kar\u0131yorum\u00bb: Lamborghini'nin kurucusunun o\u011flu bir tane sat\u0131n alaca\u011f\u0131n\u0131 a\u00e7\u0131klad\u0131 - ItalPassion","description":"Otomotiv pazar\u0131 ba\u015f d\u00f6nd\u00fcr\u00fcc\u00fc bir h\u0131zla geli\u015fiyor ve \u00c7inli \u00fcreticiler art\u0131k kendilerini kilit oyuncular olarak konumland\u0131r\u0131yor. \u00d6yle bir ger\u00e7ek ki","robots":{"index":"index","follow":"follow","max-snippet":"max-snippet:-1","max-image-preview":"max-image-preview:large","max-video-preview":"max-video-preview:-1"},"canonical":"https:\/\/www.italpassion.fr\/tr\/lamborghini\/ci\u0307n-arabalarina-sapka-cikariyorum-lamborghinini\u0307n-kurucusunun-oglu-bi\u0307r-tane-alacagini-acikladi\/","og_locale":"tr_TR","og_type":"article","og_title":"\u00ab Je me tire mon chapeau devant les voitures chinoises \u00bb : le fils du fondateur de Lamborghini annonce qu'il va en acheter une - ItalPassion","og_description":"Le march\u00e9 automobile \u00e9volue \u00e0 grande vitesse et les constructeurs chinois s\u2019imposent d\u00e9sormais comme des acteurs incontournables. Une r\u00e9alit\u00e9 que m\u00eame","og_url":"https:\/\/www.italpassion.fr\/tr\/lamborghini\/ci\u0307n-arabalarina-sapka-cikariyorum-lamborghinini\u0307n-kurucusunun-oglu-bi\u0307r-tane-alacagini-acikladi\/","og_site_name":"ItalPassion","article_publisher":"https:\/\/www.facebook.com\/italpassion","article_published_time":"2026-03-12T16:33:14+00:00","og_image":[{"width":1200,"height":800,"url":"https:\/\/www.italpassion.fr\/wp-content\/uploads\/2026\/03\/tonino-lamborghini.jpg","type":"image\/jpeg"}],"author":"Alexandre Filluzeau","twitter_card":"summary_large_image","twitter_creator":"@italpassion","twitter_site":"@italpassion","schema":{"@context":"https:\/\/schema.org","@graph":[{"@type":"NewsArticle","@id":"https:\/\/www.italpassion.fr\/tr\/lamborghini\/je-me-tire-mon-chapeau-devant-les-voitures-chinoises-le-fils-du-fondateur-de-lamborghini-annonce-quil-va-en-acheter-une\/#article","isPartOf":{"@id":"https:\/\/www.italpassion.fr\/tr\/lamborghini\/je-me-tire-mon-chapeau-devant-les-voitures-chinoises-le-fils-du-fondateur-de-lamborghini-annonce-quil-va-en-acheter-une\/"},"author":{"name":"Alexandre Filluzeau","@id":"https:\/\/www.italpassion.fr\/tr\/#\/schema\/person\/36f747b2a759ca202d847e85a9434ca0"},"headline":"\u00ab Je me tire mon chapeau devant les voitures chinoises \u00bb : le fils du fondateur de Lamborghini annonce qu&rsquo;il va en acheter une","datePublished":"2026-03-12T16:33:14+00:00","mainEntityOfPage":{"@id":"https:\/\/www.italpassion.fr\/tr\/lamborghini\/je-me-tire-mon-chapeau-devant-les-voitures-chinoises-le-fils-du-fondateur-de-lamborghini-annonce-quil-va-en-acheter-une\/"},"wordCount":701,"commentCount":2,"publisher":{"@id":"https:\/\/www.italpassion.fr\/tr\/#organization"},"image":{"@id":"https:\/\/www.italpassion.fr\/tr\/lamborghini\/je-me-tire-mon-chapeau-devant-les-voitures-chinoises-le-fils-du-fondateur-de-lamborghini-annonce-quil-va-en-acheter-une\/#primaryimage"},"thumbnailUrl":"https:\/\/www.italpassion.fr\/wp-content\/uploads\/2026\/03\/tonino-lamborghini.jpg","keywords":["Tonino Lamborghini"],"articleSection":["Lamborghini"],"inLanguage":"tr","potentialAction":[{"@type":"CommentAction","name":"Comment","target":["https:\/\/www.italpassion.fr\/tr\/lamborghini\/je-me-tire-mon-chapeau-devant-les-voitures-chinoises-le-fils-du-fondateur-de-lamborghini-annonce-quil-va-en-acheter-une\/#respond"]}]},{"@type":"WebPage","@id":"https:\/\/www.italpassion.fr\/tr\/lamborghini\/je-me-tire-mon-chapeau-devant-les-voitures-chinoises-le-fils-du-fondateur-de-lamborghini-annonce-quil-va-en-acheter-une\/","url":"https:\/\/www.italpassion.fr\/tr\/lamborghini\/je-me-tire-mon-chapeau-devant-les-voitures-chinoises-le-fils-du-fondateur-de-lamborghini-annonce-quil-va-en-acheter-une\/","name":"\u00ab\u00c7in arabalar\u0131na \u015fapka \u00e7\u0131kar\u0131yorum\u00bb: Lamborghini'nin kurucusunun o\u011flu bir tane sat\u0131n alaca\u011f\u0131n\u0131 a\u00e7\u0131klad\u0131 - ItalPassion","isPartOf":{"@id":"https:\/\/www.italpassion.fr\/tr\/#website"},"primaryImageOfPage":{"@id":"https:\/\/www.italpassion.fr\/tr\/lamborghini\/je-me-tire-mon-chapeau-devant-les-voitures-chinoises-le-fils-du-fondateur-de-lamborghini-annonce-quil-va-en-acheter-une\/#primaryimage"},"image":{"@id":"https:\/\/www.italpassion.fr\/tr\/lamborghini\/je-me-tire-mon-chapeau-devant-les-voitures-chinoises-le-fils-du-fondateur-de-lamborghini-annonce-quil-va-en-acheter-une\/#primaryimage"},"thumbnailUrl":"https:\/\/www.italpassion.fr\/wp-content\/uploads\/2026\/03\/tonino-lamborghini.jpg","datePublished":"2026-03-12T16:33:14+00:00","description":"Otomotiv pazar\u0131 ba\u015f d\u00f6nd\u00fcr\u00fcc\u00fc bir h\u0131zla geli\u015fiyor ve \u00c7inli \u00fcreticiler art\u0131k kendilerini kilit oyuncular olarak konumland\u0131r\u0131yor. \u00d6yle bir ger\u00e7ek ki","breadcrumb":{"@id":"https:\/\/www.italpassion.fr\/tr\/lamborghini\/je-me-tire-mon-chapeau-devant-les-voitures-chinoises-le-fils-du-fondateur-de-lamborghini-annonce-quil-va-en-acheter-une\/#breadcrumb"},"inLanguage":"tr","potentialAction":[{"@type":"ReadAction","target":["https:\/\/www.italpassion.fr\/tr\/lamborghini\/je-me-tire-mon-chapeau-devant-les-voitures-chinoises-le-fils-du-fondateur-de-lamborghini-annonce-quil-va-en-acheter-une\/"]}]},{"@type":"ImageObject","inLanguage":"tr","@id":"https:\/\/www.italpassion.fr\/tr\/lamborghini\/je-me-tire-mon-chapeau-devant-les-voitures-chinoises-le-fils-du-fondateur-de-lamborghini-annonce-quil-va-en-acheter-une\/#primaryimage","url":"https:\/\/www.italpassion.fr\/wp-content\/uploads\/2026\/03\/tonino-lamborghini.jpg","contentUrl":"https:\/\/www.italpassion.fr\/wp-content\/uploads\/2026\/03\/tonino-lamborghini.jpg","width":1200,"height":800},{"@type":"BreadcrumbList","@id":"https:\/\/www.italpassion.fr\/tr\/lamborghini\/je-me-tire-mon-chapeau-devant-les-voitures-chinoises-le-fils-du-fondateur-de-lamborghini-annonce-quil-va-en-acheter-une\/#breadcrumb","itemListElement":[{"@type":"ListItem","position":1,"name":"Accueil","item":"https:\/\/www.italpassion.fr\/tr\/"},{"@type":"ListItem","position":2,"name":"\u00ab Je me tire mon chapeau devant les voitures chinoises \u00bb : le fils du fondateur de Lamborghini annonce qu&rsquo;il va en acheter une"}]},{"@type":"WebSite","@id":"https:\/\/www.italpassion.fr\/tr\/#website","url":"https:\/\/www.italpassion.fr\/tr\/","name":"ItalPassion","description":"\u0130talyan Araba Merakl\u0131lar\u0131","publisher":{"@id":"https:\/\/www.italpassion.fr\/tr\/#organization"},"potentialAction":[{"@type":"SearchAction","target":{"@type":"EntryPoint","urlTemplate":"https:\/\/www.italpassion.fr\/tr\/?s={search_term_string}"},"query-input":{"@type":"PropertyValueSpecification","valueRequired":true,"valueName":"search_term_string"}}],"inLanguage":"tr"},{"@type":"Organization","@id":"https:\/\/www.italpassion.fr\/tr\/#organization","name":"Italpassion","url":"https:\/\/www.italpassion.fr\/tr\/","logo":{"@type":"ImageObject","inLanguage":"tr","@id":"https:\/\/www.italpassion.fr\/tr\/#\/schema\/logo\/image\/","url":"https:\/\/www.italpassion.fr\/wp-content\/uploads\/2023\/07\/italpassion-yoast.jpg","contentUrl":"https:\/\/www.italpassion.fr\/wp-content\/uploads\/2023\/07\/italpassion-yoast.jpg","width":696,"height":696,"caption":"Italpassion"},"image":{"@id":"https:\/\/www.italpassion.fr\/tr\/#\/schema\/logo\/image\/"},"sameAs":["https:\/\/www.facebook.com\/italpassion","https:\/\/x.com\/italpassion","https:\/\/www.instagram.com\/italpassionfr\/","https:\/\/www.youtube.com\/channel\/UCleq-ByQaA42OjhopwevRjQ","https:\/\/www.facebook.com\/italpassion.en\/","https:\/\/www.facebook.com\/italpassion.it\/","https:\/\/www.facebook.com\/italpassion.de\/","https:\/\/www.facebook.com\/italpassion.ja\/"]},{"@type":"Person","@id":"https:\/\/www.italpassion.fr\/tr\/#\/schema\/person\/36f747b2a759ca202d847e85a9434ca0","name":"Alexandre Filluzeau","image":{"@type":"ImageObject","inLanguage":"tr","@id":"https:\/\/www.italpassion.fr\/tr\/#\/schema\/person\/image\/","url":"https:\/\/www.italpassion.fr\/wp-content\/uploads\/2025\/04\/avatar-alexandre-160x160.jpg","contentUrl":"https:\/\/www.italpassion.fr\/wp-content\/uploads\/2025\/04\/avatar-alexandre-160x160.jpg","caption":"Alexandre Filluzeau"},"description":"ItalPassion web sitesinin kurucusu, \u0130talyan otomobilleri ve genel olarak \u0130talya hakk\u0131nda tutkulu. M\u00fcmk\u00fcn oldu\u011funca \u0130talyan markalar\u0131n\u0131n haberlerine ele\u015ftirel ve teknik bir g\u00f6z getiriyorum. Maserati GranTurismo, Alfa Romeo MiTo, Lancia Fulvia ve Ducati 695 sahibiyim. Alfa Romeo Giulia'n\u0131n eski sahibi.","sameAs":["https:\/\/www.italpassion.fr\/"],"url":"https:\/\/www.italpassion.fr\/tr\/author\/alexandre\/"}]}},"_links":{"self":[{"href":"https:\/\/www.italpassion.fr\/tr\/wp-json\/wp\/v2\/posts\/47364","targetHints":{"allow":["GET"]}}],"collection":[{"href":"https:\/\/www.italpassion.fr\/tr\/wp-json\/wp\/v2\/posts"}],"about":[{"href":"https:\/\/www.italpassion.fr\/tr\/wp-json\/wp\/v2\/types\/post"}],"author":[{"embeddable":true,"href":"https:\/\/www.italpassion.fr\/tr\/wp-json\/wp\/v2\/users\/1"}],"replies":[{"embeddable":true,"href":"https:\/\/www.italpassion.fr\/tr\/wp-json\/wp\/v2\/comments?post=47364"}],"version-history":[{"count":1,"href":"https:\/\/www.italpassion.fr\/tr\/wp-json\/wp\/v2\/posts\/47364\/revisions"}],"predecessor-version":[{"id":47366,"href":"https:\/\/www.italpassion.fr\/tr\/wp-json\/wp\/v2\/posts\/47364\/revisions\/47366"}],"wp:featuredmedia":[{"embeddable":true,"href":"https:\/\/www.italpassion.fr\/tr\/wp-json\/wp\/v2\/media\/47365"}],"wp:attachment":[{"href":"https:\/\/www.italpassion.fr\/tr\/wp-json\/wp\/v2\/media?parent=47364"}],"wp:term":[{"taxonomy":"category","embeddable":true,"href":"https:\/\/www.italpassion.fr\/tr\/wp-json\/wp\/v2\/categories?post=47364"},{"taxonomy":"post_tag","embeddable":true,"href":"https:\/\/www.italpassion.fr\/tr\/wp-json\/wp\/v2\/tags?post=47364"}],"curies":[{"name":"wp","href":"https:\/\/api.w.org\/{rel}","templated":true}]}}