{"id":47352,"date":"2026-03-13T16:55:41","date_gmt":"2026-03-13T15:55:41","guid":{"rendered":"https:\/\/www.italpassion.fr\/?p=47352"},"modified":"2026-03-10T11:02:56","modified_gmt":"2026-03-10T10:02:56","slug":"lalfa-romeo-junior-sonunda-kuzey-ameri%cc%87kaya-geli%cc%87yor-ancak-hala-ameri%cc%87ka-bi%cc%87rlesi%cc%87k-devletleri%cc%87nde-yok","status":"publish","type":"post","link":"https:\/\/www.italpassion.fr\/tr\/alfa-romeo\/lalfa-romeo-junior-arrive-enfin-en-amerique-du-nord-mais-toujours-pas-aux-etats-unis\/","title":{"rendered":"Alfa Romeo Junior nihayet Kuzey Amerika'ya geliyor... ama hen\u00fcz Amerika Birle\u015fik Devletleri'nde de\u011fil"},"content":{"rendered":"<figure class=\"wp-block-image size-full\"><img loading=\"lazy\" decoding=\"async\" width=\"1200\" height=\"800\" src=\"https:\/\/www.italpassion.fr\/wp-content\/uploads\/2026\/03\/alfa-romeo-junior-mecique.jpg\" alt=\"\" class=\"wp-image-47353\" srcset=\"https:\/\/www.italpassion.fr\/wp-content\/uploads\/2026\/03\/alfa-romeo-junior-mecique.jpg 1200w, https:\/\/www.italpassion.fr\/wp-content\/uploads\/2026\/03\/alfa-romeo-junior-mecique-420x280.jpg 420w, https:\/\/www.italpassion.fr\/wp-content\/uploads\/2026\/03\/alfa-romeo-junior-mecique-768x512.jpg 768w, https:\/\/www.italpassion.fr\/wp-content\/uploads\/2026\/03\/alfa-romeo-junior-mecique-18x12.jpg 18w\" sizes=\"auto, (max-width: 1200px) 100vw, 1200px\" \/><\/figure>\n\n\n\n<p>L'<a href=\"https:\/\/www.italpassion.fr\/tr\/arabalar\/alfa-romeo-junior\/\">Alfa Romeo Junior<\/a> uluslararas\u0131 fetihlerine devam ediyor. \u0130talyan markan\u0131n en k\u00fc\u00e7\u00fck SUV'u Avrupa ve Japonya'daki lansman\u0131n\u0131n ard\u0131ndan \u015fimdi de Kuzey Amerika'daki ilk ad\u0131mlar\u0131n\u0131 at\u0131yor. Ancak bu geli\u015f, merakl\u0131lar\u0131n ilgisini \u00e7ekece\u011fi kesin olan bir \u00f6zelli\u011fi gizliyor: model Amerika Birle\u015fik Devletleri'nde mevcut de\u011fil. Bu yeni kompakt SUV \u015fimdilik sadece Meksika'da sat\u0131\u015fa sunuluyor.<\/p>\n\n\n\n<h2 class=\"wp-block-heading\">Kuzey Amerika'ya var\u0131\u015f... Meksika \u00fczerinden<\/h2>\n\n\n\n<p><a href=\"https:\/\/www.italpassion.fr\/tr\/alfa-romeo\/\">Alfa Romeo<\/a> Meksika'da yeni Junior SUV i\u00e7in rezervasyonlar\u0131 resmen a\u00e7t\u0131. Lansman, modelin Kuzey Amerika k\u0131tas\u0131na geli\u015fini i\u015faret ediyor, ancak Amerikan pazar\u0131 denklemin d\u0131\u015f\u0131nda kal\u0131yor.<\/p>\n\n\n\n<p>\u0130talyan marka bu stratejik modelle Meksika'daki varl\u0131\u011f\u0131n\u0131 g\u00fc\u00e7lendirmeye niyetli g\u00f6r\u00fcn\u00fcyor. Stellantis Meksika Sat\u0131\u015f Ba\u015fkan Yard\u0131mc\u0131s\u0131 Jes\u00fas Rodr\u00edguez'e g\u00f6re Junior, Alfa Romeo'nun \u00fclkedeki yeni a\u015famas\u0131n\u0131n bir par\u00e7as\u0131. Ama\u00e7 a\u00e7\u0131k: sa\u011flam bir da\u011f\u0131t\u0131m a\u011f\u0131 ve premium m\u00fc\u015fterilere y\u00f6nelik bir sat\u0131\u015f sonras\u0131 program\u0131yla desteklenen g\u00fc\u00e7l\u00fc bir \u0130talyan tarz\u0131na sahip bir ara\u00e7 sunmak. Alfa Romeo, SUV'un Meksika pazar\u0131 i\u00e7in fiyat\u0131n\u0131 hen\u00fcz a\u00e7\u0131klamad\u0131. Ancak bu durum markan\u0131n yeni model i\u00e7in rezervasyon a\u00e7mas\u0131n\u0131 engellemedi.<\/p>\n\n\n\n<figure class=\"wp-block-image size-full\"><img loading=\"lazy\" decoding=\"async\" width=\"1200\" height=\"778\" src=\"https:\/\/www.italpassion.fr\/wp-content\/uploads\/2026\/03\/alfa-romeo-junior-mexique-2.jpg\" alt=\"\" class=\"wp-image-47354\" srcset=\"https:\/\/www.italpassion.fr\/wp-content\/uploads\/2026\/03\/alfa-romeo-junior-mexique-2.jpg 1200w, https:\/\/www.italpassion.fr\/wp-content\/uploads\/2026\/03\/alfa-romeo-junior-mexique-2-420x272.jpg 420w, https:\/\/www.italpassion.fr\/wp-content\/uploads\/2026\/03\/alfa-romeo-junior-mexique-2-768x498.jpg 768w, https:\/\/www.italpassion.fr\/wp-content\/uploads\/2026\/03\/alfa-romeo-junior-mexique-2-18x12.jpg 18w\" sizes=\"auto, (max-width: 1200px) 100vw, 1200px\" \/><\/figure>\n\n\n\n<p>Di\u011fer pazarlarda oldu\u011fu gibi Meksika'da sunulan Alfa Romeo Junior da hibrit bir g\u00fc\u00e7 aktarma organ\u0131na sahiptir. \u00dc\u00e7 silindirli 1.2 turbo benzinli motoru k\u00fc\u00e7\u00fck bir elektrik motoruyla birle\u015ftiriyor. Kombine g\u00fc\u00e7 \u00e7\u0131k\u0131\u015f\u0131 145 bhp'dir ve alt\u0131 vitesli \u00e7ift kavramal\u0131 otomatik \u015fanz\u0131manla e\u015fle\u015ftirilmi\u015ftir. Meksika'da modelin her ikisi de ayn\u0131 hibrit g\u00fc\u00e7 aktarma organ\u0131na dayanan iki versiyonu sunulacak.<\/p>\n\n\n\n<h2 class=\"wp-block-heading\">Amerikan pazar\u0131nda eksik olan bir model mi?<\/h2>\n\n\n\n<p>Junior'un Kuzey Amerika'ya geli\u015fi Alfa Romeo i\u00e7in \u00f6nemli bir ad\u0131m olsa da, modelin Amerika Birle\u015fik Devletleri'nde bulunmamas\u0131 \u015fa\u015f\u0131rt\u0131c\u0131 olmaya devam ediyor. Amerikal\u0131 m\u00fc\u015fteriler \u015fimdilik \u00fcr\u00fcn gam\u0131ndaki Tonale, Stelvio ve Giulia ile yetinmek zorunda kalacak. Junior \u015fimdilik Meksika i\u00e7in ayr\u0131lm\u0131\u015f durumda.<\/p>","protected":false},"excerpt":{"rendered":"","protected":false},"author":1,"featured_media":47353,"comment_status":"open","ping_status":"open","sticky":false,"template":"","format":"standard","meta":{"_acf_changed":false,"_sitemap_exclude":false,"_sitemap_priority":"","_sitemap_frequency":"","footnotes":""},"categories":[22],"tags":[403],"class_list":["post-47352","post","type-post","status-publish","format-standard","has-post-thumbnail","hentry","category-alfa-romeo","tag-alfa-romeo-junior","generate-columns","tablet-grid-50","mobile-grid-100","grid-parent","grid-33"],"acf":[],"yoast_head":"<!-- This site is optimized with the Yoast SEO plugin v25.8 - https:\/\/yoast.com\/wordpress\/plugins\/seo\/ -->\n<title>L&#039;Alfa Romeo Junior arrive enfin en Am\u00e9rique du Nord\u2026 mais toujours pas aux \u00c9tats-Unis - ItalPassion<\/title>\n<meta name=\"description\" content=\"L\u2019Alfa Romeo Junior poursuit doucement sa conqu\u00eate internationale. Apr\u00e8s son lancement en Europe et au Japon, le plus petit SUV de la marque italienne\" \/>\n<meta name=\"robots\" content=\"index, follow, max-snippet:-1, max-image-preview:large, max-video-preview:-1\" \/>\n<link rel=\"canonical\" href=\"https:\/\/www.italpassion.fr\/tr\/alfa-romeo\/lalfa-romeo-junior-sonunda-kuzey-ameri\u0307kaya-geli\u0307yor-ancak-hala-ameri\u0307ka-bi\u0307rlesi\u0307k-devletleri\u0307nde-yok\/\" \/>\n<meta property=\"og:locale\" content=\"tr_TR\" \/>\n<meta property=\"og:type\" content=\"article\" \/>\n<meta property=\"og:title\" content=\"L&#039;Alfa Romeo Junior arrive enfin en Am\u00e9rique du Nord\u2026 mais toujours pas aux \u00c9tats-Unis - ItalPassion\" \/>\n<meta property=\"og:description\" content=\"L\u2019Alfa Romeo Junior poursuit doucement sa conqu\u00eate internationale. Apr\u00e8s son lancement en Europe et au Japon, le plus petit SUV de la marque italienne\" \/>\n<meta property=\"og:url\" content=\"https:\/\/www.italpassion.fr\/tr\/alfa-romeo\/lalfa-romeo-junior-sonunda-kuzey-ameri\u0307kaya-geli\u0307yor-ancak-hala-ameri\u0307ka-bi\u0307rlesi\u0307k-devletleri\u0307nde-yok\/\" \/>\n<meta property=\"og:site_name\" content=\"ItalPassion\" \/>\n<meta property=\"article:publisher\" content=\"https:\/\/www.facebook.com\/italpassion\" \/>\n<meta property=\"article:published_time\" content=\"2026-03-13T15:55:41+00:00\" \/>\n<meta property=\"og:image\" content=\"https:\/\/www.italpassion.fr\/wp-content\/uploads\/2026\/03\/alfa-romeo-junior-mecique.jpg\" \/>\n\t<meta property=\"og:image:width\" content=\"1200\" \/>\n\t<meta property=\"og:image:height\" content=\"800\" \/>\n\t<meta property=\"og:image:type\" content=\"image\/jpeg\" \/>\n<meta name=\"author\" content=\"Alexandre Filluzeau\" \/>\n<meta name=\"twitter:card\" content=\"summary_large_image\" \/>\n<meta name=\"twitter:creator\" content=\"@italpassion\" \/>\n<meta name=\"twitter:site\" content=\"@italpassion\" \/>\n<script type=\"application\/ld+json\" class=\"yoast-schema-graph\">{\"@context\":\"https:\/\/schema.org\",\"@graph\":[{\"@type\":\"NewsArticle\",\"@id\":\"https:\/\/www.italpassion.fr\/tr\/alfa-romeo\/lalfa-romeo-junior-arrive-enfin-en-amerique-du-nord-mais-toujours-pas-aux-etats-unis\/#article\",\"isPartOf\":{\"@id\":\"https:\/\/www.italpassion.fr\/tr\/alfa-romeo\/lalfa-romeo-junior-arrive-enfin-en-amerique-du-nord-mais-toujours-pas-aux-etats-unis\/\"},\"author\":{\"name\":\"Alexandre Filluzeau\",\"@id\":\"https:\/\/www.italpassion.fr\/tr\/#\/schema\/person\/36f747b2a759ca202d847e85a9434ca0\"},\"headline\":\"L&rsquo;Alfa Romeo Junior arrive enfin en Am\u00e9rique du Nord\u2026 mais toujours pas aux \u00c9tats-Unis\",\"datePublished\":\"2026-03-13T15:55:41+00:00\",\"mainEntityOfPage\":{\"@id\":\"https:\/\/www.italpassion.fr\/tr\/alfa-romeo\/lalfa-romeo-junior-arrive-enfin-en-amerique-du-nord-mais-toujours-pas-aux-etats-unis\/\"},\"wordCount\":413,\"commentCount\":4,\"publisher\":{\"@id\":\"https:\/\/www.italpassion.fr\/tr\/#organization\"},\"image\":{\"@id\":\"https:\/\/www.italpassion.fr\/tr\/alfa-romeo\/lalfa-romeo-junior-arrive-enfin-en-amerique-du-nord-mais-toujours-pas-aux-etats-unis\/#primaryimage\"},\"thumbnailUrl\":\"https:\/\/www.italpassion.fr\/wp-content\/uploads\/2026\/03\/alfa-romeo-junior-mecique.jpg\",\"keywords\":[\"Alfa Romeo Junior\"],\"articleSection\":[\"Alfa Romeo\"],\"inLanguage\":\"tr\",\"potentialAction\":[{\"@type\":\"CommentAction\",\"name\":\"Comment\",\"target\":[\"https:\/\/www.italpassion.fr\/tr\/alfa-romeo\/lalfa-romeo-junior-arrive-enfin-en-amerique-du-nord-mais-toujours-pas-aux-etats-unis\/#respond\"]}]},{\"@type\":\"WebPage\",\"@id\":\"https:\/\/www.italpassion.fr\/tr\/alfa-romeo\/lalfa-romeo-junior-arrive-enfin-en-amerique-du-nord-mais-toujours-pas-aux-etats-unis\/\",\"url\":\"https:\/\/www.italpassion.fr\/tr\/alfa-romeo\/lalfa-romeo-junior-arrive-enfin-en-amerique-du-nord-mais-toujours-pas-aux-etats-unis\/\",\"name\":\"L'Alfa Romeo Junior arrive enfin en Am\u00e9rique du Nord\u2026 mais toujours pas aux \u00c9tats-Unis - ItalPassion\",\"isPartOf\":{\"@id\":\"https:\/\/www.italpassion.fr\/tr\/#website\"},\"primaryImageOfPage\":{\"@id\":\"https:\/\/www.italpassion.fr\/tr\/alfa-romeo\/lalfa-romeo-junior-arrive-enfin-en-amerique-du-nord-mais-toujours-pas-aux-etats-unis\/#primaryimage\"},\"image\":{\"@id\":\"https:\/\/www.italpassion.fr\/tr\/alfa-romeo\/lalfa-romeo-junior-arrive-enfin-en-amerique-du-nord-mais-toujours-pas-aux-etats-unis\/#primaryimage\"},\"thumbnailUrl\":\"https:\/\/www.italpassion.fr\/wp-content\/uploads\/2026\/03\/alfa-romeo-junior-mecique.jpg\",\"datePublished\":\"2026-03-13T15:55:41+00:00\",\"description\":\"L\u2019Alfa Romeo Junior poursuit doucement sa conqu\u00eate internationale. Apr\u00e8s son lancement en Europe et au Japon, le plus petit SUV de la marque italienne\",\"breadcrumb\":{\"@id\":\"https:\/\/www.italpassion.fr\/tr\/alfa-romeo\/lalfa-romeo-junior-arrive-enfin-en-amerique-du-nord-mais-toujours-pas-aux-etats-unis\/#breadcrumb\"},\"inLanguage\":\"tr\",\"potentialAction\":[{\"@type\":\"ReadAction\",\"target\":[\"https:\/\/www.italpassion.fr\/tr\/alfa-romeo\/lalfa-romeo-junior-arrive-enfin-en-amerique-du-nord-mais-toujours-pas-aux-etats-unis\/\"]}]},{\"@type\":\"ImageObject\",\"inLanguage\":\"tr\",\"@id\":\"https:\/\/www.italpassion.fr\/tr\/alfa-romeo\/lalfa-romeo-junior-arrive-enfin-en-amerique-du-nord-mais-toujours-pas-aux-etats-unis\/#primaryimage\",\"url\":\"https:\/\/www.italpassion.fr\/wp-content\/uploads\/2026\/03\/alfa-romeo-junior-mecique.jpg\",\"contentUrl\":\"https:\/\/www.italpassion.fr\/wp-content\/uploads\/2026\/03\/alfa-romeo-junior-mecique.jpg\",\"width\":1200,\"height\":800},{\"@type\":\"BreadcrumbList\",\"@id\":\"https:\/\/www.italpassion.fr\/tr\/alfa-romeo\/lalfa-romeo-junior-arrive-enfin-en-amerique-du-nord-mais-toujours-pas-aux-etats-unis\/#breadcrumb\",\"itemListElement\":[{\"@type\":\"ListItem\",\"position\":1,\"name\":\"Accueil\",\"item\":\"https:\/\/www.italpassion.fr\/tr\/\"},{\"@type\":\"ListItem\",\"position\":2,\"name\":\"L&rsquo;Alfa Romeo Junior arrive enfin en Am\u00e9rique du Nord\u2026 mais toujours pas aux \u00c9tats-Unis\"}]},{\"@type\":\"WebSite\",\"@id\":\"https:\/\/www.italpassion.fr\/tr\/#website\",\"url\":\"https:\/\/www.italpassion.fr\/tr\/\",\"name\":\"ItalPassion\",\"description\":\"Les Passionn\u00e9s d&#039;Automobiles Italiennes\",\"publisher\":{\"@id\":\"https:\/\/www.italpassion.fr\/tr\/#organization\"},\"potentialAction\":[{\"@type\":\"SearchAction\",\"target\":{\"@type\":\"EntryPoint\",\"urlTemplate\":\"https:\/\/www.italpassion.fr\/tr\/?s={search_term_string}\"},\"query-input\":{\"@type\":\"PropertyValueSpecification\",\"valueRequired\":true,\"valueName\":\"search_term_string\"}}],\"inLanguage\":\"tr\"},{\"@type\":\"Organization\",\"@id\":\"https:\/\/www.italpassion.fr\/tr\/#organization\",\"name\":\"Italpassion\",\"url\":\"https:\/\/www.italpassion.fr\/tr\/\",\"logo\":{\"@type\":\"ImageObject\",\"inLanguage\":\"tr\",\"@id\":\"https:\/\/www.italpassion.fr\/tr\/#\/schema\/logo\/image\/\",\"url\":\"https:\/\/www.italpassion.fr\/wp-content\/uploads\/2023\/07\/italpassion-yoast.jpg\",\"contentUrl\":\"https:\/\/www.italpassion.fr\/wp-content\/uploads\/2023\/07\/italpassion-yoast.jpg\",\"width\":696,\"height\":696,\"caption\":\"Italpassion\"},\"image\":{\"@id\":\"https:\/\/www.italpassion.fr\/tr\/#\/schema\/logo\/image\/\"},\"sameAs\":[\"https:\/\/www.facebook.com\/italpassion\",\"https:\/\/x.com\/italpassion\",\"https:\/\/www.instagram.com\/italpassionfr\/\",\"https:\/\/www.youtube.com\/channel\/UCleq-ByQaA42OjhopwevRjQ\",\"https:\/\/www.facebook.com\/italpassion.en\/\",\"https:\/\/www.facebook.com\/italpassion.it\/\",\"https:\/\/www.facebook.com\/italpassion.de\/\",\"https:\/\/www.facebook.com\/italpassion.ja\/\"]},{\"@type\":\"Person\",\"@id\":\"https:\/\/www.italpassion.fr\/tr\/#\/schema\/person\/36f747b2a759ca202d847e85a9434ca0\",\"name\":\"Alexandre Filluzeau\",\"image\":{\"@type\":\"ImageObject\",\"inLanguage\":\"tr\",\"@id\":\"https:\/\/www.italpassion.fr\/tr\/#\/schema\/person\/image\/\",\"url\":\"https:\/\/www.italpassion.fr\/wp-content\/uploads\/2025\/04\/avatar-alexandre-160x160.jpg\",\"contentUrl\":\"https:\/\/www.italpassion.fr\/wp-content\/uploads\/2025\/04\/avatar-alexandre-160x160.jpg\",\"caption\":\"Alexandre Filluzeau\"},\"description\":\"Fondateur du site ItalPassion, passionn\u00e9 de voitures italiennes et de l'Italie en g\u00e9n\u00e9ral. J'apporte un regard critique et technique aux actualit\u00e9s des marques italiennes quand cela est possible. Propri\u00e9taire d'une Maserati GranTurismo, Alfa Romeo MiTo, Lancia Fulvia et Ducati 695. Ex-propri\u00e9taire d'une Alfa Romeo Giulia.\",\"sameAs\":[\"https:\/\/www.italpassion.fr\/\"],\"url\":\"https:\/\/www.italpassion.fr\/tr\/author\/alexandre\/\"}]}<\/script>\n<!-- \/ Yoast SEO plugin. -->","yoast_head_json":{"title":"Alfa Romeo Junior nihayet Kuzey Amerika'ya geliyor... ama hen\u00fcz Amerika Birle\u015fik Devletleri'nde de\u011fil - ItalPassion","description":"Alfa Romeo Junior yava\u015f yava\u015f uluslararas\u0131 fetihlerine devam ediyor. Avrupa ve Japonya'daki lansman\u0131n\u0131n ard\u0131ndan, \u0130talyan markan\u0131n en k\u00fc\u00e7\u00fck SUV'u","robots":{"index":"index","follow":"follow","max-snippet":"max-snippet:-1","max-image-preview":"max-image-preview:large","max-video-preview":"max-video-preview:-1"},"canonical":"https:\/\/www.italpassion.fr\/tr\/alfa-romeo\/lalfa-romeo-junior-sonunda-kuzey-ameri\u0307kaya-geli\u0307yor-ancak-hala-ameri\u0307ka-bi\u0307rlesi\u0307k-devletleri\u0307nde-yok\/","og_locale":"tr_TR","og_type":"article","og_title":"L'Alfa Romeo Junior arrive enfin en Am\u00e9rique du Nord\u2026 mais toujours pas aux \u00c9tats-Unis - ItalPassion","og_description":"L\u2019Alfa Romeo Junior poursuit doucement sa conqu\u00eate internationale. Apr\u00e8s son lancement en Europe et au Japon, le plus petit SUV de la marque italienne","og_url":"https:\/\/www.italpassion.fr\/tr\/alfa-romeo\/lalfa-romeo-junior-sonunda-kuzey-ameri\u0307kaya-geli\u0307yor-ancak-hala-ameri\u0307ka-bi\u0307rlesi\u0307k-devletleri\u0307nde-yok\/","og_site_name":"ItalPassion","article_publisher":"https:\/\/www.facebook.com\/italpassion","article_published_time":"2026-03-13T15:55:41+00:00","og_image":[{"width":1200,"height":800,"url":"https:\/\/www.italpassion.fr\/wp-content\/uploads\/2026\/03\/alfa-romeo-junior-mecique.jpg","type":"image\/jpeg"}],"author":"Alexandre Filluzeau","twitter_card":"summary_large_image","twitter_creator":"@italpassion","twitter_site":"@italpassion","schema":{"@context":"https:\/\/schema.org","@graph":[{"@type":"NewsArticle","@id":"https:\/\/www.italpassion.fr\/tr\/alfa-romeo\/lalfa-romeo-junior-arrive-enfin-en-amerique-du-nord-mais-toujours-pas-aux-etats-unis\/#article","isPartOf":{"@id":"https:\/\/www.italpassion.fr\/tr\/alfa-romeo\/lalfa-romeo-junior-arrive-enfin-en-amerique-du-nord-mais-toujours-pas-aux-etats-unis\/"},"author":{"name":"Alexandre Filluzeau","@id":"https:\/\/www.italpassion.fr\/tr\/#\/schema\/person\/36f747b2a759ca202d847e85a9434ca0"},"headline":"L&rsquo;Alfa Romeo Junior arrive enfin en Am\u00e9rique du Nord\u2026 mais toujours pas aux \u00c9tats-Unis","datePublished":"2026-03-13T15:55:41+00:00","mainEntityOfPage":{"@id":"https:\/\/www.italpassion.fr\/tr\/alfa-romeo\/lalfa-romeo-junior-arrive-enfin-en-amerique-du-nord-mais-toujours-pas-aux-etats-unis\/"},"wordCount":413,"commentCount":4,"publisher":{"@id":"https:\/\/www.italpassion.fr\/tr\/#organization"},"image":{"@id":"https:\/\/www.italpassion.fr\/tr\/alfa-romeo\/lalfa-romeo-junior-arrive-enfin-en-amerique-du-nord-mais-toujours-pas-aux-etats-unis\/#primaryimage"},"thumbnailUrl":"https:\/\/www.italpassion.fr\/wp-content\/uploads\/2026\/03\/alfa-romeo-junior-mecique.jpg","keywords":["Alfa Romeo Junior"],"articleSection":["Alfa Romeo"],"inLanguage":"tr","potentialAction":[{"@type":"CommentAction","name":"Comment","target":["https:\/\/www.italpassion.fr\/tr\/alfa-romeo\/lalfa-romeo-junior-arrive-enfin-en-amerique-du-nord-mais-toujours-pas-aux-etats-unis\/#respond"]}]},{"@type":"WebPage","@id":"https:\/\/www.italpassion.fr\/tr\/alfa-romeo\/lalfa-romeo-junior-arrive-enfin-en-amerique-du-nord-mais-toujours-pas-aux-etats-unis\/","url":"https:\/\/www.italpassion.fr\/tr\/alfa-romeo\/lalfa-romeo-junior-arrive-enfin-en-amerique-du-nord-mais-toujours-pas-aux-etats-unis\/","name":"Alfa Romeo Junior nihayet Kuzey Amerika'ya geliyor... ama hen\u00fcz Amerika Birle\u015fik Devletleri'nde de\u011fil - ItalPassion","isPartOf":{"@id":"https:\/\/www.italpassion.fr\/tr\/#website"},"primaryImageOfPage":{"@id":"https:\/\/www.italpassion.fr\/tr\/alfa-romeo\/lalfa-romeo-junior-arrive-enfin-en-amerique-du-nord-mais-toujours-pas-aux-etats-unis\/#primaryimage"},"image":{"@id":"https:\/\/www.italpassion.fr\/tr\/alfa-romeo\/lalfa-romeo-junior-arrive-enfin-en-amerique-du-nord-mais-toujours-pas-aux-etats-unis\/#primaryimage"},"thumbnailUrl":"https:\/\/www.italpassion.fr\/wp-content\/uploads\/2026\/03\/alfa-romeo-junior-mecique.jpg","datePublished":"2026-03-13T15:55:41+00:00","description":"Alfa Romeo Junior yava\u015f yava\u015f uluslararas\u0131 fetihlerine devam ediyor. Avrupa ve Japonya'daki lansman\u0131n\u0131n ard\u0131ndan, \u0130talyan markan\u0131n en k\u00fc\u00e7\u00fck SUV'u","breadcrumb":{"@id":"https:\/\/www.italpassion.fr\/tr\/alfa-romeo\/lalfa-romeo-junior-arrive-enfin-en-amerique-du-nord-mais-toujours-pas-aux-etats-unis\/#breadcrumb"},"inLanguage":"tr","potentialAction":[{"@type":"ReadAction","target":["https:\/\/www.italpassion.fr\/tr\/alfa-romeo\/lalfa-romeo-junior-arrive-enfin-en-amerique-du-nord-mais-toujours-pas-aux-etats-unis\/"]}]},{"@type":"ImageObject","inLanguage":"tr","@id":"https:\/\/www.italpassion.fr\/tr\/alfa-romeo\/lalfa-romeo-junior-arrive-enfin-en-amerique-du-nord-mais-toujours-pas-aux-etats-unis\/#primaryimage","url":"https:\/\/www.italpassion.fr\/wp-content\/uploads\/2026\/03\/alfa-romeo-junior-mecique.jpg","contentUrl":"https:\/\/www.italpassion.fr\/wp-content\/uploads\/2026\/03\/alfa-romeo-junior-mecique.jpg","width":1200,"height":800},{"@type":"BreadcrumbList","@id":"https:\/\/www.italpassion.fr\/tr\/alfa-romeo\/lalfa-romeo-junior-arrive-enfin-en-amerique-du-nord-mais-toujours-pas-aux-etats-unis\/#breadcrumb","itemListElement":[{"@type":"ListItem","position":1,"name":"Accueil","item":"https:\/\/www.italpassion.fr\/tr\/"},{"@type":"ListItem","position":2,"name":"L&rsquo;Alfa Romeo Junior arrive enfin en Am\u00e9rique du Nord\u2026 mais toujours pas aux \u00c9tats-Unis"}]},{"@type":"WebSite","@id":"https:\/\/www.italpassion.fr\/tr\/#website","url":"https:\/\/www.italpassion.fr\/tr\/","name":"ItalPassion","description":"\u0130talyan Araba Merakl\u0131lar\u0131","publisher":{"@id":"https:\/\/www.italpassion.fr\/tr\/#organization"},"potentialAction":[{"@type":"SearchAction","target":{"@type":"EntryPoint","urlTemplate":"https:\/\/www.italpassion.fr\/tr\/?s={search_term_string}"},"query-input":{"@type":"PropertyValueSpecification","valueRequired":true,"valueName":"search_term_string"}}],"inLanguage":"tr"},{"@type":"Organization","@id":"https:\/\/www.italpassion.fr\/tr\/#organization","name":"Italpassion","url":"https:\/\/www.italpassion.fr\/tr\/","logo":{"@type":"ImageObject","inLanguage":"tr","@id":"https:\/\/www.italpassion.fr\/tr\/#\/schema\/logo\/image\/","url":"https:\/\/www.italpassion.fr\/wp-content\/uploads\/2023\/07\/italpassion-yoast.jpg","contentUrl":"https:\/\/www.italpassion.fr\/wp-content\/uploads\/2023\/07\/italpassion-yoast.jpg","width":696,"height":696,"caption":"Italpassion"},"image":{"@id":"https:\/\/www.italpassion.fr\/tr\/#\/schema\/logo\/image\/"},"sameAs":["https:\/\/www.facebook.com\/italpassion","https:\/\/x.com\/italpassion","https:\/\/www.instagram.com\/italpassionfr\/","https:\/\/www.youtube.com\/channel\/UCleq-ByQaA42OjhopwevRjQ","https:\/\/www.facebook.com\/italpassion.en\/","https:\/\/www.facebook.com\/italpassion.it\/","https:\/\/www.facebook.com\/italpassion.de\/","https:\/\/www.facebook.com\/italpassion.ja\/"]},{"@type":"Person","@id":"https:\/\/www.italpassion.fr\/tr\/#\/schema\/person\/36f747b2a759ca202d847e85a9434ca0","name":"Alexandre Filluzeau","image":{"@type":"ImageObject","inLanguage":"tr","@id":"https:\/\/www.italpassion.fr\/tr\/#\/schema\/person\/image\/","url":"https:\/\/www.italpassion.fr\/wp-content\/uploads\/2025\/04\/avatar-alexandre-160x160.jpg","contentUrl":"https:\/\/www.italpassion.fr\/wp-content\/uploads\/2025\/04\/avatar-alexandre-160x160.jpg","caption":"Alexandre Filluzeau"},"description":"ItalPassion web sitesinin kurucusu, \u0130talyan otomobilleri ve genel olarak \u0130talya hakk\u0131nda tutkulu. M\u00fcmk\u00fcn oldu\u011funca \u0130talyan markalar\u0131n\u0131n haberlerine ele\u015ftirel ve teknik bir g\u00f6z getiriyorum. Maserati GranTurismo, Alfa Romeo MiTo, Lancia Fulvia ve Ducati 695 sahibiyim. Alfa Romeo Giulia'n\u0131n eski sahibi.","sameAs":["https:\/\/www.italpassion.fr\/"],"url":"https:\/\/www.italpassion.fr\/tr\/author\/alexandre\/"}]}},"_links":{"self":[{"href":"https:\/\/www.italpassion.fr\/tr\/wp-json\/wp\/v2\/posts\/47352","targetHints":{"allow":["GET"]}}],"collection":[{"href":"https:\/\/www.italpassion.fr\/tr\/wp-json\/wp\/v2\/posts"}],"about":[{"href":"https:\/\/www.italpassion.fr\/tr\/wp-json\/wp\/v2\/types\/post"}],"author":[{"embeddable":true,"href":"https:\/\/www.italpassion.fr\/tr\/wp-json\/wp\/v2\/users\/1"}],"replies":[{"embeddable":true,"href":"https:\/\/www.italpassion.fr\/tr\/wp-json\/wp\/v2\/comments?post=47352"}],"version-history":[{"count":1,"href":"https:\/\/www.italpassion.fr\/tr\/wp-json\/wp\/v2\/posts\/47352\/revisions"}],"predecessor-version":[{"id":47355,"href":"https:\/\/www.italpassion.fr\/tr\/wp-json\/wp\/v2\/posts\/47352\/revisions\/47355"}],"wp:featuredmedia":[{"embeddable":true,"href":"https:\/\/www.italpassion.fr\/tr\/wp-json\/wp\/v2\/media\/47353"}],"wp:attachment":[{"href":"https:\/\/www.italpassion.fr\/tr\/wp-json\/wp\/v2\/media?parent=47352"}],"wp:term":[{"taxonomy":"category","embeddable":true,"href":"https:\/\/www.italpassion.fr\/tr\/wp-json\/wp\/v2\/categories?post=47352"},{"taxonomy":"post_tag","embeddable":true,"href":"https:\/\/www.italpassion.fr\/tr\/wp-json\/wp\/v2\/tags?post=47352"}],"curies":[{"name":"wp","href":"https:\/\/api.w.org\/{rel}","templated":true}]}}