{"id":46208,"date":"2026-02-07T12:01:59","date_gmt":"2026-02-07T11:01:59","guid":{"rendered":"https:\/\/www.italpassion.fr\/?p=46208"},"modified":"2026-02-06T11:33:53","modified_gmt":"2026-02-06T10:33:53","slug":"laffite-lm1-bi%cc%87r-fransiz-fi%cc%87kri%cc%87-ama-1000-bhp-gucundeki%cc%87-bu-hi%cc%87per-otomobi%cc%87l-i%cc%87talyan-ureti%cc%87mi%cc%87","status":"publish","type":"post","link":"https:\/\/www.italpassion.fr\/tr\/laffite-automobili\/laffite-lm1-une-idee-francaise-mais-une-realisation-italienne-pour-cette-hypercar-de-1000-ch\/","title":{"rendered":"Laffite LM1: Frans\u0131z bir fikir ama bu 1000 bhp hiper otomobil i\u00e7in \u0130talyan bir uygulama!"},"content":{"rendered":"<figure class=\"wp-block-image size-full\"><img loading=\"lazy\" decoding=\"async\" width=\"1200\" height=\"800\" src=\"https:\/\/www.italpassion.fr\/wp-content\/uploads\/2026\/02\/lm1.jpg\" alt=\"\" class=\"wp-image-46210\" srcset=\"https:\/\/www.italpassion.fr\/wp-content\/uploads\/2026\/02\/lm1.jpg 1200w, https:\/\/www.italpassion.fr\/wp-content\/uploads\/2026\/02\/lm1-420x280.jpg 420w, https:\/\/www.italpassion.fr\/wp-content\/uploads\/2026\/02\/lm1-768x512.jpg 768w, https:\/\/www.italpassion.fr\/wp-content\/uploads\/2026\/02\/lm1-18x12.jpg 18w\" sizes=\"auto, (max-width: 1200px) 100vw, 1200px\" \/><\/figure>\n\n\n\n<p>Sadece 24 \u00f6rnek, bunlardan biri R\u00e9tromobile Paris'teki Ultimate Supercar Garage fuar\u0131nda sergilendi. Bu, Fransa'da iyi bilinen bir isme sahip, ancak DNA's\u0131 her \u015feyden \u00f6nce \u0130talyan olan orijinal Laffite LM1!<\/p>\n\n\n\n<figure class=\"wp-block-image size-full\"><img loading=\"lazy\" decoding=\"async\" width=\"1200\" height=\"800\" src=\"https:\/\/www.italpassion.fr\/wp-content\/uploads\/2026\/02\/lm1-1.jpg\" alt=\"\" class=\"wp-image-46209\" srcset=\"https:\/\/www.italpassion.fr\/wp-content\/uploads\/2026\/02\/lm1-1.jpg 1200w, https:\/\/www.italpassion.fr\/wp-content\/uploads\/2026\/02\/lm1-1-420x280.jpg 420w, https:\/\/www.italpassion.fr\/wp-content\/uploads\/2026\/02\/lm1-1-768x512.jpg 768w, https:\/\/www.italpassion.fr\/wp-content\/uploads\/2026\/02\/lm1-1-18x12.jpg 18w\" sizes=\"auto, (max-width: 1200px) 100vw, 1200px\" \/><figcaption class=\"wp-element-caption\">Lafitte LM1 Ultimate Supercar Garage'da sergileniyor. Italpassion i\u00e7in Nicolas foto\u011fraf\u0131<\/figcaption><\/figure>\n\n\n\n<h2 class=\"wp-block-heading\">Yol yar\u0131\u015f\u0131 deneyimi<\/h2>\n\n\n\n<p>Bruno Laffite, Jacques Laffite'in (1974-1986 y\u0131llar\u0131 aras\u0131nda Ligier ile F1'de 176 GP ve 6 zafer) ye\u011feni olabilir, ancak b\u00fcy\u00fck bir meydan okumay\u0131 \u00fcstlenmeden \u00f6nce kendi spor otomobil markas\u0131n\u0131 yaratmadan \u00f6nce bir yar\u0131\u015fmac\u0131 olarak kendi kariyerine de sahipti. Maceras\u0131 Amerika Birle\u015fik Devletleri'nde Laffite Supercars markas\u0131yla ba\u015flad\u0131 ve ard\u0131ndan 2023'te \u015fu isim alt\u0131nda yeni bir olu\u015fum ortaya \u00e7\u0131kt\u0131 <a href=\"https:\/\/www.italpassion.fr\/tr\/lafitte-automobili\/\">Laffite Automobili<\/a>.<\/p>\n\n\n\n<p>Bruno Laffite \"yola uygun yar\u0131\u015f arabalar\u0131\" \u00fcretmek istiyor ve amcas\u0131n\u0131n 1986'da Brands Hatch'te ge\u00e7irdi\u011fi kazan\u0131n hayaleti hala haf\u0131zalarda oldu\u011fu i\u00e7in markas\u0131n\u0131 motor sporlar\u0131nda lanse etmek gibi bir niyeti yok. Fikir, bir yar\u0131\u015f otomobilinin hislerini yeniden ke\u015ffetmek, ancak '\u00e7ok ama\u00e7l\u0131', g\u00fcnl\u00fck kullan\u0131m i\u00e7indi. Le Mans hiper otomobili g\u00f6r\u00fcn\u00fcm\u00fcne sahip g\u00fcnl\u00fck bir s\u00fcr\u00fcc\u00fc ger\u00e7ekten mant\u0131kl\u0131 m\u0131? Her hal\u00fckarda, yol tutu\u015fu i\u00e7in iyi bir test olan Monako \u00e7evresinde s\u00fcr\u00fcld\u00fc.<\/p>\n\n\n\n<h2 class=\"wp-block-heading\">\u0130talyan know-how'\u0131<\/h2>\n\n\n\n<p>\u0130sim kula\u011fa \u0130talyan gibi geliyorsa, bunun nedeni LM1'in \u0130talya'da tasarlanm\u0131\u015f ve \u00fcretilmi\u015f olmas\u0131d\u0131r! Alplerin di\u011fer taraf\u0131nda, on y\u0131l\u0131 a\u015fk\u0131n bir \u00e7aban\u0131n sonucu olan projesine \"kap\u0131lar ve kalpler a\u00e7\u0131ld\u0131\". \u0130talya, d\u00f6rt tekerlek \u00fczerinde cesur bir projeye sahip olanlar i\u00e7in hala bir olas\u0131l\u0131klar \u00fclkesi... Bu y\u00fczden marka, kendisini en iyilerle \u00e7evreleyerek Torino'da kuruldu.  Tasar\u0131m, \u015fu anda ba\u011f\u0131ms\u0131z st\u00fcdyolar\u0131 GFG Style'\u0131n ba\u015f\u0131nda bulunan ve d\u00fcnyan\u0131n en iyi tasar\u0131mc\u0131lar\u0131ndan biri olarak kabul edilen Fabrizio ve Giorgetto Giugiaro'nun eseri.<\/p>\n\n\n\n<figure class=\"wp-block-image size-full\"><img loading=\"lazy\" decoding=\"async\" width=\"1200\" height=\"800\" src=\"https:\/\/www.italpassion.fr\/wp-content\/uploads\/2026\/02\/lm1-8.jpg\" alt=\"\" class=\"wp-image-46212\" srcset=\"https:\/\/www.italpassion.fr\/wp-content\/uploads\/2026\/02\/lm1-8.jpg 1200w, https:\/\/www.italpassion.fr\/wp-content\/uploads\/2026\/02\/lm1-8-420x280.jpg 420w, https:\/\/www.italpassion.fr\/wp-content\/uploads\/2026\/02\/lm1-8-768x512.jpg 768w, https:\/\/www.italpassion.fr\/wp-content\/uploads\/2026\/02\/lm1-8-18x12.jpg 18w\" sizes=\"auto, (max-width: 1200px) 100vw, 1200px\" \/><figcaption class=\"wp-element-caption\">Italpassion i\u00e7in Nicolas foto\u011fraf\u0131<\/figcaption><\/figure>\n\n\n\n<figure class=\"wp-block-image size-full\"><img loading=\"lazy\" decoding=\"async\" width=\"1200\" height=\"800\" src=\"https:\/\/www.italpassion.fr\/wp-content\/uploads\/2026\/02\/lm1-9.jpg\" alt=\"\" class=\"wp-image-46213\" srcset=\"https:\/\/www.italpassion.fr\/wp-content\/uploads\/2026\/02\/lm1-9.jpg 1200w, https:\/\/www.italpassion.fr\/wp-content\/uploads\/2026\/02\/lm1-9-420x280.jpg 420w, https:\/\/www.italpassion.fr\/wp-content\/uploads\/2026\/02\/lm1-9-768x512.jpg 768w, https:\/\/www.italpassion.fr\/wp-content\/uploads\/2026\/02\/lm1-9-18x12.jpg 18w\" sizes=\"auto, (max-width: 1200px) 100vw, 1200px\" \/><figcaption class=\"wp-element-caption\">Italpassion i\u00e7in Nicolas foto\u011fraf\u0131<\/figcaption><\/figure>\n\n\n\n<figure class=\"wp-block-image size-full\"><img loading=\"lazy\" decoding=\"async\" width=\"1200\" height=\"800\" src=\"https:\/\/www.italpassion.fr\/wp-content\/uploads\/2026\/02\/lm1-10.jpg\" alt=\"\" class=\"wp-image-46214\" srcset=\"https:\/\/www.italpassion.fr\/wp-content\/uploads\/2026\/02\/lm1-10.jpg 1200w, https:\/\/www.italpassion.fr\/wp-content\/uploads\/2026\/02\/lm1-10-420x280.jpg 420w, https:\/\/www.italpassion.fr\/wp-content\/uploads\/2026\/02\/lm1-10-768x512.jpg 768w, https:\/\/www.italpassion.fr\/wp-content\/uploads\/2026\/02\/lm1-10-18x12.jpg 18w\" sizes=\"auto, (max-width: 1200px) 100vw, 1200px\" \/><figcaption class=\"wp-element-caption\">Italpassion i\u00e7in Nicolas foto\u011fraf\u0131<\/figcaption><\/figure>\n\n\n\n<p>Bruno Laffite ayr\u0131ca g\u00f6vde i\u00e7in Torino merkezli m\u00fchendislik firmas\u0131 LM Gianetti ile i\u015fbirli\u011fi yapt\u0131. 1966 y\u0131l\u0131nda kurulan Piedmont merkezli \u015firket, 1970'lerden bu yana FI, WRC ve GT \u015fampiyonalar\u0131nda resmi yar\u0131\u015f tak\u0131mlar\u0131yla \u00e7al\u0131\u015farak uluslararas\u0131 bir \u00fcne kavu\u015ftu. \u00c7ok \u00f6zel alanlardaki (g\u00f6vde, roll-bar, s\u00fcspansiyon) bilgi birikimleri Lancia 037 ve Delta HF ralli ara\u00e7lar\u0131n\u0131n yan\u0131 s\u0131ra Alfa Romeo 155 DTM'nin tasar\u0131m ve geli\u015ftirilmesinde kullan\u0131ld\u0131. K\u0131sacas\u0131, t\u00fcm \u015fampiyonlar! Yak\u0131n zamanda Ford Focus WRC, Fiat Abarth 124 RGT ve Scuderia Glickenhaus \u00fczerinde \u00e7al\u0131\u015ft\u0131lar.<\/p>\n\n\n\n<h2 class=\"wp-block-heading\">1000 bhp ve Le Mans 24 saat atmosferi<\/h2>\n\n\n\n<p>\u0130lk kez Miami 2023 Grand Prix'sinde tan\u0131t\u0131lan LM, GT ile DTM sedan\u0131n\u0131n ruhu aras\u0131nda bir barchetta ve bir Atrax 4\u00d74 SUV ile zaman i\u00e7inde geni\u015fleyecek bir serinin ilk modelidir. Ba\u015flang\u0131\u00e7ta elektrikli bir hiper otomobil olarak tasarlanan LM, sonunda bir hibrid haline geldi, \u00e7\u00fcnk\u00fc elektrikli s\u00fcper otomobillere olan talep... anekdotal! Maserati Folgore ile buna tan\u0131kl\u0131k edebilir!<\/p>\n\n\n\n<figure class=\"wp-block-image size-full\"><img loading=\"lazy\" decoding=\"async\" width=\"1200\" height=\"800\" src=\"https:\/\/www.italpassion.fr\/wp-content\/uploads\/2026\/02\/lm1-7.jpg\" alt=\"\" class=\"wp-image-46215\" srcset=\"https:\/\/www.italpassion.fr\/wp-content\/uploads\/2026\/02\/lm1-7.jpg 1200w, https:\/\/www.italpassion.fr\/wp-content\/uploads\/2026\/02\/lm1-7-420x280.jpg 420w, https:\/\/www.italpassion.fr\/wp-content\/uploads\/2026\/02\/lm1-7-768x512.jpg 768w, https:\/\/www.italpassion.fr\/wp-content\/uploads\/2026\/02\/lm1-7-18x12.jpg 18w\" sizes=\"auto, (max-width: 1200px) 100vw, 1200px\" \/><figcaption class=\"wp-element-caption\">Italpassion i\u00e7in Nicolas foto\u011fraf\u0131<\/figcaption><\/figure>\n\n\n\n<p>Otomobil g\u00fcc\u00fcn\u00fc, F4'te Abarth, Yeni Stratos'ta MAT ve WEC'te de dahil olmak \u00fczere di\u011fer \u00fcreticilerle \u00e7al\u0131\u015fm\u0131\u015f \u00fcnl\u00fc bir uzman olan Autotecnica taraf\u0131ndan yine \u0130talya'da tasarlanan 3.9 litrelik V8 Biturbo motordan (e-yak\u0131t uyumlu) al\u0131yor. Sadece hibrid sistem \u0130talyan de\u011fil, 6 kWh ile s\u0131n\u0131rl\u0131 bir batarya ile \u0130ngiliz. Aerodinamik \u00f6zellikler Venturi alt g\u00f6vdenin zemin etkisini \u00e7\u0131kar\u0131labilir arka kanattaki F1 tarz\u0131 DRS sistemiyle birle\u015ftiriyor ve bunlar\u0131n t\u00fcm\u00fc 1.350 kiloya kadar bast\u0131rma kuvveti \u00fcretebiliyor.<\/p>\n\n\n\n<figure class=\"wp-block-image size-full\"><img loading=\"lazy\" decoding=\"async\" width=\"1200\" height=\"800\" src=\"https:\/\/www.italpassion.fr\/wp-content\/uploads\/2026\/02\/lm1-4.jpg\" alt=\"\" class=\"wp-image-46211\" srcset=\"https:\/\/www.italpassion.fr\/wp-content\/uploads\/2026\/02\/lm1-4.jpg 1200w, https:\/\/www.italpassion.fr\/wp-content\/uploads\/2026\/02\/lm1-4-420x280.jpg 420w, https:\/\/www.italpassion.fr\/wp-content\/uploads\/2026\/02\/lm1-4-768x512.jpg 768w, https:\/\/www.italpassion.fr\/wp-content\/uploads\/2026\/02\/lm1-4-18x12.jpg 18w\" sizes=\"auto, (max-width: 1200px) 100vw, 1200px\" \/><figcaption class=\"wp-element-caption\">Italpassion i\u00e7in Nicolas foto\u011fraf\u0131<\/figcaption><\/figure>\n\n\n\n<h2 class=\"wp-block-heading\">Ka\u011f\u0131t \u00fczerinde radikal performans<\/h2>\n\n\n\n<p>\u0130ki enerjiyi birle\u015ftiren 5,20 metre uzunlu\u011funda, iki metre geni\u015fli\u011findeki canavar 1.000 beygir g\u00fcc\u00fcne (750'si i\u00e7ten yanmal\u0131 motordan, 250'si elektrikli motordan) ve 8.000 rpm'de 725 Nm torka sahiptir. 1.300 kiloluk a\u011f\u0131rl\u0131\u011f\u0131yla 0'dan 100 km\/s h\u0131za 2,5 saniyeden daha k\u0131sa s\u00fcrede \u00e7\u0131kabiliyor. En y\u00fcksek h\u0131z\u0131n 350 km\/s oldu\u011fu tahmin ediliyor. LM1, \u00f6nde 20 in\u00e7 Pirelli lastikleri (275\/35 ZR20) ve arkada 21 in\u00e7 lastiklerle (345\/30 ZR21) donat\u0131lm\u0131\u015ft\u0131r. Frenleme s\u00f6z konusu oldu\u011funda, LM1 Brembo d\u00f6kme demir disklerle donat\u0131lm\u0131\u015ft\u0131r (\u00f6nde 405 mm (6 piston) \/ arkada 380 mm (4 piston), ancak Brembo seramik ve karbon yar\u0131\u015f diskleri i\u00e7in bir se\u00e7enek vard\u0131r. Evet, bir se\u00e7enek olarak!<\/p>\n\n\n\n<figure class=\"wp-block-image size-full\"><img loading=\"lazy\" decoding=\"async\" width=\"1200\" height=\"800\" src=\"https:\/\/www.italpassion.fr\/wp-content\/uploads\/2026\/02\/lm1-2.jpg\" alt=\"\" class=\"wp-image-46216\" srcset=\"https:\/\/www.italpassion.fr\/wp-content\/uploads\/2026\/02\/lm1-2.jpg 1200w, https:\/\/www.italpassion.fr\/wp-content\/uploads\/2026\/02\/lm1-2-420x280.jpg 420w, https:\/\/www.italpassion.fr\/wp-content\/uploads\/2026\/02\/lm1-2-768x512.jpg 768w, https:\/\/www.italpassion.fr\/wp-content\/uploads\/2026\/02\/lm1-2-18x12.jpg 18w\" sizes=\"auto, (max-width: 1200px) 100vw, 1200px\" \/><figcaption class=\"wp-element-caption\">Italpassion i\u00e7in Nicolas foto\u011fraf\u0131<\/figcaption><\/figure>\n\n\n\n<figure class=\"wp-block-image size-full\"><img loading=\"lazy\" decoding=\"async\" width=\"1200\" height=\"800\" src=\"https:\/\/www.italpassion.fr\/wp-content\/uploads\/2026\/02\/lm-2-1.jpg\" alt=\"\" class=\"wp-image-46220\" srcset=\"https:\/\/www.italpassion.fr\/wp-content\/uploads\/2026\/02\/lm-2-1.jpg 1200w, https:\/\/www.italpassion.fr\/wp-content\/uploads\/2026\/02\/lm-2-1-420x280.jpg 420w, https:\/\/www.italpassion.fr\/wp-content\/uploads\/2026\/02\/lm-2-1-768x512.jpg 768w, https:\/\/www.italpassion.fr\/wp-content\/uploads\/2026\/02\/lm-2-1-18x12.jpg 18w\" sizes=\"auto, (max-width: 1200px) 100vw, 1200px\" \/><figcaption class=\"wp-element-caption\">Italpassion i\u00e7in Nicolas foto\u011fraf\u0131<\/figcaption><\/figure>\n\n\n\n<figure class=\"wp-block-image size-full\"><img loading=\"lazy\" decoding=\"async\" width=\"1200\" height=\"800\" src=\"https:\/\/www.italpassion.fr\/wp-content\/uploads\/2026\/02\/lm1-3.jpg\" alt=\"\" class=\"wp-image-46217\" srcset=\"https:\/\/www.italpassion.fr\/wp-content\/uploads\/2026\/02\/lm1-3.jpg 1200w, https:\/\/www.italpassion.fr\/wp-content\/uploads\/2026\/02\/lm1-3-420x280.jpg 420w, https:\/\/www.italpassion.fr\/wp-content\/uploads\/2026\/02\/lm1-3-768x512.jpg 768w, https:\/\/www.italpassion.fr\/wp-content\/uploads\/2026\/02\/lm1-3-18x12.jpg 18w\" sizes=\"auto, (max-width: 1200px) 100vw, 1200px\" \/><figcaption class=\"wp-element-caption\">Italpassion i\u00e7in Nicolas foto\u011fraf\u0131<\/figcaption><\/figure>\n\n\n\n<figure class=\"wp-block-image size-full\"><img loading=\"lazy\" decoding=\"async\" width=\"1200\" height=\"800\" src=\"https:\/\/www.italpassion.fr\/wp-content\/uploads\/2026\/02\/lm1-6.jpg\" alt=\"\" class=\"wp-image-46218\" srcset=\"https:\/\/www.italpassion.fr\/wp-content\/uploads\/2026\/02\/lm1-6.jpg 1200w, https:\/\/www.italpassion.fr\/wp-content\/uploads\/2026\/02\/lm1-6-420x280.jpg 420w, https:\/\/www.italpassion.fr\/wp-content\/uploads\/2026\/02\/lm1-6-768x512.jpg 768w, https:\/\/www.italpassion.fr\/wp-content\/uploads\/2026\/02\/lm1-6-18x12.jpg 18w\" sizes=\"auto, (max-width: 1200px) 100vw, 1200px\" \/><figcaption class=\"wp-element-caption\">Italpassion i\u00e7in Nicolas foto\u011fraf\u0131<\/figcaption><\/figure>\n\n\n\n<h2 class=\"wp-block-heading\">GT ruhunu ihmal etmeyen bir hiper otomobil<\/h2>\n\n\n\n<p>Rekabet kokan kokpit tarz\u0131 i\u00e7 mekanda, Apple Car Play \u00f6zellikli b\u00fcy\u00fck bir dokunmatik ekran canavar\u0131 biraz uysalla\u015ft\u0131r\u0131yor. Her \u015fey performans odakl\u0131, g\u00f6steri\u015fsiz ama kaliteli malzemelerle \u00fcretilmi\u015f. 9,5 in\u00e7lik bir bilgi-e\u011flence ekran\u0131n\u0131n yan\u0131 s\u0131ra <a>bulunan iki b\u00fcy\u00fck b\u00f6lme<\/a> iki koltuk aras\u0131nda. Kaputu a\u00e7arsan\u0131z, yolcu h\u00fccresi ile motor b\u00f6lmesi aras\u0131na ak\u0131ll\u0131ca yerle\u015ftirilmi\u015f 65 litrelik k\u00fc\u00e7\u00fck bir bagaj b\u00f6lmesi bile bulacaks\u0131n\u0131z. Son olarak, bir kald\u0131rma sistemi s\u00fcper otomobillerin 'favori' engelleri olan h\u0131z t\u00fcmseklerinin \u00fcstesinden gelmeyi m\u00fcmk\u00fcn k\u0131l\u0131yor.<\/p>\n\n\n\n<figure class=\"wp-block-image size-full\"><img loading=\"lazy\" decoding=\"async\" width=\"1200\" height=\"800\" src=\"https:\/\/www.italpassion.fr\/wp-content\/uploads\/2026\/02\/lm1-10-1.jpg\" alt=\"\" class=\"wp-image-46221\" srcset=\"https:\/\/www.italpassion.fr\/wp-content\/uploads\/2026\/02\/lm1-10-1.jpg 1200w, https:\/\/www.italpassion.fr\/wp-content\/uploads\/2026\/02\/lm1-10-1-420x280.jpg 420w, https:\/\/www.italpassion.fr\/wp-content\/uploads\/2026\/02\/lm1-10-1-768x512.jpg 768w, https:\/\/www.italpassion.fr\/wp-content\/uploads\/2026\/02\/lm1-10-1-18x12.jpg 18w\" sizes=\"auto, (max-width: 1200px) 100vw, 1200px\" \/><figcaption class=\"wp-element-caption\">Italpassion i\u00e7in Nicolas foto\u011fraf\u0131<\/figcaption><\/figure>\n\n\n\n<p>Toyota GT-One g\u00f6r\u00fcn\u00fcm\u00fcyle LM, GT1'ler, LMP'ler ve WEC hiper otomobilleri aras\u0131ndaki kav\u015fakta fark edilmeden ge\u00e7emez. \u0130\u015fte Monako'daki Top Marques 2025 fuar\u0131nda \u00e7ekilen ve s\u00fcper otomobilin bizzat Ekselanslar\u0131 Albert ile i\u015fbirli\u011fi i\u00e7inde tasarlanan \u00f6zel bir 'Monako' g\u00f6r\u00fcn\u00fcm\u00fcyle sunuldu\u011fu bir video!<\/p>\n\n\n\n<figure class=\"wp-block-embed is-type-video is-provider-youtube wp-block-embed-youtube wp-embed-aspect-16-9 wp-has-aspect-ratio\"><div class=\"wp-block-embed__wrapper\">\n<iframe loading=\"lazy\" title=\"TOP MARQUES MONACO 2025 - BRUNO LAFFITE I\u0307LE LAFFITE LM&#039;YI\u0307 KE\u015eFEDI\u0307YORUZ\" width=\"1200\" height=\"675\" src=\"https:\/\/www.youtube-nocookie.com\/embed\/mYQDuCmtTQk?feature=oembed\" frameborder=\"0\" allow=\"accelerometer; autoplay; clipboard-write; encrypted-media; gyroscope; picture-in-picture; web-share\" referrerpolicy=\"strict-origin-when-cross-origin\" allowfullscreen><\/iframe>\n<\/div><\/figure>\n\n\n\n<p><\/p>","protected":false},"excerpt":{"rendered":"","protected":false},"author":8,"featured_media":46210,"comment_status":"open","ping_status":"open","sticky":false,"template":"","format":"standard","meta":{"_acf_changed":false,"_sitemap_exclude":false,"_sitemap_priority":"","_sitemap_frequency":"","footnotes":""},"categories":[698],"tags":[],"class_list":["post-46208","post","type-post","status-publish","format-standard","has-post-thumbnail","hentry","category-laffite-automobili","generate-columns","tablet-grid-50","mobile-grid-100","grid-parent","grid-33"],"acf":[],"yoast_head":"<!-- This site is optimized with the Yoast SEO plugin v25.8 - https:\/\/yoast.com\/wordpress\/plugins\/seo\/ -->\n<title>Laffite LM1 : une id\u00e9e fran\u00e7aise mais une r\u00e9alisation italienne pour cette hypercar de 1000 ch ! - ItalPassion<\/title>\n<meta name=\"description\" content=\"24 exemplaires seulement, dont un \u00e9tait expos\u00e9 au salon Ultimate\u00a0Supercar Garage \u00e0 R\u00e9tromobile Paris. Voici l\u2019originale Laffite LM1, qui porte un nom bien\" \/>\n<meta name=\"robots\" content=\"index, follow, max-snippet:-1, max-image-preview:large, max-video-preview:-1\" \/>\n<link rel=\"canonical\" href=\"https:\/\/www.italpassion.fr\/tr\/laffite-automobili\/laffite-lm1-bi\u0307r-fransiz-fi\u0307kri\u0307-ama-1000-bhp-gucundeki\u0307-bu-hi\u0307per-otomobi\u0307l-i\u0307talyan-ureti\u0307mi\u0307\/\" \/>\n<meta property=\"og:locale\" content=\"tr_TR\" \/>\n<meta property=\"og:type\" content=\"article\" \/>\n<meta property=\"og:title\" content=\"Laffite LM1 : une id\u00e9e fran\u00e7aise mais une r\u00e9alisation italienne pour cette hypercar de 1000 ch ! - ItalPassion\" \/>\n<meta property=\"og:description\" content=\"24 exemplaires seulement, dont un \u00e9tait expos\u00e9 au salon Ultimate\u00a0Supercar Garage \u00e0 R\u00e9tromobile Paris. Voici l\u2019originale Laffite LM1, qui porte un nom bien\" \/>\n<meta property=\"og:url\" content=\"https:\/\/www.italpassion.fr\/tr\/laffite-automobili\/laffite-lm1-bi\u0307r-fransiz-fi\u0307kri\u0307-ama-1000-bhp-gucundeki\u0307-bu-hi\u0307per-otomobi\u0307l-i\u0307talyan-ureti\u0307mi\u0307\/\" \/>\n<meta property=\"og:site_name\" content=\"ItalPassion\" \/>\n<meta property=\"article:publisher\" content=\"https:\/\/www.facebook.com\/italpassion\" \/>\n<meta property=\"article:published_time\" content=\"2026-02-07T11:01:59+00:00\" \/>\n<meta property=\"og:image\" content=\"https:\/\/www.italpassion.fr\/wp-content\/uploads\/2026\/02\/lm1.jpg\" \/>\n\t<meta property=\"og:image:width\" content=\"1200\" \/>\n\t<meta property=\"og:image:height\" content=\"800\" \/>\n\t<meta property=\"og:image:type\" content=\"image\/jpeg\" \/>\n<meta name=\"author\" content=\"Nicolas Anderbegani\" \/>\n<meta name=\"twitter:card\" content=\"summary_large_image\" \/>\n<meta name=\"twitter:creator\" content=\"@italpassion\" \/>\n<meta name=\"twitter:site\" content=\"@italpassion\" \/>\n<script type=\"application\/ld+json\" class=\"yoast-schema-graph\">{\"@context\":\"https:\/\/schema.org\",\"@graph\":[{\"@type\":\"NewsArticle\",\"@id\":\"https:\/\/www.italpassion.fr\/tr\/laffite-automobili\/laffite-lm1-une-idee-francaise-mais-une-realisation-italienne-pour-cette-hypercar-de-1000-ch\/#article\",\"isPartOf\":{\"@id\":\"https:\/\/www.italpassion.fr\/tr\/laffite-automobili\/laffite-lm1-une-idee-francaise-mais-une-realisation-italienne-pour-cette-hypercar-de-1000-ch\/\"},\"author\":{\"name\":\"Nicolas Anderbegani\",\"@id\":\"https:\/\/www.italpassion.fr\/tr\/#\/schema\/person\/efd63d72fc8007741c5836a896805b04\"},\"headline\":\"Laffite LM1 : une id\u00e9e fran\u00e7aise mais une r\u00e9alisation italienne pour cette hypercar de 1000 ch !\",\"datePublished\":\"2026-02-07T11:01:59+00:00\",\"mainEntityOfPage\":{\"@id\":\"https:\/\/www.italpassion.fr\/tr\/laffite-automobili\/laffite-lm1-une-idee-francaise-mais-une-realisation-italienne-pour-cette-hypercar-de-1000-ch\/\"},\"wordCount\":1025,\"commentCount\":4,\"publisher\":{\"@id\":\"https:\/\/www.italpassion.fr\/tr\/#organization\"},\"image\":{\"@id\":\"https:\/\/www.italpassion.fr\/tr\/laffite-automobili\/laffite-lm1-une-idee-francaise-mais-une-realisation-italienne-pour-cette-hypercar-de-1000-ch\/#primaryimage\"},\"thumbnailUrl\":\"https:\/\/www.italpassion.fr\/wp-content\/uploads\/2026\/02\/lm1.jpg\",\"articleSection\":[\"Laffite Automobili\"],\"inLanguage\":\"tr\",\"potentialAction\":[{\"@type\":\"CommentAction\",\"name\":\"Comment\",\"target\":[\"https:\/\/www.italpassion.fr\/tr\/laffite-automobili\/laffite-lm1-une-idee-francaise-mais-une-realisation-italienne-pour-cette-hypercar-de-1000-ch\/#respond\"]}]},{\"@type\":\"WebPage\",\"@id\":\"https:\/\/www.italpassion.fr\/tr\/laffite-automobili\/laffite-lm1-une-idee-francaise-mais-une-realisation-italienne-pour-cette-hypercar-de-1000-ch\/\",\"url\":\"https:\/\/www.italpassion.fr\/tr\/laffite-automobili\/laffite-lm1-une-idee-francaise-mais-une-realisation-italienne-pour-cette-hypercar-de-1000-ch\/\",\"name\":\"Laffite LM1 : une id\u00e9e fran\u00e7aise mais une r\u00e9alisation italienne pour cette hypercar de 1000 ch ! - ItalPassion\",\"isPartOf\":{\"@id\":\"https:\/\/www.italpassion.fr\/tr\/#website\"},\"primaryImageOfPage\":{\"@id\":\"https:\/\/www.italpassion.fr\/tr\/laffite-automobili\/laffite-lm1-une-idee-francaise-mais-une-realisation-italienne-pour-cette-hypercar-de-1000-ch\/#primaryimage\"},\"image\":{\"@id\":\"https:\/\/www.italpassion.fr\/tr\/laffite-automobili\/laffite-lm1-une-idee-francaise-mais-une-realisation-italienne-pour-cette-hypercar-de-1000-ch\/#primaryimage\"},\"thumbnailUrl\":\"https:\/\/www.italpassion.fr\/wp-content\/uploads\/2026\/02\/lm1.jpg\",\"datePublished\":\"2026-02-07T11:01:59+00:00\",\"description\":\"24 exemplaires seulement, dont un \u00e9tait expos\u00e9 au salon Ultimate\u00a0Supercar Garage \u00e0 R\u00e9tromobile Paris. Voici l\u2019originale Laffite LM1, qui porte un nom bien\",\"breadcrumb\":{\"@id\":\"https:\/\/www.italpassion.fr\/tr\/laffite-automobili\/laffite-lm1-une-idee-francaise-mais-une-realisation-italienne-pour-cette-hypercar-de-1000-ch\/#breadcrumb\"},\"inLanguage\":\"tr\",\"potentialAction\":[{\"@type\":\"ReadAction\",\"target\":[\"https:\/\/www.italpassion.fr\/tr\/laffite-automobili\/laffite-lm1-une-idee-francaise-mais-une-realisation-italienne-pour-cette-hypercar-de-1000-ch\/\"]}]},{\"@type\":\"ImageObject\",\"inLanguage\":\"tr\",\"@id\":\"https:\/\/www.italpassion.fr\/tr\/laffite-automobili\/laffite-lm1-une-idee-francaise-mais-une-realisation-italienne-pour-cette-hypercar-de-1000-ch\/#primaryimage\",\"url\":\"https:\/\/www.italpassion.fr\/wp-content\/uploads\/2026\/02\/lm1.jpg\",\"contentUrl\":\"https:\/\/www.italpassion.fr\/wp-content\/uploads\/2026\/02\/lm1.jpg\",\"width\":1200,\"height\":800},{\"@type\":\"BreadcrumbList\",\"@id\":\"https:\/\/www.italpassion.fr\/tr\/laffite-automobili\/laffite-lm1-une-idee-francaise-mais-une-realisation-italienne-pour-cette-hypercar-de-1000-ch\/#breadcrumb\",\"itemListElement\":[{\"@type\":\"ListItem\",\"position\":1,\"name\":\"Accueil\",\"item\":\"https:\/\/www.italpassion.fr\/tr\/\"},{\"@type\":\"ListItem\",\"position\":2,\"name\":\"Laffite LM1 : une id\u00e9e fran\u00e7aise mais une r\u00e9alisation italienne pour cette hypercar de 1000 ch !\"}]},{\"@type\":\"WebSite\",\"@id\":\"https:\/\/www.italpassion.fr\/tr\/#website\",\"url\":\"https:\/\/www.italpassion.fr\/tr\/\",\"name\":\"ItalPassion\",\"description\":\"Les Passionn\u00e9s d&#039;Automobiles Italiennes\",\"publisher\":{\"@id\":\"https:\/\/www.italpassion.fr\/tr\/#organization\"},\"potentialAction\":[{\"@type\":\"SearchAction\",\"target\":{\"@type\":\"EntryPoint\",\"urlTemplate\":\"https:\/\/www.italpassion.fr\/tr\/?s={search_term_string}\"},\"query-input\":{\"@type\":\"PropertyValueSpecification\",\"valueRequired\":true,\"valueName\":\"search_term_string\"}}],\"inLanguage\":\"tr\"},{\"@type\":\"Organization\",\"@id\":\"https:\/\/www.italpassion.fr\/tr\/#organization\",\"name\":\"Italpassion\",\"url\":\"https:\/\/www.italpassion.fr\/tr\/\",\"logo\":{\"@type\":\"ImageObject\",\"inLanguage\":\"tr\",\"@id\":\"https:\/\/www.italpassion.fr\/tr\/#\/schema\/logo\/image\/\",\"url\":\"https:\/\/www.italpassion.fr\/wp-content\/uploads\/2023\/07\/italpassion-yoast.jpg\",\"contentUrl\":\"https:\/\/www.italpassion.fr\/wp-content\/uploads\/2023\/07\/italpassion-yoast.jpg\",\"width\":696,\"height\":696,\"caption\":\"Italpassion\"},\"image\":{\"@id\":\"https:\/\/www.italpassion.fr\/tr\/#\/schema\/logo\/image\/\"},\"sameAs\":[\"https:\/\/www.facebook.com\/italpassion\",\"https:\/\/x.com\/italpassion\",\"https:\/\/www.instagram.com\/italpassionfr\/\",\"https:\/\/www.youtube.com\/channel\/UCleq-ByQaA42OjhopwevRjQ\",\"https:\/\/www.facebook.com\/italpassion.en\/\",\"https:\/\/www.facebook.com\/italpassion.it\/\",\"https:\/\/www.facebook.com\/italpassion.de\/\",\"https:\/\/www.facebook.com\/italpassion.ja\/\"]},{\"@type\":\"Person\",\"@id\":\"https:\/\/www.italpassion.fr\/tr\/#\/schema\/person\/efd63d72fc8007741c5836a896805b04\",\"name\":\"Nicolas Anderbegani\",\"image\":{\"@type\":\"ImageObject\",\"inLanguage\":\"tr\",\"@id\":\"https:\/\/www.italpassion.fr\/tr\/#\/schema\/person\/image\/\",\"url\":\"https:\/\/www.italpassion.fr\/wp-content\/uploads\/2025\/05\/nicolas-anderbegani-160x160.jpg\",\"contentUrl\":\"https:\/\/www.italpassion.fr\/wp-content\/uploads\/2025\/05\/nicolas-anderbegani-160x160.jpg\",\"caption\":\"Nicolas Anderbegani\"},\"description\":\"Nicolas est passionn\u00e9 d\u2019histoire et de sport automobile. Il roule en Alfa Romeo Giulietta et vous partagera avec vous sa passion de l\u2019automobile italienne.\",\"url\":\"https:\/\/www.italpassion.fr\/tr\/author\/nicolas\/\"}]}<\/script>\n<!-- \/ Yoast SEO plugin. -->","yoast_head_json":{"title":"Laffite LM1: Frans\u0131z bir fikir ama bu 1000 bhp'lik hiper otomobil i\u00e7in \u0130talyan bir uygulama! - ItalPassion","description":"Sadece 24 \u00f6rnek, bunlardan biri R\u00e9tromobile Paris'teki Ultimate Supercar Garage fuar\u0131nda sergilendi. \u0130\u015fte orijinal Laffite LM1 ve ona uygun bir isim.","robots":{"index":"index","follow":"follow","max-snippet":"max-snippet:-1","max-image-preview":"max-image-preview:large","max-video-preview":"max-video-preview:-1"},"canonical":"https:\/\/www.italpassion.fr\/tr\/laffite-automobili\/laffite-lm1-bi\u0307r-fransiz-fi\u0307kri\u0307-ama-1000-bhp-gucundeki\u0307-bu-hi\u0307per-otomobi\u0307l-i\u0307talyan-ureti\u0307mi\u0307\/","og_locale":"tr_TR","og_type":"article","og_title":"Laffite LM1 : une id\u00e9e fran\u00e7aise mais une r\u00e9alisation italienne pour cette hypercar de 1000 ch ! - ItalPassion","og_description":"24 exemplaires seulement, dont un \u00e9tait expos\u00e9 au salon Ultimate\u00a0Supercar Garage \u00e0 R\u00e9tromobile Paris. Voici l\u2019originale Laffite LM1, qui porte un nom bien","og_url":"https:\/\/www.italpassion.fr\/tr\/laffite-automobili\/laffite-lm1-bi\u0307r-fransiz-fi\u0307kri\u0307-ama-1000-bhp-gucundeki\u0307-bu-hi\u0307per-otomobi\u0307l-i\u0307talyan-ureti\u0307mi\u0307\/","og_site_name":"ItalPassion","article_publisher":"https:\/\/www.facebook.com\/italpassion","article_published_time":"2026-02-07T11:01:59+00:00","og_image":[{"width":1200,"height":800,"url":"https:\/\/www.italpassion.fr\/wp-content\/uploads\/2026\/02\/lm1.jpg","type":"image\/jpeg"}],"author":"Nicolas Anderbegani","twitter_card":"summary_large_image","twitter_creator":"@italpassion","twitter_site":"@italpassion","schema":{"@context":"https:\/\/schema.org","@graph":[{"@type":"NewsArticle","@id":"https:\/\/www.italpassion.fr\/tr\/laffite-automobili\/laffite-lm1-une-idee-francaise-mais-une-realisation-italienne-pour-cette-hypercar-de-1000-ch\/#article","isPartOf":{"@id":"https:\/\/www.italpassion.fr\/tr\/laffite-automobili\/laffite-lm1-une-idee-francaise-mais-une-realisation-italienne-pour-cette-hypercar-de-1000-ch\/"},"author":{"name":"Nicolas Anderbegani","@id":"https:\/\/www.italpassion.fr\/tr\/#\/schema\/person\/efd63d72fc8007741c5836a896805b04"},"headline":"Laffite LM1 : une id\u00e9e fran\u00e7aise mais une r\u00e9alisation italienne pour cette hypercar de 1000 ch !","datePublished":"2026-02-07T11:01:59+00:00","mainEntityOfPage":{"@id":"https:\/\/www.italpassion.fr\/tr\/laffite-automobili\/laffite-lm1-une-idee-francaise-mais-une-realisation-italienne-pour-cette-hypercar-de-1000-ch\/"},"wordCount":1025,"commentCount":4,"publisher":{"@id":"https:\/\/www.italpassion.fr\/tr\/#organization"},"image":{"@id":"https:\/\/www.italpassion.fr\/tr\/laffite-automobili\/laffite-lm1-une-idee-francaise-mais-une-realisation-italienne-pour-cette-hypercar-de-1000-ch\/#primaryimage"},"thumbnailUrl":"https:\/\/www.italpassion.fr\/wp-content\/uploads\/2026\/02\/lm1.jpg","articleSection":["Laffite Automobili"],"inLanguage":"tr","potentialAction":[{"@type":"CommentAction","name":"Comment","target":["https:\/\/www.italpassion.fr\/tr\/laffite-automobili\/laffite-lm1-une-idee-francaise-mais-une-realisation-italienne-pour-cette-hypercar-de-1000-ch\/#respond"]}]},{"@type":"WebPage","@id":"https:\/\/www.italpassion.fr\/tr\/laffite-automobili\/laffite-lm1-une-idee-francaise-mais-une-realisation-italienne-pour-cette-hypercar-de-1000-ch\/","url":"https:\/\/www.italpassion.fr\/tr\/laffite-automobili\/laffite-lm1-une-idee-francaise-mais-une-realisation-italienne-pour-cette-hypercar-de-1000-ch\/","name":"Laffite LM1: Frans\u0131z bir fikir ama bu 1000 bhp'lik hiper otomobil i\u00e7in \u0130talyan bir uygulama! - ItalPassion","isPartOf":{"@id":"https:\/\/www.italpassion.fr\/tr\/#website"},"primaryImageOfPage":{"@id":"https:\/\/www.italpassion.fr\/tr\/laffite-automobili\/laffite-lm1-une-idee-francaise-mais-une-realisation-italienne-pour-cette-hypercar-de-1000-ch\/#primaryimage"},"image":{"@id":"https:\/\/www.italpassion.fr\/tr\/laffite-automobili\/laffite-lm1-une-idee-francaise-mais-une-realisation-italienne-pour-cette-hypercar-de-1000-ch\/#primaryimage"},"thumbnailUrl":"https:\/\/www.italpassion.fr\/wp-content\/uploads\/2026\/02\/lm1.jpg","datePublished":"2026-02-07T11:01:59+00:00","description":"Sadece 24 \u00f6rnek, bunlardan biri R\u00e9tromobile Paris'teki Ultimate Supercar Garage fuar\u0131nda sergilendi. \u0130\u015fte orijinal Laffite LM1 ve ona uygun bir isim.","breadcrumb":{"@id":"https:\/\/www.italpassion.fr\/tr\/laffite-automobili\/laffite-lm1-une-idee-francaise-mais-une-realisation-italienne-pour-cette-hypercar-de-1000-ch\/#breadcrumb"},"inLanguage":"tr","potentialAction":[{"@type":"ReadAction","target":["https:\/\/www.italpassion.fr\/tr\/laffite-automobili\/laffite-lm1-une-idee-francaise-mais-une-realisation-italienne-pour-cette-hypercar-de-1000-ch\/"]}]},{"@type":"ImageObject","inLanguage":"tr","@id":"https:\/\/www.italpassion.fr\/tr\/laffite-automobili\/laffite-lm1-une-idee-francaise-mais-une-realisation-italienne-pour-cette-hypercar-de-1000-ch\/#primaryimage","url":"https:\/\/www.italpassion.fr\/wp-content\/uploads\/2026\/02\/lm1.jpg","contentUrl":"https:\/\/www.italpassion.fr\/wp-content\/uploads\/2026\/02\/lm1.jpg","width":1200,"height":800},{"@type":"BreadcrumbList","@id":"https:\/\/www.italpassion.fr\/tr\/laffite-automobili\/laffite-lm1-une-idee-francaise-mais-une-realisation-italienne-pour-cette-hypercar-de-1000-ch\/#breadcrumb","itemListElement":[{"@type":"ListItem","position":1,"name":"Accueil","item":"https:\/\/www.italpassion.fr\/tr\/"},{"@type":"ListItem","position":2,"name":"Laffite LM1 : une id\u00e9e fran\u00e7aise mais une r\u00e9alisation italienne pour cette hypercar de 1000 ch !"}]},{"@type":"WebSite","@id":"https:\/\/www.italpassion.fr\/tr\/#website","url":"https:\/\/www.italpassion.fr\/tr\/","name":"ItalPassion","description":"\u0130talyan Araba Merakl\u0131lar\u0131","publisher":{"@id":"https:\/\/www.italpassion.fr\/tr\/#organization"},"potentialAction":[{"@type":"SearchAction","target":{"@type":"EntryPoint","urlTemplate":"https:\/\/www.italpassion.fr\/tr\/?s={search_term_string}"},"query-input":{"@type":"PropertyValueSpecification","valueRequired":true,"valueName":"search_term_string"}}],"inLanguage":"tr"},{"@type":"Organization","@id":"https:\/\/www.italpassion.fr\/tr\/#organization","name":"Italpassion","url":"https:\/\/www.italpassion.fr\/tr\/","logo":{"@type":"ImageObject","inLanguage":"tr","@id":"https:\/\/www.italpassion.fr\/tr\/#\/schema\/logo\/image\/","url":"https:\/\/www.italpassion.fr\/wp-content\/uploads\/2023\/07\/italpassion-yoast.jpg","contentUrl":"https:\/\/www.italpassion.fr\/wp-content\/uploads\/2023\/07\/italpassion-yoast.jpg","width":696,"height":696,"caption":"Italpassion"},"image":{"@id":"https:\/\/www.italpassion.fr\/tr\/#\/schema\/logo\/image\/"},"sameAs":["https:\/\/www.facebook.com\/italpassion","https:\/\/x.com\/italpassion","https:\/\/www.instagram.com\/italpassionfr\/","https:\/\/www.youtube.com\/channel\/UCleq-ByQaA42OjhopwevRjQ","https:\/\/www.facebook.com\/italpassion.en\/","https:\/\/www.facebook.com\/italpassion.it\/","https:\/\/www.facebook.com\/italpassion.de\/","https:\/\/www.facebook.com\/italpassion.ja\/"]},{"@type":"Person","@id":"https:\/\/www.italpassion.fr\/tr\/#\/schema\/person\/efd63d72fc8007741c5836a896805b04","name":"Nicolas Anderbegani","image":{"@type":"ImageObject","inLanguage":"tr","@id":"https:\/\/www.italpassion.fr\/tr\/#\/schema\/person\/image\/","url":"https:\/\/www.italpassion.fr\/wp-content\/uploads\/2025\/05\/nicolas-anderbegani-160x160.jpg","contentUrl":"https:\/\/www.italpassion.fr\/wp-content\/uploads\/2025\/05\/nicolas-anderbegani-160x160.jpg","caption":"Nicolas Anderbegani"},"description":"Nicolas tarih ve motor sporlar\u0131 konusunda tutkuludur. Kendisi bir Alfa Romeo Giulietta kullanmaktad\u0131r ve \u0130talyan otomobillerine olan tutkusunu sizinle payla\u015fmaktan mutluluk duyacakt\u0131r.","url":"https:\/\/www.italpassion.fr\/tr\/author\/nicolas\/"}]}},"_links":{"self":[{"href":"https:\/\/www.italpassion.fr\/tr\/wp-json\/wp\/v2\/posts\/46208","targetHints":{"allow":["GET"]}}],"collection":[{"href":"https:\/\/www.italpassion.fr\/tr\/wp-json\/wp\/v2\/posts"}],"about":[{"href":"https:\/\/www.italpassion.fr\/tr\/wp-json\/wp\/v2\/types\/post"}],"author":[{"embeddable":true,"href":"https:\/\/www.italpassion.fr\/tr\/wp-json\/wp\/v2\/users\/8"}],"replies":[{"embeddable":true,"href":"https:\/\/www.italpassion.fr\/tr\/wp-json\/wp\/v2\/comments?post=46208"}],"version-history":[{"count":1,"href":"https:\/\/www.italpassion.fr\/tr\/wp-json\/wp\/v2\/posts\/46208\/revisions"}],"predecessor-version":[{"id":46222,"href":"https:\/\/www.italpassion.fr\/tr\/wp-json\/wp\/v2\/posts\/46208\/revisions\/46222"}],"wp:featuredmedia":[{"embeddable":true,"href":"https:\/\/www.italpassion.fr\/tr\/wp-json\/wp\/v2\/media\/46210"}],"wp:attachment":[{"href":"https:\/\/www.italpassion.fr\/tr\/wp-json\/wp\/v2\/media?parent=46208"}],"wp:term":[{"taxonomy":"category","embeddable":true,"href":"https:\/\/www.italpassion.fr\/tr\/wp-json\/wp\/v2\/categories?post=46208"},{"taxonomy":"post_tag","embeddable":true,"href":"https:\/\/www.italpassion.fr\/tr\/wp-json\/wp\/v2\/tags?post=46208"}],"curies":[{"name":"wp","href":"https:\/\/api.w.org\/{rel}","templated":true}]}}