{"id":46020,"date":"2026-02-03T08:46:55","date_gmt":"2026-02-03T07:46:55","guid":{"rendered":"https:\/\/www.italpassion.fr\/?p=46020"},"modified":"2026-02-03T08:46:55","modified_gmt":"2026-02-03T07:46:55","slug":"automobili-mignatta-rina-ferrari-monza-sp1-ve-sp2ye-yoldaslik-edecek-60lardan-i%cc%87lham-alan-bi%cc%87r-yarisci","status":"publish","type":"post","link":"https:\/\/www.italpassion.fr\/tr\/automobili-mignatta\/automobili-mignatta-rina-une-barquette-inspiree-des-annees-60-pour-tenir-compagnie-aux-ferrari-monza-sp1-et-sp2\/","title":{"rendered":"Automobili Mignatta Rina: Ferrari Monza SP1 ve SP2'ye e\u015flik edecek 60'lardan ilham alan bir spor otomobil"},"content":{"rendered":"<figure class=\"wp-block-image size-full\"><img loading=\"lazy\" decoding=\"async\" width=\"1200\" height=\"800\" src=\"https:\/\/www.italpassion.fr\/wp-content\/uploads\/2026\/02\/am-1.jpg\" alt=\"\" class=\"wp-image-46022\" srcset=\"https:\/\/www.italpassion.fr\/wp-content\/uploads\/2026\/02\/am-1.jpg 1200w, https:\/\/www.italpassion.fr\/wp-content\/uploads\/2026\/02\/am-1-420x280.jpg 420w, https:\/\/www.italpassion.fr\/wp-content\/uploads\/2026\/02\/am-1-768x512.jpg 768w, https:\/\/www.italpassion.fr\/wp-content\/uploads\/2026\/02\/am-1-18x12.jpg 18w\" sizes=\"auto, (max-width: 1200px) 100vw, 1200px\" \/><\/figure>\n\n\n\n<p>\u0130talya'da seri \u00fcretim otomobil \u00fcretimi birka\u00e7 y\u0131ld\u0131r krizde olsa da, zanaat sekt\u00f6r\u00fc son derece iyi durumda. Bunun son \u00f6rne\u011fi Automobili Mignatta'n\u0131n Rina'y\u0131 tan\u0131tmas\u0131 oldu: Piedmont merkezli \u00fcreticinin kompozit sekt\u00f6r\u00fcnde uzman JM ile ba\u011flant\u0131lar\u0131 olan ilk otomobili. Karbon fiber ile 25 y\u0131l\u0131 a\u015fk\u0131n bir s\u00fcredir \u00e7al\u0131\u015fan JM, Mignatta gibi restomodlara katk\u0131da bulunmu\u015ftur. <a href=\"https:\/\/www.italpassion.fr\/tr\/totem-otomobi%cc%87l\/\">Totem GT AM<\/a>Alfa Romeo GT'nin elektrikli olarak yeniden yorumlanmas\u0131 ve <a href=\"https:\/\/www.italpassion.fr\/tr\/kimera-automobili\/\">Kimera 037<\/a>Lancia 037'nin yeniden yorumlanmas\u0131 ve<a href=\"https:\/\/www.italpassion.fr\/tr\/eccentrica-automobili\/eccentrica-v12-a-lamborghini-diablo-restomod-3-versiyon-titan-phoenix-ve-green-dragon-hepsi-karbon-fiber\/\">Eccentrica V12<\/a>Lamborghini Diablo'ya dayan\u0131yor. CV i\u00e7in \u00e7ok fazla!<\/p>\n\n\n\n<p>Spor otomobil \u0130talya'n\u0131n g\u00f6rkemli ge\u00e7mi\u015finden esinlenirken, \u015firketin logosu Piedmont'un b\u00f6lgesel bayra\u011f\u0131nda bulunan mavi \u00fc\u00e7 damla amblemini hat\u0131rlatan bir 'M'. Projenin arkas\u0131ndaki felsefe a\u00e7\u0131k: \"Bu bir restomod de\u011fil, s\u0131f\u0131rdan geli\u015ftirilen, fabrikam\u0131zda \u00f6zel olarak in\u015fa edilecek ve el i\u015f\u00e7ili\u011fi ile \u00fcretilecek, deneyimi gelecekteki sahibiyle payla\u015facak bir spor otomobil. Daha \u00f6nce var olmayan bir otomobil yaratt\u0131k.\u00a0<\/p>\n\n\n\n<h2 class=\"wp-block-heading\">P\u00fcrist mimari<\/h2>\n\n\n\n<p>\u0130talya'n\u0131n en b\u00fcy\u00fck otoklavlar\u0131ndan birinde tek bir bloktan i\u015flenen g\u00f6vde ve boru \u015feklindeki monokok \u015fasi sadece 71 kg a\u011f\u0131rl\u0131\u011f\u0131nda ve \u00f6nceden \u015fekillendirilmi\u015f koltuklara sahip. 1960'lar\u0131n kasl\u0131, k\u0131vr\u0131ml\u0131 spor otomobillerinden esinlenen Rina, tamamen karbon fiberden \u00fcretilmi\u015ftir. Akslar aras\u0131nda e\u015fit olarak da\u011f\u0131t\u0131lan yakla\u015f\u0131k 1.000 kg'l\u0131k kuru a\u011f\u0131rl\u0131\u011f\u0131 ile saf, do\u011frudan s\u00fcr\u00fc\u015f vaat ediyor. Mignatta, 70'li ve 80'li y\u0131llarda Alfa Romeo i\u00e7in \u00e7ok de\u011ferli olan 'Transaxle'\u0131n bir tekrar\u0131d\u0131r: \u00f6nde merkezi olarak konumland\u0131r\u0131lan motor, g\u00fcc\u00fcn\u00fc mekanik bir transaxle arac\u0131l\u0131\u011f\u0131yla arka tekerleklere iletir. \u015eanz\u0131man, iki aks aras\u0131nda optimum a\u011f\u0131rl\u0131k da\u011f\u0131l\u0131m\u0131n\u0131 sa\u011flamak i\u00e7in arkada konumland\u0131r\u0131lm\u0131\u015f ve kendinden kilitlemeli diferansiyele entegre edilmi\u015ftir.\u00a0<\/p>\n\n\n\n<figure class=\"wp-block-image size-full\"><img loading=\"lazy\" decoding=\"async\" width=\"1200\" height=\"800\" src=\"https:\/\/www.italpassion.fr\/wp-content\/uploads\/2026\/02\/am-2.jpg\" alt=\"\" class=\"wp-image-46025\" srcset=\"https:\/\/www.italpassion.fr\/wp-content\/uploads\/2026\/02\/am-2.jpg 1200w, https:\/\/www.italpassion.fr\/wp-content\/uploads\/2026\/02\/am-2-420x280.jpg 420w, https:\/\/www.italpassion.fr\/wp-content\/uploads\/2026\/02\/am-2-768x512.jpg 768w, https:\/\/www.italpassion.fr\/wp-content\/uploads\/2026\/02\/am-2-18x12.jpg 18w\" sizes=\"auto, (max-width: 1200px) 100vw, 1200px\" \/><\/figure>\n\n\n\n<h2 class=\"wp-block-heading\">Barchetta ruhu<\/h2>\n\n\n\n<p>Grugliasco'daki Italdesign'da e\u011fitim g\u00f6ren stil direkt\u00f6r\u00fc Davide Dessi, 4,41 metre uzunlu\u011funda, 2,68 metre dingil mesafesine ve sadece 1,15 metre y\u00fcksekli\u011fe sahip iki koltuklu bir speedster g\u00f6vde tasarlad\u0131. G\u00f6vde, eliptik bir \u0131zgaradan uzanan uzun bir kaput, kasl\u0131 kanatlar, uyumlu yan \u00e7izgiler ve bir spoyler ve s\u00fcr\u00fcc\u00fc koltu\u011funun arkas\u0131nda iki k\u00fc\u00e7\u00fck kubbe ile ta\u00e7land\u0131r\u0131lan sivrilen bir arka k\u0131sma sahiptir. Kabinde pencere, g\u00fcne\u015flik veya \u00f6n cam bulunmamakta, bunun yerine yolcular\u0131n \u00f6n\u00fcnde iki k\u00fc\u00e7\u00fck aerodinamik Pleksiglas ekran yer almaktad\u0131r. Kap\u0131larda kasklar i\u00e7in saklama b\u00f6lmeleri bulunurken, g\u00f6vdeye yontulmu\u015f koltuklarda minderler ve ayarlanabilir pedallar yer al\u0131yor. \u0130\u00e7 mekan al\u00fcminyum, karbon fiber ve elle kesilmi\u015f bo\u011fa derisi ile kaplanm\u0131\u015ft\u0131r. Orta konsol ve g\u00f6sterge paneli karbonun modernli\u011fini 60'lar\u0131n yuvarlakl\u0131\u011f\u0131yla harmanlarken, \u00f6zellikle g\u00f6sterge panelindeki \u00e7ok say\u0131da d\u00fc\u011fme havac\u0131l\u0131k d\u00fcnyas\u0131n\u0131 \u00e7a\u011fr\u0131\u015ft\u0131r\u0131yor.<\/p>\n\n\n\n<figure class=\"wp-block-image size-full\"><img loading=\"lazy\" decoding=\"async\" width=\"1200\" height=\"800\" src=\"https:\/\/www.italpassion.fr\/wp-content\/uploads\/2026\/02\/am-3.jpg\" alt=\"\" class=\"wp-image-46024\" srcset=\"https:\/\/www.italpassion.fr\/wp-content\/uploads\/2026\/02\/am-3.jpg 1200w, https:\/\/www.italpassion.fr\/wp-content\/uploads\/2026\/02\/am-3-420x280.jpg 420w, https:\/\/www.italpassion.fr\/wp-content\/uploads\/2026\/02\/am-3-768x512.jpg 768w, https:\/\/www.italpassion.fr\/wp-content\/uploads\/2026\/02\/am-3-18x12.jpg 18w\" sizes=\"auto, (max-width: 1200px) 100vw, 1200px\" \/><\/figure>\n\n\n\n<figure class=\"wp-block-image size-full\"><img loading=\"lazy\" decoding=\"async\" width=\"1200\" height=\"800\" src=\"https:\/\/www.italpassion.fr\/wp-content\/uploads\/2026\/02\/am-4.jpg\" alt=\"\" class=\"wp-image-46023\" srcset=\"https:\/\/www.italpassion.fr\/wp-content\/uploads\/2026\/02\/am-4.jpg 1200w, https:\/\/www.italpassion.fr\/wp-content\/uploads\/2026\/02\/am-4-420x280.jpg 420w, https:\/\/www.italpassion.fr\/wp-content\/uploads\/2026\/02\/am-4-768x512.jpg 768w, https:\/\/www.italpassion.fr\/wp-content\/uploads\/2026\/02\/am-4-18x12.jpg 18w\" sizes=\"auto, (max-width: 1200px) 100vw, 1200px\" \/><\/figure>\n\n\n\n<h2 class=\"wp-block-heading\">Y\u0131lmayan At<\/h2>\n\n\n\n<p>Bizzarrini ve De Tomaso gibi 60'l\u0131 ve 70'li y\u0131llar\u0131n baz\u0131 \u0130talyan spor otomobillerinin gelene\u011finde, k\u00fckreyen kalp Amerikan: Rina, alt\u0131 ileri manuel transaks ve s\u0131n\u0131rl\u0131 kaymal\u0131 diferansiyel ile e\u015fle\u015ftirilmi\u015f Ford kaynakl\u0131 do\u011fal aspirasyonlu 5.0 litrelik al\u00fcminyum V8 ile g\u00fc\u00e7lendirilmi\u015ftir. Motor, RAM etkisini (egzoz gaz\u0131 ataletinden yararlanma) optimize etmek i\u00e7in emme sistemi, egzoz sistemi ve elektronik y\u00f6netim \u00fczerinde \u00e7al\u0131\u015fan bir ba\u015fka referans \u015firket olan Italtecnica Engineering taraf\u0131ndan Automobili Mignatta spesifikasyonlar\u0131na g\u00f6re modifiye edilmi\u015ftir.<\/p>\n\n\n\n<figure class=\"wp-block-embed is-type-video is-provider-youtube wp-block-embed-youtube wp-embed-aspect-16-9 wp-has-aspect-ratio\"><div class=\"wp-block-embed__wrapper\">\n<iframe loading=\"lazy\" title=\"RINA..... Automobili Mignatta...\" width=\"1200\" height=\"675\" src=\"https:\/\/www.youtube-nocookie.com\/embed\/yuLQUdCyGQ8?feature=oembed\" frameborder=\"0\" allow=\"accelerometer; autoplay; clipboard-write; encrypted-media; gyroscope; picture-in-picture; web-share\" referrerpolicy=\"strict-origin-when-cross-origin\" allowfullscreen><\/iframe>\n<\/div><\/figure>\n\n\n\n<p>\u00dcretici g\u00fc\u00e7\/a\u011f\u0131rl\u0131k oran\u0131n\u0131n yakla\u015f\u0131k 2 kg\/hp oldu\u011funu iddia ediyor. Ara\u00e7 \u00e7ift sal\u0131ncakl\u0131 s\u00fcspansiyon ve ayarlanabilir amortis\u00f6rlerin yan\u0131 s\u0131ra yar\u0131 kaygan Pirelli PZero Trofeo RS lastiklerle kapl\u0131 19\" ve 20\" jantlarla donat\u0131lm\u0131\u015ft\u0131r. ABS'li fren sistemi, 360 mm \u00f6n diskler ve alt\u0131 pistonlu kaliperlerle Brembo taraf\u0131ndan \u00fcretilmi\u015ftir. Karbon-seramik fren sistemi opsiyonel olarak sunulacakt\u0131r.<\/p>\n\n\n\n<p>Mignatta, Valfanera d'Asti fabrikas\u0131nda 290.000 Euro'dan ba\u015flayan fiyatlarla y\u0131lda 30 Rina modeli \u00fcretecek ve burada her modeli yap\u0131land\u0131rmak ve \u00f6zelle\u015ftirmek i\u00e7in \u00f6zel bir at\u00f6lye kurulacak. \u0130lk otomobillerin 2026 y\u0131l\u0131 ba\u015flar\u0131nda \u00fcretilmesi bekleniyor.<\/p>\n\n\n\n<figure class=\"wp-block-image size-full\"><img loading=\"lazy\" decoding=\"async\" width=\"1200\" height=\"800\" src=\"https:\/\/www.italpassion.fr\/wp-content\/uploads\/2026\/02\/AM-5.jpg\" alt=\"\" class=\"wp-image-46026\" srcset=\"https:\/\/www.italpassion.fr\/wp-content\/uploads\/2026\/02\/AM-5.jpg 1200w, https:\/\/www.italpassion.fr\/wp-content\/uploads\/2026\/02\/AM-5-420x280.jpg 420w, https:\/\/www.italpassion.fr\/wp-content\/uploads\/2026\/02\/AM-5-768x512.jpg 768w, https:\/\/www.italpassion.fr\/wp-content\/uploads\/2026\/02\/AM-5-18x12.jpg 18w\" sizes=\"auto, (max-width: 1200px) 100vw, 1200px\" \/><\/figure>","protected":false},"excerpt":{"rendered":"","protected":false},"author":8,"featured_media":46022,"comment_status":"open","ping_status":"open","sticky":false,"template":"","format":"standard","meta":{"_acf_changed":false,"_sitemap_exclude":false,"_sitemap_priority":"","_sitemap_frequency":"","footnotes":""},"categories":[690],"tags":[691],"class_list":["post-46020","post","type-post","status-publish","format-standard","has-post-thumbnail","hentry","category-automobili-mignatta","tag-automobili-mignatta-rina","generate-columns","tablet-grid-50","mobile-grid-100","grid-parent","grid-33"],"acf":[],"yoast_head":"<!-- This site is optimized with the Yoast SEO plugin v25.8 - https:\/\/yoast.com\/wordpress\/plugins\/seo\/ -->\n<title>Automobili Mignatta Rina : une barquette inspir\u00e9e des ann\u00e9es 60 pour tenir compagnie aux Ferrari Monza SP1 et SP2 - ItalPassion<\/title>\n<meta name=\"description\" content=\"Si la production automobile italienne de grande s\u00e9rie est en crise depuis quelques ann\u00e9es, l\u2019artisanat se porte lui \u00e0 merveille. Dernier exemple en date,\" \/>\n<meta name=\"robots\" content=\"index, follow, max-snippet:-1, max-image-preview:large, max-video-preview:-1\" \/>\n<link rel=\"canonical\" href=\"https:\/\/www.italpassion.fr\/tr\/automobili-mignatta\/automobili-mignatta-rina-ferrari-monza-sp1-ve-sp2ye-yoldaslik-edecek-60lardan-i\u0307lham-alan-bi\u0307r-yarisci\/\" \/>\n<meta property=\"og:locale\" content=\"tr_TR\" \/>\n<meta property=\"og:type\" content=\"article\" \/>\n<meta property=\"og:title\" content=\"Automobili Mignatta Rina : une barquette inspir\u00e9e des ann\u00e9es 60 pour tenir compagnie aux Ferrari Monza SP1 et SP2 - ItalPassion\" \/>\n<meta property=\"og:description\" content=\"Si la production automobile italienne de grande s\u00e9rie est en crise depuis quelques ann\u00e9es, l\u2019artisanat se porte lui \u00e0 merveille. Dernier exemple en date,\" \/>\n<meta property=\"og:url\" content=\"https:\/\/www.italpassion.fr\/tr\/automobili-mignatta\/automobili-mignatta-rina-ferrari-monza-sp1-ve-sp2ye-yoldaslik-edecek-60lardan-i\u0307lham-alan-bi\u0307r-yarisci\/\" \/>\n<meta property=\"og:site_name\" content=\"ItalPassion\" \/>\n<meta property=\"article:publisher\" content=\"https:\/\/www.facebook.com\/italpassion\" \/>\n<meta property=\"article:published_time\" content=\"2026-02-03T07:46:55+00:00\" \/>\n<meta property=\"og:image\" content=\"https:\/\/www.italpassion.fr\/wp-content\/uploads\/2026\/02\/am-1.jpg\" \/>\n\t<meta property=\"og:image:width\" content=\"1200\" \/>\n\t<meta property=\"og:image:height\" content=\"800\" \/>\n\t<meta property=\"og:image:type\" content=\"image\/jpeg\" \/>\n<meta name=\"author\" content=\"Nicolas Anderbegani\" \/>\n<meta name=\"twitter:card\" content=\"summary_large_image\" \/>\n<meta name=\"twitter:creator\" content=\"@italpassion\" \/>\n<meta name=\"twitter:site\" content=\"@italpassion\" \/>\n<script type=\"application\/ld+json\" class=\"yoast-schema-graph\">{\"@context\":\"https:\/\/schema.org\",\"@graph\":[{\"@type\":\"NewsArticle\",\"@id\":\"https:\/\/www.italpassion.fr\/tr\/automobili-mignatta\/automobili-mignatta-rina-une-barquette-inspiree-des-annees-60-pour-tenir-compagnie-aux-ferrari-monza-sp1-et-sp2\/#article\",\"isPartOf\":{\"@id\":\"https:\/\/www.italpassion.fr\/tr\/automobili-mignatta\/automobili-mignatta-rina-une-barquette-inspiree-des-annees-60-pour-tenir-compagnie-aux-ferrari-monza-sp1-et-sp2\/\"},\"author\":{\"name\":\"Nicolas Anderbegani\",\"@id\":\"https:\/\/www.italpassion.fr\/tr\/#\/schema\/person\/efd63d72fc8007741c5836a896805b04\"},\"headline\":\"Automobili Mignatta Rina : une barquette inspir\u00e9e des ann\u00e9es 60 pour tenir compagnie aux Ferrari Monza SP1 et SP2\",\"datePublished\":\"2026-02-03T07:46:55+00:00\",\"mainEntityOfPage\":{\"@id\":\"https:\/\/www.italpassion.fr\/tr\/automobili-mignatta\/automobili-mignatta-rina-une-barquette-inspiree-des-annees-60-pour-tenir-compagnie-aux-ferrari-monza-sp1-et-sp2\/\"},\"wordCount\":820,\"commentCount\":1,\"publisher\":{\"@id\":\"https:\/\/www.italpassion.fr\/tr\/#organization\"},\"image\":{\"@id\":\"https:\/\/www.italpassion.fr\/tr\/automobili-mignatta\/automobili-mignatta-rina-une-barquette-inspiree-des-annees-60-pour-tenir-compagnie-aux-ferrari-monza-sp1-et-sp2\/#primaryimage\"},\"thumbnailUrl\":\"https:\/\/www.italpassion.fr\/wp-content\/uploads\/2026\/02\/am-1.jpg\",\"keywords\":[\"Automobili Mignatta Rina\"],\"articleSection\":[\"Automobili Mignatta\"],\"inLanguage\":\"tr\",\"potentialAction\":[{\"@type\":\"CommentAction\",\"name\":\"Comment\",\"target\":[\"https:\/\/www.italpassion.fr\/tr\/automobili-mignatta\/automobili-mignatta-rina-une-barquette-inspiree-des-annees-60-pour-tenir-compagnie-aux-ferrari-monza-sp1-et-sp2\/#respond\"]}]},{\"@type\":\"WebPage\",\"@id\":\"https:\/\/www.italpassion.fr\/tr\/automobili-mignatta\/automobili-mignatta-rina-une-barquette-inspiree-des-annees-60-pour-tenir-compagnie-aux-ferrari-monza-sp1-et-sp2\/\",\"url\":\"https:\/\/www.italpassion.fr\/tr\/automobili-mignatta\/automobili-mignatta-rina-une-barquette-inspiree-des-annees-60-pour-tenir-compagnie-aux-ferrari-monza-sp1-et-sp2\/\",\"name\":\"Automobili Mignatta Rina : une barquette inspir\u00e9e des ann\u00e9es 60 pour tenir compagnie aux Ferrari Monza SP1 et SP2 - ItalPassion\",\"isPartOf\":{\"@id\":\"https:\/\/www.italpassion.fr\/tr\/#website\"},\"primaryImageOfPage\":{\"@id\":\"https:\/\/www.italpassion.fr\/tr\/automobili-mignatta\/automobili-mignatta-rina-une-barquette-inspiree-des-annees-60-pour-tenir-compagnie-aux-ferrari-monza-sp1-et-sp2\/#primaryimage\"},\"image\":{\"@id\":\"https:\/\/www.italpassion.fr\/tr\/automobili-mignatta\/automobili-mignatta-rina-une-barquette-inspiree-des-annees-60-pour-tenir-compagnie-aux-ferrari-monza-sp1-et-sp2\/#primaryimage\"},\"thumbnailUrl\":\"https:\/\/www.italpassion.fr\/wp-content\/uploads\/2026\/02\/am-1.jpg\",\"datePublished\":\"2026-02-03T07:46:55+00:00\",\"description\":\"Si la production automobile italienne de grande s\u00e9rie est en crise depuis quelques ann\u00e9es, l\u2019artisanat se porte lui \u00e0 merveille. Dernier exemple en date,\",\"breadcrumb\":{\"@id\":\"https:\/\/www.italpassion.fr\/tr\/automobili-mignatta\/automobili-mignatta-rina-une-barquette-inspiree-des-annees-60-pour-tenir-compagnie-aux-ferrari-monza-sp1-et-sp2\/#breadcrumb\"},\"inLanguage\":\"tr\",\"potentialAction\":[{\"@type\":\"ReadAction\",\"target\":[\"https:\/\/www.italpassion.fr\/tr\/automobili-mignatta\/automobili-mignatta-rina-une-barquette-inspiree-des-annees-60-pour-tenir-compagnie-aux-ferrari-monza-sp1-et-sp2\/\"]}]},{\"@type\":\"ImageObject\",\"inLanguage\":\"tr\",\"@id\":\"https:\/\/www.italpassion.fr\/tr\/automobili-mignatta\/automobili-mignatta-rina-une-barquette-inspiree-des-annees-60-pour-tenir-compagnie-aux-ferrari-monza-sp1-et-sp2\/#primaryimage\",\"url\":\"https:\/\/www.italpassion.fr\/wp-content\/uploads\/2026\/02\/am-1.jpg\",\"contentUrl\":\"https:\/\/www.italpassion.fr\/wp-content\/uploads\/2026\/02\/am-1.jpg\",\"width\":1200,\"height\":800},{\"@type\":\"BreadcrumbList\",\"@id\":\"https:\/\/www.italpassion.fr\/tr\/automobili-mignatta\/automobili-mignatta-rina-une-barquette-inspiree-des-annees-60-pour-tenir-compagnie-aux-ferrari-monza-sp1-et-sp2\/#breadcrumb\",\"itemListElement\":[{\"@type\":\"ListItem\",\"position\":1,\"name\":\"Accueil\",\"item\":\"https:\/\/www.italpassion.fr\/tr\/\"},{\"@type\":\"ListItem\",\"position\":2,\"name\":\"Automobili Mignatta Rina : une barquette inspir\u00e9e des ann\u00e9es 60 pour tenir compagnie aux Ferrari Monza SP1 et SP2\"}]},{\"@type\":\"WebSite\",\"@id\":\"https:\/\/www.italpassion.fr\/tr\/#website\",\"url\":\"https:\/\/www.italpassion.fr\/tr\/\",\"name\":\"ItalPassion\",\"description\":\"Les Passionn\u00e9s d&#039;Automobiles Italiennes\",\"publisher\":{\"@id\":\"https:\/\/www.italpassion.fr\/tr\/#organization\"},\"potentialAction\":[{\"@type\":\"SearchAction\",\"target\":{\"@type\":\"EntryPoint\",\"urlTemplate\":\"https:\/\/www.italpassion.fr\/tr\/?s={search_term_string}\"},\"query-input\":{\"@type\":\"PropertyValueSpecification\",\"valueRequired\":true,\"valueName\":\"search_term_string\"}}],\"inLanguage\":\"tr\"},{\"@type\":\"Organization\",\"@id\":\"https:\/\/www.italpassion.fr\/tr\/#organization\",\"name\":\"Italpassion\",\"url\":\"https:\/\/www.italpassion.fr\/tr\/\",\"logo\":{\"@type\":\"ImageObject\",\"inLanguage\":\"tr\",\"@id\":\"https:\/\/www.italpassion.fr\/tr\/#\/schema\/logo\/image\/\",\"url\":\"https:\/\/www.italpassion.fr\/wp-content\/uploads\/2023\/07\/italpassion-yoast.jpg\",\"contentUrl\":\"https:\/\/www.italpassion.fr\/wp-content\/uploads\/2023\/07\/italpassion-yoast.jpg\",\"width\":696,\"height\":696,\"caption\":\"Italpassion\"},\"image\":{\"@id\":\"https:\/\/www.italpassion.fr\/tr\/#\/schema\/logo\/image\/\"},\"sameAs\":[\"https:\/\/www.facebook.com\/italpassion\",\"https:\/\/x.com\/italpassion\",\"https:\/\/www.instagram.com\/italpassionfr\/\",\"https:\/\/www.youtube.com\/channel\/UCleq-ByQaA42OjhopwevRjQ\",\"https:\/\/www.facebook.com\/italpassion.en\/\",\"https:\/\/www.facebook.com\/italpassion.it\/\",\"https:\/\/www.facebook.com\/italpassion.de\/\",\"https:\/\/www.facebook.com\/italpassion.ja\/\"]},{\"@type\":\"Person\",\"@id\":\"https:\/\/www.italpassion.fr\/tr\/#\/schema\/person\/efd63d72fc8007741c5836a896805b04\",\"name\":\"Nicolas Anderbegani\",\"image\":{\"@type\":\"ImageObject\",\"inLanguage\":\"tr\",\"@id\":\"https:\/\/www.italpassion.fr\/tr\/#\/schema\/person\/image\/\",\"url\":\"https:\/\/www.italpassion.fr\/wp-content\/uploads\/2025\/05\/nicolas-anderbegani-160x160.jpg\",\"contentUrl\":\"https:\/\/www.italpassion.fr\/wp-content\/uploads\/2025\/05\/nicolas-anderbegani-160x160.jpg\",\"caption\":\"Nicolas Anderbegani\"},\"description\":\"Nicolas est passionn\u00e9 d\u2019histoire et de sport automobile. Il roule en Alfa Romeo Giulietta et vous partagera avec vous sa passion de l\u2019automobile italienne.\",\"url\":\"https:\/\/www.italpassion.fr\/tr\/author\/nicolas\/\"}]}<\/script>\n<!-- \/ Yoast SEO plugin. -->","yoast_head_json":{"title":"Automobili Mignatta Rina: Ferrari Monza SP1 ve SP2'ye e\u015flik edecek 60'lardan ilham alan bir spor otomobil - ItalPassion","description":"Seri \u00fcretim \u0130talyan otomobilleri birka\u00e7 y\u0131ld\u0131r kriz i\u00e7indeyken, el sanatlar\u0131 sekt\u00f6r\u00fc harika bir performans sergiliyor. Bunun son \u00f6rne\u011fi,","robots":{"index":"index","follow":"follow","max-snippet":"max-snippet:-1","max-image-preview":"max-image-preview:large","max-video-preview":"max-video-preview:-1"},"canonical":"https:\/\/www.italpassion.fr\/tr\/automobili-mignatta\/automobili-mignatta-rina-ferrari-monza-sp1-ve-sp2ye-yoldaslik-edecek-60lardan-i\u0307lham-alan-bi\u0307r-yarisci\/","og_locale":"tr_TR","og_type":"article","og_title":"Automobili Mignatta Rina : une barquette inspir\u00e9e des ann\u00e9es 60 pour tenir compagnie aux Ferrari Monza SP1 et SP2 - ItalPassion","og_description":"Si la production automobile italienne de grande s\u00e9rie est en crise depuis quelques ann\u00e9es, l\u2019artisanat se porte lui \u00e0 merveille. Dernier exemple en date,","og_url":"https:\/\/www.italpassion.fr\/tr\/automobili-mignatta\/automobili-mignatta-rina-ferrari-monza-sp1-ve-sp2ye-yoldaslik-edecek-60lardan-i\u0307lham-alan-bi\u0307r-yarisci\/","og_site_name":"ItalPassion","article_publisher":"https:\/\/www.facebook.com\/italpassion","article_published_time":"2026-02-03T07:46:55+00:00","og_image":[{"width":1200,"height":800,"url":"https:\/\/www.italpassion.fr\/wp-content\/uploads\/2026\/02\/am-1.jpg","type":"image\/jpeg"}],"author":"Nicolas Anderbegani","twitter_card":"summary_large_image","twitter_creator":"@italpassion","twitter_site":"@italpassion","schema":{"@context":"https:\/\/schema.org","@graph":[{"@type":"NewsArticle","@id":"https:\/\/www.italpassion.fr\/tr\/automobili-mignatta\/automobili-mignatta-rina-une-barquette-inspiree-des-annees-60-pour-tenir-compagnie-aux-ferrari-monza-sp1-et-sp2\/#article","isPartOf":{"@id":"https:\/\/www.italpassion.fr\/tr\/automobili-mignatta\/automobili-mignatta-rina-une-barquette-inspiree-des-annees-60-pour-tenir-compagnie-aux-ferrari-monza-sp1-et-sp2\/"},"author":{"name":"Nicolas Anderbegani","@id":"https:\/\/www.italpassion.fr\/tr\/#\/schema\/person\/efd63d72fc8007741c5836a896805b04"},"headline":"Automobili Mignatta Rina : une barquette inspir\u00e9e des ann\u00e9es 60 pour tenir compagnie aux Ferrari Monza SP1 et SP2","datePublished":"2026-02-03T07:46:55+00:00","mainEntityOfPage":{"@id":"https:\/\/www.italpassion.fr\/tr\/automobili-mignatta\/automobili-mignatta-rina-une-barquette-inspiree-des-annees-60-pour-tenir-compagnie-aux-ferrari-monza-sp1-et-sp2\/"},"wordCount":820,"commentCount":1,"publisher":{"@id":"https:\/\/www.italpassion.fr\/tr\/#organization"},"image":{"@id":"https:\/\/www.italpassion.fr\/tr\/automobili-mignatta\/automobili-mignatta-rina-une-barquette-inspiree-des-annees-60-pour-tenir-compagnie-aux-ferrari-monza-sp1-et-sp2\/#primaryimage"},"thumbnailUrl":"https:\/\/www.italpassion.fr\/wp-content\/uploads\/2026\/02\/am-1.jpg","keywords":["Automobili Mignatta Rina"],"articleSection":["Automobili Mignatta"],"inLanguage":"tr","potentialAction":[{"@type":"CommentAction","name":"Comment","target":["https:\/\/www.italpassion.fr\/tr\/automobili-mignatta\/automobili-mignatta-rina-une-barquette-inspiree-des-annees-60-pour-tenir-compagnie-aux-ferrari-monza-sp1-et-sp2\/#respond"]}]},{"@type":"WebPage","@id":"https:\/\/www.italpassion.fr\/tr\/automobili-mignatta\/automobili-mignatta-rina-une-barquette-inspiree-des-annees-60-pour-tenir-compagnie-aux-ferrari-monza-sp1-et-sp2\/","url":"https:\/\/www.italpassion.fr\/tr\/automobili-mignatta\/automobili-mignatta-rina-une-barquette-inspiree-des-annees-60-pour-tenir-compagnie-aux-ferrari-monza-sp1-et-sp2\/","name":"Automobili Mignatta Rina: Ferrari Monza SP1 ve SP2'ye e\u015flik edecek 60'lardan ilham alan bir spor otomobil - ItalPassion","isPartOf":{"@id":"https:\/\/www.italpassion.fr\/tr\/#website"},"primaryImageOfPage":{"@id":"https:\/\/www.italpassion.fr\/tr\/automobili-mignatta\/automobili-mignatta-rina-une-barquette-inspiree-des-annees-60-pour-tenir-compagnie-aux-ferrari-monza-sp1-et-sp2\/#primaryimage"},"image":{"@id":"https:\/\/www.italpassion.fr\/tr\/automobili-mignatta\/automobili-mignatta-rina-une-barquette-inspiree-des-annees-60-pour-tenir-compagnie-aux-ferrari-monza-sp1-et-sp2\/#primaryimage"},"thumbnailUrl":"https:\/\/www.italpassion.fr\/wp-content\/uploads\/2026\/02\/am-1.jpg","datePublished":"2026-02-03T07:46:55+00:00","description":"Seri \u00fcretim \u0130talyan otomobilleri birka\u00e7 y\u0131ld\u0131r kriz i\u00e7indeyken, el sanatlar\u0131 sekt\u00f6r\u00fc harika bir performans sergiliyor. Bunun son \u00f6rne\u011fi,","breadcrumb":{"@id":"https:\/\/www.italpassion.fr\/tr\/automobili-mignatta\/automobili-mignatta-rina-une-barquette-inspiree-des-annees-60-pour-tenir-compagnie-aux-ferrari-monza-sp1-et-sp2\/#breadcrumb"},"inLanguage":"tr","potentialAction":[{"@type":"ReadAction","target":["https:\/\/www.italpassion.fr\/tr\/automobili-mignatta\/automobili-mignatta-rina-une-barquette-inspiree-des-annees-60-pour-tenir-compagnie-aux-ferrari-monza-sp1-et-sp2\/"]}]},{"@type":"ImageObject","inLanguage":"tr","@id":"https:\/\/www.italpassion.fr\/tr\/automobili-mignatta\/automobili-mignatta-rina-une-barquette-inspiree-des-annees-60-pour-tenir-compagnie-aux-ferrari-monza-sp1-et-sp2\/#primaryimage","url":"https:\/\/www.italpassion.fr\/wp-content\/uploads\/2026\/02\/am-1.jpg","contentUrl":"https:\/\/www.italpassion.fr\/wp-content\/uploads\/2026\/02\/am-1.jpg","width":1200,"height":800},{"@type":"BreadcrumbList","@id":"https:\/\/www.italpassion.fr\/tr\/automobili-mignatta\/automobili-mignatta-rina-une-barquette-inspiree-des-annees-60-pour-tenir-compagnie-aux-ferrari-monza-sp1-et-sp2\/#breadcrumb","itemListElement":[{"@type":"ListItem","position":1,"name":"Accueil","item":"https:\/\/www.italpassion.fr\/tr\/"},{"@type":"ListItem","position":2,"name":"Automobili Mignatta Rina : une barquette inspir\u00e9e des ann\u00e9es 60 pour tenir compagnie aux Ferrari Monza SP1 et SP2"}]},{"@type":"WebSite","@id":"https:\/\/www.italpassion.fr\/tr\/#website","url":"https:\/\/www.italpassion.fr\/tr\/","name":"ItalPassion","description":"\u0130talyan Araba Merakl\u0131lar\u0131","publisher":{"@id":"https:\/\/www.italpassion.fr\/tr\/#organization"},"potentialAction":[{"@type":"SearchAction","target":{"@type":"EntryPoint","urlTemplate":"https:\/\/www.italpassion.fr\/tr\/?s={search_term_string}"},"query-input":{"@type":"PropertyValueSpecification","valueRequired":true,"valueName":"search_term_string"}}],"inLanguage":"tr"},{"@type":"Organization","@id":"https:\/\/www.italpassion.fr\/tr\/#organization","name":"Italpassion","url":"https:\/\/www.italpassion.fr\/tr\/","logo":{"@type":"ImageObject","inLanguage":"tr","@id":"https:\/\/www.italpassion.fr\/tr\/#\/schema\/logo\/image\/","url":"https:\/\/www.italpassion.fr\/wp-content\/uploads\/2023\/07\/italpassion-yoast.jpg","contentUrl":"https:\/\/www.italpassion.fr\/wp-content\/uploads\/2023\/07\/italpassion-yoast.jpg","width":696,"height":696,"caption":"Italpassion"},"image":{"@id":"https:\/\/www.italpassion.fr\/tr\/#\/schema\/logo\/image\/"},"sameAs":["https:\/\/www.facebook.com\/italpassion","https:\/\/x.com\/italpassion","https:\/\/www.instagram.com\/italpassionfr\/","https:\/\/www.youtube.com\/channel\/UCleq-ByQaA42OjhopwevRjQ","https:\/\/www.facebook.com\/italpassion.en\/","https:\/\/www.facebook.com\/italpassion.it\/","https:\/\/www.facebook.com\/italpassion.de\/","https:\/\/www.facebook.com\/italpassion.ja\/"]},{"@type":"Person","@id":"https:\/\/www.italpassion.fr\/tr\/#\/schema\/person\/efd63d72fc8007741c5836a896805b04","name":"Nicolas Anderbegani","image":{"@type":"ImageObject","inLanguage":"tr","@id":"https:\/\/www.italpassion.fr\/tr\/#\/schema\/person\/image\/","url":"https:\/\/www.italpassion.fr\/wp-content\/uploads\/2025\/05\/nicolas-anderbegani-160x160.jpg","contentUrl":"https:\/\/www.italpassion.fr\/wp-content\/uploads\/2025\/05\/nicolas-anderbegani-160x160.jpg","caption":"Nicolas Anderbegani"},"description":"Nicolas tarih ve motor sporlar\u0131 konusunda tutkuludur. Kendisi bir Alfa Romeo Giulietta kullanmaktad\u0131r ve \u0130talyan otomobillerine olan tutkusunu sizinle payla\u015fmaktan mutluluk duyacakt\u0131r.","url":"https:\/\/www.italpassion.fr\/tr\/author\/nicolas\/"}]}},"_links":{"self":[{"href":"https:\/\/www.italpassion.fr\/tr\/wp-json\/wp\/v2\/posts\/46020","targetHints":{"allow":["GET"]}}],"collection":[{"href":"https:\/\/www.italpassion.fr\/tr\/wp-json\/wp\/v2\/posts"}],"about":[{"href":"https:\/\/www.italpassion.fr\/tr\/wp-json\/wp\/v2\/types\/post"}],"author":[{"embeddable":true,"href":"https:\/\/www.italpassion.fr\/tr\/wp-json\/wp\/v2\/users\/8"}],"replies":[{"embeddable":true,"href":"https:\/\/www.italpassion.fr\/tr\/wp-json\/wp\/v2\/comments?post=46020"}],"version-history":[{"count":2,"href":"https:\/\/www.italpassion.fr\/tr\/wp-json\/wp\/v2\/posts\/46020\/revisions"}],"predecessor-version":[{"id":46027,"href":"https:\/\/www.italpassion.fr\/tr\/wp-json\/wp\/v2\/posts\/46020\/revisions\/46027"}],"wp:featuredmedia":[{"embeddable":true,"href":"https:\/\/www.italpassion.fr\/tr\/wp-json\/wp\/v2\/media\/46022"}],"wp:attachment":[{"href":"https:\/\/www.italpassion.fr\/tr\/wp-json\/wp\/v2\/media?parent=46020"}],"wp:term":[{"taxonomy":"category","embeddable":true,"href":"https:\/\/www.italpassion.fr\/tr\/wp-json\/wp\/v2\/categories?post=46020"},{"taxonomy":"post_tag","embeddable":true,"href":"https:\/\/www.italpassion.fr\/tr\/wp-json\/wp\/v2\/tags?post=46020"}],"curies":[{"name":"wp","href":"https:\/\/api.w.org\/{rel}","templated":true}]}}