{"id":45891,"date":"2026-01-29T15:17:59","date_gmt":"2026-01-29T14:17:59","guid":{"rendered":"https:\/\/www.italpassion.fr\/?p=45891"},"modified":"2026-01-29T15:17:59","modified_gmt":"2026-01-29T14:17:59","slug":"ferrari-296-gt3-evo-daytonada-kolay-baslamadi","status":"publish","type":"post","link":"https:\/\/www.italpassion.fr\/tr\/competition\/imsa\/ferrari-296-gt3-evo-des-debuts-pas-faciles-a-daytona\/","title":{"rendered":"Ferrari 296 GT3 Evo: Daytona'da (kolay olmayan) bir \u00e7\u0131k\u0131\u015f!"},"content":{"rendered":"<figure class=\"wp-block-image size-full\"><img loading=\"lazy\" decoding=\"async\" width=\"1200\" height=\"800\" src=\"https:\/\/www.italpassion.fr\/wp-content\/uploads\/2026\/01\/296-GT3-EVO.jpg\" alt=\"\" class=\"wp-image-45892\" srcset=\"https:\/\/www.italpassion.fr\/wp-content\/uploads\/2026\/01\/296-GT3-EVO.jpg 1200w, https:\/\/www.italpassion.fr\/wp-content\/uploads\/2026\/01\/296-GT3-EVO-420x280.jpg 420w, https:\/\/www.italpassion.fr\/wp-content\/uploads\/2026\/01\/296-GT3-EVO-768x512.jpg 768w, https:\/\/www.italpassion.fr\/wp-content\/uploads\/2026\/01\/296-GT3-EVO-18x12.jpg 18w\" sizes=\"auto, (max-width: 1200px) 100vw, 1200px\" \/><\/figure>\n\n\n\n<p>Be\u015f ara\u00e7 yar\u0131\u015f\u0131 tamamlad\u0131 ama zafer ya da podyum gelmedi. Yeni Ferrari 296 GT3 Evo i\u00e7in ilk rekabet\u00e7i \u00e7\u0131k\u0131\u015f bu hafta sonu IMSA Kuzey Amerika Dayan\u0131kl\u0131l\u0131k \u015eampiyonas\u0131'n\u0131n a\u00e7\u0131l\u0131\u015f turu olan Daytona 24 Saat'te ger\u00e7ekle\u015fti. Florida klasi\u011finin ard\u0131ndan Ferrari taraf\u0131ndan yay\u0131nlanan bas\u0131n a\u00e7\u0131klamas\u0131nda, \"Yar\u0131\u015ftan \u00f6nce tahmin edildi\u011fi gibi, IMSA SportsCar 2026 \u015eampiyonas\u0131'n\u0131n ilk turu Maranello otomobilleri i\u00e7in zor bir tur oldu\" denildi.<\/p>\n\n\n\n<p>Sonu\u00e7ta, Maranello bir dizi onurlu yerle gurur duyabilirdi. GTD kategorisinde AF Corse tak\u0131m\u0131n\u0131n 21 numaral\u0131 Ferrari'si iki tur sonunda 5. s\u0131rada yer ald\u0131. GTD Pro'da ise Triarsi Competizione tak\u0131m\u0131 taraf\u0131ndan kullan\u0131lan 296 GT3 Evo 8. oldu. <\/p>\n\n\n\n<h2 class=\"wp-block-heading\">GTD Pro'da Hayal K\u0131r\u0131kl\u0131\u011f\u0131<\/h2>\n\n\n\n<p>Bu s\u0131k\u0131 \u00e7eki\u015fmeli s\u0131n\u0131fta, Ferrari'ler Chevrolet Corvette'ler, Ford Mustang'ler, Mercedes-AMG GT3'ler ve BMW M4'lerle birincilik i\u00e7in m\u00fccadele edecek durumda g\u00f6r\u00fcnm\u00fcyordu. Otomobillerin dengelenmesinden sorumlu olan Performans Dengesi'nin (BOP) 296 GT3 Evo'yu bu hafta sonu griddeki en hafif otomobil haline getirdi\u011fi unutulmamal\u0131d\u0131r (1,323 kg). Ancak g\u00fc\u00e7, 190 km\/s alt\u0131nda 88.9 % ve 200 km\/s \u00fczerinde 85 % s\u00fcvari ile s\u0131n\u0131rland\u0131r\u0131ld\u0131.<\/p>\n\n\n\n<p>\u00dcnl\u00fc \"banket \"in h\u0131zl\u0131 b\u00f6l\u00fcmlerinde ya da trafikte bir a\u00e7\u0131kl\u0131k ararken i\u015f kolay de\u011fildi. Ancak bu husus, genellikle son iki saatte karar verilen bir yar\u0131\u015fta her zaman \u00e7ok \u00f6nemlidir. \"S\u0131ralama turlar\u0131nda g\u00f6rd\u00fc\u011f\u00fcm\u00fcz gibi, bir turda oraday\u0131z. Yar\u0131\u015fta,<br>daha zor,\" diyor markan\u0131n 21 numaral\u0131 GTD'deki resmi s\u00fcr\u00fcc\u00fcs\u00fc Lilou Wadoux Auto Hebdo'ya.<\/p>\n\n\n\n<p>Prancing Horse'un iki arac\u0131 \u00e7arp\u0131\u015ft\u0131\u011f\u0131nda k\u00f6t\u00fc \u015fans araya girdi. Yar\u0131\u015ftan iki saat sonra Daniel Serra (#62 Risi Ferrari) pist kenar\u0131ndaki \u00e7imleri a\u015farak Triarsi tak\u0131m\u0131n\u0131n kulland\u0131\u011f\u0131 bir ba\u015fka 296 GT3 ile \u00e7arp\u0131\u015ft\u0131. Brezilyal\u0131 pilot sosyal medya hesab\u0131ndan yapt\u0131\u011f\u0131 a\u00e7\u0131klamada \"Kazaya neden olan bir temas nedeniyle yar\u0131\u015ftan \u00e7ekilmek zorunda kald\u0131k\" dedi.<\/p>\n\n\n\n<p>GTD Pro kategorisinde de 033 numaral\u0131 Ferrari (Triarsi Competizione) liderlik m\u00fccadelesine girmek i\u00e7in bir dizi stratejik hamle yapt\u0131. Bu durum son n\u00f6tralizasyon s\u0131ras\u0131nda, 2 saat 30 dakika kala ger\u00e7ekle\u015fti. Ana grup yak\u0131t ikmali yapt\u0131\u011f\u0131nda James Calado pistte kald\u0131. Son d\u00fcnya \u015fampiyonu ye\u015fil bayrakta 2. s\u0131radayd\u0131. Ara\u00e7lar serbest b\u0131rak\u0131ld\u0131\u011f\u0131nda, 296 GT3<br>yine de Nico Varrone'nin 4 numaral\u0131 Corvette'i ile \u00e7eki\u015fmeli bir aksiyona dahil oldu. Hatal\u0131 oldu\u011funa karar verilen Calado'ya bir ge\u00e7i\u015f cezas\u0131 verildi ve bu da Ferrari'nin podyuma \u00e7\u0131kma \u015fans\u0131n\u0131 sona erdirdi.<\/p>\n\n\n\n<h2 class=\"wp-block-heading\">Gelecek Vaat Eden GTD<\/h2>\n\n\n\n<p>Ancak Ferrari i\u00e7in, yo\u011fun gece sisinin neden oldu\u011fu 6 saatten fazla s\u00fcren g\u00fcvenlik ara\u00e7lar\u0131n\u0131n arkas\u0131ndaki n\u00f6tralizasyonun damgas\u0131n\u0131 vurdu\u011fu bir yar\u0131\u015fta birka\u00e7 parlak nokta vard\u0131. Bu durum \u00f6zellikle GTD kategorisi i\u00e7in ge\u00e7erliydi. Frederik Schandorff'un kulland\u0131\u011f\u0131 Inception tak\u0131m\u0131n\u0131n 70 numaral\u0131 arac\u0131 GTD kategorisinde liderli\u011fi ele ge\u00e7irdi.<br>\u0130lk iki saat boyunca ara\u00e7 birka\u00e7 kez liderli\u011fi ele ge\u00e7irdi. Ard\u0131ndan AF Corse taraf\u0131ndan yar\u0131\u015fa dahil edilen 21 numaral\u0131 ara\u00e7 Pazar sabah\u0131 ilk 5'te kalmay\u0131 ba\u015fard\u0131.<\/p>\n\n\n\n<p>Lilou Wadoux da iyi bir performans sergiledi. Bu k\u0131\u015f resmi Ferrari s\u00fcr\u00fcc\u00fcs\u00fc olarak kontrat\u0131n\u0131 yenileyen Frans\u0131z kad\u0131n, yak\u0131ndan izlenen B-Pillar endeksinde Uluslararas\u0131 Federasyon taraf\u0131ndan 'g\u00fcm\u00fc\u015f' olarak derecelendirilen en iyi s\u00fcr\u00fcc\u00fclerden biri. Bu y\u00fczden daha elveri\u015fli ko\u015fullar i\u00e7in beklememiz gerekecek.<br>Ferrari 296 GT3 Evo'nun potansiyelini de\u011ferlendirmek i\u00e7in. Belki de Mart ortas\u0131ndaki 12 Saat Sebring kadar erken bir tarihte.<\/p>\n\n\n\n<blockquote class=\"wp-block-quote is-layout-flow wp-block-quote-is-layout-flow\"><svg aria-hidden=\"true\" focusable=\"false\" class=\"icon icon-quote\" width=\"48\" height=\"48\"><use xlink:href=\"#icon-quote\"><\/use><\/svg>\n<p><strong>Michelin'den ilk geri bildirim<\/strong><\/p>\n\n\n\n<p>\u0130\u015fte Ferrari'yi ilgilendiren bir ba\u015fka konu. IMSA'n\u0131n resmi \u00fcreticisi Michelin, Daytona'da iki yeni lastik serisini g\u00f6r\u00fcc\u00fcye \u00e7\u0131kard\u0131. GTD ve GTD Pro'da hafta sonu, kapsaml\u0131 bir \u015fekilde revize edilen Pilot Sport Pro GT H1+ lastikleri hakk\u0131nda ilk dersleri \u00f6\u011frenme f\u0131rsat\u0131 sa\u011flad\u0131. Bu lastiklerin do\u011fru kullan\u0131m\u0131 IMSA'da belirleyici olacak.<\/p>\n\n\n\n<p>Ayn\u0131 zamanda Michelin Man, yeni Pilot Sport Endurance ile birinci s\u0131n\u0131fta (GTP olarak bilinir) ilk kez boy g\u00f6sterdi. Bu lastik Mart ay\u0131ndan itibaren D\u00fcnya \u015eampiyonas\u0131'nda (WEC) da kullan\u0131lacak. Bu lastik yak\u0131nda Hypercar kategorisine giren Ferrari 499P'ye tak\u0131lacak.<\/p>\n\n\n\n<p>Clermont-Ferrand merkezli \u00fcreticinin teknisyenlerine g\u00f6re ana de\u011fi\u015fiklik ilk so\u011fuk turlarla ilgili: Michelin Motorsport Direkt\u00f6r\u00fc Matthieu Bonardel, \"Yeni seri, h\u0131za \u00e7\u0131kma a\u00e7\u0131s\u0131ndan ola\u011fan\u00fcst\u00fc bir geli\u015fme sunuyor\" diyor. Pitten \u00e7\u0131k\u0131\u015ftaki ortalama tur, 2026 orta lastikle \u00f6nceki nesle g\u00f6re 5 ila 8 saniye daha h\u0131zl\u0131.<br>t\u00fcm ara\u00e7lar\u0131n toplam\u0131\". Prancing Horse'un dayan\u0131kl\u0131l\u0131k program\u0131n\u0131n merkezinde<br>muhtemelen bu t\u00fcr bilgileri zaten veri taban\u0131na giriyorlard\u0131r...<\/p>\n<\/blockquote>","protected":false},"excerpt":{"rendered":"","protected":false},"author":6,"featured_media":45892,"comment_status":"open","ping_status":"open","sticky":false,"template":"","format":"standard","meta":{"_acf_changed":false,"_sitemap_exclude":false,"_sitemap_priority":"","_sitemap_frequency":"","footnotes":""},"categories":[584,408,323],"tags":[],"class_list":["post-45891","post","type-post","status-publish","format-standard","has-post-thumbnail","hentry","category-gt3","category-imsa","category-competition","generate-columns","tablet-grid-50","mobile-grid-100","grid-parent","grid-33"],"acf":[],"yoast_head":"<!-- This site is optimized with the Yoast SEO plugin v25.8 - https:\/\/yoast.com\/wordpress\/plugins\/seo\/ -->\n<title>Ferrari 296 GT3\u00a0Evo : des d\u00e9buts (pas faciles) \u00e0 Daytona ! - ItalPassion<\/title>\n<meta name=\"description\" content=\"Cinq voitures \u00e0 l\u2019arriv\u00e9e, mais pas de victoire ou de podium. La toute premi\u00e8re sortie en comp\u00e9tition de la nouvelle Ferrari 296 GT3 Evo a eu lieu ce\" \/>\n<meta name=\"robots\" content=\"index, follow, max-snippet:-1, max-image-preview:large, max-video-preview:-1\" \/>\n<link rel=\"canonical\" href=\"https:\/\/www.italpassion.fr\/tr\/rekabet\/imsa\/ferrari-296-gt3-evo-daytonada-kolay-baslamadi\/\" \/>\n<meta property=\"og:locale\" content=\"tr_TR\" \/>\n<meta property=\"og:type\" content=\"article\" \/>\n<meta property=\"og:title\" content=\"Ferrari 296 GT3\u00a0Evo : des d\u00e9buts (pas faciles) \u00e0 Daytona ! - ItalPassion\" \/>\n<meta property=\"og:description\" content=\"Cinq voitures \u00e0 l\u2019arriv\u00e9e, mais pas de victoire ou de podium. La toute premi\u00e8re sortie en comp\u00e9tition de la nouvelle Ferrari 296 GT3 Evo a eu lieu ce\" \/>\n<meta property=\"og:url\" content=\"https:\/\/www.italpassion.fr\/tr\/rekabet\/imsa\/ferrari-296-gt3-evo-daytonada-kolay-baslamadi\/\" \/>\n<meta property=\"og:site_name\" content=\"ItalPassion\" \/>\n<meta property=\"article:publisher\" content=\"https:\/\/www.facebook.com\/italpassion\" \/>\n<meta property=\"article:published_time\" content=\"2026-01-29T14:17:59+00:00\" \/>\n<meta property=\"og:image\" content=\"https:\/\/www.italpassion.fr\/wp-content\/uploads\/2026\/01\/296-GT3-EVO.jpg\" \/>\n\t<meta property=\"og:image:width\" content=\"1200\" \/>\n\t<meta property=\"og:image:height\" content=\"800\" \/>\n\t<meta property=\"og:image:type\" content=\"image\/jpeg\" \/>\n<meta name=\"author\" content=\"Andy David (Auto Press Club)\" \/>\n<meta name=\"twitter:card\" content=\"summary_large_image\" \/>\n<meta name=\"twitter:creator\" content=\"@italpassion\" \/>\n<meta name=\"twitter:site\" content=\"@italpassion\" \/>\n<script type=\"application\/ld+json\" class=\"yoast-schema-graph\">{\"@context\":\"https:\/\/schema.org\",\"@graph\":[{\"@type\":\"NewsArticle\",\"@id\":\"https:\/\/www.italpassion.fr\/tr\/competition\/imsa\/ferrari-296-gt3-evo-des-debuts-pas-faciles-a-daytona\/#article\",\"isPartOf\":{\"@id\":\"https:\/\/www.italpassion.fr\/tr\/competition\/imsa\/ferrari-296-gt3-evo-des-debuts-pas-faciles-a-daytona\/\"},\"author\":{\"name\":\"Andy David (Auto Press Club)\",\"@id\":\"https:\/\/www.italpassion.fr\/tr\/#\/schema\/person\/567af3a713ef4402a30af608feb37b67\"},\"headline\":\"Ferrari 296 GT3\u00a0Evo : des d\u00e9buts (pas faciles) \u00e0 Daytona !\",\"datePublished\":\"2026-01-29T14:17:59+00:00\",\"mainEntityOfPage\":{\"@id\":\"https:\/\/www.italpassion.fr\/tr\/competition\/imsa\/ferrari-296-gt3-evo-des-debuts-pas-faciles-a-daytona\/\"},\"wordCount\":875,\"commentCount\":0,\"publisher\":{\"@id\":\"https:\/\/www.italpassion.fr\/tr\/#organization\"},\"image\":{\"@id\":\"https:\/\/www.italpassion.fr\/tr\/competition\/imsa\/ferrari-296-gt3-evo-des-debuts-pas-faciles-a-daytona\/#primaryimage\"},\"thumbnailUrl\":\"https:\/\/www.italpassion.fr\/wp-content\/uploads\/2026\/01\/296-GT3-EVO.jpg\",\"articleSection\":[\"GT3\",\"IMSA\",\"Sport Auto\"],\"inLanguage\":\"tr\",\"potentialAction\":[{\"@type\":\"CommentAction\",\"name\":\"Comment\",\"target\":[\"https:\/\/www.italpassion.fr\/tr\/competition\/imsa\/ferrari-296-gt3-evo-des-debuts-pas-faciles-a-daytona\/#respond\"]}]},{\"@type\":\"WebPage\",\"@id\":\"https:\/\/www.italpassion.fr\/tr\/competition\/imsa\/ferrari-296-gt3-evo-des-debuts-pas-faciles-a-daytona\/\",\"url\":\"https:\/\/www.italpassion.fr\/tr\/competition\/imsa\/ferrari-296-gt3-evo-des-debuts-pas-faciles-a-daytona\/\",\"name\":\"Ferrari 296 GT3\u00a0Evo : des d\u00e9buts (pas faciles) \u00e0 Daytona ! - ItalPassion\",\"isPartOf\":{\"@id\":\"https:\/\/www.italpassion.fr\/tr\/#website\"},\"primaryImageOfPage\":{\"@id\":\"https:\/\/www.italpassion.fr\/tr\/competition\/imsa\/ferrari-296-gt3-evo-des-debuts-pas-faciles-a-daytona\/#primaryimage\"},\"image\":{\"@id\":\"https:\/\/www.italpassion.fr\/tr\/competition\/imsa\/ferrari-296-gt3-evo-des-debuts-pas-faciles-a-daytona\/#primaryimage\"},\"thumbnailUrl\":\"https:\/\/www.italpassion.fr\/wp-content\/uploads\/2026\/01\/296-GT3-EVO.jpg\",\"datePublished\":\"2026-01-29T14:17:59+00:00\",\"description\":\"Cinq voitures \u00e0 l\u2019arriv\u00e9e, mais pas de victoire ou de podium. La toute premi\u00e8re sortie en comp\u00e9tition de la nouvelle Ferrari 296 GT3 Evo a eu lieu ce\",\"breadcrumb\":{\"@id\":\"https:\/\/www.italpassion.fr\/tr\/competition\/imsa\/ferrari-296-gt3-evo-des-debuts-pas-faciles-a-daytona\/#breadcrumb\"},\"inLanguage\":\"tr\",\"potentialAction\":[{\"@type\":\"ReadAction\",\"target\":[\"https:\/\/www.italpassion.fr\/tr\/competition\/imsa\/ferrari-296-gt3-evo-des-debuts-pas-faciles-a-daytona\/\"]}]},{\"@type\":\"ImageObject\",\"inLanguage\":\"tr\",\"@id\":\"https:\/\/www.italpassion.fr\/tr\/competition\/imsa\/ferrari-296-gt3-evo-des-debuts-pas-faciles-a-daytona\/#primaryimage\",\"url\":\"https:\/\/www.italpassion.fr\/wp-content\/uploads\/2026\/01\/296-GT3-EVO.jpg\",\"contentUrl\":\"https:\/\/www.italpassion.fr\/wp-content\/uploads\/2026\/01\/296-GT3-EVO.jpg\",\"width\":1200,\"height\":800},{\"@type\":\"BreadcrumbList\",\"@id\":\"https:\/\/www.italpassion.fr\/tr\/competition\/imsa\/ferrari-296-gt3-evo-des-debuts-pas-faciles-a-daytona\/#breadcrumb\",\"itemListElement\":[{\"@type\":\"ListItem\",\"position\":1,\"name\":\"Accueil\",\"item\":\"https:\/\/www.italpassion.fr\/tr\/\"},{\"@type\":\"ListItem\",\"position\":2,\"name\":\"Ferrari 296 GT3\u00a0Evo : des d\u00e9buts (pas faciles) \u00e0 Daytona !\"}]},{\"@type\":\"WebSite\",\"@id\":\"https:\/\/www.italpassion.fr\/tr\/#website\",\"url\":\"https:\/\/www.italpassion.fr\/tr\/\",\"name\":\"ItalPassion\",\"description\":\"Les Passionn\u00e9s d&#039;Automobiles Italiennes\",\"publisher\":{\"@id\":\"https:\/\/www.italpassion.fr\/tr\/#organization\"},\"potentialAction\":[{\"@type\":\"SearchAction\",\"target\":{\"@type\":\"EntryPoint\",\"urlTemplate\":\"https:\/\/www.italpassion.fr\/tr\/?s={search_term_string}\"},\"query-input\":{\"@type\":\"PropertyValueSpecification\",\"valueRequired\":true,\"valueName\":\"search_term_string\"}}],\"inLanguage\":\"tr\"},{\"@type\":\"Organization\",\"@id\":\"https:\/\/www.italpassion.fr\/tr\/#organization\",\"name\":\"Italpassion\",\"url\":\"https:\/\/www.italpassion.fr\/tr\/\",\"logo\":{\"@type\":\"ImageObject\",\"inLanguage\":\"tr\",\"@id\":\"https:\/\/www.italpassion.fr\/tr\/#\/schema\/logo\/image\/\",\"url\":\"https:\/\/www.italpassion.fr\/wp-content\/uploads\/2023\/07\/italpassion-yoast.jpg\",\"contentUrl\":\"https:\/\/www.italpassion.fr\/wp-content\/uploads\/2023\/07\/italpassion-yoast.jpg\",\"width\":696,\"height\":696,\"caption\":\"Italpassion\"},\"image\":{\"@id\":\"https:\/\/www.italpassion.fr\/tr\/#\/schema\/logo\/image\/\"},\"sameAs\":[\"https:\/\/www.facebook.com\/italpassion\",\"https:\/\/x.com\/italpassion\",\"https:\/\/www.instagram.com\/italpassionfr\/\",\"https:\/\/www.youtube.com\/channel\/UCleq-ByQaA42OjhopwevRjQ\",\"https:\/\/www.facebook.com\/italpassion.en\/\",\"https:\/\/www.facebook.com\/italpassion.it\/\",\"https:\/\/www.facebook.com\/italpassion.de\/\",\"https:\/\/www.facebook.com\/italpassion.ja\/\"]},{\"@type\":\"Person\",\"@id\":\"https:\/\/www.italpassion.fr\/tr\/#\/schema\/person\/567af3a713ef4402a30af608feb37b67\",\"name\":\"Andy David (Auto Press Club)\",\"image\":{\"@type\":\"ImageObject\",\"inLanguage\":\"tr\",\"@id\":\"https:\/\/www.italpassion.fr\/tr\/#\/schema\/person\/image\/\",\"url\":\"https:\/\/www.italpassion.fr\/wp-content\/plugins\/generateperf\/images\/icons\/avatar.svg\",\"contentUrl\":\"https:\/\/www.italpassion.fr\/wp-content\/plugins\/generateperf\/images\/icons\/avatar.svg\",\"caption\":\"Andy David (Auto Press Club)\"},\"description\":\"Andy David est journaliste sp\u00e9cialis\u00e9 en sport automobile pour Auto Press Club\",\"url\":\"https:\/\/www.italpassion.fr\/tr\/author\/andy\/\"}]}<\/script>\n<!-- \/ Yoast SEO plugin. -->","yoast_head_json":{"title":"Ferrari 296 GT3 Evo: Daytona'da kolay bir \u00e7\u0131k\u0131\u015f de\u011fil! - ItalPassion","description":"Be\u015f ara\u00e7 yar\u0131\u015f\u0131 tamamlad\u0131 ama zafer ya da podyum gelmedi. Yeni Ferrari 296 GT3 Evo i\u00e7in ilk yar\u0131\u015fma gezisi bu gece ger\u00e7ekle\u015fti.","robots":{"index":"index","follow":"follow","max-snippet":"max-snippet:-1","max-image-preview":"max-image-preview:large","max-video-preview":"max-video-preview:-1"},"canonical":"https:\/\/www.italpassion.fr\/tr\/rekabet\/imsa\/ferrari-296-gt3-evo-daytonada-kolay-baslamadi\/","og_locale":"tr_TR","og_type":"article","og_title":"Ferrari 296 GT3\u00a0Evo : des d\u00e9buts (pas faciles) \u00e0 Daytona ! - ItalPassion","og_description":"Cinq voitures \u00e0 l\u2019arriv\u00e9e, mais pas de victoire ou de podium. La toute premi\u00e8re sortie en comp\u00e9tition de la nouvelle Ferrari 296 GT3 Evo a eu lieu ce","og_url":"https:\/\/www.italpassion.fr\/tr\/rekabet\/imsa\/ferrari-296-gt3-evo-daytonada-kolay-baslamadi\/","og_site_name":"ItalPassion","article_publisher":"https:\/\/www.facebook.com\/italpassion","article_published_time":"2026-01-29T14:17:59+00:00","og_image":[{"width":1200,"height":800,"url":"https:\/\/www.italpassion.fr\/wp-content\/uploads\/2026\/01\/296-GT3-EVO.jpg","type":"image\/jpeg"}],"author":"Andy David (Auto Press Club)","twitter_card":"summary_large_image","twitter_creator":"@italpassion","twitter_site":"@italpassion","schema":{"@context":"https:\/\/schema.org","@graph":[{"@type":"NewsArticle","@id":"https:\/\/www.italpassion.fr\/tr\/competition\/imsa\/ferrari-296-gt3-evo-des-debuts-pas-faciles-a-daytona\/#article","isPartOf":{"@id":"https:\/\/www.italpassion.fr\/tr\/competition\/imsa\/ferrari-296-gt3-evo-des-debuts-pas-faciles-a-daytona\/"},"author":{"name":"Andy David (Auto Press Club)","@id":"https:\/\/www.italpassion.fr\/tr\/#\/schema\/person\/567af3a713ef4402a30af608feb37b67"},"headline":"Ferrari 296 GT3\u00a0Evo : des d\u00e9buts (pas faciles) \u00e0 Daytona !","datePublished":"2026-01-29T14:17:59+00:00","mainEntityOfPage":{"@id":"https:\/\/www.italpassion.fr\/tr\/competition\/imsa\/ferrari-296-gt3-evo-des-debuts-pas-faciles-a-daytona\/"},"wordCount":875,"commentCount":0,"publisher":{"@id":"https:\/\/www.italpassion.fr\/tr\/#organization"},"image":{"@id":"https:\/\/www.italpassion.fr\/tr\/competition\/imsa\/ferrari-296-gt3-evo-des-debuts-pas-faciles-a-daytona\/#primaryimage"},"thumbnailUrl":"https:\/\/www.italpassion.fr\/wp-content\/uploads\/2026\/01\/296-GT3-EVO.jpg","articleSection":["GT3","IMSA","Sport Auto"],"inLanguage":"tr","potentialAction":[{"@type":"CommentAction","name":"Comment","target":["https:\/\/www.italpassion.fr\/tr\/competition\/imsa\/ferrari-296-gt3-evo-des-debuts-pas-faciles-a-daytona\/#respond"]}]},{"@type":"WebPage","@id":"https:\/\/www.italpassion.fr\/tr\/competition\/imsa\/ferrari-296-gt3-evo-des-debuts-pas-faciles-a-daytona\/","url":"https:\/\/www.italpassion.fr\/tr\/competition\/imsa\/ferrari-296-gt3-evo-des-debuts-pas-faciles-a-daytona\/","name":"Ferrari 296 GT3 Evo: Daytona'da kolay bir \u00e7\u0131k\u0131\u015f de\u011fil! - ItalPassion","isPartOf":{"@id":"https:\/\/www.italpassion.fr\/tr\/#website"},"primaryImageOfPage":{"@id":"https:\/\/www.italpassion.fr\/tr\/competition\/imsa\/ferrari-296-gt3-evo-des-debuts-pas-faciles-a-daytona\/#primaryimage"},"image":{"@id":"https:\/\/www.italpassion.fr\/tr\/competition\/imsa\/ferrari-296-gt3-evo-des-debuts-pas-faciles-a-daytona\/#primaryimage"},"thumbnailUrl":"https:\/\/www.italpassion.fr\/wp-content\/uploads\/2026\/01\/296-GT3-EVO.jpg","datePublished":"2026-01-29T14:17:59+00:00","description":"Be\u015f ara\u00e7 yar\u0131\u015f\u0131 tamamlad\u0131 ama zafer ya da podyum gelmedi. Yeni Ferrari 296 GT3 Evo i\u00e7in ilk yar\u0131\u015fma gezisi bu gece ger\u00e7ekle\u015fti.","breadcrumb":{"@id":"https:\/\/www.italpassion.fr\/tr\/competition\/imsa\/ferrari-296-gt3-evo-des-debuts-pas-faciles-a-daytona\/#breadcrumb"},"inLanguage":"tr","potentialAction":[{"@type":"ReadAction","target":["https:\/\/www.italpassion.fr\/tr\/competition\/imsa\/ferrari-296-gt3-evo-des-debuts-pas-faciles-a-daytona\/"]}]},{"@type":"ImageObject","inLanguage":"tr","@id":"https:\/\/www.italpassion.fr\/tr\/competition\/imsa\/ferrari-296-gt3-evo-des-debuts-pas-faciles-a-daytona\/#primaryimage","url":"https:\/\/www.italpassion.fr\/wp-content\/uploads\/2026\/01\/296-GT3-EVO.jpg","contentUrl":"https:\/\/www.italpassion.fr\/wp-content\/uploads\/2026\/01\/296-GT3-EVO.jpg","width":1200,"height":800},{"@type":"BreadcrumbList","@id":"https:\/\/www.italpassion.fr\/tr\/competition\/imsa\/ferrari-296-gt3-evo-des-debuts-pas-faciles-a-daytona\/#breadcrumb","itemListElement":[{"@type":"ListItem","position":1,"name":"Accueil","item":"https:\/\/www.italpassion.fr\/tr\/"},{"@type":"ListItem","position":2,"name":"Ferrari 296 GT3\u00a0Evo : des d\u00e9buts (pas faciles) \u00e0 Daytona !"}]},{"@type":"WebSite","@id":"https:\/\/www.italpassion.fr\/tr\/#website","url":"https:\/\/www.italpassion.fr\/tr\/","name":"ItalPassion","description":"\u0130talyan Araba Merakl\u0131lar\u0131","publisher":{"@id":"https:\/\/www.italpassion.fr\/tr\/#organization"},"potentialAction":[{"@type":"SearchAction","target":{"@type":"EntryPoint","urlTemplate":"https:\/\/www.italpassion.fr\/tr\/?s={search_term_string}"},"query-input":{"@type":"PropertyValueSpecification","valueRequired":true,"valueName":"search_term_string"}}],"inLanguage":"tr"},{"@type":"Organization","@id":"https:\/\/www.italpassion.fr\/tr\/#organization","name":"Italpassion","url":"https:\/\/www.italpassion.fr\/tr\/","logo":{"@type":"ImageObject","inLanguage":"tr","@id":"https:\/\/www.italpassion.fr\/tr\/#\/schema\/logo\/image\/","url":"https:\/\/www.italpassion.fr\/wp-content\/uploads\/2023\/07\/italpassion-yoast.jpg","contentUrl":"https:\/\/www.italpassion.fr\/wp-content\/uploads\/2023\/07\/italpassion-yoast.jpg","width":696,"height":696,"caption":"Italpassion"},"image":{"@id":"https:\/\/www.italpassion.fr\/tr\/#\/schema\/logo\/image\/"},"sameAs":["https:\/\/www.facebook.com\/italpassion","https:\/\/x.com\/italpassion","https:\/\/www.instagram.com\/italpassionfr\/","https:\/\/www.youtube.com\/channel\/UCleq-ByQaA42OjhopwevRjQ","https:\/\/www.facebook.com\/italpassion.en\/","https:\/\/www.facebook.com\/italpassion.it\/","https:\/\/www.facebook.com\/italpassion.de\/","https:\/\/www.facebook.com\/italpassion.ja\/"]},{"@type":"Person","@id":"https:\/\/www.italpassion.fr\/tr\/#\/schema\/person\/567af3a713ef4402a30af608feb37b67","name":"Andy David (Auto Press Club)","image":{"@type":"ImageObject","inLanguage":"tr","@id":"https:\/\/www.italpassion.fr\/tr\/#\/schema\/person\/image\/","url":"https:\/\/www.italpassion.fr\/wp-content\/plugins\/generateperf\/images\/icons\/avatar.svg","contentUrl":"https:\/\/www.italpassion.fr\/wp-content\/plugins\/generateperf\/images\/icons\/avatar.svg","caption":"Andy David (Auto Press Club)"},"description":"Andy David, Auto Press Club i\u00e7in \u00e7al\u0131\u015fan bir motor sporlar\u0131 muhabiridir.","url":"https:\/\/www.italpassion.fr\/tr\/author\/andy\/"}]}},"_links":{"self":[{"href":"https:\/\/www.italpassion.fr\/tr\/wp-json\/wp\/v2\/posts\/45891","targetHints":{"allow":["GET"]}}],"collection":[{"href":"https:\/\/www.italpassion.fr\/tr\/wp-json\/wp\/v2\/posts"}],"about":[{"href":"https:\/\/www.italpassion.fr\/tr\/wp-json\/wp\/v2\/types\/post"}],"author":[{"embeddable":true,"href":"https:\/\/www.italpassion.fr\/tr\/wp-json\/wp\/v2\/users\/6"}],"replies":[{"embeddable":true,"href":"https:\/\/www.italpassion.fr\/tr\/wp-json\/wp\/v2\/comments?post=45891"}],"version-history":[{"count":1,"href":"https:\/\/www.italpassion.fr\/tr\/wp-json\/wp\/v2\/posts\/45891\/revisions"}],"predecessor-version":[{"id":45893,"href":"https:\/\/www.italpassion.fr\/tr\/wp-json\/wp\/v2\/posts\/45891\/revisions\/45893"}],"wp:featuredmedia":[{"embeddable":true,"href":"https:\/\/www.italpassion.fr\/tr\/wp-json\/wp\/v2\/media\/45892"}],"wp:attachment":[{"href":"https:\/\/www.italpassion.fr\/tr\/wp-json\/wp\/v2\/media?parent=45891"}],"wp:term":[{"taxonomy":"category","embeddable":true,"href":"https:\/\/www.italpassion.fr\/tr\/wp-json\/wp\/v2\/categories?post=45891"},{"taxonomy":"post_tag","embeddable":true,"href":"https:\/\/www.italpassion.fr\/tr\/wp-json\/wp\/v2\/tags?post=45891"}],"curies":[{"name":"wp","href":"https:\/\/api.w.org\/{rel}","templated":true}]}}