{"id":44324,"date":"2025-12-15T09:13:50","date_gmt":"2025-12-15T08:13:50","guid":{"rendered":"https:\/\/www.italpassion.fr\/?p=44324"},"modified":"2025-12-15T09:13:50","modified_gmt":"2025-12-15T08:13:50","slug":"stellantis-cok-benzer-veya-marjinal-markalari-rasyonalize-etmeyi-ve-hatta-ortadan-kaldirmayi-dusunebilir","status":"publish","type":"post","link":"https:\/\/www.italpassion.fr\/tr\/stellantis\/stellantis-pourrait-envisager-de-rationaliser-voire-de-supprimer-les-marques-trop-similaires-ou-marginales\/","title":{"rendered":"Stellantis, \u00e7ok benzer veya marjinal markalar\u0131 rasyonalize etmeyi, hatta ortadan kald\u0131rmay\u0131 d\u00fc\u015f\u00fcnebilir."},"content":{"rendered":"<figure class=\"wp-block-image size-full\"><img loading=\"lazy\" decoding=\"async\" width=\"1200\" height=\"800\" src=\"https:\/\/www.italpassion.fr\/wp-content\/uploads\/2025\/10\/antonio-filosa-10.jpg\" alt=\"\" class=\"wp-image-42322\" srcset=\"https:\/\/www.italpassion.fr\/wp-content\/uploads\/2025\/10\/antonio-filosa-10.jpg 1200w, https:\/\/www.italpassion.fr\/wp-content\/uploads\/2025\/10\/antonio-filosa-10-420x280.jpg 420w, https:\/\/www.italpassion.fr\/wp-content\/uploads\/2025\/10\/antonio-filosa-10-768x512.jpg 768w, https:\/\/www.italpassion.fr\/wp-content\/uploads\/2025\/10\/antonio-filosa-10-18x12.jpg 18w\" sizes=\"auto, (max-width: 1200px) 100vw, 1200px\" \/><\/figure>\n\n\n\n<p>Olu\u015ftururken <a href=\"https:\/\/www.italpassion.fr\/tr\/stellantis\/\">Stellantis<\/a>Carlos Tavares net bir ilke ortaya koymu\u015ftu: Grubun t\u00fcm markalar\u0131n\u0131n bir \u015fans\u0131 olacakt\u0131. Zaman kendi i\u015fini yapacak ve de\u011ferlendirme daha sonra yap\u0131lacakt\u0131. Bu vaat \u00f6zellikle, FCA d\u00f6neminde terk edilen markalar\u0131n yeniden piyasaya s\u00fcr\u00fclmesini sa\u011flad\u0131; \u00f6rne\u011fin Lancia, y\u0131llarca sanal olarak ortadan kaybolduktan sonra yava\u015f yava\u015f \u00f6n plana \u00e7\u0131kmaya ba\u015flad\u0131.<\/p>\n\n\n\n<p>Ancak d\u00f6rt y\u0131l sonra, ba\u011flam derinden de\u011fi\u015fti. Art\u0131k <a href=\"https:\/\/www.italpassion.fr\/tr\/stellantis\/stellantis-2024-rakamlari-kirmizi-net-olmayan-2025-hedefleri%cc%87nde\/\">Stellantis'in 2024 y\u0131l\u0131 mali sonu\u00e7lar\u0131 hayal k\u0131r\u0131kl\u0131\u011f\u0131 yaratt\u0131<\/a>Bu durum \u00f6zellikle Grubun k\u00e2rl\u0131l\u0131\u011f\u0131 a\u00e7\u0131s\u0131ndan kilit bir pazar olan Kuzey Amerika'da ge\u00e7erlidir. Her \u015feyden \u00f6nce strateji el de\u011fi\u015ftirdi. Haziran 2025'ten bu yana Antonio Filosa d\u00fcmenin ba\u015f\u0131nda ve onun yol haritas\u0131 selefininkiyle keskin bir tezat olu\u015fturuyor.<\/p>\n\n\n\n<h2 class=\"wp-block-heading\">Marjlar \u00f6ncesi hacimler<\/h2>\n\n\n\n<p>Antonio Filosa, baz\u0131 m\u00fc\u015fterileri rekabete y\u00f6nlendiren y\u00fcksek fiyatlar, ciddi maliyet d\u00fc\u015f\u00fcrme ve \u00fcr\u00fcn yelpazesini azaltma politikas\u0131 nedeniyle zay\u0131flam\u0131\u015f bir grubu devrald\u0131. Rakamlar ac\u0131mas\u0131z: 2024 y\u0131l\u0131nda Stellantis sat\u0131\u015flar\u0131 Amerika Birle\u015fik Devletleri'nde 15 % d\u00fc\u015ferken, pazar hala b\u00fcy\u00fcyordu. Bu d\u00fc\u015f\u00fck performans bayilerin elinde b\u00fcy\u00fck stoklar b\u0131rakt\u0131 ve grubun pazar pay\u0131n\u0131 t\u00fcm zamanlar\u0131n en d\u00fc\u015f\u00fck seviyesi olan 8 %'nin alt\u0131na d\u00fc\u015f\u00fcrd\u00fc.<\/p>\n\n\n\n<p>Bu durumla kar\u015f\u0131 kar\u015f\u0131ya kalan Filosa, grubu h\u0131zla aya\u011fa kald\u0131rmak i\u00e7in kendi deyimiyle bir \"acil servis\" operasyonu ba\u015flatt\u0131. \u00d6nceli\u011fi a\u00e7\u0131k: k\u0131sa vadede marjlardan \u00f6d\u00fcn vermek anlam\u0131na gelse bile daha fazla sat\u0131\u015f yapmak. Filo sat\u0131\u015flar\u0131na geri d\u00f6n\u00fc\u015f, pop\u00fcler modellerin yeniden piyasaya s\u00fcr\u00fclmesi, ger\u00e7ek\u00e7i olmad\u0131\u011f\u0131 d\u00fc\u015f\u00fcn\u00fclen elektrik hedeflerinden vazge\u00e7ilmesi ve daha eri\u015filebilir ara\u00e7lara yeniden odaklan\u0131lmas\u0131 art\u0131k cephaneli\u011fin bir par\u00e7as\u0131. \u0130lk i\u015faretler cesaret verici: \u00fc\u00e7\u00fcnc\u00fc \u00e7eyrekte Kuzey Amerika sat\u0131\u015flar\u0131 6TP3T artarak sekiz \u00e7eyrek \u00fcst \u00fcste d\u00fc\u015f\u00fc\u015f\u00fcn ard\u0131ndan bir ilke imza att\u0131. Ancak bu strateji hassas bir soruyu g\u00fcndeme getiriyor: Stellantis b\u00f6yle bir rekabet ortam\u0131nda 14 markay\u0131 desteklemeye devam edebilir mi?<\/p>\n\n\n\n<h2 class=\"wp-block-heading\">Avrupa'da \u00e7ok geni\u015f hale gelen bir marka portf\u00f6y\u00fc<\/h2>\n\n\n\n<p>Denklemin en karma\u015f\u0131k oldu\u011fu yer Avrupa'd\u0131r. PSA ve FCA aras\u0131ndaki birle\u015fme \u00e7ok say\u0131da \u00e7ak\u0131\u015fma yaratt\u0131: Peugeot, Opel, Citro\u00ebn ve Fiat bazen ayn\u0131 segmentlerde rekabet ederken, DS ve Lancia gibi daha premium markalar yerlerini bulmakta ve \u00f6nemli hacimler \u00fcretmekte zorlan\u0131yor. Reuters taraf\u0131ndan aktar\u0131lan \u00e7e\u015fitli kaynaklara g\u00f6re Antonio Filosa \u015fu anda t\u00fcm portf\u00f6y\u00fcn uzun vadede ya\u015fayabilirli\u011fini inceliyor. Rasyonalizasyon olas\u0131l\u0131\u011f\u0131, hatta \u00e7ok benzer ya da marjinal g\u00f6r\u00fclen markalar\u0131n elenmesi art\u0131k tabu de\u011fil. Carlos Tavares'in markalar\u0131n do\u011fal seleksiyonuna ili\u015fkin Darwinci s\u00f6ylemine ra\u011fmen hi\u00e7bir zaman bir karar vermedi\u011fi g\u00f6z \u00f6n\u00fcne al\u0131nd\u0131\u011f\u0131nda bu \u00f6nemli bir de\u011fi\u015fiklik. E\u011fer Avrupa'da kararlar al\u0131nacak olsayd\u0131, \u00fc\u00e7 isim d\u00fczenli olarak g\u00fcndeme gelirdi: Abarth, DS ve Lancia.<\/p>\n\n\n\n<h2 class=\"wp-block-heading\">Abarth: Son \u00e7\u0131k\u0131\u015f yolu olarak entegrasyon mu?<\/h2>\n\n\n\n<p>Abarth i\u00e7in \u00e7\u00f6z\u00fcm ka\u011f\u0131t \u00fczerinde nispeten basit olabilir. Kuzey Amerika ve Latin Amerika'da oldu\u011fu gibi, g\u00f6r\u00fcn\u00fcrl\u00fc\u011f\u00fc art\u0131rmak ve ileti\u015fim maliyetlerini azaltmak i\u00e7in marka Fiat'a entegre edilebilir. Bu se\u00e7enek rozeti korurken yap\u0131sal harcamalar\u0131 da s\u0131n\u0131rland\u0131racakt\u0131r. Ancak sorun bundan daha derin. Elektrikli ara\u00e7lara ge\u00e7i\u015f markan\u0131n geleneksel m\u00fc\u015fterilerini ikna etmedi ve Abarth yeni m\u00fc\u015fteriler bulmakta zorlan\u0131yor. <a href=\"https:\/\/www.italpassion.fr\/tr\/abarth\/benzi%cc%87nle-calisan-abarthlarin-donusu-avrupanin-eli%cc%87nde-i%cc%87ste-tekni%cc%87k-ve-mali%cc%87-aciklamalar\/\">d\u00fc\u015f\u00fck emisyonlu sportiflik konusunda inand\u0131r\u0131c\u0131 bir vizyon sunmak<\/a>. Ger\u00e7ekten \u00e7ekici bir yanmal\u0131 veya hibrit alternatifi olmayan markan\u0131n gelece\u011fi \u00f6zellikle kasvetli g\u00f6r\u00fcn\u00fcyor.<\/p>\n\n\n\n<h2 class=\"wp-block-heading\">DS, siyasi a\u00e7\u0131dan hassas bir vaka<\/h2>\n\n\n\n<p>DS dosyas\u0131 \u00e7ok daha karma\u015f\u0131kt\u0131r. Marka, varl\u0131\u011f\u0131na \u00e7ok ba\u011fl\u0131 olan ve \u015fu anda ger\u00e7ek bir \"DS kampanyas\u0131\" y\u00fcr\u00fcten Xavier Peugeot'nun g\u00fc\u00e7l\u00fc deste\u011finden yararlan\u0131yor. <a href=\"https:\/\/www.italpassion.fr\/tr\/stellantis\/stellantis-otomoti%cc%87v-grubu-i%cc%87ceri%cc%87si%cc%87ndeki%cc%87-gelecekteki%cc%87-etki%cc%87si%cc%87-konusunda-peugeot-ai%cc%87lesi%cc%87-i%cc%87le-anlasamiyor\/\">Peugeot Invest i\u00e7inde n\u00fcfuz sava\u015f\u0131<\/a>Stellantis'in hissedarlar\u0131ndan biri olarak Grubun stratejik y\u00f6neliminde daha fazla s\u00f6z sahibi olmak. Sanayi cephesinde de DS'nin lehine arg\u00fcmanlar var. Yeni DS N\u00b08 hen\u00fcz piyasaya s\u00fcr\u00fcld\u00fc ve \u0130talya'da \u00fcretiliyor. Hacimler m\u00fctevaz\u0131 kalacak olsa da, bu fabrikalar i\u00e7in ek i\u015f sa\u011flayacakt\u0131r. Gelecekte \u00fcretilecek DS N\u00b07'nin geli\u015ftirme \u00e7al\u0131\u015fmalar\u0131 da ileri bir a\u015famadad\u0131r ve bu da k\u0131sa vadede ani bir karar\u0131n gerek\u00e7elendirilmesini zorla\u015ft\u0131rmaktad\u0131r.<\/p>\n\n\n\n<h2 class=\"wp-block-heading\">Lancia, ticari k\u0131r\u0131lganl\u0131k ve sportif h\u0131rslar aras\u0131nda<\/h2>\n\n\n\n<p>Lancia \u015f\u00fcphesiz en paradoksal durum olmaya devam ediyor. Ticari olarak, marka \u015fu anda tek bir Ypsilon'a g\u00fcveniyor. <a href=\"https:\/\/www.italpassion.fr\/tr\/lancia\/lancia-kirilgan-2025e-ragmen-lexus-seat-ve-dsden-daha-i%cc%87yi%cc%87-i%cc%87s-cikarmali\/\">sat\u0131\u015flar\u0131n 2025 y\u0131l\u0131nda 12.000 adedi a\u015fmas\u0131 beklenmiyor<\/a>. Stellantis gibi bir grubun \u00f6l\u00e7e\u011fine g\u00f6re son derece d\u00fc\u015f\u00fck bir rakam. Yine de Lancia giderek daha fazla iyile\u015fme sinyali g\u00f6nderiyor. <a href=\"https:\/\/www.italpassion.fr\/tr\/lancia\/wrc2ye-lypsilon-rally2-hf-integrale-i%cc%87le-katilan-lancianin-acik-hedefi%cc%87-ralli%cc%87leri%cc%87-kazanmak-ve-dunya-sampi%cc%87yonlugu-i%cc%87ci%cc%87n-mucadele-etmek\/\">WRC2'ye resmi d\u00f6n\u00fc\u015f<\/a> fabrika ekibi, Lancia Gamma'n\u0131n 2026'da planlanan geli\u015fi, gelecek y\u0131ldan itibaren yeni showroomlar\u0131n a\u00e7\u0131l\u0131\u015f\u0131: t\u00fcm bu fakt\u00f6rler markan\u0131n k\u0131sa vadede yok olmaya mahkum olmad\u0131\u011f\u0131n\u0131 g\u00f6steriyor. Ancak bu yat\u0131r\u0131mlar\u0131n yak\u0131n zamanda somut sonu\u00e7lar vermesi gerekecek.<\/p>\n\n\n\n<h2 class=\"wp-block-heading\">Olas\u0131... ve potansiyel olarak ac\u0131mas\u0131z kararlar<\/h2>\n\n\n\n<p>Antonio Filosa \u015fimdilik ana hissedarlar\u0131 Exor, Peugeot ailesi ve Frans\u0131z h\u00fck\u00fcmetinin deste\u011fine sahip ve bunlar hacimleri art\u0131rmak i\u00e7in marjlarda ge\u00e7ici bir d\u00fc\u015f\u00fc\u015f\u00fc kabul etti. Belirtilen ama\u00e7 orta vadede 6 ila 8 %'lik bir i\u015fletme marj\u0131na geri d\u00f6nmek, ancak analistler temkinli davranmaya devam ediyor ve 2027'den \u00f6nce 5 %'den daha fazlas\u0131na geri d\u00f6n\u00fc\u015f beklemiyor. Ancak bu sab\u0131r sonsuz olmayacakt\u0131r. Ticari iyile\u015fme teyit edilmezse, markalar sorunu merkezi hale gelecektir. Ve e\u011fer bir baltalama ya da birle\u015ftirme karar\u0131 al\u0131n\u0131rsa, bu h\u0131zl\u0131 ve keskin bir karar olabilir.<\/p>","protected":false},"excerpt":{"rendered":"","protected":false},"author":1,"featured_media":42322,"comment_status":"open","ping_status":"open","sticky":false,"template":"","format":"standard","meta":{"_acf_changed":false,"_sitemap_exclude":false,"_sitemap_priority":"","_sitemap_frequency":"","footnotes":""},"categories":[29],"tags":[],"class_list":["post-44324","post","type-post","status-publish","format-standard","has-post-thumbnail","hentry","category-stellantis","generate-columns","tablet-grid-50","mobile-grid-100","grid-parent","grid-33"],"acf":[],"yoast_head":"<!-- This site is optimized with the Yoast SEO plugin v25.8 - https:\/\/yoast.com\/wordpress\/plugins\/seo\/ -->\n<title>Stellantis pourrait envisager de rationaliser, voire de supprimer, les marques trop similaires ou marginales - ItalPassion<\/title>\n<meta name=\"description\" content=\"Lors de la cr\u00e9ation de Stellantis, Carlos Tavares avait pos\u00e9 un principe clair : toutes les marques du groupe auraient leur chance. Le temps devait faire\" \/>\n<meta name=\"robots\" content=\"index, follow, max-snippet:-1, max-image-preview:large, max-video-preview:-1\" \/>\n<link rel=\"canonical\" href=\"https:\/\/www.italpassion.fr\/tr\/stellantis\/stellantis-cok-benzer-veya-marjinal-markalari-rasyonalize-etmeyi-ve-hatta-ortadan-kaldirmayi-dusunebilir\/\" \/>\n<meta property=\"og:locale\" content=\"tr_TR\" \/>\n<meta property=\"og:type\" content=\"article\" \/>\n<meta property=\"og:title\" content=\"Stellantis pourrait envisager de rationaliser, voire de supprimer, les marques trop similaires ou marginales - ItalPassion\" \/>\n<meta property=\"og:description\" content=\"Lors de la cr\u00e9ation de Stellantis, Carlos Tavares avait pos\u00e9 un principe clair : toutes les marques du groupe auraient leur chance. Le temps devait faire\" \/>\n<meta property=\"og:url\" content=\"https:\/\/www.italpassion.fr\/tr\/stellantis\/stellantis-cok-benzer-veya-marjinal-markalari-rasyonalize-etmeyi-ve-hatta-ortadan-kaldirmayi-dusunebilir\/\" \/>\n<meta property=\"og:site_name\" content=\"ItalPassion\" \/>\n<meta property=\"article:publisher\" content=\"https:\/\/www.facebook.com\/italpassion\" \/>\n<meta property=\"article:published_time\" content=\"2025-12-15T08:13:50+00:00\" \/>\n<meta property=\"og:image\" content=\"https:\/\/www.italpassion.fr\/wp-content\/uploads\/2025\/10\/antonio-filosa-10.jpg\" \/>\n\t<meta property=\"og:image:width\" content=\"1200\" \/>\n\t<meta property=\"og:image:height\" content=\"800\" \/>\n\t<meta property=\"og:image:type\" content=\"image\/jpeg\" \/>\n<meta name=\"author\" content=\"Alexandre Filluzeau\" \/>\n<meta name=\"twitter:card\" content=\"summary_large_image\" \/>\n<meta name=\"twitter:creator\" content=\"@italpassion\" \/>\n<meta name=\"twitter:site\" content=\"@italpassion\" \/>\n<script type=\"application\/ld+json\" class=\"yoast-schema-graph\">{\"@context\":\"https:\/\/schema.org\",\"@graph\":[{\"@type\":\"NewsArticle\",\"@id\":\"https:\/\/www.italpassion.fr\/tr\/stellantis\/stellantis-pourrait-envisager-de-rationaliser-voire-de-supprimer-les-marques-trop-similaires-ou-marginales\/#article\",\"isPartOf\":{\"@id\":\"https:\/\/www.italpassion.fr\/tr\/stellantis\/stellantis-pourrait-envisager-de-rationaliser-voire-de-supprimer-les-marques-trop-similaires-ou-marginales\/\"},\"author\":{\"name\":\"Alexandre Filluzeau\",\"@id\":\"https:\/\/www.italpassion.fr\/tr\/#\/schema\/person\/36f747b2a759ca202d847e85a9434ca0\"},\"headline\":\"Stellantis pourrait envisager de rationaliser, voire de supprimer, les marques trop similaires ou marginales\",\"datePublished\":\"2025-12-15T08:13:50+00:00\",\"mainEntityOfPage\":{\"@id\":\"https:\/\/www.italpassion.fr\/tr\/stellantis\/stellantis-pourrait-envisager-de-rationaliser-voire-de-supprimer-les-marques-trop-similaires-ou-marginales\/\"},\"wordCount\":967,\"commentCount\":32,\"publisher\":{\"@id\":\"https:\/\/www.italpassion.fr\/tr\/#organization\"},\"image\":{\"@id\":\"https:\/\/www.italpassion.fr\/tr\/stellantis\/stellantis-pourrait-envisager-de-rationaliser-voire-de-supprimer-les-marques-trop-similaires-ou-marginales\/#primaryimage\"},\"thumbnailUrl\":\"https:\/\/www.italpassion.fr\/wp-content\/uploads\/2025\/10\/antonio-filosa-10.jpg\",\"articleSection\":[\"Stellantis\"],\"inLanguage\":\"tr\",\"potentialAction\":[{\"@type\":\"CommentAction\",\"name\":\"Comment\",\"target\":[\"https:\/\/www.italpassion.fr\/tr\/stellantis\/stellantis-pourrait-envisager-de-rationaliser-voire-de-supprimer-les-marques-trop-similaires-ou-marginales\/#respond\"]}]},{\"@type\":\"WebPage\",\"@id\":\"https:\/\/www.italpassion.fr\/tr\/stellantis\/stellantis-pourrait-envisager-de-rationaliser-voire-de-supprimer-les-marques-trop-similaires-ou-marginales\/\",\"url\":\"https:\/\/www.italpassion.fr\/tr\/stellantis\/stellantis-pourrait-envisager-de-rationaliser-voire-de-supprimer-les-marques-trop-similaires-ou-marginales\/\",\"name\":\"Stellantis pourrait envisager de rationaliser, voire de supprimer, les marques trop similaires ou marginales - ItalPassion\",\"isPartOf\":{\"@id\":\"https:\/\/www.italpassion.fr\/tr\/#website\"},\"primaryImageOfPage\":{\"@id\":\"https:\/\/www.italpassion.fr\/tr\/stellantis\/stellantis-pourrait-envisager-de-rationaliser-voire-de-supprimer-les-marques-trop-similaires-ou-marginales\/#primaryimage\"},\"image\":{\"@id\":\"https:\/\/www.italpassion.fr\/tr\/stellantis\/stellantis-pourrait-envisager-de-rationaliser-voire-de-supprimer-les-marques-trop-similaires-ou-marginales\/#primaryimage\"},\"thumbnailUrl\":\"https:\/\/www.italpassion.fr\/wp-content\/uploads\/2025\/10\/antonio-filosa-10.jpg\",\"datePublished\":\"2025-12-15T08:13:50+00:00\",\"description\":\"Lors de la cr\u00e9ation de Stellantis, Carlos Tavares avait pos\u00e9 un principe clair : toutes les marques du groupe auraient leur chance. Le temps devait faire\",\"breadcrumb\":{\"@id\":\"https:\/\/www.italpassion.fr\/tr\/stellantis\/stellantis-pourrait-envisager-de-rationaliser-voire-de-supprimer-les-marques-trop-similaires-ou-marginales\/#breadcrumb\"},\"inLanguage\":\"tr\",\"potentialAction\":[{\"@type\":\"ReadAction\",\"target\":[\"https:\/\/www.italpassion.fr\/tr\/stellantis\/stellantis-pourrait-envisager-de-rationaliser-voire-de-supprimer-les-marques-trop-similaires-ou-marginales\/\"]}]},{\"@type\":\"ImageObject\",\"inLanguage\":\"tr\",\"@id\":\"https:\/\/www.italpassion.fr\/tr\/stellantis\/stellantis-pourrait-envisager-de-rationaliser-voire-de-supprimer-les-marques-trop-similaires-ou-marginales\/#primaryimage\",\"url\":\"https:\/\/www.italpassion.fr\/wp-content\/uploads\/2025\/10\/antonio-filosa-10.jpg\",\"contentUrl\":\"https:\/\/www.italpassion.fr\/wp-content\/uploads\/2025\/10\/antonio-filosa-10.jpg\",\"width\":1200,\"height\":800},{\"@type\":\"BreadcrumbList\",\"@id\":\"https:\/\/www.italpassion.fr\/tr\/stellantis\/stellantis-pourrait-envisager-de-rationaliser-voire-de-supprimer-les-marques-trop-similaires-ou-marginales\/#breadcrumb\",\"itemListElement\":[{\"@type\":\"ListItem\",\"position\":1,\"name\":\"Accueil\",\"item\":\"https:\/\/www.italpassion.fr\/tr\/\"},{\"@type\":\"ListItem\",\"position\":2,\"name\":\"Stellantis pourrait envisager de rationaliser, voire de supprimer, les marques trop similaires ou marginales\"}]},{\"@type\":\"WebSite\",\"@id\":\"https:\/\/www.italpassion.fr\/tr\/#website\",\"url\":\"https:\/\/www.italpassion.fr\/tr\/\",\"name\":\"ItalPassion\",\"description\":\"Les Passionn\u00e9s d&#039;Automobiles Italiennes\",\"publisher\":{\"@id\":\"https:\/\/www.italpassion.fr\/tr\/#organization\"},\"potentialAction\":[{\"@type\":\"SearchAction\",\"target\":{\"@type\":\"EntryPoint\",\"urlTemplate\":\"https:\/\/www.italpassion.fr\/tr\/?s={search_term_string}\"},\"query-input\":{\"@type\":\"PropertyValueSpecification\",\"valueRequired\":true,\"valueName\":\"search_term_string\"}}],\"inLanguage\":\"tr\"},{\"@type\":\"Organization\",\"@id\":\"https:\/\/www.italpassion.fr\/tr\/#organization\",\"name\":\"Italpassion\",\"url\":\"https:\/\/www.italpassion.fr\/tr\/\",\"logo\":{\"@type\":\"ImageObject\",\"inLanguage\":\"tr\",\"@id\":\"https:\/\/www.italpassion.fr\/tr\/#\/schema\/logo\/image\/\",\"url\":\"https:\/\/www.italpassion.fr\/wp-content\/uploads\/2023\/07\/italpassion-yoast.jpg\",\"contentUrl\":\"https:\/\/www.italpassion.fr\/wp-content\/uploads\/2023\/07\/italpassion-yoast.jpg\",\"width\":696,\"height\":696,\"caption\":\"Italpassion\"},\"image\":{\"@id\":\"https:\/\/www.italpassion.fr\/tr\/#\/schema\/logo\/image\/\"},\"sameAs\":[\"https:\/\/www.facebook.com\/italpassion\",\"https:\/\/x.com\/italpassion\",\"https:\/\/www.instagram.com\/italpassionfr\/\",\"https:\/\/www.youtube.com\/channel\/UCleq-ByQaA42OjhopwevRjQ\",\"https:\/\/www.facebook.com\/italpassion.en\/\",\"https:\/\/www.facebook.com\/italpassion.it\/\",\"https:\/\/www.facebook.com\/italpassion.de\/\",\"https:\/\/www.facebook.com\/italpassion.ja\/\"]},{\"@type\":\"Person\",\"@id\":\"https:\/\/www.italpassion.fr\/tr\/#\/schema\/person\/36f747b2a759ca202d847e85a9434ca0\",\"name\":\"Alexandre Filluzeau\",\"image\":{\"@type\":\"ImageObject\",\"inLanguage\":\"tr\",\"@id\":\"https:\/\/www.italpassion.fr\/tr\/#\/schema\/person\/image\/\",\"url\":\"https:\/\/www.italpassion.fr\/wp-content\/uploads\/2025\/04\/avatar-alexandre-160x160.jpg\",\"contentUrl\":\"https:\/\/www.italpassion.fr\/wp-content\/uploads\/2025\/04\/avatar-alexandre-160x160.jpg\",\"caption\":\"Alexandre Filluzeau\"},\"description\":\"Fondateur du site ItalPassion, passionn\u00e9 de voitures italiennes et de l'Italie en g\u00e9n\u00e9ral. J'apporte un regard critique et technique aux actualit\u00e9s des marques italiennes quand cela est possible. Propri\u00e9taire d'une Maserati GranTurismo, Alfa Romeo MiTo, Lancia Fulvia et Ducati 695. Ex-propri\u00e9taire d'une Alfa Romeo Giulia.\",\"sameAs\":[\"https:\/\/www.italpassion.fr\/\"],\"url\":\"https:\/\/www.italpassion.fr\/tr\/author\/alexandre\/\"}]}<\/script>\n<!-- \/ Yoast SEO plugin. -->","yoast_head_json":{"title":"Stellantis \u00e7ok benzer veya marjinal markalar\u0131 rasyonalize etmeyi ve hatta ortadan kald\u0131rmay\u0131 d\u00fc\u015f\u00fcnebilir - ItalPassion","description":"Stellantis kuruldu\u011funda Carlos Tavares net bir ilke ortaya koydu: Grubun t\u00fcm markalar\u0131n\u0131n bir \u015fans\u0131 olacakt\u0131. Zaman g\u00f6sterecekti","robots":{"index":"index","follow":"follow","max-snippet":"max-snippet:-1","max-image-preview":"max-image-preview:large","max-video-preview":"max-video-preview:-1"},"canonical":"https:\/\/www.italpassion.fr\/tr\/stellantis\/stellantis-cok-benzer-veya-marjinal-markalari-rasyonalize-etmeyi-ve-hatta-ortadan-kaldirmayi-dusunebilir\/","og_locale":"tr_TR","og_type":"article","og_title":"Stellantis pourrait envisager de rationaliser, voire de supprimer, les marques trop similaires ou marginales - ItalPassion","og_description":"Lors de la cr\u00e9ation de Stellantis, Carlos Tavares avait pos\u00e9 un principe clair : toutes les marques du groupe auraient leur chance. Le temps devait faire","og_url":"https:\/\/www.italpassion.fr\/tr\/stellantis\/stellantis-cok-benzer-veya-marjinal-markalari-rasyonalize-etmeyi-ve-hatta-ortadan-kaldirmayi-dusunebilir\/","og_site_name":"ItalPassion","article_publisher":"https:\/\/www.facebook.com\/italpassion","article_published_time":"2025-12-15T08:13:50+00:00","og_image":[{"width":1200,"height":800,"url":"https:\/\/www.italpassion.fr\/wp-content\/uploads\/2025\/10\/antonio-filosa-10.jpg","type":"image\/jpeg"}],"author":"Alexandre Filluzeau","twitter_card":"summary_large_image","twitter_creator":"@italpassion","twitter_site":"@italpassion","schema":{"@context":"https:\/\/schema.org","@graph":[{"@type":"NewsArticle","@id":"https:\/\/www.italpassion.fr\/tr\/stellantis\/stellantis-pourrait-envisager-de-rationaliser-voire-de-supprimer-les-marques-trop-similaires-ou-marginales\/#article","isPartOf":{"@id":"https:\/\/www.italpassion.fr\/tr\/stellantis\/stellantis-pourrait-envisager-de-rationaliser-voire-de-supprimer-les-marques-trop-similaires-ou-marginales\/"},"author":{"name":"Alexandre Filluzeau","@id":"https:\/\/www.italpassion.fr\/tr\/#\/schema\/person\/36f747b2a759ca202d847e85a9434ca0"},"headline":"Stellantis pourrait envisager de rationaliser, voire de supprimer, les marques trop similaires ou marginales","datePublished":"2025-12-15T08:13:50+00:00","mainEntityOfPage":{"@id":"https:\/\/www.italpassion.fr\/tr\/stellantis\/stellantis-pourrait-envisager-de-rationaliser-voire-de-supprimer-les-marques-trop-similaires-ou-marginales\/"},"wordCount":967,"commentCount":32,"publisher":{"@id":"https:\/\/www.italpassion.fr\/tr\/#organization"},"image":{"@id":"https:\/\/www.italpassion.fr\/tr\/stellantis\/stellantis-pourrait-envisager-de-rationaliser-voire-de-supprimer-les-marques-trop-similaires-ou-marginales\/#primaryimage"},"thumbnailUrl":"https:\/\/www.italpassion.fr\/wp-content\/uploads\/2025\/10\/antonio-filosa-10.jpg","articleSection":["Stellantis"],"inLanguage":"tr","potentialAction":[{"@type":"CommentAction","name":"Comment","target":["https:\/\/www.italpassion.fr\/tr\/stellantis\/stellantis-pourrait-envisager-de-rationaliser-voire-de-supprimer-les-marques-trop-similaires-ou-marginales\/#respond"]}]},{"@type":"WebPage","@id":"https:\/\/www.italpassion.fr\/tr\/stellantis\/stellantis-pourrait-envisager-de-rationaliser-voire-de-supprimer-les-marques-trop-similaires-ou-marginales\/","url":"https:\/\/www.italpassion.fr\/tr\/stellantis\/stellantis-pourrait-envisager-de-rationaliser-voire-de-supprimer-les-marques-trop-similaires-ou-marginales\/","name":"Stellantis \u00e7ok benzer veya marjinal markalar\u0131 rasyonalize etmeyi ve hatta ortadan kald\u0131rmay\u0131 d\u00fc\u015f\u00fcnebilir - ItalPassion","isPartOf":{"@id":"https:\/\/www.italpassion.fr\/tr\/#website"},"primaryImageOfPage":{"@id":"https:\/\/www.italpassion.fr\/tr\/stellantis\/stellantis-pourrait-envisager-de-rationaliser-voire-de-supprimer-les-marques-trop-similaires-ou-marginales\/#primaryimage"},"image":{"@id":"https:\/\/www.italpassion.fr\/tr\/stellantis\/stellantis-pourrait-envisager-de-rationaliser-voire-de-supprimer-les-marques-trop-similaires-ou-marginales\/#primaryimage"},"thumbnailUrl":"https:\/\/www.italpassion.fr\/wp-content\/uploads\/2025\/10\/antonio-filosa-10.jpg","datePublished":"2025-12-15T08:13:50+00:00","description":"Stellantis kuruldu\u011funda Carlos Tavares net bir ilke ortaya koydu: Grubun t\u00fcm markalar\u0131n\u0131n bir \u015fans\u0131 olacakt\u0131. Zaman g\u00f6sterecekti","breadcrumb":{"@id":"https:\/\/www.italpassion.fr\/tr\/stellantis\/stellantis-pourrait-envisager-de-rationaliser-voire-de-supprimer-les-marques-trop-similaires-ou-marginales\/#breadcrumb"},"inLanguage":"tr","potentialAction":[{"@type":"ReadAction","target":["https:\/\/www.italpassion.fr\/tr\/stellantis\/stellantis-pourrait-envisager-de-rationaliser-voire-de-supprimer-les-marques-trop-similaires-ou-marginales\/"]}]},{"@type":"ImageObject","inLanguage":"tr","@id":"https:\/\/www.italpassion.fr\/tr\/stellantis\/stellantis-pourrait-envisager-de-rationaliser-voire-de-supprimer-les-marques-trop-similaires-ou-marginales\/#primaryimage","url":"https:\/\/www.italpassion.fr\/wp-content\/uploads\/2025\/10\/antonio-filosa-10.jpg","contentUrl":"https:\/\/www.italpassion.fr\/wp-content\/uploads\/2025\/10\/antonio-filosa-10.jpg","width":1200,"height":800},{"@type":"BreadcrumbList","@id":"https:\/\/www.italpassion.fr\/tr\/stellantis\/stellantis-pourrait-envisager-de-rationaliser-voire-de-supprimer-les-marques-trop-similaires-ou-marginales\/#breadcrumb","itemListElement":[{"@type":"ListItem","position":1,"name":"Accueil","item":"https:\/\/www.italpassion.fr\/tr\/"},{"@type":"ListItem","position":2,"name":"Stellantis pourrait envisager de rationaliser, voire de supprimer, les marques trop similaires ou marginales"}]},{"@type":"WebSite","@id":"https:\/\/www.italpassion.fr\/tr\/#website","url":"https:\/\/www.italpassion.fr\/tr\/","name":"ItalPassion","description":"\u0130talyan Araba Merakl\u0131lar\u0131","publisher":{"@id":"https:\/\/www.italpassion.fr\/tr\/#organization"},"potentialAction":[{"@type":"SearchAction","target":{"@type":"EntryPoint","urlTemplate":"https:\/\/www.italpassion.fr\/tr\/?s={search_term_string}"},"query-input":{"@type":"PropertyValueSpecification","valueRequired":true,"valueName":"search_term_string"}}],"inLanguage":"tr"},{"@type":"Organization","@id":"https:\/\/www.italpassion.fr\/tr\/#organization","name":"Italpassion","url":"https:\/\/www.italpassion.fr\/tr\/","logo":{"@type":"ImageObject","inLanguage":"tr","@id":"https:\/\/www.italpassion.fr\/tr\/#\/schema\/logo\/image\/","url":"https:\/\/www.italpassion.fr\/wp-content\/uploads\/2023\/07\/italpassion-yoast.jpg","contentUrl":"https:\/\/www.italpassion.fr\/wp-content\/uploads\/2023\/07\/italpassion-yoast.jpg","width":696,"height":696,"caption":"Italpassion"},"image":{"@id":"https:\/\/www.italpassion.fr\/tr\/#\/schema\/logo\/image\/"},"sameAs":["https:\/\/www.facebook.com\/italpassion","https:\/\/x.com\/italpassion","https:\/\/www.instagram.com\/italpassionfr\/","https:\/\/www.youtube.com\/channel\/UCleq-ByQaA42OjhopwevRjQ","https:\/\/www.facebook.com\/italpassion.en\/","https:\/\/www.facebook.com\/italpassion.it\/","https:\/\/www.facebook.com\/italpassion.de\/","https:\/\/www.facebook.com\/italpassion.ja\/"]},{"@type":"Person","@id":"https:\/\/www.italpassion.fr\/tr\/#\/schema\/person\/36f747b2a759ca202d847e85a9434ca0","name":"Alexandre Filluzeau","image":{"@type":"ImageObject","inLanguage":"tr","@id":"https:\/\/www.italpassion.fr\/tr\/#\/schema\/person\/image\/","url":"https:\/\/www.italpassion.fr\/wp-content\/uploads\/2025\/04\/avatar-alexandre-160x160.jpg","contentUrl":"https:\/\/www.italpassion.fr\/wp-content\/uploads\/2025\/04\/avatar-alexandre-160x160.jpg","caption":"Alexandre Filluzeau"},"description":"ItalPassion web sitesinin kurucusu, \u0130talyan otomobilleri ve genel olarak \u0130talya hakk\u0131nda tutkulu. M\u00fcmk\u00fcn oldu\u011funca \u0130talyan markalar\u0131n\u0131n haberlerine ele\u015ftirel ve teknik bir g\u00f6z getiriyorum. Maserati GranTurismo, Alfa Romeo MiTo, Lancia Fulvia ve Ducati 695 sahibiyim. Alfa Romeo Giulia'n\u0131n eski sahibi.","sameAs":["https:\/\/www.italpassion.fr\/"],"url":"https:\/\/www.italpassion.fr\/tr\/author\/alexandre\/"}]}},"_links":{"self":[{"href":"https:\/\/www.italpassion.fr\/tr\/wp-json\/wp\/v2\/posts\/44324","targetHints":{"allow":["GET"]}}],"collection":[{"href":"https:\/\/www.italpassion.fr\/tr\/wp-json\/wp\/v2\/posts"}],"about":[{"href":"https:\/\/www.italpassion.fr\/tr\/wp-json\/wp\/v2\/types\/post"}],"author":[{"embeddable":true,"href":"https:\/\/www.italpassion.fr\/tr\/wp-json\/wp\/v2\/users\/1"}],"replies":[{"embeddable":true,"href":"https:\/\/www.italpassion.fr\/tr\/wp-json\/wp\/v2\/comments?post=44324"}],"version-history":[{"count":3,"href":"https:\/\/www.italpassion.fr\/tr\/wp-json\/wp\/v2\/posts\/44324\/revisions"}],"predecessor-version":[{"id":44351,"href":"https:\/\/www.italpassion.fr\/tr\/wp-json\/wp\/v2\/posts\/44324\/revisions\/44351"}],"wp:featuredmedia":[{"embeddable":true,"href":"https:\/\/www.italpassion.fr\/tr\/wp-json\/wp\/v2\/media\/42322"}],"wp:attachment":[{"href":"https:\/\/www.italpassion.fr\/tr\/wp-json\/wp\/v2\/media?parent=44324"}],"wp:term":[{"taxonomy":"category","embeddable":true,"href":"https:\/\/www.italpassion.fr\/tr\/wp-json\/wp\/v2\/categories?post=44324"},{"taxonomy":"post_tag","embeddable":true,"href":"https:\/\/www.italpassion.fr\/tr\/wp-json\/wp\/v2\/tags?post=44324"}],"curies":[{"name":"wp","href":"https:\/\/api.w.org\/{rel}","templated":true}]}}