{"id":41229,"date":"2025-09-12T10:59:23","date_gmt":"2025-09-12T08:59:23","guid":{"rendered":"https:\/\/www.italpassion.fr\/?p=41229"},"modified":"2025-09-12T10:59:23","modified_gmt":"2025-09-12T08:59:23","slug":"bu-alfa-romeo-montreal-flatplane-9000-dev-dakya-kadar-sakiyan-modifiye-edilmis-350-bhplik-bir-v8e-sahip","status":"publish","type":"post","link":"https:\/\/www.italpassion.fr\/tr\/alfa-romeo\/cette-alfa-romeo-montreal-flatplane-recoit-un-v8-modifie-de-350-ch-qui-chante-jusqua-9000-tr-min\/","title":{"rendered":"Bu Alfa Romeo Montreal 'Flatplane', 9000 rpm'ye kadar devir yapan modifiye edilmi\u015f 350 bhp V8 motorla g\u00fc\u00e7lendirilmi\u015ftir!"},"content":{"rendered":"<figure class=\"wp-block-image size-full\"><img loading=\"lazy\" decoding=\"async\" width=\"1200\" height=\"800\" src=\"https:\/\/www.italpassion.fr\/wp-content\/uploads\/2025\/09\/alfa-romeo-montreal-00.jpg\" alt=\"\" class=\"wp-image-41243\" srcset=\"https:\/\/www.italpassion.fr\/wp-content\/uploads\/2025\/09\/alfa-romeo-montreal-00.jpg 1200w, https:\/\/www.italpassion.fr\/wp-content\/uploads\/2025\/09\/alfa-romeo-montreal-00-420x280.jpg 420w, https:\/\/www.italpassion.fr\/wp-content\/uploads\/2025\/09\/alfa-romeo-montreal-00-768x512.jpg 768w, https:\/\/www.italpassion.fr\/wp-content\/uploads\/2025\/09\/alfa-romeo-montreal-00-18x12.jpg 18w\" sizes=\"auto, (max-width: 1200px) 100vw, 1200px\" \/><\/figure>\n\n\n\n<p>Koleksiyoncular taraf\u0131ndan \u00e7ok de\u011ferli bulunan Alfa Romeo Montreal, Lamborghini Miura'ya imza atm\u0131\u015f olan Bertone at\u00f6lyesinin gen\u00e7 \u00fcyesi Marcello Gandini'nin tasar\u0131m \u00e7al\u0131\u015fmas\u0131na dayanan bir coup\u00e9 idi. Otomobil 1967 Montreal D\u00fcnya Fuar\u0131'nda tan\u0131t\u0131ld\u0131, dolay\u0131s\u0131yla ad\u0131 da buradan geliyordu ve Biscione serisine bir prestij modelini yeniden kazand\u0131rmay\u0131 ama\u00e7l\u0131yordu. Agresif hatlar\u0131 ve panjurlar\u0131n alt\u0131na gizlenmi\u015f orijinal farlar\u0131yla Montreal ger\u00e7ek bir ki\u015fili\u011fe sahipti.<\/p>\n\n\n\n<h2 class=\"wp-block-heading\">Alfa Romeo Montreal'in k\u00f6kenleri: zorlu bir gebelik d\u00f6nemi<\/h2>\n\n\n\n<figure class=\"wp-block-image size-full\"><img loading=\"lazy\" decoding=\"async\" width=\"1200\" height=\"1200\" src=\"https:\/\/www.italpassion.fr\/wp-content\/uploads\/2025\/09\/alfa-romeo-montreal-concept.jpg\" alt=\"\" class=\"wp-image-41241\" srcset=\"https:\/\/www.italpassion.fr\/wp-content\/uploads\/2025\/09\/alfa-romeo-montreal-concept.jpg 1200w, https:\/\/www.italpassion.fr\/wp-content\/uploads\/2025\/09\/alfa-romeo-montreal-concept-420x420.jpg 420w, https:\/\/www.italpassion.fr\/wp-content\/uploads\/2025\/09\/alfa-romeo-montreal-concept-160x160.jpg 160w, https:\/\/www.italpassion.fr\/wp-content\/uploads\/2025\/09\/alfa-romeo-montreal-concept-768x768.jpg 768w, https:\/\/www.italpassion.fr\/wp-content\/uploads\/2025\/09\/alfa-romeo-montreal-concept-12x12.jpg 12w\" sizes=\"auto, (max-width: 1200px) 100vw, 1200px\" \/><figcaption class=\"wp-element-caption\">1967 Alfa Romeo Montreal<\/figcaption><\/figure>\n\n\n\n<p>Ancak, \u00fcretim versiyonu prototiplerden temelde farkl\u0131yd\u0131. Giuseppe Busso, b\u00fct\u00e7e nedenleriyle ba\u015flang\u0131\u00e7ta planlanan \u00f6zel \u015fasiden vazge\u00e7ildi\u011fini ve Alfa Romeo'nun mevcut Bertone GTV 2000 coup\u00e9'nin \u015fasisine geri d\u00f6nd\u00fc\u011f\u00fcn\u00fc a\u00e7\u0131klad\u0131. Bu de\u011fi\u015fiklik, \u00f6zellikle prototipin \u015feklini bu \u015fasiye uyarlamak gibi zorlu teknik geli\u015fmelere yol a\u00e7m\u0131\u015f ve sonu\u00e7ta \u00fcretim versiyonu 1971 y\u0131l\u0131na kadar, yani g\u00f6steriden d\u00f6rt y\u0131l sonra ortaya \u00e7\u0131km\u0131\u015ft\u0131r!<\/p>\n\n\n\n<figure class=\"wp-block-image size-full\"><img loading=\"lazy\" decoding=\"async\" width=\"1200\" height=\"800\" src=\"https:\/\/www.italpassion.fr\/wp-content\/uploads\/2025\/09\/alfa-romeo-montreal-1970.jpg\" alt=\"\" class=\"wp-image-41242\" srcset=\"https:\/\/www.italpassion.fr\/wp-content\/uploads\/2025\/09\/alfa-romeo-montreal-1970.jpg 1200w, https:\/\/www.italpassion.fr\/wp-content\/uploads\/2025\/09\/alfa-romeo-montreal-1970-420x280.jpg 420w, https:\/\/www.italpassion.fr\/wp-content\/uploads\/2025\/09\/alfa-romeo-montreal-1970-768x512.jpg 768w, https:\/\/www.italpassion.fr\/wp-content\/uploads\/2025\/09\/alfa-romeo-montreal-1970-18x12.jpg 18w\" sizes=\"auto, (max-width: 1200px) 100vw, 1200px\" \/><figcaption class=\"wp-element-caption\">Alfa Romeo Monreal 1970 y\u0131l\u0131nda<\/figcaption><\/figure>\n\n\n\n<p>Prototipler Giulia'n\u0131n 4 silindirli, \u00e7ift \u00fcstten eksantrikli motoruyla tasarland\u0131\u011f\u0131ndan, Alfa 33'\u00fcn V8 motorunun se\u00e7imi zorluklar\u0131 art\u0131rd\u0131. Ancak y\u00f6netim V8'in daha prestijli oldu\u011funa karar verdi. Motorun bu GTV coup\u00e9 \u015fasisine s\u0131\u011fmas\u0131 gerekiyordu, bu da y\u00fcksek kavisli yan camlar\u0131n entegrasyonunda oldu\u011fu gibi t\u00fcm kemer \u00e7izgisinin y\u00fckseltilmesi anlam\u0131na geliyordu. GTV'nin k\u0131sa dingil mesafesi, beklenenden daha fazla \u00e7\u0131k\u0131nt\u0131ya sahip daha uzun bir Montreal coup\u00e9 ile sonu\u00e7land\u0131 ve bu da memnuniyetsiz p\u00fcristler i\u00e7in otomobilin a\u011f\u0131rl\u0131k dengesini ve aerodinamik ak\u0131\u015fkanl\u0131\u011f\u0131n\u0131 de\u011fi\u015ftirdi.<\/p>\n\n\n\n<figure class=\"wp-block-image size-full\"><img loading=\"lazy\" decoding=\"async\" width=\"1200\" height=\"732\" src=\"https:\/\/www.italpassion.fr\/wp-content\/uploads\/2025\/09\/alfa-romeo-montreal-oroginal.jpg\" alt=\"\" class=\"wp-image-41240\" srcset=\"https:\/\/www.italpassion.fr\/wp-content\/uploads\/2025\/09\/alfa-romeo-montreal-oroginal.jpg 1200w, https:\/\/www.italpassion.fr\/wp-content\/uploads\/2025\/09\/alfa-romeo-montreal-oroginal-420x256.jpg 420w, https:\/\/www.italpassion.fr\/wp-content\/uploads\/2025\/09\/alfa-romeo-montreal-oroginal-768x468.jpg 768w, https:\/\/www.italpassion.fr\/wp-content\/uploads\/2025\/09\/alfa-romeo-montreal-oroginal-18x12.jpg 18w\" sizes=\"auto, (max-width: 1200px) 100vw, 1200px\" \/><\/figure>\n\n\n\n<p>Motor, Alfa 33 yar\u0131\u015f otomobilinin 2 litrelik V8'inden t\u00fcretilen, d\u00f6rt \u00fcstten eksantrik miline ve 200 bhp g\u00fcce sahip 90\u00b0'lik bir V8'di, Spica mekanik enjeksiyonla (bir\u00e7ok soruna neden oldu!) deplasman\u0131n\u0131 2.593 cm3'e \u00e7\u0131karmak i\u00e7in yeniden delindi ve hepsi 5 vitesli bir ZF manuel \u015fanz\u0131mana ba\u011fland\u0131. Autodelta \u015firketi, g\u00fcc\u00fc 220'den 250 bhp'ye \u00e7\u0131karmak i\u00e7in motor haz\u0131rl\u0131klar\u0131 teklif etti, ancak sadece 3 \u00f6rnek \u00fcretildi.<\/p>\n\n\n\n<figure class=\"wp-block-image size-full\"><img loading=\"lazy\" decoding=\"async\" width=\"1200\" height=\"825\" src=\"https:\/\/www.italpassion.fr\/wp-content\/uploads\/2025\/09\/alfa-romeo-montreal-sketechg.jpg\" alt=\"\" class=\"wp-image-41239\" srcset=\"https:\/\/www.italpassion.fr\/wp-content\/uploads\/2025\/09\/alfa-romeo-montreal-sketechg.jpg 1200w, https:\/\/www.italpassion.fr\/wp-content\/uploads\/2025\/09\/alfa-romeo-montreal-sketechg-420x289.jpg 420w, https:\/\/www.italpassion.fr\/wp-content\/uploads\/2025\/09\/alfa-romeo-montreal-sketechg-768x528.jpg 768w, https:\/\/www.italpassion.fr\/wp-content\/uploads\/2025\/09\/alfa-romeo-montreal-sketechg-18x12.jpg 18w\" sizes=\"auto, (max-width: 1200px) 100vw, 1200px\" \/><\/figure>\n\n\n\n<p>\u015e\u0131k hatlar\u0131 ve V8'in g\u00fcr\u00fclt\u00fcl\u00fc sesiyle takdir edilen Montreal, bir spor otomobilden \u00e7ok yolda giden bir GT'nin mizac\u0131na sahipti ve s\u00fcr\u00fc\u015f dinamikleri beklentileri kar\u015f\u0131layamad\u0131. \u015easi modas\u0131 ge\u00e7mi\u015f bir tasar\u0131ma dayan\u0131yordu, b\u00fcy\u00fck V8 nedeniyle a\u00e7\u0131k\u00e7a \u00f6ne do\u011fru olan a\u011f\u0131rl\u0131k da\u011f\u0131l\u0131m\u0131, arac\u0131n \u00f6nden kaymas\u0131na ve yeterince \u00e7evik olmamas\u0131na neden olurken, fren sisteminin biraz hafif oldu\u011fu kan\u0131tland\u0131. Montreal'i rekabette k\u0131sa bir kariyere mahkum eden \u015fey ku\u015fkusuz budur.<\/p>\n\n\n\n<h2 class=\"wp-block-heading\">Alfa Romeo Montreal, OKTech taraf\u0131ndan!<\/h2>\n\n\n\n<figure class=\"wp-block-image size-full\"><img loading=\"lazy\" decoding=\"async\" width=\"1200\" height=\"800\" src=\"https:\/\/www.italpassion.fr\/wp-content\/uploads\/2025\/09\/alfa-montreal-v8-1.jpg\" alt=\"\" class=\"wp-image-41235\" srcset=\"https:\/\/www.italpassion.fr\/wp-content\/uploads\/2025\/09\/alfa-montreal-v8-1.jpg 1200w, https:\/\/www.italpassion.fr\/wp-content\/uploads\/2025\/09\/alfa-montreal-v8-1-420x280.jpg 420w, https:\/\/www.italpassion.fr\/wp-content\/uploads\/2025\/09\/alfa-montreal-v8-1-768x512.jpg 768w, https:\/\/www.italpassion.fr\/wp-content\/uploads\/2025\/09\/alfa-montreal-v8-1-18x12.jpg 18w\" sizes=\"auto, (max-width: 1200px) 100vw, 1200px\" \/><\/figure>\n\n\n\n<p>Asl\u0131nda, bunu yapacak cesarete ve imkana sahip olanlar, Montreal'i ilk projenin ruhuna daha uygun hale getirmek i\u00e7in de\u011fi\u015fikliklere giri\u015ftiler. Bunlar\u0131n aras\u0131nda ge\u00e7enlerde bahsetti\u011fimiz OKTech de var. <a href=\"https:\/\/www.italpassion.fr\/tr\/alfa-romeo\/bu-alfa-romeo-75-9000-rpmde-500-bhp-guc-ureten-dunyanin-en-guclu-v6-bussosu-i%cc%87le-calisiyor\/\">s\u00fcper\u015farjl\u0131 Alfa Romeo 75 Busso ve Bialbero<\/a>. Ad\u0131 ne? Montreal \"Flatplane\" mi? Bu ne anlama geliyor? Bu isim, hala bir V8 olan motorda yap\u0131lan \u00f6nemli de\u011fi\u015fikliklere at\u0131fta bulunuyor, ancak bu kez hacmi 3,3 litreye \u00e7\u0131kar\u0131ld\u0131. Canavar\u0131n so\u011futmas\u0131 art\u0131r\u0131lm\u0131\u015f, bu da \u00f6n kaputta daha belirgin bir hava giri\u015fine yol a\u00e7arak Montreal'e bir Amerikan 'muscle car' g\u00f6r\u00fcn\u00fcm\u00fc kazand\u0131rm\u0131\u015ft\u0131r.<\/p>\n\n\n\n<figure class=\"wp-block-image size-large\"><img loading=\"lazy\" decoding=\"async\" width=\"900\" height=\"1200\" src=\"https:\/\/www.italpassion.fr\/wp-content\/uploads\/2025\/09\/alfa-v8-montreal-900x1200.jpg\" alt=\"\" class=\"wp-image-41234\" srcset=\"https:\/\/www.italpassion.fr\/wp-content\/uploads\/2025\/09\/alfa-v8-montreal-scaled.jpg 900w, https:\/\/www.italpassion.fr\/wp-content\/uploads\/2025\/09\/alfa-v8-montreal-315x420.jpg 315w, https:\/\/www.italpassion.fr\/wp-content\/uploads\/2025\/09\/alfa-v8-montreal-768x1024.jpg 768w, https:\/\/www.italpassion.fr\/wp-content\/uploads\/2025\/09\/alfa-v8-montreal-9x12.jpg 9w\" sizes=\"auto, (max-width: 900px) 100vw, 900px\" \/><\/figure>\n\n\n\n<figure class=\"wp-block-image size-full\"><img loading=\"lazy\" decoding=\"async\" width=\"1200\" height=\"1103\" src=\"https:\/\/www.italpassion.fr\/wp-content\/uploads\/2025\/09\/alfa-romeo-montreal-moteur.jpg\" alt=\"\" class=\"wp-image-41233\" srcset=\"https:\/\/www.italpassion.fr\/wp-content\/uploads\/2025\/09\/alfa-romeo-montreal-moteur.jpg 1200w, https:\/\/www.italpassion.fr\/wp-content\/uploads\/2025\/09\/alfa-romeo-montreal-moteur-420x386.jpg 420w, https:\/\/www.italpassion.fr\/wp-content\/uploads\/2025\/09\/alfa-romeo-montreal-moteur-768x706.jpg 768w, https:\/\/www.italpassion.fr\/wp-content\/uploads\/2025\/09\/alfa-romeo-montreal-moteur-13x12.jpg 13w\" sizes=\"auto, (max-width: 1200px) 100vw, 1200px\" \/><\/figure>\n\n\n\n<p>Orijinal Montreal'de krank mili '\u00e7apraz d\u00fczlem' tipindeydi. V8 yol otomobillerinde yayg\u0131n olarak kullan\u0131lan bu konfig\u00fcrasyon, 33'\u00fcn V8'inde kullan\u0131lan teknik bir \u00e7\u00f6z\u00fcm olan d\u00fcz d\u00fczlemli krank miline sahip bir V8'den daha p\u00fcr\u00fczs\u00fcz ve g\u00fcnl\u00fck olarak daha kullan\u0131labilir bir motor \u00fcretme avantaj\u0131na sahipti. B\u00f6ylece 3.3 litrelik bu d\u00fcz d\u00fczlemli motorla Montreal'e yar\u0131\u015f ruhuna sahip bir motor kazand\u0131rd\u0131k! OKtech'in sosyal payla\u015f\u0131m sitesinde yay\u0131nlad\u0131\u011f\u0131 son rakamlara g\u00f6re g\u00fc\u00e7 \u00e7\u0131k\u0131\u015f\u0131 350bhp ve azami h\u0131z 9000rpm. Melodiyi \u015fimdiden hayal edebiliyoruz!<\/p>\n\n\n\n<figure class=\"wp-block-image size-full\"><img loading=\"lazy\" decoding=\"async\" width=\"1200\" height=\"800\" src=\"https:\/\/www.italpassion.fr\/wp-content\/uploads\/2025\/09\/alfa-montreal-v8-5.jpg\" alt=\"\" class=\"wp-image-41231\" srcset=\"https:\/\/www.italpassion.fr\/wp-content\/uploads\/2025\/09\/alfa-montreal-v8-5.jpg 1200w, https:\/\/www.italpassion.fr\/wp-content\/uploads\/2025\/09\/alfa-montreal-v8-5-420x280.jpg 420w, https:\/\/www.italpassion.fr\/wp-content\/uploads\/2025\/09\/alfa-montreal-v8-5-768x512.jpg 768w, https:\/\/www.italpassion.fr\/wp-content\/uploads\/2025\/09\/alfa-montreal-v8-5-18x12.jpg 18w\" sizes=\"auto, (max-width: 1200px) 100vw, 1200px\" \/><\/figure>\n\n\n\n<figure class=\"wp-block-image size-full\"><img loading=\"lazy\" decoding=\"async\" width=\"1200\" height=\"800\" src=\"https:\/\/www.italpassion.fr\/wp-content\/uploads\/2025\/09\/alfa-montreal-v8-9.jpg\" alt=\"\" class=\"wp-image-41230\" srcset=\"https:\/\/www.italpassion.fr\/wp-content\/uploads\/2025\/09\/alfa-montreal-v8-9.jpg 1200w, https:\/\/www.italpassion.fr\/wp-content\/uploads\/2025\/09\/alfa-montreal-v8-9-420x280.jpg 420w, https:\/\/www.italpassion.fr\/wp-content\/uploads\/2025\/09\/alfa-montreal-v8-9-768x512.jpg 768w, https:\/\/www.italpassion.fr\/wp-content\/uploads\/2025\/09\/alfa-montreal-v8-9-18x12.jpg 18w\" sizes=\"auto, (max-width: 1200px) 100vw, 1200px\" \/><\/figure>\n\n\n\n<p>Di\u011fer bariz de\u011fi\u015fiklik ise Montreal'e daha da sportif bir g\u00f6r\u00fcn\u00fcm kazand\u0131ran al\u00e7alt\u0131lm\u0131\u015f s\u00fcr\u00fc\u015f y\u00fcksekli\u011fi. Daha fazla teknik bilgi edinemedik, ancak s\u00fcspansiyonun modifikasyon ve y\u00fckseltmelerden pay\u0131na d\u00fc\u015feni ald\u0131\u011f\u0131n\u0131 tahmin edebiliriz.<\/p>\n\n\n\n<figure class=\"wp-block-image size-full\"><img loading=\"lazy\" decoding=\"async\" width=\"1200\" height=\"800\" src=\"https:\/\/www.italpassion.fr\/wp-content\/uploads\/2025\/09\/alfa-montreal-v8-2.jpg\" alt=\"\" class=\"wp-image-41237\" srcset=\"https:\/\/www.italpassion.fr\/wp-content\/uploads\/2025\/09\/alfa-montreal-v8-2.jpg 1200w, https:\/\/www.italpassion.fr\/wp-content\/uploads\/2025\/09\/alfa-montreal-v8-2-420x280.jpg 420w, https:\/\/www.italpassion.fr\/wp-content\/uploads\/2025\/09\/alfa-montreal-v8-2-768x512.jpg 768w, https:\/\/www.italpassion.fr\/wp-content\/uploads\/2025\/09\/alfa-montreal-v8-2-18x12.jpg 18w\" sizes=\"auto, (max-width: 1200px) 100vw, 1200px\" \/><\/figure>\n\n\n\n<p>Son olarak Montreal OKTech, \u0130talyan Alfa9 Supply \u015firketi taraf\u0131ndan \u00fcretilen ve do\u011frudan Tipo 33 Autodelta jantlar\u0131ndan esinlenen TARGA 33 jantlarla donat\u0131lm\u0131\u015ft\u0131r. Genel g\u00f6r\u00fcn\u00fcme gelince, alt\u0131n kaporta ve su ye\u015fili d\u00f6\u015femelerin kombinasyonu olduk\u00e7a zarif ve \u00e7ok yetmi\u015fli y\u0131llara ait!<\/p>\n\n\n\n<figure class=\"wp-block-image size-full\"><img loading=\"lazy\" decoding=\"async\" width=\"1200\" height=\"800\" src=\"https:\/\/www.italpassion.fr\/wp-content\/uploads\/2025\/09\/alfa-montreal-v8-3.jpg\" alt=\"\" class=\"wp-image-41238\" srcset=\"https:\/\/www.italpassion.fr\/wp-content\/uploads\/2025\/09\/alfa-montreal-v8-3.jpg 1200w, https:\/\/www.italpassion.fr\/wp-content\/uploads\/2025\/09\/alfa-montreal-v8-3-420x280.jpg 420w, https:\/\/www.italpassion.fr\/wp-content\/uploads\/2025\/09\/alfa-montreal-v8-3-768x512.jpg 768w, https:\/\/www.italpassion.fr\/wp-content\/uploads\/2025\/09\/alfa-montreal-v8-3-18x12.jpg 18w\" sizes=\"auto, (max-width: 1200px) 100vw, 1200px\" \/><\/figure>\n\n\n\n<p>Bu proje genel olarak co\u015fkuyla kar\u015f\u0131land\u0131. Bir\u00e7ok yorumda tekrarlanan bir tema, bunun Montreal'in 1972'de pazarlanmas\u0131 gereken hali oldu\u011fuydu.<\/p>\n\n\n\n<figure class=\"wp-block-image size-full\"><img loading=\"lazy\" decoding=\"async\" width=\"1200\" height=\"800\" src=\"https:\/\/www.italpassion.fr\/wp-content\/uploads\/2025\/09\/alfa-montreal-v8-4.jpg\" alt=\"\" class=\"wp-image-41236\" srcset=\"https:\/\/www.italpassion.fr\/wp-content\/uploads\/2025\/09\/alfa-montreal-v8-4.jpg 1200w, https:\/\/www.italpassion.fr\/wp-content\/uploads\/2025\/09\/alfa-montreal-v8-4-420x280.jpg 420w, https:\/\/www.italpassion.fr\/wp-content\/uploads\/2025\/09\/alfa-montreal-v8-4-768x512.jpg 768w, https:\/\/www.italpassion.fr\/wp-content\/uploads\/2025\/09\/alfa-montreal-v8-4-18x12.jpg 18w\" sizes=\"auto, (max-width: 1200px) 100vw, 1200px\" \/><\/figure>","protected":false},"excerpt":{"rendered":"","protected":false},"author":8,"featured_media":41243,"comment_status":"open","ping_status":"open","sticky":false,"template":"","format":"standard","meta":{"_acf_changed":false,"_sitemap_exclude":false,"_sitemap_priority":"","_sitemap_frequency":"","footnotes":""},"categories":[22],"tags":[569,570],"class_list":["post-41229","post","type-post","status-publish","format-standard","has-post-thumbnail","hentry","category-alfa-romeo","tag-alfa-romeo-montreal","tag-oktech","generate-columns","tablet-grid-50","mobile-grid-100","grid-parent","grid-33"],"acf":[],"yoast_head":"<!-- This site is optimized with the Yoast SEO plugin v25.8 - https:\/\/yoast.com\/wordpress\/plugins\/seo\/ -->\n<title>Cette Alfa Romeo Montreal &quot;Flatplane&quot; re\u00e7oit un V8 modifi\u00e9 de 350 ch qui chante jusqu&#039;\u00e0 9000 tr\/min ! - ItalPassion<\/title>\n<meta name=\"description\" content=\"Tr\u00e8s pris\u00e9e des collectionneurs, l\u2019Alfa Romeo\u00a0Montreal est un coup\u00e9 issu d&#039;une \u00e9tude de style de Marcello Gandini,\u00a0une jeune recrue de l&#039;atelier Bertone\" \/>\n<meta name=\"robots\" content=\"index, follow, max-snippet:-1, max-image-preview:large, max-video-preview:-1\" \/>\n<link rel=\"canonical\" href=\"https:\/\/www.italpassion.fr\/tr\/alfa-romeo\/bu-alfa-romeo-montreal-flatplane-9000-dev-dakya-kadar-sakiyan-modifiye-edilmis-350-bhplik-bir-v8e-sahip\/\" \/>\n<meta property=\"og:locale\" content=\"tr_TR\" \/>\n<meta property=\"og:type\" content=\"article\" \/>\n<meta property=\"og:title\" content=\"Cette Alfa Romeo Montreal &quot;Flatplane&quot; re\u00e7oit un V8 modifi\u00e9 de 350 ch qui chante jusqu&#039;\u00e0 9000 tr\/min ! - ItalPassion\" \/>\n<meta property=\"og:description\" content=\"Tr\u00e8s pris\u00e9e des collectionneurs, l\u2019Alfa Romeo\u00a0Montreal est un coup\u00e9 issu d&#039;une \u00e9tude de style de Marcello Gandini,\u00a0une jeune recrue de l&#039;atelier Bertone\" \/>\n<meta property=\"og:url\" content=\"https:\/\/www.italpassion.fr\/tr\/alfa-romeo\/bu-alfa-romeo-montreal-flatplane-9000-dev-dakya-kadar-sakiyan-modifiye-edilmis-350-bhplik-bir-v8e-sahip\/\" \/>\n<meta property=\"og:site_name\" content=\"ItalPassion\" \/>\n<meta property=\"article:publisher\" content=\"https:\/\/www.facebook.com\/italpassion\" \/>\n<meta property=\"article:published_time\" content=\"2025-09-12T08:59:23+00:00\" \/>\n<meta property=\"og:image\" content=\"https:\/\/www.italpassion.fr\/wp-content\/uploads\/2025\/09\/alfa-romeo-montreal-00.jpg\" \/>\n\t<meta property=\"og:image:width\" content=\"1200\" \/>\n\t<meta property=\"og:image:height\" content=\"800\" \/>\n\t<meta property=\"og:image:type\" content=\"image\/jpeg\" \/>\n<meta name=\"author\" content=\"Nicolas Anderbegani\" \/>\n<meta name=\"twitter:card\" content=\"summary_large_image\" \/>\n<meta name=\"twitter:creator\" content=\"@italpassion\" \/>\n<meta name=\"twitter:site\" content=\"@italpassion\" \/>\n<script type=\"application\/ld+json\" class=\"yoast-schema-graph\">{\"@context\":\"https:\/\/schema.org\",\"@graph\":[{\"@type\":\"NewsArticle\",\"@id\":\"https:\/\/www.italpassion.fr\/tr\/alfa-romeo\/cette-alfa-romeo-montreal-flatplane-recoit-un-v8-modifie-de-350-ch-qui-chante-jusqua-9000-tr-min\/#article\",\"isPartOf\":{\"@id\":\"https:\/\/www.italpassion.fr\/tr\/alfa-romeo\/cette-alfa-romeo-montreal-flatplane-recoit-un-v8-modifie-de-350-ch-qui-chante-jusqua-9000-tr-min\/\"},\"author\":{\"name\":\"Nicolas Anderbegani\",\"@id\":\"https:\/\/www.italpassion.fr\/tr\/#\/schema\/person\/efd63d72fc8007741c5836a896805b04\"},\"headline\":\"Cette Alfa Romeo Montreal \u00ab\u00a0Flatplane\u00a0\u00bb re\u00e7oit un V8 modifi\u00e9 de 350 ch qui chante jusqu&rsquo;\u00e0 9000 tr\/min !\",\"datePublished\":\"2025-09-12T08:59:23+00:00\",\"mainEntityOfPage\":{\"@id\":\"https:\/\/www.italpassion.fr\/tr\/alfa-romeo\/cette-alfa-romeo-montreal-flatplane-recoit-un-v8-modifie-de-350-ch-qui-chante-jusqua-9000-tr-min\/\"},\"wordCount\":915,\"commentCount\":6,\"publisher\":{\"@id\":\"https:\/\/www.italpassion.fr\/tr\/#organization\"},\"image\":{\"@id\":\"https:\/\/www.italpassion.fr\/tr\/alfa-romeo\/cette-alfa-romeo-montreal-flatplane-recoit-un-v8-modifie-de-350-ch-qui-chante-jusqua-9000-tr-min\/#primaryimage\"},\"thumbnailUrl\":\"https:\/\/www.italpassion.fr\/wp-content\/uploads\/2025\/09\/alfa-romeo-montreal-00.jpg\",\"keywords\":[\"Alfa Romeo Montreal\",\"OKTech\"],\"articleSection\":[\"Alfa Romeo\"],\"inLanguage\":\"tr\",\"potentialAction\":[{\"@type\":\"CommentAction\",\"name\":\"Comment\",\"target\":[\"https:\/\/www.italpassion.fr\/tr\/alfa-romeo\/cette-alfa-romeo-montreal-flatplane-recoit-un-v8-modifie-de-350-ch-qui-chante-jusqua-9000-tr-min\/#respond\"]}]},{\"@type\":\"WebPage\",\"@id\":\"https:\/\/www.italpassion.fr\/tr\/alfa-romeo\/cette-alfa-romeo-montreal-flatplane-recoit-un-v8-modifie-de-350-ch-qui-chante-jusqua-9000-tr-min\/\",\"url\":\"https:\/\/www.italpassion.fr\/tr\/alfa-romeo\/cette-alfa-romeo-montreal-flatplane-recoit-un-v8-modifie-de-350-ch-qui-chante-jusqua-9000-tr-min\/\",\"name\":\"Cette Alfa Romeo Montreal \\\"Flatplane\\\" re\u00e7oit un V8 modifi\u00e9 de 350 ch qui chante jusqu'\u00e0 9000 tr\/min ! - ItalPassion\",\"isPartOf\":{\"@id\":\"https:\/\/www.italpassion.fr\/tr\/#website\"},\"primaryImageOfPage\":{\"@id\":\"https:\/\/www.italpassion.fr\/tr\/alfa-romeo\/cette-alfa-romeo-montreal-flatplane-recoit-un-v8-modifie-de-350-ch-qui-chante-jusqua-9000-tr-min\/#primaryimage\"},\"image\":{\"@id\":\"https:\/\/www.italpassion.fr\/tr\/alfa-romeo\/cette-alfa-romeo-montreal-flatplane-recoit-un-v8-modifie-de-350-ch-qui-chante-jusqua-9000-tr-min\/#primaryimage\"},\"thumbnailUrl\":\"https:\/\/www.italpassion.fr\/wp-content\/uploads\/2025\/09\/alfa-romeo-montreal-00.jpg\",\"datePublished\":\"2025-09-12T08:59:23+00:00\",\"description\":\"Tr\u00e8s pris\u00e9e des collectionneurs, l\u2019Alfa Romeo\u00a0Montreal est un coup\u00e9 issu d'une \u00e9tude de style de Marcello Gandini,\u00a0une jeune recrue de l'atelier Bertone\",\"breadcrumb\":{\"@id\":\"https:\/\/www.italpassion.fr\/tr\/alfa-romeo\/cette-alfa-romeo-montreal-flatplane-recoit-un-v8-modifie-de-350-ch-qui-chante-jusqua-9000-tr-min\/#breadcrumb\"},\"inLanguage\":\"tr\",\"potentialAction\":[{\"@type\":\"ReadAction\",\"target\":[\"https:\/\/www.italpassion.fr\/tr\/alfa-romeo\/cette-alfa-romeo-montreal-flatplane-recoit-un-v8-modifie-de-350-ch-qui-chante-jusqua-9000-tr-min\/\"]}]},{\"@type\":\"ImageObject\",\"inLanguage\":\"tr\",\"@id\":\"https:\/\/www.italpassion.fr\/tr\/alfa-romeo\/cette-alfa-romeo-montreal-flatplane-recoit-un-v8-modifie-de-350-ch-qui-chante-jusqua-9000-tr-min\/#primaryimage\",\"url\":\"https:\/\/www.italpassion.fr\/wp-content\/uploads\/2025\/09\/alfa-romeo-montreal-00.jpg\",\"contentUrl\":\"https:\/\/www.italpassion.fr\/wp-content\/uploads\/2025\/09\/alfa-romeo-montreal-00.jpg\",\"width\":1200,\"height\":800},{\"@type\":\"BreadcrumbList\",\"@id\":\"https:\/\/www.italpassion.fr\/tr\/alfa-romeo\/cette-alfa-romeo-montreal-flatplane-recoit-un-v8-modifie-de-350-ch-qui-chante-jusqua-9000-tr-min\/#breadcrumb\",\"itemListElement\":[{\"@type\":\"ListItem\",\"position\":1,\"name\":\"Accueil\",\"item\":\"https:\/\/www.italpassion.fr\/tr\/\"},{\"@type\":\"ListItem\",\"position\":2,\"name\":\"Cette Alfa Romeo Montreal \u00ab\u00a0Flatplane\u00a0\u00bb re\u00e7oit un V8 modifi\u00e9 de 350 ch qui chante jusqu&rsquo;\u00e0 9000 tr\/min !\"}]},{\"@type\":\"WebSite\",\"@id\":\"https:\/\/www.italpassion.fr\/tr\/#website\",\"url\":\"https:\/\/www.italpassion.fr\/tr\/\",\"name\":\"ItalPassion\",\"description\":\"Les Passionn\u00e9s d&#039;Automobiles Italiennes\",\"publisher\":{\"@id\":\"https:\/\/www.italpassion.fr\/tr\/#organization\"},\"potentialAction\":[{\"@type\":\"SearchAction\",\"target\":{\"@type\":\"EntryPoint\",\"urlTemplate\":\"https:\/\/www.italpassion.fr\/tr\/?s={search_term_string}\"},\"query-input\":{\"@type\":\"PropertyValueSpecification\",\"valueRequired\":true,\"valueName\":\"search_term_string\"}}],\"inLanguage\":\"tr\"},{\"@type\":\"Organization\",\"@id\":\"https:\/\/www.italpassion.fr\/tr\/#organization\",\"name\":\"Italpassion\",\"url\":\"https:\/\/www.italpassion.fr\/tr\/\",\"logo\":{\"@type\":\"ImageObject\",\"inLanguage\":\"tr\",\"@id\":\"https:\/\/www.italpassion.fr\/tr\/#\/schema\/logo\/image\/\",\"url\":\"https:\/\/www.italpassion.fr\/wp-content\/uploads\/2023\/07\/italpassion-yoast.jpg\",\"contentUrl\":\"https:\/\/www.italpassion.fr\/wp-content\/uploads\/2023\/07\/italpassion-yoast.jpg\",\"width\":696,\"height\":696,\"caption\":\"Italpassion\"},\"image\":{\"@id\":\"https:\/\/www.italpassion.fr\/tr\/#\/schema\/logo\/image\/\"},\"sameAs\":[\"https:\/\/www.facebook.com\/italpassion\",\"https:\/\/x.com\/italpassion\",\"https:\/\/www.instagram.com\/italpassionfr\/\",\"https:\/\/www.youtube.com\/channel\/UCleq-ByQaA42OjhopwevRjQ\",\"https:\/\/www.facebook.com\/italpassion.en\/\",\"https:\/\/www.facebook.com\/italpassion.it\/\",\"https:\/\/www.facebook.com\/italpassion.de\/\",\"https:\/\/www.facebook.com\/italpassion.ja\/\"]},{\"@type\":\"Person\",\"@id\":\"https:\/\/www.italpassion.fr\/tr\/#\/schema\/person\/efd63d72fc8007741c5836a896805b04\",\"name\":\"Nicolas Anderbegani\",\"image\":{\"@type\":\"ImageObject\",\"inLanguage\":\"tr\",\"@id\":\"https:\/\/www.italpassion.fr\/tr\/#\/schema\/person\/image\/\",\"url\":\"https:\/\/www.italpassion.fr\/wp-content\/uploads\/2025\/05\/nicolas-anderbegani-160x160.jpg\",\"contentUrl\":\"https:\/\/www.italpassion.fr\/wp-content\/uploads\/2025\/05\/nicolas-anderbegani-160x160.jpg\",\"caption\":\"Nicolas Anderbegani\"},\"description\":\"Nicolas est passionn\u00e9 d\u2019histoire et de sport automobile. Il roule en Alfa Romeo Giulietta et vous partagera avec vous sa passion de l\u2019automobile italienne.\",\"url\":\"https:\/\/www.italpassion.fr\/tr\/author\/nicolas\/\"}]}<\/script>\n<!-- \/ Yoast SEO plugin. -->","yoast_head_json":{"title":"Bu Alfa Romeo Montreal 'Flatplane', 9000 d\/d'ye kadar \u015fark\u0131 s\u00f6yleyen modifiye edilmi\u015f 350 bhp V8'e sahip! - ItalPassion","description":"Koleksiyonerler taraf\u0131ndan \u00e7ok de\u011ferli bulunan Alfa Romeo Montreal, Bertone at\u00f6lyesinde i\u015fe al\u0131nan gen\u00e7 Marcello Gandini'nin tasar\u0131m \u00e7al\u0131\u015fmas\u0131na dayanan bir coup\u00e9'dir.","robots":{"index":"index","follow":"follow","max-snippet":"max-snippet:-1","max-image-preview":"max-image-preview:large","max-video-preview":"max-video-preview:-1"},"canonical":"https:\/\/www.italpassion.fr\/tr\/alfa-romeo\/bu-alfa-romeo-montreal-flatplane-9000-dev-dakya-kadar-sakiyan-modifiye-edilmis-350-bhplik-bir-v8e-sahip\/","og_locale":"tr_TR","og_type":"article","og_title":"Cette Alfa Romeo Montreal \"Flatplane\" re\u00e7oit un V8 modifi\u00e9 de 350 ch qui chante jusqu'\u00e0 9000 tr\/min ! - ItalPassion","og_description":"Tr\u00e8s pris\u00e9e des collectionneurs, l\u2019Alfa Romeo\u00a0Montreal est un coup\u00e9 issu d'une \u00e9tude de style de Marcello Gandini,\u00a0une jeune recrue de l'atelier Bertone","og_url":"https:\/\/www.italpassion.fr\/tr\/alfa-romeo\/bu-alfa-romeo-montreal-flatplane-9000-dev-dakya-kadar-sakiyan-modifiye-edilmis-350-bhplik-bir-v8e-sahip\/","og_site_name":"ItalPassion","article_publisher":"https:\/\/www.facebook.com\/italpassion","article_published_time":"2025-09-12T08:59:23+00:00","og_image":[{"width":1200,"height":800,"url":"https:\/\/www.italpassion.fr\/wp-content\/uploads\/2025\/09\/alfa-romeo-montreal-00.jpg","type":"image\/jpeg"}],"author":"Nicolas Anderbegani","twitter_card":"summary_large_image","twitter_creator":"@italpassion","twitter_site":"@italpassion","schema":{"@context":"https:\/\/schema.org","@graph":[{"@type":"NewsArticle","@id":"https:\/\/www.italpassion.fr\/tr\/alfa-romeo\/cette-alfa-romeo-montreal-flatplane-recoit-un-v8-modifie-de-350-ch-qui-chante-jusqua-9000-tr-min\/#article","isPartOf":{"@id":"https:\/\/www.italpassion.fr\/tr\/alfa-romeo\/cette-alfa-romeo-montreal-flatplane-recoit-un-v8-modifie-de-350-ch-qui-chante-jusqua-9000-tr-min\/"},"author":{"name":"Nicolas Anderbegani","@id":"https:\/\/www.italpassion.fr\/tr\/#\/schema\/person\/efd63d72fc8007741c5836a896805b04"},"headline":"Cette Alfa Romeo Montreal \u00ab\u00a0Flatplane\u00a0\u00bb re\u00e7oit un V8 modifi\u00e9 de 350 ch qui chante jusqu&rsquo;\u00e0 9000 tr\/min !","datePublished":"2025-09-12T08:59:23+00:00","mainEntityOfPage":{"@id":"https:\/\/www.italpassion.fr\/tr\/alfa-romeo\/cette-alfa-romeo-montreal-flatplane-recoit-un-v8-modifie-de-350-ch-qui-chante-jusqua-9000-tr-min\/"},"wordCount":915,"commentCount":6,"publisher":{"@id":"https:\/\/www.italpassion.fr\/tr\/#organization"},"image":{"@id":"https:\/\/www.italpassion.fr\/tr\/alfa-romeo\/cette-alfa-romeo-montreal-flatplane-recoit-un-v8-modifie-de-350-ch-qui-chante-jusqua-9000-tr-min\/#primaryimage"},"thumbnailUrl":"https:\/\/www.italpassion.fr\/wp-content\/uploads\/2025\/09\/alfa-romeo-montreal-00.jpg","keywords":["Alfa Romeo Montreal","OKTech"],"articleSection":["Alfa Romeo"],"inLanguage":"tr","potentialAction":[{"@type":"CommentAction","name":"Comment","target":["https:\/\/www.italpassion.fr\/tr\/alfa-romeo\/cette-alfa-romeo-montreal-flatplane-recoit-un-v8-modifie-de-350-ch-qui-chante-jusqua-9000-tr-min\/#respond"]}]},{"@type":"WebPage","@id":"https:\/\/www.italpassion.fr\/tr\/alfa-romeo\/cette-alfa-romeo-montreal-flatplane-recoit-un-v8-modifie-de-350-ch-qui-chante-jusqua-9000-tr-min\/","url":"https:\/\/www.italpassion.fr\/tr\/alfa-romeo\/cette-alfa-romeo-montreal-flatplane-recoit-un-v8-modifie-de-350-ch-qui-chante-jusqua-9000-tr-min\/","name":"Bu Alfa Romeo Montreal 'Flatplane', 9000 d\/d'ye kadar \u015fark\u0131 s\u00f6yleyen modifiye edilmi\u015f 350 bhp V8'e sahip! - ItalPassion","isPartOf":{"@id":"https:\/\/www.italpassion.fr\/tr\/#website"},"primaryImageOfPage":{"@id":"https:\/\/www.italpassion.fr\/tr\/alfa-romeo\/cette-alfa-romeo-montreal-flatplane-recoit-un-v8-modifie-de-350-ch-qui-chante-jusqua-9000-tr-min\/#primaryimage"},"image":{"@id":"https:\/\/www.italpassion.fr\/tr\/alfa-romeo\/cette-alfa-romeo-montreal-flatplane-recoit-un-v8-modifie-de-350-ch-qui-chante-jusqua-9000-tr-min\/#primaryimage"},"thumbnailUrl":"https:\/\/www.italpassion.fr\/wp-content\/uploads\/2025\/09\/alfa-romeo-montreal-00.jpg","datePublished":"2025-09-12T08:59:23+00:00","description":"Koleksiyonerler taraf\u0131ndan \u00e7ok de\u011ferli bulunan Alfa Romeo Montreal, Bertone at\u00f6lyesinde i\u015fe al\u0131nan gen\u00e7 Marcello Gandini'nin tasar\u0131m \u00e7al\u0131\u015fmas\u0131na dayanan bir coup\u00e9'dir.","breadcrumb":{"@id":"https:\/\/www.italpassion.fr\/tr\/alfa-romeo\/cette-alfa-romeo-montreal-flatplane-recoit-un-v8-modifie-de-350-ch-qui-chante-jusqua-9000-tr-min\/#breadcrumb"},"inLanguage":"tr","potentialAction":[{"@type":"ReadAction","target":["https:\/\/www.italpassion.fr\/tr\/alfa-romeo\/cette-alfa-romeo-montreal-flatplane-recoit-un-v8-modifie-de-350-ch-qui-chante-jusqua-9000-tr-min\/"]}]},{"@type":"ImageObject","inLanguage":"tr","@id":"https:\/\/www.italpassion.fr\/tr\/alfa-romeo\/cette-alfa-romeo-montreal-flatplane-recoit-un-v8-modifie-de-350-ch-qui-chante-jusqua-9000-tr-min\/#primaryimage","url":"https:\/\/www.italpassion.fr\/wp-content\/uploads\/2025\/09\/alfa-romeo-montreal-00.jpg","contentUrl":"https:\/\/www.italpassion.fr\/wp-content\/uploads\/2025\/09\/alfa-romeo-montreal-00.jpg","width":1200,"height":800},{"@type":"BreadcrumbList","@id":"https:\/\/www.italpassion.fr\/tr\/alfa-romeo\/cette-alfa-romeo-montreal-flatplane-recoit-un-v8-modifie-de-350-ch-qui-chante-jusqua-9000-tr-min\/#breadcrumb","itemListElement":[{"@type":"ListItem","position":1,"name":"Accueil","item":"https:\/\/www.italpassion.fr\/tr\/"},{"@type":"ListItem","position":2,"name":"Cette Alfa Romeo Montreal \u00ab\u00a0Flatplane\u00a0\u00bb re\u00e7oit un V8 modifi\u00e9 de 350 ch qui chante jusqu&rsquo;\u00e0 9000 tr\/min !"}]},{"@type":"WebSite","@id":"https:\/\/www.italpassion.fr\/tr\/#website","url":"https:\/\/www.italpassion.fr\/tr\/","name":"ItalPassion","description":"\u0130talyan Araba Merakl\u0131lar\u0131","publisher":{"@id":"https:\/\/www.italpassion.fr\/tr\/#organization"},"potentialAction":[{"@type":"SearchAction","target":{"@type":"EntryPoint","urlTemplate":"https:\/\/www.italpassion.fr\/tr\/?s={search_term_string}"},"query-input":{"@type":"PropertyValueSpecification","valueRequired":true,"valueName":"search_term_string"}}],"inLanguage":"tr"},{"@type":"Organization","@id":"https:\/\/www.italpassion.fr\/tr\/#organization","name":"Italpassion","url":"https:\/\/www.italpassion.fr\/tr\/","logo":{"@type":"ImageObject","inLanguage":"tr","@id":"https:\/\/www.italpassion.fr\/tr\/#\/schema\/logo\/image\/","url":"https:\/\/www.italpassion.fr\/wp-content\/uploads\/2023\/07\/italpassion-yoast.jpg","contentUrl":"https:\/\/www.italpassion.fr\/wp-content\/uploads\/2023\/07\/italpassion-yoast.jpg","width":696,"height":696,"caption":"Italpassion"},"image":{"@id":"https:\/\/www.italpassion.fr\/tr\/#\/schema\/logo\/image\/"},"sameAs":["https:\/\/www.facebook.com\/italpassion","https:\/\/x.com\/italpassion","https:\/\/www.instagram.com\/italpassionfr\/","https:\/\/www.youtube.com\/channel\/UCleq-ByQaA42OjhopwevRjQ","https:\/\/www.facebook.com\/italpassion.en\/","https:\/\/www.facebook.com\/italpassion.it\/","https:\/\/www.facebook.com\/italpassion.de\/","https:\/\/www.facebook.com\/italpassion.ja\/"]},{"@type":"Person","@id":"https:\/\/www.italpassion.fr\/tr\/#\/schema\/person\/efd63d72fc8007741c5836a896805b04","name":"Nicolas Anderbegani","image":{"@type":"ImageObject","inLanguage":"tr","@id":"https:\/\/www.italpassion.fr\/tr\/#\/schema\/person\/image\/","url":"https:\/\/www.italpassion.fr\/wp-content\/uploads\/2025\/05\/nicolas-anderbegani-160x160.jpg","contentUrl":"https:\/\/www.italpassion.fr\/wp-content\/uploads\/2025\/05\/nicolas-anderbegani-160x160.jpg","caption":"Nicolas Anderbegani"},"description":"Nicolas tarih ve motor sporlar\u0131 konusunda tutkuludur. Kendisi bir Alfa Romeo Giulietta kullanmaktad\u0131r ve \u0130talyan otomobillerine olan tutkusunu sizinle payla\u015fmaktan mutluluk duyacakt\u0131r.","url":"https:\/\/www.italpassion.fr\/tr\/author\/nicolas\/"}]}},"_links":{"self":[{"href":"https:\/\/www.italpassion.fr\/tr\/wp-json\/wp\/v2\/posts\/41229","targetHints":{"allow":["GET"]}}],"collection":[{"href":"https:\/\/www.italpassion.fr\/tr\/wp-json\/wp\/v2\/posts"}],"about":[{"href":"https:\/\/www.italpassion.fr\/tr\/wp-json\/wp\/v2\/types\/post"}],"author":[{"embeddable":true,"href":"https:\/\/www.italpassion.fr\/tr\/wp-json\/wp\/v2\/users\/8"}],"replies":[{"embeddable":true,"href":"https:\/\/www.italpassion.fr\/tr\/wp-json\/wp\/v2\/comments?post=41229"}],"version-history":[{"count":1,"href":"https:\/\/www.italpassion.fr\/tr\/wp-json\/wp\/v2\/posts\/41229\/revisions"}],"predecessor-version":[{"id":41244,"href":"https:\/\/www.italpassion.fr\/tr\/wp-json\/wp\/v2\/posts\/41229\/revisions\/41244"}],"wp:featuredmedia":[{"embeddable":true,"href":"https:\/\/www.italpassion.fr\/tr\/wp-json\/wp\/v2\/media\/41243"}],"wp:attachment":[{"href":"https:\/\/www.italpassion.fr\/tr\/wp-json\/wp\/v2\/media?parent=41229"}],"wp:term":[{"taxonomy":"category","embeddable":true,"href":"https:\/\/www.italpassion.fr\/tr\/wp-json\/wp\/v2\/categories?post=41229"},{"taxonomy":"post_tag","embeddable":true,"href":"https:\/\/www.italpassion.fr\/tr\/wp-json\/wp\/v2\/tags?post=41229"}],"curies":[{"name":"wp","href":"https:\/\/api.w.org\/{rel}","templated":true}]}}