{"id":41192,"date":"2025-09-11T09:49:52","date_gmt":"2025-09-11T07:49:52","guid":{"rendered":"https:\/\/www.italpassion.fr\/?p=41192"},"modified":"2025-09-11T09:49:52","modified_gmt":"2025-09-11T07:49:52","slug":"bu-lalfarrari-400-bhp-gucunde-ferrari-v8-motorlu-bir-alfa-romeo","status":"publish","type":"post","link":"https:\/\/www.italpassion.fr\/tr\/alfa-romeo\/voici-lalfarrari-une-alfa-romeo-equipee-dun-moteur-v8-ferrari-de-400-ch\/","title":{"rendered":"Kar\u015f\u0131n\u0131zda Alfarrari: 400 beygirlik Ferrari V8 motora sahip bir Alfa Romeo!"},"content":{"rendered":"<figure class=\"wp-block-image size-full\"><img loading=\"lazy\" decoding=\"async\" width=\"1200\" height=\"800\" src=\"https:\/\/www.italpassion.fr\/wp-content\/uploads\/2025\/09\/alfa-romeo-giulia-ferrari.jpg\" alt=\"\" class=\"wp-image-41198\" srcset=\"https:\/\/www.italpassion.fr\/wp-content\/uploads\/2025\/09\/alfa-romeo-giulia-ferrari.jpg 1200w, https:\/\/www.italpassion.fr\/wp-content\/uploads\/2025\/09\/alfa-romeo-giulia-ferrari-420x280.jpg 420w, https:\/\/www.italpassion.fr\/wp-content\/uploads\/2025\/09\/alfa-romeo-giulia-ferrari-768x512.jpg 768w, https:\/\/www.italpassion.fr\/wp-content\/uploads\/2025\/09\/alfa-romeo-giulia-ferrari-18x12.jpg 18w\" sizes=\"auto, (max-width: 1200px) 100vw, 1200px\" \/><\/figure>\n\n\n\n<p>Ferrari'nin k\u0131z\u0131<a href=\"https:\/\/www.italpassion.fr\/tr\/alfa-romeo\/\">Alfa Romeo<\/a>Her merakl\u0131 bunu bilir! 1929'da kurulan Scuderia, 1938'e kadar Biscione'nin yar\u0131\u015f tak\u0131m\u0131yd\u0131, b\u00fcy\u00fck Enzo kendi yoluna gitmeden ve 1947'de Ferrari'yi kurmadan \u00f6nce. Bug\u00fcn, her iki markan\u0131n en iyileri Alfarrari'de bir araya geldi: Ferrari V8'i bar\u0131nd\u0131ran bir Alfa Romeo 2000 GTV g\u00f6vdesi!<\/p>\n\n\n\n<h2 class=\"wp-block-heading\">Motor \"b\u00fcy\u00fck aileden\" geliyor.<\/h2>\n\n\n\n<p>Son zamanlarda, \u00f6zellikle Avustralya'da ger\u00e7ekle\u015fen bir dizi mekanik \"takas\" hakk\u0131nda daha \u00f6nce haber yapm\u0131\u015ft\u0131k. <a href=\"https:\/\/www.italpassion.fr\/tr\/alfa-romeo\/alfa-romeo-alfetta-gtv-700-bhp-v8-i%cc%87le-avustralyada-30-yil-boyunca-kazanan-i%cc%87nanilmaz-arac\/?fbclid=IwZXh0bgNhZW0CMTEAAR5_BA7Yqymxhfpg1BHIAODBF1Q4NMMge80CqTcwEaiQ9gvOMnx0G6iuO1NM3Q_aem_d0mXTJyBXtptlZgDp5NEqA\">Tony Ricciardello'nun GTV'si<\/a> ve <a href=\"https:\/\/www.italpassion.fr\/tr\/ferrari\/ferrari-244-gtk-honda-motoruyla-1000-bhpye-cikarilmis-canavar-gi%cc%87bi%cc%87-bi%cc%87r-ferrari%cc%87-308-gtb\/\">Ferrari 308 Honda<\/a> World Time Attack Challenge'da. Bug\u00fcn\u00fcn modeli bizi bir kez daha Avustralya'ya g\u00f6t\u00fcr\u00fcyor, ancak bu kez Honda veya Chevrolet motoru yok: efsanevi Bialbero motorunu g\u00f6rkemli Ferrari 360 Modena'dan 3.6 litrelik Tipo F131 V8 ile de\u011fi\u015ftiren bir Alfa Romeo coup\u00e9 ile \u0130talyan topraklar\u0131nda kal\u0131yoruz.<\/p>\n\n\n\n<p>Bertone coup\u00e9 zaten hafif bir ara\u00e7 olmas\u0131na ra\u011fmen, toplam a\u011f\u0131rl\u0131\u011f\u0131 bir ton civar\u0131nda tutmak amac\u0131yla orijinalinin iki kat\u0131 silindir say\u0131s\u0131na sahip Tipo F131 motorun artan a\u011f\u0131rl\u0131\u011f\u0131n\u0131 telafi etmek i\u00e7in a\u011f\u0131rl\u0131k azaltma i\u015flemi ger\u00e7ekle\u015ftirilmi\u015ftir. Sonu\u00e7 olarak, coup\u00e9 400 bhp ve 373 Nm g\u00fc\u00e7 \u00fcreterek bu sar\u0131 boyal\u0131 \u015fahesere etkileyici bir g\u00fc\u00e7\/a\u011f\u0131rl\u0131k oran\u0131 kazand\u0131r\u0131yor. 2019'da ba\u015flayan proje, 2023'teki resmi tan\u0131t\u0131m\u0131na kadar d\u00f6rt y\u0131l s\u00fcren s\u0131k\u0131 bir \u00e7al\u0131\u015fmayla belgelendi ve 200'den fazla b\u00f6l\u00fcm filme al\u0131nd\u0131. Bununla birlikte, projeyi geli\u015ftirmek i\u00e7in hikaye devam ediyor ve bu y\u0131l yeni videolar yay\u0131nland\u0131.<\/p>\n\n\n\n<h2 class=\"wp-block-heading\">Akl\u0131n\u0131z\u0131 kullan\u0131n<\/h2>\n\n\n\n<figure class=\"wp-block-image size-full\"><img loading=\"lazy\" decoding=\"async\" width=\"1200\" height=\"800\" src=\"https:\/\/www.italpassion.fr\/wp-content\/uploads\/2025\/09\/alfa-romeo-ferrari-2.jpg\" alt=\"\" class=\"wp-image-41194\" srcset=\"https:\/\/www.italpassion.fr\/wp-content\/uploads\/2025\/09\/alfa-romeo-ferrari-2.jpg 1200w, https:\/\/www.italpassion.fr\/wp-content\/uploads\/2025\/09\/alfa-romeo-ferrari-2-420x280.jpg 420w, https:\/\/www.italpassion.fr\/wp-content\/uploads\/2025\/09\/alfa-romeo-ferrari-2-768x512.jpg 768w, https:\/\/www.italpassion.fr\/wp-content\/uploads\/2025\/09\/alfa-romeo-ferrari-2-18x12.jpg 18w\" sizes=\"auto, (max-width: 1200px) 100vw, 1200px\" \/><figcaption class=\"wp-element-caption\">instagram foto\u011fraf\u0131 @<a href=\"https:\/\/www.instagram.com\/homebuiltbyjeff\/?hl=fr#\">homebuiltbyjef<\/a>f<\/figcaption><\/figure>\n\n\n\n<p>Alfarrari, tutkulu bir Avustralyal\u0131 olan Jeff Micklem taraf\u0131ndan kurtar\u0131lan, bir a\u011fac\u0131n alt\u0131na terk edilmi\u015f 2000 model bir GTV'nin pasl\u0131 bir enkaz\u0131 olarak hayata ba\u015flad\u0131. Adelaide'deki bir s\u00fcper araba hurdal\u0131\u011f\u0131ndan d\u00fc\u015f\u00fck kilometreli bir Ferrari 360 Modena motorunu kurtard\u0131ktan sonra i\u015fe koyuldu. <\/p>\n\n\n\n<figure class=\"wp-block-image size-full\"><img loading=\"lazy\" decoding=\"async\" width=\"1200\" height=\"800\" src=\"https:\/\/www.italpassion.fr\/wp-content\/uploads\/2025\/09\/alfa-romeo-ferrari-3.jpg\" alt=\"\" class=\"wp-image-41195\" srcset=\"https:\/\/www.italpassion.fr\/wp-content\/uploads\/2025\/09\/alfa-romeo-ferrari-3.jpg 1200w, https:\/\/www.italpassion.fr\/wp-content\/uploads\/2025\/09\/alfa-romeo-ferrari-3-420x280.jpg 420w, https:\/\/www.italpassion.fr\/wp-content\/uploads\/2025\/09\/alfa-romeo-ferrari-3-768x512.jpg 768w, https:\/\/www.italpassion.fr\/wp-content\/uploads\/2025\/09\/alfa-romeo-ferrari-3-18x12.jpg 18w\" sizes=\"auto, (max-width: 1200px) 100vw, 1200px\" \/><figcaption class=\"wp-element-caption\">instagram foto\u011fraf\u0131 @<a href=\"https:\/\/www.instagram.com\/homebuiltbyjeff\/?hl=fr#\">homebuiltbyjef<\/a>f<\/figcaption><\/figure>\n\n\n\n<p>Bunu ba\u015farmak i\u00e7in kaportan\u0131n yeniden elden ge\u00e7irilmesi, B s\u00fctunundan yukar\u0131ya do\u011fru t\u00fcm panellerin de\u011fi\u015ftirilmesi ve 3.6 litrelik V8'in kaputun alt\u0131na nas\u0131l yerle\u015ftirilece\u011fini bulmadan \u00f6nce kaportadaki di\u011fer \u00e7ok say\u0131da pas onar\u0131m\u0131n\u0131n unutulmamas\u0131 gerekiyordu. Maranello V8'i g\u00f6stermek i\u00e7in \u015feffaf bir panelle donat\u0131lm\u0131\u015f olan kaputun \u00fczerinde gururla sergilenen Ferrari motoruna yer a\u00e7mak i\u00e7in giri\u015fin modifiye edilmesi, \u0131smarlama manifoldlar\u0131n olu\u015fturulmas\u0131 ve alt \u015fasinin de\u011fi\u015ftirilmesi gerekti...<\/p>\n\n\n\n<figure class=\"wp-block-image size-full\"><img loading=\"lazy\" decoding=\"async\" width=\"1200\" height=\"800\" src=\"https:\/\/www.italpassion.fr\/wp-content\/uploads\/2025\/09\/alfa-romeo-v8-ferrari-1.jpg\" alt=\"\" class=\"wp-image-41193\" srcset=\"https:\/\/www.italpassion.fr\/wp-content\/uploads\/2025\/09\/alfa-romeo-v8-ferrari-1.jpg 1200w, https:\/\/www.italpassion.fr\/wp-content\/uploads\/2025\/09\/alfa-romeo-v8-ferrari-1-420x280.jpg 420w, https:\/\/www.italpassion.fr\/wp-content\/uploads\/2025\/09\/alfa-romeo-v8-ferrari-1-768x512.jpg 768w, https:\/\/www.italpassion.fr\/wp-content\/uploads\/2025\/09\/alfa-romeo-v8-ferrari-1-18x12.jpg 18w\" sizes=\"auto, (max-width: 1200px) 100vw, 1200px\" \/><figcaption class=\"wp-element-caption\">instagram foto\u011fraf\u0131 @<a href=\"https:\/\/www.instagram.com\/homebuiltbyjeff\/?hl=fr#\">homebuiltbyjef<\/a>f<\/figcaption><\/figure>\n\n\n\n<p>360'\u0131n motoru ba\u015flang\u0131\u00e7ta arka tekerlekleri tahrik edecek \u015fekilde merkeze yerle\u015ftirilmek \u00fczere tasarlanm\u0131\u015ft\u0131. Ancak \u00f6n taraftaki yeni konumuyla Micklem, g\u00fcc\u00fc arka tekerleklere aktarman\u0131n bir yolunu bulmak zorundayd\u0131. \u00c7\u00f6z\u00fcm, motorun 400 bg'lik g\u00fcc\u00fcn\u00fc desteklemek zorunda olan bir Subaru BRZ \u015fanz\u0131mandan geldi. <\/p>\n\n\n\n<figure class=\"wp-block-image size-full\"><img loading=\"lazy\" decoding=\"async\" width=\"1200\" height=\"800\" src=\"https:\/\/www.italpassion.fr\/wp-content\/uploads\/2025\/09\/alfa-romeo-ferrari-4.jpg\" alt=\"\" class=\"wp-image-41196\" srcset=\"https:\/\/www.italpassion.fr\/wp-content\/uploads\/2025\/09\/alfa-romeo-ferrari-4.jpg 1200w, https:\/\/www.italpassion.fr\/wp-content\/uploads\/2025\/09\/alfa-romeo-ferrari-4-420x280.jpg 420w, https:\/\/www.italpassion.fr\/wp-content\/uploads\/2025\/09\/alfa-romeo-ferrari-4-768x512.jpg 768w, https:\/\/www.italpassion.fr\/wp-content\/uploads\/2025\/09\/alfa-romeo-ferrari-4-18x12.jpg 18w\" sizes=\"auto, (max-width: 1200px) 100vw, 1200px\" \/><figcaption class=\"wp-element-caption\">instagram foto\u011fraf\u0131 @<a href=\"https:\/\/www.instagram.com\/homebuiltbyjeff\/?hl=fr#\">homebuiltbyjef<\/a>f<\/figcaption><\/figure>\n\n\n\n<p>Di\u011fer dahiyane \u00e7\u00f6z\u00fcmler aras\u0131nda kuru karterli motor i\u00e7in \u0131smarlama bir ya\u011f tank\u0131 imalat\u0131 ve klima kondansat\u00f6rlerinin arka tarafa yerle\u015ftirilmesi yer al\u0131yor. Modern bir \u0131s\u0131tma, havaland\u0131rma ve klima sisteminin yan\u0131 s\u0131ra ara\u00e7ta hidrolik direksiyon, h\u0131z sabitleyici ve elektrikli camlar da bulunuyor, \u00e7\u00fcnk\u00fc Micklem'e g\u00f6re Alfarrari g\u00fcnl\u00fck bir s\u00fcr\u00fcc\u00fc olmal\u0131.<\/p>\n\n\n\n<figure class=\"wp-block-image size-full\"><img loading=\"lazy\" decoding=\"async\" width=\"1200\" height=\"800\" src=\"https:\/\/www.italpassion.fr\/wp-content\/uploads\/2025\/09\/alfa-aromeo-ferrari-7.jpg\" alt=\"\" class=\"wp-image-41197\" srcset=\"https:\/\/www.italpassion.fr\/wp-content\/uploads\/2025\/09\/alfa-aromeo-ferrari-7.jpg 1200w, https:\/\/www.italpassion.fr\/wp-content\/uploads\/2025\/09\/alfa-aromeo-ferrari-7-420x280.jpg 420w, https:\/\/www.italpassion.fr\/wp-content\/uploads\/2025\/09\/alfa-aromeo-ferrari-7-768x512.jpg 768w, https:\/\/www.italpassion.fr\/wp-content\/uploads\/2025\/09\/alfa-aromeo-ferrari-7-18x12.jpg 18w\" sizes=\"auto, (max-width: 1200px) 100vw, 1200px\" \/><figcaption class=\"wp-element-caption\">instagram foto\u011fraf\u0131 @<a href=\"https:\/\/www.instagram.com\/homebuiltbyjeff\/?hl=fr#\">homebuiltbyjef<\/a>f<\/figcaption><\/figure>\n\n\n\n<p>Projenin teknik ba\u015f a\u011fr\u0131lar\u0131ndan nasibini ald\u0131\u011f\u0131 ve ara\u00e7 d\u00fcz bir yata\u011fa monte edildi\u011finde tavan ve arka camda birka\u00e7 b\u00fcy\u00fck, istenmeyen ezik gibi birka\u00e7 s\u0131k\u0131nt\u0131 ya\u015fad\u0131\u011f\u0131 a\u00e7\u0131kt\u0131, ancak baz\u0131 ustalar, Bertone'nin arka cam\u0131n\u0131n kesimi ve \u015fekli \u00e7ok \u00f6zel olsa da her \u015feyi onarmay\u0131 ba\u015fard\u0131lar. \u0130\u00e7 k\u0131s\u0131mda, orta konsol i\u00e7in al\u00fcminyum ile taba rengi d\u00f6\u015feme ve kap\u0131 trim kiti harmanlanm\u0131\u015f. Son olarak, deri kapl\u0131 \u00fc\u00e7 kollu direksiyon simidinde k\u00fc\u00e7\u00fck bir Ferrari logosu yer al\u0131yor.<\/p>\n\n\n\n<figure class=\"wp-block-image size-full\"><img loading=\"lazy\" decoding=\"async\" width=\"1200\" height=\"800\" src=\"https:\/\/www.italpassion.fr\/wp-content\/uploads\/2025\/09\/alfa-romeo-giulia-ferrari-0.jpg\" alt=\"\" class=\"wp-image-41200\" srcset=\"https:\/\/www.italpassion.fr\/wp-content\/uploads\/2025\/09\/alfa-romeo-giulia-ferrari-0.jpg 1200w, https:\/\/www.italpassion.fr\/wp-content\/uploads\/2025\/09\/alfa-romeo-giulia-ferrari-0-420x280.jpg 420w, https:\/\/www.italpassion.fr\/wp-content\/uploads\/2025\/09\/alfa-romeo-giulia-ferrari-0-768x512.jpg 768w, https:\/\/www.italpassion.fr\/wp-content\/uploads\/2025\/09\/alfa-romeo-giulia-ferrari-0-18x12.jpg 18w\" sizes=\"auto, (max-width: 1200px) 100vw, 1200px\" \/><figcaption class=\"wp-element-caption\">instagram foto\u011fraf\u0131 @<a href=\"https:\/\/www.instagram.com\/homebuiltbyjeff\/?hl=fr#\">homebuiltbyjef<\/a>f<\/figcaption><\/figure>\n\n\n\n<h2 class=\"wp-block-heading\">Tamamen \u00e7al\u0131\u015f\u0131r durumda!<\/h2>\n\n\n\n<figure class=\"wp-block-image size-full\"><img loading=\"lazy\" decoding=\"async\" width=\"1200\" height=\"800\" src=\"https:\/\/www.italpassion.fr\/wp-content\/uploads\/2025\/09\/alfa-giulia-v8-ferrai.jpg\" alt=\"\" class=\"wp-image-41199\" srcset=\"https:\/\/www.italpassion.fr\/wp-content\/uploads\/2025\/09\/alfa-giulia-v8-ferrai.jpg 1200w, https:\/\/www.italpassion.fr\/wp-content\/uploads\/2025\/09\/alfa-giulia-v8-ferrai-420x280.jpg 420w, https:\/\/www.italpassion.fr\/wp-content\/uploads\/2025\/09\/alfa-giulia-v8-ferrai-768x512.jpg 768w, https:\/\/www.italpassion.fr\/wp-content\/uploads\/2025\/09\/alfa-giulia-v8-ferrai-18x12.jpg 18w\" sizes=\"auto, (max-width: 1200px) 100vw, 1200px\" \/><figcaption class=\"wp-element-caption\">instagram foto\u011fraf\u0131 @<a href=\"https:\/\/www.instagram.com\/homebuiltbyjeff\/?hl=fr#\">homebuiltbyjef<\/a>f<\/figcaption><\/figure>\n\n\n\n<p>Sidney'deki 2023 World Time Attack Challenge i\u00e7in haz\u0131rlanan Alfarrari, biti\u015f seviyesi ve detaylara g\u00f6sterdi\u011fi \u00f6zen nedeniyle s\u0131cak bir kar\u015f\u0131lama ald\u0131. Sahipsiz bir Alfa Romeo'nun tam bir restorasyonundan \u0131smarlama bir merkez par\u00e7as\u0131na kadar, p\u00fcristlere hitap etmeyebilir, ancak klasik bir Alfa Romeo i\u00e7in \u00e7\u0131lg\u0131n ama hakl\u0131 bir motor de\u011fi\u015fimi yap\u0131lacaksa, bir miktar sayg\u0131y\u0131 korumak i\u00e7in bir V8 Ferrari gitmenin yolu olurdu!<\/p>\n\n\n\n<figure class=\"wp-block-image size-full\"><img loading=\"lazy\" decoding=\"async\" width=\"1200\" height=\"800\" src=\"https:\/\/www.italpassion.fr\/wp-content\/uploads\/2025\/09\/alfa-romeo-giulia-v8-0.jpg\" alt=\"\" class=\"wp-image-41201\" srcset=\"https:\/\/www.italpassion.fr\/wp-content\/uploads\/2025\/09\/alfa-romeo-giulia-v8-0.jpg 1200w, https:\/\/www.italpassion.fr\/wp-content\/uploads\/2025\/09\/alfa-romeo-giulia-v8-0-420x280.jpg 420w, https:\/\/www.italpassion.fr\/wp-content\/uploads\/2025\/09\/alfa-romeo-giulia-v8-0-768x512.jpg 768w, https:\/\/www.italpassion.fr\/wp-content\/uploads\/2025\/09\/alfa-romeo-giulia-v8-0-18x12.jpg 18w\" sizes=\"auto, (max-width: 1200px) 100vw, 1200px\" \/><figcaption class=\"wp-element-caption\">instagram foto\u011fraf\u0131 @<a href=\"https:\/\/www.instagram.com\/homebuiltbyjeff\/?hl=fr#\">homebuiltbyjef<\/a>f<\/figcaption><\/figure>\n\n\n\n<p>Jeff Minckley, makinenin manevra kabiliyeti ve mekanik aksam\u0131n i\u015fleyi\u015fi \u00fczerinde ince ayarlar yaparak \u00e7al\u0131\u015fmalar\u0131na devam ediyor ki bu hi\u00e7 de kolay bir i\u015f de\u011fil! Pist g\u00fcn\u00fc seanslar\u0131 s\u0131ras\u0131nda ya\u015fanan birka\u00e7 teknik aksakl\u0131ktan sonra Alfarrari art\u0131k do\u011fru yolda gibi g\u00f6r\u00fcn\u00fcyor!<\/p>\n\n\n\n<figure class=\"wp-block-embed is-type-video is-provider-youtube wp-block-embed-youtube wp-embed-aspect-16-9 wp-has-aspect-ratio\"><div class=\"wp-block-embed__wrapper\">\n<iframe loading=\"lazy\" title=\"Yola d\u00f6n\u00fc\u015f - Ferrari motorlu Alfa 105 Alfarrari yap\u0131 b\u00f6l\u00fcm\u00fc 234\" width=\"1200\" height=\"675\" src=\"https:\/\/www.youtube-nocookie.com\/embed\/EHZAt63fuhU?feature=oembed\" frameborder=\"0\" allow=\"accelerometer; autoplay; clipboard-write; encrypted-media; gyroscope; picture-in-picture; web-share\" referrerpolicy=\"strict-origin-when-cross-origin\" allowfullscreen><\/iframe>\n<\/div><\/figure>","protected":false},"excerpt":{"rendered":"","protected":false},"author":8,"featured_media":41198,"comment_status":"open","ping_status":"open","sticky":false,"template":"","format":"standard","meta":{"_acf_changed":false,"_sitemap_exclude":false,"_sitemap_priority":"","_sitemap_frequency":"","footnotes":""},"categories":[22],"tags":[568],"class_list":["post-41192","post","type-post","status-publish","format-standard","has-post-thumbnail","hentry","category-alfa-romeo","tag-restomod","generate-columns","tablet-grid-50","mobile-grid-100","grid-parent","grid-33"],"acf":[],"yoast_head":"<!-- This site is optimized with the Yoast SEO plugin v25.8 - https:\/\/yoast.com\/wordpress\/plugins\/seo\/ -->\n<title>Voici l\u2019Alfarrari : une Alfa Romeo \u00e9quip\u00e9e d&#039;un moteur V8 Ferrari de 400 ch ! - ItalPassion<\/title>\n<meta name=\"description\" content=\"Ferrari est la fille d\u2019Alfa Romeo, tout amateur le sait ! La Scuderia, fond\u00e9e en 1929, fut l\u2019\u00e9curie de course du Biscione, jusqu\u2019en 1938, avant que le\" \/>\n<meta name=\"robots\" content=\"index, follow, max-snippet:-1, max-image-preview:large, max-video-preview:-1\" \/>\n<link rel=\"canonical\" href=\"https:\/\/www.italpassion.fr\/tr\/alfa-romeo\/bu-lalfarrari-400-bhp-gucunde-ferrari-v8-motorlu-bir-alfa-romeo\/\" \/>\n<meta property=\"og:locale\" content=\"tr_TR\" \/>\n<meta property=\"og:type\" content=\"article\" \/>\n<meta property=\"og:title\" content=\"Voici l\u2019Alfarrari : une Alfa Romeo \u00e9quip\u00e9e d&#039;un moteur V8 Ferrari de 400 ch ! - ItalPassion\" \/>\n<meta property=\"og:description\" content=\"Ferrari est la fille d\u2019Alfa Romeo, tout amateur le sait ! La Scuderia, fond\u00e9e en 1929, fut l\u2019\u00e9curie de course du Biscione, jusqu\u2019en 1938, avant que le\" \/>\n<meta property=\"og:url\" content=\"https:\/\/www.italpassion.fr\/tr\/alfa-romeo\/bu-lalfarrari-400-bhp-gucunde-ferrari-v8-motorlu-bir-alfa-romeo\/\" \/>\n<meta property=\"og:site_name\" content=\"ItalPassion\" \/>\n<meta property=\"article:publisher\" content=\"https:\/\/www.facebook.com\/italpassion\" \/>\n<meta property=\"article:published_time\" content=\"2025-09-11T07:49:52+00:00\" \/>\n<meta property=\"og:image\" content=\"https:\/\/www.italpassion.fr\/wp-content\/uploads\/2025\/09\/alfa-romeo-giulia-ferrari.jpg\" \/>\n\t<meta property=\"og:image:width\" content=\"1200\" \/>\n\t<meta property=\"og:image:height\" content=\"800\" \/>\n\t<meta property=\"og:image:type\" content=\"image\/jpeg\" \/>\n<meta name=\"author\" content=\"Nicolas Anderbegani\" \/>\n<meta name=\"twitter:card\" content=\"summary_large_image\" \/>\n<meta name=\"twitter:creator\" content=\"@italpassion\" \/>\n<meta name=\"twitter:site\" content=\"@italpassion\" \/>\n<script type=\"application\/ld+json\" class=\"yoast-schema-graph\">{\"@context\":\"https:\/\/schema.org\",\"@graph\":[{\"@type\":\"NewsArticle\",\"@id\":\"https:\/\/www.italpassion.fr\/tr\/alfa-romeo\/voici-lalfarrari-une-alfa-romeo-equipee-dun-moteur-v8-ferrari-de-400-ch\/#article\",\"isPartOf\":{\"@id\":\"https:\/\/www.italpassion.fr\/tr\/alfa-romeo\/voici-lalfarrari-une-alfa-romeo-equipee-dun-moteur-v8-ferrari-de-400-ch\/\"},\"author\":{\"name\":\"Nicolas Anderbegani\",\"@id\":\"https:\/\/www.italpassion.fr\/tr\/#\/schema\/person\/efd63d72fc8007741c5836a896805b04\"},\"headline\":\"Voici l\u2019Alfarrari : une Alfa Romeo \u00e9quip\u00e9e d&rsquo;un moteur V8 Ferrari de 400 ch !\",\"datePublished\":\"2025-09-11T07:49:52+00:00\",\"mainEntityOfPage\":{\"@id\":\"https:\/\/www.italpassion.fr\/tr\/alfa-romeo\/voici-lalfarrari-une-alfa-romeo-equipee-dun-moteur-v8-ferrari-de-400-ch\/\"},\"wordCount\":877,\"commentCount\":11,\"publisher\":{\"@id\":\"https:\/\/www.italpassion.fr\/tr\/#organization\"},\"image\":{\"@id\":\"https:\/\/www.italpassion.fr\/tr\/alfa-romeo\/voici-lalfarrari-une-alfa-romeo-equipee-dun-moteur-v8-ferrari-de-400-ch\/#primaryimage\"},\"thumbnailUrl\":\"https:\/\/www.italpassion.fr\/wp-content\/uploads\/2025\/09\/alfa-romeo-giulia-ferrari.jpg\",\"keywords\":[\"Restomod\"],\"articleSection\":[\"Alfa Romeo\"],\"inLanguage\":\"tr\",\"potentialAction\":[{\"@type\":\"CommentAction\",\"name\":\"Comment\",\"target\":[\"https:\/\/www.italpassion.fr\/tr\/alfa-romeo\/voici-lalfarrari-une-alfa-romeo-equipee-dun-moteur-v8-ferrari-de-400-ch\/#respond\"]}]},{\"@type\":\"WebPage\",\"@id\":\"https:\/\/www.italpassion.fr\/tr\/alfa-romeo\/voici-lalfarrari-une-alfa-romeo-equipee-dun-moteur-v8-ferrari-de-400-ch\/\",\"url\":\"https:\/\/www.italpassion.fr\/tr\/alfa-romeo\/voici-lalfarrari-une-alfa-romeo-equipee-dun-moteur-v8-ferrari-de-400-ch\/\",\"name\":\"Voici l\u2019Alfarrari : une Alfa Romeo \u00e9quip\u00e9e d'un moteur V8 Ferrari de 400 ch ! - ItalPassion\",\"isPartOf\":{\"@id\":\"https:\/\/www.italpassion.fr\/tr\/#website\"},\"primaryImageOfPage\":{\"@id\":\"https:\/\/www.italpassion.fr\/tr\/alfa-romeo\/voici-lalfarrari-une-alfa-romeo-equipee-dun-moteur-v8-ferrari-de-400-ch\/#primaryimage\"},\"image\":{\"@id\":\"https:\/\/www.italpassion.fr\/tr\/alfa-romeo\/voici-lalfarrari-une-alfa-romeo-equipee-dun-moteur-v8-ferrari-de-400-ch\/#primaryimage\"},\"thumbnailUrl\":\"https:\/\/www.italpassion.fr\/wp-content\/uploads\/2025\/09\/alfa-romeo-giulia-ferrari.jpg\",\"datePublished\":\"2025-09-11T07:49:52+00:00\",\"description\":\"Ferrari est la fille d\u2019Alfa Romeo, tout amateur le sait ! La Scuderia, fond\u00e9e en 1929, fut l\u2019\u00e9curie de course du Biscione, jusqu\u2019en 1938, avant que le\",\"breadcrumb\":{\"@id\":\"https:\/\/www.italpassion.fr\/tr\/alfa-romeo\/voici-lalfarrari-une-alfa-romeo-equipee-dun-moteur-v8-ferrari-de-400-ch\/#breadcrumb\"},\"inLanguage\":\"tr\",\"potentialAction\":[{\"@type\":\"ReadAction\",\"target\":[\"https:\/\/www.italpassion.fr\/tr\/alfa-romeo\/voici-lalfarrari-une-alfa-romeo-equipee-dun-moteur-v8-ferrari-de-400-ch\/\"]}]},{\"@type\":\"ImageObject\",\"inLanguage\":\"tr\",\"@id\":\"https:\/\/www.italpassion.fr\/tr\/alfa-romeo\/voici-lalfarrari-une-alfa-romeo-equipee-dun-moteur-v8-ferrari-de-400-ch\/#primaryimage\",\"url\":\"https:\/\/www.italpassion.fr\/wp-content\/uploads\/2025\/09\/alfa-romeo-giulia-ferrari.jpg\",\"contentUrl\":\"https:\/\/www.italpassion.fr\/wp-content\/uploads\/2025\/09\/alfa-romeo-giulia-ferrari.jpg\",\"width\":1200,\"height\":800},{\"@type\":\"BreadcrumbList\",\"@id\":\"https:\/\/www.italpassion.fr\/tr\/alfa-romeo\/voici-lalfarrari-une-alfa-romeo-equipee-dun-moteur-v8-ferrari-de-400-ch\/#breadcrumb\",\"itemListElement\":[{\"@type\":\"ListItem\",\"position\":1,\"name\":\"Accueil\",\"item\":\"https:\/\/www.italpassion.fr\/tr\/\"},{\"@type\":\"ListItem\",\"position\":2,\"name\":\"Voici l\u2019Alfarrari : une Alfa Romeo \u00e9quip\u00e9e d&rsquo;un moteur V8 Ferrari de 400 ch !\"}]},{\"@type\":\"WebSite\",\"@id\":\"https:\/\/www.italpassion.fr\/tr\/#website\",\"url\":\"https:\/\/www.italpassion.fr\/tr\/\",\"name\":\"ItalPassion\",\"description\":\"Les Passionn\u00e9s d&#039;Automobiles Italiennes\",\"publisher\":{\"@id\":\"https:\/\/www.italpassion.fr\/tr\/#organization\"},\"potentialAction\":[{\"@type\":\"SearchAction\",\"target\":{\"@type\":\"EntryPoint\",\"urlTemplate\":\"https:\/\/www.italpassion.fr\/tr\/?s={search_term_string}\"},\"query-input\":{\"@type\":\"PropertyValueSpecification\",\"valueRequired\":true,\"valueName\":\"search_term_string\"}}],\"inLanguage\":\"tr\"},{\"@type\":\"Organization\",\"@id\":\"https:\/\/www.italpassion.fr\/tr\/#organization\",\"name\":\"Italpassion\",\"url\":\"https:\/\/www.italpassion.fr\/tr\/\",\"logo\":{\"@type\":\"ImageObject\",\"inLanguage\":\"tr\",\"@id\":\"https:\/\/www.italpassion.fr\/tr\/#\/schema\/logo\/image\/\",\"url\":\"https:\/\/www.italpassion.fr\/wp-content\/uploads\/2023\/07\/italpassion-yoast.jpg\",\"contentUrl\":\"https:\/\/www.italpassion.fr\/wp-content\/uploads\/2023\/07\/italpassion-yoast.jpg\",\"width\":696,\"height\":696,\"caption\":\"Italpassion\"},\"image\":{\"@id\":\"https:\/\/www.italpassion.fr\/tr\/#\/schema\/logo\/image\/\"},\"sameAs\":[\"https:\/\/www.facebook.com\/italpassion\",\"https:\/\/x.com\/italpassion\",\"https:\/\/www.instagram.com\/italpassionfr\/\",\"https:\/\/www.youtube.com\/channel\/UCleq-ByQaA42OjhopwevRjQ\",\"https:\/\/www.facebook.com\/italpassion.en\/\",\"https:\/\/www.facebook.com\/italpassion.it\/\",\"https:\/\/www.facebook.com\/italpassion.de\/\",\"https:\/\/www.facebook.com\/italpassion.ja\/\"]},{\"@type\":\"Person\",\"@id\":\"https:\/\/www.italpassion.fr\/tr\/#\/schema\/person\/efd63d72fc8007741c5836a896805b04\",\"name\":\"Nicolas Anderbegani\",\"image\":{\"@type\":\"ImageObject\",\"inLanguage\":\"tr\",\"@id\":\"https:\/\/www.italpassion.fr\/tr\/#\/schema\/person\/image\/\",\"url\":\"https:\/\/www.italpassion.fr\/wp-content\/uploads\/2025\/05\/nicolas-anderbegani-160x160.jpg\",\"contentUrl\":\"https:\/\/www.italpassion.fr\/wp-content\/uploads\/2025\/05\/nicolas-anderbegani-160x160.jpg\",\"caption\":\"Nicolas Anderbegani\"},\"description\":\"Nicolas est passionn\u00e9 d\u2019histoire et de sport automobile. Il roule en Alfa Romeo Giulietta et vous partagera avec vous sa passion de l\u2019automobile italienne.\",\"url\":\"https:\/\/www.italpassion.fr\/tr\/author\/nicolas\/\"}]}<\/script>\n<!-- \/ Yoast SEO plugin. -->","yoast_head_json":{"title":"Kar\u015f\u0131n\u0131zda Alfarrari: 400 bhp Ferrari V8 motorlu bir Alfa Romeo! - ItalPassion","description":"Ferrari, her merakl\u0131s\u0131n\u0131n bildi\u011fi gibi Alfa Romeo'nun k\u0131z\u0131d\u0131r! 1929'da kurulan Scuderia, 1938'e kadar Biscione'nin yar\u0131\u015f tak\u0131m\u0131yd\u0131.","robots":{"index":"index","follow":"follow","max-snippet":"max-snippet:-1","max-image-preview":"max-image-preview:large","max-video-preview":"max-video-preview:-1"},"canonical":"https:\/\/www.italpassion.fr\/tr\/alfa-romeo\/bu-lalfarrari-400-bhp-gucunde-ferrari-v8-motorlu-bir-alfa-romeo\/","og_locale":"tr_TR","og_type":"article","og_title":"Voici l\u2019Alfarrari : une Alfa Romeo \u00e9quip\u00e9e d'un moteur V8 Ferrari de 400 ch ! - ItalPassion","og_description":"Ferrari est la fille d\u2019Alfa Romeo, tout amateur le sait ! La Scuderia, fond\u00e9e en 1929, fut l\u2019\u00e9curie de course du Biscione, jusqu\u2019en 1938, avant que le","og_url":"https:\/\/www.italpassion.fr\/tr\/alfa-romeo\/bu-lalfarrari-400-bhp-gucunde-ferrari-v8-motorlu-bir-alfa-romeo\/","og_site_name":"ItalPassion","article_publisher":"https:\/\/www.facebook.com\/italpassion","article_published_time":"2025-09-11T07:49:52+00:00","og_image":[{"width":1200,"height":800,"url":"https:\/\/www.italpassion.fr\/wp-content\/uploads\/2025\/09\/alfa-romeo-giulia-ferrari.jpg","type":"image\/jpeg"}],"author":"Nicolas Anderbegani","twitter_card":"summary_large_image","twitter_creator":"@italpassion","twitter_site":"@italpassion","schema":{"@context":"https:\/\/schema.org","@graph":[{"@type":"NewsArticle","@id":"https:\/\/www.italpassion.fr\/tr\/alfa-romeo\/voici-lalfarrari-une-alfa-romeo-equipee-dun-moteur-v8-ferrari-de-400-ch\/#article","isPartOf":{"@id":"https:\/\/www.italpassion.fr\/tr\/alfa-romeo\/voici-lalfarrari-une-alfa-romeo-equipee-dun-moteur-v8-ferrari-de-400-ch\/"},"author":{"name":"Nicolas Anderbegani","@id":"https:\/\/www.italpassion.fr\/tr\/#\/schema\/person\/efd63d72fc8007741c5836a896805b04"},"headline":"Voici l\u2019Alfarrari : une Alfa Romeo \u00e9quip\u00e9e d&rsquo;un moteur V8 Ferrari de 400 ch !","datePublished":"2025-09-11T07:49:52+00:00","mainEntityOfPage":{"@id":"https:\/\/www.italpassion.fr\/tr\/alfa-romeo\/voici-lalfarrari-une-alfa-romeo-equipee-dun-moteur-v8-ferrari-de-400-ch\/"},"wordCount":877,"commentCount":11,"publisher":{"@id":"https:\/\/www.italpassion.fr\/tr\/#organization"},"image":{"@id":"https:\/\/www.italpassion.fr\/tr\/alfa-romeo\/voici-lalfarrari-une-alfa-romeo-equipee-dun-moteur-v8-ferrari-de-400-ch\/#primaryimage"},"thumbnailUrl":"https:\/\/www.italpassion.fr\/wp-content\/uploads\/2025\/09\/alfa-romeo-giulia-ferrari.jpg","keywords":["Restomod"],"articleSection":["Alfa Romeo"],"inLanguage":"tr","potentialAction":[{"@type":"CommentAction","name":"Comment","target":["https:\/\/www.italpassion.fr\/tr\/alfa-romeo\/voici-lalfarrari-une-alfa-romeo-equipee-dun-moteur-v8-ferrari-de-400-ch\/#respond"]}]},{"@type":"WebPage","@id":"https:\/\/www.italpassion.fr\/tr\/alfa-romeo\/voici-lalfarrari-une-alfa-romeo-equipee-dun-moteur-v8-ferrari-de-400-ch\/","url":"https:\/\/www.italpassion.fr\/tr\/alfa-romeo\/voici-lalfarrari-une-alfa-romeo-equipee-dun-moteur-v8-ferrari-de-400-ch\/","name":"Kar\u015f\u0131n\u0131zda Alfarrari: 400 bhp Ferrari V8 motorlu bir Alfa Romeo! - ItalPassion","isPartOf":{"@id":"https:\/\/www.italpassion.fr\/tr\/#website"},"primaryImageOfPage":{"@id":"https:\/\/www.italpassion.fr\/tr\/alfa-romeo\/voici-lalfarrari-une-alfa-romeo-equipee-dun-moteur-v8-ferrari-de-400-ch\/#primaryimage"},"image":{"@id":"https:\/\/www.italpassion.fr\/tr\/alfa-romeo\/voici-lalfarrari-une-alfa-romeo-equipee-dun-moteur-v8-ferrari-de-400-ch\/#primaryimage"},"thumbnailUrl":"https:\/\/www.italpassion.fr\/wp-content\/uploads\/2025\/09\/alfa-romeo-giulia-ferrari.jpg","datePublished":"2025-09-11T07:49:52+00:00","description":"Ferrari, her merakl\u0131s\u0131n\u0131n bildi\u011fi gibi Alfa Romeo'nun k\u0131z\u0131d\u0131r! 1929'da kurulan Scuderia, 1938'e kadar Biscione'nin yar\u0131\u015f tak\u0131m\u0131yd\u0131.","breadcrumb":{"@id":"https:\/\/www.italpassion.fr\/tr\/alfa-romeo\/voici-lalfarrari-une-alfa-romeo-equipee-dun-moteur-v8-ferrari-de-400-ch\/#breadcrumb"},"inLanguage":"tr","potentialAction":[{"@type":"ReadAction","target":["https:\/\/www.italpassion.fr\/tr\/alfa-romeo\/voici-lalfarrari-une-alfa-romeo-equipee-dun-moteur-v8-ferrari-de-400-ch\/"]}]},{"@type":"ImageObject","inLanguage":"tr","@id":"https:\/\/www.italpassion.fr\/tr\/alfa-romeo\/voici-lalfarrari-une-alfa-romeo-equipee-dun-moteur-v8-ferrari-de-400-ch\/#primaryimage","url":"https:\/\/www.italpassion.fr\/wp-content\/uploads\/2025\/09\/alfa-romeo-giulia-ferrari.jpg","contentUrl":"https:\/\/www.italpassion.fr\/wp-content\/uploads\/2025\/09\/alfa-romeo-giulia-ferrari.jpg","width":1200,"height":800},{"@type":"BreadcrumbList","@id":"https:\/\/www.italpassion.fr\/tr\/alfa-romeo\/voici-lalfarrari-une-alfa-romeo-equipee-dun-moteur-v8-ferrari-de-400-ch\/#breadcrumb","itemListElement":[{"@type":"ListItem","position":1,"name":"Accueil","item":"https:\/\/www.italpassion.fr\/tr\/"},{"@type":"ListItem","position":2,"name":"Voici l\u2019Alfarrari : une Alfa Romeo \u00e9quip\u00e9e d&rsquo;un moteur V8 Ferrari de 400 ch !"}]},{"@type":"WebSite","@id":"https:\/\/www.italpassion.fr\/tr\/#website","url":"https:\/\/www.italpassion.fr\/tr\/","name":"ItalPassion","description":"\u0130talyan Araba Merakl\u0131lar\u0131","publisher":{"@id":"https:\/\/www.italpassion.fr\/tr\/#organization"},"potentialAction":[{"@type":"SearchAction","target":{"@type":"EntryPoint","urlTemplate":"https:\/\/www.italpassion.fr\/tr\/?s={search_term_string}"},"query-input":{"@type":"PropertyValueSpecification","valueRequired":true,"valueName":"search_term_string"}}],"inLanguage":"tr"},{"@type":"Organization","@id":"https:\/\/www.italpassion.fr\/tr\/#organization","name":"Italpassion","url":"https:\/\/www.italpassion.fr\/tr\/","logo":{"@type":"ImageObject","inLanguage":"tr","@id":"https:\/\/www.italpassion.fr\/tr\/#\/schema\/logo\/image\/","url":"https:\/\/www.italpassion.fr\/wp-content\/uploads\/2023\/07\/italpassion-yoast.jpg","contentUrl":"https:\/\/www.italpassion.fr\/wp-content\/uploads\/2023\/07\/italpassion-yoast.jpg","width":696,"height":696,"caption":"Italpassion"},"image":{"@id":"https:\/\/www.italpassion.fr\/tr\/#\/schema\/logo\/image\/"},"sameAs":["https:\/\/www.facebook.com\/italpassion","https:\/\/x.com\/italpassion","https:\/\/www.instagram.com\/italpassionfr\/","https:\/\/www.youtube.com\/channel\/UCleq-ByQaA42OjhopwevRjQ","https:\/\/www.facebook.com\/italpassion.en\/","https:\/\/www.facebook.com\/italpassion.it\/","https:\/\/www.facebook.com\/italpassion.de\/","https:\/\/www.facebook.com\/italpassion.ja\/"]},{"@type":"Person","@id":"https:\/\/www.italpassion.fr\/tr\/#\/schema\/person\/efd63d72fc8007741c5836a896805b04","name":"Nicolas Anderbegani","image":{"@type":"ImageObject","inLanguage":"tr","@id":"https:\/\/www.italpassion.fr\/tr\/#\/schema\/person\/image\/","url":"https:\/\/www.italpassion.fr\/wp-content\/uploads\/2025\/05\/nicolas-anderbegani-160x160.jpg","contentUrl":"https:\/\/www.italpassion.fr\/wp-content\/uploads\/2025\/05\/nicolas-anderbegani-160x160.jpg","caption":"Nicolas Anderbegani"},"description":"Nicolas tarih ve motor sporlar\u0131 konusunda tutkuludur. Kendisi bir Alfa Romeo Giulietta kullanmaktad\u0131r ve \u0130talyan otomobillerine olan tutkusunu sizinle payla\u015fmaktan mutluluk duyacakt\u0131r.","url":"https:\/\/www.italpassion.fr\/tr\/author\/nicolas\/"}]}},"_links":{"self":[{"href":"https:\/\/www.italpassion.fr\/tr\/wp-json\/wp\/v2\/posts\/41192","targetHints":{"allow":["GET"]}}],"collection":[{"href":"https:\/\/www.italpassion.fr\/tr\/wp-json\/wp\/v2\/posts"}],"about":[{"href":"https:\/\/www.italpassion.fr\/tr\/wp-json\/wp\/v2\/types\/post"}],"author":[{"embeddable":true,"href":"https:\/\/www.italpassion.fr\/tr\/wp-json\/wp\/v2\/users\/8"}],"replies":[{"embeddable":true,"href":"https:\/\/www.italpassion.fr\/tr\/wp-json\/wp\/v2\/comments?post=41192"}],"version-history":[{"count":1,"href":"https:\/\/www.italpassion.fr\/tr\/wp-json\/wp\/v2\/posts\/41192\/revisions"}],"predecessor-version":[{"id":41202,"href":"https:\/\/www.italpassion.fr\/tr\/wp-json\/wp\/v2\/posts\/41192\/revisions\/41202"}],"wp:featuredmedia":[{"embeddable":true,"href":"https:\/\/www.italpassion.fr\/tr\/wp-json\/wp\/v2\/media\/41198"}],"wp:attachment":[{"href":"https:\/\/www.italpassion.fr\/tr\/wp-json\/wp\/v2\/media?parent=41192"}],"wp:term":[{"taxonomy":"category","embeddable":true,"href":"https:\/\/www.italpassion.fr\/tr\/wp-json\/wp\/v2\/categories?post=41192"},{"taxonomy":"post_tag","embeddable":true,"href":"https:\/\/www.italpassion.fr\/tr\/wp-json\/wp\/v2\/tags?post=41192"}],"curies":[{"name":"wp","href":"https:\/\/api.w.org\/{rel}","templated":true}]}}