{"id":39735,"date":"2025-07-09T10:19:52","date_gmt":"2025-07-09T08:19:52","guid":{"rendered":"https:\/\/www.italpassion.fr\/?p=39735"},"modified":"2025-07-09T10:19:52","modified_gmt":"2025-07-09T08:19:52","slug":"bu-ferrari-daytona-sp3-gelenegi%cc%87-bozuyor-ve-i%cc%87yi%cc%87-bi%cc%87r-amac-ugruna-satilacak","status":"publish","type":"post","link":"https:\/\/www.italpassion.fr\/tr\/ferrari\/cette-ferrari-daytona-sp3-brise-une-tradition-et-sera-vendue-pour-une-bonne-cause\/","title":{"rendered":"Bu Ferrari Daytona SP3 gelene\u011fi bozuyor ve iyi bir ama\u00e7 i\u00e7in sat\u0131lacak"},"content":{"rendered":"<figure class=\"wp-block-image size-full\"><img loading=\"lazy\" decoding=\"async\" width=\"1200\" height=\"800\" src=\"https:\/\/www.italpassion.fr\/wp-content\/uploads\/2025\/07\/ferrari-daytona-sp3-1.jpg\" alt=\"\" class=\"wp-image-39736\" srcset=\"https:\/\/www.italpassion.fr\/wp-content\/uploads\/2025\/07\/ferrari-daytona-sp3-1.jpg 1200w, https:\/\/www.italpassion.fr\/wp-content\/uploads\/2025\/07\/ferrari-daytona-sp3-1-420x280.jpg 420w, https:\/\/www.italpassion.fr\/wp-content\/uploads\/2025\/07\/ferrari-daytona-sp3-1-768x512.jpg 768w, https:\/\/www.italpassion.fr\/wp-content\/uploads\/2025\/07\/ferrari-daytona-sp3-1-18x12.jpg 18w\" sizes=\"auto, (max-width: 1200px) 100vw, 1200px\" \/><\/figure>\n\n\n\n<p><a href=\"https:\/\/www.italpassion.fr\/tr\/ferrari\/\">Ferrari<\/a> istisnai oldu\u011fu kadar nadir bulunan bir eserle bu yaza damgas\u0131n\u0131 vuruyor: <strong>'599+1' ad\u0131 alt\u0131nda sunulan, d\u00fcnyada e\u015fi benzeri olmayan bir Daytona SP3.<\/strong> Bu yeni model, ba\u015flang\u0131\u00e7ta 599 adetle s\u0131n\u0131rl\u0131 olan SP3'\u00fcn halihaz\u0131rda t\u00fckenmi\u015f olan \u00fcretim serisini tamamlayacak ve de\u011ferli bir amaca destek olmak i\u00e7in a\u00e7\u0131k art\u0131rmayla sat\u0131\u015fa sunulacak.<\/p>\n\n\n\n<h2 class=\"wp-block-heading\">Tarihe bir selam ve gelenekten bir kopu\u015f<\/h2>\n\n\n\n<p>Goodwood H\u0131z Festivali'nin arifesinde tan\u0131t\u0131lan ve prestijli Monterey Otomobil Haftas\u0131 2025'te sergilenmesi beklenen bu SP3 Tailor Made, yolda giden ba\u015fka hi\u00e7bir Ferrari'ye benzemiyor. <strong>Ve bunun iyi bir nedeni var: marka neredeyse bir as\u0131rd\u0131r ilk kez devrim niteli\u011finde grafikler kullanmaya cesaret ediyor.<\/strong> Giallo Modena rengindeki Ferrari logosu, belirgin karbon siyah\u0131n\u0131 parlak sar\u0131 ile harmanlayarak iki tonlu g\u00f6vdenin t\u00fcm uzunlu\u011fu boyunca uzan\u0131yor. Prancing Horse'un estetik kodlar\u0131n\u0131 alt \u00fcst eden bir tasar\u0131m.<\/p>\n\n\n\n<figure class=\"wp-block-image size-full\"><img loading=\"lazy\" decoding=\"async\" width=\"1200\" height=\"800\" src=\"https:\/\/www.italpassion.fr\/wp-content\/uploads\/2025\/07\/ferrari-daytona-sp3-2.jpg\" alt=\"\" class=\"wp-image-39737\" srcset=\"https:\/\/www.italpassion.fr\/wp-content\/uploads\/2025\/07\/ferrari-daytona-sp3-2.jpg 1200w, https:\/\/www.italpassion.fr\/wp-content\/uploads\/2025\/07\/ferrari-daytona-sp3-2-420x280.jpg 420w, https:\/\/www.italpassion.fr\/wp-content\/uploads\/2025\/07\/ferrari-daytona-sp3-2-768x512.jpg 768w, https:\/\/www.italpassion.fr\/wp-content\/uploads\/2025\/07\/ferrari-daytona-sp3-2-18x12.jpg 18w\" sizes=\"auto, (max-width: 1200px) 100vw, 1200px\" \/><\/figure>\n\n\n\n<p>Bu muhte\u015fem tasar\u0131m\u0131n alt\u0131nda yatan g\u00fc\u00e7 aktarma organlar\u0131 Icona serisinin saf ruhuna sad\u0131k kalmaktad\u0131r: do\u011fal aspirasyonlu 6,5 litrelik V12, 840 bg g\u00fc\u00e7, 0'dan 100 km\/s h\u0131za 2,85 sn'de ve 0'dan 200 km\/s h\u0131za 7,4 sn'de ula\u015fmaktad\u0131r. Modern kal\u0131rken 1960'lar\u0131n yar\u0131\u015f prototiplerine sayg\u0131 duru\u015funda bulunan bir s\u00fcper otomobil.<\/p>\n\n\n\n<figure class=\"wp-block-image size-full\"><img loading=\"lazy\" decoding=\"async\" width=\"1200\" height=\"800\" src=\"https:\/\/www.italpassion.fr\/wp-content\/uploads\/2025\/07\/ferrari-daytona-sp3-3.jpg\" alt=\"\" class=\"wp-image-39738\" srcset=\"https:\/\/www.italpassion.fr\/wp-content\/uploads\/2025\/07\/ferrari-daytona-sp3-3.jpg 1200w, https:\/\/www.italpassion.fr\/wp-content\/uploads\/2025\/07\/ferrari-daytona-sp3-3-420x280.jpg 420w, https:\/\/www.italpassion.fr\/wp-content\/uploads\/2025\/07\/ferrari-daytona-sp3-3-768x512.jpg 768w, https:\/\/www.italpassion.fr\/wp-content\/uploads\/2025\/07\/ferrari-daytona-sp3-3-18x12.jpg 18w\" sizes=\"auto, (max-width: 1200px) 100vw, 1200px\" \/><\/figure>\n\n\n\n<p>Ferrari i\u00e7eride de yenilikler yap\u0131yor. <strong>Kokpit, geri d\u00f6n\u00fc\u015ft\u00fcr\u00fclm\u00fc\u015f lastiklerden yap\u0131lm\u0131\u015f yenilik\u00e7i bir kuma\u015fa sahiptir,<\/strong> F1'den t\u00fcretilen karbon unsurlar ise g\u00f6sterge panelini ve direksiyon kolonunu s\u00fcsl\u00fcyor. Her ayr\u0131nt\u0131 Icona SP3 ile Maranello'nun spor miras\u0131 aras\u0131ndaki do\u011frudan ba\u011flant\u0131y\u0131 hat\u0131rlat\u0131yor.<\/p>\n\n\n\n<h2 class=\"wp-block-heading\">Ola\u011fan\u00fcst\u00fc bir yard\u0131m sat\u0131\u015f\u0131<\/h2>\n\n\n\n<p>599+1 numaras\u0131n\u0131 ta\u015f\u0131yan bu e\u015fsiz \u015fasi, RM Sotheby's taraf\u0131ndan A\u011fustos ay\u0131nda Kaliforniya'daki Monterey Otomobil Haftas\u0131'nda a\u00e7\u0131k art\u0131rmaya \u00e7\u0131kar\u0131lacak. T\u00fcm gelir e\u011fitim giri\u015fimlerine ba\u011f\u0131\u015flanacak: <strong>Amerika Birle\u015fik Devletleri'ndeki Ferrari Vakf\u0131 ve Save the Children, yang\u0131n nedeniyle harap olan Altadena'daki Aveson Charter okulunu yeniden in\u015fa etmek i\u00e7in.<\/strong><\/p>\n\n\n\n<figure class=\"wp-block-image size-full\"><img loading=\"lazy\" decoding=\"async\" width=\"1200\" height=\"800\" src=\"https:\/\/www.italpassion.fr\/wp-content\/uploads\/2025\/07\/ferrari-daytona-sp3-5.jpg\" alt=\"\" class=\"wp-image-39739\" srcset=\"https:\/\/www.italpassion.fr\/wp-content\/uploads\/2025\/07\/ferrari-daytona-sp3-5.jpg 1200w, https:\/\/www.italpassion.fr\/wp-content\/uploads\/2025\/07\/ferrari-daytona-sp3-5-420x280.jpg 420w, https:\/\/www.italpassion.fr\/wp-content\/uploads\/2025\/07\/ferrari-daytona-sp3-5-768x512.jpg 768w, https:\/\/www.italpassion.fr\/wp-content\/uploads\/2025\/07\/ferrari-daytona-sp3-5-18x12.jpg 18w\" sizes=\"auto, (max-width: 1200px) 100vw, 1200px\" \/><\/figure>","protected":false},"excerpt":{"rendered":"","protected":false},"author":1,"featured_media":39736,"comment_status":"open","ping_status":"open","sticky":false,"template":"","format":"standard","meta":{"_acf_changed":false,"_sitemap_exclude":false,"_sitemap_priority":"","_sitemap_frequency":"","footnotes":""},"categories":[23],"tags":[502],"class_list":["post-39735","post","type-post","status-publish","format-standard","has-post-thumbnail","hentry","category-ferrari","tag-ferrari-daytona-sp3","generate-columns","tablet-grid-50","mobile-grid-100","grid-parent","grid-33"],"acf":[],"yoast_head":"<!-- This site is optimized with the Yoast SEO plugin v25.8 - https:\/\/yoast.com\/wordpress\/plugins\/seo\/ -->\n<title>Cette Ferrari Daytona SP3 brise une tradition, et sera vendue pour une bonne cause - ItalPassion<\/title>\n<meta name=\"description\" content=\"Ferrari frappe fort cet \u00e9t\u00e9 avec une cr\u00e9ation aussi rare qu\u2019exceptionnelle\u202f: une Daytona SP3 unique au monde, pr\u00e9sent\u00e9e sous le nom \u00e9vocateur \u00ab\u202f599+1\u202f\u00bb.\" \/>\n<meta name=\"robots\" content=\"index, follow, max-snippet:-1, max-image-preview:large, max-video-preview:-1\" \/>\n<link rel=\"canonical\" href=\"https:\/\/www.italpassion.fr\/tr\/ferrari\/bu-ferrari-daytona-sp3-gelenegi\u0307-bozuyor-ve-i\u0307yi\u0307-bi\u0307r-amac-ugruna-satilacak\/\" \/>\n<meta property=\"og:locale\" content=\"tr_TR\" \/>\n<meta property=\"og:type\" content=\"article\" \/>\n<meta property=\"og:title\" content=\"Cette Ferrari Daytona SP3 brise une tradition, et sera vendue pour une bonne cause - ItalPassion\" \/>\n<meta property=\"og:description\" content=\"Ferrari frappe fort cet \u00e9t\u00e9 avec une cr\u00e9ation aussi rare qu\u2019exceptionnelle\u202f: une Daytona SP3 unique au monde, pr\u00e9sent\u00e9e sous le nom \u00e9vocateur \u00ab\u202f599+1\u202f\u00bb.\" \/>\n<meta property=\"og:url\" content=\"https:\/\/www.italpassion.fr\/tr\/ferrari\/bu-ferrari-daytona-sp3-gelenegi\u0307-bozuyor-ve-i\u0307yi\u0307-bi\u0307r-amac-ugruna-satilacak\/\" \/>\n<meta property=\"og:site_name\" content=\"ItalPassion\" \/>\n<meta property=\"article:publisher\" content=\"https:\/\/www.facebook.com\/italpassion\" \/>\n<meta property=\"article:published_time\" content=\"2025-07-09T08:19:52+00:00\" \/>\n<meta property=\"og:image\" content=\"https:\/\/www.italpassion.fr\/wp-content\/uploads\/2025\/07\/ferrari-daytona-sp3-1.jpg\" \/>\n\t<meta property=\"og:image:width\" content=\"1200\" \/>\n\t<meta property=\"og:image:height\" content=\"800\" \/>\n\t<meta property=\"og:image:type\" content=\"image\/jpeg\" \/>\n<meta name=\"author\" content=\"Alexandre Filluzeau\" \/>\n<meta name=\"twitter:card\" content=\"summary_large_image\" \/>\n<meta name=\"twitter:creator\" content=\"@italpassion\" \/>\n<meta name=\"twitter:site\" content=\"@italpassion\" \/>\n<script type=\"application\/ld+json\" class=\"yoast-schema-graph\">{\"@context\":\"https:\/\/schema.org\",\"@graph\":[{\"@type\":\"NewsArticle\",\"@id\":\"https:\/\/www.italpassion.fr\/tr\/ferrari\/cette-ferrari-daytona-sp3-brise-une-tradition-et-sera-vendue-pour-une-bonne-cause\/#article\",\"isPartOf\":{\"@id\":\"https:\/\/www.italpassion.fr\/tr\/ferrari\/cette-ferrari-daytona-sp3-brise-une-tradition-et-sera-vendue-pour-une-bonne-cause\/\"},\"author\":{\"name\":\"Alexandre Filluzeau\",\"@id\":\"https:\/\/www.italpassion.fr\/tr\/#\/schema\/person\/36f747b2a759ca202d847e85a9434ca0\"},\"headline\":\"Cette Ferrari Daytona SP3 brise une tradition, et sera vendue pour une bonne cause\",\"datePublished\":\"2025-07-09T08:19:52+00:00\",\"mainEntityOfPage\":{\"@id\":\"https:\/\/www.italpassion.fr\/tr\/ferrari\/cette-ferrari-daytona-sp3-brise-une-tradition-et-sera-vendue-pour-une-bonne-cause\/\"},\"wordCount\":347,\"commentCount\":0,\"publisher\":{\"@id\":\"https:\/\/www.italpassion.fr\/tr\/#organization\"},\"image\":{\"@id\":\"https:\/\/www.italpassion.fr\/tr\/ferrari\/cette-ferrari-daytona-sp3-brise-une-tradition-et-sera-vendue-pour-une-bonne-cause\/#primaryimage\"},\"thumbnailUrl\":\"https:\/\/www.italpassion.fr\/wp-content\/uploads\/2025\/07\/ferrari-daytona-sp3-1.jpg\",\"keywords\":[\"Ferrari Daytona SP3\"],\"articleSection\":[\"Ferrari\"],\"inLanguage\":\"tr\",\"potentialAction\":[{\"@type\":\"CommentAction\",\"name\":\"Comment\",\"target\":[\"https:\/\/www.italpassion.fr\/tr\/ferrari\/cette-ferrari-daytona-sp3-brise-une-tradition-et-sera-vendue-pour-une-bonne-cause\/#respond\"]}]},{\"@type\":\"WebPage\",\"@id\":\"https:\/\/www.italpassion.fr\/tr\/ferrari\/cette-ferrari-daytona-sp3-brise-une-tradition-et-sera-vendue-pour-une-bonne-cause\/\",\"url\":\"https:\/\/www.italpassion.fr\/tr\/ferrari\/cette-ferrari-daytona-sp3-brise-une-tradition-et-sera-vendue-pour-une-bonne-cause\/\",\"name\":\"Cette Ferrari Daytona SP3 brise une tradition, et sera vendue pour une bonne cause - ItalPassion\",\"isPartOf\":{\"@id\":\"https:\/\/www.italpassion.fr\/tr\/#website\"},\"primaryImageOfPage\":{\"@id\":\"https:\/\/www.italpassion.fr\/tr\/ferrari\/cette-ferrari-daytona-sp3-brise-une-tradition-et-sera-vendue-pour-une-bonne-cause\/#primaryimage\"},\"image\":{\"@id\":\"https:\/\/www.italpassion.fr\/tr\/ferrari\/cette-ferrari-daytona-sp3-brise-une-tradition-et-sera-vendue-pour-une-bonne-cause\/#primaryimage\"},\"thumbnailUrl\":\"https:\/\/www.italpassion.fr\/wp-content\/uploads\/2025\/07\/ferrari-daytona-sp3-1.jpg\",\"datePublished\":\"2025-07-09T08:19:52+00:00\",\"description\":\"Ferrari frappe fort cet \u00e9t\u00e9 avec une cr\u00e9ation aussi rare qu\u2019exceptionnelle\u202f: une Daytona SP3 unique au monde, pr\u00e9sent\u00e9e sous le nom \u00e9vocateur \u00ab\u202f599+1\u202f\u00bb.\",\"breadcrumb\":{\"@id\":\"https:\/\/www.italpassion.fr\/tr\/ferrari\/cette-ferrari-daytona-sp3-brise-une-tradition-et-sera-vendue-pour-une-bonne-cause\/#breadcrumb\"},\"inLanguage\":\"tr\",\"potentialAction\":[{\"@type\":\"ReadAction\",\"target\":[\"https:\/\/www.italpassion.fr\/tr\/ferrari\/cette-ferrari-daytona-sp3-brise-une-tradition-et-sera-vendue-pour-une-bonne-cause\/\"]}]},{\"@type\":\"ImageObject\",\"inLanguage\":\"tr\",\"@id\":\"https:\/\/www.italpassion.fr\/tr\/ferrari\/cette-ferrari-daytona-sp3-brise-une-tradition-et-sera-vendue-pour-une-bonne-cause\/#primaryimage\",\"url\":\"https:\/\/www.italpassion.fr\/wp-content\/uploads\/2025\/07\/ferrari-daytona-sp3-1.jpg\",\"contentUrl\":\"https:\/\/www.italpassion.fr\/wp-content\/uploads\/2025\/07\/ferrari-daytona-sp3-1.jpg\",\"width\":1200,\"height\":800},{\"@type\":\"BreadcrumbList\",\"@id\":\"https:\/\/www.italpassion.fr\/tr\/ferrari\/cette-ferrari-daytona-sp3-brise-une-tradition-et-sera-vendue-pour-une-bonne-cause\/#breadcrumb\",\"itemListElement\":[{\"@type\":\"ListItem\",\"position\":1,\"name\":\"Accueil\",\"item\":\"https:\/\/www.italpassion.fr\/tr\/\"},{\"@type\":\"ListItem\",\"position\":2,\"name\":\"Cette Ferrari Daytona SP3 brise une tradition, et sera vendue pour une bonne cause\"}]},{\"@type\":\"WebSite\",\"@id\":\"https:\/\/www.italpassion.fr\/tr\/#website\",\"url\":\"https:\/\/www.italpassion.fr\/tr\/\",\"name\":\"ItalPassion\",\"description\":\"Les Passionn\u00e9s d&#039;Automobiles Italiennes\",\"publisher\":{\"@id\":\"https:\/\/www.italpassion.fr\/tr\/#organization\"},\"potentialAction\":[{\"@type\":\"SearchAction\",\"target\":{\"@type\":\"EntryPoint\",\"urlTemplate\":\"https:\/\/www.italpassion.fr\/tr\/?s={search_term_string}\"},\"query-input\":{\"@type\":\"PropertyValueSpecification\",\"valueRequired\":true,\"valueName\":\"search_term_string\"}}],\"inLanguage\":\"tr\"},{\"@type\":\"Organization\",\"@id\":\"https:\/\/www.italpassion.fr\/tr\/#organization\",\"name\":\"Italpassion\",\"url\":\"https:\/\/www.italpassion.fr\/tr\/\",\"logo\":{\"@type\":\"ImageObject\",\"inLanguage\":\"tr\",\"@id\":\"https:\/\/www.italpassion.fr\/tr\/#\/schema\/logo\/image\/\",\"url\":\"https:\/\/www.italpassion.fr\/wp-content\/uploads\/2023\/07\/italpassion-yoast.jpg\",\"contentUrl\":\"https:\/\/www.italpassion.fr\/wp-content\/uploads\/2023\/07\/italpassion-yoast.jpg\",\"width\":696,\"height\":696,\"caption\":\"Italpassion\"},\"image\":{\"@id\":\"https:\/\/www.italpassion.fr\/tr\/#\/schema\/logo\/image\/\"},\"sameAs\":[\"https:\/\/www.facebook.com\/italpassion\",\"https:\/\/x.com\/italpassion\",\"https:\/\/www.instagram.com\/italpassionfr\/\",\"https:\/\/www.youtube.com\/channel\/UCleq-ByQaA42OjhopwevRjQ\",\"https:\/\/www.facebook.com\/italpassion.en\/\",\"https:\/\/www.facebook.com\/italpassion.it\/\",\"https:\/\/www.facebook.com\/italpassion.de\/\",\"https:\/\/www.facebook.com\/italpassion.ja\/\"]},{\"@type\":\"Person\",\"@id\":\"https:\/\/www.italpassion.fr\/tr\/#\/schema\/person\/36f747b2a759ca202d847e85a9434ca0\",\"name\":\"Alexandre Filluzeau\",\"image\":{\"@type\":\"ImageObject\",\"inLanguage\":\"tr\",\"@id\":\"https:\/\/www.italpassion.fr\/tr\/#\/schema\/person\/image\/\",\"url\":\"https:\/\/www.italpassion.fr\/wp-content\/uploads\/2025\/04\/avatar-alexandre-160x160.jpg\",\"contentUrl\":\"https:\/\/www.italpassion.fr\/wp-content\/uploads\/2025\/04\/avatar-alexandre-160x160.jpg\",\"caption\":\"Alexandre Filluzeau\"},\"description\":\"Fondateur du site ItalPassion, passionn\u00e9 de voitures italiennes et de l'Italie en g\u00e9n\u00e9ral. J'apporte un regard critique et technique aux actualit\u00e9s des marques italiennes quand cela est possible. Propri\u00e9taire d'une Maserati GranTurismo, Alfa Romeo MiTo, Lancia Fulvia et Ducati 695. Ex-propri\u00e9taire d'une Alfa Romeo Giulia.\",\"sameAs\":[\"https:\/\/www.italpassion.fr\/\"],\"url\":\"https:\/\/www.italpassion.fr\/tr\/author\/alexandre\/\"}]}<\/script>\n<!-- \/ Yoast SEO plugin. -->","yoast_head_json":{"title":"Bu Ferrari Daytona SP3 gelene\u011fi bozuyor ve iyi bir ama\u00e7 i\u00e7in sat\u0131lacak - ItalPassion","description":"Ferrari bu yaz, istisnai oldu\u011fu kadar nadir bir tasar\u0131mla geri d\u00f6n\u00fcyor: '599+1' ad\u0131 alt\u0131nda sunulan benzersiz bir Daytona SP3.","robots":{"index":"index","follow":"follow","max-snippet":"max-snippet:-1","max-image-preview":"max-image-preview:large","max-video-preview":"max-video-preview:-1"},"canonical":"https:\/\/www.italpassion.fr\/tr\/ferrari\/bu-ferrari-daytona-sp3-gelenegi\u0307-bozuyor-ve-i\u0307yi\u0307-bi\u0307r-amac-ugruna-satilacak\/","og_locale":"tr_TR","og_type":"article","og_title":"Cette Ferrari Daytona SP3 brise une tradition, et sera vendue pour une bonne cause - ItalPassion","og_description":"Ferrari frappe fort cet \u00e9t\u00e9 avec une cr\u00e9ation aussi rare qu\u2019exceptionnelle\u202f: une Daytona SP3 unique au monde, pr\u00e9sent\u00e9e sous le nom \u00e9vocateur \u00ab\u202f599+1\u202f\u00bb.","og_url":"https:\/\/www.italpassion.fr\/tr\/ferrari\/bu-ferrari-daytona-sp3-gelenegi\u0307-bozuyor-ve-i\u0307yi\u0307-bi\u0307r-amac-ugruna-satilacak\/","og_site_name":"ItalPassion","article_publisher":"https:\/\/www.facebook.com\/italpassion","article_published_time":"2025-07-09T08:19:52+00:00","og_image":[{"width":1200,"height":800,"url":"https:\/\/www.italpassion.fr\/wp-content\/uploads\/2025\/07\/ferrari-daytona-sp3-1.jpg","type":"image\/jpeg"}],"author":"Alexandre Filluzeau","twitter_card":"summary_large_image","twitter_creator":"@italpassion","twitter_site":"@italpassion","schema":{"@context":"https:\/\/schema.org","@graph":[{"@type":"NewsArticle","@id":"https:\/\/www.italpassion.fr\/tr\/ferrari\/cette-ferrari-daytona-sp3-brise-une-tradition-et-sera-vendue-pour-une-bonne-cause\/#article","isPartOf":{"@id":"https:\/\/www.italpassion.fr\/tr\/ferrari\/cette-ferrari-daytona-sp3-brise-une-tradition-et-sera-vendue-pour-une-bonne-cause\/"},"author":{"name":"Alexandre Filluzeau","@id":"https:\/\/www.italpassion.fr\/tr\/#\/schema\/person\/36f747b2a759ca202d847e85a9434ca0"},"headline":"Cette Ferrari Daytona SP3 brise une tradition, et sera vendue pour une bonne cause","datePublished":"2025-07-09T08:19:52+00:00","mainEntityOfPage":{"@id":"https:\/\/www.italpassion.fr\/tr\/ferrari\/cette-ferrari-daytona-sp3-brise-une-tradition-et-sera-vendue-pour-une-bonne-cause\/"},"wordCount":347,"commentCount":0,"publisher":{"@id":"https:\/\/www.italpassion.fr\/tr\/#organization"},"image":{"@id":"https:\/\/www.italpassion.fr\/tr\/ferrari\/cette-ferrari-daytona-sp3-brise-une-tradition-et-sera-vendue-pour-une-bonne-cause\/#primaryimage"},"thumbnailUrl":"https:\/\/www.italpassion.fr\/wp-content\/uploads\/2025\/07\/ferrari-daytona-sp3-1.jpg","keywords":["Ferrari Daytona SP3"],"articleSection":["Ferrari"],"inLanguage":"tr","potentialAction":[{"@type":"CommentAction","name":"Comment","target":["https:\/\/www.italpassion.fr\/tr\/ferrari\/cette-ferrari-daytona-sp3-brise-une-tradition-et-sera-vendue-pour-une-bonne-cause\/#respond"]}]},{"@type":"WebPage","@id":"https:\/\/www.italpassion.fr\/tr\/ferrari\/cette-ferrari-daytona-sp3-brise-une-tradition-et-sera-vendue-pour-une-bonne-cause\/","url":"https:\/\/www.italpassion.fr\/tr\/ferrari\/cette-ferrari-daytona-sp3-brise-une-tradition-et-sera-vendue-pour-une-bonne-cause\/","name":"Bu Ferrari Daytona SP3 gelene\u011fi bozuyor ve iyi bir ama\u00e7 i\u00e7in sat\u0131lacak - ItalPassion","isPartOf":{"@id":"https:\/\/www.italpassion.fr\/tr\/#website"},"primaryImageOfPage":{"@id":"https:\/\/www.italpassion.fr\/tr\/ferrari\/cette-ferrari-daytona-sp3-brise-une-tradition-et-sera-vendue-pour-une-bonne-cause\/#primaryimage"},"image":{"@id":"https:\/\/www.italpassion.fr\/tr\/ferrari\/cette-ferrari-daytona-sp3-brise-une-tradition-et-sera-vendue-pour-une-bonne-cause\/#primaryimage"},"thumbnailUrl":"https:\/\/www.italpassion.fr\/wp-content\/uploads\/2025\/07\/ferrari-daytona-sp3-1.jpg","datePublished":"2025-07-09T08:19:52+00:00","description":"Ferrari bu yaz, istisnai oldu\u011fu kadar nadir bir tasar\u0131mla geri d\u00f6n\u00fcyor: '599+1' ad\u0131 alt\u0131nda sunulan benzersiz bir Daytona SP3.","breadcrumb":{"@id":"https:\/\/www.italpassion.fr\/tr\/ferrari\/cette-ferrari-daytona-sp3-brise-une-tradition-et-sera-vendue-pour-une-bonne-cause\/#breadcrumb"},"inLanguage":"tr","potentialAction":[{"@type":"ReadAction","target":["https:\/\/www.italpassion.fr\/tr\/ferrari\/cette-ferrari-daytona-sp3-brise-une-tradition-et-sera-vendue-pour-une-bonne-cause\/"]}]},{"@type":"ImageObject","inLanguage":"tr","@id":"https:\/\/www.italpassion.fr\/tr\/ferrari\/cette-ferrari-daytona-sp3-brise-une-tradition-et-sera-vendue-pour-une-bonne-cause\/#primaryimage","url":"https:\/\/www.italpassion.fr\/wp-content\/uploads\/2025\/07\/ferrari-daytona-sp3-1.jpg","contentUrl":"https:\/\/www.italpassion.fr\/wp-content\/uploads\/2025\/07\/ferrari-daytona-sp3-1.jpg","width":1200,"height":800},{"@type":"BreadcrumbList","@id":"https:\/\/www.italpassion.fr\/tr\/ferrari\/cette-ferrari-daytona-sp3-brise-une-tradition-et-sera-vendue-pour-une-bonne-cause\/#breadcrumb","itemListElement":[{"@type":"ListItem","position":1,"name":"Accueil","item":"https:\/\/www.italpassion.fr\/tr\/"},{"@type":"ListItem","position":2,"name":"Cette Ferrari Daytona SP3 brise une tradition, et sera vendue pour une bonne cause"}]},{"@type":"WebSite","@id":"https:\/\/www.italpassion.fr\/tr\/#website","url":"https:\/\/www.italpassion.fr\/tr\/","name":"ItalPassion","description":"\u0130talyan Araba Merakl\u0131lar\u0131","publisher":{"@id":"https:\/\/www.italpassion.fr\/tr\/#organization"},"potentialAction":[{"@type":"SearchAction","target":{"@type":"EntryPoint","urlTemplate":"https:\/\/www.italpassion.fr\/tr\/?s={search_term_string}"},"query-input":{"@type":"PropertyValueSpecification","valueRequired":true,"valueName":"search_term_string"}}],"inLanguage":"tr"},{"@type":"Organization","@id":"https:\/\/www.italpassion.fr\/tr\/#organization","name":"Italpassion","url":"https:\/\/www.italpassion.fr\/tr\/","logo":{"@type":"ImageObject","inLanguage":"tr","@id":"https:\/\/www.italpassion.fr\/tr\/#\/schema\/logo\/image\/","url":"https:\/\/www.italpassion.fr\/wp-content\/uploads\/2023\/07\/italpassion-yoast.jpg","contentUrl":"https:\/\/www.italpassion.fr\/wp-content\/uploads\/2023\/07\/italpassion-yoast.jpg","width":696,"height":696,"caption":"Italpassion"},"image":{"@id":"https:\/\/www.italpassion.fr\/tr\/#\/schema\/logo\/image\/"},"sameAs":["https:\/\/www.facebook.com\/italpassion","https:\/\/x.com\/italpassion","https:\/\/www.instagram.com\/italpassionfr\/","https:\/\/www.youtube.com\/channel\/UCleq-ByQaA42OjhopwevRjQ","https:\/\/www.facebook.com\/italpassion.en\/","https:\/\/www.facebook.com\/italpassion.it\/","https:\/\/www.facebook.com\/italpassion.de\/","https:\/\/www.facebook.com\/italpassion.ja\/"]},{"@type":"Person","@id":"https:\/\/www.italpassion.fr\/tr\/#\/schema\/person\/36f747b2a759ca202d847e85a9434ca0","name":"Alexandre Filluzeau","image":{"@type":"ImageObject","inLanguage":"tr","@id":"https:\/\/www.italpassion.fr\/tr\/#\/schema\/person\/image\/","url":"https:\/\/www.italpassion.fr\/wp-content\/uploads\/2025\/04\/avatar-alexandre-160x160.jpg","contentUrl":"https:\/\/www.italpassion.fr\/wp-content\/uploads\/2025\/04\/avatar-alexandre-160x160.jpg","caption":"Alexandre Filluzeau"},"description":"ItalPassion web sitesinin kurucusu, \u0130talyan otomobilleri ve genel olarak \u0130talya hakk\u0131nda tutkulu. M\u00fcmk\u00fcn oldu\u011funca \u0130talyan markalar\u0131n\u0131n haberlerine ele\u015ftirel ve teknik bir g\u00f6z getiriyorum. Maserati GranTurismo, Alfa Romeo MiTo, Lancia Fulvia ve Ducati 695 sahibiyim. Alfa Romeo Giulia'n\u0131n eski sahibi.","sameAs":["https:\/\/www.italpassion.fr\/"],"url":"https:\/\/www.italpassion.fr\/tr\/author\/alexandre\/"}]}},"_links":{"self":[{"href":"https:\/\/www.italpassion.fr\/tr\/wp-json\/wp\/v2\/posts\/39735","targetHints":{"allow":["GET"]}}],"collection":[{"href":"https:\/\/www.italpassion.fr\/tr\/wp-json\/wp\/v2\/posts"}],"about":[{"href":"https:\/\/www.italpassion.fr\/tr\/wp-json\/wp\/v2\/types\/post"}],"author":[{"embeddable":true,"href":"https:\/\/www.italpassion.fr\/tr\/wp-json\/wp\/v2\/users\/1"}],"replies":[{"embeddable":true,"href":"https:\/\/www.italpassion.fr\/tr\/wp-json\/wp\/v2\/comments?post=39735"}],"version-history":[{"count":1,"href":"https:\/\/www.italpassion.fr\/tr\/wp-json\/wp\/v2\/posts\/39735\/revisions"}],"predecessor-version":[{"id":39740,"href":"https:\/\/www.italpassion.fr\/tr\/wp-json\/wp\/v2\/posts\/39735\/revisions\/39740"}],"wp:featuredmedia":[{"embeddable":true,"href":"https:\/\/www.italpassion.fr\/tr\/wp-json\/wp\/v2\/media\/39736"}],"wp:attachment":[{"href":"https:\/\/www.italpassion.fr\/tr\/wp-json\/wp\/v2\/media?parent=39735"}],"wp:term":[{"taxonomy":"category","embeddable":true,"href":"https:\/\/www.italpassion.fr\/tr\/wp-json\/wp\/v2\/categories?post=39735"},{"taxonomy":"post_tag","embeddable":true,"href":"https:\/\/www.italpassion.fr\/tr\/wp-json\/wp\/v2\/tags?post=39735"}],"curies":[{"name":"wp","href":"https:\/\/api.w.org\/{rel}","templated":true}]}}