{"id":39177,"date":"2025-07-19T09:39:46","date_gmt":"2025-07-19T07:39:46","guid":{"rendered":"https:\/\/www.italpassion.fr\/?p=39177"},"modified":"2025-07-01T10:42:57","modified_gmt":"2025-07-01T08:42:57","slug":"ferrarinin-eski-baskani-348i-boktan-bir-araba-ilan-ettiginde","status":"publish","type":"post","link":"https:\/\/www.italpassion.fr\/tr\/ferrari\/quand-lancien-president-de-ferrari-a-declare-la-348-une-voiture-de-merde\/","title":{"rendered":"Ferrari'nin eski ba\u015fkan\u0131 \"348 boktan bir araba\" dedi\u011finde!"},"content":{"rendered":"<figure class=\"wp-block-image size-full\"><img loading=\"lazy\" decoding=\"async\" width=\"1200\" height=\"800\" src=\"https:\/\/www.italpassion.fr\/wp-content\/uploads\/2025\/06\/ferrari-348.jpg\" alt=\"\" class=\"wp-image-39535\" srcset=\"https:\/\/www.italpassion.fr\/wp-content\/uploads\/2025\/06\/ferrari-348.jpg 1200w, https:\/\/www.italpassion.fr\/wp-content\/uploads\/2025\/06\/ferrari-348-420x280.jpg 420w, https:\/\/www.italpassion.fr\/wp-content\/uploads\/2025\/06\/ferrari-348-768x512.jpg 768w, https:\/\/www.italpassion.fr\/wp-content\/uploads\/2025\/06\/ferrari-348-18x12.jpg 18w\" sizes=\"auto, (max-width: 1200px) 100vw, 1200px\" \/><\/figure>\n\n\n\n<p>T\u00fcm hayranlar\u0131 <a href=\"https:\/\/www.italpassion.fr\/tr\/ferrari\/\">Ferrari<\/a> 348'i bilir. Ancak herkes, Prancing Horse markas\u0131n\u0131n eski Ba\u015fkan\u0131 Luca di Montezemolo'nun kendisi taraf\u0131ndan anlat\u0131lan olduk\u00e7a lezzetli bir anekdot ta\u015f\u0131d\u0131\u011f\u0131n\u0131 bilmiyor.<\/p>\n\n\n\n<p>Y\u0131l 1991'di, \u0130talya'daki D\u00fcnya Kupas\u0131'ndan hemen sonrayd\u0131. Etkinli\u011fin ba\u015far\u0131s\u0131ndan memnun olan Montezemolo, kendisine yepyeni sar\u0131 bir Ferrari 348 almaya karar verdi. Ancak bir g\u00fcn Roma'da arabas\u0131n\u0131 s\u00fcrerken k\u00fc\u00e7\u00fck d\u00fc\u015f\u00fcr\u00fcld\u00fc: trafik \u0131\u015f\u0131klar\u0131nda durdu\u011funda, ilk 30-40 metre boyunca siyah bir Golf GTi taraf\u0131ndan kelimenin tam anlam\u0131yla d\u00fc\u015f\u00fcr\u00fcld\u00fc. En ilgin\u00e7 yorum Volkswagen s\u00fcr\u00fcc\u00fcs\u00fc taraf\u0131ndan yap\u0131ld\u0131: \"Hey Montezemolo, bu \u00e7ok daha iyi!<\/p>\n\n\n\n<p>Y\u0131llar sonra, 2009'da g\u00f6rkemli 458 Italia'n\u0131n tan\u0131t\u0131m\u0131nda, hikayeyi bas\u0131na anlatt\u0131: \"Bunu asla unutmayaca\u011f\u0131m! Ondan sonra Ferrari'de kimseye s\u00f6ylemeden bir toplant\u0131 d\u00fczenledim. Bana gururla 348'i h\u0131zlanma konusunda 's\u0131n\u0131f\u0131n\u0131n en iyisi' olarak tan\u0131tan bir slayt g\u00f6sterdiler. Konu\u015fmalar\u0131na izin verdim ve sonra \u015f\u00f6yle dedim: '\u00c7ocuklar, \u015fans\u0131n\u0131za k\u00fcs\u00fcn, ben asl\u0131nda bu boktan araban\u0131n m\u00fc\u015fterisiyim. \u00c7ok ses \u00e7\u0131kar\u0131yor ama hi\u00e7bir yere gitmiyor!<\/p>\n\n\n\n<figure class=\"wp-block-image size-full\"><img loading=\"lazy\" decoding=\"async\" width=\"1200\" height=\"800\" src=\"https:\/\/www.italpassion.fr\/wp-content\/uploads\/2025\/06\/ferrari-348-2.jpg\" alt=\"\" class=\"wp-image-39536\" srcset=\"https:\/\/www.italpassion.fr\/wp-content\/uploads\/2025\/06\/ferrari-348-2.jpg 1200w, https:\/\/www.italpassion.fr\/wp-content\/uploads\/2025\/06\/ferrari-348-2-420x280.jpg 420w, https:\/\/www.italpassion.fr\/wp-content\/uploads\/2025\/06\/ferrari-348-2-768x512.jpg 768w, https:\/\/www.italpassion.fr\/wp-content\/uploads\/2025\/06\/ferrari-348-2-18x12.jpg 18w\" sizes=\"auto, (max-width: 1200px) 100vw, 1200px\" \/><\/figure>\n\n\n\n<p>Hatta Montezemolo, Niki Lauda'y\u0131 348'i test etmesi i\u00e7in davet etti. Avusturyal\u0131 efsanenin karar\u0131? Tamamen ayn\u0131: muhte\u015fem bir coup\u00e9, ancak bir Ferrari i\u00e7in korkun\u00e7 derecede yava\u015f.<\/p>\n\n\n\n<p>Tabii ki baz\u0131 p\u00fcristler bu hikayeye itiraz etti: Ka\u011f\u0131t \u00fczerinde 348 0'dan 100 km\/s h\u0131za 5,6 saniyede \u00e7\u0131karken, o zamanki Golf GTi 8,3 saniyede \u00e7\u0131k\u0131yordu. Haz\u0131rlanm\u0131\u015f bir Golf'e rastlamad\u0131\u011f\u0131n\u0131z s\u00fcrece, t\u00fcm d\u00fczl\u00fckte rekabet edebilece\u011fine inanmak zor. Ancak bunun bir \u00f6nemi yok: \u00f6nemli olan bu c\u00fcmlenin k\u00fclt bir ifade haline gelmesi ve Montezemolo'nun gelir gelmez Ferrari'de yeniden tesis etmek istedi\u011fi y\u00fcksek standartlar\u0131 tek ba\u015f\u0131na sembolize etmesi.<\/p>\n\n\n\n<p>Bununla birlikte, Ferrari 348 \u00f6nemli bir otomobil olmaya devam ediyor: Enzo d\u00f6neminde \u00fcretilen son Ferrari, yerini \u00e7ok daha keskin 355'e b\u0131rakmadan \u00f6nce 1989 ve 1994 y\u0131llar\u0131 aras\u0131nda yakla\u015f\u0131k 9.000 adet \u00fcretildi.<\/p>\n\n\n\n<figure class=\"wp-block-image size-full\"><img loading=\"lazy\" decoding=\"async\" width=\"1200\" height=\"800\" src=\"https:\/\/www.italpassion.fr\/wp-content\/uploads\/2025\/06\/ferrari-348-3.jpg\" alt=\"\" class=\"wp-image-39537\" srcset=\"https:\/\/www.italpassion.fr\/wp-content\/uploads\/2025\/06\/ferrari-348-3.jpg 1200w, https:\/\/www.italpassion.fr\/wp-content\/uploads\/2025\/06\/ferrari-348-3-420x280.jpg 420w, https:\/\/www.italpassion.fr\/wp-content\/uploads\/2025\/06\/ferrari-348-3-768x512.jpg 768w, https:\/\/www.italpassion.fr\/wp-content\/uploads\/2025\/06\/ferrari-348-3-18x12.jpg 18w\" sizes=\"auto, (max-width: 1200px) 100vw, 1200px\" \/><\/figure>","protected":false},"excerpt":{"rendered":"","protected":false},"author":1,"featured_media":39535,"comment_status":"open","ping_status":"open","sticky":false,"template":"","format":"standard","meta":{"_acf_changed":false,"_sitemap_exclude":false,"_sitemap_priority":"","_sitemap_frequency":"","footnotes":""},"categories":[23],"tags":[443],"class_list":["post-39177","post","type-post","status-publish","format-standard","has-post-thumbnail","hentry","category-ferrari","tag-ferrari-348","generate-columns","tablet-grid-50","mobile-grid-100","grid-parent","grid-33"],"acf":[],"yoast_head":"<!-- This site is optimized with the Yoast SEO plugin v25.8 - https:\/\/yoast.com\/wordpress\/plugins\/seo\/ -->\n<title>Quand l&#039;ancien pr\u00e9sident de Ferrari \u00e0 d\u00e9clar\u00e9 : &quot;la 348, une voiture de merde&quot; ! - ItalPassion<\/title>\n<meta name=\"description\" content=\"Tout passionn\u00e9 de Ferrari conna\u00eet la 348. Mais tout le monde ne sait pas qu\u2019elle tra\u00eene derri\u00e8re elle une anecdote plut\u00f4t savoureuse, racont\u00e9e par Luca di\" \/>\n<meta name=\"robots\" content=\"index, follow, max-snippet:-1, max-image-preview:large, max-video-preview:-1\" \/>\n<link rel=\"canonical\" href=\"https:\/\/www.italpassion.fr\/tr\/ferrari\/ferrarinin-eski-baskani-348i-boktan-bir-araba-ilan-ettiginde\/\" \/>\n<meta property=\"og:locale\" content=\"tr_TR\" \/>\n<meta property=\"og:type\" content=\"article\" \/>\n<meta property=\"og:title\" content=\"Quand l&#039;ancien pr\u00e9sident de Ferrari \u00e0 d\u00e9clar\u00e9 : &quot;la 348, une voiture de merde&quot; ! - ItalPassion\" \/>\n<meta property=\"og:description\" content=\"Tout passionn\u00e9 de Ferrari conna\u00eet la 348. Mais tout le monde ne sait pas qu\u2019elle tra\u00eene derri\u00e8re elle une anecdote plut\u00f4t savoureuse, racont\u00e9e par Luca di\" \/>\n<meta property=\"og:url\" content=\"https:\/\/www.italpassion.fr\/tr\/ferrari\/ferrarinin-eski-baskani-348i-boktan-bir-araba-ilan-ettiginde\/\" \/>\n<meta property=\"og:site_name\" content=\"ItalPassion\" \/>\n<meta property=\"article:publisher\" content=\"https:\/\/www.facebook.com\/italpassion\" \/>\n<meta property=\"article:published_time\" content=\"2025-07-19T07:39:46+00:00\" \/>\n<meta property=\"og:image\" content=\"https:\/\/www.italpassion.fr\/wp-content\/uploads\/2025\/06\/ferrari-348.jpg\" \/>\n\t<meta property=\"og:image:width\" content=\"1200\" \/>\n\t<meta property=\"og:image:height\" content=\"800\" \/>\n\t<meta property=\"og:image:type\" content=\"image\/jpeg\" \/>\n<meta name=\"author\" content=\"Alexandre Filluzeau\" \/>\n<meta name=\"twitter:card\" content=\"summary_large_image\" \/>\n<meta name=\"twitter:creator\" content=\"@italpassion\" \/>\n<meta name=\"twitter:site\" content=\"@italpassion\" \/>\n<script type=\"application\/ld+json\" class=\"yoast-schema-graph\">{\"@context\":\"https:\/\/schema.org\",\"@graph\":[{\"@type\":\"NewsArticle\",\"@id\":\"https:\/\/www.italpassion.fr\/tr\/ferrari\/quand-lancien-president-de-ferrari-a-declare-la-348-une-voiture-de-merde\/#article\",\"isPartOf\":{\"@id\":\"https:\/\/www.italpassion.fr\/tr\/ferrari\/quand-lancien-president-de-ferrari-a-declare-la-348-une-voiture-de-merde\/\"},\"author\":{\"name\":\"Alexandre Filluzeau\",\"@id\":\"https:\/\/www.italpassion.fr\/tr\/#\/schema\/person\/36f747b2a759ca202d847e85a9434ca0\"},\"headline\":\"Quand l&rsquo;ancien pr\u00e9sident de Ferrari \u00e0 d\u00e9clar\u00e9 : \u00ab\u00a0la 348, une voiture de merde\u00a0\u00bb !\",\"datePublished\":\"2025-07-19T07:39:46+00:00\",\"mainEntityOfPage\":{\"@id\":\"https:\/\/www.italpassion.fr\/tr\/ferrari\/quand-lancien-president-de-ferrari-a-declare-la-348-une-voiture-de-merde\/\"},\"wordCount\":387,\"commentCount\":2,\"publisher\":{\"@id\":\"https:\/\/www.italpassion.fr\/tr\/#organization\"},\"image\":{\"@id\":\"https:\/\/www.italpassion.fr\/tr\/ferrari\/quand-lancien-president-de-ferrari-a-declare-la-348-une-voiture-de-merde\/#primaryimage\"},\"thumbnailUrl\":\"https:\/\/www.italpassion.fr\/wp-content\/uploads\/2025\/06\/ferrari-348.jpg\",\"keywords\":[\"Ferrari 348\"],\"articleSection\":[\"Ferrari\"],\"inLanguage\":\"tr\",\"potentialAction\":[{\"@type\":\"CommentAction\",\"name\":\"Comment\",\"target\":[\"https:\/\/www.italpassion.fr\/tr\/ferrari\/quand-lancien-president-de-ferrari-a-declare-la-348-une-voiture-de-merde\/#respond\"]}]},{\"@type\":\"WebPage\",\"@id\":\"https:\/\/www.italpassion.fr\/tr\/ferrari\/quand-lancien-president-de-ferrari-a-declare-la-348-une-voiture-de-merde\/\",\"url\":\"https:\/\/www.italpassion.fr\/tr\/ferrari\/quand-lancien-president-de-ferrari-a-declare-la-348-une-voiture-de-merde\/\",\"name\":\"Quand l'ancien pr\u00e9sident de Ferrari \u00e0 d\u00e9clar\u00e9 : \\\"la 348, une voiture de merde\\\" ! - ItalPassion\",\"isPartOf\":{\"@id\":\"https:\/\/www.italpassion.fr\/tr\/#website\"},\"primaryImageOfPage\":{\"@id\":\"https:\/\/www.italpassion.fr\/tr\/ferrari\/quand-lancien-president-de-ferrari-a-declare-la-348-une-voiture-de-merde\/#primaryimage\"},\"image\":{\"@id\":\"https:\/\/www.italpassion.fr\/tr\/ferrari\/quand-lancien-president-de-ferrari-a-declare-la-348-une-voiture-de-merde\/#primaryimage\"},\"thumbnailUrl\":\"https:\/\/www.italpassion.fr\/wp-content\/uploads\/2025\/06\/ferrari-348.jpg\",\"datePublished\":\"2025-07-19T07:39:46+00:00\",\"description\":\"Tout passionn\u00e9 de Ferrari conna\u00eet la 348. Mais tout le monde ne sait pas qu\u2019elle tra\u00eene derri\u00e8re elle une anecdote plut\u00f4t savoureuse, racont\u00e9e par Luca di\",\"breadcrumb\":{\"@id\":\"https:\/\/www.italpassion.fr\/tr\/ferrari\/quand-lancien-president-de-ferrari-a-declare-la-348-une-voiture-de-merde\/#breadcrumb\"},\"inLanguage\":\"tr\",\"potentialAction\":[{\"@type\":\"ReadAction\",\"target\":[\"https:\/\/www.italpassion.fr\/tr\/ferrari\/quand-lancien-president-de-ferrari-a-declare-la-348-une-voiture-de-merde\/\"]}]},{\"@type\":\"ImageObject\",\"inLanguage\":\"tr\",\"@id\":\"https:\/\/www.italpassion.fr\/tr\/ferrari\/quand-lancien-president-de-ferrari-a-declare-la-348-une-voiture-de-merde\/#primaryimage\",\"url\":\"https:\/\/www.italpassion.fr\/wp-content\/uploads\/2025\/06\/ferrari-348.jpg\",\"contentUrl\":\"https:\/\/www.italpassion.fr\/wp-content\/uploads\/2025\/06\/ferrari-348.jpg\",\"width\":1200,\"height\":800},{\"@type\":\"BreadcrumbList\",\"@id\":\"https:\/\/www.italpassion.fr\/tr\/ferrari\/quand-lancien-president-de-ferrari-a-declare-la-348-une-voiture-de-merde\/#breadcrumb\",\"itemListElement\":[{\"@type\":\"ListItem\",\"position\":1,\"name\":\"Accueil\",\"item\":\"https:\/\/www.italpassion.fr\/tr\/\"},{\"@type\":\"ListItem\",\"position\":2,\"name\":\"Quand l&rsquo;ancien pr\u00e9sident de Ferrari \u00e0 d\u00e9clar\u00e9 : \u00ab\u00a0la 348, une voiture de merde\u00a0\u00bb !\"}]},{\"@type\":\"WebSite\",\"@id\":\"https:\/\/www.italpassion.fr\/tr\/#website\",\"url\":\"https:\/\/www.italpassion.fr\/tr\/\",\"name\":\"ItalPassion\",\"description\":\"Les Passionn\u00e9s d&#039;Automobiles Italiennes\",\"publisher\":{\"@id\":\"https:\/\/www.italpassion.fr\/tr\/#organization\"},\"potentialAction\":[{\"@type\":\"SearchAction\",\"target\":{\"@type\":\"EntryPoint\",\"urlTemplate\":\"https:\/\/www.italpassion.fr\/tr\/?s={search_term_string}\"},\"query-input\":{\"@type\":\"PropertyValueSpecification\",\"valueRequired\":true,\"valueName\":\"search_term_string\"}}],\"inLanguage\":\"tr\"},{\"@type\":\"Organization\",\"@id\":\"https:\/\/www.italpassion.fr\/tr\/#organization\",\"name\":\"Italpassion\",\"url\":\"https:\/\/www.italpassion.fr\/tr\/\",\"logo\":{\"@type\":\"ImageObject\",\"inLanguage\":\"tr\",\"@id\":\"https:\/\/www.italpassion.fr\/tr\/#\/schema\/logo\/image\/\",\"url\":\"https:\/\/www.italpassion.fr\/wp-content\/uploads\/2023\/07\/italpassion-yoast.jpg\",\"contentUrl\":\"https:\/\/www.italpassion.fr\/wp-content\/uploads\/2023\/07\/italpassion-yoast.jpg\",\"width\":696,\"height\":696,\"caption\":\"Italpassion\"},\"image\":{\"@id\":\"https:\/\/www.italpassion.fr\/tr\/#\/schema\/logo\/image\/\"},\"sameAs\":[\"https:\/\/www.facebook.com\/italpassion\",\"https:\/\/x.com\/italpassion\",\"https:\/\/www.instagram.com\/italpassionfr\/\",\"https:\/\/www.youtube.com\/channel\/UCleq-ByQaA42OjhopwevRjQ\",\"https:\/\/www.facebook.com\/italpassion.en\/\",\"https:\/\/www.facebook.com\/italpassion.it\/\",\"https:\/\/www.facebook.com\/italpassion.de\/\",\"https:\/\/www.facebook.com\/italpassion.ja\/\"]},{\"@type\":\"Person\",\"@id\":\"https:\/\/www.italpassion.fr\/tr\/#\/schema\/person\/36f747b2a759ca202d847e85a9434ca0\",\"name\":\"Alexandre Filluzeau\",\"image\":{\"@type\":\"ImageObject\",\"inLanguage\":\"tr\",\"@id\":\"https:\/\/www.italpassion.fr\/tr\/#\/schema\/person\/image\/\",\"url\":\"https:\/\/www.italpassion.fr\/wp-content\/uploads\/2025\/04\/avatar-alexandre-160x160.jpg\",\"contentUrl\":\"https:\/\/www.italpassion.fr\/wp-content\/uploads\/2025\/04\/avatar-alexandre-160x160.jpg\",\"caption\":\"Alexandre Filluzeau\"},\"description\":\"Fondateur du site ItalPassion, passionn\u00e9 de voitures italiennes et de l'Italie en g\u00e9n\u00e9ral. J'apporte un regard critique et technique aux actualit\u00e9s des marques italiennes quand cela est possible. Propri\u00e9taire d'une Maserati GranTurismo, Alfa Romeo MiTo, Lancia Fulvia et Ducati 695. Ex-propri\u00e9taire d'une Alfa Romeo Giulia.\",\"sameAs\":[\"https:\/\/www.italpassion.fr\/\"],\"url\":\"https:\/\/www.italpassion.fr\/tr\/author\/alexandre\/\"}]}<\/script>\n<!-- \/ Yoast SEO plugin. -->","yoast_head_json":{"title":"Ferrari'nin eski ba\u015fkan\u0131: \"348 boktan bir araba\" dedi\u011finde! - ItalPassion","description":"Her Ferrari tutkunu 348'i bilir. Ancak herkes onun arkas\u0131nda Luca di taraf\u0131ndan anlat\u0131lan olduk\u00e7a lezzetli bir anekdot ta\u015f\u0131d\u0131\u011f\u0131n\u0131 bilmez","robots":{"index":"index","follow":"follow","max-snippet":"max-snippet:-1","max-image-preview":"max-image-preview:large","max-video-preview":"max-video-preview:-1"},"canonical":"https:\/\/www.italpassion.fr\/tr\/ferrari\/ferrarinin-eski-baskani-348i-boktan-bir-araba-ilan-ettiginde\/","og_locale":"tr_TR","og_type":"article","og_title":"Quand l'ancien pr\u00e9sident de Ferrari \u00e0 d\u00e9clar\u00e9 : \"la 348, une voiture de merde\" ! - ItalPassion","og_description":"Tout passionn\u00e9 de Ferrari conna\u00eet la 348. Mais tout le monde ne sait pas qu\u2019elle tra\u00eene derri\u00e8re elle une anecdote plut\u00f4t savoureuse, racont\u00e9e par Luca di","og_url":"https:\/\/www.italpassion.fr\/tr\/ferrari\/ferrarinin-eski-baskani-348i-boktan-bir-araba-ilan-ettiginde\/","og_site_name":"ItalPassion","article_publisher":"https:\/\/www.facebook.com\/italpassion","article_published_time":"2025-07-19T07:39:46+00:00","og_image":[{"width":1200,"height":800,"url":"https:\/\/www.italpassion.fr\/wp-content\/uploads\/2025\/06\/ferrari-348.jpg","type":"image\/jpeg"}],"author":"Alexandre Filluzeau","twitter_card":"summary_large_image","twitter_creator":"@italpassion","twitter_site":"@italpassion","schema":{"@context":"https:\/\/schema.org","@graph":[{"@type":"NewsArticle","@id":"https:\/\/www.italpassion.fr\/tr\/ferrari\/quand-lancien-president-de-ferrari-a-declare-la-348-une-voiture-de-merde\/#article","isPartOf":{"@id":"https:\/\/www.italpassion.fr\/tr\/ferrari\/quand-lancien-president-de-ferrari-a-declare-la-348-une-voiture-de-merde\/"},"author":{"name":"Alexandre Filluzeau","@id":"https:\/\/www.italpassion.fr\/tr\/#\/schema\/person\/36f747b2a759ca202d847e85a9434ca0"},"headline":"Quand l&rsquo;ancien pr\u00e9sident de Ferrari \u00e0 d\u00e9clar\u00e9 : \u00ab\u00a0la 348, une voiture de merde\u00a0\u00bb !","datePublished":"2025-07-19T07:39:46+00:00","mainEntityOfPage":{"@id":"https:\/\/www.italpassion.fr\/tr\/ferrari\/quand-lancien-president-de-ferrari-a-declare-la-348-une-voiture-de-merde\/"},"wordCount":387,"commentCount":2,"publisher":{"@id":"https:\/\/www.italpassion.fr\/tr\/#organization"},"image":{"@id":"https:\/\/www.italpassion.fr\/tr\/ferrari\/quand-lancien-president-de-ferrari-a-declare-la-348-une-voiture-de-merde\/#primaryimage"},"thumbnailUrl":"https:\/\/www.italpassion.fr\/wp-content\/uploads\/2025\/06\/ferrari-348.jpg","keywords":["Ferrari 348"],"articleSection":["Ferrari"],"inLanguage":"tr","potentialAction":[{"@type":"CommentAction","name":"Comment","target":["https:\/\/www.italpassion.fr\/tr\/ferrari\/quand-lancien-president-de-ferrari-a-declare-la-348-une-voiture-de-merde\/#respond"]}]},{"@type":"WebPage","@id":"https:\/\/www.italpassion.fr\/tr\/ferrari\/quand-lancien-president-de-ferrari-a-declare-la-348-une-voiture-de-merde\/","url":"https:\/\/www.italpassion.fr\/tr\/ferrari\/quand-lancien-president-de-ferrari-a-declare-la-348-une-voiture-de-merde\/","name":"Ferrari'nin eski ba\u015fkan\u0131: \"348 boktan bir araba\" dedi\u011finde! - ItalPassion","isPartOf":{"@id":"https:\/\/www.italpassion.fr\/tr\/#website"},"primaryImageOfPage":{"@id":"https:\/\/www.italpassion.fr\/tr\/ferrari\/quand-lancien-president-de-ferrari-a-declare-la-348-une-voiture-de-merde\/#primaryimage"},"image":{"@id":"https:\/\/www.italpassion.fr\/tr\/ferrari\/quand-lancien-president-de-ferrari-a-declare-la-348-une-voiture-de-merde\/#primaryimage"},"thumbnailUrl":"https:\/\/www.italpassion.fr\/wp-content\/uploads\/2025\/06\/ferrari-348.jpg","datePublished":"2025-07-19T07:39:46+00:00","description":"Her Ferrari tutkunu 348'i bilir. Ancak herkes onun arkas\u0131nda Luca di taraf\u0131ndan anlat\u0131lan olduk\u00e7a lezzetli bir anekdot ta\u015f\u0131d\u0131\u011f\u0131n\u0131 bilmez","breadcrumb":{"@id":"https:\/\/www.italpassion.fr\/tr\/ferrari\/quand-lancien-president-de-ferrari-a-declare-la-348-une-voiture-de-merde\/#breadcrumb"},"inLanguage":"tr","potentialAction":[{"@type":"ReadAction","target":["https:\/\/www.italpassion.fr\/tr\/ferrari\/quand-lancien-president-de-ferrari-a-declare-la-348-une-voiture-de-merde\/"]}]},{"@type":"ImageObject","inLanguage":"tr","@id":"https:\/\/www.italpassion.fr\/tr\/ferrari\/quand-lancien-president-de-ferrari-a-declare-la-348-une-voiture-de-merde\/#primaryimage","url":"https:\/\/www.italpassion.fr\/wp-content\/uploads\/2025\/06\/ferrari-348.jpg","contentUrl":"https:\/\/www.italpassion.fr\/wp-content\/uploads\/2025\/06\/ferrari-348.jpg","width":1200,"height":800},{"@type":"BreadcrumbList","@id":"https:\/\/www.italpassion.fr\/tr\/ferrari\/quand-lancien-president-de-ferrari-a-declare-la-348-une-voiture-de-merde\/#breadcrumb","itemListElement":[{"@type":"ListItem","position":1,"name":"Accueil","item":"https:\/\/www.italpassion.fr\/tr\/"},{"@type":"ListItem","position":2,"name":"Quand l&rsquo;ancien pr\u00e9sident de Ferrari \u00e0 d\u00e9clar\u00e9 : \u00ab\u00a0la 348, une voiture de merde\u00a0\u00bb !"}]},{"@type":"WebSite","@id":"https:\/\/www.italpassion.fr\/tr\/#website","url":"https:\/\/www.italpassion.fr\/tr\/","name":"ItalPassion","description":"\u0130talyan Araba Merakl\u0131lar\u0131","publisher":{"@id":"https:\/\/www.italpassion.fr\/tr\/#organization"},"potentialAction":[{"@type":"SearchAction","target":{"@type":"EntryPoint","urlTemplate":"https:\/\/www.italpassion.fr\/tr\/?s={search_term_string}"},"query-input":{"@type":"PropertyValueSpecification","valueRequired":true,"valueName":"search_term_string"}}],"inLanguage":"tr"},{"@type":"Organization","@id":"https:\/\/www.italpassion.fr\/tr\/#organization","name":"Italpassion","url":"https:\/\/www.italpassion.fr\/tr\/","logo":{"@type":"ImageObject","inLanguage":"tr","@id":"https:\/\/www.italpassion.fr\/tr\/#\/schema\/logo\/image\/","url":"https:\/\/www.italpassion.fr\/wp-content\/uploads\/2023\/07\/italpassion-yoast.jpg","contentUrl":"https:\/\/www.italpassion.fr\/wp-content\/uploads\/2023\/07\/italpassion-yoast.jpg","width":696,"height":696,"caption":"Italpassion"},"image":{"@id":"https:\/\/www.italpassion.fr\/tr\/#\/schema\/logo\/image\/"},"sameAs":["https:\/\/www.facebook.com\/italpassion","https:\/\/x.com\/italpassion","https:\/\/www.instagram.com\/italpassionfr\/","https:\/\/www.youtube.com\/channel\/UCleq-ByQaA42OjhopwevRjQ","https:\/\/www.facebook.com\/italpassion.en\/","https:\/\/www.facebook.com\/italpassion.it\/","https:\/\/www.facebook.com\/italpassion.de\/","https:\/\/www.facebook.com\/italpassion.ja\/"]},{"@type":"Person","@id":"https:\/\/www.italpassion.fr\/tr\/#\/schema\/person\/36f747b2a759ca202d847e85a9434ca0","name":"Alexandre Filluzeau","image":{"@type":"ImageObject","inLanguage":"tr","@id":"https:\/\/www.italpassion.fr\/tr\/#\/schema\/person\/image\/","url":"https:\/\/www.italpassion.fr\/wp-content\/uploads\/2025\/04\/avatar-alexandre-160x160.jpg","contentUrl":"https:\/\/www.italpassion.fr\/wp-content\/uploads\/2025\/04\/avatar-alexandre-160x160.jpg","caption":"Alexandre Filluzeau"},"description":"ItalPassion web sitesinin kurucusu, \u0130talyan otomobilleri ve genel olarak \u0130talya hakk\u0131nda tutkulu. M\u00fcmk\u00fcn oldu\u011funca \u0130talyan markalar\u0131n\u0131n haberlerine ele\u015ftirel ve teknik bir g\u00f6z getiriyorum. Maserati GranTurismo, Alfa Romeo MiTo, Lancia Fulvia ve Ducati 695 sahibiyim. Alfa Romeo Giulia'n\u0131n eski sahibi.","sameAs":["https:\/\/www.italpassion.fr\/"],"url":"https:\/\/www.italpassion.fr\/tr\/author\/alexandre\/"}]}},"_links":{"self":[{"href":"https:\/\/www.italpassion.fr\/tr\/wp-json\/wp\/v2\/posts\/39177","targetHints":{"allow":["GET"]}}],"collection":[{"href":"https:\/\/www.italpassion.fr\/tr\/wp-json\/wp\/v2\/posts"}],"about":[{"href":"https:\/\/www.italpassion.fr\/tr\/wp-json\/wp\/v2\/types\/post"}],"author":[{"embeddable":true,"href":"https:\/\/www.italpassion.fr\/tr\/wp-json\/wp\/v2\/users\/1"}],"replies":[{"embeddable":true,"href":"https:\/\/www.italpassion.fr\/tr\/wp-json\/wp\/v2\/comments?post=39177"}],"version-history":[{"count":3,"href":"https:\/\/www.italpassion.fr\/tr\/wp-json\/wp\/v2\/posts\/39177\/revisions"}],"predecessor-version":[{"id":39917,"href":"https:\/\/www.italpassion.fr\/tr\/wp-json\/wp\/v2\/posts\/39177\/revisions\/39917"}],"wp:featuredmedia":[{"embeddable":true,"href":"https:\/\/www.italpassion.fr\/tr\/wp-json\/wp\/v2\/media\/39535"}],"wp:attachment":[{"href":"https:\/\/www.italpassion.fr\/tr\/wp-json\/wp\/v2\/media?parent=39177"}],"wp:term":[{"taxonomy":"category","embeddable":true,"href":"https:\/\/www.italpassion.fr\/tr\/wp-json\/wp\/v2\/categories?post=39177"},{"taxonomy":"post_tag","embeddable":true,"href":"https:\/\/www.italpassion.fr\/tr\/wp-json\/wp\/v2\/tags?post=39177"}],"curies":[{"name":"wp","href":"https:\/\/api.w.org\/{rel}","templated":true}]}}