{"id":38697,"date":"2025-05-26T14:29:33","date_gmt":"2025-05-26T12:29:33","guid":{"rendered":"https:\/\/www.italpassion.fr\/?p=38697"},"modified":"2025-05-26T14:29:33","modified_gmt":"2025-05-26T12:29:33","slug":"piyasadaki-en-ucuz-ferrari-360i-satin-alir-iyi-bir-plan-mi-yoksa-bir-yil-sonra-bilancosunu-yaldizli-bir-tuzak-mi","status":"publish","type":"post","link":"https:\/\/www.italpassion.fr\/tr\/ferrari\/il-achete-la-ferrari-360-la-moins-chere-du-marche-bon-plan-ou-piege-dore-son-bilan-un-an-apres\/","title":{"rendered":"Piyasadaki en ucuz Ferrari 360'\u0131 sat\u0131n al\u0131yor: iyi bir anla\u015fma m\u0131 yoksa alt\u0131n tuzak m\u0131? Bir y\u0131l sonra"},"content":{"rendered":"<figure class=\"wp-block-image size-full\"><img loading=\"lazy\" decoding=\"async\" width=\"1200\" height=\"800\" src=\"https:\/\/www.italpassion.fr\/wp-content\/uploads\/2025\/05\/ferrari-360-modena-grise.jpg\" alt=\"\" class=\"wp-image-38700\" srcset=\"https:\/\/www.italpassion.fr\/wp-content\/uploads\/2025\/05\/ferrari-360-modena-grise.jpg 1200w, https:\/\/www.italpassion.fr\/wp-content\/uploads\/2025\/05\/ferrari-360-modena-grise-420x280.jpg 420w, https:\/\/www.italpassion.fr\/wp-content\/uploads\/2025\/05\/ferrari-360-modena-grise-768x512.jpg 768w, https:\/\/www.italpassion.fr\/wp-content\/uploads\/2025\/05\/ferrari-360-modena-grise-18x12.jpg 18w\" sizes=\"auto, (max-width: 1200px) 100vw, 1200px\" \/><\/figure>\n\n\n\n<p><strong>2024 y\u0131l\u0131nda Amerikal\u0131 YouTuber Vin_Tra, sadece 47.000 $ kar\u015f\u0131l\u0131\u011f\u0131nda bir Ferrari 360 Modena sat\u0131n alarak videosunda sansasyon yaratt\u0131, <\/strong>Muhtemelen o zamanlar Kuzey Amerika pazar\u0131n\u0131n en ucuzuydu. Bir y\u0131l sonra, bu \u00e7\u0131lg\u0131n kumar\u0131n durumu nedir? \u0130\u015fte e\u015fi benzeri olmayan bir projenin tam incelemesi.<\/p>\n\n\n\n<h2 class=\"wp-block-heading\">Riskli ama sorumlu bir sat\u0131n alma<\/h2>\n\n\n\n<p>Ferrari bayili\u011fi yok, sat\u0131n alma \u00f6ncesi inceleme yok. <strong>Vin_Tra i\u00e7g\u00fcd\u00fclerine g\u00fcvendi ve bu 1999 model Ferrari'yi evine g\u00f6t\u00fcrd\u00fc,<\/strong> Robotize \u015fanz\u0131manl\u0131 F1 versiyonu, daha az pop\u00fcler bir konfig\u00fcrasyonda: 'b\u00fcy\u00fckbaba' rengi ve yorgun 'Crema' i\u00e7 mekan. \u0130lk y\u0131kamadan itibaren karar verilmi\u015fti: yeni boya, opak farlar, solmu\u015f i\u00e7 mekan, b\u00fcz\u00fc\u015fen deri, sarkan d\u00f6\u015feme... ama sorunsuz \u00e7al\u0131\u015fan bir motor ve k\u00fcm\u00fclatif faturalarda 220.000 $'yi a\u015fan etkileyici bak\u0131m kay\u0131tlar\u0131 (1999'dan 2024'e kadar).<\/p>\n\n\n\n<figure class=\"wp-block-embed is-type-video is-provider-youtube wp-block-embed-youtube wp-embed-aspect-16-9 wp-has-aspect-ratio\"><div class=\"wp-block-embed__wrapper\">\n<iframe loading=\"lazy\" title=\"D\u00dcNYANIN EN UCUZ FERRARI\u0307 360&#039;I I\u0307NCELENI\u0307YOR- NE KADAR K\u00d6T\u00dc?\" width=\"1200\" height=\"675\" src=\"https:\/\/www.youtube-nocookie.com\/embed\/EK4pb0_5XuI?feature=oembed\" frameborder=\"0\" allow=\"accelerometer; autoplay; clipboard-write; encrypted-media; gyroscope; picture-in-picture; web-share\" referrerpolicy=\"strict-origin-when-cross-origin\" allowfullscreen><\/iframe>\n<\/div><\/figure>\n\n\n\n<h2 class=\"wp-block-heading\">Ama\u00e7: bunu g\u00fcnl\u00fck hale getirmek<\/h2>\n\n\n\n<p><strong>Her \u015feye ra\u011fmen, 360 onun her g\u00fcn\u00fc oldu. <\/strong>Bir y\u0131l i\u00e7inde 12.000 milden (19.000 km) fazla yol kat etti, yol gezilerine \u00e7\u0131kard\u0131, Pikes Peak'e g\u00f6t\u00fcrd\u00fc, pistte itti ve ona ikinci bir mekanik ve estetik hayat verdi.<\/p>\n\n\n\n<figure class=\"wp-block-image size-full\"><img loading=\"lazy\" decoding=\"async\" width=\"1200\" height=\"800\" src=\"https:\/\/www.italpassion.fr\/wp-content\/uploads\/2025\/05\/ferrari-360-grise-2.jpg\" alt=\"\" class=\"wp-image-38701\" srcset=\"https:\/\/www.italpassion.fr\/wp-content\/uploads\/2025\/05\/ferrari-360-grise-2.jpg 1200w, https:\/\/www.italpassion.fr\/wp-content\/uploads\/2025\/05\/ferrari-360-grise-2-420x280.jpg 420w, https:\/\/www.italpassion.fr\/wp-content\/uploads\/2025\/05\/ferrari-360-grise-2-768x512.jpg 768w, https:\/\/www.italpassion.fr\/wp-content\/uploads\/2025\/05\/ferrari-360-grise-2-18x12.jpg 18w\" sizes=\"auto, (max-width: 1200px) 100vw, 1200px\" \/><\/figure>\n\n\n\n<p><strong>\u00d6nemli de\u011fi\u015fiklikler \u015funlard\u0131r<\/strong><\/p>\n\n\n\n<ul class=\"wp-block-list\">\n<li>6 vitesli manuel \u015fanz\u0131man d\u00f6n\u00fc\u015f\u00fcm\u00fc<\/li>\n\n\n\n<li>Yeni Inconel egzoz sistemi<\/li>\n\n\n\n<li>\u00d6n kald\u0131rmal\u0131 Nitron R3 s\u00fcspansiyon<\/li>\n\n\n\n<li>Nissan 240SX'ten modifiye edilmi\u015f BBS jantlar<\/li>\n\n\n\n<li>Tamamen renkli siyah i\u00e7 mekan<\/li>\n\n\n\n<li>JurroDisc diskler ile optimize edilmi\u015f frenleme<\/li>\n<\/ul>\n\n\n\n<p><strong>Sonu\u00e7 mu? D\u00f6n\u00fc\u015fm\u00fc\u015f, daha g\u00fcvenilir, daha canl\u0131, daha ki\u015fisel bir Ferrari.<\/strong><\/p>\n\n\n\n<h2 class=\"wp-block-heading\">Beklenmedik g\u00f6r\u00fcn\u00fcrl\u00fck<\/h2>\n\n\n\n<figure class=\"wp-block-image size-full\"><img loading=\"lazy\" decoding=\"async\" width=\"1200\" height=\"800\" src=\"https:\/\/www.italpassion.fr\/wp-content\/uploads\/2025\/05\/ferrari-360-grise-4.jpg\" alt=\"\" class=\"wp-image-38703\" srcset=\"https:\/\/www.italpassion.fr\/wp-content\/uploads\/2025\/05\/ferrari-360-grise-4.jpg 1200w, https:\/\/www.italpassion.fr\/wp-content\/uploads\/2025\/05\/ferrari-360-grise-4-420x280.jpg 420w, https:\/\/www.italpassion.fr\/wp-content\/uploads\/2025\/05\/ferrari-360-grise-4-768x512.jpg 768w, https:\/\/www.italpassion.fr\/wp-content\/uploads\/2025\/05\/ferrari-360-grise-4-18x12.jpg 18w\" sizes=\"auto, (max-width: 1200px) 100vw, 1200px\" \/><\/figure>\n\n\n\n<p>360 ayn\u0131 zamanda sahibinin kariyerini de de\u011fi\u015ftirdi. Bir m\u00fczik videosunda yer alan ve iki reklamda kullan\u0131lan Ferrari, ilk g\u00fcnlerinde \u00e7ok ele\u015ftirilen g\u00f6r\u00fcn\u00fcm\u00fcne ra\u011fmen kanalda ba\u015fl\u0131 ba\u015f\u0131na bir karakter haline geldi. <strong>Bu 'b\u00fcy\u00fckbaba \u00f6zelli\u011fi' Youtuber'a \u00e7ok fazla \u00fcn kazand\u0131rd\u0131.<\/strong><\/p>\n\n\n\n<p>Peki ya sorunlar? Elbette vard\u0131. Ferrari biraz hasar ald\u0131. Kardan mili k\u00f6r\u00fcklerinden biri bantla yamanm\u0131\u015f ve al\u00fcminyum \u00f6n kanatlar bir \u00e7arp\u0131\u015fmadan sonra \u00e7atlam\u0131\u015ft\u0131. Tamir mi? \u00c7ok pahal\u0131yd\u0131. De\u011fi\u015ftirmek mi? T\u00fcm \u00f6n taraf\u0131 de\u011fi\u015ftirmeden imkans\u0131z. Sonu\u00e7 olarak, kanatlar onar\u0131ld\u0131.<\/p>\n\n\n\n<h2 class=\"wp-block-heading\">Mekanik: ho\u015f bir s\u00fcrpriz<\/h2>\n\n\n\n<figure class=\"wp-block-image size-full\"><img loading=\"lazy\" decoding=\"async\" width=\"1200\" height=\"800\" src=\"https:\/\/www.italpassion.fr\/wp-content\/uploads\/2025\/05\/ferrari-360-grise-3.jpg\" alt=\"\" class=\"wp-image-38702\" srcset=\"https:\/\/www.italpassion.fr\/wp-content\/uploads\/2025\/05\/ferrari-360-grise-3.jpg 1200w, https:\/\/www.italpassion.fr\/wp-content\/uploads\/2025\/05\/ferrari-360-grise-3-420x280.jpg 420w, https:\/\/www.italpassion.fr\/wp-content\/uploads\/2025\/05\/ferrari-360-grise-3-768x512.jpg 768w, https:\/\/www.italpassion.fr\/wp-content\/uploads\/2025\/05\/ferrari-360-grise-3-18x12.jpg 18w\" sizes=\"auto, (max-width: 1200px) 100vw, 1200px\" \/><\/figure>\n\n\n\n<p><strong>Yolda ge\u00e7en bir y\u0131lda: b\u00fcy\u00fck bir ar\u0131za olmad\u0131. <\/strong>\u0130ki ya\u011f de\u011fi\u015fimi, motor takozlar\u0131n\u0131n de\u011fi\u015ftirilmesi ve ara\u00e7 manuel \u015fanz\u0131mana d\u00f6n\u00fc\u015ft\u00fcr\u00fcld\u00fc\u011f\u00fcnde bir debriyaj de\u011fi\u015fimi. Hepsi bu kadar. Huysuzlu\u011fuyla \u00fcn yapm\u0131\u015f bir Ferrari i\u00e7in hi\u00e7 de fena de\u011fil. Ve bu, otomobilin Kaliforniya standartlar\u0131n\u0131 ge\u00e7mesini hala engelleyen \u00e7\u00f6z\u00fclmemi\u015f bir CO2 emisyon anomalisine ra\u011fmen.<\/p>\n\n\n\n<p><strong>Proje \u015fimdi son a\u015famas\u0131na giriyor:<\/strong><\/p>\n\n\n\n<ul class=\"wp-block-list\">\n<li>Komple boya (kaporta kusurlar\u0131n\u0131n d\u00fczeltilmesi, uyumla\u015ft\u0131rma)<\/li>\n\n\n\n<li>\u0130\u00e7 mekan yenileme (g\u00f6sterge paneli, Recaro kova koltuklar)<\/li>\n\n\n\n<li>Kaplamalar ve yeni estetik \u00f6zellikler<\/li>\n<\/ul>\n\n\n\n<p><strong>S\u0131rada ne var? Tutku ve beceriklilikle in\u015fa edilmi\u015f, ger\u00e7ekten ki\u015fisel bir Ferrari restomod.<\/strong><\/p>\n\n\n\n<h2 class=\"wp-block-heading\">\u00d6zet: iyi bir plan m\u0131 yoksa alt\u0131n tuzak m\u0131?<\/h2>\n\n\n\n<p><strong>Vin_Tra, 65.000 $'den (57.000 \u20ac) daha d\u00fc\u015f\u00fck bir fiyata manuel, g\u00fcvenilir, y\u00fcksek performansl\u0131 ve benzersiz bir g\u00f6r\u00fcn\u00fcme sahip bir Ferrari 360 Modena kullan\u0131yor.<\/strong> Bu ona kap\u0131lar a\u00e7t\u0131, g\u00f6r\u00fc\u015fler olu\u015fturdu ve bir <strong>uygun fiyatl\u0131 s\u00fcper otomobil<\/strong> hala var olabilirdi, e\u011fer <strong>cesaret, ara\u00e7lar... ve \u00e7ok sab\u0131r<\/strong>. Bir y\u0131l sonra, oynad\u0131\u011f\u0131 kumar i\u015fe yarad\u0131. Ve bu sadece ba\u015flang\u0131\u00e7.<\/p>\n\n\n\n<figure class=\"wp-block-embed is-type-video is-provider-youtube wp-block-embed-youtube wp-embed-aspect-16-9 wp-has-aspect-ratio\"><div class=\"wp-block-embed__wrapper\">\n<iframe loading=\"lazy\" title=\"Ucuz Ferrari Projem Ortadan Kayboldu - \u0130\u015fte Ger\u00e7ekler\" width=\"1200\" height=\"675\" src=\"https:\/\/www.youtube-nocookie.com\/embed\/7LuDK0IxxFY?feature=oembed\" frameborder=\"0\" allow=\"accelerometer; autoplay; clipboard-write; encrypted-media; gyroscope; picture-in-picture; web-share\" referrerpolicy=\"strict-origin-when-cross-origin\" allowfullscreen><\/iframe>\n<\/div><\/figure>","protected":false},"excerpt":{"rendered":"","protected":false},"author":1,"featured_media":38700,"comment_status":"open","ping_status":"open","sticky":false,"template":"","format":"standard","meta":{"_acf_changed":false,"_sitemap_exclude":false,"_sitemap_priority":"","_sitemap_frequency":"","footnotes":""},"categories":[23],"tags":[464,450],"class_list":["post-38697","post","type-post","status-publish","format-standard","has-post-thumbnail","hentry","category-ferrari","tag-ferrari-360","tag-ferrari-360-modena","generate-columns","tablet-grid-50","mobile-grid-100","grid-parent","grid-33"],"acf":[],"yoast_head":"<!-- This site is optimized with the Yoast SEO plugin v25.8 - https:\/\/yoast.com\/wordpress\/plugins\/seo\/ -->\n<title>Il ach\u00e8te la Ferrari 360 la moins ch\u00e8re du march\u00e9 : bon plan ou pi\u00e8ge dor\u00e9 ? Son bilan un an apr\u00e8s - ItalPassion<\/title>\n<meta name=\"description\" content=\"En 2024, le YouTuber am\u00e9ricain Vin_Tra faisait sensation dans sa vid\u00e9o en achetant une Ferrari 360 Modena pour seulement 47 000 $, probablement la moins\" \/>\n<meta name=\"robots\" content=\"index, follow, max-snippet:-1, max-image-preview:large, max-video-preview:-1\" \/>\n<link rel=\"canonical\" href=\"https:\/\/www.italpassion.fr\/tr\/ferrari\/piyasadaki-en-ucuz-ferrari-360i-satin-alir-iyi-bir-plan-mi-yoksa-bir-yil-sonra-bilancosunu-yaldizli-bir-tuzak-mi\/\" \/>\n<meta property=\"og:locale\" content=\"tr_TR\" \/>\n<meta property=\"og:type\" content=\"article\" \/>\n<meta property=\"og:title\" content=\"Il ach\u00e8te la Ferrari 360 la moins ch\u00e8re du march\u00e9 : bon plan ou pi\u00e8ge dor\u00e9 ? Son bilan un an apr\u00e8s - ItalPassion\" \/>\n<meta property=\"og:description\" content=\"En 2024, le YouTuber am\u00e9ricain Vin_Tra faisait sensation dans sa vid\u00e9o en achetant une Ferrari 360 Modena pour seulement 47 000 $, probablement la moins\" \/>\n<meta property=\"og:url\" content=\"https:\/\/www.italpassion.fr\/tr\/ferrari\/piyasadaki-en-ucuz-ferrari-360i-satin-alir-iyi-bir-plan-mi-yoksa-bir-yil-sonra-bilancosunu-yaldizli-bir-tuzak-mi\/\" \/>\n<meta property=\"og:site_name\" content=\"ItalPassion\" \/>\n<meta property=\"article:publisher\" content=\"https:\/\/www.facebook.com\/italpassion\" \/>\n<meta property=\"article:published_time\" content=\"2025-05-26T12:29:33+00:00\" \/>\n<meta property=\"og:image\" content=\"https:\/\/www.italpassion.fr\/wp-content\/uploads\/2025\/05\/ferrari-360-modena-grise.jpg\" \/>\n\t<meta property=\"og:image:width\" content=\"1200\" \/>\n\t<meta property=\"og:image:height\" content=\"800\" \/>\n\t<meta property=\"og:image:type\" content=\"image\/jpeg\" \/>\n<meta name=\"author\" content=\"Alexandre Filluzeau\" \/>\n<meta name=\"twitter:card\" content=\"summary_large_image\" \/>\n<meta name=\"twitter:creator\" content=\"@italpassion\" \/>\n<meta name=\"twitter:site\" content=\"@italpassion\" \/>\n<script type=\"application\/ld+json\" class=\"yoast-schema-graph\">{\"@context\":\"https:\/\/schema.org\",\"@graph\":[{\"@type\":\"NewsArticle\",\"@id\":\"https:\/\/www.italpassion.fr\/tr\/ferrari\/il-achete-la-ferrari-360-la-moins-chere-du-marche-bon-plan-ou-piege-dore-son-bilan-un-an-apres\/#article\",\"isPartOf\":{\"@id\":\"https:\/\/www.italpassion.fr\/tr\/ferrari\/il-achete-la-ferrari-360-la-moins-chere-du-marche-bon-plan-ou-piege-dore-son-bilan-un-an-apres\/\"},\"author\":{\"name\":\"Alexandre Filluzeau\",\"@id\":\"https:\/\/www.italpassion.fr\/tr\/#\/schema\/person\/36f747b2a759ca202d847e85a9434ca0\"},\"headline\":\"Il ach\u00e8te la Ferrari 360 la moins ch\u00e8re du march\u00e9 : bon plan ou pi\u00e8ge dor\u00e9 ? Son bilan un an apr\u00e8s\",\"datePublished\":\"2025-05-26T12:29:33+00:00\",\"mainEntityOfPage\":{\"@id\":\"https:\/\/www.italpassion.fr\/tr\/ferrari\/il-achete-la-ferrari-360-la-moins-chere-du-marche-bon-plan-ou-piege-dore-son-bilan-un-an-apres\/\"},\"wordCount\":604,\"commentCount\":0,\"publisher\":{\"@id\":\"https:\/\/www.italpassion.fr\/tr\/#organization\"},\"image\":{\"@id\":\"https:\/\/www.italpassion.fr\/tr\/ferrari\/il-achete-la-ferrari-360-la-moins-chere-du-marche-bon-plan-ou-piege-dore-son-bilan-un-an-apres\/#primaryimage\"},\"thumbnailUrl\":\"https:\/\/www.italpassion.fr\/wp-content\/uploads\/2025\/05\/ferrari-360-modena-grise.jpg\",\"keywords\":[\"Ferrari 360\",\"Ferrari 360 modena\"],\"articleSection\":[\"Ferrari\"],\"inLanguage\":\"tr\",\"potentialAction\":[{\"@type\":\"CommentAction\",\"name\":\"Comment\",\"target\":[\"https:\/\/www.italpassion.fr\/tr\/ferrari\/il-achete-la-ferrari-360-la-moins-chere-du-marche-bon-plan-ou-piege-dore-son-bilan-un-an-apres\/#respond\"]}]},{\"@type\":\"WebPage\",\"@id\":\"https:\/\/www.italpassion.fr\/tr\/ferrari\/il-achete-la-ferrari-360-la-moins-chere-du-marche-bon-plan-ou-piege-dore-son-bilan-un-an-apres\/\",\"url\":\"https:\/\/www.italpassion.fr\/tr\/ferrari\/il-achete-la-ferrari-360-la-moins-chere-du-marche-bon-plan-ou-piege-dore-son-bilan-un-an-apres\/\",\"name\":\"Il ach\u00e8te la Ferrari 360 la moins ch\u00e8re du march\u00e9 : bon plan ou pi\u00e8ge dor\u00e9 ? Son bilan un an apr\u00e8s - ItalPassion\",\"isPartOf\":{\"@id\":\"https:\/\/www.italpassion.fr\/tr\/#website\"},\"primaryImageOfPage\":{\"@id\":\"https:\/\/www.italpassion.fr\/tr\/ferrari\/il-achete-la-ferrari-360-la-moins-chere-du-marche-bon-plan-ou-piege-dore-son-bilan-un-an-apres\/#primaryimage\"},\"image\":{\"@id\":\"https:\/\/www.italpassion.fr\/tr\/ferrari\/il-achete-la-ferrari-360-la-moins-chere-du-marche-bon-plan-ou-piege-dore-son-bilan-un-an-apres\/#primaryimage\"},\"thumbnailUrl\":\"https:\/\/www.italpassion.fr\/wp-content\/uploads\/2025\/05\/ferrari-360-modena-grise.jpg\",\"datePublished\":\"2025-05-26T12:29:33+00:00\",\"description\":\"En 2024, le YouTuber am\u00e9ricain Vin_Tra faisait sensation dans sa vid\u00e9o en achetant une Ferrari 360 Modena pour seulement 47 000 $, probablement la moins\",\"breadcrumb\":{\"@id\":\"https:\/\/www.italpassion.fr\/tr\/ferrari\/il-achete-la-ferrari-360-la-moins-chere-du-marche-bon-plan-ou-piege-dore-son-bilan-un-an-apres\/#breadcrumb\"},\"inLanguage\":\"tr\",\"potentialAction\":[{\"@type\":\"ReadAction\",\"target\":[\"https:\/\/www.italpassion.fr\/tr\/ferrari\/il-achete-la-ferrari-360-la-moins-chere-du-marche-bon-plan-ou-piege-dore-son-bilan-un-an-apres\/\"]}]},{\"@type\":\"ImageObject\",\"inLanguage\":\"tr\",\"@id\":\"https:\/\/www.italpassion.fr\/tr\/ferrari\/il-achete-la-ferrari-360-la-moins-chere-du-marche-bon-plan-ou-piege-dore-son-bilan-un-an-apres\/#primaryimage\",\"url\":\"https:\/\/www.italpassion.fr\/wp-content\/uploads\/2025\/05\/ferrari-360-modena-grise.jpg\",\"contentUrl\":\"https:\/\/www.italpassion.fr\/wp-content\/uploads\/2025\/05\/ferrari-360-modena-grise.jpg\",\"width\":1200,\"height\":800},{\"@type\":\"BreadcrumbList\",\"@id\":\"https:\/\/www.italpassion.fr\/tr\/ferrari\/il-achete-la-ferrari-360-la-moins-chere-du-marche-bon-plan-ou-piege-dore-son-bilan-un-an-apres\/#breadcrumb\",\"itemListElement\":[{\"@type\":\"ListItem\",\"position\":1,\"name\":\"Accueil\",\"item\":\"https:\/\/www.italpassion.fr\/tr\/\"},{\"@type\":\"ListItem\",\"position\":2,\"name\":\"Il ach\u00e8te la Ferrari 360 la moins ch\u00e8re du march\u00e9 : bon plan ou pi\u00e8ge dor\u00e9 ? Son bilan un an apr\u00e8s\"}]},{\"@type\":\"WebSite\",\"@id\":\"https:\/\/www.italpassion.fr\/tr\/#website\",\"url\":\"https:\/\/www.italpassion.fr\/tr\/\",\"name\":\"ItalPassion\",\"description\":\"Les Passionn\u00e9s d&#039;Automobiles Italiennes\",\"publisher\":{\"@id\":\"https:\/\/www.italpassion.fr\/tr\/#organization\"},\"potentialAction\":[{\"@type\":\"SearchAction\",\"target\":{\"@type\":\"EntryPoint\",\"urlTemplate\":\"https:\/\/www.italpassion.fr\/tr\/?s={search_term_string}\"},\"query-input\":{\"@type\":\"PropertyValueSpecification\",\"valueRequired\":true,\"valueName\":\"search_term_string\"}}],\"inLanguage\":\"tr\"},{\"@type\":\"Organization\",\"@id\":\"https:\/\/www.italpassion.fr\/tr\/#organization\",\"name\":\"Italpassion\",\"url\":\"https:\/\/www.italpassion.fr\/tr\/\",\"logo\":{\"@type\":\"ImageObject\",\"inLanguage\":\"tr\",\"@id\":\"https:\/\/www.italpassion.fr\/tr\/#\/schema\/logo\/image\/\",\"url\":\"https:\/\/www.italpassion.fr\/wp-content\/uploads\/2023\/07\/italpassion-yoast.jpg\",\"contentUrl\":\"https:\/\/www.italpassion.fr\/wp-content\/uploads\/2023\/07\/italpassion-yoast.jpg\",\"width\":696,\"height\":696,\"caption\":\"Italpassion\"},\"image\":{\"@id\":\"https:\/\/www.italpassion.fr\/tr\/#\/schema\/logo\/image\/\"},\"sameAs\":[\"https:\/\/www.facebook.com\/italpassion\",\"https:\/\/x.com\/italpassion\",\"https:\/\/www.instagram.com\/italpassionfr\/\",\"https:\/\/www.youtube.com\/channel\/UCleq-ByQaA42OjhopwevRjQ\",\"https:\/\/www.facebook.com\/italpassion.en\/\",\"https:\/\/www.facebook.com\/italpassion.it\/\",\"https:\/\/www.facebook.com\/italpassion.de\/\",\"https:\/\/www.facebook.com\/italpassion.ja\/\"]},{\"@type\":\"Person\",\"@id\":\"https:\/\/www.italpassion.fr\/tr\/#\/schema\/person\/36f747b2a759ca202d847e85a9434ca0\",\"name\":\"Alexandre Filluzeau\",\"image\":{\"@type\":\"ImageObject\",\"inLanguage\":\"tr\",\"@id\":\"https:\/\/www.italpassion.fr\/tr\/#\/schema\/person\/image\/\",\"url\":\"https:\/\/www.italpassion.fr\/wp-content\/uploads\/2025\/04\/avatar-alexandre-160x160.jpg\",\"contentUrl\":\"https:\/\/www.italpassion.fr\/wp-content\/uploads\/2025\/04\/avatar-alexandre-160x160.jpg\",\"caption\":\"Alexandre Filluzeau\"},\"description\":\"Fondateur du site ItalPassion, passionn\u00e9 de voitures italiennes et de l'Italie en g\u00e9n\u00e9ral. J'apporte un regard critique et technique aux actualit\u00e9s des marques italiennes quand cela est possible. Propri\u00e9taire d'une Maserati GranTurismo, Alfa Romeo MiTo, Lancia Fulvia et Ducati 695. Ex-propri\u00e9taire d'une Alfa Romeo Giulia.\",\"sameAs\":[\"https:\/\/www.italpassion.fr\/\"],\"url\":\"https:\/\/www.italpassion.fr\/tr\/author\/alexandre\/\"}]}<\/script>\n<!-- \/ Yoast SEO plugin. -->","yoast_head_json":{"title":"Piyasadaki en ucuz Ferrari 360'\u0131 sat\u0131n al\u0131yor: iyi bir anla\u015fma m\u0131 yoksa alt\u0131n tuzak m\u0131? Bir y\u0131l sonra - ItalPassion","description":"2024 y\u0131l\u0131nda Amerikal\u0131 YouTuber Vin_Tra, muhtemelen d\u00fcnyan\u0131n en ucuz Ferrari'si olan Ferrari 360 Modena'y\u0131 sadece 47.000 $'ye sat\u0131n alarak videosunda sansasyon yaratt\u0131.","robots":{"index":"index","follow":"follow","max-snippet":"max-snippet:-1","max-image-preview":"max-image-preview:large","max-video-preview":"max-video-preview:-1"},"canonical":"https:\/\/www.italpassion.fr\/tr\/ferrari\/piyasadaki-en-ucuz-ferrari-360i-satin-alir-iyi-bir-plan-mi-yoksa-bir-yil-sonra-bilancosunu-yaldizli-bir-tuzak-mi\/","og_locale":"tr_TR","og_type":"article","og_title":"Il ach\u00e8te la Ferrari 360 la moins ch\u00e8re du march\u00e9 : bon plan ou pi\u00e8ge dor\u00e9 ? Son bilan un an apr\u00e8s - ItalPassion","og_description":"En 2024, le YouTuber am\u00e9ricain Vin_Tra faisait sensation dans sa vid\u00e9o en achetant une Ferrari 360 Modena pour seulement 47 000 $, probablement la moins","og_url":"https:\/\/www.italpassion.fr\/tr\/ferrari\/piyasadaki-en-ucuz-ferrari-360i-satin-alir-iyi-bir-plan-mi-yoksa-bir-yil-sonra-bilancosunu-yaldizli-bir-tuzak-mi\/","og_site_name":"ItalPassion","article_publisher":"https:\/\/www.facebook.com\/italpassion","article_published_time":"2025-05-26T12:29:33+00:00","og_image":[{"width":1200,"height":800,"url":"https:\/\/www.italpassion.fr\/wp-content\/uploads\/2025\/05\/ferrari-360-modena-grise.jpg","type":"image\/jpeg"}],"author":"Alexandre Filluzeau","twitter_card":"summary_large_image","twitter_creator":"@italpassion","twitter_site":"@italpassion","schema":{"@context":"https:\/\/schema.org","@graph":[{"@type":"NewsArticle","@id":"https:\/\/www.italpassion.fr\/tr\/ferrari\/il-achete-la-ferrari-360-la-moins-chere-du-marche-bon-plan-ou-piege-dore-son-bilan-un-an-apres\/#article","isPartOf":{"@id":"https:\/\/www.italpassion.fr\/tr\/ferrari\/il-achete-la-ferrari-360-la-moins-chere-du-marche-bon-plan-ou-piege-dore-son-bilan-un-an-apres\/"},"author":{"name":"Alexandre Filluzeau","@id":"https:\/\/www.italpassion.fr\/tr\/#\/schema\/person\/36f747b2a759ca202d847e85a9434ca0"},"headline":"Il ach\u00e8te la Ferrari 360 la moins ch\u00e8re du march\u00e9 : bon plan ou pi\u00e8ge dor\u00e9 ? Son bilan un an apr\u00e8s","datePublished":"2025-05-26T12:29:33+00:00","mainEntityOfPage":{"@id":"https:\/\/www.italpassion.fr\/tr\/ferrari\/il-achete-la-ferrari-360-la-moins-chere-du-marche-bon-plan-ou-piege-dore-son-bilan-un-an-apres\/"},"wordCount":604,"commentCount":0,"publisher":{"@id":"https:\/\/www.italpassion.fr\/tr\/#organization"},"image":{"@id":"https:\/\/www.italpassion.fr\/tr\/ferrari\/il-achete-la-ferrari-360-la-moins-chere-du-marche-bon-plan-ou-piege-dore-son-bilan-un-an-apres\/#primaryimage"},"thumbnailUrl":"https:\/\/www.italpassion.fr\/wp-content\/uploads\/2025\/05\/ferrari-360-modena-grise.jpg","keywords":["Ferrari 360","Ferrari 360 modena"],"articleSection":["Ferrari"],"inLanguage":"tr","potentialAction":[{"@type":"CommentAction","name":"Comment","target":["https:\/\/www.italpassion.fr\/tr\/ferrari\/il-achete-la-ferrari-360-la-moins-chere-du-marche-bon-plan-ou-piege-dore-son-bilan-un-an-apres\/#respond"]}]},{"@type":"WebPage","@id":"https:\/\/www.italpassion.fr\/tr\/ferrari\/il-achete-la-ferrari-360-la-moins-chere-du-marche-bon-plan-ou-piege-dore-son-bilan-un-an-apres\/","url":"https:\/\/www.italpassion.fr\/tr\/ferrari\/il-achete-la-ferrari-360-la-moins-chere-du-marche-bon-plan-ou-piege-dore-son-bilan-un-an-apres\/","name":"Piyasadaki en ucuz Ferrari 360'\u0131 sat\u0131n al\u0131yor: iyi bir anla\u015fma m\u0131 yoksa alt\u0131n tuzak m\u0131? Bir y\u0131l sonra - ItalPassion","isPartOf":{"@id":"https:\/\/www.italpassion.fr\/tr\/#website"},"primaryImageOfPage":{"@id":"https:\/\/www.italpassion.fr\/tr\/ferrari\/il-achete-la-ferrari-360-la-moins-chere-du-marche-bon-plan-ou-piege-dore-son-bilan-un-an-apres\/#primaryimage"},"image":{"@id":"https:\/\/www.italpassion.fr\/tr\/ferrari\/il-achete-la-ferrari-360-la-moins-chere-du-marche-bon-plan-ou-piege-dore-son-bilan-un-an-apres\/#primaryimage"},"thumbnailUrl":"https:\/\/www.italpassion.fr\/wp-content\/uploads\/2025\/05\/ferrari-360-modena-grise.jpg","datePublished":"2025-05-26T12:29:33+00:00","description":"2024 y\u0131l\u0131nda Amerikal\u0131 YouTuber Vin_Tra, muhtemelen d\u00fcnyan\u0131n en ucuz Ferrari'si olan Ferrari 360 Modena'y\u0131 sadece 47.000 $'ye sat\u0131n alarak videosunda sansasyon yaratt\u0131.","breadcrumb":{"@id":"https:\/\/www.italpassion.fr\/tr\/ferrari\/il-achete-la-ferrari-360-la-moins-chere-du-marche-bon-plan-ou-piege-dore-son-bilan-un-an-apres\/#breadcrumb"},"inLanguage":"tr","potentialAction":[{"@type":"ReadAction","target":["https:\/\/www.italpassion.fr\/tr\/ferrari\/il-achete-la-ferrari-360-la-moins-chere-du-marche-bon-plan-ou-piege-dore-son-bilan-un-an-apres\/"]}]},{"@type":"ImageObject","inLanguage":"tr","@id":"https:\/\/www.italpassion.fr\/tr\/ferrari\/il-achete-la-ferrari-360-la-moins-chere-du-marche-bon-plan-ou-piege-dore-son-bilan-un-an-apres\/#primaryimage","url":"https:\/\/www.italpassion.fr\/wp-content\/uploads\/2025\/05\/ferrari-360-modena-grise.jpg","contentUrl":"https:\/\/www.italpassion.fr\/wp-content\/uploads\/2025\/05\/ferrari-360-modena-grise.jpg","width":1200,"height":800},{"@type":"BreadcrumbList","@id":"https:\/\/www.italpassion.fr\/tr\/ferrari\/il-achete-la-ferrari-360-la-moins-chere-du-marche-bon-plan-ou-piege-dore-son-bilan-un-an-apres\/#breadcrumb","itemListElement":[{"@type":"ListItem","position":1,"name":"Accueil","item":"https:\/\/www.italpassion.fr\/tr\/"},{"@type":"ListItem","position":2,"name":"Il ach\u00e8te la Ferrari 360 la moins ch\u00e8re du march\u00e9 : bon plan ou pi\u00e8ge dor\u00e9 ? Son bilan un an apr\u00e8s"}]},{"@type":"WebSite","@id":"https:\/\/www.italpassion.fr\/tr\/#website","url":"https:\/\/www.italpassion.fr\/tr\/","name":"ItalPassion","description":"\u0130talyan Araba Merakl\u0131lar\u0131","publisher":{"@id":"https:\/\/www.italpassion.fr\/tr\/#organization"},"potentialAction":[{"@type":"SearchAction","target":{"@type":"EntryPoint","urlTemplate":"https:\/\/www.italpassion.fr\/tr\/?s={search_term_string}"},"query-input":{"@type":"PropertyValueSpecification","valueRequired":true,"valueName":"search_term_string"}}],"inLanguage":"tr"},{"@type":"Organization","@id":"https:\/\/www.italpassion.fr\/tr\/#organization","name":"Italpassion","url":"https:\/\/www.italpassion.fr\/tr\/","logo":{"@type":"ImageObject","inLanguage":"tr","@id":"https:\/\/www.italpassion.fr\/tr\/#\/schema\/logo\/image\/","url":"https:\/\/www.italpassion.fr\/wp-content\/uploads\/2023\/07\/italpassion-yoast.jpg","contentUrl":"https:\/\/www.italpassion.fr\/wp-content\/uploads\/2023\/07\/italpassion-yoast.jpg","width":696,"height":696,"caption":"Italpassion"},"image":{"@id":"https:\/\/www.italpassion.fr\/tr\/#\/schema\/logo\/image\/"},"sameAs":["https:\/\/www.facebook.com\/italpassion","https:\/\/x.com\/italpassion","https:\/\/www.instagram.com\/italpassionfr\/","https:\/\/www.youtube.com\/channel\/UCleq-ByQaA42OjhopwevRjQ","https:\/\/www.facebook.com\/italpassion.en\/","https:\/\/www.facebook.com\/italpassion.it\/","https:\/\/www.facebook.com\/italpassion.de\/","https:\/\/www.facebook.com\/italpassion.ja\/"]},{"@type":"Person","@id":"https:\/\/www.italpassion.fr\/tr\/#\/schema\/person\/36f747b2a759ca202d847e85a9434ca0","name":"Alexandre Filluzeau","image":{"@type":"ImageObject","inLanguage":"tr","@id":"https:\/\/www.italpassion.fr\/tr\/#\/schema\/person\/image\/","url":"https:\/\/www.italpassion.fr\/wp-content\/uploads\/2025\/04\/avatar-alexandre-160x160.jpg","contentUrl":"https:\/\/www.italpassion.fr\/wp-content\/uploads\/2025\/04\/avatar-alexandre-160x160.jpg","caption":"Alexandre Filluzeau"},"description":"ItalPassion web sitesinin kurucusu, \u0130talyan otomobilleri ve genel olarak \u0130talya hakk\u0131nda tutkulu. M\u00fcmk\u00fcn oldu\u011funca \u0130talyan markalar\u0131n\u0131n haberlerine ele\u015ftirel ve teknik bir g\u00f6z getiriyorum. Maserati GranTurismo, Alfa Romeo MiTo, Lancia Fulvia ve Ducati 695 sahibiyim. Alfa Romeo Giulia'n\u0131n eski sahibi.","sameAs":["https:\/\/www.italpassion.fr\/"],"url":"https:\/\/www.italpassion.fr\/tr\/author\/alexandre\/"}]}},"_links":{"self":[{"href":"https:\/\/www.italpassion.fr\/tr\/wp-json\/wp\/v2\/posts\/38697","targetHints":{"allow":["GET"]}}],"collection":[{"href":"https:\/\/www.italpassion.fr\/tr\/wp-json\/wp\/v2\/posts"}],"about":[{"href":"https:\/\/www.italpassion.fr\/tr\/wp-json\/wp\/v2\/types\/post"}],"author":[{"embeddable":true,"href":"https:\/\/www.italpassion.fr\/tr\/wp-json\/wp\/v2\/users\/1"}],"replies":[{"embeddable":true,"href":"https:\/\/www.italpassion.fr\/tr\/wp-json\/wp\/v2\/comments?post=38697"}],"version-history":[{"count":3,"href":"https:\/\/www.italpassion.fr\/tr\/wp-json\/wp\/v2\/posts\/38697\/revisions"}],"predecessor-version":[{"id":38704,"href":"https:\/\/www.italpassion.fr\/tr\/wp-json\/wp\/v2\/posts\/38697\/revisions\/38704"}],"wp:featuredmedia":[{"embeddable":true,"href":"https:\/\/www.italpassion.fr\/tr\/wp-json\/wp\/v2\/media\/38700"}],"wp:attachment":[{"href":"https:\/\/www.italpassion.fr\/tr\/wp-json\/wp\/v2\/media?parent=38697"}],"wp:term":[{"taxonomy":"category","embeddable":true,"href":"https:\/\/www.italpassion.fr\/tr\/wp-json\/wp\/v2\/categories?post=38697"},{"taxonomy":"post_tag","embeddable":true,"href":"https:\/\/www.italpassion.fr\/tr\/wp-json\/wp\/v2\/tags?post=38697"}],"curies":[{"name":"wp","href":"https:\/\/api.w.org\/{rel}","templated":true}]}}