{"id":36899,"date":"2025-02-26T13:40:06","date_gmt":"2025-02-26T12:40:06","guid":{"rendered":"https:\/\/www.italpassion.fr\/?p=36899"},"modified":"2025-02-26T13:40:08","modified_gmt":"2025-02-26T12:40:08","slug":"f1i%cc%87n-unlu-ferrari%cc%87-surucusu-eski%cc%87-skandal-nedeni%cc%87yle-fiayi-mahkemeye-vermeye-karar-verdi%cc%87","status":"publish","type":"post","link":"https:\/\/www.italpassion.fr\/tr\/competition\/f1-ce-celebre-pilote-ferrari-decide-dattaquer-la-fia-en-justice-a-cause-dun-ancien-scandale\/","title":{"rendered":"F1: Ferrari'nin bu \u00fcnl\u00fc pilotu eski bir skandal y\u00fcz\u00fcnden FIA'y\u0131 mahkemeye vermeye karar verdi"},"content":{"rendered":"<figure class=\"wp-block-image size-large\"><img loading=\"lazy\" decoding=\"async\" width=\"1024\" height=\"683\" src=\"https:\/\/www.italpassion.fr\/wp-content\/uploads\/2025\/02\/felippe-massa-1024x683.jpg\" alt=\"\" class=\"wp-image-36900\" srcset=\"https:\/\/www.italpassion.fr\/wp-content\/uploads\/2025\/02\/felippe-massa-1024x683.jpg 1024w, https:\/\/www.italpassion.fr\/wp-content\/uploads\/2025\/02\/felippe-massa-300x200.jpg 300w, https:\/\/www.italpassion.fr\/wp-content\/uploads\/2025\/02\/felippe-massa-768x512.jpg 768w, https:\/\/www.italpassion.fr\/wp-content\/uploads\/2025\/02\/felippe-massa-18x12.jpg 18w, https:\/\/www.italpassion.fr\/wp-content\/uploads\/2025\/02\/felippe-massa-561x374.jpg 561w, https:\/\/www.italpassion.fr\/wp-content\/uploads\/2025\/02\/felippe-massa-1122x748.jpg 1122w, https:\/\/www.italpassion.fr\/wp-content\/uploads\/2025\/02\/felippe-massa-265x177.jpg 265w, https:\/\/www.italpassion.fr\/wp-content\/uploads\/2025\/02\/felippe-massa-531x354.jpg 531w, https:\/\/www.italpassion.fr\/wp-content\/uploads\/2025\/02\/felippe-massa-364x243.jpg 364w, https:\/\/www.italpassion.fr\/wp-content\/uploads\/2025\/02\/felippe-massa-728x485.jpg 728w, https:\/\/www.italpassion.fr\/wp-content\/uploads\/2025\/02\/felippe-massa-608x405.jpg 608w, https:\/\/www.italpassion.fr\/wp-content\/uploads\/2025\/02\/felippe-massa-758x505.jpg 758w, https:\/\/www.italpassion.fr\/wp-content\/uploads\/2025\/02\/felippe-massa-1152x768.jpg 1152w, https:\/\/www.italpassion.fr\/wp-content\/uploads\/2025\/02\/felippe-massa.jpg 1200w\" sizes=\"auto, (max-width: 1024px) 100vw, 1024px\" \/><figcaption class=\"wp-element-caption\">Felipe Massa, 2006-2013 y\u0131llar\u0131 aras\u0131nda Ferrari pilotu. Foto\u011fraf Ferrari<\/figcaption><\/figure>\n\n\n\n<p><strong>28 Ekim 2025 tarihi, Avrupa Birli\u011fi tarihinde bir d\u00f6n\u00fcm noktas\u0131 olabilir. <a href=\"https:\/\/www.italpassion.fr\/tr\/rekabet\/formul-1\/\">F1<\/a>.<\/strong> Bu tarihte Londra'daki Y\u00fcksek Mahkeme <strong>Brezilyal\u0131 s\u00fcr\u00fcc\u00fc Felipe Massa'n\u0131n FIA'ya kar\u015f\u0131 \u015fikayetini inceleyin, <\/strong>2008'deki \u015fampiyonan\u0131n sonucuyla ilgili. Bu, 'Crashgate' skandal\u0131n\u0131n derinliklerine inen ve yar\u0131\u015fma sonu\u00e7lar\u0131n\u0131n de\u011ferlendirilme \u015feklini sarsabilecek karma\u015f\u0131k bir olay.<\/p>\n\n\n\n<h2 class=\"wp-block-heading\">Son dakikada \u00e7al\u0131nan bir unvan m\u0131?<\/h2>\n\n\n\n<p>Felipe Massa, eski <a href=\"https:\/\/www.italpassion.fr\/tr\/etiket\/scuderia-ferrari\/\">Scuderia Ferrari<\/a>Her zaman 2008 Singapur Grand Prix'si s\u0131ras\u0131nda FIA'n\u0131n yapt\u0131\u011f\u0131 bir y\u00f6netim hatas\u0131 nedeniyle ilk d\u00fcnya \u015fampiyonlu\u011fu unvan\u0131ndan mahrum b\u0131rak\u0131ld\u0131\u011f\u0131na inanm\u0131\u015ft\u0131r. <strong>O zamanlar Renault pilotu olan Nelson Piquet Jr'\u0131n tak\u0131m arkada\u015f\u0131 Fernando Alonso'nun stratejisini desteklemek i\u00e7in kas\u0131tl\u0131 olarak kaza yapt\u0131\u011f\u0131 bu Grand Prix, <\/strong>yar\u0131\u015f\u0131n b\u00fct\u00fcnl\u00fc\u011f\u00fcnde bir gedik a\u00e7t\u0131. Kaza, tak\u0131mlar\u0131n stratejilerini ve yar\u0131\u015f\u0131n sonucunu alt \u00fcst eden bir g\u00fcvenlik arac\u0131 periyodunu tetikledi.<\/p>\n\n\n\n<p>O s\u0131rada lider olan Massa, yak\u0131t ikmali yapt\u0131ktan sonra yak\u0131t borusunu da yan\u0131na alarak piti erken terk etti\u011finde bir hata yapt\u0131. Bu hata onu uzun bir mesafe geriye itti, <strong>rakibi Lewis Hamilton'a kar\u015f\u0131 \u00e7ok \u00f6nemli puanlar kaybetti,<\/strong> Sezon sonunda \u015fampiyonlu\u011fu tek bir puan farkla kazand\u0131.<\/p>\n\n\n\n<h2 class=\"wp-block-heading\">Crashgate davas\u0131<\/h2>\n\n\n\n<p><strong>Her ne kadar FIA Renault'nun manevras\u0131n\u0131n sonucu manip\u00fcle etmeye y\u00f6nelik bir giri\u015fim oldu\u011funu kabul etse de, <\/strong>Bununla birlikte, tak\u0131m\u0131n zaferini ve kazand\u0131\u011f\u0131 puanlar\u0131 korumas\u0131n\u0131 sa\u011flad\u0131. Renault patronu Flavio Briatore ve teknik direkt\u00f6r Pat Symonds men edildi ama Alonso'nun zaferi de\u011fi\u015fmedi. Massa'ya g\u00f6re adaletsizlik burada yat\u0131yor: FIA daha h\u0131zl\u0131 tepki verseydi ve Singapur sonu\u00e7lar\u0131n\u0131 sezon bitmeden iptal etseydi, <strong>Hamilton yerine o \u015fampiyon olabilirdi.<\/strong><\/p>\n\n\n\n<p>Brezilyal\u0131 s\u00fcr\u00fcc\u00fcy\u00fc davay\u0131 mahkemeye ta\u015f\u0131maya iten \u015fey de bu oldu. <strong>Massa \u015fimdi 80 milyon avro tazminat talep ediyor<\/strong> u\u011frad\u0131\u011f\u0131na inand\u0131\u011f\u0131 kay\u0131plar i\u00e7in ve FIA'n\u0131n 2008'de d\u00fcnya \u015fampiyonu olmas\u0131 gerekti\u011fini kabul etmesi i\u00e7in. Bu talep art\u0131k unvan\u0131 geri almay\u0131 de\u011fil<strong> adil olmayan ko\u015fullar alt\u0131nda kendilerinden \"\u00e7al\u0131nd\u0131\u011f\u0131n\u0131\" kabul ettirmek.<\/strong><\/p>\n\n\n\n<h2 class=\"wp-block-heading\">Neden \u015fimdi?<\/h2>\n\n\n\n<p>Her ne kadar 'Crashgate' skandal\u0131 2008 y\u0131l\u0131na kadar uzansa da, eski F1 patronunun bu skandal\u0131 ortaya \u00e7\u0131karmas\u0131yla olay yeni bir boyut kazand\u0131.., <strong>Bernie Ecclestone, FIA'n\u0131n Singapur GP sonu\u00e7lar\u0131n\u0131 daha \u00f6nce iptal etmesi gerekti\u011fini s\u00f6yledi, <\/strong>y\u00f6netmeliklerin daha geni\u015f bir \u015fekilde g\u00f6zden ge\u00e7irilmesinin bir par\u00e7as\u0131 olarak. Massa i\u00e7in bu a\u00e7\u0131klama barda\u011f\u0131 ta\u015f\u0131ran son damla oldu. Dostane \u00e7\u00f6z\u00fcme y\u00f6nelik birka\u00e7 ba\u015far\u0131s\u0131z giri\u015fimin ard\u0131ndan mahkemeye ba\u015fvurmaktan ba\u015fka \u00e7aresi kalmad\u0131.<\/p>\n\n\n\n<p><strong>Deneme 28 ve 31 Ekim 2025 tarihleri aras\u0131nda ger\u00e7ekle\u015ftirilecektir,<\/strong> FIA ve FOM (Formula 1 Y\u00f6netimi) temsilcileri de Massa'n\u0131n yan\u0131nda yer alacak.<\/p>\n\n\n\n<p><strong>Felipe Massa her zaman m\u00fccadelesinin sadece para ya da unvanla de\u011fil, sporda adaletle ilgili oldu\u011funu s\u00f6ylemi\u015ftir.<\/strong> \"FIA ve FOM'un ilgilenmeyi reddetti\u011fi konulara mahkemeler karar verecek\" dedi. 43 ya\u015f\u0131ndaki Brezilyal\u0131, sadece \u00e7abalar\u0131n\u0131n tan\u0131nmas\u0131 i\u00e7in de\u011fil, ayn\u0131 zamanda gelecekte benzer olaylar\u0131n tekrarlanmamas\u0131n\u0131 sa\u011flamak ve b\u00f6ylece yar\u0131\u015fmalar\u0131n b\u00fct\u00fcnl\u00fc\u011f\u00fcn\u00fc garanti alt\u0131na almak i\u00e7in de m\u00fccadele ediyor.<\/p>","protected":false},"excerpt":{"rendered":"","protected":false},"author":1,"featured_media":36900,"comment_status":"open","ping_status":"open","sticky":false,"template":"","format":"standard","meta":{"_acf_changed":false,"_sitemap_exclude":false,"_sitemap_priority":"","_sitemap_frequency":"","footnotes":""},"categories":[328,323],"tags":[422],"class_list":["post-36899","post","type-post","status-publish","format-standard","has-post-thumbnail","hentry","category-formule-1","category-competition","tag-felipe-massa","generate-columns","tablet-grid-50","mobile-grid-100","grid-parent","grid-33"],"acf":[],"yoast_head":"<!-- This site is optimized with the Yoast SEO plugin v25.8 - https:\/\/yoast.com\/wordpress\/plugins\/seo\/ -->\n<title>F1 : ce c\u00e9l\u00e8bre pilote Ferrari d\u00e9cide d&#039;attaquer la FIA en justice \u00e0 cause d&#039;un ancien scandale - ItalPassion<\/title>\n<meta name=\"description\" content=\"Felipe Massa, pilote Ferrari de 2006 \u00e0 2013. Photo Ferrari Le 28 octobre 2025 marquera peut-\u00eatre un tournant dans l&#039;histoire de la F1. C&#039;est \u00e0 cette date\" \/>\n<meta name=\"robots\" content=\"index, follow, max-snippet:-1, max-image-preview:large, max-video-preview:-1\" \/>\n<link rel=\"canonical\" href=\"https:\/\/www.italpassion.fr\/tr\/rekabet\/f1i\u0307n-unlu-ferrari\u0307-surucusu-eski\u0307-skandal-nedeni\u0307yle-fiayi-mahkemeye-vermeye-karar-verdi\u0307\/\" \/>\n<meta property=\"og:locale\" content=\"tr_TR\" \/>\n<meta property=\"og:type\" content=\"article\" \/>\n<meta property=\"og:title\" content=\"F1 : ce c\u00e9l\u00e8bre pilote Ferrari d\u00e9cide d&#039;attaquer la FIA en justice \u00e0 cause d&#039;un ancien scandale - ItalPassion\" \/>\n<meta property=\"og:description\" content=\"Felipe Massa, pilote Ferrari de 2006 \u00e0 2013. Photo Ferrari Le 28 octobre 2025 marquera peut-\u00eatre un tournant dans l&#039;histoire de la F1. C&#039;est \u00e0 cette date\" \/>\n<meta property=\"og:url\" content=\"https:\/\/www.italpassion.fr\/tr\/rekabet\/f1i\u0307n-unlu-ferrari\u0307-surucusu-eski\u0307-skandal-nedeni\u0307yle-fiayi-mahkemeye-vermeye-karar-verdi\u0307\/\" \/>\n<meta property=\"og:site_name\" content=\"ItalPassion\" \/>\n<meta property=\"article:publisher\" content=\"https:\/\/www.facebook.com\/italpassion\" \/>\n<meta property=\"article:published_time\" content=\"2025-02-26T12:40:06+00:00\" \/>\n<meta property=\"article:modified_time\" content=\"2025-02-26T12:40:08+00:00\" \/>\n<meta property=\"og:image\" content=\"https:\/\/www.italpassion.fr\/wp-content\/uploads\/2025\/02\/felippe-massa.jpg\" \/>\n\t<meta property=\"og:image:width\" content=\"1200\" \/>\n\t<meta property=\"og:image:height\" content=\"800\" \/>\n\t<meta property=\"og:image:type\" content=\"image\/jpeg\" \/>\n<meta name=\"author\" content=\"Alexandre Filluzeau\" \/>\n<meta name=\"twitter:card\" content=\"summary_large_image\" \/>\n<meta name=\"twitter:creator\" content=\"@italpassion\" \/>\n<meta name=\"twitter:site\" content=\"@italpassion\" \/>\n<script type=\"application\/ld+json\" class=\"yoast-schema-graph\">{\"@context\":\"https:\/\/schema.org\",\"@graph\":[{\"@type\":\"NewsArticle\",\"@id\":\"https:\/\/www.italpassion.fr\/tr\/competition\/f1-ce-celebre-pilote-ferrari-decide-dattaquer-la-fia-en-justice-a-cause-dun-ancien-scandale\/#article\",\"isPartOf\":{\"@id\":\"https:\/\/www.italpassion.fr\/tr\/competition\/f1-ce-celebre-pilote-ferrari-decide-dattaquer-la-fia-en-justice-a-cause-dun-ancien-scandale\/\"},\"author\":{\"name\":\"Alexandre Filluzeau\",\"@id\":\"https:\/\/www.italpassion.fr\/tr\/#\/schema\/person\/36f747b2a759ca202d847e85a9434ca0\"},\"headline\":\"F1 : ce c\u00e9l\u00e8bre pilote Ferrari d\u00e9cide d&rsquo;attaquer la FIA en justice \u00e0 cause d&rsquo;un ancien scandale\",\"datePublished\":\"2025-02-26T12:40:06+00:00\",\"dateModified\":\"2025-02-26T12:40:08+00:00\",\"mainEntityOfPage\":{\"@id\":\"https:\/\/www.italpassion.fr\/tr\/competition\/f1-ce-celebre-pilote-ferrari-decide-dattaquer-la-fia-en-justice-a-cause-dun-ancien-scandale\/\"},\"wordCount\":667,\"commentCount\":0,\"publisher\":{\"@id\":\"https:\/\/www.italpassion.fr\/tr\/#organization\"},\"image\":{\"@id\":\"https:\/\/www.italpassion.fr\/tr\/competition\/f1-ce-celebre-pilote-ferrari-decide-dattaquer-la-fia-en-justice-a-cause-dun-ancien-scandale\/#primaryimage\"},\"thumbnailUrl\":\"https:\/\/www.italpassion.fr\/wp-content\/uploads\/2025\/02\/felippe-massa.jpg\",\"keywords\":[\"Felipe Massa\"],\"articleSection\":[\"Formule 1\",\"Sport Auto\"],\"inLanguage\":\"tr\",\"potentialAction\":[{\"@type\":\"CommentAction\",\"name\":\"Comment\",\"target\":[\"https:\/\/www.italpassion.fr\/tr\/competition\/f1-ce-celebre-pilote-ferrari-decide-dattaquer-la-fia-en-justice-a-cause-dun-ancien-scandale\/#respond\"]}]},{\"@type\":\"WebPage\",\"@id\":\"https:\/\/www.italpassion.fr\/tr\/competition\/f1-ce-celebre-pilote-ferrari-decide-dattaquer-la-fia-en-justice-a-cause-dun-ancien-scandale\/\",\"url\":\"https:\/\/www.italpassion.fr\/tr\/competition\/f1-ce-celebre-pilote-ferrari-decide-dattaquer-la-fia-en-justice-a-cause-dun-ancien-scandale\/\",\"name\":\"F1 : ce c\u00e9l\u00e8bre pilote Ferrari d\u00e9cide d'attaquer la FIA en justice \u00e0 cause d'un ancien scandale - ItalPassion\",\"isPartOf\":{\"@id\":\"https:\/\/www.italpassion.fr\/tr\/#website\"},\"primaryImageOfPage\":{\"@id\":\"https:\/\/www.italpassion.fr\/tr\/competition\/f1-ce-celebre-pilote-ferrari-decide-dattaquer-la-fia-en-justice-a-cause-dun-ancien-scandale\/#primaryimage\"},\"image\":{\"@id\":\"https:\/\/www.italpassion.fr\/tr\/competition\/f1-ce-celebre-pilote-ferrari-decide-dattaquer-la-fia-en-justice-a-cause-dun-ancien-scandale\/#primaryimage\"},\"thumbnailUrl\":\"https:\/\/www.italpassion.fr\/wp-content\/uploads\/2025\/02\/felippe-massa.jpg\",\"datePublished\":\"2025-02-26T12:40:06+00:00\",\"dateModified\":\"2025-02-26T12:40:08+00:00\",\"description\":\"Felipe Massa, pilote Ferrari de 2006 \u00e0 2013. Photo Ferrari Le 28 octobre 2025 marquera peut-\u00eatre un tournant dans l'histoire de la F1. C'est \u00e0 cette date\",\"breadcrumb\":{\"@id\":\"https:\/\/www.italpassion.fr\/tr\/competition\/f1-ce-celebre-pilote-ferrari-decide-dattaquer-la-fia-en-justice-a-cause-dun-ancien-scandale\/#breadcrumb\"},\"inLanguage\":\"tr\",\"potentialAction\":[{\"@type\":\"ReadAction\",\"target\":[\"https:\/\/www.italpassion.fr\/tr\/competition\/f1-ce-celebre-pilote-ferrari-decide-dattaquer-la-fia-en-justice-a-cause-dun-ancien-scandale\/\"]}]},{\"@type\":\"ImageObject\",\"inLanguage\":\"tr\",\"@id\":\"https:\/\/www.italpassion.fr\/tr\/competition\/f1-ce-celebre-pilote-ferrari-decide-dattaquer-la-fia-en-justice-a-cause-dun-ancien-scandale\/#primaryimage\",\"url\":\"https:\/\/www.italpassion.fr\/wp-content\/uploads\/2025\/02\/felippe-massa.jpg\",\"contentUrl\":\"https:\/\/www.italpassion.fr\/wp-content\/uploads\/2025\/02\/felippe-massa.jpg\",\"width\":1200,\"height\":800},{\"@type\":\"BreadcrumbList\",\"@id\":\"https:\/\/www.italpassion.fr\/tr\/competition\/f1-ce-celebre-pilote-ferrari-decide-dattaquer-la-fia-en-justice-a-cause-dun-ancien-scandale\/#breadcrumb\",\"itemListElement\":[{\"@type\":\"ListItem\",\"position\":1,\"name\":\"Accueil\",\"item\":\"https:\/\/www.italpassion.fr\/tr\/\"},{\"@type\":\"ListItem\",\"position\":2,\"name\":\"F1 : ce c\u00e9l\u00e8bre pilote Ferrari d\u00e9cide d&rsquo;attaquer la FIA en justice \u00e0 cause d&rsquo;un ancien scandale\"}]},{\"@type\":\"WebSite\",\"@id\":\"https:\/\/www.italpassion.fr\/tr\/#website\",\"url\":\"https:\/\/www.italpassion.fr\/tr\/\",\"name\":\"ItalPassion\",\"description\":\"Les Passionn\u00e9s d&#039;Automobiles Italiennes\",\"publisher\":{\"@id\":\"https:\/\/www.italpassion.fr\/tr\/#organization\"},\"potentialAction\":[{\"@type\":\"SearchAction\",\"target\":{\"@type\":\"EntryPoint\",\"urlTemplate\":\"https:\/\/www.italpassion.fr\/tr\/?s={search_term_string}\"},\"query-input\":{\"@type\":\"PropertyValueSpecification\",\"valueRequired\":true,\"valueName\":\"search_term_string\"}}],\"inLanguage\":\"tr\"},{\"@type\":\"Organization\",\"@id\":\"https:\/\/www.italpassion.fr\/tr\/#organization\",\"name\":\"Italpassion\",\"url\":\"https:\/\/www.italpassion.fr\/tr\/\",\"logo\":{\"@type\":\"ImageObject\",\"inLanguage\":\"tr\",\"@id\":\"https:\/\/www.italpassion.fr\/tr\/#\/schema\/logo\/image\/\",\"url\":\"https:\/\/www.italpassion.fr\/wp-content\/uploads\/2023\/07\/italpassion-yoast.jpg\",\"contentUrl\":\"https:\/\/www.italpassion.fr\/wp-content\/uploads\/2023\/07\/italpassion-yoast.jpg\",\"width\":696,\"height\":696,\"caption\":\"Italpassion\"},\"image\":{\"@id\":\"https:\/\/www.italpassion.fr\/tr\/#\/schema\/logo\/image\/\"},\"sameAs\":[\"https:\/\/www.facebook.com\/italpassion\",\"https:\/\/x.com\/italpassion\",\"https:\/\/www.instagram.com\/italpassionfr\/\",\"https:\/\/www.youtube.com\/channel\/UCleq-ByQaA42OjhopwevRjQ\",\"https:\/\/www.facebook.com\/italpassion.en\/\",\"https:\/\/www.facebook.com\/italpassion.it\/\",\"https:\/\/www.facebook.com\/italpassion.de\/\",\"https:\/\/www.facebook.com\/italpassion.ja\/\"]},{\"@type\":\"Person\",\"@id\":\"https:\/\/www.italpassion.fr\/tr\/#\/schema\/person\/36f747b2a759ca202d847e85a9434ca0\",\"name\":\"Alexandre Filluzeau\",\"image\":{\"@type\":\"ImageObject\",\"inLanguage\":\"tr\",\"@id\":\"https:\/\/www.italpassion.fr\/tr\/#\/schema\/person\/image\/\",\"url\":\"https:\/\/www.italpassion.fr\/wp-content\/uploads\/2025\/04\/avatar-alexandre-160x160.jpg\",\"contentUrl\":\"https:\/\/www.italpassion.fr\/wp-content\/uploads\/2025\/04\/avatar-alexandre-160x160.jpg\",\"caption\":\"Alexandre Filluzeau\"},\"description\":\"Fondateur du site ItalPassion, passionn\u00e9 de voitures italiennes et de l'Italie en g\u00e9n\u00e9ral. J'apporte un regard critique et technique aux actualit\u00e9s des marques italiennes quand cela est possible. Propri\u00e9taire d'une Maserati GranTurismo, Alfa Romeo MiTo, Lancia Fulvia et Ducati 695. Ex-propri\u00e9taire d'une Alfa Romeo Giulia.\",\"sameAs\":[\"https:\/\/www.italpassion.fr\/\"],\"url\":\"https:\/\/www.italpassion.fr\/tr\/author\/alexandre\/\"}]}<\/script>\n<!-- \/ Yoast SEO plugin. -->","yoast_head_json":{"title":"F1: \u00dcnl\u00fc Ferrari pilotu eski skandal nedeniyle FIA'y\u0131 mahkemeye vermeye karar verdi - ItalPassion","description":"Felipe Massa, 2006-2013 y\u0131llar\u0131 aras\u0131nda Ferrari pilotu. Foto\u011fraf Ferrari 28 Ekim 2025 tarihi F1 tarihinde bir d\u00f6n\u00fcm noktas\u0131 olabilir. O tarihte","robots":{"index":"index","follow":"follow","max-snippet":"max-snippet:-1","max-image-preview":"max-image-preview:large","max-video-preview":"max-video-preview:-1"},"canonical":"https:\/\/www.italpassion.fr\/tr\/rekabet\/f1i\u0307n-unlu-ferrari\u0307-surucusu-eski\u0307-skandal-nedeni\u0307yle-fiayi-mahkemeye-vermeye-karar-verdi\u0307\/","og_locale":"tr_TR","og_type":"article","og_title":"F1 : ce c\u00e9l\u00e8bre pilote Ferrari d\u00e9cide d'attaquer la FIA en justice \u00e0 cause d'un ancien scandale - ItalPassion","og_description":"Felipe Massa, pilote Ferrari de 2006 \u00e0 2013. Photo Ferrari Le 28 octobre 2025 marquera peut-\u00eatre un tournant dans l'histoire de la F1. C'est \u00e0 cette date","og_url":"https:\/\/www.italpassion.fr\/tr\/rekabet\/f1i\u0307n-unlu-ferrari\u0307-surucusu-eski\u0307-skandal-nedeni\u0307yle-fiayi-mahkemeye-vermeye-karar-verdi\u0307\/","og_site_name":"ItalPassion","article_publisher":"https:\/\/www.facebook.com\/italpassion","article_published_time":"2025-02-26T12:40:06+00:00","article_modified_time":"2025-02-26T12:40:08+00:00","og_image":[{"width":1200,"height":800,"url":"https:\/\/www.italpassion.fr\/wp-content\/uploads\/2025\/02\/felippe-massa.jpg","type":"image\/jpeg"}],"author":"Alexandre Filluzeau","twitter_card":"summary_large_image","twitter_creator":"@italpassion","twitter_site":"@italpassion","schema":{"@context":"https:\/\/schema.org","@graph":[{"@type":"NewsArticle","@id":"https:\/\/www.italpassion.fr\/tr\/competition\/f1-ce-celebre-pilote-ferrari-decide-dattaquer-la-fia-en-justice-a-cause-dun-ancien-scandale\/#article","isPartOf":{"@id":"https:\/\/www.italpassion.fr\/tr\/competition\/f1-ce-celebre-pilote-ferrari-decide-dattaquer-la-fia-en-justice-a-cause-dun-ancien-scandale\/"},"author":{"name":"Alexandre Filluzeau","@id":"https:\/\/www.italpassion.fr\/tr\/#\/schema\/person\/36f747b2a759ca202d847e85a9434ca0"},"headline":"F1 : ce c\u00e9l\u00e8bre pilote Ferrari d\u00e9cide d&rsquo;attaquer la FIA en justice \u00e0 cause d&rsquo;un ancien scandale","datePublished":"2025-02-26T12:40:06+00:00","dateModified":"2025-02-26T12:40:08+00:00","mainEntityOfPage":{"@id":"https:\/\/www.italpassion.fr\/tr\/competition\/f1-ce-celebre-pilote-ferrari-decide-dattaquer-la-fia-en-justice-a-cause-dun-ancien-scandale\/"},"wordCount":667,"commentCount":0,"publisher":{"@id":"https:\/\/www.italpassion.fr\/tr\/#organization"},"image":{"@id":"https:\/\/www.italpassion.fr\/tr\/competition\/f1-ce-celebre-pilote-ferrari-decide-dattaquer-la-fia-en-justice-a-cause-dun-ancien-scandale\/#primaryimage"},"thumbnailUrl":"https:\/\/www.italpassion.fr\/wp-content\/uploads\/2025\/02\/felippe-massa.jpg","keywords":["Felipe Massa"],"articleSection":["Formule 1","Sport Auto"],"inLanguage":"tr","potentialAction":[{"@type":"CommentAction","name":"Comment","target":["https:\/\/www.italpassion.fr\/tr\/competition\/f1-ce-celebre-pilote-ferrari-decide-dattaquer-la-fia-en-justice-a-cause-dun-ancien-scandale\/#respond"]}]},{"@type":"WebPage","@id":"https:\/\/www.italpassion.fr\/tr\/competition\/f1-ce-celebre-pilote-ferrari-decide-dattaquer-la-fia-en-justice-a-cause-dun-ancien-scandale\/","url":"https:\/\/www.italpassion.fr\/tr\/competition\/f1-ce-celebre-pilote-ferrari-decide-dattaquer-la-fia-en-justice-a-cause-dun-ancien-scandale\/","name":"F1: \u00dcnl\u00fc Ferrari pilotu eski skandal nedeniyle FIA'y\u0131 mahkemeye vermeye karar verdi - ItalPassion","isPartOf":{"@id":"https:\/\/www.italpassion.fr\/tr\/#website"},"primaryImageOfPage":{"@id":"https:\/\/www.italpassion.fr\/tr\/competition\/f1-ce-celebre-pilote-ferrari-decide-dattaquer-la-fia-en-justice-a-cause-dun-ancien-scandale\/#primaryimage"},"image":{"@id":"https:\/\/www.italpassion.fr\/tr\/competition\/f1-ce-celebre-pilote-ferrari-decide-dattaquer-la-fia-en-justice-a-cause-dun-ancien-scandale\/#primaryimage"},"thumbnailUrl":"https:\/\/www.italpassion.fr\/wp-content\/uploads\/2025\/02\/felippe-massa.jpg","datePublished":"2025-02-26T12:40:06+00:00","dateModified":"2025-02-26T12:40:08+00:00","description":"Felipe Massa, 2006-2013 y\u0131llar\u0131 aras\u0131nda Ferrari pilotu. Foto\u011fraf Ferrari 28 Ekim 2025 tarihi F1 tarihinde bir d\u00f6n\u00fcm noktas\u0131 olabilir. O tarihte","breadcrumb":{"@id":"https:\/\/www.italpassion.fr\/tr\/competition\/f1-ce-celebre-pilote-ferrari-decide-dattaquer-la-fia-en-justice-a-cause-dun-ancien-scandale\/#breadcrumb"},"inLanguage":"tr","potentialAction":[{"@type":"ReadAction","target":["https:\/\/www.italpassion.fr\/tr\/competition\/f1-ce-celebre-pilote-ferrari-decide-dattaquer-la-fia-en-justice-a-cause-dun-ancien-scandale\/"]}]},{"@type":"ImageObject","inLanguage":"tr","@id":"https:\/\/www.italpassion.fr\/tr\/competition\/f1-ce-celebre-pilote-ferrari-decide-dattaquer-la-fia-en-justice-a-cause-dun-ancien-scandale\/#primaryimage","url":"https:\/\/www.italpassion.fr\/wp-content\/uploads\/2025\/02\/felippe-massa.jpg","contentUrl":"https:\/\/www.italpassion.fr\/wp-content\/uploads\/2025\/02\/felippe-massa.jpg","width":1200,"height":800},{"@type":"BreadcrumbList","@id":"https:\/\/www.italpassion.fr\/tr\/competition\/f1-ce-celebre-pilote-ferrari-decide-dattaquer-la-fia-en-justice-a-cause-dun-ancien-scandale\/#breadcrumb","itemListElement":[{"@type":"ListItem","position":1,"name":"Accueil","item":"https:\/\/www.italpassion.fr\/tr\/"},{"@type":"ListItem","position":2,"name":"F1 : ce c\u00e9l\u00e8bre pilote Ferrari d\u00e9cide d&rsquo;attaquer la FIA en justice \u00e0 cause d&rsquo;un ancien scandale"}]},{"@type":"WebSite","@id":"https:\/\/www.italpassion.fr\/tr\/#website","url":"https:\/\/www.italpassion.fr\/tr\/","name":"ItalPassion","description":"\u0130talyan Araba Merakl\u0131lar\u0131","publisher":{"@id":"https:\/\/www.italpassion.fr\/tr\/#organization"},"potentialAction":[{"@type":"SearchAction","target":{"@type":"EntryPoint","urlTemplate":"https:\/\/www.italpassion.fr\/tr\/?s={search_term_string}"},"query-input":{"@type":"PropertyValueSpecification","valueRequired":true,"valueName":"search_term_string"}}],"inLanguage":"tr"},{"@type":"Organization","@id":"https:\/\/www.italpassion.fr\/tr\/#organization","name":"Italpassion","url":"https:\/\/www.italpassion.fr\/tr\/","logo":{"@type":"ImageObject","inLanguage":"tr","@id":"https:\/\/www.italpassion.fr\/tr\/#\/schema\/logo\/image\/","url":"https:\/\/www.italpassion.fr\/wp-content\/uploads\/2023\/07\/italpassion-yoast.jpg","contentUrl":"https:\/\/www.italpassion.fr\/wp-content\/uploads\/2023\/07\/italpassion-yoast.jpg","width":696,"height":696,"caption":"Italpassion"},"image":{"@id":"https:\/\/www.italpassion.fr\/tr\/#\/schema\/logo\/image\/"},"sameAs":["https:\/\/www.facebook.com\/italpassion","https:\/\/x.com\/italpassion","https:\/\/www.instagram.com\/italpassionfr\/","https:\/\/www.youtube.com\/channel\/UCleq-ByQaA42OjhopwevRjQ","https:\/\/www.facebook.com\/italpassion.en\/","https:\/\/www.facebook.com\/italpassion.it\/","https:\/\/www.facebook.com\/italpassion.de\/","https:\/\/www.facebook.com\/italpassion.ja\/"]},{"@type":"Person","@id":"https:\/\/www.italpassion.fr\/tr\/#\/schema\/person\/36f747b2a759ca202d847e85a9434ca0","name":"Alexandre Filluzeau","image":{"@type":"ImageObject","inLanguage":"tr","@id":"https:\/\/www.italpassion.fr\/tr\/#\/schema\/person\/image\/","url":"https:\/\/www.italpassion.fr\/wp-content\/uploads\/2025\/04\/avatar-alexandre-160x160.jpg","contentUrl":"https:\/\/www.italpassion.fr\/wp-content\/uploads\/2025\/04\/avatar-alexandre-160x160.jpg","caption":"Alexandre Filluzeau"},"description":"ItalPassion web sitesinin kurucusu, \u0130talyan otomobilleri ve genel olarak \u0130talya hakk\u0131nda tutkulu. M\u00fcmk\u00fcn oldu\u011funca \u0130talyan markalar\u0131n\u0131n haberlerine ele\u015ftirel ve teknik bir g\u00f6z getiriyorum. Maserati GranTurismo, Alfa Romeo MiTo, Lancia Fulvia ve Ducati 695 sahibiyim. Alfa Romeo Giulia'n\u0131n eski sahibi.","sameAs":["https:\/\/www.italpassion.fr\/"],"url":"https:\/\/www.italpassion.fr\/tr\/author\/alexandre\/"}]}},"_links":{"self":[{"href":"https:\/\/www.italpassion.fr\/tr\/wp-json\/wp\/v2\/posts\/36899","targetHints":{"allow":["GET"]}}],"collection":[{"href":"https:\/\/www.italpassion.fr\/tr\/wp-json\/wp\/v2\/posts"}],"about":[{"href":"https:\/\/www.italpassion.fr\/tr\/wp-json\/wp\/v2\/types\/post"}],"author":[{"embeddable":true,"href":"https:\/\/www.italpassion.fr\/tr\/wp-json\/wp\/v2\/users\/1"}],"replies":[{"embeddable":true,"href":"https:\/\/www.italpassion.fr\/tr\/wp-json\/wp\/v2\/comments?post=36899"}],"version-history":[{"count":2,"href":"https:\/\/www.italpassion.fr\/tr\/wp-json\/wp\/v2\/posts\/36899\/revisions"}],"predecessor-version":[{"id":36902,"href":"https:\/\/www.italpassion.fr\/tr\/wp-json\/wp\/v2\/posts\/36899\/revisions\/36902"}],"wp:featuredmedia":[{"embeddable":true,"href":"https:\/\/www.italpassion.fr\/tr\/wp-json\/wp\/v2\/media\/36900"}],"wp:attachment":[{"href":"https:\/\/www.italpassion.fr\/tr\/wp-json\/wp\/v2\/media?parent=36899"}],"wp:term":[{"taxonomy":"category","embeddable":true,"href":"https:\/\/www.italpassion.fr\/tr\/wp-json\/wp\/v2\/categories?post=36899"},{"taxonomy":"post_tag","embeddable":true,"href":"https:\/\/www.italpassion.fr\/tr\/wp-json\/wp\/v2\/tags?post=36899"}],"curies":[{"name":"wp","href":"https:\/\/api.w.org\/{rel}","templated":true}]}}