{"id":36577,"date":"2025-02-14T12:07:49","date_gmt":"2025-02-14T11:07:49","guid":{"rendered":"https:\/\/www.italpassion.fr\/?p=36577"},"modified":"2025-02-14T12:07:50","modified_gmt":"2025-02-14T11:07:50","slug":"alfa-romeo-giulietta-oldu-cok-yasa-lalfetta","status":"publish","type":"post","link":"https:\/\/www.italpassion.fr\/tr\/alfa-romeo\/alfa-romeo-la-giulietta-est-morte-vive-lalfetta\/","title":{"rendered":"Alfa Romeo: Giulietta \u00f6ld\u00fc, \u00e7ok ya\u015fa Alfetta!"},"content":{"rendered":"<figure class=\"wp-block-image size-large\"><img loading=\"lazy\" decoding=\"async\" width=\"1024\" height=\"683\" src=\"https:\/\/www.italpassion.fr\/wp-content\/uploads\/2024\/12\/alfa-romeo-visuel-1-1024x683.jpg\" alt=\"\" class=\"wp-image-35767\" srcset=\"https:\/\/www.italpassion.fr\/wp-content\/uploads\/2024\/12\/alfa-romeo-visuel-1-1024x683.jpg 1024w, https:\/\/www.italpassion.fr\/wp-content\/uploads\/2024\/12\/alfa-romeo-visuel-1-300x200.jpg 300w, https:\/\/www.italpassion.fr\/wp-content\/uploads\/2024\/12\/alfa-romeo-visuel-1-768x512.jpg 768w, https:\/\/www.italpassion.fr\/wp-content\/uploads\/2024\/12\/alfa-romeo-visuel-1-18x12.jpg 18w, https:\/\/www.italpassion.fr\/wp-content\/uploads\/2024\/12\/alfa-romeo-visuel-1-561x374.jpg 561w, https:\/\/www.italpassion.fr\/wp-content\/uploads\/2024\/12\/alfa-romeo-visuel-1-1122x748.jpg 1122w, https:\/\/www.italpassion.fr\/wp-content\/uploads\/2024\/12\/alfa-romeo-visuel-1-265x177.jpg 265w, https:\/\/www.italpassion.fr\/wp-content\/uploads\/2024\/12\/alfa-romeo-visuel-1-531x354.jpg 531w, https:\/\/www.italpassion.fr\/wp-content\/uploads\/2024\/12\/alfa-romeo-visuel-1-364x243.jpg 364w, https:\/\/www.italpassion.fr\/wp-content\/uploads\/2024\/12\/alfa-romeo-visuel-1-728x485.jpg 728w, https:\/\/www.italpassion.fr\/wp-content\/uploads\/2024\/12\/alfa-romeo-visuel-1-608x405.jpg 608w, https:\/\/www.italpassion.fr\/wp-content\/uploads\/2024\/12\/alfa-romeo-visuel-1-758x505.jpg 758w, https:\/\/www.italpassion.fr\/wp-content\/uploads\/2024\/12\/alfa-romeo-visuel-1-1152x768.jpg 1152w, https:\/\/www.italpassion.fr\/wp-content\/uploads\/2024\/12\/alfa-romeo-visuel-1.jpg 1200w\" sizes=\"auto, (max-width: 1024px) 100vw, 1024px\" \/><\/figure>\n\n\n\n<p><strong>Giulietta ile ilgili soru <a href=\"https:\/\/www.italpassion.fr\/tr\/alfa-romeo\/\">Alfa Romeo<\/a> kesin olarak \u00e7\u00f6z\u00fclm\u00fc\u015f gibi g\u00f6r\u00fcn\u00fcyor.<\/strong> Yakla\u015f\u0131k iki hafta \u00f6nce, Alfa Romeo'nun yeni CEO'su Santo Ficili, markan\u0131n ikonik kompakt otomobilinin geri d\u00f6n\u00fc\u015f\u00fcyle ilgili s\u00f6ylentilere son noktay\u0131 koydu. ile yapt\u0131\u011f\u0131 bir r\u00f6portajda <em>L'Argus<\/em>G\u00fcn\u00fcm\u00fcz pazar\u0131nda yeni bir Giulietta'ya yer olmad\u0131\u011f\u0131n\u0131 kesin bir dille ifade etti. Ona g\u00f6re gelecek SUV'lara ait ve Giulietta'n\u0131n yolu Tonale ile a\u00e7\u0131l\u0131yor.<\/p>\n\n\n\n<p>Bir zamanlar Alfa Romeo'nun amiral gemisi modeli olan Giulietta, SUV'lar\u0131n geli\u015fiyle sat\u0131\u015flar\u0131n\u0131n d\u00fc\u015ft\u00fc\u011f\u00fcn\u00fc g\u00f6rd\u00fc. Nitekim, 2010-2020 y\u0131llar\u0131 aras\u0131nda 482.000 adetten fazla satt\u0131ktan sonra, Aral\u0131k 2020'de \u00fcretimi kesin olarak durduruldu. Ficili'ye g\u00f6re, \"\u00a0<a href=\"https:\/\/www.italpassion.fr\/tr\/alfa-romeo\/dalfa-romeonun-ceosu-yeni%cc%87-giulietta-projesi%cc%87ne-hayir-di%cc%87yor-ve-nedeni%cc%87ni%cc%87-acikliyor-2\/\">Giulietta bug\u00fcn\u00fcn Tonale'si<\/a>. Kompakt SUV b\u00f6ylece eski kompakt\u0131n yerini alarak markan\u0131n bu segmentteki kilit modeli haline geldi.<\/p>\n\n\n\n<p>Ancak bu karar Alfa Romeo'nun kompakt sedan segmentini tamamen terk etti\u011fi anlam\u0131na gelmiyor. Bir hat\u0131rlatma olarak, 2023 bahar\u0131nda Jean-Philippe Imparato, <strong>Alfa Romeo'nun eski CEO'su, ko\u015fullar\u0131n uygun olmas\u0131 halinde kompakt bir otomobilin yeniden piyasaya s\u00fcr\u00fclebilece\u011finden bahsetti. <\/strong>Ancak \u015fimdilik 2028'den \u00f6nce kompakt bir otomobil planlanmamakta, \u00f6ncelik Junior SUV ile Stelvio ve Giulia modellerinin yenilenmesine verilmektedir.<\/p>\n\n\n\n<blockquote class=\"wp-block-quote is-layout-flow wp-block-quote-is-layout-flow\"><svg aria-hidden=\"true\" focusable=\"false\" class=\"icon icon-quote\" width=\"48\" height=\"48\"><use xlink:href=\"#icon-quote\"><\/use><\/svg>\n<p>\"Alfa Romeo i\u00e7in C segmenti sadece Tonale olmayacak. Yapmak istedi\u011fim \u015fey... bir Alfetta\" Jean-Philippe Imparato, Mart 2023<\/p>\n<\/blockquote>\n\n\n\n<p>\u0130\u015fte bu noktada Giulietta'n\u0131n yerini alabilecek ger\u00e7ek yenilik olan Alfetta devreye giriyor. Giulietta'ya ula\u015f\u0131lamayacak gibi g\u00f6r\u00fcnse de, ayr\u0131 bir proje olan Alfetta hala g\u00fcndemde gibi g\u00f6r\u00fcn\u00fcyor, \u00e7\u00fcnk\u00fc Imparato bir Alfetta'dan, Ficili ise bir Giulietta'dan bahsetti, <strong>ve bunlar iki farkl\u0131 modeldir.<\/strong><\/p>\n\n\n\n<p><strong>Giulietta, kod ad\u0131 A2H,<\/strong> 2027'de STLA Medium platformunda A4U kod adl\u0131 Tonale ile a\u015fa\u011f\u0131 yukar\u0131 ayn\u0131 zamanda piyasaya s\u00fcr\u00fclecekti. Ancak Giulietta, STLA Medium platformundaki ara\u00e7lar\u0131n y\u00fcksek fiyat\u0131 nedeniyle iptal edilmi\u015f olabilir. Peugeot 3008 gibi fiyat\u0131 136 bhp hibrit versiyon i\u00e7in 36.000 \u20ac'dan ba\u015flayan modellere bakarsak, bu platformda benzer bir fiyata sahip olacak Giulietta'n\u0131n neden geni\u015f bir kitleye hitap etmekte zorlanm\u0131\u015f olabilece\u011fini anlamak kolayd\u0131r.<\/p>\n\n\n\n<figure class=\"wp-block-image size-large\"><img loading=\"lazy\" decoding=\"async\" width=\"1024\" height=\"580\" src=\"https:\/\/www.italpassion.fr\/wp-content\/uploads\/2025\/01\/alfa-romeo-giulietta-2028-1024x580.jpg\" alt=\"\" class=\"wp-image-36274\" srcset=\"https:\/\/www.italpassion.fr\/wp-content\/uploads\/2025\/01\/alfa-romeo-giulietta-2028-1024x580.jpg 1024w, https:\/\/www.italpassion.fr\/wp-content\/uploads\/2025\/01\/alfa-romeo-giulietta-2028-300x170.jpg 300w, https:\/\/www.italpassion.fr\/wp-content\/uploads\/2025\/01\/alfa-romeo-giulietta-2028-768x435.jpg 768w, https:\/\/www.italpassion.fr\/wp-content\/uploads\/2025\/01\/alfa-romeo-giulietta-2028-18x10.jpg 18w, https:\/\/www.italpassion.fr\/wp-content\/uploads\/2025\/01\/alfa-romeo-giulietta-2028-192x108.jpg 192w, https:\/\/www.italpassion.fr\/wp-content\/uploads\/2025\/01\/alfa-romeo-giulietta-2028-364x205.jpg 364w, https:\/\/www.italpassion.fr\/wp-content\/uploads\/2025\/01\/alfa-romeo-giulietta-2028-561x318.jpg 561w, https:\/\/www.italpassion.fr\/wp-content\/uploads\/2025\/01\/alfa-romeo-giulietta-2028-1122x635.jpg 1122w, https:\/\/www.italpassion.fr\/wp-content\/uploads\/2025\/01\/alfa-romeo-giulietta-2028-265x150.jpg 265w, https:\/\/www.italpassion.fr\/wp-content\/uploads\/2025\/01\/alfa-romeo-giulietta-2028-531x301.jpg 531w, https:\/\/www.italpassion.fr\/wp-content\/uploads\/2025\/01\/alfa-romeo-giulietta-2028-728x412.jpg 728w, https:\/\/www.italpassion.fr\/wp-content\/uploads\/2025\/01\/alfa-romeo-giulietta-2028-608x344.jpg 608w, https:\/\/www.italpassion.fr\/wp-content\/uploads\/2025\/01\/alfa-romeo-giulietta-2028-758x429.jpg 758w, https:\/\/www.italpassion.fr\/wp-content\/uploads\/2025\/01\/alfa-romeo-giulietta-2028-1152x652.jpg 1152w, https:\/\/www.italpassion.fr\/wp-content\/uploads\/2025\/01\/alfa-romeo-giulietta-2028.jpg 1279w\" sizes=\"auto, (max-width: 1024px) 100vw, 1024px\" \/><\/figure>\n\n\n\n<p><strong>Bize g\u00f6re, A2X kod adl\u0131 Alfetta projesi bu noktada devreye giriyor,<\/strong> devreye giriyor. Alfa Romeo'nun C-segmentine cevab\u0131 olabilir. Junior taraf\u0131ndan kullan\u0131lan eCMP platformunun evrimi olan STLA Small platformuna dayanan Alfetta, kompakt, daha hafif ve daha uygun fiyatl\u0131 bir model sunabilir. Bizim <a href=\"https:\/\/www.italpassion.fr\/tr\/alfa-romeo\/alfa-romeo-yeni%cc%87-urun-yelpazesi%cc%87-2029a-kadar-nasil-gorunebi%cc%87li%cc%87r\/\">Alfa Romeo'nun son \u00fcr\u00fcn plan\u0131<\/a>O zaman, 2029 y\u0131l\u0131nda f\u0131rlat\u0131labilece\u011fini tahmin etmi\u015ftik. Son olarak, d\u00fcn bildirdi\u011fimiz \u00fczere<a href=\"https:\/\/www.italpassion.fr\/tr\/fiat\/gelecek-fiat-500-2030-ve-panda-2030-platform-degi%cc%87si%cc%87kli%cc%87gi%cc%87\/\">Fiat Panda art\u0131k STLA Small'da yer almayacak<\/a>b\u0131rakan <strong>Bu Alfetta'n\u0131n \u0130talya'da Pomigliano d'Arco'da \u00fcretilmesi i\u00e7in bir f\u0131rsat<\/strong>Stellantis taraf\u0131ndan 2028 y\u0131l\u0131nda duyurulan hen\u00fcz bilinmeyen iki modelden biri.<\/p>\n\n\n\n<figure class=\"wp-block-image size-large\"><img loading=\"lazy\" decoding=\"async\" width=\"1024\" height=\"885\" src=\"https:\/\/www.italpassion.fr\/wp-content\/uploads\/2024\/12\/stellantis-pomigliano-darco-1024x885.jpg\" alt=\"\" class=\"wp-image-35600\" srcset=\"https:\/\/www.italpassion.fr\/wp-content\/uploads\/2024\/12\/stellantis-pomigliano-darco-1024x885.jpg 1024w, https:\/\/www.italpassion.fr\/wp-content\/uploads\/2024\/12\/stellantis-pomigliano-darco-300x259.jpg 300w, https:\/\/www.italpassion.fr\/wp-content\/uploads\/2024\/12\/stellantis-pomigliano-darco-768x664.jpg 768w, https:\/\/www.italpassion.fr\/wp-content\/uploads\/2024\/12\/stellantis-pomigliano-darco-14x12.jpg 14w, https:\/\/www.italpassion.fr\/wp-content\/uploads\/2024\/12\/stellantis-pomigliano-darco-561x485.jpg 561w, https:\/\/www.italpassion.fr\/wp-content\/uploads\/2024\/12\/stellantis-pomigliano-darco-1122x970.jpg 1122w, https:\/\/www.italpassion.fr\/wp-content\/uploads\/2024\/12\/stellantis-pomigliano-darco-265x229.jpg 265w, https:\/\/www.italpassion.fr\/wp-content\/uploads\/2024\/12\/stellantis-pomigliano-darco-531x459.jpg 531w, https:\/\/www.italpassion.fr\/wp-content\/uploads\/2024\/12\/stellantis-pomigliano-darco-364x315.jpg 364w, https:\/\/www.italpassion.fr\/wp-content\/uploads\/2024\/12\/stellantis-pomigliano-darco-728x629.jpg 728w, https:\/\/www.italpassion.fr\/wp-content\/uploads\/2024\/12\/stellantis-pomigliano-darco-608x526.jpg 608w, https:\/\/www.italpassion.fr\/wp-content\/uploads\/2024\/12\/stellantis-pomigliano-darco-758x655.jpg 758w, https:\/\/www.italpassion.fr\/wp-content\/uploads\/2024\/12\/stellantis-pomigliano-darco-1152x996.jpg 1152w, https:\/\/www.italpassion.fr\/wp-content\/uploads\/2024\/12\/stellantis-pomigliano-darco.jpg 1504w\" sizes=\"auto, (max-width: 1024px) 100vw, 1024px\" \/><\/figure>\n\n\n\n<p>Elbette t\u00fcm bunlar elimizdeki ufak tefek bilgilere ve kendi d\u00fc\u015f\u00fcncelerimize dayanan spek\u00fclasyonlardan ibaret. Ve 2028, 2029 hala \u00e7ok uzak!<\/p>","protected":false},"excerpt":{"rendered":"","protected":false},"author":1,"featured_media":35767,"comment_status":"open","ping_status":"open","sticky":false,"template":"","format":"standard","meta":{"_acf_changed":false,"_sitemap_exclude":false,"_sitemap_priority":"","_sitemap_frequency":"","footnotes":""},"categories":[22],"tags":[291],"class_list":["post-36577","post","type-post","status-publish","format-standard","has-post-thumbnail","hentry","category-alfa-romeo","tag-alfa-romeo-giulietta","generate-columns","tablet-grid-50","mobile-grid-100","grid-parent","grid-33"],"acf":[],"yoast_head":"<!-- This site is optimized with the Yoast SEO plugin v25.8 - https:\/\/yoast.com\/wordpress\/plugins\/seo\/ -->\n<title>Alfa Romeo : la Giulietta est morte, vive l&#039;Alfetta ! - ItalPassion<\/title>\n<meta name=\"description\" content=\"La question de la Giulietta chez Alfa Romeo semble d\u00e9finitivement r\u00e9gl\u00e9e. Il y a environ deux semaines, Santo Ficili, le nouveau PDG d&#039;Alfa Romeo, a mis\" \/>\n<meta name=\"robots\" content=\"index, follow, max-snippet:-1, max-image-preview:large, max-video-preview:-1\" \/>\n<link rel=\"canonical\" href=\"https:\/\/www.italpassion.fr\/tr\/alfa-romeo\/alfa-romeo-giulietta-oldu-cok-yasa-lalfetta\/\" \/>\n<meta property=\"og:locale\" content=\"tr_TR\" \/>\n<meta property=\"og:type\" content=\"article\" \/>\n<meta property=\"og:title\" content=\"Alfa Romeo : la Giulietta est morte, vive l&#039;Alfetta ! - ItalPassion\" \/>\n<meta property=\"og:description\" content=\"La question de la Giulietta chez Alfa Romeo semble d\u00e9finitivement r\u00e9gl\u00e9e. Il y a environ deux semaines, Santo Ficili, le nouveau PDG d&#039;Alfa Romeo, a mis\" \/>\n<meta property=\"og:url\" content=\"https:\/\/www.italpassion.fr\/tr\/alfa-romeo\/alfa-romeo-giulietta-oldu-cok-yasa-lalfetta\/\" \/>\n<meta property=\"og:site_name\" content=\"ItalPassion\" \/>\n<meta property=\"article:publisher\" content=\"https:\/\/www.facebook.com\/italpassion\" \/>\n<meta property=\"article:published_time\" content=\"2025-02-14T11:07:49+00:00\" \/>\n<meta property=\"article:modified_time\" content=\"2025-02-14T11:07:50+00:00\" \/>\n<meta property=\"og:image\" content=\"https:\/\/www.italpassion.fr\/wp-content\/uploads\/2024\/12\/alfa-romeo-visuel-1.jpg\" \/>\n\t<meta property=\"og:image:width\" content=\"1200\" \/>\n\t<meta property=\"og:image:height\" content=\"800\" \/>\n\t<meta property=\"og:image:type\" content=\"image\/jpeg\" \/>\n<meta name=\"author\" content=\"Alexandre Filluzeau\" \/>\n<meta name=\"twitter:card\" content=\"summary_large_image\" \/>\n<meta name=\"twitter:creator\" content=\"@italpassion\" \/>\n<meta name=\"twitter:site\" content=\"@italpassion\" \/>\n<script type=\"application\/ld+json\" class=\"yoast-schema-graph\">{\"@context\":\"https:\/\/schema.org\",\"@graph\":[{\"@type\":\"NewsArticle\",\"@id\":\"https:\/\/www.italpassion.fr\/tr\/alfa-romeo\/alfa-romeo-la-giulietta-est-morte-vive-lalfetta\/#article\",\"isPartOf\":{\"@id\":\"https:\/\/www.italpassion.fr\/tr\/alfa-romeo\/alfa-romeo-la-giulietta-est-morte-vive-lalfetta\/\"},\"author\":{\"name\":\"Alexandre Filluzeau\",\"@id\":\"https:\/\/www.italpassion.fr\/tr\/#\/schema\/person\/36f747b2a759ca202d847e85a9434ca0\"},\"headline\":\"Alfa Romeo : la Giulietta est morte, vive l&rsquo;Alfetta !\",\"datePublished\":\"2025-02-14T11:07:49+00:00\",\"dateModified\":\"2025-02-14T11:07:50+00:00\",\"mainEntityOfPage\":{\"@id\":\"https:\/\/www.italpassion.fr\/tr\/alfa-romeo\/alfa-romeo-la-giulietta-est-morte-vive-lalfetta\/\"},\"wordCount\":598,\"commentCount\":16,\"publisher\":{\"@id\":\"https:\/\/www.italpassion.fr\/tr\/#organization\"},\"image\":{\"@id\":\"https:\/\/www.italpassion.fr\/tr\/alfa-romeo\/alfa-romeo-la-giulietta-est-morte-vive-lalfetta\/#primaryimage\"},\"thumbnailUrl\":\"https:\/\/www.italpassion.fr\/wp-content\/uploads\/2024\/12\/alfa-romeo-visuel-1.jpg\",\"keywords\":[\"Alfa Romeo Giulietta\"],\"articleSection\":[\"Alfa Romeo\"],\"inLanguage\":\"tr\",\"potentialAction\":[{\"@type\":\"CommentAction\",\"name\":\"Comment\",\"target\":[\"https:\/\/www.italpassion.fr\/tr\/alfa-romeo\/alfa-romeo-la-giulietta-est-morte-vive-lalfetta\/#respond\"]}]},{\"@type\":\"WebPage\",\"@id\":\"https:\/\/www.italpassion.fr\/tr\/alfa-romeo\/alfa-romeo-la-giulietta-est-morte-vive-lalfetta\/\",\"url\":\"https:\/\/www.italpassion.fr\/tr\/alfa-romeo\/alfa-romeo-la-giulietta-est-morte-vive-lalfetta\/\",\"name\":\"Alfa Romeo : la Giulietta est morte, vive l'Alfetta ! - ItalPassion\",\"isPartOf\":{\"@id\":\"https:\/\/www.italpassion.fr\/tr\/#website\"},\"primaryImageOfPage\":{\"@id\":\"https:\/\/www.italpassion.fr\/tr\/alfa-romeo\/alfa-romeo-la-giulietta-est-morte-vive-lalfetta\/#primaryimage\"},\"image\":{\"@id\":\"https:\/\/www.italpassion.fr\/tr\/alfa-romeo\/alfa-romeo-la-giulietta-est-morte-vive-lalfetta\/#primaryimage\"},\"thumbnailUrl\":\"https:\/\/www.italpassion.fr\/wp-content\/uploads\/2024\/12\/alfa-romeo-visuel-1.jpg\",\"datePublished\":\"2025-02-14T11:07:49+00:00\",\"dateModified\":\"2025-02-14T11:07:50+00:00\",\"description\":\"La question de la Giulietta chez Alfa Romeo semble d\u00e9finitivement r\u00e9gl\u00e9e. Il y a environ deux semaines, Santo Ficili, le nouveau PDG d'Alfa Romeo, a mis\",\"breadcrumb\":{\"@id\":\"https:\/\/www.italpassion.fr\/tr\/alfa-romeo\/alfa-romeo-la-giulietta-est-morte-vive-lalfetta\/#breadcrumb\"},\"inLanguage\":\"tr\",\"potentialAction\":[{\"@type\":\"ReadAction\",\"target\":[\"https:\/\/www.italpassion.fr\/tr\/alfa-romeo\/alfa-romeo-la-giulietta-est-morte-vive-lalfetta\/\"]}]},{\"@type\":\"ImageObject\",\"inLanguage\":\"tr\",\"@id\":\"https:\/\/www.italpassion.fr\/tr\/alfa-romeo\/alfa-romeo-la-giulietta-est-morte-vive-lalfetta\/#primaryimage\",\"url\":\"https:\/\/www.italpassion.fr\/wp-content\/uploads\/2024\/12\/alfa-romeo-visuel-1.jpg\",\"contentUrl\":\"https:\/\/www.italpassion.fr\/wp-content\/uploads\/2024\/12\/alfa-romeo-visuel-1.jpg\",\"width\":1200,\"height\":800},{\"@type\":\"BreadcrumbList\",\"@id\":\"https:\/\/www.italpassion.fr\/tr\/alfa-romeo\/alfa-romeo-la-giulietta-est-morte-vive-lalfetta\/#breadcrumb\",\"itemListElement\":[{\"@type\":\"ListItem\",\"position\":1,\"name\":\"Accueil\",\"item\":\"https:\/\/www.italpassion.fr\/tr\/\"},{\"@type\":\"ListItem\",\"position\":2,\"name\":\"Alfa Romeo : la Giulietta est morte, vive l&rsquo;Alfetta !\"}]},{\"@type\":\"WebSite\",\"@id\":\"https:\/\/www.italpassion.fr\/tr\/#website\",\"url\":\"https:\/\/www.italpassion.fr\/tr\/\",\"name\":\"ItalPassion\",\"description\":\"Les Passionn\u00e9s d&#039;Automobiles Italiennes\",\"publisher\":{\"@id\":\"https:\/\/www.italpassion.fr\/tr\/#organization\"},\"potentialAction\":[{\"@type\":\"SearchAction\",\"target\":{\"@type\":\"EntryPoint\",\"urlTemplate\":\"https:\/\/www.italpassion.fr\/tr\/?s={search_term_string}\"},\"query-input\":{\"@type\":\"PropertyValueSpecification\",\"valueRequired\":true,\"valueName\":\"search_term_string\"}}],\"inLanguage\":\"tr\"},{\"@type\":\"Organization\",\"@id\":\"https:\/\/www.italpassion.fr\/tr\/#organization\",\"name\":\"Italpassion\",\"url\":\"https:\/\/www.italpassion.fr\/tr\/\",\"logo\":{\"@type\":\"ImageObject\",\"inLanguage\":\"tr\",\"@id\":\"https:\/\/www.italpassion.fr\/tr\/#\/schema\/logo\/image\/\",\"url\":\"https:\/\/www.italpassion.fr\/wp-content\/uploads\/2023\/07\/italpassion-yoast.jpg\",\"contentUrl\":\"https:\/\/www.italpassion.fr\/wp-content\/uploads\/2023\/07\/italpassion-yoast.jpg\",\"width\":696,\"height\":696,\"caption\":\"Italpassion\"},\"image\":{\"@id\":\"https:\/\/www.italpassion.fr\/tr\/#\/schema\/logo\/image\/\"},\"sameAs\":[\"https:\/\/www.facebook.com\/italpassion\",\"https:\/\/x.com\/italpassion\",\"https:\/\/www.instagram.com\/italpassionfr\/\",\"https:\/\/www.youtube.com\/channel\/UCleq-ByQaA42OjhopwevRjQ\",\"https:\/\/www.facebook.com\/italpassion.en\/\",\"https:\/\/www.facebook.com\/italpassion.it\/\",\"https:\/\/www.facebook.com\/italpassion.de\/\",\"https:\/\/www.facebook.com\/italpassion.ja\/\"]},{\"@type\":\"Person\",\"@id\":\"https:\/\/www.italpassion.fr\/tr\/#\/schema\/person\/36f747b2a759ca202d847e85a9434ca0\",\"name\":\"Alexandre Filluzeau\",\"image\":{\"@type\":\"ImageObject\",\"inLanguage\":\"tr\",\"@id\":\"https:\/\/www.italpassion.fr\/tr\/#\/schema\/person\/image\/\",\"url\":\"https:\/\/www.italpassion.fr\/wp-content\/uploads\/2025\/04\/avatar-alexandre-160x160.jpg\",\"contentUrl\":\"https:\/\/www.italpassion.fr\/wp-content\/uploads\/2025\/04\/avatar-alexandre-160x160.jpg\",\"caption\":\"Alexandre Filluzeau\"},\"description\":\"Fondateur du site ItalPassion, passionn\u00e9 de voitures italiennes et de l'Italie en g\u00e9n\u00e9ral. J'apporte un regard critique et technique aux actualit\u00e9s des marques italiennes quand cela est possible. Propri\u00e9taire d'une Maserati GranTurismo, Alfa Romeo MiTo, Lancia Fulvia et Ducati 695. Ex-propri\u00e9taire d'une Alfa Romeo Giulia.\",\"sameAs\":[\"https:\/\/www.italpassion.fr\/\"],\"url\":\"https:\/\/www.italpassion.fr\/tr\/author\/alexandre\/\"}]}<\/script>\n<!-- \/ Yoast SEO plugin. -->","yoast_head_json":{"title":"Alfa Romeo: Giulietta \u00f6ld\u00fc, \u00e7ok ya\u015fa Alfetta! - ItalPassion","description":"Alfa Romeo'nun Giulietta's\u0131 ile ilgili sorun kesin olarak \u00e7\u00f6z\u00fclm\u00fc\u015f gibi g\u00f6r\u00fcn\u00fcyor. Yakla\u015f\u0131k iki hafta \u00f6nce, Alfa Romeo'nun yeni CEO'su Santo Ficili, Giulietta'n\u0131n","robots":{"index":"index","follow":"follow","max-snippet":"max-snippet:-1","max-image-preview":"max-image-preview:large","max-video-preview":"max-video-preview:-1"},"canonical":"https:\/\/www.italpassion.fr\/tr\/alfa-romeo\/alfa-romeo-giulietta-oldu-cok-yasa-lalfetta\/","og_locale":"tr_TR","og_type":"article","og_title":"Alfa Romeo : la Giulietta est morte, vive l'Alfetta ! - ItalPassion","og_description":"La question de la Giulietta chez Alfa Romeo semble d\u00e9finitivement r\u00e9gl\u00e9e. Il y a environ deux semaines, Santo Ficili, le nouveau PDG d'Alfa Romeo, a mis","og_url":"https:\/\/www.italpassion.fr\/tr\/alfa-romeo\/alfa-romeo-giulietta-oldu-cok-yasa-lalfetta\/","og_site_name":"ItalPassion","article_publisher":"https:\/\/www.facebook.com\/italpassion","article_published_time":"2025-02-14T11:07:49+00:00","article_modified_time":"2025-02-14T11:07:50+00:00","og_image":[{"width":1200,"height":800,"url":"https:\/\/www.italpassion.fr\/wp-content\/uploads\/2024\/12\/alfa-romeo-visuel-1.jpg","type":"image\/jpeg"}],"author":"Alexandre Filluzeau","twitter_card":"summary_large_image","twitter_creator":"@italpassion","twitter_site":"@italpassion","schema":{"@context":"https:\/\/schema.org","@graph":[{"@type":"NewsArticle","@id":"https:\/\/www.italpassion.fr\/tr\/alfa-romeo\/alfa-romeo-la-giulietta-est-morte-vive-lalfetta\/#article","isPartOf":{"@id":"https:\/\/www.italpassion.fr\/tr\/alfa-romeo\/alfa-romeo-la-giulietta-est-morte-vive-lalfetta\/"},"author":{"name":"Alexandre Filluzeau","@id":"https:\/\/www.italpassion.fr\/tr\/#\/schema\/person\/36f747b2a759ca202d847e85a9434ca0"},"headline":"Alfa Romeo : la Giulietta est morte, vive l&rsquo;Alfetta !","datePublished":"2025-02-14T11:07:49+00:00","dateModified":"2025-02-14T11:07:50+00:00","mainEntityOfPage":{"@id":"https:\/\/www.italpassion.fr\/tr\/alfa-romeo\/alfa-romeo-la-giulietta-est-morte-vive-lalfetta\/"},"wordCount":598,"commentCount":16,"publisher":{"@id":"https:\/\/www.italpassion.fr\/tr\/#organization"},"image":{"@id":"https:\/\/www.italpassion.fr\/tr\/alfa-romeo\/alfa-romeo-la-giulietta-est-morte-vive-lalfetta\/#primaryimage"},"thumbnailUrl":"https:\/\/www.italpassion.fr\/wp-content\/uploads\/2024\/12\/alfa-romeo-visuel-1.jpg","keywords":["Alfa Romeo Giulietta"],"articleSection":["Alfa Romeo"],"inLanguage":"tr","potentialAction":[{"@type":"CommentAction","name":"Comment","target":["https:\/\/www.italpassion.fr\/tr\/alfa-romeo\/alfa-romeo-la-giulietta-est-morte-vive-lalfetta\/#respond"]}]},{"@type":"WebPage","@id":"https:\/\/www.italpassion.fr\/tr\/alfa-romeo\/alfa-romeo-la-giulietta-est-morte-vive-lalfetta\/","url":"https:\/\/www.italpassion.fr\/tr\/alfa-romeo\/alfa-romeo-la-giulietta-est-morte-vive-lalfetta\/","name":"Alfa Romeo: Giulietta \u00f6ld\u00fc, \u00e7ok ya\u015fa Alfetta! - ItalPassion","isPartOf":{"@id":"https:\/\/www.italpassion.fr\/tr\/#website"},"primaryImageOfPage":{"@id":"https:\/\/www.italpassion.fr\/tr\/alfa-romeo\/alfa-romeo-la-giulietta-est-morte-vive-lalfetta\/#primaryimage"},"image":{"@id":"https:\/\/www.italpassion.fr\/tr\/alfa-romeo\/alfa-romeo-la-giulietta-est-morte-vive-lalfetta\/#primaryimage"},"thumbnailUrl":"https:\/\/www.italpassion.fr\/wp-content\/uploads\/2024\/12\/alfa-romeo-visuel-1.jpg","datePublished":"2025-02-14T11:07:49+00:00","dateModified":"2025-02-14T11:07:50+00:00","description":"Alfa Romeo'nun Giulietta's\u0131 ile ilgili sorun kesin olarak \u00e7\u00f6z\u00fclm\u00fc\u015f gibi g\u00f6r\u00fcn\u00fcyor. Yakla\u015f\u0131k iki hafta \u00f6nce, Alfa Romeo'nun yeni CEO'su Santo Ficili, Giulietta'n\u0131n","breadcrumb":{"@id":"https:\/\/www.italpassion.fr\/tr\/alfa-romeo\/alfa-romeo-la-giulietta-est-morte-vive-lalfetta\/#breadcrumb"},"inLanguage":"tr","potentialAction":[{"@type":"ReadAction","target":["https:\/\/www.italpassion.fr\/tr\/alfa-romeo\/alfa-romeo-la-giulietta-est-morte-vive-lalfetta\/"]}]},{"@type":"ImageObject","inLanguage":"tr","@id":"https:\/\/www.italpassion.fr\/tr\/alfa-romeo\/alfa-romeo-la-giulietta-est-morte-vive-lalfetta\/#primaryimage","url":"https:\/\/www.italpassion.fr\/wp-content\/uploads\/2024\/12\/alfa-romeo-visuel-1.jpg","contentUrl":"https:\/\/www.italpassion.fr\/wp-content\/uploads\/2024\/12\/alfa-romeo-visuel-1.jpg","width":1200,"height":800},{"@type":"BreadcrumbList","@id":"https:\/\/www.italpassion.fr\/tr\/alfa-romeo\/alfa-romeo-la-giulietta-est-morte-vive-lalfetta\/#breadcrumb","itemListElement":[{"@type":"ListItem","position":1,"name":"Accueil","item":"https:\/\/www.italpassion.fr\/tr\/"},{"@type":"ListItem","position":2,"name":"Alfa Romeo : la Giulietta est morte, vive l&rsquo;Alfetta !"}]},{"@type":"WebSite","@id":"https:\/\/www.italpassion.fr\/tr\/#website","url":"https:\/\/www.italpassion.fr\/tr\/","name":"ItalPassion","description":"\u0130talyan Araba Merakl\u0131lar\u0131","publisher":{"@id":"https:\/\/www.italpassion.fr\/tr\/#organization"},"potentialAction":[{"@type":"SearchAction","target":{"@type":"EntryPoint","urlTemplate":"https:\/\/www.italpassion.fr\/tr\/?s={search_term_string}"},"query-input":{"@type":"PropertyValueSpecification","valueRequired":true,"valueName":"search_term_string"}}],"inLanguage":"tr"},{"@type":"Organization","@id":"https:\/\/www.italpassion.fr\/tr\/#organization","name":"Italpassion","url":"https:\/\/www.italpassion.fr\/tr\/","logo":{"@type":"ImageObject","inLanguage":"tr","@id":"https:\/\/www.italpassion.fr\/tr\/#\/schema\/logo\/image\/","url":"https:\/\/www.italpassion.fr\/wp-content\/uploads\/2023\/07\/italpassion-yoast.jpg","contentUrl":"https:\/\/www.italpassion.fr\/wp-content\/uploads\/2023\/07\/italpassion-yoast.jpg","width":696,"height":696,"caption":"Italpassion"},"image":{"@id":"https:\/\/www.italpassion.fr\/tr\/#\/schema\/logo\/image\/"},"sameAs":["https:\/\/www.facebook.com\/italpassion","https:\/\/x.com\/italpassion","https:\/\/www.instagram.com\/italpassionfr\/","https:\/\/www.youtube.com\/channel\/UCleq-ByQaA42OjhopwevRjQ","https:\/\/www.facebook.com\/italpassion.en\/","https:\/\/www.facebook.com\/italpassion.it\/","https:\/\/www.facebook.com\/italpassion.de\/","https:\/\/www.facebook.com\/italpassion.ja\/"]},{"@type":"Person","@id":"https:\/\/www.italpassion.fr\/tr\/#\/schema\/person\/36f747b2a759ca202d847e85a9434ca0","name":"Alexandre Filluzeau","image":{"@type":"ImageObject","inLanguage":"tr","@id":"https:\/\/www.italpassion.fr\/tr\/#\/schema\/person\/image\/","url":"https:\/\/www.italpassion.fr\/wp-content\/uploads\/2025\/04\/avatar-alexandre-160x160.jpg","contentUrl":"https:\/\/www.italpassion.fr\/wp-content\/uploads\/2025\/04\/avatar-alexandre-160x160.jpg","caption":"Alexandre Filluzeau"},"description":"ItalPassion web sitesinin kurucusu, \u0130talyan otomobilleri ve genel olarak \u0130talya hakk\u0131nda tutkulu. M\u00fcmk\u00fcn oldu\u011funca \u0130talyan markalar\u0131n\u0131n haberlerine ele\u015ftirel ve teknik bir g\u00f6z getiriyorum. Maserati GranTurismo, Alfa Romeo MiTo, Lancia Fulvia ve Ducati 695 sahibiyim. Alfa Romeo Giulia'n\u0131n eski sahibi.","sameAs":["https:\/\/www.italpassion.fr\/"],"url":"https:\/\/www.italpassion.fr\/tr\/author\/alexandre\/"}]}},"_links":{"self":[{"href":"https:\/\/www.italpassion.fr\/tr\/wp-json\/wp\/v2\/posts\/36577","targetHints":{"allow":["GET"]}}],"collection":[{"href":"https:\/\/www.italpassion.fr\/tr\/wp-json\/wp\/v2\/posts"}],"about":[{"href":"https:\/\/www.italpassion.fr\/tr\/wp-json\/wp\/v2\/types\/post"}],"author":[{"embeddable":true,"href":"https:\/\/www.italpassion.fr\/tr\/wp-json\/wp\/v2\/users\/1"}],"replies":[{"embeddable":true,"href":"https:\/\/www.italpassion.fr\/tr\/wp-json\/wp\/v2\/comments?post=36577"}],"version-history":[{"count":3,"href":"https:\/\/www.italpassion.fr\/tr\/wp-json\/wp\/v2\/posts\/36577\/revisions"}],"predecessor-version":[{"id":36648,"href":"https:\/\/www.italpassion.fr\/tr\/wp-json\/wp\/v2\/posts\/36577\/revisions\/36648"}],"wp:featuredmedia":[{"embeddable":true,"href":"https:\/\/www.italpassion.fr\/tr\/wp-json\/wp\/v2\/media\/35767"}],"wp:attachment":[{"href":"https:\/\/www.italpassion.fr\/tr\/wp-json\/wp\/v2\/media?parent=36577"}],"wp:term":[{"taxonomy":"category","embeddable":true,"href":"https:\/\/www.italpassion.fr\/tr\/wp-json\/wp\/v2\/categories?post=36577"},{"taxonomy":"post_tag","embeddable":true,"href":"https:\/\/www.italpassion.fr\/tr\/wp-json\/wp\/v2\/tags?post=36577"}],"curies":[{"name":"wp","href":"https:\/\/api.w.org\/{rel}","templated":true}]}}