{"id":35478,"date":"2024-12-09T21:10:03","date_gmt":"2024-12-09T20:10:03","guid":{"rendered":"https:\/\/www.italpassion.fr\/?p=35478"},"modified":"2024-12-09T21:10:05","modified_gmt":"2024-12-09T20:10:05","slug":"fiat-500e-marka-fi%cc%87yatlari-yi%cc%87ne-dusuruyor-ve-bu-durum-uzun-surmeyebi%cc%87li%cc%87r","status":"publish","type":"post","link":"https:\/\/www.italpassion.fr\/tr\/fiat\/fiat-500e-la-marque-casse-encore-les-prix-et-ca-pourrait-ne-pas-durer\/","title":{"rendered":"Fiat 500e: Marka fiyatlar\u0131 d\u00fc\u015f\u00fcr\u00fcyor (tekrar) ve bu uzun s\u00fcrmeyebilir"},"content":{"rendered":"<figure class=\"wp-block-image size-large\"><img loading=\"lazy\" decoding=\"async\" width=\"1024\" height=\"683\" src=\"https:\/\/www.italpassion.fr\/wp-content\/uploads\/2024\/12\/fiat-500e-promo-1024x683.jpg\" alt=\"\" class=\"wp-image-35480\" srcset=\"https:\/\/www.italpassion.fr\/wp-content\/uploads\/2024\/12\/fiat-500e-promo-1024x683.jpg 1024w, https:\/\/www.italpassion.fr\/wp-content\/uploads\/2024\/12\/fiat-500e-promo-300x200.jpg 300w, https:\/\/www.italpassion.fr\/wp-content\/uploads\/2024\/12\/fiat-500e-promo-768x512.jpg 768w, https:\/\/www.italpassion.fr\/wp-content\/uploads\/2024\/12\/fiat-500e-promo-18x12.jpg 18w, https:\/\/www.italpassion.fr\/wp-content\/uploads\/2024\/12\/fiat-500e-promo-561x374.jpg 561w, https:\/\/www.italpassion.fr\/wp-content\/uploads\/2024\/12\/fiat-500e-promo-1122x748.jpg 1122w, https:\/\/www.italpassion.fr\/wp-content\/uploads\/2024\/12\/fiat-500e-promo-265x177.jpg 265w, https:\/\/www.italpassion.fr\/wp-content\/uploads\/2024\/12\/fiat-500e-promo-531x354.jpg 531w, https:\/\/www.italpassion.fr\/wp-content\/uploads\/2024\/12\/fiat-500e-promo-364x243.jpg 364w, https:\/\/www.italpassion.fr\/wp-content\/uploads\/2024\/12\/fiat-500e-promo-728x485.jpg 728w, https:\/\/www.italpassion.fr\/wp-content\/uploads\/2024\/12\/fiat-500e-promo-608x405.jpg 608w, https:\/\/www.italpassion.fr\/wp-content\/uploads\/2024\/12\/fiat-500e-promo-758x505.jpg 758w, https:\/\/www.italpassion.fr\/wp-content\/uploads\/2024\/12\/fiat-500e-promo-1152x768.jpg 1152w, https:\/\/www.italpassion.fr\/wp-content\/uploads\/2024\/12\/fiat-500e-promo.jpg 1200w\" sizes=\"auto, (max-width: 1024px) 100vw, 1024px\" \/><\/figure>\n\n\n\n<p>Elektrikli Fiat 500 her ne kadar \u00e7ekici olsa da, \u00f6zellikle fiyat\u0131 nedeniyle t\u00fcketiciler i\u00e7in cazibesini giderek kaybediyor. <strong>Fiat, 500e i\u00e7in Fransa, \u0130talya ve Almanya'da yeni bir promosyon dalgas\u0131yla geri d\u00f6n\u00fcyor.<\/strong> \u0130konik elektrikli \u015fehir otomobilinin fiyat\u0131 bu \u00fclkelerde b\u00fcy\u00fck \u00f6l\u00e7\u00fcde d\u00fc\u015ft\u00fc, ancak ko\u015fullar de\u011fi\u015fiyor ve soru \u015fu: Fiat bu cazip fiyatlar\u0131 daha ne kadar s\u00fcrd\u00fcrebilecek?<\/p>\n\n\n\n<h2 class=\"wp-block-heading\">Fransa'da cazip bir teklif<\/h2>\n\n\n\n<p>Fransa'da, <a href=\"https:\/\/www.italpassion.fr\/tr\/fiat\/fiat-france-elektri%cc%87kli%cc%87-500un-fi%cc%87yatini-dusurdu-kacirilmamasi-gereken-bi%cc%87r-tekli%cc%87f\/\">Kas\u0131m ay\u0131nda oldu\u011fu gibi<\/a>, <a href=\"https:\/\/www.italpassion.fr\/tr\/fiat\/\">Fiat<\/a> toplam indirim tutar\u0131n\u0131 masaya koyuyor. <strong>8 000 \u20ac<\/strong> 500'\u00fcnc\u00fc al\u0131c\u0131lar i\u00e7in. Bu teklif \u015funlar\u0131 birle\u015ftiriyor <strong>4,000 ekolojik ikramiye<\/strong> (Devlet sayesinde) ve <strong>4,000 ek indirim<\/strong> Fiat taraf\u0131ndan verildi. 500e RED 95 bhp gibi temel bir model i\u00e7in bu, onu <strong>30 400 \u20ac \u00e0 22 400 \u20ac<\/strong>. Benzer bir teklif, cabriolet versiyonu olan Fiat 500e cabriolet 118 bhp La Prima i\u00e7in de ge\u00e7erlidir ve fiyat\u0131 \u015fu kadar d\u00fc\u015f\u00fcr\u00fclm\u00fc\u015ft\u00fcr <strong>40 300 \u20ac \u00e0 32 300 \u20ac<\/strong>.<\/p>\n\n\n\n<p>Bu, uygun fiyata elektrikli ara\u00e7 kullanmak isteyen Frans\u0131z s\u00fcr\u00fcc\u00fcler i\u00e7in m\u00fckemmel bir f\u0131rsat gibi g\u00f6r\u00fcn\u00fcyor. Ancak uyaral\u0131m, bu teklif \u015fu tarihe kadar ge\u00e7erli <strong>31 Aral\u0131k 2024<\/strong> Sadece. O halde ger\u00e7ek bir f\u0131rsat, ancak as\u0131l soru bu promosyonun gelecek y\u0131l geri d\u00f6n\u00fcp d\u00f6nmeyece\u011fi. 2025 y\u0131l\u0131nda <strong>\u00e7evresel bonus<\/strong> a\u015fa\u011f\u0131 do\u011fru revize edilebilece\u011finden bu teklif daha da cazip hale gelmektedir.<\/p>\n\n\n\n<h2 class=\"wp-block-heading\">\u0130talya'da: Fiat Tricolore bonusu, c\u00f6mert ama \u015fartl\u0131 bir indirim<\/h2>\n\n\n\n<p>\u0130talyan taraf\u0131nda, Fiat bir <strong>daha da c\u00f6mert bir teklif<\/strong> sayesinde <strong>Fiat Tricolore Bonus<\/strong>\u00f6neren <strong>8.211 indirim<\/strong> Fiat 500e'nin fiyat\u0131nda, ba\u015flang\u0131\u00e7ta <strong>29 950 \u20ac<\/strong>. Ancak, bu teklif eski bir arac\u0131n takas edilmesine ba\u011fl\u0131d\u0131r ve bu da belirli al\u0131c\u0131lar i\u00e7in eri\u015filebilirli\u011fini s\u0131n\u0131rlayabilir. Bu ko\u015fula ra\u011fmen, \u00f6zellikle bu teklifi Almanya veya Fransa'da sunulanlarla kar\u015f\u0131la\u015ft\u0131r\u0131rsan\u0131z, indirim hala \u00f6nemlidir.<\/p>\n\n\n\n<p>Pratik anlamda bu, liste fiyat\u0131 29.950 \u20ac olan bir 500e anlam\u0131na geliyor. <strong>promosyon fiyat\u0131 21.739 \u20ac'dur.<\/strong> Fiat, i\u00e7 pazar\u0131n\u0131 desteklemeye ger\u00e7ekten istekli g\u00f6r\u00fcn\u00fcyor ve Melfi fabrikas\u0131ndaki \u00fcretimin d\u00fc\u015fmesiyle birlikte bu giri\u015fim, \u00fcretim hacimlerini art\u0131r\u0131rken 500e'ye olan talebi koruman\u0131n bir yolu gibi g\u00f6r\u00fcn\u00fcyor.<\/p>\n\n\n\n<h2 class=\"wp-block-heading\">Almanya'da: daha d\u00fc\u015f\u00fck ama yine de cazip indirimler<\/h2>\n\n\n\n<p>Almanya'daki promosyon biraz daha m\u00fctevaz\u0131 ama yine de ilgin\u00e7. Fiat, Almanya'da <strong>Fiat 500e 24.990 \u20ac'dan ba\u015flayan fiyatlarla<\/strong>indirim ile <strong>4 500 \u20ac<\/strong>. Bu indirim \u0130talya'dakinden daha d\u00fc\u015f\u00fck olsa da, \u00f6zellikle elektrikli 100%'den yararlan\u0131rken daha ucuz bir ara\u00e7 arayanlar i\u00e7in 500e'yi cazip bir fiyatla daha eri\u015filebilir k\u0131l\u0131yor.<\/p>\n\n\n\n<h2 class=\"wp-block-heading\">Neden \u00fclkeler aras\u0131nda farkl\u0131l\u0131klar var?<\/h2>\n\n\n\n<p>\u0130lgin\u00e7 olan \u015fu ki <strong>\u00fclkeler aras\u0131ndaki indirim farkl\u0131l\u0131klar\u0131<\/strong> Fiat'\u0131n kararl\u0131l\u0131\u011f\u0131n\u0131n alt\u0131n\u0131 \u00e7izmek <strong>Mirafiori tesisinde \u00fcretimi desteklemek<\/strong>500'\u00fcnc\u00fc modelini \u00fcretiyor. \u0130talyan marka karma\u015f\u0131k bir Avrupa pazar\u0131yla kar\u015f\u0131 kar\u015f\u0131yad\u0131r ve bu promosyonlar, \u00f6zellikle de Avrupa'daki ekonomik kriz riski nedeniyle talebi canland\u0131rman\u0131n bir yoludur.<a href=\"https:\/\/www.italpassion.fr\/tr\/fiat\/mevcut-elektri%cc%87kli%cc%87-fiat-500-2025te-neden-daha-da-az-satacak\/\"> 2025'te hala 500e'den daha az satacak<\/a>.<\/p>\n\n\n\n<h2 class=\"wp-block-heading\">Tek seferlik mi yoksa uzun vadeli bir indirim mi?<\/h2>\n\n\n\n<p>As\u0131l soru \u015fu: <strong>Fiat, promosyonlar yoluyla fiyatlar\u0131n\u0131 4.000 ila 8.000 Avro aras\u0131nda d\u00fc\u015f\u00fcrebiliyorsa, neden bunu do\u011frudan katalog fiyatlar\u0131na dahil etmesin?<\/strong> Bu tek seferlik promosyon politikas\u0131 elektrikli otomobil sat\u0131\u015flar\u0131n\u0131 art\u0131rsa da ge\u00e7ici bir s\u00fcre i\u00e7in ge\u00e7erli. Bu indirim bir norm haline gelirse, bu indirimli fiyatlardan neden kal\u0131c\u0131 olarak yararlanamad\u0131klar\u0131n\u0131 merak edebilecek t\u00fcketicilerin alg\u0131s\u0131n\u0131 de\u011fi\u015ftirebilir.<\/p>","protected":false},"excerpt":{"rendered":"","protected":false},"author":1,"featured_media":35480,"comment_status":"open","ping_status":"open","sticky":false,"template":"","format":"standard","meta":{"_acf_changed":false,"_sitemap_exclude":false,"_sitemap_priority":"","_sitemap_frequency":"","footnotes":""},"categories":[24],"tags":[289],"class_list":["post-35478","post","type-post","status-publish","format-standard","has-post-thumbnail","hentry","category-fiat","tag-fiat-500e","generate-columns","tablet-grid-50","mobile-grid-100","grid-parent","grid-33"],"acf":[],"yoast_head":"<!-- This site is optimized with the Yoast SEO plugin v25.8 - https:\/\/yoast.com\/wordpress\/plugins\/seo\/ -->\n<title>Fiat 500e : la marque casse (encore) les prix, et \u00e7a pourrait ne pas durer - ItalPassion<\/title>\n<meta name=\"description\" content=\"Alors que s\u00e9duisante, la Fiat 500 \u00e9lectrique penne de plus en plus \u00e0 s\u00e9duire les consommateurs, principalement \u00e0 cause de son prix. Fiat frappe fort avec\" \/>\n<meta name=\"robots\" content=\"index, follow, max-snippet:-1, max-image-preview:large, max-video-preview:-1\" \/>\n<link rel=\"canonical\" href=\"https:\/\/www.italpassion.fr\/tr\/fiat\/fiat-500e-marka-fi\u0307yatlari-yi\u0307ne-dusuruyor-ve-bu-durum-uzun-surmeyebi\u0307li\u0307r\/\" \/>\n<meta property=\"og:locale\" content=\"tr_TR\" \/>\n<meta property=\"og:type\" content=\"article\" \/>\n<meta property=\"og:title\" content=\"Fiat 500e : la marque casse (encore) les prix, et \u00e7a pourrait ne pas durer - ItalPassion\" \/>\n<meta property=\"og:description\" content=\"Alors que s\u00e9duisante, la Fiat 500 \u00e9lectrique penne de plus en plus \u00e0 s\u00e9duire les consommateurs, principalement \u00e0 cause de son prix. Fiat frappe fort avec\" \/>\n<meta property=\"og:url\" content=\"https:\/\/www.italpassion.fr\/tr\/fiat\/fiat-500e-marka-fi\u0307yatlari-yi\u0307ne-dusuruyor-ve-bu-durum-uzun-surmeyebi\u0307li\u0307r\/\" \/>\n<meta property=\"og:site_name\" content=\"ItalPassion\" \/>\n<meta property=\"article:publisher\" content=\"https:\/\/www.facebook.com\/italpassion\" \/>\n<meta property=\"article:published_time\" content=\"2024-12-09T20:10:03+00:00\" \/>\n<meta property=\"article:modified_time\" content=\"2024-12-09T20:10:05+00:00\" \/>\n<meta property=\"og:image\" content=\"https:\/\/www.italpassion.fr\/wp-content\/uploads\/2024\/12\/fiat-500e-promo.jpg\" \/>\n\t<meta property=\"og:image:width\" content=\"1200\" \/>\n\t<meta property=\"og:image:height\" content=\"800\" \/>\n\t<meta property=\"og:image:type\" content=\"image\/jpeg\" \/>\n<meta name=\"author\" content=\"Alexandre Filluzeau\" \/>\n<meta name=\"twitter:card\" content=\"summary_large_image\" \/>\n<meta name=\"twitter:creator\" content=\"@italpassion\" \/>\n<meta name=\"twitter:site\" content=\"@italpassion\" \/>\n<script type=\"application\/ld+json\" class=\"yoast-schema-graph\">{\"@context\":\"https:\/\/schema.org\",\"@graph\":[{\"@type\":\"NewsArticle\",\"@id\":\"https:\/\/www.italpassion.fr\/tr\/fiat\/fiat-500e-la-marque-casse-encore-les-prix-et-ca-pourrait-ne-pas-durer\/#article\",\"isPartOf\":{\"@id\":\"https:\/\/www.italpassion.fr\/tr\/fiat\/fiat-500e-la-marque-casse-encore-les-prix-et-ca-pourrait-ne-pas-durer\/\"},\"author\":{\"name\":\"Alexandre Filluzeau\",\"@id\":\"https:\/\/www.italpassion.fr\/tr\/#\/schema\/person\/36f747b2a759ca202d847e85a9434ca0\"},\"headline\":\"Fiat 500e : la marque casse (encore) les prix, et \u00e7a pourrait ne pas durer\",\"datePublished\":\"2024-12-09T20:10:03+00:00\",\"dateModified\":\"2024-12-09T20:10:05+00:00\",\"mainEntityOfPage\":{\"@id\":\"https:\/\/www.italpassion.fr\/tr\/fiat\/fiat-500e-la-marque-casse-encore-les-prix-et-ca-pourrait-ne-pas-durer\/\"},\"wordCount\":647,\"commentCount\":3,\"publisher\":{\"@id\":\"https:\/\/www.italpassion.fr\/tr\/#organization\"},\"image\":{\"@id\":\"https:\/\/www.italpassion.fr\/tr\/fiat\/fiat-500e-la-marque-casse-encore-les-prix-et-ca-pourrait-ne-pas-durer\/#primaryimage\"},\"thumbnailUrl\":\"https:\/\/www.italpassion.fr\/wp-content\/uploads\/2024\/12\/fiat-500e-promo.jpg\",\"keywords\":[\"Fiat 500 \u00e9lectrique\"],\"articleSection\":[\"Fiat\"],\"inLanguage\":\"tr\",\"potentialAction\":[{\"@type\":\"CommentAction\",\"name\":\"Comment\",\"target\":[\"https:\/\/www.italpassion.fr\/tr\/fiat\/fiat-500e-la-marque-casse-encore-les-prix-et-ca-pourrait-ne-pas-durer\/#respond\"]}]},{\"@type\":\"WebPage\",\"@id\":\"https:\/\/www.italpassion.fr\/tr\/fiat\/fiat-500e-la-marque-casse-encore-les-prix-et-ca-pourrait-ne-pas-durer\/\",\"url\":\"https:\/\/www.italpassion.fr\/tr\/fiat\/fiat-500e-la-marque-casse-encore-les-prix-et-ca-pourrait-ne-pas-durer\/\",\"name\":\"Fiat 500e : la marque casse (encore) les prix, et \u00e7a pourrait ne pas durer - ItalPassion\",\"isPartOf\":{\"@id\":\"https:\/\/www.italpassion.fr\/tr\/#website\"},\"primaryImageOfPage\":{\"@id\":\"https:\/\/www.italpassion.fr\/tr\/fiat\/fiat-500e-la-marque-casse-encore-les-prix-et-ca-pourrait-ne-pas-durer\/#primaryimage\"},\"image\":{\"@id\":\"https:\/\/www.italpassion.fr\/tr\/fiat\/fiat-500e-la-marque-casse-encore-les-prix-et-ca-pourrait-ne-pas-durer\/#primaryimage\"},\"thumbnailUrl\":\"https:\/\/www.italpassion.fr\/wp-content\/uploads\/2024\/12\/fiat-500e-promo.jpg\",\"datePublished\":\"2024-12-09T20:10:03+00:00\",\"dateModified\":\"2024-12-09T20:10:05+00:00\",\"description\":\"Alors que s\u00e9duisante, la Fiat 500 \u00e9lectrique penne de plus en plus \u00e0 s\u00e9duire les consommateurs, principalement \u00e0 cause de son prix. Fiat frappe fort avec\",\"breadcrumb\":{\"@id\":\"https:\/\/www.italpassion.fr\/tr\/fiat\/fiat-500e-la-marque-casse-encore-les-prix-et-ca-pourrait-ne-pas-durer\/#breadcrumb\"},\"inLanguage\":\"tr\",\"potentialAction\":[{\"@type\":\"ReadAction\",\"target\":[\"https:\/\/www.italpassion.fr\/tr\/fiat\/fiat-500e-la-marque-casse-encore-les-prix-et-ca-pourrait-ne-pas-durer\/\"]}]},{\"@type\":\"ImageObject\",\"inLanguage\":\"tr\",\"@id\":\"https:\/\/www.italpassion.fr\/tr\/fiat\/fiat-500e-la-marque-casse-encore-les-prix-et-ca-pourrait-ne-pas-durer\/#primaryimage\",\"url\":\"https:\/\/www.italpassion.fr\/wp-content\/uploads\/2024\/12\/fiat-500e-promo.jpg\",\"contentUrl\":\"https:\/\/www.italpassion.fr\/wp-content\/uploads\/2024\/12\/fiat-500e-promo.jpg\",\"width\":1200,\"height\":800},{\"@type\":\"BreadcrumbList\",\"@id\":\"https:\/\/www.italpassion.fr\/tr\/fiat\/fiat-500e-la-marque-casse-encore-les-prix-et-ca-pourrait-ne-pas-durer\/#breadcrumb\",\"itemListElement\":[{\"@type\":\"ListItem\",\"position\":1,\"name\":\"Accueil\",\"item\":\"https:\/\/www.italpassion.fr\/tr\/\"},{\"@type\":\"ListItem\",\"position\":2,\"name\":\"Fiat 500e : la marque casse (encore) les prix, et \u00e7a pourrait ne pas durer\"}]},{\"@type\":\"WebSite\",\"@id\":\"https:\/\/www.italpassion.fr\/tr\/#website\",\"url\":\"https:\/\/www.italpassion.fr\/tr\/\",\"name\":\"ItalPassion\",\"description\":\"Les Passionn\u00e9s d&#039;Automobiles Italiennes\",\"publisher\":{\"@id\":\"https:\/\/www.italpassion.fr\/tr\/#organization\"},\"potentialAction\":[{\"@type\":\"SearchAction\",\"target\":{\"@type\":\"EntryPoint\",\"urlTemplate\":\"https:\/\/www.italpassion.fr\/tr\/?s={search_term_string}\"},\"query-input\":{\"@type\":\"PropertyValueSpecification\",\"valueRequired\":true,\"valueName\":\"search_term_string\"}}],\"inLanguage\":\"tr\"},{\"@type\":\"Organization\",\"@id\":\"https:\/\/www.italpassion.fr\/tr\/#organization\",\"name\":\"Italpassion\",\"url\":\"https:\/\/www.italpassion.fr\/tr\/\",\"logo\":{\"@type\":\"ImageObject\",\"inLanguage\":\"tr\",\"@id\":\"https:\/\/www.italpassion.fr\/tr\/#\/schema\/logo\/image\/\",\"url\":\"https:\/\/www.italpassion.fr\/wp-content\/uploads\/2023\/07\/italpassion-yoast.jpg\",\"contentUrl\":\"https:\/\/www.italpassion.fr\/wp-content\/uploads\/2023\/07\/italpassion-yoast.jpg\",\"width\":696,\"height\":696,\"caption\":\"Italpassion\"},\"image\":{\"@id\":\"https:\/\/www.italpassion.fr\/tr\/#\/schema\/logo\/image\/\"},\"sameAs\":[\"https:\/\/www.facebook.com\/italpassion\",\"https:\/\/x.com\/italpassion\",\"https:\/\/www.instagram.com\/italpassionfr\/\",\"https:\/\/www.youtube.com\/channel\/UCleq-ByQaA42OjhopwevRjQ\",\"https:\/\/www.facebook.com\/italpassion.en\/\",\"https:\/\/www.facebook.com\/italpassion.it\/\",\"https:\/\/www.facebook.com\/italpassion.de\/\",\"https:\/\/www.facebook.com\/italpassion.ja\/\"]},{\"@type\":\"Person\",\"@id\":\"https:\/\/www.italpassion.fr\/tr\/#\/schema\/person\/36f747b2a759ca202d847e85a9434ca0\",\"name\":\"Alexandre Filluzeau\",\"image\":{\"@type\":\"ImageObject\",\"inLanguage\":\"tr\",\"@id\":\"https:\/\/www.italpassion.fr\/tr\/#\/schema\/person\/image\/\",\"url\":\"https:\/\/www.italpassion.fr\/wp-content\/uploads\/2025\/04\/avatar-alexandre-160x160.jpg\",\"contentUrl\":\"https:\/\/www.italpassion.fr\/wp-content\/uploads\/2025\/04\/avatar-alexandre-160x160.jpg\",\"caption\":\"Alexandre Filluzeau\"},\"description\":\"Fondateur du site ItalPassion, passionn\u00e9 de voitures italiennes et de l'Italie en g\u00e9n\u00e9ral. J'apporte un regard critique et technique aux actualit\u00e9s des marques italiennes quand cela est possible. Propri\u00e9taire d'une Maserati GranTurismo, Alfa Romeo MiTo, Lancia Fulvia et Ducati 695. Ex-propri\u00e9taire d'une Alfa Romeo Giulia.\",\"sameAs\":[\"https:\/\/www.italpassion.fr\/\"],\"url\":\"https:\/\/www.italpassion.fr\/tr\/author\/alexandre\/\"}]}<\/script>\n<!-- \/ Yoast SEO plugin. -->","yoast_head_json":{"title":"Fiat 500e: Marka fiyatlar\u0131 d\u00fc\u015f\u00fcr\u00fcyor (yine) ve bu durum uzun s\u00fcrmeyebilir - ItalPassion","description":"Elektrikli Fiat 500 her ne kadar \u00e7ekici olsa da, \u00f6zellikle fiyat\u0131 nedeniyle t\u00fcketiciler i\u00e7in giderek daha az cazip hale geliyor. Fiat, elektrikli","robots":{"index":"index","follow":"follow","max-snippet":"max-snippet:-1","max-image-preview":"max-image-preview:large","max-video-preview":"max-video-preview:-1"},"canonical":"https:\/\/www.italpassion.fr\/tr\/fiat\/fiat-500e-marka-fi\u0307yatlari-yi\u0307ne-dusuruyor-ve-bu-durum-uzun-surmeyebi\u0307li\u0307r\/","og_locale":"tr_TR","og_type":"article","og_title":"Fiat 500e : la marque casse (encore) les prix, et \u00e7a pourrait ne pas durer - ItalPassion","og_description":"Alors que s\u00e9duisante, la Fiat 500 \u00e9lectrique penne de plus en plus \u00e0 s\u00e9duire les consommateurs, principalement \u00e0 cause de son prix. Fiat frappe fort avec","og_url":"https:\/\/www.italpassion.fr\/tr\/fiat\/fiat-500e-marka-fi\u0307yatlari-yi\u0307ne-dusuruyor-ve-bu-durum-uzun-surmeyebi\u0307li\u0307r\/","og_site_name":"ItalPassion","article_publisher":"https:\/\/www.facebook.com\/italpassion","article_published_time":"2024-12-09T20:10:03+00:00","article_modified_time":"2024-12-09T20:10:05+00:00","og_image":[{"width":1200,"height":800,"url":"https:\/\/www.italpassion.fr\/wp-content\/uploads\/2024\/12\/fiat-500e-promo.jpg","type":"image\/jpeg"}],"author":"Alexandre Filluzeau","twitter_card":"summary_large_image","twitter_creator":"@italpassion","twitter_site":"@italpassion","schema":{"@context":"https:\/\/schema.org","@graph":[{"@type":"NewsArticle","@id":"https:\/\/www.italpassion.fr\/tr\/fiat\/fiat-500e-la-marque-casse-encore-les-prix-et-ca-pourrait-ne-pas-durer\/#article","isPartOf":{"@id":"https:\/\/www.italpassion.fr\/tr\/fiat\/fiat-500e-la-marque-casse-encore-les-prix-et-ca-pourrait-ne-pas-durer\/"},"author":{"name":"Alexandre Filluzeau","@id":"https:\/\/www.italpassion.fr\/tr\/#\/schema\/person\/36f747b2a759ca202d847e85a9434ca0"},"headline":"Fiat 500e : la marque casse (encore) les prix, et \u00e7a pourrait ne pas durer","datePublished":"2024-12-09T20:10:03+00:00","dateModified":"2024-12-09T20:10:05+00:00","mainEntityOfPage":{"@id":"https:\/\/www.italpassion.fr\/tr\/fiat\/fiat-500e-la-marque-casse-encore-les-prix-et-ca-pourrait-ne-pas-durer\/"},"wordCount":647,"commentCount":3,"publisher":{"@id":"https:\/\/www.italpassion.fr\/tr\/#organization"},"image":{"@id":"https:\/\/www.italpassion.fr\/tr\/fiat\/fiat-500e-la-marque-casse-encore-les-prix-et-ca-pourrait-ne-pas-durer\/#primaryimage"},"thumbnailUrl":"https:\/\/www.italpassion.fr\/wp-content\/uploads\/2024\/12\/fiat-500e-promo.jpg","keywords":["Fiat 500 \u00e9lectrique"],"articleSection":["Fiat"],"inLanguage":"tr","potentialAction":[{"@type":"CommentAction","name":"Comment","target":["https:\/\/www.italpassion.fr\/tr\/fiat\/fiat-500e-la-marque-casse-encore-les-prix-et-ca-pourrait-ne-pas-durer\/#respond"]}]},{"@type":"WebPage","@id":"https:\/\/www.italpassion.fr\/tr\/fiat\/fiat-500e-la-marque-casse-encore-les-prix-et-ca-pourrait-ne-pas-durer\/","url":"https:\/\/www.italpassion.fr\/tr\/fiat\/fiat-500e-la-marque-casse-encore-les-prix-et-ca-pourrait-ne-pas-durer\/","name":"Fiat 500e: Marka fiyatlar\u0131 d\u00fc\u015f\u00fcr\u00fcyor (yine) ve bu durum uzun s\u00fcrmeyebilir - ItalPassion","isPartOf":{"@id":"https:\/\/www.italpassion.fr\/tr\/#website"},"primaryImageOfPage":{"@id":"https:\/\/www.italpassion.fr\/tr\/fiat\/fiat-500e-la-marque-casse-encore-les-prix-et-ca-pourrait-ne-pas-durer\/#primaryimage"},"image":{"@id":"https:\/\/www.italpassion.fr\/tr\/fiat\/fiat-500e-la-marque-casse-encore-les-prix-et-ca-pourrait-ne-pas-durer\/#primaryimage"},"thumbnailUrl":"https:\/\/www.italpassion.fr\/wp-content\/uploads\/2024\/12\/fiat-500e-promo.jpg","datePublished":"2024-12-09T20:10:03+00:00","dateModified":"2024-12-09T20:10:05+00:00","description":"Elektrikli Fiat 500 her ne kadar \u00e7ekici olsa da, \u00f6zellikle fiyat\u0131 nedeniyle t\u00fcketiciler i\u00e7in giderek daha az cazip hale geliyor. Fiat, elektrikli","breadcrumb":{"@id":"https:\/\/www.italpassion.fr\/tr\/fiat\/fiat-500e-la-marque-casse-encore-les-prix-et-ca-pourrait-ne-pas-durer\/#breadcrumb"},"inLanguage":"tr","potentialAction":[{"@type":"ReadAction","target":["https:\/\/www.italpassion.fr\/tr\/fiat\/fiat-500e-la-marque-casse-encore-les-prix-et-ca-pourrait-ne-pas-durer\/"]}]},{"@type":"ImageObject","inLanguage":"tr","@id":"https:\/\/www.italpassion.fr\/tr\/fiat\/fiat-500e-la-marque-casse-encore-les-prix-et-ca-pourrait-ne-pas-durer\/#primaryimage","url":"https:\/\/www.italpassion.fr\/wp-content\/uploads\/2024\/12\/fiat-500e-promo.jpg","contentUrl":"https:\/\/www.italpassion.fr\/wp-content\/uploads\/2024\/12\/fiat-500e-promo.jpg","width":1200,"height":800},{"@type":"BreadcrumbList","@id":"https:\/\/www.italpassion.fr\/tr\/fiat\/fiat-500e-la-marque-casse-encore-les-prix-et-ca-pourrait-ne-pas-durer\/#breadcrumb","itemListElement":[{"@type":"ListItem","position":1,"name":"Accueil","item":"https:\/\/www.italpassion.fr\/tr\/"},{"@type":"ListItem","position":2,"name":"Fiat 500e : la marque casse (encore) les prix, et \u00e7a pourrait ne pas durer"}]},{"@type":"WebSite","@id":"https:\/\/www.italpassion.fr\/tr\/#website","url":"https:\/\/www.italpassion.fr\/tr\/","name":"ItalPassion","description":"\u0130talyan Araba Merakl\u0131lar\u0131","publisher":{"@id":"https:\/\/www.italpassion.fr\/tr\/#organization"},"potentialAction":[{"@type":"SearchAction","target":{"@type":"EntryPoint","urlTemplate":"https:\/\/www.italpassion.fr\/tr\/?s={search_term_string}"},"query-input":{"@type":"PropertyValueSpecification","valueRequired":true,"valueName":"search_term_string"}}],"inLanguage":"tr"},{"@type":"Organization","@id":"https:\/\/www.italpassion.fr\/tr\/#organization","name":"Italpassion","url":"https:\/\/www.italpassion.fr\/tr\/","logo":{"@type":"ImageObject","inLanguage":"tr","@id":"https:\/\/www.italpassion.fr\/tr\/#\/schema\/logo\/image\/","url":"https:\/\/www.italpassion.fr\/wp-content\/uploads\/2023\/07\/italpassion-yoast.jpg","contentUrl":"https:\/\/www.italpassion.fr\/wp-content\/uploads\/2023\/07\/italpassion-yoast.jpg","width":696,"height":696,"caption":"Italpassion"},"image":{"@id":"https:\/\/www.italpassion.fr\/tr\/#\/schema\/logo\/image\/"},"sameAs":["https:\/\/www.facebook.com\/italpassion","https:\/\/x.com\/italpassion","https:\/\/www.instagram.com\/italpassionfr\/","https:\/\/www.youtube.com\/channel\/UCleq-ByQaA42OjhopwevRjQ","https:\/\/www.facebook.com\/italpassion.en\/","https:\/\/www.facebook.com\/italpassion.it\/","https:\/\/www.facebook.com\/italpassion.de\/","https:\/\/www.facebook.com\/italpassion.ja\/"]},{"@type":"Person","@id":"https:\/\/www.italpassion.fr\/tr\/#\/schema\/person\/36f747b2a759ca202d847e85a9434ca0","name":"Alexandre Filluzeau","image":{"@type":"ImageObject","inLanguage":"tr","@id":"https:\/\/www.italpassion.fr\/tr\/#\/schema\/person\/image\/","url":"https:\/\/www.italpassion.fr\/wp-content\/uploads\/2025\/04\/avatar-alexandre-160x160.jpg","contentUrl":"https:\/\/www.italpassion.fr\/wp-content\/uploads\/2025\/04\/avatar-alexandre-160x160.jpg","caption":"Alexandre Filluzeau"},"description":"ItalPassion web sitesinin kurucusu, \u0130talyan otomobilleri ve genel olarak \u0130talya hakk\u0131nda tutkulu. M\u00fcmk\u00fcn oldu\u011funca \u0130talyan markalar\u0131n\u0131n haberlerine ele\u015ftirel ve teknik bir g\u00f6z getiriyorum. Maserati GranTurismo, Alfa Romeo MiTo, Lancia Fulvia ve Ducati 695 sahibiyim. Alfa Romeo Giulia'n\u0131n eski sahibi.","sameAs":["https:\/\/www.italpassion.fr\/"],"url":"https:\/\/www.italpassion.fr\/tr\/author\/alexandre\/"}]}},"_links":{"self":[{"href":"https:\/\/www.italpassion.fr\/tr\/wp-json\/wp\/v2\/posts\/35478","targetHints":{"allow":["GET"]}}],"collection":[{"href":"https:\/\/www.italpassion.fr\/tr\/wp-json\/wp\/v2\/posts"}],"about":[{"href":"https:\/\/www.italpassion.fr\/tr\/wp-json\/wp\/v2\/types\/post"}],"author":[{"embeddable":true,"href":"https:\/\/www.italpassion.fr\/tr\/wp-json\/wp\/v2\/users\/1"}],"replies":[{"embeddable":true,"href":"https:\/\/www.italpassion.fr\/tr\/wp-json\/wp\/v2\/comments?post=35478"}],"version-history":[{"count":2,"href":"https:\/\/www.italpassion.fr\/tr\/wp-json\/wp\/v2\/posts\/35478\/revisions"}],"predecessor-version":[{"id":35481,"href":"https:\/\/www.italpassion.fr\/tr\/wp-json\/wp\/v2\/posts\/35478\/revisions\/35481"}],"wp:featuredmedia":[{"embeddable":true,"href":"https:\/\/www.italpassion.fr\/tr\/wp-json\/wp\/v2\/media\/35480"}],"wp:attachment":[{"href":"https:\/\/www.italpassion.fr\/tr\/wp-json\/wp\/v2\/media?parent=35478"}],"wp:term":[{"taxonomy":"category","embeddable":true,"href":"https:\/\/www.italpassion.fr\/tr\/wp-json\/wp\/v2\/categories?post=35478"},{"taxonomy":"post_tag","embeddable":true,"href":"https:\/\/www.italpassion.fr\/tr\/wp-json\/wp\/v2\/tags?post=35478"}],"curies":[{"name":"wp","href":"https:\/\/api.w.org\/{rel}","templated":true}]}}