{"id":33842,"date":"2024-04-25T21:03:20","date_gmt":"2024-04-25T19:03:20","guid":{"rendered":"https:\/\/www.italpassion.fr\/?p=33842"},"modified":"2024-04-25T21:03:22","modified_gmt":"2024-04-25T19:03:22","slug":"fiat-500-thermo-gelecegi-icin-3-hipotez","status":"publish","type":"post","link":"https:\/\/www.italpassion.fr\/tr\/fiat\/fiat-500-thermique-3-hypotheses-concernant-son-avenir\/","title":{"rendered":"Fiat 500 i\u00e7ten yanmal\u0131: Gelece\u011fi i\u00e7in 3 hipotez"},"content":{"rendered":"<figure class=\"wp-block-image size-large\"><img loading=\"lazy\" decoding=\"async\" width=\"1024\" height=\"683\" src=\"https:\/\/www.italpassion.fr\/wp-content\/uploads\/2024\/04\/fiat-500-tychy-1024x683.jpg\" alt=\"\" class=\"wp-image-33843\" srcset=\"https:\/\/www.italpassion.fr\/wp-content\/uploads\/2024\/04\/fiat-500-tychy-1024x683.jpg 1024w, https:\/\/www.italpassion.fr\/wp-content\/uploads\/2024\/04\/fiat-500-tychy-300x200.jpg 300w, https:\/\/www.italpassion.fr\/wp-content\/uploads\/2024\/04\/fiat-500-tychy-768x512.jpg 768w, https:\/\/www.italpassion.fr\/wp-content\/uploads\/2024\/04\/fiat-500-tychy-18x12.jpg 18w, https:\/\/www.italpassion.fr\/wp-content\/uploads\/2024\/04\/fiat-500-tychy-561x374.jpg 561w, https:\/\/www.italpassion.fr\/wp-content\/uploads\/2024\/04\/fiat-500-tychy-1122x748.jpg 1122w, https:\/\/www.italpassion.fr\/wp-content\/uploads\/2024\/04\/fiat-500-tychy-265x177.jpg 265w, https:\/\/www.italpassion.fr\/wp-content\/uploads\/2024\/04\/fiat-500-tychy-531x354.jpg 531w, https:\/\/www.italpassion.fr\/wp-content\/uploads\/2024\/04\/fiat-500-tychy-364x243.jpg 364w, https:\/\/www.italpassion.fr\/wp-content\/uploads\/2024\/04\/fiat-500-tychy-728x485.jpg 728w, https:\/\/www.italpassion.fr\/wp-content\/uploads\/2024\/04\/fiat-500-tychy-608x405.jpg 608w, https:\/\/www.italpassion.fr\/wp-content\/uploads\/2024\/04\/fiat-500-tychy-758x505.jpg 758w, https:\/\/www.italpassion.fr\/wp-content\/uploads\/2024\/04\/fiat-500-tychy-1152x768.jpg 1152w, https:\/\/www.italpassion.fr\/wp-content\/uploads\/2024\/04\/fiat-500-tychy-600x400.jpg 600w, https:\/\/www.italpassion.fr\/wp-content\/uploads\/2024\/04\/fiat-500-tychy.jpg 1200w\" sizes=\"auto, (max-width: 1024px) 100vw, 1024px\" \/><\/figure>\n\n\n\n<p>D\u00fcnyan\u0131n en \u00e7ok satan otomobillerinden biri olan termal Fiat 500 <a href=\"https:\/\/www.italpassion.fr\/tr\/fiat\/\">Fiat<\/a> gelece\u011fi i\u00e7in \u00e7ok \u00f6nemli bir d\u00f6n\u00fcm noktas\u0131ndad\u0131r. Halihaz\u0131rda Polonya'da Tychy'de \u00fcretilen bu versiyon, her y\u0131l \u00f6nemli miktarda \u00fcretimi garanti ediyor. Ancak elektrikli versiyon olan 500e, Stellantis'in himayesi alt\u0131nda Mirafiori'de \u00fcretiliyor ve burada d\u00fc\u015fen talep \u00f6nemli zorluklar yarat\u0131yor, hatta <a href=\"https:\/\/www.italpassion.fr\/tr\/fiat\/fiat-500-elektri%cc%87kli%cc%87-ureti%cc%87mi%cc%87-2024-yilinin-i%cc%87lk-ceyregi%cc%87nde-yari-yariya-azaltilacak\/\">\u00e7ok say\u0131da \u00fcretim kesintisi<\/a>. <strong>Bu otomobil i\u00e7in gelecekte ne olacak? \u0130\u015fte 3 hipotezimiz.<\/strong><\/p>\n\n\n\n<h2 class=\"wp-block-heading\">Varsay\u0131m 1: Fiat 500 i\u00e7ten yanmal\u0131 motorun kal\u0131c\u0131 olarak durdurulmas\u0131<\/h2>\n\n\n\n<p>Her ne kadar <strong>Fiat 500'\u00fcn i\u00e7ten yanmal\u0131 motorunun \u00fcretiminin durdurulmas\u0131 se\u00e7eneklerden biridir <\/strong>(muhtemelen 500e'nin lansman\u0131 s\u0131ras\u0131nda Stellantis'inki), bu olas\u0131l\u0131k \u015fimdilik pek m\u00fcmk\u00fcn g\u00f6r\u00fcnm\u00fcyor. \u0130\u00e7ten yanmal\u0131 versiyon, elektrikli versiyonun kar\u015f\u0131la\u015ft\u0131\u011f\u0131 zorluklarla tezat olu\u015fturan b\u00fcy\u00fck bir pop\u00fclerli\u011fe sahiptir.<\/p>\n\n\n\n<h2 class=\"wp-block-heading\">Se\u00e7enek 2: Yeni standartlar\u0131 kar\u015f\u0131layacak \u015fekilde g\u00fcncelleme<\/h2>\n\n\n\n<p>\u015eu an i\u00e7in en akla yatk\u0131n senaryo<strong> Fiat 500 i\u00e7ten yanmal\u0131 motorunun yeni standartlara uyacak \u015fekilde g\u00fcncellenmesi<\/strong> ADAS Temmuz 2024'ten itibaren zorunlu. Bu strateji, Fiat'\u0131n i\u00e7ten yanmal\u0131 versiyonu uzun y\u0131llar boyunca satmaya devam etmesini ve \u00fcretimi Polonya'da s\u00fcrd\u00fcrmesini sa\u011flayacakt\u0131r. <\/p>\n\n\n\n<h2 class=\"wp-block-heading\">Senaryo 3: 500e \u00fcretiminin Mirafiori'de i\u00e7ten yanmal\u0131 motora d\u00f6n\u00fc\u015ft\u00fcr\u00fclmesi<\/h2>\n\n\n\n<p>Bir ba\u015fka senaryo ise \u015funlar\u0131 \u00f6ng\u00f6rmektedir <strong>mevcut \u00fcretimi <a href=\"https:\/\/www.italpassion.fr\/tr\/fiat\/fiat-500-mirafioriyi-kurtarmak-i%cc%87ci%cc%87n-sonunda-i%cc%87talyada-yanmali-bi%cc%87r-versi%cc%87yon-uretecek\/\">500e, Mirafiori tesisinde i\u00e7ten yanmal\u0131 bir motora d\u00f6n\u00fc\u015ft\u00fcr\u00fclebilir<\/a>,<\/strong> yerel \u00fcretimin canland\u0131r\u0131lmas\u0131 ve hacmin 200.000 adedin \u00fczerine \u00e7\u0131kar\u0131lmas\u0131. Ancak bu fikir hen\u00fcz Stellantis taraf\u0131ndan resmi olarak do\u011frulanmad\u0131 ve spek\u00fclasyonlar aras\u0131nda kald\u0131.<\/p>\n\n\n\n<p>Bununla birlikte, Stellantis'in sessizli\u011fi Fiat 500 termalin gelece\u011fini belirsiz b\u0131rak\u0131yor. \u00d6n\u00fcm\u00fczdeki birka\u00e7 ay (hatta hafta) hangi senaryonun \u015fekillenece\u011fini belirlemede \u00e7ok \u00f6nemli olacak, ancak kesin olan bir \u015fey var: Fiat 500 y\u0131lda 150.000 ila 200.000 adet aras\u0131nda satmaya devam etmeli. Bu arada Stellantis, Fiat 500'\u00fcn <a href=\"https:\/\/www.italpassion.fr\/tr\/fiat\/fiat-500-electric-stellantis-satislari-artirmak-i%cc%87ci%cc%87n-100-mi%cc%87lyon-avro-yatirim-yapti\/\">elektrikli modeli geli\u015ftirmek i\u00e7in 100 milyon avroluk yat\u0131r\u0131m<\/a>.<\/p>","protected":false},"excerpt":{"rendered":"","protected":false},"author":1,"featured_media":33843,"comment_status":"open","ping_status":"open","sticky":false,"template":"","format":"standard","meta":{"_acf_changed":false,"_sitemap_exclude":false,"_sitemap_priority":"","_sitemap_frequency":"","footnotes":""},"categories":[24],"tags":[373],"class_list":["post-33842","post","type-post","status-publish","format-standard","has-post-thumbnail","hentry","category-fiat","tag-fiat-500","generate-columns","tablet-grid-50","mobile-grid-100","grid-parent","grid-33"],"acf":[],"yoast_head":"<!-- This site is optimized with the Yoast SEO plugin v25.8 - https:\/\/yoast.com\/wordpress\/plugins\/seo\/ -->\n<title>Fiat 500 thermique : 3 hypoth\u00e8ses concernant son avenir - ItalPassion<\/title>\n<meta name=\"description\" content=\"La Fiat 500 thermique, un des best-sellers de Fiat en Europe, se trouve \u00e0 un carrefour crucial concernant son avenir. Actuellement produite en Pologne \u00e0\" \/>\n<meta name=\"robots\" content=\"index, follow, max-snippet:-1, max-image-preview:large, max-video-preview:-1\" \/>\n<link rel=\"canonical\" href=\"https:\/\/www.italpassion.fr\/tr\/fiat\/fiat-500-thermo-gelecegi-icin-3-hipotez\/\" \/>\n<meta property=\"og:locale\" content=\"tr_TR\" \/>\n<meta property=\"og:type\" content=\"article\" \/>\n<meta property=\"og:title\" content=\"Fiat 500 thermique : 3 hypoth\u00e8ses concernant son avenir - ItalPassion\" \/>\n<meta property=\"og:description\" content=\"La Fiat 500 thermique, un des best-sellers de Fiat en Europe, se trouve \u00e0 un carrefour crucial concernant son avenir. Actuellement produite en Pologne \u00e0\" \/>\n<meta property=\"og:url\" content=\"https:\/\/www.italpassion.fr\/tr\/fiat\/fiat-500-thermo-gelecegi-icin-3-hipotez\/\" \/>\n<meta property=\"og:site_name\" content=\"ItalPassion\" \/>\n<meta property=\"article:publisher\" content=\"https:\/\/www.facebook.com\/italpassion\" \/>\n<meta property=\"article:published_time\" content=\"2024-04-25T19:03:20+00:00\" \/>\n<meta property=\"article:modified_time\" content=\"2024-04-25T19:03:22+00:00\" \/>\n<meta property=\"og:image\" content=\"https:\/\/www.italpassion.fr\/wp-content\/uploads\/2024\/04\/fiat-500-tychy.jpg\" \/>\n\t<meta property=\"og:image:width\" content=\"1200\" \/>\n\t<meta property=\"og:image:height\" content=\"800\" \/>\n\t<meta property=\"og:image:type\" content=\"image\/jpeg\" \/>\n<meta name=\"author\" content=\"Alexandre Filluzeau\" \/>\n<meta name=\"twitter:card\" content=\"summary_large_image\" \/>\n<meta name=\"twitter:creator\" content=\"@italpassion\" \/>\n<meta name=\"twitter:site\" content=\"@italpassion\" \/>\n<script type=\"application\/ld+json\" class=\"yoast-schema-graph\">{\"@context\":\"https:\/\/schema.org\",\"@graph\":[{\"@type\":\"NewsArticle\",\"@id\":\"https:\/\/www.italpassion.fr\/tr\/fiat\/fiat-500-thermique-3-hypotheses-concernant-son-avenir\/#article\",\"isPartOf\":{\"@id\":\"https:\/\/www.italpassion.fr\/tr\/fiat\/fiat-500-thermique-3-hypotheses-concernant-son-avenir\/\"},\"author\":{\"name\":\"Alexandre Filluzeau\",\"@id\":\"https:\/\/www.italpassion.fr\/tr\/#\/schema\/person\/36f747b2a759ca202d847e85a9434ca0\"},\"headline\":\"Fiat 500 thermique : 3 hypoth\u00e8ses concernant son avenir\",\"datePublished\":\"2024-04-25T19:03:20+00:00\",\"dateModified\":\"2024-04-25T19:03:22+00:00\",\"mainEntityOfPage\":{\"@id\":\"https:\/\/www.italpassion.fr\/tr\/fiat\/fiat-500-thermique-3-hypotheses-concernant-son-avenir\/\"},\"wordCount\":362,\"commentCount\":13,\"publisher\":{\"@id\":\"https:\/\/www.italpassion.fr\/tr\/#organization\"},\"image\":{\"@id\":\"https:\/\/www.italpassion.fr\/tr\/fiat\/fiat-500-thermique-3-hypotheses-concernant-son-avenir\/#primaryimage\"},\"thumbnailUrl\":\"https:\/\/www.italpassion.fr\/wp-content\/uploads\/2024\/04\/fiat-500-tychy.jpg\",\"keywords\":[\"Fiat 500\"],\"articleSection\":[\"Fiat\"],\"inLanguage\":\"tr\",\"potentialAction\":[{\"@type\":\"CommentAction\",\"name\":\"Comment\",\"target\":[\"https:\/\/www.italpassion.fr\/tr\/fiat\/fiat-500-thermique-3-hypotheses-concernant-son-avenir\/#respond\"]}]},{\"@type\":\"WebPage\",\"@id\":\"https:\/\/www.italpassion.fr\/tr\/fiat\/fiat-500-thermique-3-hypotheses-concernant-son-avenir\/\",\"url\":\"https:\/\/www.italpassion.fr\/tr\/fiat\/fiat-500-thermique-3-hypotheses-concernant-son-avenir\/\",\"name\":\"Fiat 500 thermique : 3 hypoth\u00e8ses concernant son avenir - ItalPassion\",\"isPartOf\":{\"@id\":\"https:\/\/www.italpassion.fr\/tr\/#website\"},\"primaryImageOfPage\":{\"@id\":\"https:\/\/www.italpassion.fr\/tr\/fiat\/fiat-500-thermique-3-hypotheses-concernant-son-avenir\/#primaryimage\"},\"image\":{\"@id\":\"https:\/\/www.italpassion.fr\/tr\/fiat\/fiat-500-thermique-3-hypotheses-concernant-son-avenir\/#primaryimage\"},\"thumbnailUrl\":\"https:\/\/www.italpassion.fr\/wp-content\/uploads\/2024\/04\/fiat-500-tychy.jpg\",\"datePublished\":\"2024-04-25T19:03:20+00:00\",\"dateModified\":\"2024-04-25T19:03:22+00:00\",\"description\":\"La Fiat 500 thermique, un des best-sellers de Fiat en Europe, se trouve \u00e0 un carrefour crucial concernant son avenir. Actuellement produite en Pologne \u00e0\",\"breadcrumb\":{\"@id\":\"https:\/\/www.italpassion.fr\/tr\/fiat\/fiat-500-thermique-3-hypotheses-concernant-son-avenir\/#breadcrumb\"},\"inLanguage\":\"tr\",\"potentialAction\":[{\"@type\":\"ReadAction\",\"target\":[\"https:\/\/www.italpassion.fr\/tr\/fiat\/fiat-500-thermique-3-hypotheses-concernant-son-avenir\/\"]}]},{\"@type\":\"ImageObject\",\"inLanguage\":\"tr\",\"@id\":\"https:\/\/www.italpassion.fr\/tr\/fiat\/fiat-500-thermique-3-hypotheses-concernant-son-avenir\/#primaryimage\",\"url\":\"https:\/\/www.italpassion.fr\/wp-content\/uploads\/2024\/04\/fiat-500-tychy.jpg\",\"contentUrl\":\"https:\/\/www.italpassion.fr\/wp-content\/uploads\/2024\/04\/fiat-500-tychy.jpg\",\"width\":1200,\"height\":800},{\"@type\":\"BreadcrumbList\",\"@id\":\"https:\/\/www.italpassion.fr\/tr\/fiat\/fiat-500-thermique-3-hypotheses-concernant-son-avenir\/#breadcrumb\",\"itemListElement\":[{\"@type\":\"ListItem\",\"position\":1,\"name\":\"Accueil\",\"item\":\"https:\/\/www.italpassion.fr\/tr\/\"},{\"@type\":\"ListItem\",\"position\":2,\"name\":\"Fiat 500 thermique : 3 hypoth\u00e8ses concernant son avenir\"}]},{\"@type\":\"WebSite\",\"@id\":\"https:\/\/www.italpassion.fr\/tr\/#website\",\"url\":\"https:\/\/www.italpassion.fr\/tr\/\",\"name\":\"ItalPassion\",\"description\":\"Les Passionn\u00e9s d&#039;Automobiles Italiennes\",\"publisher\":{\"@id\":\"https:\/\/www.italpassion.fr\/tr\/#organization\"},\"potentialAction\":[{\"@type\":\"SearchAction\",\"target\":{\"@type\":\"EntryPoint\",\"urlTemplate\":\"https:\/\/www.italpassion.fr\/tr\/?s={search_term_string}\"},\"query-input\":{\"@type\":\"PropertyValueSpecification\",\"valueRequired\":true,\"valueName\":\"search_term_string\"}}],\"inLanguage\":\"tr\"},{\"@type\":\"Organization\",\"@id\":\"https:\/\/www.italpassion.fr\/tr\/#organization\",\"name\":\"Italpassion\",\"url\":\"https:\/\/www.italpassion.fr\/tr\/\",\"logo\":{\"@type\":\"ImageObject\",\"inLanguage\":\"tr\",\"@id\":\"https:\/\/www.italpassion.fr\/tr\/#\/schema\/logo\/image\/\",\"url\":\"https:\/\/www.italpassion.fr\/wp-content\/uploads\/2023\/07\/italpassion-yoast.jpg\",\"contentUrl\":\"https:\/\/www.italpassion.fr\/wp-content\/uploads\/2023\/07\/italpassion-yoast.jpg\",\"width\":696,\"height\":696,\"caption\":\"Italpassion\"},\"image\":{\"@id\":\"https:\/\/www.italpassion.fr\/tr\/#\/schema\/logo\/image\/\"},\"sameAs\":[\"https:\/\/www.facebook.com\/italpassion\",\"https:\/\/x.com\/italpassion\",\"https:\/\/www.instagram.com\/italpassionfr\/\",\"https:\/\/www.youtube.com\/channel\/UCleq-ByQaA42OjhopwevRjQ\",\"https:\/\/www.facebook.com\/italpassion.en\/\",\"https:\/\/www.facebook.com\/italpassion.it\/\",\"https:\/\/www.facebook.com\/italpassion.de\/\",\"https:\/\/www.facebook.com\/italpassion.ja\/\"]},{\"@type\":\"Person\",\"@id\":\"https:\/\/www.italpassion.fr\/tr\/#\/schema\/person\/36f747b2a759ca202d847e85a9434ca0\",\"name\":\"Alexandre Filluzeau\",\"image\":{\"@type\":\"ImageObject\",\"inLanguage\":\"tr\",\"@id\":\"https:\/\/www.italpassion.fr\/tr\/#\/schema\/person\/image\/\",\"url\":\"https:\/\/www.italpassion.fr\/wp-content\/uploads\/2025\/04\/avatar-alexandre-160x160.jpg\",\"contentUrl\":\"https:\/\/www.italpassion.fr\/wp-content\/uploads\/2025\/04\/avatar-alexandre-160x160.jpg\",\"caption\":\"Alexandre Filluzeau\"},\"description\":\"Fondateur du site ItalPassion, passionn\u00e9 de voitures italiennes et de l'Italie en g\u00e9n\u00e9ral. J'apporte un regard critique et technique aux actualit\u00e9s des marques italiennes quand cela est possible. Propri\u00e9taire d'une Maserati GranTurismo, Alfa Romeo MiTo, Lancia Fulvia et Ducati 695. Ex-propri\u00e9taire d'une Alfa Romeo Giulia.\",\"sameAs\":[\"https:\/\/www.italpassion.fr\/\"],\"url\":\"https:\/\/www.italpassion.fr\/tr\/author\/alexandre\/\"}]}<\/script>\n<!-- \/ Yoast SEO plugin. -->","yoast_head_json":{"title":"Fiat 500 i\u00e7ten yanmal\u0131: Gelece\u011fi i\u00e7in 3 hipotez - ItalPassion","description":"Fiat'\u0131n Avrupa'da en \u00e7ok satan \u00fcr\u00fcnlerinden biri olan Fiat 500 i\u00e7ten yanmal\u0131 motor, gelece\u011fi a\u00e7\u0131s\u0131ndan \u00f6nemli bir kav\u015fakta bulunuyor. \u015eu anda Polonya'da \u00fcretilen","robots":{"index":"index","follow":"follow","max-snippet":"max-snippet:-1","max-image-preview":"max-image-preview:large","max-video-preview":"max-video-preview:-1"},"canonical":"https:\/\/www.italpassion.fr\/tr\/fiat\/fiat-500-thermo-gelecegi-icin-3-hipotez\/","og_locale":"tr_TR","og_type":"article","og_title":"Fiat 500 thermique : 3 hypoth\u00e8ses concernant son avenir - ItalPassion","og_description":"La Fiat 500 thermique, un des best-sellers de Fiat en Europe, se trouve \u00e0 un carrefour crucial concernant son avenir. Actuellement produite en Pologne \u00e0","og_url":"https:\/\/www.italpassion.fr\/tr\/fiat\/fiat-500-thermo-gelecegi-icin-3-hipotez\/","og_site_name":"ItalPassion","article_publisher":"https:\/\/www.facebook.com\/italpassion","article_published_time":"2024-04-25T19:03:20+00:00","article_modified_time":"2024-04-25T19:03:22+00:00","og_image":[{"width":1200,"height":800,"url":"https:\/\/www.italpassion.fr\/wp-content\/uploads\/2024\/04\/fiat-500-tychy.jpg","type":"image\/jpeg"}],"author":"Alexandre Filluzeau","twitter_card":"summary_large_image","twitter_creator":"@italpassion","twitter_site":"@italpassion","schema":{"@context":"https:\/\/schema.org","@graph":[{"@type":"NewsArticle","@id":"https:\/\/www.italpassion.fr\/tr\/fiat\/fiat-500-thermique-3-hypotheses-concernant-son-avenir\/#article","isPartOf":{"@id":"https:\/\/www.italpassion.fr\/tr\/fiat\/fiat-500-thermique-3-hypotheses-concernant-son-avenir\/"},"author":{"name":"Alexandre Filluzeau","@id":"https:\/\/www.italpassion.fr\/tr\/#\/schema\/person\/36f747b2a759ca202d847e85a9434ca0"},"headline":"Fiat 500 thermique : 3 hypoth\u00e8ses concernant son avenir","datePublished":"2024-04-25T19:03:20+00:00","dateModified":"2024-04-25T19:03:22+00:00","mainEntityOfPage":{"@id":"https:\/\/www.italpassion.fr\/tr\/fiat\/fiat-500-thermique-3-hypotheses-concernant-son-avenir\/"},"wordCount":362,"commentCount":13,"publisher":{"@id":"https:\/\/www.italpassion.fr\/tr\/#organization"},"image":{"@id":"https:\/\/www.italpassion.fr\/tr\/fiat\/fiat-500-thermique-3-hypotheses-concernant-son-avenir\/#primaryimage"},"thumbnailUrl":"https:\/\/www.italpassion.fr\/wp-content\/uploads\/2024\/04\/fiat-500-tychy.jpg","keywords":["Fiat 500"],"articleSection":["Fiat"],"inLanguage":"tr","potentialAction":[{"@type":"CommentAction","name":"Comment","target":["https:\/\/www.italpassion.fr\/tr\/fiat\/fiat-500-thermique-3-hypotheses-concernant-son-avenir\/#respond"]}]},{"@type":"WebPage","@id":"https:\/\/www.italpassion.fr\/tr\/fiat\/fiat-500-thermique-3-hypotheses-concernant-son-avenir\/","url":"https:\/\/www.italpassion.fr\/tr\/fiat\/fiat-500-thermique-3-hypotheses-concernant-son-avenir\/","name":"Fiat 500 i\u00e7ten yanmal\u0131: Gelece\u011fi i\u00e7in 3 hipotez - ItalPassion","isPartOf":{"@id":"https:\/\/www.italpassion.fr\/tr\/#website"},"primaryImageOfPage":{"@id":"https:\/\/www.italpassion.fr\/tr\/fiat\/fiat-500-thermique-3-hypotheses-concernant-son-avenir\/#primaryimage"},"image":{"@id":"https:\/\/www.italpassion.fr\/tr\/fiat\/fiat-500-thermique-3-hypotheses-concernant-son-avenir\/#primaryimage"},"thumbnailUrl":"https:\/\/www.italpassion.fr\/wp-content\/uploads\/2024\/04\/fiat-500-tychy.jpg","datePublished":"2024-04-25T19:03:20+00:00","dateModified":"2024-04-25T19:03:22+00:00","description":"Fiat'\u0131n Avrupa'da en \u00e7ok satan \u00fcr\u00fcnlerinden biri olan Fiat 500 i\u00e7ten yanmal\u0131 motor, gelece\u011fi a\u00e7\u0131s\u0131ndan \u00f6nemli bir kav\u015fakta bulunuyor. \u015eu anda Polonya'da \u00fcretilen","breadcrumb":{"@id":"https:\/\/www.italpassion.fr\/tr\/fiat\/fiat-500-thermique-3-hypotheses-concernant-son-avenir\/#breadcrumb"},"inLanguage":"tr","potentialAction":[{"@type":"ReadAction","target":["https:\/\/www.italpassion.fr\/tr\/fiat\/fiat-500-thermique-3-hypotheses-concernant-son-avenir\/"]}]},{"@type":"ImageObject","inLanguage":"tr","@id":"https:\/\/www.italpassion.fr\/tr\/fiat\/fiat-500-thermique-3-hypotheses-concernant-son-avenir\/#primaryimage","url":"https:\/\/www.italpassion.fr\/wp-content\/uploads\/2024\/04\/fiat-500-tychy.jpg","contentUrl":"https:\/\/www.italpassion.fr\/wp-content\/uploads\/2024\/04\/fiat-500-tychy.jpg","width":1200,"height":800},{"@type":"BreadcrumbList","@id":"https:\/\/www.italpassion.fr\/tr\/fiat\/fiat-500-thermique-3-hypotheses-concernant-son-avenir\/#breadcrumb","itemListElement":[{"@type":"ListItem","position":1,"name":"Accueil","item":"https:\/\/www.italpassion.fr\/tr\/"},{"@type":"ListItem","position":2,"name":"Fiat 500 thermique : 3 hypoth\u00e8ses concernant son avenir"}]},{"@type":"WebSite","@id":"https:\/\/www.italpassion.fr\/tr\/#website","url":"https:\/\/www.italpassion.fr\/tr\/","name":"ItalPassion","description":"\u0130talyan Araba Merakl\u0131lar\u0131","publisher":{"@id":"https:\/\/www.italpassion.fr\/tr\/#organization"},"potentialAction":[{"@type":"SearchAction","target":{"@type":"EntryPoint","urlTemplate":"https:\/\/www.italpassion.fr\/tr\/?s={search_term_string}"},"query-input":{"@type":"PropertyValueSpecification","valueRequired":true,"valueName":"search_term_string"}}],"inLanguage":"tr"},{"@type":"Organization","@id":"https:\/\/www.italpassion.fr\/tr\/#organization","name":"Italpassion","url":"https:\/\/www.italpassion.fr\/tr\/","logo":{"@type":"ImageObject","inLanguage":"tr","@id":"https:\/\/www.italpassion.fr\/tr\/#\/schema\/logo\/image\/","url":"https:\/\/www.italpassion.fr\/wp-content\/uploads\/2023\/07\/italpassion-yoast.jpg","contentUrl":"https:\/\/www.italpassion.fr\/wp-content\/uploads\/2023\/07\/italpassion-yoast.jpg","width":696,"height":696,"caption":"Italpassion"},"image":{"@id":"https:\/\/www.italpassion.fr\/tr\/#\/schema\/logo\/image\/"},"sameAs":["https:\/\/www.facebook.com\/italpassion","https:\/\/x.com\/italpassion","https:\/\/www.instagram.com\/italpassionfr\/","https:\/\/www.youtube.com\/channel\/UCleq-ByQaA42OjhopwevRjQ","https:\/\/www.facebook.com\/italpassion.en\/","https:\/\/www.facebook.com\/italpassion.it\/","https:\/\/www.facebook.com\/italpassion.de\/","https:\/\/www.facebook.com\/italpassion.ja\/"]},{"@type":"Person","@id":"https:\/\/www.italpassion.fr\/tr\/#\/schema\/person\/36f747b2a759ca202d847e85a9434ca0","name":"Alexandre Filluzeau","image":{"@type":"ImageObject","inLanguage":"tr","@id":"https:\/\/www.italpassion.fr\/tr\/#\/schema\/person\/image\/","url":"https:\/\/www.italpassion.fr\/wp-content\/uploads\/2025\/04\/avatar-alexandre-160x160.jpg","contentUrl":"https:\/\/www.italpassion.fr\/wp-content\/uploads\/2025\/04\/avatar-alexandre-160x160.jpg","caption":"Alexandre Filluzeau"},"description":"ItalPassion web sitesinin kurucusu, \u0130talyan otomobilleri ve genel olarak \u0130talya hakk\u0131nda tutkulu. M\u00fcmk\u00fcn oldu\u011funca \u0130talyan markalar\u0131n\u0131n haberlerine ele\u015ftirel ve teknik bir g\u00f6z getiriyorum. Maserati GranTurismo, Alfa Romeo MiTo, Lancia Fulvia ve Ducati 695 sahibiyim. Alfa Romeo Giulia'n\u0131n eski sahibi.","sameAs":["https:\/\/www.italpassion.fr\/"],"url":"https:\/\/www.italpassion.fr\/tr\/author\/alexandre\/"}]}},"_links":{"self":[{"href":"https:\/\/www.italpassion.fr\/tr\/wp-json\/wp\/v2\/posts\/33842","targetHints":{"allow":["GET"]}}],"collection":[{"href":"https:\/\/www.italpassion.fr\/tr\/wp-json\/wp\/v2\/posts"}],"about":[{"href":"https:\/\/www.italpassion.fr\/tr\/wp-json\/wp\/v2\/types\/post"}],"author":[{"embeddable":true,"href":"https:\/\/www.italpassion.fr\/tr\/wp-json\/wp\/v2\/users\/1"}],"replies":[{"embeddable":true,"href":"https:\/\/www.italpassion.fr\/tr\/wp-json\/wp\/v2\/comments?post=33842"}],"version-history":[{"count":1,"href":"https:\/\/www.italpassion.fr\/tr\/wp-json\/wp\/v2\/posts\/33842\/revisions"}],"predecessor-version":[{"id":33844,"href":"https:\/\/www.italpassion.fr\/tr\/wp-json\/wp\/v2\/posts\/33842\/revisions\/33844"}],"wp:featuredmedia":[{"embeddable":true,"href":"https:\/\/www.italpassion.fr\/tr\/wp-json\/wp\/v2\/media\/33843"}],"wp:attachment":[{"href":"https:\/\/www.italpassion.fr\/tr\/wp-json\/wp\/v2\/media?parent=33842"}],"wp:term":[{"taxonomy":"category","embeddable":true,"href":"https:\/\/www.italpassion.fr\/tr\/wp-json\/wp\/v2\/categories?post=33842"},{"taxonomy":"post_tag","embeddable":true,"href":"https:\/\/www.italpassion.fr\/tr\/wp-json\/wp\/v2\/tags?post=33842"}],"curies":[{"name":"wp","href":"https:\/\/api.w.org\/{rel}","templated":true}]}}