{"id":33400,"date":"2024-02-24T15:25:07","date_gmt":"2024-02-24T14:25:07","guid":{"rendered":"https:\/\/www.italpassion.fr\/?p=33400"},"modified":"2024-02-24T15:25:09","modified_gmt":"2024-02-24T14:25:09","slug":"fiat-500-electric-1-yilda-bu-kadar-deger-kaybediyor","status":"publish","type":"post","link":"https:\/\/www.italpassion.fr\/tr\/fiat\/fiat-500-electrique-voici-combien-elle-perd-de-valeur-en-1-an\/","title":{"rendered":"Elektrikli Fiat 500: \u0130\u015fte 1 y\u0131lda ne kadar de\u011fer kaybetti\u011fi"},"content":{"rendered":"<figure class=\"wp-block-image size-large\"><img loading=\"lazy\" decoding=\"async\" width=\"1024\" height=\"683\" src=\"https:\/\/www.italpassion.fr\/wp-content\/uploads\/2024\/02\/fiat-500-electrique-occasion-1024x683.jpg\" alt=\"\" class=\"wp-image-33405\" srcset=\"https:\/\/www.italpassion.fr\/wp-content\/uploads\/2024\/02\/fiat-500-electrique-occasion-1024x683.jpg 1024w, https:\/\/www.italpassion.fr\/wp-content\/uploads\/2024\/02\/fiat-500-electrique-occasion-300x200.jpg 300w, https:\/\/www.italpassion.fr\/wp-content\/uploads\/2024\/02\/fiat-500-electrique-occasion-768x512.jpg 768w, https:\/\/www.italpassion.fr\/wp-content\/uploads\/2024\/02\/fiat-500-electrique-occasion-18x12.jpg 18w, https:\/\/www.italpassion.fr\/wp-content\/uploads\/2024\/02\/fiat-500-electrique-occasion-561x374.jpg 561w, https:\/\/www.italpassion.fr\/wp-content\/uploads\/2024\/02\/fiat-500-electrique-occasion-1122x748.jpg 1122w, https:\/\/www.italpassion.fr\/wp-content\/uploads\/2024\/02\/fiat-500-electrique-occasion-265x177.jpg 265w, https:\/\/www.italpassion.fr\/wp-content\/uploads\/2024\/02\/fiat-500-electrique-occasion-531x354.jpg 531w, https:\/\/www.italpassion.fr\/wp-content\/uploads\/2024\/02\/fiat-500-electrique-occasion-364x243.jpg 364w, https:\/\/www.italpassion.fr\/wp-content\/uploads\/2024\/02\/fiat-500-electrique-occasion-728x485.jpg 728w, https:\/\/www.italpassion.fr\/wp-content\/uploads\/2024\/02\/fiat-500-electrique-occasion-608x405.jpg 608w, https:\/\/www.italpassion.fr\/wp-content\/uploads\/2024\/02\/fiat-500-electrique-occasion-758x505.jpg 758w, https:\/\/www.italpassion.fr\/wp-content\/uploads\/2024\/02\/fiat-500-electrique-occasion-1152x768.jpg 1152w, https:\/\/www.italpassion.fr\/wp-content\/uploads\/2024\/02\/fiat-500-electrique-occasion-600x400.jpg 600w, https:\/\/www.italpassion.fr\/wp-content\/uploads\/2024\/02\/fiat-500-electrique-occasion.jpg 1200w\" sizes=\"auto, (max-width: 1024px) 100vw, 1024px\" \/><\/figure>\n\n\n\n<p>Daha \u00f6nceki bir makalede ayr\u0131nt\u0131l\u0131 olarak a\u00e7\u0131kland\u0131\u011f\u0131 \u00fczere, \u00f6zellikle endi\u015fe verici bir olgu ortaya \u00e7\u0131kmaktad\u0131r <a href=\"https:\/\/www.italpassion.fr\/tr\/elektrikli-araba\/i%cc%87ki%cc%87nci%cc%87-el-elektri%cc%87kli%cc%87-arac-pazari-di%cc%87p-yapiyor\/\">elektrikli ara\u00e7lar\u0131n de\u011ferinde h\u0131zl\u0131 de\u011fer kayb\u0131<\/a>. Genelli\u011fi bak\u0131m\u0131ndan \u00e7arp\u0131c\u0131 olan bu g\u00f6zlem, \u00e7ok az modeli kapsamaktad\u0131r, <strong>ve <a href=\"https:\/\/www.italpassion.fr\/tr\/etiket\/fiat-500-electrique\/\">Fiat 500 elektrikli<\/a> bir istisna de\u011fildir.<\/strong><\/p>\n\n\n\n<p>Bu e\u011filimi m\u00fckemmel bir \u015fekilde g\u00f6steren 87 kW (118 bhp) motorlu ve 15.000 km'den daha az yol yapm\u0131\u015f ikinci el Fiat 500 elektrikli otomobilin fiyatlar\u0131n\u0131 analiz ettik. <\/p>\n\n\n\n<p>Yepyeni 2024 modelinin de\u011feri 33.900 Avro'dur. Ancak geriye d\u00f6n\u00fcp bakt\u0131\u011f\u0131m\u0131zda ikinci el piyasas\u0131ndaki de\u011ferinin h\u0131zla d\u00fc\u015ft\u00fc\u011f\u00fcn\u00fc g\u00f6r\u00fcyoruz: 2023'te 24.000 Avro, 2022'de 19.000 Avro ve 2021'de 17.500 Avro. Ortalama olarak, bu de\u011fer <strong>ilk y\u0131l i\u00e7inde de\u011ferinin 30 %'si kadar bir kay\u0131p<\/strong>Bu e\u011filimin zaman i\u00e7inde iyile\u015fmesi beklenmemektedir ve 5 y\u0131l sonra 50 %'lik bir deval\u00fcasyon olaca\u011f\u0131 tahmin edilmektedir.<\/p>\n\n\n\n<figure class=\"wp-block-table\"><table><thead><tr><th><\/th><th>Fiat 500e 87 kW<\/th><\/tr><\/thead><tbody><tr><td>2024 (yeni)<\/td><td>33 900 \u20ac<\/td><\/tr><tr><td>2023<\/td><td>24 000 \u20ac<\/td><\/tr><tr><td>2022<\/td><td>19 000 \u20ac<\/td><\/tr><tr><td>2021<\/td><td>17 500 \u20ac<\/td><\/tr><tr><td>2020<\/td><td>20 000 \u20ac<\/td><\/tr><\/tbody><\/table><\/figure>\n\n\n\n<p>Not: 2020'de bir\u00e7ok iyi donan\u0131ml\u0131 La Prima veya Icone Plus modeli, 2021 ve 2022'de bir\u00e7ok Icone modeli ve 2023'te 3000 km'den daha az olan modellerle bir\u00e7ok pazarl\u0131k.<\/p>\n\n\n\n<p>Bu fiyat e\u011filimi, arz\u0131n artt\u0131\u011f\u0131 de\u011fi\u015fen bir piyasay\u0131 yans\u0131tmaktad\u0131r.<strong> yeni, her zamankinden daha verimli ve teknolojik olarak geli\u015fmi\u015f elektrikli ara\u00e7lar, <\/strong>mevcut modeller \u00fczerinde s\u00fcrekli bir bask\u0131 olu\u015fturuyor. Yakla\u015fan Fiat Panda ve Citro\u00ebn e-C3 gibi 20.000 \u20ac civar\u0131nda fiyatland\u0131r\u0131lan cazip alternatifler, bu dinami\u011fi yo\u011funla\u015ft\u0131r\u0131yor ve d\u00fc\u015f\u00fck kilometrelerine ve neredeyse yeni durumlar\u0131na ra\u011fmen eski modelleri daha az cazip hale getiriyor.<\/p>\n\n\n\n<p>Bu ger\u00e7ek, potansiyel al\u0131c\u0131lar i\u00e7in bir dizi soruyu g\u00fcndeme getirmektedir. <strong>Yeni bir elektrikli modele yat\u0131r\u0131m yapmak daha m\u0131 ak\u0131ll\u0131ca?<\/strong>De\u011ferini h\u0131zla kaybedece\u011fini bilerek yeni bir araba sat\u0131n almak m\u0131 daha iyi, yoksa potansiyel olarak pazarl\u0131klarla dolu olan ikinci el piyasas\u0131na y\u00f6nelmek mi? <\/p>\n\n\n\n<p>Ancak, Centrale'ye g\u00f6re, 2023 y\u0131l\u0131na kadar Fransa'da 23.000'den fazla elektrikli Fiat 500 sat\u0131lmas\u0131 ve 2020 ile 2023 y\u0131llar\u0131 aras\u0131nda ikinci el piyasas\u0131nda sadece 1.500 model olmas\u0131 nedeniyle bu rakamlar\u0131n bir perspektife oturtulmas\u0131 gerekiyor. Daha net bir resim elde etmek i\u00e7in kiralama s\u00f6zle\u015fmelerinin bitmesini beklememiz gerekecek.<\/p>","protected":false},"excerpt":{"rendered":"","protected":false},"author":1,"featured_media":33405,"comment_status":"open","ping_status":"open","sticky":false,"template":"","format":"standard","meta":{"_acf_changed":false,"_sitemap_exclude":false,"_sitemap_priority":"","_sitemap_frequency":"","footnotes":""},"categories":[24],"tags":[289],"class_list":["post-33400","post","type-post","status-publish","format-standard","has-post-thumbnail","hentry","category-fiat","tag-fiat-500e","generate-columns","tablet-grid-50","mobile-grid-100","grid-parent","grid-33"],"acf":[],"yoast_head":"<!-- This site is optimized with the Yoast SEO plugin v25.8 - https:\/\/yoast.com\/wordpress\/plugins\/seo\/ -->\n<title>Fiat 500 \u00e9lectrique : voici combien elle perd de valeur en 1 an - ItalPassion<\/title>\n<meta name=\"description\" content=\"Comme d\u00e9taill\u00e9 dans un pr\u00e9c\u00e9dent article, un ph\u00e9nom\u00e8ne particuli\u00e8rement inqui\u00e9tant se manifeste dans la d\u00e9pr\u00e9ciation rapide de la valeur des v\u00e9hicules\" \/>\n<meta name=\"robots\" content=\"index, follow, max-snippet:-1, max-image-preview:large, max-video-preview:-1\" \/>\n<link rel=\"canonical\" href=\"https:\/\/www.italpassion.fr\/tr\/fiat\/fiat-500-electric-1-yilda-bu-kadar-deger-kaybediyor\/\" \/>\n<meta property=\"og:locale\" content=\"tr_TR\" \/>\n<meta property=\"og:type\" content=\"article\" \/>\n<meta property=\"og:title\" content=\"Fiat 500 \u00e9lectrique : voici combien elle perd de valeur en 1 an - ItalPassion\" \/>\n<meta property=\"og:description\" content=\"Comme d\u00e9taill\u00e9 dans un pr\u00e9c\u00e9dent article, un ph\u00e9nom\u00e8ne particuli\u00e8rement inqui\u00e9tant se manifeste dans la d\u00e9pr\u00e9ciation rapide de la valeur des v\u00e9hicules\" \/>\n<meta property=\"og:url\" content=\"https:\/\/www.italpassion.fr\/tr\/fiat\/fiat-500-electric-1-yilda-bu-kadar-deger-kaybediyor\/\" \/>\n<meta property=\"og:site_name\" content=\"ItalPassion\" \/>\n<meta property=\"article:publisher\" content=\"https:\/\/www.facebook.com\/italpassion\" \/>\n<meta property=\"article:published_time\" content=\"2024-02-24T14:25:07+00:00\" \/>\n<meta property=\"article:modified_time\" content=\"2024-02-24T14:25:09+00:00\" \/>\n<meta property=\"og:image\" content=\"https:\/\/www.italpassion.fr\/wp-content\/uploads\/2024\/02\/fiat-500-electrique-occasion.jpg\" \/>\n\t<meta property=\"og:image:width\" content=\"1200\" \/>\n\t<meta property=\"og:image:height\" content=\"800\" \/>\n\t<meta property=\"og:image:type\" content=\"image\/jpeg\" \/>\n<meta name=\"author\" content=\"Alexandre Filluzeau\" \/>\n<meta name=\"twitter:card\" content=\"summary_large_image\" \/>\n<meta name=\"twitter:creator\" content=\"@italpassion\" \/>\n<meta name=\"twitter:site\" content=\"@italpassion\" \/>\n<script type=\"application\/ld+json\" class=\"yoast-schema-graph\">{\"@context\":\"https:\/\/schema.org\",\"@graph\":[{\"@type\":\"NewsArticle\",\"@id\":\"https:\/\/www.italpassion.fr\/tr\/fiat\/fiat-500-electrique-voici-combien-elle-perd-de-valeur-en-1-an\/#article\",\"isPartOf\":{\"@id\":\"https:\/\/www.italpassion.fr\/tr\/fiat\/fiat-500-electrique-voici-combien-elle-perd-de-valeur-en-1-an\/\"},\"author\":{\"name\":\"Alexandre Filluzeau\",\"@id\":\"https:\/\/www.italpassion.fr\/tr\/#\/schema\/person\/36f747b2a759ca202d847e85a9434ca0\"},\"headline\":\"Fiat 500 \u00e9lectrique : voici combien elle perd de valeur en 1 an\",\"datePublished\":\"2024-02-24T14:25:07+00:00\",\"dateModified\":\"2024-02-24T14:25:09+00:00\",\"mainEntityOfPage\":{\"@id\":\"https:\/\/www.italpassion.fr\/tr\/fiat\/fiat-500-electrique-voici-combien-elle-perd-de-valeur-en-1-an\/\"},\"wordCount\":369,\"commentCount\":17,\"publisher\":{\"@id\":\"https:\/\/www.italpassion.fr\/tr\/#organization\"},\"image\":{\"@id\":\"https:\/\/www.italpassion.fr\/tr\/fiat\/fiat-500-electrique-voici-combien-elle-perd-de-valeur-en-1-an\/#primaryimage\"},\"thumbnailUrl\":\"https:\/\/www.italpassion.fr\/wp-content\/uploads\/2024\/02\/fiat-500-electrique-occasion.jpg\",\"keywords\":[\"Fiat 500 \u00e9lectrique\"],\"articleSection\":[\"Fiat\"],\"inLanguage\":\"tr\",\"potentialAction\":[{\"@type\":\"CommentAction\",\"name\":\"Comment\",\"target\":[\"https:\/\/www.italpassion.fr\/tr\/fiat\/fiat-500-electrique-voici-combien-elle-perd-de-valeur-en-1-an\/#respond\"]}]},{\"@type\":\"WebPage\",\"@id\":\"https:\/\/www.italpassion.fr\/tr\/fiat\/fiat-500-electrique-voici-combien-elle-perd-de-valeur-en-1-an\/\",\"url\":\"https:\/\/www.italpassion.fr\/tr\/fiat\/fiat-500-electrique-voici-combien-elle-perd-de-valeur-en-1-an\/\",\"name\":\"Fiat 500 \u00e9lectrique : voici combien elle perd de valeur en 1 an - ItalPassion\",\"isPartOf\":{\"@id\":\"https:\/\/www.italpassion.fr\/tr\/#website\"},\"primaryImageOfPage\":{\"@id\":\"https:\/\/www.italpassion.fr\/tr\/fiat\/fiat-500-electrique-voici-combien-elle-perd-de-valeur-en-1-an\/#primaryimage\"},\"image\":{\"@id\":\"https:\/\/www.italpassion.fr\/tr\/fiat\/fiat-500-electrique-voici-combien-elle-perd-de-valeur-en-1-an\/#primaryimage\"},\"thumbnailUrl\":\"https:\/\/www.italpassion.fr\/wp-content\/uploads\/2024\/02\/fiat-500-electrique-occasion.jpg\",\"datePublished\":\"2024-02-24T14:25:07+00:00\",\"dateModified\":\"2024-02-24T14:25:09+00:00\",\"description\":\"Comme d\u00e9taill\u00e9 dans un pr\u00e9c\u00e9dent article, un ph\u00e9nom\u00e8ne particuli\u00e8rement inqui\u00e9tant se manifeste dans la d\u00e9pr\u00e9ciation rapide de la valeur des v\u00e9hicules\",\"breadcrumb\":{\"@id\":\"https:\/\/www.italpassion.fr\/tr\/fiat\/fiat-500-electrique-voici-combien-elle-perd-de-valeur-en-1-an\/#breadcrumb\"},\"inLanguage\":\"tr\",\"potentialAction\":[{\"@type\":\"ReadAction\",\"target\":[\"https:\/\/www.italpassion.fr\/tr\/fiat\/fiat-500-electrique-voici-combien-elle-perd-de-valeur-en-1-an\/\"]}]},{\"@type\":\"ImageObject\",\"inLanguage\":\"tr\",\"@id\":\"https:\/\/www.italpassion.fr\/tr\/fiat\/fiat-500-electrique-voici-combien-elle-perd-de-valeur-en-1-an\/#primaryimage\",\"url\":\"https:\/\/www.italpassion.fr\/wp-content\/uploads\/2024\/02\/fiat-500-electrique-occasion.jpg\",\"contentUrl\":\"https:\/\/www.italpassion.fr\/wp-content\/uploads\/2024\/02\/fiat-500-electrique-occasion.jpg\",\"width\":1200,\"height\":800,\"caption\":\"fiat-500-electrique-occasion\"},{\"@type\":\"BreadcrumbList\",\"@id\":\"https:\/\/www.italpassion.fr\/tr\/fiat\/fiat-500-electrique-voici-combien-elle-perd-de-valeur-en-1-an\/#breadcrumb\",\"itemListElement\":[{\"@type\":\"ListItem\",\"position\":1,\"name\":\"Accueil\",\"item\":\"https:\/\/www.italpassion.fr\/tr\/\"},{\"@type\":\"ListItem\",\"position\":2,\"name\":\"Fiat 500 \u00e9lectrique : voici combien elle perd de valeur en 1 an\"}]},{\"@type\":\"WebSite\",\"@id\":\"https:\/\/www.italpassion.fr\/tr\/#website\",\"url\":\"https:\/\/www.italpassion.fr\/tr\/\",\"name\":\"ItalPassion\",\"description\":\"Les Passionn\u00e9s d&#039;Automobiles Italiennes\",\"publisher\":{\"@id\":\"https:\/\/www.italpassion.fr\/tr\/#organization\"},\"potentialAction\":[{\"@type\":\"SearchAction\",\"target\":{\"@type\":\"EntryPoint\",\"urlTemplate\":\"https:\/\/www.italpassion.fr\/tr\/?s={search_term_string}\"},\"query-input\":{\"@type\":\"PropertyValueSpecification\",\"valueRequired\":true,\"valueName\":\"search_term_string\"}}],\"inLanguage\":\"tr\"},{\"@type\":\"Organization\",\"@id\":\"https:\/\/www.italpassion.fr\/tr\/#organization\",\"name\":\"Italpassion\",\"url\":\"https:\/\/www.italpassion.fr\/tr\/\",\"logo\":{\"@type\":\"ImageObject\",\"inLanguage\":\"tr\",\"@id\":\"https:\/\/www.italpassion.fr\/tr\/#\/schema\/logo\/image\/\",\"url\":\"https:\/\/www.italpassion.fr\/wp-content\/uploads\/2023\/07\/italpassion-yoast.jpg\",\"contentUrl\":\"https:\/\/www.italpassion.fr\/wp-content\/uploads\/2023\/07\/italpassion-yoast.jpg\",\"width\":696,\"height\":696,\"caption\":\"Italpassion\"},\"image\":{\"@id\":\"https:\/\/www.italpassion.fr\/tr\/#\/schema\/logo\/image\/\"},\"sameAs\":[\"https:\/\/www.facebook.com\/italpassion\",\"https:\/\/x.com\/italpassion\",\"https:\/\/www.instagram.com\/italpassionfr\/\",\"https:\/\/www.youtube.com\/channel\/UCleq-ByQaA42OjhopwevRjQ\",\"https:\/\/www.facebook.com\/italpassion.en\/\",\"https:\/\/www.facebook.com\/italpassion.it\/\",\"https:\/\/www.facebook.com\/italpassion.de\/\",\"https:\/\/www.facebook.com\/italpassion.ja\/\"]},{\"@type\":\"Person\",\"@id\":\"https:\/\/www.italpassion.fr\/tr\/#\/schema\/person\/36f747b2a759ca202d847e85a9434ca0\",\"name\":\"Alexandre Filluzeau\",\"image\":{\"@type\":\"ImageObject\",\"inLanguage\":\"tr\",\"@id\":\"https:\/\/www.italpassion.fr\/tr\/#\/schema\/person\/image\/\",\"url\":\"https:\/\/www.italpassion.fr\/wp-content\/uploads\/2025\/04\/avatar-alexandre-160x160.jpg\",\"contentUrl\":\"https:\/\/www.italpassion.fr\/wp-content\/uploads\/2025\/04\/avatar-alexandre-160x160.jpg\",\"caption\":\"Alexandre Filluzeau\"},\"description\":\"Fondateur du site ItalPassion, passionn\u00e9 de voitures italiennes et de l'Italie en g\u00e9n\u00e9ral. J'apporte un regard critique et technique aux actualit\u00e9s des marques italiennes quand cela est possible. Propri\u00e9taire d'une Maserati GranTurismo, Alfa Romeo MiTo, Lancia Fulvia et Ducati 695. Ex-propri\u00e9taire d'une Alfa Romeo Giulia.\",\"sameAs\":[\"https:\/\/www.italpassion.fr\/\"],\"url\":\"https:\/\/www.italpassion.fr\/tr\/author\/alexandre\/\"}]}<\/script>\n<!-- \/ Yoast SEO plugin. -->","yoast_head_json":{"title":"Elektrikli Fiat 500: \u0130\u015fte 1 y\u0131lda ne kadar de\u011fer kaybetti\u011fi - ItalPassion","description":"Daha \u00f6nceki bir makalede ayr\u0131nt\u0131l\u0131 olarak a\u00e7\u0131kland\u0131\u011f\u0131 \u00fczere, \u00f6zellikle endi\u015fe verici bir olgu, ara\u00e7lar\u0131n de\u011ferindeki h\u0131zl\u0131 de\u011fer kayb\u0131d\u0131r.","robots":{"index":"index","follow":"follow","max-snippet":"max-snippet:-1","max-image-preview":"max-image-preview:large","max-video-preview":"max-video-preview:-1"},"canonical":"https:\/\/www.italpassion.fr\/tr\/fiat\/fiat-500-electric-1-yilda-bu-kadar-deger-kaybediyor\/","og_locale":"tr_TR","og_type":"article","og_title":"Fiat 500 \u00e9lectrique : voici combien elle perd de valeur en 1 an - ItalPassion","og_description":"Comme d\u00e9taill\u00e9 dans un pr\u00e9c\u00e9dent article, un ph\u00e9nom\u00e8ne particuli\u00e8rement inqui\u00e9tant se manifeste dans la d\u00e9pr\u00e9ciation rapide de la valeur des v\u00e9hicules","og_url":"https:\/\/www.italpassion.fr\/tr\/fiat\/fiat-500-electric-1-yilda-bu-kadar-deger-kaybediyor\/","og_site_name":"ItalPassion","article_publisher":"https:\/\/www.facebook.com\/italpassion","article_published_time":"2024-02-24T14:25:07+00:00","article_modified_time":"2024-02-24T14:25:09+00:00","og_image":[{"width":1200,"height":800,"url":"https:\/\/www.italpassion.fr\/wp-content\/uploads\/2024\/02\/fiat-500-electrique-occasion.jpg","type":"image\/jpeg"}],"author":"Alexandre Filluzeau","twitter_card":"summary_large_image","twitter_creator":"@italpassion","twitter_site":"@italpassion","schema":{"@context":"https:\/\/schema.org","@graph":[{"@type":"NewsArticle","@id":"https:\/\/www.italpassion.fr\/tr\/fiat\/fiat-500-electrique-voici-combien-elle-perd-de-valeur-en-1-an\/#article","isPartOf":{"@id":"https:\/\/www.italpassion.fr\/tr\/fiat\/fiat-500-electrique-voici-combien-elle-perd-de-valeur-en-1-an\/"},"author":{"name":"Alexandre Filluzeau","@id":"https:\/\/www.italpassion.fr\/tr\/#\/schema\/person\/36f747b2a759ca202d847e85a9434ca0"},"headline":"Fiat 500 \u00e9lectrique : voici combien elle perd de valeur en 1 an","datePublished":"2024-02-24T14:25:07+00:00","dateModified":"2024-02-24T14:25:09+00:00","mainEntityOfPage":{"@id":"https:\/\/www.italpassion.fr\/tr\/fiat\/fiat-500-electrique-voici-combien-elle-perd-de-valeur-en-1-an\/"},"wordCount":369,"commentCount":17,"publisher":{"@id":"https:\/\/www.italpassion.fr\/tr\/#organization"},"image":{"@id":"https:\/\/www.italpassion.fr\/tr\/fiat\/fiat-500-electrique-voici-combien-elle-perd-de-valeur-en-1-an\/#primaryimage"},"thumbnailUrl":"https:\/\/www.italpassion.fr\/wp-content\/uploads\/2024\/02\/fiat-500-electrique-occasion.jpg","keywords":["Fiat 500 \u00e9lectrique"],"articleSection":["Fiat"],"inLanguage":"tr","potentialAction":[{"@type":"CommentAction","name":"Comment","target":["https:\/\/www.italpassion.fr\/tr\/fiat\/fiat-500-electrique-voici-combien-elle-perd-de-valeur-en-1-an\/#respond"]}]},{"@type":"WebPage","@id":"https:\/\/www.italpassion.fr\/tr\/fiat\/fiat-500-electrique-voici-combien-elle-perd-de-valeur-en-1-an\/","url":"https:\/\/www.italpassion.fr\/tr\/fiat\/fiat-500-electrique-voici-combien-elle-perd-de-valeur-en-1-an\/","name":"Elektrikli Fiat 500: \u0130\u015fte 1 y\u0131lda ne kadar de\u011fer kaybetti\u011fi - ItalPassion","isPartOf":{"@id":"https:\/\/www.italpassion.fr\/tr\/#website"},"primaryImageOfPage":{"@id":"https:\/\/www.italpassion.fr\/tr\/fiat\/fiat-500-electrique-voici-combien-elle-perd-de-valeur-en-1-an\/#primaryimage"},"image":{"@id":"https:\/\/www.italpassion.fr\/tr\/fiat\/fiat-500-electrique-voici-combien-elle-perd-de-valeur-en-1-an\/#primaryimage"},"thumbnailUrl":"https:\/\/www.italpassion.fr\/wp-content\/uploads\/2024\/02\/fiat-500-electrique-occasion.jpg","datePublished":"2024-02-24T14:25:07+00:00","dateModified":"2024-02-24T14:25:09+00:00","description":"Daha \u00f6nceki bir makalede ayr\u0131nt\u0131l\u0131 olarak a\u00e7\u0131kland\u0131\u011f\u0131 \u00fczere, \u00f6zellikle endi\u015fe verici bir olgu, ara\u00e7lar\u0131n de\u011ferindeki h\u0131zl\u0131 de\u011fer kayb\u0131d\u0131r.","breadcrumb":{"@id":"https:\/\/www.italpassion.fr\/tr\/fiat\/fiat-500-electrique-voici-combien-elle-perd-de-valeur-en-1-an\/#breadcrumb"},"inLanguage":"tr","potentialAction":[{"@type":"ReadAction","target":["https:\/\/www.italpassion.fr\/tr\/fiat\/fiat-500-electrique-voici-combien-elle-perd-de-valeur-en-1-an\/"]}]},{"@type":"ImageObject","inLanguage":"tr","@id":"https:\/\/www.italpassion.fr\/tr\/fiat\/fiat-500-electrique-voici-combien-elle-perd-de-valeur-en-1-an\/#primaryimage","url":"https:\/\/www.italpassion.fr\/wp-content\/uploads\/2024\/02\/fiat-500-electrique-occasion.jpg","contentUrl":"https:\/\/www.italpassion.fr\/wp-content\/uploads\/2024\/02\/fiat-500-electrique-occasion.jpg","width":1200,"height":800,"caption":"fiat-500-electrique-occasion"},{"@type":"BreadcrumbList","@id":"https:\/\/www.italpassion.fr\/tr\/fiat\/fiat-500-electrique-voici-combien-elle-perd-de-valeur-en-1-an\/#breadcrumb","itemListElement":[{"@type":"ListItem","position":1,"name":"Accueil","item":"https:\/\/www.italpassion.fr\/tr\/"},{"@type":"ListItem","position":2,"name":"Fiat 500 \u00e9lectrique : voici combien elle perd de valeur en 1 an"}]},{"@type":"WebSite","@id":"https:\/\/www.italpassion.fr\/tr\/#website","url":"https:\/\/www.italpassion.fr\/tr\/","name":"ItalPassion","description":"\u0130talyan Araba Merakl\u0131lar\u0131","publisher":{"@id":"https:\/\/www.italpassion.fr\/tr\/#organization"},"potentialAction":[{"@type":"SearchAction","target":{"@type":"EntryPoint","urlTemplate":"https:\/\/www.italpassion.fr\/tr\/?s={search_term_string}"},"query-input":{"@type":"PropertyValueSpecification","valueRequired":true,"valueName":"search_term_string"}}],"inLanguage":"tr"},{"@type":"Organization","@id":"https:\/\/www.italpassion.fr\/tr\/#organization","name":"Italpassion","url":"https:\/\/www.italpassion.fr\/tr\/","logo":{"@type":"ImageObject","inLanguage":"tr","@id":"https:\/\/www.italpassion.fr\/tr\/#\/schema\/logo\/image\/","url":"https:\/\/www.italpassion.fr\/wp-content\/uploads\/2023\/07\/italpassion-yoast.jpg","contentUrl":"https:\/\/www.italpassion.fr\/wp-content\/uploads\/2023\/07\/italpassion-yoast.jpg","width":696,"height":696,"caption":"Italpassion"},"image":{"@id":"https:\/\/www.italpassion.fr\/tr\/#\/schema\/logo\/image\/"},"sameAs":["https:\/\/www.facebook.com\/italpassion","https:\/\/x.com\/italpassion","https:\/\/www.instagram.com\/italpassionfr\/","https:\/\/www.youtube.com\/channel\/UCleq-ByQaA42OjhopwevRjQ","https:\/\/www.facebook.com\/italpassion.en\/","https:\/\/www.facebook.com\/italpassion.it\/","https:\/\/www.facebook.com\/italpassion.de\/","https:\/\/www.facebook.com\/italpassion.ja\/"]},{"@type":"Person","@id":"https:\/\/www.italpassion.fr\/tr\/#\/schema\/person\/36f747b2a759ca202d847e85a9434ca0","name":"Alexandre Filluzeau","image":{"@type":"ImageObject","inLanguage":"tr","@id":"https:\/\/www.italpassion.fr\/tr\/#\/schema\/person\/image\/","url":"https:\/\/www.italpassion.fr\/wp-content\/uploads\/2025\/04\/avatar-alexandre-160x160.jpg","contentUrl":"https:\/\/www.italpassion.fr\/wp-content\/uploads\/2025\/04\/avatar-alexandre-160x160.jpg","caption":"Alexandre Filluzeau"},"description":"ItalPassion web sitesinin kurucusu, \u0130talyan otomobilleri ve genel olarak \u0130talya hakk\u0131nda tutkulu. M\u00fcmk\u00fcn oldu\u011funca \u0130talyan markalar\u0131n\u0131n haberlerine ele\u015ftirel ve teknik bir g\u00f6z getiriyorum. Maserati GranTurismo, Alfa Romeo MiTo, Lancia Fulvia ve Ducati 695 sahibiyim. Alfa Romeo Giulia'n\u0131n eski sahibi.","sameAs":["https:\/\/www.italpassion.fr\/"],"url":"https:\/\/www.italpassion.fr\/tr\/author\/alexandre\/"}]}},"_links":{"self":[{"href":"https:\/\/www.italpassion.fr\/tr\/wp-json\/wp\/v2\/posts\/33400","targetHints":{"allow":["GET"]}}],"collection":[{"href":"https:\/\/www.italpassion.fr\/tr\/wp-json\/wp\/v2\/posts"}],"about":[{"href":"https:\/\/www.italpassion.fr\/tr\/wp-json\/wp\/v2\/types\/post"}],"author":[{"embeddable":true,"href":"https:\/\/www.italpassion.fr\/tr\/wp-json\/wp\/v2\/users\/1"}],"replies":[{"embeddable":true,"href":"https:\/\/www.italpassion.fr\/tr\/wp-json\/wp\/v2\/comments?post=33400"}],"version-history":[{"count":1,"href":"https:\/\/www.italpassion.fr\/tr\/wp-json\/wp\/v2\/posts\/33400\/revisions"}],"predecessor-version":[{"id":33406,"href":"https:\/\/www.italpassion.fr\/tr\/wp-json\/wp\/v2\/posts\/33400\/revisions\/33406"}],"wp:featuredmedia":[{"embeddable":true,"href":"https:\/\/www.italpassion.fr\/tr\/wp-json\/wp\/v2\/media\/33405"}],"wp:attachment":[{"href":"https:\/\/www.italpassion.fr\/tr\/wp-json\/wp\/v2\/media?parent=33400"}],"wp:term":[{"taxonomy":"category","embeddable":true,"href":"https:\/\/www.italpassion.fr\/tr\/wp-json\/wp\/v2\/categories?post=33400"},{"taxonomy":"post_tag","embeddable":true,"href":"https:\/\/www.italpassion.fr\/tr\/wp-json\/wp\/v2\/tags?post=33400"}],"curies":[{"name":"wp","href":"https:\/\/api.w.org\/{rel}","templated":true}]}}