{"id":30959,"date":"2022-11-27T20:50:09","date_gmt":"2022-11-27T19:50:09","guid":{"rendered":"https:\/\/www.italpassion.fr\/?p=30959"},"modified":"2022-11-27T20:50:11","modified_gmt":"2022-11-27T19:50:11","slug":"ferrari-vision-gran-turismo-the-first-car-of-maranello-concrete-for-sport","status":"publish","type":"post","link":"https:\/\/www.italpassion.fr\/tr\/ferrari\/ferrari-vision-gran-turismo-la-premiere-voiture-de-maranello-concue-pour-lesport\/","title":{"rendered":"Ferrari Vision Gran Turismo: Maranello'nun espor i\u00e7in tasarlad\u0131\u011f\u0131 ilk otomobil"},"content":{"rendered":"<p>Ferrari, Scuderia Ferrari Velas Esports Tak\u0131m\u0131na sahip olman\u0131n yan\u0131 s\u0131ra Formula 1 Esports Serisinde, GT World Challenge Esports'ta (Assetto Corsa ile) veya Le Mans Virtual'da yer ald\u0131\u011f\u0131 i\u00e7in video oyunlar\u0131n\u0131 ve esporu \u00e7ok ciddiye al\u0131yor, <strong>\u0130talyan marka \u015fimdi de Gran Turismo 7 oyunu i\u00e7in \u00f6zel olarak tasarlanan ilk Vision s\u00fcper otomobilini tan\u0131tt\u0131.<\/strong><\/p>\n\n\n\n<figure class=\"wp-block-embed is-type-video is-provider-youtube wp-block-embed-youtube wp-embed-aspect-16-9 wp-has-aspect-ratio\"><div class=\"wp-block-embed__wrapper\">\n<iframe loading=\"lazy\" title=\"Ferrari Vision GT, Maranello&#039;nun ilk \u00f6zel sanal motor sporlar\u0131 konsept otomobili\" width=\"1200\" height=\"675\" src=\"https:\/\/www.youtube-nocookie.com\/embed\/nCDcDaKSDBQ?feature=oembed\" frameborder=\"0\" allow=\"accelerometer; autoplay; clipboard-write; encrypted-media; gyroscope; picture-in-picture; web-share\" referrerpolicy=\"strict-origin-when-cross-origin\" allowfullscreen><\/iframe>\n<\/div><\/figure>\n\n\n\n<p>Ferrari Vision Gran Turismo, Ferrari Vision Gran Turismo'da bulunan ayn\u0131 3.0L V6 hibrit motordan g\u00fc\u00e7 alan f\u00fct\u00fcristik bir s\u00fcper otomobildir. <a href=\"https:\/\/www.italpassion.fr\/tr\/ferrari\/ferrari-296-gtb-un-petit-v6-de-830-ch\/\">Ferrari 296 GTB<\/a>ve<a href=\"https:\/\/www.italpassion.fr\/tr\/ferrari\/voila-la-ferrari-499p-which-marks-the-return-in-endurance\/\">hiper otomobil Ferrari 499P<\/a> Gelecek y\u0131l Le Mans'ta yar\u0131\u015facak. Oyunda, bu V6 motor 1356 GTB i\u00e7in 830 hp ve 499P i\u00e7in 680 hp ile kar\u015f\u0131la\u015ft\u0131r\u0131ld\u0131\u011f\u0131nda 296 hp sunacak. <\/p>\n\n\n\n<figure class=\"wp-block-gallery has-nested-images columns-1 is-cropped wp-block-gallery-1 is-layout-flex wp-block-gallery-is-layout-flex\">\n<figure class=\"wp-block-image size-large\"><a href=\"https:\/\/www.italpassion.fr\/wp-content\/uploads\/2022\/11\/ferrari-vision-gt-3-scaled.jpg\"><img loading=\"lazy\" decoding=\"async\" width=\"1024\" height=\"576\" data-id=\"30963\" src=\"https:\/\/www.italpassion.fr\/wp-content\/uploads\/2022\/11\/ferrari-vision-gt-3-1024x576.jpg\" alt=\"\" class=\"wp-image-30963\" srcset=\"https:\/\/www.italpassion.fr\/wp-content\/uploads\/2022\/11\/ferrari-vision-gt-3-1024x576.jpg 1024w, https:\/\/www.italpassion.fr\/wp-content\/uploads\/2022\/11\/ferrari-vision-gt-3-300x169.jpg 300w, https:\/\/www.italpassion.fr\/wp-content\/uploads\/2022\/11\/ferrari-vision-gt-3-768x432.jpg 768w, https:\/\/www.italpassion.fr\/wp-content\/uploads\/2022\/11\/ferrari-vision-gt-3-1536x864.jpg 1536w, https:\/\/www.italpassion.fr\/wp-content\/uploads\/2022\/11\/ferrari-vision-gt-3-scaled.jpg 2048w, https:\/\/www.italpassion.fr\/wp-content\/uploads\/2022\/11\/ferrari-vision-gt-3-18x10.jpg 18w, https:\/\/www.italpassion.fr\/wp-content\/uploads\/2022\/11\/ferrari-vision-gt-3-192x108.jpg 192w, https:\/\/www.italpassion.fr\/wp-content\/uploads\/2022\/11\/ferrari-vision-gt-3-384x216.jpg 384w, https:\/\/www.italpassion.fr\/wp-content\/uploads\/2022\/11\/ferrari-vision-gt-3-364x205.jpg 364w, https:\/\/www.italpassion.fr\/wp-content\/uploads\/2022\/11\/ferrari-vision-gt-3-728x409.jpg 728w, https:\/\/www.italpassion.fr\/wp-content\/uploads\/2022\/11\/ferrari-vision-gt-3-561x316.jpg 561w, https:\/\/www.italpassion.fr\/wp-content\/uploads\/2022\/11\/ferrari-vision-gt-3-1122x631.jpg 1122w, https:\/\/www.italpassion.fr\/wp-content\/uploads\/2022\/11\/ferrari-vision-gt-3-265x149.jpg 265w, https:\/\/www.italpassion.fr\/wp-content\/uploads\/2022\/11\/ferrari-vision-gt-3-531x299.jpg 531w, https:\/\/www.italpassion.fr\/wp-content\/uploads\/2022\/11\/ferrari-vision-gt-3-608x342.jpg 608w, https:\/\/www.italpassion.fr\/wp-content\/uploads\/2022\/11\/ferrari-vision-gt-3-758x426.jpg 758w, https:\/\/www.italpassion.fr\/wp-content\/uploads\/2022\/11\/ferrari-vision-gt-3-1152x648.jpg 1152w\" sizes=\"auto, (max-width: 1024px) 100vw, 1024px\" \/><\/a><\/figure>\n\n\n\n<figure class=\"wp-block-image size-large\"><a href=\"https:\/\/www.italpassion.fr\/wp-content\/uploads\/2022\/11\/ferrari-vision-gt-scaled.jpg\"><img loading=\"lazy\" decoding=\"async\" width=\"1024\" height=\"576\" data-id=\"30964\" src=\"https:\/\/www.italpassion.fr\/wp-content\/uploads\/2022\/11\/ferrari-vision-gt-1024x576.jpg\" alt=\"\" class=\"wp-image-30964\" srcset=\"https:\/\/www.italpassion.fr\/wp-content\/uploads\/2022\/11\/ferrari-vision-gt-1024x576.jpg 1024w, https:\/\/www.italpassion.fr\/wp-content\/uploads\/2022\/11\/ferrari-vision-gt-300x169.jpg 300w, https:\/\/www.italpassion.fr\/wp-content\/uploads\/2022\/11\/ferrari-vision-gt-768x432.jpg 768w, https:\/\/www.italpassion.fr\/wp-content\/uploads\/2022\/11\/ferrari-vision-gt-1536x864.jpg 1536w, https:\/\/www.italpassion.fr\/wp-content\/uploads\/2022\/11\/ferrari-vision-gt-scaled.jpg 2048w, https:\/\/www.italpassion.fr\/wp-content\/uploads\/2022\/11\/ferrari-vision-gt-18x10.jpg 18w, https:\/\/www.italpassion.fr\/wp-content\/uploads\/2022\/11\/ferrari-vision-gt-192x108.jpg 192w, https:\/\/www.italpassion.fr\/wp-content\/uploads\/2022\/11\/ferrari-vision-gt-384x216.jpg 384w, https:\/\/www.italpassion.fr\/wp-content\/uploads\/2022\/11\/ferrari-vision-gt-364x205.jpg 364w, https:\/\/www.italpassion.fr\/wp-content\/uploads\/2022\/11\/ferrari-vision-gt-728x409.jpg 728w, https:\/\/www.italpassion.fr\/wp-content\/uploads\/2022\/11\/ferrari-vision-gt-561x316.jpg 561w, https:\/\/www.italpassion.fr\/wp-content\/uploads\/2022\/11\/ferrari-vision-gt-1122x631.jpg 1122w, https:\/\/www.italpassion.fr\/wp-content\/uploads\/2022\/11\/ferrari-vision-gt-265x149.jpg 265w, https:\/\/www.italpassion.fr\/wp-content\/uploads\/2022\/11\/ferrari-vision-gt-531x299.jpg 531w, https:\/\/www.italpassion.fr\/wp-content\/uploads\/2022\/11\/ferrari-vision-gt-608x342.jpg 608w, https:\/\/www.italpassion.fr\/wp-content\/uploads\/2022\/11\/ferrari-vision-gt-758x426.jpg 758w, https:\/\/www.italpassion.fr\/wp-content\/uploads\/2022\/11\/ferrari-vision-gt-1152x648.jpg 1152w\" sizes=\"auto, (max-width: 1024px) 100vw, 1024px\" \/><\/a><\/figure>\n\n\n\n<figure class=\"wp-block-image size-large\"><a href=\"https:\/\/www.italpassion.fr\/wp-content\/uploads\/2022\/11\/ferrari-vision-gt2-scaled.jpg\"><img loading=\"lazy\" decoding=\"async\" width=\"1024\" height=\"576\" data-id=\"30965\" src=\"https:\/\/www.italpassion.fr\/wp-content\/uploads\/2022\/11\/ferrari-vision-gt2-1024x576.jpg\" alt=\"\" class=\"wp-image-30965\" srcset=\"https:\/\/www.italpassion.fr\/wp-content\/uploads\/2022\/11\/ferrari-vision-gt2-1024x576.jpg 1024w, https:\/\/www.italpassion.fr\/wp-content\/uploads\/2022\/11\/ferrari-vision-gt2-300x169.jpg 300w, https:\/\/www.italpassion.fr\/wp-content\/uploads\/2022\/11\/ferrari-vision-gt2-768x432.jpg 768w, https:\/\/www.italpassion.fr\/wp-content\/uploads\/2022\/11\/ferrari-vision-gt2-1536x864.jpg 1536w, https:\/\/www.italpassion.fr\/wp-content\/uploads\/2022\/11\/ferrari-vision-gt2-scaled.jpg 2048w, https:\/\/www.italpassion.fr\/wp-content\/uploads\/2022\/11\/ferrari-vision-gt2-18x10.jpg 18w, https:\/\/www.italpassion.fr\/wp-content\/uploads\/2022\/11\/ferrari-vision-gt2-192x108.jpg 192w, https:\/\/www.italpassion.fr\/wp-content\/uploads\/2022\/11\/ferrari-vision-gt2-384x216.jpg 384w, https:\/\/www.italpassion.fr\/wp-content\/uploads\/2022\/11\/ferrari-vision-gt2-364x205.jpg 364w, https:\/\/www.italpassion.fr\/wp-content\/uploads\/2022\/11\/ferrari-vision-gt2-728x409.jpg 728w, https:\/\/www.italpassion.fr\/wp-content\/uploads\/2022\/11\/ferrari-vision-gt2-561x316.jpg 561w, https:\/\/www.italpassion.fr\/wp-content\/uploads\/2022\/11\/ferrari-vision-gt2-1122x631.jpg 1122w, https:\/\/www.italpassion.fr\/wp-content\/uploads\/2022\/11\/ferrari-vision-gt2-265x149.jpg 265w, https:\/\/www.italpassion.fr\/wp-content\/uploads\/2022\/11\/ferrari-vision-gt2-531x299.jpg 531w, https:\/\/www.italpassion.fr\/wp-content\/uploads\/2022\/11\/ferrari-vision-gt2-608x342.jpg 608w, https:\/\/www.italpassion.fr\/wp-content\/uploads\/2022\/11\/ferrari-vision-gt2-758x426.jpg 758w, https:\/\/www.italpassion.fr\/wp-content\/uploads\/2022\/11\/ferrari-vision-gt2-1152x648.jpg 1152w\" sizes=\"auto, (max-width: 1024px) 100vw, 1024px\" \/><\/a><\/figure>\n\n\n\n<figure class=\"wp-block-image size-large\"><a href=\"https:\/\/www.italpassion.fr\/wp-content\/uploads\/2022\/11\/ferrari-vision-gt4.jpg\"><img loading=\"lazy\" decoding=\"async\" width=\"1024\" height=\"585\" data-id=\"30962\" src=\"https:\/\/www.italpassion.fr\/wp-content\/uploads\/2022\/11\/ferrari-vision-gt4-1024x585.jpg\" alt=\"\" class=\"wp-image-30962\" srcset=\"https:\/\/www.italpassion.fr\/wp-content\/uploads\/2022\/11\/ferrari-vision-gt4-1024x585.jpg 1024w, https:\/\/www.italpassion.fr\/wp-content\/uploads\/2022\/11\/ferrari-vision-gt4-300x171.jpg 300w, https:\/\/www.italpassion.fr\/wp-content\/uploads\/2022\/11\/ferrari-vision-gt4-768x439.jpg 768w, https:\/\/www.italpassion.fr\/wp-content\/uploads\/2022\/11\/ferrari-vision-gt4-18x10.jpg 18w, https:\/\/www.italpassion.fr\/wp-content\/uploads\/2022\/11\/ferrari-vision-gt4-561x321.jpg 561w, https:\/\/www.italpassion.fr\/wp-content\/uploads\/2022\/11\/ferrari-vision-gt4-1122x641.jpg 1122w, https:\/\/www.italpassion.fr\/wp-content\/uploads\/2022\/11\/ferrari-vision-gt4-265x151.jpg 265w, https:\/\/www.italpassion.fr\/wp-content\/uploads\/2022\/11\/ferrari-vision-gt4-531x303.jpg 531w, https:\/\/www.italpassion.fr\/wp-content\/uploads\/2022\/11\/ferrari-vision-gt4-364x208.jpg 364w, https:\/\/www.italpassion.fr\/wp-content\/uploads\/2022\/11\/ferrari-vision-gt4-728x416.jpg 728w, https:\/\/www.italpassion.fr\/wp-content\/uploads\/2022\/11\/ferrari-vision-gt4-608x347.jpg 608w, https:\/\/www.italpassion.fr\/wp-content\/uploads\/2022\/11\/ferrari-vision-gt4-758x433.jpg 758w, https:\/\/www.italpassion.fr\/wp-content\/uploads\/2022\/11\/ferrari-vision-gt4-1152x658.jpg 1152w, https:\/\/www.italpassion.fr\/wp-content\/uploads\/2022\/11\/ferrari-vision-gt4.jpg 1400w\" sizes=\"auto, (max-width: 1024px) 100vw, 1024px\" \/><\/a><\/figure>\n\n\n\n<figure class=\"wp-block-image size-large\"><a href=\"https:\/\/www.italpassion.fr\/wp-content\/uploads\/2022\/11\/ferrari-vison-gt6.jpg\"><img loading=\"lazy\" decoding=\"async\" width=\"1024\" height=\"585\" data-id=\"30961\" src=\"https:\/\/www.italpassion.fr\/wp-content\/uploads\/2022\/11\/ferrari-vison-gt6-1024x585.jpg\" alt=\"\" class=\"wp-image-30961\" srcset=\"https:\/\/www.italpassion.fr\/wp-content\/uploads\/2022\/11\/ferrari-vison-gt6-1024x585.jpg 1024w, https:\/\/www.italpassion.fr\/wp-content\/uploads\/2022\/11\/ferrari-vison-gt6-300x171.jpg 300w, https:\/\/www.italpassion.fr\/wp-content\/uploads\/2022\/11\/ferrari-vison-gt6-768x439.jpg 768w, https:\/\/www.italpassion.fr\/wp-content\/uploads\/2022\/11\/ferrari-vison-gt6-18x10.jpg 18w, https:\/\/www.italpassion.fr\/wp-content\/uploads\/2022\/11\/ferrari-vison-gt6-561x321.jpg 561w, https:\/\/www.italpassion.fr\/wp-content\/uploads\/2022\/11\/ferrari-vison-gt6-1122x641.jpg 1122w, https:\/\/www.italpassion.fr\/wp-content\/uploads\/2022\/11\/ferrari-vison-gt6-265x151.jpg 265w, https:\/\/www.italpassion.fr\/wp-content\/uploads\/2022\/11\/ferrari-vison-gt6-531x303.jpg 531w, https:\/\/www.italpassion.fr\/wp-content\/uploads\/2022\/11\/ferrari-vison-gt6-364x208.jpg 364w, https:\/\/www.italpassion.fr\/wp-content\/uploads\/2022\/11\/ferrari-vison-gt6-728x416.jpg 728w, https:\/\/www.italpassion.fr\/wp-content\/uploads\/2022\/11\/ferrari-vison-gt6-608x347.jpg 608w, https:\/\/www.italpassion.fr\/wp-content\/uploads\/2022\/11\/ferrari-vison-gt6-758x433.jpg 758w, https:\/\/www.italpassion.fr\/wp-content\/uploads\/2022\/11\/ferrari-vison-gt6-1152x658.jpg 1152w, https:\/\/www.italpassion.fr\/wp-content\/uploads\/2022\/11\/ferrari-vison-gt6.jpg 1400w\" sizes=\"auto, (max-width: 1024px) 100vw, 1024px\" \/><\/a><\/figure>\n\n\n\n<figure class=\"wp-block-image size-large\"><a href=\"https:\/\/www.italpassion.fr\/wp-content\/uploads\/2022\/11\/ferrari-vision-gt5-scaled.jpg\"><img loading=\"lazy\" decoding=\"async\" width=\"1024\" height=\"576\" data-id=\"30967\" src=\"https:\/\/www.italpassion.fr\/wp-content\/uploads\/2022\/11\/ferrari-vision-gt5-1024x576.jpg\" alt=\"\" class=\"wp-image-30967\" srcset=\"https:\/\/www.italpassion.fr\/wp-content\/uploads\/2022\/11\/ferrari-vision-gt5-1024x576.jpg 1024w, https:\/\/www.italpassion.fr\/wp-content\/uploads\/2022\/11\/ferrari-vision-gt5-300x169.jpg 300w, https:\/\/www.italpassion.fr\/wp-content\/uploads\/2022\/11\/ferrari-vision-gt5-768x432.jpg 768w, https:\/\/www.italpassion.fr\/wp-content\/uploads\/2022\/11\/ferrari-vision-gt5-1536x864.jpg 1536w, https:\/\/www.italpassion.fr\/wp-content\/uploads\/2022\/11\/ferrari-vision-gt5-scaled.jpg 2048w, https:\/\/www.italpassion.fr\/wp-content\/uploads\/2022\/11\/ferrari-vision-gt5-18x10.jpg 18w, https:\/\/www.italpassion.fr\/wp-content\/uploads\/2022\/11\/ferrari-vision-gt5-192x108.jpg 192w, https:\/\/www.italpassion.fr\/wp-content\/uploads\/2022\/11\/ferrari-vision-gt5-384x216.jpg 384w, https:\/\/www.italpassion.fr\/wp-content\/uploads\/2022\/11\/ferrari-vision-gt5-364x205.jpg 364w, https:\/\/www.italpassion.fr\/wp-content\/uploads\/2022\/11\/ferrari-vision-gt5-728x409.jpg 728w, https:\/\/www.italpassion.fr\/wp-content\/uploads\/2022\/11\/ferrari-vision-gt5-561x316.jpg 561w, https:\/\/www.italpassion.fr\/wp-content\/uploads\/2022\/11\/ferrari-vision-gt5-1122x631.jpg 1122w, https:\/\/www.italpassion.fr\/wp-content\/uploads\/2022\/11\/ferrari-vision-gt5-265x149.jpg 265w, https:\/\/www.italpassion.fr\/wp-content\/uploads\/2022\/11\/ferrari-vision-gt5-531x299.jpg 531w, https:\/\/www.italpassion.fr\/wp-content\/uploads\/2022\/11\/ferrari-vision-gt5-608x342.jpg 608w, https:\/\/www.italpassion.fr\/wp-content\/uploads\/2022\/11\/ferrari-vision-gt5-758x426.jpg 758w, https:\/\/www.italpassion.fr\/wp-content\/uploads\/2022\/11\/ferrari-vision-gt5-1152x648.jpg 1152w\" sizes=\"auto, (max-width: 1024px) 100vw, 1024px\" \/><\/a><\/figure>\n\n\n\n<figure class=\"wp-block-image size-large\"><a href=\"https:\/\/www.italpassion.fr\/wp-content\/uploads\/2022\/11\/ferrari-vision-gt-6-scaled.jpg\"><img loading=\"lazy\" decoding=\"async\" width=\"1024\" height=\"768\" data-id=\"30966\" src=\"https:\/\/www.italpassion.fr\/wp-content\/uploads\/2022\/11\/ferrari-vision-gt-6-1024x768.jpg\" alt=\"\" class=\"wp-image-30966\" srcset=\"https:\/\/www.italpassion.fr\/wp-content\/uploads\/2022\/11\/ferrari-vision-gt-6-1024x768.jpg 1024w, https:\/\/www.italpassion.fr\/wp-content\/uploads\/2022\/11\/ferrari-vision-gt-6-300x225.jpg 300w, https:\/\/www.italpassion.fr\/wp-content\/uploads\/2022\/11\/ferrari-vision-gt-6-768x576.jpg 768w, https:\/\/www.italpassion.fr\/wp-content\/uploads\/2022\/11\/ferrari-vision-gt-6-1536x1152.jpg 1536w, https:\/\/www.italpassion.fr\/wp-content\/uploads\/2022\/11\/ferrari-vision-gt-6-scaled.jpg 2048w, https:\/\/www.italpassion.fr\/wp-content\/uploads\/2022\/11\/ferrari-vision-gt-6-16x12.jpg 16w, https:\/\/www.italpassion.fr\/wp-content\/uploads\/2022\/11\/ferrari-vision-gt-6-192x144.jpg 192w, https:\/\/www.italpassion.fr\/wp-content\/uploads\/2022\/11\/ferrari-vision-gt-6-384x288.jpg 384w, https:\/\/www.italpassion.fr\/wp-content\/uploads\/2022\/11\/ferrari-vision-gt-6-90x67.jpg 90w, https:\/\/www.italpassion.fr\/wp-content\/uploads\/2022\/11\/ferrari-vision-gt-6-180x135.jpg 180w, https:\/\/www.italpassion.fr\/wp-content\/uploads\/2022\/11\/ferrari-vision-gt-6-561x421.jpg 561w, https:\/\/www.italpassion.fr\/wp-content\/uploads\/2022\/11\/ferrari-vision-gt-6-1122x842.jpg 1122w, https:\/\/www.italpassion.fr\/wp-content\/uploads\/2022\/11\/ferrari-vision-gt-6-265x199.jpg 265w, https:\/\/www.italpassion.fr\/wp-content\/uploads\/2022\/11\/ferrari-vision-gt-6-531x398.jpg 531w, https:\/\/www.italpassion.fr\/wp-content\/uploads\/2022\/11\/ferrari-vision-gt-6-364x273.jpg 364w, https:\/\/www.italpassion.fr\/wp-content\/uploads\/2022\/11\/ferrari-vision-gt-6-728x546.jpg 728w, https:\/\/www.italpassion.fr\/wp-content\/uploads\/2022\/11\/ferrari-vision-gt-6-608x456.jpg 608w, https:\/\/www.italpassion.fr\/wp-content\/uploads\/2022\/11\/ferrari-vision-gt-6-758x569.jpg 758w, https:\/\/www.italpassion.fr\/wp-content\/uploads\/2022\/11\/ferrari-vision-gt-6-1152x864.jpg 1152w\" sizes=\"auto, (max-width: 1024px) 100vw, 1024px\" \/><\/a><\/figure>\n\n\n\n<figure class=\"wp-block-image size-large\"><a href=\"https:\/\/www.italpassion.fr\/wp-content\/uploads\/2022\/11\/ferrari-vision-gt7.jpg\"><img loading=\"lazy\" decoding=\"async\" width=\"1024\" height=\"585\" data-id=\"30960\" src=\"https:\/\/www.italpassion.fr\/wp-content\/uploads\/2022\/11\/ferrari-vision-gt7-1024x585.jpg\" alt=\"\" class=\"wp-image-30960\" srcset=\"https:\/\/www.italpassion.fr\/wp-content\/uploads\/2022\/11\/ferrari-vision-gt7-1024x585.jpg 1024w, https:\/\/www.italpassion.fr\/wp-content\/uploads\/2022\/11\/ferrari-vision-gt7-300x171.jpg 300w, https:\/\/www.italpassion.fr\/wp-content\/uploads\/2022\/11\/ferrari-vision-gt7-768x439.jpg 768w, https:\/\/www.italpassion.fr\/wp-content\/uploads\/2022\/11\/ferrari-vision-gt7-18x10.jpg 18w, https:\/\/www.italpassion.fr\/wp-content\/uploads\/2022\/11\/ferrari-vision-gt7-561x321.jpg 561w, https:\/\/www.italpassion.fr\/wp-content\/uploads\/2022\/11\/ferrari-vision-gt7-1122x641.jpg 1122w, https:\/\/www.italpassion.fr\/wp-content\/uploads\/2022\/11\/ferrari-vision-gt7-265x151.jpg 265w, https:\/\/www.italpassion.fr\/wp-content\/uploads\/2022\/11\/ferrari-vision-gt7-531x303.jpg 531w, https:\/\/www.italpassion.fr\/wp-content\/uploads\/2022\/11\/ferrari-vision-gt7-364x208.jpg 364w, https:\/\/www.italpassion.fr\/wp-content\/uploads\/2022\/11\/ferrari-vision-gt7-728x416.jpg 728w, https:\/\/www.italpassion.fr\/wp-content\/uploads\/2022\/11\/ferrari-vision-gt7-608x347.jpg 608w, https:\/\/www.italpassion.fr\/wp-content\/uploads\/2022\/11\/ferrari-vision-gt7-758x433.jpg 758w, https:\/\/www.italpassion.fr\/wp-content\/uploads\/2022\/11\/ferrari-vision-gt7-1152x658.jpg 1152w, https:\/\/www.italpassion.fr\/wp-content\/uploads\/2022\/11\/ferrari-vision-gt7.jpg 1400w\" sizes=\"auto, (max-width: 1024px) 100vw, 1024px\" \/><\/a><\/figure>\n<\/figure>\n\n\n\n<p>Baz\u0131lar\u0131n\u0131z bunun gereksiz oldu\u011funu d\u00fc\u015f\u00fcnebilir? Yine de Ferrari'nin tasar\u0131m direkt\u00f6r\u00fc Flavio Manzoni \u015f\u00f6yle a\u00e7\u0131kl\u0131yor: \"\u00a0<em>B\u00f6ylesi bir \u00f6zg\u00fcrl\u00fckle Ferrari Vision GT'nin tasar\u0131m\u0131, markan\u0131n gelece\u011fi i\u00e7in bir stil manifestosu olu\u015fturmam\u0131z\u0131 sa\u011flad\u0131.<\/em>\u00a0\"Ba\u015fka bir deyi\u015fle, gelecekteki Ferrariler bu konseptin tasar\u0131m kodlar\u0131na dayanacak.<\/p>\n\n\n\n<p>Bu vesileyle konsept otomobilin 1:1 \u00f6l\u00e7ekli bir modeli \u00fcretildi ve Ferrari m\u00fczesindeki di\u011fer otomobillerle birlikte Maranello'da sergilenecek.<\/p>\n\n\n\n<p>Yani, Playstation'da Gran Turismo 7 oynuyorsan\u0131z, Ferrari Vision bu y\u0131l 23 Aral\u0131k'tan itibaren oyunun t\u00fcm kullan\u0131c\u0131lar\u0131na sunulacak.<\/p>\n\n\n\n<p><\/p>","protected":false},"excerpt":{"rendered":"","protected":false},"author":1,"featured_media":30963,"comment_status":"open","ping_status":"open","sticky":false,"template":"","format":"standard","meta":{"_acf_changed":false,"_sitemap_exclude":false,"_sitemap_priority":"","_sitemap_frequency":"","footnotes":""},"categories":[23,329,323],"tags":[],"class_list":["post-30959","post","type-post","status-publish","format-standard","has-post-thumbnail","hentry","category-ferrari","category-sim-racing","category-competition","generate-columns","tablet-grid-50","mobile-grid-100","grid-parent","grid-33"],"acf":[],"yoast_head":"<!-- This site is optimized with the Yoast SEO plugin v25.8 - https:\/\/yoast.com\/wordpress\/plugins\/seo\/ -->\n<title>Ferrari Vision Gran Turismo : la premi\u00e8re voiture de Maranello con\u00e7ue pour l&#039;esport - ItalPassion<\/title>\n<meta name=\"description\" content=\"Le constructeur Ferrari prend les jeux vid\u00e9os et l&#039;esport tr\u00e8s au s\u00e9rieux car, en plus d&#039;avoir son \u00e9quipe Scuderia Ferrari Velas Esports Team, pr\u00e9sente en\" \/>\n<meta name=\"robots\" content=\"index, follow, max-snippet:-1, max-image-preview:large, max-video-preview:-1\" \/>\n<link rel=\"canonical\" href=\"https:\/\/www.italpassion.fr\/tr\/ferrari\/ferrari-vision-gran-turismo-the-first-car-of-maranello-concrete-for-sport\/\" \/>\n<meta property=\"og:locale\" content=\"tr_TR\" \/>\n<meta property=\"og:type\" content=\"article\" \/>\n<meta property=\"og:title\" content=\"Ferrari Vision Gran Turismo : la premi\u00e8re voiture de Maranello con\u00e7ue pour l&#039;esport - ItalPassion\" \/>\n<meta property=\"og:description\" content=\"Le constructeur Ferrari prend les jeux vid\u00e9os et l&#039;esport tr\u00e8s au s\u00e9rieux car, en plus d&#039;avoir son \u00e9quipe Scuderia Ferrari Velas Esports Team, pr\u00e9sente en\" \/>\n<meta property=\"og:url\" content=\"https:\/\/www.italpassion.fr\/tr\/ferrari\/ferrari-vision-gran-turismo-the-first-car-of-maranello-concrete-for-sport\/\" \/>\n<meta property=\"og:site_name\" content=\"ItalPassion\" \/>\n<meta property=\"article:publisher\" content=\"https:\/\/www.facebook.com\/italpassion\" \/>\n<meta property=\"article:published_time\" content=\"2022-11-27T19:50:09+00:00\" \/>\n<meta property=\"article:modified_time\" content=\"2022-11-27T19:50:11+00:00\" \/>\n<meta property=\"og:image\" content=\"https:\/\/www.italpassion.fr\/wp-content\/uploads\/2022\/11\/ferrari-vision-gt-3-scaled.jpg\" \/>\n\t<meta property=\"og:image:width\" content=\"2048\" \/>\n\t<meta property=\"og:image:height\" content=\"1152\" \/>\n\t<meta property=\"og:image:type\" content=\"image\/jpeg\" \/>\n<meta name=\"author\" content=\"Alexandre Filluzeau\" \/>\n<meta name=\"twitter:card\" content=\"summary_large_image\" \/>\n<meta name=\"twitter:creator\" content=\"@italpassion\" \/>\n<meta name=\"twitter:site\" content=\"@italpassion\" \/>\n<script type=\"application\/ld+json\" class=\"yoast-schema-graph\">{\"@context\":\"https:\/\/schema.org\",\"@graph\":[{\"@type\":\"NewsArticle\",\"@id\":\"https:\/\/www.italpassion.fr\/tr\/ferrari\/ferrari-vision-gran-turismo-la-premiere-voiture-de-maranello-concue-pour-lesport\/#article\",\"isPartOf\":{\"@id\":\"https:\/\/www.italpassion.fr\/tr\/ferrari\/ferrari-vision-gran-turismo-la-premiere-voiture-de-maranello-concue-pour-lesport\/\"},\"author\":{\"name\":\"Alexandre Filluzeau\",\"@id\":\"https:\/\/www.italpassion.fr\/tr\/#\/schema\/person\/36f747b2a759ca202d847e85a9434ca0\"},\"headline\":\"Ferrari Vision Gran Turismo : la premi\u00e8re voiture de Maranello con\u00e7ue pour l&rsquo;esport\",\"datePublished\":\"2022-11-27T19:50:09+00:00\",\"dateModified\":\"2022-11-27T19:50:11+00:00\",\"mainEntityOfPage\":{\"@id\":\"https:\/\/www.italpassion.fr\/tr\/ferrari\/ferrari-vision-gran-turismo-la-premiere-voiture-de-maranello-concue-pour-lesport\/\"},\"wordCount\":269,\"commentCount\":5,\"publisher\":{\"@id\":\"https:\/\/www.italpassion.fr\/tr\/#organization\"},\"image\":{\"@id\":\"https:\/\/www.italpassion.fr\/tr\/ferrari\/ferrari-vision-gran-turismo-la-premiere-voiture-de-maranello-concue-pour-lesport\/#primaryimage\"},\"thumbnailUrl\":\"https:\/\/www.italpassion.fr\/wp-content\/uploads\/2022\/11\/ferrari-vision-gt-3-scaled.jpg\",\"articleSection\":[\"Ferrari\",\"Sim Racing\",\"Sport Auto\"],\"inLanguage\":\"tr\",\"potentialAction\":[{\"@type\":\"CommentAction\",\"name\":\"Comment\",\"target\":[\"https:\/\/www.italpassion.fr\/tr\/ferrari\/ferrari-vision-gran-turismo-la-premiere-voiture-de-maranello-concue-pour-lesport\/#respond\"]}]},{\"@type\":\"WebPage\",\"@id\":\"https:\/\/www.italpassion.fr\/tr\/ferrari\/ferrari-vision-gran-turismo-la-premiere-voiture-de-maranello-concue-pour-lesport\/\",\"url\":\"https:\/\/www.italpassion.fr\/tr\/ferrari\/ferrari-vision-gran-turismo-la-premiere-voiture-de-maranello-concue-pour-lesport\/\",\"name\":\"Ferrari Vision Gran Turismo : la premi\u00e8re voiture de Maranello con\u00e7ue pour l'esport - ItalPassion\",\"isPartOf\":{\"@id\":\"https:\/\/www.italpassion.fr\/tr\/#website\"},\"primaryImageOfPage\":{\"@id\":\"https:\/\/www.italpassion.fr\/tr\/ferrari\/ferrari-vision-gran-turismo-la-premiere-voiture-de-maranello-concue-pour-lesport\/#primaryimage\"},\"image\":{\"@id\":\"https:\/\/www.italpassion.fr\/tr\/ferrari\/ferrari-vision-gran-turismo-la-premiere-voiture-de-maranello-concue-pour-lesport\/#primaryimage\"},\"thumbnailUrl\":\"https:\/\/www.italpassion.fr\/wp-content\/uploads\/2022\/11\/ferrari-vision-gt-3-scaled.jpg\",\"datePublished\":\"2022-11-27T19:50:09+00:00\",\"dateModified\":\"2022-11-27T19:50:11+00:00\",\"description\":\"Le constructeur Ferrari prend les jeux vid\u00e9os et l'esport tr\u00e8s au s\u00e9rieux car, en plus d'avoir son \u00e9quipe Scuderia Ferrari Velas Esports Team, pr\u00e9sente en\",\"breadcrumb\":{\"@id\":\"https:\/\/www.italpassion.fr\/tr\/ferrari\/ferrari-vision-gran-turismo-la-premiere-voiture-de-maranello-concue-pour-lesport\/#breadcrumb\"},\"inLanguage\":\"tr\",\"potentialAction\":[{\"@type\":\"ReadAction\",\"target\":[\"https:\/\/www.italpassion.fr\/tr\/ferrari\/ferrari-vision-gran-turismo-la-premiere-voiture-de-maranello-concue-pour-lesport\/\"]}]},{\"@type\":\"ImageObject\",\"inLanguage\":\"tr\",\"@id\":\"https:\/\/www.italpassion.fr\/tr\/ferrari\/ferrari-vision-gran-turismo-la-premiere-voiture-de-maranello-concue-pour-lesport\/#primaryimage\",\"url\":\"https:\/\/www.italpassion.fr\/wp-content\/uploads\/2022\/11\/ferrari-vision-gt-3-scaled.jpg\",\"contentUrl\":\"https:\/\/www.italpassion.fr\/wp-content\/uploads\/2022\/11\/ferrari-vision-gt-3-scaled.jpg\",\"width\":2048,\"height\":1152},{\"@type\":\"BreadcrumbList\",\"@id\":\"https:\/\/www.italpassion.fr\/tr\/ferrari\/ferrari-vision-gran-turismo-la-premiere-voiture-de-maranello-concue-pour-lesport\/#breadcrumb\",\"itemListElement\":[{\"@type\":\"ListItem\",\"position\":1,\"name\":\"Accueil\",\"item\":\"https:\/\/www.italpassion.fr\/tr\/\"},{\"@type\":\"ListItem\",\"position\":2,\"name\":\"Ferrari Vision Gran Turismo : la premi\u00e8re voiture de Maranello con\u00e7ue pour l&rsquo;esport\"}]},{\"@type\":\"WebSite\",\"@id\":\"https:\/\/www.italpassion.fr\/tr\/#website\",\"url\":\"https:\/\/www.italpassion.fr\/tr\/\",\"name\":\"ItalPassion\",\"description\":\"Les Passionn\u00e9s d&#039;Automobiles Italiennes\",\"publisher\":{\"@id\":\"https:\/\/www.italpassion.fr\/tr\/#organization\"},\"potentialAction\":[{\"@type\":\"SearchAction\",\"target\":{\"@type\":\"EntryPoint\",\"urlTemplate\":\"https:\/\/www.italpassion.fr\/tr\/?s={search_term_string}\"},\"query-input\":{\"@type\":\"PropertyValueSpecification\",\"valueRequired\":true,\"valueName\":\"search_term_string\"}}],\"inLanguage\":\"tr\"},{\"@type\":\"Organization\",\"@id\":\"https:\/\/www.italpassion.fr\/tr\/#organization\",\"name\":\"Italpassion\",\"url\":\"https:\/\/www.italpassion.fr\/tr\/\",\"logo\":{\"@type\":\"ImageObject\",\"inLanguage\":\"tr\",\"@id\":\"https:\/\/www.italpassion.fr\/tr\/#\/schema\/logo\/image\/\",\"url\":\"https:\/\/www.italpassion.fr\/wp-content\/uploads\/2023\/07\/italpassion-yoast.jpg\",\"contentUrl\":\"https:\/\/www.italpassion.fr\/wp-content\/uploads\/2023\/07\/italpassion-yoast.jpg\",\"width\":696,\"height\":696,\"caption\":\"Italpassion\"},\"image\":{\"@id\":\"https:\/\/www.italpassion.fr\/tr\/#\/schema\/logo\/image\/\"},\"sameAs\":[\"https:\/\/www.facebook.com\/italpassion\",\"https:\/\/x.com\/italpassion\",\"https:\/\/www.instagram.com\/italpassionfr\/\",\"https:\/\/www.youtube.com\/channel\/UCleq-ByQaA42OjhopwevRjQ\",\"https:\/\/www.facebook.com\/italpassion.en\/\",\"https:\/\/www.facebook.com\/italpassion.it\/\",\"https:\/\/www.facebook.com\/italpassion.de\/\",\"https:\/\/www.facebook.com\/italpassion.ja\/\"]},{\"@type\":\"Person\",\"@id\":\"https:\/\/www.italpassion.fr\/tr\/#\/schema\/person\/36f747b2a759ca202d847e85a9434ca0\",\"name\":\"Alexandre Filluzeau\",\"image\":{\"@type\":\"ImageObject\",\"inLanguage\":\"tr\",\"@id\":\"https:\/\/www.italpassion.fr\/tr\/#\/schema\/person\/image\/\",\"url\":\"https:\/\/www.italpassion.fr\/wp-content\/uploads\/2025\/04\/avatar-alexandre-160x160.jpg\",\"contentUrl\":\"https:\/\/www.italpassion.fr\/wp-content\/uploads\/2025\/04\/avatar-alexandre-160x160.jpg\",\"caption\":\"Alexandre Filluzeau\"},\"description\":\"Fondateur du site ItalPassion, passionn\u00e9 de voitures italiennes et de l'Italie en g\u00e9n\u00e9ral. J'apporte un regard critique et technique aux actualit\u00e9s des marques italiennes quand cela est possible. Propri\u00e9taire d'une Maserati GranTurismo, Alfa Romeo MiTo, Lancia Fulvia et Ducati 695. Ex-propri\u00e9taire d'une Alfa Romeo Giulia.\",\"sameAs\":[\"https:\/\/www.italpassion.fr\/\"],\"url\":\"https:\/\/www.italpassion.fr\/tr\/author\/alexandre\/\"}]}<\/script>\n<!-- \/ Yoast SEO plugin. -->","yoast_head_json":{"title":"Ferrari Vision Gran Turismo: Maranello'nun ilk e-spor otomobili - ItalPassion","description":"Ferrari video oyunlar\u0131n\u0131 ve e-sporu \u00e7ok ciddiye al\u0131yor \u00e7\u00fcnk\u00fc Scuderia Ferrari Velas Espor Tak\u0131m\u0131'na sahip olman\u0131n yan\u0131 s\u0131ra","robots":{"index":"index","follow":"follow","max-snippet":"max-snippet:-1","max-image-preview":"max-image-preview:large","max-video-preview":"max-video-preview:-1"},"canonical":"https:\/\/www.italpassion.fr\/tr\/ferrari\/ferrari-vision-gran-turismo-the-first-car-of-maranello-concrete-for-sport\/","og_locale":"tr_TR","og_type":"article","og_title":"Ferrari Vision Gran Turismo : la premi\u00e8re voiture de Maranello con\u00e7ue pour l'esport - ItalPassion","og_description":"Le constructeur Ferrari prend les jeux vid\u00e9os et l'esport tr\u00e8s au s\u00e9rieux car, en plus d'avoir son \u00e9quipe Scuderia Ferrari Velas Esports Team, pr\u00e9sente en","og_url":"https:\/\/www.italpassion.fr\/tr\/ferrari\/ferrari-vision-gran-turismo-the-first-car-of-maranello-concrete-for-sport\/","og_site_name":"ItalPassion","article_publisher":"https:\/\/www.facebook.com\/italpassion","article_published_time":"2022-11-27T19:50:09+00:00","article_modified_time":"2022-11-27T19:50:11+00:00","og_image":[{"width":2048,"height":1152,"url":"https:\/\/www.italpassion.fr\/wp-content\/uploads\/2022\/11\/ferrari-vision-gt-3-scaled.jpg","type":"image\/jpeg"}],"author":"Alexandre Filluzeau","twitter_card":"summary_large_image","twitter_creator":"@italpassion","twitter_site":"@italpassion","schema":{"@context":"https:\/\/schema.org","@graph":[{"@type":"NewsArticle","@id":"https:\/\/www.italpassion.fr\/tr\/ferrari\/ferrari-vision-gran-turismo-la-premiere-voiture-de-maranello-concue-pour-lesport\/#article","isPartOf":{"@id":"https:\/\/www.italpassion.fr\/tr\/ferrari\/ferrari-vision-gran-turismo-la-premiere-voiture-de-maranello-concue-pour-lesport\/"},"author":{"name":"Alexandre Filluzeau","@id":"https:\/\/www.italpassion.fr\/tr\/#\/schema\/person\/36f747b2a759ca202d847e85a9434ca0"},"headline":"Ferrari Vision Gran Turismo : la premi\u00e8re voiture de Maranello con\u00e7ue pour l&rsquo;esport","datePublished":"2022-11-27T19:50:09+00:00","dateModified":"2022-11-27T19:50:11+00:00","mainEntityOfPage":{"@id":"https:\/\/www.italpassion.fr\/tr\/ferrari\/ferrari-vision-gran-turismo-la-premiere-voiture-de-maranello-concue-pour-lesport\/"},"wordCount":269,"commentCount":5,"publisher":{"@id":"https:\/\/www.italpassion.fr\/tr\/#organization"},"image":{"@id":"https:\/\/www.italpassion.fr\/tr\/ferrari\/ferrari-vision-gran-turismo-la-premiere-voiture-de-maranello-concue-pour-lesport\/#primaryimage"},"thumbnailUrl":"https:\/\/www.italpassion.fr\/wp-content\/uploads\/2022\/11\/ferrari-vision-gt-3-scaled.jpg","articleSection":["Ferrari","Sim Racing","Sport Auto"],"inLanguage":"tr","potentialAction":[{"@type":"CommentAction","name":"Comment","target":["https:\/\/www.italpassion.fr\/tr\/ferrari\/ferrari-vision-gran-turismo-la-premiere-voiture-de-maranello-concue-pour-lesport\/#respond"]}]},{"@type":"WebPage","@id":"https:\/\/www.italpassion.fr\/tr\/ferrari\/ferrari-vision-gran-turismo-la-premiere-voiture-de-maranello-concue-pour-lesport\/","url":"https:\/\/www.italpassion.fr\/tr\/ferrari\/ferrari-vision-gran-turismo-la-premiere-voiture-de-maranello-concue-pour-lesport\/","name":"Ferrari Vision Gran Turismo: Maranello'nun ilk e-spor otomobili - ItalPassion","isPartOf":{"@id":"https:\/\/www.italpassion.fr\/tr\/#website"},"primaryImageOfPage":{"@id":"https:\/\/www.italpassion.fr\/tr\/ferrari\/ferrari-vision-gran-turismo-la-premiere-voiture-de-maranello-concue-pour-lesport\/#primaryimage"},"image":{"@id":"https:\/\/www.italpassion.fr\/tr\/ferrari\/ferrari-vision-gran-turismo-la-premiere-voiture-de-maranello-concue-pour-lesport\/#primaryimage"},"thumbnailUrl":"https:\/\/www.italpassion.fr\/wp-content\/uploads\/2022\/11\/ferrari-vision-gt-3-scaled.jpg","datePublished":"2022-11-27T19:50:09+00:00","dateModified":"2022-11-27T19:50:11+00:00","description":"Ferrari video oyunlar\u0131n\u0131 ve e-sporu \u00e7ok ciddiye al\u0131yor \u00e7\u00fcnk\u00fc Scuderia Ferrari Velas Espor Tak\u0131m\u0131'na sahip olman\u0131n yan\u0131 s\u0131ra","breadcrumb":{"@id":"https:\/\/www.italpassion.fr\/tr\/ferrari\/ferrari-vision-gran-turismo-la-premiere-voiture-de-maranello-concue-pour-lesport\/#breadcrumb"},"inLanguage":"tr","potentialAction":[{"@type":"ReadAction","target":["https:\/\/www.italpassion.fr\/tr\/ferrari\/ferrari-vision-gran-turismo-la-premiere-voiture-de-maranello-concue-pour-lesport\/"]}]},{"@type":"ImageObject","inLanguage":"tr","@id":"https:\/\/www.italpassion.fr\/tr\/ferrari\/ferrari-vision-gran-turismo-la-premiere-voiture-de-maranello-concue-pour-lesport\/#primaryimage","url":"https:\/\/www.italpassion.fr\/wp-content\/uploads\/2022\/11\/ferrari-vision-gt-3-scaled.jpg","contentUrl":"https:\/\/www.italpassion.fr\/wp-content\/uploads\/2022\/11\/ferrari-vision-gt-3-scaled.jpg","width":2048,"height":1152},{"@type":"BreadcrumbList","@id":"https:\/\/www.italpassion.fr\/tr\/ferrari\/ferrari-vision-gran-turismo-la-premiere-voiture-de-maranello-concue-pour-lesport\/#breadcrumb","itemListElement":[{"@type":"ListItem","position":1,"name":"Accueil","item":"https:\/\/www.italpassion.fr\/tr\/"},{"@type":"ListItem","position":2,"name":"Ferrari Vision Gran Turismo : la premi\u00e8re voiture de Maranello con\u00e7ue pour l&rsquo;esport"}]},{"@type":"WebSite","@id":"https:\/\/www.italpassion.fr\/tr\/#website","url":"https:\/\/www.italpassion.fr\/tr\/","name":"ItalPassion","description":"\u0130talyan Araba Merakl\u0131lar\u0131","publisher":{"@id":"https:\/\/www.italpassion.fr\/tr\/#organization"},"potentialAction":[{"@type":"SearchAction","target":{"@type":"EntryPoint","urlTemplate":"https:\/\/www.italpassion.fr\/tr\/?s={search_term_string}"},"query-input":{"@type":"PropertyValueSpecification","valueRequired":true,"valueName":"search_term_string"}}],"inLanguage":"tr"},{"@type":"Organization","@id":"https:\/\/www.italpassion.fr\/tr\/#organization","name":"Italpassion","url":"https:\/\/www.italpassion.fr\/tr\/","logo":{"@type":"ImageObject","inLanguage":"tr","@id":"https:\/\/www.italpassion.fr\/tr\/#\/schema\/logo\/image\/","url":"https:\/\/www.italpassion.fr\/wp-content\/uploads\/2023\/07\/italpassion-yoast.jpg","contentUrl":"https:\/\/www.italpassion.fr\/wp-content\/uploads\/2023\/07\/italpassion-yoast.jpg","width":696,"height":696,"caption":"Italpassion"},"image":{"@id":"https:\/\/www.italpassion.fr\/tr\/#\/schema\/logo\/image\/"},"sameAs":["https:\/\/www.facebook.com\/italpassion","https:\/\/x.com\/italpassion","https:\/\/www.instagram.com\/italpassionfr\/","https:\/\/www.youtube.com\/channel\/UCleq-ByQaA42OjhopwevRjQ","https:\/\/www.facebook.com\/italpassion.en\/","https:\/\/www.facebook.com\/italpassion.it\/","https:\/\/www.facebook.com\/italpassion.de\/","https:\/\/www.facebook.com\/italpassion.ja\/"]},{"@type":"Person","@id":"https:\/\/www.italpassion.fr\/tr\/#\/schema\/person\/36f747b2a759ca202d847e85a9434ca0","name":"Alexandre Filluzeau","image":{"@type":"ImageObject","inLanguage":"tr","@id":"https:\/\/www.italpassion.fr\/tr\/#\/schema\/person\/image\/","url":"https:\/\/www.italpassion.fr\/wp-content\/uploads\/2025\/04\/avatar-alexandre-160x160.jpg","contentUrl":"https:\/\/www.italpassion.fr\/wp-content\/uploads\/2025\/04\/avatar-alexandre-160x160.jpg","caption":"Alexandre Filluzeau"},"description":"ItalPassion web sitesinin kurucusu, \u0130talyan otomobilleri ve genel olarak \u0130talya hakk\u0131nda tutkulu. M\u00fcmk\u00fcn oldu\u011funca \u0130talyan markalar\u0131n\u0131n haberlerine ele\u015ftirel ve teknik bir g\u00f6z getiriyorum. Maserati GranTurismo, Alfa Romeo MiTo, Lancia Fulvia ve Ducati 695 sahibiyim. Alfa Romeo Giulia'n\u0131n eski sahibi.","sameAs":["https:\/\/www.italpassion.fr\/"],"url":"https:\/\/www.italpassion.fr\/tr\/author\/alexandre\/"}]}},"_links":{"self":[{"href":"https:\/\/www.italpassion.fr\/tr\/wp-json\/wp\/v2\/posts\/30959","targetHints":{"allow":["GET"]}}],"collection":[{"href":"https:\/\/www.italpassion.fr\/tr\/wp-json\/wp\/v2\/posts"}],"about":[{"href":"https:\/\/www.italpassion.fr\/tr\/wp-json\/wp\/v2\/types\/post"}],"author":[{"embeddable":true,"href":"https:\/\/www.italpassion.fr\/tr\/wp-json\/wp\/v2\/users\/1"}],"replies":[{"embeddable":true,"href":"https:\/\/www.italpassion.fr\/tr\/wp-json\/wp\/v2\/comments?post=30959"}],"version-history":[{"count":2,"href":"https:\/\/www.italpassion.fr\/tr\/wp-json\/wp\/v2\/posts\/30959\/revisions"}],"predecessor-version":[{"id":30969,"href":"https:\/\/www.italpassion.fr\/tr\/wp-json\/wp\/v2\/posts\/30959\/revisions\/30969"}],"wp:featuredmedia":[{"embeddable":true,"href":"https:\/\/www.italpassion.fr\/tr\/wp-json\/wp\/v2\/media\/30963"}],"wp:attachment":[{"href":"https:\/\/www.italpassion.fr\/tr\/wp-json\/wp\/v2\/media?parent=30959"}],"wp:term":[{"taxonomy":"category","embeddable":true,"href":"https:\/\/www.italpassion.fr\/tr\/wp-json\/wp\/v2\/categories?post=30959"},{"taxonomy":"post_tag","embeddable":true,"href":"https:\/\/www.italpassion.fr\/tr\/wp-json\/wp\/v2\/tags?post=30959"}],"curies":[{"name":"wp","href":"https:\/\/api.w.org\/{rel}","templated":true}]}}