{"id":30906,"date":"2022-10-29T23:35:19","date_gmt":"2022-10-29T21:35:19","guid":{"rendered":"https:\/\/www.italpassion.fr\/?p=30906"},"modified":"2022-10-29T23:35:20","modified_gmt":"2022-10-29T21:35:20","slug":"voila-la-ferrari-499p-which-marks-the-return-in-endurance","status":"publish","type":"post","link":"https:\/\/www.italpassion.fr\/tr\/ferrari\/voila-la-ferrari-499p-qui-marque-le-retour-en-endurance\/","title":{"rendered":"Bu, dayan\u0131kl\u0131l\u0131k yar\u0131\u015flar\u0131na d\u00f6n\u00fc\u015f\u00fc i\u015faret eden Ferrari 499P"},"content":{"rendered":"<p>Aylarca bekledikten sonra i\u015fte kar\u015f\u0131n\u0131zda Ferrari 499P, T\u00fcrkiye i\u00e7in \u00e7ok \u00f6nemli bir otomobil <a href=\"https:\/\/www.italpassion.fr\/tr\/ferrari\/\">Ferrari<\/a> LMH (Le Mans Hypercar) kategorisinde FIA D\u00fcnya Dayan\u0131kl\u0131l\u0131k \u015eampiyonas\u0131'na (WEC) d\u00f6n\u00fc\u015f\u00fcn\u00fc i\u015faret ediyor. 2023'te Toyota, Glickenhaus, Peugeot, Porsche ve Cadillac ile rekabet edecek ve <a href=\"https:\/\/www.italpassion.fr\/tr\/lamborghini\/\">Lamborghini<\/a> 2024'te!<\/p>\n\n\n\n<figure class=\"wp-block-image size-large\"><img loading=\"lazy\" decoding=\"async\" width=\"1024\" height=\"519\" src=\"https:\/\/www.italpassion.fr\/wp-content\/uploads\/2022\/10\/ferrari-499p-wec-1024x519.jpg\" alt=\"\" class=\"wp-image-30907\" srcset=\"https:\/\/www.italpassion.fr\/wp-content\/uploads\/2022\/10\/ferrari-499p-wec-1024x519.jpg 1024w, https:\/\/www.italpassion.fr\/wp-content\/uploads\/2022\/10\/ferrari-499p-wec-300x152.jpg 300w, https:\/\/www.italpassion.fr\/wp-content\/uploads\/2022\/10\/ferrari-499p-wec-768x390.jpg 768w, https:\/\/www.italpassion.fr\/wp-content\/uploads\/2022\/10\/ferrari-499p-wec-1536x779.jpg 1536w, https:\/\/www.italpassion.fr\/wp-content\/uploads\/2022\/10\/ferrari-499p-wec-18x9.jpg 18w, https:\/\/www.italpassion.fr\/wp-content\/uploads\/2022\/10\/ferrari-499p-wec-192x96.jpg 192w, https:\/\/www.italpassion.fr\/wp-content\/uploads\/2022\/10\/ferrari-499p-wec-561x285.jpg 561w, https:\/\/www.italpassion.fr\/wp-content\/uploads\/2022\/10\/ferrari-499p-wec-1122x569.jpg 1122w, https:\/\/www.italpassion.fr\/wp-content\/uploads\/2022\/10\/ferrari-499p-wec-265x134.jpg 265w, https:\/\/www.italpassion.fr\/wp-content\/uploads\/2022\/10\/ferrari-499p-wec-531x269.jpg 531w, https:\/\/www.italpassion.fr\/wp-content\/uploads\/2022\/10\/ferrari-499p-wec-364x185.jpg 364w, https:\/\/www.italpassion.fr\/wp-content\/uploads\/2022\/10\/ferrari-499p-wec-728x369.jpg 728w, https:\/\/www.italpassion.fr\/wp-content\/uploads\/2022\/10\/ferrari-499p-wec-608x308.jpg 608w, https:\/\/www.italpassion.fr\/wp-content\/uploads\/2022\/10\/ferrari-499p-wec-758x385.jpg 758w, https:\/\/www.italpassion.fr\/wp-content\/uploads\/2022\/10\/ferrari-499p-wec-1152x584.jpg 1152w, https:\/\/www.italpassion.fr\/wp-content\/uploads\/2022\/10\/ferrari-499p-wec.jpg 1920w\" sizes=\"auto, (max-width: 1024px) 100vw, 1024px\" \/><\/figure>\n\n\n\n<p>Ferrari'nin Le Mans'ta kendi tak\u0131m\u0131yla kazand\u0131\u011f\u0131 son zafer 1964'te, \u00f6zel bir tak\u0131mla kazand\u0131\u011f\u0131 son zafer ise 1965'te ger\u00e7ekle\u015fti. Ferrari'nin son Endurace zaferi ise 1972'de 312 PB ile geldi. Dolay\u0131s\u0131yla Ferrari'nin neredeyse 50 y\u0131l sonra kendi tak\u0131m\u0131yla ve Hypercar kategorisinde geri d\u00f6n\u00fc\u015f\u00fc otomotiv tarihinde \u00f6nemli bir olayd\u0131r.<\/p>\n\n\n\n<p>B\u00f6ylece Ferrari 499P do\u011fmu\u015f oldu. 499 motorun bir silindirinin kapasitesi i\u00e7in (499 cm3 x 6 silindir), P prototip i\u00e7in.<\/p>\n\n\n\n<figure class=\"wp-block-embed is-type-video is-provider-youtube wp-block-embed-youtube wp-embed-aspect-16-9 wp-has-aspect-ratio\"><div class=\"wp-block-embed__wrapper\">\n<iframe loading=\"lazy\" title=\"Ferrari 499P, WEC \u00dcst S\u0131n\u0131f\u0131na Geri D\u00f6necek Hiper Otomobil\" width=\"1200\" height=\"675\" src=\"https:\/\/www.youtube-nocookie.com\/embed\/wC4TLCClkU4?feature=oembed\" frameborder=\"0\" allow=\"accelerometer; autoplay; clipboard-write; encrypted-media; gyroscope; picture-in-picture; web-share\" referrerpolicy=\"strict-origin-when-cross-origin\" allowfullscreen><\/iframe>\n<\/div><\/figure>\n\n\n\n<p>Karbon fiber monokoktan \u00fcretilen 499P'nin aerodinami\u011fi, r\u00fczgar t\u00fcnelindeki s\u0131k\u0131 \u00e7al\u0131\u015fmalarla en u\u00e7 noktaya ta\u015f\u0131nm\u0131\u015ft\u0131r. Boyas\u0131, 1972 ve 1973 y\u0131llar\u0131nda Jacky Ickx i\u00e7in yar\u0131\u015fan Ferrari 312PB'yi an\u0131msat\u0131yor.<\/p>\n\n\n\n<figure class=\"wp-block-image size-large\"><img loading=\"lazy\" decoding=\"async\" width=\"1024\" height=\"683\" src=\"https:\/\/www.italpassion.fr\/wp-content\/uploads\/2022\/10\/FERRARI_LMH_02-1024x683.jpg\" alt=\"\" class=\"wp-image-30908\" srcset=\"https:\/\/www.italpassion.fr\/wp-content\/uploads\/2022\/10\/FERRARI_LMH_02-1024x683.jpg 1024w, https:\/\/www.italpassion.fr\/wp-content\/uploads\/2022\/10\/FERRARI_LMH_02-300x200.jpg 300w, https:\/\/www.italpassion.fr\/wp-content\/uploads\/2022\/10\/FERRARI_LMH_02-768x512.jpg 768w, https:\/\/www.italpassion.fr\/wp-content\/uploads\/2022\/10\/FERRARI_LMH_02-1536x1024.jpg 1536w, https:\/\/www.italpassion.fr\/wp-content\/uploads\/2022\/10\/FERRARI_LMH_02-18x12.jpg 18w, https:\/\/www.italpassion.fr\/wp-content\/uploads\/2022\/10\/FERRARI_LMH_02-561x374.jpg 561w, https:\/\/www.italpassion.fr\/wp-content\/uploads\/2022\/10\/FERRARI_LMH_02-1122x748.jpg 1122w, https:\/\/www.italpassion.fr\/wp-content\/uploads\/2022\/10\/FERRARI_LMH_02-265x177.jpg 265w, https:\/\/www.italpassion.fr\/wp-content\/uploads\/2022\/10\/FERRARI_LMH_02-531x354.jpg 531w, https:\/\/www.italpassion.fr\/wp-content\/uploads\/2022\/10\/FERRARI_LMH_02-364x243.jpg 364w, https:\/\/www.italpassion.fr\/wp-content\/uploads\/2022\/10\/FERRARI_LMH_02-728x485.jpg 728w, https:\/\/www.italpassion.fr\/wp-content\/uploads\/2022\/10\/FERRARI_LMH_02-608x405.jpg 608w, https:\/\/www.italpassion.fr\/wp-content\/uploads\/2022\/10\/FERRARI_LMH_02-758x505.jpg 758w, https:\/\/www.italpassion.fr\/wp-content\/uploads\/2022\/10\/FERRARI_LMH_02-1152x768.jpg 1152w, https:\/\/www.italpassion.fr\/wp-content\/uploads\/2022\/10\/FERRARI_LMH_02.jpg 1920w\" sizes=\"auto, (max-width: 1024px) 100vw, 1024px\" \/><\/figure>\n\n\n\n<figure class=\"wp-block-image size-large\"><img loading=\"lazy\" decoding=\"async\" width=\"1024\" height=\"683\" src=\"https:\/\/www.italpassion.fr\/wp-content\/uploads\/2022\/10\/FERRARI_LMH_DETAIL_02-1024x683.jpg\" alt=\"\" class=\"wp-image-30909\" srcset=\"https:\/\/www.italpassion.fr\/wp-content\/uploads\/2022\/10\/FERRARI_LMH_DETAIL_02-1024x683.jpg 1024w, https:\/\/www.italpassion.fr\/wp-content\/uploads\/2022\/10\/FERRARI_LMH_DETAIL_02-300x200.jpg 300w, https:\/\/www.italpassion.fr\/wp-content\/uploads\/2022\/10\/FERRARI_LMH_DETAIL_02-768x512.jpg 768w, https:\/\/www.italpassion.fr\/wp-content\/uploads\/2022\/10\/FERRARI_LMH_DETAIL_02-1536x1024.jpg 1536w, https:\/\/www.italpassion.fr\/wp-content\/uploads\/2022\/10\/FERRARI_LMH_DETAIL_02-18x12.jpg 18w, https:\/\/www.italpassion.fr\/wp-content\/uploads\/2022\/10\/FERRARI_LMH_DETAIL_02-561x374.jpg 561w, https:\/\/www.italpassion.fr\/wp-content\/uploads\/2022\/10\/FERRARI_LMH_DETAIL_02-1122x748.jpg 1122w, https:\/\/www.italpassion.fr\/wp-content\/uploads\/2022\/10\/FERRARI_LMH_DETAIL_02-265x177.jpg 265w, https:\/\/www.italpassion.fr\/wp-content\/uploads\/2022\/10\/FERRARI_LMH_DETAIL_02-531x354.jpg 531w, https:\/\/www.italpassion.fr\/wp-content\/uploads\/2022\/10\/FERRARI_LMH_DETAIL_02-364x243.jpg 364w, https:\/\/www.italpassion.fr\/wp-content\/uploads\/2022\/10\/FERRARI_LMH_DETAIL_02-728x485.jpg 728w, https:\/\/www.italpassion.fr\/wp-content\/uploads\/2022\/10\/FERRARI_LMH_DETAIL_02-608x405.jpg 608w, https:\/\/www.italpassion.fr\/wp-content\/uploads\/2022\/10\/FERRARI_LMH_DETAIL_02-758x505.jpg 758w, https:\/\/www.italpassion.fr\/wp-content\/uploads\/2022\/10\/FERRARI_LMH_DETAIL_02-1152x768.jpg 1152w, https:\/\/www.italpassion.fr\/wp-content\/uploads\/2022\/10\/FERRARI_LMH_DETAIL_02.jpg 1920w\" sizes=\"auto, (max-width: 1024px) 100vw, 1024px\" \/><\/figure>\n\n\n\n<p>Motor, 296 GTB mimarisini temel alan \u00e7ift turbo\u015farjl\u0131 3.0L V6'd\u0131r ve elektrik modunda (900V batarya) 200 kw (272 hp) dahil olmak \u00fczere 500 kw (680 hp) g\u00fc\u00e7 \u00fcretir. \u0130\u00e7ten yanmal\u0131 ve elektrikli motorlar\u0131n kombinasyonu sayesinde, ko\u015fullara ba\u011fl\u0131 olarak arkadan iti\u015f ve d\u00f6rt tekerlekten \u00e7eki\u015f aras\u0131nda ge\u00e7i\u015f yapabilecektir. Vites kutusu 7 viteslidir.<\/p>\n\n\n\n<p>Ferrari bir V8 veya V10 tercih edebilirdi ancak yol otomobili serisinin evrimine ek olarak (296 GTB ve GTS ile), V6 k\u00fc\u00e7\u00fck, hafif ve \u00e7ok kompaktt\u0131r: bu da yerle\u015fim, a\u011f\u0131rl\u0131k da\u011f\u0131l\u0131m\u0131 ve a\u011f\u0131rl\u0131k merkezi i\u00e7in bir avantaj sa\u011flar. Ferrari, bu motorun 296 GTB'nin V6's\u0131na k\u0131yasla yeni oldu\u011funu, \u00e7\u00fcnk\u00fc dayan\u0131kl\u0131l\u0131k i\u00e7in gereken sertlik ve g\u00fcc\u00fcn bir yol otomobiliyle ayn\u0131 olmad\u0131\u011f\u0131n\u0131 iddia ediyor. <\/p>\n\n\n\n<p>Ferrari, Fiorano, Barselona, Mugello, Imola ve Monza pistlerinde 12.000 km'den fazla s\u00fcr\u00fc\u015f ger\u00e7ekle\u015ftirdi.<\/p>\n\n\n\n<figure class=\"wp-block-image size-large\"><img loading=\"lazy\" decoding=\"async\" width=\"1024\" height=\"576\" src=\"https:\/\/www.italpassion.fr\/wp-content\/uploads\/2022\/10\/ferrari-499p-arriere-1024x576.jpg\" alt=\"\" class=\"wp-image-30910\" srcset=\"https:\/\/www.italpassion.fr\/wp-content\/uploads\/2022\/10\/ferrari-499p-arriere-1024x576.jpg 1024w, https:\/\/www.italpassion.fr\/wp-content\/uploads\/2022\/10\/ferrari-499p-arriere-300x169.jpg 300w, https:\/\/www.italpassion.fr\/wp-content\/uploads\/2022\/10\/ferrari-499p-arriere-768x432.jpg 768w, https:\/\/www.italpassion.fr\/wp-content\/uploads\/2022\/10\/ferrari-499p-arriere-1536x864.jpg 1536w, https:\/\/www.italpassion.fr\/wp-content\/uploads\/2022\/10\/ferrari-499p-arriere-18x10.jpg 18w, https:\/\/www.italpassion.fr\/wp-content\/uploads\/2022\/10\/ferrari-499p-arriere-192x108.jpg 192w, https:\/\/www.italpassion.fr\/wp-content\/uploads\/2022\/10\/ferrari-499p-arriere-384x216.jpg 384w, https:\/\/www.italpassion.fr\/wp-content\/uploads\/2022\/10\/ferrari-499p-arriere-364x205.jpg 364w, https:\/\/www.italpassion.fr\/wp-content\/uploads\/2022\/10\/ferrari-499p-arriere-728x409.jpg 728w, https:\/\/www.italpassion.fr\/wp-content\/uploads\/2022\/10\/ferrari-499p-arriere-561x316.jpg 561w, https:\/\/www.italpassion.fr\/wp-content\/uploads\/2022\/10\/ferrari-499p-arriere-1122x631.jpg 1122w, https:\/\/www.italpassion.fr\/wp-content\/uploads\/2022\/10\/ferrari-499p-arriere-265x149.jpg 265w, https:\/\/www.italpassion.fr\/wp-content\/uploads\/2022\/10\/ferrari-499p-arriere-531x299.jpg 531w, https:\/\/www.italpassion.fr\/wp-content\/uploads\/2022\/10\/ferrari-499p-arriere-608x342.jpg 608w, https:\/\/www.italpassion.fr\/wp-content\/uploads\/2022\/10\/ferrari-499p-arriere-758x426.jpg 758w, https:\/\/www.italpassion.fr\/wp-content\/uploads\/2022\/10\/ferrari-499p-arriere-1152x648.jpg 1152w, https:\/\/www.italpassion.fr\/wp-content\/uploads\/2022\/10\/ferrari-499p-arriere.jpg 1920w\" sizes=\"auto, (max-width: 1024px) 100vw, 1024px\" \/><\/figure>\n\n\n\n<figure class=\"wp-block-image size-full\"><img loading=\"lazy\" decoding=\"async\" width=\"800\" height=\"582\" src=\"https:\/\/www.italpassion.fr\/wp-content\/uploads\/2022\/10\/ferrarI-499p-web.jpg\" alt=\"\" class=\"wp-image-30911\" srcset=\"https:\/\/www.italpassion.fr\/wp-content\/uploads\/2022\/10\/ferrarI-499p-web.jpg 800w, https:\/\/www.italpassion.fr\/wp-content\/uploads\/2022\/10\/ferrarI-499p-web-300x218.jpg 300w, https:\/\/www.italpassion.fr\/wp-content\/uploads\/2022\/10\/ferrarI-499p-web-768x559.jpg 768w, https:\/\/www.italpassion.fr\/wp-content\/uploads\/2022\/10\/ferrarI-499p-web-16x12.jpg 16w, https:\/\/www.italpassion.fr\/wp-content\/uploads\/2022\/10\/ferrarI-499p-web-561x408.jpg 561w, https:\/\/www.italpassion.fr\/wp-content\/uploads\/2022\/10\/ferrarI-499p-web-265x193.jpg 265w, https:\/\/www.italpassion.fr\/wp-content\/uploads\/2022\/10\/ferrarI-499p-web-531x386.jpg 531w, https:\/\/www.italpassion.fr\/wp-content\/uploads\/2022\/10\/ferrarI-499p-web-364x265.jpg 364w, https:\/\/www.italpassion.fr\/wp-content\/uploads\/2022\/10\/ferrarI-499p-web-728x530.jpg 728w, https:\/\/www.italpassion.fr\/wp-content\/uploads\/2022\/10\/ferrarI-499p-web-608x442.jpg 608w, https:\/\/www.italpassion.fr\/wp-content\/uploads\/2022\/10\/ferrarI-499p-web-758x551.jpg 758w\" sizes=\"auto, (max-width: 800px) 100vw, 800px\" \/><\/figure>\n\n\n\n<p>Ferrari 499P ilk yar\u0131\u015f\u0131na Mart 2023'te ABD'deki 1000 mil Sebring'de ve ard\u0131ndan Haziran 2023'te 24 saat Le Mans'ta \u00e7\u0131kacak. Ferrari \u015fimdilik s\u00fcr\u00fcc\u00fclerle ilgili bir a\u00e7\u0131klama yapmad\u0131.<\/p>\n\n\n\n<p>Bir hat\u0131rlatma olarak, Ferrari'nin 20 d\u00fcnya dayan\u0131kl\u0131l\u0131k \u015fampiyonlu\u011fu ve Le Mans 24 Saat'te 9 genel zaferi var.<\/p>","protected":false},"excerpt":{"rendered":"","protected":false},"author":1,"featured_media":30907,"comment_status":"open","ping_status":"open","sticky":false,"template":"","format":"standard","meta":{"_acf_changed":false,"_sitemap_exclude":false,"_sitemap_priority":"","_sitemap_frequency":"","footnotes":""},"categories":[23,323],"tags":[471],"class_list":["post-30906","post","type-post","status-publish","format-standard","has-post-thumbnail","hentry","category-ferrari","category-competition","tag-ferrari-499p","generate-columns","tablet-grid-50","mobile-grid-100","grid-parent","grid-33"],"acf":[],"yoast_head":"<!-- This site is optimized with the Yoast SEO plugin v25.8 - https:\/\/yoast.com\/wordpress\/plugins\/seo\/ -->\n<title>Voil\u00e0 la Ferrari 499P qui marque le retour en Endurance - ItalPassion<\/title>\n<meta name=\"description\" content=\"Apr\u00e8s des mois d&#039;attente voici la Ferrari 499P, une voiture tr\u00e8s importante pour Ferrari car elle marque le retour au championnat du monde d&#039;endurance FIA\" \/>\n<meta name=\"robots\" content=\"index, follow, max-snippet:-1, max-image-preview:large, max-video-preview:-1\" \/>\n<link rel=\"canonical\" href=\"https:\/\/www.italpassion.fr\/tr\/ferrari\/voila-la-ferrari-499p-which-marks-the-return-in-endurance\/\" \/>\n<meta property=\"og:locale\" content=\"tr_TR\" \/>\n<meta property=\"og:type\" content=\"article\" \/>\n<meta property=\"og:title\" content=\"Voil\u00e0 la Ferrari 499P qui marque le retour en Endurance - ItalPassion\" \/>\n<meta property=\"og:description\" content=\"Apr\u00e8s des mois d&#039;attente voici la Ferrari 499P, une voiture tr\u00e8s importante pour Ferrari car elle marque le retour au championnat du monde d&#039;endurance FIA\" \/>\n<meta property=\"og:url\" content=\"https:\/\/www.italpassion.fr\/tr\/ferrari\/voila-la-ferrari-499p-which-marks-the-return-in-endurance\/\" \/>\n<meta property=\"og:site_name\" content=\"ItalPassion\" \/>\n<meta property=\"article:publisher\" content=\"https:\/\/www.facebook.com\/italpassion\" \/>\n<meta property=\"article:published_time\" content=\"2022-10-29T21:35:19+00:00\" \/>\n<meta property=\"article:modified_time\" content=\"2022-10-29T21:35:20+00:00\" \/>\n<meta property=\"og:image\" content=\"https:\/\/www.italpassion.fr\/wp-content\/uploads\/2022\/10\/ferrari-499p-wec.jpg\" \/>\n\t<meta property=\"og:image:width\" content=\"1920\" \/>\n\t<meta property=\"og:image:height\" content=\"974\" \/>\n\t<meta property=\"og:image:type\" content=\"image\/jpeg\" \/>\n<meta name=\"author\" content=\"Alexandre Filluzeau\" \/>\n<meta name=\"twitter:card\" content=\"summary_large_image\" \/>\n<meta name=\"twitter:creator\" content=\"@italpassion\" \/>\n<meta name=\"twitter:site\" content=\"@italpassion\" \/>\n<script type=\"application\/ld+json\" class=\"yoast-schema-graph\">{\"@context\":\"https:\/\/schema.org\",\"@graph\":[{\"@type\":\"NewsArticle\",\"@id\":\"https:\/\/www.italpassion.fr\/tr\/ferrari\/voila-la-ferrari-499p-qui-marque-le-retour-en-endurance\/#article\",\"isPartOf\":{\"@id\":\"https:\/\/www.italpassion.fr\/tr\/ferrari\/voila-la-ferrari-499p-qui-marque-le-retour-en-endurance\/\"},\"author\":{\"name\":\"Alexandre Filluzeau\",\"@id\":\"https:\/\/www.italpassion.fr\/tr\/#\/schema\/person\/36f747b2a759ca202d847e85a9434ca0\"},\"headline\":\"Voil\u00e0 la Ferrari 499P qui marque le retour en Endurance\",\"datePublished\":\"2022-10-29T21:35:19+00:00\",\"dateModified\":\"2022-10-29T21:35:20+00:00\",\"mainEntityOfPage\":{\"@id\":\"https:\/\/www.italpassion.fr\/tr\/ferrari\/voila-la-ferrari-499p-qui-marque-le-retour-en-endurance\/\"},\"wordCount\":429,\"commentCount\":7,\"publisher\":{\"@id\":\"https:\/\/www.italpassion.fr\/tr\/#organization\"},\"image\":{\"@id\":\"https:\/\/www.italpassion.fr\/tr\/ferrari\/voila-la-ferrari-499p-qui-marque-le-retour-en-endurance\/#primaryimage\"},\"thumbnailUrl\":\"https:\/\/www.italpassion.fr\/wp-content\/uploads\/2022\/10\/ferrari-499p-wec.jpg\",\"keywords\":[\"Ferrari 499P\"],\"articleSection\":[\"Ferrari\",\"Sport Auto\"],\"inLanguage\":\"tr\",\"potentialAction\":[{\"@type\":\"CommentAction\",\"name\":\"Comment\",\"target\":[\"https:\/\/www.italpassion.fr\/tr\/ferrari\/voila-la-ferrari-499p-qui-marque-le-retour-en-endurance\/#respond\"]}]},{\"@type\":\"WebPage\",\"@id\":\"https:\/\/www.italpassion.fr\/tr\/ferrari\/voila-la-ferrari-499p-qui-marque-le-retour-en-endurance\/\",\"url\":\"https:\/\/www.italpassion.fr\/tr\/ferrari\/voila-la-ferrari-499p-qui-marque-le-retour-en-endurance\/\",\"name\":\"Voil\u00e0 la Ferrari 499P qui marque le retour en Endurance - ItalPassion\",\"isPartOf\":{\"@id\":\"https:\/\/www.italpassion.fr\/tr\/#website\"},\"primaryImageOfPage\":{\"@id\":\"https:\/\/www.italpassion.fr\/tr\/ferrari\/voila-la-ferrari-499p-qui-marque-le-retour-en-endurance\/#primaryimage\"},\"image\":{\"@id\":\"https:\/\/www.italpassion.fr\/tr\/ferrari\/voila-la-ferrari-499p-qui-marque-le-retour-en-endurance\/#primaryimage\"},\"thumbnailUrl\":\"https:\/\/www.italpassion.fr\/wp-content\/uploads\/2022\/10\/ferrari-499p-wec.jpg\",\"datePublished\":\"2022-10-29T21:35:19+00:00\",\"dateModified\":\"2022-10-29T21:35:20+00:00\",\"description\":\"Apr\u00e8s des mois d'attente voici la Ferrari 499P, une voiture tr\u00e8s importante pour Ferrari car elle marque le retour au championnat du monde d'endurance FIA\",\"breadcrumb\":{\"@id\":\"https:\/\/www.italpassion.fr\/tr\/ferrari\/voila-la-ferrari-499p-qui-marque-le-retour-en-endurance\/#breadcrumb\"},\"inLanguage\":\"tr\",\"potentialAction\":[{\"@type\":\"ReadAction\",\"target\":[\"https:\/\/www.italpassion.fr\/tr\/ferrari\/voila-la-ferrari-499p-qui-marque-le-retour-en-endurance\/\"]}]},{\"@type\":\"ImageObject\",\"inLanguage\":\"tr\",\"@id\":\"https:\/\/www.italpassion.fr\/tr\/ferrari\/voila-la-ferrari-499p-qui-marque-le-retour-en-endurance\/#primaryimage\",\"url\":\"https:\/\/www.italpassion.fr\/wp-content\/uploads\/2022\/10\/ferrari-499p-wec.jpg\",\"contentUrl\":\"https:\/\/www.italpassion.fr\/wp-content\/uploads\/2022\/10\/ferrari-499p-wec.jpg\",\"width\":1920,\"height\":974},{\"@type\":\"BreadcrumbList\",\"@id\":\"https:\/\/www.italpassion.fr\/tr\/ferrari\/voila-la-ferrari-499p-qui-marque-le-retour-en-endurance\/#breadcrumb\",\"itemListElement\":[{\"@type\":\"ListItem\",\"position\":1,\"name\":\"Accueil\",\"item\":\"https:\/\/www.italpassion.fr\/tr\/\"},{\"@type\":\"ListItem\",\"position\":2,\"name\":\"Voil\u00e0 la Ferrari 499P qui marque le retour en Endurance\"}]},{\"@type\":\"WebSite\",\"@id\":\"https:\/\/www.italpassion.fr\/tr\/#website\",\"url\":\"https:\/\/www.italpassion.fr\/tr\/\",\"name\":\"ItalPassion\",\"description\":\"Les Passionn\u00e9s d&#039;Automobiles Italiennes\",\"publisher\":{\"@id\":\"https:\/\/www.italpassion.fr\/tr\/#organization\"},\"potentialAction\":[{\"@type\":\"SearchAction\",\"target\":{\"@type\":\"EntryPoint\",\"urlTemplate\":\"https:\/\/www.italpassion.fr\/tr\/?s={search_term_string}\"},\"query-input\":{\"@type\":\"PropertyValueSpecification\",\"valueRequired\":true,\"valueName\":\"search_term_string\"}}],\"inLanguage\":\"tr\"},{\"@type\":\"Organization\",\"@id\":\"https:\/\/www.italpassion.fr\/tr\/#organization\",\"name\":\"Italpassion\",\"url\":\"https:\/\/www.italpassion.fr\/tr\/\",\"logo\":{\"@type\":\"ImageObject\",\"inLanguage\":\"tr\",\"@id\":\"https:\/\/www.italpassion.fr\/tr\/#\/schema\/logo\/image\/\",\"url\":\"https:\/\/www.italpassion.fr\/wp-content\/uploads\/2023\/07\/italpassion-yoast.jpg\",\"contentUrl\":\"https:\/\/www.italpassion.fr\/wp-content\/uploads\/2023\/07\/italpassion-yoast.jpg\",\"width\":696,\"height\":696,\"caption\":\"Italpassion\"},\"image\":{\"@id\":\"https:\/\/www.italpassion.fr\/tr\/#\/schema\/logo\/image\/\"},\"sameAs\":[\"https:\/\/www.facebook.com\/italpassion\",\"https:\/\/x.com\/italpassion\",\"https:\/\/www.instagram.com\/italpassionfr\/\",\"https:\/\/www.youtube.com\/channel\/UCleq-ByQaA42OjhopwevRjQ\",\"https:\/\/www.facebook.com\/italpassion.en\/\",\"https:\/\/www.facebook.com\/italpassion.it\/\",\"https:\/\/www.facebook.com\/italpassion.de\/\",\"https:\/\/www.facebook.com\/italpassion.ja\/\"]},{\"@type\":\"Person\",\"@id\":\"https:\/\/www.italpassion.fr\/tr\/#\/schema\/person\/36f747b2a759ca202d847e85a9434ca0\",\"name\":\"Alexandre Filluzeau\",\"image\":{\"@type\":\"ImageObject\",\"inLanguage\":\"tr\",\"@id\":\"https:\/\/www.italpassion.fr\/tr\/#\/schema\/person\/image\/\",\"url\":\"https:\/\/www.italpassion.fr\/wp-content\/uploads\/2025\/04\/avatar-alexandre-160x160.jpg\",\"contentUrl\":\"https:\/\/www.italpassion.fr\/wp-content\/uploads\/2025\/04\/avatar-alexandre-160x160.jpg\",\"caption\":\"Alexandre Filluzeau\"},\"description\":\"Fondateur du site ItalPassion, passionn\u00e9 de voitures italiennes et de l'Italie en g\u00e9n\u00e9ral. J'apporte un regard critique et technique aux actualit\u00e9s des marques italiennes quand cela est possible. Propri\u00e9taire d'une Maserati GranTurismo, Alfa Romeo MiTo, Lancia Fulvia et Ducati 695. Ex-propri\u00e9taire d'une Alfa Romeo Giulia.\",\"sameAs\":[\"https:\/\/www.italpassion.fr\/\"],\"url\":\"https:\/\/www.italpassion.fr\/tr\/author\/alexandre\/\"}]}<\/script>\n<!-- \/ Yoast SEO plugin. -->","yoast_head_json":{"title":"Ferrari 499P dayan\u0131kl\u0131l\u0131k yar\u0131\u015flar\u0131na d\u00f6n\u00fc\u015f\u00fc i\u015faret ediyor - ItalPassion","description":"Aylar s\u00fcren bekleyi\u015fin ard\u0131ndan, Ferrari i\u00e7in \u00e7ok \u00f6nemli bir otomobil olan Ferrari 499P, FIA D\u00fcnya Dayan\u0131kl\u0131l\u0131k \u015eampiyonas\u0131'na geri d\u00f6n\u00fcyor","robots":{"index":"index","follow":"follow","max-snippet":"max-snippet:-1","max-image-preview":"max-image-preview:large","max-video-preview":"max-video-preview:-1"},"canonical":"https:\/\/www.italpassion.fr\/tr\/ferrari\/voila-la-ferrari-499p-which-marks-the-return-in-endurance\/","og_locale":"tr_TR","og_type":"article","og_title":"Voil\u00e0 la Ferrari 499P qui marque le retour en Endurance - ItalPassion","og_description":"Apr\u00e8s des mois d'attente voici la Ferrari 499P, une voiture tr\u00e8s importante pour Ferrari car elle marque le retour au championnat du monde d'endurance FIA","og_url":"https:\/\/www.italpassion.fr\/tr\/ferrari\/voila-la-ferrari-499p-which-marks-the-return-in-endurance\/","og_site_name":"ItalPassion","article_publisher":"https:\/\/www.facebook.com\/italpassion","article_published_time":"2022-10-29T21:35:19+00:00","article_modified_time":"2022-10-29T21:35:20+00:00","og_image":[{"width":1920,"height":974,"url":"https:\/\/www.italpassion.fr\/wp-content\/uploads\/2022\/10\/ferrari-499p-wec.jpg","type":"image\/jpeg"}],"author":"Alexandre Filluzeau","twitter_card":"summary_large_image","twitter_creator":"@italpassion","twitter_site":"@italpassion","schema":{"@context":"https:\/\/schema.org","@graph":[{"@type":"NewsArticle","@id":"https:\/\/www.italpassion.fr\/tr\/ferrari\/voila-la-ferrari-499p-qui-marque-le-retour-en-endurance\/#article","isPartOf":{"@id":"https:\/\/www.italpassion.fr\/tr\/ferrari\/voila-la-ferrari-499p-qui-marque-le-retour-en-endurance\/"},"author":{"name":"Alexandre Filluzeau","@id":"https:\/\/www.italpassion.fr\/tr\/#\/schema\/person\/36f747b2a759ca202d847e85a9434ca0"},"headline":"Voil\u00e0 la Ferrari 499P qui marque le retour en Endurance","datePublished":"2022-10-29T21:35:19+00:00","dateModified":"2022-10-29T21:35:20+00:00","mainEntityOfPage":{"@id":"https:\/\/www.italpassion.fr\/tr\/ferrari\/voila-la-ferrari-499p-qui-marque-le-retour-en-endurance\/"},"wordCount":429,"commentCount":7,"publisher":{"@id":"https:\/\/www.italpassion.fr\/tr\/#organization"},"image":{"@id":"https:\/\/www.italpassion.fr\/tr\/ferrari\/voila-la-ferrari-499p-qui-marque-le-retour-en-endurance\/#primaryimage"},"thumbnailUrl":"https:\/\/www.italpassion.fr\/wp-content\/uploads\/2022\/10\/ferrari-499p-wec.jpg","keywords":["Ferrari 499P"],"articleSection":["Ferrari","Sport Auto"],"inLanguage":"tr","potentialAction":[{"@type":"CommentAction","name":"Comment","target":["https:\/\/www.italpassion.fr\/tr\/ferrari\/voila-la-ferrari-499p-qui-marque-le-retour-en-endurance\/#respond"]}]},{"@type":"WebPage","@id":"https:\/\/www.italpassion.fr\/tr\/ferrari\/voila-la-ferrari-499p-qui-marque-le-retour-en-endurance\/","url":"https:\/\/www.italpassion.fr\/tr\/ferrari\/voila-la-ferrari-499p-qui-marque-le-retour-en-endurance\/","name":"Ferrari 499P dayan\u0131kl\u0131l\u0131k yar\u0131\u015flar\u0131na d\u00f6n\u00fc\u015f\u00fc i\u015faret ediyor - ItalPassion","isPartOf":{"@id":"https:\/\/www.italpassion.fr\/tr\/#website"},"primaryImageOfPage":{"@id":"https:\/\/www.italpassion.fr\/tr\/ferrari\/voila-la-ferrari-499p-qui-marque-le-retour-en-endurance\/#primaryimage"},"image":{"@id":"https:\/\/www.italpassion.fr\/tr\/ferrari\/voila-la-ferrari-499p-qui-marque-le-retour-en-endurance\/#primaryimage"},"thumbnailUrl":"https:\/\/www.italpassion.fr\/wp-content\/uploads\/2022\/10\/ferrari-499p-wec.jpg","datePublished":"2022-10-29T21:35:19+00:00","dateModified":"2022-10-29T21:35:20+00:00","description":"Aylar s\u00fcren bekleyi\u015fin ard\u0131ndan, Ferrari i\u00e7in \u00e7ok \u00f6nemli bir otomobil olan Ferrari 499P, FIA D\u00fcnya Dayan\u0131kl\u0131l\u0131k \u015eampiyonas\u0131'na geri d\u00f6n\u00fcyor","breadcrumb":{"@id":"https:\/\/www.italpassion.fr\/tr\/ferrari\/voila-la-ferrari-499p-qui-marque-le-retour-en-endurance\/#breadcrumb"},"inLanguage":"tr","potentialAction":[{"@type":"ReadAction","target":["https:\/\/www.italpassion.fr\/tr\/ferrari\/voila-la-ferrari-499p-qui-marque-le-retour-en-endurance\/"]}]},{"@type":"ImageObject","inLanguage":"tr","@id":"https:\/\/www.italpassion.fr\/tr\/ferrari\/voila-la-ferrari-499p-qui-marque-le-retour-en-endurance\/#primaryimage","url":"https:\/\/www.italpassion.fr\/wp-content\/uploads\/2022\/10\/ferrari-499p-wec.jpg","contentUrl":"https:\/\/www.italpassion.fr\/wp-content\/uploads\/2022\/10\/ferrari-499p-wec.jpg","width":1920,"height":974},{"@type":"BreadcrumbList","@id":"https:\/\/www.italpassion.fr\/tr\/ferrari\/voila-la-ferrari-499p-qui-marque-le-retour-en-endurance\/#breadcrumb","itemListElement":[{"@type":"ListItem","position":1,"name":"Accueil","item":"https:\/\/www.italpassion.fr\/tr\/"},{"@type":"ListItem","position":2,"name":"Voil\u00e0 la Ferrari 499P qui marque le retour en Endurance"}]},{"@type":"WebSite","@id":"https:\/\/www.italpassion.fr\/tr\/#website","url":"https:\/\/www.italpassion.fr\/tr\/","name":"ItalPassion","description":"\u0130talyan Araba Merakl\u0131lar\u0131","publisher":{"@id":"https:\/\/www.italpassion.fr\/tr\/#organization"},"potentialAction":[{"@type":"SearchAction","target":{"@type":"EntryPoint","urlTemplate":"https:\/\/www.italpassion.fr\/tr\/?s={search_term_string}"},"query-input":{"@type":"PropertyValueSpecification","valueRequired":true,"valueName":"search_term_string"}}],"inLanguage":"tr"},{"@type":"Organization","@id":"https:\/\/www.italpassion.fr\/tr\/#organization","name":"Italpassion","url":"https:\/\/www.italpassion.fr\/tr\/","logo":{"@type":"ImageObject","inLanguage":"tr","@id":"https:\/\/www.italpassion.fr\/tr\/#\/schema\/logo\/image\/","url":"https:\/\/www.italpassion.fr\/wp-content\/uploads\/2023\/07\/italpassion-yoast.jpg","contentUrl":"https:\/\/www.italpassion.fr\/wp-content\/uploads\/2023\/07\/italpassion-yoast.jpg","width":696,"height":696,"caption":"Italpassion"},"image":{"@id":"https:\/\/www.italpassion.fr\/tr\/#\/schema\/logo\/image\/"},"sameAs":["https:\/\/www.facebook.com\/italpassion","https:\/\/x.com\/italpassion","https:\/\/www.instagram.com\/italpassionfr\/","https:\/\/www.youtube.com\/channel\/UCleq-ByQaA42OjhopwevRjQ","https:\/\/www.facebook.com\/italpassion.en\/","https:\/\/www.facebook.com\/italpassion.it\/","https:\/\/www.facebook.com\/italpassion.de\/","https:\/\/www.facebook.com\/italpassion.ja\/"]},{"@type":"Person","@id":"https:\/\/www.italpassion.fr\/tr\/#\/schema\/person\/36f747b2a759ca202d847e85a9434ca0","name":"Alexandre Filluzeau","image":{"@type":"ImageObject","inLanguage":"tr","@id":"https:\/\/www.italpassion.fr\/tr\/#\/schema\/person\/image\/","url":"https:\/\/www.italpassion.fr\/wp-content\/uploads\/2025\/04\/avatar-alexandre-160x160.jpg","contentUrl":"https:\/\/www.italpassion.fr\/wp-content\/uploads\/2025\/04\/avatar-alexandre-160x160.jpg","caption":"Alexandre Filluzeau"},"description":"ItalPassion web sitesinin kurucusu, \u0130talyan otomobilleri ve genel olarak \u0130talya hakk\u0131nda tutkulu. M\u00fcmk\u00fcn oldu\u011funca \u0130talyan markalar\u0131n\u0131n haberlerine ele\u015ftirel ve teknik bir g\u00f6z getiriyorum. Maserati GranTurismo, Alfa Romeo MiTo, Lancia Fulvia ve Ducati 695 sahibiyim. Alfa Romeo Giulia'n\u0131n eski sahibi.","sameAs":["https:\/\/www.italpassion.fr\/"],"url":"https:\/\/www.italpassion.fr\/tr\/author\/alexandre\/"}]}},"_links":{"self":[{"href":"https:\/\/www.italpassion.fr\/tr\/wp-json\/wp\/v2\/posts\/30906","targetHints":{"allow":["GET"]}}],"collection":[{"href":"https:\/\/www.italpassion.fr\/tr\/wp-json\/wp\/v2\/posts"}],"about":[{"href":"https:\/\/www.italpassion.fr\/tr\/wp-json\/wp\/v2\/types\/post"}],"author":[{"embeddable":true,"href":"https:\/\/www.italpassion.fr\/tr\/wp-json\/wp\/v2\/users\/1"}],"replies":[{"embeddable":true,"href":"https:\/\/www.italpassion.fr\/tr\/wp-json\/wp\/v2\/comments?post=30906"}],"version-history":[{"count":1,"href":"https:\/\/www.italpassion.fr\/tr\/wp-json\/wp\/v2\/posts\/30906\/revisions"}],"predecessor-version":[{"id":30912,"href":"https:\/\/www.italpassion.fr\/tr\/wp-json\/wp\/v2\/posts\/30906\/revisions\/30912"}],"wp:featuredmedia":[{"embeddable":true,"href":"https:\/\/www.italpassion.fr\/tr\/wp-json\/wp\/v2\/media\/30907"}],"wp:attachment":[{"href":"https:\/\/www.italpassion.fr\/tr\/wp-json\/wp\/v2\/media?parent=30906"}],"wp:term":[{"taxonomy":"category","embeddable":true,"href":"https:\/\/www.italpassion.fr\/tr\/wp-json\/wp\/v2\/categories?post=30906"},{"taxonomy":"post_tag","embeddable":true,"href":"https:\/\/www.italpassion.fr\/tr\/wp-json\/wp\/v2\/tags?post=30906"}],"curies":[{"name":"wp","href":"https:\/\/api.w.org\/{rel}","templated":true}]}}