{"id":30882,"date":"2022-10-27T10:10:47","date_gmt":"2022-10-27T08:10:47","guid":{"rendered":"https:\/\/www.italpassion.fr\/?p=30882"},"modified":"2022-10-27T14:31:04","modified_gmt":"2022-10-27T12:31:04","slug":"alfa-romeo-giulia-and-stelvio-my23","status":"publish","type":"post","link":"https:\/\/www.italpassion.fr\/tr\/alfa-romeo\/alfa-romeo-giulia-et-stelvio-my23\/","title":{"rendered":"Alfa Romeo Giulia ve Stelvio MY23: ilk g\u00f6r\u00fcnt\u00fcler"},"content":{"rendered":"<p>Bu <a href=\"https:\/\/www.italpassion.fr\/tr\/alfa-romeo\/\">Alfa Romeo<\/a> S\u0131ras\u0131yla 2015 ve 2016'dan beri pazarda olan Giulia ve Stelvio nihayet 2023'te yollara \u00e7\u0131kacak k\u00fc\u00e7\u00fck bir g\u00fcncellemeden yararlanacak.<\/p>\n\n\n\n<figure class=\"wp-block-image size-large\"><img loading=\"lazy\" decoding=\"async\" width=\"1024\" height=\"647\" src=\"https:\/\/www.italpassion.fr\/wp-content\/uploads\/2022\/10\/alfa-romeo-giulia-my23-1024x647.jpg\" alt=\"\" class=\"wp-image-30889\" srcset=\"https:\/\/www.italpassion.fr\/wp-content\/uploads\/2022\/10\/alfa-romeo-giulia-my23-1024x647.jpg 1024w, https:\/\/www.italpassion.fr\/wp-content\/uploads\/2022\/10\/alfa-romeo-giulia-my23-300x189.jpg 300w, https:\/\/www.italpassion.fr\/wp-content\/uploads\/2022\/10\/alfa-romeo-giulia-my23-768x485.jpg 768w, https:\/\/www.italpassion.fr\/wp-content\/uploads\/2022\/10\/alfa-romeo-giulia-my23-1536x970.jpg 1536w, https:\/\/www.italpassion.fr\/wp-content\/uploads\/2022\/10\/alfa-romeo-giulia-my23-scaled.jpg 2048w, https:\/\/www.italpassion.fr\/wp-content\/uploads\/2022\/10\/alfa-romeo-giulia-my23-18x12.jpg 18w, https:\/\/www.italpassion.fr\/wp-content\/uploads\/2022\/10\/alfa-romeo-giulia-my23-561x354.jpg 561w, https:\/\/www.italpassion.fr\/wp-content\/uploads\/2022\/10\/alfa-romeo-giulia-my23-1122x708.jpg 1122w, https:\/\/www.italpassion.fr\/wp-content\/uploads\/2022\/10\/alfa-romeo-giulia-my23-265x167.jpg 265w, https:\/\/www.italpassion.fr\/wp-content\/uploads\/2022\/10\/alfa-romeo-giulia-my23-531x335.jpg 531w, https:\/\/www.italpassion.fr\/wp-content\/uploads\/2022\/10\/alfa-romeo-giulia-my23-364x230.jpg 364w, https:\/\/www.italpassion.fr\/wp-content\/uploads\/2022\/10\/alfa-romeo-giulia-my23-728x460.jpg 728w, https:\/\/www.italpassion.fr\/wp-content\/uploads\/2022\/10\/alfa-romeo-giulia-my23-608x384.jpg 608w, https:\/\/www.italpassion.fr\/wp-content\/uploads\/2022\/10\/alfa-romeo-giulia-my23-758x479.jpg 758w, https:\/\/www.italpassion.fr\/wp-content\/uploads\/2022\/10\/alfa-romeo-giulia-my23-1152x727.jpg 1152w\" sizes=\"auto, (max-width: 1024px) 100vw, 1024px\" \/><\/figure>\n\n\n\n<figure class=\"wp-block-image size-large\"><img loading=\"lazy\" decoding=\"async\" width=\"1024\" height=\"914\" src=\"https:\/\/www.italpassion.fr\/wp-content\/uploads\/2022\/10\/alfa-romeo-my23-1024x914.jpg\" alt=\"\" class=\"wp-image-30885\" srcset=\"https:\/\/www.italpassion.fr\/wp-content\/uploads\/2022\/10\/alfa-romeo-my23-1024x914.jpg 1024w, https:\/\/www.italpassion.fr\/wp-content\/uploads\/2022\/10\/alfa-romeo-my23-300x268.jpg 300w, https:\/\/www.italpassion.fr\/wp-content\/uploads\/2022\/10\/alfa-romeo-my23-768x686.jpg 768w, https:\/\/www.italpassion.fr\/wp-content\/uploads\/2022\/10\/alfa-romeo-my23-1536x1371.jpg 1536w, https:\/\/www.italpassion.fr\/wp-content\/uploads\/2022\/10\/alfa-romeo-my23-13x12.jpg 13w, https:\/\/www.italpassion.fr\/wp-content\/uploads\/2022\/10\/alfa-romeo-my23-561x501.jpg 561w, https:\/\/www.italpassion.fr\/wp-content\/uploads\/2022\/10\/alfa-romeo-my23-1122x1002.jpg 1122w, https:\/\/www.italpassion.fr\/wp-content\/uploads\/2022\/10\/alfa-romeo-my23-265x237.jpg 265w, https:\/\/www.italpassion.fr\/wp-content\/uploads\/2022\/10\/alfa-romeo-my23-531x474.jpg 531w, https:\/\/www.italpassion.fr\/wp-content\/uploads\/2022\/10\/alfa-romeo-my23-364x325.jpg 364w, https:\/\/www.italpassion.fr\/wp-content\/uploads\/2022\/10\/alfa-romeo-my23-728x650.jpg 728w, https:\/\/www.italpassion.fr\/wp-content\/uploads\/2022\/10\/alfa-romeo-my23-608x543.jpg 608w, https:\/\/www.italpassion.fr\/wp-content\/uploads\/2022\/10\/alfa-romeo-my23-758x677.jpg 758w, https:\/\/www.italpassion.fr\/wp-content\/uploads\/2022\/10\/alfa-romeo-my23-1152x1028.jpg 1152w, https:\/\/www.italpassion.fr\/wp-content\/uploads\/2022\/10\/alfa-romeo-my23.jpg 1828w\" sizes=\"auto, (max-width: 1024px) 100vw, 1024px\" \/><\/figure>\n\n\n\n<p>Bir yandan <a href=\"https:\/\/www.italpassion.fr\/tr\/alfa-romeo\/lalfa-romeo-tonal-passes-20-000-order-in-europe\/\">Alfa Romeo Tonale iyi sat\u0131yor<\/a>s, the <a href=\"https:\/\/www.italpassion.fr\/tr\/etiket\/alfa-romeo-giulia\/\">Giulia<\/a> ve <a href=\"https:\/\/www.italpassion.fr\/tr\/etiket\/alfa-romeo-stelvio\/\">Stelvio<\/a> biraz daha zor durumda. <strong>Her iki arac\u0131n da \u00f6mr\u00fcn\u00fc uzatmak i\u00e7in <\/strong>ve sipari\u015fleri art\u0131rmak i\u00e7in (2025 ve 2026'da yeni modeller bekleniyor), \u0130talyan sedan ve SUV baz\u0131 yeni \u00f6zelliklerden yararlanacak.<\/p>\n\n\n\n<p>Ba\u015flang\u0131\u00e7 olarak, en g\u00f6r\u00fcn\u00fcr olan : <strong>yeni \u00f6n farlar<\/strong> Tonale'nin \u0131\u015f\u0131k imzas\u0131n\u0131 taklit eden Tam LED Adaptif Matris. Tampon da 'Trilobo' \u0131zgara ile k\u00fc\u00e7\u00fck de\u011fi\u015fikliklerden yararlan\u0131yor.<\/p>\n\n\n\n<figure class=\"wp-block-image size-large\"><img loading=\"lazy\" decoding=\"async\" width=\"1024\" height=\"683\" src=\"https:\/\/www.italpassion.fr\/wp-content\/uploads\/2022\/10\/alfa-romeo-stelvio-my23-1-1024x683.jpg\" alt=\"\" class=\"wp-image-30893\" srcset=\"https:\/\/www.italpassion.fr\/wp-content\/uploads\/2022\/10\/alfa-romeo-stelvio-my23-1-1024x683.jpg 1024w, https:\/\/www.italpassion.fr\/wp-content\/uploads\/2022\/10\/alfa-romeo-stelvio-my23-1-300x200.jpg 300w, https:\/\/www.italpassion.fr\/wp-content\/uploads\/2022\/10\/alfa-romeo-stelvio-my23-1-768x512.jpg 768w, https:\/\/www.italpassion.fr\/wp-content\/uploads\/2022\/10\/alfa-romeo-stelvio-my23-1-1536x1024.jpg 1536w, https:\/\/www.italpassion.fr\/wp-content\/uploads\/2022\/10\/alfa-romeo-stelvio-my23-1-scaled.jpg 2048w, https:\/\/www.italpassion.fr\/wp-content\/uploads\/2022\/10\/alfa-romeo-stelvio-my23-1-18x12.jpg 18w, https:\/\/www.italpassion.fr\/wp-content\/uploads\/2022\/10\/alfa-romeo-stelvio-my23-1-561x374.jpg 561w, https:\/\/www.italpassion.fr\/wp-content\/uploads\/2022\/10\/alfa-romeo-stelvio-my23-1-1122x748.jpg 1122w, https:\/\/www.italpassion.fr\/wp-content\/uploads\/2022\/10\/alfa-romeo-stelvio-my23-1-265x177.jpg 265w, https:\/\/www.italpassion.fr\/wp-content\/uploads\/2022\/10\/alfa-romeo-stelvio-my23-1-531x354.jpg 531w, https:\/\/www.italpassion.fr\/wp-content\/uploads\/2022\/10\/alfa-romeo-stelvio-my23-1-364x243.jpg 364w, https:\/\/www.italpassion.fr\/wp-content\/uploads\/2022\/10\/alfa-romeo-stelvio-my23-1-728x485.jpg 728w, https:\/\/www.italpassion.fr\/wp-content\/uploads\/2022\/10\/alfa-romeo-stelvio-my23-1-608x405.jpg 608w, https:\/\/www.italpassion.fr\/wp-content\/uploads\/2022\/10\/alfa-romeo-stelvio-my23-1-758x505.jpg 758w, https:\/\/www.italpassion.fr\/wp-content\/uploads\/2022\/10\/alfa-romeo-stelvio-my23-1-1152x768.jpg 1152w\" sizes=\"auto, (max-width: 1024px) 100vw, 1024px\" \/><\/figure>\n\n\n\n<figure class=\"wp-block-image size-large\"><img loading=\"lazy\" decoding=\"async\" width=\"1024\" height=\"683\" src=\"https:\/\/www.italpassion.fr\/wp-content\/uploads\/2022\/10\/alfa-romeo-stelvio-my23-2-1024x683.jpg\" alt=\"\" class=\"wp-image-30901\" srcset=\"https:\/\/www.italpassion.fr\/wp-content\/uploads\/2022\/10\/alfa-romeo-stelvio-my23-2-1024x683.jpg 1024w, https:\/\/www.italpassion.fr\/wp-content\/uploads\/2022\/10\/alfa-romeo-stelvio-my23-2-300x200.jpg 300w, https:\/\/www.italpassion.fr\/wp-content\/uploads\/2022\/10\/alfa-romeo-stelvio-my23-2-768x512.jpg 768w, https:\/\/www.italpassion.fr\/wp-content\/uploads\/2022\/10\/alfa-romeo-stelvio-my23-2-18x12.jpg 18w, https:\/\/www.italpassion.fr\/wp-content\/uploads\/2022\/10\/alfa-romeo-stelvio-my23-2-561x374.jpg 561w, https:\/\/www.italpassion.fr\/wp-content\/uploads\/2022\/10\/alfa-romeo-stelvio-my23-2-1122x748.jpg 1122w, https:\/\/www.italpassion.fr\/wp-content\/uploads\/2022\/10\/alfa-romeo-stelvio-my23-2-265x177.jpg 265w, https:\/\/www.italpassion.fr\/wp-content\/uploads\/2022\/10\/alfa-romeo-stelvio-my23-2-531x354.jpg 531w, https:\/\/www.italpassion.fr\/wp-content\/uploads\/2022\/10\/alfa-romeo-stelvio-my23-2-364x243.jpg 364w, https:\/\/www.italpassion.fr\/wp-content\/uploads\/2022\/10\/alfa-romeo-stelvio-my23-2-728x485.jpg 728w, https:\/\/www.italpassion.fr\/wp-content\/uploads\/2022\/10\/alfa-romeo-stelvio-my23-2-608x405.jpg 608w, https:\/\/www.italpassion.fr\/wp-content\/uploads\/2022\/10\/alfa-romeo-stelvio-my23-2-758x505.jpg 758w, https:\/\/www.italpassion.fr\/wp-content\/uploads\/2022\/10\/alfa-romeo-stelvio-my23-2-1152x768.jpg 1152w, https:\/\/www.italpassion.fr\/wp-content\/uploads\/2022\/10\/alfa-romeo-stelvio-my23-2.jpg 1440w\" sizes=\"auto, (max-width: 1024px) 100vw, 1024px\" \/><\/figure>\n\n\n\n<p>Ard\u0131ndan, s\u00fcr\u00fc\u015f enstr\u00fcmanlar\u0131 ve multimedya, ibre saya\u00e7lar\u0131n\u0131n dijital hale gelmesiyle geli\u015fecek. Multimedya aray\u00fcz\u00fc (bilgi-e\u011flence olarak da bilinir) de\u011fi\u015fmeden kalacakt\u0131r.<\/p>\n\n\n\n<figure class=\"wp-block-image size-large\"><img loading=\"lazy\" decoding=\"async\" width=\"1024\" height=\"608\" src=\"https:\/\/www.italpassion.fr\/wp-content\/uploads\/2022\/10\/alfa-romeo-stelvio-giulia-my23-habitacle-1024x608.jpg\" alt=\"\" class=\"wp-image-30899\" srcset=\"https:\/\/www.italpassion.fr\/wp-content\/uploads\/2022\/10\/alfa-romeo-stelvio-giulia-my23-habitacle-1024x608.jpg 1024w, https:\/\/www.italpassion.fr\/wp-content\/uploads\/2022\/10\/alfa-romeo-stelvio-giulia-my23-habitacle-300x178.jpg 300w, https:\/\/www.italpassion.fr\/wp-content\/uploads\/2022\/10\/alfa-romeo-stelvio-giulia-my23-habitacle-768x456.jpg 768w, https:\/\/www.italpassion.fr\/wp-content\/uploads\/2022\/10\/alfa-romeo-stelvio-giulia-my23-habitacle-1536x912.jpg 1536w, https:\/\/www.italpassion.fr\/wp-content\/uploads\/2022\/10\/alfa-romeo-stelvio-giulia-my23-habitacle-18x12.jpg 18w, https:\/\/www.italpassion.fr\/wp-content\/uploads\/2022\/10\/alfa-romeo-stelvio-giulia-my23-habitacle-561x333.jpg 561w, https:\/\/www.italpassion.fr\/wp-content\/uploads\/2022\/10\/alfa-romeo-stelvio-giulia-my23-habitacle-1122x666.jpg 1122w, https:\/\/www.italpassion.fr\/wp-content\/uploads\/2022\/10\/alfa-romeo-stelvio-giulia-my23-habitacle-265x157.jpg 265w, https:\/\/www.italpassion.fr\/wp-content\/uploads\/2022\/10\/alfa-romeo-stelvio-giulia-my23-habitacle-531x315.jpg 531w, https:\/\/www.italpassion.fr\/wp-content\/uploads\/2022\/10\/alfa-romeo-stelvio-giulia-my23-habitacle-364x216.jpg 364w, https:\/\/www.italpassion.fr\/wp-content\/uploads\/2022\/10\/alfa-romeo-stelvio-giulia-my23-habitacle-728x432.jpg 728w, https:\/\/www.italpassion.fr\/wp-content\/uploads\/2022\/10\/alfa-romeo-stelvio-giulia-my23-habitacle-608x361.jpg 608w, https:\/\/www.italpassion.fr\/wp-content\/uploads\/2022\/10\/alfa-romeo-stelvio-giulia-my23-habitacle-758x450.jpg 758w, https:\/\/www.italpassion.fr\/wp-content\/uploads\/2022\/10\/alfa-romeo-stelvio-giulia-my23-habitacle-1152x684.jpg 1152w, https:\/\/www.italpassion.fr\/wp-content\/uploads\/2022\/10\/alfa-romeo-stelvio-giulia-my23-habitacle.jpg 2000w\" sizes=\"auto, (max-width: 1024px) 100vw, 1024px\" \/><\/figure>\n\n\n\n<p>Sonunda, <strong>yeni bir kaplama tan\u0131t\u0131ld\u0131: Competizione<\/strong>. Bir hat\u0131rlatma olarak, \u015fu anda Super, Sprint Ti, Veloce, Estrema var.<\/p>\n\n\n\n<p>Estrema, markan\u0131n \u00f6zel \"Ay I\u015f\u0131\u011f\u0131\" mat gri rengine sahip yeni \u00fcst s\u0131n\u0131f versiyonu olan Competizion kaplama i\u00e7in ortadan kalk\u0131yor (bu Competizione kaplama, yak\u0131nda 275 HP PHEV olarak sunulacak olan Tonale i\u00e7in de kullan\u0131labilir). <\/p>\n\n\n\n<figure class=\"wp-block-image size-large\"><img loading=\"lazy\" decoding=\"async\" width=\"1024\" height=\"683\" src=\"https:\/\/www.italpassion.fr\/wp-content\/uploads\/2022\/10\/alfa-romeo-competizione-my23-1024x683.jpg\" alt=\"\" class=\"wp-image-30890\" srcset=\"https:\/\/www.italpassion.fr\/wp-content\/uploads\/2022\/10\/alfa-romeo-competizione-my23-1024x683.jpg 1024w, https:\/\/www.italpassion.fr\/wp-content\/uploads\/2022\/10\/alfa-romeo-competizione-my23-300x200.jpg 300w, https:\/\/www.italpassion.fr\/wp-content\/uploads\/2022\/10\/alfa-romeo-competizione-my23-768x512.jpg 768w, https:\/\/www.italpassion.fr\/wp-content\/uploads\/2022\/10\/alfa-romeo-competizione-my23-1536x1024.jpg 1536w, https:\/\/www.italpassion.fr\/wp-content\/uploads\/2022\/10\/alfa-romeo-competizione-my23-scaled.jpg 2048w, https:\/\/www.italpassion.fr\/wp-content\/uploads\/2022\/10\/alfa-romeo-competizione-my23-18x12.jpg 18w, https:\/\/www.italpassion.fr\/wp-content\/uploads\/2022\/10\/alfa-romeo-competizione-my23-561x374.jpg 561w, https:\/\/www.italpassion.fr\/wp-content\/uploads\/2022\/10\/alfa-romeo-competizione-my23-1122x748.jpg 1122w, https:\/\/www.italpassion.fr\/wp-content\/uploads\/2022\/10\/alfa-romeo-competizione-my23-265x177.jpg 265w, https:\/\/www.italpassion.fr\/wp-content\/uploads\/2022\/10\/alfa-romeo-competizione-my23-531x354.jpg 531w, https:\/\/www.italpassion.fr\/wp-content\/uploads\/2022\/10\/alfa-romeo-competizione-my23-364x243.jpg 364w, https:\/\/www.italpassion.fr\/wp-content\/uploads\/2022\/10\/alfa-romeo-competizione-my23-728x485.jpg 728w, https:\/\/www.italpassion.fr\/wp-content\/uploads\/2022\/10\/alfa-romeo-competizione-my23-608x405.jpg 608w, https:\/\/www.italpassion.fr\/wp-content\/uploads\/2022\/10\/alfa-romeo-competizione-my23-758x505.jpg 758w, https:\/\/www.italpassion.fr\/wp-content\/uploads\/2022\/10\/alfa-romeo-competizione-my23-1152x768.jpg 1152w\" sizes=\"auto, (max-width: 1024px) 100vw, 1024px\" \/><\/figure>\n\n\n\n<figure class=\"wp-block-image size-large\"><img loading=\"lazy\" decoding=\"async\" width=\"1024\" height=\"525\" src=\"https:\/\/www.italpassion.fr\/wp-content\/uploads\/2022\/10\/alfa-romeo-competizione-1024x525.jpg\" alt=\"\" class=\"wp-image-30883\" srcset=\"https:\/\/www.italpassion.fr\/wp-content\/uploads\/2022\/10\/alfa-romeo-competizione-1024x525.jpg 1024w, https:\/\/www.italpassion.fr\/wp-content\/uploads\/2022\/10\/alfa-romeo-competizione-300x154.jpg 300w, https:\/\/www.italpassion.fr\/wp-content\/uploads\/2022\/10\/alfa-romeo-competizione-768x393.jpg 768w, https:\/\/www.italpassion.fr\/wp-content\/uploads\/2022\/10\/alfa-romeo-competizione-1536x787.jpg 1536w, https:\/\/www.italpassion.fr\/wp-content\/uploads\/2022\/10\/alfa-romeo-competizione-18x9.jpg 18w, https:\/\/www.italpassion.fr\/wp-content\/uploads\/2022\/10\/alfa-romeo-competizione-561x287.jpg 561w, https:\/\/www.italpassion.fr\/wp-content\/uploads\/2022\/10\/alfa-romeo-competizione-1122x575.jpg 1122w, https:\/\/www.italpassion.fr\/wp-content\/uploads\/2022\/10\/alfa-romeo-competizione-265x136.jpg 265w, https:\/\/www.italpassion.fr\/wp-content\/uploads\/2022\/10\/alfa-romeo-competizione-531x272.jpg 531w, https:\/\/www.italpassion.fr\/wp-content\/uploads\/2022\/10\/alfa-romeo-competizione-364x186.jpg 364w, https:\/\/www.italpassion.fr\/wp-content\/uploads\/2022\/10\/alfa-romeo-competizione-728x373.jpg 728w, https:\/\/www.italpassion.fr\/wp-content\/uploads\/2022\/10\/alfa-romeo-competizione-608x311.jpg 608w, https:\/\/www.italpassion.fr\/wp-content\/uploads\/2022\/10\/alfa-romeo-competizione-758x388.jpg 758w, https:\/\/www.italpassion.fr\/wp-content\/uploads\/2022\/10\/alfa-romeo-competizione-1152x590.jpg 1152w, https:\/\/www.italpassion.fr\/wp-content\/uploads\/2022\/10\/alfa-romeo-competizione.jpg 1911w\" sizes=\"auto, (max-width: 1024px) 100vw, 1024px\" \/><\/figure>\n\n\n\n<p>Motorlar s\u00f6z konusu oldu\u011funda, bir s\u00fcrpriz olmad\u0131\u011f\u0131 s\u00fcrece herhangi bir de\u011fi\u015fiklik olmayacakt\u0131r. 200hp ve 280hp benzinli motorlar ile 160hp, 190hp ve 210hp dizel motorlar kalacakt\u0131r.  Bir s\u00fcrpriz varsa, o da Maserati Grecale'de bulunan 330 bhp MHEV benzinli motor olacakt\u0131r.<\/p>\n\n\n\n<iframe loading=\"lazy\" width=\"960\" height=\"540\" src=\"https:\/\/www.media.stellantis.com\/it-it\/video\/embed\/2042\" allow=\"accelerometer; autoplay; encrypted-media; gyroscope; picture-in-picture\" allowfullscreen=\"\"><\/iframe>\n\n\n\n<p>\u015eimdi fiyatlar ve bulunabilirlik gibi baz\u0131 bilgileri bekliyoruz. Devam edecek!<\/p>","protected":false},"excerpt":{"rendered":"","protected":false},"author":1,"featured_media":30889,"comment_status":"open","ping_status":"open","sticky":false,"template":"","format":"standard","meta":{"_acf_changed":false,"_sitemap_exclude":false,"_sitemap_priority":"","_sitemap_frequency":"","footnotes":""},"categories":[22],"tags":[288,287],"class_list":["post-30882","post","type-post","status-publish","format-standard","has-post-thumbnail","hentry","category-alfa-romeo","tag-alfa-romeo-giulia","tag-alfa-romeo-stelvio","generate-columns","tablet-grid-50","mobile-grid-100","grid-parent","grid-33"],"acf":[],"yoast_head":"<!-- This site is optimized with the Yoast SEO plugin v25.8 - https:\/\/yoast.com\/wordpress\/plugins\/seo\/ -->\n<title>Alfa Romeo Giulia et Stelvio MY23 : premi\u00e8res images - ItalPassion<\/title>\n<meta name=\"description\" content=\"Les Alfa Romeo Giulia et Stelvio, respectivement commercialis\u00e9s depuis 2015 et 2016 vont enfin profiter d&#039;une petite mise \u00e0 jour qui arrivera sur les\" \/>\n<meta name=\"robots\" content=\"index, follow, max-snippet:-1, max-image-preview:large, max-video-preview:-1\" \/>\n<link rel=\"canonical\" href=\"https:\/\/www.italpassion.fr\/tr\/alfa-romeo\/alfa-romeo-giulia-and-stelvio-my23\/\" \/>\n<meta property=\"og:locale\" content=\"tr_TR\" \/>\n<meta property=\"og:type\" content=\"article\" \/>\n<meta property=\"og:title\" content=\"Alfa Romeo Giulia et Stelvio MY23 : premi\u00e8res images - ItalPassion\" \/>\n<meta property=\"og:description\" content=\"Les Alfa Romeo Giulia et Stelvio, respectivement commercialis\u00e9s depuis 2015 et 2016 vont enfin profiter d&#039;une petite mise \u00e0 jour qui arrivera sur les\" \/>\n<meta property=\"og:url\" content=\"https:\/\/www.italpassion.fr\/tr\/alfa-romeo\/alfa-romeo-giulia-and-stelvio-my23\/\" \/>\n<meta property=\"og:site_name\" content=\"ItalPassion\" \/>\n<meta property=\"article:publisher\" content=\"https:\/\/www.facebook.com\/italpassion\" \/>\n<meta property=\"article:published_time\" content=\"2022-10-27T08:10:47+00:00\" \/>\n<meta property=\"article:modified_time\" content=\"2022-10-27T12:31:04+00:00\" \/>\n<meta property=\"og:image\" content=\"https:\/\/www.italpassion.fr\/wp-content\/uploads\/2022\/10\/alfa-romeo-giulia-my23-scaled.jpg\" \/>\n\t<meta property=\"og:image:width\" content=\"2048\" \/>\n\t<meta property=\"og:image:height\" content=\"1293\" \/>\n\t<meta property=\"og:image:type\" content=\"image\/jpeg\" \/>\n<meta name=\"author\" content=\"Alexandre Filluzeau\" \/>\n<meta name=\"twitter:card\" content=\"summary_large_image\" \/>\n<meta name=\"twitter:creator\" content=\"@italpassion\" \/>\n<meta name=\"twitter:site\" content=\"@italpassion\" \/>\n<script type=\"application\/ld+json\" class=\"yoast-schema-graph\">{\"@context\":\"https:\/\/schema.org\",\"@graph\":[{\"@type\":\"NewsArticle\",\"@id\":\"https:\/\/www.italpassion.fr\/tr\/alfa-romeo\/alfa-romeo-giulia-et-stelvio-my23\/#article\",\"isPartOf\":{\"@id\":\"https:\/\/www.italpassion.fr\/tr\/alfa-romeo\/alfa-romeo-giulia-et-stelvio-my23\/\"},\"author\":{\"name\":\"Alexandre Filluzeau\",\"@id\":\"https:\/\/www.italpassion.fr\/tr\/#\/schema\/person\/36f747b2a759ca202d847e85a9434ca0\"},\"headline\":\"Alfa Romeo Giulia et Stelvio MY23 : premi\u00e8res images\",\"datePublished\":\"2022-10-27T08:10:47+00:00\",\"dateModified\":\"2022-10-27T12:31:04+00:00\",\"mainEntityOfPage\":{\"@id\":\"https:\/\/www.italpassion.fr\/tr\/alfa-romeo\/alfa-romeo-giulia-et-stelvio-my23\/\"},\"wordCount\":267,\"commentCount\":7,\"publisher\":{\"@id\":\"https:\/\/www.italpassion.fr\/tr\/#organization\"},\"image\":{\"@id\":\"https:\/\/www.italpassion.fr\/tr\/alfa-romeo\/alfa-romeo-giulia-et-stelvio-my23\/#primaryimage\"},\"thumbnailUrl\":\"https:\/\/www.italpassion.fr\/wp-content\/uploads\/2022\/10\/alfa-romeo-giulia-my23-scaled.jpg\",\"keywords\":[\"Alfa Romeo Giulia\",\"Alfa Romeo Stelvio\"],\"articleSection\":[\"Alfa Romeo\"],\"inLanguage\":\"tr\",\"potentialAction\":[{\"@type\":\"CommentAction\",\"name\":\"Comment\",\"target\":[\"https:\/\/www.italpassion.fr\/tr\/alfa-romeo\/alfa-romeo-giulia-et-stelvio-my23\/#respond\"]}]},{\"@type\":\"WebPage\",\"@id\":\"https:\/\/www.italpassion.fr\/tr\/alfa-romeo\/alfa-romeo-giulia-et-stelvio-my23\/\",\"url\":\"https:\/\/www.italpassion.fr\/tr\/alfa-romeo\/alfa-romeo-giulia-et-stelvio-my23\/\",\"name\":\"Alfa Romeo Giulia et Stelvio MY23 : premi\u00e8res images - ItalPassion\",\"isPartOf\":{\"@id\":\"https:\/\/www.italpassion.fr\/tr\/#website\"},\"primaryImageOfPage\":{\"@id\":\"https:\/\/www.italpassion.fr\/tr\/alfa-romeo\/alfa-romeo-giulia-et-stelvio-my23\/#primaryimage\"},\"image\":{\"@id\":\"https:\/\/www.italpassion.fr\/tr\/alfa-romeo\/alfa-romeo-giulia-et-stelvio-my23\/#primaryimage\"},\"thumbnailUrl\":\"https:\/\/www.italpassion.fr\/wp-content\/uploads\/2022\/10\/alfa-romeo-giulia-my23-scaled.jpg\",\"datePublished\":\"2022-10-27T08:10:47+00:00\",\"dateModified\":\"2022-10-27T12:31:04+00:00\",\"description\":\"Les Alfa Romeo Giulia et Stelvio, respectivement commercialis\u00e9s depuis 2015 et 2016 vont enfin profiter d'une petite mise \u00e0 jour qui arrivera sur les\",\"breadcrumb\":{\"@id\":\"https:\/\/www.italpassion.fr\/tr\/alfa-romeo\/alfa-romeo-giulia-et-stelvio-my23\/#breadcrumb\"},\"inLanguage\":\"tr\",\"potentialAction\":[{\"@type\":\"ReadAction\",\"target\":[\"https:\/\/www.italpassion.fr\/tr\/alfa-romeo\/alfa-romeo-giulia-et-stelvio-my23\/\"]}]},{\"@type\":\"ImageObject\",\"inLanguage\":\"tr\",\"@id\":\"https:\/\/www.italpassion.fr\/tr\/alfa-romeo\/alfa-romeo-giulia-et-stelvio-my23\/#primaryimage\",\"url\":\"https:\/\/www.italpassion.fr\/wp-content\/uploads\/2022\/10\/alfa-romeo-giulia-my23-scaled.jpg\",\"contentUrl\":\"https:\/\/www.italpassion.fr\/wp-content\/uploads\/2022\/10\/alfa-romeo-giulia-my23-scaled.jpg\",\"width\":2048,\"height\":1293},{\"@type\":\"BreadcrumbList\",\"@id\":\"https:\/\/www.italpassion.fr\/tr\/alfa-romeo\/alfa-romeo-giulia-et-stelvio-my23\/#breadcrumb\",\"itemListElement\":[{\"@type\":\"ListItem\",\"position\":1,\"name\":\"Accueil\",\"item\":\"https:\/\/www.italpassion.fr\/tr\/\"},{\"@type\":\"ListItem\",\"position\":2,\"name\":\"Alfa Romeo Giulia et Stelvio MY23 : premi\u00e8res images\"}]},{\"@type\":\"WebSite\",\"@id\":\"https:\/\/www.italpassion.fr\/tr\/#website\",\"url\":\"https:\/\/www.italpassion.fr\/tr\/\",\"name\":\"ItalPassion\",\"description\":\"Les Passionn\u00e9s d&#039;Automobiles Italiennes\",\"publisher\":{\"@id\":\"https:\/\/www.italpassion.fr\/tr\/#organization\"},\"potentialAction\":[{\"@type\":\"SearchAction\",\"target\":{\"@type\":\"EntryPoint\",\"urlTemplate\":\"https:\/\/www.italpassion.fr\/tr\/?s={search_term_string}\"},\"query-input\":{\"@type\":\"PropertyValueSpecification\",\"valueRequired\":true,\"valueName\":\"search_term_string\"}}],\"inLanguage\":\"tr\"},{\"@type\":\"Organization\",\"@id\":\"https:\/\/www.italpassion.fr\/tr\/#organization\",\"name\":\"Italpassion\",\"url\":\"https:\/\/www.italpassion.fr\/tr\/\",\"logo\":{\"@type\":\"ImageObject\",\"inLanguage\":\"tr\",\"@id\":\"https:\/\/www.italpassion.fr\/tr\/#\/schema\/logo\/image\/\",\"url\":\"https:\/\/www.italpassion.fr\/wp-content\/uploads\/2023\/07\/italpassion-yoast.jpg\",\"contentUrl\":\"https:\/\/www.italpassion.fr\/wp-content\/uploads\/2023\/07\/italpassion-yoast.jpg\",\"width\":696,\"height\":696,\"caption\":\"Italpassion\"},\"image\":{\"@id\":\"https:\/\/www.italpassion.fr\/tr\/#\/schema\/logo\/image\/\"},\"sameAs\":[\"https:\/\/www.facebook.com\/italpassion\",\"https:\/\/x.com\/italpassion\",\"https:\/\/www.instagram.com\/italpassionfr\/\",\"https:\/\/www.youtube.com\/channel\/UCleq-ByQaA42OjhopwevRjQ\",\"https:\/\/www.facebook.com\/italpassion.en\/\",\"https:\/\/www.facebook.com\/italpassion.it\/\",\"https:\/\/www.facebook.com\/italpassion.de\/\",\"https:\/\/www.facebook.com\/italpassion.ja\/\"]},{\"@type\":\"Person\",\"@id\":\"https:\/\/www.italpassion.fr\/tr\/#\/schema\/person\/36f747b2a759ca202d847e85a9434ca0\",\"name\":\"Alexandre Filluzeau\",\"image\":{\"@type\":\"ImageObject\",\"inLanguage\":\"tr\",\"@id\":\"https:\/\/www.italpassion.fr\/tr\/#\/schema\/person\/image\/\",\"url\":\"https:\/\/www.italpassion.fr\/wp-content\/uploads\/2025\/04\/avatar-alexandre-160x160.jpg\",\"contentUrl\":\"https:\/\/www.italpassion.fr\/wp-content\/uploads\/2025\/04\/avatar-alexandre-160x160.jpg\",\"caption\":\"Alexandre Filluzeau\"},\"description\":\"Fondateur du site ItalPassion, passionn\u00e9 de voitures italiennes et de l'Italie en g\u00e9n\u00e9ral. J'apporte un regard critique et technique aux actualit\u00e9s des marques italiennes quand cela est possible. Propri\u00e9taire d'une Maserati GranTurismo, Alfa Romeo MiTo, Lancia Fulvia et Ducati 695. Ex-propri\u00e9taire d'une Alfa Romeo Giulia.\",\"sameAs\":[\"https:\/\/www.italpassion.fr\/\"],\"url\":\"https:\/\/www.italpassion.fr\/tr\/author\/alexandre\/\"}]}<\/script>\n<!-- \/ Yoast SEO plugin. -->","yoast_head_json":{"title":"Alfa Romeo Giulia ve Stelvio MY23: ilk g\u00f6r\u00fcnt\u00fcler - ItalPassion","description":"S\u0131ras\u0131yla 2015 ve 2016'dan bu yana pazarlanan Alfa Romeo Giulia ve Stelvio nihayet k\u00fc\u00e7\u00fck bir g\u00fcncellemeden yararlanacak.","robots":{"index":"index","follow":"follow","max-snippet":"max-snippet:-1","max-image-preview":"max-image-preview:large","max-video-preview":"max-video-preview:-1"},"canonical":"https:\/\/www.italpassion.fr\/tr\/alfa-romeo\/alfa-romeo-giulia-and-stelvio-my23\/","og_locale":"tr_TR","og_type":"article","og_title":"Alfa Romeo Giulia et Stelvio MY23 : premi\u00e8res images - ItalPassion","og_description":"Les Alfa Romeo Giulia et Stelvio, respectivement commercialis\u00e9s depuis 2015 et 2016 vont enfin profiter d'une petite mise \u00e0 jour qui arrivera sur les","og_url":"https:\/\/www.italpassion.fr\/tr\/alfa-romeo\/alfa-romeo-giulia-and-stelvio-my23\/","og_site_name":"ItalPassion","article_publisher":"https:\/\/www.facebook.com\/italpassion","article_published_time":"2022-10-27T08:10:47+00:00","article_modified_time":"2022-10-27T12:31:04+00:00","og_image":[{"width":2048,"height":1293,"url":"https:\/\/www.italpassion.fr\/wp-content\/uploads\/2022\/10\/alfa-romeo-giulia-my23-scaled.jpg","type":"image\/jpeg"}],"author":"Alexandre Filluzeau","twitter_card":"summary_large_image","twitter_creator":"@italpassion","twitter_site":"@italpassion","schema":{"@context":"https:\/\/schema.org","@graph":[{"@type":"NewsArticle","@id":"https:\/\/www.italpassion.fr\/tr\/alfa-romeo\/alfa-romeo-giulia-et-stelvio-my23\/#article","isPartOf":{"@id":"https:\/\/www.italpassion.fr\/tr\/alfa-romeo\/alfa-romeo-giulia-et-stelvio-my23\/"},"author":{"name":"Alexandre Filluzeau","@id":"https:\/\/www.italpassion.fr\/tr\/#\/schema\/person\/36f747b2a759ca202d847e85a9434ca0"},"headline":"Alfa Romeo Giulia et Stelvio MY23 : premi\u00e8res images","datePublished":"2022-10-27T08:10:47+00:00","dateModified":"2022-10-27T12:31:04+00:00","mainEntityOfPage":{"@id":"https:\/\/www.italpassion.fr\/tr\/alfa-romeo\/alfa-romeo-giulia-et-stelvio-my23\/"},"wordCount":267,"commentCount":7,"publisher":{"@id":"https:\/\/www.italpassion.fr\/tr\/#organization"},"image":{"@id":"https:\/\/www.italpassion.fr\/tr\/alfa-romeo\/alfa-romeo-giulia-et-stelvio-my23\/#primaryimage"},"thumbnailUrl":"https:\/\/www.italpassion.fr\/wp-content\/uploads\/2022\/10\/alfa-romeo-giulia-my23-scaled.jpg","keywords":["Alfa Romeo Giulia","Alfa Romeo Stelvio"],"articleSection":["Alfa Romeo"],"inLanguage":"tr","potentialAction":[{"@type":"CommentAction","name":"Comment","target":["https:\/\/www.italpassion.fr\/tr\/alfa-romeo\/alfa-romeo-giulia-et-stelvio-my23\/#respond"]}]},{"@type":"WebPage","@id":"https:\/\/www.italpassion.fr\/tr\/alfa-romeo\/alfa-romeo-giulia-et-stelvio-my23\/","url":"https:\/\/www.italpassion.fr\/tr\/alfa-romeo\/alfa-romeo-giulia-et-stelvio-my23\/","name":"Alfa Romeo Giulia ve Stelvio MY23: ilk g\u00f6r\u00fcnt\u00fcler - ItalPassion","isPartOf":{"@id":"https:\/\/www.italpassion.fr\/tr\/#website"},"primaryImageOfPage":{"@id":"https:\/\/www.italpassion.fr\/tr\/alfa-romeo\/alfa-romeo-giulia-et-stelvio-my23\/#primaryimage"},"image":{"@id":"https:\/\/www.italpassion.fr\/tr\/alfa-romeo\/alfa-romeo-giulia-et-stelvio-my23\/#primaryimage"},"thumbnailUrl":"https:\/\/www.italpassion.fr\/wp-content\/uploads\/2022\/10\/alfa-romeo-giulia-my23-scaled.jpg","datePublished":"2022-10-27T08:10:47+00:00","dateModified":"2022-10-27T12:31:04+00:00","description":"S\u0131ras\u0131yla 2015 ve 2016'dan bu yana pazarlanan Alfa Romeo Giulia ve Stelvio nihayet k\u00fc\u00e7\u00fck bir g\u00fcncellemeden yararlanacak.","breadcrumb":{"@id":"https:\/\/www.italpassion.fr\/tr\/alfa-romeo\/alfa-romeo-giulia-et-stelvio-my23\/#breadcrumb"},"inLanguage":"tr","potentialAction":[{"@type":"ReadAction","target":["https:\/\/www.italpassion.fr\/tr\/alfa-romeo\/alfa-romeo-giulia-et-stelvio-my23\/"]}]},{"@type":"ImageObject","inLanguage":"tr","@id":"https:\/\/www.italpassion.fr\/tr\/alfa-romeo\/alfa-romeo-giulia-et-stelvio-my23\/#primaryimage","url":"https:\/\/www.italpassion.fr\/wp-content\/uploads\/2022\/10\/alfa-romeo-giulia-my23-scaled.jpg","contentUrl":"https:\/\/www.italpassion.fr\/wp-content\/uploads\/2022\/10\/alfa-romeo-giulia-my23-scaled.jpg","width":2048,"height":1293},{"@type":"BreadcrumbList","@id":"https:\/\/www.italpassion.fr\/tr\/alfa-romeo\/alfa-romeo-giulia-et-stelvio-my23\/#breadcrumb","itemListElement":[{"@type":"ListItem","position":1,"name":"Accueil","item":"https:\/\/www.italpassion.fr\/tr\/"},{"@type":"ListItem","position":2,"name":"Alfa Romeo Giulia et Stelvio MY23 : premi\u00e8res images"}]},{"@type":"WebSite","@id":"https:\/\/www.italpassion.fr\/tr\/#website","url":"https:\/\/www.italpassion.fr\/tr\/","name":"ItalPassion","description":"\u0130talyan Araba Merakl\u0131lar\u0131","publisher":{"@id":"https:\/\/www.italpassion.fr\/tr\/#organization"},"potentialAction":[{"@type":"SearchAction","target":{"@type":"EntryPoint","urlTemplate":"https:\/\/www.italpassion.fr\/tr\/?s={search_term_string}"},"query-input":{"@type":"PropertyValueSpecification","valueRequired":true,"valueName":"search_term_string"}}],"inLanguage":"tr"},{"@type":"Organization","@id":"https:\/\/www.italpassion.fr\/tr\/#organization","name":"Italpassion","url":"https:\/\/www.italpassion.fr\/tr\/","logo":{"@type":"ImageObject","inLanguage":"tr","@id":"https:\/\/www.italpassion.fr\/tr\/#\/schema\/logo\/image\/","url":"https:\/\/www.italpassion.fr\/wp-content\/uploads\/2023\/07\/italpassion-yoast.jpg","contentUrl":"https:\/\/www.italpassion.fr\/wp-content\/uploads\/2023\/07\/italpassion-yoast.jpg","width":696,"height":696,"caption":"Italpassion"},"image":{"@id":"https:\/\/www.italpassion.fr\/tr\/#\/schema\/logo\/image\/"},"sameAs":["https:\/\/www.facebook.com\/italpassion","https:\/\/x.com\/italpassion","https:\/\/www.instagram.com\/italpassionfr\/","https:\/\/www.youtube.com\/channel\/UCleq-ByQaA42OjhopwevRjQ","https:\/\/www.facebook.com\/italpassion.en\/","https:\/\/www.facebook.com\/italpassion.it\/","https:\/\/www.facebook.com\/italpassion.de\/","https:\/\/www.facebook.com\/italpassion.ja\/"]},{"@type":"Person","@id":"https:\/\/www.italpassion.fr\/tr\/#\/schema\/person\/36f747b2a759ca202d847e85a9434ca0","name":"Alexandre Filluzeau","image":{"@type":"ImageObject","inLanguage":"tr","@id":"https:\/\/www.italpassion.fr\/tr\/#\/schema\/person\/image\/","url":"https:\/\/www.italpassion.fr\/wp-content\/uploads\/2025\/04\/avatar-alexandre-160x160.jpg","contentUrl":"https:\/\/www.italpassion.fr\/wp-content\/uploads\/2025\/04\/avatar-alexandre-160x160.jpg","caption":"Alexandre Filluzeau"},"description":"ItalPassion web sitesinin kurucusu, \u0130talyan otomobilleri ve genel olarak \u0130talya hakk\u0131nda tutkulu. M\u00fcmk\u00fcn oldu\u011funca \u0130talyan markalar\u0131n\u0131n haberlerine ele\u015ftirel ve teknik bir g\u00f6z getiriyorum. Maserati GranTurismo, Alfa Romeo MiTo, Lancia Fulvia ve Ducati 695 sahibiyim. Alfa Romeo Giulia'n\u0131n eski sahibi.","sameAs":["https:\/\/www.italpassion.fr\/"],"url":"https:\/\/www.italpassion.fr\/tr\/author\/alexandre\/"}]}},"_links":{"self":[{"href":"https:\/\/www.italpassion.fr\/tr\/wp-json\/wp\/v2\/posts\/30882","targetHints":{"allow":["GET"]}}],"collection":[{"href":"https:\/\/www.italpassion.fr\/tr\/wp-json\/wp\/v2\/posts"}],"about":[{"href":"https:\/\/www.italpassion.fr\/tr\/wp-json\/wp\/v2\/types\/post"}],"author":[{"embeddable":true,"href":"https:\/\/www.italpassion.fr\/tr\/wp-json\/wp\/v2\/users\/1"}],"replies":[{"embeddable":true,"href":"https:\/\/www.italpassion.fr\/tr\/wp-json\/wp\/v2\/comments?post=30882"}],"version-history":[{"count":10,"href":"https:\/\/www.italpassion.fr\/tr\/wp-json\/wp\/v2\/posts\/30882\/revisions"}],"predecessor-version":[{"id":30905,"href":"https:\/\/www.italpassion.fr\/tr\/wp-json\/wp\/v2\/posts\/30882\/revisions\/30905"}],"wp:featuredmedia":[{"embeddable":true,"href":"https:\/\/www.italpassion.fr\/tr\/wp-json\/wp\/v2\/media\/30889"}],"wp:attachment":[{"href":"https:\/\/www.italpassion.fr\/tr\/wp-json\/wp\/v2\/media?parent=30882"}],"wp:term":[{"taxonomy":"category","embeddable":true,"href":"https:\/\/www.italpassion.fr\/tr\/wp-json\/wp\/v2\/categories?post=30882"},{"taxonomy":"post_tag","embeddable":true,"href":"https:\/\/www.italpassion.fr\/tr\/wp-json\/wp\/v2\/tags?post=30882"}],"curies":[{"name":"wp","href":"https:\/\/api.w.org\/{rel}","templated":true}]}}