{"id":29432,"date":"2021-06-23T14:08:54","date_gmt":"2021-06-23T12:08:54","guid":{"rendered":"https:\/\/www.italpassion.fr\/?p=29432"},"modified":"2021-06-24T12:24:54","modified_gmt":"2021-06-24T10:24:54","slug":"lancia-3-modelleri-onarimda","status":"publish","type":"post","link":"https:\/\/www.italpassion.fr\/tr\/lancia\/lancia-3-modeles-en-preparation\/","title":{"rendered":"Lancia: 3 model mi haz\u0131rlan\u0131yor?"},"content":{"rendered":"<figure class=\"wp-block-image size-large\"><img loading=\"lazy\" decoding=\"async\" width=\"940\" height=\"626\" src=\"https:\/\/www.italpassion.fr\/wp-content\/uploads\/2021\/06\/Lancia-Ypsilon-3-Phase-3-calandre.jpg\" alt=\"\" class=\"wp-image-29434\" srcset=\"https:\/\/www.italpassion.fr\/wp-content\/uploads\/2021\/06\/Lancia-Ypsilon-3-Phase-3-calandre.jpg 940w, https:\/\/www.italpassion.fr\/wp-content\/uploads\/2021\/06\/Lancia-Ypsilon-3-Phase-3-calandre-600x400.jpg 600w, https:\/\/www.italpassion.fr\/wp-content\/uploads\/2021\/06\/Lancia-Ypsilon-3-Phase-3-calandre-300x200.jpg 300w, https:\/\/www.italpassion.fr\/wp-content\/uploads\/2021\/06\/Lancia-Ypsilon-3-Phase-3-calandre-768x511.jpg 768w, https:\/\/www.italpassion.fr\/wp-content\/uploads\/2021\/06\/Lancia-Ypsilon-3-Phase-3-calandre-561x374.jpg 561w, https:\/\/www.italpassion.fr\/wp-content\/uploads\/2021\/06\/Lancia-Ypsilon-3-Phase-3-calandre-265x176.jpg 265w, https:\/\/www.italpassion.fr\/wp-content\/uploads\/2021\/06\/Lancia-Ypsilon-3-Phase-3-calandre-531x354.jpg 531w, https:\/\/www.italpassion.fr\/wp-content\/uploads\/2021\/06\/Lancia-Ypsilon-3-Phase-3-calandre-364x242.jpg 364w, https:\/\/www.italpassion.fr\/wp-content\/uploads\/2021\/06\/Lancia-Ypsilon-3-Phase-3-calandre-728x485.jpg 728w, https:\/\/www.italpassion.fr\/wp-content\/uploads\/2021\/06\/Lancia-Ypsilon-3-Phase-3-calandre-608x405.jpg 608w, https:\/\/www.italpassion.fr\/wp-content\/uploads\/2021\/06\/Lancia-Ypsilon-3-Phase-3-calandre-758x505.jpg 758w\" sizes=\"auto, (max-width: 940px) 100vw, 940px\" \/><\/figure>\n\n\n\n<p>Automotive News'e g\u00f6re,<strong> <a href=\"https:\/\/www.italpassion.fr\/tr\/lancia\/\">Lancia<\/a> gelece\u011fini yeniden tan\u0131mlamak i\u00e7in masada 3 yeni program oldu\u011fu s\u00f6yleniyor.<\/strong> S\u00f6ylenti mi? Ger\u00e7eklik mi? \u015eu anda bunu s\u00f6ylemek zor, ancak Stellantis'in \u0130talyan markas\u0131n\u0131 yeniden piyasaya s\u00fcrmeye kararl\u0131 oldu\u011funu biliyoruz. <\/p>\n\n\n\n<p>entegre edilmi\u015ftir. <strong>premium b\u00f6l\u00fcm<\/strong>Alfa Romeo ve DS'nin yan\u0131 s\u0131ra Lancia da \u015funlar\u0131 yapabilir ve yapmal\u0131d\u0131r <strong>sinerjilerden yararlan\u0131n<\/strong> (motorlar, platformlar...), \u00f6zellikle DS ile. Bu, markan\u0131n h\u0131zl\u0131 bir \u015fekilde ve daha d\u00fc\u015f\u00fck bir maliyetle yeniden lanse edilmesini sa\u011flayacakt\u0131r. Carlos Tavares, ayr\u0131ca, T\u00fcrkiye'de bir <strong>her markaya b\u00fct\u00e7e tahsis edildi<\/strong> kendini yeniden ba\u015flatmak, tabii ki k\u00e2r etmek. Kesinti kararlar\u0131, sonu\u00e7lara ba\u011fl\u0131 olarak 5 ila 10 y\u0131l i\u00e7inde al\u0131nacakt\u0131r. Lancia i\u00e7in potansiyel olarak hayat kurtar\u0131c\u0131 bir erteleme. <\/p>\n\n\n\n<figure class=\"wp-block-image size-large\"><img loading=\"lazy\" decoding=\"async\" width=\"940\" height=\"626\" src=\"https:\/\/www.italpassion.fr\/wp-content\/uploads\/2021\/06\/Lancia-Ypsilon-3-Phase-3-1.jpg\" alt=\"\" class=\"wp-image-29435\" srcset=\"https:\/\/www.italpassion.fr\/wp-content\/uploads\/2021\/06\/Lancia-Ypsilon-3-Phase-3-1.jpg 940w, https:\/\/www.italpassion.fr\/wp-content\/uploads\/2021\/06\/Lancia-Ypsilon-3-Phase-3-1-600x400.jpg 600w, https:\/\/www.italpassion.fr\/wp-content\/uploads\/2021\/06\/Lancia-Ypsilon-3-Phase-3-1-300x200.jpg 300w, https:\/\/www.italpassion.fr\/wp-content\/uploads\/2021\/06\/Lancia-Ypsilon-3-Phase-3-1-768x511.jpg 768w, https:\/\/www.italpassion.fr\/wp-content\/uploads\/2021\/06\/Lancia-Ypsilon-3-Phase-3-1-561x374.jpg 561w, https:\/\/www.italpassion.fr\/wp-content\/uploads\/2021\/06\/Lancia-Ypsilon-3-Phase-3-1-265x176.jpg 265w, https:\/\/www.italpassion.fr\/wp-content\/uploads\/2021\/06\/Lancia-Ypsilon-3-Phase-3-1-531x354.jpg 531w, https:\/\/www.italpassion.fr\/wp-content\/uploads\/2021\/06\/Lancia-Ypsilon-3-Phase-3-1-364x242.jpg 364w, https:\/\/www.italpassion.fr\/wp-content\/uploads\/2021\/06\/Lancia-Ypsilon-3-Phase-3-1-728x485.jpg 728w, https:\/\/www.italpassion.fr\/wp-content\/uploads\/2021\/06\/Lancia-Ypsilon-3-Phase-3-1-608x405.jpg 608w, https:\/\/www.italpassion.fr\/wp-content\/uploads\/2021\/06\/Lancia-Ypsilon-3-Phase-3-1-758x505.jpg 758w\" sizes=\"auto, (max-width: 940px) 100vw, 940px\" \/><\/figure>\n\n\n\n<p>Automotive News'e g\u00f6re,<strong> Bir \u015fehir otomobili, bir crossover ve bir kompakt otomobil yolda<\/strong>. Bu, pazar\u0131n b\u00fcy\u00fck bir b\u00f6l\u00fcm\u00fcn\u00fc kapsamaktad\u0131r. <\/p>\n\n\n\n<p>-<strong> \u015eehir arabas\u0131 m\u0131?<\/strong> <strong>Muhtemelen sayg\u0131de\u011fer Ypsilon'un yerini alacak<\/strong>3. s\u0131radad\u0131r ve bu da markan\u0131n <strong>\u0130talya'da ayakta kalmak i\u00e7in<\/strong> g\u00fcl\u00fcn\u00e7 olmayan rakamlarla. <\/p>\n\n\n\n<p>- <strong>Kompakt m\u0131?<\/strong> <strong>Muhtemelen Delta'n\u0131n d\u00f6n\u00fc\u015f\u00fc<\/strong>. Ad\u0131 bu mu olacak? Vizyon, beklendi\u011fi kadar ba\u015far\u0131l\u0131 olamayan eski Delta III gibi rafine, burjuva bir kompakt m\u0131 olacak, yoksa cehennemi, teknik ve sportif makinelere bir d\u00f6n\u00fc\u015f m\u00fc olacak? \u015eu anda s\u00f6ylenecek bir \u015fey yok, ancak radikal bir sportif kompakt araca d\u00f6n\u00fc\u015f sadece Alfa Romeo'nun sportif ruhuyla uyumsuz de\u011fil, ayn\u0131 zamanda Co2 standartlar\u0131 ve giderek daha a\u011f\u0131r ve daha sakin ara\u00e7lar\u0131n s\u00fcrekli otonomla\u015ft\u0131r\u0131lmas\u0131yla da \u00e7eli\u015fiyor gibi g\u00f6r\u00fcn\u00fcyor. <\/p>\n\n\n\n<p>- <strong>Crossover m\u0131? Kentsel mi yoksa kompakt m\u0131 olacak?<\/strong> 2008 veya 3008'in kom\u015fusu mu? ile <strong>hangi isim, hangi felsefe ve hangi hedef kitle? <\/strong>Bunu zaman g\u00f6sterecek, ancak SUV trendi iyi biliniyor. Bu, potansiyel olarak teklifi talebe g\u00f6re uyarlayabilir. <\/p>\n\n\n\n<figure class=\"wp-block-image size-large\"><img loading=\"lazy\" decoding=\"async\" width=\"1024\" height=\"554\" src=\"https:\/\/www.italpassion.fr\/wp-content\/uploads\/2021\/06\/Jean-Pierre-Ploue-et-Luca-Napolitano-1024x554.jpeg\" alt=\"\" class=\"wp-image-29436\" srcset=\"https:\/\/www.italpassion.fr\/wp-content\/uploads\/2021\/06\/Jean-Pierre-Ploue-et-Luca-Napolitano-1024x554.jpeg 1024w, https:\/\/www.italpassion.fr\/wp-content\/uploads\/2021\/06\/Jean-Pierre-Ploue-et-Luca-Napolitano-600x324.jpeg 600w, https:\/\/www.italpassion.fr\/wp-content\/uploads\/2021\/06\/Jean-Pierre-Ploue-et-Luca-Napolitano-300x162.jpeg 300w, https:\/\/www.italpassion.fr\/wp-content\/uploads\/2021\/06\/Jean-Pierre-Ploue-et-Luca-Napolitano-768x415.jpeg 768w, https:\/\/www.italpassion.fr\/wp-content\/uploads\/2021\/06\/Jean-Pierre-Ploue-et-Luca-Napolitano-561x303.jpeg 561w, https:\/\/www.italpassion.fr\/wp-content\/uploads\/2021\/06\/Jean-Pierre-Ploue-et-Luca-Napolitano-265x143.jpeg 265w, https:\/\/www.italpassion.fr\/wp-content\/uploads\/2021\/06\/Jean-Pierre-Ploue-et-Luca-Napolitano-531x287.jpeg 531w, https:\/\/www.italpassion.fr\/wp-content\/uploads\/2021\/06\/Jean-Pierre-Ploue-et-Luca-Napolitano-364x197.jpeg 364w, https:\/\/www.italpassion.fr\/wp-content\/uploads\/2021\/06\/Jean-Pierre-Ploue-et-Luca-Napolitano-728x394.jpeg 728w, https:\/\/www.italpassion.fr\/wp-content\/uploads\/2021\/06\/Jean-Pierre-Ploue-et-Luca-Napolitano-608x329.jpeg 608w, https:\/\/www.italpassion.fr\/wp-content\/uploads\/2021\/06\/Jean-Pierre-Ploue-et-Luca-Napolitano-758x410.jpeg 758w, https:\/\/www.italpassion.fr\/wp-content\/uploads\/2021\/06\/Jean-Pierre-Ploue-et-Luca-Napolitano.jpeg 1110w\" sizes=\"auto, (max-width: 1024px) 100vw, 1024px\" \/><figcaption>Jean-Pierre Plou\u00e9 ve Luca Napolitano (Lancia patronu)<\/figcaption><\/figure>\n\n\n\n<p>Son olarak, \u015funu bilmelisiniz ki <strong>Jean-Pierre Plou\u00e9 (foto\u011frafta solda) Lancia'n\u0131n tasar\u0131m\u0131n\u0131 denetleyecek<\/strong>. Bu ba\u011flamda, \u015funlar\u0131 belirtmi\u015ftir &nbsp;<em><strong>\"LANCIA'n\u0131n yeniden do\u011fu\u015fu ger\u00e7ekten heyecan verici bir meydan okuma. LANCIA, Avrupa'daki tarihi merkezi konumunu yeniden kazanacak ve muazzam potansiyelini geli\u015ftirecek olan ikonik bir markad\u0131r.\"<\/strong><\/em>. <\/p>\n\n\n\n<p>Devam edecek...<\/p>","protected":false},"excerpt":{"rendered":"","protected":false},"author":3,"featured_media":29434,"comment_status":"open","ping_status":"open","sticky":false,"template":"","format":"standard","meta":{"_acf_changed":false,"_sitemap_exclude":false,"_sitemap_priority":"","_sitemap_frequency":"","footnotes":""},"categories":[26],"tags":[],"class_list":["post-29432","post","type-post","status-publish","format-standard","has-post-thumbnail","hentry","category-lancia","generate-columns","tablet-grid-50","mobile-grid-100","grid-parent","grid-33"],"acf":[],"yoast_head":"<!-- This site is optimized with the Yoast SEO plugin v25.8 - https:\/\/yoast.com\/wordpress\/plugins\/seo\/ -->\n<title>Lancia : 3 mod\u00e8les en pr\u00e9paration ? - ItalPassion<\/title>\n<meta name=\"description\" content=\"D&#039;apr\u00e8s les journalistes d&#039;Automotive News, Lancia aurait sur la table un programme de 3 nouveaut\u00e9s pour red\u00e9finir son avenir. Rumeur ? R\u00e9alit\u00e9 ?\" \/>\n<meta name=\"robots\" content=\"index, follow, max-snippet:-1, max-image-preview:large, max-video-preview:-1\" \/>\n<link rel=\"canonical\" href=\"https:\/\/www.italpassion.fr\/tr\/lancia\/lancia-3-modelleri-onarimda\/\" \/>\n<meta property=\"og:locale\" content=\"tr_TR\" \/>\n<meta property=\"og:type\" content=\"article\" \/>\n<meta property=\"og:title\" content=\"Lancia : 3 mod\u00e8les en pr\u00e9paration ? - ItalPassion\" \/>\n<meta property=\"og:description\" content=\"D&#039;apr\u00e8s les journalistes d&#039;Automotive News, Lancia aurait sur la table un programme de 3 nouveaut\u00e9s pour red\u00e9finir son avenir. Rumeur ? R\u00e9alit\u00e9 ?\" \/>\n<meta property=\"og:url\" content=\"https:\/\/www.italpassion.fr\/tr\/lancia\/lancia-3-modelleri-onarimda\/\" \/>\n<meta property=\"og:site_name\" content=\"ItalPassion\" \/>\n<meta property=\"article:publisher\" content=\"https:\/\/www.facebook.com\/italpassion\" \/>\n<meta property=\"article:published_time\" content=\"2021-06-23T12:08:54+00:00\" \/>\n<meta property=\"article:modified_time\" content=\"2021-06-24T10:24:54+00:00\" \/>\n<meta property=\"og:image\" content=\"https:\/\/www.italpassion.fr\/wp-content\/uploads\/2021\/06\/Lancia-Ypsilon-3-Phase-3-calandre.jpg\" \/>\n\t<meta property=\"og:image:width\" content=\"940\" \/>\n\t<meta property=\"og:image:height\" content=\"626\" \/>\n\t<meta property=\"og:image:type\" content=\"image\/jpeg\" \/>\n<meta name=\"author\" content=\"Fr\u00e9d\u00e9ric\" \/>\n<meta name=\"twitter:card\" content=\"summary_large_image\" \/>\n<meta name=\"twitter:creator\" content=\"@italpassion\" \/>\n<meta name=\"twitter:site\" content=\"@italpassion\" \/>\n<script type=\"application\/ld+json\" class=\"yoast-schema-graph\">{\"@context\":\"https:\/\/schema.org\",\"@graph\":[{\"@type\":\"NewsArticle\",\"@id\":\"https:\/\/www.italpassion.fr\/tr\/lancia\/lancia-3-modeles-en-preparation\/#article\",\"isPartOf\":{\"@id\":\"https:\/\/www.italpassion.fr\/tr\/lancia\/lancia-3-modeles-en-preparation\/\"},\"author\":{\"name\":\"Fr\u00e9d\u00e9ric\",\"@id\":\"https:\/\/www.italpassion.fr\/tr\/#\/schema\/person\/83078a8e5b488fb83a150b239d669914\"},\"headline\":\"Lancia : 3 mod\u00e8les en pr\u00e9paration ?\",\"datePublished\":\"2021-06-23T12:08:54+00:00\",\"dateModified\":\"2021-06-24T10:24:54+00:00\",\"mainEntityOfPage\":{\"@id\":\"https:\/\/www.italpassion.fr\/tr\/lancia\/lancia-3-modeles-en-preparation\/\"},\"wordCount\":402,\"commentCount\":8,\"publisher\":{\"@id\":\"https:\/\/www.italpassion.fr\/tr\/#organization\"},\"image\":{\"@id\":\"https:\/\/www.italpassion.fr\/tr\/lancia\/lancia-3-modeles-en-preparation\/#primaryimage\"},\"thumbnailUrl\":\"https:\/\/www.italpassion.fr\/wp-content\/uploads\/2021\/06\/Lancia-Ypsilon-3-Phase-3-calandre.jpg\",\"articleSection\":[\"Lancia\"],\"inLanguage\":\"tr\",\"potentialAction\":[{\"@type\":\"CommentAction\",\"name\":\"Comment\",\"target\":[\"https:\/\/www.italpassion.fr\/tr\/lancia\/lancia-3-modeles-en-preparation\/#respond\"]}]},{\"@type\":\"WebPage\",\"@id\":\"https:\/\/www.italpassion.fr\/tr\/lancia\/lancia-3-modeles-en-preparation\/\",\"url\":\"https:\/\/www.italpassion.fr\/tr\/lancia\/lancia-3-modeles-en-preparation\/\",\"name\":\"Lancia : 3 mod\u00e8les en pr\u00e9paration ? - ItalPassion\",\"isPartOf\":{\"@id\":\"https:\/\/www.italpassion.fr\/tr\/#website\"},\"primaryImageOfPage\":{\"@id\":\"https:\/\/www.italpassion.fr\/tr\/lancia\/lancia-3-modeles-en-preparation\/#primaryimage\"},\"image\":{\"@id\":\"https:\/\/www.italpassion.fr\/tr\/lancia\/lancia-3-modeles-en-preparation\/#primaryimage\"},\"thumbnailUrl\":\"https:\/\/www.italpassion.fr\/wp-content\/uploads\/2021\/06\/Lancia-Ypsilon-3-Phase-3-calandre.jpg\",\"datePublished\":\"2021-06-23T12:08:54+00:00\",\"dateModified\":\"2021-06-24T10:24:54+00:00\",\"description\":\"D'apr\u00e8s les journalistes d'Automotive News, Lancia aurait sur la table un programme de 3 nouveaut\u00e9s pour red\u00e9finir son avenir. Rumeur ? R\u00e9alit\u00e9 ?\",\"breadcrumb\":{\"@id\":\"https:\/\/www.italpassion.fr\/tr\/lancia\/lancia-3-modeles-en-preparation\/#breadcrumb\"},\"inLanguage\":\"tr\",\"potentialAction\":[{\"@type\":\"ReadAction\",\"target\":[\"https:\/\/www.italpassion.fr\/tr\/lancia\/lancia-3-modeles-en-preparation\/\"]}]},{\"@type\":\"ImageObject\",\"inLanguage\":\"tr\",\"@id\":\"https:\/\/www.italpassion.fr\/tr\/lancia\/lancia-3-modeles-en-preparation\/#primaryimage\",\"url\":\"https:\/\/www.italpassion.fr\/wp-content\/uploads\/2021\/06\/Lancia-Ypsilon-3-Phase-3-calandre.jpg\",\"contentUrl\":\"https:\/\/www.italpassion.fr\/wp-content\/uploads\/2021\/06\/Lancia-Ypsilon-3-Phase-3-calandre.jpg\",\"width\":940,\"height\":626},{\"@type\":\"BreadcrumbList\",\"@id\":\"https:\/\/www.italpassion.fr\/tr\/lancia\/lancia-3-modeles-en-preparation\/#breadcrumb\",\"itemListElement\":[{\"@type\":\"ListItem\",\"position\":1,\"name\":\"Accueil\",\"item\":\"https:\/\/www.italpassion.fr\/tr\/\"},{\"@type\":\"ListItem\",\"position\":2,\"name\":\"Lancia : 3 mod\u00e8les en pr\u00e9paration ?\"}]},{\"@type\":\"WebSite\",\"@id\":\"https:\/\/www.italpassion.fr\/tr\/#website\",\"url\":\"https:\/\/www.italpassion.fr\/tr\/\",\"name\":\"ItalPassion\",\"description\":\"Les Passionn\u00e9s d&#039;Automobiles Italiennes\",\"publisher\":{\"@id\":\"https:\/\/www.italpassion.fr\/tr\/#organization\"},\"potentialAction\":[{\"@type\":\"SearchAction\",\"target\":{\"@type\":\"EntryPoint\",\"urlTemplate\":\"https:\/\/www.italpassion.fr\/tr\/?s={search_term_string}\"},\"query-input\":{\"@type\":\"PropertyValueSpecification\",\"valueRequired\":true,\"valueName\":\"search_term_string\"}}],\"inLanguage\":\"tr\"},{\"@type\":\"Organization\",\"@id\":\"https:\/\/www.italpassion.fr\/tr\/#organization\",\"name\":\"Italpassion\",\"url\":\"https:\/\/www.italpassion.fr\/tr\/\",\"logo\":{\"@type\":\"ImageObject\",\"inLanguage\":\"tr\",\"@id\":\"https:\/\/www.italpassion.fr\/tr\/#\/schema\/logo\/image\/\",\"url\":\"https:\/\/www.italpassion.fr\/wp-content\/uploads\/2023\/07\/italpassion-yoast.jpg\",\"contentUrl\":\"https:\/\/www.italpassion.fr\/wp-content\/uploads\/2023\/07\/italpassion-yoast.jpg\",\"width\":696,\"height\":696,\"caption\":\"Italpassion\"},\"image\":{\"@id\":\"https:\/\/www.italpassion.fr\/tr\/#\/schema\/logo\/image\/\"},\"sameAs\":[\"https:\/\/www.facebook.com\/italpassion\",\"https:\/\/x.com\/italpassion\",\"https:\/\/www.instagram.com\/italpassionfr\/\",\"https:\/\/www.youtube.com\/channel\/UCleq-ByQaA42OjhopwevRjQ\",\"https:\/\/www.facebook.com\/italpassion.en\/\",\"https:\/\/www.facebook.com\/italpassion.it\/\",\"https:\/\/www.facebook.com\/italpassion.de\/\",\"https:\/\/www.facebook.com\/italpassion.ja\/\"]},{\"@type\":\"Person\",\"@id\":\"https:\/\/www.italpassion.fr\/tr\/#\/schema\/person\/83078a8e5b488fb83a150b239d669914\",\"name\":\"Fr\u00e9d\u00e9ric\",\"image\":{\"@type\":\"ImageObject\",\"inLanguage\":\"tr\",\"@id\":\"https:\/\/www.italpassion.fr\/tr\/#\/schema\/person\/image\/\",\"url\":\"https:\/\/www.italpassion.fr\/wp-content\/plugins\/generateperf\/images\/icons\/avatar.svg\",\"contentUrl\":\"https:\/\/www.italpassion.fr\/wp-content\/plugins\/generateperf\/images\/icons\/avatar.svg\",\"caption\":\"Fr\u00e9d\u00e9ric\"},\"description\":\"C'est avec plaisir que je vous r\u00e9digerai des articles sur l'actualit\u00e9 de nos marques italiennes. Sp\u00e9cialis\u00e9 sur l'actualit\u00e9 du groupe Stellantis, la strat\u00e9gie face \u00e0 la concurrence, les plans-produits, les bilans financiers, les succ\u00e8s, atouts ou \u00e9checs, j'esp\u00e8re vous contenter sur le nombre et la qualit\u00e9 des articles, que je r\u00e9digerai sans parti pris, sans \u00e9viter les questions qui f\u00e2chent, dans un souci d'objectivit\u00e9.\",\"url\":\"https:\/\/www.italpassion.fr\/tr\/author\/frederic\/\"}]}<\/script>\n<!-- \/ Yoast SEO plugin. -->","yoast_head_json":{"title":"Lancia: 3 model mi haz\u0131rlan\u0131yor? - ItalPassion","description":"Automotive News'e g\u00f6re Lancia, gelece\u011fini yeniden tan\u0131mlamak i\u00e7in masada \u00fc\u00e7 yeni otomobil program\u0131 var. S\u00f6ylenti mi? Ger\u00e7ek mi?","robots":{"index":"index","follow":"follow","max-snippet":"max-snippet:-1","max-image-preview":"max-image-preview:large","max-video-preview":"max-video-preview:-1"},"canonical":"https:\/\/www.italpassion.fr\/tr\/lancia\/lancia-3-modelleri-onarimda\/","og_locale":"tr_TR","og_type":"article","og_title":"Lancia : 3 mod\u00e8les en pr\u00e9paration ? - ItalPassion","og_description":"D'apr\u00e8s les journalistes d'Automotive News, Lancia aurait sur la table un programme de 3 nouveaut\u00e9s pour red\u00e9finir son avenir. Rumeur ? R\u00e9alit\u00e9 ?","og_url":"https:\/\/www.italpassion.fr\/tr\/lancia\/lancia-3-modelleri-onarimda\/","og_site_name":"ItalPassion","article_publisher":"https:\/\/www.facebook.com\/italpassion","article_published_time":"2021-06-23T12:08:54+00:00","article_modified_time":"2021-06-24T10:24:54+00:00","og_image":[{"width":940,"height":626,"url":"https:\/\/www.italpassion.fr\/wp-content\/uploads\/2021\/06\/Lancia-Ypsilon-3-Phase-3-calandre.jpg","type":"image\/jpeg"}],"author":"Fr\u00e9d\u00e9ric","twitter_card":"summary_large_image","twitter_creator":"@italpassion","twitter_site":"@italpassion","schema":{"@context":"https:\/\/schema.org","@graph":[{"@type":"NewsArticle","@id":"https:\/\/www.italpassion.fr\/tr\/lancia\/lancia-3-modeles-en-preparation\/#article","isPartOf":{"@id":"https:\/\/www.italpassion.fr\/tr\/lancia\/lancia-3-modeles-en-preparation\/"},"author":{"name":"Fr\u00e9d\u00e9ric","@id":"https:\/\/www.italpassion.fr\/tr\/#\/schema\/person\/83078a8e5b488fb83a150b239d669914"},"headline":"Lancia : 3 mod\u00e8les en pr\u00e9paration ?","datePublished":"2021-06-23T12:08:54+00:00","dateModified":"2021-06-24T10:24:54+00:00","mainEntityOfPage":{"@id":"https:\/\/www.italpassion.fr\/tr\/lancia\/lancia-3-modeles-en-preparation\/"},"wordCount":402,"commentCount":8,"publisher":{"@id":"https:\/\/www.italpassion.fr\/tr\/#organization"},"image":{"@id":"https:\/\/www.italpassion.fr\/tr\/lancia\/lancia-3-modeles-en-preparation\/#primaryimage"},"thumbnailUrl":"https:\/\/www.italpassion.fr\/wp-content\/uploads\/2021\/06\/Lancia-Ypsilon-3-Phase-3-calandre.jpg","articleSection":["Lancia"],"inLanguage":"tr","potentialAction":[{"@type":"CommentAction","name":"Comment","target":["https:\/\/www.italpassion.fr\/tr\/lancia\/lancia-3-modeles-en-preparation\/#respond"]}]},{"@type":"WebPage","@id":"https:\/\/www.italpassion.fr\/tr\/lancia\/lancia-3-modeles-en-preparation\/","url":"https:\/\/www.italpassion.fr\/tr\/lancia\/lancia-3-modeles-en-preparation\/","name":"Lancia: 3 model mi haz\u0131rlan\u0131yor? - ItalPassion","isPartOf":{"@id":"https:\/\/www.italpassion.fr\/tr\/#website"},"primaryImageOfPage":{"@id":"https:\/\/www.italpassion.fr\/tr\/lancia\/lancia-3-modeles-en-preparation\/#primaryimage"},"image":{"@id":"https:\/\/www.italpassion.fr\/tr\/lancia\/lancia-3-modeles-en-preparation\/#primaryimage"},"thumbnailUrl":"https:\/\/www.italpassion.fr\/wp-content\/uploads\/2021\/06\/Lancia-Ypsilon-3-Phase-3-calandre.jpg","datePublished":"2021-06-23T12:08:54+00:00","dateModified":"2021-06-24T10:24:54+00:00","description":"Automotive News'e g\u00f6re Lancia, gelece\u011fini yeniden tan\u0131mlamak i\u00e7in masada \u00fc\u00e7 yeni otomobil program\u0131 var. S\u00f6ylenti mi? Ger\u00e7ek mi?","breadcrumb":{"@id":"https:\/\/www.italpassion.fr\/tr\/lancia\/lancia-3-modeles-en-preparation\/#breadcrumb"},"inLanguage":"tr","potentialAction":[{"@type":"ReadAction","target":["https:\/\/www.italpassion.fr\/tr\/lancia\/lancia-3-modeles-en-preparation\/"]}]},{"@type":"ImageObject","inLanguage":"tr","@id":"https:\/\/www.italpassion.fr\/tr\/lancia\/lancia-3-modeles-en-preparation\/#primaryimage","url":"https:\/\/www.italpassion.fr\/wp-content\/uploads\/2021\/06\/Lancia-Ypsilon-3-Phase-3-calandre.jpg","contentUrl":"https:\/\/www.italpassion.fr\/wp-content\/uploads\/2021\/06\/Lancia-Ypsilon-3-Phase-3-calandre.jpg","width":940,"height":626},{"@type":"BreadcrumbList","@id":"https:\/\/www.italpassion.fr\/tr\/lancia\/lancia-3-modeles-en-preparation\/#breadcrumb","itemListElement":[{"@type":"ListItem","position":1,"name":"Accueil","item":"https:\/\/www.italpassion.fr\/tr\/"},{"@type":"ListItem","position":2,"name":"Lancia : 3 mod\u00e8les en pr\u00e9paration ?"}]},{"@type":"WebSite","@id":"https:\/\/www.italpassion.fr\/tr\/#website","url":"https:\/\/www.italpassion.fr\/tr\/","name":"ItalPassion","description":"\u0130talyan Araba Merakl\u0131lar\u0131","publisher":{"@id":"https:\/\/www.italpassion.fr\/tr\/#organization"},"potentialAction":[{"@type":"SearchAction","target":{"@type":"EntryPoint","urlTemplate":"https:\/\/www.italpassion.fr\/tr\/?s={search_term_string}"},"query-input":{"@type":"PropertyValueSpecification","valueRequired":true,"valueName":"search_term_string"}}],"inLanguage":"tr"},{"@type":"Organization","@id":"https:\/\/www.italpassion.fr\/tr\/#organization","name":"Italpassion","url":"https:\/\/www.italpassion.fr\/tr\/","logo":{"@type":"ImageObject","inLanguage":"tr","@id":"https:\/\/www.italpassion.fr\/tr\/#\/schema\/logo\/image\/","url":"https:\/\/www.italpassion.fr\/wp-content\/uploads\/2023\/07\/italpassion-yoast.jpg","contentUrl":"https:\/\/www.italpassion.fr\/wp-content\/uploads\/2023\/07\/italpassion-yoast.jpg","width":696,"height":696,"caption":"Italpassion"},"image":{"@id":"https:\/\/www.italpassion.fr\/tr\/#\/schema\/logo\/image\/"},"sameAs":["https:\/\/www.facebook.com\/italpassion","https:\/\/x.com\/italpassion","https:\/\/www.instagram.com\/italpassionfr\/","https:\/\/www.youtube.com\/channel\/UCleq-ByQaA42OjhopwevRjQ","https:\/\/www.facebook.com\/italpassion.en\/","https:\/\/www.facebook.com\/italpassion.it\/","https:\/\/www.facebook.com\/italpassion.de\/","https:\/\/www.facebook.com\/italpassion.ja\/"]},{"@type":"Person","@id":"https:\/\/www.italpassion.fr\/tr\/#\/schema\/person\/83078a8e5b488fb83a150b239d669914","name":"Fr\u00e9d\u00e9ric","image":{"@type":"ImageObject","inLanguage":"tr","@id":"https:\/\/www.italpassion.fr\/tr\/#\/schema\/person\/image\/","url":"https:\/\/www.italpassion.fr\/wp-content\/plugins\/generateperf\/images\/icons\/avatar.svg","contentUrl":"https:\/\/www.italpassion.fr\/wp-content\/plugins\/generateperf\/images\/icons\/avatar.svg","caption":"Fr\u00e9d\u00e9ric"},"description":"\u0130talyan markalar\u0131m\u0131z\u0131n haberleriyle ilgili makaleler yazmaktan memnuniyet duyuyorum. Stellantis grubunun haberleri, rekabete kar\u015f\u0131 stratejisi, \u00fcr\u00fcn planlar\u0131, mali bilan\u00e7olar\u0131, ba\u015far\u0131lar\u0131, varl\u0131klar\u0131 veya ba\u015far\u0131s\u0131zl\u0131klar\u0131 konusunda uzmanla\u015fm\u0131\u015f olarak, tarafs\u0131zl\u0131k kayg\u0131s\u0131 i\u00e7inde, insanlar\u0131 k\u0131zd\u0131ran sorulardan ka\u00e7\u0131nmadan, \u00f6nyarg\u0131s\u0131z olarak yazaca\u011f\u0131m makalelerin say\u0131s\u0131 ve kalitesi konusunda sizi tatmin etmeyi umuyorum.","url":"https:\/\/www.italpassion.fr\/tr\/author\/frederic\/"}]}},"_links":{"self":[{"href":"https:\/\/www.italpassion.fr\/tr\/wp-json\/wp\/v2\/posts\/29432","targetHints":{"allow":["GET"]}}],"collection":[{"href":"https:\/\/www.italpassion.fr\/tr\/wp-json\/wp\/v2\/posts"}],"about":[{"href":"https:\/\/www.italpassion.fr\/tr\/wp-json\/wp\/v2\/types\/post"}],"author":[{"embeddable":true,"href":"https:\/\/www.italpassion.fr\/tr\/wp-json\/wp\/v2\/users\/3"}],"replies":[{"embeddable":true,"href":"https:\/\/www.italpassion.fr\/tr\/wp-json\/wp\/v2\/comments?post=29432"}],"version-history":[{"count":2,"href":"https:\/\/www.italpassion.fr\/tr\/wp-json\/wp\/v2\/posts\/29432\/revisions"}],"predecessor-version":[{"id":29438,"href":"https:\/\/www.italpassion.fr\/tr\/wp-json\/wp\/v2\/posts\/29432\/revisions\/29438"}],"wp:featuredmedia":[{"embeddable":true,"href":"https:\/\/www.italpassion.fr\/tr\/wp-json\/wp\/v2\/media\/29434"}],"wp:attachment":[{"href":"https:\/\/www.italpassion.fr\/tr\/wp-json\/wp\/v2\/media?parent=29432"}],"wp:term":[{"taxonomy":"category","embeddable":true,"href":"https:\/\/www.italpassion.fr\/tr\/wp-json\/wp\/v2\/categories?post=29432"},{"taxonomy":"post_tag","embeddable":true,"href":"https:\/\/www.italpassion.fr\/tr\/wp-json\/wp\/v2\/tags?post=29432"}],"curies":[{"name":"wp","href":"https:\/\/api.w.org\/{rel}","templated":true}]}}