{"id":28998,"date":"2021-04-30T11:58:04","date_gmt":"2021-04-30T09:58:04","guid":{"rendered":"https:\/\/www.italpassion.fr\/?p=28998"},"modified":"2022-08-19T00:33:44","modified_gmt":"2022-08-18T22:33:44","slug":"luca-napolitano-esquisse-lavenir-de-lancia","status":"publish","type":"post","link":"https:\/\/www.italpassion.fr\/tr\/lancia\/luca-napolitano-esquisse-lavenir-de-lancia\/","title":{"rendered":"Luca Napolitano Lancia'n\u0131n gelece\u011fini \u00f6zetliyor!"},"content":{"rendered":"<p>Her zaman zarif&nbsp;<strong>Lancia Ypsilon 3. isim<\/strong>&nbsp;olmu\u015ftur&nbsp;<strong>yak\u0131n zamanda yeniden \u015fekillendirildi&nbsp;<\/strong><em>(yeni \u0131zgara, yeni LED \u0131\u015f\u0131k imzas\u0131, 7\" dokunmatik ekranl\u0131 revize edilmi\u015f bilgi-e\u011flence sistemi, yeni Elegant Blue rengi)<\/em>. Bu, \u0130talyan markas\u0131n\u0131n kariyerine \u0130talya'da (bir s\u00fcreli\u011fine) devam etmesine ve birka\u00e7 y\u0131ld\u0131r tek bir modele ve tek bir pazara indirgenmi\u015f olan d\u00fc\u015f\u00fc\u015fteki \u0130talyan markas\u0131n\u0131n kariyerini uzatmas\u0131na olanak tan\u0131yacak.<\/p>\n\n\n\n<p>Bununla birlikte&nbsp;<strong>\u015fimdi 10 ya\u015f\u0131nda<\/strong>&nbsp;\u0130talyan \u00e7ipinin marka \u00fczerinde pek bir etkisi yok gibi g\u00f6r\u00fcn\u00fcyor; sadece \u0130talya pazar\u0131nda Alfa Romeo'nun t\u00fcm Avrupa'da satt\u0131\u011f\u0131ndan daha fazla Ypsilon sat\u0131l\u0131yor. Fiyatlar\u0131n ayn\u0131 olmad\u0131\u011f\u0131 do\u011fru ama<\/p>\n\n\n\n<p>\u00f6lmeye mahkum g\u00f6r\u00fcnm\u00fcyor ve fi\u015finin \u00e7ekilmemesi i\u00e7in \u00e7aresizli\u011fin enerjisiyle m\u00fccadele ediyor...<\/p>\n\n\n\n<p>\u015eimdi&nbsp;<strong>Luca Napolitano, Lancia markas\u0131n\u0131n yeni CEO'su<\/strong>&nbsp;(ve eski EMEA Fiat ve Abarth Direkt\u00f6r\u00fc) himayesinde, marka ihti\u015fam\u0131n\u0131n bir k\u0131sm\u0131n\u0131 yeniden kazanabilir.&nbsp;<strong>yeni Stellantis grubu<\/strong>.<\/p>\n\n\n\n<p><strong>Stellantis'ten ilk ipucu&nbsp;<\/strong>marka<strong>&nbsp;Lancia resmi olarak Alfa Romeo ve DS ile birlikte grubun premium b\u00f6l\u00fcm\u00fcne yerle\u015ftirildi.<\/strong>&nbsp;\u00c7ok sevindik ve bu geli\u015fmenin ilk i\u015faretiydi, oysa markan\u0131n grubun patronu Carlos Tavares taraf\u0131ndan bile an\u0131lmayaca\u011f\u0131ndan korkabilirdik. Yok art\u0131k! Elbette bir Powerpoint'e logo yerle\u015ftirmenin ekmek yemedi\u011fi ve \u015fu an i\u00e7in yat\u0131r\u0131mlar\u0131n yap\u0131lmaktan uzak oldu\u011fu da s\u00f6ylenebilir. Tabii ki! Ancak Stellantis gibi bir grubu kurmaya, hissedarlar\u0131 ve otomobil d\u00fcnyas\u0131n\u0131n g\u00f6zlemcileri aras\u0131nda dola\u015farak ba\u015flamazs\u0131n\u0131z. Merhum Sergio Marchionne'nin stratejik planlar\u0131ndaki erteleme ve de\u011fi\u015fikliklerden zaten yeterince zarar g\u00f6rm\u00fc\u015f olan grubun \u0130talya'daki g\u00fcvenilirli\u011fi tehlikede!<\/p>\n\n\n\n<p><strong>Stellantis'ten ikinci ipucu<\/strong>&nbsp;Luca Napolitano'nun son birka\u00e7 saat i\u00e7inde bas\u0131na verdi\u011fi bir m\u00fclakatta bizzat s\u00f6yledi\u011fi budur. \u0130\u015fte hat\u0131rlanmas\u0131 gereken ana noktalar.<\/p>\n\n\n\n<p><strong>- Primlere geri d\u00f6n\u00fc\u015f m\u00fc?<\/strong><\/p>\n\n\n\n<p>\u0130lk olarak, Luca Napolitano \u015funlar\u0131 belirtmektedir&nbsp;<em><strong>\"Lancia nihayet grupta bir lidere sahip ve Stellantis'in amiral gemisi markalar\u0131ndan biri, bu da markan\u0131n bug\u00fcn\u00fcn Ypsilon'una odaklanmad\u0131\u011f\u0131 ger\u00e7e\u011fiyle birle\u015fti\u011finde \u00e7ok g\u00fc\u00e7l\u00fc bir niyet i\u015fareti, bu durumda Citroen ve Fiat ile birlikte \"genelci\" segmente dahil olacakt\u0131.\"<\/strong><\/em>.<\/p>\n\n\n\n<p><strong>- Tipik m\u00fc\u015fteri profilinin de\u011fi\u015fmesi bekleniyor mu?<\/strong><\/p>\n\n\n\n<p>Buna ek olarak, Lancia'n\u0131n yeni CEO'su markan\u0131n potansiyel yeni beklentilerine a\u015f\u0131k oldu\u011funu s\u00f6yl\u00fcyor.&nbsp;<strong><em>\"Otomobillere tutkuyla ba\u011fl\u0131y\u0131m ve \u015fimdi Lancia i\u00e7in \u00e7al\u0131\u015f\u0131yorum. Bu y\u00fczden hen\u00fcz a\u00e7\u0131klayamayaca\u011f\u0131m pek \u00e7ok fikrim var. \u015eunu s\u00f6yleyebilirim ki yar\u0131n\u0131n m\u00fc\u015fterisi bug\u00fcn\u00fcn m\u00fc\u015fterisinin basit bir evrimi olmayacak\"<\/em><\/strong>. Ne demek istedi\u011fini a\u00e7\u0131kl\u0131\u011fa kavu\u015fturmak i\u00e7in ekliyor: \"<strong><em>&nbsp;Basit bir ifadeyle, bug\u00fcn m\u00fc\u015fterilerimizin 75%'si kad\u0131n ve 4 metrenin alt\u0131nda otomobil sat\u0131n al\u0131yorlar. Bunlar\u0131n 10%'sinin her y\u0131l araba de\u011fi\u015ftirdi\u011fini ve yar\u0131s\u0131n\u0131n Lancia markas\u0131na sad\u0131k oldu\u011funu d\u00fc\u015f\u00fcn\u00fcrsek, bunun kaybolmayan bir miras oldu\u011funu g\u00f6rebiliriz. Ancak premium pazarda hayal etti\u011fimiz marka m\u00fc\u015fterisinin k\u0131smen farkl\u0131 olaca\u011f\u0131n\u0131 biliyoruz.\"<\/em><\/strong>. Bu kitlenin incelenmesi ve anla\u015f\u0131lmas\u0131 gereken bir profil oldu\u011funu da s\u00f6zlerine ekliyor:&nbsp;<strong><em>\"Onlar\u0131n beklentilerini anlamam\u0131z ve nas\u0131l kar\u015f\u0131lanabilece\u011fini g\u00f6rmemiz gerekiyor. Bu da gelecekteki \u00fcr\u00fcnlerin konumunu etkileyecektir.\"<\/em><\/strong>.<\/p>\n\n\n\n<h2 class=\"wp-block-heading\"><strong>Fransa'ya d\u00f6n\u00fc\u015f m\u00fc?<\/strong><\/h2>\n\n\n\n<p>Co\u011frafi a\u00e7\u0131dan bakt\u0131\u011f\u0131m\u0131zda, Lancia'n\u0131n \u0130talyan pazar\u0131yla s\u0131n\u0131rl\u0131 oldu\u011funu biliyoruz. Ancak b\u00f6lgesel geni\u015fleme i\u00e7in yeni f\u0131rsatlar ortaya \u00e7\u0131kabilir mi? Her hal\u00fckarda, Luca Napolitano'nun g\u00f6r\u00fc\u015f\u00fc \u015fu \u015fekildedir&nbsp;<strong><em>\"Lancia'y\u0131 yurtd\u0131\u015f\u0131nda kimsenin tan\u0131mad\u0131\u011f\u0131 do\u011fru de\u011fil. Fransa, Bel\u00e7ika, Yunanistan gibi \u00e7ok iyi i\u015f \u00e7\u0131kard\u0131\u011f\u0131 ve tan\u0131nd\u0131\u011f\u0131 pazarlar var. \u00d6zellikle Frans\u0131zlar\u0131n marka hakk\u0131nda \u00e7ok olumlu bir imaj\u0131 var\".<\/em><\/strong>&nbsp;E\u011fer marka ger\u00e7ekten de Alpleri tekrar ge\u00e7erse bu bizi \u00e7ok mutlu edecektir!<\/p>\n\n\n\n<h2 class=\"wp-block-heading\"><strong>Gelecek i\u00e7in nas\u0131l bir felsefe?<\/strong><\/h2>\n\n\n\n<p>Ypsilon'a g\u00fcvenmek bariz bir durum gibi g\u00f6r\u00fcn\u00fcyor \u00e7\u00fcnk\u00fc o olmadan marka var olamazd\u0131. S\u00fcrd\u00fcr\u00fclmesi gereken m\u00fc\u015fteri taban\u0131d\u0131r. Ancak Napolitano, \u015fehir otomobilinin halefi olmay\u0131 umuyorsa, Stellantis premium b\u00f6l\u00fcm\u00fcndeki sinerji f\u0131rsatlar\u0131na \u00f6zellikle vurgu yap\u0131yor. \u015eunlar\u0131 belirtiyor<\/p>\n\n\n\n<p><strong><em>\"Kendimizi Alfa Romeo ve DS'nin yan\u0131nda konumland\u0131r\u0131rsak, onlarla birlikte bir \u015feyler yapar\u0131z. Ve e\u011fer onlar\u0131n kendi konumlar\u0131na bakarsan\u0131z, Lancia'n\u0131n kolayca kendi konumunu bulabilece\u011fini d\u00fc\u015f\u00fcn\u00fcyorum. \u015eimdi, basit\u00e7e s\u00f6ylemek gerekirse, Alfa Romeo performans ve sportiflikle e\u015fanlaml\u0131ysa, DS otomobilin Louis Vuitton'u ise, kesinlikle markan\u0131n en alakal\u0131 de\u011ferleri olan zarafet, zamans\u0131z \u0130talyan tarz\u0131 ve teknolojik yeniliklere sahibiz.<\/em><\/strong><\/p>\n\n\n\n<h2 class=\"wp-block-heading\"><strong>Hangi platform?<\/strong><\/h2>\n\n\n\n<p>Napolitano laf\u0131 doland\u0131rm\u0131yor. PSA grubunun CMP platformundan \u00f6vg\u00fcyle s\u00f6z ediyor.&nbsp;<strong><em>\"Bug\u00fcn 208, Corsa, DS3, Mokka ve 2008 do\u011fdu. Bunlar, farkl\u0131 nedenlerle piyasada \u00e7ok pop\u00fcler olan be\u015f otomobil. Lancia i\u00e7in f\u0131rsatlar g\u00f6r\u00fcyor muyum? Tabii ki biliyorsun. Daha sonra bu sorunu nas\u0131l yorumlayabilece\u011fimizi g\u00f6rece\u011fiz. Daha geleneksel bir sedan m\u0131 yoksa bir crossover m\u0131? Zaman ufkunun yan\u0131 s\u0131ra. Bir \u015feyi h\u0131zl\u0131ca yapmaktansa do\u011fru yapmak daha iyidir.\"<\/em><\/strong>. Son olarak, Fiat 500E'nin 100% elektrikli platformunu kullanma olas\u0131l\u0131\u011f\u0131 soruldu\u011funda, Lancia CEO'su a\u00e7\u0131k bir \u015fekilde cevap verdi. \"<strong><em>Elektrik hepimizin takip etti\u011fi bir yoldur. Ancak yeni 500'den ziyade, CMP mimarisinin elektrikli ara\u00e7 versiyonuyla ilgileniyorum.\"<\/em><\/strong>. Neden? S\u00f6ylemiyor.<\/p>","protected":false},"excerpt":{"rendered":"","protected":false},"author":3,"featured_media":0,"comment_status":"open","ping_status":"open","sticky":false,"template":"","format":"standard","meta":{"_acf_changed":false,"_sitemap_exclude":false,"_sitemap_priority":"","_sitemap_frequency":"","footnotes":""},"categories":[26],"tags":[],"class_list":["post-28998","post","type-post","status-publish","format-standard","hentry","category-lancia","generate-columns","tablet-grid-50","mobile-grid-100","grid-parent","grid-33"],"acf":[],"yoast_head":"<!-- This site is optimized with the Yoast SEO plugin v25.8 - https:\/\/yoast.com\/wordpress\/plugins\/seo\/ -->\n<title>Luca Napolitano esquisse l\u2019avenir de Lancia ! - ItalPassion<\/title>\n<meta name=\"description\" content=\"La toujours aussi exquise&nbsp;Lancia Ypsilon 3\u00e8me du nom&nbsp;a \u00e9t\u00e9&nbsp;r\u00e9cemment restyl\u00e9e&nbsp;(nouvelle calandre, nouvelle signature lumineuse \u00e0 LED,\" \/>\n<meta name=\"robots\" content=\"index, follow, max-snippet:-1, max-image-preview:large, max-video-preview:-1\" \/>\n<link rel=\"canonical\" href=\"https:\/\/www.italpassion.fr\/tr\/lancia\/luca-napolitano-esquisse-lavenir-de-lancia\/\" \/>\n<meta property=\"og:locale\" content=\"tr_TR\" \/>\n<meta property=\"og:type\" content=\"article\" \/>\n<meta property=\"og:title\" content=\"Luca Napolitano esquisse l\u2019avenir de Lancia ! - ItalPassion\" \/>\n<meta property=\"og:description\" content=\"La toujours aussi exquise&nbsp;Lancia Ypsilon 3\u00e8me du nom&nbsp;a \u00e9t\u00e9&nbsp;r\u00e9cemment restyl\u00e9e&nbsp;(nouvelle calandre, nouvelle signature lumineuse \u00e0 LED,\" \/>\n<meta property=\"og:url\" content=\"https:\/\/www.italpassion.fr\/tr\/lancia\/luca-napolitano-esquisse-lavenir-de-lancia\/\" \/>\n<meta property=\"og:site_name\" content=\"ItalPassion\" \/>\n<meta property=\"article:publisher\" content=\"https:\/\/www.facebook.com\/italpassion\" \/>\n<meta property=\"article:published_time\" content=\"2021-04-30T09:58:04+00:00\" \/>\n<meta property=\"article:modified_time\" content=\"2022-08-18T22:33:44+00:00\" \/>\n<meta name=\"author\" content=\"Fr\u00e9d\u00e9ric\" \/>\n<meta name=\"twitter:card\" content=\"summary_large_image\" \/>\n<meta name=\"twitter:creator\" content=\"@italpassion\" \/>\n<meta name=\"twitter:site\" content=\"@italpassion\" \/>\n<script type=\"application\/ld+json\" class=\"yoast-schema-graph\">{\"@context\":\"https:\/\/schema.org\",\"@graph\":[{\"@type\":\"NewsArticle\",\"@id\":\"https:\/\/www.italpassion.fr\/tr\/lancia\/luca-napolitano-esquisse-lavenir-de-lancia\/#article\",\"isPartOf\":{\"@id\":\"https:\/\/www.italpassion.fr\/tr\/lancia\/luca-napolitano-esquisse-lavenir-de-lancia\/\"},\"author\":{\"name\":\"Fr\u00e9d\u00e9ric\",\"@id\":\"https:\/\/www.italpassion.fr\/tr\/#\/schema\/person\/83078a8e5b488fb83a150b239d669914\"},\"headline\":\"Luca Napolitano esquisse l\u2019avenir de Lancia !\",\"datePublished\":\"2021-04-30T09:58:04+00:00\",\"dateModified\":\"2022-08-18T22:33:44+00:00\",\"mainEntityOfPage\":{\"@id\":\"https:\/\/www.italpassion.fr\/tr\/lancia\/luca-napolitano-esquisse-lavenir-de-lancia\/\"},\"wordCount\":1111,\"commentCount\":0,\"publisher\":{\"@id\":\"https:\/\/www.italpassion.fr\/tr\/#organization\"},\"articleSection\":[\"Lancia\"],\"inLanguage\":\"tr\",\"potentialAction\":[{\"@type\":\"CommentAction\",\"name\":\"Comment\",\"target\":[\"https:\/\/www.italpassion.fr\/tr\/lancia\/luca-napolitano-esquisse-lavenir-de-lancia\/#respond\"]}]},{\"@type\":\"WebPage\",\"@id\":\"https:\/\/www.italpassion.fr\/tr\/lancia\/luca-napolitano-esquisse-lavenir-de-lancia\/\",\"url\":\"https:\/\/www.italpassion.fr\/tr\/lancia\/luca-napolitano-esquisse-lavenir-de-lancia\/\",\"name\":\"Luca Napolitano esquisse l\u2019avenir de Lancia ! - ItalPassion\",\"isPartOf\":{\"@id\":\"https:\/\/www.italpassion.fr\/tr\/#website\"},\"datePublished\":\"2021-04-30T09:58:04+00:00\",\"dateModified\":\"2022-08-18T22:33:44+00:00\",\"description\":\"La toujours aussi exquise&nbsp;Lancia Ypsilon 3\u00e8me du nom&nbsp;a \u00e9t\u00e9&nbsp;r\u00e9cemment restyl\u00e9e&nbsp;(nouvelle calandre, nouvelle signature lumineuse \u00e0 LED,\",\"breadcrumb\":{\"@id\":\"https:\/\/www.italpassion.fr\/tr\/lancia\/luca-napolitano-esquisse-lavenir-de-lancia\/#breadcrumb\"},\"inLanguage\":\"tr\",\"potentialAction\":[{\"@type\":\"ReadAction\",\"target\":[\"https:\/\/www.italpassion.fr\/tr\/lancia\/luca-napolitano-esquisse-lavenir-de-lancia\/\"]}]},{\"@type\":\"BreadcrumbList\",\"@id\":\"https:\/\/www.italpassion.fr\/tr\/lancia\/luca-napolitano-esquisse-lavenir-de-lancia\/#breadcrumb\",\"itemListElement\":[{\"@type\":\"ListItem\",\"position\":1,\"name\":\"Accueil\",\"item\":\"https:\/\/www.italpassion.fr\/tr\/\"},{\"@type\":\"ListItem\",\"position\":2,\"name\":\"Luca Napolitano esquisse l\u2019avenir de Lancia !\"}]},{\"@type\":\"WebSite\",\"@id\":\"https:\/\/www.italpassion.fr\/tr\/#website\",\"url\":\"https:\/\/www.italpassion.fr\/tr\/\",\"name\":\"ItalPassion\",\"description\":\"Les Passionn\u00e9s d&#039;Automobiles Italiennes\",\"publisher\":{\"@id\":\"https:\/\/www.italpassion.fr\/tr\/#organization\"},\"potentialAction\":[{\"@type\":\"SearchAction\",\"target\":{\"@type\":\"EntryPoint\",\"urlTemplate\":\"https:\/\/www.italpassion.fr\/tr\/?s={search_term_string}\"},\"query-input\":{\"@type\":\"PropertyValueSpecification\",\"valueRequired\":true,\"valueName\":\"search_term_string\"}}],\"inLanguage\":\"tr\"},{\"@type\":\"Organization\",\"@id\":\"https:\/\/www.italpassion.fr\/tr\/#organization\",\"name\":\"Italpassion\",\"url\":\"https:\/\/www.italpassion.fr\/tr\/\",\"logo\":{\"@type\":\"ImageObject\",\"inLanguage\":\"tr\",\"@id\":\"https:\/\/www.italpassion.fr\/tr\/#\/schema\/logo\/image\/\",\"url\":\"https:\/\/www.italpassion.fr\/wp-content\/uploads\/2023\/07\/italpassion-yoast.jpg\",\"contentUrl\":\"https:\/\/www.italpassion.fr\/wp-content\/uploads\/2023\/07\/italpassion-yoast.jpg\",\"width\":696,\"height\":696,\"caption\":\"Italpassion\"},\"image\":{\"@id\":\"https:\/\/www.italpassion.fr\/tr\/#\/schema\/logo\/image\/\"},\"sameAs\":[\"https:\/\/www.facebook.com\/italpassion\",\"https:\/\/x.com\/italpassion\",\"https:\/\/www.instagram.com\/italpassionfr\/\",\"https:\/\/www.youtube.com\/channel\/UCleq-ByQaA42OjhopwevRjQ\",\"https:\/\/www.facebook.com\/italpassion.en\/\",\"https:\/\/www.facebook.com\/italpassion.it\/\",\"https:\/\/www.facebook.com\/italpassion.de\/\",\"https:\/\/www.facebook.com\/italpassion.ja\/\"]},{\"@type\":\"Person\",\"@id\":\"https:\/\/www.italpassion.fr\/tr\/#\/schema\/person\/83078a8e5b488fb83a150b239d669914\",\"name\":\"Fr\u00e9d\u00e9ric\",\"image\":{\"@type\":\"ImageObject\",\"inLanguage\":\"tr\",\"@id\":\"https:\/\/www.italpassion.fr\/tr\/#\/schema\/person\/image\/\",\"url\":\"https:\/\/www.italpassion.fr\/wp-content\/plugins\/generateperf\/images\/icons\/avatar.svg\",\"contentUrl\":\"https:\/\/www.italpassion.fr\/wp-content\/plugins\/generateperf\/images\/icons\/avatar.svg\",\"caption\":\"Fr\u00e9d\u00e9ric\"},\"description\":\"C'est avec plaisir que je vous r\u00e9digerai des articles sur l'actualit\u00e9 de nos marques italiennes. Sp\u00e9cialis\u00e9 sur l'actualit\u00e9 du groupe Stellantis, la strat\u00e9gie face \u00e0 la concurrence, les plans-produits, les bilans financiers, les succ\u00e8s, atouts ou \u00e9checs, j'esp\u00e8re vous contenter sur le nombre et la qualit\u00e9 des articles, que je r\u00e9digerai sans parti pris, sans \u00e9viter les questions qui f\u00e2chent, dans un souci d'objectivit\u00e9.\",\"url\":\"https:\/\/www.italpassion.fr\/tr\/author\/frederic\/\"}]}<\/script>\n<!-- \/ Yoast SEO plugin. -->","yoast_head_json":{"title":"Luca Napolitano Lancia'n\u0131n gelece\u011fini \u00f6zetliyor! - ItalPassion","description":"Her zaman zarif olan Lancia Ypsilon'un 3. modeli yak\u0131n zamanda yeniden \u015fekillendirildi (yeni \u0131zgara, yeni LED \u0131\u015f\u0131k imzas\u0131),","robots":{"index":"index","follow":"follow","max-snippet":"max-snippet:-1","max-image-preview":"max-image-preview:large","max-video-preview":"max-video-preview:-1"},"canonical":"https:\/\/www.italpassion.fr\/tr\/lancia\/luca-napolitano-esquisse-lavenir-de-lancia\/","og_locale":"tr_TR","og_type":"article","og_title":"Luca Napolitano esquisse l\u2019avenir de Lancia ! - ItalPassion","og_description":"La toujours aussi exquise&nbsp;Lancia Ypsilon 3\u00e8me du nom&nbsp;a \u00e9t\u00e9&nbsp;r\u00e9cemment restyl\u00e9e&nbsp;(nouvelle calandre, nouvelle signature lumineuse \u00e0 LED,","og_url":"https:\/\/www.italpassion.fr\/tr\/lancia\/luca-napolitano-esquisse-lavenir-de-lancia\/","og_site_name":"ItalPassion","article_publisher":"https:\/\/www.facebook.com\/italpassion","article_published_time":"2021-04-30T09:58:04+00:00","article_modified_time":"2022-08-18T22:33:44+00:00","author":"Fr\u00e9d\u00e9ric","twitter_card":"summary_large_image","twitter_creator":"@italpassion","twitter_site":"@italpassion","schema":{"@context":"https:\/\/schema.org","@graph":[{"@type":"NewsArticle","@id":"https:\/\/www.italpassion.fr\/tr\/lancia\/luca-napolitano-esquisse-lavenir-de-lancia\/#article","isPartOf":{"@id":"https:\/\/www.italpassion.fr\/tr\/lancia\/luca-napolitano-esquisse-lavenir-de-lancia\/"},"author":{"name":"Fr\u00e9d\u00e9ric","@id":"https:\/\/www.italpassion.fr\/tr\/#\/schema\/person\/83078a8e5b488fb83a150b239d669914"},"headline":"Luca Napolitano esquisse l\u2019avenir de Lancia !","datePublished":"2021-04-30T09:58:04+00:00","dateModified":"2022-08-18T22:33:44+00:00","mainEntityOfPage":{"@id":"https:\/\/www.italpassion.fr\/tr\/lancia\/luca-napolitano-esquisse-lavenir-de-lancia\/"},"wordCount":1111,"commentCount":0,"publisher":{"@id":"https:\/\/www.italpassion.fr\/tr\/#organization"},"articleSection":["Lancia"],"inLanguage":"tr","potentialAction":[{"@type":"CommentAction","name":"Comment","target":["https:\/\/www.italpassion.fr\/tr\/lancia\/luca-napolitano-esquisse-lavenir-de-lancia\/#respond"]}]},{"@type":"WebPage","@id":"https:\/\/www.italpassion.fr\/tr\/lancia\/luca-napolitano-esquisse-lavenir-de-lancia\/","url":"https:\/\/www.italpassion.fr\/tr\/lancia\/luca-napolitano-esquisse-lavenir-de-lancia\/","name":"Luca Napolitano Lancia'n\u0131n gelece\u011fini \u00f6zetliyor! - ItalPassion","isPartOf":{"@id":"https:\/\/www.italpassion.fr\/tr\/#website"},"datePublished":"2021-04-30T09:58:04+00:00","dateModified":"2022-08-18T22:33:44+00:00","description":"Her zaman zarif olan Lancia Ypsilon'un 3. modeli yak\u0131n zamanda yeniden \u015fekillendirildi (yeni \u0131zgara, yeni LED \u0131\u015f\u0131k imzas\u0131),","breadcrumb":{"@id":"https:\/\/www.italpassion.fr\/tr\/lancia\/luca-napolitano-esquisse-lavenir-de-lancia\/#breadcrumb"},"inLanguage":"tr","potentialAction":[{"@type":"ReadAction","target":["https:\/\/www.italpassion.fr\/tr\/lancia\/luca-napolitano-esquisse-lavenir-de-lancia\/"]}]},{"@type":"BreadcrumbList","@id":"https:\/\/www.italpassion.fr\/tr\/lancia\/luca-napolitano-esquisse-lavenir-de-lancia\/#breadcrumb","itemListElement":[{"@type":"ListItem","position":1,"name":"Accueil","item":"https:\/\/www.italpassion.fr\/tr\/"},{"@type":"ListItem","position":2,"name":"Luca Napolitano esquisse l\u2019avenir de Lancia !"}]},{"@type":"WebSite","@id":"https:\/\/www.italpassion.fr\/tr\/#website","url":"https:\/\/www.italpassion.fr\/tr\/","name":"ItalPassion","description":"\u0130talyan Araba Merakl\u0131lar\u0131","publisher":{"@id":"https:\/\/www.italpassion.fr\/tr\/#organization"},"potentialAction":[{"@type":"SearchAction","target":{"@type":"EntryPoint","urlTemplate":"https:\/\/www.italpassion.fr\/tr\/?s={search_term_string}"},"query-input":{"@type":"PropertyValueSpecification","valueRequired":true,"valueName":"search_term_string"}}],"inLanguage":"tr"},{"@type":"Organization","@id":"https:\/\/www.italpassion.fr\/tr\/#organization","name":"Italpassion","url":"https:\/\/www.italpassion.fr\/tr\/","logo":{"@type":"ImageObject","inLanguage":"tr","@id":"https:\/\/www.italpassion.fr\/tr\/#\/schema\/logo\/image\/","url":"https:\/\/www.italpassion.fr\/wp-content\/uploads\/2023\/07\/italpassion-yoast.jpg","contentUrl":"https:\/\/www.italpassion.fr\/wp-content\/uploads\/2023\/07\/italpassion-yoast.jpg","width":696,"height":696,"caption":"Italpassion"},"image":{"@id":"https:\/\/www.italpassion.fr\/tr\/#\/schema\/logo\/image\/"},"sameAs":["https:\/\/www.facebook.com\/italpassion","https:\/\/x.com\/italpassion","https:\/\/www.instagram.com\/italpassionfr\/","https:\/\/www.youtube.com\/channel\/UCleq-ByQaA42OjhopwevRjQ","https:\/\/www.facebook.com\/italpassion.en\/","https:\/\/www.facebook.com\/italpassion.it\/","https:\/\/www.facebook.com\/italpassion.de\/","https:\/\/www.facebook.com\/italpassion.ja\/"]},{"@type":"Person","@id":"https:\/\/www.italpassion.fr\/tr\/#\/schema\/person\/83078a8e5b488fb83a150b239d669914","name":"Fr\u00e9d\u00e9ric","image":{"@type":"ImageObject","inLanguage":"tr","@id":"https:\/\/www.italpassion.fr\/tr\/#\/schema\/person\/image\/","url":"https:\/\/www.italpassion.fr\/wp-content\/plugins\/generateperf\/images\/icons\/avatar.svg","contentUrl":"https:\/\/www.italpassion.fr\/wp-content\/plugins\/generateperf\/images\/icons\/avatar.svg","caption":"Fr\u00e9d\u00e9ric"},"description":"\u0130talyan markalar\u0131m\u0131z\u0131n haberleriyle ilgili makaleler yazmaktan memnuniyet duyuyorum. Stellantis grubunun haberleri, rekabete kar\u015f\u0131 stratejisi, \u00fcr\u00fcn planlar\u0131, mali bilan\u00e7olar\u0131, ba\u015far\u0131lar\u0131, varl\u0131klar\u0131 veya ba\u015far\u0131s\u0131zl\u0131klar\u0131 konusunda uzmanla\u015fm\u0131\u015f olarak, tarafs\u0131zl\u0131k kayg\u0131s\u0131 i\u00e7inde, insanlar\u0131 k\u0131zd\u0131ran sorulardan ka\u00e7\u0131nmadan, \u00f6nyarg\u0131s\u0131z olarak yazaca\u011f\u0131m makalelerin say\u0131s\u0131 ve kalitesi konusunda sizi tatmin etmeyi umuyorum.","url":"https:\/\/www.italpassion.fr\/tr\/author\/frederic\/"}]}},"_links":{"self":[{"href":"https:\/\/www.italpassion.fr\/tr\/wp-json\/wp\/v2\/posts\/28998","targetHints":{"allow":["GET"]}}],"collection":[{"href":"https:\/\/www.italpassion.fr\/tr\/wp-json\/wp\/v2\/posts"}],"about":[{"href":"https:\/\/www.italpassion.fr\/tr\/wp-json\/wp\/v2\/types\/post"}],"author":[{"embeddable":true,"href":"https:\/\/www.italpassion.fr\/tr\/wp-json\/wp\/v2\/users\/3"}],"replies":[{"embeddable":true,"href":"https:\/\/www.italpassion.fr\/tr\/wp-json\/wp\/v2\/comments?post=28998"}],"version-history":[{"count":1,"href":"https:\/\/www.italpassion.fr\/tr\/wp-json\/wp\/v2\/posts\/28998\/revisions"}],"predecessor-version":[{"id":28999,"href":"https:\/\/www.italpassion.fr\/tr\/wp-json\/wp\/v2\/posts\/28998\/revisions\/28999"}],"wp:attachment":[{"href":"https:\/\/www.italpassion.fr\/tr\/wp-json\/wp\/v2\/media?parent=28998"}],"wp:term":[{"taxonomy":"category","embeddable":true,"href":"https:\/\/www.italpassion.fr\/tr\/wp-json\/wp\/v2\/categories?post=28998"},{"taxonomy":"post_tag","embeddable":true,"href":"https:\/\/www.italpassion.fr\/tr\/wp-json\/wp\/v2\/tags?post=28998"}],"curies":[{"name":"wp","href":"https:\/\/api.w.org\/{rel}","templated":true}]}}