{"id":49551,"date":"2026-05-01T15:01:43","date_gmt":"2026-05-01T13:01:43","guid":{"rendered":"https:\/\/www.italpassion.fr\/?p=49551"},"modified":"2026-05-01T15:01:43","modified_gmt":"2026-05-01T13:01:43","slug":"eis-um-restomod-de-um-lamborghini-diablo-v12-totalmente-revestido-a-fibra-de-carbono-visivel-limitado-a-19-exemplares","status":"publish","type":"post","link":"https:\/\/www.italpassion.fr\/pt\/eccentrica-automobili\/voici-un-restomod-de-lamborghini-diablo-v12-entierement-habillee-de-fibre-de-carbone-apparente-limite-a-19-exemplaires\/","title":{"rendered":"Aqui est\u00e1 um Lamborghini Diablo V12 restomod vestido inteiramente em fibra de carbono exposta... limitado a 19 exemplares."},"content":{"rendered":"<figure class=\"wp-block-image size-full\"><img loading=\"lazy\" decoding=\"async\" width=\"1200\" height=\"800\" src=\"https:\/\/www.italpassion.fr\/wp-content\/uploads\/2026\/05\/eccentrica-0.jpg\" alt=\"\" class=\"wp-image-49552\" srcset=\"https:\/\/www.italpassion.fr\/wp-content\/uploads\/2026\/05\/eccentrica-0.jpg 1200w, https:\/\/www.italpassion.fr\/wp-content\/uploads\/2026\/05\/eccentrica-0-420x280.jpg 420w, https:\/\/www.italpassion.fr\/wp-content\/uploads\/2026\/05\/eccentrica-0-768x512.jpg 768w, https:\/\/www.italpassion.fr\/wp-content\/uploads\/2026\/05\/eccentrica-0-18x12.jpg 18w\" sizes=\"auto, (max-width: 1200px) 100vw, 1200px\" \/><\/figure>\n\n\n\n<p>Quase um ano depois de causar sensa\u00e7\u00e3o com a sua interpreta\u00e7\u00e3o moderna do lend\u00e1rio Lamborghini Diablo, a Eccentrica est\u00e1 de volta \u00e0 ribalta com novas imagens do seu impressionante Eccentrica V12. E o m\u00ednimo que podemos dizer \u00e9 que continua a ser t\u00e3o encantador como sempre.<\/p>\n\n\n\n<p>Desta vez, o restomod \u00e9 apresentado numa configura\u00e7\u00e3o ainda mais radical, com uma carro\u00e7aria em fibra de carbono exposta que real\u00e7a todas as linhas do Diablo. O resultado \u00e9 cru, t\u00e9cnico e incrivelmente apetec\u00edvel. Uma vis\u00e3o moderna que respeita o ADN do supercarro dos anos 90, ao mesmo tempo que o impulsiona para uma nova era.<\/p>\n\n\n\n<h2 class=\"wp-block-heading\">A caminho do Lago de Como<\/h2>\n\n\n\n<p>Este modelo especial n\u00e3o estar\u00e1 em exposi\u00e7\u00e3o em qualquer lugar. A Eccentrica escolheu o prestigiado FuoriConcorso, que se realiza a 16 e 17 de maio de 2026 nas margens do Lago de Como, para apresentar a sua vers\u00e3o Pacchetto Titano.<\/p>\n\n\n\n<p>Neste cen\u00e1rio onde se re\u00fanem coleccionadores, entusiastas e modelos excepcionais, o Eccentrica V12 encontra naturalmente o seu lugar. O evento \u00e9 conhecido por reunir alguns dos mais belos autom\u00f3veis alguma vez produzidos, e este Diablo revisitado encarna na perfei\u00e7\u00e3o o di\u00e1logo entre patrim\u00f3nio e inova\u00e7\u00e3o que o FuoriConcorso celebra. Para a marca, \u00e9 tamb\u00e9m uma oportunidade para permitir que um p\u00fablico internacional descubra o autom\u00f3vel de perto, por vezes pela primeira vez. Pudemos v\u00ea-lo com os nossos pr\u00f3prios olhos no sal\u00e3o Ultimate Supercar Garage em Paris.<\/p>\n\n\n\n<figure class=\"wp-block-image size-full\"><img loading=\"lazy\" decoding=\"async\" width=\"1200\" height=\"800\" src=\"https:\/\/www.italpassion.fr\/wp-content\/uploads\/2026\/05\/eccentrica.jpg\" alt=\"\" class=\"wp-image-49558\" srcset=\"https:\/\/www.italpassion.fr\/wp-content\/uploads\/2026\/05\/eccentrica.jpg 1200w, https:\/\/www.italpassion.fr\/wp-content\/uploads\/2026\/05\/eccentrica-420x280.jpg 420w, https:\/\/www.italpassion.fr\/wp-content\/uploads\/2026\/05\/eccentrica-768x512.jpg 768w, https:\/\/www.italpassion.fr\/wp-content\/uploads\/2026\/05\/eccentrica-18x12.jpg 18w\" sizes=\"auto, (max-width: 1200px) 100vw, 1200px\" \/><figcaption class=\"wp-element-caption\">Foto Italpassion<\/figcaption><\/figure>\n\n\n\n<h2 class=\"wp-block-heading\">Pacchetto Titano<\/h2>\n\n\n\n<p>O Pacchetto Titano, j\u00e1 mencionado aquando da sua primeira apresenta\u00e7\u00e3o, volta hoje a ser apresentado com mais pormenores e, sobretudo, novas imagens. Esta configura\u00e7\u00e3o foi concebida para aqueles que querem explorar todo o potencial do Eccentrica na pista de corridas.<\/p>\n\n\n\n<figure class=\"wp-block-image size-full\"><img loading=\"lazy\" decoding=\"async\" width=\"1200\" height=\"800\" src=\"https:\/\/www.italpassion.fr\/wp-content\/uploads\/2026\/05\/eccentrica-4.jpg\" alt=\"\" class=\"wp-image-49553\" srcset=\"https:\/\/www.italpassion.fr\/wp-content\/uploads\/2026\/05\/eccentrica-4.jpg 1200w, https:\/\/www.italpassion.fr\/wp-content\/uploads\/2026\/05\/eccentrica-4-420x280.jpg 420w, https:\/\/www.italpassion.fr\/wp-content\/uploads\/2026\/05\/eccentrica-4-768x512.jpg 768w, https:\/\/www.italpassion.fr\/wp-content\/uploads\/2026\/05\/eccentrica-4-18x12.jpg 18w\" sizes=\"auto, (max-width: 1200px) 100vw, 1200px\" \/><\/figure>\n\n\n\n<figure class=\"wp-block-image size-full\"><img loading=\"lazy\" decoding=\"async\" width=\"1200\" height=\"800\" src=\"https:\/\/www.italpassion.fr\/wp-content\/uploads\/2026\/05\/eccentrica-2.jpg\" alt=\"\" class=\"wp-image-49554\" srcset=\"https:\/\/www.italpassion.fr\/wp-content\/uploads\/2026\/05\/eccentrica-2.jpg 1200w, https:\/\/www.italpassion.fr\/wp-content\/uploads\/2026\/05\/eccentrica-2-420x280.jpg 420w, https:\/\/www.italpassion.fr\/wp-content\/uploads\/2026\/05\/eccentrica-2-768x512.jpg 768w, https:\/\/www.italpassion.fr\/wp-content\/uploads\/2026\/05\/eccentrica-2-18x12.jpg 18w\" sizes=\"auto, (max-width: 1200px) 100vw, 1200px\" \/><\/figure>\n\n\n\n<figure class=\"wp-block-image size-full\"><img loading=\"lazy\" decoding=\"async\" width=\"1200\" height=\"800\" src=\"https:\/\/www.italpassion.fr\/wp-content\/uploads\/2026\/05\/eccentrica-5.jpg\" alt=\"\" class=\"wp-image-49555\" srcset=\"https:\/\/www.italpassion.fr\/wp-content\/uploads\/2026\/05\/eccentrica-5.jpg 1200w, https:\/\/www.italpassion.fr\/wp-content\/uploads\/2026\/05\/eccentrica-5-420x280.jpg 420w, https:\/\/www.italpassion.fr\/wp-content\/uploads\/2026\/05\/eccentrica-5-768x512.jpg 768w, https:\/\/www.italpassion.fr\/wp-content\/uploads\/2026\/05\/eccentrica-5-18x12.jpg 18w\" sizes=\"auto, (max-width: 1200px) 100vw, 1200px\" \/><\/figure>\n\n\n\n<p>A evolu\u00e7\u00e3o mais vis\u00edvel \u00e9 a asa traseira redesenhada em fibra de carbono, capaz de aumentar a for\u00e7a aerodin\u00e2mica descendente. Mas o trabalho vai muito mais longe. A suspens\u00e3o foi refor\u00e7ada, os amortecedores adaptativos recalibrados e o chassis no seu conjunto est\u00e1 mais preciso e radical.<\/p>\n\n\n\n<p>Sob o capot, o V12 de aspira\u00e7\u00e3o natural mant\u00e9m a sua filosofia. Aqui n\u00e3o h\u00e1 uma corrida pela pot\u00eancia m\u00e1xima, apenas uma procura de sensa\u00e7\u00f5es. A eletr\u00f3nica foi reformulada para proporcionar um arranque mais r\u00e1pido e um car\u00e1cter ainda mais expressivo. \u00c9 uma abordagem que \u00e9 fiel ao esp\u00edrito do Eccentrica: dar prioridade \u00e0 emo\u00e7\u00e3o da condu\u00e7\u00e3o em detrimento dos n\u00fameros.<\/p>\n\n\n\n<figure class=\"wp-block-image size-full\"><img loading=\"lazy\" decoding=\"async\" width=\"1200\" height=\"800\" src=\"https:\/\/www.italpassion.fr\/wp-content\/uploads\/2026\/05\/eccentrica-1.jpg\" alt=\"\" class=\"wp-image-49557\" srcset=\"https:\/\/www.italpassion.fr\/wp-content\/uploads\/2026\/05\/eccentrica-1.jpg 1200w, https:\/\/www.italpassion.fr\/wp-content\/uploads\/2026\/05\/eccentrica-1-420x280.jpg 420w, https:\/\/www.italpassion.fr\/wp-content\/uploads\/2026\/05\/eccentrica-1-768x512.jpg 768w, https:\/\/www.italpassion.fr\/wp-content\/uploads\/2026\/05\/eccentrica-1-18x12.jpg 18w\" sizes=\"auto, (max-width: 1200px) 100vw, 1200px\" \/><\/figure>\n\n\n\n<h2 class=\"wp-block-heading\">Fiel ao esp\u00edrito dos anos 90<\/h2>\n\n\n\n<p>Com apenas 19 exemplares planeados, o Eccentrica V12 continua a ser um modelo extremamente exclusivo. Cada modelo \u00e9 concebido como uma verdadeira obra de arte sobre rodas, combinando artesanato, materiais nobres e tecnologia moderna. A fibra de carbono vis\u00edvel, omnipresente nesta vers\u00e3o, n\u00e3o \u00e9 apenas por raz\u00f5es est\u00e9ticas. Sublinha tamb\u00e9m o trabalho efectuado sobre o peso e a rigidez, refor\u00e7ando ao mesmo tempo a identidade visual deste Diablo reinventado.<\/p>\n\n\n\n<figure class=\"wp-block-image size-full\"><img loading=\"lazy\" decoding=\"async\" width=\"1200\" height=\"800\" src=\"https:\/\/www.italpassion.fr\/wp-content\/uploads\/2026\/05\/eccentrica-3.jpg\" alt=\"\" class=\"wp-image-49556\" srcset=\"https:\/\/www.italpassion.fr\/wp-content\/uploads\/2026\/05\/eccentrica-3.jpg 1200w, https:\/\/www.italpassion.fr\/wp-content\/uploads\/2026\/05\/eccentrica-3-420x280.jpg 420w, https:\/\/www.italpassion.fr\/wp-content\/uploads\/2026\/05\/eccentrica-3-768x512.jpg 768w, https:\/\/www.italpassion.fr\/wp-content\/uploads\/2026\/05\/eccentrica-3-18x12.jpg 18w\" sizes=\"auto, (max-width: 1200px) 100vw, 1200px\" \/><\/figure>\n\n\n\n<p>Mas para al\u00e9m da tecnologia, \u00e9 a filosofia que realmente atrai. O Eccentrica reivindica uma abordagem nost\u00e1lgica, ecoando uma \u00e9poca em que a condu\u00e7\u00e3o era mais crua, mais envolvente. Uma vis\u00e3o que \u00e9 rara atualmente e que explica em grande parte o apelo deste tipo de restomod.<\/p>\n\n\n\n<p>Com esta futura apari\u00e7\u00e3o no Lago de Como, o Eccentrica V12 confirma que \u00e9 mais do que um mero exerc\u00edcio de estilo. \u00c9 uma das mais bem conseguidas e desej\u00e1veis interpreta\u00e7\u00f5es de um \u00edcone italiano. Um Diablo como nunca se viu antes... e para o qual se pode olhar durante horas.<\/p>\n\n\n\n<figure class=\"wp-block-embed is-type-video is-provider-youtube wp-block-embed-youtube wp-embed-aspect-16-9 wp-has-aspect-ratio\"><div class=\"wp-block-embed__wrapper\">\n<iframe loading=\"lazy\" title=\"ECCENTRICA V12 toma conta da MILAN DESIGN WEEK 2025\" width=\"1200\" height=\"675\" src=\"https:\/\/www.youtube-nocookie.com\/embed\/jt0L_7mdk74?feature=oembed\" frameborder=\"0\" allow=\"accelerometer; autoplay; clipboard-write; encrypted-media; gyroscope; picture-in-picture; web-share\" referrerpolicy=\"strict-origin-when-cross-origin\" allowfullscreen><\/iframe>\n<\/div><\/figure>","protected":false},"excerpt":{"rendered":"","protected":false},"author":1,"featured_media":49552,"comment_status":"open","ping_status":"open","sticky":false,"template":"","format":"standard","meta":{"_acf_changed":false,"_sitemap_exclude":false,"_sitemap_priority":"","_sitemap_frequency":"","footnotes":""},"categories":[532],"tags":[],"class_list":["post-49551","post","type-post","status-publish","format-standard","has-post-thumbnail","hentry","category-eccentrica-automobili","generate-columns","tablet-grid-50","mobile-grid-100","grid-parent","grid-33"],"acf":[],"yoast_head":"<!-- This site is optimized with the Yoast SEO plugin v25.8 - https:\/\/yoast.com\/wordpress\/plugins\/seo\/ -->\n<title>Voici un restomod de Lamborghini Diablo V12 enti\u00e8rement habill\u00e9e de fibre de carbone apparente\u2026 limit\u00e9 \u00e0 19 exemplaires - ItalPassion<\/title>\n<meta name=\"description\" content=\"Presqu&#039;un an apr\u00e8s avoir fait sensation avec son interpr\u00e9tation moderne de la mythique Lamborghini Diablo, Eccentrica revient sur le devant de la sc\u00e8ne\" \/>\n<meta name=\"robots\" content=\"index, follow, max-snippet:-1, max-image-preview:large, max-video-preview:-1\" \/>\n<link rel=\"canonical\" href=\"https:\/\/www.italpassion.fr\/pt\/eccentrica-automobili\/eis-um-restomod-de-um-lamborghini-diablo-v12-totalmente-revestido-a-fibra-de-carbono-visivel-limitado-a-19-exemplares\/\" \/>\n<meta property=\"og:locale\" content=\"pt_PT\" \/>\n<meta property=\"og:type\" content=\"article\" \/>\n<meta property=\"og:title\" content=\"Voici un restomod de Lamborghini Diablo V12 enti\u00e8rement habill\u00e9e de fibre de carbone apparente\u2026 limit\u00e9 \u00e0 19 exemplaires - ItalPassion\" \/>\n<meta property=\"og:description\" content=\"Presqu&#039;un an apr\u00e8s avoir fait sensation avec son interpr\u00e9tation moderne de la mythique Lamborghini Diablo, Eccentrica revient sur le devant de la sc\u00e8ne\" \/>\n<meta property=\"og:url\" content=\"https:\/\/www.italpassion.fr\/pt\/eccentrica-automobili\/eis-um-restomod-de-um-lamborghini-diablo-v12-totalmente-revestido-a-fibra-de-carbono-visivel-limitado-a-19-exemplares\/\" \/>\n<meta property=\"og:site_name\" content=\"ItalPassion\" \/>\n<meta property=\"article:publisher\" content=\"https:\/\/www.facebook.com\/italpassion\" \/>\n<meta property=\"article:published_time\" content=\"2026-05-01T13:01:43+00:00\" \/>\n<meta property=\"og:image\" content=\"https:\/\/www.italpassion.fr\/wp-content\/uploads\/2026\/05\/eccentrica-0.jpg\" \/>\n\t<meta property=\"og:image:width\" content=\"1200\" \/>\n\t<meta property=\"og:image:height\" content=\"800\" \/>\n\t<meta property=\"og:image:type\" content=\"image\/jpeg\" \/>\n<meta name=\"author\" content=\"Alexandre Filluzeau\" \/>\n<meta name=\"twitter:card\" content=\"summary_large_image\" \/>\n<meta name=\"twitter:creator\" content=\"@italpassion\" \/>\n<meta name=\"twitter:site\" content=\"@italpassion\" \/>\n<script type=\"application\/ld+json\" class=\"yoast-schema-graph\">{\"@context\":\"https:\/\/schema.org\",\"@graph\":[{\"@type\":\"NewsArticle\",\"@id\":\"https:\/\/www.italpassion.fr\/pt\/eccentrica-automobili\/voici-un-restomod-de-lamborghini-diablo-v12-entierement-habillee-de-fibre-de-carbone-apparente-limite-a-19-exemplaires\/#article\",\"isPartOf\":{\"@id\":\"https:\/\/www.italpassion.fr\/pt\/eccentrica-automobili\/voici-un-restomod-de-lamborghini-diablo-v12-entierement-habillee-de-fibre-de-carbone-apparente-limite-a-19-exemplaires\/\"},\"author\":{\"name\":\"Alexandre Filluzeau\",\"@id\":\"https:\/\/www.italpassion.fr\/pt\/#\/schema\/person\/36f747b2a759ca202d847e85a9434ca0\"},\"headline\":\"Voici un restomod de Lamborghini Diablo V12 enti\u00e8rement habill\u00e9e de fibre de carbone apparente\u2026 limit\u00e9 \u00e0 19 exemplaires\",\"datePublished\":\"2026-05-01T13:01:43+00:00\",\"mainEntityOfPage\":{\"@id\":\"https:\/\/www.italpassion.fr\/pt\/eccentrica-automobili\/voici-un-restomod-de-lamborghini-diablo-v12-entierement-habillee-de-fibre-de-carbone-apparente-limite-a-19-exemplaires\/\"},\"wordCount\":650,\"commentCount\":0,\"publisher\":{\"@id\":\"https:\/\/www.italpassion.fr\/pt\/#organization\"},\"image\":{\"@id\":\"https:\/\/www.italpassion.fr\/pt\/eccentrica-automobili\/voici-un-restomod-de-lamborghini-diablo-v12-entierement-habillee-de-fibre-de-carbone-apparente-limite-a-19-exemplaires\/#primaryimage\"},\"thumbnailUrl\":\"https:\/\/www.italpassion.fr\/wp-content\/uploads\/2026\/05\/eccentrica-0.jpg\",\"articleSection\":[\"ECCENTRICA Automobili\"],\"inLanguage\":\"pt-PT\",\"potentialAction\":[{\"@type\":\"CommentAction\",\"name\":\"Comment\",\"target\":[\"https:\/\/www.italpassion.fr\/pt\/eccentrica-automobili\/voici-un-restomod-de-lamborghini-diablo-v12-entierement-habillee-de-fibre-de-carbone-apparente-limite-a-19-exemplaires\/#respond\"]}]},{\"@type\":\"WebPage\",\"@id\":\"https:\/\/www.italpassion.fr\/pt\/eccentrica-automobili\/voici-un-restomod-de-lamborghini-diablo-v12-entierement-habillee-de-fibre-de-carbone-apparente-limite-a-19-exemplaires\/\",\"url\":\"https:\/\/www.italpassion.fr\/pt\/eccentrica-automobili\/voici-un-restomod-de-lamborghini-diablo-v12-entierement-habillee-de-fibre-de-carbone-apparente-limite-a-19-exemplaires\/\",\"name\":\"Voici un restomod de Lamborghini Diablo V12 enti\u00e8rement habill\u00e9e de fibre de carbone apparente\u2026 limit\u00e9 \u00e0 19 exemplaires - ItalPassion\",\"isPartOf\":{\"@id\":\"https:\/\/www.italpassion.fr\/pt\/#website\"},\"primaryImageOfPage\":{\"@id\":\"https:\/\/www.italpassion.fr\/pt\/eccentrica-automobili\/voici-un-restomod-de-lamborghini-diablo-v12-entierement-habillee-de-fibre-de-carbone-apparente-limite-a-19-exemplaires\/#primaryimage\"},\"image\":{\"@id\":\"https:\/\/www.italpassion.fr\/pt\/eccentrica-automobili\/voici-un-restomod-de-lamborghini-diablo-v12-entierement-habillee-de-fibre-de-carbone-apparente-limite-a-19-exemplaires\/#primaryimage\"},\"thumbnailUrl\":\"https:\/\/www.italpassion.fr\/wp-content\/uploads\/2026\/05\/eccentrica-0.jpg\",\"datePublished\":\"2026-05-01T13:01:43+00:00\",\"description\":\"Presqu'un an apr\u00e8s avoir fait sensation avec son interpr\u00e9tation moderne de la mythique Lamborghini Diablo, Eccentrica revient sur le devant de la sc\u00e8ne\",\"breadcrumb\":{\"@id\":\"https:\/\/www.italpassion.fr\/pt\/eccentrica-automobili\/voici-un-restomod-de-lamborghini-diablo-v12-entierement-habillee-de-fibre-de-carbone-apparente-limite-a-19-exemplaires\/#breadcrumb\"},\"inLanguage\":\"pt-PT\",\"potentialAction\":[{\"@type\":\"ReadAction\",\"target\":[\"https:\/\/www.italpassion.fr\/pt\/eccentrica-automobili\/voici-un-restomod-de-lamborghini-diablo-v12-entierement-habillee-de-fibre-de-carbone-apparente-limite-a-19-exemplaires\/\"]}]},{\"@type\":\"ImageObject\",\"inLanguage\":\"pt-PT\",\"@id\":\"https:\/\/www.italpassion.fr\/pt\/eccentrica-automobili\/voici-un-restomod-de-lamborghini-diablo-v12-entierement-habillee-de-fibre-de-carbone-apparente-limite-a-19-exemplaires\/#primaryimage\",\"url\":\"https:\/\/www.italpassion.fr\/wp-content\/uploads\/2026\/05\/eccentrica-0.jpg\",\"contentUrl\":\"https:\/\/www.italpassion.fr\/wp-content\/uploads\/2026\/05\/eccentrica-0.jpg\",\"width\":1200,\"height\":800},{\"@type\":\"BreadcrumbList\",\"@id\":\"https:\/\/www.italpassion.fr\/pt\/eccentrica-automobili\/voici-un-restomod-de-lamborghini-diablo-v12-entierement-habillee-de-fibre-de-carbone-apparente-limite-a-19-exemplaires\/#breadcrumb\",\"itemListElement\":[{\"@type\":\"ListItem\",\"position\":1,\"name\":\"Accueil\",\"item\":\"https:\/\/www.italpassion.fr\/pt\/\"},{\"@type\":\"ListItem\",\"position\":2,\"name\":\"Voici un restomod de Lamborghini Diablo V12 enti\u00e8rement habill\u00e9e de fibre de carbone apparente\u2026 limit\u00e9 \u00e0 19 exemplaires\"}]},{\"@type\":\"WebSite\",\"@id\":\"https:\/\/www.italpassion.fr\/pt\/#website\",\"url\":\"https:\/\/www.italpassion.fr\/pt\/\",\"name\":\"ItalPassion\",\"description\":\"Les Passionn\u00e9s d&#039;Automobiles Italiennes\",\"publisher\":{\"@id\":\"https:\/\/www.italpassion.fr\/pt\/#organization\"},\"potentialAction\":[{\"@type\":\"SearchAction\",\"target\":{\"@type\":\"EntryPoint\",\"urlTemplate\":\"https:\/\/www.italpassion.fr\/pt\/?s={search_term_string}\"},\"query-input\":{\"@type\":\"PropertyValueSpecification\",\"valueRequired\":true,\"valueName\":\"search_term_string\"}}],\"inLanguage\":\"pt-PT\"},{\"@type\":\"Organization\",\"@id\":\"https:\/\/www.italpassion.fr\/pt\/#organization\",\"name\":\"Italpassion\",\"url\":\"https:\/\/www.italpassion.fr\/pt\/\",\"logo\":{\"@type\":\"ImageObject\",\"inLanguage\":\"pt-PT\",\"@id\":\"https:\/\/www.italpassion.fr\/pt\/#\/schema\/logo\/image\/\",\"url\":\"https:\/\/www.italpassion.fr\/wp-content\/uploads\/2023\/07\/italpassion-yoast.jpg\",\"contentUrl\":\"https:\/\/www.italpassion.fr\/wp-content\/uploads\/2023\/07\/italpassion-yoast.jpg\",\"width\":696,\"height\":696,\"caption\":\"Italpassion\"},\"image\":{\"@id\":\"https:\/\/www.italpassion.fr\/pt\/#\/schema\/logo\/image\/\"},\"sameAs\":[\"https:\/\/www.facebook.com\/italpassion\",\"https:\/\/x.com\/italpassion\",\"https:\/\/www.instagram.com\/italpassionfr\/\",\"https:\/\/www.youtube.com\/channel\/UCleq-ByQaA42OjhopwevRjQ\",\"https:\/\/www.facebook.com\/italpassion.en\/\",\"https:\/\/www.facebook.com\/italpassion.it\/\",\"https:\/\/www.facebook.com\/italpassion.de\/\",\"https:\/\/www.facebook.com\/italpassion.ja\/\"]},{\"@type\":\"Person\",\"@id\":\"https:\/\/www.italpassion.fr\/pt\/#\/schema\/person\/36f747b2a759ca202d847e85a9434ca0\",\"name\":\"Alexandre Filluzeau\",\"image\":{\"@type\":\"ImageObject\",\"inLanguage\":\"pt-PT\",\"@id\":\"https:\/\/www.italpassion.fr\/pt\/#\/schema\/person\/image\/\",\"url\":\"https:\/\/www.italpassion.fr\/wp-content\/uploads\/2025\/04\/avatar-alexandre-160x160.jpg\",\"contentUrl\":\"https:\/\/www.italpassion.fr\/wp-content\/uploads\/2025\/04\/avatar-alexandre-160x160.jpg\",\"caption\":\"Alexandre Filluzeau\"},\"description\":\"Fondateur du site ItalPassion, passionn\u00e9 de voitures italiennes et de l'Italie en g\u00e9n\u00e9ral. J'apporte un regard critique et technique aux actualit\u00e9s des marques italiennes quand cela est possible. Propri\u00e9taire d'une Maserati GranTurismo, Alfa Romeo MiTo, Lancia Fulvia et Ducati 695. Ex-propri\u00e9taire d'une Alfa Romeo Giulia.\",\"sameAs\":[\"https:\/\/www.italpassion.fr\/\"],\"url\":\"https:\/\/www.italpassion.fr\/pt\/author\/alexandre\/\"}]}<\/script>\n<!-- \/ Yoast SEO plugin. -->","yoast_head_json":{"title":"Este \u00e9 um Lamborghini Diablo V12 restomod vestido inteiramente em fibra de carbono vis\u00edvel... limitado a 19 exemplares - ItalPassion","description":"Quase um ano depois de causar sensa\u00e7\u00e3o com a sua interpreta\u00e7\u00e3o moderna do lend\u00e1rio Lamborghini Diablo, o Eccentrica est\u00e1 de volta \u00e0 ribalta.","robots":{"index":"index","follow":"follow","max-snippet":"max-snippet:-1","max-image-preview":"max-image-preview:large","max-video-preview":"max-video-preview:-1"},"canonical":"https:\/\/www.italpassion.fr\/pt\/eccentrica-automobili\/eis-um-restomod-de-um-lamborghini-diablo-v12-totalmente-revestido-a-fibra-de-carbono-visivel-limitado-a-19-exemplares\/","og_locale":"pt_PT","og_type":"article","og_title":"Voici un restomod de Lamborghini Diablo V12 enti\u00e8rement habill\u00e9e de fibre de carbone apparente\u2026 limit\u00e9 \u00e0 19 exemplaires - ItalPassion","og_description":"Presqu'un an apr\u00e8s avoir fait sensation avec son interpr\u00e9tation moderne de la mythique Lamborghini Diablo, Eccentrica revient sur le devant de la sc\u00e8ne","og_url":"https:\/\/www.italpassion.fr\/pt\/eccentrica-automobili\/eis-um-restomod-de-um-lamborghini-diablo-v12-totalmente-revestido-a-fibra-de-carbono-visivel-limitado-a-19-exemplares\/","og_site_name":"ItalPassion","article_publisher":"https:\/\/www.facebook.com\/italpassion","article_published_time":"2026-05-01T13:01:43+00:00","og_image":[{"width":1200,"height":800,"url":"https:\/\/www.italpassion.fr\/wp-content\/uploads\/2026\/05\/eccentrica-0.jpg","type":"image\/jpeg"}],"author":"Alexandre Filluzeau","twitter_card":"summary_large_image","twitter_creator":"@italpassion","twitter_site":"@italpassion","schema":{"@context":"https:\/\/schema.org","@graph":[{"@type":"NewsArticle","@id":"https:\/\/www.italpassion.fr\/pt\/eccentrica-automobili\/voici-un-restomod-de-lamborghini-diablo-v12-entierement-habillee-de-fibre-de-carbone-apparente-limite-a-19-exemplaires\/#article","isPartOf":{"@id":"https:\/\/www.italpassion.fr\/pt\/eccentrica-automobili\/voici-un-restomod-de-lamborghini-diablo-v12-entierement-habillee-de-fibre-de-carbone-apparente-limite-a-19-exemplaires\/"},"author":{"name":"Alexandre Filluzeau","@id":"https:\/\/www.italpassion.fr\/pt\/#\/schema\/person\/36f747b2a759ca202d847e85a9434ca0"},"headline":"Voici un restomod de Lamborghini Diablo V12 enti\u00e8rement habill\u00e9e de fibre de carbone apparente\u2026 limit\u00e9 \u00e0 19 exemplaires","datePublished":"2026-05-01T13:01:43+00:00","mainEntityOfPage":{"@id":"https:\/\/www.italpassion.fr\/pt\/eccentrica-automobili\/voici-un-restomod-de-lamborghini-diablo-v12-entierement-habillee-de-fibre-de-carbone-apparente-limite-a-19-exemplaires\/"},"wordCount":650,"commentCount":0,"publisher":{"@id":"https:\/\/www.italpassion.fr\/pt\/#organization"},"image":{"@id":"https:\/\/www.italpassion.fr\/pt\/eccentrica-automobili\/voici-un-restomod-de-lamborghini-diablo-v12-entierement-habillee-de-fibre-de-carbone-apparente-limite-a-19-exemplaires\/#primaryimage"},"thumbnailUrl":"https:\/\/www.italpassion.fr\/wp-content\/uploads\/2026\/05\/eccentrica-0.jpg","articleSection":["ECCENTRICA Automobili"],"inLanguage":"pt-PT","potentialAction":[{"@type":"CommentAction","name":"Comment","target":["https:\/\/www.italpassion.fr\/pt\/eccentrica-automobili\/voici-un-restomod-de-lamborghini-diablo-v12-entierement-habillee-de-fibre-de-carbone-apparente-limite-a-19-exemplaires\/#respond"]}]},{"@type":"WebPage","@id":"https:\/\/www.italpassion.fr\/pt\/eccentrica-automobili\/voici-un-restomod-de-lamborghini-diablo-v12-entierement-habillee-de-fibre-de-carbone-apparente-limite-a-19-exemplaires\/","url":"https:\/\/www.italpassion.fr\/pt\/eccentrica-automobili\/voici-un-restomod-de-lamborghini-diablo-v12-entierement-habillee-de-fibre-de-carbone-apparente-limite-a-19-exemplaires\/","name":"Este \u00e9 um Lamborghini Diablo V12 restomod vestido inteiramente em fibra de carbono vis\u00edvel... limitado a 19 exemplares - ItalPassion","isPartOf":{"@id":"https:\/\/www.italpassion.fr\/pt\/#website"},"primaryImageOfPage":{"@id":"https:\/\/www.italpassion.fr\/pt\/eccentrica-automobili\/voici-un-restomod-de-lamborghini-diablo-v12-entierement-habillee-de-fibre-de-carbone-apparente-limite-a-19-exemplaires\/#primaryimage"},"image":{"@id":"https:\/\/www.italpassion.fr\/pt\/eccentrica-automobili\/voici-un-restomod-de-lamborghini-diablo-v12-entierement-habillee-de-fibre-de-carbone-apparente-limite-a-19-exemplaires\/#primaryimage"},"thumbnailUrl":"https:\/\/www.italpassion.fr\/wp-content\/uploads\/2026\/05\/eccentrica-0.jpg","datePublished":"2026-05-01T13:01:43+00:00","description":"Quase um ano depois de causar sensa\u00e7\u00e3o com a sua interpreta\u00e7\u00e3o moderna do lend\u00e1rio Lamborghini Diablo, o Eccentrica est\u00e1 de volta \u00e0 ribalta.","breadcrumb":{"@id":"https:\/\/www.italpassion.fr\/pt\/eccentrica-automobili\/voici-un-restomod-de-lamborghini-diablo-v12-entierement-habillee-de-fibre-de-carbone-apparente-limite-a-19-exemplaires\/#breadcrumb"},"inLanguage":"pt-PT","potentialAction":[{"@type":"ReadAction","target":["https:\/\/www.italpassion.fr\/pt\/eccentrica-automobili\/voici-un-restomod-de-lamborghini-diablo-v12-entierement-habillee-de-fibre-de-carbone-apparente-limite-a-19-exemplaires\/"]}]},{"@type":"ImageObject","inLanguage":"pt-PT","@id":"https:\/\/www.italpassion.fr\/pt\/eccentrica-automobili\/voici-un-restomod-de-lamborghini-diablo-v12-entierement-habillee-de-fibre-de-carbone-apparente-limite-a-19-exemplaires\/#primaryimage","url":"https:\/\/www.italpassion.fr\/wp-content\/uploads\/2026\/05\/eccentrica-0.jpg","contentUrl":"https:\/\/www.italpassion.fr\/wp-content\/uploads\/2026\/05\/eccentrica-0.jpg","width":1200,"height":800},{"@type":"BreadcrumbList","@id":"https:\/\/www.italpassion.fr\/pt\/eccentrica-automobili\/voici-un-restomod-de-lamborghini-diablo-v12-entierement-habillee-de-fibre-de-carbone-apparente-limite-a-19-exemplaires\/#breadcrumb","itemListElement":[{"@type":"ListItem","position":1,"name":"Accueil","item":"https:\/\/www.italpassion.fr\/pt\/"},{"@type":"ListItem","position":2,"name":"Voici un restomod de Lamborghini Diablo V12 enti\u00e8rement habill\u00e9e de fibre de carbone apparente\u2026 limit\u00e9 \u00e0 19 exemplaires"}]},{"@type":"WebSite","@id":"https:\/\/www.italpassion.fr\/pt\/#website","url":"https:\/\/www.italpassion.fr\/pt\/","name":"ItalPassion","description":"Entusiastas de autom\u00f3veis italianos","publisher":{"@id":"https:\/\/www.italpassion.fr\/pt\/#organization"},"potentialAction":[{"@type":"SearchAction","target":{"@type":"EntryPoint","urlTemplate":"https:\/\/www.italpassion.fr\/pt\/?s={search_term_string}"},"query-input":{"@type":"PropertyValueSpecification","valueRequired":true,"valueName":"search_term_string"}}],"inLanguage":"pt-PT"},{"@type":"Organization","@id":"https:\/\/www.italpassion.fr\/pt\/#organization","name":"Italpassion","url":"https:\/\/www.italpassion.fr\/pt\/","logo":{"@type":"ImageObject","inLanguage":"pt-PT","@id":"https:\/\/www.italpassion.fr\/pt\/#\/schema\/logo\/image\/","url":"https:\/\/www.italpassion.fr\/wp-content\/uploads\/2023\/07\/italpassion-yoast.jpg","contentUrl":"https:\/\/www.italpassion.fr\/wp-content\/uploads\/2023\/07\/italpassion-yoast.jpg","width":696,"height":696,"caption":"Italpassion"},"image":{"@id":"https:\/\/www.italpassion.fr\/pt\/#\/schema\/logo\/image\/"},"sameAs":["https:\/\/www.facebook.com\/italpassion","https:\/\/x.com\/italpassion","https:\/\/www.instagram.com\/italpassionfr\/","https:\/\/www.youtube.com\/channel\/UCleq-ByQaA42OjhopwevRjQ","https:\/\/www.facebook.com\/italpassion.en\/","https:\/\/www.facebook.com\/italpassion.it\/","https:\/\/www.facebook.com\/italpassion.de\/","https:\/\/www.facebook.com\/italpassion.ja\/"]},{"@type":"Person","@id":"https:\/\/www.italpassion.fr\/pt\/#\/schema\/person\/36f747b2a759ca202d847e85a9434ca0","name":"Alexandre Filluzeau","image":{"@type":"ImageObject","inLanguage":"pt-PT","@id":"https:\/\/www.italpassion.fr\/pt\/#\/schema\/person\/image\/","url":"https:\/\/www.italpassion.fr\/wp-content\/uploads\/2025\/04\/avatar-alexandre-160x160.jpg","contentUrl":"https:\/\/www.italpassion.fr\/wp-content\/uploads\/2025\/04\/avatar-alexandre-160x160.jpg","caption":"Alexandre Filluzeau"},"description":"Fundador do site ItalPassion, apaixonado por carros italianos e pela It\u00e1lia em geral. Trago um olhar cr\u00edtico e t\u00e9cnico \u00e0s not\u00edcias das marcas italianas, sempre que poss\u00edvel. Propriet\u00e1ria de um Maserati GranTurismo, Alfa Romeo MiTo, Lancia Fulvia e Ducati 695. Ex-propriet\u00e1rio de uma Alfa Romeo Giulia.","sameAs":["https:\/\/www.italpassion.fr\/"],"url":"https:\/\/www.italpassion.fr\/pt\/author\/alexandre\/"}]}},"_links":{"self":[{"href":"https:\/\/www.italpassion.fr\/pt\/wp-json\/wp\/v2\/posts\/49551","targetHints":{"allow":["GET"]}}],"collection":[{"href":"https:\/\/www.italpassion.fr\/pt\/wp-json\/wp\/v2\/posts"}],"about":[{"href":"https:\/\/www.italpassion.fr\/pt\/wp-json\/wp\/v2\/types\/post"}],"author":[{"embeddable":true,"href":"https:\/\/www.italpassion.fr\/pt\/wp-json\/wp\/v2\/users\/1"}],"replies":[{"embeddable":true,"href":"https:\/\/www.italpassion.fr\/pt\/wp-json\/wp\/v2\/comments?post=49551"}],"version-history":[{"count":1,"href":"https:\/\/www.italpassion.fr\/pt\/wp-json\/wp\/v2\/posts\/49551\/revisions"}],"predecessor-version":[{"id":49559,"href":"https:\/\/www.italpassion.fr\/pt\/wp-json\/wp\/v2\/posts\/49551\/revisions\/49559"}],"wp:featuredmedia":[{"embeddable":true,"href":"https:\/\/www.italpassion.fr\/pt\/wp-json\/wp\/v2\/media\/49552"}],"wp:attachment":[{"href":"https:\/\/www.italpassion.fr\/pt\/wp-json\/wp\/v2\/media?parent=49551"}],"wp:term":[{"taxonomy":"category","embeddable":true,"href":"https:\/\/www.italpassion.fr\/pt\/wp-json\/wp\/v2\/categories?post=49551"},{"taxonomy":"post_tag","embeddable":true,"href":"https:\/\/www.italpassion.fr\/pt\/wp-json\/wp\/v2\/tags?post=49551"}],"curies":[{"name":"wp","href":"https:\/\/api.w.org\/{rel}","templated":true}]}}