{"id":49487,"date":"2026-04-30T10:05:43","date_gmt":"2026-04-30T08:05:43","guid":{"rendered":"https:\/\/www.italpassion.fr\/?p=49487"},"modified":"2026-04-30T09:38:19","modified_gmt":"2026-04-30T07:38:19","slug":"2-anos-apos-o-seu-lancamento-a-alfa-romeo-revela-as-encomendas-do-junior-o-numero-vai-surpreender-os-entusiastas-da-alfa","status":"publish","type":"post","link":"https:\/\/www.italpassion.fr\/pt\/alfa-romeo\/2-ans-apres-son-lancement-alfa-romeo-devoile-les-commandes-du-junior-le-nombre-va-surprendre-les-alfistes\/","title":{"rendered":"2 anos ap\u00f3s o seu lan\u00e7amento, a Alfa Romeo revela os comandos do Junior... o n\u00famero vai surpreender os Alfisti"},"content":{"rendered":"<figure class=\"wp-block-image size-full\"><img loading=\"lazy\" decoding=\"async\" width=\"1200\" height=\"800\" src=\"https:\/\/www.italpassion.fr\/wp-content\/uploads\/2026\/04\/alfa-romeo-milano.jpg\" alt=\"\" class=\"wp-image-49488\" srcset=\"https:\/\/www.italpassion.fr\/wp-content\/uploads\/2026\/04\/alfa-romeo-milano.jpg 1200w, https:\/\/www.italpassion.fr\/wp-content\/uploads\/2026\/04\/alfa-romeo-milano-420x280.jpg 420w, https:\/\/www.italpassion.fr\/wp-content\/uploads\/2026\/04\/alfa-romeo-milano-768x512.jpg 768w, https:\/\/www.italpassion.fr\/wp-content\/uploads\/2026\/04\/alfa-romeo-milano-18x12.jpg 18w\" sizes=\"auto, (max-width: 1200px) 100vw, 1200px\" \/><figcaption class=\"wp-element-caption\">H\u00e1 2 anos, quando o Alfa Romeo Junior se chamava Milano.<\/figcaption><\/figure>\n\n\n\n<p>Dois anos ap\u00f3s o seu lan\u00e7amento, o <a href=\"https:\/\/www.italpassion.fr\/pt\/carros\/alfa-romeo-junior\/\">Alfa Romeo J\u00fanior<\/a> atinge um marco simb\u00f3lico. Com mais de 70.000 encomendas registadas em todo o mundo, <a href=\"https:\/\/www.italpassion.fr\/pt\/alfa-romeo\/\">Alfa Romeo<\/a> aponta para um \u201csucesso internacional\u201d do homem que iria relan\u00e7ar a marca. Mas por detr\u00e1s deste n\u00famero lisonjeiro, a realidade \u00e9 mais matizada. Embora Junior esteja claramente a poupar volumes, ainda n\u00e3o est\u00e1 a transformar a Alfa Romeo.<\/p>\n\n\n\n<h2 class=\"wp-block-heading\">Progresso constante...<\/h2>\n\n\n\n<p>Desde o seu lan\u00e7amento, na primavera de 2024, o Junior tem vindo a ganhar gradualmente dinamismo. As encomendas arrancaram realmente no outono de 2024, antes de seguirem uma trajet\u00f3ria bastante linear.<\/p>\n\n\n\n<p>Em mar\u00e7o de 2025, o modelo j\u00e1 tinha atingido 27.000 encomendas, e 30.000 alguns dias mais tarde. No ver\u00e3o de 2025, foi ultrapassada a marca das 40.000 encomendas, antes de uma subida mais lenta para as 45.000 no final de julho. Ser\u00e1 ent\u00e3o necess\u00e1rio esperar at\u00e9 ao in\u00edcio de 2026 para atingir as 60.000 encomendas, e depois at\u00e9 abril de 2026 para ultrapassar as 70.000.<\/p>\n\n\n\n<figure class=\"wp-block-image size-full\"><img loading=\"lazy\" decoding=\"async\" width=\"1200\" height=\"531\" src=\"https:\/\/www.italpassion.fr\/wp-content\/uploads\/2026\/04\/courbe-commandes.jpg\" alt=\"\" class=\"wp-image-49504\" srcset=\"https:\/\/www.italpassion.fr\/wp-content\/uploads\/2026\/04\/courbe-commandes.jpg 1200w, https:\/\/www.italpassion.fr\/wp-content\/uploads\/2026\/04\/courbe-commandes-420x186.jpg 420w, https:\/\/www.italpassion.fr\/wp-content\/uploads\/2026\/04\/courbe-commandes-768x340.jpg 768w, https:\/\/www.italpassion.fr\/wp-content\/uploads\/2026\/04\/courbe-commandes-18x8.jpg 18w\" sizes=\"auto, (max-width: 1200px) 100vw, 1200px\" \/><figcaption class=\"wp-element-caption\">Dados da Italpassion<\/figcaption><\/figure>\n\n\n\n<p>Por outras palavras, em dois anos, o ritmo \u00e9 claro: cerca de 30.000 a 35.000 encomendas por ano. Um n\u00edvel est\u00e1vel, mas longe de ser um fen\u00f3meno de vendas maci\u00e7o. \u00c9 mais um caso de um modelo que se estabelece ao longo do tempo do que de um best-seller que explode.<\/p>\n\n\n\n<h2 class=\"wp-block-heading\">O modelo que se tornou indispens\u00e1vel para a Alfa Romeo<\/h2>\n\n\n\n<p>No entanto, uma coisa \u00e9 certa: sem a Junior, a situa\u00e7\u00e3o da Alfa Romeo seria muito mais complicada. Em 2025, a marca totalizou <a href=\"https:\/\/www.italpassion.fr\/pt\/alfa-romeo\/a-alfa-romeo-progride-em-2025-mas-mantem-se-na-mesma-dimensao\/\">aproximadamente 73.000 vendas em todo o mundo<\/a>. S\u00f3 o Junior j\u00e1 contabilizou quase 60.000 encomendas. Ainda hoje, em 2026, o pequeno SUV <a href=\"https:\/\/www.italpassion.fr\/pt\/alfa-romeo\/a-junior-salva-a-alfa-romeo-mas-o-tonale-cai-por-terra-apesar-do-restyling\/\">domina esmagadoramente os registos<\/a> em quase todos os mercados. Em It\u00e1lia, Fran\u00e7a e Alemanha, representa frequentemente entre 60 % e 80 % do volume de vendas. Este dom\u00ednio esmagador mostra o quanto a marca depende atualmente deste modelo para manter as suas vendas.<\/p>\n\n\n\n<p>O Junior cumpre assim perfeitamente o seu papel inicial: dar volume e evitar uma queda brusca.<\/p>\n\n\n\n<h2 class=\"wp-block-heading\">Uma hist\u00f3ria de sucesso internacional em constru\u00e7\u00e3o<\/h2>\n\n\n\n<p>A Alfa Romeo est\u00e1 agora a concentrar-se na expans\u00e3o internacional do modelo. O recente lan\u00e7amento no M\u00e9xico e em Singapura, confirmado pela Santo Ficili, ilustra esta estrat\u00e9gia. Em Singapura, foi destacada a vers\u00e3o el\u00e9ctrica, com entregas previstas para o final do segundo trimestre de 2026. A marca est\u00e1 mesmo a instalar a\u00ed um \u201cExperience Centre\u201d dedicado, prova da sua ambi\u00e7\u00e3o de construir uma imagem mais global.<\/p>\n\n\n\n<p>Estes novos mercados poder\u00e3o contribuir para aumentar a din\u00e2mica de vendas do Junior. Mas surgem tamb\u00e9m numa altura crucial, em que o modelo parece j\u00e1 ter atingido um patamar nos seus mercados tradicionais.<\/p>\n\n\n\n<h2 class=\"wp-block-heading\">O J\u00fanior j\u00e1 est\u00e1 a atingir um patamar... e j\u00e1 n\u00e3o \u00e9 suficiente<\/h2>\n\n\n\n<p>\u00c9 a\u00ed que residem os limites do nosso sucesso atual. Depois de impulsionar o crescimento em 2025, <a href=\"https:\/\/www.italpassion.fr\/pt\/alfa-romeo\/a-junior-salva-a-alfa-romeo-mas-o-tonale-cai-por-terra-apesar-do-restyling\/\">J\u00fanior d\u00e1 sinais de estabiliza\u00e7\u00e3o em 2026<\/a>. Em v\u00e1rios pa\u00edses europeus, os volumes j\u00e1 n\u00e3o est\u00e3o realmente a aumentar. O modelo mant\u00e9m a empresa, mas j\u00e1 n\u00e3o a faz crescer. O problema \u00e9 que n\u00e3o h\u00e1 nada por detr\u00e1s dele.<\/p>\n\n\n\n<p>O Alfa Romeo Tonale cai apesar do seu restyling. O Alfa Romeo Giulia e o Alfa Romeo Stelvio tornaram-se marginais em termos de volume. Como resultado, a marca mant\u00e9m-se em cerca de 70.000 registos anuais. Mesmo com um Junior s\u00f3lido, a Alfa Romeo n\u00e3o consegue abrir novos caminhos.<\/p>\n\n\n\n<h2 class=\"wp-block-heading\">Um sucesso relativo, n\u00e3o uma revolu\u00e7\u00e3o<\/h2>\n\n\n\n<p>Ent\u00e3o, sucesso ou fracasso? A resposta est\u00e1 algures no meio. Sim, o Alfa Romeo Junior \u00e9 um sucesso. Permitiu \u00e0 Alfa Romeo estabilizar as suas vendas, alargar a sua base de clientes e regressar a determinados mercados. Poucos modelos recentes da marca podem dizer o mesmo.<\/p>\n\n\n\n<p>Mas n\u00e3o, n\u00e3o se trata de um sucesso transformador. Com cerca de 30 000 encomendas por ano, est\u00e1 ainda longe dos padr\u00f5es de um verdadeiro bestseller mundial. Acima de tudo, n\u00e3o foi suficiente para compensar a fraqueza do resto da gama. Dois anos depois, \u00e9 evidente: o Junior salvou a Alfa Romeo... mas n\u00e3o a reanimou.<\/p>\n\n\n\n<p>E sem novos modelos importantes antes de 2027 ou 2028, a marca italiana poder\u00e1 permanecer nesta zona cinzenta durante muito tempo, entre uma sobreviv\u00eancia controlada e um verdadeiro renascimento. <\/p>\n\n\n\n<p>Para que conste, aqui est\u00e1 o nosso v\u00eddeo, de h\u00e1 2 anos, da apresenta\u00e7\u00e3o do Alfa Romeo Junior, quando se chamava Milano!<\/p>\n\n\n\n<figure class=\"wp-block-embed is-type-video is-provider-youtube wp-block-embed-youtube wp-embed-aspect-16-9 wp-has-aspect-ratio\"><div class=\"wp-block-embed__wrapper\">\n<iframe loading=\"lazy\" title=\"Alfa Romeo Milano: apresenta\u00e7\u00e3o exterior e interior\" width=\"1200\" height=\"675\" src=\"https:\/\/www.youtube-nocookie.com\/embed\/bTHZ05vYU-M?feature=oembed\" frameborder=\"0\" allow=\"accelerometer; autoplay; clipboard-write; encrypted-media; gyroscope; picture-in-picture; web-share\" referrerpolicy=\"strict-origin-when-cross-origin\" allowfullscreen><\/iframe>\n<\/div><\/figure>","protected":false},"excerpt":{"rendered":"","protected":false},"author":1,"featured_media":49488,"comment_status":"open","ping_status":"open","sticky":false,"template":"","format":"standard","meta":{"_acf_changed":false,"_sitemap_exclude":false,"_sitemap_priority":"","_sitemap_frequency":"","footnotes":""},"categories":[22],"tags":[403],"class_list":["post-49487","post","type-post","status-publish","format-standard","has-post-thumbnail","hentry","category-alfa-romeo","tag-alfa-romeo-junior","generate-columns","tablet-grid-50","mobile-grid-100","grid-parent","grid-33"],"acf":[],"yoast_head":"<!-- This site is optimized with the Yoast SEO plugin v25.8 - https:\/\/yoast.com\/wordpress\/plugins\/seo\/ -->\n<title>2 ans apr\u00e8s son lancement, Alfa Romeo d\u00e9voile les commandes du Junior\u2026 le nombre va surprendre les Alfistes - ItalPassion<\/title>\n<meta name=\"description\" content=\"Il y a 2 ans, quand l&#039;Alfa Romeo Junior s&#039;appellait Milano. Deux ans apr\u00e8s son lancement, le Alfa Romeo Junior franchit un cap symbolique. Avec plus de 70\" \/>\n<meta name=\"robots\" content=\"index, follow, max-snippet:-1, max-image-preview:large, max-video-preview:-1\" \/>\n<link rel=\"canonical\" href=\"https:\/\/www.italpassion.fr\/pt\/alfa-romeo\/2-anos-apos-o-seu-lancamento-a-alfa-romeo-revela-as-encomendas-do-junior-o-numero-vai-surpreender-os-entusiastas-da-alfa\/\" \/>\n<meta property=\"og:locale\" content=\"pt_PT\" \/>\n<meta property=\"og:type\" content=\"article\" \/>\n<meta property=\"og:title\" content=\"2 ans apr\u00e8s son lancement, Alfa Romeo d\u00e9voile les commandes du Junior\u2026 le nombre va surprendre les Alfistes - ItalPassion\" \/>\n<meta property=\"og:description\" content=\"Il y a 2 ans, quand l&#039;Alfa Romeo Junior s&#039;appellait Milano. Deux ans apr\u00e8s son lancement, le Alfa Romeo Junior franchit un cap symbolique. Avec plus de 70\" \/>\n<meta property=\"og:url\" content=\"https:\/\/www.italpassion.fr\/pt\/alfa-romeo\/2-anos-apos-o-seu-lancamento-a-alfa-romeo-revela-as-encomendas-do-junior-o-numero-vai-surpreender-os-entusiastas-da-alfa\/\" \/>\n<meta property=\"og:site_name\" content=\"ItalPassion\" \/>\n<meta property=\"article:publisher\" content=\"https:\/\/www.facebook.com\/italpassion\" \/>\n<meta property=\"article:published_time\" content=\"2026-04-30T08:05:43+00:00\" \/>\n<meta property=\"og:image\" content=\"https:\/\/www.italpassion.fr\/wp-content\/uploads\/2026\/04\/alfa-romeo-milano.jpg\" \/>\n\t<meta property=\"og:image:width\" content=\"1200\" \/>\n\t<meta property=\"og:image:height\" content=\"800\" \/>\n\t<meta property=\"og:image:type\" content=\"image\/jpeg\" \/>\n<meta name=\"author\" content=\"Alexandre Filluzeau\" \/>\n<meta name=\"twitter:card\" content=\"summary_large_image\" \/>\n<meta name=\"twitter:creator\" content=\"@italpassion\" \/>\n<meta name=\"twitter:site\" content=\"@italpassion\" \/>\n<script type=\"application\/ld+json\" class=\"yoast-schema-graph\">{\"@context\":\"https:\/\/schema.org\",\"@graph\":[{\"@type\":\"NewsArticle\",\"@id\":\"https:\/\/www.italpassion.fr\/pt\/alfa-romeo\/2-ans-apres-son-lancement-alfa-romeo-devoile-les-commandes-du-junior-le-nombre-va-surprendre-les-alfistes\/#article\",\"isPartOf\":{\"@id\":\"https:\/\/www.italpassion.fr\/pt\/alfa-romeo\/2-ans-apres-son-lancement-alfa-romeo-devoile-les-commandes-du-junior-le-nombre-va-surprendre-les-alfistes\/\"},\"author\":{\"name\":\"Alexandre Filluzeau\",\"@id\":\"https:\/\/www.italpassion.fr\/pt\/#\/schema\/person\/36f747b2a759ca202d847e85a9434ca0\"},\"headline\":\"2 ans apr\u00e8s son lancement, Alfa Romeo d\u00e9voile les commandes du Junior\u2026 le nombre va surprendre les Alfistes\",\"datePublished\":\"2026-04-30T08:05:43+00:00\",\"mainEntityOfPage\":{\"@id\":\"https:\/\/www.italpassion.fr\/pt\/alfa-romeo\/2-ans-apres-son-lancement-alfa-romeo-devoile-les-commandes-du-junior-le-nombre-va-surprendre-les-alfistes\/\"},\"wordCount\":765,\"commentCount\":0,\"publisher\":{\"@id\":\"https:\/\/www.italpassion.fr\/pt\/#organization\"},\"image\":{\"@id\":\"https:\/\/www.italpassion.fr\/pt\/alfa-romeo\/2-ans-apres-son-lancement-alfa-romeo-devoile-les-commandes-du-junior-le-nombre-va-surprendre-les-alfistes\/#primaryimage\"},\"thumbnailUrl\":\"https:\/\/www.italpassion.fr\/wp-content\/uploads\/2026\/04\/alfa-romeo-milano.jpg\",\"keywords\":[\"Alfa Romeo Junior\"],\"articleSection\":[\"Alfa Romeo\"],\"inLanguage\":\"pt-PT\",\"potentialAction\":[{\"@type\":\"CommentAction\",\"name\":\"Comment\",\"target\":[\"https:\/\/www.italpassion.fr\/pt\/alfa-romeo\/2-ans-apres-son-lancement-alfa-romeo-devoile-les-commandes-du-junior-le-nombre-va-surprendre-les-alfistes\/#respond\"]}]},{\"@type\":\"WebPage\",\"@id\":\"https:\/\/www.italpassion.fr\/pt\/alfa-romeo\/2-ans-apres-son-lancement-alfa-romeo-devoile-les-commandes-du-junior-le-nombre-va-surprendre-les-alfistes\/\",\"url\":\"https:\/\/www.italpassion.fr\/pt\/alfa-romeo\/2-ans-apres-son-lancement-alfa-romeo-devoile-les-commandes-du-junior-le-nombre-va-surprendre-les-alfistes\/\",\"name\":\"2 ans apr\u00e8s son lancement, Alfa Romeo d\u00e9voile les commandes du Junior\u2026 le nombre va surprendre les Alfistes - ItalPassion\",\"isPartOf\":{\"@id\":\"https:\/\/www.italpassion.fr\/pt\/#website\"},\"primaryImageOfPage\":{\"@id\":\"https:\/\/www.italpassion.fr\/pt\/alfa-romeo\/2-ans-apres-son-lancement-alfa-romeo-devoile-les-commandes-du-junior-le-nombre-va-surprendre-les-alfistes\/#primaryimage\"},\"image\":{\"@id\":\"https:\/\/www.italpassion.fr\/pt\/alfa-romeo\/2-ans-apres-son-lancement-alfa-romeo-devoile-les-commandes-du-junior-le-nombre-va-surprendre-les-alfistes\/#primaryimage\"},\"thumbnailUrl\":\"https:\/\/www.italpassion.fr\/wp-content\/uploads\/2026\/04\/alfa-romeo-milano.jpg\",\"datePublished\":\"2026-04-30T08:05:43+00:00\",\"description\":\"Il y a 2 ans, quand l'Alfa Romeo Junior s'appellait Milano. Deux ans apr\u00e8s son lancement, le Alfa Romeo Junior franchit un cap symbolique. Avec plus de 70\",\"breadcrumb\":{\"@id\":\"https:\/\/www.italpassion.fr\/pt\/alfa-romeo\/2-ans-apres-son-lancement-alfa-romeo-devoile-les-commandes-du-junior-le-nombre-va-surprendre-les-alfistes\/#breadcrumb\"},\"inLanguage\":\"pt-PT\",\"potentialAction\":[{\"@type\":\"ReadAction\",\"target\":[\"https:\/\/www.italpassion.fr\/pt\/alfa-romeo\/2-ans-apres-son-lancement-alfa-romeo-devoile-les-commandes-du-junior-le-nombre-va-surprendre-les-alfistes\/\"]}]},{\"@type\":\"ImageObject\",\"inLanguage\":\"pt-PT\",\"@id\":\"https:\/\/www.italpassion.fr\/pt\/alfa-romeo\/2-ans-apres-son-lancement-alfa-romeo-devoile-les-commandes-du-junior-le-nombre-va-surprendre-les-alfistes\/#primaryimage\",\"url\":\"https:\/\/www.italpassion.fr\/wp-content\/uploads\/2026\/04\/alfa-romeo-milano.jpg\",\"contentUrl\":\"https:\/\/www.italpassion.fr\/wp-content\/uploads\/2026\/04\/alfa-romeo-milano.jpg\",\"width\":1200,\"height\":800},{\"@type\":\"BreadcrumbList\",\"@id\":\"https:\/\/www.italpassion.fr\/pt\/alfa-romeo\/2-ans-apres-son-lancement-alfa-romeo-devoile-les-commandes-du-junior-le-nombre-va-surprendre-les-alfistes\/#breadcrumb\",\"itemListElement\":[{\"@type\":\"ListItem\",\"position\":1,\"name\":\"Accueil\",\"item\":\"https:\/\/www.italpassion.fr\/pt\/\"},{\"@type\":\"ListItem\",\"position\":2,\"name\":\"2 ans apr\u00e8s son lancement, Alfa Romeo d\u00e9voile les commandes du Junior\u2026 le nombre va surprendre les Alfistes\"}]},{\"@type\":\"WebSite\",\"@id\":\"https:\/\/www.italpassion.fr\/pt\/#website\",\"url\":\"https:\/\/www.italpassion.fr\/pt\/\",\"name\":\"ItalPassion\",\"description\":\"Les Passionn\u00e9s d&#039;Automobiles Italiennes\",\"publisher\":{\"@id\":\"https:\/\/www.italpassion.fr\/pt\/#organization\"},\"potentialAction\":[{\"@type\":\"SearchAction\",\"target\":{\"@type\":\"EntryPoint\",\"urlTemplate\":\"https:\/\/www.italpassion.fr\/pt\/?s={search_term_string}\"},\"query-input\":{\"@type\":\"PropertyValueSpecification\",\"valueRequired\":true,\"valueName\":\"search_term_string\"}}],\"inLanguage\":\"pt-PT\"},{\"@type\":\"Organization\",\"@id\":\"https:\/\/www.italpassion.fr\/pt\/#organization\",\"name\":\"Italpassion\",\"url\":\"https:\/\/www.italpassion.fr\/pt\/\",\"logo\":{\"@type\":\"ImageObject\",\"inLanguage\":\"pt-PT\",\"@id\":\"https:\/\/www.italpassion.fr\/pt\/#\/schema\/logo\/image\/\",\"url\":\"https:\/\/www.italpassion.fr\/wp-content\/uploads\/2023\/07\/italpassion-yoast.jpg\",\"contentUrl\":\"https:\/\/www.italpassion.fr\/wp-content\/uploads\/2023\/07\/italpassion-yoast.jpg\",\"width\":696,\"height\":696,\"caption\":\"Italpassion\"},\"image\":{\"@id\":\"https:\/\/www.italpassion.fr\/pt\/#\/schema\/logo\/image\/\"},\"sameAs\":[\"https:\/\/www.facebook.com\/italpassion\",\"https:\/\/x.com\/italpassion\",\"https:\/\/www.instagram.com\/italpassionfr\/\",\"https:\/\/www.youtube.com\/channel\/UCleq-ByQaA42OjhopwevRjQ\",\"https:\/\/www.facebook.com\/italpassion.en\/\",\"https:\/\/www.facebook.com\/italpassion.it\/\",\"https:\/\/www.facebook.com\/italpassion.de\/\",\"https:\/\/www.facebook.com\/italpassion.ja\/\"]},{\"@type\":\"Person\",\"@id\":\"https:\/\/www.italpassion.fr\/pt\/#\/schema\/person\/36f747b2a759ca202d847e85a9434ca0\",\"name\":\"Alexandre Filluzeau\",\"image\":{\"@type\":\"ImageObject\",\"inLanguage\":\"pt-PT\",\"@id\":\"https:\/\/www.italpassion.fr\/pt\/#\/schema\/person\/image\/\",\"url\":\"https:\/\/www.italpassion.fr\/wp-content\/uploads\/2025\/04\/avatar-alexandre-160x160.jpg\",\"contentUrl\":\"https:\/\/www.italpassion.fr\/wp-content\/uploads\/2025\/04\/avatar-alexandre-160x160.jpg\",\"caption\":\"Alexandre Filluzeau\"},\"description\":\"Fondateur du site ItalPassion, passionn\u00e9 de voitures italiennes et de l'Italie en g\u00e9n\u00e9ral. J'apporte un regard critique et technique aux actualit\u00e9s des marques italiennes quand cela est possible. Propri\u00e9taire d'une Maserati GranTurismo, Alfa Romeo MiTo, Lancia Fulvia et Ducati 695. Ex-propri\u00e9taire d'une Alfa Romeo Giulia.\",\"sameAs\":[\"https:\/\/www.italpassion.fr\/\"],\"url\":\"https:\/\/www.italpassion.fr\/pt\/author\/alexandre\/\"}]}<\/script>\n<!-- \/ Yoast SEO plugin. -->","yoast_head_json":{"title":"2 anos ap\u00f3s o seu lan\u00e7amento, a Alfa Romeo revela os comandos do Junior... o n\u00famero vai surpreender os Alfisti - ItalPassion","description":"H\u00e1 2 anos, quando o Alfa Romeo Junior se chamava Milano. Dois anos ap\u00f3s o seu lan\u00e7amento, o Alfa Romeo Junior atingiu um marco simb\u00f3lico. Com mais de 70","robots":{"index":"index","follow":"follow","max-snippet":"max-snippet:-1","max-image-preview":"max-image-preview:large","max-video-preview":"max-video-preview:-1"},"canonical":"https:\/\/www.italpassion.fr\/pt\/alfa-romeo\/2-anos-apos-o-seu-lancamento-a-alfa-romeo-revela-as-encomendas-do-junior-o-numero-vai-surpreender-os-entusiastas-da-alfa\/","og_locale":"pt_PT","og_type":"article","og_title":"2 ans apr\u00e8s son lancement, Alfa Romeo d\u00e9voile les commandes du Junior\u2026 le nombre va surprendre les Alfistes - ItalPassion","og_description":"Il y a 2 ans, quand l'Alfa Romeo Junior s'appellait Milano. Deux ans apr\u00e8s son lancement, le Alfa Romeo Junior franchit un cap symbolique. Avec plus de 70","og_url":"https:\/\/www.italpassion.fr\/pt\/alfa-romeo\/2-anos-apos-o-seu-lancamento-a-alfa-romeo-revela-as-encomendas-do-junior-o-numero-vai-surpreender-os-entusiastas-da-alfa\/","og_site_name":"ItalPassion","article_publisher":"https:\/\/www.facebook.com\/italpassion","article_published_time":"2026-04-30T08:05:43+00:00","og_image":[{"width":1200,"height":800,"url":"https:\/\/www.italpassion.fr\/wp-content\/uploads\/2026\/04\/alfa-romeo-milano.jpg","type":"image\/jpeg"}],"author":"Alexandre Filluzeau","twitter_card":"summary_large_image","twitter_creator":"@italpassion","twitter_site":"@italpassion","schema":{"@context":"https:\/\/schema.org","@graph":[{"@type":"NewsArticle","@id":"https:\/\/www.italpassion.fr\/pt\/alfa-romeo\/2-ans-apres-son-lancement-alfa-romeo-devoile-les-commandes-du-junior-le-nombre-va-surprendre-les-alfistes\/#article","isPartOf":{"@id":"https:\/\/www.italpassion.fr\/pt\/alfa-romeo\/2-ans-apres-son-lancement-alfa-romeo-devoile-les-commandes-du-junior-le-nombre-va-surprendre-les-alfistes\/"},"author":{"name":"Alexandre Filluzeau","@id":"https:\/\/www.italpassion.fr\/pt\/#\/schema\/person\/36f747b2a759ca202d847e85a9434ca0"},"headline":"2 ans apr\u00e8s son lancement, Alfa Romeo d\u00e9voile les commandes du Junior\u2026 le nombre va surprendre les Alfistes","datePublished":"2026-04-30T08:05:43+00:00","mainEntityOfPage":{"@id":"https:\/\/www.italpassion.fr\/pt\/alfa-romeo\/2-ans-apres-son-lancement-alfa-romeo-devoile-les-commandes-du-junior-le-nombre-va-surprendre-les-alfistes\/"},"wordCount":765,"commentCount":0,"publisher":{"@id":"https:\/\/www.italpassion.fr\/pt\/#organization"},"image":{"@id":"https:\/\/www.italpassion.fr\/pt\/alfa-romeo\/2-ans-apres-son-lancement-alfa-romeo-devoile-les-commandes-du-junior-le-nombre-va-surprendre-les-alfistes\/#primaryimage"},"thumbnailUrl":"https:\/\/www.italpassion.fr\/wp-content\/uploads\/2026\/04\/alfa-romeo-milano.jpg","keywords":["Alfa Romeo Junior"],"articleSection":["Alfa Romeo"],"inLanguage":"pt-PT","potentialAction":[{"@type":"CommentAction","name":"Comment","target":["https:\/\/www.italpassion.fr\/pt\/alfa-romeo\/2-ans-apres-son-lancement-alfa-romeo-devoile-les-commandes-du-junior-le-nombre-va-surprendre-les-alfistes\/#respond"]}]},{"@type":"WebPage","@id":"https:\/\/www.italpassion.fr\/pt\/alfa-romeo\/2-ans-apres-son-lancement-alfa-romeo-devoile-les-commandes-du-junior-le-nombre-va-surprendre-les-alfistes\/","url":"https:\/\/www.italpassion.fr\/pt\/alfa-romeo\/2-ans-apres-son-lancement-alfa-romeo-devoile-les-commandes-du-junior-le-nombre-va-surprendre-les-alfistes\/","name":"2 anos ap\u00f3s o seu lan\u00e7amento, a Alfa Romeo revela os comandos do Junior... o n\u00famero vai surpreender os Alfisti - ItalPassion","isPartOf":{"@id":"https:\/\/www.italpassion.fr\/pt\/#website"},"primaryImageOfPage":{"@id":"https:\/\/www.italpassion.fr\/pt\/alfa-romeo\/2-ans-apres-son-lancement-alfa-romeo-devoile-les-commandes-du-junior-le-nombre-va-surprendre-les-alfistes\/#primaryimage"},"image":{"@id":"https:\/\/www.italpassion.fr\/pt\/alfa-romeo\/2-ans-apres-son-lancement-alfa-romeo-devoile-les-commandes-du-junior-le-nombre-va-surprendre-les-alfistes\/#primaryimage"},"thumbnailUrl":"https:\/\/www.italpassion.fr\/wp-content\/uploads\/2026\/04\/alfa-romeo-milano.jpg","datePublished":"2026-04-30T08:05:43+00:00","description":"H\u00e1 2 anos, quando o Alfa Romeo Junior se chamava Milano. Dois anos ap\u00f3s o seu lan\u00e7amento, o Alfa Romeo Junior atingiu um marco simb\u00f3lico. Com mais de 70","breadcrumb":{"@id":"https:\/\/www.italpassion.fr\/pt\/alfa-romeo\/2-ans-apres-son-lancement-alfa-romeo-devoile-les-commandes-du-junior-le-nombre-va-surprendre-les-alfistes\/#breadcrumb"},"inLanguage":"pt-PT","potentialAction":[{"@type":"ReadAction","target":["https:\/\/www.italpassion.fr\/pt\/alfa-romeo\/2-ans-apres-son-lancement-alfa-romeo-devoile-les-commandes-du-junior-le-nombre-va-surprendre-les-alfistes\/"]}]},{"@type":"ImageObject","inLanguage":"pt-PT","@id":"https:\/\/www.italpassion.fr\/pt\/alfa-romeo\/2-ans-apres-son-lancement-alfa-romeo-devoile-les-commandes-du-junior-le-nombre-va-surprendre-les-alfistes\/#primaryimage","url":"https:\/\/www.italpassion.fr\/wp-content\/uploads\/2026\/04\/alfa-romeo-milano.jpg","contentUrl":"https:\/\/www.italpassion.fr\/wp-content\/uploads\/2026\/04\/alfa-romeo-milano.jpg","width":1200,"height":800},{"@type":"BreadcrumbList","@id":"https:\/\/www.italpassion.fr\/pt\/alfa-romeo\/2-ans-apres-son-lancement-alfa-romeo-devoile-les-commandes-du-junior-le-nombre-va-surprendre-les-alfistes\/#breadcrumb","itemListElement":[{"@type":"ListItem","position":1,"name":"Accueil","item":"https:\/\/www.italpassion.fr\/pt\/"},{"@type":"ListItem","position":2,"name":"2 ans apr\u00e8s son lancement, Alfa Romeo d\u00e9voile les commandes du Junior\u2026 le nombre va surprendre les Alfistes"}]},{"@type":"WebSite","@id":"https:\/\/www.italpassion.fr\/pt\/#website","url":"https:\/\/www.italpassion.fr\/pt\/","name":"ItalPassion","description":"Entusiastas de autom\u00f3veis italianos","publisher":{"@id":"https:\/\/www.italpassion.fr\/pt\/#organization"},"potentialAction":[{"@type":"SearchAction","target":{"@type":"EntryPoint","urlTemplate":"https:\/\/www.italpassion.fr\/pt\/?s={search_term_string}"},"query-input":{"@type":"PropertyValueSpecification","valueRequired":true,"valueName":"search_term_string"}}],"inLanguage":"pt-PT"},{"@type":"Organization","@id":"https:\/\/www.italpassion.fr\/pt\/#organization","name":"Italpassion","url":"https:\/\/www.italpassion.fr\/pt\/","logo":{"@type":"ImageObject","inLanguage":"pt-PT","@id":"https:\/\/www.italpassion.fr\/pt\/#\/schema\/logo\/image\/","url":"https:\/\/www.italpassion.fr\/wp-content\/uploads\/2023\/07\/italpassion-yoast.jpg","contentUrl":"https:\/\/www.italpassion.fr\/wp-content\/uploads\/2023\/07\/italpassion-yoast.jpg","width":696,"height":696,"caption":"Italpassion"},"image":{"@id":"https:\/\/www.italpassion.fr\/pt\/#\/schema\/logo\/image\/"},"sameAs":["https:\/\/www.facebook.com\/italpassion","https:\/\/x.com\/italpassion","https:\/\/www.instagram.com\/italpassionfr\/","https:\/\/www.youtube.com\/channel\/UCleq-ByQaA42OjhopwevRjQ","https:\/\/www.facebook.com\/italpassion.en\/","https:\/\/www.facebook.com\/italpassion.it\/","https:\/\/www.facebook.com\/italpassion.de\/","https:\/\/www.facebook.com\/italpassion.ja\/"]},{"@type":"Person","@id":"https:\/\/www.italpassion.fr\/pt\/#\/schema\/person\/36f747b2a759ca202d847e85a9434ca0","name":"Alexandre Filluzeau","image":{"@type":"ImageObject","inLanguage":"pt-PT","@id":"https:\/\/www.italpassion.fr\/pt\/#\/schema\/person\/image\/","url":"https:\/\/www.italpassion.fr\/wp-content\/uploads\/2025\/04\/avatar-alexandre-160x160.jpg","contentUrl":"https:\/\/www.italpassion.fr\/wp-content\/uploads\/2025\/04\/avatar-alexandre-160x160.jpg","caption":"Alexandre Filluzeau"},"description":"Fundador do site ItalPassion, apaixonado por carros italianos e pela It\u00e1lia em geral. Trago um olhar cr\u00edtico e t\u00e9cnico \u00e0s not\u00edcias das marcas italianas, sempre que poss\u00edvel. Propriet\u00e1ria de um Maserati GranTurismo, Alfa Romeo MiTo, Lancia Fulvia e Ducati 695. Ex-propriet\u00e1rio de uma Alfa Romeo Giulia.","sameAs":["https:\/\/www.italpassion.fr\/"],"url":"https:\/\/www.italpassion.fr\/pt\/author\/alexandre\/"}]}},"_links":{"self":[{"href":"https:\/\/www.italpassion.fr\/pt\/wp-json\/wp\/v2\/posts\/49487","targetHints":{"allow":["GET"]}}],"collection":[{"href":"https:\/\/www.italpassion.fr\/pt\/wp-json\/wp\/v2\/posts"}],"about":[{"href":"https:\/\/www.italpassion.fr\/pt\/wp-json\/wp\/v2\/types\/post"}],"author":[{"embeddable":true,"href":"https:\/\/www.italpassion.fr\/pt\/wp-json\/wp\/v2\/users\/1"}],"replies":[{"embeddable":true,"href":"https:\/\/www.italpassion.fr\/pt\/wp-json\/wp\/v2\/comments?post=49487"}],"version-history":[{"count":3,"href":"https:\/\/www.italpassion.fr\/pt\/wp-json\/wp\/v2\/posts\/49487\/revisions"}],"predecessor-version":[{"id":49505,"href":"https:\/\/www.italpassion.fr\/pt\/wp-json\/wp\/v2\/posts\/49487\/revisions\/49505"}],"wp:featuredmedia":[{"embeddable":true,"href":"https:\/\/www.italpassion.fr\/pt\/wp-json\/wp\/v2\/media\/49488"}],"wp:attachment":[{"href":"https:\/\/www.italpassion.fr\/pt\/wp-json\/wp\/v2\/media?parent=49487"}],"wp:term":[{"taxonomy":"category","embeddable":true,"href":"https:\/\/www.italpassion.fr\/pt\/wp-json\/wp\/v2\/categories?post=49487"},{"taxonomy":"post_tag","embeddable":true,"href":"https:\/\/www.italpassion.fr\/pt\/wp-json\/wp\/v2\/tags?post=49487"}],"curies":[{"name":"wp","href":"https:\/\/api.w.org\/{rel}","templated":true}]}}