{"id":49399,"date":"2026-04-28T10:59:57","date_gmt":"2026-04-28T08:59:57","guid":{"rendered":"https:\/\/www.italpassion.fr\/?p=49399"},"modified":"2026-04-28T10:59:57","modified_gmt":"2026-04-28T08:59:57","slug":"a-junior-salva-a-alfa-romeo-mas-o-tonale-cai-por-terra-apesar-do-restyling","status":"publish","type":"post","link":"https:\/\/www.italpassion.fr\/pt\/alfa-romeo\/le-junior-sauve-alfa-romeo-mais-le-tonale-seffondre-malgre-son-restylage\/","title":{"rendered":"Junior salva a Alfa Romeo... mas o Tonale cai apesar do restyling"},"content":{"rendered":"<figure class=\"wp-block-image size-full\"><img loading=\"lazy\" decoding=\"async\" width=\"1200\" height=\"800\" src=\"https:\/\/www.italpassion.fr\/wp-content\/uploads\/2026\/03\/alfa-romeo-junior-mecique.jpg\" alt=\"\" class=\"wp-image-47353\" srcset=\"https:\/\/www.italpassion.fr\/wp-content\/uploads\/2026\/03\/alfa-romeo-junior-mecique.jpg 1200w, https:\/\/www.italpassion.fr\/wp-content\/uploads\/2026\/03\/alfa-romeo-junior-mecique-420x280.jpg 420w, https:\/\/www.italpassion.fr\/wp-content\/uploads\/2026\/03\/alfa-romeo-junior-mecique-768x512.jpg 768w, https:\/\/www.italpassion.fr\/wp-content\/uploads\/2026\/03\/alfa-romeo-junior-mecique-18x12.jpg 18w\" sizes=\"auto, (max-width: 1200px) 100vw, 1200px\" \/><\/figure>\n\n\n\n<p>Ap\u00f3s um ano de ligeiros progressos em 2025 com o regresso de <a href=\"https:\/\/www.italpassion.fr\/pt\/alfa-romeo\/a-alfa-romeo-progride-em-2025-mas-mantem-se-na-mesma-dimensao\/\">cerca de 70 000 registos<\/a>, <a href=\"https:\/\/www.italpassion.fr\/pt\/alfa-romeo\/\">Alfa Romeo<\/a> come\u00e7a o ano de 2026 com uma pergunta simples: a din\u00e2mica come\u00e7ou finalmente a ganhar for\u00e7a... ou j\u00e1 est\u00e1 a esgotar-se? Os n\u00fameros do primeiro trimestre d\u00e3o uma resposta bastante clara. Enquanto o Junior se mant\u00e9m bem, o resto da gama \u00e9 motivo de grande preocupa\u00e7\u00e3o, a come\u00e7ar pelo Tonale.<\/p>\n\n\n\n<h2 class=\"wp-block-heading\">Um in\u00edcio de ano lento nos principais mercados<\/h2>\n\n\n\n<p>O panorama geral \u00e9 negativo nos principais mercados europeus. Em It\u00e1lia, o maior mercado da marca, a descida foi de 13 %, com 7 383 matr\u00edculas contra 8 500 no ano anterior. Este decl\u00ednio est\u00e1 longe de ser insignificante, especialmente quando se olha para os pormenores: o <a href=\"https:\/\/www.italpassion.fr\/pt\/carros\/alfa-romeo-junior\/\">J\u00fanior<\/a> s\u00f3 por si representa 4 380 unidades, a esmagadora maioria dos volumes.<\/p>\n\n\n\n<p>O que mais chama a aten\u00e7\u00e3o \u00e9 a aus\u00eancia do Tonale (e, sem surpresa, do <a href=\"https:\/\/www.italpassion.fr\/pt\/carros\/alfa-romeo-giulia\/\">Giulia<\/a> e <a href=\"https:\/\/www.italpassion.fr\/pt\/carros\/alfa-romeo-stelvio\/\">Stelvio<\/a>) no top 50 das tabelas de vendas. Um ano antes <a href=\"https:\/\/www.italpassion.fr\/pt\/carros\/alfa-romeo-tonale\/\">Tonale<\/a> No entanto, o n\u00famero de matr\u00edculas ultrapassou os 3.000 no mesmo per\u00edodo. A queda \u00e9, portanto, brutal e explica, por si s\u00f3, o decl\u00ednio global do mercado italiano.<\/p>\n\n\n\n<p>A mesma tend\u00eancia pode ser observada em Fran\u00e7a, atualmente o segundo maior mercado da Alfa Romeo a n\u00edvel mundial. Com 1.604 registos no primeiro trimestre, em compara\u00e7\u00e3o com 2.088 em 2025, o decl\u00ednio atingiu 23 %. Tamb\u00e9m aqui, o Junior dominou com 1.328 unidades. Atr\u00e1s dele, o Tonale cai para 249 unidades, enquanto o Giulia e o Stelvio se tornam quase aned\u00f3ticos.<\/p>\n\n\n\n<p>A Alemanha n\u00e3o \u00e9 uma exce\u00e7\u00e3o \u00e0 regra, muito pelo contr\u00e1rio. Mercado historicamente importante para a marca, registou uma queda de 30 %, passando de 1.934 para 1.352 matr\u00edculas. O Junior (760 unidades) limitou os danos, mas o Tonale (206 unidades) confirmou o seu decl\u00ednio.<\/p>\n\n\n\n<h2 class=\"wp-block-heading\">Os Estados Unidos, de pilar em pilar<\/h2>\n\n\n\n<p>A situa\u00e7\u00e3o \u00e9 ainda mais preocupante do outro lado do Atl\u00e2ntico. H\u00e1 muito tempo o segundo maior mercado da Alfa Romeo, os Estados Unidos continuam a cair, com uma queda de 53 % durante o trimestre. Com apenas 919 registos, contra quase 2.000 no ano anterior, a marca est\u00e1 a atingir um ponto cr\u00edtico. A tend\u00eancia \u00e9 tanto mais preocupante quanto se prev\u00ea a sua continua\u00e7\u00e3o: -18 % em 2024, -36 % em 2025 e agora -53 % no in\u00edcio de 2026. Em tr\u00eas anos, os volumes diminu\u00edram para mais de metade. Para Stellantis, a quest\u00e3o da presen\u00e7a a longo prazo da Alfa Romeo neste mercado est\u00e1 agora claramente colocada.<\/p>\n\n\n\n<h2 class=\"wp-block-heading\">O Junior mant\u00e9m a sua casa em ordem... mas n\u00e3o passa de um patamar<\/h2>\n\n\n\n<p>Lan\u00e7ado em 2024, o Junior continua a ser, de longe, o modelo mais forte da gama. Domina em todo o lado: It\u00e1lia, Fran\u00e7a, Alemanha, Espanha... e representa frequentemente mais de 60 a 80 % das matr\u00edculas, consoante os pa\u00edses.<\/p>\n\n\n\n<p>Mas depois de ter impulsionado o crescimento em 2025, parece j\u00e1 estar a atingir um limite m\u00e1ximo. Em v\u00e1rios mercados, os seus volumes s\u00e3o quase id\u00eanticos aos do mesmo per\u00edodo do ano passado. Por outras palavras, j\u00e1 n\u00e3o est\u00e1 a crescer. Trata-se de um fen\u00f3meno cl\u00e1ssico: um lan\u00e7amento cria um pico, depois um nivelamento. Exceto que, no caso da Alfa Romeo, n\u00e3o existe outro modelo capaz de ocupar o lugar.<\/p>\n\n\n\n<h2 class=\"wp-block-heading\">O Tonale, um restyling sem efeito?<\/h2>\n\n\n\n<p>Era uma das quest\u00f5es que se colocavam no in\u00edcio do ano: poderia o restyling do Tonale relan\u00e7ar a sua carreira? Os n\u00fameros d\u00e3o uma resposta clara: n\u00e3o, pelo menos por enquanto.<\/p>\n\n\n\n<p>Onde quer que haja dados dispon\u00edveis, o SUV compacto est\u00e1 em decl\u00ednio acentuado. Em It\u00e1lia, desapareceu do top 50. Em Fran\u00e7a e na Alemanha, os seus volumes s\u00e3o marginais em compara\u00e7\u00e3o com o Junior. Em Espanha, continua atr\u00e1s do Stelvio e longe do n\u00edvel esperado. O Tonale era suposto ser um pilar, mas tornou-se um modelo secund\u00e1rio. E sem ele, a gama \u00e9 cruelmente desprovida de profundidade.<\/p>\n\n\n\n<h2 class=\"wp-block-heading\">Algumas excep\u00e7\u00f5es... mas n\u00e3o as suficientes<\/h2>\n\n\n\n<p>No entanto, nem tudo \u00e9 negativo. Alguns mercados est\u00e3o a mostrar uma din\u00e2mica encorajadora.<\/p>\n\n\n\n<p>A Turquia, por exemplo, registou um forte progresso, com 590 matr\u00edculas contra 347 um ano antes, impulsionada em particular por um excelente m\u00eas de mar\u00e7o. O Jap\u00e3o tamb\u00e9m surpreendeu com 502 unidades, em compara\u00e7\u00e3o com 224 em 2025, regressando a n\u00edveis pr\u00f3ximos dos registados em 2023. O Reino Unido, por sua vez, mant\u00e9m-se est\u00e1vel com 739 matr\u00edculas, confirmando a melhoria j\u00e1 registada em 2025.<\/p>\n\n\n\n<p>Mas estes bons resultados continuam a ser marginais em termos de volume e n\u00e3o compensam as quebras registadas nos principais mercados.<\/p>\n\n\n\n<h2 class=\"wp-block-heading\">Uma marca ainda dependente... e ainda bloqueada<\/h2>\n\n\n\n<p>No total, a Alfa Romeo registou cerca de 15.300 matr\u00edculas nos mercados monitorizados no primeiro trimestre de 2026, em compara\u00e7\u00e3o com mais de 18.000 no ano anterior.<\/p>\n\n\n\n<p>A conclus\u00e3o est\u00e1 em linha com os anos anteriores. A marca continua presa numa zona de estagna\u00e7\u00e3o estrutural. O Junior mant\u00e9m o seu n\u00edvel, mas j\u00e1 n\u00e3o permite progressos. O Tonale diminuiu, e o Giulia e o Stelvio j\u00e1 quase n\u00e3o representam nada em termos de volume. Mais de dez anos depois, a marca dos 70 000 registos anuais parece ainda dif\u00edcil de ultrapassar. E sem uma verdadeira renova\u00e7\u00e3o da gama ou um sucesso inesperado, 2026 poderia muito bem ser como... todos os anos anteriores.<\/p>\n\n\n\n<figure class=\"wp-block-table\"><table class=\"has-fixed-layout\"><thead><tr><th>Pa\u00eds<\/th><th class=\"has-text-align-right\" data-align=\"right\">Q1 2026<\/th><th>Evolu\u00e7\u00e3o<\/th><\/tr><\/thead><tbody><tr><td>It\u00e1lia<\/td><td class=\"has-text-align-right\" data-align=\"right\">7383<\/td><td>-13%<\/td><\/tr><tr><td>Fran\u00e7a<\/td><td class=\"has-text-align-right\" data-align=\"right\">1604<\/td><td>-23%<\/td><\/tr><tr><td>Alemanha<\/td><td class=\"has-text-align-right\" data-align=\"right\">1352<\/td><td>-30%<\/td><\/tr><tr><td>Estados Unidos<\/td><td class=\"has-text-align-right\" data-align=\"right\">919<\/td><td>-53%<\/td><\/tr><tr><td>Espanha<\/td><td class=\"has-text-align-right\" data-align=\"right\">743<\/td><td>-21%<\/td><\/tr><tr><td>Reino Unido<\/td><td class=\"has-text-align-right\" data-align=\"right\">739<\/td><td>0<\/td><\/tr><tr><td>Turquia<\/td><td class=\"has-text-align-right\" data-align=\"right\">590<\/td><td>70%<\/td><\/tr><tr><td>Jap\u00e3o<\/td><td class=\"has-text-align-right\" data-align=\"right\">502<\/td><td>124%<\/td><\/tr><tr><td>Pol\u00f3nia<\/td><td class=\"has-text-align-right\" data-align=\"right\">494<\/td><td>-1,4%<\/td><\/tr><tr><td>B\u00e9lgica<\/td><td class=\"has-text-align-right\" data-align=\"right\">372<\/td><td>-24%<\/td><\/tr><tr><td>\u00c1ustria<\/td><td class=\"has-text-align-right\" data-align=\"right\">360<\/td><td>0<\/td><\/tr><tr><td>Su\u00ed\u00e7a<\/td><td class=\"has-text-align-right\" data-align=\"right\">242<\/td><td>-3,2%<\/td><\/tr><tr><td>Pa\u00edses Baixos<\/td><td class=\"has-text-align-right\" data-align=\"right\">227<\/td><td>-15%<\/td><\/tr><tr><td><\/td><td class=\"has-text-align-right\" data-align=\"right\">15 300<\/td><td>-16%<\/td><\/tr><\/tbody><\/table><figcaption class=\"wp-element-caption\">N\u00fameros da Italpassion. Obrigado por nos citar.<\/figcaption><\/figure>","protected":false},"excerpt":{"rendered":"","protected":false},"author":1,"featured_media":47353,"comment_status":"open","ping_status":"open","sticky":false,"template":"","format":"standard","meta":{"_acf_changed":false,"_sitemap_exclude":false,"_sitemap_priority":"","_sitemap_frequency":"","footnotes":""},"categories":[22],"tags":[],"class_list":["post-49399","post","type-post","status-publish","format-standard","has-post-thumbnail","hentry","category-alfa-romeo","generate-columns","tablet-grid-50","mobile-grid-100","grid-parent","grid-33"],"acf":[],"yoast_head":"<!-- This site is optimized with the Yoast SEO plugin v25.8 - https:\/\/yoast.com\/wordpress\/plugins\/seo\/ -->\n<title>Le Junior sauve Alfa Romeo\u2026 mais le Tonale s&#039;effondre malgr\u00e9 son restylage - ItalPassion<\/title>\n<meta name=\"description\" content=\"Apr\u00e8s une ann\u00e9e 2025 marqu\u00e9e par un l\u00e9ger prog\u00e8s avec un retour autour des 70 000 immatriculations, Alfa Romeo entame 2026 avec une question simple : la\" \/>\n<meta name=\"robots\" content=\"index, follow, max-snippet:-1, max-image-preview:large, max-video-preview:-1\" \/>\n<link rel=\"canonical\" href=\"https:\/\/www.italpassion.fr\/pt\/alfa-romeo\/a-junior-salva-a-alfa-romeo-mas-o-tonale-cai-por-terra-apesar-do-restyling\/\" \/>\n<meta property=\"og:locale\" content=\"pt_PT\" \/>\n<meta property=\"og:type\" content=\"article\" \/>\n<meta property=\"og:title\" content=\"Le Junior sauve Alfa Romeo\u2026 mais le Tonale s&#039;effondre malgr\u00e9 son restylage - ItalPassion\" \/>\n<meta property=\"og:description\" content=\"Apr\u00e8s une ann\u00e9e 2025 marqu\u00e9e par un l\u00e9ger prog\u00e8s avec un retour autour des 70 000 immatriculations, Alfa Romeo entame 2026 avec une question simple : la\" \/>\n<meta property=\"og:url\" content=\"https:\/\/www.italpassion.fr\/pt\/alfa-romeo\/a-junior-salva-a-alfa-romeo-mas-o-tonale-cai-por-terra-apesar-do-restyling\/\" \/>\n<meta property=\"og:site_name\" content=\"ItalPassion\" \/>\n<meta property=\"article:publisher\" content=\"https:\/\/www.facebook.com\/italpassion\" \/>\n<meta property=\"article:published_time\" content=\"2026-04-28T08:59:57+00:00\" \/>\n<meta property=\"og:image\" content=\"https:\/\/www.italpassion.fr\/wp-content\/uploads\/2026\/03\/alfa-romeo-junior-mecique.jpg\" \/>\n\t<meta property=\"og:image:width\" content=\"1200\" \/>\n\t<meta property=\"og:image:height\" content=\"800\" \/>\n\t<meta property=\"og:image:type\" content=\"image\/jpeg\" \/>\n<meta name=\"author\" content=\"Alexandre Filluzeau\" \/>\n<meta name=\"twitter:card\" content=\"summary_large_image\" \/>\n<meta name=\"twitter:creator\" content=\"@italpassion\" \/>\n<meta name=\"twitter:site\" content=\"@italpassion\" \/>\n<script type=\"application\/ld+json\" class=\"yoast-schema-graph\">{\"@context\":\"https:\/\/schema.org\",\"@graph\":[{\"@type\":\"NewsArticle\",\"@id\":\"https:\/\/www.italpassion.fr\/pt\/alfa-romeo\/le-junior-sauve-alfa-romeo-mais-le-tonale-seffondre-malgre-son-restylage\/#article\",\"isPartOf\":{\"@id\":\"https:\/\/www.italpassion.fr\/pt\/alfa-romeo\/le-junior-sauve-alfa-romeo-mais-le-tonale-seffondre-malgre-son-restylage\/\"},\"author\":{\"name\":\"Alexandre Filluzeau\",\"@id\":\"https:\/\/www.italpassion.fr\/pt\/#\/schema\/person\/36f747b2a759ca202d847e85a9434ca0\"},\"headline\":\"Le Junior sauve Alfa Romeo\u2026 mais le Tonale s&rsquo;effondre malgr\u00e9 son restylage\",\"datePublished\":\"2026-04-28T08:59:57+00:00\",\"mainEntityOfPage\":{\"@id\":\"https:\/\/www.italpassion.fr\/pt\/alfa-romeo\/le-junior-sauve-alfa-romeo-mais-le-tonale-seffondre-malgre-son-restylage\/\"},\"wordCount\":891,\"commentCount\":2,\"publisher\":{\"@id\":\"https:\/\/www.italpassion.fr\/pt\/#organization\"},\"image\":{\"@id\":\"https:\/\/www.italpassion.fr\/pt\/alfa-romeo\/le-junior-sauve-alfa-romeo-mais-le-tonale-seffondre-malgre-son-restylage\/#primaryimage\"},\"thumbnailUrl\":\"https:\/\/www.italpassion.fr\/wp-content\/uploads\/2026\/03\/alfa-romeo-junior-mecique.jpg\",\"articleSection\":[\"Alfa Romeo\"],\"inLanguage\":\"pt-PT\",\"potentialAction\":[{\"@type\":\"CommentAction\",\"name\":\"Comment\",\"target\":[\"https:\/\/www.italpassion.fr\/pt\/alfa-romeo\/le-junior-sauve-alfa-romeo-mais-le-tonale-seffondre-malgre-son-restylage\/#respond\"]}]},{\"@type\":\"WebPage\",\"@id\":\"https:\/\/www.italpassion.fr\/pt\/alfa-romeo\/le-junior-sauve-alfa-romeo-mais-le-tonale-seffondre-malgre-son-restylage\/\",\"url\":\"https:\/\/www.italpassion.fr\/pt\/alfa-romeo\/le-junior-sauve-alfa-romeo-mais-le-tonale-seffondre-malgre-son-restylage\/\",\"name\":\"Le Junior sauve Alfa Romeo\u2026 mais le Tonale s'effondre malgr\u00e9 son restylage - ItalPassion\",\"isPartOf\":{\"@id\":\"https:\/\/www.italpassion.fr\/pt\/#website\"},\"primaryImageOfPage\":{\"@id\":\"https:\/\/www.italpassion.fr\/pt\/alfa-romeo\/le-junior-sauve-alfa-romeo-mais-le-tonale-seffondre-malgre-son-restylage\/#primaryimage\"},\"image\":{\"@id\":\"https:\/\/www.italpassion.fr\/pt\/alfa-romeo\/le-junior-sauve-alfa-romeo-mais-le-tonale-seffondre-malgre-son-restylage\/#primaryimage\"},\"thumbnailUrl\":\"https:\/\/www.italpassion.fr\/wp-content\/uploads\/2026\/03\/alfa-romeo-junior-mecique.jpg\",\"datePublished\":\"2026-04-28T08:59:57+00:00\",\"description\":\"Apr\u00e8s une ann\u00e9e 2025 marqu\u00e9e par un l\u00e9ger prog\u00e8s avec un retour autour des 70 000 immatriculations, Alfa Romeo entame 2026 avec une question simple : la\",\"breadcrumb\":{\"@id\":\"https:\/\/www.italpassion.fr\/pt\/alfa-romeo\/le-junior-sauve-alfa-romeo-mais-le-tonale-seffondre-malgre-son-restylage\/#breadcrumb\"},\"inLanguage\":\"pt-PT\",\"potentialAction\":[{\"@type\":\"ReadAction\",\"target\":[\"https:\/\/www.italpassion.fr\/pt\/alfa-romeo\/le-junior-sauve-alfa-romeo-mais-le-tonale-seffondre-malgre-son-restylage\/\"]}]},{\"@type\":\"ImageObject\",\"inLanguage\":\"pt-PT\",\"@id\":\"https:\/\/www.italpassion.fr\/pt\/alfa-romeo\/le-junior-sauve-alfa-romeo-mais-le-tonale-seffondre-malgre-son-restylage\/#primaryimage\",\"url\":\"https:\/\/www.italpassion.fr\/wp-content\/uploads\/2026\/03\/alfa-romeo-junior-mecique.jpg\",\"contentUrl\":\"https:\/\/www.italpassion.fr\/wp-content\/uploads\/2026\/03\/alfa-romeo-junior-mecique.jpg\",\"width\":1200,\"height\":800},{\"@type\":\"BreadcrumbList\",\"@id\":\"https:\/\/www.italpassion.fr\/pt\/alfa-romeo\/le-junior-sauve-alfa-romeo-mais-le-tonale-seffondre-malgre-son-restylage\/#breadcrumb\",\"itemListElement\":[{\"@type\":\"ListItem\",\"position\":1,\"name\":\"Accueil\",\"item\":\"https:\/\/www.italpassion.fr\/pt\/\"},{\"@type\":\"ListItem\",\"position\":2,\"name\":\"Le Junior sauve Alfa Romeo\u2026 mais le Tonale s&rsquo;effondre malgr\u00e9 son restylage\"}]},{\"@type\":\"WebSite\",\"@id\":\"https:\/\/www.italpassion.fr\/pt\/#website\",\"url\":\"https:\/\/www.italpassion.fr\/pt\/\",\"name\":\"ItalPassion\",\"description\":\"Les Passionn\u00e9s d&#039;Automobiles Italiennes\",\"publisher\":{\"@id\":\"https:\/\/www.italpassion.fr\/pt\/#organization\"},\"potentialAction\":[{\"@type\":\"SearchAction\",\"target\":{\"@type\":\"EntryPoint\",\"urlTemplate\":\"https:\/\/www.italpassion.fr\/pt\/?s={search_term_string}\"},\"query-input\":{\"@type\":\"PropertyValueSpecification\",\"valueRequired\":true,\"valueName\":\"search_term_string\"}}],\"inLanguage\":\"pt-PT\"},{\"@type\":\"Organization\",\"@id\":\"https:\/\/www.italpassion.fr\/pt\/#organization\",\"name\":\"Italpassion\",\"url\":\"https:\/\/www.italpassion.fr\/pt\/\",\"logo\":{\"@type\":\"ImageObject\",\"inLanguage\":\"pt-PT\",\"@id\":\"https:\/\/www.italpassion.fr\/pt\/#\/schema\/logo\/image\/\",\"url\":\"https:\/\/www.italpassion.fr\/wp-content\/uploads\/2023\/07\/italpassion-yoast.jpg\",\"contentUrl\":\"https:\/\/www.italpassion.fr\/wp-content\/uploads\/2023\/07\/italpassion-yoast.jpg\",\"width\":696,\"height\":696,\"caption\":\"Italpassion\"},\"image\":{\"@id\":\"https:\/\/www.italpassion.fr\/pt\/#\/schema\/logo\/image\/\"},\"sameAs\":[\"https:\/\/www.facebook.com\/italpassion\",\"https:\/\/x.com\/italpassion\",\"https:\/\/www.instagram.com\/italpassionfr\/\",\"https:\/\/www.youtube.com\/channel\/UCleq-ByQaA42OjhopwevRjQ\",\"https:\/\/www.facebook.com\/italpassion.en\/\",\"https:\/\/www.facebook.com\/italpassion.it\/\",\"https:\/\/www.facebook.com\/italpassion.de\/\",\"https:\/\/www.facebook.com\/italpassion.ja\/\"]},{\"@type\":\"Person\",\"@id\":\"https:\/\/www.italpassion.fr\/pt\/#\/schema\/person\/36f747b2a759ca202d847e85a9434ca0\",\"name\":\"Alexandre Filluzeau\",\"image\":{\"@type\":\"ImageObject\",\"inLanguage\":\"pt-PT\",\"@id\":\"https:\/\/www.italpassion.fr\/pt\/#\/schema\/person\/image\/\",\"url\":\"https:\/\/www.italpassion.fr\/wp-content\/uploads\/2025\/04\/avatar-alexandre-160x160.jpg\",\"contentUrl\":\"https:\/\/www.italpassion.fr\/wp-content\/uploads\/2025\/04\/avatar-alexandre-160x160.jpg\",\"caption\":\"Alexandre Filluzeau\"},\"description\":\"Fondateur du site ItalPassion, passionn\u00e9 de voitures italiennes et de l'Italie en g\u00e9n\u00e9ral. J'apporte un regard critique et technique aux actualit\u00e9s des marques italiennes quand cela est possible. Propri\u00e9taire d'une Maserati GranTurismo, Alfa Romeo MiTo, Lancia Fulvia et Ducati 695. Ex-propri\u00e9taire d'une Alfa Romeo Giulia.\",\"sameAs\":[\"https:\/\/www.italpassion.fr\/\"],\"url\":\"https:\/\/www.italpassion.fr\/pt\/author\/alexandre\/\"}]}<\/script>\n<!-- \/ Yoast SEO plugin. -->","yoast_head_json":{"title":"Junior salva a Alfa Romeo... mas o Tonale cai apesar do restyling - ItalPassion","description":"Ap\u00f3s um ano de ligeiros progressos em 2025, com um regresso a cerca de 70 000 matr\u00edculas, a Alfa Romeo come\u00e7a 2026 com uma simples quest\u00e3o: ser\u00e1 que o","robots":{"index":"index","follow":"follow","max-snippet":"max-snippet:-1","max-image-preview":"max-image-preview:large","max-video-preview":"max-video-preview:-1"},"canonical":"https:\/\/www.italpassion.fr\/pt\/alfa-romeo\/a-junior-salva-a-alfa-romeo-mas-o-tonale-cai-por-terra-apesar-do-restyling\/","og_locale":"pt_PT","og_type":"article","og_title":"Le Junior sauve Alfa Romeo\u2026 mais le Tonale s'effondre malgr\u00e9 son restylage - ItalPassion","og_description":"Apr\u00e8s une ann\u00e9e 2025 marqu\u00e9e par un l\u00e9ger prog\u00e8s avec un retour autour des 70 000 immatriculations, Alfa Romeo entame 2026 avec une question simple : la","og_url":"https:\/\/www.italpassion.fr\/pt\/alfa-romeo\/a-junior-salva-a-alfa-romeo-mas-o-tonale-cai-por-terra-apesar-do-restyling\/","og_site_name":"ItalPassion","article_publisher":"https:\/\/www.facebook.com\/italpassion","article_published_time":"2026-04-28T08:59:57+00:00","og_image":[{"width":1200,"height":800,"url":"https:\/\/www.italpassion.fr\/wp-content\/uploads\/2026\/03\/alfa-romeo-junior-mecique.jpg","type":"image\/jpeg"}],"author":"Alexandre Filluzeau","twitter_card":"summary_large_image","twitter_creator":"@italpassion","twitter_site":"@italpassion","schema":{"@context":"https:\/\/schema.org","@graph":[{"@type":"NewsArticle","@id":"https:\/\/www.italpassion.fr\/pt\/alfa-romeo\/le-junior-sauve-alfa-romeo-mais-le-tonale-seffondre-malgre-son-restylage\/#article","isPartOf":{"@id":"https:\/\/www.italpassion.fr\/pt\/alfa-romeo\/le-junior-sauve-alfa-romeo-mais-le-tonale-seffondre-malgre-son-restylage\/"},"author":{"name":"Alexandre Filluzeau","@id":"https:\/\/www.italpassion.fr\/pt\/#\/schema\/person\/36f747b2a759ca202d847e85a9434ca0"},"headline":"Le Junior sauve Alfa Romeo\u2026 mais le Tonale s&rsquo;effondre malgr\u00e9 son restylage","datePublished":"2026-04-28T08:59:57+00:00","mainEntityOfPage":{"@id":"https:\/\/www.italpassion.fr\/pt\/alfa-romeo\/le-junior-sauve-alfa-romeo-mais-le-tonale-seffondre-malgre-son-restylage\/"},"wordCount":891,"commentCount":2,"publisher":{"@id":"https:\/\/www.italpassion.fr\/pt\/#organization"},"image":{"@id":"https:\/\/www.italpassion.fr\/pt\/alfa-romeo\/le-junior-sauve-alfa-romeo-mais-le-tonale-seffondre-malgre-son-restylage\/#primaryimage"},"thumbnailUrl":"https:\/\/www.italpassion.fr\/wp-content\/uploads\/2026\/03\/alfa-romeo-junior-mecique.jpg","articleSection":["Alfa Romeo"],"inLanguage":"pt-PT","potentialAction":[{"@type":"CommentAction","name":"Comment","target":["https:\/\/www.italpassion.fr\/pt\/alfa-romeo\/le-junior-sauve-alfa-romeo-mais-le-tonale-seffondre-malgre-son-restylage\/#respond"]}]},{"@type":"WebPage","@id":"https:\/\/www.italpassion.fr\/pt\/alfa-romeo\/le-junior-sauve-alfa-romeo-mais-le-tonale-seffondre-malgre-son-restylage\/","url":"https:\/\/www.italpassion.fr\/pt\/alfa-romeo\/le-junior-sauve-alfa-romeo-mais-le-tonale-seffondre-malgre-son-restylage\/","name":"Junior salva a Alfa Romeo... mas o Tonale cai apesar do restyling - ItalPassion","isPartOf":{"@id":"https:\/\/www.italpassion.fr\/pt\/#website"},"primaryImageOfPage":{"@id":"https:\/\/www.italpassion.fr\/pt\/alfa-romeo\/le-junior-sauve-alfa-romeo-mais-le-tonale-seffondre-malgre-son-restylage\/#primaryimage"},"image":{"@id":"https:\/\/www.italpassion.fr\/pt\/alfa-romeo\/le-junior-sauve-alfa-romeo-mais-le-tonale-seffondre-malgre-son-restylage\/#primaryimage"},"thumbnailUrl":"https:\/\/www.italpassion.fr\/wp-content\/uploads\/2026\/03\/alfa-romeo-junior-mecique.jpg","datePublished":"2026-04-28T08:59:57+00:00","description":"Ap\u00f3s um ano de ligeiros progressos em 2025, com um regresso a cerca de 70 000 matr\u00edculas, a Alfa Romeo come\u00e7a 2026 com uma simples quest\u00e3o: ser\u00e1 que o","breadcrumb":{"@id":"https:\/\/www.italpassion.fr\/pt\/alfa-romeo\/le-junior-sauve-alfa-romeo-mais-le-tonale-seffondre-malgre-son-restylage\/#breadcrumb"},"inLanguage":"pt-PT","potentialAction":[{"@type":"ReadAction","target":["https:\/\/www.italpassion.fr\/pt\/alfa-romeo\/le-junior-sauve-alfa-romeo-mais-le-tonale-seffondre-malgre-son-restylage\/"]}]},{"@type":"ImageObject","inLanguage":"pt-PT","@id":"https:\/\/www.italpassion.fr\/pt\/alfa-romeo\/le-junior-sauve-alfa-romeo-mais-le-tonale-seffondre-malgre-son-restylage\/#primaryimage","url":"https:\/\/www.italpassion.fr\/wp-content\/uploads\/2026\/03\/alfa-romeo-junior-mecique.jpg","contentUrl":"https:\/\/www.italpassion.fr\/wp-content\/uploads\/2026\/03\/alfa-romeo-junior-mecique.jpg","width":1200,"height":800},{"@type":"BreadcrumbList","@id":"https:\/\/www.italpassion.fr\/pt\/alfa-romeo\/le-junior-sauve-alfa-romeo-mais-le-tonale-seffondre-malgre-son-restylage\/#breadcrumb","itemListElement":[{"@type":"ListItem","position":1,"name":"Accueil","item":"https:\/\/www.italpassion.fr\/pt\/"},{"@type":"ListItem","position":2,"name":"Le Junior sauve Alfa Romeo\u2026 mais le Tonale s&rsquo;effondre malgr\u00e9 son restylage"}]},{"@type":"WebSite","@id":"https:\/\/www.italpassion.fr\/pt\/#website","url":"https:\/\/www.italpassion.fr\/pt\/","name":"ItalPassion","description":"Entusiastas de autom\u00f3veis italianos","publisher":{"@id":"https:\/\/www.italpassion.fr\/pt\/#organization"},"potentialAction":[{"@type":"SearchAction","target":{"@type":"EntryPoint","urlTemplate":"https:\/\/www.italpassion.fr\/pt\/?s={search_term_string}"},"query-input":{"@type":"PropertyValueSpecification","valueRequired":true,"valueName":"search_term_string"}}],"inLanguage":"pt-PT"},{"@type":"Organization","@id":"https:\/\/www.italpassion.fr\/pt\/#organization","name":"Italpassion","url":"https:\/\/www.italpassion.fr\/pt\/","logo":{"@type":"ImageObject","inLanguage":"pt-PT","@id":"https:\/\/www.italpassion.fr\/pt\/#\/schema\/logo\/image\/","url":"https:\/\/www.italpassion.fr\/wp-content\/uploads\/2023\/07\/italpassion-yoast.jpg","contentUrl":"https:\/\/www.italpassion.fr\/wp-content\/uploads\/2023\/07\/italpassion-yoast.jpg","width":696,"height":696,"caption":"Italpassion"},"image":{"@id":"https:\/\/www.italpassion.fr\/pt\/#\/schema\/logo\/image\/"},"sameAs":["https:\/\/www.facebook.com\/italpassion","https:\/\/x.com\/italpassion","https:\/\/www.instagram.com\/italpassionfr\/","https:\/\/www.youtube.com\/channel\/UCleq-ByQaA42OjhopwevRjQ","https:\/\/www.facebook.com\/italpassion.en\/","https:\/\/www.facebook.com\/italpassion.it\/","https:\/\/www.facebook.com\/italpassion.de\/","https:\/\/www.facebook.com\/italpassion.ja\/"]},{"@type":"Person","@id":"https:\/\/www.italpassion.fr\/pt\/#\/schema\/person\/36f747b2a759ca202d847e85a9434ca0","name":"Alexandre Filluzeau","image":{"@type":"ImageObject","inLanguage":"pt-PT","@id":"https:\/\/www.italpassion.fr\/pt\/#\/schema\/person\/image\/","url":"https:\/\/www.italpassion.fr\/wp-content\/uploads\/2025\/04\/avatar-alexandre-160x160.jpg","contentUrl":"https:\/\/www.italpassion.fr\/wp-content\/uploads\/2025\/04\/avatar-alexandre-160x160.jpg","caption":"Alexandre Filluzeau"},"description":"Fundador do site ItalPassion, apaixonado por carros italianos e pela It\u00e1lia em geral. Trago um olhar cr\u00edtico e t\u00e9cnico \u00e0s not\u00edcias das marcas italianas, sempre que poss\u00edvel. Propriet\u00e1ria de um Maserati GranTurismo, Alfa Romeo MiTo, Lancia Fulvia e Ducati 695. Ex-propriet\u00e1rio de uma Alfa Romeo Giulia.","sameAs":["https:\/\/www.italpassion.fr\/"],"url":"https:\/\/www.italpassion.fr\/pt\/author\/alexandre\/"}]}},"_links":{"self":[{"href":"https:\/\/www.italpassion.fr\/pt\/wp-json\/wp\/v2\/posts\/49399","targetHints":{"allow":["GET"]}}],"collection":[{"href":"https:\/\/www.italpassion.fr\/pt\/wp-json\/wp\/v2\/posts"}],"about":[{"href":"https:\/\/www.italpassion.fr\/pt\/wp-json\/wp\/v2\/types\/post"}],"author":[{"embeddable":true,"href":"https:\/\/www.italpassion.fr\/pt\/wp-json\/wp\/v2\/users\/1"}],"replies":[{"embeddable":true,"href":"https:\/\/www.italpassion.fr\/pt\/wp-json\/wp\/v2\/comments?post=49399"}],"version-history":[{"count":2,"href":"https:\/\/www.italpassion.fr\/pt\/wp-json\/wp\/v2\/posts\/49399\/revisions"}],"predecessor-version":[{"id":49401,"href":"https:\/\/www.italpassion.fr\/pt\/wp-json\/wp\/v2\/posts\/49399\/revisions\/49401"}],"wp:featuredmedia":[{"embeddable":true,"href":"https:\/\/www.italpassion.fr\/pt\/wp-json\/wp\/v2\/media\/47353"}],"wp:attachment":[{"href":"https:\/\/www.italpassion.fr\/pt\/wp-json\/wp\/v2\/media?parent=49399"}],"wp:term":[{"taxonomy":"category","embeddable":true,"href":"https:\/\/www.italpassion.fr\/pt\/wp-json\/wp\/v2\/categories?post=49399"},{"taxonomy":"post_tag","embeddable":true,"href":"https:\/\/www.italpassion.fr\/pt\/wp-json\/wp\/v2\/tags?post=49399"}],"curies":[{"name":"wp","href":"https:\/\/api.w.org\/{rel}","templated":true}]}}