{"id":49032,"date":"2026-04-29T15:03:07","date_gmt":"2026-04-29T13:03:07","guid":{"rendered":"https:\/\/www.italpassion.fr\/?p=49032"},"modified":"2026-04-27T16:31:09","modified_gmt":"2026-04-27T14:31:09","slug":"este-estranho-ferrari-nao-tem-portas-nem-teto-e-e-comparado-a-um-sapato","status":"publish","type":"post","link":"https:\/\/www.italpassion.fr\/pt\/ferrari\/cette-etrange-ferrari-na-ni-portes-ni-toit-et-est-comparee-a-une-chaussure\/","title":{"rendered":"Este estranho Ferrari n\u00e3o tem portas nem teto... e \u00e9 comparado a um sapato"},"content":{"rendered":"<figure class=\"wp-block-image size-full\"><img loading=\"lazy\" decoding=\"async\" width=\"1200\" height=\"800\" src=\"https:\/\/www.italpassion.fr\/wp-content\/uploads\/2026\/04\/ferrari-conciso.jpg\" alt=\"\" class=\"wp-image-49372\" srcset=\"https:\/\/www.italpassion.fr\/wp-content\/uploads\/2026\/04\/ferrari-conciso.jpg 1200w, https:\/\/www.italpassion.fr\/wp-content\/uploads\/2026\/04\/ferrari-conciso-420x280.jpg 420w, https:\/\/www.italpassion.fr\/wp-content\/uploads\/2026\/04\/ferrari-conciso-768x512.jpg 768w, https:\/\/www.italpassion.fr\/wp-content\/uploads\/2026\/04\/ferrari-conciso-18x12.jpg 18w\" sizes=\"auto, (max-width: 1200px) 100vw, 1200px\" \/><\/figure>\n\n\n\n<p>Em <a href=\"https:\/\/www.italpassion.fr\/pt\/ferrari\/\">Ferrari<\/a>, Cada modelo raro provoca geralmente uma grande agita\u00e7\u00e3o. As pe\u00e7as \u00fanicas da marca s\u00e3o analisadas, comentadas e fotografadas de todos os \u00e2ngulos. No entanto, h\u00e1 uma exce\u00e7\u00e3o quase esquecida: o Ferrari Conciso. Um modelo t\u00e3o at\u00edpico que mesmo alguns entusiastas teriam dificuldade em identific\u00e1-lo como um Ferrari.<\/p>\n\n\n\n<p>Apresentado em 1993, esta cria\u00e7\u00e3o \u00fanica n\u00e3o veio diretamente das oficinas de Maranello, mas da imagina\u00e7\u00e3o do designer alem\u00e3o Bernd Michalak. Baseado num Ferrari 328 GTS de 1989, o Conciso \u00e9 a interpreta\u00e7\u00e3o radical do designer do que um carro desportivo pode ser: despojado, extremo, quase desconcertante.<\/p>\n\n\n\n<figure class=\"wp-block-image size-full\"><img loading=\"lazy\" decoding=\"async\" width=\"1200\" height=\"623\" src=\"https:\/\/www.italpassion.fr\/wp-content\/uploads\/2026\/04\/Bernd-Michalak.jpg\" alt=\"\" class=\"wp-image-49374\" srcset=\"https:\/\/www.italpassion.fr\/wp-content\/uploads\/2026\/04\/Bernd-Michalak.jpg 1200w, https:\/\/www.italpassion.fr\/wp-content\/uploads\/2026\/04\/Bernd-Michalak-420x218.jpg 420w, https:\/\/www.italpassion.fr\/wp-content\/uploads\/2026\/04\/Bernd-Michalak-768x399.jpg 768w, https:\/\/www.italpassion.fr\/wp-content\/uploads\/2026\/04\/Bernd-Michalak-18x9.jpg 18w\" sizes=\"auto, (max-width: 1200px) 100vw, 1200px\" \/><\/figure>\n\n\n\n<p>\u00c0 primeira vista, o Conciso \u00e9 um choque visual. Enquanto os Ferraris dos anos 80 tinham linhas r\u00edgidas e agressivas, o Conciso adopta formas redondas, compactas, quase l\u00fadicas. Alguns compararam-no a um \u00absapato sorridente\u00bb, outros a um ornitorrinco ou mesmo a um aspirador port\u00e1til. Estas alcunhas reflectem o desconforto que pode provocar entre os puristas.<\/p>\n\n\n\n<p>Mas por detr\u00e1s desta silhueta invulgar est\u00e1 uma verdadeira abordagem. O nome \u00abConciso\u00bb, que significa \u00abconciso\u00bb em italiano, resume perfeitamente a filosofia subjacente ao projeto. A ideia? Remover tudo o que n\u00e3o \u00e9 essencial para a condu\u00e7\u00e3o. O resultado: sem tejadilho, sem portas e apenas com uma apar\u00eancia de para-brisas. Para entrar a bordo, tem literalmente de trepar por cima da carro\u00e7aria.<\/p>\n\n\n\n<figure class=\"wp-block-image size-full\"><img loading=\"lazy\" decoding=\"async\" width=\"1200\" height=\"836\" src=\"https:\/\/www.italpassion.fr\/wp-content\/uploads\/2026\/04\/ferrari-conciso-6.jpg\" alt=\"\" class=\"wp-image-49375\" srcset=\"https:\/\/www.italpassion.fr\/wp-content\/uploads\/2026\/04\/ferrari-conciso-6.jpg 1200w, https:\/\/www.italpassion.fr\/wp-content\/uploads\/2026\/04\/ferrari-conciso-6-420x293.jpg 420w, https:\/\/www.italpassion.fr\/wp-content\/uploads\/2026\/04\/ferrari-conciso-6-768x535.jpg 768w, https:\/\/www.italpassion.fr\/wp-content\/uploads\/2026\/04\/ferrari-conciso-6-18x12.jpg 18w\" sizes=\"auto, (max-width: 1200px) 100vw, 1200px\" \/><\/figure>\n\n\n\n<figure class=\"wp-block-image size-full\"><img loading=\"lazy\" decoding=\"async\" width=\"1200\" height=\"836\" src=\"https:\/\/www.italpassion.fr\/wp-content\/uploads\/2026\/04\/ferrari-conciso-7.jpg\" alt=\"\" class=\"wp-image-49376\" srcset=\"https:\/\/www.italpassion.fr\/wp-content\/uploads\/2026\/04\/ferrari-conciso-7.jpg 1200w, https:\/\/www.italpassion.fr\/wp-content\/uploads\/2026\/04\/ferrari-conciso-7-420x293.jpg 420w, https:\/\/www.italpassion.fr\/wp-content\/uploads\/2026\/04\/ferrari-conciso-7-768x535.jpg 768w, https:\/\/www.italpassion.fr\/wp-content\/uploads\/2026\/04\/ferrari-conciso-7-18x12.jpg 18w\" sizes=\"auto, (max-width: 1200px) 100vw, 1200px\" \/><\/figure>\n\n\n\n<figure class=\"wp-block-image size-full\"><img loading=\"lazy\" decoding=\"async\" width=\"1200\" height=\"836\" src=\"https:\/\/www.italpassion.fr\/wp-content\/uploads\/2026\/04\/ferrari-conciso-8.jpg\" alt=\"\" class=\"wp-image-49377\" srcset=\"https:\/\/www.italpassion.fr\/wp-content\/uploads\/2026\/04\/ferrari-conciso-8.jpg 1200w, https:\/\/www.italpassion.fr\/wp-content\/uploads\/2026\/04\/ferrari-conciso-8-420x293.jpg 420w, https:\/\/www.italpassion.fr\/wp-content\/uploads\/2026\/04\/ferrari-conciso-8-768x535.jpg 768w, https:\/\/www.italpassion.fr\/wp-content\/uploads\/2026\/04\/ferrari-conciso-8-18x12.jpg 18w\" sizes=\"auto, (max-width: 1200px) 100vw, 1200px\" \/><\/figure>\n\n\n\n<p>Esta abordagem minimalista resultou numa espetacular redu\u00e7\u00e3o de peso. Cerca de 30 % mais leve que o 328 GTS original, o Conciso pesa apenas 932 kg. Este emagrecimento foi poss\u00edvel gra\u00e7as a uma carro\u00e7aria de alum\u00ednio trabalhada \u00e0 m\u00e3o e \u00e0 elimina\u00e7\u00e3o de numerosos elementos de conforto.<\/p>\n\n\n\n<figure class=\"wp-block-image size-full\"><img loading=\"lazy\" decoding=\"async\" width=\"1200\" height=\"800\" src=\"https:\/\/www.italpassion.fr\/wp-content\/uploads\/2026\/04\/ferrari-conciso-2.jpg\" alt=\"\" class=\"wp-image-49378\" srcset=\"https:\/\/www.italpassion.fr\/wp-content\/uploads\/2026\/04\/ferrari-conciso-2.jpg 1200w, https:\/\/www.italpassion.fr\/wp-content\/uploads\/2026\/04\/ferrari-conciso-2-420x280.jpg 420w, https:\/\/www.italpassion.fr\/wp-content\/uploads\/2026\/04\/ferrari-conciso-2-768x512.jpg 768w, https:\/\/www.italpassion.fr\/wp-content\/uploads\/2026\/04\/ferrari-conciso-2-18x12.jpg 18w\" sizes=\"auto, (max-width: 1200px) 100vw, 1200px\" \/><\/figure>\n\n\n\n<figure class=\"wp-block-image size-full\"><img loading=\"lazy\" decoding=\"async\" width=\"1200\" height=\"800\" src=\"https:\/\/www.italpassion.fr\/wp-content\/uploads\/2026\/04\/ferrari-conciso-3.jpg\" alt=\"\" class=\"wp-image-49379\" srcset=\"https:\/\/www.italpassion.fr\/wp-content\/uploads\/2026\/04\/ferrari-conciso-3.jpg 1200w, https:\/\/www.italpassion.fr\/wp-content\/uploads\/2026\/04\/ferrari-conciso-3-420x280.jpg 420w, https:\/\/www.italpassion.fr\/wp-content\/uploads\/2026\/04\/ferrari-conciso-3-768x512.jpg 768w, https:\/\/www.italpassion.fr\/wp-content\/uploads\/2026\/04\/ferrari-conciso-3-18x12.jpg 18w\" sizes=\"auto, (max-width: 1200px) 100vw, 1200px\" \/><\/figure>\n\n\n\n<p>Por baixo deste exterior at\u00edpico encontra-se um grupo motopropulsor familiar. O V8 Quattrovalvole de 3,2 litros do 328 GTS ainda l\u00e1 est\u00e1, desenvolvendo cerca de 270 cv. Combinado com uma caixa de velocidades manual de abertura, impulsiona este Ferrari \u00fanico dos 0 aos 100 km\/h em cerca de 5 segundos, com uma velocidade m\u00e1xima pr\u00f3xima dos 278 km\/h. Este desempenho \u00e9 ainda mais impressionante se tivermos em conta que a experi\u00eancia de condu\u00e7\u00e3o \u00e9 totalmente crua, sem filtros e exposta aos elementos.<\/p>\n\n\n\n<figure class=\"wp-block-image size-full\"><img loading=\"lazy\" decoding=\"async\" width=\"1200\" height=\"800\" src=\"https:\/\/www.italpassion.fr\/wp-content\/uploads\/2026\/04\/ferrari-conciso-moteur.jpg\" alt=\"\" class=\"wp-image-49384\" srcset=\"https:\/\/www.italpassion.fr\/wp-content\/uploads\/2026\/04\/ferrari-conciso-moteur.jpg 1200w, https:\/\/www.italpassion.fr\/wp-content\/uploads\/2026\/04\/ferrari-conciso-moteur-420x280.jpg 420w, https:\/\/www.italpassion.fr\/wp-content\/uploads\/2026\/04\/ferrari-conciso-moteur-768x512.jpg 768w, https:\/\/www.italpassion.fr\/wp-content\/uploads\/2026\/04\/ferrari-conciso-moteur-18x12.jpg 18w\" sizes=\"auto, (max-width: 1200px) 100vw, 1200px\" \/><\/figure>\n\n\n\n<figure class=\"wp-block-image size-full\"><img loading=\"lazy\" decoding=\"async\" width=\"1200\" height=\"800\" src=\"https:\/\/www.italpassion.fr\/wp-content\/uploads\/2026\/04\/ferrari-conciso-10.jpg\" alt=\"\" class=\"wp-image-49381\" srcset=\"https:\/\/www.italpassion.fr\/wp-content\/uploads\/2026\/04\/ferrari-conciso-10.jpg 1200w, https:\/\/www.italpassion.fr\/wp-content\/uploads\/2026\/04\/ferrari-conciso-10-420x280.jpg 420w, https:\/\/www.italpassion.fr\/wp-content\/uploads\/2026\/04\/ferrari-conciso-10-768x512.jpg 768w, https:\/\/www.italpassion.fr\/wp-content\/uploads\/2026\/04\/ferrari-conciso-10-18x12.jpg 18w\" sizes=\"auto, (max-width: 1200px) 100vw, 1200px\" \/><\/figure>\n\n\n\n<figure class=\"wp-block-image size-full\"><img loading=\"lazy\" decoding=\"async\" width=\"1200\" height=\"800\" src=\"https:\/\/www.italpassion.fr\/wp-content\/uploads\/2026\/04\/ferrari-conciso-9.jpg\" alt=\"\" class=\"wp-image-49382\" srcset=\"https:\/\/www.italpassion.fr\/wp-content\/uploads\/2026\/04\/ferrari-conciso-9.jpg 1200w, https:\/\/www.italpassion.fr\/wp-content\/uploads\/2026\/04\/ferrari-conciso-9-420x280.jpg 420w, https:\/\/www.italpassion.fr\/wp-content\/uploads\/2026\/04\/ferrari-conciso-9-768x512.jpg 768w, https:\/\/www.italpassion.fr\/wp-content\/uploads\/2026\/04\/ferrari-conciso-9-18x12.jpg 18w\" sizes=\"auto, (max-width: 1200px) 100vw, 1200px\" \/><\/figure>\n\n\n\n<p>No interior, a atmosfera \u00e9 resolutamente orientada para a performance. Bancos de balde, arneses, um volante desportivo e instrumenta\u00e7\u00e3o anal\u00f3gica recordam-nos que o essencial est\u00e1 noutro lugar: na liga\u00e7\u00e3o direta entre o condutor e a m\u00e1quina. Conduzir um Conciso \u00e9 sentir cada vibra\u00e7\u00e3o, cada ru\u00eddo mec\u00e2nico, cada sopro do motor.<\/p>\n\n\n\n<figure class=\"wp-block-image size-full\"><img loading=\"lazy\" decoding=\"async\" width=\"1200\" height=\"800\" src=\"https:\/\/www.italpassion.fr\/wp-content\/uploads\/2026\/04\/ferrari-conciso-5.jpg\" alt=\"\" class=\"wp-image-49380\" srcset=\"https:\/\/www.italpassion.fr\/wp-content\/uploads\/2026\/04\/ferrari-conciso-5.jpg 1200w, https:\/\/www.italpassion.fr\/wp-content\/uploads\/2026\/04\/ferrari-conciso-5-420x280.jpg 420w, https:\/\/www.italpassion.fr\/wp-content\/uploads\/2026\/04\/ferrari-conciso-5-768x512.jpg 768w, https:\/\/www.italpassion.fr\/wp-content\/uploads\/2026\/04\/ferrari-conciso-5-18x12.jpg 18w\" sizes=\"auto, (max-width: 1200px) 100vw, 1200px\" \/><\/figure>\n\n\n\n<figure class=\"wp-block-image size-full\"><img loading=\"lazy\" decoding=\"async\" width=\"1200\" height=\"800\" src=\"https:\/\/www.italpassion.fr\/wp-content\/uploads\/2026\/04\/ferrari-conciso-11.jpg\" alt=\"\" class=\"wp-image-49383\" srcset=\"https:\/\/www.italpassion.fr\/wp-content\/uploads\/2026\/04\/ferrari-conciso-11.jpg 1200w, https:\/\/www.italpassion.fr\/wp-content\/uploads\/2026\/04\/ferrari-conciso-11-420x280.jpg 420w, https:\/\/www.italpassion.fr\/wp-content\/uploads\/2026\/04\/ferrari-conciso-11-768x512.jpg 768w, https:\/\/www.italpassion.fr\/wp-content\/uploads\/2026\/04\/ferrari-conciso-11-18x12.jpg 18w\" sizes=\"auto, (max-width: 1200px) 100vw, 1200px\" \/><\/figure>\n\n\n\n<p>Apresentado no Sal\u00e3o Autom\u00f3vel de Frankfurt, o Conciso nunca foi concebido para produ\u00e7\u00e3o. Fazia parte de uma era em que os construtores de carro\u00e7arias independentes ainda se atreviam a experimentar sem restri\u00e7\u00f5es, ultrapassando os limites do design autom\u00f3vel. Esta ousadia foi recompensada em 1994 com um pr\u00e9mio nos Eurosign Design Awards.<\/p>\n\n\n\n<p>Depois de ter mudado de m\u00e3os entre coleccionadores europeus e americanos, o carro chegou a ser exposto... num sal\u00e3o privado, como uma obra de arte. Mais recentemente, ressurgiu em leil\u00e3o, com um valor de pouco mais de 117.000 euros em 2017. Hoje, o Ferrari Conciso emerge ocasionalmente das sombras, como \u00e9 atualmente o caso do Petersen Automotive Museum, onde est\u00e1 em exposi\u00e7\u00e3o. Uma rara oportunidade para os curiosos descobrirem este exc\u00eantrico conceito da Ferrari.<\/p>\n\n\n\n<figure class=\"wp-block-embed is-type-video is-provider-youtube wp-block-embed-youtube wp-embed-aspect-16-9 wp-has-aspect-ratio\"><div class=\"wp-block-embed__wrapper\">\n<iframe loading=\"lazy\" title=\"ONE OF ONE | A hist\u00f3ria n\u00e3o contada da constru\u00e7\u00e3o mais exclusiva da Ferrari\" width=\"1200\" height=\"675\" src=\"https:\/\/www.youtube-nocookie.com\/embed\/Q-eG2i0bf2s?feature=oembed\" frameborder=\"0\" allow=\"accelerometer; autoplay; clipboard-write; encrypted-media; gyroscope; picture-in-picture; web-share\" referrerpolicy=\"strict-origin-when-cross-origin\" allowfullscreen><\/iframe>\n<\/div><\/figure>\n\n\n\n<p><\/p>","protected":false},"excerpt":{"rendered":"","protected":false},"author":1,"featured_media":49372,"comment_status":"open","ping_status":"open","sticky":false,"template":"","format":"standard","meta":{"_acf_changed":false,"_sitemap_exclude":false,"_sitemap_priority":"","_sitemap_frequency":"","footnotes":""},"categories":[23],"tags":[785],"class_list":["post-49032","post","type-post","status-publish","format-standard","has-post-thumbnail","hentry","category-ferrari","tag-ferrari-conciso","generate-columns","tablet-grid-50","mobile-grid-100","grid-parent","grid-33"],"acf":[],"yoast_head":"<!-- This site is optimized with the Yoast SEO plugin v25.8 - https:\/\/yoast.com\/wordpress\/plugins\/seo\/ -->\n<title>Cette \u00e9trange Ferrari n&#039;a ni portes ni toit\u2026 et est compar\u00e9e \u00e0 une chaussure - ItalPassion<\/title>\n<meta name=\"description\" content=\"Chez Ferrari, chaque mod\u00e8le rare fait g\u00e9n\u00e9ralement grand bruit. Les one-off de la marque sont scrut\u00e9s, comment\u00e9s, photographi\u00e9s sous tous les angles. Et\" \/>\n<meta name=\"robots\" content=\"index, follow, max-snippet:-1, max-image-preview:large, max-video-preview:-1\" \/>\n<link rel=\"canonical\" href=\"https:\/\/www.italpassion.fr\/pt\/ferrari\/este-estranho-ferrari-nao-tem-portas-nem-teto-e-e-comparado-a-um-sapato\/\" \/>\n<meta property=\"og:locale\" content=\"pt_PT\" \/>\n<meta property=\"og:type\" content=\"article\" \/>\n<meta property=\"og:title\" content=\"Cette \u00e9trange Ferrari n&#039;a ni portes ni toit\u2026 et est compar\u00e9e \u00e0 une chaussure - ItalPassion\" \/>\n<meta property=\"og:description\" content=\"Chez Ferrari, chaque mod\u00e8le rare fait g\u00e9n\u00e9ralement grand bruit. Les one-off de la marque sont scrut\u00e9s, comment\u00e9s, photographi\u00e9s sous tous les angles. Et\" \/>\n<meta property=\"og:url\" content=\"https:\/\/www.italpassion.fr\/pt\/ferrari\/este-estranho-ferrari-nao-tem-portas-nem-teto-e-e-comparado-a-um-sapato\/\" \/>\n<meta property=\"og:site_name\" content=\"ItalPassion\" \/>\n<meta property=\"article:publisher\" content=\"https:\/\/www.facebook.com\/italpassion\" \/>\n<meta property=\"article:published_time\" content=\"2026-04-29T13:03:07+00:00\" \/>\n<meta property=\"og:image\" content=\"https:\/\/www.italpassion.fr\/wp-content\/uploads\/2026\/04\/ferrari-conciso.jpg\" \/>\n\t<meta property=\"og:image:width\" content=\"1200\" \/>\n\t<meta property=\"og:image:height\" content=\"800\" \/>\n\t<meta property=\"og:image:type\" content=\"image\/jpeg\" \/>\n<meta name=\"author\" content=\"Alexandre Filluzeau\" \/>\n<meta name=\"twitter:card\" content=\"summary_large_image\" \/>\n<meta name=\"twitter:creator\" content=\"@italpassion\" \/>\n<meta name=\"twitter:site\" content=\"@italpassion\" \/>\n<script type=\"application\/ld+json\" class=\"yoast-schema-graph\">{\"@context\":\"https:\/\/schema.org\",\"@graph\":[{\"@type\":\"NewsArticle\",\"@id\":\"https:\/\/www.italpassion.fr\/pt\/ferrari\/cette-etrange-ferrari-na-ni-portes-ni-toit-et-est-comparee-a-une-chaussure\/#article\",\"isPartOf\":{\"@id\":\"https:\/\/www.italpassion.fr\/pt\/ferrari\/cette-etrange-ferrari-na-ni-portes-ni-toit-et-est-comparee-a-une-chaussure\/\"},\"author\":{\"name\":\"Alexandre Filluzeau\",\"@id\":\"https:\/\/www.italpassion.fr\/pt\/#\/schema\/person\/36f747b2a759ca202d847e85a9434ca0\"},\"headline\":\"Cette \u00e9trange Ferrari n&rsquo;a ni portes ni toit\u2026 et est compar\u00e9e \u00e0 une chaussure\",\"datePublished\":\"2026-04-29T13:03:07+00:00\",\"mainEntityOfPage\":{\"@id\":\"https:\/\/www.italpassion.fr\/pt\/ferrari\/cette-etrange-ferrari-na-ni-portes-ni-toit-et-est-comparee-a-une-chaussure\/\"},\"wordCount\":597,\"commentCount\":0,\"publisher\":{\"@id\":\"https:\/\/www.italpassion.fr\/pt\/#organization\"},\"image\":{\"@id\":\"https:\/\/www.italpassion.fr\/pt\/ferrari\/cette-etrange-ferrari-na-ni-portes-ni-toit-et-est-comparee-a-une-chaussure\/#primaryimage\"},\"thumbnailUrl\":\"https:\/\/www.italpassion.fr\/wp-content\/uploads\/2026\/04\/ferrari-conciso.jpg\",\"keywords\":[\"Ferrari Conciso\"],\"articleSection\":[\"Ferrari\"],\"inLanguage\":\"pt-PT\",\"potentialAction\":[{\"@type\":\"CommentAction\",\"name\":\"Comment\",\"target\":[\"https:\/\/www.italpassion.fr\/pt\/ferrari\/cette-etrange-ferrari-na-ni-portes-ni-toit-et-est-comparee-a-une-chaussure\/#respond\"]}]},{\"@type\":\"WebPage\",\"@id\":\"https:\/\/www.italpassion.fr\/pt\/ferrari\/cette-etrange-ferrari-na-ni-portes-ni-toit-et-est-comparee-a-une-chaussure\/\",\"url\":\"https:\/\/www.italpassion.fr\/pt\/ferrari\/cette-etrange-ferrari-na-ni-portes-ni-toit-et-est-comparee-a-une-chaussure\/\",\"name\":\"Cette \u00e9trange Ferrari n'a ni portes ni toit\u2026 et est compar\u00e9e \u00e0 une chaussure - ItalPassion\",\"isPartOf\":{\"@id\":\"https:\/\/www.italpassion.fr\/pt\/#website\"},\"primaryImageOfPage\":{\"@id\":\"https:\/\/www.italpassion.fr\/pt\/ferrari\/cette-etrange-ferrari-na-ni-portes-ni-toit-et-est-comparee-a-une-chaussure\/#primaryimage\"},\"image\":{\"@id\":\"https:\/\/www.italpassion.fr\/pt\/ferrari\/cette-etrange-ferrari-na-ni-portes-ni-toit-et-est-comparee-a-une-chaussure\/#primaryimage\"},\"thumbnailUrl\":\"https:\/\/www.italpassion.fr\/wp-content\/uploads\/2026\/04\/ferrari-conciso.jpg\",\"datePublished\":\"2026-04-29T13:03:07+00:00\",\"description\":\"Chez Ferrari, chaque mod\u00e8le rare fait g\u00e9n\u00e9ralement grand bruit. Les one-off de la marque sont scrut\u00e9s, comment\u00e9s, photographi\u00e9s sous tous les angles. Et\",\"breadcrumb\":{\"@id\":\"https:\/\/www.italpassion.fr\/pt\/ferrari\/cette-etrange-ferrari-na-ni-portes-ni-toit-et-est-comparee-a-une-chaussure\/#breadcrumb\"},\"inLanguage\":\"pt-PT\",\"potentialAction\":[{\"@type\":\"ReadAction\",\"target\":[\"https:\/\/www.italpassion.fr\/pt\/ferrari\/cette-etrange-ferrari-na-ni-portes-ni-toit-et-est-comparee-a-une-chaussure\/\"]}]},{\"@type\":\"ImageObject\",\"inLanguage\":\"pt-PT\",\"@id\":\"https:\/\/www.italpassion.fr\/pt\/ferrari\/cette-etrange-ferrari-na-ni-portes-ni-toit-et-est-comparee-a-une-chaussure\/#primaryimage\",\"url\":\"https:\/\/www.italpassion.fr\/wp-content\/uploads\/2026\/04\/ferrari-conciso.jpg\",\"contentUrl\":\"https:\/\/www.italpassion.fr\/wp-content\/uploads\/2026\/04\/ferrari-conciso.jpg\",\"width\":1200,\"height\":800},{\"@type\":\"BreadcrumbList\",\"@id\":\"https:\/\/www.italpassion.fr\/pt\/ferrari\/cette-etrange-ferrari-na-ni-portes-ni-toit-et-est-comparee-a-une-chaussure\/#breadcrumb\",\"itemListElement\":[{\"@type\":\"ListItem\",\"position\":1,\"name\":\"Accueil\",\"item\":\"https:\/\/www.italpassion.fr\/pt\/\"},{\"@type\":\"ListItem\",\"position\":2,\"name\":\"Cette \u00e9trange Ferrari n&rsquo;a ni portes ni toit\u2026 et est compar\u00e9e \u00e0 une chaussure\"}]},{\"@type\":\"WebSite\",\"@id\":\"https:\/\/www.italpassion.fr\/pt\/#website\",\"url\":\"https:\/\/www.italpassion.fr\/pt\/\",\"name\":\"ItalPassion\",\"description\":\"Les Passionn\u00e9s d&#039;Automobiles Italiennes\",\"publisher\":{\"@id\":\"https:\/\/www.italpassion.fr\/pt\/#organization\"},\"potentialAction\":[{\"@type\":\"SearchAction\",\"target\":{\"@type\":\"EntryPoint\",\"urlTemplate\":\"https:\/\/www.italpassion.fr\/pt\/?s={search_term_string}\"},\"query-input\":{\"@type\":\"PropertyValueSpecification\",\"valueRequired\":true,\"valueName\":\"search_term_string\"}}],\"inLanguage\":\"pt-PT\"},{\"@type\":\"Organization\",\"@id\":\"https:\/\/www.italpassion.fr\/pt\/#organization\",\"name\":\"Italpassion\",\"url\":\"https:\/\/www.italpassion.fr\/pt\/\",\"logo\":{\"@type\":\"ImageObject\",\"inLanguage\":\"pt-PT\",\"@id\":\"https:\/\/www.italpassion.fr\/pt\/#\/schema\/logo\/image\/\",\"url\":\"https:\/\/www.italpassion.fr\/wp-content\/uploads\/2023\/07\/italpassion-yoast.jpg\",\"contentUrl\":\"https:\/\/www.italpassion.fr\/wp-content\/uploads\/2023\/07\/italpassion-yoast.jpg\",\"width\":696,\"height\":696,\"caption\":\"Italpassion\"},\"image\":{\"@id\":\"https:\/\/www.italpassion.fr\/pt\/#\/schema\/logo\/image\/\"},\"sameAs\":[\"https:\/\/www.facebook.com\/italpassion\",\"https:\/\/x.com\/italpassion\",\"https:\/\/www.instagram.com\/italpassionfr\/\",\"https:\/\/www.youtube.com\/channel\/UCleq-ByQaA42OjhopwevRjQ\",\"https:\/\/www.facebook.com\/italpassion.en\/\",\"https:\/\/www.facebook.com\/italpassion.it\/\",\"https:\/\/www.facebook.com\/italpassion.de\/\",\"https:\/\/www.facebook.com\/italpassion.ja\/\"]},{\"@type\":\"Person\",\"@id\":\"https:\/\/www.italpassion.fr\/pt\/#\/schema\/person\/36f747b2a759ca202d847e85a9434ca0\",\"name\":\"Alexandre Filluzeau\",\"image\":{\"@type\":\"ImageObject\",\"inLanguage\":\"pt-PT\",\"@id\":\"https:\/\/www.italpassion.fr\/pt\/#\/schema\/person\/image\/\",\"url\":\"https:\/\/www.italpassion.fr\/wp-content\/uploads\/2025\/04\/avatar-alexandre-160x160.jpg\",\"contentUrl\":\"https:\/\/www.italpassion.fr\/wp-content\/uploads\/2025\/04\/avatar-alexandre-160x160.jpg\",\"caption\":\"Alexandre Filluzeau\"},\"description\":\"Fondateur du site ItalPassion, passionn\u00e9 de voitures italiennes et de l'Italie en g\u00e9n\u00e9ral. J'apporte un regard critique et technique aux actualit\u00e9s des marques italiennes quand cela est possible. Propri\u00e9taire d'une Maserati GranTurismo, Alfa Romeo MiTo, Lancia Fulvia et Ducati 695. Ex-propri\u00e9taire d'une Alfa Romeo Giulia.\",\"sameAs\":[\"https:\/\/www.italpassion.fr\/\"],\"url\":\"https:\/\/www.italpassion.fr\/pt\/author\/alexandre\/\"}]}<\/script>\n<!-- \/ Yoast SEO plugin. -->","yoast_head_json":{"title":"Este estranho Ferrari n\u00e3o tem portas nem teto... e \u00e9 comparado a um sapato - ItalPassion","description":"Na Ferrari, todos os modelos raros causam geralmente sensa\u00e7\u00e3o. As pe\u00e7as \u00fanicas da marca s\u00e3o analisadas, comentadas e fotografadas de todos os \u00e2ngulos. E","robots":{"index":"index","follow":"follow","max-snippet":"max-snippet:-1","max-image-preview":"max-image-preview:large","max-video-preview":"max-video-preview:-1"},"canonical":"https:\/\/www.italpassion.fr\/pt\/ferrari\/este-estranho-ferrari-nao-tem-portas-nem-teto-e-e-comparado-a-um-sapato\/","og_locale":"pt_PT","og_type":"article","og_title":"Cette \u00e9trange Ferrari n'a ni portes ni toit\u2026 et est compar\u00e9e \u00e0 une chaussure - ItalPassion","og_description":"Chez Ferrari, chaque mod\u00e8le rare fait g\u00e9n\u00e9ralement grand bruit. Les one-off de la marque sont scrut\u00e9s, comment\u00e9s, photographi\u00e9s sous tous les angles. Et","og_url":"https:\/\/www.italpassion.fr\/pt\/ferrari\/este-estranho-ferrari-nao-tem-portas-nem-teto-e-e-comparado-a-um-sapato\/","og_site_name":"ItalPassion","article_publisher":"https:\/\/www.facebook.com\/italpassion","article_published_time":"2026-04-29T13:03:07+00:00","og_image":[{"width":1200,"height":800,"url":"https:\/\/www.italpassion.fr\/wp-content\/uploads\/2026\/04\/ferrari-conciso.jpg","type":"image\/jpeg"}],"author":"Alexandre Filluzeau","twitter_card":"summary_large_image","twitter_creator":"@italpassion","twitter_site":"@italpassion","schema":{"@context":"https:\/\/schema.org","@graph":[{"@type":"NewsArticle","@id":"https:\/\/www.italpassion.fr\/pt\/ferrari\/cette-etrange-ferrari-na-ni-portes-ni-toit-et-est-comparee-a-une-chaussure\/#article","isPartOf":{"@id":"https:\/\/www.italpassion.fr\/pt\/ferrari\/cette-etrange-ferrari-na-ni-portes-ni-toit-et-est-comparee-a-une-chaussure\/"},"author":{"name":"Alexandre Filluzeau","@id":"https:\/\/www.italpassion.fr\/pt\/#\/schema\/person\/36f747b2a759ca202d847e85a9434ca0"},"headline":"Cette \u00e9trange Ferrari n&rsquo;a ni portes ni toit\u2026 et est compar\u00e9e \u00e0 une chaussure","datePublished":"2026-04-29T13:03:07+00:00","mainEntityOfPage":{"@id":"https:\/\/www.italpassion.fr\/pt\/ferrari\/cette-etrange-ferrari-na-ni-portes-ni-toit-et-est-comparee-a-une-chaussure\/"},"wordCount":597,"commentCount":0,"publisher":{"@id":"https:\/\/www.italpassion.fr\/pt\/#organization"},"image":{"@id":"https:\/\/www.italpassion.fr\/pt\/ferrari\/cette-etrange-ferrari-na-ni-portes-ni-toit-et-est-comparee-a-une-chaussure\/#primaryimage"},"thumbnailUrl":"https:\/\/www.italpassion.fr\/wp-content\/uploads\/2026\/04\/ferrari-conciso.jpg","keywords":["Ferrari Conciso"],"articleSection":["Ferrari"],"inLanguage":"pt-PT","potentialAction":[{"@type":"CommentAction","name":"Comment","target":["https:\/\/www.italpassion.fr\/pt\/ferrari\/cette-etrange-ferrari-na-ni-portes-ni-toit-et-est-comparee-a-une-chaussure\/#respond"]}]},{"@type":"WebPage","@id":"https:\/\/www.italpassion.fr\/pt\/ferrari\/cette-etrange-ferrari-na-ni-portes-ni-toit-et-est-comparee-a-une-chaussure\/","url":"https:\/\/www.italpassion.fr\/pt\/ferrari\/cette-etrange-ferrari-na-ni-portes-ni-toit-et-est-comparee-a-une-chaussure\/","name":"Este estranho Ferrari n\u00e3o tem portas nem teto... e \u00e9 comparado a um sapato - ItalPassion","isPartOf":{"@id":"https:\/\/www.italpassion.fr\/pt\/#website"},"primaryImageOfPage":{"@id":"https:\/\/www.italpassion.fr\/pt\/ferrari\/cette-etrange-ferrari-na-ni-portes-ni-toit-et-est-comparee-a-une-chaussure\/#primaryimage"},"image":{"@id":"https:\/\/www.italpassion.fr\/pt\/ferrari\/cette-etrange-ferrari-na-ni-portes-ni-toit-et-est-comparee-a-une-chaussure\/#primaryimage"},"thumbnailUrl":"https:\/\/www.italpassion.fr\/wp-content\/uploads\/2026\/04\/ferrari-conciso.jpg","datePublished":"2026-04-29T13:03:07+00:00","description":"Na Ferrari, todos os modelos raros causam geralmente sensa\u00e7\u00e3o. As pe\u00e7as \u00fanicas da marca s\u00e3o analisadas, comentadas e fotografadas de todos os \u00e2ngulos. E","breadcrumb":{"@id":"https:\/\/www.italpassion.fr\/pt\/ferrari\/cette-etrange-ferrari-na-ni-portes-ni-toit-et-est-comparee-a-une-chaussure\/#breadcrumb"},"inLanguage":"pt-PT","potentialAction":[{"@type":"ReadAction","target":["https:\/\/www.italpassion.fr\/pt\/ferrari\/cette-etrange-ferrari-na-ni-portes-ni-toit-et-est-comparee-a-une-chaussure\/"]}]},{"@type":"ImageObject","inLanguage":"pt-PT","@id":"https:\/\/www.italpassion.fr\/pt\/ferrari\/cette-etrange-ferrari-na-ni-portes-ni-toit-et-est-comparee-a-une-chaussure\/#primaryimage","url":"https:\/\/www.italpassion.fr\/wp-content\/uploads\/2026\/04\/ferrari-conciso.jpg","contentUrl":"https:\/\/www.italpassion.fr\/wp-content\/uploads\/2026\/04\/ferrari-conciso.jpg","width":1200,"height":800},{"@type":"BreadcrumbList","@id":"https:\/\/www.italpassion.fr\/pt\/ferrari\/cette-etrange-ferrari-na-ni-portes-ni-toit-et-est-comparee-a-une-chaussure\/#breadcrumb","itemListElement":[{"@type":"ListItem","position":1,"name":"Accueil","item":"https:\/\/www.italpassion.fr\/pt\/"},{"@type":"ListItem","position":2,"name":"Cette \u00e9trange Ferrari n&rsquo;a ni portes ni toit\u2026 et est compar\u00e9e \u00e0 une chaussure"}]},{"@type":"WebSite","@id":"https:\/\/www.italpassion.fr\/pt\/#website","url":"https:\/\/www.italpassion.fr\/pt\/","name":"ItalPassion","description":"Entusiastas de autom\u00f3veis italianos","publisher":{"@id":"https:\/\/www.italpassion.fr\/pt\/#organization"},"potentialAction":[{"@type":"SearchAction","target":{"@type":"EntryPoint","urlTemplate":"https:\/\/www.italpassion.fr\/pt\/?s={search_term_string}"},"query-input":{"@type":"PropertyValueSpecification","valueRequired":true,"valueName":"search_term_string"}}],"inLanguage":"pt-PT"},{"@type":"Organization","@id":"https:\/\/www.italpassion.fr\/pt\/#organization","name":"Italpassion","url":"https:\/\/www.italpassion.fr\/pt\/","logo":{"@type":"ImageObject","inLanguage":"pt-PT","@id":"https:\/\/www.italpassion.fr\/pt\/#\/schema\/logo\/image\/","url":"https:\/\/www.italpassion.fr\/wp-content\/uploads\/2023\/07\/italpassion-yoast.jpg","contentUrl":"https:\/\/www.italpassion.fr\/wp-content\/uploads\/2023\/07\/italpassion-yoast.jpg","width":696,"height":696,"caption":"Italpassion"},"image":{"@id":"https:\/\/www.italpassion.fr\/pt\/#\/schema\/logo\/image\/"},"sameAs":["https:\/\/www.facebook.com\/italpassion","https:\/\/x.com\/italpassion","https:\/\/www.instagram.com\/italpassionfr\/","https:\/\/www.youtube.com\/channel\/UCleq-ByQaA42OjhopwevRjQ","https:\/\/www.facebook.com\/italpassion.en\/","https:\/\/www.facebook.com\/italpassion.it\/","https:\/\/www.facebook.com\/italpassion.de\/","https:\/\/www.facebook.com\/italpassion.ja\/"]},{"@type":"Person","@id":"https:\/\/www.italpassion.fr\/pt\/#\/schema\/person\/36f747b2a759ca202d847e85a9434ca0","name":"Alexandre Filluzeau","image":{"@type":"ImageObject","inLanguage":"pt-PT","@id":"https:\/\/www.italpassion.fr\/pt\/#\/schema\/person\/image\/","url":"https:\/\/www.italpassion.fr\/wp-content\/uploads\/2025\/04\/avatar-alexandre-160x160.jpg","contentUrl":"https:\/\/www.italpassion.fr\/wp-content\/uploads\/2025\/04\/avatar-alexandre-160x160.jpg","caption":"Alexandre Filluzeau"},"description":"Fundador do site ItalPassion, apaixonado por carros italianos e pela It\u00e1lia em geral. Trago um olhar cr\u00edtico e t\u00e9cnico \u00e0s not\u00edcias das marcas italianas, sempre que poss\u00edvel. Propriet\u00e1ria de um Maserati GranTurismo, Alfa Romeo MiTo, Lancia Fulvia e Ducati 695. Ex-propriet\u00e1rio de uma Alfa Romeo Giulia.","sameAs":["https:\/\/www.italpassion.fr\/"],"url":"https:\/\/www.italpassion.fr\/pt\/author\/alexandre\/"}]}},"_links":{"self":[{"href":"https:\/\/www.italpassion.fr\/pt\/wp-json\/wp\/v2\/posts\/49032","targetHints":{"allow":["GET"]}}],"collection":[{"href":"https:\/\/www.italpassion.fr\/pt\/wp-json\/wp\/v2\/posts"}],"about":[{"href":"https:\/\/www.italpassion.fr\/pt\/wp-json\/wp\/v2\/types\/post"}],"author":[{"embeddable":true,"href":"https:\/\/www.italpassion.fr\/pt\/wp-json\/wp\/v2\/users\/1"}],"replies":[{"embeddable":true,"href":"https:\/\/www.italpassion.fr\/pt\/wp-json\/wp\/v2\/comments?post=49032"}],"version-history":[{"count":3,"href":"https:\/\/www.italpassion.fr\/pt\/wp-json\/wp\/v2\/posts\/49032\/revisions"}],"predecessor-version":[{"id":49385,"href":"https:\/\/www.italpassion.fr\/pt\/wp-json\/wp\/v2\/posts\/49032\/revisions\/49385"}],"wp:featuredmedia":[{"embeddable":true,"href":"https:\/\/www.italpassion.fr\/pt\/wp-json\/wp\/v2\/media\/49372"}],"wp:attachment":[{"href":"https:\/\/www.italpassion.fr\/pt\/wp-json\/wp\/v2\/media?parent=49032"}],"wp:term":[{"taxonomy":"category","embeddable":true,"href":"https:\/\/www.italpassion.fr\/pt\/wp-json\/wp\/v2\/categories?post=49032"},{"taxonomy":"post_tag","embeddable":true,"href":"https:\/\/www.italpassion.fr\/pt\/wp-json\/wp\/v2\/tags?post=49032"}],"curies":[{"name":"wp","href":"https:\/\/api.w.org\/{rel}","templated":true}]}}