{"id":47568,"date":"2026-03-16T11:56:40","date_gmt":"2026-03-16T10:56:40","guid":{"rendered":"https:\/\/www.italpassion.fr\/?p=47568"},"modified":"2026-03-16T10:51:35","modified_gmt":"2026-03-16T09:51:35","slug":"o-diretor-de-design-de-stellantis-revela-que-os-futuros-maseratis-serao-radicalmente-diferentes-muito-futuristas-e-nada-parecidos-com-o-que-tivemos-ate-agora","status":"publish","type":"post","link":"https:\/\/www.italpassion.fr\/pt\/maserati\/le-directeur-du-design-de-stellantis-revele-que-les-futures-maserati-seront-radicalement-differentes-tres-futuristes-et-rien-de-ce-que-nous-avons-eu-jusquici\/","title":{"rendered":"O diretor de design da Stellantis revela que os futuros Maseratis ser\u00e3o radicalmente diferentes... \u00abmuito futuristas e nada como os que tivemos antes\u00bb"},"content":{"rendered":"<figure class=\"wp-block-image size-full\"><img loading=\"lazy\" decoding=\"async\" width=\"1200\" height=\"800\" src=\"https:\/\/www.italpassion.fr\/wp-content\/uploads\/2026\/03\/maserati-granturismo-folgore-luce.jpg\" alt=\"\" class=\"wp-image-47569\" srcset=\"https:\/\/www.italpassion.fr\/wp-content\/uploads\/2026\/03\/maserati-granturismo-folgore-luce.jpg 1200w, https:\/\/www.italpassion.fr\/wp-content\/uploads\/2026\/03\/maserati-granturismo-folgore-luce-420x280.jpg 420w, https:\/\/www.italpassion.fr\/wp-content\/uploads\/2026\/03\/maserati-granturismo-folgore-luce-768x512.jpg 768w, https:\/\/www.italpassion.fr\/wp-content\/uploads\/2026\/03\/maserati-granturismo-folgore-luce-18x12.jpg 18w\" sizes=\"auto, (max-width: 1200px) 100vw, 1200px\" \/><\/figure>\n\n\n\n<p>Enquanto o futuro da <a href=\"https:\/\/www.italpassion.fr\/pt\/maserati\/\">Maserati<\/a> tem levantado muitas quest\u00f5es nos \u00faltimos anos, uma declara\u00e7\u00e3o recente de <a href=\"https:\/\/www.italpassion.fr\/pt\/etiqueta\/ralph-gilles\/\">Ralph Gilles<\/a> poderia muito bem reavivar o interesse pela marca Trident. O diretor de design da <a href=\"https:\/\/www.italpassion.fr\/pt\/stellantis\/\">Stellantis<\/a> deu uma entrevista aos meios de comunica\u00e7\u00e3o social <em>Not\u00edcias de design autom\u00f3vel<\/em> no qual fala sobre a evolu\u00e7\u00e3o das marcas do Grupo... e deixa antever uma profunda transforma\u00e7\u00e3o para a Maserati.<\/p>\n\n\n\n<p>Segundo ele, os pr\u00f3ximos modelos da marca italiana ser\u00e3o radicalmente diferentes dos que conhecemos atualmente.<\/p>\n\n\n\n<h2 class=\"wp-block-heading\">Maserati, o laborat\u00f3rio de tecnologia Stellantis<\/h2>\n\n\n\n<p>Nesta entrevista, Ralph Gilles explica que a Maserati est\u00e1 agora no centro do pensamento criativo do Stellantis Group. Para o designer, a marca deve tornar-se um verdadeiro campo de experimenta\u00e7\u00e3o, capaz de explorar novas ideias sem restri\u00e7\u00f5es.<\/p>\n\n\n\n<p>Afirma que os futuros modelos Maserati est\u00e3o atualmente a ser concebidos e que n\u00e3o ter\u00e3o qualquer semelhan\u00e7a com as gera\u00e7\u00f5es actuais.<\/p>\n\n\n\n<blockquote class=\"wp-block-quote is-layout-flow wp-block-quote-is-layout-flow\"><svg aria-hidden=\"true\" focusable=\"false\" class=\"icon icon-quote\" width=\"48\" height=\"48\"><use xlink:href=\"#icon-quote\"><\/use><\/svg>\n<p>\u00abEstamos a conceber a pr\u00f3xima gera\u00e7\u00e3o de Maseratis e n\u00e3o se assemelham a nada do que j\u00e1 tivemos antes. Ser\u00e3o muito futuristas e far\u00e3o uma nova afirma\u00e7\u00e3o.\u00bb<\/p>\n<\/blockquote>\n\n\n\n<p>Na sua opini\u00e3o, a Maserati tem um papel especial a desempenhar no Grupo: o de um laborat\u00f3rio onde todas as tecnologias dispon\u00edveis podem ser testadas.<\/p>\n\n\n\n<blockquote class=\"wp-block-quote is-layout-flow wp-block-quote-is-layout-flow\"><svg aria-hidden=\"true\" focusable=\"false\" class=\"icon icon-quote\" width=\"48\" height=\"48\"><use xlink:href=\"#icon-quote\"><\/use><\/svg>\n<p>\u00abA Maserati \u00e9 o local onde temos de jogar com todas as ferramentas tecnol\u00f3gicas dispon\u00edveis na Stellantis, quer fa\u00e7a sentido comercialmente ou n\u00e3o.\u00bb<\/p>\n<\/blockquote>\n\n\n\n<p>Uma vis\u00e3o que posiciona claramente a marca como uma montra tecnol\u00f3gica e estil\u00edstica.<\/p>\n\n\n\n<h2 class=\"wp-block-heading\">A marca est\u00e1 pronta para uma \u00abviragem completa\u00bb.\u00bb<\/h2>\n\n\n\n<p>Ralph Gilles vai ainda mais longe, explicando que a Maserati est\u00e1 \u00abpronta para uma viragem completa\u00bb. Por outras palavras, a marca poder\u00e1 mudar radicalmente a sua dire\u00e7\u00e3o estil\u00edstica e tecnol\u00f3gica nos pr\u00f3ximos anos.<\/p>\n\n\n\n<p>Este reposicionamento faz parte de uma reformula\u00e7\u00e3o global da Stellantis para melhor diferenciar as suas muitas marcas. Com catorze marcas a gerir em todo o mundo, Gilles reconhece que algumas sofrem atualmente de uma certa sobreposi\u00e7\u00e3o, nomeadamente na Europa. Para ele, o objetivo \u00e9 claro: refor\u00e7ar a identidade de cada marca para que os clientes tenham uma liga\u00e7\u00e3o emocional com elas.<\/p>\n\n\n\n<p>\u00abAs marcas s\u00e3o rei\u00bb, explica, sublinhando a import\u00e2ncia de preservar o seu ADN e de lhes dar uma assinatura \u00fanica.<\/p>\n\n\n\n<h2 class=\"wp-block-heading\">Fazer o que as grandes marcas de luxo fazem<\/h2>\n\n\n\n<p>Ao imaginar esta nova dire\u00e7\u00e3o, Ralph Gilles est\u00e1 tamb\u00e9m a olhar para o que est\u00e1 a ser feito noutros sectores da ind\u00fastria autom\u00f3vel, particularmente por marcas de prest\u00edgio.<\/p>\n\n\n\n<p>Ele cita a Cadillac e o seu espetacular Celestiq como um exemplo de um autom\u00f3vel que, na sua opini\u00e3o, remonta aos dias em que certos modelos criavam um verdadeiro efeito \u00abuau\u00bb na estrada. Esta abordagem poder\u00e1 influenciar o futuro da Maserati: autom\u00f3veis mais ousados, mais tecnol\u00f3gicos e capazes de impressionar.<\/p>\n\n\n\n<p>Gilles fala mesmo de uma nova era no sector autom\u00f3vel, que ele descreve como um per\u00edodo de \u00abporque n\u00e3o\u00bb. Uma altura em que os fabricantes podem dar-se ao luxo de experimentar e ser mais criativos.<\/p>\n\n\n\n<p>Para al\u00e9m do design puro, Ralph Gilles tamb\u00e9m imagina um futuro em que o autom\u00f3vel entra numa nova fase de evolu\u00e7\u00e3o tecnol\u00f3gica. Na sua opini\u00e3o, a intelig\u00eancia artificial poder\u00e1 transformar profundamente a rela\u00e7\u00e3o entre o automobilista e o seu ve\u00edculo. Chega mesmo a evocar um efeito \u00abKnight Rider\u00bb, em refer\u00eancia \u00e0 famosa s\u00e9rie em que o carro interage diretamente com o seu condutor.<\/p>\n\n\n\n<p>A ideia seria combinar um design emocional, materiais interiores sofisticados e intelig\u00eancia a bordo para criar uma rela\u00e7\u00e3o quase pessoal entre o autom\u00f3vel e o seu propriet\u00e1rio. Se esta vis\u00e3o se tornar realidade, a Maserati poder\u00e1 muito bem tornar-se numa das marcas mais experimentais do Grupo.<\/p>\n\n\n\n<h2 class=\"wp-block-heading\">Uma transforma\u00e7\u00e3o que permanece um mist\u00e9rio<\/h2>\n\n\n\n<p>De momento, Ralph Gilles n\u00e3o est\u00e1 obviamente a dar quaisquer detalhes precisos sobre os futuros modelos Maserati. Mas as suas declara\u00e7\u00f5es sugerem que a pr\u00f3xima gera\u00e7\u00e3o de autom\u00f3veis poder\u00e1 romper com os c\u00f3digos actuais da marca.<\/p>\n\n\n\n<p>Com o seu design futurista, tecnologias avan\u00e7adas e papel de laborat\u00f3rio para Stellantis, a Maserati parece destinada a entrar numa nova fase da sua hist\u00f3ria. Resta agora saber se estas ambi\u00e7\u00f5es se traduzir\u00e3o em ac\u00e7\u00f5es concretas na estrada nos pr\u00f3ximos anos.<\/p>","protected":false},"excerpt":{"rendered":"","protected":false},"author":1,"featured_media":47569,"comment_status":"open","ping_status":"open","sticky":false,"template":"","format":"standard","meta":{"_acf_changed":false,"_sitemap_exclude":false,"_sitemap_priority":"","_sitemap_frequency":"","footnotes":""},"categories":[27],"tags":[],"class_list":["post-47568","post","type-post","status-publish","format-standard","has-post-thumbnail","hentry","category-maserati","generate-columns","tablet-grid-50","mobile-grid-100","grid-parent","grid-33"],"acf":[],"yoast_head":"<!-- This site is optimized with the Yoast SEO plugin v25.8 - https:\/\/yoast.com\/wordpress\/plugins\/seo\/ -->\n<title>Le directeur du design de Stellantis r\u00e9v\u00e8le que les futures Maserati seront radicalement diff\u00e9rentes\u2026 &quot;tr\u00e8s futuristes et rien de ce que nous avons eu jusqu\u2019ici&quot; - ItalPassion<\/title>\n<meta name=\"description\" content=\"Alors que l\u2019avenir de Maserati suscite de nombreuses interrogations ces derni\u00e8res ann\u00e9es, une d\u00e9claration r\u00e9cente de Ralph Gilles pourrait bien relancer\" \/>\n<meta name=\"robots\" content=\"index, follow, max-snippet:-1, max-image-preview:large, max-video-preview:-1\" \/>\n<link rel=\"canonical\" href=\"https:\/\/www.italpassion.fr\/pt\/maserati\/o-diretor-de-design-de-stellantis-revela-que-os-futuros-maseratis-serao-radicalmente-diferentes-muito-futuristas-e-nada-parecidos-com-o-que-tivemos-ate-agora\/\" \/>\n<meta property=\"og:locale\" content=\"pt_PT\" \/>\n<meta property=\"og:type\" content=\"article\" \/>\n<meta property=\"og:title\" content=\"Le directeur du design de Stellantis r\u00e9v\u00e8le que les futures Maserati seront radicalement diff\u00e9rentes\u2026 &quot;tr\u00e8s futuristes et rien de ce que nous avons eu jusqu\u2019ici&quot; - ItalPassion\" \/>\n<meta property=\"og:description\" content=\"Alors que l\u2019avenir de Maserati suscite de nombreuses interrogations ces derni\u00e8res ann\u00e9es, une d\u00e9claration r\u00e9cente de Ralph Gilles pourrait bien relancer\" \/>\n<meta property=\"og:url\" content=\"https:\/\/www.italpassion.fr\/pt\/maserati\/o-diretor-de-design-de-stellantis-revela-que-os-futuros-maseratis-serao-radicalmente-diferentes-muito-futuristas-e-nada-parecidos-com-o-que-tivemos-ate-agora\/\" \/>\n<meta property=\"og:site_name\" content=\"ItalPassion\" \/>\n<meta property=\"article:publisher\" content=\"https:\/\/www.facebook.com\/italpassion\" \/>\n<meta property=\"article:published_time\" content=\"2026-03-16T10:56:40+00:00\" \/>\n<meta property=\"og:image\" content=\"https:\/\/www.italpassion.fr\/wp-content\/uploads\/2026\/03\/maserati-granturismo-folgore-luce.jpg\" \/>\n\t<meta property=\"og:image:width\" content=\"1200\" \/>\n\t<meta property=\"og:image:height\" content=\"800\" \/>\n\t<meta property=\"og:image:type\" content=\"image\/jpeg\" \/>\n<meta name=\"author\" content=\"Alexandre Filluzeau\" \/>\n<meta name=\"twitter:card\" content=\"summary_large_image\" \/>\n<meta name=\"twitter:creator\" content=\"@italpassion\" \/>\n<meta name=\"twitter:site\" content=\"@italpassion\" \/>\n<script type=\"application\/ld+json\" class=\"yoast-schema-graph\">{\"@context\":\"https:\/\/schema.org\",\"@graph\":[{\"@type\":\"NewsArticle\",\"@id\":\"https:\/\/www.italpassion.fr\/pt\/maserati\/le-directeur-du-design-de-stellantis-revele-que-les-futures-maserati-seront-radicalement-differentes-tres-futuristes-et-rien-de-ce-que-nous-avons-eu-jusquici\/#article\",\"isPartOf\":{\"@id\":\"https:\/\/www.italpassion.fr\/pt\/maserati\/le-directeur-du-design-de-stellantis-revele-que-les-futures-maserati-seront-radicalement-differentes-tres-futuristes-et-rien-de-ce-que-nous-avons-eu-jusquici\/\"},\"author\":{\"name\":\"Alexandre Filluzeau\",\"@id\":\"https:\/\/www.italpassion.fr\/pt\/#\/schema\/person\/36f747b2a759ca202d847e85a9434ca0\"},\"headline\":\"Le directeur du design de Stellantis r\u00e9v\u00e8le que les futures Maserati seront radicalement diff\u00e9rentes\u2026 \u00ab\u00a0tr\u00e8s futuristes et rien de ce que nous avons eu jusqu\u2019ici\u00a0\u00bb\",\"datePublished\":\"2026-03-16T10:56:40+00:00\",\"mainEntityOfPage\":{\"@id\":\"https:\/\/www.italpassion.fr\/pt\/maserati\/le-directeur-du-design-de-stellantis-revele-que-les-futures-maserati-seront-radicalement-differentes-tres-futuristes-et-rien-de-ce-que-nous-avons-eu-jusquici\/\"},\"wordCount\":753,\"commentCount\":13,\"publisher\":{\"@id\":\"https:\/\/www.italpassion.fr\/pt\/#organization\"},\"image\":{\"@id\":\"https:\/\/www.italpassion.fr\/pt\/maserati\/le-directeur-du-design-de-stellantis-revele-que-les-futures-maserati-seront-radicalement-differentes-tres-futuristes-et-rien-de-ce-que-nous-avons-eu-jusquici\/#primaryimage\"},\"thumbnailUrl\":\"https:\/\/www.italpassion.fr\/wp-content\/uploads\/2026\/03\/maserati-granturismo-folgore-luce.jpg\",\"articleSection\":[\"Maserati\"],\"inLanguage\":\"pt-PT\",\"potentialAction\":[{\"@type\":\"CommentAction\",\"name\":\"Comment\",\"target\":[\"https:\/\/www.italpassion.fr\/pt\/maserati\/le-directeur-du-design-de-stellantis-revele-que-les-futures-maserati-seront-radicalement-differentes-tres-futuristes-et-rien-de-ce-que-nous-avons-eu-jusquici\/#respond\"]}]},{\"@type\":\"WebPage\",\"@id\":\"https:\/\/www.italpassion.fr\/pt\/maserati\/le-directeur-du-design-de-stellantis-revele-que-les-futures-maserati-seront-radicalement-differentes-tres-futuristes-et-rien-de-ce-que-nous-avons-eu-jusquici\/\",\"url\":\"https:\/\/www.italpassion.fr\/pt\/maserati\/le-directeur-du-design-de-stellantis-revele-que-les-futures-maserati-seront-radicalement-differentes-tres-futuristes-et-rien-de-ce-que-nous-avons-eu-jusquici\/\",\"name\":\"Le directeur du design de Stellantis r\u00e9v\u00e8le que les futures Maserati seront radicalement diff\u00e9rentes\u2026 \\\"tr\u00e8s futuristes et rien de ce que nous avons eu jusqu\u2019ici\\\" - ItalPassion\",\"isPartOf\":{\"@id\":\"https:\/\/www.italpassion.fr\/pt\/#website\"},\"primaryImageOfPage\":{\"@id\":\"https:\/\/www.italpassion.fr\/pt\/maserati\/le-directeur-du-design-de-stellantis-revele-que-les-futures-maserati-seront-radicalement-differentes-tres-futuristes-et-rien-de-ce-que-nous-avons-eu-jusquici\/#primaryimage\"},\"image\":{\"@id\":\"https:\/\/www.italpassion.fr\/pt\/maserati\/le-directeur-du-design-de-stellantis-revele-que-les-futures-maserati-seront-radicalement-differentes-tres-futuristes-et-rien-de-ce-que-nous-avons-eu-jusquici\/#primaryimage\"},\"thumbnailUrl\":\"https:\/\/www.italpassion.fr\/wp-content\/uploads\/2026\/03\/maserati-granturismo-folgore-luce.jpg\",\"datePublished\":\"2026-03-16T10:56:40+00:00\",\"description\":\"Alors que l\u2019avenir de Maserati suscite de nombreuses interrogations ces derni\u00e8res ann\u00e9es, une d\u00e9claration r\u00e9cente de Ralph Gilles pourrait bien relancer\",\"breadcrumb\":{\"@id\":\"https:\/\/www.italpassion.fr\/pt\/maserati\/le-directeur-du-design-de-stellantis-revele-que-les-futures-maserati-seront-radicalement-differentes-tres-futuristes-et-rien-de-ce-que-nous-avons-eu-jusquici\/#breadcrumb\"},\"inLanguage\":\"pt-PT\",\"potentialAction\":[{\"@type\":\"ReadAction\",\"target\":[\"https:\/\/www.italpassion.fr\/pt\/maserati\/le-directeur-du-design-de-stellantis-revele-que-les-futures-maserati-seront-radicalement-differentes-tres-futuristes-et-rien-de-ce-que-nous-avons-eu-jusquici\/\"]}]},{\"@type\":\"ImageObject\",\"inLanguage\":\"pt-PT\",\"@id\":\"https:\/\/www.italpassion.fr\/pt\/maserati\/le-directeur-du-design-de-stellantis-revele-que-les-futures-maserati-seront-radicalement-differentes-tres-futuristes-et-rien-de-ce-que-nous-avons-eu-jusquici\/#primaryimage\",\"url\":\"https:\/\/www.italpassion.fr\/wp-content\/uploads\/2026\/03\/maserati-granturismo-folgore-luce.jpg\",\"contentUrl\":\"https:\/\/www.italpassion.fr\/wp-content\/uploads\/2026\/03\/maserati-granturismo-folgore-luce.jpg\",\"width\":1200,\"height\":800},{\"@type\":\"BreadcrumbList\",\"@id\":\"https:\/\/www.italpassion.fr\/pt\/maserati\/le-directeur-du-design-de-stellantis-revele-que-les-futures-maserati-seront-radicalement-differentes-tres-futuristes-et-rien-de-ce-que-nous-avons-eu-jusquici\/#breadcrumb\",\"itemListElement\":[{\"@type\":\"ListItem\",\"position\":1,\"name\":\"Accueil\",\"item\":\"https:\/\/www.italpassion.fr\/pt\/\"},{\"@type\":\"ListItem\",\"position\":2,\"name\":\"Le directeur du design de Stellantis r\u00e9v\u00e8le que les futures Maserati seront radicalement diff\u00e9rentes\u2026 \u00ab\u00a0tr\u00e8s futuristes et rien de ce que nous avons eu jusqu\u2019ici\u00a0\u00bb\"}]},{\"@type\":\"WebSite\",\"@id\":\"https:\/\/www.italpassion.fr\/pt\/#website\",\"url\":\"https:\/\/www.italpassion.fr\/pt\/\",\"name\":\"ItalPassion\",\"description\":\"Les Passionn\u00e9s d&#039;Automobiles Italiennes\",\"publisher\":{\"@id\":\"https:\/\/www.italpassion.fr\/pt\/#organization\"},\"potentialAction\":[{\"@type\":\"SearchAction\",\"target\":{\"@type\":\"EntryPoint\",\"urlTemplate\":\"https:\/\/www.italpassion.fr\/pt\/?s={search_term_string}\"},\"query-input\":{\"@type\":\"PropertyValueSpecification\",\"valueRequired\":true,\"valueName\":\"search_term_string\"}}],\"inLanguage\":\"pt-PT\"},{\"@type\":\"Organization\",\"@id\":\"https:\/\/www.italpassion.fr\/pt\/#organization\",\"name\":\"Italpassion\",\"url\":\"https:\/\/www.italpassion.fr\/pt\/\",\"logo\":{\"@type\":\"ImageObject\",\"inLanguage\":\"pt-PT\",\"@id\":\"https:\/\/www.italpassion.fr\/pt\/#\/schema\/logo\/image\/\",\"url\":\"https:\/\/www.italpassion.fr\/wp-content\/uploads\/2023\/07\/italpassion-yoast.jpg\",\"contentUrl\":\"https:\/\/www.italpassion.fr\/wp-content\/uploads\/2023\/07\/italpassion-yoast.jpg\",\"width\":696,\"height\":696,\"caption\":\"Italpassion\"},\"image\":{\"@id\":\"https:\/\/www.italpassion.fr\/pt\/#\/schema\/logo\/image\/\"},\"sameAs\":[\"https:\/\/www.facebook.com\/italpassion\",\"https:\/\/x.com\/italpassion\",\"https:\/\/www.instagram.com\/italpassionfr\/\",\"https:\/\/www.youtube.com\/channel\/UCleq-ByQaA42OjhopwevRjQ\",\"https:\/\/www.facebook.com\/italpassion.en\/\",\"https:\/\/www.facebook.com\/italpassion.it\/\",\"https:\/\/www.facebook.com\/italpassion.de\/\",\"https:\/\/www.facebook.com\/italpassion.ja\/\"]},{\"@type\":\"Person\",\"@id\":\"https:\/\/www.italpassion.fr\/pt\/#\/schema\/person\/36f747b2a759ca202d847e85a9434ca0\",\"name\":\"Alexandre Filluzeau\",\"image\":{\"@type\":\"ImageObject\",\"inLanguage\":\"pt-PT\",\"@id\":\"https:\/\/www.italpassion.fr\/pt\/#\/schema\/person\/image\/\",\"url\":\"https:\/\/www.italpassion.fr\/wp-content\/uploads\/2025\/04\/avatar-alexandre-160x160.jpg\",\"contentUrl\":\"https:\/\/www.italpassion.fr\/wp-content\/uploads\/2025\/04\/avatar-alexandre-160x160.jpg\",\"caption\":\"Alexandre Filluzeau\"},\"description\":\"Fondateur du site ItalPassion, passionn\u00e9 de voitures italiennes et de l'Italie en g\u00e9n\u00e9ral. J'apporte un regard critique et technique aux actualit\u00e9s des marques italiennes quand cela est possible. Propri\u00e9taire d'une Maserati GranTurismo, Alfa Romeo MiTo, Lancia Fulvia et Ducati 695. Ex-propri\u00e9taire d'une Alfa Romeo Giulia.\",\"sameAs\":[\"https:\/\/www.italpassion.fr\/\"],\"url\":\"https:\/\/www.italpassion.fr\/pt\/author\/alexandre\/\"}]}<\/script>\n<!-- \/ Yoast SEO plugin. -->","yoast_head_json":{"title":"O diretor de design da Stellantis revela que os futuros Maseratis ser\u00e3o radicalmente diferentes... \"muito futuristas e nada como os que tivemos antes\" - ItalPassion","description":"Embora o futuro da Maserati tenha sido objeto de muita especula\u00e7\u00e3o nos \u00faltimos anos, uma declara\u00e7\u00e3o recente de Ralph Gilles poderia muito bem reavivar as fortunas da empresa.","robots":{"index":"index","follow":"follow","max-snippet":"max-snippet:-1","max-image-preview":"max-image-preview:large","max-video-preview":"max-video-preview:-1"},"canonical":"https:\/\/www.italpassion.fr\/pt\/maserati\/o-diretor-de-design-de-stellantis-revela-que-os-futuros-maseratis-serao-radicalmente-diferentes-muito-futuristas-e-nada-parecidos-com-o-que-tivemos-ate-agora\/","og_locale":"pt_PT","og_type":"article","og_title":"Le directeur du design de Stellantis r\u00e9v\u00e8le que les futures Maserati seront radicalement diff\u00e9rentes\u2026 \"tr\u00e8s futuristes et rien de ce que nous avons eu jusqu\u2019ici\" - ItalPassion","og_description":"Alors que l\u2019avenir de Maserati suscite de nombreuses interrogations ces derni\u00e8res ann\u00e9es, une d\u00e9claration r\u00e9cente de Ralph Gilles pourrait bien relancer","og_url":"https:\/\/www.italpassion.fr\/pt\/maserati\/o-diretor-de-design-de-stellantis-revela-que-os-futuros-maseratis-serao-radicalmente-diferentes-muito-futuristas-e-nada-parecidos-com-o-que-tivemos-ate-agora\/","og_site_name":"ItalPassion","article_publisher":"https:\/\/www.facebook.com\/italpassion","article_published_time":"2026-03-16T10:56:40+00:00","og_image":[{"width":1200,"height":800,"url":"https:\/\/www.italpassion.fr\/wp-content\/uploads\/2026\/03\/maserati-granturismo-folgore-luce.jpg","type":"image\/jpeg"}],"author":"Alexandre Filluzeau","twitter_card":"summary_large_image","twitter_creator":"@italpassion","twitter_site":"@italpassion","schema":{"@context":"https:\/\/schema.org","@graph":[{"@type":"NewsArticle","@id":"https:\/\/www.italpassion.fr\/pt\/maserati\/le-directeur-du-design-de-stellantis-revele-que-les-futures-maserati-seront-radicalement-differentes-tres-futuristes-et-rien-de-ce-que-nous-avons-eu-jusquici\/#article","isPartOf":{"@id":"https:\/\/www.italpassion.fr\/pt\/maserati\/le-directeur-du-design-de-stellantis-revele-que-les-futures-maserati-seront-radicalement-differentes-tres-futuristes-et-rien-de-ce-que-nous-avons-eu-jusquici\/"},"author":{"name":"Alexandre Filluzeau","@id":"https:\/\/www.italpassion.fr\/pt\/#\/schema\/person\/36f747b2a759ca202d847e85a9434ca0"},"headline":"Le directeur du design de Stellantis r\u00e9v\u00e8le que les futures Maserati seront radicalement diff\u00e9rentes\u2026 \u00ab\u00a0tr\u00e8s futuristes et rien de ce que nous avons eu jusqu\u2019ici\u00a0\u00bb","datePublished":"2026-03-16T10:56:40+00:00","mainEntityOfPage":{"@id":"https:\/\/www.italpassion.fr\/pt\/maserati\/le-directeur-du-design-de-stellantis-revele-que-les-futures-maserati-seront-radicalement-differentes-tres-futuristes-et-rien-de-ce-que-nous-avons-eu-jusquici\/"},"wordCount":753,"commentCount":13,"publisher":{"@id":"https:\/\/www.italpassion.fr\/pt\/#organization"},"image":{"@id":"https:\/\/www.italpassion.fr\/pt\/maserati\/le-directeur-du-design-de-stellantis-revele-que-les-futures-maserati-seront-radicalement-differentes-tres-futuristes-et-rien-de-ce-que-nous-avons-eu-jusquici\/#primaryimage"},"thumbnailUrl":"https:\/\/www.italpassion.fr\/wp-content\/uploads\/2026\/03\/maserati-granturismo-folgore-luce.jpg","articleSection":["Maserati"],"inLanguage":"pt-PT","potentialAction":[{"@type":"CommentAction","name":"Comment","target":["https:\/\/www.italpassion.fr\/pt\/maserati\/le-directeur-du-design-de-stellantis-revele-que-les-futures-maserati-seront-radicalement-differentes-tres-futuristes-et-rien-de-ce-que-nous-avons-eu-jusquici\/#respond"]}]},{"@type":"WebPage","@id":"https:\/\/www.italpassion.fr\/pt\/maserati\/le-directeur-du-design-de-stellantis-revele-que-les-futures-maserati-seront-radicalement-differentes-tres-futuristes-et-rien-de-ce-que-nous-avons-eu-jusquici\/","url":"https:\/\/www.italpassion.fr\/pt\/maserati\/le-directeur-du-design-de-stellantis-revele-que-les-futures-maserati-seront-radicalement-differentes-tres-futuristes-et-rien-de-ce-que-nous-avons-eu-jusquici\/","name":"O diretor de design da Stellantis revela que os futuros Maseratis ser\u00e3o radicalmente diferentes... \"muito futuristas e nada como os que tivemos antes\" - ItalPassion","isPartOf":{"@id":"https:\/\/www.italpassion.fr\/pt\/#website"},"primaryImageOfPage":{"@id":"https:\/\/www.italpassion.fr\/pt\/maserati\/le-directeur-du-design-de-stellantis-revele-que-les-futures-maserati-seront-radicalement-differentes-tres-futuristes-et-rien-de-ce-que-nous-avons-eu-jusquici\/#primaryimage"},"image":{"@id":"https:\/\/www.italpassion.fr\/pt\/maserati\/le-directeur-du-design-de-stellantis-revele-que-les-futures-maserati-seront-radicalement-differentes-tres-futuristes-et-rien-de-ce-que-nous-avons-eu-jusquici\/#primaryimage"},"thumbnailUrl":"https:\/\/www.italpassion.fr\/wp-content\/uploads\/2026\/03\/maserati-granturismo-folgore-luce.jpg","datePublished":"2026-03-16T10:56:40+00:00","description":"Embora o futuro da Maserati tenha sido objeto de muita especula\u00e7\u00e3o nos \u00faltimos anos, uma declara\u00e7\u00e3o recente de Ralph Gilles poderia muito bem reavivar as fortunas da empresa.","breadcrumb":{"@id":"https:\/\/www.italpassion.fr\/pt\/maserati\/le-directeur-du-design-de-stellantis-revele-que-les-futures-maserati-seront-radicalement-differentes-tres-futuristes-et-rien-de-ce-que-nous-avons-eu-jusquici\/#breadcrumb"},"inLanguage":"pt-PT","potentialAction":[{"@type":"ReadAction","target":["https:\/\/www.italpassion.fr\/pt\/maserati\/le-directeur-du-design-de-stellantis-revele-que-les-futures-maserati-seront-radicalement-differentes-tres-futuristes-et-rien-de-ce-que-nous-avons-eu-jusquici\/"]}]},{"@type":"ImageObject","inLanguage":"pt-PT","@id":"https:\/\/www.italpassion.fr\/pt\/maserati\/le-directeur-du-design-de-stellantis-revele-que-les-futures-maserati-seront-radicalement-differentes-tres-futuristes-et-rien-de-ce-que-nous-avons-eu-jusquici\/#primaryimage","url":"https:\/\/www.italpassion.fr\/wp-content\/uploads\/2026\/03\/maserati-granturismo-folgore-luce.jpg","contentUrl":"https:\/\/www.italpassion.fr\/wp-content\/uploads\/2026\/03\/maserati-granturismo-folgore-luce.jpg","width":1200,"height":800},{"@type":"BreadcrumbList","@id":"https:\/\/www.italpassion.fr\/pt\/maserati\/le-directeur-du-design-de-stellantis-revele-que-les-futures-maserati-seront-radicalement-differentes-tres-futuristes-et-rien-de-ce-que-nous-avons-eu-jusquici\/#breadcrumb","itemListElement":[{"@type":"ListItem","position":1,"name":"Accueil","item":"https:\/\/www.italpassion.fr\/pt\/"},{"@type":"ListItem","position":2,"name":"Le directeur du design de Stellantis r\u00e9v\u00e8le que les futures Maserati seront radicalement diff\u00e9rentes\u2026 \u00ab\u00a0tr\u00e8s futuristes et rien de ce que nous avons eu jusqu\u2019ici\u00a0\u00bb"}]},{"@type":"WebSite","@id":"https:\/\/www.italpassion.fr\/pt\/#website","url":"https:\/\/www.italpassion.fr\/pt\/","name":"ItalPassion","description":"Entusiastas de autom\u00f3veis italianos","publisher":{"@id":"https:\/\/www.italpassion.fr\/pt\/#organization"},"potentialAction":[{"@type":"SearchAction","target":{"@type":"EntryPoint","urlTemplate":"https:\/\/www.italpassion.fr\/pt\/?s={search_term_string}"},"query-input":{"@type":"PropertyValueSpecification","valueRequired":true,"valueName":"search_term_string"}}],"inLanguage":"pt-PT"},{"@type":"Organization","@id":"https:\/\/www.italpassion.fr\/pt\/#organization","name":"Italpassion","url":"https:\/\/www.italpassion.fr\/pt\/","logo":{"@type":"ImageObject","inLanguage":"pt-PT","@id":"https:\/\/www.italpassion.fr\/pt\/#\/schema\/logo\/image\/","url":"https:\/\/www.italpassion.fr\/wp-content\/uploads\/2023\/07\/italpassion-yoast.jpg","contentUrl":"https:\/\/www.italpassion.fr\/wp-content\/uploads\/2023\/07\/italpassion-yoast.jpg","width":696,"height":696,"caption":"Italpassion"},"image":{"@id":"https:\/\/www.italpassion.fr\/pt\/#\/schema\/logo\/image\/"},"sameAs":["https:\/\/www.facebook.com\/italpassion","https:\/\/x.com\/italpassion","https:\/\/www.instagram.com\/italpassionfr\/","https:\/\/www.youtube.com\/channel\/UCleq-ByQaA42OjhopwevRjQ","https:\/\/www.facebook.com\/italpassion.en\/","https:\/\/www.facebook.com\/italpassion.it\/","https:\/\/www.facebook.com\/italpassion.de\/","https:\/\/www.facebook.com\/italpassion.ja\/"]},{"@type":"Person","@id":"https:\/\/www.italpassion.fr\/pt\/#\/schema\/person\/36f747b2a759ca202d847e85a9434ca0","name":"Alexandre Filluzeau","image":{"@type":"ImageObject","inLanguage":"pt-PT","@id":"https:\/\/www.italpassion.fr\/pt\/#\/schema\/person\/image\/","url":"https:\/\/www.italpassion.fr\/wp-content\/uploads\/2025\/04\/avatar-alexandre-160x160.jpg","contentUrl":"https:\/\/www.italpassion.fr\/wp-content\/uploads\/2025\/04\/avatar-alexandre-160x160.jpg","caption":"Alexandre Filluzeau"},"description":"Fundador do site ItalPassion, apaixonado por carros italianos e pela It\u00e1lia em geral. Trago um olhar cr\u00edtico e t\u00e9cnico \u00e0s not\u00edcias das marcas italianas, sempre que poss\u00edvel. Propriet\u00e1ria de um Maserati GranTurismo, Alfa Romeo MiTo, Lancia Fulvia e Ducati 695. Ex-propriet\u00e1rio de uma Alfa Romeo Giulia.","sameAs":["https:\/\/www.italpassion.fr\/"],"url":"https:\/\/www.italpassion.fr\/pt\/author\/alexandre\/"}]}},"_links":{"self":[{"href":"https:\/\/www.italpassion.fr\/pt\/wp-json\/wp\/v2\/posts\/47568","targetHints":{"allow":["GET"]}}],"collection":[{"href":"https:\/\/www.italpassion.fr\/pt\/wp-json\/wp\/v2\/posts"}],"about":[{"href":"https:\/\/www.italpassion.fr\/pt\/wp-json\/wp\/v2\/types\/post"}],"author":[{"embeddable":true,"href":"https:\/\/www.italpassion.fr\/pt\/wp-json\/wp\/v2\/users\/1"}],"replies":[{"embeddable":true,"href":"https:\/\/www.italpassion.fr\/pt\/wp-json\/wp\/v2\/comments?post=47568"}],"version-history":[{"count":2,"href":"https:\/\/www.italpassion.fr\/pt\/wp-json\/wp\/v2\/posts\/47568\/revisions"}],"predecessor-version":[{"id":47580,"href":"https:\/\/www.italpassion.fr\/pt\/wp-json\/wp\/v2\/posts\/47568\/revisions\/47580"}],"wp:featuredmedia":[{"embeddable":true,"href":"https:\/\/www.italpassion.fr\/pt\/wp-json\/wp\/v2\/media\/47569"}],"wp:attachment":[{"href":"https:\/\/www.italpassion.fr\/pt\/wp-json\/wp\/v2\/media?parent=47568"}],"wp:term":[{"taxonomy":"category","embeddable":true,"href":"https:\/\/www.italpassion.fr\/pt\/wp-json\/wp\/v2\/categories?post=47568"},{"taxonomy":"post_tag","embeddable":true,"href":"https:\/\/www.italpassion.fr\/pt\/wp-json\/wp\/v2\/tags?post=47568"}],"curies":[{"name":"wp","href":"https:\/\/api.w.org\/{rel}","templated":true}]}}