{"id":47525,"date":"2026-03-16T14:08:13","date_gmt":"2026-03-16T13:08:13","guid":{"rendered":"https:\/\/www.italpassion.fr\/?p=47525"},"modified":"2026-03-16T10:59:27","modified_gmt":"2026-03-16T09:59:27","slug":"o-primeiro-ferrari-eletrico-podera-ja-ter-de-mudar-de-nome-por-causa-da-mazda","status":"publish","type":"post","link":"https:\/\/www.italpassion.fr\/pt\/ferrari\/la-premiere-ferrari-electrique-pourrait-deja-devoir-changer-de-nom-a-cause-de-mazda\/","title":{"rendered":"O primeiro Ferrari el\u00e9trico poder\u00e1 j\u00e1 ter de mudar de nome... por causa da Mazda"},"content":{"rendered":"<figure class=\"wp-block-image size-full\"><img loading=\"lazy\" decoding=\"async\" width=\"1200\" height=\"800\" src=\"https:\/\/www.italpassion.fr\/wp-content\/uploads\/2026\/03\/ferrari-luce.jpg\" alt=\"\" class=\"wp-image-47398\" srcset=\"https:\/\/www.italpassion.fr\/wp-content\/uploads\/2026\/03\/ferrari-luce.jpg 1200w, https:\/\/www.italpassion.fr\/wp-content\/uploads\/2026\/03\/ferrari-luce-420x280.jpg 420w, https:\/\/www.italpassion.fr\/wp-content\/uploads\/2026\/03\/ferrari-luce-768x512.jpg 768w, https:\/\/www.italpassion.fr\/wp-content\/uploads\/2026\/03\/ferrari-luce-18x12.jpg 18w\" sizes=\"auto, (max-width: 1200px) 100vw, 1200px\" \/><figcaption class=\"wp-element-caption\">Ferrari Luce<\/figcaption><\/figure>\n\n\n\n<p>O primeiro modelo el\u00e9trico 100 % da <a href=\"https:\/\/www.italpassion.fr\/pt\/ferrari\/\">Ferrari<\/a> ainda nem sequer foi apresentado oficialmente, mas j\u00e1 pode estar a enfrentar um problema inesperado. A marca de Maranello revelou recentemente o nome Luce para o seu futuro modelo el\u00e9trico, mas esta escolha pode ser posta em causa. O motivo? O construtor autom\u00f3vel japon\u00eas Mazda tamb\u00e9m acaba de apresentar um pedido de prote\u00e7\u00e3o para exatamente o mesmo nome.<\/p>\n\n\n\n<p>Esta situa\u00e7\u00e3o poderia criar um conflito jur\u00eddico inesperado e obrigar <a href=\"https:\/\/www.italpassion.fr\/pt\/ferrari\/\">Ferrari<\/a> rever os seus planos \u00e0 luz da evolu\u00e7\u00e3o dos procedimentos de registo de marcas.<\/p>\n\n\n\n<h2 class=\"wp-block-heading\">Ferrari revela o nome Luce para o seu primeiro modelo el\u00e9trico<\/h2>\n\n\n\n<p>No in\u00edcio de fevereiro de 2026, a Ferrari come\u00e7ou a provocar o seu primeiro modelo totalmente el\u00e9trico, revelando <a href=\"https:\/\/www.italpassion.fr\/pt\/ferrari\/a-ferrari-revelou-o-nome-e-o-design-do-seu-primeiro-automovel-eletrico\/\">nomeadamente o interior do ve\u00edculo<\/a>. Nesta ocasi\u00e3o, a marca italiana mencionou pela primeira vez o nome <a href=\"https:\/\/www.italpassion.fr\/pt\/carros\/ferrari-luce\/\">Luce<\/a>.<\/p>\n\n\n\n<p>Pouco depois deste an\u00fancio, a Ferrari registou oficialmente a marca em It\u00e1lia a 9 de fevereiro. O nome, que significa \u00abluz\u00bb em italiano, parecia enquadrar-se perfeitamente na estrat\u00e9gia da marca: simbolizar uma nova era tecnol\u00f3gica, mantendo uma forte identidade italiana.<\/p>\n\n\n\n<p>O futuro modelo el\u00e9trico da Ferrari promete ser particularmente ambicioso. De acordo com as primeiras informa\u00e7\u00f5es, ser\u00e1 equipado com quatro motores el\u00e9ctricos, capaz de acelerar dos 0 aos 100 km\/h em cerca de 2,5 segundos e atingir uma velocidade m\u00e1xima pr\u00f3xima dos 310 km\/h. A energia seria fornecida por uma bateria de 122 kWh, com uma autonomia estimada de 530 km, com a possibilidade de recarga r\u00e1pida at\u00e9 350 kW.<\/p>\n\n\n\n<h2 class=\"wp-block-heading\">A Mazda tamb\u00e9m regista a marca Luce<\/h2>\n\n\n\n<p>Mas apenas algumas semanas ap\u00f3s a mudan\u00e7a da Ferrari, outro fabricante entrou na hist\u00f3ria. A 4 de mar\u00e7o de 2026, a Mazda apresentou um pedido de prote\u00e7\u00e3o do nome Luce, desta vez ao Instituto Japon\u00eas de Patentes.<\/p>\n\n\n\n<p>Este pedido poder\u00e1 complicar a utiliza\u00e7\u00e3o da denomina\u00e7\u00e3o pela Ferrari em certos mercados, em fun\u00e7\u00e3o da decis\u00e3o das autoridades sobre os diferentes pedidos.<\/p>\n\n\n\n<p>Para os f\u00e3s da marca japonesa, esta escolha n\u00e3o \u00e9 uma coincid\u00eancia. O nome Luce faz parte da hist\u00f3ria da Mazda: foi utilizado para uma grande berlina de luxo produzida desde a d\u00e9cada de 1960 at\u00e9 ao in\u00edcio da d\u00e9cada de 1990. Nalguns pa\u00edses, este modelo era tamb\u00e9m conhecido como Mazda 929, mas o nome Luce mant\u00e9m o seu valor hist\u00f3rico para o construtor.<\/p>\n\n\n\n<p>A Mazda j\u00e1 tinha trazido o nome de volta \u00e0 ribalta em 2017 com o <strong>Vision Coupe<\/strong>, O design foi uma homenagem ao Luce Rotary Coupe de 1969.<\/p>\n\n\n\n<h2 class=\"wp-block-heading\">O tempo \u00e9 um problema<\/h2>\n\n\n\n<p>Na ind\u00fastria autom\u00f3vel, n\u00e3o \u00e9 raro que os fabricantes registem ou renovem marcas antigas, simplesmente para proteger o seu patrim\u00f3nio e impedir que outras marcas as utilizem.<\/p>\n\n\n\n<p>A Mazda poderia, portanto, estar simplesmente a tentar assegurar um nome hist\u00f3rico. Mas o momento em que este pedido foi apresentado n\u00e3o pode deixar de chamar a aten\u00e7\u00e3o: foi apresentado logo ap\u00f3s a Ferrari ter revelado o nome do seu futuro modelo el\u00e9trico.<\/p>\n\n\n\n<p>Se a Mazda obtivesse os direitos em determinados mercados, a Ferrari poderia ser for\u00e7ada a utilizar um nome diferente para o seu autom\u00f3vel el\u00e9trico nessas regi\u00f5es, ou mesmo mudar completamente o seu nome antes do lan\u00e7amento comercial.<\/p>\n\n\n\n<h2 class=\"wp-block-heading\">As mudan\u00e7as de nome n\u00e3o s\u00e3o raras na ind\u00fastria autom\u00f3vel<\/h2>\n\n\n\n<p>Este tipo de situa\u00e7\u00e3o j\u00e1 ocorreu v\u00e1rias vezes na hist\u00f3ria do automobilismo. Mais recentemente, a Alfa Romeo teve de <a href=\"https:\/\/www.italpassion.fr\/pt\/alfa-romeo\/lalfa-romeo-milano-oficial-muda-o-seu-nome-para-junior\/\">mudar o nome do seu crossover Milano para Junior<\/a> pouco depois da sua apresenta\u00e7\u00e3o, sob press\u00e3o pol\u00edtica ligada ao facto de o modelo n\u00e3o ser produzido em It\u00e1lia.<\/p>\n\n\n\n<p>Outro caso famoso remonta a 1963, quando a Porsche teve de abandonar o nome 901 para o seu novo modelo desportivo. A Peugeot j\u00e1 detinha os direitos sobre os nomes de tr\u00eas d\u00edgitos com um zero no meio, que acabaram por dar origem ao famoso nome 911.<\/p>\n\n\n\n<p>Resta agora saber se a Ferrari e a Mazda encontrar\u00e3o um terreno comum, ou se a marca italiana ter\u00e1 de encontrar uma nova identidade para o seu primeiro carro el\u00e9trico. Uma coisa \u00e9 certa: mesmo antes do seu lan\u00e7amento oficial nos pr\u00f3ximos meses, este Ferrari el\u00e9trico j\u00e1 d\u00e1 que falar.<\/p>","protected":false},"excerpt":{"rendered":"","protected":false},"author":1,"featured_media":47398,"comment_status":"open","ping_status":"open","sticky":false,"template":"","format":"standard","meta":{"_acf_changed":false,"_sitemap_exclude":false,"_sitemap_priority":"","_sitemap_frequency":"","footnotes":""},"categories":[23],"tags":[448],"class_list":["post-47525","post","type-post","status-publish","format-standard","has-post-thumbnail","hentry","category-ferrari","tag-ferrari-elettrica","generate-columns","tablet-grid-50","mobile-grid-100","grid-parent","grid-33"],"acf":[],"yoast_head":"<!-- This site is optimized with the Yoast SEO plugin v25.8 - https:\/\/yoast.com\/wordpress\/plugins\/seo\/ -->\n<title>La premi\u00e8re Ferrari \u00e9lectrique pourrait d\u00e9j\u00e0 devoir changer de nom\u2026 \u00e0 cause de Mazda - ItalPassion<\/title>\n<meta name=\"description\" content=\"Ferrari Luce Le premier mod\u00e8le 100 % \u00e9lectrique de Ferrari n\u2019est m\u00eame pas encore officiellement pr\u00e9sent\u00e9 qu\u2019il pourrait d\u00e9j\u00e0 rencontrer un probl\u00e8me\" \/>\n<meta name=\"robots\" content=\"index, follow, max-snippet:-1, max-image-preview:large, max-video-preview:-1\" \/>\n<link rel=\"canonical\" href=\"https:\/\/www.italpassion.fr\/pt\/ferrari\/o-primeiro-ferrari-eletrico-podera-ja-ter-de-mudar-de-nome-por-causa-da-mazda\/\" \/>\n<meta property=\"og:locale\" content=\"pt_PT\" \/>\n<meta property=\"og:type\" content=\"article\" \/>\n<meta property=\"og:title\" content=\"La premi\u00e8re Ferrari \u00e9lectrique pourrait d\u00e9j\u00e0 devoir changer de nom\u2026 \u00e0 cause de Mazda - ItalPassion\" \/>\n<meta property=\"og:description\" content=\"Ferrari Luce Le premier mod\u00e8le 100 % \u00e9lectrique de Ferrari n\u2019est m\u00eame pas encore officiellement pr\u00e9sent\u00e9 qu\u2019il pourrait d\u00e9j\u00e0 rencontrer un probl\u00e8me\" \/>\n<meta property=\"og:url\" content=\"https:\/\/www.italpassion.fr\/pt\/ferrari\/o-primeiro-ferrari-eletrico-podera-ja-ter-de-mudar-de-nome-por-causa-da-mazda\/\" \/>\n<meta property=\"og:site_name\" content=\"ItalPassion\" \/>\n<meta property=\"article:publisher\" content=\"https:\/\/www.facebook.com\/italpassion\" \/>\n<meta property=\"article:published_time\" content=\"2026-03-16T13:08:13+00:00\" \/>\n<meta property=\"og:image\" content=\"https:\/\/www.italpassion.fr\/wp-content\/uploads\/2026\/03\/ferrari-luce.jpg\" \/>\n\t<meta property=\"og:image:width\" content=\"1200\" \/>\n\t<meta property=\"og:image:height\" content=\"800\" \/>\n\t<meta property=\"og:image:type\" content=\"image\/jpeg\" \/>\n<meta name=\"author\" content=\"Alexandre Filluzeau\" \/>\n<meta name=\"twitter:card\" content=\"summary_large_image\" \/>\n<meta name=\"twitter:creator\" content=\"@italpassion\" \/>\n<meta name=\"twitter:site\" content=\"@italpassion\" \/>\n<script type=\"application\/ld+json\" class=\"yoast-schema-graph\">{\"@context\":\"https:\/\/schema.org\",\"@graph\":[{\"@type\":\"NewsArticle\",\"@id\":\"https:\/\/www.italpassion.fr\/pt\/ferrari\/la-premiere-ferrari-electrique-pourrait-deja-devoir-changer-de-nom-a-cause-de-mazda\/#article\",\"isPartOf\":{\"@id\":\"https:\/\/www.italpassion.fr\/pt\/ferrari\/la-premiere-ferrari-electrique-pourrait-deja-devoir-changer-de-nom-a-cause-de-mazda\/\"},\"author\":{\"name\":\"Alexandre Filluzeau\",\"@id\":\"https:\/\/www.italpassion.fr\/pt\/#\/schema\/person\/36f747b2a759ca202d847e85a9434ca0\"},\"headline\":\"La premi\u00e8re Ferrari \u00e9lectrique pourrait d\u00e9j\u00e0 devoir changer de nom\u2026 \u00e0 cause de Mazda\",\"datePublished\":\"2026-03-16T13:08:13+00:00\",\"mainEntityOfPage\":{\"@id\":\"https:\/\/www.italpassion.fr\/pt\/ferrari\/la-premiere-ferrari-electrique-pourrait-deja-devoir-changer-de-nom-a-cause-de-mazda\/\"},\"wordCount\":764,\"commentCount\":7,\"publisher\":{\"@id\":\"https:\/\/www.italpassion.fr\/pt\/#organization\"},\"image\":{\"@id\":\"https:\/\/www.italpassion.fr\/pt\/ferrari\/la-premiere-ferrari-electrique-pourrait-deja-devoir-changer-de-nom-a-cause-de-mazda\/#primaryimage\"},\"thumbnailUrl\":\"https:\/\/www.italpassion.fr\/wp-content\/uploads\/2026\/03\/ferrari-luce.jpg\",\"keywords\":[\"Ferrari Elettrica\"],\"articleSection\":[\"Ferrari\"],\"inLanguage\":\"pt-PT\",\"potentialAction\":[{\"@type\":\"CommentAction\",\"name\":\"Comment\",\"target\":[\"https:\/\/www.italpassion.fr\/pt\/ferrari\/la-premiere-ferrari-electrique-pourrait-deja-devoir-changer-de-nom-a-cause-de-mazda\/#respond\"]}]},{\"@type\":\"WebPage\",\"@id\":\"https:\/\/www.italpassion.fr\/pt\/ferrari\/la-premiere-ferrari-electrique-pourrait-deja-devoir-changer-de-nom-a-cause-de-mazda\/\",\"url\":\"https:\/\/www.italpassion.fr\/pt\/ferrari\/la-premiere-ferrari-electrique-pourrait-deja-devoir-changer-de-nom-a-cause-de-mazda\/\",\"name\":\"La premi\u00e8re Ferrari \u00e9lectrique pourrait d\u00e9j\u00e0 devoir changer de nom\u2026 \u00e0 cause de Mazda - ItalPassion\",\"isPartOf\":{\"@id\":\"https:\/\/www.italpassion.fr\/pt\/#website\"},\"primaryImageOfPage\":{\"@id\":\"https:\/\/www.italpassion.fr\/pt\/ferrari\/la-premiere-ferrari-electrique-pourrait-deja-devoir-changer-de-nom-a-cause-de-mazda\/#primaryimage\"},\"image\":{\"@id\":\"https:\/\/www.italpassion.fr\/pt\/ferrari\/la-premiere-ferrari-electrique-pourrait-deja-devoir-changer-de-nom-a-cause-de-mazda\/#primaryimage\"},\"thumbnailUrl\":\"https:\/\/www.italpassion.fr\/wp-content\/uploads\/2026\/03\/ferrari-luce.jpg\",\"datePublished\":\"2026-03-16T13:08:13+00:00\",\"description\":\"Ferrari Luce Le premier mod\u00e8le 100 % \u00e9lectrique de Ferrari n\u2019est m\u00eame pas encore officiellement pr\u00e9sent\u00e9 qu\u2019il pourrait d\u00e9j\u00e0 rencontrer un probl\u00e8me\",\"breadcrumb\":{\"@id\":\"https:\/\/www.italpassion.fr\/pt\/ferrari\/la-premiere-ferrari-electrique-pourrait-deja-devoir-changer-de-nom-a-cause-de-mazda\/#breadcrumb\"},\"inLanguage\":\"pt-PT\",\"potentialAction\":[{\"@type\":\"ReadAction\",\"target\":[\"https:\/\/www.italpassion.fr\/pt\/ferrari\/la-premiere-ferrari-electrique-pourrait-deja-devoir-changer-de-nom-a-cause-de-mazda\/\"]}]},{\"@type\":\"ImageObject\",\"inLanguage\":\"pt-PT\",\"@id\":\"https:\/\/www.italpassion.fr\/pt\/ferrari\/la-premiere-ferrari-electrique-pourrait-deja-devoir-changer-de-nom-a-cause-de-mazda\/#primaryimage\",\"url\":\"https:\/\/www.italpassion.fr\/wp-content\/uploads\/2026\/03\/ferrari-luce.jpg\",\"contentUrl\":\"https:\/\/www.italpassion.fr\/wp-content\/uploads\/2026\/03\/ferrari-luce.jpg\",\"width\":1200,\"height\":800,\"caption\":\"Ferrari Luce\"},{\"@type\":\"BreadcrumbList\",\"@id\":\"https:\/\/www.italpassion.fr\/pt\/ferrari\/la-premiere-ferrari-electrique-pourrait-deja-devoir-changer-de-nom-a-cause-de-mazda\/#breadcrumb\",\"itemListElement\":[{\"@type\":\"ListItem\",\"position\":1,\"name\":\"Accueil\",\"item\":\"https:\/\/www.italpassion.fr\/pt\/\"},{\"@type\":\"ListItem\",\"position\":2,\"name\":\"La premi\u00e8re Ferrari \u00e9lectrique pourrait d\u00e9j\u00e0 devoir changer de nom\u2026 \u00e0 cause de Mazda\"}]},{\"@type\":\"WebSite\",\"@id\":\"https:\/\/www.italpassion.fr\/pt\/#website\",\"url\":\"https:\/\/www.italpassion.fr\/pt\/\",\"name\":\"ItalPassion\",\"description\":\"Les Passionn\u00e9s d&#039;Automobiles Italiennes\",\"publisher\":{\"@id\":\"https:\/\/www.italpassion.fr\/pt\/#organization\"},\"potentialAction\":[{\"@type\":\"SearchAction\",\"target\":{\"@type\":\"EntryPoint\",\"urlTemplate\":\"https:\/\/www.italpassion.fr\/pt\/?s={search_term_string}\"},\"query-input\":{\"@type\":\"PropertyValueSpecification\",\"valueRequired\":true,\"valueName\":\"search_term_string\"}}],\"inLanguage\":\"pt-PT\"},{\"@type\":\"Organization\",\"@id\":\"https:\/\/www.italpassion.fr\/pt\/#organization\",\"name\":\"Italpassion\",\"url\":\"https:\/\/www.italpassion.fr\/pt\/\",\"logo\":{\"@type\":\"ImageObject\",\"inLanguage\":\"pt-PT\",\"@id\":\"https:\/\/www.italpassion.fr\/pt\/#\/schema\/logo\/image\/\",\"url\":\"https:\/\/www.italpassion.fr\/wp-content\/uploads\/2023\/07\/italpassion-yoast.jpg\",\"contentUrl\":\"https:\/\/www.italpassion.fr\/wp-content\/uploads\/2023\/07\/italpassion-yoast.jpg\",\"width\":696,\"height\":696,\"caption\":\"Italpassion\"},\"image\":{\"@id\":\"https:\/\/www.italpassion.fr\/pt\/#\/schema\/logo\/image\/\"},\"sameAs\":[\"https:\/\/www.facebook.com\/italpassion\",\"https:\/\/x.com\/italpassion\",\"https:\/\/www.instagram.com\/italpassionfr\/\",\"https:\/\/www.youtube.com\/channel\/UCleq-ByQaA42OjhopwevRjQ\",\"https:\/\/www.facebook.com\/italpassion.en\/\",\"https:\/\/www.facebook.com\/italpassion.it\/\",\"https:\/\/www.facebook.com\/italpassion.de\/\",\"https:\/\/www.facebook.com\/italpassion.ja\/\"]},{\"@type\":\"Person\",\"@id\":\"https:\/\/www.italpassion.fr\/pt\/#\/schema\/person\/36f747b2a759ca202d847e85a9434ca0\",\"name\":\"Alexandre Filluzeau\",\"image\":{\"@type\":\"ImageObject\",\"inLanguage\":\"pt-PT\",\"@id\":\"https:\/\/www.italpassion.fr\/pt\/#\/schema\/person\/image\/\",\"url\":\"https:\/\/www.italpassion.fr\/wp-content\/uploads\/2025\/04\/avatar-alexandre-160x160.jpg\",\"contentUrl\":\"https:\/\/www.italpassion.fr\/wp-content\/uploads\/2025\/04\/avatar-alexandre-160x160.jpg\",\"caption\":\"Alexandre Filluzeau\"},\"description\":\"Fondateur du site ItalPassion, passionn\u00e9 de voitures italiennes et de l'Italie en g\u00e9n\u00e9ral. J'apporte un regard critique et technique aux actualit\u00e9s des marques italiennes quand cela est possible. Propri\u00e9taire d'une Maserati GranTurismo, Alfa Romeo MiTo, Lancia Fulvia et Ducati 695. Ex-propri\u00e9taire d'une Alfa Romeo Giulia.\",\"sameAs\":[\"https:\/\/www.italpassion.fr\/\"],\"url\":\"https:\/\/www.italpassion.fr\/pt\/author\/alexandre\/\"}]}<\/script>\n<!-- \/ Yoast SEO plugin. -->","yoast_head_json":{"title":"O primeiro Ferrari el\u00e9trico poder\u00e1 j\u00e1 ter de mudar de nome... por causa da Mazda - ItalPassion","description":"Ferrari Luce O primeiro modelo el\u00e9trico 100 % da Ferrari ainda nem sequer foi apresentado oficialmente, mas j\u00e1 pode ter um problema.","robots":{"index":"index","follow":"follow","max-snippet":"max-snippet:-1","max-image-preview":"max-image-preview:large","max-video-preview":"max-video-preview:-1"},"canonical":"https:\/\/www.italpassion.fr\/pt\/ferrari\/o-primeiro-ferrari-eletrico-podera-ja-ter-de-mudar-de-nome-por-causa-da-mazda\/","og_locale":"pt_PT","og_type":"article","og_title":"La premi\u00e8re Ferrari \u00e9lectrique pourrait d\u00e9j\u00e0 devoir changer de nom\u2026 \u00e0 cause de Mazda - ItalPassion","og_description":"Ferrari Luce Le premier mod\u00e8le 100 % \u00e9lectrique de Ferrari n\u2019est m\u00eame pas encore officiellement pr\u00e9sent\u00e9 qu\u2019il pourrait d\u00e9j\u00e0 rencontrer un probl\u00e8me","og_url":"https:\/\/www.italpassion.fr\/pt\/ferrari\/o-primeiro-ferrari-eletrico-podera-ja-ter-de-mudar-de-nome-por-causa-da-mazda\/","og_site_name":"ItalPassion","article_publisher":"https:\/\/www.facebook.com\/italpassion","article_published_time":"2026-03-16T13:08:13+00:00","og_image":[{"width":1200,"height":800,"url":"https:\/\/www.italpassion.fr\/wp-content\/uploads\/2026\/03\/ferrari-luce.jpg","type":"image\/jpeg"}],"author":"Alexandre Filluzeau","twitter_card":"summary_large_image","twitter_creator":"@italpassion","twitter_site":"@italpassion","schema":{"@context":"https:\/\/schema.org","@graph":[{"@type":"NewsArticle","@id":"https:\/\/www.italpassion.fr\/pt\/ferrari\/la-premiere-ferrari-electrique-pourrait-deja-devoir-changer-de-nom-a-cause-de-mazda\/#article","isPartOf":{"@id":"https:\/\/www.italpassion.fr\/pt\/ferrari\/la-premiere-ferrari-electrique-pourrait-deja-devoir-changer-de-nom-a-cause-de-mazda\/"},"author":{"name":"Alexandre Filluzeau","@id":"https:\/\/www.italpassion.fr\/pt\/#\/schema\/person\/36f747b2a759ca202d847e85a9434ca0"},"headline":"La premi\u00e8re Ferrari \u00e9lectrique pourrait d\u00e9j\u00e0 devoir changer de nom\u2026 \u00e0 cause de Mazda","datePublished":"2026-03-16T13:08:13+00:00","mainEntityOfPage":{"@id":"https:\/\/www.italpassion.fr\/pt\/ferrari\/la-premiere-ferrari-electrique-pourrait-deja-devoir-changer-de-nom-a-cause-de-mazda\/"},"wordCount":764,"commentCount":7,"publisher":{"@id":"https:\/\/www.italpassion.fr\/pt\/#organization"},"image":{"@id":"https:\/\/www.italpassion.fr\/pt\/ferrari\/la-premiere-ferrari-electrique-pourrait-deja-devoir-changer-de-nom-a-cause-de-mazda\/#primaryimage"},"thumbnailUrl":"https:\/\/www.italpassion.fr\/wp-content\/uploads\/2026\/03\/ferrari-luce.jpg","keywords":["Ferrari Elettrica"],"articleSection":["Ferrari"],"inLanguage":"pt-PT","potentialAction":[{"@type":"CommentAction","name":"Comment","target":["https:\/\/www.italpassion.fr\/pt\/ferrari\/la-premiere-ferrari-electrique-pourrait-deja-devoir-changer-de-nom-a-cause-de-mazda\/#respond"]}]},{"@type":"WebPage","@id":"https:\/\/www.italpassion.fr\/pt\/ferrari\/la-premiere-ferrari-electrique-pourrait-deja-devoir-changer-de-nom-a-cause-de-mazda\/","url":"https:\/\/www.italpassion.fr\/pt\/ferrari\/la-premiere-ferrari-electrique-pourrait-deja-devoir-changer-de-nom-a-cause-de-mazda\/","name":"O primeiro Ferrari el\u00e9trico poder\u00e1 j\u00e1 ter de mudar de nome... por causa da Mazda - ItalPassion","isPartOf":{"@id":"https:\/\/www.italpassion.fr\/pt\/#website"},"primaryImageOfPage":{"@id":"https:\/\/www.italpassion.fr\/pt\/ferrari\/la-premiere-ferrari-electrique-pourrait-deja-devoir-changer-de-nom-a-cause-de-mazda\/#primaryimage"},"image":{"@id":"https:\/\/www.italpassion.fr\/pt\/ferrari\/la-premiere-ferrari-electrique-pourrait-deja-devoir-changer-de-nom-a-cause-de-mazda\/#primaryimage"},"thumbnailUrl":"https:\/\/www.italpassion.fr\/wp-content\/uploads\/2026\/03\/ferrari-luce.jpg","datePublished":"2026-03-16T13:08:13+00:00","description":"Ferrari Luce O primeiro modelo el\u00e9trico 100 % da Ferrari ainda nem sequer foi apresentado oficialmente, mas j\u00e1 pode ter um problema.","breadcrumb":{"@id":"https:\/\/www.italpassion.fr\/pt\/ferrari\/la-premiere-ferrari-electrique-pourrait-deja-devoir-changer-de-nom-a-cause-de-mazda\/#breadcrumb"},"inLanguage":"pt-PT","potentialAction":[{"@type":"ReadAction","target":["https:\/\/www.italpassion.fr\/pt\/ferrari\/la-premiere-ferrari-electrique-pourrait-deja-devoir-changer-de-nom-a-cause-de-mazda\/"]}]},{"@type":"ImageObject","inLanguage":"pt-PT","@id":"https:\/\/www.italpassion.fr\/pt\/ferrari\/la-premiere-ferrari-electrique-pourrait-deja-devoir-changer-de-nom-a-cause-de-mazda\/#primaryimage","url":"https:\/\/www.italpassion.fr\/wp-content\/uploads\/2026\/03\/ferrari-luce.jpg","contentUrl":"https:\/\/www.italpassion.fr\/wp-content\/uploads\/2026\/03\/ferrari-luce.jpg","width":1200,"height":800,"caption":"Ferrari Luce"},{"@type":"BreadcrumbList","@id":"https:\/\/www.italpassion.fr\/pt\/ferrari\/la-premiere-ferrari-electrique-pourrait-deja-devoir-changer-de-nom-a-cause-de-mazda\/#breadcrumb","itemListElement":[{"@type":"ListItem","position":1,"name":"Accueil","item":"https:\/\/www.italpassion.fr\/pt\/"},{"@type":"ListItem","position":2,"name":"La premi\u00e8re Ferrari \u00e9lectrique pourrait d\u00e9j\u00e0 devoir changer de nom\u2026 \u00e0 cause de Mazda"}]},{"@type":"WebSite","@id":"https:\/\/www.italpassion.fr\/pt\/#website","url":"https:\/\/www.italpassion.fr\/pt\/","name":"ItalPassion","description":"Entusiastas de autom\u00f3veis italianos","publisher":{"@id":"https:\/\/www.italpassion.fr\/pt\/#organization"},"potentialAction":[{"@type":"SearchAction","target":{"@type":"EntryPoint","urlTemplate":"https:\/\/www.italpassion.fr\/pt\/?s={search_term_string}"},"query-input":{"@type":"PropertyValueSpecification","valueRequired":true,"valueName":"search_term_string"}}],"inLanguage":"pt-PT"},{"@type":"Organization","@id":"https:\/\/www.italpassion.fr\/pt\/#organization","name":"Italpassion","url":"https:\/\/www.italpassion.fr\/pt\/","logo":{"@type":"ImageObject","inLanguage":"pt-PT","@id":"https:\/\/www.italpassion.fr\/pt\/#\/schema\/logo\/image\/","url":"https:\/\/www.italpassion.fr\/wp-content\/uploads\/2023\/07\/italpassion-yoast.jpg","contentUrl":"https:\/\/www.italpassion.fr\/wp-content\/uploads\/2023\/07\/italpassion-yoast.jpg","width":696,"height":696,"caption":"Italpassion"},"image":{"@id":"https:\/\/www.italpassion.fr\/pt\/#\/schema\/logo\/image\/"},"sameAs":["https:\/\/www.facebook.com\/italpassion","https:\/\/x.com\/italpassion","https:\/\/www.instagram.com\/italpassionfr\/","https:\/\/www.youtube.com\/channel\/UCleq-ByQaA42OjhopwevRjQ","https:\/\/www.facebook.com\/italpassion.en\/","https:\/\/www.facebook.com\/italpassion.it\/","https:\/\/www.facebook.com\/italpassion.de\/","https:\/\/www.facebook.com\/italpassion.ja\/"]},{"@type":"Person","@id":"https:\/\/www.italpassion.fr\/pt\/#\/schema\/person\/36f747b2a759ca202d847e85a9434ca0","name":"Alexandre Filluzeau","image":{"@type":"ImageObject","inLanguage":"pt-PT","@id":"https:\/\/www.italpassion.fr\/pt\/#\/schema\/person\/image\/","url":"https:\/\/www.italpassion.fr\/wp-content\/uploads\/2025\/04\/avatar-alexandre-160x160.jpg","contentUrl":"https:\/\/www.italpassion.fr\/wp-content\/uploads\/2025\/04\/avatar-alexandre-160x160.jpg","caption":"Alexandre Filluzeau"},"description":"Fundador do site ItalPassion, apaixonado por carros italianos e pela It\u00e1lia em geral. Trago um olhar cr\u00edtico e t\u00e9cnico \u00e0s not\u00edcias das marcas italianas, sempre que poss\u00edvel. Propriet\u00e1ria de um Maserati GranTurismo, Alfa Romeo MiTo, Lancia Fulvia e Ducati 695. Ex-propriet\u00e1rio de uma Alfa Romeo Giulia.","sameAs":["https:\/\/www.italpassion.fr\/"],"url":"https:\/\/www.italpassion.fr\/pt\/author\/alexandre\/"}]}},"_links":{"self":[{"href":"https:\/\/www.italpassion.fr\/pt\/wp-json\/wp\/v2\/posts\/47525","targetHints":{"allow":["GET"]}}],"collection":[{"href":"https:\/\/www.italpassion.fr\/pt\/wp-json\/wp\/v2\/posts"}],"about":[{"href":"https:\/\/www.italpassion.fr\/pt\/wp-json\/wp\/v2\/types\/post"}],"author":[{"embeddable":true,"href":"https:\/\/www.italpassion.fr\/pt\/wp-json\/wp\/v2\/users\/1"}],"replies":[{"embeddable":true,"href":"https:\/\/www.italpassion.fr\/pt\/wp-json\/wp\/v2\/comments?post=47525"}],"version-history":[{"count":2,"href":"https:\/\/www.italpassion.fr\/pt\/wp-json\/wp\/v2\/posts\/47525\/revisions"}],"predecessor-version":[{"id":47571,"href":"https:\/\/www.italpassion.fr\/pt\/wp-json\/wp\/v2\/posts\/47525\/revisions\/47571"}],"wp:featuredmedia":[{"embeddable":true,"href":"https:\/\/www.italpassion.fr\/pt\/wp-json\/wp\/v2\/media\/47398"}],"wp:attachment":[{"href":"https:\/\/www.italpassion.fr\/pt\/wp-json\/wp\/v2\/media?parent=47525"}],"wp:term":[{"taxonomy":"category","embeddable":true,"href":"https:\/\/www.italpassion.fr\/pt\/wp-json\/wp\/v2\/categories?post=47525"},{"taxonomy":"post_tag","embeddable":true,"href":"https:\/\/www.italpassion.fr\/pt\/wp-json\/wp\/v2\/tags?post=47525"}],"curies":[{"name":"wp","href":"https:\/\/api.w.org\/{rel}","templated":true}]}}