{"id":45748,"date":"2026-01-26T12:25:14","date_gmt":"2026-01-26T11:25:14","guid":{"rendered":"https:\/\/www.italpassion.fr\/?p=45748"},"modified":"2026-01-26T12:25:14","modified_gmt":"2026-01-26T11:25:14","slug":"porque-e-que-a-ferrari-e-a-porsche-tem-o-mesmo-cavalo-empinado-no-seu-logotipo","status":"publish","type":"post","link":"https:\/\/www.italpassion.fr\/pt\/ferrari\/pourquoi-ferrari-et-porsche-ont-le-meme-cheval-cabre-sur-le-logo\/","title":{"rendered":"Porque \u00e9 que a Ferrari e a Porsche t\u00eam um cavalo empinado no seu log\u00f3tipo?"},"content":{"rendered":"<figure class=\"wp-block-image size-full\"><img loading=\"lazy\" decoding=\"async\" width=\"1200\" height=\"800\" src=\"https:\/\/www.italpassion.fr\/wp-content\/uploads\/2026\/01\/logo-ferrari-porsche.jpg\" alt=\"\" class=\"wp-image-45749\" srcset=\"https:\/\/www.italpassion.fr\/wp-content\/uploads\/2026\/01\/logo-ferrari-porsche.jpg 1200w, https:\/\/www.italpassion.fr\/wp-content\/uploads\/2026\/01\/logo-ferrari-porsche-420x280.jpg 420w, https:\/\/www.italpassion.fr\/wp-content\/uploads\/2026\/01\/logo-ferrari-porsche-768x512.jpg 768w, https:\/\/www.italpassion.fr\/wp-content\/uploads\/2026\/01\/logo-ferrari-porsche-18x12.jpg 18w\" sizes=\"auto, (max-width: 1200px) 100vw, 1200px\" \/><\/figure>\n\n\n\n<p>\u00c0 primeira vista, a semelhan\u00e7a \u00e9 estranha. Duas das marcas de autom\u00f3veis mais prestigiadas do mundo, <a href=\"https:\/\/www.italpassion.fr\/pt\/ferrari\/\">Ferrari<\/a> e Porsche, ambos apresentam um cavalo empinado no seu log\u00f3tipo. Coincid\u00eancia gr\u00e1fica, homenagem discreta ou empr\u00e9stimo deliberado? A realidade \u00e9 mais subtil e, sobretudo, muito mais antiga do que a hist\u00f3ria do autom\u00f3vel moderno. Contrariamente ao que se possa pensar, esta semelhan\u00e7a n\u00e3o \u00e9 fruto de uma estrat\u00e9gia de marketing nem de um cruzamento entre dois construtores rivais. As suas ra\u00edzes encontram-se em duas traject\u00f3rias hist\u00f3ricas distintas, moldadas pela cultura europeia do in\u00edcio do s\u00e9culo XX, na qual o cavalo ocupa um lugar simb\u00f3lico central.<\/p>\n\n\n\n<h2 class=\"wp-block-heading\">O cavalo Porsche, uma heran\u00e7a direta de Estugarda<\/h2>\n\n\n\n<p>Para compreender o cavalo Porsche, temos de voltar \u00e0 cidade onde a marca nasceu: Estugarda. Muito antes do aparecimento do primeiro Porsche, a cidade j\u00e1 usava um cavalo empinado como s\u00edmbolo oficial. O pr\u00f3prio nome Estugarda prov\u00e9m de Stuotgarten, que significa literalmente \"coudelaria\", uma recorda\u00e7\u00e3o da import\u00e2ncia da cria\u00e7\u00e3o de cavalos na regi\u00e3o desde a Idade M\u00e9dia. Quando a Porsche revelou o seu emblema no in\u00edcio dos anos 50, a escolha do cavalo n\u00e3o foi uma decis\u00e3o est\u00e9tica arbitr\u00e1ria. Era uma homenagem \u00e0s suas ra\u00edzes geogr\u00e1ficas. O cavalo est\u00e1 colocado no centro de um complexo bras\u00e3o que integra o nome de Estugarda, o da Porsche e as cores e motivos do antigo Estado Livre de W\u00fcrttemberg. A partir do Porsche 356, este bras\u00e3o tornou-se parte integrante da identidade da marca. Ao longo das d\u00e9cadas, o log\u00f3tipo evoluiu em termos de design e acabamento, mas o cavalo permanece inalterado no centro do emblema.<\/p>\n\n\n\n<figure class=\"wp-block-image size-full\"><img loading=\"lazy\" decoding=\"async\" width=\"1200\" height=\"800\" src=\"https:\/\/www.italpassion.fr\/wp-content\/uploads\/2026\/01\/logo-porsche.jpg\" alt=\"\" class=\"wp-image-45750\" srcset=\"https:\/\/www.italpassion.fr\/wp-content\/uploads\/2026\/01\/logo-porsche.jpg 1200w, https:\/\/www.italpassion.fr\/wp-content\/uploads\/2026\/01\/logo-porsche-420x280.jpg 420w, https:\/\/www.italpassion.fr\/wp-content\/uploads\/2026\/01\/logo-porsche-768x512.jpg 768w, https:\/\/www.italpassion.fr\/wp-content\/uploads\/2026\/01\/logo-porsche-18x12.jpg 18w\" sizes=\"auto, (max-width: 1200px) 100vw, 1200px\" \/><\/figure>\n\n\n\n<h2 class=\"wp-block-heading\">O cavalo Ferrari, um s\u00edmbolo militar antes de ser um autom\u00f3vel<\/h2>\n\n\n\n<p>Na Ferrari, a origem do cavalo \u00e9 radicalmente diferente e profundamente pessoal. O famoso Cavallino Rampante n\u00e3o vem de uma cidade ou de um territ\u00f3rio, mas de um homem: Francesco Baracca, um her\u00f3i da avia\u00e7\u00e3o italiana durante a Primeira Guerra Mundial. Antes mesmo de se tornar piloto de ca\u00e7a, Baracca era oficial de cavalaria no prestigiado 2\u00ba Regimento de Cavalaria Real do Piemonte, uma unidade de elite do ex\u00e9rcito italiano cujo emblema her\u00e1ldico j\u00e1 era um cavalo empinado. Quando adoptou um emblema distintivo para os seus avi\u00f5es a partir de 1917, Baracca n\u00e3o criou um novo s\u00edmbolo: utilizou o do seu regimento, simplificando-o e pintando-o de preto para o fazer sobressair melhor na fuselagem dos seus avi\u00f5es.<\/p>\n\n\n\n<figure class=\"wp-block-image size-full\"><img loading=\"lazy\" decoding=\"async\" width=\"1200\" height=\"800\" src=\"https:\/\/www.italpassion.fr\/wp-content\/uploads\/2026\/01\/regiment.jpg\" alt=\"\" class=\"wp-image-45754\" srcset=\"https:\/\/www.italpassion.fr\/wp-content\/uploads\/2026\/01\/regiment.jpg 1200w, https:\/\/www.italpassion.fr\/wp-content\/uploads\/2026\/01\/regiment-420x280.jpg 420w, https:\/\/www.italpassion.fr\/wp-content\/uploads\/2026\/01\/regiment-768x512.jpg 768w, https:\/\/www.italpassion.fr\/wp-content\/uploads\/2026\/01\/regiment-18x12.jpg 18w\" sizes=\"auto, (max-width: 1200px) 100vw, 1200px\" \/><figcaption class=\"wp-element-caption\">Bras\u00e3o de armas do Regimento de Cavalaria Real do Piemonte<\/figcaption><\/figure>\n\n\n\n<figure class=\"wp-block-image size-full\"><img loading=\"lazy\" decoding=\"async\" width=\"1200\" height=\"800\" src=\"https:\/\/www.italpassion.fr\/wp-content\/uploads\/2026\/01\/francesco-baccara.jpg\" alt=\"\" class=\"wp-image-45751\" srcset=\"https:\/\/www.italpassion.fr\/wp-content\/uploads\/2026\/01\/francesco-baccara.jpg 1200w, https:\/\/www.italpassion.fr\/wp-content\/uploads\/2026\/01\/francesco-baccara-420x280.jpg 420w, https:\/\/www.italpassion.fr\/wp-content\/uploads\/2026\/01\/francesco-baccara-768x512.jpg 768w, https:\/\/www.italpassion.fr\/wp-content\/uploads\/2026\/01\/francesco-baccara-18x12.jpg 18w\" sizes=\"auto, (max-width: 1200px) 100vw, 1200px\" \/><\/figure>\n\n\n\n<figure class=\"wp-block-image size-full\"><img loading=\"lazy\" decoding=\"async\" width=\"1200\" height=\"800\" src=\"https:\/\/www.italpassion.fr\/wp-content\/uploads\/2026\/01\/francesco-baccara-2.jpg\" alt=\"\" class=\"wp-image-45752\" srcset=\"https:\/\/www.italpassion.fr\/wp-content\/uploads\/2026\/01\/francesco-baccara-2.jpg 1200w, https:\/\/www.italpassion.fr\/wp-content\/uploads\/2026\/01\/francesco-baccara-2-420x280.jpg 420w, https:\/\/www.italpassion.fr\/wp-content\/uploads\/2026\/01\/francesco-baccara-2-768x512.jpg 768w, https:\/\/www.italpassion.fr\/wp-content\/uploads\/2026\/01\/francesco-baccara-2-18x12.jpg 18w\" sizes=\"auto, (max-width: 1200px) 100vw, 1200px\" \/><\/figure>\n\n\n\n<p>O cavalo tornou-se rapidamente parte integrante da sua lenda. Ap\u00f3s a morte de Baracca em 1918, o s\u00edmbolo adquiriu uma forte dimens\u00e3o memorial em It\u00e1lia, encarnando a coragem, a nobreza e o esp\u00edrito cavalheiresco dos primeiros aviadores.<\/p>\n\n\n\n<h2 class=\"wp-block-heading\">De Enzo Ferrari \u00e0 Scuderia Ferrari<\/h2>\n\n\n\n<p>Em 1923, durante uma vit\u00f3ria no circuito de Savio, Enzo Ferrari conheceu os pais de Francesco Baracca. A m\u00e3e do piloto sugeriu-lhe que utilizasse o cavalo do seu filho nos seus carros, convencida de que isso lhe traria boa sorte. Na altura, Enzo Ferrari ainda era piloto de corridas e diretor desportivo da Alfa Romeo, pelo que n\u00e3o podia colocar o s\u00edmbolo nos seus pr\u00f3prios carros. S\u00f3 em 1929, com a cria\u00e7\u00e3o da Scuderia Ferrari, \u00e9 que o cavalo come\u00e7ou a aparecer oficialmente em competi\u00e7\u00e3o. Em 1932, nas 24 Horas de Spa-Francorchamps, os Alfa Romeos inscritos pela Scuderia Ferrari ostentaram o cavalo empinado pela primeira vez.<\/p>\n\n\n\n<figure class=\"wp-block-image size-full\"><img loading=\"lazy\" decoding=\"async\" width=\"1200\" height=\"800\" src=\"https:\/\/www.italpassion.fr\/wp-content\/uploads\/2026\/01\/alfa-romeo-ferrari.jpg\" alt=\"\" class=\"wp-image-45753\" srcset=\"https:\/\/www.italpassion.fr\/wp-content\/uploads\/2026\/01\/alfa-romeo-ferrari.jpg 1200w, https:\/\/www.italpassion.fr\/wp-content\/uploads\/2026\/01\/alfa-romeo-ferrari-420x280.jpg 420w, https:\/\/www.italpassion.fr\/wp-content\/uploads\/2026\/01\/alfa-romeo-ferrari-768x512.jpg 768w, https:\/\/www.italpassion.fr\/wp-content\/uploads\/2026\/01\/alfa-romeo-ferrari-18x12.jpg 18w\" sizes=\"auto, (max-width: 1200px) 100vw, 1200px\" \/><figcaption class=\"wp-element-caption\">Antonio Brivo, piloto da Alfa Romeo em 1932<\/figcaption><\/figure>\n\n\n\n<p>O s\u00edmbolo mudou ent\u00e3o. J\u00e1 n\u00e3o era exatamente o de Baracca: o cavalo adoptou uma postura ligeiramente diferente, a cauda foi levantada e foi colocado sobre um fundo amarelo, a cor de Modena, a cidade natal de Enzo Ferrari, encimado pela bandeira italiana. Ap\u00f3s a Segunda Guerra Mundial, quando a Ferrari se tornou um fabricante de direito pr\u00f3prio, este cavalo tornou-se o emblema permanente da marca.<\/p>\n\n\n\n<figure class=\"wp-block-image size-full\"><img loading=\"lazy\" decoding=\"async\" width=\"1200\" height=\"800\" src=\"https:\/\/www.italpassion.fr\/wp-content\/uploads\/2025\/11\/logo-ferrari-00.jpg\" alt=\"\" class=\"wp-image-43345\" srcset=\"https:\/\/www.italpassion.fr\/wp-content\/uploads\/2025\/11\/logo-ferrari-00.jpg 1200w, https:\/\/www.italpassion.fr\/wp-content\/uploads\/2025\/11\/logo-ferrari-00-420x280.jpg 420w, https:\/\/www.italpassion.fr\/wp-content\/uploads\/2025\/11\/logo-ferrari-00-768x512.jpg 768w, https:\/\/www.italpassion.fr\/wp-content\/uploads\/2025\/11\/logo-ferrari-00-18x12.jpg 18w\" sizes=\"auto, (max-width: 1200px) 100vw, 1200px\" \/><\/figure>\n\n\n\n<h2 class=\"wp-block-heading\">Do cavalo Baracca ao cavalo Ferrari<\/h2>\n\n\n\n<p>Embora Enzo Ferrari se tenha inspirado no cavalo de Francesco Baracca, o s\u00edmbolo que se tornar\u00e1 o da Ferrari n\u00e3o \u00e9 uma reprodu\u00e7\u00e3o fiel do emblema pintado no avi\u00e3o do piloto italiano. V\u00e1rios elementos gr\u00e1ficos diferem de forma not\u00e1vel: a postura, o estilo do desenho e, sobretudo, a cauda do cavalo, que est\u00e1 levantada no log\u00f3tipo da Ferrari, ao passo que no avi\u00e3o de Baracca est\u00e1 geralmente virada para baixo. Esta evolu\u00e7\u00e3o pode ser explicada por uma etapa muitas vezes esquecida. Em 1930, para assinalar a inaugura\u00e7\u00e3o do santu\u00e1rio dedicado a Francesco Baracca em Nervesa della Battaglia, foi publicado um op\u00fasculo comemorativo intitulado \"Per Francesco Baracca sul Montello\". A capa apresenta as armas her\u00e1ldicas da fam\u00edlia Baracca, desenhadas pelo pintor de Lugo Gino Croari.<\/p>\n\n\n\n<figure class=\"wp-block-image size-full\"><img loading=\"lazy\" decoding=\"async\" width=\"1200\" height=\"800\" src=\"https:\/\/www.italpassion.fr\/wp-content\/uploads\/2026\/01\/baracca.jpg\" alt=\"\" class=\"wp-image-45755\" srcset=\"https:\/\/www.italpassion.fr\/wp-content\/uploads\/2026\/01\/baracca.jpg 1200w, https:\/\/www.italpassion.fr\/wp-content\/uploads\/2026\/01\/baracca-420x280.jpg 420w, https:\/\/www.italpassion.fr\/wp-content\/uploads\/2026\/01\/baracca-768x512.jpg 768w, https:\/\/www.italpassion.fr\/wp-content\/uploads\/2026\/01\/baracca-18x12.jpg 18w\" sizes=\"auto, (max-width: 1200px) 100vw, 1200px\" \/><figcaption class=\"wp-element-caption\">Fonte: Museu Francesco Baracca<\/figcaption><\/figure>\n\n\n\n<p>Nesta vers\u00e3o, o artista reinterpreta livremente o cavalo empinado: o estilo \u00e9 mais gr\u00e1fico, a silhueta mais din\u00e2mica e a cauda claramente levantada. Este cavalo, colocado sobre um escudo, corresponde quase exatamente ao que aparecer\u00e1 alguns anos mais tarde nos carros da Scuderia Ferrari. J\u00e1 n\u00e3o se trata do cavalo do avi\u00e3o Baracca, mas de uma vers\u00e3o estilizada concebida para uso her\u00e1ldico e simb\u00f3lico. \u00c9, portanto, muito prov\u00e1vel que Enzo Ferrari, querendo honrar a promessa que tinha feito \u00e0 m\u00e3e de Francesco Baracca, se tenha inspirado nesta vers\u00e3o concebida por Croari para definir o emblema da sua equipa.<\/p>\n\n\n\n<h2 class=\"wp-block-heading\">Dois cavalos, uma poss\u00edvel origem comum?<\/h2>\n\n\n\n<p>\u00c9 aqui que a hist\u00f3ria precisa de ser qualificada. Se os dois cavalos s\u00e3o t\u00e3o parecidos, pode n\u00e3o ser por acaso, mas seria simplista ver uma \u00fanica origem. No caso de Francesco Baracca, a explica\u00e7\u00e3o mais bem estabelecida \u00e9 sobretudo militar. Antes de se tornar o \u00e1s da avia\u00e7\u00e3o italiana, Baracca foi oficial de cavalaria no prestigiado Regimento Real de Cavalaria do Piemonte, uma unidade de elite cujo emblema her\u00e1ldico era j\u00e1 um cavalo empinado. Ao adotar um emblema distintivo para os seus avi\u00f5es a partir de 1917, Baracca seguiu naturalmente os passos do seu regimento, adoptando este s\u00edmbolo como uma afirma\u00e7\u00e3o da sua identidade militar e da sua liga\u00e7\u00e3o \u00e0 tradi\u00e7\u00e3o da cavalaria.<\/p>\n\n\n\n<p>Mas isto n\u00e3o exclui outras influ\u00eancias. Durante a Primeira Guerra Mundial, muitos pilotos personalizaram os seus avi\u00f5es com emblemas ligados \u00e0 sua unidade, \u00e0 sua regi\u00e3o de origem ou, por vezes, \u00e0s suas vit\u00f3rias. Alguns relatos do p\u00f3s-guerra afirmam que Baracca abateu um avi\u00e3o alem\u00e3o com um cavalo empinado, um s\u00edmbolo possivelmente inspirado na cidade de Estugarda, cujo bras\u00e3o apresenta este motivo h\u00e1 s\u00e9culos. Embora esta hip\u00f3tese seja imposs\u00edvel de provar formalmente, ela ilustra a circula\u00e7\u00e3o de s\u00edmbolos na Europa no in\u00edcio do s\u00e9culo XX. Neste cen\u00e1rio, o cavalo poderia ter existido simultaneamente em v\u00e1rias tradi\u00e7\u00f5es - her\u00e1ldica alem\u00e3, cavalaria italiana, avia\u00e7\u00e3o militar - sem que se pudesse falar de uma c\u00f3pia direta.<\/p>\n\n\n\n<p>Na aus\u00eancia de documentos irrefut\u00e1veis, esta pista permanece no dom\u00ednio da especula\u00e7\u00e3o. N\u00e3o invalida a origem cavalheiresca do cavalo de Baracca, hoje amplamente documentada, mas mostra como o mesmo s\u00edmbolo, profundamente enraizado no imagin\u00e1rio europeu, pode ter surgido independentemente em diferentes contextos antes de se tornar mais tarde num dos emblemas mais famosos da hist\u00f3ria autom\u00f3vel. Apesar das semelhan\u00e7as, os cavalos Ferrari e Porsche nunca colocaram problemas jur\u00eddicos ou simb\u00f3licos. A raz\u00e3o \u00e9 simples: cada um conta uma hist\u00f3ria diferente. Na Porsche, o cavalo \u00e9 um marco territorial, enraizado na hist\u00f3ria de Estugarda. Na Ferrari, \u00e9 o legado de um her\u00f3i nacional, transformado num s\u00edmbolo de competi\u00e7\u00e3o e desempenho.<\/p>","protected":false},"excerpt":{"rendered":"","protected":false},"author":1,"featured_media":45749,"comment_status":"open","ping_status":"open","sticky":false,"template":"","format":"standard","meta":{"_acf_changed":false,"_sitemap_exclude":false,"_sitemap_priority":"","_sitemap_frequency":"","footnotes":""},"categories":[23],"tags":[],"class_list":["post-45748","post","type-post","status-publish","format-standard","has-post-thumbnail","hentry","category-ferrari","generate-columns","tablet-grid-50","mobile-grid-100","grid-parent","grid-33"],"acf":[],"yoast_head":"<!-- This site is optimized with the Yoast SEO plugin v25.8 - https:\/\/yoast.com\/wordpress\/plugins\/seo\/ -->\n<title>Pourquoi Ferrari et Porsche ont un cheval cabr\u00e9 sur le logo ? - ItalPassion<\/title>\n<meta name=\"description\" content=\"\u00c0 premi\u00e8re vue, la ressemblance est troublante. Deux des marques automobiles les plus prestigieuses au monde, Ferrari et Porsche, arborent toutes deux un\" \/>\n<meta name=\"robots\" content=\"index, follow, max-snippet:-1, max-image-preview:large, max-video-preview:-1\" \/>\n<link rel=\"canonical\" href=\"https:\/\/www.italpassion.fr\/pt\/ferrari\/porque-e-que-a-ferrari-e-a-porsche-tem-o-mesmo-cavalo-empinado-no-seu-logotipo\/\" \/>\n<meta property=\"og:locale\" content=\"pt_PT\" \/>\n<meta property=\"og:type\" content=\"article\" \/>\n<meta property=\"og:title\" content=\"Pourquoi Ferrari et Porsche ont un cheval cabr\u00e9 sur le logo ? - ItalPassion\" \/>\n<meta property=\"og:description\" content=\"\u00c0 premi\u00e8re vue, la ressemblance est troublante. Deux des marques automobiles les plus prestigieuses au monde, Ferrari et Porsche, arborent toutes deux un\" \/>\n<meta property=\"og:url\" content=\"https:\/\/www.italpassion.fr\/pt\/ferrari\/porque-e-que-a-ferrari-e-a-porsche-tem-o-mesmo-cavalo-empinado-no-seu-logotipo\/\" \/>\n<meta property=\"og:site_name\" content=\"ItalPassion\" \/>\n<meta property=\"article:publisher\" content=\"https:\/\/www.facebook.com\/italpassion\" \/>\n<meta property=\"article:published_time\" content=\"2026-01-26T11:25:14+00:00\" \/>\n<meta property=\"og:image\" content=\"https:\/\/www.italpassion.fr\/wp-content\/uploads\/2026\/01\/logo-ferrari-porsche.jpg\" \/>\n\t<meta property=\"og:image:width\" content=\"1200\" \/>\n\t<meta property=\"og:image:height\" content=\"800\" \/>\n\t<meta property=\"og:image:type\" content=\"image\/jpeg\" \/>\n<meta name=\"author\" content=\"Alexandre Filluzeau\" \/>\n<meta name=\"twitter:card\" content=\"summary_large_image\" \/>\n<meta name=\"twitter:creator\" content=\"@italpassion\" \/>\n<meta name=\"twitter:site\" content=\"@italpassion\" \/>\n<script type=\"application\/ld+json\" class=\"yoast-schema-graph\">{\"@context\":\"https:\/\/schema.org\",\"@graph\":[{\"@type\":\"NewsArticle\",\"@id\":\"https:\/\/www.italpassion.fr\/pt\/ferrari\/pourquoi-ferrari-et-porsche-ont-le-meme-cheval-cabre-sur-le-logo\/#article\",\"isPartOf\":{\"@id\":\"https:\/\/www.italpassion.fr\/pt\/ferrari\/pourquoi-ferrari-et-porsche-ont-le-meme-cheval-cabre-sur-le-logo\/\"},\"author\":{\"name\":\"Alexandre Filluzeau\",\"@id\":\"https:\/\/www.italpassion.fr\/pt\/#\/schema\/person\/36f747b2a759ca202d847e85a9434ca0\"},\"headline\":\"Pourquoi Ferrari et Porsche ont un cheval cabr\u00e9 sur le logo ?\",\"datePublished\":\"2026-01-26T11:25:14+00:00\",\"mainEntityOfPage\":{\"@id\":\"https:\/\/www.italpassion.fr\/pt\/ferrari\/pourquoi-ferrari-et-porsche-ont-le-meme-cheval-cabre-sur-le-logo\/\"},\"wordCount\":1409,\"commentCount\":4,\"publisher\":{\"@id\":\"https:\/\/www.italpassion.fr\/pt\/#organization\"},\"image\":{\"@id\":\"https:\/\/www.italpassion.fr\/pt\/ferrari\/pourquoi-ferrari-et-porsche-ont-le-meme-cheval-cabre-sur-le-logo\/#primaryimage\"},\"thumbnailUrl\":\"https:\/\/www.italpassion.fr\/wp-content\/uploads\/2026\/01\/logo-ferrari-porsche.jpg\",\"articleSection\":[\"Ferrari\"],\"inLanguage\":\"pt-PT\",\"potentialAction\":[{\"@type\":\"CommentAction\",\"name\":\"Comment\",\"target\":[\"https:\/\/www.italpassion.fr\/pt\/ferrari\/pourquoi-ferrari-et-porsche-ont-le-meme-cheval-cabre-sur-le-logo\/#respond\"]}]},{\"@type\":\"WebPage\",\"@id\":\"https:\/\/www.italpassion.fr\/pt\/ferrari\/pourquoi-ferrari-et-porsche-ont-le-meme-cheval-cabre-sur-le-logo\/\",\"url\":\"https:\/\/www.italpassion.fr\/pt\/ferrari\/pourquoi-ferrari-et-porsche-ont-le-meme-cheval-cabre-sur-le-logo\/\",\"name\":\"Pourquoi Ferrari et Porsche ont un cheval cabr\u00e9 sur le logo ? - ItalPassion\",\"isPartOf\":{\"@id\":\"https:\/\/www.italpassion.fr\/pt\/#website\"},\"primaryImageOfPage\":{\"@id\":\"https:\/\/www.italpassion.fr\/pt\/ferrari\/pourquoi-ferrari-et-porsche-ont-le-meme-cheval-cabre-sur-le-logo\/#primaryimage\"},\"image\":{\"@id\":\"https:\/\/www.italpassion.fr\/pt\/ferrari\/pourquoi-ferrari-et-porsche-ont-le-meme-cheval-cabre-sur-le-logo\/#primaryimage\"},\"thumbnailUrl\":\"https:\/\/www.italpassion.fr\/wp-content\/uploads\/2026\/01\/logo-ferrari-porsche.jpg\",\"datePublished\":\"2026-01-26T11:25:14+00:00\",\"description\":\"\u00c0 premi\u00e8re vue, la ressemblance est troublante. Deux des marques automobiles les plus prestigieuses au monde, Ferrari et Porsche, arborent toutes deux un\",\"breadcrumb\":{\"@id\":\"https:\/\/www.italpassion.fr\/pt\/ferrari\/pourquoi-ferrari-et-porsche-ont-le-meme-cheval-cabre-sur-le-logo\/#breadcrumb\"},\"inLanguage\":\"pt-PT\",\"potentialAction\":[{\"@type\":\"ReadAction\",\"target\":[\"https:\/\/www.italpassion.fr\/pt\/ferrari\/pourquoi-ferrari-et-porsche-ont-le-meme-cheval-cabre-sur-le-logo\/\"]}]},{\"@type\":\"ImageObject\",\"inLanguage\":\"pt-PT\",\"@id\":\"https:\/\/www.italpassion.fr\/pt\/ferrari\/pourquoi-ferrari-et-porsche-ont-le-meme-cheval-cabre-sur-le-logo\/#primaryimage\",\"url\":\"https:\/\/www.italpassion.fr\/wp-content\/uploads\/2026\/01\/logo-ferrari-porsche.jpg\",\"contentUrl\":\"https:\/\/www.italpassion.fr\/wp-content\/uploads\/2026\/01\/logo-ferrari-porsche.jpg\",\"width\":1200,\"height\":800},{\"@type\":\"BreadcrumbList\",\"@id\":\"https:\/\/www.italpassion.fr\/pt\/ferrari\/pourquoi-ferrari-et-porsche-ont-le-meme-cheval-cabre-sur-le-logo\/#breadcrumb\",\"itemListElement\":[{\"@type\":\"ListItem\",\"position\":1,\"name\":\"Accueil\",\"item\":\"https:\/\/www.italpassion.fr\/pt\/\"},{\"@type\":\"ListItem\",\"position\":2,\"name\":\"Pourquoi Ferrari et Porsche ont un cheval cabr\u00e9 sur le logo ?\"}]},{\"@type\":\"WebSite\",\"@id\":\"https:\/\/www.italpassion.fr\/pt\/#website\",\"url\":\"https:\/\/www.italpassion.fr\/pt\/\",\"name\":\"ItalPassion\",\"description\":\"Les Passionn\u00e9s d&#039;Automobiles Italiennes\",\"publisher\":{\"@id\":\"https:\/\/www.italpassion.fr\/pt\/#organization\"},\"potentialAction\":[{\"@type\":\"SearchAction\",\"target\":{\"@type\":\"EntryPoint\",\"urlTemplate\":\"https:\/\/www.italpassion.fr\/pt\/?s={search_term_string}\"},\"query-input\":{\"@type\":\"PropertyValueSpecification\",\"valueRequired\":true,\"valueName\":\"search_term_string\"}}],\"inLanguage\":\"pt-PT\"},{\"@type\":\"Organization\",\"@id\":\"https:\/\/www.italpassion.fr\/pt\/#organization\",\"name\":\"Italpassion\",\"url\":\"https:\/\/www.italpassion.fr\/pt\/\",\"logo\":{\"@type\":\"ImageObject\",\"inLanguage\":\"pt-PT\",\"@id\":\"https:\/\/www.italpassion.fr\/pt\/#\/schema\/logo\/image\/\",\"url\":\"https:\/\/www.italpassion.fr\/wp-content\/uploads\/2023\/07\/italpassion-yoast.jpg\",\"contentUrl\":\"https:\/\/www.italpassion.fr\/wp-content\/uploads\/2023\/07\/italpassion-yoast.jpg\",\"width\":696,\"height\":696,\"caption\":\"Italpassion\"},\"image\":{\"@id\":\"https:\/\/www.italpassion.fr\/pt\/#\/schema\/logo\/image\/\"},\"sameAs\":[\"https:\/\/www.facebook.com\/italpassion\",\"https:\/\/x.com\/italpassion\",\"https:\/\/www.instagram.com\/italpassionfr\/\",\"https:\/\/www.youtube.com\/channel\/UCleq-ByQaA42OjhopwevRjQ\",\"https:\/\/www.facebook.com\/italpassion.en\/\",\"https:\/\/www.facebook.com\/italpassion.it\/\",\"https:\/\/www.facebook.com\/italpassion.de\/\",\"https:\/\/www.facebook.com\/italpassion.ja\/\"]},{\"@type\":\"Person\",\"@id\":\"https:\/\/www.italpassion.fr\/pt\/#\/schema\/person\/36f747b2a759ca202d847e85a9434ca0\",\"name\":\"Alexandre Filluzeau\",\"image\":{\"@type\":\"ImageObject\",\"inLanguage\":\"pt-PT\",\"@id\":\"https:\/\/www.italpassion.fr\/pt\/#\/schema\/person\/image\/\",\"url\":\"https:\/\/www.italpassion.fr\/wp-content\/uploads\/2025\/04\/avatar-alexandre-160x160.jpg\",\"contentUrl\":\"https:\/\/www.italpassion.fr\/wp-content\/uploads\/2025\/04\/avatar-alexandre-160x160.jpg\",\"caption\":\"Alexandre Filluzeau\"},\"description\":\"Fondateur du site ItalPassion, passionn\u00e9 de voitures italiennes et de l'Italie en g\u00e9n\u00e9ral. J'apporte un regard critique et technique aux actualit\u00e9s des marques italiennes quand cela est possible. Propri\u00e9taire d'une Maserati GranTurismo, Alfa Romeo MiTo, Lancia Fulvia et Ducati 695. Ex-propri\u00e9taire d'une Alfa Romeo Giulia.\",\"sameAs\":[\"https:\/\/www.italpassion.fr\/\"],\"url\":\"https:\/\/www.italpassion.fr\/pt\/author\/alexandre\/\"}]}<\/script>\n<!-- \/ Yoast SEO plugin. -->","yoast_head_json":{"title":"Porque \u00e9 que a Ferrari e a Porsche t\u00eam um cavalo empinado no seu log\u00f3tipo? - ItalPassion","description":"\u00c0 primeira vista, a semelhan\u00e7a \u00e9 estranha. Duas das marcas de autom\u00f3veis mais prestigiadas do mundo, a Ferrari e a Porsche, t\u00eam ambas um","robots":{"index":"index","follow":"follow","max-snippet":"max-snippet:-1","max-image-preview":"max-image-preview:large","max-video-preview":"max-video-preview:-1"},"canonical":"https:\/\/www.italpassion.fr\/pt\/ferrari\/porque-e-que-a-ferrari-e-a-porsche-tem-o-mesmo-cavalo-empinado-no-seu-logotipo\/","og_locale":"pt_PT","og_type":"article","og_title":"Pourquoi Ferrari et Porsche ont un cheval cabr\u00e9 sur le logo ? - ItalPassion","og_description":"\u00c0 premi\u00e8re vue, la ressemblance est troublante. Deux des marques automobiles les plus prestigieuses au monde, Ferrari et Porsche, arborent toutes deux un","og_url":"https:\/\/www.italpassion.fr\/pt\/ferrari\/porque-e-que-a-ferrari-e-a-porsche-tem-o-mesmo-cavalo-empinado-no-seu-logotipo\/","og_site_name":"ItalPassion","article_publisher":"https:\/\/www.facebook.com\/italpassion","article_published_time":"2026-01-26T11:25:14+00:00","og_image":[{"width":1200,"height":800,"url":"https:\/\/www.italpassion.fr\/wp-content\/uploads\/2026\/01\/logo-ferrari-porsche.jpg","type":"image\/jpeg"}],"author":"Alexandre Filluzeau","twitter_card":"summary_large_image","twitter_creator":"@italpassion","twitter_site":"@italpassion","schema":{"@context":"https:\/\/schema.org","@graph":[{"@type":"NewsArticle","@id":"https:\/\/www.italpassion.fr\/pt\/ferrari\/pourquoi-ferrari-et-porsche-ont-le-meme-cheval-cabre-sur-le-logo\/#article","isPartOf":{"@id":"https:\/\/www.italpassion.fr\/pt\/ferrari\/pourquoi-ferrari-et-porsche-ont-le-meme-cheval-cabre-sur-le-logo\/"},"author":{"name":"Alexandre Filluzeau","@id":"https:\/\/www.italpassion.fr\/pt\/#\/schema\/person\/36f747b2a759ca202d847e85a9434ca0"},"headline":"Pourquoi Ferrari et Porsche ont un cheval cabr\u00e9 sur le logo ?","datePublished":"2026-01-26T11:25:14+00:00","mainEntityOfPage":{"@id":"https:\/\/www.italpassion.fr\/pt\/ferrari\/pourquoi-ferrari-et-porsche-ont-le-meme-cheval-cabre-sur-le-logo\/"},"wordCount":1409,"commentCount":4,"publisher":{"@id":"https:\/\/www.italpassion.fr\/pt\/#organization"},"image":{"@id":"https:\/\/www.italpassion.fr\/pt\/ferrari\/pourquoi-ferrari-et-porsche-ont-le-meme-cheval-cabre-sur-le-logo\/#primaryimage"},"thumbnailUrl":"https:\/\/www.italpassion.fr\/wp-content\/uploads\/2026\/01\/logo-ferrari-porsche.jpg","articleSection":["Ferrari"],"inLanguage":"pt-PT","potentialAction":[{"@type":"CommentAction","name":"Comment","target":["https:\/\/www.italpassion.fr\/pt\/ferrari\/pourquoi-ferrari-et-porsche-ont-le-meme-cheval-cabre-sur-le-logo\/#respond"]}]},{"@type":"WebPage","@id":"https:\/\/www.italpassion.fr\/pt\/ferrari\/pourquoi-ferrari-et-porsche-ont-le-meme-cheval-cabre-sur-le-logo\/","url":"https:\/\/www.italpassion.fr\/pt\/ferrari\/pourquoi-ferrari-et-porsche-ont-le-meme-cheval-cabre-sur-le-logo\/","name":"Porque \u00e9 que a Ferrari e a Porsche t\u00eam um cavalo empinado no seu log\u00f3tipo? - ItalPassion","isPartOf":{"@id":"https:\/\/www.italpassion.fr\/pt\/#website"},"primaryImageOfPage":{"@id":"https:\/\/www.italpassion.fr\/pt\/ferrari\/pourquoi-ferrari-et-porsche-ont-le-meme-cheval-cabre-sur-le-logo\/#primaryimage"},"image":{"@id":"https:\/\/www.italpassion.fr\/pt\/ferrari\/pourquoi-ferrari-et-porsche-ont-le-meme-cheval-cabre-sur-le-logo\/#primaryimage"},"thumbnailUrl":"https:\/\/www.italpassion.fr\/wp-content\/uploads\/2026\/01\/logo-ferrari-porsche.jpg","datePublished":"2026-01-26T11:25:14+00:00","description":"\u00c0 primeira vista, a semelhan\u00e7a \u00e9 estranha. Duas das marcas de autom\u00f3veis mais prestigiadas do mundo, a Ferrari e a Porsche, t\u00eam ambas um","breadcrumb":{"@id":"https:\/\/www.italpassion.fr\/pt\/ferrari\/pourquoi-ferrari-et-porsche-ont-le-meme-cheval-cabre-sur-le-logo\/#breadcrumb"},"inLanguage":"pt-PT","potentialAction":[{"@type":"ReadAction","target":["https:\/\/www.italpassion.fr\/pt\/ferrari\/pourquoi-ferrari-et-porsche-ont-le-meme-cheval-cabre-sur-le-logo\/"]}]},{"@type":"ImageObject","inLanguage":"pt-PT","@id":"https:\/\/www.italpassion.fr\/pt\/ferrari\/pourquoi-ferrari-et-porsche-ont-le-meme-cheval-cabre-sur-le-logo\/#primaryimage","url":"https:\/\/www.italpassion.fr\/wp-content\/uploads\/2026\/01\/logo-ferrari-porsche.jpg","contentUrl":"https:\/\/www.italpassion.fr\/wp-content\/uploads\/2026\/01\/logo-ferrari-porsche.jpg","width":1200,"height":800},{"@type":"BreadcrumbList","@id":"https:\/\/www.italpassion.fr\/pt\/ferrari\/pourquoi-ferrari-et-porsche-ont-le-meme-cheval-cabre-sur-le-logo\/#breadcrumb","itemListElement":[{"@type":"ListItem","position":1,"name":"Accueil","item":"https:\/\/www.italpassion.fr\/pt\/"},{"@type":"ListItem","position":2,"name":"Pourquoi Ferrari et Porsche ont un cheval cabr\u00e9 sur le logo ?"}]},{"@type":"WebSite","@id":"https:\/\/www.italpassion.fr\/pt\/#website","url":"https:\/\/www.italpassion.fr\/pt\/","name":"ItalPassion","description":"Entusiastas de autom\u00f3veis italianos","publisher":{"@id":"https:\/\/www.italpassion.fr\/pt\/#organization"},"potentialAction":[{"@type":"SearchAction","target":{"@type":"EntryPoint","urlTemplate":"https:\/\/www.italpassion.fr\/pt\/?s={search_term_string}"},"query-input":{"@type":"PropertyValueSpecification","valueRequired":true,"valueName":"search_term_string"}}],"inLanguage":"pt-PT"},{"@type":"Organization","@id":"https:\/\/www.italpassion.fr\/pt\/#organization","name":"Italpassion","url":"https:\/\/www.italpassion.fr\/pt\/","logo":{"@type":"ImageObject","inLanguage":"pt-PT","@id":"https:\/\/www.italpassion.fr\/pt\/#\/schema\/logo\/image\/","url":"https:\/\/www.italpassion.fr\/wp-content\/uploads\/2023\/07\/italpassion-yoast.jpg","contentUrl":"https:\/\/www.italpassion.fr\/wp-content\/uploads\/2023\/07\/italpassion-yoast.jpg","width":696,"height":696,"caption":"Italpassion"},"image":{"@id":"https:\/\/www.italpassion.fr\/pt\/#\/schema\/logo\/image\/"},"sameAs":["https:\/\/www.facebook.com\/italpassion","https:\/\/x.com\/italpassion","https:\/\/www.instagram.com\/italpassionfr\/","https:\/\/www.youtube.com\/channel\/UCleq-ByQaA42OjhopwevRjQ","https:\/\/www.facebook.com\/italpassion.en\/","https:\/\/www.facebook.com\/italpassion.it\/","https:\/\/www.facebook.com\/italpassion.de\/","https:\/\/www.facebook.com\/italpassion.ja\/"]},{"@type":"Person","@id":"https:\/\/www.italpassion.fr\/pt\/#\/schema\/person\/36f747b2a759ca202d847e85a9434ca0","name":"Alexandre Filluzeau","image":{"@type":"ImageObject","inLanguage":"pt-PT","@id":"https:\/\/www.italpassion.fr\/pt\/#\/schema\/person\/image\/","url":"https:\/\/www.italpassion.fr\/wp-content\/uploads\/2025\/04\/avatar-alexandre-160x160.jpg","contentUrl":"https:\/\/www.italpassion.fr\/wp-content\/uploads\/2025\/04\/avatar-alexandre-160x160.jpg","caption":"Alexandre Filluzeau"},"description":"Fundador do site ItalPassion, apaixonado por carros italianos e pela It\u00e1lia em geral. Trago um olhar cr\u00edtico e t\u00e9cnico \u00e0s not\u00edcias das marcas italianas, sempre que poss\u00edvel. Propriet\u00e1ria de um Maserati GranTurismo, Alfa Romeo MiTo, Lancia Fulvia e Ducati 695. Ex-propriet\u00e1rio de uma Alfa Romeo Giulia.","sameAs":["https:\/\/www.italpassion.fr\/"],"url":"https:\/\/www.italpassion.fr\/pt\/author\/alexandre\/"}]}},"_links":{"self":[{"href":"https:\/\/www.italpassion.fr\/pt\/wp-json\/wp\/v2\/posts\/45748","targetHints":{"allow":["GET"]}}],"collection":[{"href":"https:\/\/www.italpassion.fr\/pt\/wp-json\/wp\/v2\/posts"}],"about":[{"href":"https:\/\/www.italpassion.fr\/pt\/wp-json\/wp\/v2\/types\/post"}],"author":[{"embeddable":true,"href":"https:\/\/www.italpassion.fr\/pt\/wp-json\/wp\/v2\/users\/1"}],"replies":[{"embeddable":true,"href":"https:\/\/www.italpassion.fr\/pt\/wp-json\/wp\/v2\/comments?post=45748"}],"version-history":[{"count":2,"href":"https:\/\/www.italpassion.fr\/pt\/wp-json\/wp\/v2\/posts\/45748\/revisions"}],"predecessor-version":[{"id":45761,"href":"https:\/\/www.italpassion.fr\/pt\/wp-json\/wp\/v2\/posts\/45748\/revisions\/45761"}],"wp:featuredmedia":[{"embeddable":true,"href":"https:\/\/www.italpassion.fr\/pt\/wp-json\/wp\/v2\/media\/45749"}],"wp:attachment":[{"href":"https:\/\/www.italpassion.fr\/pt\/wp-json\/wp\/v2\/media?parent=45748"}],"wp:term":[{"taxonomy":"category","embeddable":true,"href":"https:\/\/www.italpassion.fr\/pt\/wp-json\/wp\/v2\/categories?post=45748"},{"taxonomy":"post_tag","embeddable":true,"href":"https:\/\/www.italpassion.fr\/pt\/wp-json\/wp\/v2\/tags?post=45748"}],"curies":[{"name":"wp","href":"https:\/\/api.w.org\/{rel}","templated":true}]}}