{"id":45723,"date":"2026-01-26T09:08:41","date_gmt":"2026-01-26T08:08:41","guid":{"rendered":"https:\/\/www.italpassion.fr\/?p=45723"},"modified":"2026-01-26T09:08:41","modified_gmt":"2026-01-26T08:08:41","slug":"a-stellantis-esta-a-recrutar-em-massa-na-sua-fabrica-fiat-mas-os-jovens-ja-nao-querem-trabalhar-a-noite-e-ao-sabado-nao-obrigado","status":"publish","type":"post","link":"https:\/\/www.italpassion.fr\/pt\/stellantis\/stellantis-recrute-massivement-dans-son-usine-fiat-mais-les-jeunes-ne-veulent-plus-travailler-les-nuits-et-les-samedis-non-merci\/","title":{"rendered":"A Stellantis est\u00e1 a recrutar em massa na sua f\u00e1brica da Fiat, mas os jovens j\u00e1 n\u00e3o querem trabalhar \"\u00e0 noite e ao s\u00e1bado? N\u00e3o, obrigado\"."},"content":{"rendered":"<figure class=\"wp-block-image size-full\"><img loading=\"lazy\" decoding=\"async\" width=\"1200\" height=\"800\" src=\"https:\/\/www.italpassion.fr\/wp-content\/uploads\/2025\/12\/fiat-500-mirafiori-22.jpg\" alt=\"\" class=\"wp-image-44594\" srcset=\"https:\/\/www.italpassion.fr\/wp-content\/uploads\/2025\/12\/fiat-500-mirafiori-22.jpg 1200w, https:\/\/www.italpassion.fr\/wp-content\/uploads\/2025\/12\/fiat-500-mirafiori-22-420x280.jpg 420w, https:\/\/www.italpassion.fr\/wp-content\/uploads\/2025\/12\/fiat-500-mirafiori-22-768x512.jpg 768w, https:\/\/www.italpassion.fr\/wp-content\/uploads\/2025\/12\/fiat-500-mirafiori-22-18x12.jpg 18w\" sizes=\"auto, (max-width: 1200px) 100vw, 1200px\" \/><\/figure>\n\n\n\n<p>\u00c9 um espet\u00e1culo que n\u00e3o se via em Turim h\u00e1 d\u00e9cadas. Em frente ao port\u00e3o da f\u00e1brica de Mirafiori, todos os dias se forma uma fila de candidatos, com os curr\u00edculos debaixo do bra\u00e7o. Pela primeira vez em quase vinte anos, <a href=\"https:\/\/www.italpassion.fr\/pt\/stellantis\/stellantis-regressa-ao-pleno-emprego-na-fabrica-fiat-pela-primeira-vez-em-20-anos\/\">A f\u00e1brica hist\u00f3rica da Fiat recruta em grande escala<\/a>. <a href=\"https:\/\/www.italpassion.fr\/pt\/stellantis\/\">Stellantis<\/a> lan\u00e7ou uma campanha para contratar entre 434 e 440 operadores para relan\u00e7ar a produ\u00e7\u00e3o do Fiat 500 h\u00edbrido, uma vers\u00e3o t\u00e9rmica derivada do 500 el\u00e9trico. <\/p>\n\n\n\n<p>Um ponto de viragem simb\u00f3lico para a unidade de Turim, h\u00e1 muito marcada pela subutiliza\u00e7\u00e3o das suas linhas e por quase 18 anos de trabalho a tempo reduzido quase ininterrupto. O m\u00eas de fevereiro deveria marcar o fim deste hiato social. No papel, o cen\u00e1rio parecia ideal: novos contratados, um novo modelo e a ambi\u00e7\u00e3o de produzir mais de 100 000 ve\u00edculos por ano. Mas a realidade no terreno \u00e9 mais matizada.<\/p>\n\n\n\n<h2 class=\"wp-block-heading\">Promessa cumprida, mas...<\/h2>\n\n\n\n<p>Este relan\u00e7amento est\u00e1 em conformidade com os compromissos assumidos pelo antigo diretor da Stellantis, Carlos Tavares, que prometeu uma renova\u00e7\u00e3o geracional em Mirafiori. O seu sucessor, Ant\u00f3nio Filosa, est\u00e1 agora a aplicar esta estrat\u00e9gia, encerrando o longo per\u00edodo de amortecedores sociais. Cerca de 2.000 empregados experientes j\u00e1 trabalham no local, com uma m\u00e9dia de idades elevada: muitos t\u00eam mais de 55 anos, e um ter\u00e7o da for\u00e7a de trabalho dever\u00e1 reformar-se at\u00e9 2029. A necessidade de sangue novo \u00e9, portanto, evidente, quase vital para a sobreviv\u00eancia industrial da f\u00e1brica. No entanto, apesar dos milhares de perfis identificados pelas ag\u00eancias de recrutamento, o recrutamento est\u00e1 a progredir mais lentamente do que o esperado.<\/p>\n\n\n\n<h2 class=\"wp-block-heading\">A nova gera\u00e7\u00e3o estabelece as suas condi\u00e7\u00f5es<\/h2>\n\n\n\n<p>Em Mirafiori, os candidatos est\u00e3o l\u00e1. Jovens, muitas vezes licenciados, por vezes mal sa\u00eddos da escola. Mas nas suas mochilas, a par dos seus curr\u00edculos, h\u00e1 condi\u00e7\u00f5es in\u00e9ditas no mundo da grande ind\u00fastria. \u00c9 o que relata o jornal italiano Corriere Torino:<\/p>\n\n\n\n<ul class=\"wp-block-list\">\n<li>Trabalho noturno? Para eles, n\u00e3o.<\/li>\n\n\n\n<li>S\u00e1bados na f\u00e1brica? N\u00e3o, obrigado.<\/li>\n\n\n\n<li>Os fins-de-semana s\u00e3o reservados \u00e0 vida pessoal, ao gin\u00e1sio e a outras prioridades.<\/li>\n<\/ul>\n\n\n\n<p>Um choque cultural para uma f\u00e1brica historicamente baseada em turnos sucessivos, hor\u00e1rios de trabalho flex\u00edveis e disponibilidade total. Alguns candidatos abandonam a empresa logo ap\u00f3s a entrevista, quando descobrem a possibilidade de um terceiro turno ou de trabalhar ao s\u00e1bado. Outros est\u00e3o relutantes em aceitar o contrato de trabalho tempor\u00e1rio de cerca de dez meses, oferecido atrav\u00e9s de ag\u00eancias, apesar dos sal\u00e1rios iniciais entre 2.000 e 2.600 euros brutos por m\u00eas, consoante a posi\u00e7\u00e3o. Consequentemente, apenas cerca de 120 dos 440 postos de trabalho anunciados foram efetivamente preenchidos at\u00e9 \u00e0 data.<\/p>\n\n\n\n<h2 class=\"wp-block-heading\">Os jovens com menos de 30 anos s\u00e3o procurados... mas dif\u00edceis de encontrar<\/h2>\n\n\n\n<p>Outro condicionalismo menos vis\u00edvel mas decisivo \u00e9 a prefer\u00eancia de Stellantis por pessoas com menos de 30 anos. Oficialmente, a dire\u00e7\u00e3o evita fazer deste um crit\u00e9rio declarado, para n\u00e3o se expor a acusa\u00e7\u00f5es de discrimina\u00e7\u00e3o. Na pr\u00e1tica, por\u00e9m, os sindicatos confirmam que os perfis mais velhos, por vezes selecionados, s\u00e3o colocados em espera ou reencaminhados para outros s\u00edtios. Esta estrat\u00e9gia complica ainda mais o recrutamento. Embora n\u00e3o faltem jovens candidatos, h\u00e1 falta de compet\u00eancias t\u00e9cnicas. No Piemonte, de acordo com as c\u00e2maras de com\u00e9rcio, tornou-se extremamente dif\u00edcil encontrar trabalhadores especializados, nomeadamente oper\u00e1rios de manuten\u00e7\u00e3o, um trabalho essencial para uma f\u00e1brica moderna.<\/p>\n\n\n\n<p>Durante d\u00e9cadas, trabalhar na Fiat em Mirafiori representou uma promessa: estabilidade, um sal\u00e1rio seguro, um futuro claro. Hoje, esta hist\u00f3ria j\u00e1 n\u00e3o \u00e9 suficientemente convincente. A nova gera\u00e7\u00e3o de trabalhadores n\u00e3o rejeita a f\u00e1brica, nem mesmo o casaco azul. Mas recusa-se a sacrificar-lhe a sua vida pessoal.<\/p>\n\n\n\n<h2 class=\"wp-block-heading\">As taxas de produ\u00e7\u00e3o j\u00e1 est\u00e3o amea\u00e7adas<\/h2>\n\n\n\n<p>Esta dificuldade de recrutamento de pessoal poder\u00e1 ter um impacto direto no arranque do Fiat 500 h\u00edbrido. O lan\u00e7amento de uma segunda linha, inicialmente previsto para meados de mar\u00e7o, poderia ser adiado por v\u00e1rias semanas devido \u00e0 falta de pessoal suficiente e imediatamente operacional. Este cen\u00e1rio \u00e9 tanto mais delicado quanto Mirafiori est\u00e1 a jogar a s\u00e9rio: o 500 h\u00edbrido n\u00e3o \u00e9 o modelo mais ambicioso de Stellantis, mas representa a \u00faltima oportunidade, a curto prazo, de recuperar o volume de uma f\u00e1brica que \u00e9 um s\u00edmbolo da ind\u00fastria autom\u00f3vel italiana.<\/p>","protected":false},"excerpt":{"rendered":"","protected":false},"author":1,"featured_media":44594,"comment_status":"open","ping_status":"open","sticky":false,"template":"","format":"standard","meta":{"_acf_changed":false,"_sitemap_exclude":false,"_sitemap_priority":"","_sitemap_frequency":"","footnotes":""},"categories":[29],"tags":[387],"class_list":["post-45723","post","type-post","status-publish","format-standard","has-post-thumbnail","hentry","category-stellantis","tag-mirafiori","generate-columns","tablet-grid-50","mobile-grid-100","grid-parent","grid-33"],"acf":[],"yoast_head":"<!-- This site is optimized with the Yoast SEO plugin v25.8 - https:\/\/yoast.com\/wordpress\/plugins\/seo\/ -->\n<title>Stellantis recrute massivement dans son usine Fiat, mais les jeunes ne veulent plus travailler &quot;les nuits et les samedis ? Non merci&quot; - ItalPassion<\/title>\n<meta name=\"description\" content=\"C\u2019est une image que l\u2019on n\u2019avait plus vue depuis des d\u00e9cennies \u00e0 Turin. Devant la porte de l&#039;usine de Mirafiori, une file de candidats se forme chaque\" \/>\n<meta name=\"robots\" content=\"index, follow, max-snippet:-1, max-image-preview:large, max-video-preview:-1\" \/>\n<link rel=\"canonical\" href=\"https:\/\/www.italpassion.fr\/pt\/stellantis\/a-stellantis-esta-a-recrutar-em-massa-na-sua-fabrica-fiat-mas-os-jovens-ja-nao-querem-trabalhar-a-noite-e-ao-sabado-nao-obrigado\/\" \/>\n<meta property=\"og:locale\" content=\"pt_PT\" \/>\n<meta property=\"og:type\" content=\"article\" \/>\n<meta property=\"og:title\" content=\"Stellantis recrute massivement dans son usine Fiat, mais les jeunes ne veulent plus travailler &quot;les nuits et les samedis ? Non merci&quot; - ItalPassion\" \/>\n<meta property=\"og:description\" content=\"C\u2019est une image que l\u2019on n\u2019avait plus vue depuis des d\u00e9cennies \u00e0 Turin. Devant la porte de l&#039;usine de Mirafiori, une file de candidats se forme chaque\" \/>\n<meta property=\"og:url\" content=\"https:\/\/www.italpassion.fr\/pt\/stellantis\/a-stellantis-esta-a-recrutar-em-massa-na-sua-fabrica-fiat-mas-os-jovens-ja-nao-querem-trabalhar-a-noite-e-ao-sabado-nao-obrigado\/\" \/>\n<meta property=\"og:site_name\" content=\"ItalPassion\" \/>\n<meta property=\"article:publisher\" content=\"https:\/\/www.facebook.com\/italpassion\" \/>\n<meta property=\"article:published_time\" content=\"2026-01-26T08:08:41+00:00\" \/>\n<meta property=\"og:image\" content=\"https:\/\/www.italpassion.fr\/wp-content\/uploads\/2025\/12\/fiat-500-mirafiori-22.jpg\" \/>\n\t<meta property=\"og:image:width\" content=\"1200\" \/>\n\t<meta property=\"og:image:height\" content=\"800\" \/>\n\t<meta property=\"og:image:type\" content=\"image\/jpeg\" \/>\n<meta name=\"author\" content=\"Alexandre Filluzeau\" \/>\n<meta name=\"twitter:card\" content=\"summary_large_image\" \/>\n<meta name=\"twitter:creator\" content=\"@italpassion\" \/>\n<meta name=\"twitter:site\" content=\"@italpassion\" \/>\n<script type=\"application\/ld+json\" class=\"yoast-schema-graph\">{\"@context\":\"https:\/\/schema.org\",\"@graph\":[{\"@type\":\"NewsArticle\",\"@id\":\"https:\/\/www.italpassion.fr\/pt\/stellantis\/stellantis-recrute-massivement-dans-son-usine-fiat-mais-les-jeunes-ne-veulent-plus-travailler-les-nuits-et-les-samedis-non-merci\/#article\",\"isPartOf\":{\"@id\":\"https:\/\/www.italpassion.fr\/pt\/stellantis\/stellantis-recrute-massivement-dans-son-usine-fiat-mais-les-jeunes-ne-veulent-plus-travailler-les-nuits-et-les-samedis-non-merci\/\"},\"author\":{\"name\":\"Alexandre Filluzeau\",\"@id\":\"https:\/\/www.italpassion.fr\/pt\/#\/schema\/person\/36f747b2a759ca202d847e85a9434ca0\"},\"headline\":\"Stellantis recrute massivement dans son usine Fiat, mais les jeunes ne veulent plus travailler \u00ab\u00a0les nuits et les samedis ? Non merci\u00a0\u00bb\",\"datePublished\":\"2026-01-26T08:08:41+00:00\",\"mainEntityOfPage\":{\"@id\":\"https:\/\/www.italpassion.fr\/pt\/stellantis\/stellantis-recrute-massivement-dans-son-usine-fiat-mais-les-jeunes-ne-veulent-plus-travailler-les-nuits-et-les-samedis-non-merci\/\"},\"wordCount\":761,\"commentCount\":9,\"publisher\":{\"@id\":\"https:\/\/www.italpassion.fr\/pt\/#organization\"},\"image\":{\"@id\":\"https:\/\/www.italpassion.fr\/pt\/stellantis\/stellantis-recrute-massivement-dans-son-usine-fiat-mais-les-jeunes-ne-veulent-plus-travailler-les-nuits-et-les-samedis-non-merci\/#primaryimage\"},\"thumbnailUrl\":\"https:\/\/www.italpassion.fr\/wp-content\/uploads\/2025\/12\/fiat-500-mirafiori-22.jpg\",\"keywords\":[\"Mirafiori\"],\"articleSection\":[\"Stellantis\"],\"inLanguage\":\"pt-PT\",\"potentialAction\":[{\"@type\":\"CommentAction\",\"name\":\"Comment\",\"target\":[\"https:\/\/www.italpassion.fr\/pt\/stellantis\/stellantis-recrute-massivement-dans-son-usine-fiat-mais-les-jeunes-ne-veulent-plus-travailler-les-nuits-et-les-samedis-non-merci\/#respond\"]}]},{\"@type\":\"WebPage\",\"@id\":\"https:\/\/www.italpassion.fr\/pt\/stellantis\/stellantis-recrute-massivement-dans-son-usine-fiat-mais-les-jeunes-ne-veulent-plus-travailler-les-nuits-et-les-samedis-non-merci\/\",\"url\":\"https:\/\/www.italpassion.fr\/pt\/stellantis\/stellantis-recrute-massivement-dans-son-usine-fiat-mais-les-jeunes-ne-veulent-plus-travailler-les-nuits-et-les-samedis-non-merci\/\",\"name\":\"Stellantis recrute massivement dans son usine Fiat, mais les jeunes ne veulent plus travailler \\\"les nuits et les samedis ? Non merci\\\" - ItalPassion\",\"isPartOf\":{\"@id\":\"https:\/\/www.italpassion.fr\/pt\/#website\"},\"primaryImageOfPage\":{\"@id\":\"https:\/\/www.italpassion.fr\/pt\/stellantis\/stellantis-recrute-massivement-dans-son-usine-fiat-mais-les-jeunes-ne-veulent-plus-travailler-les-nuits-et-les-samedis-non-merci\/#primaryimage\"},\"image\":{\"@id\":\"https:\/\/www.italpassion.fr\/pt\/stellantis\/stellantis-recrute-massivement-dans-son-usine-fiat-mais-les-jeunes-ne-veulent-plus-travailler-les-nuits-et-les-samedis-non-merci\/#primaryimage\"},\"thumbnailUrl\":\"https:\/\/www.italpassion.fr\/wp-content\/uploads\/2025\/12\/fiat-500-mirafiori-22.jpg\",\"datePublished\":\"2026-01-26T08:08:41+00:00\",\"description\":\"C\u2019est une image que l\u2019on n\u2019avait plus vue depuis des d\u00e9cennies \u00e0 Turin. Devant la porte de l'usine de Mirafiori, une file de candidats se forme chaque\",\"breadcrumb\":{\"@id\":\"https:\/\/www.italpassion.fr\/pt\/stellantis\/stellantis-recrute-massivement-dans-son-usine-fiat-mais-les-jeunes-ne-veulent-plus-travailler-les-nuits-et-les-samedis-non-merci\/#breadcrumb\"},\"inLanguage\":\"pt-PT\",\"potentialAction\":[{\"@type\":\"ReadAction\",\"target\":[\"https:\/\/www.italpassion.fr\/pt\/stellantis\/stellantis-recrute-massivement-dans-son-usine-fiat-mais-les-jeunes-ne-veulent-plus-travailler-les-nuits-et-les-samedis-non-merci\/\"]}]},{\"@type\":\"ImageObject\",\"inLanguage\":\"pt-PT\",\"@id\":\"https:\/\/www.italpassion.fr\/pt\/stellantis\/stellantis-recrute-massivement-dans-son-usine-fiat-mais-les-jeunes-ne-veulent-plus-travailler-les-nuits-et-les-samedis-non-merci\/#primaryimage\",\"url\":\"https:\/\/www.italpassion.fr\/wp-content\/uploads\/2025\/12\/fiat-500-mirafiori-22.jpg\",\"contentUrl\":\"https:\/\/www.italpassion.fr\/wp-content\/uploads\/2025\/12\/fiat-500-mirafiori-22.jpg\",\"width\":1200,\"height\":800},{\"@type\":\"BreadcrumbList\",\"@id\":\"https:\/\/www.italpassion.fr\/pt\/stellantis\/stellantis-recrute-massivement-dans-son-usine-fiat-mais-les-jeunes-ne-veulent-plus-travailler-les-nuits-et-les-samedis-non-merci\/#breadcrumb\",\"itemListElement\":[{\"@type\":\"ListItem\",\"position\":1,\"name\":\"Accueil\",\"item\":\"https:\/\/www.italpassion.fr\/pt\/\"},{\"@type\":\"ListItem\",\"position\":2,\"name\":\"Stellantis recrute massivement dans son usine Fiat, mais les jeunes ne veulent plus travailler \u00ab\u00a0les nuits et les samedis ? Non merci\u00a0\u00bb\"}]},{\"@type\":\"WebSite\",\"@id\":\"https:\/\/www.italpassion.fr\/pt\/#website\",\"url\":\"https:\/\/www.italpassion.fr\/pt\/\",\"name\":\"ItalPassion\",\"description\":\"Les Passionn\u00e9s d&#039;Automobiles Italiennes\",\"publisher\":{\"@id\":\"https:\/\/www.italpassion.fr\/pt\/#organization\"},\"potentialAction\":[{\"@type\":\"SearchAction\",\"target\":{\"@type\":\"EntryPoint\",\"urlTemplate\":\"https:\/\/www.italpassion.fr\/pt\/?s={search_term_string}\"},\"query-input\":{\"@type\":\"PropertyValueSpecification\",\"valueRequired\":true,\"valueName\":\"search_term_string\"}}],\"inLanguage\":\"pt-PT\"},{\"@type\":\"Organization\",\"@id\":\"https:\/\/www.italpassion.fr\/pt\/#organization\",\"name\":\"Italpassion\",\"url\":\"https:\/\/www.italpassion.fr\/pt\/\",\"logo\":{\"@type\":\"ImageObject\",\"inLanguage\":\"pt-PT\",\"@id\":\"https:\/\/www.italpassion.fr\/pt\/#\/schema\/logo\/image\/\",\"url\":\"https:\/\/www.italpassion.fr\/wp-content\/uploads\/2023\/07\/italpassion-yoast.jpg\",\"contentUrl\":\"https:\/\/www.italpassion.fr\/wp-content\/uploads\/2023\/07\/italpassion-yoast.jpg\",\"width\":696,\"height\":696,\"caption\":\"Italpassion\"},\"image\":{\"@id\":\"https:\/\/www.italpassion.fr\/pt\/#\/schema\/logo\/image\/\"},\"sameAs\":[\"https:\/\/www.facebook.com\/italpassion\",\"https:\/\/x.com\/italpassion\",\"https:\/\/www.instagram.com\/italpassionfr\/\",\"https:\/\/www.youtube.com\/channel\/UCleq-ByQaA42OjhopwevRjQ\",\"https:\/\/www.facebook.com\/italpassion.en\/\",\"https:\/\/www.facebook.com\/italpassion.it\/\",\"https:\/\/www.facebook.com\/italpassion.de\/\",\"https:\/\/www.facebook.com\/italpassion.ja\/\"]},{\"@type\":\"Person\",\"@id\":\"https:\/\/www.italpassion.fr\/pt\/#\/schema\/person\/36f747b2a759ca202d847e85a9434ca0\",\"name\":\"Alexandre Filluzeau\",\"image\":{\"@type\":\"ImageObject\",\"inLanguage\":\"pt-PT\",\"@id\":\"https:\/\/www.italpassion.fr\/pt\/#\/schema\/person\/image\/\",\"url\":\"https:\/\/www.italpassion.fr\/wp-content\/uploads\/2025\/04\/avatar-alexandre-160x160.jpg\",\"contentUrl\":\"https:\/\/www.italpassion.fr\/wp-content\/uploads\/2025\/04\/avatar-alexandre-160x160.jpg\",\"caption\":\"Alexandre Filluzeau\"},\"description\":\"Fondateur du site ItalPassion, passionn\u00e9 de voitures italiennes et de l'Italie en g\u00e9n\u00e9ral. J'apporte un regard critique et technique aux actualit\u00e9s des marques italiennes quand cela est possible. Propri\u00e9taire d'une Maserati GranTurismo, Alfa Romeo MiTo, Lancia Fulvia et Ducati 695. Ex-propri\u00e9taire d'une Alfa Romeo Giulia.\",\"sameAs\":[\"https:\/\/www.italpassion.fr\/\"],\"url\":\"https:\/\/www.italpassion.fr\/pt\/author\/alexandre\/\"}]}<\/script>\n<!-- \/ Yoast SEO plugin. -->","yoast_head_json":{"title":"A Stellantis est\u00e1 a recrutar em massa na sua f\u00e1brica da Fiat, mas os jovens j\u00e1 n\u00e3o querem trabalhar \"\u00e0 noite e ao s\u00e1bado? N\u00e3o, obrigado\". - ItalPassion","description":"\u00c9 uma imagem que n\u00e3o se via em Turim h\u00e1 d\u00e9cadas. Em frente \u00e0 porta da f\u00e1brica de Mirafiori, todos os dias se forma uma fila de candidatos.","robots":{"index":"index","follow":"follow","max-snippet":"max-snippet:-1","max-image-preview":"max-image-preview:large","max-video-preview":"max-video-preview:-1"},"canonical":"https:\/\/www.italpassion.fr\/pt\/stellantis\/a-stellantis-esta-a-recrutar-em-massa-na-sua-fabrica-fiat-mas-os-jovens-ja-nao-querem-trabalhar-a-noite-e-ao-sabado-nao-obrigado\/","og_locale":"pt_PT","og_type":"article","og_title":"Stellantis recrute massivement dans son usine Fiat, mais les jeunes ne veulent plus travailler \"les nuits et les samedis ? Non merci\" - ItalPassion","og_description":"C\u2019est une image que l\u2019on n\u2019avait plus vue depuis des d\u00e9cennies \u00e0 Turin. Devant la porte de l'usine de Mirafiori, une file de candidats se forme chaque","og_url":"https:\/\/www.italpassion.fr\/pt\/stellantis\/a-stellantis-esta-a-recrutar-em-massa-na-sua-fabrica-fiat-mas-os-jovens-ja-nao-querem-trabalhar-a-noite-e-ao-sabado-nao-obrigado\/","og_site_name":"ItalPassion","article_publisher":"https:\/\/www.facebook.com\/italpassion","article_published_time":"2026-01-26T08:08:41+00:00","og_image":[{"width":1200,"height":800,"url":"https:\/\/www.italpassion.fr\/wp-content\/uploads\/2025\/12\/fiat-500-mirafiori-22.jpg","type":"image\/jpeg"}],"author":"Alexandre Filluzeau","twitter_card":"summary_large_image","twitter_creator":"@italpassion","twitter_site":"@italpassion","schema":{"@context":"https:\/\/schema.org","@graph":[{"@type":"NewsArticle","@id":"https:\/\/www.italpassion.fr\/pt\/stellantis\/stellantis-recrute-massivement-dans-son-usine-fiat-mais-les-jeunes-ne-veulent-plus-travailler-les-nuits-et-les-samedis-non-merci\/#article","isPartOf":{"@id":"https:\/\/www.italpassion.fr\/pt\/stellantis\/stellantis-recrute-massivement-dans-son-usine-fiat-mais-les-jeunes-ne-veulent-plus-travailler-les-nuits-et-les-samedis-non-merci\/"},"author":{"name":"Alexandre Filluzeau","@id":"https:\/\/www.italpassion.fr\/pt\/#\/schema\/person\/36f747b2a759ca202d847e85a9434ca0"},"headline":"Stellantis recrute massivement dans son usine Fiat, mais les jeunes ne veulent plus travailler \u00ab\u00a0les nuits et les samedis ? Non merci\u00a0\u00bb","datePublished":"2026-01-26T08:08:41+00:00","mainEntityOfPage":{"@id":"https:\/\/www.italpassion.fr\/pt\/stellantis\/stellantis-recrute-massivement-dans-son-usine-fiat-mais-les-jeunes-ne-veulent-plus-travailler-les-nuits-et-les-samedis-non-merci\/"},"wordCount":761,"commentCount":9,"publisher":{"@id":"https:\/\/www.italpassion.fr\/pt\/#organization"},"image":{"@id":"https:\/\/www.italpassion.fr\/pt\/stellantis\/stellantis-recrute-massivement-dans-son-usine-fiat-mais-les-jeunes-ne-veulent-plus-travailler-les-nuits-et-les-samedis-non-merci\/#primaryimage"},"thumbnailUrl":"https:\/\/www.italpassion.fr\/wp-content\/uploads\/2025\/12\/fiat-500-mirafiori-22.jpg","keywords":["Mirafiori"],"articleSection":["Stellantis"],"inLanguage":"pt-PT","potentialAction":[{"@type":"CommentAction","name":"Comment","target":["https:\/\/www.italpassion.fr\/pt\/stellantis\/stellantis-recrute-massivement-dans-son-usine-fiat-mais-les-jeunes-ne-veulent-plus-travailler-les-nuits-et-les-samedis-non-merci\/#respond"]}]},{"@type":"WebPage","@id":"https:\/\/www.italpassion.fr\/pt\/stellantis\/stellantis-recrute-massivement-dans-son-usine-fiat-mais-les-jeunes-ne-veulent-plus-travailler-les-nuits-et-les-samedis-non-merci\/","url":"https:\/\/www.italpassion.fr\/pt\/stellantis\/stellantis-recrute-massivement-dans-son-usine-fiat-mais-les-jeunes-ne-veulent-plus-travailler-les-nuits-et-les-samedis-non-merci\/","name":"A Stellantis est\u00e1 a recrutar em massa na sua f\u00e1brica da Fiat, mas os jovens j\u00e1 n\u00e3o querem trabalhar \"\u00e0 noite e ao s\u00e1bado? N\u00e3o, obrigado\". - ItalPassion","isPartOf":{"@id":"https:\/\/www.italpassion.fr\/pt\/#website"},"primaryImageOfPage":{"@id":"https:\/\/www.italpassion.fr\/pt\/stellantis\/stellantis-recrute-massivement-dans-son-usine-fiat-mais-les-jeunes-ne-veulent-plus-travailler-les-nuits-et-les-samedis-non-merci\/#primaryimage"},"image":{"@id":"https:\/\/www.italpassion.fr\/pt\/stellantis\/stellantis-recrute-massivement-dans-son-usine-fiat-mais-les-jeunes-ne-veulent-plus-travailler-les-nuits-et-les-samedis-non-merci\/#primaryimage"},"thumbnailUrl":"https:\/\/www.italpassion.fr\/wp-content\/uploads\/2025\/12\/fiat-500-mirafiori-22.jpg","datePublished":"2026-01-26T08:08:41+00:00","description":"\u00c9 uma imagem que n\u00e3o se via em Turim h\u00e1 d\u00e9cadas. Em frente \u00e0 porta da f\u00e1brica de Mirafiori, todos os dias se forma uma fila de candidatos.","breadcrumb":{"@id":"https:\/\/www.italpassion.fr\/pt\/stellantis\/stellantis-recrute-massivement-dans-son-usine-fiat-mais-les-jeunes-ne-veulent-plus-travailler-les-nuits-et-les-samedis-non-merci\/#breadcrumb"},"inLanguage":"pt-PT","potentialAction":[{"@type":"ReadAction","target":["https:\/\/www.italpassion.fr\/pt\/stellantis\/stellantis-recrute-massivement-dans-son-usine-fiat-mais-les-jeunes-ne-veulent-plus-travailler-les-nuits-et-les-samedis-non-merci\/"]}]},{"@type":"ImageObject","inLanguage":"pt-PT","@id":"https:\/\/www.italpassion.fr\/pt\/stellantis\/stellantis-recrute-massivement-dans-son-usine-fiat-mais-les-jeunes-ne-veulent-plus-travailler-les-nuits-et-les-samedis-non-merci\/#primaryimage","url":"https:\/\/www.italpassion.fr\/wp-content\/uploads\/2025\/12\/fiat-500-mirafiori-22.jpg","contentUrl":"https:\/\/www.italpassion.fr\/wp-content\/uploads\/2025\/12\/fiat-500-mirafiori-22.jpg","width":1200,"height":800},{"@type":"BreadcrumbList","@id":"https:\/\/www.italpassion.fr\/pt\/stellantis\/stellantis-recrute-massivement-dans-son-usine-fiat-mais-les-jeunes-ne-veulent-plus-travailler-les-nuits-et-les-samedis-non-merci\/#breadcrumb","itemListElement":[{"@type":"ListItem","position":1,"name":"Accueil","item":"https:\/\/www.italpassion.fr\/pt\/"},{"@type":"ListItem","position":2,"name":"Stellantis recrute massivement dans son usine Fiat, mais les jeunes ne veulent plus travailler \u00ab\u00a0les nuits et les samedis ? Non merci\u00a0\u00bb"}]},{"@type":"WebSite","@id":"https:\/\/www.italpassion.fr\/pt\/#website","url":"https:\/\/www.italpassion.fr\/pt\/","name":"ItalPassion","description":"Entusiastas de autom\u00f3veis italianos","publisher":{"@id":"https:\/\/www.italpassion.fr\/pt\/#organization"},"potentialAction":[{"@type":"SearchAction","target":{"@type":"EntryPoint","urlTemplate":"https:\/\/www.italpassion.fr\/pt\/?s={search_term_string}"},"query-input":{"@type":"PropertyValueSpecification","valueRequired":true,"valueName":"search_term_string"}}],"inLanguage":"pt-PT"},{"@type":"Organization","@id":"https:\/\/www.italpassion.fr\/pt\/#organization","name":"Italpassion","url":"https:\/\/www.italpassion.fr\/pt\/","logo":{"@type":"ImageObject","inLanguage":"pt-PT","@id":"https:\/\/www.italpassion.fr\/pt\/#\/schema\/logo\/image\/","url":"https:\/\/www.italpassion.fr\/wp-content\/uploads\/2023\/07\/italpassion-yoast.jpg","contentUrl":"https:\/\/www.italpassion.fr\/wp-content\/uploads\/2023\/07\/italpassion-yoast.jpg","width":696,"height":696,"caption":"Italpassion"},"image":{"@id":"https:\/\/www.italpassion.fr\/pt\/#\/schema\/logo\/image\/"},"sameAs":["https:\/\/www.facebook.com\/italpassion","https:\/\/x.com\/italpassion","https:\/\/www.instagram.com\/italpassionfr\/","https:\/\/www.youtube.com\/channel\/UCleq-ByQaA42OjhopwevRjQ","https:\/\/www.facebook.com\/italpassion.en\/","https:\/\/www.facebook.com\/italpassion.it\/","https:\/\/www.facebook.com\/italpassion.de\/","https:\/\/www.facebook.com\/italpassion.ja\/"]},{"@type":"Person","@id":"https:\/\/www.italpassion.fr\/pt\/#\/schema\/person\/36f747b2a759ca202d847e85a9434ca0","name":"Alexandre Filluzeau","image":{"@type":"ImageObject","inLanguage":"pt-PT","@id":"https:\/\/www.italpassion.fr\/pt\/#\/schema\/person\/image\/","url":"https:\/\/www.italpassion.fr\/wp-content\/uploads\/2025\/04\/avatar-alexandre-160x160.jpg","contentUrl":"https:\/\/www.italpassion.fr\/wp-content\/uploads\/2025\/04\/avatar-alexandre-160x160.jpg","caption":"Alexandre Filluzeau"},"description":"Fundador do site ItalPassion, apaixonado por carros italianos e pela It\u00e1lia em geral. Trago um olhar cr\u00edtico e t\u00e9cnico \u00e0s not\u00edcias das marcas italianas, sempre que poss\u00edvel. Propriet\u00e1ria de um Maserati GranTurismo, Alfa Romeo MiTo, Lancia Fulvia e Ducati 695. Ex-propriet\u00e1rio de uma Alfa Romeo Giulia.","sameAs":["https:\/\/www.italpassion.fr\/"],"url":"https:\/\/www.italpassion.fr\/pt\/author\/alexandre\/"}]}},"_links":{"self":[{"href":"https:\/\/www.italpassion.fr\/pt\/wp-json\/wp\/v2\/posts\/45723","targetHints":{"allow":["GET"]}}],"collection":[{"href":"https:\/\/www.italpassion.fr\/pt\/wp-json\/wp\/v2\/posts"}],"about":[{"href":"https:\/\/www.italpassion.fr\/pt\/wp-json\/wp\/v2\/types\/post"}],"author":[{"embeddable":true,"href":"https:\/\/www.italpassion.fr\/pt\/wp-json\/wp\/v2\/users\/1"}],"replies":[{"embeddable":true,"href":"https:\/\/www.italpassion.fr\/pt\/wp-json\/wp\/v2\/comments?post=45723"}],"version-history":[{"count":1,"href":"https:\/\/www.italpassion.fr\/pt\/wp-json\/wp\/v2\/posts\/45723\/revisions"}],"predecessor-version":[{"id":45724,"href":"https:\/\/www.italpassion.fr\/pt\/wp-json\/wp\/v2\/posts\/45723\/revisions\/45724"}],"wp:featuredmedia":[{"embeddable":true,"href":"https:\/\/www.italpassion.fr\/pt\/wp-json\/wp\/v2\/media\/44594"}],"wp:attachment":[{"href":"https:\/\/www.italpassion.fr\/pt\/wp-json\/wp\/v2\/media?parent=45723"}],"wp:term":[{"taxonomy":"category","embeddable":true,"href":"https:\/\/www.italpassion.fr\/pt\/wp-json\/wp\/v2\/categories?post=45723"},{"taxonomy":"post_tag","embeddable":true,"href":"https:\/\/www.italpassion.fr\/pt\/wp-json\/wp\/v2\/tags?post=45723"}],"curies":[{"name":"wp","href":"https:\/\/api.w.org\/{rel}","templated":true}]}}