{"id":44330,"date":"2025-12-12T11:03:36","date_gmt":"2025-12-12T10:03:36","guid":{"rendered":"https:\/\/www.italpassion.fr\/?p=44330"},"modified":"2025-12-12T11:03:36","modified_gmt":"2025-12-12T10:03:36","slug":"a-maserati-baixa-o-preco-do-seu-suv-v6-para-o-preco-de-um-quatro-cilindros-e-aumenta-o-preco-do-modelo-eletrico","status":"publish","type":"post","link":"https:\/\/www.italpassion.fr\/pt\/maserati\/maserati-baisse-le-prix-de-son-suv-v6-au-prix-dun-quatre-cylindres-et-augmente-le-prix-du-modele-electrique\/","title":{"rendered":"A Maserati baixa o pre\u00e7o do seu SUV V6 para o pre\u00e7o de um quatro cilindros (e aumenta o pre\u00e7o do modelo el\u00e9trico)"},"content":{"rendered":"<figure class=\"wp-block-image size-full\"><img loading=\"lazy\" decoding=\"async\" width=\"1200\" height=\"800\" src=\"https:\/\/www.italpassion.fr\/wp-content\/uploads\/2025\/12\/maserati-grecale-v6.jpg\" alt=\"\" class=\"wp-image-44332\" srcset=\"https:\/\/www.italpassion.fr\/wp-content\/uploads\/2025\/12\/maserati-grecale-v6.jpg 1200w, https:\/\/www.italpassion.fr\/wp-content\/uploads\/2025\/12\/maserati-grecale-v6-420x280.jpg 420w, https:\/\/www.italpassion.fr\/wp-content\/uploads\/2025\/12\/maserati-grecale-v6-768x512.jpg 768w, https:\/\/www.italpassion.fr\/wp-content\/uploads\/2025\/12\/maserati-grecale-v6-18x12.jpg 18w\" sizes=\"auto, (max-width: 1200px) 100vw, 1200px\" \/><\/figure>\n\n\n\n<p><a href=\"https:\/\/www.italpassion.fr\/pt\/maserati\/\">Maserati<\/a> n\u00e3o emitiu um comunicado de imprensa estrondoso. No entanto, um olhar atento sobre os configuradores americanos revela uma evolu\u00e7\u00e3o importante nas \u00faltimas semanas: o SUV <a href=\"https:\/\/www.italpassion.fr\/pt\/carros\/maserati-grecale\/\">Grecale<\/a> est\u00e1 agora dispon\u00edvel nos Estados Unidos numa vers\u00e3o Modena V6, exatamente ao mesmo pre\u00e7o que o Modena de quatro cilindros. Esta decis\u00e3o est\u00e1 longe de ser insignificante, especialmente numa altura em que a marca italiana est\u00e1 a atravessar um dos per\u00edodos mais dif\u00edceis da sua hist\u00f3ria recente.<\/p>\n\n\n\n<h3 class=\"wp-block-heading\">Um Maserati V6 pelo pre\u00e7o de um quatro cilindros<\/h3>\n\n\n\n<p>At\u00e9 agora, o acesso ao motor V6 no Maserati Grecale exigia uma atualiza\u00e7\u00e3o direta para o Grecale Trofeo, com um pre\u00e7o de $110.200. Trata-se de um pre\u00e7o elevado, que reserva o motor de seis cilindros para os clientes mais abastados num pa\u00eds onde os motores V6 e V8 s\u00e3o rei! A situa\u00e7\u00e3o \u00e9 agora radicalmente diferente no mercado americano.<\/p>\n\n\n\n<figure class=\"wp-block-image size-full\"><img loading=\"lazy\" decoding=\"async\" width=\"1200\" height=\"1184\" src=\"https:\/\/www.italpassion.fr\/wp-content\/uploads\/2025\/12\/tarif-maserati-us-2026.jpg\" alt=\"\" class=\"wp-image-44331\" srcset=\"https:\/\/www.italpassion.fr\/wp-content\/uploads\/2025\/12\/tarif-maserati-us-2026.jpg 1200w, https:\/\/www.italpassion.fr\/wp-content\/uploads\/2025\/12\/tarif-maserati-us-2026-420x414.jpg 420w, https:\/\/www.italpassion.fr\/wp-content\/uploads\/2025\/12\/tarif-maserati-us-2026-768x758.jpg 768w, https:\/\/www.italpassion.fr\/wp-content\/uploads\/2025\/12\/tarif-maserati-us-2026-12x12.jpg 12w\" sizes=\"auto, (max-width: 1200px) 100vw, 1200px\" \/><\/figure>\n\n\n\n<p>O Grecale Modena V6 de 2026 come\u00e7a nos 84.500 d\u00f3lares, exatamente o mesmo pre\u00e7o que o Grecale Modena de quatro cilindros. Sob o capot est\u00e1 o V6 de 3,0 litros da casa, derivado do Nettuno, mas aqui reduzido para 385 cv, em compara\u00e7\u00e3o com os 523 cv do Trofeo (550 cv na Europa). O desempenho mant\u00e9m-se s\u00f3lido, com uma velocidade m\u00e1xima aumentada para 260 km\/h, mantendo a tra\u00e7\u00e3o integral e o desempenho geral da excelente plataforma Giorgio. Esta redu\u00e7\u00e3o de pot\u00eancia n\u00e3o \u00e9 um acidente. Permite \u00e0 Maserati reposicionar o seu V6 como uma alternativa mais acess\u00edvel, sem canibalizar completamente o Trofeo, que mant\u00e9m uma clara vantagem em termos de performance pura.<\/p>\n\n\n\n<h2 class=\"wp-block-heading\">Um exclusivo americano...<\/h2>\n\n\n\n<p>\u00c9 de salientar que esta vers\u00e3o Modena V6 n\u00e3o existe na Europa. Nem os configuradores franceses, alem\u00e3es ou italianos a oferecem nesta fase. Nestes mercados, o Grecale continua a ser estruturado de forma tradicional, com um motor de quatro cilindros nas vers\u00f5es de entrada e de gama m\u00e9dia, e o V6 reservado para o Trofeo. Esta escolha refor\u00e7a a ideia de uma decis\u00e3o direcionada, concebida especificamente para os Estados Unidos. Um pa\u00eds que n\u00e3o \u00e9 apenas o mercado n\u00famero um da Maserati, mas tamb\u00e9m aquele onde o decl\u00ednio \u00e9 atualmente mais preocupante.<\/p>\n\n\n\n<h2 class=\"wp-block-heading\">Uma resposta direta \u00e0 crise americana da Maserati<\/h2>\n\n\n\n<p>Os n\u00fameros falam por si. No per\u00edodo de janeiro a novembro de 2025, <a href=\"https:\/\/www.italpassion.fr\/pt\/maserati\/maserati-nenhuma-surpresa-nenhum-sinal-positivo-para-2025-exceto-na-alemanha\/\">A Maserati regista uma queda de 39 % nas vendas nos EUA<\/a>o seu mercado n\u00famero um. As exist\u00eancias residuais do Ghibli, do Quattroporte e do Levante continuam a pesar, enquanto o Grecale, apesar de se ter tornado o pilar da gama, est\u00e1 a lutar para compensar, por si s\u00f3, o desaparecimento gradual dos modelos mais antigos. Neste contexto, oferecer um SUV Maserati com um motor V6 ao pre\u00e7o de um modelo de quatro cilindros parece claramente uma tentativa de relan\u00e7ar a marca. A mensagem \u00e9 simples: reacender o desejo, recriar o desejo e, sobretudo, oferecer um argumento diferenciador face \u00e0 concorr\u00eancia.<\/p>\n\n\n\n<p>Ser\u00e1 que esta estrat\u00e9gia continuar\u00e1 a limitar-se aos Estados Unidos, ou ser\u00e1 o pren\u00fancio de uma evolu\u00e7\u00e3o mais global da gama Grecale? De momento, a Maserati n\u00e3o revelou quaisquer planos para a Europa. No entanto, o exemplo alem\u00e3o mostra que a Grecale pode tornar-se um verdadeiro motor de crescimento quando o posicionamento \u00e9 correto.<\/p>\n\n\n\n<p>Esta nova vers\u00e3o do Modena V6 Grecale n\u00e3o \u00e9 uma revolu\u00e7\u00e3o industrial, mas pode representar um ponto de viragem comercial. Ao reintroduzir o V6 a um n\u00edvel de pre\u00e7o mais acess\u00edvel, a Maserati est\u00e1 claramente a testar as \u00e1guas para o mercado americano, onde a urg\u00eancia \u00e9 maior. Resta saber se esta redu\u00e7\u00e3o de pre\u00e7o, acompanhada por uma redu\u00e7\u00e3o medida do desempenho, ser\u00e1 suficiente para travar a espiral descendente observada h\u00e1 mais de um ano. A resposta vir\u00e1 em 2026, com n\u00fameros que o comprovem. Mas uma coisa \u00e9 certa: pela primeira vez desde h\u00e1 muito tempo, a Maserati parece estar a ajustar a sua gama n\u00e3o por ideologia, mas por pragmatismo.<\/p>\n\n\n\n<figure class=\"wp-block-table\"><table class=\"has-fixed-layout\"><thead><tr><th><\/th><th>2025<\/th><th>2026<\/th><\/tr><\/thead><tbody><tr><td>Maserati Grecale<\/td><td>$69,900<\/td><td>$77,900<\/td><\/tr><tr><td>Maserati Grecale Modena<\/td><td>$78,500<\/td><td>$84,500<\/td><\/tr><tr><td>Maserati Grecale Modena V6<\/td><td><\/td><td>$84,500<\/td><\/tr><tr><td>Maserati Grecale Trofeo<\/td><td>$110,200<\/td><td>$117,500<\/td><\/tr><tr><td>Maserati Grecale Folgore<\/td><td>$109,000<\/td><td>$119,900<\/td><\/tr><\/tbody><\/table><\/figure>","protected":false},"excerpt":{"rendered":"","protected":false},"author":1,"featured_media":44332,"comment_status":"open","ping_status":"open","sticky":false,"template":"","format":"standard","meta":{"_acf_changed":false,"_sitemap_exclude":false,"_sitemap_priority":"","_sitemap_frequency":"","footnotes":""},"categories":[27],"tags":[285],"class_list":["post-44330","post","type-post","status-publish","format-standard","has-post-thumbnail","hentry","category-maserati","tag-maserati-grecale","generate-columns","tablet-grid-50","mobile-grid-100","grid-parent","grid-33"],"acf":[],"yoast_head":"<!-- This site is optimized with the Yoast SEO plugin v25.8 - https:\/\/yoast.com\/wordpress\/plugins\/seo\/ -->\n<title>Maserati baisse le prix de son SUV V6 au prix d\u2019un quatre-cylindres (et augmente le prix du mod\u00e8le \u00e9lectrique) - ItalPassion<\/title>\n<meta name=\"description\" content=\"Maserati n\u2019a pas fait de communiqu\u00e9 tonitruant. Pourtant, en scrutant attentivement les configurateurs am\u00e9ricains, une \u00e9volution majeure est apparue ces\" \/>\n<meta name=\"robots\" content=\"index, follow, max-snippet:-1, max-image-preview:large, max-video-preview:-1\" \/>\n<link rel=\"canonical\" href=\"https:\/\/www.italpassion.fr\/pt\/maserati\/a-maserati-baixa-o-preco-do-seu-suv-v6-para-o-preco-de-um-quatro-cilindros-e-aumenta-o-preco-do-modelo-eletrico\/\" \/>\n<meta property=\"og:locale\" content=\"pt_PT\" \/>\n<meta property=\"og:type\" content=\"article\" \/>\n<meta property=\"og:title\" content=\"Maserati baisse le prix de son SUV V6 au prix d\u2019un quatre-cylindres (et augmente le prix du mod\u00e8le \u00e9lectrique) - ItalPassion\" \/>\n<meta property=\"og:description\" content=\"Maserati n\u2019a pas fait de communiqu\u00e9 tonitruant. Pourtant, en scrutant attentivement les configurateurs am\u00e9ricains, une \u00e9volution majeure est apparue ces\" \/>\n<meta property=\"og:url\" content=\"https:\/\/www.italpassion.fr\/pt\/maserati\/a-maserati-baixa-o-preco-do-seu-suv-v6-para-o-preco-de-um-quatro-cilindros-e-aumenta-o-preco-do-modelo-eletrico\/\" \/>\n<meta property=\"og:site_name\" content=\"ItalPassion\" \/>\n<meta property=\"article:publisher\" content=\"https:\/\/www.facebook.com\/italpassion\" \/>\n<meta property=\"article:published_time\" content=\"2025-12-12T10:03:36+00:00\" \/>\n<meta property=\"og:image\" content=\"https:\/\/www.italpassion.fr\/wp-content\/uploads\/2025\/12\/maserati-grecale-v6.jpg\" \/>\n\t<meta property=\"og:image:width\" content=\"1200\" \/>\n\t<meta property=\"og:image:height\" content=\"800\" \/>\n\t<meta property=\"og:image:type\" content=\"image\/jpeg\" \/>\n<meta name=\"author\" content=\"Alexandre Filluzeau\" \/>\n<meta name=\"twitter:card\" content=\"summary_large_image\" \/>\n<meta name=\"twitter:creator\" content=\"@italpassion\" \/>\n<meta name=\"twitter:site\" content=\"@italpassion\" \/>\n<script type=\"application\/ld+json\" class=\"yoast-schema-graph\">{\"@context\":\"https:\/\/schema.org\",\"@graph\":[{\"@type\":\"NewsArticle\",\"@id\":\"https:\/\/www.italpassion.fr\/pt\/maserati\/maserati-baisse-le-prix-de-son-suv-v6-au-prix-dun-quatre-cylindres-et-augmente-le-prix-du-modele-electrique\/#article\",\"isPartOf\":{\"@id\":\"https:\/\/www.italpassion.fr\/pt\/maserati\/maserati-baisse-le-prix-de-son-suv-v6-au-prix-dun-quatre-cylindres-et-augmente-le-prix-du-modele-electrique\/\"},\"author\":{\"name\":\"Alexandre Filluzeau\",\"@id\":\"https:\/\/www.italpassion.fr\/pt\/#\/schema\/person\/36f747b2a759ca202d847e85a9434ca0\"},\"headline\":\"Maserati baisse le prix de son SUV V6 au prix d\u2019un quatre-cylindres (et augmente le prix du mod\u00e8le \u00e9lectrique)\",\"datePublished\":\"2025-12-12T10:03:36+00:00\",\"mainEntityOfPage\":{\"@id\":\"https:\/\/www.italpassion.fr\/pt\/maserati\/maserati-baisse-le-prix-de-son-suv-v6-au-prix-dun-quatre-cylindres-et-augmente-le-prix-du-modele-electrique\/\"},\"wordCount\":675,\"commentCount\":2,\"publisher\":{\"@id\":\"https:\/\/www.italpassion.fr\/pt\/#organization\"},\"image\":{\"@id\":\"https:\/\/www.italpassion.fr\/pt\/maserati\/maserati-baisse-le-prix-de-son-suv-v6-au-prix-dun-quatre-cylindres-et-augmente-le-prix-du-modele-electrique\/#primaryimage\"},\"thumbnailUrl\":\"https:\/\/www.italpassion.fr\/wp-content\/uploads\/2025\/12\/maserati-grecale-v6.jpg\",\"keywords\":[\"Maserati Grecale\"],\"articleSection\":[\"Maserati\"],\"inLanguage\":\"pt-PT\",\"potentialAction\":[{\"@type\":\"CommentAction\",\"name\":\"Comment\",\"target\":[\"https:\/\/www.italpassion.fr\/pt\/maserati\/maserati-baisse-le-prix-de-son-suv-v6-au-prix-dun-quatre-cylindres-et-augmente-le-prix-du-modele-electrique\/#respond\"]}]},{\"@type\":\"WebPage\",\"@id\":\"https:\/\/www.italpassion.fr\/pt\/maserati\/maserati-baisse-le-prix-de-son-suv-v6-au-prix-dun-quatre-cylindres-et-augmente-le-prix-du-modele-electrique\/\",\"url\":\"https:\/\/www.italpassion.fr\/pt\/maserati\/maserati-baisse-le-prix-de-son-suv-v6-au-prix-dun-quatre-cylindres-et-augmente-le-prix-du-modele-electrique\/\",\"name\":\"Maserati baisse le prix de son SUV V6 au prix d\u2019un quatre-cylindres (et augmente le prix du mod\u00e8le \u00e9lectrique) - ItalPassion\",\"isPartOf\":{\"@id\":\"https:\/\/www.italpassion.fr\/pt\/#website\"},\"primaryImageOfPage\":{\"@id\":\"https:\/\/www.italpassion.fr\/pt\/maserati\/maserati-baisse-le-prix-de-son-suv-v6-au-prix-dun-quatre-cylindres-et-augmente-le-prix-du-modele-electrique\/#primaryimage\"},\"image\":{\"@id\":\"https:\/\/www.italpassion.fr\/pt\/maserati\/maserati-baisse-le-prix-de-son-suv-v6-au-prix-dun-quatre-cylindres-et-augmente-le-prix-du-modele-electrique\/#primaryimage\"},\"thumbnailUrl\":\"https:\/\/www.italpassion.fr\/wp-content\/uploads\/2025\/12\/maserati-grecale-v6.jpg\",\"datePublished\":\"2025-12-12T10:03:36+00:00\",\"description\":\"Maserati n\u2019a pas fait de communiqu\u00e9 tonitruant. Pourtant, en scrutant attentivement les configurateurs am\u00e9ricains, une \u00e9volution majeure est apparue ces\",\"breadcrumb\":{\"@id\":\"https:\/\/www.italpassion.fr\/pt\/maserati\/maserati-baisse-le-prix-de-son-suv-v6-au-prix-dun-quatre-cylindres-et-augmente-le-prix-du-modele-electrique\/#breadcrumb\"},\"inLanguage\":\"pt-PT\",\"potentialAction\":[{\"@type\":\"ReadAction\",\"target\":[\"https:\/\/www.italpassion.fr\/pt\/maserati\/maserati-baisse-le-prix-de-son-suv-v6-au-prix-dun-quatre-cylindres-et-augmente-le-prix-du-modele-electrique\/\"]}]},{\"@type\":\"ImageObject\",\"inLanguage\":\"pt-PT\",\"@id\":\"https:\/\/www.italpassion.fr\/pt\/maserati\/maserati-baisse-le-prix-de-son-suv-v6-au-prix-dun-quatre-cylindres-et-augmente-le-prix-du-modele-electrique\/#primaryimage\",\"url\":\"https:\/\/www.italpassion.fr\/wp-content\/uploads\/2025\/12\/maserati-grecale-v6.jpg\",\"contentUrl\":\"https:\/\/www.italpassion.fr\/wp-content\/uploads\/2025\/12\/maserati-grecale-v6.jpg\",\"width\":1200,\"height\":800},{\"@type\":\"BreadcrumbList\",\"@id\":\"https:\/\/www.italpassion.fr\/pt\/maserati\/maserati-baisse-le-prix-de-son-suv-v6-au-prix-dun-quatre-cylindres-et-augmente-le-prix-du-modele-electrique\/#breadcrumb\",\"itemListElement\":[{\"@type\":\"ListItem\",\"position\":1,\"name\":\"Accueil\",\"item\":\"https:\/\/www.italpassion.fr\/pt\/\"},{\"@type\":\"ListItem\",\"position\":2,\"name\":\"Maserati baisse le prix de son SUV V6 au prix d\u2019un quatre-cylindres (et augmente le prix du mod\u00e8le \u00e9lectrique)\"}]},{\"@type\":\"WebSite\",\"@id\":\"https:\/\/www.italpassion.fr\/pt\/#website\",\"url\":\"https:\/\/www.italpassion.fr\/pt\/\",\"name\":\"ItalPassion\",\"description\":\"Les Passionn\u00e9s d&#039;Automobiles Italiennes\",\"publisher\":{\"@id\":\"https:\/\/www.italpassion.fr\/pt\/#organization\"},\"potentialAction\":[{\"@type\":\"SearchAction\",\"target\":{\"@type\":\"EntryPoint\",\"urlTemplate\":\"https:\/\/www.italpassion.fr\/pt\/?s={search_term_string}\"},\"query-input\":{\"@type\":\"PropertyValueSpecification\",\"valueRequired\":true,\"valueName\":\"search_term_string\"}}],\"inLanguage\":\"pt-PT\"},{\"@type\":\"Organization\",\"@id\":\"https:\/\/www.italpassion.fr\/pt\/#organization\",\"name\":\"Italpassion\",\"url\":\"https:\/\/www.italpassion.fr\/pt\/\",\"logo\":{\"@type\":\"ImageObject\",\"inLanguage\":\"pt-PT\",\"@id\":\"https:\/\/www.italpassion.fr\/pt\/#\/schema\/logo\/image\/\",\"url\":\"https:\/\/www.italpassion.fr\/wp-content\/uploads\/2023\/07\/italpassion-yoast.jpg\",\"contentUrl\":\"https:\/\/www.italpassion.fr\/wp-content\/uploads\/2023\/07\/italpassion-yoast.jpg\",\"width\":696,\"height\":696,\"caption\":\"Italpassion\"},\"image\":{\"@id\":\"https:\/\/www.italpassion.fr\/pt\/#\/schema\/logo\/image\/\"},\"sameAs\":[\"https:\/\/www.facebook.com\/italpassion\",\"https:\/\/x.com\/italpassion\",\"https:\/\/www.instagram.com\/italpassionfr\/\",\"https:\/\/www.youtube.com\/channel\/UCleq-ByQaA42OjhopwevRjQ\",\"https:\/\/www.facebook.com\/italpassion.en\/\",\"https:\/\/www.facebook.com\/italpassion.it\/\",\"https:\/\/www.facebook.com\/italpassion.de\/\",\"https:\/\/www.facebook.com\/italpassion.ja\/\"]},{\"@type\":\"Person\",\"@id\":\"https:\/\/www.italpassion.fr\/pt\/#\/schema\/person\/36f747b2a759ca202d847e85a9434ca0\",\"name\":\"Alexandre Filluzeau\",\"image\":{\"@type\":\"ImageObject\",\"inLanguage\":\"pt-PT\",\"@id\":\"https:\/\/www.italpassion.fr\/pt\/#\/schema\/person\/image\/\",\"url\":\"https:\/\/www.italpassion.fr\/wp-content\/uploads\/2025\/04\/avatar-alexandre-160x160.jpg\",\"contentUrl\":\"https:\/\/www.italpassion.fr\/wp-content\/uploads\/2025\/04\/avatar-alexandre-160x160.jpg\",\"caption\":\"Alexandre Filluzeau\"},\"description\":\"Fondateur du site ItalPassion, passionn\u00e9 de voitures italiennes et de l'Italie en g\u00e9n\u00e9ral. J'apporte un regard critique et technique aux actualit\u00e9s des marques italiennes quand cela est possible. Propri\u00e9taire d'une Maserati GranTurismo, Alfa Romeo MiTo, Lancia Fulvia et Ducati 695. Ex-propri\u00e9taire d'une Alfa Romeo Giulia.\",\"sameAs\":[\"https:\/\/www.italpassion.fr\/\"],\"url\":\"https:\/\/www.italpassion.fr\/pt\/author\/alexandre\/\"}]}<\/script>\n<!-- \/ Yoast SEO plugin. -->","yoast_head_json":{"title":"Maserati baixa o pre\u00e7o do SUV V6 para quatro cilindros (e aumenta o pre\u00e7o do modelo el\u00e9trico) - ItalPassion","description":"A Maserati n\u00e3o emitiu um comunicado de imprensa estrondoso. No entanto, um olhar atento aos configuradores americanos revela uma grande mudan\u00e7a nos \u00faltimos meses.","robots":{"index":"index","follow":"follow","max-snippet":"max-snippet:-1","max-image-preview":"max-image-preview:large","max-video-preview":"max-video-preview:-1"},"canonical":"https:\/\/www.italpassion.fr\/pt\/maserati\/a-maserati-baixa-o-preco-do-seu-suv-v6-para-o-preco-de-um-quatro-cilindros-e-aumenta-o-preco-do-modelo-eletrico\/","og_locale":"pt_PT","og_type":"article","og_title":"Maserati baisse le prix de son SUV V6 au prix d\u2019un quatre-cylindres (et augmente le prix du mod\u00e8le \u00e9lectrique) - ItalPassion","og_description":"Maserati n\u2019a pas fait de communiqu\u00e9 tonitruant. Pourtant, en scrutant attentivement les configurateurs am\u00e9ricains, une \u00e9volution majeure est apparue ces","og_url":"https:\/\/www.italpassion.fr\/pt\/maserati\/a-maserati-baixa-o-preco-do-seu-suv-v6-para-o-preco-de-um-quatro-cilindros-e-aumenta-o-preco-do-modelo-eletrico\/","og_site_name":"ItalPassion","article_publisher":"https:\/\/www.facebook.com\/italpassion","article_published_time":"2025-12-12T10:03:36+00:00","og_image":[{"width":1200,"height":800,"url":"https:\/\/www.italpassion.fr\/wp-content\/uploads\/2025\/12\/maserati-grecale-v6.jpg","type":"image\/jpeg"}],"author":"Alexandre Filluzeau","twitter_card":"summary_large_image","twitter_creator":"@italpassion","twitter_site":"@italpassion","schema":{"@context":"https:\/\/schema.org","@graph":[{"@type":"NewsArticle","@id":"https:\/\/www.italpassion.fr\/pt\/maserati\/maserati-baisse-le-prix-de-son-suv-v6-au-prix-dun-quatre-cylindres-et-augmente-le-prix-du-modele-electrique\/#article","isPartOf":{"@id":"https:\/\/www.italpassion.fr\/pt\/maserati\/maserati-baisse-le-prix-de-son-suv-v6-au-prix-dun-quatre-cylindres-et-augmente-le-prix-du-modele-electrique\/"},"author":{"name":"Alexandre Filluzeau","@id":"https:\/\/www.italpassion.fr\/pt\/#\/schema\/person\/36f747b2a759ca202d847e85a9434ca0"},"headline":"Maserati baisse le prix de son SUV V6 au prix d\u2019un quatre-cylindres (et augmente le prix du mod\u00e8le \u00e9lectrique)","datePublished":"2025-12-12T10:03:36+00:00","mainEntityOfPage":{"@id":"https:\/\/www.italpassion.fr\/pt\/maserati\/maserati-baisse-le-prix-de-son-suv-v6-au-prix-dun-quatre-cylindres-et-augmente-le-prix-du-modele-electrique\/"},"wordCount":675,"commentCount":2,"publisher":{"@id":"https:\/\/www.italpassion.fr\/pt\/#organization"},"image":{"@id":"https:\/\/www.italpassion.fr\/pt\/maserati\/maserati-baisse-le-prix-de-son-suv-v6-au-prix-dun-quatre-cylindres-et-augmente-le-prix-du-modele-electrique\/#primaryimage"},"thumbnailUrl":"https:\/\/www.italpassion.fr\/wp-content\/uploads\/2025\/12\/maserati-grecale-v6.jpg","keywords":["Maserati Grecale"],"articleSection":["Maserati"],"inLanguage":"pt-PT","potentialAction":[{"@type":"CommentAction","name":"Comment","target":["https:\/\/www.italpassion.fr\/pt\/maserati\/maserati-baisse-le-prix-de-son-suv-v6-au-prix-dun-quatre-cylindres-et-augmente-le-prix-du-modele-electrique\/#respond"]}]},{"@type":"WebPage","@id":"https:\/\/www.italpassion.fr\/pt\/maserati\/maserati-baisse-le-prix-de-son-suv-v6-au-prix-dun-quatre-cylindres-et-augmente-le-prix-du-modele-electrique\/","url":"https:\/\/www.italpassion.fr\/pt\/maserati\/maserati-baisse-le-prix-de-son-suv-v6-au-prix-dun-quatre-cylindres-et-augmente-le-prix-du-modele-electrique\/","name":"Maserati baixa o pre\u00e7o do SUV V6 para quatro cilindros (e aumenta o pre\u00e7o do modelo el\u00e9trico) - ItalPassion","isPartOf":{"@id":"https:\/\/www.italpassion.fr\/pt\/#website"},"primaryImageOfPage":{"@id":"https:\/\/www.italpassion.fr\/pt\/maserati\/maserati-baisse-le-prix-de-son-suv-v6-au-prix-dun-quatre-cylindres-et-augmente-le-prix-du-modele-electrique\/#primaryimage"},"image":{"@id":"https:\/\/www.italpassion.fr\/pt\/maserati\/maserati-baisse-le-prix-de-son-suv-v6-au-prix-dun-quatre-cylindres-et-augmente-le-prix-du-modele-electrique\/#primaryimage"},"thumbnailUrl":"https:\/\/www.italpassion.fr\/wp-content\/uploads\/2025\/12\/maserati-grecale-v6.jpg","datePublished":"2025-12-12T10:03:36+00:00","description":"A Maserati n\u00e3o emitiu um comunicado de imprensa estrondoso. No entanto, um olhar atento aos configuradores americanos revela uma grande mudan\u00e7a nos \u00faltimos meses.","breadcrumb":{"@id":"https:\/\/www.italpassion.fr\/pt\/maserati\/maserati-baisse-le-prix-de-son-suv-v6-au-prix-dun-quatre-cylindres-et-augmente-le-prix-du-modele-electrique\/#breadcrumb"},"inLanguage":"pt-PT","potentialAction":[{"@type":"ReadAction","target":["https:\/\/www.italpassion.fr\/pt\/maserati\/maserati-baisse-le-prix-de-son-suv-v6-au-prix-dun-quatre-cylindres-et-augmente-le-prix-du-modele-electrique\/"]}]},{"@type":"ImageObject","inLanguage":"pt-PT","@id":"https:\/\/www.italpassion.fr\/pt\/maserati\/maserati-baisse-le-prix-de-son-suv-v6-au-prix-dun-quatre-cylindres-et-augmente-le-prix-du-modele-electrique\/#primaryimage","url":"https:\/\/www.italpassion.fr\/wp-content\/uploads\/2025\/12\/maserati-grecale-v6.jpg","contentUrl":"https:\/\/www.italpassion.fr\/wp-content\/uploads\/2025\/12\/maserati-grecale-v6.jpg","width":1200,"height":800},{"@type":"BreadcrumbList","@id":"https:\/\/www.italpassion.fr\/pt\/maserati\/maserati-baisse-le-prix-de-son-suv-v6-au-prix-dun-quatre-cylindres-et-augmente-le-prix-du-modele-electrique\/#breadcrumb","itemListElement":[{"@type":"ListItem","position":1,"name":"Accueil","item":"https:\/\/www.italpassion.fr\/pt\/"},{"@type":"ListItem","position":2,"name":"Maserati baisse le prix de son SUV V6 au prix d\u2019un quatre-cylindres (et augmente le prix du mod\u00e8le \u00e9lectrique)"}]},{"@type":"WebSite","@id":"https:\/\/www.italpassion.fr\/pt\/#website","url":"https:\/\/www.italpassion.fr\/pt\/","name":"ItalPassion","description":"Entusiastas de autom\u00f3veis italianos","publisher":{"@id":"https:\/\/www.italpassion.fr\/pt\/#organization"},"potentialAction":[{"@type":"SearchAction","target":{"@type":"EntryPoint","urlTemplate":"https:\/\/www.italpassion.fr\/pt\/?s={search_term_string}"},"query-input":{"@type":"PropertyValueSpecification","valueRequired":true,"valueName":"search_term_string"}}],"inLanguage":"pt-PT"},{"@type":"Organization","@id":"https:\/\/www.italpassion.fr\/pt\/#organization","name":"Italpassion","url":"https:\/\/www.italpassion.fr\/pt\/","logo":{"@type":"ImageObject","inLanguage":"pt-PT","@id":"https:\/\/www.italpassion.fr\/pt\/#\/schema\/logo\/image\/","url":"https:\/\/www.italpassion.fr\/wp-content\/uploads\/2023\/07\/italpassion-yoast.jpg","contentUrl":"https:\/\/www.italpassion.fr\/wp-content\/uploads\/2023\/07\/italpassion-yoast.jpg","width":696,"height":696,"caption":"Italpassion"},"image":{"@id":"https:\/\/www.italpassion.fr\/pt\/#\/schema\/logo\/image\/"},"sameAs":["https:\/\/www.facebook.com\/italpassion","https:\/\/x.com\/italpassion","https:\/\/www.instagram.com\/italpassionfr\/","https:\/\/www.youtube.com\/channel\/UCleq-ByQaA42OjhopwevRjQ","https:\/\/www.facebook.com\/italpassion.en\/","https:\/\/www.facebook.com\/italpassion.it\/","https:\/\/www.facebook.com\/italpassion.de\/","https:\/\/www.facebook.com\/italpassion.ja\/"]},{"@type":"Person","@id":"https:\/\/www.italpassion.fr\/pt\/#\/schema\/person\/36f747b2a759ca202d847e85a9434ca0","name":"Alexandre Filluzeau","image":{"@type":"ImageObject","inLanguage":"pt-PT","@id":"https:\/\/www.italpassion.fr\/pt\/#\/schema\/person\/image\/","url":"https:\/\/www.italpassion.fr\/wp-content\/uploads\/2025\/04\/avatar-alexandre-160x160.jpg","contentUrl":"https:\/\/www.italpassion.fr\/wp-content\/uploads\/2025\/04\/avatar-alexandre-160x160.jpg","caption":"Alexandre Filluzeau"},"description":"Fundador do site ItalPassion, apaixonado por carros italianos e pela It\u00e1lia em geral. Trago um olhar cr\u00edtico e t\u00e9cnico \u00e0s not\u00edcias das marcas italianas, sempre que poss\u00edvel. Propriet\u00e1ria de um Maserati GranTurismo, Alfa Romeo MiTo, Lancia Fulvia e Ducati 695. Ex-propriet\u00e1rio de uma Alfa Romeo Giulia.","sameAs":["https:\/\/www.italpassion.fr\/"],"url":"https:\/\/www.italpassion.fr\/pt\/author\/alexandre\/"}]}},"_links":{"self":[{"href":"https:\/\/www.italpassion.fr\/pt\/wp-json\/wp\/v2\/posts\/44330","targetHints":{"allow":["GET"]}}],"collection":[{"href":"https:\/\/www.italpassion.fr\/pt\/wp-json\/wp\/v2\/posts"}],"about":[{"href":"https:\/\/www.italpassion.fr\/pt\/wp-json\/wp\/v2\/types\/post"}],"author":[{"embeddable":true,"href":"https:\/\/www.italpassion.fr\/pt\/wp-json\/wp\/v2\/users\/1"}],"replies":[{"embeddable":true,"href":"https:\/\/www.italpassion.fr\/pt\/wp-json\/wp\/v2\/comments?post=44330"}],"version-history":[{"count":1,"href":"https:\/\/www.italpassion.fr\/pt\/wp-json\/wp\/v2\/posts\/44330\/revisions"}],"predecessor-version":[{"id":44333,"href":"https:\/\/www.italpassion.fr\/pt\/wp-json\/wp\/v2\/posts\/44330\/revisions\/44333"}],"wp:featuredmedia":[{"embeddable":true,"href":"https:\/\/www.italpassion.fr\/pt\/wp-json\/wp\/v2\/media\/44332"}],"wp:attachment":[{"href":"https:\/\/www.italpassion.fr\/pt\/wp-json\/wp\/v2\/media?parent=44330"}],"wp:term":[{"taxonomy":"category","embeddable":true,"href":"https:\/\/www.italpassion.fr\/pt\/wp-json\/wp\/v2\/categories?post=44330"},{"taxonomy":"post_tag","embeddable":true,"href":"https:\/\/www.italpassion.fr\/pt\/wp-json\/wp\/v2\/tags?post=44330"}],"curies":[{"name":"wp","href":"https:\/\/api.w.org\/{rel}","templated":true}]}}