{"id":44247,"date":"2025-12-11T10:54:37","date_gmt":"2025-12-11T09:54:37","guid":{"rendered":"https:\/\/www.italpassion.fr\/?p=44247"},"modified":"2025-12-11T10:54:37","modified_gmt":"2025-12-11T09:54:37","slug":"o-alfa-romeo-75-celebra-o-seu-40o-aniversario-ha-muito-subestimado-e-cada-vez-mais-procurado-como-carro-de-colecao","status":"publish","type":"post","link":"https:\/\/www.italpassion.fr\/pt\/alfa-romeo\/alfa-romeo-75-fete-ses-40-ans-longtemps-sous-estimee-elle-est-de-plus-en-plus-recherchee-comme-voiture-de-collection\/","title":{"rendered":"O Alfa Romeo 75 celebra o seu 40\u00ba anivers\u00e1rio: h\u00e1 muito subestimado, \u00e9 cada vez mais procurado como carro de cole\u00e7\u00e3o"},"content":{"rendered":"<figure class=\"wp-block-image size-full\"><img loading=\"lazy\" decoding=\"async\" width=\"1200\" height=\"800\" src=\"https:\/\/www.italpassion.fr\/wp-content\/uploads\/2025\/12\/alfa-romeo-75-000.jpg\" alt=\"\" class=\"wp-image-44273\" srcset=\"https:\/\/www.italpassion.fr\/wp-content\/uploads\/2025\/12\/alfa-romeo-75-000.jpg 1200w, https:\/\/www.italpassion.fr\/wp-content\/uploads\/2025\/12\/alfa-romeo-75-000-420x280.jpg 420w, https:\/\/www.italpassion.fr\/wp-content\/uploads\/2025\/12\/alfa-romeo-75-000-768x512.jpg 768w, https:\/\/www.italpassion.fr\/wp-content\/uploads\/2025\/12\/alfa-romeo-75-000-18x12.jpg 18w\" sizes=\"auto, (max-width: 1200px) 100vw, 1200px\" \/><\/figure>\n\n\n\n<p>Em 2025, o Alfa Romeo 75 celebra o seu quadrag\u00e9simo anivers\u00e1rio. Um anivers\u00e1rio simb\u00f3lico para uma berlina que durante muito tempo foi evitada, muitas vezes incompreendida, por vezes ridicularizada pelas suas ousadas op\u00e7\u00f5es t\u00e9cnicas... mas que agora est\u00e1 totalmente restaurada. O tempo fez as suas v\u00edtimas: o \u00faltimo <a href=\"https:\/\/www.italpassion.fr\/pt\/alfa-romeo\/\">Alfa Romeo<\/a> concebido antes da aquisi\u00e7\u00e3o pela Fiat, e o \u00faltimo autom\u00f3vel com arquitetura Transaxle, tornou-se um dos jovens italianos mais procurados do momento. A oportunidade perfeita para prestar homenagem.<\/p>\n\n\n\n<h2 class=\"wp-block-heading\">1985: um sal\u00e3o nascido para celebrar um anivers\u00e1rio... e um virar de p\u00e1gina<\/h2>\n\n\n\n<p>Em 17 de maio de 1985, a Alfa Romeo celebrou o seu 75\u00ba anivers\u00e1rio. Em vez de apagar as velas com um modelo simb\u00f3lico, a marca decidiu revelar uma nova berlina. O nome era \u00f3bvio: o 75.<br>Substituiu o Giulietta e partilhou muitos pontos em comum com o Alfa 90, mas posicionou-se de forma radicalmente diferente. O 90 assumiu o papel de um confort\u00e1vel grand tourer. O 75 era o carro desportivo familiar.<\/p>\n\n\n\n<figure class=\"wp-block-image size-full\"><img loading=\"lazy\" decoding=\"async\" width=\"1200\" height=\"800\" src=\"https:\/\/www.italpassion.fr\/wp-content\/uploads\/2025\/12\/alfa-romeo-75-00.jpg\" alt=\"\" class=\"wp-image-44270\" srcset=\"https:\/\/www.italpassion.fr\/wp-content\/uploads\/2025\/12\/alfa-romeo-75-00.jpg 1200w, https:\/\/www.italpassion.fr\/wp-content\/uploads\/2025\/12\/alfa-romeo-75-00-420x280.jpg 420w, https:\/\/www.italpassion.fr\/wp-content\/uploads\/2025\/12\/alfa-romeo-75-00-768x512.jpg 768w, https:\/\/www.italpassion.fr\/wp-content\/uploads\/2025\/12\/alfa-romeo-75-00-18x12.jpg 18w\" sizes=\"auto, (max-width: 1200px) 100vw, 1200px\" \/><\/figure>\n\n\n\n<figure class=\"wp-block-image size-full\"><img loading=\"lazy\" decoding=\"async\" width=\"1200\" height=\"800\" src=\"https:\/\/www.italpassion.fr\/wp-content\/uploads\/2025\/12\/alfa-romeo-75-03.jpg\" alt=\"\" class=\"wp-image-44271\" srcset=\"https:\/\/www.italpassion.fr\/wp-content\/uploads\/2025\/12\/alfa-romeo-75-03.jpg 1200w, https:\/\/www.italpassion.fr\/wp-content\/uploads\/2025\/12\/alfa-romeo-75-03-420x280.jpg 420w, https:\/\/www.italpassion.fr\/wp-content\/uploads\/2025\/12\/alfa-romeo-75-03-768x512.jpg 768w, https:\/\/www.italpassion.fr\/wp-content\/uploads\/2025\/12\/alfa-romeo-75-03-18x12.jpg 18w\" sizes=\"auto, (max-width: 1200px) 100vw, 1200px\" \/><\/figure>\n\n\n\n<figure class=\"wp-block-image size-full\"><img loading=\"lazy\" decoding=\"async\" width=\"1200\" height=\"800\" src=\"https:\/\/www.italpassion.fr\/wp-content\/uploads\/2025\/12\/alfa-romeo-75-04.jpg\" alt=\"\" class=\"wp-image-44272\" srcset=\"https:\/\/www.italpassion.fr\/wp-content\/uploads\/2025\/12\/alfa-romeo-75-04.jpg 1200w, https:\/\/www.italpassion.fr\/wp-content\/uploads\/2025\/12\/alfa-romeo-75-04-420x280.jpg 420w, https:\/\/www.italpassion.fr\/wp-content\/uploads\/2025\/12\/alfa-romeo-75-04-768x512.jpg 768w, https:\/\/www.italpassion.fr\/wp-content\/uploads\/2025\/12\/alfa-romeo-75-04-18x12.jpg 18w\" sizes=\"auto, (max-width: 1200px) 100vw, 1200px\" \/><\/figure>\n\n\n\n<p>Domenico Chirico dirigiu o projeto e Ermanno Cressoni, chefe do Centro Stile, ousou criar um design profundamente angular, quase brutalista, totalmente anos 80. A aerodin\u00e2mica era menos importante do que a personalidade, e esta silhueta em forma de cunha tornou-se numa das assinaturas mais reconhec\u00edveis da hist\u00f3ria da Alfa. Com um comprimento que varia entre 4,33 e 4,42 metros, consoante a vers\u00e3o, possui uma bagageira imensa de 500 litros, o que \u00e9 surpreendente para um ve\u00edculo compacto de tra\u00e7\u00e3o traseira. Mas \u00e9 a distribui\u00e7\u00e3o de peso 50\/50 e a configura\u00e7\u00e3o Transaxle (caixa de velocidades e embraiagem na traseira) que conferem ao autom\u00f3vel o seu car\u00e1cter. Um car\u00e1cter que atrair\u00e1 tanto os clientes privados como os servi\u00e7os p\u00fablicos italianos: carabinieri, bombeiros, condutores de ambul\u00e2ncias e unidades especiais far\u00e3o dele a sua montada oficial.<\/p>\n\n\n\n<figure class=\"wp-block-image size-full\"><img loading=\"lazy\" decoding=\"async\" width=\"1200\" height=\"800\" src=\"https:\/\/www.italpassion.fr\/wp-content\/uploads\/2025\/12\/alfa-romeo-75-carabineri.jpg\" alt=\"\" class=\"wp-image-44274\" srcset=\"https:\/\/www.italpassion.fr\/wp-content\/uploads\/2025\/12\/alfa-romeo-75-carabineri.jpg 1200w, https:\/\/www.italpassion.fr\/wp-content\/uploads\/2025\/12\/alfa-romeo-75-carabineri-420x280.jpg 420w, https:\/\/www.italpassion.fr\/wp-content\/uploads\/2025\/12\/alfa-romeo-75-carabineri-768x512.jpg 768w, https:\/\/www.italpassion.fr\/wp-content\/uploads\/2025\/12\/alfa-romeo-75-carabineri-18x12.jpg 18w\" sizes=\"auto, (max-width: 1200px) 100vw, 1200px\" \/><\/figure>\n\n\n\n<h2 class=\"wp-block-heading\">Motores, inova\u00e7\u00f5es e car\u00e1cter<\/h2>\n\n\n\n<p>Desde o seu lan\u00e7amento, a berlina oferecia uma vasta gama de motores: desde o 1.6L de 110 cv produzido em quase 100.000 unidades, aos v\u00e1rios 2.0 Twin Sparks que introduziram a dupla igni\u00e7\u00e3o na Alfa Romeo, passando pelo 2.5 e depois pelo 3.0 Busso V6, sem esquecer um turbodiesel surpreendentemente potente para a sua \u00e9poca.<\/p>\n\n\n\n<figure class=\"wp-block-image size-full\"><img loading=\"lazy\" decoding=\"async\" width=\"1200\" height=\"800\" src=\"https:\/\/www.italpassion.fr\/wp-content\/uploads\/2025\/12\/alfa-romeo-75-moteur-16.jpg\" alt=\"\" class=\"wp-image-44276\" srcset=\"https:\/\/www.italpassion.fr\/wp-content\/uploads\/2025\/12\/alfa-romeo-75-moteur-16.jpg 1200w, https:\/\/www.italpassion.fr\/wp-content\/uploads\/2025\/12\/alfa-romeo-75-moteur-16-420x280.jpg 420w, https:\/\/www.italpassion.fr\/wp-content\/uploads\/2025\/12\/alfa-romeo-75-moteur-16-768x512.jpg 768w, https:\/\/www.italpassion.fr\/wp-content\/uploads\/2025\/12\/alfa-romeo-75-moteur-16-18x12.jpg 18w\" sizes=\"auto, (max-width: 1200px) 100vw, 1200px\" \/><figcaption class=\"wp-element-caption\">Motor 1.6L<\/figcaption><\/figure>\n\n\n\n<figure class=\"wp-block-image size-full\"><img loading=\"lazy\" decoding=\"async\" width=\"1200\" height=\"800\" src=\"https:\/\/www.italpassion.fr\/wp-content\/uploads\/2025\/12\/alfa-romeo-75-moteur-20.jpg\" alt=\"\" class=\"wp-image-44277\" srcset=\"https:\/\/www.italpassion.fr\/wp-content\/uploads\/2025\/12\/alfa-romeo-75-moteur-20.jpg 1200w, https:\/\/www.italpassion.fr\/wp-content\/uploads\/2025\/12\/alfa-romeo-75-moteur-20-420x280.jpg 420w, https:\/\/www.italpassion.fr\/wp-content\/uploads\/2025\/12\/alfa-romeo-75-moteur-20-768x512.jpg 768w, https:\/\/www.italpassion.fr\/wp-content\/uploads\/2025\/12\/alfa-romeo-75-moteur-20-18x12.jpg 18w\" sizes=\"auto, (max-width: 1200px) 100vw, 1200px\" \/><figcaption class=\"wp-element-caption\">Motor 2.0L<\/figcaption><\/figure>\n\n\n\n<figure class=\"wp-block-image size-full\"><img loading=\"lazy\" decoding=\"async\" width=\"1200\" height=\"800\" src=\"https:\/\/www.italpassion.fr\/wp-content\/uploads\/2025\/12\/alfa-romeo-75-v6.jpg\" alt=\"\" class=\"wp-image-44278\" srcset=\"https:\/\/www.italpassion.fr\/wp-content\/uploads\/2025\/12\/alfa-romeo-75-v6.jpg 1200w, https:\/\/www.italpassion.fr\/wp-content\/uploads\/2025\/12\/alfa-romeo-75-v6-420x280.jpg 420w, https:\/\/www.italpassion.fr\/wp-content\/uploads\/2025\/12\/alfa-romeo-75-v6-768x512.jpg 768w, https:\/\/www.italpassion.fr\/wp-content\/uploads\/2025\/12\/alfa-romeo-75-v6-18x12.jpg 18w\" sizes=\"auto, (max-width: 1200px) 100vw, 1200px\" \/><figcaption class=\"wp-element-caption\">Motor V6<\/figcaption><\/figure>\n\n\n\n<p>A chegada do 1.8 Turbo em 1986 marcou um ponto de viragem. Com o seu grande turbo Garrett, o seu arrefecimento cuidado e a brutalidade t\u00edpica dos motores sobrealimentados dos anos 80, lan\u00e7ou as bases de uma verdadeira carreira desportiva. O 75 Turbo Evoluzione, homologado em 1987, levou esta ambi\u00e7\u00e3o ainda mais longe.<\/p>\n\n\n\n<figure class=\"wp-block-image size-full\"><img loading=\"lazy\" decoding=\"async\" width=\"1200\" height=\"800\" src=\"https:\/\/www.italpassion.fr\/wp-content\/uploads\/2025\/12\/alfa-romeo-75-moteur-18l.jpg\" alt=\"\" class=\"wp-image-44275\" srcset=\"https:\/\/www.italpassion.fr\/wp-content\/uploads\/2025\/12\/alfa-romeo-75-moteur-18l.jpg 1200w, https:\/\/www.italpassion.fr\/wp-content\/uploads\/2025\/12\/alfa-romeo-75-moteur-18l-420x280.jpg 420w, https:\/\/www.italpassion.fr\/wp-content\/uploads\/2025\/12\/alfa-romeo-75-moteur-18l-768x512.jpg 768w, https:\/\/www.italpassion.fr\/wp-content\/uploads\/2025\/12\/alfa-romeo-75-moteur-18l-18x12.jpg 18w\" sizes=\"auto, (max-width: 1200px) 100vw, 1200px\" \/><figcaption class=\"wp-element-caption\">Motor 1.8L<\/figcaption><\/figure>\n\n\n\n<p>O topo de gama ganha forma com o 3.0 America V6, aumentado para 185 cv, capaz de atingir 220 km\/h num ambiente subitamente luxuoso gra\u00e7as \u00e0 introdu\u00e7\u00e3o de ABS, ar condicionado, cruise control e um equipamento not\u00e1vel para a \u00e9poca. Em 1992, a carreira comercial do carro chega ao fim, a favor do 155. No total, foram produzidos 387.000 Alfa 75, dos quais pouco mais de 21.000 eram modelos V6. Para muitos, o \u00faltimo carro de tra\u00e7\u00e3o traseira Transaxle foi o \"verdadeiro\" \u00faltimo Alfa Romeo.<\/p>\n\n\n\n<h2 class=\"wp-block-heading\">Uma desportista subestimada... mas nunca esquecida pelos entusiastas<\/h2>\n\n\n\n<p>O 75 nunca dominou os campeonatos internacionais, mas deixou a sua marca naqueles que o conduziram. Nos ralis, particularmente em Fran\u00e7a, proporcionou muitas vit\u00f3rias de classe, nomeadamente nas m\u00e3os de Yves Loubet. Nos anos 80, encarnou um certo esp\u00edrito Alfa Romeo: cru, empenhado, exigente, por vezes caprichoso, mas terrivelmente cativante.<\/p>\n\n\n\n<figure class=\"wp-block-image size-full\"><img loading=\"lazy\" decoding=\"async\" width=\"1200\" height=\"800\" src=\"https:\/\/www.italpassion.fr\/wp-content\/uploads\/2025\/08\/alfa-75-turbo-evoluzione-2.jpg\" alt=\"\" class=\"wp-image-40800\" srcset=\"https:\/\/www.italpassion.fr\/wp-content\/uploads\/2025\/08\/alfa-75-turbo-evoluzione-2.jpg 1200w, https:\/\/www.italpassion.fr\/wp-content\/uploads\/2025\/08\/alfa-75-turbo-evoluzione-2-420x280.jpg 420w, https:\/\/www.italpassion.fr\/wp-content\/uploads\/2025\/08\/alfa-75-turbo-evoluzione-2-768x512.jpg 768w, https:\/\/www.italpassion.fr\/wp-content\/uploads\/2025\/08\/alfa-75-turbo-evoluzione-2-18x12.jpg 18w\" sizes=\"auto, (max-width: 1200px) 100vw, 1200px\" \/><\/figure>\n\n\n\n<p>Alguns continuam a correr... e por vezes a ganhar. Como o <a href=\"https:\/\/www.italpassion.fr\/pt\/alfa-romeo\/um-alfa-romeo-75-turbo-com-410-cv-da-espetaculo-na-grecia\/\">este 75 turboalimentado com 410 cv<\/a> visto numa corrida de subida de montanha na Gr\u00e9cia, o <a href=\"https:\/\/www.italpassion.fr\/pt\/alfa-romeo\/este-alfa-romeo-75-turbo-evoluzione-com-320-cv-continua-a-vencer-em-competicao\/\">75 Turbo Evoluzione n\u00b0239<\/a>, l'<a href=\"https:\/\/www.italpassion.fr\/pt\/alfa-romeo\/este-alfa-romeo-75-e-alimentado-por-um-v6-busso-com-500-cv-as-9000-rpm-o-mais-potente-do-mundo\/\">Alfa Romeo 75 com motor Busso<\/a> com mais de 500 cv, ou <a href=\"https:\/\/www.italpassion.fr\/pt\/alfa-romeo\/alfa-romeo-75-turbo-prototech-350-cv-com-motor-bialbero-equipado-com-uma-peca-mecanica-rara\/\">o Alfa Romeo 75 Turbo Prototech de 350 cv<\/a>.<\/p>\n\n\n\n<h2 class=\"wp-block-heading\">Um mercado em expans\u00e3o: de novo a favor<\/h2>\n\n\n\n<p>Em 2025, os pre\u00e7os estavam a subir em flecha. Uma 75 Twin Spark limpa ultrapassa atualmente os 12.000 euros, uma Turbo pode ultrapassar os 25.000 euros e uma Evoluzione... mais de 80.000 euros, dado que os exemplares s\u00e3o raros. A tend\u00eancia \u00e9 cada vez mais forte gra\u00e7as aos tuners europeus que est\u00e3o a dar nova vida ao mito. Durante muito tempo, o Alfa Romeo 75 teve a imagem de uma berlina constru\u00edda \u00e0 pressa, s\u00edmbolo de uma \u00e9poca complicada para a marca. Atualmente, parece mais um canto do cisne, uma das \u00faltimas 100 cria\u00e7\u00f5es % da Alfa Romeo, ardente, imperfeita, mas profundamente sincera na sua filosofia.<\/p>\n\n\n\n<figure class=\"wp-block-embed is-type-video is-provider-youtube wp-block-embed-youtube wp-embed-aspect-9-16 wp-has-aspect-ratio\"><div class=\"wp-block-embed__wrapper\">\n<iframe loading=\"lazy\" title=\"Feliz 40\u00ba anivers\u00e1rio do Alfa Romeo 75\" width=\"563\" height=\"1000\" src=\"https:\/\/www.youtube-nocookie.com\/embed\/vv6dbTKvdJU?feature=oembed\" frameborder=\"0\" allow=\"accelerometer; autoplay; clipboard-write; encrypted-media; gyroscope; picture-in-picture; web-share\" referrerpolicy=\"strict-origin-when-cross-origin\" allowfullscreen><\/iframe>\n<\/div><\/figure>","protected":false},"excerpt":{"rendered":"","protected":false},"author":1,"featured_media":44273,"comment_status":"open","ping_status":"open","sticky":false,"template":"","format":"standard","meta":{"_acf_changed":false,"_sitemap_exclude":false,"_sitemap_priority":"","_sitemap_frequency":"","footnotes":""},"categories":[22],"tags":[511],"class_list":["post-44247","post","type-post","status-publish","format-standard","has-post-thumbnail","hentry","category-alfa-romeo","tag-alfa-romeo-75","generate-columns","tablet-grid-50","mobile-grid-100","grid-parent","grid-33"],"acf":[],"yoast_head":"<!-- This site is optimized with the Yoast SEO plugin v25.8 - https:\/\/yoast.com\/wordpress\/plugins\/seo\/ -->\n<title>Alfa Romeo 75 f\u00eate ses 40 ans : longtemps sous-estim\u00e9e, elle est de plus en plus recherch\u00e9e comme voiture de collection - ItalPassion<\/title>\n<meta name=\"description\" content=\"En 2025, l\u2019Alfa Romeo 75 souffle ses quarante bougies. Un anniversaire symbolique pour une berline longtemps boud\u00e9e, souvent mal comprise, parfois moqu\u00e9e\" \/>\n<meta name=\"robots\" content=\"index, follow, max-snippet:-1, max-image-preview:large, max-video-preview:-1\" \/>\n<link rel=\"canonical\" href=\"https:\/\/www.italpassion.fr\/pt\/alfa-romeo\/o-alfa-romeo-75-celebra-o-seu-40o-aniversario-ha-muito-subestimado-e-cada-vez-mais-procurado-como-carro-de-colecao\/\" \/>\n<meta property=\"og:locale\" content=\"pt_PT\" \/>\n<meta property=\"og:type\" content=\"article\" \/>\n<meta property=\"og:title\" content=\"Alfa Romeo 75 f\u00eate ses 40 ans : longtemps sous-estim\u00e9e, elle est de plus en plus recherch\u00e9e comme voiture de collection - ItalPassion\" \/>\n<meta property=\"og:description\" content=\"En 2025, l\u2019Alfa Romeo 75 souffle ses quarante bougies. Un anniversaire symbolique pour une berline longtemps boud\u00e9e, souvent mal comprise, parfois moqu\u00e9e\" \/>\n<meta property=\"og:url\" content=\"https:\/\/www.italpassion.fr\/pt\/alfa-romeo\/o-alfa-romeo-75-celebra-o-seu-40o-aniversario-ha-muito-subestimado-e-cada-vez-mais-procurado-como-carro-de-colecao\/\" \/>\n<meta property=\"og:site_name\" content=\"ItalPassion\" \/>\n<meta property=\"article:publisher\" content=\"https:\/\/www.facebook.com\/italpassion\" \/>\n<meta property=\"article:published_time\" content=\"2025-12-11T09:54:37+00:00\" \/>\n<meta property=\"og:image\" content=\"https:\/\/www.italpassion.fr\/wp-content\/uploads\/2025\/12\/alfa-romeo-75-000.jpg\" \/>\n\t<meta property=\"og:image:width\" content=\"1200\" \/>\n\t<meta property=\"og:image:height\" content=\"800\" \/>\n\t<meta property=\"og:image:type\" content=\"image\/jpeg\" \/>\n<meta name=\"author\" content=\"Alexandre Filluzeau\" \/>\n<meta name=\"twitter:card\" content=\"summary_large_image\" \/>\n<meta name=\"twitter:creator\" content=\"@italpassion\" \/>\n<meta name=\"twitter:site\" content=\"@italpassion\" \/>\n<script type=\"application\/ld+json\" class=\"yoast-schema-graph\">{\"@context\":\"https:\/\/schema.org\",\"@graph\":[{\"@type\":\"NewsArticle\",\"@id\":\"https:\/\/www.italpassion.fr\/pt\/alfa-romeo\/alfa-romeo-75-fete-ses-40-ans-longtemps-sous-estimee-elle-est-de-plus-en-plus-recherchee-comme-voiture-de-collection\/#article\",\"isPartOf\":{\"@id\":\"https:\/\/www.italpassion.fr\/pt\/alfa-romeo\/alfa-romeo-75-fete-ses-40-ans-longtemps-sous-estimee-elle-est-de-plus-en-plus-recherchee-comme-voiture-de-collection\/\"},\"author\":{\"name\":\"Alexandre Filluzeau\",\"@id\":\"https:\/\/www.italpassion.fr\/pt\/#\/schema\/person\/36f747b2a759ca202d847e85a9434ca0\"},\"headline\":\"Alfa Romeo 75 f\u00eate ses 40 ans : longtemps sous-estim\u00e9e, elle est de plus en plus recherch\u00e9e comme voiture de collection\",\"datePublished\":\"2025-12-11T09:54:37+00:00\",\"mainEntityOfPage\":{\"@id\":\"https:\/\/www.italpassion.fr\/pt\/alfa-romeo\/alfa-romeo-75-fete-ses-40-ans-longtemps-sous-estimee-elle-est-de-plus-en-plus-recherchee-comme-voiture-de-collection\/\"},\"wordCount\":750,\"commentCount\":10,\"publisher\":{\"@id\":\"https:\/\/www.italpassion.fr\/pt\/#organization\"},\"image\":{\"@id\":\"https:\/\/www.italpassion.fr\/pt\/alfa-romeo\/alfa-romeo-75-fete-ses-40-ans-longtemps-sous-estimee-elle-est-de-plus-en-plus-recherchee-comme-voiture-de-collection\/#primaryimage\"},\"thumbnailUrl\":\"https:\/\/www.italpassion.fr\/wp-content\/uploads\/2025\/12\/alfa-romeo-75-000.jpg\",\"keywords\":[\"Alfa Romeo 75\"],\"articleSection\":[\"Alfa Romeo\"],\"inLanguage\":\"pt-PT\",\"potentialAction\":[{\"@type\":\"CommentAction\",\"name\":\"Comment\",\"target\":[\"https:\/\/www.italpassion.fr\/pt\/alfa-romeo\/alfa-romeo-75-fete-ses-40-ans-longtemps-sous-estimee-elle-est-de-plus-en-plus-recherchee-comme-voiture-de-collection\/#respond\"]}]},{\"@type\":\"WebPage\",\"@id\":\"https:\/\/www.italpassion.fr\/pt\/alfa-romeo\/alfa-romeo-75-fete-ses-40-ans-longtemps-sous-estimee-elle-est-de-plus-en-plus-recherchee-comme-voiture-de-collection\/\",\"url\":\"https:\/\/www.italpassion.fr\/pt\/alfa-romeo\/alfa-romeo-75-fete-ses-40-ans-longtemps-sous-estimee-elle-est-de-plus-en-plus-recherchee-comme-voiture-de-collection\/\",\"name\":\"Alfa Romeo 75 f\u00eate ses 40 ans : longtemps sous-estim\u00e9e, elle est de plus en plus recherch\u00e9e comme voiture de collection - ItalPassion\",\"isPartOf\":{\"@id\":\"https:\/\/www.italpassion.fr\/pt\/#website\"},\"primaryImageOfPage\":{\"@id\":\"https:\/\/www.italpassion.fr\/pt\/alfa-romeo\/alfa-romeo-75-fete-ses-40-ans-longtemps-sous-estimee-elle-est-de-plus-en-plus-recherchee-comme-voiture-de-collection\/#primaryimage\"},\"image\":{\"@id\":\"https:\/\/www.italpassion.fr\/pt\/alfa-romeo\/alfa-romeo-75-fete-ses-40-ans-longtemps-sous-estimee-elle-est-de-plus-en-plus-recherchee-comme-voiture-de-collection\/#primaryimage\"},\"thumbnailUrl\":\"https:\/\/www.italpassion.fr\/wp-content\/uploads\/2025\/12\/alfa-romeo-75-000.jpg\",\"datePublished\":\"2025-12-11T09:54:37+00:00\",\"description\":\"En 2025, l\u2019Alfa Romeo 75 souffle ses quarante bougies. Un anniversaire symbolique pour une berline longtemps boud\u00e9e, souvent mal comprise, parfois moqu\u00e9e\",\"breadcrumb\":{\"@id\":\"https:\/\/www.italpassion.fr\/pt\/alfa-romeo\/alfa-romeo-75-fete-ses-40-ans-longtemps-sous-estimee-elle-est-de-plus-en-plus-recherchee-comme-voiture-de-collection\/#breadcrumb\"},\"inLanguage\":\"pt-PT\",\"potentialAction\":[{\"@type\":\"ReadAction\",\"target\":[\"https:\/\/www.italpassion.fr\/pt\/alfa-romeo\/alfa-romeo-75-fete-ses-40-ans-longtemps-sous-estimee-elle-est-de-plus-en-plus-recherchee-comme-voiture-de-collection\/\"]}]},{\"@type\":\"ImageObject\",\"inLanguage\":\"pt-PT\",\"@id\":\"https:\/\/www.italpassion.fr\/pt\/alfa-romeo\/alfa-romeo-75-fete-ses-40-ans-longtemps-sous-estimee-elle-est-de-plus-en-plus-recherchee-comme-voiture-de-collection\/#primaryimage\",\"url\":\"https:\/\/www.italpassion.fr\/wp-content\/uploads\/2025\/12\/alfa-romeo-75-000.jpg\",\"contentUrl\":\"https:\/\/www.italpassion.fr\/wp-content\/uploads\/2025\/12\/alfa-romeo-75-000.jpg\",\"width\":1200,\"height\":800},{\"@type\":\"BreadcrumbList\",\"@id\":\"https:\/\/www.italpassion.fr\/pt\/alfa-romeo\/alfa-romeo-75-fete-ses-40-ans-longtemps-sous-estimee-elle-est-de-plus-en-plus-recherchee-comme-voiture-de-collection\/#breadcrumb\",\"itemListElement\":[{\"@type\":\"ListItem\",\"position\":1,\"name\":\"Accueil\",\"item\":\"https:\/\/www.italpassion.fr\/pt\/\"},{\"@type\":\"ListItem\",\"position\":2,\"name\":\"Alfa Romeo 75 f\u00eate ses 40 ans : longtemps sous-estim\u00e9e, elle est de plus en plus recherch\u00e9e comme voiture de collection\"}]},{\"@type\":\"WebSite\",\"@id\":\"https:\/\/www.italpassion.fr\/pt\/#website\",\"url\":\"https:\/\/www.italpassion.fr\/pt\/\",\"name\":\"ItalPassion\",\"description\":\"Les Passionn\u00e9s d&#039;Automobiles Italiennes\",\"publisher\":{\"@id\":\"https:\/\/www.italpassion.fr\/pt\/#organization\"},\"potentialAction\":[{\"@type\":\"SearchAction\",\"target\":{\"@type\":\"EntryPoint\",\"urlTemplate\":\"https:\/\/www.italpassion.fr\/pt\/?s={search_term_string}\"},\"query-input\":{\"@type\":\"PropertyValueSpecification\",\"valueRequired\":true,\"valueName\":\"search_term_string\"}}],\"inLanguage\":\"pt-PT\"},{\"@type\":\"Organization\",\"@id\":\"https:\/\/www.italpassion.fr\/pt\/#organization\",\"name\":\"Italpassion\",\"url\":\"https:\/\/www.italpassion.fr\/pt\/\",\"logo\":{\"@type\":\"ImageObject\",\"inLanguage\":\"pt-PT\",\"@id\":\"https:\/\/www.italpassion.fr\/pt\/#\/schema\/logo\/image\/\",\"url\":\"https:\/\/www.italpassion.fr\/wp-content\/uploads\/2023\/07\/italpassion-yoast.jpg\",\"contentUrl\":\"https:\/\/www.italpassion.fr\/wp-content\/uploads\/2023\/07\/italpassion-yoast.jpg\",\"width\":696,\"height\":696,\"caption\":\"Italpassion\"},\"image\":{\"@id\":\"https:\/\/www.italpassion.fr\/pt\/#\/schema\/logo\/image\/\"},\"sameAs\":[\"https:\/\/www.facebook.com\/italpassion\",\"https:\/\/x.com\/italpassion\",\"https:\/\/www.instagram.com\/italpassionfr\/\",\"https:\/\/www.youtube.com\/channel\/UCleq-ByQaA42OjhopwevRjQ\",\"https:\/\/www.facebook.com\/italpassion.en\/\",\"https:\/\/www.facebook.com\/italpassion.it\/\",\"https:\/\/www.facebook.com\/italpassion.de\/\",\"https:\/\/www.facebook.com\/italpassion.ja\/\"]},{\"@type\":\"Person\",\"@id\":\"https:\/\/www.italpassion.fr\/pt\/#\/schema\/person\/36f747b2a759ca202d847e85a9434ca0\",\"name\":\"Alexandre Filluzeau\",\"image\":{\"@type\":\"ImageObject\",\"inLanguage\":\"pt-PT\",\"@id\":\"https:\/\/www.italpassion.fr\/pt\/#\/schema\/person\/image\/\",\"url\":\"https:\/\/www.italpassion.fr\/wp-content\/uploads\/2025\/04\/avatar-alexandre-160x160.jpg\",\"contentUrl\":\"https:\/\/www.italpassion.fr\/wp-content\/uploads\/2025\/04\/avatar-alexandre-160x160.jpg\",\"caption\":\"Alexandre Filluzeau\"},\"description\":\"Fondateur du site ItalPassion, passionn\u00e9 de voitures italiennes et de l'Italie en g\u00e9n\u00e9ral. J'apporte un regard critique et technique aux actualit\u00e9s des marques italiennes quand cela est possible. Propri\u00e9taire d'une Maserati GranTurismo, Alfa Romeo MiTo, Lancia Fulvia et Ducati 695. Ex-propri\u00e9taire d'une Alfa Romeo Giulia.\",\"sameAs\":[\"https:\/\/www.italpassion.fr\/\"],\"url\":\"https:\/\/www.italpassion.fr\/pt\/author\/alexandre\/\"}]}<\/script>\n<!-- \/ Yoast SEO plugin. -->","yoast_head_json":{"title":"O Alfa Romeo 75 celebra o seu 40\u00ba anivers\u00e1rio: h\u00e1 muito subestimado, \u00e9 cada vez mais procurado como carro de cole\u00e7\u00e3o - ItalPassion","description":"Em 2025, o Alfa Romeo 75 celebra o seu quadrag\u00e9simo anivers\u00e1rio. Um anivers\u00e1rio simb\u00f3lico para uma berlina que durante muito tempo foi evitada, muitas vezes incompreendida e por vezes ridicularizada.","robots":{"index":"index","follow":"follow","max-snippet":"max-snippet:-1","max-image-preview":"max-image-preview:large","max-video-preview":"max-video-preview:-1"},"canonical":"https:\/\/www.italpassion.fr\/pt\/alfa-romeo\/o-alfa-romeo-75-celebra-o-seu-40o-aniversario-ha-muito-subestimado-e-cada-vez-mais-procurado-como-carro-de-colecao\/","og_locale":"pt_PT","og_type":"article","og_title":"Alfa Romeo 75 f\u00eate ses 40 ans : longtemps sous-estim\u00e9e, elle est de plus en plus recherch\u00e9e comme voiture de collection - ItalPassion","og_description":"En 2025, l\u2019Alfa Romeo 75 souffle ses quarante bougies. Un anniversaire symbolique pour une berline longtemps boud\u00e9e, souvent mal comprise, parfois moqu\u00e9e","og_url":"https:\/\/www.italpassion.fr\/pt\/alfa-romeo\/o-alfa-romeo-75-celebra-o-seu-40o-aniversario-ha-muito-subestimado-e-cada-vez-mais-procurado-como-carro-de-colecao\/","og_site_name":"ItalPassion","article_publisher":"https:\/\/www.facebook.com\/italpassion","article_published_time":"2025-12-11T09:54:37+00:00","og_image":[{"width":1200,"height":800,"url":"https:\/\/www.italpassion.fr\/wp-content\/uploads\/2025\/12\/alfa-romeo-75-000.jpg","type":"image\/jpeg"}],"author":"Alexandre Filluzeau","twitter_card":"summary_large_image","twitter_creator":"@italpassion","twitter_site":"@italpassion","schema":{"@context":"https:\/\/schema.org","@graph":[{"@type":"NewsArticle","@id":"https:\/\/www.italpassion.fr\/pt\/alfa-romeo\/alfa-romeo-75-fete-ses-40-ans-longtemps-sous-estimee-elle-est-de-plus-en-plus-recherchee-comme-voiture-de-collection\/#article","isPartOf":{"@id":"https:\/\/www.italpassion.fr\/pt\/alfa-romeo\/alfa-romeo-75-fete-ses-40-ans-longtemps-sous-estimee-elle-est-de-plus-en-plus-recherchee-comme-voiture-de-collection\/"},"author":{"name":"Alexandre Filluzeau","@id":"https:\/\/www.italpassion.fr\/pt\/#\/schema\/person\/36f747b2a759ca202d847e85a9434ca0"},"headline":"Alfa Romeo 75 f\u00eate ses 40 ans : longtemps sous-estim\u00e9e, elle est de plus en plus recherch\u00e9e comme voiture de collection","datePublished":"2025-12-11T09:54:37+00:00","mainEntityOfPage":{"@id":"https:\/\/www.italpassion.fr\/pt\/alfa-romeo\/alfa-romeo-75-fete-ses-40-ans-longtemps-sous-estimee-elle-est-de-plus-en-plus-recherchee-comme-voiture-de-collection\/"},"wordCount":750,"commentCount":10,"publisher":{"@id":"https:\/\/www.italpassion.fr\/pt\/#organization"},"image":{"@id":"https:\/\/www.italpassion.fr\/pt\/alfa-romeo\/alfa-romeo-75-fete-ses-40-ans-longtemps-sous-estimee-elle-est-de-plus-en-plus-recherchee-comme-voiture-de-collection\/#primaryimage"},"thumbnailUrl":"https:\/\/www.italpassion.fr\/wp-content\/uploads\/2025\/12\/alfa-romeo-75-000.jpg","keywords":["Alfa Romeo 75"],"articleSection":["Alfa Romeo"],"inLanguage":"pt-PT","potentialAction":[{"@type":"CommentAction","name":"Comment","target":["https:\/\/www.italpassion.fr\/pt\/alfa-romeo\/alfa-romeo-75-fete-ses-40-ans-longtemps-sous-estimee-elle-est-de-plus-en-plus-recherchee-comme-voiture-de-collection\/#respond"]}]},{"@type":"WebPage","@id":"https:\/\/www.italpassion.fr\/pt\/alfa-romeo\/alfa-romeo-75-fete-ses-40-ans-longtemps-sous-estimee-elle-est-de-plus-en-plus-recherchee-comme-voiture-de-collection\/","url":"https:\/\/www.italpassion.fr\/pt\/alfa-romeo\/alfa-romeo-75-fete-ses-40-ans-longtemps-sous-estimee-elle-est-de-plus-en-plus-recherchee-comme-voiture-de-collection\/","name":"O Alfa Romeo 75 celebra o seu 40\u00ba anivers\u00e1rio: h\u00e1 muito subestimado, \u00e9 cada vez mais procurado como carro de cole\u00e7\u00e3o - ItalPassion","isPartOf":{"@id":"https:\/\/www.italpassion.fr\/pt\/#website"},"primaryImageOfPage":{"@id":"https:\/\/www.italpassion.fr\/pt\/alfa-romeo\/alfa-romeo-75-fete-ses-40-ans-longtemps-sous-estimee-elle-est-de-plus-en-plus-recherchee-comme-voiture-de-collection\/#primaryimage"},"image":{"@id":"https:\/\/www.italpassion.fr\/pt\/alfa-romeo\/alfa-romeo-75-fete-ses-40-ans-longtemps-sous-estimee-elle-est-de-plus-en-plus-recherchee-comme-voiture-de-collection\/#primaryimage"},"thumbnailUrl":"https:\/\/www.italpassion.fr\/wp-content\/uploads\/2025\/12\/alfa-romeo-75-000.jpg","datePublished":"2025-12-11T09:54:37+00:00","description":"Em 2025, o Alfa Romeo 75 celebra o seu quadrag\u00e9simo anivers\u00e1rio. Um anivers\u00e1rio simb\u00f3lico para uma berlina que durante muito tempo foi evitada, muitas vezes incompreendida e por vezes ridicularizada.","breadcrumb":{"@id":"https:\/\/www.italpassion.fr\/pt\/alfa-romeo\/alfa-romeo-75-fete-ses-40-ans-longtemps-sous-estimee-elle-est-de-plus-en-plus-recherchee-comme-voiture-de-collection\/#breadcrumb"},"inLanguage":"pt-PT","potentialAction":[{"@type":"ReadAction","target":["https:\/\/www.italpassion.fr\/pt\/alfa-romeo\/alfa-romeo-75-fete-ses-40-ans-longtemps-sous-estimee-elle-est-de-plus-en-plus-recherchee-comme-voiture-de-collection\/"]}]},{"@type":"ImageObject","inLanguage":"pt-PT","@id":"https:\/\/www.italpassion.fr\/pt\/alfa-romeo\/alfa-romeo-75-fete-ses-40-ans-longtemps-sous-estimee-elle-est-de-plus-en-plus-recherchee-comme-voiture-de-collection\/#primaryimage","url":"https:\/\/www.italpassion.fr\/wp-content\/uploads\/2025\/12\/alfa-romeo-75-000.jpg","contentUrl":"https:\/\/www.italpassion.fr\/wp-content\/uploads\/2025\/12\/alfa-romeo-75-000.jpg","width":1200,"height":800},{"@type":"BreadcrumbList","@id":"https:\/\/www.italpassion.fr\/pt\/alfa-romeo\/alfa-romeo-75-fete-ses-40-ans-longtemps-sous-estimee-elle-est-de-plus-en-plus-recherchee-comme-voiture-de-collection\/#breadcrumb","itemListElement":[{"@type":"ListItem","position":1,"name":"Accueil","item":"https:\/\/www.italpassion.fr\/pt\/"},{"@type":"ListItem","position":2,"name":"Alfa Romeo 75 f\u00eate ses 40 ans : longtemps sous-estim\u00e9e, elle est de plus en plus recherch\u00e9e comme voiture de collection"}]},{"@type":"WebSite","@id":"https:\/\/www.italpassion.fr\/pt\/#website","url":"https:\/\/www.italpassion.fr\/pt\/","name":"ItalPassion","description":"Entusiastas de autom\u00f3veis italianos","publisher":{"@id":"https:\/\/www.italpassion.fr\/pt\/#organization"},"potentialAction":[{"@type":"SearchAction","target":{"@type":"EntryPoint","urlTemplate":"https:\/\/www.italpassion.fr\/pt\/?s={search_term_string}"},"query-input":{"@type":"PropertyValueSpecification","valueRequired":true,"valueName":"search_term_string"}}],"inLanguage":"pt-PT"},{"@type":"Organization","@id":"https:\/\/www.italpassion.fr\/pt\/#organization","name":"Italpassion","url":"https:\/\/www.italpassion.fr\/pt\/","logo":{"@type":"ImageObject","inLanguage":"pt-PT","@id":"https:\/\/www.italpassion.fr\/pt\/#\/schema\/logo\/image\/","url":"https:\/\/www.italpassion.fr\/wp-content\/uploads\/2023\/07\/italpassion-yoast.jpg","contentUrl":"https:\/\/www.italpassion.fr\/wp-content\/uploads\/2023\/07\/italpassion-yoast.jpg","width":696,"height":696,"caption":"Italpassion"},"image":{"@id":"https:\/\/www.italpassion.fr\/pt\/#\/schema\/logo\/image\/"},"sameAs":["https:\/\/www.facebook.com\/italpassion","https:\/\/x.com\/italpassion","https:\/\/www.instagram.com\/italpassionfr\/","https:\/\/www.youtube.com\/channel\/UCleq-ByQaA42OjhopwevRjQ","https:\/\/www.facebook.com\/italpassion.en\/","https:\/\/www.facebook.com\/italpassion.it\/","https:\/\/www.facebook.com\/italpassion.de\/","https:\/\/www.facebook.com\/italpassion.ja\/"]},{"@type":"Person","@id":"https:\/\/www.italpassion.fr\/pt\/#\/schema\/person\/36f747b2a759ca202d847e85a9434ca0","name":"Alexandre Filluzeau","image":{"@type":"ImageObject","inLanguage":"pt-PT","@id":"https:\/\/www.italpassion.fr\/pt\/#\/schema\/person\/image\/","url":"https:\/\/www.italpassion.fr\/wp-content\/uploads\/2025\/04\/avatar-alexandre-160x160.jpg","contentUrl":"https:\/\/www.italpassion.fr\/wp-content\/uploads\/2025\/04\/avatar-alexandre-160x160.jpg","caption":"Alexandre Filluzeau"},"description":"Fundador do site ItalPassion, apaixonado por carros italianos e pela It\u00e1lia em geral. Trago um olhar cr\u00edtico e t\u00e9cnico \u00e0s not\u00edcias das marcas italianas, sempre que poss\u00edvel. Propriet\u00e1ria de um Maserati GranTurismo, Alfa Romeo MiTo, Lancia Fulvia e Ducati 695. Ex-propriet\u00e1rio de uma Alfa Romeo Giulia.","sameAs":["https:\/\/www.italpassion.fr\/"],"url":"https:\/\/www.italpassion.fr\/pt\/author\/alexandre\/"}]}},"_links":{"self":[{"href":"https:\/\/www.italpassion.fr\/pt\/wp-json\/wp\/v2\/posts\/44247","targetHints":{"allow":["GET"]}}],"collection":[{"href":"https:\/\/www.italpassion.fr\/pt\/wp-json\/wp\/v2\/posts"}],"about":[{"href":"https:\/\/www.italpassion.fr\/pt\/wp-json\/wp\/v2\/types\/post"}],"author":[{"embeddable":true,"href":"https:\/\/www.italpassion.fr\/pt\/wp-json\/wp\/v2\/users\/1"}],"replies":[{"embeddable":true,"href":"https:\/\/www.italpassion.fr\/pt\/wp-json\/wp\/v2\/comments?post=44247"}],"version-history":[{"count":2,"href":"https:\/\/www.italpassion.fr\/pt\/wp-json\/wp\/v2\/posts\/44247\/revisions"}],"predecessor-version":[{"id":44279,"href":"https:\/\/www.italpassion.fr\/pt\/wp-json\/wp\/v2\/posts\/44247\/revisions\/44279"}],"wp:featuredmedia":[{"embeddable":true,"href":"https:\/\/www.italpassion.fr\/pt\/wp-json\/wp\/v2\/media\/44273"}],"wp:attachment":[{"href":"https:\/\/www.italpassion.fr\/pt\/wp-json\/wp\/v2\/media?parent=44247"}],"wp:term":[{"taxonomy":"category","embeddable":true,"href":"https:\/\/www.italpassion.fr\/pt\/wp-json\/wp\/v2\/categories?post=44247"},{"taxonomy":"post_tag","embeddable":true,"href":"https:\/\/www.italpassion.fr\/pt\/wp-json\/wp\/v2\/tags?post=44247"}],"curies":[{"name":"wp","href":"https:\/\/api.w.org\/{rel}","templated":true}]}}