{"id":44115,"date":"2025-12-08T09:20:07","date_gmt":"2025-12-08T08:20:07","guid":{"rendered":"https:\/\/www.italpassion.fr\/?p=44115"},"modified":"2025-12-08T09:20:07","modified_gmt":"2025-12-08T08:20:07","slug":"o-antigo-diretor-geral-da-stellantis-adverte-que-as-fabricas-de-automoveis-europeias-serao-encerradas-ou-adquiridas-pelos-chineses-com-manifestacoes-pneus-e-paletes-incendiados","status":"publish","type":"post","link":"https:\/\/www.italpassion.fr\/pt\/stellantis\/lancien-ceo-de-stellantis-previent-les-usines-automobiles-europeennes-seront-fermees-ou-rachetees-par-les-chinois-avec-des-manifestations-des-incendies-de-pneus-et-de-palettes\/","title":{"rendered":"O antigo diretor executivo da Stellantis adverte que as f\u00e1bricas de autom\u00f3veis europeias ser\u00e3o encerradas ou ocupadas pelos chineses, com \"manifesta\u00e7\u00f5es, queima de pneus e paletes\"."},"content":{"rendered":"<figure class=\"wp-block-image size-full\"><img loading=\"lazy\" decoding=\"async\" width=\"1200\" height=\"800\" src=\"https:\/\/www.italpassion.fr\/wp-content\/uploads\/2025\/12\/carlos-tavares-manifestation.jpg\" alt=\"\" class=\"wp-image-44116\" srcset=\"https:\/\/www.italpassion.fr\/wp-content\/uploads\/2025\/12\/carlos-tavares-manifestation.jpg 1200w, https:\/\/www.italpassion.fr\/wp-content\/uploads\/2025\/12\/carlos-tavares-manifestation-420x280.jpg 420w, https:\/\/www.italpassion.fr\/wp-content\/uploads\/2025\/12\/carlos-tavares-manifestation-768x512.jpg 768w, https:\/\/www.italpassion.fr\/wp-content\/uploads\/2025\/12\/carlos-tavares-manifestation-18x12.jpg 18w\" sizes=\"auto, (max-width: 1200px) 100vw, 1200px\" \/><\/figure>\n\n\n\n<p>As recentes declara\u00e7\u00f5es de Carlos Tavares s\u00e3o suscept\u00edveis de provocar um choque em toda a Europa. Um ano depois de <a href=\"https:\/\/www.italpassion.fr\/pt\/stellantis\/o-presidente-do-conselho-de-administracao-do-stellantis-carlos-tavares-demite-se\/\">tendo deixado a dire\u00e7\u00e3o da Stellantis<\/a>O antigo patr\u00e3o, agora livre de quaisquer constrangimentos de comunica\u00e7\u00e3o, faz uma an\u00e1lise brutal: \"A Europa vai entregar a sua ind\u00fastria autom\u00f3vel aos chineses\". Uma frase que ressoa ainda mais forte porque surge numa altura em que as f\u00e1bricas do Grupo avan\u00e7am a ritmos radicalmente diferentes nos v\u00e1rios pa\u00edses.<\/p>\n\n\n\n<h2 class=\"wp-block-heading\">Um continente fracturado<\/h2>\n\n\n\n<p>Basta olhar para o estado atual das f\u00e1bricas Stellantis para perceber porque \u00e9 que o aviso de Tavares n\u00e3o \u00e9 feito no vazio. Em Espanha, a f\u00e1brica de Vigo est\u00e1 a atravessar um ano hist\u00f3rico: mais de 600 000 ve\u00edculos produzidos at\u00e9 2025, um ritmo de produ\u00e7\u00e3o de um ve\u00edculo por minuto, quatro equipas mobilizadas dia e noite. Vigo tornou-se a verdadeira pot\u00eancia industrial do Grupo na Europa, impulsionada por custos energ\u00e9ticos competitivos.<\/p>\n\n\n\n<p>Em Fran\u00e7a, a din\u00e2mica \u00e9 j\u00e1 menos favor\u00e1vel. Prev\u00ea-se que os cinco s\u00edtios em Fran\u00e7a des\u00e7am abaixo da marca dos 600.000 dentro de tr\u00eas anos. O decl\u00ednio \u00e9 gradual, mas real. Poissy \u00e9 o centro das preocupa\u00e7\u00f5es, com uma atividade enfraquecida e uma visibilidade incerta. Antonio Filosa, o novo CEO, est\u00e1 a tentar reequilibrar a estrat\u00e9gia entre combust\u00e3o, h\u00edbridos e el\u00e9ctricos, mas esta viragem deixa a Europa numa zona cinzenta.<\/p>\n\n\n\n<p>\u00c9, no entanto, em It\u00e1lia que a situa\u00e7\u00e3o assume o aspeto de uma hemorragia industrial. A produ\u00e7\u00e3o baixou para 310 000 ve\u00edculos, ou seja, uma diminui\u00e7\u00e3o de 31 % em rela\u00e7\u00e3o ao terceiro trimestre de 2025, as f\u00e1bricas foram parcialmente encerradas e a perspetiva de uma produ\u00e7\u00e3o de ve\u00edculos de passageiros inferior a 200 000 unidades \u00e9 iminente. Metade dos trabalhadores italianos do grupo s\u00e3o atualmente afectados por regimes de tempo de trabalho reduzido.<\/p>\n\n\n\n<h2 class=\"wp-block-heading\">Enquanto Filosa analisa a estrat\u00e9gia de Stellantis, Tavares adverte a Europa<\/h2>\n\n\n\n<p>Enquanto as f\u00e1bricas europeias se debatem com um clima econ\u00f3mico incerto, Antonio Filosa decidiu reorientar radicalmente a estrat\u00e9gia do grupo. Na sua interven\u00e7\u00e3o na Goldman Sachs Industrials &amp; Autos Week, admitiu que <a href=\"https:\/\/www.italpassion.fr\/pt\/stellantis\/o-ceo-da-stellantis-os-pressupostos-sobre-os-automoveis-electricos-estavam-errados-ouvimos-o-mercado-e-revimos-a-nossa-estrategia\/\">as projec\u00e7\u00f5es el\u00e9ctricas estavam erradas<\/a> e que a transi\u00e7\u00e3o deve ser mais gradual. Nos Estados Unidos, <a href=\"https:\/\/www.italpassion.fr\/pt\/stellantis\/\">Stellantis<\/a> est\u00e1 a redescobrir a efic\u00e1cia comercial dos h\u00edbridos e mesmo dos V8, enquanto o mercado europeu aguarda desesperadamente uma flexibiliza\u00e7\u00e3o da regulamenta\u00e7\u00e3o.<\/p>\n\n\n\n<p>Mas para Carlos Tavares, o problema principal n\u00e3o \u00e9 o Stellantis. \u00c9 muito mais vasto, sist\u00e9mico, quase ideol\u00f3gico. O antigo CEO acusa a Uni\u00e3o Europeia de ter cometido um \"erro grave\": impor uma tecnologia em vez de um objetivo. Ao obrigar os construtores a convergir para o 100 % el\u00e9trico, a Europa teria criado uma grande vulnerabilidade, deixando o caminho livre para as marcas chinesas, que trabalham na electromobilidade h\u00e1 vinte anos, conquistarem o continente.<\/p>\n\n\n\n<h2 class=\"wp-block-heading\">\"Dez f\u00e1bricas v\u00e3o desaparecer<\/h2>\n\n\n\n<p>Em declara\u00e7\u00f5es a v\u00e1rios meios de comunica\u00e7\u00e3o social portugueses, Tavares fez uma proje\u00e7\u00e3o arrepiante. As marcas chinesas, segundo ele, atingir\u00e3o 10 % do mercado europeu dentro de cinco anos. Com base em 15 milh\u00f5es de ve\u00edculos por ano, isso representaria 1,5 milh\u00f5es de autom\u00f3veis importados, ou seja, o equivalente a dez grandes f\u00e1bricas europeias condenadas a perder a sua raz\u00e3o de ser.<\/p>\n\n\n\n<p>E \u00e9 aqui que o seu aviso se torna prof\u00e9tico e quase cinematogr\u00e1fico: \"Quando houver manifesta\u00e7\u00f5es, pneus a arder e paletes a arder, um investidor chin\u00eas vai oferecer-se para comprar a f\u00e1brica por uma quantia simb\u00f3lica, prometendo manter os postos de trabalho. E os governos aceitar\u00e3o\". Para Tavares, este cen\u00e1rio n\u00e3o tem nada de ficcional. \u00c9 a consequ\u00eancia direta de uma Europa \"intelectualmente arrogante\" e excessivamente burocr\u00e1tica, que preferiu impor dogmas tecnol\u00f3gicos em vez de dar liberdade aos engenheiros para encontrarem as solu\u00e7\u00f5es \"mais limpas, mais seguras e mais acess\u00edveis\".<\/p>\n\n\n\n<p>O antigo patr\u00e3o faz tamb\u00e9m uma dura cr\u00edtica \u00e0 burocracia europeia, que descreve como um \"cancro\". Para ele, a Europa arrisca-se a ser desqualificada no duelo entre os Estados Unidos e a China, devido \u00e0 falta de competitividade, produtividade e vis\u00e3o a longo prazo. Enquanto Washington simplifica as suas normas e Pequim investe maci\u00e7amente, Bruxelas multiplica as regulamenta\u00e7\u00f5es e consome recursos que poderiam ser investidos na inova\u00e7\u00e3o.<\/p>\n\n\n\n<p>Tavares insiste que, se a Europa quiser manter o seu n\u00edvel de vida, ter\u00e1 de trabalhar mais e, sobretudo, trabalhar melhor. Caso contr\u00e1rio, tornar-se-\u00e1 o \"rastilho\" da tens\u00e3o sino-americana.<\/p>\n\n\n\n<p><\/p>","protected":false},"excerpt":{"rendered":"","protected":false},"author":1,"featured_media":44116,"comment_status":"open","ping_status":"open","sticky":false,"template":"","format":"standard","meta":{"_acf_changed":false,"_sitemap_exclude":false,"_sitemap_priority":"","_sitemap_frequency":"","footnotes":""},"categories":[29],"tags":[398],"class_list":["post-44115","post","type-post","status-publish","format-standard","has-post-thumbnail","hentry","category-stellantis","tag-carlos-tavares","generate-columns","tablet-grid-50","mobile-grid-100","grid-parent","grid-33"],"acf":[],"yoast_head":"<!-- This site is optimized with the Yoast SEO plugin v25.8 - https:\/\/yoast.com\/wordpress\/plugins\/seo\/ -->\n<title>L&#039;ancien CEO de Stellantis pr\u00e9vient : les usines automobiles europ\u00e9ennes seront ferm\u00e9es ou rachet\u00e9es par les Chinois avec &quot;des manifestations, des incendies de pneus et de palettes&quot; - ItalPassion<\/title>\n<meta name=\"description\" content=\"Les r\u00e9cents propos de Carlos Tavares auraient de quoi provoquer une onde de choc dans toute l\u2019Europe. Un an apr\u00e8s avoir quitt\u00e9 la direction de Stellantis,\" \/>\n<meta name=\"robots\" content=\"index, follow, max-snippet:-1, max-image-preview:large, max-video-preview:-1\" \/>\n<link rel=\"canonical\" href=\"https:\/\/www.italpassion.fr\/pt\/stellantis\/o-antigo-diretor-geral-da-stellantis-adverte-que-as-fabricas-de-automoveis-europeias-serao-encerradas-ou-adquiridas-pelos-chineses-com-manifestacoes-pneus-e-paletes-incendiados\/\" \/>\n<meta property=\"og:locale\" content=\"pt_PT\" \/>\n<meta property=\"og:type\" content=\"article\" \/>\n<meta property=\"og:title\" content=\"L&#039;ancien CEO de Stellantis pr\u00e9vient : les usines automobiles europ\u00e9ennes seront ferm\u00e9es ou rachet\u00e9es par les Chinois avec &quot;des manifestations, des incendies de pneus et de palettes&quot; - ItalPassion\" \/>\n<meta property=\"og:description\" content=\"Les r\u00e9cents propos de Carlos Tavares auraient de quoi provoquer une onde de choc dans toute l\u2019Europe. Un an apr\u00e8s avoir quitt\u00e9 la direction de Stellantis,\" \/>\n<meta property=\"og:url\" content=\"https:\/\/www.italpassion.fr\/pt\/stellantis\/o-antigo-diretor-geral-da-stellantis-adverte-que-as-fabricas-de-automoveis-europeias-serao-encerradas-ou-adquiridas-pelos-chineses-com-manifestacoes-pneus-e-paletes-incendiados\/\" \/>\n<meta property=\"og:site_name\" content=\"ItalPassion\" \/>\n<meta property=\"article:publisher\" content=\"https:\/\/www.facebook.com\/italpassion\" \/>\n<meta property=\"article:published_time\" content=\"2025-12-08T08:20:07+00:00\" \/>\n<meta property=\"og:image\" content=\"https:\/\/www.italpassion.fr\/wp-content\/uploads\/2025\/12\/carlos-tavares-manifestation.jpg\" \/>\n\t<meta property=\"og:image:width\" content=\"1200\" \/>\n\t<meta property=\"og:image:height\" content=\"800\" \/>\n\t<meta property=\"og:image:type\" content=\"image\/jpeg\" \/>\n<meta name=\"author\" content=\"Alexandre Filluzeau\" \/>\n<meta name=\"twitter:card\" content=\"summary_large_image\" \/>\n<meta name=\"twitter:creator\" content=\"@italpassion\" \/>\n<meta name=\"twitter:site\" content=\"@italpassion\" \/>\n<script type=\"application\/ld+json\" class=\"yoast-schema-graph\">{\"@context\":\"https:\/\/schema.org\",\"@graph\":[{\"@type\":\"NewsArticle\",\"@id\":\"https:\/\/www.italpassion.fr\/pt\/stellantis\/lancien-ceo-de-stellantis-previent-les-usines-automobiles-europeennes-seront-fermees-ou-rachetees-par-les-chinois-avec-des-manifestations-des-incendies-de-pneus-et-de-palettes\/#article\",\"isPartOf\":{\"@id\":\"https:\/\/www.italpassion.fr\/pt\/stellantis\/lancien-ceo-de-stellantis-previent-les-usines-automobiles-europeennes-seront-fermees-ou-rachetees-par-les-chinois-avec-des-manifestations-des-incendies-de-pneus-et-de-palettes\/\"},\"author\":{\"name\":\"Alexandre Filluzeau\",\"@id\":\"https:\/\/www.italpassion.fr\/pt\/#\/schema\/person\/36f747b2a759ca202d847e85a9434ca0\"},\"headline\":\"L&rsquo;ancien CEO de Stellantis pr\u00e9vient : les usines automobiles europ\u00e9ennes seront ferm\u00e9es ou rachet\u00e9es par les Chinois avec \u00ab\u00a0des manifestations, des incendies de pneus et de palettes\u00a0\u00bb\",\"datePublished\":\"2025-12-08T08:20:07+00:00\",\"mainEntityOfPage\":{\"@id\":\"https:\/\/www.italpassion.fr\/pt\/stellantis\/lancien-ceo-de-stellantis-previent-les-usines-automobiles-europeennes-seront-fermees-ou-rachetees-par-les-chinois-avec-des-manifestations-des-incendies-de-pneus-et-de-palettes\/\"},\"wordCount\":792,\"commentCount\":19,\"publisher\":{\"@id\":\"https:\/\/www.italpassion.fr\/pt\/#organization\"},\"image\":{\"@id\":\"https:\/\/www.italpassion.fr\/pt\/stellantis\/lancien-ceo-de-stellantis-previent-les-usines-automobiles-europeennes-seront-fermees-ou-rachetees-par-les-chinois-avec-des-manifestations-des-incendies-de-pneus-et-de-palettes\/#primaryimage\"},\"thumbnailUrl\":\"https:\/\/www.italpassion.fr\/wp-content\/uploads\/2025\/12\/carlos-tavares-manifestation.jpg\",\"keywords\":[\"Carlos Tavares\"],\"articleSection\":[\"Stellantis\"],\"inLanguage\":\"pt-PT\",\"potentialAction\":[{\"@type\":\"CommentAction\",\"name\":\"Comment\",\"target\":[\"https:\/\/www.italpassion.fr\/pt\/stellantis\/lancien-ceo-de-stellantis-previent-les-usines-automobiles-europeennes-seront-fermees-ou-rachetees-par-les-chinois-avec-des-manifestations-des-incendies-de-pneus-et-de-palettes\/#respond\"]}]},{\"@type\":\"WebPage\",\"@id\":\"https:\/\/www.italpassion.fr\/pt\/stellantis\/lancien-ceo-de-stellantis-previent-les-usines-automobiles-europeennes-seront-fermees-ou-rachetees-par-les-chinois-avec-des-manifestations-des-incendies-de-pneus-et-de-palettes\/\",\"url\":\"https:\/\/www.italpassion.fr\/pt\/stellantis\/lancien-ceo-de-stellantis-previent-les-usines-automobiles-europeennes-seront-fermees-ou-rachetees-par-les-chinois-avec-des-manifestations-des-incendies-de-pneus-et-de-palettes\/\",\"name\":\"L'ancien CEO de Stellantis pr\u00e9vient : les usines automobiles europ\u00e9ennes seront ferm\u00e9es ou rachet\u00e9es par les Chinois avec \\\"des manifestations, des incendies de pneus et de palettes\\\" - ItalPassion\",\"isPartOf\":{\"@id\":\"https:\/\/www.italpassion.fr\/pt\/#website\"},\"primaryImageOfPage\":{\"@id\":\"https:\/\/www.italpassion.fr\/pt\/stellantis\/lancien-ceo-de-stellantis-previent-les-usines-automobiles-europeennes-seront-fermees-ou-rachetees-par-les-chinois-avec-des-manifestations-des-incendies-de-pneus-et-de-palettes\/#primaryimage\"},\"image\":{\"@id\":\"https:\/\/www.italpassion.fr\/pt\/stellantis\/lancien-ceo-de-stellantis-previent-les-usines-automobiles-europeennes-seront-fermees-ou-rachetees-par-les-chinois-avec-des-manifestations-des-incendies-de-pneus-et-de-palettes\/#primaryimage\"},\"thumbnailUrl\":\"https:\/\/www.italpassion.fr\/wp-content\/uploads\/2025\/12\/carlos-tavares-manifestation.jpg\",\"datePublished\":\"2025-12-08T08:20:07+00:00\",\"description\":\"Les r\u00e9cents propos de Carlos Tavares auraient de quoi provoquer une onde de choc dans toute l\u2019Europe. Un an apr\u00e8s avoir quitt\u00e9 la direction de Stellantis,\",\"breadcrumb\":{\"@id\":\"https:\/\/www.italpassion.fr\/pt\/stellantis\/lancien-ceo-de-stellantis-previent-les-usines-automobiles-europeennes-seront-fermees-ou-rachetees-par-les-chinois-avec-des-manifestations-des-incendies-de-pneus-et-de-palettes\/#breadcrumb\"},\"inLanguage\":\"pt-PT\",\"potentialAction\":[{\"@type\":\"ReadAction\",\"target\":[\"https:\/\/www.italpassion.fr\/pt\/stellantis\/lancien-ceo-de-stellantis-previent-les-usines-automobiles-europeennes-seront-fermees-ou-rachetees-par-les-chinois-avec-des-manifestations-des-incendies-de-pneus-et-de-palettes\/\"]}]},{\"@type\":\"ImageObject\",\"inLanguage\":\"pt-PT\",\"@id\":\"https:\/\/www.italpassion.fr\/pt\/stellantis\/lancien-ceo-de-stellantis-previent-les-usines-automobiles-europeennes-seront-fermees-ou-rachetees-par-les-chinois-avec-des-manifestations-des-incendies-de-pneus-et-de-palettes\/#primaryimage\",\"url\":\"https:\/\/www.italpassion.fr\/wp-content\/uploads\/2025\/12\/carlos-tavares-manifestation.jpg\",\"contentUrl\":\"https:\/\/www.italpassion.fr\/wp-content\/uploads\/2025\/12\/carlos-tavares-manifestation.jpg\",\"width\":1200,\"height\":800},{\"@type\":\"BreadcrumbList\",\"@id\":\"https:\/\/www.italpassion.fr\/pt\/stellantis\/lancien-ceo-de-stellantis-previent-les-usines-automobiles-europeennes-seront-fermees-ou-rachetees-par-les-chinois-avec-des-manifestations-des-incendies-de-pneus-et-de-palettes\/#breadcrumb\",\"itemListElement\":[{\"@type\":\"ListItem\",\"position\":1,\"name\":\"Accueil\",\"item\":\"https:\/\/www.italpassion.fr\/pt\/\"},{\"@type\":\"ListItem\",\"position\":2,\"name\":\"L&rsquo;ancien CEO de Stellantis pr\u00e9vient : les usines automobiles europ\u00e9ennes seront ferm\u00e9es ou rachet\u00e9es par les Chinois avec \u00ab\u00a0des manifestations, des incendies de pneus et de palettes\u00a0\u00bb\"}]},{\"@type\":\"WebSite\",\"@id\":\"https:\/\/www.italpassion.fr\/pt\/#website\",\"url\":\"https:\/\/www.italpassion.fr\/pt\/\",\"name\":\"ItalPassion\",\"description\":\"Les Passionn\u00e9s d&#039;Automobiles Italiennes\",\"publisher\":{\"@id\":\"https:\/\/www.italpassion.fr\/pt\/#organization\"},\"potentialAction\":[{\"@type\":\"SearchAction\",\"target\":{\"@type\":\"EntryPoint\",\"urlTemplate\":\"https:\/\/www.italpassion.fr\/pt\/?s={search_term_string}\"},\"query-input\":{\"@type\":\"PropertyValueSpecification\",\"valueRequired\":true,\"valueName\":\"search_term_string\"}}],\"inLanguage\":\"pt-PT\"},{\"@type\":\"Organization\",\"@id\":\"https:\/\/www.italpassion.fr\/pt\/#organization\",\"name\":\"Italpassion\",\"url\":\"https:\/\/www.italpassion.fr\/pt\/\",\"logo\":{\"@type\":\"ImageObject\",\"inLanguage\":\"pt-PT\",\"@id\":\"https:\/\/www.italpassion.fr\/pt\/#\/schema\/logo\/image\/\",\"url\":\"https:\/\/www.italpassion.fr\/wp-content\/uploads\/2023\/07\/italpassion-yoast.jpg\",\"contentUrl\":\"https:\/\/www.italpassion.fr\/wp-content\/uploads\/2023\/07\/italpassion-yoast.jpg\",\"width\":696,\"height\":696,\"caption\":\"Italpassion\"},\"image\":{\"@id\":\"https:\/\/www.italpassion.fr\/pt\/#\/schema\/logo\/image\/\"},\"sameAs\":[\"https:\/\/www.facebook.com\/italpassion\",\"https:\/\/x.com\/italpassion\",\"https:\/\/www.instagram.com\/italpassionfr\/\",\"https:\/\/www.youtube.com\/channel\/UCleq-ByQaA42OjhopwevRjQ\",\"https:\/\/www.facebook.com\/italpassion.en\/\",\"https:\/\/www.facebook.com\/italpassion.it\/\",\"https:\/\/www.facebook.com\/italpassion.de\/\",\"https:\/\/www.facebook.com\/italpassion.ja\/\"]},{\"@type\":\"Person\",\"@id\":\"https:\/\/www.italpassion.fr\/pt\/#\/schema\/person\/36f747b2a759ca202d847e85a9434ca0\",\"name\":\"Alexandre Filluzeau\",\"image\":{\"@type\":\"ImageObject\",\"inLanguage\":\"pt-PT\",\"@id\":\"https:\/\/www.italpassion.fr\/pt\/#\/schema\/person\/image\/\",\"url\":\"https:\/\/www.italpassion.fr\/wp-content\/uploads\/2025\/04\/avatar-alexandre-160x160.jpg\",\"contentUrl\":\"https:\/\/www.italpassion.fr\/wp-content\/uploads\/2025\/04\/avatar-alexandre-160x160.jpg\",\"caption\":\"Alexandre Filluzeau\"},\"description\":\"Fondateur du site ItalPassion, passionn\u00e9 de voitures italiennes et de l'Italie en g\u00e9n\u00e9ral. J'apporte un regard critique et technique aux actualit\u00e9s des marques italiennes quand cela est possible. Propri\u00e9taire d'une Maserati GranTurismo, Alfa Romeo MiTo, Lancia Fulvia et Ducati 695. Ex-propri\u00e9taire d'une Alfa Romeo Giulia.\",\"sameAs\":[\"https:\/\/www.italpassion.fr\/\"],\"url\":\"https:\/\/www.italpassion.fr\/pt\/author\/alexandre\/\"}]}<\/script>\n<!-- \/ Yoast SEO plugin. -->","yoast_head_json":{"title":"O antigo diretor-geral da Stellantis adverte que as f\u00e1bricas de autom\u00f3veis europeias ser\u00e3o encerradas ou adquiridas pelos chineses, com \"manifesta\u00e7\u00f5es, queima de pneus e paletes\" - ItalPassion","description":"As recentes declara\u00e7\u00f5es de Carlos Tavares s\u00e3o suscept\u00edveis de provocar um choque em toda a Europa. Um ano depois de ter deixado a dire\u00e7\u00e3o do Stellantis,","robots":{"index":"index","follow":"follow","max-snippet":"max-snippet:-1","max-image-preview":"max-image-preview:large","max-video-preview":"max-video-preview:-1"},"canonical":"https:\/\/www.italpassion.fr\/pt\/stellantis\/o-antigo-diretor-geral-da-stellantis-adverte-que-as-fabricas-de-automoveis-europeias-serao-encerradas-ou-adquiridas-pelos-chineses-com-manifestacoes-pneus-e-paletes-incendiados\/","og_locale":"pt_PT","og_type":"article","og_title":"L'ancien CEO de Stellantis pr\u00e9vient : les usines automobiles europ\u00e9ennes seront ferm\u00e9es ou rachet\u00e9es par les Chinois avec \"des manifestations, des incendies de pneus et de palettes\" - ItalPassion","og_description":"Les r\u00e9cents propos de Carlos Tavares auraient de quoi provoquer une onde de choc dans toute l\u2019Europe. Un an apr\u00e8s avoir quitt\u00e9 la direction de Stellantis,","og_url":"https:\/\/www.italpassion.fr\/pt\/stellantis\/o-antigo-diretor-geral-da-stellantis-adverte-que-as-fabricas-de-automoveis-europeias-serao-encerradas-ou-adquiridas-pelos-chineses-com-manifestacoes-pneus-e-paletes-incendiados\/","og_site_name":"ItalPassion","article_publisher":"https:\/\/www.facebook.com\/italpassion","article_published_time":"2025-12-08T08:20:07+00:00","og_image":[{"width":1200,"height":800,"url":"https:\/\/www.italpassion.fr\/wp-content\/uploads\/2025\/12\/carlos-tavares-manifestation.jpg","type":"image\/jpeg"}],"author":"Alexandre Filluzeau","twitter_card":"summary_large_image","twitter_creator":"@italpassion","twitter_site":"@italpassion","schema":{"@context":"https:\/\/schema.org","@graph":[{"@type":"NewsArticle","@id":"https:\/\/www.italpassion.fr\/pt\/stellantis\/lancien-ceo-de-stellantis-previent-les-usines-automobiles-europeennes-seront-fermees-ou-rachetees-par-les-chinois-avec-des-manifestations-des-incendies-de-pneus-et-de-palettes\/#article","isPartOf":{"@id":"https:\/\/www.italpassion.fr\/pt\/stellantis\/lancien-ceo-de-stellantis-previent-les-usines-automobiles-europeennes-seront-fermees-ou-rachetees-par-les-chinois-avec-des-manifestations-des-incendies-de-pneus-et-de-palettes\/"},"author":{"name":"Alexandre Filluzeau","@id":"https:\/\/www.italpassion.fr\/pt\/#\/schema\/person\/36f747b2a759ca202d847e85a9434ca0"},"headline":"L&rsquo;ancien CEO de Stellantis pr\u00e9vient : les usines automobiles europ\u00e9ennes seront ferm\u00e9es ou rachet\u00e9es par les Chinois avec \u00ab\u00a0des manifestations, des incendies de pneus et de palettes\u00a0\u00bb","datePublished":"2025-12-08T08:20:07+00:00","mainEntityOfPage":{"@id":"https:\/\/www.italpassion.fr\/pt\/stellantis\/lancien-ceo-de-stellantis-previent-les-usines-automobiles-europeennes-seront-fermees-ou-rachetees-par-les-chinois-avec-des-manifestations-des-incendies-de-pneus-et-de-palettes\/"},"wordCount":792,"commentCount":19,"publisher":{"@id":"https:\/\/www.italpassion.fr\/pt\/#organization"},"image":{"@id":"https:\/\/www.italpassion.fr\/pt\/stellantis\/lancien-ceo-de-stellantis-previent-les-usines-automobiles-europeennes-seront-fermees-ou-rachetees-par-les-chinois-avec-des-manifestations-des-incendies-de-pneus-et-de-palettes\/#primaryimage"},"thumbnailUrl":"https:\/\/www.italpassion.fr\/wp-content\/uploads\/2025\/12\/carlos-tavares-manifestation.jpg","keywords":["Carlos Tavares"],"articleSection":["Stellantis"],"inLanguage":"pt-PT","potentialAction":[{"@type":"CommentAction","name":"Comment","target":["https:\/\/www.italpassion.fr\/pt\/stellantis\/lancien-ceo-de-stellantis-previent-les-usines-automobiles-europeennes-seront-fermees-ou-rachetees-par-les-chinois-avec-des-manifestations-des-incendies-de-pneus-et-de-palettes\/#respond"]}]},{"@type":"WebPage","@id":"https:\/\/www.italpassion.fr\/pt\/stellantis\/lancien-ceo-de-stellantis-previent-les-usines-automobiles-europeennes-seront-fermees-ou-rachetees-par-les-chinois-avec-des-manifestations-des-incendies-de-pneus-et-de-palettes\/","url":"https:\/\/www.italpassion.fr\/pt\/stellantis\/lancien-ceo-de-stellantis-previent-les-usines-automobiles-europeennes-seront-fermees-ou-rachetees-par-les-chinois-avec-des-manifestations-des-incendies-de-pneus-et-de-palettes\/","name":"O antigo diretor-geral da Stellantis adverte que as f\u00e1bricas de autom\u00f3veis europeias ser\u00e3o encerradas ou adquiridas pelos chineses, com \"manifesta\u00e7\u00f5es, queima de pneus e paletes\" - ItalPassion","isPartOf":{"@id":"https:\/\/www.italpassion.fr\/pt\/#website"},"primaryImageOfPage":{"@id":"https:\/\/www.italpassion.fr\/pt\/stellantis\/lancien-ceo-de-stellantis-previent-les-usines-automobiles-europeennes-seront-fermees-ou-rachetees-par-les-chinois-avec-des-manifestations-des-incendies-de-pneus-et-de-palettes\/#primaryimage"},"image":{"@id":"https:\/\/www.italpassion.fr\/pt\/stellantis\/lancien-ceo-de-stellantis-previent-les-usines-automobiles-europeennes-seront-fermees-ou-rachetees-par-les-chinois-avec-des-manifestations-des-incendies-de-pneus-et-de-palettes\/#primaryimage"},"thumbnailUrl":"https:\/\/www.italpassion.fr\/wp-content\/uploads\/2025\/12\/carlos-tavares-manifestation.jpg","datePublished":"2025-12-08T08:20:07+00:00","description":"As recentes declara\u00e7\u00f5es de Carlos Tavares s\u00e3o suscept\u00edveis de provocar um choque em toda a Europa. Um ano depois de ter deixado a dire\u00e7\u00e3o do Stellantis,","breadcrumb":{"@id":"https:\/\/www.italpassion.fr\/pt\/stellantis\/lancien-ceo-de-stellantis-previent-les-usines-automobiles-europeennes-seront-fermees-ou-rachetees-par-les-chinois-avec-des-manifestations-des-incendies-de-pneus-et-de-palettes\/#breadcrumb"},"inLanguage":"pt-PT","potentialAction":[{"@type":"ReadAction","target":["https:\/\/www.italpassion.fr\/pt\/stellantis\/lancien-ceo-de-stellantis-previent-les-usines-automobiles-europeennes-seront-fermees-ou-rachetees-par-les-chinois-avec-des-manifestations-des-incendies-de-pneus-et-de-palettes\/"]}]},{"@type":"ImageObject","inLanguage":"pt-PT","@id":"https:\/\/www.italpassion.fr\/pt\/stellantis\/lancien-ceo-de-stellantis-previent-les-usines-automobiles-europeennes-seront-fermees-ou-rachetees-par-les-chinois-avec-des-manifestations-des-incendies-de-pneus-et-de-palettes\/#primaryimage","url":"https:\/\/www.italpassion.fr\/wp-content\/uploads\/2025\/12\/carlos-tavares-manifestation.jpg","contentUrl":"https:\/\/www.italpassion.fr\/wp-content\/uploads\/2025\/12\/carlos-tavares-manifestation.jpg","width":1200,"height":800},{"@type":"BreadcrumbList","@id":"https:\/\/www.italpassion.fr\/pt\/stellantis\/lancien-ceo-de-stellantis-previent-les-usines-automobiles-europeennes-seront-fermees-ou-rachetees-par-les-chinois-avec-des-manifestations-des-incendies-de-pneus-et-de-palettes\/#breadcrumb","itemListElement":[{"@type":"ListItem","position":1,"name":"Accueil","item":"https:\/\/www.italpassion.fr\/pt\/"},{"@type":"ListItem","position":2,"name":"L&rsquo;ancien CEO de Stellantis pr\u00e9vient : les usines automobiles europ\u00e9ennes seront ferm\u00e9es ou rachet\u00e9es par les Chinois avec \u00ab\u00a0des manifestations, des incendies de pneus et de palettes\u00a0\u00bb"}]},{"@type":"WebSite","@id":"https:\/\/www.italpassion.fr\/pt\/#website","url":"https:\/\/www.italpassion.fr\/pt\/","name":"ItalPassion","description":"Entusiastas de autom\u00f3veis italianos","publisher":{"@id":"https:\/\/www.italpassion.fr\/pt\/#organization"},"potentialAction":[{"@type":"SearchAction","target":{"@type":"EntryPoint","urlTemplate":"https:\/\/www.italpassion.fr\/pt\/?s={search_term_string}"},"query-input":{"@type":"PropertyValueSpecification","valueRequired":true,"valueName":"search_term_string"}}],"inLanguage":"pt-PT"},{"@type":"Organization","@id":"https:\/\/www.italpassion.fr\/pt\/#organization","name":"Italpassion","url":"https:\/\/www.italpassion.fr\/pt\/","logo":{"@type":"ImageObject","inLanguage":"pt-PT","@id":"https:\/\/www.italpassion.fr\/pt\/#\/schema\/logo\/image\/","url":"https:\/\/www.italpassion.fr\/wp-content\/uploads\/2023\/07\/italpassion-yoast.jpg","contentUrl":"https:\/\/www.italpassion.fr\/wp-content\/uploads\/2023\/07\/italpassion-yoast.jpg","width":696,"height":696,"caption":"Italpassion"},"image":{"@id":"https:\/\/www.italpassion.fr\/pt\/#\/schema\/logo\/image\/"},"sameAs":["https:\/\/www.facebook.com\/italpassion","https:\/\/x.com\/italpassion","https:\/\/www.instagram.com\/italpassionfr\/","https:\/\/www.youtube.com\/channel\/UCleq-ByQaA42OjhopwevRjQ","https:\/\/www.facebook.com\/italpassion.en\/","https:\/\/www.facebook.com\/italpassion.it\/","https:\/\/www.facebook.com\/italpassion.de\/","https:\/\/www.facebook.com\/italpassion.ja\/"]},{"@type":"Person","@id":"https:\/\/www.italpassion.fr\/pt\/#\/schema\/person\/36f747b2a759ca202d847e85a9434ca0","name":"Alexandre Filluzeau","image":{"@type":"ImageObject","inLanguage":"pt-PT","@id":"https:\/\/www.italpassion.fr\/pt\/#\/schema\/person\/image\/","url":"https:\/\/www.italpassion.fr\/wp-content\/uploads\/2025\/04\/avatar-alexandre-160x160.jpg","contentUrl":"https:\/\/www.italpassion.fr\/wp-content\/uploads\/2025\/04\/avatar-alexandre-160x160.jpg","caption":"Alexandre Filluzeau"},"description":"Fundador do site ItalPassion, apaixonado por carros italianos e pela It\u00e1lia em geral. Trago um olhar cr\u00edtico e t\u00e9cnico \u00e0s not\u00edcias das marcas italianas, sempre que poss\u00edvel. Propriet\u00e1ria de um Maserati GranTurismo, Alfa Romeo MiTo, Lancia Fulvia e Ducati 695. Ex-propriet\u00e1rio de uma Alfa Romeo Giulia.","sameAs":["https:\/\/www.italpassion.fr\/"],"url":"https:\/\/www.italpassion.fr\/pt\/author\/alexandre\/"}]}},"_links":{"self":[{"href":"https:\/\/www.italpassion.fr\/pt\/wp-json\/wp\/v2\/posts\/44115","targetHints":{"allow":["GET"]}}],"collection":[{"href":"https:\/\/www.italpassion.fr\/pt\/wp-json\/wp\/v2\/posts"}],"about":[{"href":"https:\/\/www.italpassion.fr\/pt\/wp-json\/wp\/v2\/types\/post"}],"author":[{"embeddable":true,"href":"https:\/\/www.italpassion.fr\/pt\/wp-json\/wp\/v2\/users\/1"}],"replies":[{"embeddable":true,"href":"https:\/\/www.italpassion.fr\/pt\/wp-json\/wp\/v2\/comments?post=44115"}],"version-history":[{"count":1,"href":"https:\/\/www.italpassion.fr\/pt\/wp-json\/wp\/v2\/posts\/44115\/revisions"}],"predecessor-version":[{"id":44117,"href":"https:\/\/www.italpassion.fr\/pt\/wp-json\/wp\/v2\/posts\/44115\/revisions\/44117"}],"wp:featuredmedia":[{"embeddable":true,"href":"https:\/\/www.italpassion.fr\/pt\/wp-json\/wp\/v2\/media\/44116"}],"wp:attachment":[{"href":"https:\/\/www.italpassion.fr\/pt\/wp-json\/wp\/v2\/media?parent=44115"}],"wp:term":[{"taxonomy":"category","embeddable":true,"href":"https:\/\/www.italpassion.fr\/pt\/wp-json\/wp\/v2\/categories?post=44115"},{"taxonomy":"post_tag","embeddable":true,"href":"https:\/\/www.italpassion.fr\/pt\/wp-json\/wp\/v2\/tags?post=44115"}],"curies":[{"name":"wp","href":"https:\/\/api.w.org\/{rel}","templated":true}]}}