{"id":44023,"date":"2025-12-05T09:29:18","date_gmt":"2025-12-05T08:29:18","guid":{"rendered":"https:\/\/www.italpassion.fr\/?p=44023"},"modified":"2025-12-05T09:29:18","modified_gmt":"2025-12-05T08:29:18","slug":"o-ceo-da-stellantis-os-pressupostos-sobre-os-automoveis-electricos-estavam-errados-ouvimos-o-mercado-e-revimos-a-nossa-estrategia","status":"publish","type":"post","link":"https:\/\/www.italpassion.fr\/pt\/stellantis\/le-ceo-de-stellantis-les-hypotheses-sur-les-voitures-electriques-etaient-erronees-nous-avons-ecoute-le-marche-et-revu-notre-strategie\/","title":{"rendered":"CEO da Stellantis: \"Os pressupostos sobre os autom\u00f3veis el\u00e9ctricos estavam errados, por isso ouvimos o mercado e revimos a nossa estrat\u00e9gia\"."},"content":{"rendered":"<figure class=\"wp-block-image size-large\"><img loading=\"lazy\" decoding=\"async\" width=\"1024\" height=\"683\" src=\"https:\/\/www.italpassion.fr\/wp-content\/uploads\/2025\/01\/antonio-filosa-1024x683.jpg\" alt=\"\" class=\"wp-image-36056\" srcset=\"https:\/\/www.italpassion.fr\/wp-content\/uploads\/2025\/01\/antonio-filosa-1024x683.jpg 1024w, https:\/\/www.italpassion.fr\/wp-content\/uploads\/2025\/01\/antonio-filosa-300x200.jpg 300w, https:\/\/www.italpassion.fr\/wp-content\/uploads\/2025\/01\/antonio-filosa-768x512.jpg 768w, https:\/\/www.italpassion.fr\/wp-content\/uploads\/2025\/01\/antonio-filosa-18x12.jpg 18w, https:\/\/www.italpassion.fr\/wp-content\/uploads\/2025\/01\/antonio-filosa-561x374.jpg 561w, https:\/\/www.italpassion.fr\/wp-content\/uploads\/2025\/01\/antonio-filosa-1122x748.jpg 1122w, https:\/\/www.italpassion.fr\/wp-content\/uploads\/2025\/01\/antonio-filosa-265x177.jpg 265w, https:\/\/www.italpassion.fr\/wp-content\/uploads\/2025\/01\/antonio-filosa-531x354.jpg 531w, https:\/\/www.italpassion.fr\/wp-content\/uploads\/2025\/01\/antonio-filosa-364x243.jpg 364w, https:\/\/www.italpassion.fr\/wp-content\/uploads\/2025\/01\/antonio-filosa-728x485.jpg 728w, https:\/\/www.italpassion.fr\/wp-content\/uploads\/2025\/01\/antonio-filosa-608x405.jpg 608w, https:\/\/www.italpassion.fr\/wp-content\/uploads\/2025\/01\/antonio-filosa-758x505.jpg 758w, https:\/\/www.italpassion.fr\/wp-content\/uploads\/2025\/01\/antonio-filosa-1152x768.jpg 1152w, https:\/\/www.italpassion.fr\/wp-content\/uploads\/2025\/01\/antonio-filosa.jpg 1200w\" sizes=\"auto, (max-width: 1024px) 100vw, 1024px\" \/><\/figure>\n\n\n\n<p>Antonio Filosa n\u00e3o \u00e9, de facto, um homem de poucas palavras. Um m\u00eas depois de ter criticado <a href=\"https:\/\/www.italpassion.fr\/pt\/stellantis\/o-diretor-geral-da-stellantis-critica-mais-uma-vez-a-europa-as-regras-estabelecidas-por-bruxelas-nao-sao-imperfeitas-sao-mas\/\">regras europeias consideradas \"m\u00e1s\" para a ind\u00fastria autom\u00f3vel<\/a>o diretor executivo da <a href=\"https:\/\/www.italpassion.fr\/pt\/stellantis\/\">Stellantis<\/a> aproveitou a Goldman Sachs Industrials &amp; Autos Week para admitir claramente o que muitos construtores pensavam sem se atreverem a diz\u00ea-lo: as previs\u00f5es internas sobre a transi\u00e7\u00e3o para os ve\u00edculos el\u00e9ctricos estavam simplesmente erradas. E o grupo j\u00e1 reorientou profundamente a sua estrat\u00e9gia.<\/p>\n\n\n\n<h2 class=\"wp-block-heading\">\"Alguns pressupostos estavam errados<\/h2>\n\n\n\n<p>Questionado sobre a trajet\u00f3ria americana e europeia da Stellantis, Antonio Filosa reconheceu uma grande discrep\u00e2ncia entre as projec\u00e7\u00f5es internas feitas nos \u00faltimos anos e a realidade do mercado. No passado, o Grupo previa uma penetra\u00e7\u00e3o dos ve\u00edculos el\u00e9ctricos no mercado americano de 50 % at\u00e9 2030. Atualmente, o mercado ainda n\u00e3o ultrapassou a marca dos 6 %. Quanto \u00e0 Europa, a ideia de atingir 100 % de ve\u00edculos el\u00e9ctricos at\u00e9 2035 parece agora demasiado otimista, tendo em conta a procura real e o poder de compra. \"Alguns pressupostos estavam errados, mas ouvimos o mercado\", assume. No espa\u00e7o de quatro meses, a Stellantis diz ter reformulado a sua estrat\u00e9gia de produto e de investimento.<\/p>\n\n\n\n<h2 class=\"wp-block-heading\">Os h\u00edbridos voltam a ser uma arma estrat\u00e9gica<\/h2>\n\n\n\n<p>E o exemplo mais evidente vem dos Estados Unidos. Considerado durante muito tempo como a p\u00e1tria natural dos ve\u00edculos el\u00e9ctricos para Stellantis, o mercado norte-americano est\u00e1 a redescobrir os h\u00edbridos... e at\u00e9 os V8. O regresso do motor Hemi \u00e0s pick-ups Ram provocou um terramoto comercial: dez mil encomendas em vinte e quatro horas, cinquenta mil em seis semanas, ao ponto de a produ\u00e7\u00e3o ter de duplicar. Filosa est\u00e1 agora convencido de que os h\u00edbridos, e em particular os h\u00edbridos simples, se tornar\u00e3o uma das tecnologias preferidas dos automobilistas americanos.<\/p>\n\n\n\n<figure class=\"wp-block-image size-full\"><img loading=\"lazy\" decoding=\"async\" width=\"1200\" height=\"800\" src=\"https:\/\/www.italpassion.fr\/wp-content\/uploads\/2025\/12\/ram-v8-hybride.jpg\" alt=\"\" class=\"wp-image-44024\" srcset=\"https:\/\/www.italpassion.fr\/wp-content\/uploads\/2025\/12\/ram-v8-hybride.jpg 1200w, https:\/\/www.italpassion.fr\/wp-content\/uploads\/2025\/12\/ram-v8-hybride-420x280.jpg 420w, https:\/\/www.italpassion.fr\/wp-content\/uploads\/2025\/12\/ram-v8-hybride-768x512.jpg 768w, https:\/\/www.italpassion.fr\/wp-content\/uploads\/2025\/12\/ram-v8-hybride-18x12.jpg 18w\" sizes=\"auto, (max-width: 1200px) 100vw, 1200px\" \/><\/figure>\n\n\n\n<p>O sucesso da Ram V8 n\u00e3o \u00e9 um acaso. O novo Jeep Cherokee, completamente redesenhado depois de \"ouvir os consumidores\", chega ao segundo maior segmento dos Estados Unidos, onde pretende desempenhar um papel estruturante. Para Stellantis, trata-se de um exemplo perfeito de reorienta\u00e7\u00e3o do produto em fun\u00e7\u00e3o da procura e n\u00e3o de dogmas regulamentares ou de marketing.<\/p>\n\n\n\n<h2 class=\"wp-block-heading\">Os Estados Unidos abrandam, a Europa interroga-se<\/h2>\n\n\n\n<p>A din\u00e2mica americana \u00e9 tanto mais promissora quanto \u00e9 acompanhada por uma importante mudan\u00e7a pol\u00edtica. A administra\u00e7\u00e3o Trump acaba de flexibilizar as normas CAFE, dando maior flexibilidade aos fabricantes. A Filosa v\u00ea nisto uma oportunidade para reequilibrar o mix de produtos e captar uma nova procura que n\u00e3o existia h\u00e1 dez meses.<\/p>\n\n\n\n<p>Na Europa, o ambiente \u00e9 muito diferente. Bruxelas est\u00e1 a preparar um novo pacote regulamentar, h\u00e1 muito aguardado, mas ainda n\u00e3o h\u00e1 sinais de uma flexibiliza\u00e7\u00e3o imediata. Filosa apela mais uma vez a uma transi\u00e7\u00e3o energ\u00e9tica \"equilibrada e suave\", sublinhando que uma equa\u00e7\u00e3o razo\u00e1vel deve ter em conta tr\u00eas pilares: a prote\u00e7\u00e3o do ambiente, a preserva\u00e7\u00e3o do emprego e a acessibilidade dos pre\u00e7os.<\/p>\n\n\n\n<p>Al\u00e9m disso, p\u00f5e em evid\u00eancia um facto frequentemente ignorado: as necessidades dos ve\u00edculos comerciais ligeiros diferem profundamente das dos ve\u00edculos particulares. Os elevados custos de explora\u00e7\u00e3o dos ve\u00edculos el\u00e9ctricos neste segmento tornam indispens\u00e1vel a adapta\u00e7\u00e3o das normas, abrindo-se simultaneamente a tecnologias alternativas como os combust\u00edveis sint\u00e9ticos. Isto contrasta com as posi\u00e7\u00f5es mais r\u00edgidas adoptadas nos \u00faltimos anos (100 % el\u00e9trico, hidrog\u00e9nio, etc.).<\/p>\n\n\n\n<h2 class=\"wp-block-heading\">Mudan\u00e7a de m\u00e9todo e revis\u00e3o da estrat\u00e9gia<\/h2>\n\n\n\n<p>Embora Filosa pare\u00e7a estar a tomar uma posi\u00e7\u00e3o ofensiva em rela\u00e7\u00e3o \u00e0 dire\u00e7\u00e3o tecnol\u00f3gica da empresa, \u00e9 muito mais cauteloso em rela\u00e7\u00e3o \u00e0 sua situa\u00e7\u00e3o financeira. O CEO afirma que a Stellantis est\u00e1 em linha com as suas previs\u00f5es no final de novembro, mas reconhece que a prioridade \u00e9 voltar a gerar fluxos de caixa positivos. Ser\u00e3o necess\u00e1rios mais alguns meses de progressos trimestrais para solidificar os fundamentos.<\/p>\n\n\n\n<p>O Dia do Mercado de Capitais, agora agendado para entre maio e junho de 2026, revelar\u00e1 o novo plano estrat\u00e9gico do Grupo. Este prazo suplementar demonstra a determina\u00e7\u00e3o da dire\u00e7\u00e3o em reconstruir um plano realista, baseado em pressupostos revistos e numa compreens\u00e3o mais clara do mercado. Uma maior disciplina nos lan\u00e7amentos, um melhor controlo das exist\u00eancias e uma subida de gama nos segmentos rent\u00e1veis dever\u00e3o ser as principais alavancas desta recupera\u00e7\u00e3o.<\/p>\n\n\n\n<h2 class=\"wp-block-heading\">Uma nova era para Stellantis?<\/h2>\n\n\n\n<p>No espa\u00e7o de algumas semanas, Ant\u00f3nio Filosa ter\u00e1 imposto uma clara mudan\u00e7a de dire\u00e7\u00e3o: fazer regressar Stellantis a uma estrat\u00e9gia alinhada com a procura real, a diversidade dos mercados e os imperativos econ\u00f3micos do momento. Uma abordagem que contrasta radicalmente com a do seu antecessor Carlos Tavares, mais orientada para uma transi\u00e7\u00e3o el\u00e9ctrica acelerada.<\/p>\n\n\n\n<p>Ao reconhecer publicamente que certos pressupostos estavam errados, o CEO est\u00e1 a enviar um sinal raro no sector: o de uma empresa preparada para corrigir rapidamente o seu rumo em vez de sofrer as consequ\u00eancias de uma estrat\u00e9gia r\u00edgida. O mercado americano j\u00e1 est\u00e1 a reagir positivamente. A Europa, pelo contr\u00e1rio, continua \u00e0 espera do quadro que lhe permitir\u00e1 respirar de novo. Se Bruxelas abrandar a sua vis\u00e3o, Stellantis promete investir mais no continente. Caso contr\u00e1rio, o jogo poder\u00e1 ser jogado noutro lugar... onde os consumidores ditam o ritmo e n\u00e3o a regulamenta\u00e7\u00e3o.<\/p>","protected":false},"excerpt":{"rendered":"","protected":false},"author":1,"featured_media":36056,"comment_status":"open","ping_status":"open","sticky":false,"template":"","format":"standard","meta":{"_acf_changed":false,"_sitemap_exclude":false,"_sitemap_priority":"","_sitemap_frequency":"","footnotes":""},"categories":[29],"tags":[565],"class_list":["post-44023","post","type-post","status-publish","format-standard","has-post-thumbnail","hentry","category-stellantis","tag-antonio-filosa","generate-columns","tablet-grid-50","mobile-grid-100","grid-parent","grid-33"],"acf":[],"yoast_head":"<!-- This site is optimized with the Yoast SEO plugin v25.8 - https:\/\/yoast.com\/wordpress\/plugins\/seo\/ -->\n<title>Le CEO de Stellantis : &quot;les hypoth\u00e8ses sur les voitures \u00e9lectriques \u00e9taient erron\u00e9es, nous avons \u00e9cout\u00e9 le march\u00e9 et revu notre strat\u00e9gie&quot; - ItalPassion<\/title>\n<meta name=\"description\" content=\"Antonio Filosa n\u2019est d\u00e9cid\u00e9ment pas un dirigeant qui parle \u00e0 demi-mot. Un mois apr\u00e8s avoir fustig\u00e9 \u00e0 Paris les r\u00e8gles europ\u00e9ennes jug\u00e9es \u00ab mauvaises \u00bb\" \/>\n<meta name=\"robots\" content=\"index, follow, max-snippet:-1, max-image-preview:large, max-video-preview:-1\" \/>\n<link rel=\"canonical\" href=\"https:\/\/www.italpassion.fr\/pt\/stellantis\/o-ceo-da-stellantis-os-pressupostos-sobre-os-automoveis-electricos-estavam-errados-ouvimos-o-mercado-e-revimos-a-nossa-estrategia\/\" \/>\n<meta property=\"og:locale\" content=\"pt_PT\" \/>\n<meta property=\"og:type\" content=\"article\" \/>\n<meta property=\"og:title\" content=\"Le CEO de Stellantis : &quot;les hypoth\u00e8ses sur les voitures \u00e9lectriques \u00e9taient erron\u00e9es, nous avons \u00e9cout\u00e9 le march\u00e9 et revu notre strat\u00e9gie&quot; - ItalPassion\" \/>\n<meta property=\"og:description\" content=\"Antonio Filosa n\u2019est d\u00e9cid\u00e9ment pas un dirigeant qui parle \u00e0 demi-mot. Un mois apr\u00e8s avoir fustig\u00e9 \u00e0 Paris les r\u00e8gles europ\u00e9ennes jug\u00e9es \u00ab mauvaises \u00bb\" \/>\n<meta property=\"og:url\" content=\"https:\/\/www.italpassion.fr\/pt\/stellantis\/o-ceo-da-stellantis-os-pressupostos-sobre-os-automoveis-electricos-estavam-errados-ouvimos-o-mercado-e-revimos-a-nossa-estrategia\/\" \/>\n<meta property=\"og:site_name\" content=\"ItalPassion\" \/>\n<meta property=\"article:publisher\" content=\"https:\/\/www.facebook.com\/italpassion\" \/>\n<meta property=\"article:published_time\" content=\"2025-12-05T08:29:18+00:00\" \/>\n<meta property=\"og:image\" content=\"https:\/\/www.italpassion.fr\/wp-content\/uploads\/2025\/01\/antonio-filosa.jpg\" \/>\n\t<meta property=\"og:image:width\" content=\"1200\" \/>\n\t<meta property=\"og:image:height\" content=\"800\" \/>\n\t<meta property=\"og:image:type\" content=\"image\/jpeg\" \/>\n<meta name=\"author\" content=\"Alexandre Filluzeau\" \/>\n<meta name=\"twitter:card\" content=\"summary_large_image\" \/>\n<meta name=\"twitter:creator\" content=\"@italpassion\" \/>\n<meta name=\"twitter:site\" content=\"@italpassion\" \/>\n<script type=\"application\/ld+json\" class=\"yoast-schema-graph\">{\"@context\":\"https:\/\/schema.org\",\"@graph\":[{\"@type\":\"NewsArticle\",\"@id\":\"https:\/\/www.italpassion.fr\/pt\/stellantis\/le-ceo-de-stellantis-les-hypotheses-sur-les-voitures-electriques-etaient-erronees-nous-avons-ecoute-le-marche-et-revu-notre-strategie\/#article\",\"isPartOf\":{\"@id\":\"https:\/\/www.italpassion.fr\/pt\/stellantis\/le-ceo-de-stellantis-les-hypotheses-sur-les-voitures-electriques-etaient-erronees-nous-avons-ecoute-le-marche-et-revu-notre-strategie\/\"},\"author\":{\"name\":\"Alexandre Filluzeau\",\"@id\":\"https:\/\/www.italpassion.fr\/pt\/#\/schema\/person\/36f747b2a759ca202d847e85a9434ca0\"},\"headline\":\"Le CEO de Stellantis : \u00ab\u00a0les hypoth\u00e8ses sur les voitures \u00e9lectriques \u00e9taient erron\u00e9es, nous avons \u00e9cout\u00e9 le march\u00e9 et revu notre strat\u00e9gie\u00a0\u00bb\",\"datePublished\":\"2025-12-05T08:29:18+00:00\",\"mainEntityOfPage\":{\"@id\":\"https:\/\/www.italpassion.fr\/pt\/stellantis\/le-ceo-de-stellantis-les-hypotheses-sur-les-voitures-electriques-etaient-erronees-nous-avons-ecoute-le-marche-et-revu-notre-strategie\/\"},\"wordCount\":924,\"commentCount\":22,\"publisher\":{\"@id\":\"https:\/\/www.italpassion.fr\/pt\/#organization\"},\"image\":{\"@id\":\"https:\/\/www.italpassion.fr\/pt\/stellantis\/le-ceo-de-stellantis-les-hypotheses-sur-les-voitures-electriques-etaient-erronees-nous-avons-ecoute-le-marche-et-revu-notre-strategie\/#primaryimage\"},\"thumbnailUrl\":\"https:\/\/www.italpassion.fr\/wp-content\/uploads\/2025\/01\/antonio-filosa.jpg\",\"keywords\":[\"Antonio Filosa\"],\"articleSection\":[\"Stellantis\"],\"inLanguage\":\"pt-PT\",\"potentialAction\":[{\"@type\":\"CommentAction\",\"name\":\"Comment\",\"target\":[\"https:\/\/www.italpassion.fr\/pt\/stellantis\/le-ceo-de-stellantis-les-hypotheses-sur-les-voitures-electriques-etaient-erronees-nous-avons-ecoute-le-marche-et-revu-notre-strategie\/#respond\"]}]},{\"@type\":\"WebPage\",\"@id\":\"https:\/\/www.italpassion.fr\/pt\/stellantis\/le-ceo-de-stellantis-les-hypotheses-sur-les-voitures-electriques-etaient-erronees-nous-avons-ecoute-le-marche-et-revu-notre-strategie\/\",\"url\":\"https:\/\/www.italpassion.fr\/pt\/stellantis\/le-ceo-de-stellantis-les-hypotheses-sur-les-voitures-electriques-etaient-erronees-nous-avons-ecoute-le-marche-et-revu-notre-strategie\/\",\"name\":\"Le CEO de Stellantis : \\\"les hypoth\u00e8ses sur les voitures \u00e9lectriques \u00e9taient erron\u00e9es, nous avons \u00e9cout\u00e9 le march\u00e9 et revu notre strat\u00e9gie\\\" - ItalPassion\",\"isPartOf\":{\"@id\":\"https:\/\/www.italpassion.fr\/pt\/#website\"},\"primaryImageOfPage\":{\"@id\":\"https:\/\/www.italpassion.fr\/pt\/stellantis\/le-ceo-de-stellantis-les-hypotheses-sur-les-voitures-electriques-etaient-erronees-nous-avons-ecoute-le-marche-et-revu-notre-strategie\/#primaryimage\"},\"image\":{\"@id\":\"https:\/\/www.italpassion.fr\/pt\/stellantis\/le-ceo-de-stellantis-les-hypotheses-sur-les-voitures-electriques-etaient-erronees-nous-avons-ecoute-le-marche-et-revu-notre-strategie\/#primaryimage\"},\"thumbnailUrl\":\"https:\/\/www.italpassion.fr\/wp-content\/uploads\/2025\/01\/antonio-filosa.jpg\",\"datePublished\":\"2025-12-05T08:29:18+00:00\",\"description\":\"Antonio Filosa n\u2019est d\u00e9cid\u00e9ment pas un dirigeant qui parle \u00e0 demi-mot. Un mois apr\u00e8s avoir fustig\u00e9 \u00e0 Paris les r\u00e8gles europ\u00e9ennes jug\u00e9es \u00ab mauvaises \u00bb\",\"breadcrumb\":{\"@id\":\"https:\/\/www.italpassion.fr\/pt\/stellantis\/le-ceo-de-stellantis-les-hypotheses-sur-les-voitures-electriques-etaient-erronees-nous-avons-ecoute-le-marche-et-revu-notre-strategie\/#breadcrumb\"},\"inLanguage\":\"pt-PT\",\"potentialAction\":[{\"@type\":\"ReadAction\",\"target\":[\"https:\/\/www.italpassion.fr\/pt\/stellantis\/le-ceo-de-stellantis-les-hypotheses-sur-les-voitures-electriques-etaient-erronees-nous-avons-ecoute-le-marche-et-revu-notre-strategie\/\"]}]},{\"@type\":\"ImageObject\",\"inLanguage\":\"pt-PT\",\"@id\":\"https:\/\/www.italpassion.fr\/pt\/stellantis\/le-ceo-de-stellantis-les-hypotheses-sur-les-voitures-electriques-etaient-erronees-nous-avons-ecoute-le-marche-et-revu-notre-strategie\/#primaryimage\",\"url\":\"https:\/\/www.italpassion.fr\/wp-content\/uploads\/2025\/01\/antonio-filosa.jpg\",\"contentUrl\":\"https:\/\/www.italpassion.fr\/wp-content\/uploads\/2025\/01\/antonio-filosa.jpg\",\"width\":1200,\"height\":800},{\"@type\":\"BreadcrumbList\",\"@id\":\"https:\/\/www.italpassion.fr\/pt\/stellantis\/le-ceo-de-stellantis-les-hypotheses-sur-les-voitures-electriques-etaient-erronees-nous-avons-ecoute-le-marche-et-revu-notre-strategie\/#breadcrumb\",\"itemListElement\":[{\"@type\":\"ListItem\",\"position\":1,\"name\":\"Accueil\",\"item\":\"https:\/\/www.italpassion.fr\/pt\/\"},{\"@type\":\"ListItem\",\"position\":2,\"name\":\"Le CEO de Stellantis : \u00ab\u00a0les hypoth\u00e8ses sur les voitures \u00e9lectriques \u00e9taient erron\u00e9es, nous avons \u00e9cout\u00e9 le march\u00e9 et revu notre strat\u00e9gie\u00a0\u00bb\"}]},{\"@type\":\"WebSite\",\"@id\":\"https:\/\/www.italpassion.fr\/pt\/#website\",\"url\":\"https:\/\/www.italpassion.fr\/pt\/\",\"name\":\"ItalPassion\",\"description\":\"Les Passionn\u00e9s d&#039;Automobiles Italiennes\",\"publisher\":{\"@id\":\"https:\/\/www.italpassion.fr\/pt\/#organization\"},\"potentialAction\":[{\"@type\":\"SearchAction\",\"target\":{\"@type\":\"EntryPoint\",\"urlTemplate\":\"https:\/\/www.italpassion.fr\/pt\/?s={search_term_string}\"},\"query-input\":{\"@type\":\"PropertyValueSpecification\",\"valueRequired\":true,\"valueName\":\"search_term_string\"}}],\"inLanguage\":\"pt-PT\"},{\"@type\":\"Organization\",\"@id\":\"https:\/\/www.italpassion.fr\/pt\/#organization\",\"name\":\"Italpassion\",\"url\":\"https:\/\/www.italpassion.fr\/pt\/\",\"logo\":{\"@type\":\"ImageObject\",\"inLanguage\":\"pt-PT\",\"@id\":\"https:\/\/www.italpassion.fr\/pt\/#\/schema\/logo\/image\/\",\"url\":\"https:\/\/www.italpassion.fr\/wp-content\/uploads\/2023\/07\/italpassion-yoast.jpg\",\"contentUrl\":\"https:\/\/www.italpassion.fr\/wp-content\/uploads\/2023\/07\/italpassion-yoast.jpg\",\"width\":696,\"height\":696,\"caption\":\"Italpassion\"},\"image\":{\"@id\":\"https:\/\/www.italpassion.fr\/pt\/#\/schema\/logo\/image\/\"},\"sameAs\":[\"https:\/\/www.facebook.com\/italpassion\",\"https:\/\/x.com\/italpassion\",\"https:\/\/www.instagram.com\/italpassionfr\/\",\"https:\/\/www.youtube.com\/channel\/UCleq-ByQaA42OjhopwevRjQ\",\"https:\/\/www.facebook.com\/italpassion.en\/\",\"https:\/\/www.facebook.com\/italpassion.it\/\",\"https:\/\/www.facebook.com\/italpassion.de\/\",\"https:\/\/www.facebook.com\/italpassion.ja\/\"]},{\"@type\":\"Person\",\"@id\":\"https:\/\/www.italpassion.fr\/pt\/#\/schema\/person\/36f747b2a759ca202d847e85a9434ca0\",\"name\":\"Alexandre Filluzeau\",\"image\":{\"@type\":\"ImageObject\",\"inLanguage\":\"pt-PT\",\"@id\":\"https:\/\/www.italpassion.fr\/pt\/#\/schema\/person\/image\/\",\"url\":\"https:\/\/www.italpassion.fr\/wp-content\/uploads\/2025\/04\/avatar-alexandre-160x160.jpg\",\"contentUrl\":\"https:\/\/www.italpassion.fr\/wp-content\/uploads\/2025\/04\/avatar-alexandre-160x160.jpg\",\"caption\":\"Alexandre Filluzeau\"},\"description\":\"Fondateur du site ItalPassion, passionn\u00e9 de voitures italiennes et de l'Italie en g\u00e9n\u00e9ral. J'apporte un regard critique et technique aux actualit\u00e9s des marques italiennes quand cela est possible. Propri\u00e9taire d'une Maserati GranTurismo, Alfa Romeo MiTo, Lancia Fulvia et Ducati 695. Ex-propri\u00e9taire d'une Alfa Romeo Giulia.\",\"sameAs\":[\"https:\/\/www.italpassion.fr\/\"],\"url\":\"https:\/\/www.italpassion.fr\/pt\/author\/alexandre\/\"}]}<\/script>\n<!-- \/ Yoast SEO plugin. -->","yoast_head_json":{"title":"CEO da Stellantis: \"Os pressupostos sobre os carros el\u00e9ctricos estavam errados, por isso ouvimos o mercado e revimos a nossa estrat\u00e9gia\" - ItalPassion","description":"Antonio Filosa n\u00e3o \u00e9, definitivamente, um l\u00edder que fala por partes. Um m\u00eas depois de ter criticado as \"m\u00e1s\" regras europeias em Paris","robots":{"index":"index","follow":"follow","max-snippet":"max-snippet:-1","max-image-preview":"max-image-preview:large","max-video-preview":"max-video-preview:-1"},"canonical":"https:\/\/www.italpassion.fr\/pt\/stellantis\/o-ceo-da-stellantis-os-pressupostos-sobre-os-automoveis-electricos-estavam-errados-ouvimos-o-mercado-e-revimos-a-nossa-estrategia\/","og_locale":"pt_PT","og_type":"article","og_title":"Le CEO de Stellantis : \"les hypoth\u00e8ses sur les voitures \u00e9lectriques \u00e9taient erron\u00e9es, nous avons \u00e9cout\u00e9 le march\u00e9 et revu notre strat\u00e9gie\" - ItalPassion","og_description":"Antonio Filosa n\u2019est d\u00e9cid\u00e9ment pas un dirigeant qui parle \u00e0 demi-mot. Un mois apr\u00e8s avoir fustig\u00e9 \u00e0 Paris les r\u00e8gles europ\u00e9ennes jug\u00e9es \u00ab mauvaises \u00bb","og_url":"https:\/\/www.italpassion.fr\/pt\/stellantis\/o-ceo-da-stellantis-os-pressupostos-sobre-os-automoveis-electricos-estavam-errados-ouvimos-o-mercado-e-revimos-a-nossa-estrategia\/","og_site_name":"ItalPassion","article_publisher":"https:\/\/www.facebook.com\/italpassion","article_published_time":"2025-12-05T08:29:18+00:00","og_image":[{"width":1200,"height":800,"url":"https:\/\/www.italpassion.fr\/wp-content\/uploads\/2025\/01\/antonio-filosa.jpg","type":"image\/jpeg"}],"author":"Alexandre Filluzeau","twitter_card":"summary_large_image","twitter_creator":"@italpassion","twitter_site":"@italpassion","schema":{"@context":"https:\/\/schema.org","@graph":[{"@type":"NewsArticle","@id":"https:\/\/www.italpassion.fr\/pt\/stellantis\/le-ceo-de-stellantis-les-hypotheses-sur-les-voitures-electriques-etaient-erronees-nous-avons-ecoute-le-marche-et-revu-notre-strategie\/#article","isPartOf":{"@id":"https:\/\/www.italpassion.fr\/pt\/stellantis\/le-ceo-de-stellantis-les-hypotheses-sur-les-voitures-electriques-etaient-erronees-nous-avons-ecoute-le-marche-et-revu-notre-strategie\/"},"author":{"name":"Alexandre Filluzeau","@id":"https:\/\/www.italpassion.fr\/pt\/#\/schema\/person\/36f747b2a759ca202d847e85a9434ca0"},"headline":"Le CEO de Stellantis : \u00ab\u00a0les hypoth\u00e8ses sur les voitures \u00e9lectriques \u00e9taient erron\u00e9es, nous avons \u00e9cout\u00e9 le march\u00e9 et revu notre strat\u00e9gie\u00a0\u00bb","datePublished":"2025-12-05T08:29:18+00:00","mainEntityOfPage":{"@id":"https:\/\/www.italpassion.fr\/pt\/stellantis\/le-ceo-de-stellantis-les-hypotheses-sur-les-voitures-electriques-etaient-erronees-nous-avons-ecoute-le-marche-et-revu-notre-strategie\/"},"wordCount":924,"commentCount":22,"publisher":{"@id":"https:\/\/www.italpassion.fr\/pt\/#organization"},"image":{"@id":"https:\/\/www.italpassion.fr\/pt\/stellantis\/le-ceo-de-stellantis-les-hypotheses-sur-les-voitures-electriques-etaient-erronees-nous-avons-ecoute-le-marche-et-revu-notre-strategie\/#primaryimage"},"thumbnailUrl":"https:\/\/www.italpassion.fr\/wp-content\/uploads\/2025\/01\/antonio-filosa.jpg","keywords":["Antonio Filosa"],"articleSection":["Stellantis"],"inLanguage":"pt-PT","potentialAction":[{"@type":"CommentAction","name":"Comment","target":["https:\/\/www.italpassion.fr\/pt\/stellantis\/le-ceo-de-stellantis-les-hypotheses-sur-les-voitures-electriques-etaient-erronees-nous-avons-ecoute-le-marche-et-revu-notre-strategie\/#respond"]}]},{"@type":"WebPage","@id":"https:\/\/www.italpassion.fr\/pt\/stellantis\/le-ceo-de-stellantis-les-hypotheses-sur-les-voitures-electriques-etaient-erronees-nous-avons-ecoute-le-marche-et-revu-notre-strategie\/","url":"https:\/\/www.italpassion.fr\/pt\/stellantis\/le-ceo-de-stellantis-les-hypotheses-sur-les-voitures-electriques-etaient-erronees-nous-avons-ecoute-le-marche-et-revu-notre-strategie\/","name":"CEO da Stellantis: \"Os pressupostos sobre os carros el\u00e9ctricos estavam errados, por isso ouvimos o mercado e revimos a nossa estrat\u00e9gia\" - ItalPassion","isPartOf":{"@id":"https:\/\/www.italpassion.fr\/pt\/#website"},"primaryImageOfPage":{"@id":"https:\/\/www.italpassion.fr\/pt\/stellantis\/le-ceo-de-stellantis-les-hypotheses-sur-les-voitures-electriques-etaient-erronees-nous-avons-ecoute-le-marche-et-revu-notre-strategie\/#primaryimage"},"image":{"@id":"https:\/\/www.italpassion.fr\/pt\/stellantis\/le-ceo-de-stellantis-les-hypotheses-sur-les-voitures-electriques-etaient-erronees-nous-avons-ecoute-le-marche-et-revu-notre-strategie\/#primaryimage"},"thumbnailUrl":"https:\/\/www.italpassion.fr\/wp-content\/uploads\/2025\/01\/antonio-filosa.jpg","datePublished":"2025-12-05T08:29:18+00:00","description":"Antonio Filosa n\u00e3o \u00e9, definitivamente, um l\u00edder que fala por partes. Um m\u00eas depois de ter criticado as \"m\u00e1s\" regras europeias em Paris","breadcrumb":{"@id":"https:\/\/www.italpassion.fr\/pt\/stellantis\/le-ceo-de-stellantis-les-hypotheses-sur-les-voitures-electriques-etaient-erronees-nous-avons-ecoute-le-marche-et-revu-notre-strategie\/#breadcrumb"},"inLanguage":"pt-PT","potentialAction":[{"@type":"ReadAction","target":["https:\/\/www.italpassion.fr\/pt\/stellantis\/le-ceo-de-stellantis-les-hypotheses-sur-les-voitures-electriques-etaient-erronees-nous-avons-ecoute-le-marche-et-revu-notre-strategie\/"]}]},{"@type":"ImageObject","inLanguage":"pt-PT","@id":"https:\/\/www.italpassion.fr\/pt\/stellantis\/le-ceo-de-stellantis-les-hypotheses-sur-les-voitures-electriques-etaient-erronees-nous-avons-ecoute-le-marche-et-revu-notre-strategie\/#primaryimage","url":"https:\/\/www.italpassion.fr\/wp-content\/uploads\/2025\/01\/antonio-filosa.jpg","contentUrl":"https:\/\/www.italpassion.fr\/wp-content\/uploads\/2025\/01\/antonio-filosa.jpg","width":1200,"height":800},{"@type":"BreadcrumbList","@id":"https:\/\/www.italpassion.fr\/pt\/stellantis\/le-ceo-de-stellantis-les-hypotheses-sur-les-voitures-electriques-etaient-erronees-nous-avons-ecoute-le-marche-et-revu-notre-strategie\/#breadcrumb","itemListElement":[{"@type":"ListItem","position":1,"name":"Accueil","item":"https:\/\/www.italpassion.fr\/pt\/"},{"@type":"ListItem","position":2,"name":"Le CEO de Stellantis : \u00ab\u00a0les hypoth\u00e8ses sur les voitures \u00e9lectriques \u00e9taient erron\u00e9es, nous avons \u00e9cout\u00e9 le march\u00e9 et revu notre strat\u00e9gie\u00a0\u00bb"}]},{"@type":"WebSite","@id":"https:\/\/www.italpassion.fr\/pt\/#website","url":"https:\/\/www.italpassion.fr\/pt\/","name":"ItalPassion","description":"Entusiastas de autom\u00f3veis italianos","publisher":{"@id":"https:\/\/www.italpassion.fr\/pt\/#organization"},"potentialAction":[{"@type":"SearchAction","target":{"@type":"EntryPoint","urlTemplate":"https:\/\/www.italpassion.fr\/pt\/?s={search_term_string}"},"query-input":{"@type":"PropertyValueSpecification","valueRequired":true,"valueName":"search_term_string"}}],"inLanguage":"pt-PT"},{"@type":"Organization","@id":"https:\/\/www.italpassion.fr\/pt\/#organization","name":"Italpassion","url":"https:\/\/www.italpassion.fr\/pt\/","logo":{"@type":"ImageObject","inLanguage":"pt-PT","@id":"https:\/\/www.italpassion.fr\/pt\/#\/schema\/logo\/image\/","url":"https:\/\/www.italpassion.fr\/wp-content\/uploads\/2023\/07\/italpassion-yoast.jpg","contentUrl":"https:\/\/www.italpassion.fr\/wp-content\/uploads\/2023\/07\/italpassion-yoast.jpg","width":696,"height":696,"caption":"Italpassion"},"image":{"@id":"https:\/\/www.italpassion.fr\/pt\/#\/schema\/logo\/image\/"},"sameAs":["https:\/\/www.facebook.com\/italpassion","https:\/\/x.com\/italpassion","https:\/\/www.instagram.com\/italpassionfr\/","https:\/\/www.youtube.com\/channel\/UCleq-ByQaA42OjhopwevRjQ","https:\/\/www.facebook.com\/italpassion.en\/","https:\/\/www.facebook.com\/italpassion.it\/","https:\/\/www.facebook.com\/italpassion.de\/","https:\/\/www.facebook.com\/italpassion.ja\/"]},{"@type":"Person","@id":"https:\/\/www.italpassion.fr\/pt\/#\/schema\/person\/36f747b2a759ca202d847e85a9434ca0","name":"Alexandre Filluzeau","image":{"@type":"ImageObject","inLanguage":"pt-PT","@id":"https:\/\/www.italpassion.fr\/pt\/#\/schema\/person\/image\/","url":"https:\/\/www.italpassion.fr\/wp-content\/uploads\/2025\/04\/avatar-alexandre-160x160.jpg","contentUrl":"https:\/\/www.italpassion.fr\/wp-content\/uploads\/2025\/04\/avatar-alexandre-160x160.jpg","caption":"Alexandre Filluzeau"},"description":"Fundador do site ItalPassion, apaixonado por carros italianos e pela It\u00e1lia em geral. Trago um olhar cr\u00edtico e t\u00e9cnico \u00e0s not\u00edcias das marcas italianas, sempre que poss\u00edvel. Propriet\u00e1ria de um Maserati GranTurismo, Alfa Romeo MiTo, Lancia Fulvia e Ducati 695. Ex-propriet\u00e1rio de uma Alfa Romeo Giulia.","sameAs":["https:\/\/www.italpassion.fr\/"],"url":"https:\/\/www.italpassion.fr\/pt\/author\/alexandre\/"}]}},"_links":{"self":[{"href":"https:\/\/www.italpassion.fr\/pt\/wp-json\/wp\/v2\/posts\/44023","targetHints":{"allow":["GET"]}}],"collection":[{"href":"https:\/\/www.italpassion.fr\/pt\/wp-json\/wp\/v2\/posts"}],"about":[{"href":"https:\/\/www.italpassion.fr\/pt\/wp-json\/wp\/v2\/types\/post"}],"author":[{"embeddable":true,"href":"https:\/\/www.italpassion.fr\/pt\/wp-json\/wp\/v2\/users\/1"}],"replies":[{"embeddable":true,"href":"https:\/\/www.italpassion.fr\/pt\/wp-json\/wp\/v2\/comments?post=44023"}],"version-history":[{"count":1,"href":"https:\/\/www.italpassion.fr\/pt\/wp-json\/wp\/v2\/posts\/44023\/revisions"}],"predecessor-version":[{"id":44025,"href":"https:\/\/www.italpassion.fr\/pt\/wp-json\/wp\/v2\/posts\/44023\/revisions\/44025"}],"wp:featuredmedia":[{"embeddable":true,"href":"https:\/\/www.italpassion.fr\/pt\/wp-json\/wp\/v2\/media\/36056"}],"wp:attachment":[{"href":"https:\/\/www.italpassion.fr\/pt\/wp-json\/wp\/v2\/media?parent=44023"}],"wp:term":[{"taxonomy":"category","embeddable":true,"href":"https:\/\/www.italpassion.fr\/pt\/wp-json\/wp\/v2\/categories?post=44023"},{"taxonomy":"post_tag","embeddable":true,"href":"https:\/\/www.italpassion.fr\/pt\/wp-json\/wp\/v2\/tags?post=44023"}],"curies":[{"name":"wp","href":"https:\/\/api.w.org\/{rel}","templated":true}]}}