{"id":42412,"date":"2025-10-24T14:33:56","date_gmt":"2025-10-24T12:33:56","guid":{"rendered":"https:\/\/www.italpassion.fr\/?p=42412"},"modified":"2025-10-24T14:20:43","modified_gmt":"2025-10-24T12:20:43","slug":"os-pilotos-charles-leclerc-e-antonio-giovinazzi-testam-o-ferrari-849-de-1050-cv-na-pista-de-corridas-o-som-e-muito-fixe","status":"publish","type":"post","link":"https:\/\/www.italpassion.fr\/pt\/ferrari\/les-pilotes-charles-leclerc-et-antonio-giovinazzi-testent-la-ferrari-849-de-1050-ch-sur-circuit-le-son-est-tres-cool\/","title":{"rendered":"Os pilotos Charles Leclerc e Antonio Giovinazzi testam o Ferrari 849 de 1050 cv na pista: \"O som \u00e9 muito fixe"},"content":{"rendered":"<figure class=\"wp-block-image size-full\"><img loading=\"lazy\" decoding=\"async\" width=\"960\" height=\"640\" src=\"https:\/\/www.italpassion.fr\/wp-content\/uploads\/2025\/10\/charles-leclerc-849.jpg\" alt=\"\" class=\"wp-image-42467\" srcset=\"https:\/\/www.italpassion.fr\/wp-content\/uploads\/2025\/10\/charles-leclerc-849.jpg 960w, https:\/\/www.italpassion.fr\/wp-content\/uploads\/2025\/10\/charles-leclerc-849-420x280.jpg 420w, https:\/\/www.italpassion.fr\/wp-content\/uploads\/2025\/10\/charles-leclerc-849-768x512.jpg 768w, https:\/\/www.italpassion.fr\/wp-content\/uploads\/2025\/10\/charles-leclerc-849-18x12.jpg 18w\" sizes=\"auto, (max-width: 960px) 100vw, 960px\" \/><\/figure>\n\n\n\n<p>Entre dois Grandes Pr\u00e9mios, <a href=\"https:\/\/www.italpassion.fr\/pt\/etiqueta\/charles-leclerc\/\">Charles Leclerc<\/a> n\u00e3o resistiu ao apelo do motor V8. O piloto monegasco do <a href=\"https:\/\/www.italpassion.fr\/pt\/etiqueta\/scuderia-ferrari\/\">Scuderia Ferrari<\/a> regressou ao circuito privado de Fiorano para testar ao lado de Antonio Giovinazzi,<a href=\"https:\/\/www.italpassion.fr\/pt\/ferrari\/a-ferrari-revela-o-seu-novo-849-testarossa-com-um-v8-de-1050-cv-a-guerra-com-a-lamborghini-esta-declarada\/\"> o novo Ferrari 849 Testarossa<\/a>o supercarro h\u00edbrido de 1050 cv que sucede ao SF90 Stradale.<\/p>\n\n\n\n<p>Com uma pintura de camuflagem, mantida em segredo at\u00e9 \u00e0 sua apresenta\u00e7\u00e3o p\u00fablica h\u00e1 quase 2 meses, o 849 Testarossa deixou o seu motor twin-turbo rugir numa mistura de adrenalina e chuva! Os dois pilotos foram alternando ao volante, acompanhados por Raffaele De Simone, que supervisionou os testes e recolheu feedback crucial para as fases finais de desenvolvimento.<\/p>\n\n\n\n<figure class=\"wp-block-image size-full\"><img loading=\"lazy\" decoding=\"async\" width=\"960\" height=\"640\" src=\"https:\/\/www.italpassion.fr\/wp-content\/uploads\/2025\/10\/charles-leclerc-849-2.jpg\" alt=\"\" class=\"wp-image-42469\" srcset=\"https:\/\/www.italpassion.fr\/wp-content\/uploads\/2025\/10\/charles-leclerc-849-2.jpg 960w, https:\/\/www.italpassion.fr\/wp-content\/uploads\/2025\/10\/charles-leclerc-849-2-420x280.jpg 420w, https:\/\/www.italpassion.fr\/wp-content\/uploads\/2025\/10\/charles-leclerc-849-2-768x512.jpg 768w, https:\/\/www.italpassion.fr\/wp-content\/uploads\/2025\/10\/charles-leclerc-849-2-18x12.jpg 18w\" sizes=\"auto, (max-width: 960px) 100vw, 960px\" \/><\/figure>\n\n\n\n<h2 class=\"wp-block-heading\">O regresso de um nome lend\u00e1rio<\/h2>\n\n\n\n<p>Apresentado no in\u00edcio de setembro, o 849 Testarossa ressuscita um nome lend\u00e1rio, desta vez associado a um autom\u00f3vel h\u00edbrido recarreg\u00e1vel com uma pot\u00eancia combinada de 1050 cv. O cora\u00e7\u00e3o da besta \u00e9 um V8 twin-turbo de 830 cv completamente reformulado, apoiado por tr\u00eas motores el\u00e9ctricos para uma pot\u00eancia combinada superior \u00e0 do SF90 Stradale, e at\u00e9 415 kg de apoio aerodin\u00e2mico a 250 km\/h.<\/p>\n\n\n\n<p>Inspirado nos prot\u00f3tipos de corrida dos anos 70, como o 512 S e o 512 M, o autom\u00f3vel combina design retro e tecnologia. A sua silhueta, dominada por uma asa traseira de cauda dupla, ilustra a procura de efici\u00eancia aerodin\u00e2mica de Maranello e a sua nova identidade estil\u00edstica.<\/p>\n\n\n\n<h2 class=\"wp-block-heading\">Leclerc: \"A sensa\u00e7\u00e3o com o acelerador \u00e9 incr\u00edvel\".<\/h2>\n\n\n\n<figure class=\"wp-block-image size-full\"><img loading=\"lazy\" decoding=\"async\" width=\"960\" height=\"640\" src=\"https:\/\/www.italpassion.fr\/wp-content\/uploads\/2025\/10\/charles-leclerc-849-1.jpg\" alt=\"\" class=\"wp-image-42466\" srcset=\"https:\/\/www.italpassion.fr\/wp-content\/uploads\/2025\/10\/charles-leclerc-849-1.jpg 960w, https:\/\/www.italpassion.fr\/wp-content\/uploads\/2025\/10\/charles-leclerc-849-1-420x280.jpg 420w, https:\/\/www.italpassion.fr\/wp-content\/uploads\/2025\/10\/charles-leclerc-849-1-768x512.jpg 768w, https:\/\/www.italpassion.fr\/wp-content\/uploads\/2025\/10\/charles-leclerc-849-1-18x12.jpg 18w\" sizes=\"auto, (max-width: 960px) 100vw, 960px\" \/><\/figure>\n\n\n\n<p>Com um tempo caprichoso, Leclerc foi o primeiro a arrancar. Desde as suas primeiras voltas, est\u00e1 entusiasmado:<\/p>\n\n\n\n<blockquote class=\"wp-block-quote is-layout-flow wp-block-quote-is-layout-flow\"><svg aria-hidden=\"true\" focusable=\"false\" class=\"icon icon-quote\" width=\"48\" height=\"48\"><use xlink:href=\"#icon-quote\"><\/use><\/svg>\n<p>\"Gosto muito mais da sensa\u00e7\u00e3o do acelerador. Sente-se sempre a pot\u00eancia, mas ela nunca nos surpreende\", confidenciou.<\/p>\n<\/blockquote>\n\n\n\n<p>Uma frase que diz muito sobre a evolu\u00e7\u00e3o t\u00e9cnica do autom\u00f3vel: mais pot\u00eancia, mas com controlo total. De Simone confirmou:<\/p>\n\n\n\n<blockquote class=\"wp-block-quote is-layout-flow wp-block-quote-is-layout-flow\"><svg aria-hidden=\"true\" focusable=\"false\" class=\"icon icon-quote\" width=\"48\" height=\"48\"><use xlink:href=\"#icon-quote\"><\/use><\/svg>\n<p>\"Pass\u00e1mos seis meses a trabalhar o bin\u00e1rio e a resposta do acelerador. O objetivo era obter mais desempenho do motor, mantendo o mesmo tempo de rea\u00e7\u00e3o.\"<\/p>\n<\/blockquote>\n\n\n\n<h2 class=\"wp-block-heading\">Giovinazzi: \"1050 cavalos de pot\u00eancia, mas uma verdadeira estabilidade\".<\/h2>\n\n\n\n<figure class=\"wp-block-image size-full\"><img loading=\"lazy\" decoding=\"async\" width=\"960\" height=\"640\" src=\"https:\/\/www.italpassion.fr\/wp-content\/uploads\/2025\/10\/giovinazzi-849-2.jpg\" alt=\"\" class=\"wp-image-42470\" srcset=\"https:\/\/www.italpassion.fr\/wp-content\/uploads\/2025\/10\/giovinazzi-849-2.jpg 960w, https:\/\/www.italpassion.fr\/wp-content\/uploads\/2025\/10\/giovinazzi-849-2-420x280.jpg 420w, https:\/\/www.italpassion.fr\/wp-content\/uploads\/2025\/10\/giovinazzi-849-2-768x512.jpg 768w, https:\/\/www.italpassion.fr\/wp-content\/uploads\/2025\/10\/giovinazzi-849-2-18x12.jpg 18w\" sizes=\"auto, (max-width: 960px) 100vw, 960px\" \/><\/figure>\n\n\n\n<p>Antonio Giovinazzi, vencedor das 24 Horas de Le Mans com a Ferrari, tamb\u00e9m fez um balan\u00e7o positivo:<\/p>\n\n\n\n<blockquote class=\"wp-block-quote is-layout-flow wp-block-quote-is-layout-flow\"><svg aria-hidden=\"true\" focusable=\"false\" class=\"icon icon-quote\" width=\"48\" height=\"48\"><use xlink:href=\"#icon-quote\"><\/use><\/svg>\n<p>\"O carro \u00e9 muito est\u00e1vel, mesmo com toda aquela pot\u00eancia. Quando aceleramos, sentimos a pot\u00eancia, mas continuamos confiantes.<\/p>\n<\/blockquote>\n\n\n\n<p>Apesar das condi\u00e7\u00f5es vari\u00e1veis, alternando calor sufocante e chuva, o 849 demonstrou uma capacidade de condu\u00e7\u00e3o exemplar.<\/p>\n\n\n\n<h2 class=\"wp-block-heading\">O som de um Ferrari moderno<\/h2>\n\n\n\n<figure class=\"wp-block-image size-full\"><img loading=\"lazy\" decoding=\"async\" width=\"960\" height=\"640\" src=\"https:\/\/www.italpassion.fr\/wp-content\/uploads\/2025\/10\/antonio-giovinazzi-849.jpg\" alt=\"\" class=\"wp-image-42468\" srcset=\"https:\/\/www.italpassion.fr\/wp-content\/uploads\/2025\/10\/antonio-giovinazzi-849.jpg 960w, https:\/\/www.italpassion.fr\/wp-content\/uploads\/2025\/10\/antonio-giovinazzi-849-420x280.jpg 420w, https:\/\/www.italpassion.fr\/wp-content\/uploads\/2025\/10\/antonio-giovinazzi-849-768x512.jpg 768w, https:\/\/www.italpassion.fr\/wp-content\/uploads\/2025\/10\/antonio-giovinazzi-849-18x12.jpg 18w\" sizes=\"auto, (max-width: 960px) 100vw, 960px\" \/><\/figure>\n\n\n\n<p>Os hipercarros h\u00edbridos s\u00e3o frequentemente criticados por serem demasiado silenciosos, mas o 849 Testarossa n\u00e3o est\u00e1 nessa categoria. Como Antonio Giovinazzi resumiu com um sorriso:<\/p>\n\n\n\n<blockquote class=\"wp-block-quote is-layout-flow wp-block-quote-is-layout-flow\"><svg aria-hidden=\"true\" focusable=\"false\" class=\"icon icon-quote\" width=\"48\" height=\"48\"><use xlink:href=\"#icon-quote\"><\/use><\/svg>\n<p>\"O som \u00e9 muito fixe\".<\/p>\n<\/blockquote>\n\n\n\n<p>Um elogio que tranquilizar\u00e1 os puristas: o Ferrari V8 mant\u00e9m a sua voz estridente e met\u00e1lica, uma assinatura insepar\u00e1vel do cavalo de batalha.<\/p>\n\n\n\n<h2 class=\"wp-block-heading\">Uma nova era para os Ferraris de estrada<\/h2>\n\n\n\n<p>O Ferrari 849 Testarossa marca um passo decisivo na transi\u00e7\u00e3o tecnol\u00f3gica da marca. Mais potente que o SF90, quase t\u00e3o radical como o F80, encarna o compromisso perfeito. E quando dois dos pilotos da marca, Charles Leclerc e Antonio Giovinazzi, saem encantados, pode ter a certeza de uma coisa: o sucessor do SF90 est\u00e1 assegurado.<\/p>\n\n\n\n<figure class=\"wp-block-embed is-type-video is-provider-youtube wp-block-embed-youtube wp-embed-aspect-16-9 wp-has-aspect-ratio\"><div class=\"wp-block-embed__wrapper\">\n<iframe loading=\"lazy\" title=\"Leclerc e Giovinazzi d\u00e3o a primeira volta com o Ferrari 849 Testarossa\" width=\"1200\" height=\"675\" src=\"https:\/\/www.youtube-nocookie.com\/embed\/kwWZ66VdXQE?feature=oembed\" frameborder=\"0\" allow=\"accelerometer; autoplay; clipboard-write; encrypted-media; gyroscope; picture-in-picture; web-share\" referrerpolicy=\"strict-origin-when-cross-origin\" allowfullscreen><\/iframe>\n<\/div><\/figure>","protected":false},"excerpt":{"rendered":"","protected":false},"author":1,"featured_media":42467,"comment_status":"open","ping_status":"open","sticky":false,"template":"","format":"standard","meta":{"_acf_changed":false,"_sitemap_exclude":false,"_sitemap_priority":"","_sitemap_frequency":"","footnotes":""},"categories":[23],"tags":[608,346,567],"class_list":["post-42412","post","type-post","status-publish","format-standard","has-post-thumbnail","hentry","category-ferrari","tag-antonio-giovinazzi","tag-charles-leclerc","tag-ferrari-849-testarossa","generate-columns","tablet-grid-50","mobile-grid-100","grid-parent","grid-33"],"acf":[],"yoast_head":"<!-- This site is optimized with the Yoast SEO plugin v25.8 - https:\/\/yoast.com\/wordpress\/plugins\/seo\/ -->\n<title>Les pilotes Charles Leclerc et Antonio Giovinazzi testent la Ferrari 849 de 1050 ch sur circuit : &quot;le son est tr\u00e8s cool&quot; - ItalPassion<\/title>\n<meta name=\"description\" content=\"Entre deux Grands Prix, Charles Leclerc n\u2019a pas r\u00e9sist\u00e9 \u00e0 l\u2019appel du moteur V8. Le pilote mon\u00e9gasque de la Scuderia Ferrari a retrouv\u00e9 le circuit priv\u00e9 de\" \/>\n<meta name=\"robots\" content=\"index, follow, max-snippet:-1, max-image-preview:large, max-video-preview:-1\" \/>\n<link rel=\"canonical\" href=\"https:\/\/www.italpassion.fr\/pt\/ferrari\/os-pilotos-charles-leclerc-e-antonio-giovinazzi-testam-o-ferrari-849-de-1050-cv-na-pista-de-corridas-o-som-e-muito-fixe\/\" \/>\n<meta property=\"og:locale\" content=\"pt_PT\" \/>\n<meta property=\"og:type\" content=\"article\" \/>\n<meta property=\"og:title\" content=\"Les pilotes Charles Leclerc et Antonio Giovinazzi testent la Ferrari 849 de 1050 ch sur circuit : &quot;le son est tr\u00e8s cool&quot; - ItalPassion\" \/>\n<meta property=\"og:description\" content=\"Entre deux Grands Prix, Charles Leclerc n\u2019a pas r\u00e9sist\u00e9 \u00e0 l\u2019appel du moteur V8. Le pilote mon\u00e9gasque de la Scuderia Ferrari a retrouv\u00e9 le circuit priv\u00e9 de\" \/>\n<meta property=\"og:url\" content=\"https:\/\/www.italpassion.fr\/pt\/ferrari\/os-pilotos-charles-leclerc-e-antonio-giovinazzi-testam-o-ferrari-849-de-1050-cv-na-pista-de-corridas-o-som-e-muito-fixe\/\" \/>\n<meta property=\"og:site_name\" content=\"ItalPassion\" \/>\n<meta property=\"article:publisher\" content=\"https:\/\/www.facebook.com\/italpassion\" \/>\n<meta property=\"article:published_time\" content=\"2025-10-24T12:33:56+00:00\" \/>\n<meta property=\"og:image\" content=\"https:\/\/www.italpassion.fr\/wp-content\/uploads\/2025\/10\/charles-leclerc-849.jpg\" \/>\n\t<meta property=\"og:image:width\" content=\"960\" \/>\n\t<meta property=\"og:image:height\" content=\"640\" \/>\n\t<meta property=\"og:image:type\" content=\"image\/jpeg\" \/>\n<meta name=\"author\" content=\"Alexandre Filluzeau\" \/>\n<meta name=\"twitter:card\" content=\"summary_large_image\" \/>\n<meta name=\"twitter:creator\" content=\"@italpassion\" \/>\n<meta name=\"twitter:site\" content=\"@italpassion\" \/>\n<script type=\"application\/ld+json\" class=\"yoast-schema-graph\">{\"@context\":\"https:\/\/schema.org\",\"@graph\":[{\"@type\":\"NewsArticle\",\"@id\":\"https:\/\/www.italpassion.fr\/pt\/ferrari\/les-pilotes-charles-leclerc-et-antonio-giovinazzi-testent-la-ferrari-849-de-1050-ch-sur-circuit-le-son-est-tres-cool\/#article\",\"isPartOf\":{\"@id\":\"https:\/\/www.italpassion.fr\/pt\/ferrari\/les-pilotes-charles-leclerc-et-antonio-giovinazzi-testent-la-ferrari-849-de-1050-ch-sur-circuit-le-son-est-tres-cool\/\"},\"author\":{\"name\":\"Alexandre Filluzeau\",\"@id\":\"https:\/\/www.italpassion.fr\/pt\/#\/schema\/person\/36f747b2a759ca202d847e85a9434ca0\"},\"headline\":\"Les pilotes Charles Leclerc et Antonio Giovinazzi testent la Ferrari 849 de 1050 ch sur circuit : \u00ab\u00a0le son est tr\u00e8s cool\u00a0\u00bb\",\"datePublished\":\"2025-10-24T12:33:56+00:00\",\"mainEntityOfPage\":{\"@id\":\"https:\/\/www.italpassion.fr\/pt\/ferrari\/les-pilotes-charles-leclerc-et-antonio-giovinazzi-testent-la-ferrari-849-de-1050-ch-sur-circuit-le-son-est-tres-cool\/\"},\"wordCount\":600,\"commentCount\":0,\"publisher\":{\"@id\":\"https:\/\/www.italpassion.fr\/pt\/#organization\"},\"image\":{\"@id\":\"https:\/\/www.italpassion.fr\/pt\/ferrari\/les-pilotes-charles-leclerc-et-antonio-giovinazzi-testent-la-ferrari-849-de-1050-ch-sur-circuit-le-son-est-tres-cool\/#primaryimage\"},\"thumbnailUrl\":\"https:\/\/www.italpassion.fr\/wp-content\/uploads\/2025\/10\/charles-leclerc-849.jpg\",\"keywords\":[\"Antonio Giovinazzi\",\"Charles Leclerc\",\"Ferrari 849 Testarossa\"],\"articleSection\":[\"Ferrari\"],\"inLanguage\":\"pt-PT\",\"potentialAction\":[{\"@type\":\"CommentAction\",\"name\":\"Comment\",\"target\":[\"https:\/\/www.italpassion.fr\/pt\/ferrari\/les-pilotes-charles-leclerc-et-antonio-giovinazzi-testent-la-ferrari-849-de-1050-ch-sur-circuit-le-son-est-tres-cool\/#respond\"]}]},{\"@type\":\"WebPage\",\"@id\":\"https:\/\/www.italpassion.fr\/pt\/ferrari\/les-pilotes-charles-leclerc-et-antonio-giovinazzi-testent-la-ferrari-849-de-1050-ch-sur-circuit-le-son-est-tres-cool\/\",\"url\":\"https:\/\/www.italpassion.fr\/pt\/ferrari\/les-pilotes-charles-leclerc-et-antonio-giovinazzi-testent-la-ferrari-849-de-1050-ch-sur-circuit-le-son-est-tres-cool\/\",\"name\":\"Les pilotes Charles Leclerc et Antonio Giovinazzi testent la Ferrari 849 de 1050 ch sur circuit : \\\"le son est tr\u00e8s cool\\\" - ItalPassion\",\"isPartOf\":{\"@id\":\"https:\/\/www.italpassion.fr\/pt\/#website\"},\"primaryImageOfPage\":{\"@id\":\"https:\/\/www.italpassion.fr\/pt\/ferrari\/les-pilotes-charles-leclerc-et-antonio-giovinazzi-testent-la-ferrari-849-de-1050-ch-sur-circuit-le-son-est-tres-cool\/#primaryimage\"},\"image\":{\"@id\":\"https:\/\/www.italpassion.fr\/pt\/ferrari\/les-pilotes-charles-leclerc-et-antonio-giovinazzi-testent-la-ferrari-849-de-1050-ch-sur-circuit-le-son-est-tres-cool\/#primaryimage\"},\"thumbnailUrl\":\"https:\/\/www.italpassion.fr\/wp-content\/uploads\/2025\/10\/charles-leclerc-849.jpg\",\"datePublished\":\"2025-10-24T12:33:56+00:00\",\"description\":\"Entre deux Grands Prix, Charles Leclerc n\u2019a pas r\u00e9sist\u00e9 \u00e0 l\u2019appel du moteur V8. Le pilote mon\u00e9gasque de la Scuderia Ferrari a retrouv\u00e9 le circuit priv\u00e9 de\",\"breadcrumb\":{\"@id\":\"https:\/\/www.italpassion.fr\/pt\/ferrari\/les-pilotes-charles-leclerc-et-antonio-giovinazzi-testent-la-ferrari-849-de-1050-ch-sur-circuit-le-son-est-tres-cool\/#breadcrumb\"},\"inLanguage\":\"pt-PT\",\"potentialAction\":[{\"@type\":\"ReadAction\",\"target\":[\"https:\/\/www.italpassion.fr\/pt\/ferrari\/les-pilotes-charles-leclerc-et-antonio-giovinazzi-testent-la-ferrari-849-de-1050-ch-sur-circuit-le-son-est-tres-cool\/\"]}]},{\"@type\":\"ImageObject\",\"inLanguage\":\"pt-PT\",\"@id\":\"https:\/\/www.italpassion.fr\/pt\/ferrari\/les-pilotes-charles-leclerc-et-antonio-giovinazzi-testent-la-ferrari-849-de-1050-ch-sur-circuit-le-son-est-tres-cool\/#primaryimage\",\"url\":\"https:\/\/www.italpassion.fr\/wp-content\/uploads\/2025\/10\/charles-leclerc-849.jpg\",\"contentUrl\":\"https:\/\/www.italpassion.fr\/wp-content\/uploads\/2025\/10\/charles-leclerc-849.jpg\",\"width\":960,\"height\":640},{\"@type\":\"BreadcrumbList\",\"@id\":\"https:\/\/www.italpassion.fr\/pt\/ferrari\/les-pilotes-charles-leclerc-et-antonio-giovinazzi-testent-la-ferrari-849-de-1050-ch-sur-circuit-le-son-est-tres-cool\/#breadcrumb\",\"itemListElement\":[{\"@type\":\"ListItem\",\"position\":1,\"name\":\"Accueil\",\"item\":\"https:\/\/www.italpassion.fr\/pt\/\"},{\"@type\":\"ListItem\",\"position\":2,\"name\":\"Les pilotes Charles Leclerc et Antonio Giovinazzi testent la Ferrari 849 de 1050 ch sur circuit : \u00ab\u00a0le son est tr\u00e8s cool\u00a0\u00bb\"}]},{\"@type\":\"WebSite\",\"@id\":\"https:\/\/www.italpassion.fr\/pt\/#website\",\"url\":\"https:\/\/www.italpassion.fr\/pt\/\",\"name\":\"ItalPassion\",\"description\":\"Les Passionn\u00e9s d&#039;Automobiles Italiennes\",\"publisher\":{\"@id\":\"https:\/\/www.italpassion.fr\/pt\/#organization\"},\"potentialAction\":[{\"@type\":\"SearchAction\",\"target\":{\"@type\":\"EntryPoint\",\"urlTemplate\":\"https:\/\/www.italpassion.fr\/pt\/?s={search_term_string}\"},\"query-input\":{\"@type\":\"PropertyValueSpecification\",\"valueRequired\":true,\"valueName\":\"search_term_string\"}}],\"inLanguage\":\"pt-PT\"},{\"@type\":\"Organization\",\"@id\":\"https:\/\/www.italpassion.fr\/pt\/#organization\",\"name\":\"Italpassion\",\"url\":\"https:\/\/www.italpassion.fr\/pt\/\",\"logo\":{\"@type\":\"ImageObject\",\"inLanguage\":\"pt-PT\",\"@id\":\"https:\/\/www.italpassion.fr\/pt\/#\/schema\/logo\/image\/\",\"url\":\"https:\/\/www.italpassion.fr\/wp-content\/uploads\/2023\/07\/italpassion-yoast.jpg\",\"contentUrl\":\"https:\/\/www.italpassion.fr\/wp-content\/uploads\/2023\/07\/italpassion-yoast.jpg\",\"width\":696,\"height\":696,\"caption\":\"Italpassion\"},\"image\":{\"@id\":\"https:\/\/www.italpassion.fr\/pt\/#\/schema\/logo\/image\/\"},\"sameAs\":[\"https:\/\/www.facebook.com\/italpassion\",\"https:\/\/x.com\/italpassion\",\"https:\/\/www.instagram.com\/italpassionfr\/\",\"https:\/\/www.youtube.com\/channel\/UCleq-ByQaA42OjhopwevRjQ\",\"https:\/\/www.facebook.com\/italpassion.en\/\",\"https:\/\/www.facebook.com\/italpassion.it\/\",\"https:\/\/www.facebook.com\/italpassion.de\/\",\"https:\/\/www.facebook.com\/italpassion.ja\/\"]},{\"@type\":\"Person\",\"@id\":\"https:\/\/www.italpassion.fr\/pt\/#\/schema\/person\/36f747b2a759ca202d847e85a9434ca0\",\"name\":\"Alexandre Filluzeau\",\"image\":{\"@type\":\"ImageObject\",\"inLanguage\":\"pt-PT\",\"@id\":\"https:\/\/www.italpassion.fr\/pt\/#\/schema\/person\/image\/\",\"url\":\"https:\/\/www.italpassion.fr\/wp-content\/uploads\/2025\/04\/avatar-alexandre-160x160.jpg\",\"contentUrl\":\"https:\/\/www.italpassion.fr\/wp-content\/uploads\/2025\/04\/avatar-alexandre-160x160.jpg\",\"caption\":\"Alexandre Filluzeau\"},\"description\":\"Fondateur du site ItalPassion, passionn\u00e9 de voitures italiennes et de l'Italie en g\u00e9n\u00e9ral. J'apporte un regard critique et technique aux actualit\u00e9s des marques italiennes quand cela est possible. Propri\u00e9taire d'une Maserati GranTurismo, Alfa Romeo MiTo, Lancia Fulvia et Ducati 695. Ex-propri\u00e9taire d'une Alfa Romeo Giulia.\",\"sameAs\":[\"https:\/\/www.italpassion.fr\/\"],\"url\":\"https:\/\/www.italpassion.fr\/pt\/author\/alexandre\/\"}]}<\/script>\n<!-- \/ Yoast SEO plugin. -->","yoast_head_json":{"title":"Os pilotos Charles Leclerc e Antonio Giovinazzi testam o Ferrari 849 de 1050 cv em pista: \"O som \u00e9 muito fixe\" - ItalPassion","description":"Entre os Grandes Pr\u00e9mios, Charles Leclerc n\u00e3o resistiu ao apelo do motor V8. O piloto monegasco da Scuderia Ferrari regressou ao circuito privado de","robots":{"index":"index","follow":"follow","max-snippet":"max-snippet:-1","max-image-preview":"max-image-preview:large","max-video-preview":"max-video-preview:-1"},"canonical":"https:\/\/www.italpassion.fr\/pt\/ferrari\/os-pilotos-charles-leclerc-e-antonio-giovinazzi-testam-o-ferrari-849-de-1050-cv-na-pista-de-corridas-o-som-e-muito-fixe\/","og_locale":"pt_PT","og_type":"article","og_title":"Les pilotes Charles Leclerc et Antonio Giovinazzi testent la Ferrari 849 de 1050 ch sur circuit : \"le son est tr\u00e8s cool\" - ItalPassion","og_description":"Entre deux Grands Prix, Charles Leclerc n\u2019a pas r\u00e9sist\u00e9 \u00e0 l\u2019appel du moteur V8. Le pilote mon\u00e9gasque de la Scuderia Ferrari a retrouv\u00e9 le circuit priv\u00e9 de","og_url":"https:\/\/www.italpassion.fr\/pt\/ferrari\/os-pilotos-charles-leclerc-e-antonio-giovinazzi-testam-o-ferrari-849-de-1050-cv-na-pista-de-corridas-o-som-e-muito-fixe\/","og_site_name":"ItalPassion","article_publisher":"https:\/\/www.facebook.com\/italpassion","article_published_time":"2025-10-24T12:33:56+00:00","og_image":[{"width":960,"height":640,"url":"https:\/\/www.italpassion.fr\/wp-content\/uploads\/2025\/10\/charles-leclerc-849.jpg","type":"image\/jpeg"}],"author":"Alexandre Filluzeau","twitter_card":"summary_large_image","twitter_creator":"@italpassion","twitter_site":"@italpassion","schema":{"@context":"https:\/\/schema.org","@graph":[{"@type":"NewsArticle","@id":"https:\/\/www.italpassion.fr\/pt\/ferrari\/les-pilotes-charles-leclerc-et-antonio-giovinazzi-testent-la-ferrari-849-de-1050-ch-sur-circuit-le-son-est-tres-cool\/#article","isPartOf":{"@id":"https:\/\/www.italpassion.fr\/pt\/ferrari\/les-pilotes-charles-leclerc-et-antonio-giovinazzi-testent-la-ferrari-849-de-1050-ch-sur-circuit-le-son-est-tres-cool\/"},"author":{"name":"Alexandre Filluzeau","@id":"https:\/\/www.italpassion.fr\/pt\/#\/schema\/person\/36f747b2a759ca202d847e85a9434ca0"},"headline":"Les pilotes Charles Leclerc et Antonio Giovinazzi testent la Ferrari 849 de 1050 ch sur circuit : \u00ab\u00a0le son est tr\u00e8s cool\u00a0\u00bb","datePublished":"2025-10-24T12:33:56+00:00","mainEntityOfPage":{"@id":"https:\/\/www.italpassion.fr\/pt\/ferrari\/les-pilotes-charles-leclerc-et-antonio-giovinazzi-testent-la-ferrari-849-de-1050-ch-sur-circuit-le-son-est-tres-cool\/"},"wordCount":600,"commentCount":0,"publisher":{"@id":"https:\/\/www.italpassion.fr\/pt\/#organization"},"image":{"@id":"https:\/\/www.italpassion.fr\/pt\/ferrari\/les-pilotes-charles-leclerc-et-antonio-giovinazzi-testent-la-ferrari-849-de-1050-ch-sur-circuit-le-son-est-tres-cool\/#primaryimage"},"thumbnailUrl":"https:\/\/www.italpassion.fr\/wp-content\/uploads\/2025\/10\/charles-leclerc-849.jpg","keywords":["Antonio Giovinazzi","Charles Leclerc","Ferrari 849 Testarossa"],"articleSection":["Ferrari"],"inLanguage":"pt-PT","potentialAction":[{"@type":"CommentAction","name":"Comment","target":["https:\/\/www.italpassion.fr\/pt\/ferrari\/les-pilotes-charles-leclerc-et-antonio-giovinazzi-testent-la-ferrari-849-de-1050-ch-sur-circuit-le-son-est-tres-cool\/#respond"]}]},{"@type":"WebPage","@id":"https:\/\/www.italpassion.fr\/pt\/ferrari\/les-pilotes-charles-leclerc-et-antonio-giovinazzi-testent-la-ferrari-849-de-1050-ch-sur-circuit-le-son-est-tres-cool\/","url":"https:\/\/www.italpassion.fr\/pt\/ferrari\/les-pilotes-charles-leclerc-et-antonio-giovinazzi-testent-la-ferrari-849-de-1050-ch-sur-circuit-le-son-est-tres-cool\/","name":"Os pilotos Charles Leclerc e Antonio Giovinazzi testam o Ferrari 849 de 1050 cv em pista: \"O som \u00e9 muito fixe\" - ItalPassion","isPartOf":{"@id":"https:\/\/www.italpassion.fr\/pt\/#website"},"primaryImageOfPage":{"@id":"https:\/\/www.italpassion.fr\/pt\/ferrari\/les-pilotes-charles-leclerc-et-antonio-giovinazzi-testent-la-ferrari-849-de-1050-ch-sur-circuit-le-son-est-tres-cool\/#primaryimage"},"image":{"@id":"https:\/\/www.italpassion.fr\/pt\/ferrari\/les-pilotes-charles-leclerc-et-antonio-giovinazzi-testent-la-ferrari-849-de-1050-ch-sur-circuit-le-son-est-tres-cool\/#primaryimage"},"thumbnailUrl":"https:\/\/www.italpassion.fr\/wp-content\/uploads\/2025\/10\/charles-leclerc-849.jpg","datePublished":"2025-10-24T12:33:56+00:00","description":"Entre os Grandes Pr\u00e9mios, Charles Leclerc n\u00e3o resistiu ao apelo do motor V8. O piloto monegasco da Scuderia Ferrari regressou ao circuito privado de","breadcrumb":{"@id":"https:\/\/www.italpassion.fr\/pt\/ferrari\/les-pilotes-charles-leclerc-et-antonio-giovinazzi-testent-la-ferrari-849-de-1050-ch-sur-circuit-le-son-est-tres-cool\/#breadcrumb"},"inLanguage":"pt-PT","potentialAction":[{"@type":"ReadAction","target":["https:\/\/www.italpassion.fr\/pt\/ferrari\/les-pilotes-charles-leclerc-et-antonio-giovinazzi-testent-la-ferrari-849-de-1050-ch-sur-circuit-le-son-est-tres-cool\/"]}]},{"@type":"ImageObject","inLanguage":"pt-PT","@id":"https:\/\/www.italpassion.fr\/pt\/ferrari\/les-pilotes-charles-leclerc-et-antonio-giovinazzi-testent-la-ferrari-849-de-1050-ch-sur-circuit-le-son-est-tres-cool\/#primaryimage","url":"https:\/\/www.italpassion.fr\/wp-content\/uploads\/2025\/10\/charles-leclerc-849.jpg","contentUrl":"https:\/\/www.italpassion.fr\/wp-content\/uploads\/2025\/10\/charles-leclerc-849.jpg","width":960,"height":640},{"@type":"BreadcrumbList","@id":"https:\/\/www.italpassion.fr\/pt\/ferrari\/les-pilotes-charles-leclerc-et-antonio-giovinazzi-testent-la-ferrari-849-de-1050-ch-sur-circuit-le-son-est-tres-cool\/#breadcrumb","itemListElement":[{"@type":"ListItem","position":1,"name":"Accueil","item":"https:\/\/www.italpassion.fr\/pt\/"},{"@type":"ListItem","position":2,"name":"Les pilotes Charles Leclerc et Antonio Giovinazzi testent la Ferrari 849 de 1050 ch sur circuit : \u00ab\u00a0le son est tr\u00e8s cool\u00a0\u00bb"}]},{"@type":"WebSite","@id":"https:\/\/www.italpassion.fr\/pt\/#website","url":"https:\/\/www.italpassion.fr\/pt\/","name":"ItalPassion","description":"Entusiastas de autom\u00f3veis italianos","publisher":{"@id":"https:\/\/www.italpassion.fr\/pt\/#organization"},"potentialAction":[{"@type":"SearchAction","target":{"@type":"EntryPoint","urlTemplate":"https:\/\/www.italpassion.fr\/pt\/?s={search_term_string}"},"query-input":{"@type":"PropertyValueSpecification","valueRequired":true,"valueName":"search_term_string"}}],"inLanguage":"pt-PT"},{"@type":"Organization","@id":"https:\/\/www.italpassion.fr\/pt\/#organization","name":"Italpassion","url":"https:\/\/www.italpassion.fr\/pt\/","logo":{"@type":"ImageObject","inLanguage":"pt-PT","@id":"https:\/\/www.italpassion.fr\/pt\/#\/schema\/logo\/image\/","url":"https:\/\/www.italpassion.fr\/wp-content\/uploads\/2023\/07\/italpassion-yoast.jpg","contentUrl":"https:\/\/www.italpassion.fr\/wp-content\/uploads\/2023\/07\/italpassion-yoast.jpg","width":696,"height":696,"caption":"Italpassion"},"image":{"@id":"https:\/\/www.italpassion.fr\/pt\/#\/schema\/logo\/image\/"},"sameAs":["https:\/\/www.facebook.com\/italpassion","https:\/\/x.com\/italpassion","https:\/\/www.instagram.com\/italpassionfr\/","https:\/\/www.youtube.com\/channel\/UCleq-ByQaA42OjhopwevRjQ","https:\/\/www.facebook.com\/italpassion.en\/","https:\/\/www.facebook.com\/italpassion.it\/","https:\/\/www.facebook.com\/italpassion.de\/","https:\/\/www.facebook.com\/italpassion.ja\/"]},{"@type":"Person","@id":"https:\/\/www.italpassion.fr\/pt\/#\/schema\/person\/36f747b2a759ca202d847e85a9434ca0","name":"Alexandre Filluzeau","image":{"@type":"ImageObject","inLanguage":"pt-PT","@id":"https:\/\/www.italpassion.fr\/pt\/#\/schema\/person\/image\/","url":"https:\/\/www.italpassion.fr\/wp-content\/uploads\/2025\/04\/avatar-alexandre-160x160.jpg","contentUrl":"https:\/\/www.italpassion.fr\/wp-content\/uploads\/2025\/04\/avatar-alexandre-160x160.jpg","caption":"Alexandre Filluzeau"},"description":"Fundador do site ItalPassion, apaixonado por carros italianos e pela It\u00e1lia em geral. Trago um olhar cr\u00edtico e t\u00e9cnico \u00e0s not\u00edcias das marcas italianas, sempre que poss\u00edvel. Propriet\u00e1ria de um Maserati GranTurismo, Alfa Romeo MiTo, Lancia Fulvia e Ducati 695. Ex-propriet\u00e1rio de uma Alfa Romeo Giulia.","sameAs":["https:\/\/www.italpassion.fr\/"],"url":"https:\/\/www.italpassion.fr\/pt\/author\/alexandre\/"}]}},"_links":{"self":[{"href":"https:\/\/www.italpassion.fr\/pt\/wp-json\/wp\/v2\/posts\/42412","targetHints":{"allow":["GET"]}}],"collection":[{"href":"https:\/\/www.italpassion.fr\/pt\/wp-json\/wp\/v2\/posts"}],"about":[{"href":"https:\/\/www.italpassion.fr\/pt\/wp-json\/wp\/v2\/types\/post"}],"author":[{"embeddable":true,"href":"https:\/\/www.italpassion.fr\/pt\/wp-json\/wp\/v2\/users\/1"}],"replies":[{"embeddable":true,"href":"https:\/\/www.italpassion.fr\/pt\/wp-json\/wp\/v2\/comments?post=42412"}],"version-history":[{"count":3,"href":"https:\/\/www.italpassion.fr\/pt\/wp-json\/wp\/v2\/posts\/42412\/revisions"}],"predecessor-version":[{"id":42471,"href":"https:\/\/www.italpassion.fr\/pt\/wp-json\/wp\/v2\/posts\/42412\/revisions\/42471"}],"wp:featuredmedia":[{"embeddable":true,"href":"https:\/\/www.italpassion.fr\/pt\/wp-json\/wp\/v2\/media\/42467"}],"wp:attachment":[{"href":"https:\/\/www.italpassion.fr\/pt\/wp-json\/wp\/v2\/media?parent=42412"}],"wp:term":[{"taxonomy":"category","embeddable":true,"href":"https:\/\/www.italpassion.fr\/pt\/wp-json\/wp\/v2\/categories?post=42412"},{"taxonomy":"post_tag","embeddable":true,"href":"https:\/\/www.italpassion.fr\/pt\/wp-json\/wp\/v2\/tags?post=42412"}],"curies":[{"name":"wp","href":"https:\/\/api.w.org\/{rel}","templated":true}]}}