{"id":42408,"date":"2025-10-24T07:33:40","date_gmt":"2025-10-24T05:33:40","guid":{"rendered":"https:\/\/www.italpassion.fr\/?p=42408"},"modified":"2025-10-23T17:28:36","modified_gmt":"2025-10-23T15:28:36","slug":"o-diretor-geral-da-dalfa-romeo-da-a-entender-a-evolucao-da-gama-da-marca-e-da-maserati-ao-mesmo-tempo","status":"publish","type":"post","link":"https:\/\/www.italpassion.fr\/pt\/alfa-romeo\/le-ceo-dalfa-romeo-donne-des-indices-sur-levolution-de-la-gamme-de-la-marque-et-maserati-en-meme-temps\/","title":{"rendered":"O CEO da Alfa Romeo d\u00e1 pistas sobre a evolu\u00e7\u00e3o da gama da marca (e da Maserati ao mesmo tempo)"},"content":{"rendered":"<figure class=\"wp-block-image size-large\"><img loading=\"lazy\" decoding=\"async\" width=\"1024\" height=\"683\" src=\"https:\/\/www.italpassion.fr\/wp-content\/uploads\/2024\/10\/ficili-alfa-romeo-1024x683.jpg\" alt=\"\" class=\"wp-image-34861\" srcset=\"https:\/\/www.italpassion.fr\/wp-content\/uploads\/2024\/10\/ficili-alfa-romeo-1024x683.jpg 1024w, https:\/\/www.italpassion.fr\/wp-content\/uploads\/2024\/10\/ficili-alfa-romeo-300x200.jpg 300w, https:\/\/www.italpassion.fr\/wp-content\/uploads\/2024\/10\/ficili-alfa-romeo-768x512.jpg 768w, https:\/\/www.italpassion.fr\/wp-content\/uploads\/2024\/10\/ficili-alfa-romeo-18x12.jpg 18w, https:\/\/www.italpassion.fr\/wp-content\/uploads\/2024\/10\/ficili-alfa-romeo-561x374.jpg 561w, https:\/\/www.italpassion.fr\/wp-content\/uploads\/2024\/10\/ficili-alfa-romeo-1122x748.jpg 1122w, https:\/\/www.italpassion.fr\/wp-content\/uploads\/2024\/10\/ficili-alfa-romeo-265x177.jpg 265w, https:\/\/www.italpassion.fr\/wp-content\/uploads\/2024\/10\/ficili-alfa-romeo-531x354.jpg 531w, https:\/\/www.italpassion.fr\/wp-content\/uploads\/2024\/10\/ficili-alfa-romeo-364x243.jpg 364w, https:\/\/www.italpassion.fr\/wp-content\/uploads\/2024\/10\/ficili-alfa-romeo-728x485.jpg 728w, https:\/\/www.italpassion.fr\/wp-content\/uploads\/2024\/10\/ficili-alfa-romeo-608x405.jpg 608w, https:\/\/www.italpassion.fr\/wp-content\/uploads\/2024\/10\/ficili-alfa-romeo-758x505.jpg 758w, https:\/\/www.italpassion.fr\/wp-content\/uploads\/2024\/10\/ficili-alfa-romeo-1152x768.jpg 1152w, https:\/\/www.italpassion.fr\/wp-content\/uploads\/2024\/10\/ficili-alfa-romeo-600x400.jpg 600w, https:\/\/www.italpassion.fr\/wp-content\/uploads\/2024\/10\/ficili-alfa-romeo.jpg 1200w\" sizes=\"auto, (max-width: 1024px) 100vw, 1024px\" \/><\/figure>\n\n\n\n<p>H\u00e1 alguns anos, o<a href=\"https:\/\/www.italpassion.fr\/pt\/alfa-romeo\/\">Alfa Romeo<\/a> era clara. Sob a dire\u00e7\u00e3o de Jean-Philippe Imparato, a marca italiana deveria mudar totalmente para ve\u00edculos el\u00e9ctricos a partir de 2027, com uma nova gera\u00e7\u00e3o de Giulia e Stelvio 100 % el\u00e9ctricos, seguida de um grande SUV posicionado acima do atual Stelvio. Mas isso foi antes.<\/p>\n\n\n\n<p>Desde a chegada do novo diretor-geral Antonio Filosa, em junho de 2025, as coisas t\u00eam vindo a mudar. E embora <a href=\"https:\/\/www.italpassion.fr\/pt\/stellantis\/\">Stellantis<\/a> continua concentrada na eletrifica\u00e7\u00e3o, a Alfa Romeo, tal como a Maserati, parece estar a redefinir as suas prioridades, adoptando uma abordagem mais pragm\u00e1tica.<\/p>\n\n\n\n<h2 class=\"wp-block-heading\">Um plano de produto virado do avesso (e mais flex\u00edvel do que o esperado)<\/h2>\n\n\n\n<p>Em primeiro lugar, o lan\u00e7amento dos novos Giulia e Stelvio foi adiado para 2027, quando estavam inicialmente previstos para 2025 e 2026 sob a forma do 100 % el\u00e9trico. A raz\u00e3o para tal? Para integrar grupos motopropulsores h\u00edbridos, mais adaptados \u00e0 procura atual e a certos mercados estrat\u00e9gicos como a Am\u00e9rica do Norte.<\/p>\n\n\n\n<p>Esta mudan\u00e7a de calend\u00e1rio abriu uma janela de oportunidade para reflex\u00e3o. Os decisores da Alfa Romeo podem repensar os seus planos, refinar as suas prioridades e, com toda a probabilidade, introduzir flexibilidade numa gama que, supostamente, deveria ser exclusivamente el\u00e9ctrica. E foi neste contexto que o atual CEO Santo Ficili deu algumas pistas sobre a dire\u00e7\u00e3o a seguir.<\/p>\n\n\n\n<h2 class=\"wp-block-heading\">\"O Giulia e o Stelvio ser\u00e3o os maiores Alfa Romeo de sempre\".<\/h2>\n\n\n\n<p>Esta frase, noticiada pelo Automotive News e repetida por v\u00e1rios meios de comunica\u00e7\u00e3o especializados, muda tudo. Significa v\u00e1rias coisas. Em primeiro lugar, que o Giulia e o Stelvio continuar\u00e3o a ser os modelos \"porta-estandarte\" da marca em termos de dimens\u00e3o. O futuro Stelvio ser\u00e1 ligeiramente maior do que o atual, e o pr\u00f3ximo Giulia, que partilhar\u00e1 a sua plataforma, poder\u00e1 seguir a mesma tend\u00eancia.<\/p>\n\n\n\n<p>Acima de tudo, esta declara\u00e7\u00e3o p\u00f5e um ponto final nas ambi\u00e7\u00f5es da Alfa Romeo de um grande SUV ou de uma grande berlina do segmento E. O projeto de um SUV de maiores dimens\u00f5es baseado na plataforma STLA Large, proposto na altura do Imparato, parece ter sido abandonado. \"Os autom\u00f3veis de grandes dimens\u00f5es n\u00e3o s\u00e3o o territ\u00f3rio da Alfa Romeo\", afirmou Ficili.<\/p>\n\n\n\n<h2 class=\"wp-block-heading\">Uma \"surpresa Alfa Romeo\" na calha<\/h2>\n\n\n\n<p>Entre o Tonale e o futuro Stelvio, \u00e9 ainda aguardado um outro modelo, atualmente com o nome de c\u00f3digo A4U. <a href=\"https:\/\/www.italpassion.fr\/pt\/alfa-romeo\/um-novo-alfa-romeo-para-2026-e-nao-e-nem-o-giulia-nem-o-stelvio\/\">Esta surpresa Alfa Romeo<\/a>com lan\u00e7amento previsto para o segundo semestre de 2026, situar-se-\u00e1 entre o Tonale e o atual Stelvio, tanto em termos de dimens\u00f5es como de pre\u00e7o.<\/p>\n\n\n\n<p>Este modelo poder\u00e1 permitir \u00e0 Alfa Romeo refor\u00e7ar a sua presen\u00e7a no segmento C\/D, um dos mais din\u00e2micos da Europa. Uma abordagem que faz todo o sentido, sobretudo numa altura em que a marca precisa de consolidar os seus volumes antes de se lan\u00e7ar em novos territ\u00f3rios.<\/p>\n\n\n\n<h2 class=\"wp-block-heading\">Maserati, grande benefici\u00e1ria da reorienta\u00e7\u00e3o da Alfa Romeo <\/h2>\n\n\n\n<p>Ao declarar que \"os autom\u00f3veis de grandes dimens\u00f5es n\u00e3o s\u00e3o o territ\u00f3rio da Alfa Romeo\", Santo Ficili est\u00e1 tamb\u00e9m a deixar um espa\u00e7o estrat\u00e9gico aberto para a Maserati. Enquanto a Alfa Romeo se concentra nos segmentos compacto e interm\u00e9dio, a Maserati pode ocupar plenamente a parte superior do espetro. O Quattroporte manteria o seu papel de grande berlina italiana e o futuro Levante o de SUV de luxo, encarnando a experi\u00eancia premium do grupo no segmento E.<\/p>\n\n\n\n<p>Por outras palavras, a Alfa Romeo e a Maserati deixar\u00e3o de se pisar mutuamente e clarificar\u00e3o finalmente o seu posicionamento:<\/p>\n\n\n\n<ul class=\"wp-block-list\">\n<li>Alfa Romeo para autom\u00f3veis desportivos, din\u00e2micos e de qualidade superior.<\/li>\n\n\n\n<li>Maserati para luxo, desempenho e prest\u00edgio.<\/li>\n<\/ul>\n\n\n\n<h2 class=\"wp-block-heading\">\u00c0 espera do novo plano industrial de Stellantis<\/h2>\n\n\n\n<p>A \u00faltima palavra caber\u00e1 ao novo Diretor-Geral, Antonio Filosa, que dever\u00e1 ser apresentado no final do primeiro semestre de 2026, <a href=\"https:\/\/www.italpassion.fr\/pt\/stellantis\/stellantis-adia-a-apresentacao-do-seu-novo-plano-industrial\/\">o seu plano industrial<\/a> que suceder\u00e1 ao Dare Forward 2030 de Carlos Tavares. Nessa altura, saberemos oficialmente o que o futuro reserva para todas as marcas do Grupo, incluindo a Alfa Romeo.<\/p>","protected":false},"excerpt":{"rendered":"","protected":false},"author":1,"featured_media":34861,"comment_status":"open","ping_status":"open","sticky":false,"template":"","format":"standard","meta":{"_acf_changed":false,"_sitemap_exclude":false,"_sitemap_priority":"","_sitemap_frequency":"","footnotes":""},"categories":[22],"tags":[433],"class_list":["post-42408","post","type-post","status-publish","format-standard","has-post-thumbnail","hentry","category-alfa-romeo","tag-santo-ficili","generate-columns","tablet-grid-50","mobile-grid-100","grid-parent","grid-33"],"acf":[],"yoast_head":"<!-- This site is optimized with the Yoast SEO plugin v25.8 - https:\/\/yoast.com\/wordpress\/plugins\/seo\/ -->\n<title>Le CEO d&#039;Alfa Romeo donne des indices sur l&#039;\u00e9volution de la gamme de la marque (et Maserati en m\u00eame temps) - ItalPassion<\/title>\n<meta name=\"description\" content=\"Il y a quelques ann\u00e9es, le plan produit d\u2019Alfa Romeo \u00e9tait clair. Sous la direction de Jean-Philippe Imparato, la marque italienne devait basculer\" \/>\n<meta name=\"robots\" content=\"index, follow, max-snippet:-1, max-image-preview:large, max-video-preview:-1\" \/>\n<link rel=\"canonical\" href=\"https:\/\/www.italpassion.fr\/pt\/alfa-romeo\/o-diretor-geral-da-dalfa-romeo-da-a-entender-a-evolucao-da-gama-da-marca-e-da-maserati-ao-mesmo-tempo\/\" \/>\n<meta property=\"og:locale\" content=\"pt_PT\" \/>\n<meta property=\"og:type\" content=\"article\" \/>\n<meta property=\"og:title\" content=\"Le CEO d&#039;Alfa Romeo donne des indices sur l&#039;\u00e9volution de la gamme de la marque (et Maserati en m\u00eame temps) - ItalPassion\" \/>\n<meta property=\"og:description\" content=\"Il y a quelques ann\u00e9es, le plan produit d\u2019Alfa Romeo \u00e9tait clair. Sous la direction de Jean-Philippe Imparato, la marque italienne devait basculer\" \/>\n<meta property=\"og:url\" content=\"https:\/\/www.italpassion.fr\/pt\/alfa-romeo\/o-diretor-geral-da-dalfa-romeo-da-a-entender-a-evolucao-da-gama-da-marca-e-da-maserati-ao-mesmo-tempo\/\" \/>\n<meta property=\"og:site_name\" content=\"ItalPassion\" \/>\n<meta property=\"article:publisher\" content=\"https:\/\/www.facebook.com\/italpassion\" \/>\n<meta property=\"article:published_time\" content=\"2025-10-24T05:33:40+00:00\" \/>\n<meta property=\"og:image\" content=\"https:\/\/www.italpassion.fr\/wp-content\/uploads\/2024\/10\/ficili-alfa-romeo.jpg\" \/>\n\t<meta property=\"og:image:width\" content=\"1200\" \/>\n\t<meta property=\"og:image:height\" content=\"800\" \/>\n\t<meta property=\"og:image:type\" content=\"image\/jpeg\" \/>\n<meta name=\"author\" content=\"Alexandre Filluzeau\" \/>\n<meta name=\"twitter:card\" content=\"summary_large_image\" \/>\n<meta name=\"twitter:creator\" content=\"@italpassion\" \/>\n<meta name=\"twitter:site\" content=\"@italpassion\" \/>\n<script type=\"application\/ld+json\" class=\"yoast-schema-graph\">{\"@context\":\"https:\/\/schema.org\",\"@graph\":[{\"@type\":\"NewsArticle\",\"@id\":\"https:\/\/www.italpassion.fr\/pt\/alfa-romeo\/le-ceo-dalfa-romeo-donne-des-indices-sur-levolution-de-la-gamme-de-la-marque-et-maserati-en-meme-temps\/#article\",\"isPartOf\":{\"@id\":\"https:\/\/www.italpassion.fr\/pt\/alfa-romeo\/le-ceo-dalfa-romeo-donne-des-indices-sur-levolution-de-la-gamme-de-la-marque-et-maserati-en-meme-temps\/\"},\"author\":{\"name\":\"Alexandre Filluzeau\",\"@id\":\"https:\/\/www.italpassion.fr\/pt\/#\/schema\/person\/36f747b2a759ca202d847e85a9434ca0\"},\"headline\":\"Le CEO d&rsquo;Alfa Romeo donne des indices sur l&rsquo;\u00e9volution de la gamme de la marque (et Maserati en m\u00eame temps)\",\"datePublished\":\"2025-10-24T05:33:40+00:00\",\"mainEntityOfPage\":{\"@id\":\"https:\/\/www.italpassion.fr\/pt\/alfa-romeo\/le-ceo-dalfa-romeo-donne-des-indices-sur-levolution-de-la-gamme-de-la-marque-et-maserati-en-meme-temps\/\"},\"wordCount\":702,\"commentCount\":20,\"publisher\":{\"@id\":\"https:\/\/www.italpassion.fr\/pt\/#organization\"},\"image\":{\"@id\":\"https:\/\/www.italpassion.fr\/pt\/alfa-romeo\/le-ceo-dalfa-romeo-donne-des-indices-sur-levolution-de-la-gamme-de-la-marque-et-maserati-en-meme-temps\/#primaryimage\"},\"thumbnailUrl\":\"https:\/\/www.italpassion.fr\/wp-content\/uploads\/2024\/10\/ficili-alfa-romeo.jpg\",\"keywords\":[\"Santo Ficili\"],\"articleSection\":[\"Alfa Romeo\"],\"inLanguage\":\"pt-PT\",\"potentialAction\":[{\"@type\":\"CommentAction\",\"name\":\"Comment\",\"target\":[\"https:\/\/www.italpassion.fr\/pt\/alfa-romeo\/le-ceo-dalfa-romeo-donne-des-indices-sur-levolution-de-la-gamme-de-la-marque-et-maserati-en-meme-temps\/#respond\"]}]},{\"@type\":\"WebPage\",\"@id\":\"https:\/\/www.italpassion.fr\/pt\/alfa-romeo\/le-ceo-dalfa-romeo-donne-des-indices-sur-levolution-de-la-gamme-de-la-marque-et-maserati-en-meme-temps\/\",\"url\":\"https:\/\/www.italpassion.fr\/pt\/alfa-romeo\/le-ceo-dalfa-romeo-donne-des-indices-sur-levolution-de-la-gamme-de-la-marque-et-maserati-en-meme-temps\/\",\"name\":\"Le CEO d'Alfa Romeo donne des indices sur l'\u00e9volution de la gamme de la marque (et Maserati en m\u00eame temps) - ItalPassion\",\"isPartOf\":{\"@id\":\"https:\/\/www.italpassion.fr\/pt\/#website\"},\"primaryImageOfPage\":{\"@id\":\"https:\/\/www.italpassion.fr\/pt\/alfa-romeo\/le-ceo-dalfa-romeo-donne-des-indices-sur-levolution-de-la-gamme-de-la-marque-et-maserati-en-meme-temps\/#primaryimage\"},\"image\":{\"@id\":\"https:\/\/www.italpassion.fr\/pt\/alfa-romeo\/le-ceo-dalfa-romeo-donne-des-indices-sur-levolution-de-la-gamme-de-la-marque-et-maserati-en-meme-temps\/#primaryimage\"},\"thumbnailUrl\":\"https:\/\/www.italpassion.fr\/wp-content\/uploads\/2024\/10\/ficili-alfa-romeo.jpg\",\"datePublished\":\"2025-10-24T05:33:40+00:00\",\"description\":\"Il y a quelques ann\u00e9es, le plan produit d\u2019Alfa Romeo \u00e9tait clair. Sous la direction de Jean-Philippe Imparato, la marque italienne devait basculer\",\"breadcrumb\":{\"@id\":\"https:\/\/www.italpassion.fr\/pt\/alfa-romeo\/le-ceo-dalfa-romeo-donne-des-indices-sur-levolution-de-la-gamme-de-la-marque-et-maserati-en-meme-temps\/#breadcrumb\"},\"inLanguage\":\"pt-PT\",\"potentialAction\":[{\"@type\":\"ReadAction\",\"target\":[\"https:\/\/www.italpassion.fr\/pt\/alfa-romeo\/le-ceo-dalfa-romeo-donne-des-indices-sur-levolution-de-la-gamme-de-la-marque-et-maserati-en-meme-temps\/\"]}]},{\"@type\":\"ImageObject\",\"inLanguage\":\"pt-PT\",\"@id\":\"https:\/\/www.italpassion.fr\/pt\/alfa-romeo\/le-ceo-dalfa-romeo-donne-des-indices-sur-levolution-de-la-gamme-de-la-marque-et-maserati-en-meme-temps\/#primaryimage\",\"url\":\"https:\/\/www.italpassion.fr\/wp-content\/uploads\/2024\/10\/ficili-alfa-romeo.jpg\",\"contentUrl\":\"https:\/\/www.italpassion.fr\/wp-content\/uploads\/2024\/10\/ficili-alfa-romeo.jpg\",\"width\":1200,\"height\":800},{\"@type\":\"BreadcrumbList\",\"@id\":\"https:\/\/www.italpassion.fr\/pt\/alfa-romeo\/le-ceo-dalfa-romeo-donne-des-indices-sur-levolution-de-la-gamme-de-la-marque-et-maserati-en-meme-temps\/#breadcrumb\",\"itemListElement\":[{\"@type\":\"ListItem\",\"position\":1,\"name\":\"Accueil\",\"item\":\"https:\/\/www.italpassion.fr\/pt\/\"},{\"@type\":\"ListItem\",\"position\":2,\"name\":\"Le CEO d&rsquo;Alfa Romeo donne des indices sur l&rsquo;\u00e9volution de la gamme de la marque (et Maserati en m\u00eame temps)\"}]},{\"@type\":\"WebSite\",\"@id\":\"https:\/\/www.italpassion.fr\/pt\/#website\",\"url\":\"https:\/\/www.italpassion.fr\/pt\/\",\"name\":\"ItalPassion\",\"description\":\"Les Passionn\u00e9s d&#039;Automobiles Italiennes\",\"publisher\":{\"@id\":\"https:\/\/www.italpassion.fr\/pt\/#organization\"},\"potentialAction\":[{\"@type\":\"SearchAction\",\"target\":{\"@type\":\"EntryPoint\",\"urlTemplate\":\"https:\/\/www.italpassion.fr\/pt\/?s={search_term_string}\"},\"query-input\":{\"@type\":\"PropertyValueSpecification\",\"valueRequired\":true,\"valueName\":\"search_term_string\"}}],\"inLanguage\":\"pt-PT\"},{\"@type\":\"Organization\",\"@id\":\"https:\/\/www.italpassion.fr\/pt\/#organization\",\"name\":\"Italpassion\",\"url\":\"https:\/\/www.italpassion.fr\/pt\/\",\"logo\":{\"@type\":\"ImageObject\",\"inLanguage\":\"pt-PT\",\"@id\":\"https:\/\/www.italpassion.fr\/pt\/#\/schema\/logo\/image\/\",\"url\":\"https:\/\/www.italpassion.fr\/wp-content\/uploads\/2023\/07\/italpassion-yoast.jpg\",\"contentUrl\":\"https:\/\/www.italpassion.fr\/wp-content\/uploads\/2023\/07\/italpassion-yoast.jpg\",\"width\":696,\"height\":696,\"caption\":\"Italpassion\"},\"image\":{\"@id\":\"https:\/\/www.italpassion.fr\/pt\/#\/schema\/logo\/image\/\"},\"sameAs\":[\"https:\/\/www.facebook.com\/italpassion\",\"https:\/\/x.com\/italpassion\",\"https:\/\/www.instagram.com\/italpassionfr\/\",\"https:\/\/www.youtube.com\/channel\/UCleq-ByQaA42OjhopwevRjQ\",\"https:\/\/www.facebook.com\/italpassion.en\/\",\"https:\/\/www.facebook.com\/italpassion.it\/\",\"https:\/\/www.facebook.com\/italpassion.de\/\",\"https:\/\/www.facebook.com\/italpassion.ja\/\"]},{\"@type\":\"Person\",\"@id\":\"https:\/\/www.italpassion.fr\/pt\/#\/schema\/person\/36f747b2a759ca202d847e85a9434ca0\",\"name\":\"Alexandre Filluzeau\",\"image\":{\"@type\":\"ImageObject\",\"inLanguage\":\"pt-PT\",\"@id\":\"https:\/\/www.italpassion.fr\/pt\/#\/schema\/person\/image\/\",\"url\":\"https:\/\/www.italpassion.fr\/wp-content\/uploads\/2025\/04\/avatar-alexandre-160x160.jpg\",\"contentUrl\":\"https:\/\/www.italpassion.fr\/wp-content\/uploads\/2025\/04\/avatar-alexandre-160x160.jpg\",\"caption\":\"Alexandre Filluzeau\"},\"description\":\"Fondateur du site ItalPassion, passionn\u00e9 de voitures italiennes et de l'Italie en g\u00e9n\u00e9ral. J'apporte un regard critique et technique aux actualit\u00e9s des marques italiennes quand cela est possible. Propri\u00e9taire d'une Maserati GranTurismo, Alfa Romeo MiTo, Lancia Fulvia et Ducati 695. Ex-propri\u00e9taire d'une Alfa Romeo Giulia.\",\"sameAs\":[\"https:\/\/www.italpassion.fr\/\"],\"url\":\"https:\/\/www.italpassion.fr\/pt\/author\/alexandre\/\"}]}<\/script>\n<!-- \/ Yoast SEO plugin. -->","yoast_head_json":{"title":"O CEO da Alfa Romeo d\u00e1 pistas sobre a evolu\u00e7\u00e3o da gama da marca (e da Maserati ao mesmo tempo) - ItalPassion","description":"H\u00e1 alguns anos, o plano de produto da Alfa Romeo era claro. Sob a dire\u00e7\u00e3o de Jean-Philippe Imparato, a marca italiana deveria mudar","robots":{"index":"index","follow":"follow","max-snippet":"max-snippet:-1","max-image-preview":"max-image-preview:large","max-video-preview":"max-video-preview:-1"},"canonical":"https:\/\/www.italpassion.fr\/pt\/alfa-romeo\/o-diretor-geral-da-dalfa-romeo-da-a-entender-a-evolucao-da-gama-da-marca-e-da-maserati-ao-mesmo-tempo\/","og_locale":"pt_PT","og_type":"article","og_title":"Le CEO d'Alfa Romeo donne des indices sur l'\u00e9volution de la gamme de la marque (et Maserati en m\u00eame temps) - ItalPassion","og_description":"Il y a quelques ann\u00e9es, le plan produit d\u2019Alfa Romeo \u00e9tait clair. Sous la direction de Jean-Philippe Imparato, la marque italienne devait basculer","og_url":"https:\/\/www.italpassion.fr\/pt\/alfa-romeo\/o-diretor-geral-da-dalfa-romeo-da-a-entender-a-evolucao-da-gama-da-marca-e-da-maserati-ao-mesmo-tempo\/","og_site_name":"ItalPassion","article_publisher":"https:\/\/www.facebook.com\/italpassion","article_published_time":"2025-10-24T05:33:40+00:00","og_image":[{"width":1200,"height":800,"url":"https:\/\/www.italpassion.fr\/wp-content\/uploads\/2024\/10\/ficili-alfa-romeo.jpg","type":"image\/jpeg"}],"author":"Alexandre Filluzeau","twitter_card":"summary_large_image","twitter_creator":"@italpassion","twitter_site":"@italpassion","schema":{"@context":"https:\/\/schema.org","@graph":[{"@type":"NewsArticle","@id":"https:\/\/www.italpassion.fr\/pt\/alfa-romeo\/le-ceo-dalfa-romeo-donne-des-indices-sur-levolution-de-la-gamme-de-la-marque-et-maserati-en-meme-temps\/#article","isPartOf":{"@id":"https:\/\/www.italpassion.fr\/pt\/alfa-romeo\/le-ceo-dalfa-romeo-donne-des-indices-sur-levolution-de-la-gamme-de-la-marque-et-maserati-en-meme-temps\/"},"author":{"name":"Alexandre Filluzeau","@id":"https:\/\/www.italpassion.fr\/pt\/#\/schema\/person\/36f747b2a759ca202d847e85a9434ca0"},"headline":"Le CEO d&rsquo;Alfa Romeo donne des indices sur l&rsquo;\u00e9volution de la gamme de la marque (et Maserati en m\u00eame temps)","datePublished":"2025-10-24T05:33:40+00:00","mainEntityOfPage":{"@id":"https:\/\/www.italpassion.fr\/pt\/alfa-romeo\/le-ceo-dalfa-romeo-donne-des-indices-sur-levolution-de-la-gamme-de-la-marque-et-maserati-en-meme-temps\/"},"wordCount":702,"commentCount":20,"publisher":{"@id":"https:\/\/www.italpassion.fr\/pt\/#organization"},"image":{"@id":"https:\/\/www.italpassion.fr\/pt\/alfa-romeo\/le-ceo-dalfa-romeo-donne-des-indices-sur-levolution-de-la-gamme-de-la-marque-et-maserati-en-meme-temps\/#primaryimage"},"thumbnailUrl":"https:\/\/www.italpassion.fr\/wp-content\/uploads\/2024\/10\/ficili-alfa-romeo.jpg","keywords":["Santo Ficili"],"articleSection":["Alfa Romeo"],"inLanguage":"pt-PT","potentialAction":[{"@type":"CommentAction","name":"Comment","target":["https:\/\/www.italpassion.fr\/pt\/alfa-romeo\/le-ceo-dalfa-romeo-donne-des-indices-sur-levolution-de-la-gamme-de-la-marque-et-maserati-en-meme-temps\/#respond"]}]},{"@type":"WebPage","@id":"https:\/\/www.italpassion.fr\/pt\/alfa-romeo\/le-ceo-dalfa-romeo-donne-des-indices-sur-levolution-de-la-gamme-de-la-marque-et-maserati-en-meme-temps\/","url":"https:\/\/www.italpassion.fr\/pt\/alfa-romeo\/le-ceo-dalfa-romeo-donne-des-indices-sur-levolution-de-la-gamme-de-la-marque-et-maserati-en-meme-temps\/","name":"O CEO da Alfa Romeo d\u00e1 pistas sobre a evolu\u00e7\u00e3o da gama da marca (e da Maserati ao mesmo tempo) - ItalPassion","isPartOf":{"@id":"https:\/\/www.italpassion.fr\/pt\/#website"},"primaryImageOfPage":{"@id":"https:\/\/www.italpassion.fr\/pt\/alfa-romeo\/le-ceo-dalfa-romeo-donne-des-indices-sur-levolution-de-la-gamme-de-la-marque-et-maserati-en-meme-temps\/#primaryimage"},"image":{"@id":"https:\/\/www.italpassion.fr\/pt\/alfa-romeo\/le-ceo-dalfa-romeo-donne-des-indices-sur-levolution-de-la-gamme-de-la-marque-et-maserati-en-meme-temps\/#primaryimage"},"thumbnailUrl":"https:\/\/www.italpassion.fr\/wp-content\/uploads\/2024\/10\/ficili-alfa-romeo.jpg","datePublished":"2025-10-24T05:33:40+00:00","description":"H\u00e1 alguns anos, o plano de produto da Alfa Romeo era claro. Sob a dire\u00e7\u00e3o de Jean-Philippe Imparato, a marca italiana deveria mudar","breadcrumb":{"@id":"https:\/\/www.italpassion.fr\/pt\/alfa-romeo\/le-ceo-dalfa-romeo-donne-des-indices-sur-levolution-de-la-gamme-de-la-marque-et-maserati-en-meme-temps\/#breadcrumb"},"inLanguage":"pt-PT","potentialAction":[{"@type":"ReadAction","target":["https:\/\/www.italpassion.fr\/pt\/alfa-romeo\/le-ceo-dalfa-romeo-donne-des-indices-sur-levolution-de-la-gamme-de-la-marque-et-maserati-en-meme-temps\/"]}]},{"@type":"ImageObject","inLanguage":"pt-PT","@id":"https:\/\/www.italpassion.fr\/pt\/alfa-romeo\/le-ceo-dalfa-romeo-donne-des-indices-sur-levolution-de-la-gamme-de-la-marque-et-maserati-en-meme-temps\/#primaryimage","url":"https:\/\/www.italpassion.fr\/wp-content\/uploads\/2024\/10\/ficili-alfa-romeo.jpg","contentUrl":"https:\/\/www.italpassion.fr\/wp-content\/uploads\/2024\/10\/ficili-alfa-romeo.jpg","width":1200,"height":800},{"@type":"BreadcrumbList","@id":"https:\/\/www.italpassion.fr\/pt\/alfa-romeo\/le-ceo-dalfa-romeo-donne-des-indices-sur-levolution-de-la-gamme-de-la-marque-et-maserati-en-meme-temps\/#breadcrumb","itemListElement":[{"@type":"ListItem","position":1,"name":"Accueil","item":"https:\/\/www.italpassion.fr\/pt\/"},{"@type":"ListItem","position":2,"name":"Le CEO d&rsquo;Alfa Romeo donne des indices sur l&rsquo;\u00e9volution de la gamme de la marque (et Maserati en m\u00eame temps)"}]},{"@type":"WebSite","@id":"https:\/\/www.italpassion.fr\/pt\/#website","url":"https:\/\/www.italpassion.fr\/pt\/","name":"ItalPassion","description":"Entusiastas de autom\u00f3veis italianos","publisher":{"@id":"https:\/\/www.italpassion.fr\/pt\/#organization"},"potentialAction":[{"@type":"SearchAction","target":{"@type":"EntryPoint","urlTemplate":"https:\/\/www.italpassion.fr\/pt\/?s={search_term_string}"},"query-input":{"@type":"PropertyValueSpecification","valueRequired":true,"valueName":"search_term_string"}}],"inLanguage":"pt-PT"},{"@type":"Organization","@id":"https:\/\/www.italpassion.fr\/pt\/#organization","name":"Italpassion","url":"https:\/\/www.italpassion.fr\/pt\/","logo":{"@type":"ImageObject","inLanguage":"pt-PT","@id":"https:\/\/www.italpassion.fr\/pt\/#\/schema\/logo\/image\/","url":"https:\/\/www.italpassion.fr\/wp-content\/uploads\/2023\/07\/italpassion-yoast.jpg","contentUrl":"https:\/\/www.italpassion.fr\/wp-content\/uploads\/2023\/07\/italpassion-yoast.jpg","width":696,"height":696,"caption":"Italpassion"},"image":{"@id":"https:\/\/www.italpassion.fr\/pt\/#\/schema\/logo\/image\/"},"sameAs":["https:\/\/www.facebook.com\/italpassion","https:\/\/x.com\/italpassion","https:\/\/www.instagram.com\/italpassionfr\/","https:\/\/www.youtube.com\/channel\/UCleq-ByQaA42OjhopwevRjQ","https:\/\/www.facebook.com\/italpassion.en\/","https:\/\/www.facebook.com\/italpassion.it\/","https:\/\/www.facebook.com\/italpassion.de\/","https:\/\/www.facebook.com\/italpassion.ja\/"]},{"@type":"Person","@id":"https:\/\/www.italpassion.fr\/pt\/#\/schema\/person\/36f747b2a759ca202d847e85a9434ca0","name":"Alexandre Filluzeau","image":{"@type":"ImageObject","inLanguage":"pt-PT","@id":"https:\/\/www.italpassion.fr\/pt\/#\/schema\/person\/image\/","url":"https:\/\/www.italpassion.fr\/wp-content\/uploads\/2025\/04\/avatar-alexandre-160x160.jpg","contentUrl":"https:\/\/www.italpassion.fr\/wp-content\/uploads\/2025\/04\/avatar-alexandre-160x160.jpg","caption":"Alexandre Filluzeau"},"description":"Fundador do site ItalPassion, apaixonado por carros italianos e pela It\u00e1lia em geral. Trago um olhar cr\u00edtico e t\u00e9cnico \u00e0s not\u00edcias das marcas italianas, sempre que poss\u00edvel. Propriet\u00e1ria de um Maserati GranTurismo, Alfa Romeo MiTo, Lancia Fulvia e Ducati 695. Ex-propriet\u00e1rio de uma Alfa Romeo Giulia.","sameAs":["https:\/\/www.italpassion.fr\/"],"url":"https:\/\/www.italpassion.fr\/pt\/author\/alexandre\/"}]}},"_links":{"self":[{"href":"https:\/\/www.italpassion.fr\/pt\/wp-json\/wp\/v2\/posts\/42408","targetHints":{"allow":["GET"]}}],"collection":[{"href":"https:\/\/www.italpassion.fr\/pt\/wp-json\/wp\/v2\/posts"}],"about":[{"href":"https:\/\/www.italpassion.fr\/pt\/wp-json\/wp\/v2\/types\/post"}],"author":[{"embeddable":true,"href":"https:\/\/www.italpassion.fr\/pt\/wp-json\/wp\/v2\/users\/1"}],"replies":[{"embeddable":true,"href":"https:\/\/www.italpassion.fr\/pt\/wp-json\/wp\/v2\/comments?post=42408"}],"version-history":[{"count":3,"href":"https:\/\/www.italpassion.fr\/pt\/wp-json\/wp\/v2\/posts\/42408\/revisions"}],"predecessor-version":[{"id":42452,"href":"https:\/\/www.italpassion.fr\/pt\/wp-json\/wp\/v2\/posts\/42408\/revisions\/42452"}],"wp:featuredmedia":[{"embeddable":true,"href":"https:\/\/www.italpassion.fr\/pt\/wp-json\/wp\/v2\/media\/34861"}],"wp:attachment":[{"href":"https:\/\/www.italpassion.fr\/pt\/wp-json\/wp\/v2\/media?parent=42408"}],"wp:term":[{"taxonomy":"category","embeddable":true,"href":"https:\/\/www.italpassion.fr\/pt\/wp-json\/wp\/v2\/categories?post=42408"},{"taxonomy":"post_tag","embeddable":true,"href":"https:\/\/www.italpassion.fr\/pt\/wp-json\/wp\/v2\/tags?post=42408"}],"curies":[{"name":"wp","href":"https:\/\/api.w.org\/{rel}","templated":true}]}}