{"id":42364,"date":"2025-10-21T17:14:36","date_gmt":"2025-10-21T15:14:36","guid":{"rendered":"https:\/\/www.italpassion.fr\/?p=42364"},"modified":"2025-10-21T17:14:36","modified_gmt":"2025-10-21T15:14:36","slug":"lancia-entra-na-wrc2-mas-tem-dificuldades-em-vender-carros","status":"publish","type":"post","link":"https:\/\/www.italpassion.fr\/pt\/lancia\/lancia-sengage-en-wrc2-mais-peine-a-vendre-ses-voitures\/","title":{"rendered":"A Lancia entra no WRC2... mas tem dificuldade em vender carros"},"content":{"rendered":"<figure class=\"wp-block-image size-full\"><img loading=\"lazy\" decoding=\"async\" width=\"1200\" height=\"800\" src=\"https:\/\/www.italpassion.fr\/wp-content\/uploads\/2025\/06\/lancia-ypsilon-Vernice-Arancio-Lava-con-tetto-nero.jpg\" alt=\"\" class=\"wp-image-39503\" srcset=\"https:\/\/www.italpassion.fr\/wp-content\/uploads\/2025\/06\/lancia-ypsilon-Vernice-Arancio-Lava-con-tetto-nero.jpg 1200w, https:\/\/www.italpassion.fr\/wp-content\/uploads\/2025\/06\/lancia-ypsilon-Vernice-Arancio-Lava-con-tetto-nero-420x280.jpg 420w, https:\/\/www.italpassion.fr\/wp-content\/uploads\/2025\/06\/lancia-ypsilon-Vernice-Arancio-Lava-con-tetto-nero-768x512.jpg 768w, https:\/\/www.italpassion.fr\/wp-content\/uploads\/2025\/06\/lancia-ypsilon-Vernice-Arancio-Lava-con-tetto-nero-18x12.jpg 18w\" sizes=\"auto, (max-width: 1200px) 100vw, 1200px\" \/><\/figure>\n\n\n\n<p>Enquanto <a href=\"https:\/\/www.italpassion.fr\/pt\/lancia\/\">Lancia<\/a> acaba de confirmar <a href=\"https:\/\/www.italpassion.fr\/pt\/lancia\/a-lancia-confirma-o-seu-regresso-ao-campeonato-do-mundo-wrc2-e-podera-em-breve-estar-a-jogar-pela-vitoria\/\">o seu compromisso com o WRC2 para a \u00e9poca de 2026<\/a>No entanto, a situa\u00e7\u00e3o comercial da marca continua a ser muito mais fr\u00e1gil. Se conseguir ultrapassar a barreira simb\u00f3lica dos 10.000 autom\u00f3veis matriculados durante todo o ano de 2025, j\u00e1 ser\u00e1 um pequeno milagre.<\/p>\n\n\n\n<h2 class=\"wp-block-heading\">Valores estagnados ou mesmo em decl\u00ednio<\/h2>\n\n\n\n<p>Ap\u00f3s um bom in\u00edcio de ano, as matr\u00edculas da Lancia continuam a refletir as dificuldades de uma marca que sobrevive mais do que recupera. Em It\u00e1lia, o principal mercado, a curva continua a ser ascendente e descendente. Em setembro, foram vendidas apenas 712 unidades, muito longe do pico de 1110 unidades atingido em mar\u00e7o. Assim, nos primeiros nove meses de 2025, foram registados 7 325 autom\u00f3veis em It\u00e1lia.<\/p>\n\n\n\n<p>O Lancia Ypsilon, que continua a ser o \u00fanico modelo do cat\u00e1logo, j\u00e1 nem sequer figura no top 50 do mercado italiano. Com 7 324 registos acumulados, ocupa o 47\u00ba lugar, atr\u00e1s do Audi A1 (7 453) e muito atr\u00e1s do Suzuki Swift (8 690). \u00c9 um s\u00edmbolo poderoso: o citadino italiano, outrora rei das vendas nacionais, est\u00e1 a recuar face a concorrentes mais recentes, mas mais bem apoiados comercialmente.<\/p>\n\n\n\n<figure class=\"wp-block-image size-full\"><img loading=\"lazy\" decoding=\"async\" width=\"1089\" height=\"583\" src=\"https:\/\/www.italpassion.fr\/wp-content\/uploads\/2025\/10\/lancia-vente-italie.jpg\" alt=\"\" class=\"wp-image-42366\" srcset=\"https:\/\/www.italpassion.fr\/wp-content\/uploads\/2025\/10\/lancia-vente-italie.jpg 1089w, https:\/\/www.italpassion.fr\/wp-content\/uploads\/2025\/10\/lancia-vente-italie-420x225.jpg 420w, https:\/\/www.italpassion.fr\/wp-content\/uploads\/2025\/10\/lancia-vente-italie-768x411.jpg 768w, https:\/\/www.italpassion.fr\/wp-content\/uploads\/2025\/10\/lancia-vente-italie-18x10.jpg 18w\" sizes=\"auto, (max-width: 1089px) 100vw, 1089px\" \/><\/figure>\n\n\n\n<h2 class=\"wp-block-heading\">A n\u00edvel internacional, a marca permanece invis\u00edvel<\/h2>\n\n\n\n<p>Fora de It\u00e1lia, a situa\u00e7\u00e3o n\u00e3o est\u00e1 a melhorar. Em Fran\u00e7a, as vendas mantiveram-se a um n\u00edvel muito modesto, com 61 matr\u00edculas em setembro, em linha com a baixa m\u00e9dia do ano, para um total de 571 unidades desde janeiro.<\/p>\n\n\n\n<p>Em Espanha, onde o Ypsilon \u00e9 montado, o contraste \u00e9 not\u00e1vel: apenas 20 autom\u00f3veis vendidos em setembro, contra 459 desde o in\u00edcio do ano. Na B\u00e9lgica, a m\u00e9dia manteve-se est\u00e1vel em 18 unidades em setembro, para um total de 161 autom\u00f3veis. Nos Pa\u00edses Baixos, o mercado \u00e9 praticamente inexistente: apenas 3 vendas no m\u00eas, 107 em nove meses. E na Alemanha, muito simplesmente, a marca continua a n\u00e3o estar no mercado.<\/p>\n\n\n\n<p>Dos 8.623 autom\u00f3veis Lancia registados na Europa desde o in\u00edcio do ano, quase 85 % foram registados em It\u00e1lia. A conclus\u00e3o \u00e9 clara: sem o seu mercado nacional, a marca j\u00e1 teria desaparecido do radar. A Lancia continua a ser uma marca local, apesar do seu desejo inicial de voltar a ser europeia.<\/p>\n\n\n\n<figure class=\"wp-block-table\"><table class=\"has-fixed-layout\"><thead><tr><th>Pa\u00eds<\/th><th>janeiro - setembro de 2025<\/th><\/tr><\/thead><tbody><tr><td>It\u00e1lia<\/td><td>7325<\/td><\/tr><tr><td>Fran\u00e7a<\/td><td>571<\/td><\/tr><tr><td>Alemanha<\/td><td>0<\/td><\/tr><tr><td>Espanha<\/td><td>459<\/td><\/tr><tr><td>B\u00e9lgica<\/td><td>161<\/td><\/tr><tr><td>Pa\u00edses Baixos<\/td><td>107<\/td><\/tr><\/tbody><\/table><figcaption class=\"wp-element-caption\">Os n\u00fameros da Italpassion devem ser citados<\/figcaption><\/figure>\n\n\n\n<h2 class=\"wp-block-heading\">10 000 vendas: um objetivo quase simb\u00f3lico<\/h2>\n\n\n\n<p>Atingir 10 000 matr\u00edculas at\u00e9 2025 parece agora realiz\u00e1vel, mas sobretudo aned\u00f3tico. \u00c9 certo que, para uma marca que prop\u00f5e apenas um modelo, sem a m\u00ednima campanha publicit\u00e1ria vis\u00edvel, este n\u00famero quase poderia ser considerado um sucesso. Mas, na realidade, ilustra sobretudo a extrema fragilidade de uma marca que se esfor\u00e7a por existir face aos seus primos, o Peugeot 208 e o Opel Corsa, dentro do mesmo grupo.<\/p>\n\n\n\n<h2 class=\"wp-block-heading\">Esperan\u00e7a de um renascimento em 2026<\/h2>\n\n\n\n<p>O desafio est\u00e1 agora na chegada do futuro Lancia Gamma, previsto para 2026. Este SUV de maiores dimens\u00f5es e mais ambicioso, destinado \u00e0 Europa, poder\u00e1 finalmente dar um novo f\u00f4lego \u00e0 marca italiana. Mas Stellantis ter\u00e1 ainda de fazer um verdadeiro investimento na comunica\u00e7\u00e3o e no posicionamento da marca. Sem visibilidade, mesmo o melhor design permanecer\u00e1 invis\u00edvel.<\/p>","protected":false},"excerpt":{"rendered":"","protected":false},"author":1,"featured_media":39503,"comment_status":"open","ping_status":"open","sticky":false,"template":"","format":"standard","meta":{"_acf_changed":false,"_sitemap_exclude":false,"_sitemap_priority":"","_sitemap_frequency":"","footnotes":""},"categories":[26],"tags":[],"class_list":["post-42364","post","type-post","status-publish","format-standard","has-post-thumbnail","hentry","category-lancia","generate-columns","tablet-grid-50","mobile-grid-100","grid-parent","grid-33"],"acf":[],"yoast_head":"<!-- This site is optimized with the Yoast SEO plugin v25.8 - https:\/\/yoast.com\/wordpress\/plugins\/seo\/ -->\n<title>Lancia s\u2019engage en WRC2\u2026 mais peine \u00e0 vendre ses voitures - ItalPassion<\/title>\n<meta name=\"description\" content=\"Alors que Lancia vient tout juste de confirmer son engagement en WRC2 pour la saison 2026, la situation commerciale de la marque reste, elle, nettement\" \/>\n<meta name=\"robots\" content=\"index, follow, max-snippet:-1, max-image-preview:large, max-video-preview:-1\" \/>\n<link rel=\"canonical\" href=\"https:\/\/www.italpassion.fr\/pt\/lancia\/lancia-entra-na-wrc2-mas-tem-dificuldades-em-vender-carros\/\" \/>\n<meta property=\"og:locale\" content=\"pt_PT\" \/>\n<meta property=\"og:type\" content=\"article\" \/>\n<meta property=\"og:title\" content=\"Lancia s\u2019engage en WRC2\u2026 mais peine \u00e0 vendre ses voitures - ItalPassion\" \/>\n<meta property=\"og:description\" content=\"Alors que Lancia vient tout juste de confirmer son engagement en WRC2 pour la saison 2026, la situation commerciale de la marque reste, elle, nettement\" \/>\n<meta property=\"og:url\" content=\"https:\/\/www.italpassion.fr\/pt\/lancia\/lancia-entra-na-wrc2-mas-tem-dificuldades-em-vender-carros\/\" \/>\n<meta property=\"og:site_name\" content=\"ItalPassion\" \/>\n<meta property=\"article:publisher\" content=\"https:\/\/www.facebook.com\/italpassion\" \/>\n<meta property=\"article:published_time\" content=\"2025-10-21T15:14:36+00:00\" \/>\n<meta property=\"og:image\" content=\"https:\/\/www.italpassion.fr\/wp-content\/uploads\/2025\/06\/lancia-ypsilon-Vernice-Arancio-Lava-con-tetto-nero.jpg\" \/>\n\t<meta property=\"og:image:width\" content=\"1200\" \/>\n\t<meta property=\"og:image:height\" content=\"800\" \/>\n\t<meta property=\"og:image:type\" content=\"image\/jpeg\" \/>\n<meta name=\"author\" content=\"Alexandre Filluzeau\" \/>\n<meta name=\"twitter:card\" content=\"summary_large_image\" \/>\n<meta name=\"twitter:creator\" content=\"@italpassion\" \/>\n<meta name=\"twitter:site\" content=\"@italpassion\" \/>\n<script type=\"application\/ld+json\" class=\"yoast-schema-graph\">{\"@context\":\"https:\/\/schema.org\",\"@graph\":[{\"@type\":\"NewsArticle\",\"@id\":\"https:\/\/www.italpassion.fr\/pt\/lancia\/lancia-sengage-en-wrc2-mais-peine-a-vendre-ses-voitures\/#article\",\"isPartOf\":{\"@id\":\"https:\/\/www.italpassion.fr\/pt\/lancia\/lancia-sengage-en-wrc2-mais-peine-a-vendre-ses-voitures\/\"},\"author\":{\"name\":\"Alexandre Filluzeau\",\"@id\":\"https:\/\/www.italpassion.fr\/pt\/#\/schema\/person\/36f747b2a759ca202d847e85a9434ca0\"},\"headline\":\"Lancia s\u2019engage en WRC2\u2026 mais peine \u00e0 vendre ses voitures\",\"datePublished\":\"2025-10-21T15:14:36+00:00\",\"mainEntityOfPage\":{\"@id\":\"https:\/\/www.italpassion.fr\/pt\/lancia\/lancia-sengage-en-wrc2-mais-peine-a-vendre-ses-voitures\/\"},\"wordCount\":535,\"commentCount\":26,\"publisher\":{\"@id\":\"https:\/\/www.italpassion.fr\/pt\/#organization\"},\"image\":{\"@id\":\"https:\/\/www.italpassion.fr\/pt\/lancia\/lancia-sengage-en-wrc2-mais-peine-a-vendre-ses-voitures\/#primaryimage\"},\"thumbnailUrl\":\"https:\/\/www.italpassion.fr\/wp-content\/uploads\/2025\/06\/lancia-ypsilon-Vernice-Arancio-Lava-con-tetto-nero.jpg\",\"articleSection\":[\"Lancia\"],\"inLanguage\":\"pt-PT\",\"potentialAction\":[{\"@type\":\"CommentAction\",\"name\":\"Comment\",\"target\":[\"https:\/\/www.italpassion.fr\/pt\/lancia\/lancia-sengage-en-wrc2-mais-peine-a-vendre-ses-voitures\/#respond\"]}]},{\"@type\":\"WebPage\",\"@id\":\"https:\/\/www.italpassion.fr\/pt\/lancia\/lancia-sengage-en-wrc2-mais-peine-a-vendre-ses-voitures\/\",\"url\":\"https:\/\/www.italpassion.fr\/pt\/lancia\/lancia-sengage-en-wrc2-mais-peine-a-vendre-ses-voitures\/\",\"name\":\"Lancia s\u2019engage en WRC2\u2026 mais peine \u00e0 vendre ses voitures - ItalPassion\",\"isPartOf\":{\"@id\":\"https:\/\/www.italpassion.fr\/pt\/#website\"},\"primaryImageOfPage\":{\"@id\":\"https:\/\/www.italpassion.fr\/pt\/lancia\/lancia-sengage-en-wrc2-mais-peine-a-vendre-ses-voitures\/#primaryimage\"},\"image\":{\"@id\":\"https:\/\/www.italpassion.fr\/pt\/lancia\/lancia-sengage-en-wrc2-mais-peine-a-vendre-ses-voitures\/#primaryimage\"},\"thumbnailUrl\":\"https:\/\/www.italpassion.fr\/wp-content\/uploads\/2025\/06\/lancia-ypsilon-Vernice-Arancio-Lava-con-tetto-nero.jpg\",\"datePublished\":\"2025-10-21T15:14:36+00:00\",\"description\":\"Alors que Lancia vient tout juste de confirmer son engagement en WRC2 pour la saison 2026, la situation commerciale de la marque reste, elle, nettement\",\"breadcrumb\":{\"@id\":\"https:\/\/www.italpassion.fr\/pt\/lancia\/lancia-sengage-en-wrc2-mais-peine-a-vendre-ses-voitures\/#breadcrumb\"},\"inLanguage\":\"pt-PT\",\"potentialAction\":[{\"@type\":\"ReadAction\",\"target\":[\"https:\/\/www.italpassion.fr\/pt\/lancia\/lancia-sengage-en-wrc2-mais-peine-a-vendre-ses-voitures\/\"]}]},{\"@type\":\"ImageObject\",\"inLanguage\":\"pt-PT\",\"@id\":\"https:\/\/www.italpassion.fr\/pt\/lancia\/lancia-sengage-en-wrc2-mais-peine-a-vendre-ses-voitures\/#primaryimage\",\"url\":\"https:\/\/www.italpassion.fr\/wp-content\/uploads\/2025\/06\/lancia-ypsilon-Vernice-Arancio-Lava-con-tetto-nero.jpg\",\"contentUrl\":\"https:\/\/www.italpassion.fr\/wp-content\/uploads\/2025\/06\/lancia-ypsilon-Vernice-Arancio-Lava-con-tetto-nero.jpg\",\"width\":1200,\"height\":800},{\"@type\":\"BreadcrumbList\",\"@id\":\"https:\/\/www.italpassion.fr\/pt\/lancia\/lancia-sengage-en-wrc2-mais-peine-a-vendre-ses-voitures\/#breadcrumb\",\"itemListElement\":[{\"@type\":\"ListItem\",\"position\":1,\"name\":\"Accueil\",\"item\":\"https:\/\/www.italpassion.fr\/pt\/\"},{\"@type\":\"ListItem\",\"position\":2,\"name\":\"Lancia s\u2019engage en WRC2\u2026 mais peine \u00e0 vendre ses voitures\"}]},{\"@type\":\"WebSite\",\"@id\":\"https:\/\/www.italpassion.fr\/pt\/#website\",\"url\":\"https:\/\/www.italpassion.fr\/pt\/\",\"name\":\"ItalPassion\",\"description\":\"Les Passionn\u00e9s d&#039;Automobiles Italiennes\",\"publisher\":{\"@id\":\"https:\/\/www.italpassion.fr\/pt\/#organization\"},\"potentialAction\":[{\"@type\":\"SearchAction\",\"target\":{\"@type\":\"EntryPoint\",\"urlTemplate\":\"https:\/\/www.italpassion.fr\/pt\/?s={search_term_string}\"},\"query-input\":{\"@type\":\"PropertyValueSpecification\",\"valueRequired\":true,\"valueName\":\"search_term_string\"}}],\"inLanguage\":\"pt-PT\"},{\"@type\":\"Organization\",\"@id\":\"https:\/\/www.italpassion.fr\/pt\/#organization\",\"name\":\"Italpassion\",\"url\":\"https:\/\/www.italpassion.fr\/pt\/\",\"logo\":{\"@type\":\"ImageObject\",\"inLanguage\":\"pt-PT\",\"@id\":\"https:\/\/www.italpassion.fr\/pt\/#\/schema\/logo\/image\/\",\"url\":\"https:\/\/www.italpassion.fr\/wp-content\/uploads\/2023\/07\/italpassion-yoast.jpg\",\"contentUrl\":\"https:\/\/www.italpassion.fr\/wp-content\/uploads\/2023\/07\/italpassion-yoast.jpg\",\"width\":696,\"height\":696,\"caption\":\"Italpassion\"},\"image\":{\"@id\":\"https:\/\/www.italpassion.fr\/pt\/#\/schema\/logo\/image\/\"},\"sameAs\":[\"https:\/\/www.facebook.com\/italpassion\",\"https:\/\/x.com\/italpassion\",\"https:\/\/www.instagram.com\/italpassionfr\/\",\"https:\/\/www.youtube.com\/channel\/UCleq-ByQaA42OjhopwevRjQ\",\"https:\/\/www.facebook.com\/italpassion.en\/\",\"https:\/\/www.facebook.com\/italpassion.it\/\",\"https:\/\/www.facebook.com\/italpassion.de\/\",\"https:\/\/www.facebook.com\/italpassion.ja\/\"]},{\"@type\":\"Person\",\"@id\":\"https:\/\/www.italpassion.fr\/pt\/#\/schema\/person\/36f747b2a759ca202d847e85a9434ca0\",\"name\":\"Alexandre Filluzeau\",\"image\":{\"@type\":\"ImageObject\",\"inLanguage\":\"pt-PT\",\"@id\":\"https:\/\/www.italpassion.fr\/pt\/#\/schema\/person\/image\/\",\"url\":\"https:\/\/www.italpassion.fr\/wp-content\/uploads\/2025\/04\/avatar-alexandre-160x160.jpg\",\"contentUrl\":\"https:\/\/www.italpassion.fr\/wp-content\/uploads\/2025\/04\/avatar-alexandre-160x160.jpg\",\"caption\":\"Alexandre Filluzeau\"},\"description\":\"Fondateur du site ItalPassion, passionn\u00e9 de voitures italiennes et de l'Italie en g\u00e9n\u00e9ral. J'apporte un regard critique et technique aux actualit\u00e9s des marques italiennes quand cela est possible. Propri\u00e9taire d'une Maserati GranTurismo, Alfa Romeo MiTo, Lancia Fulvia et Ducati 695. Ex-propri\u00e9taire d'une Alfa Romeo Giulia.\",\"sameAs\":[\"https:\/\/www.italpassion.fr\/\"],\"url\":\"https:\/\/www.italpassion.fr\/pt\/author\/alexandre\/\"}]}<\/script>\n<!-- \/ Yoast SEO plugin. -->","yoast_head_json":{"title":"Lancia entra no WRC2... mas tem dificuldade em vender carros - ItalPassion","description":"Embora a Lancia tenha acabado de confirmar o seu compromisso com o WRC2 para a \u00e9poca de 2026, a situa\u00e7\u00e3o comercial da marca est\u00e1 longe de ser satisfat\u00f3ria.","robots":{"index":"index","follow":"follow","max-snippet":"max-snippet:-1","max-image-preview":"max-image-preview:large","max-video-preview":"max-video-preview:-1"},"canonical":"https:\/\/www.italpassion.fr\/pt\/lancia\/lancia-entra-na-wrc2-mas-tem-dificuldades-em-vender-carros\/","og_locale":"pt_PT","og_type":"article","og_title":"Lancia s\u2019engage en WRC2\u2026 mais peine \u00e0 vendre ses voitures - ItalPassion","og_description":"Alors que Lancia vient tout juste de confirmer son engagement en WRC2 pour la saison 2026, la situation commerciale de la marque reste, elle, nettement","og_url":"https:\/\/www.italpassion.fr\/pt\/lancia\/lancia-entra-na-wrc2-mas-tem-dificuldades-em-vender-carros\/","og_site_name":"ItalPassion","article_publisher":"https:\/\/www.facebook.com\/italpassion","article_published_time":"2025-10-21T15:14:36+00:00","og_image":[{"width":1200,"height":800,"url":"https:\/\/www.italpassion.fr\/wp-content\/uploads\/2025\/06\/lancia-ypsilon-Vernice-Arancio-Lava-con-tetto-nero.jpg","type":"image\/jpeg"}],"author":"Alexandre Filluzeau","twitter_card":"summary_large_image","twitter_creator":"@italpassion","twitter_site":"@italpassion","schema":{"@context":"https:\/\/schema.org","@graph":[{"@type":"NewsArticle","@id":"https:\/\/www.italpassion.fr\/pt\/lancia\/lancia-sengage-en-wrc2-mais-peine-a-vendre-ses-voitures\/#article","isPartOf":{"@id":"https:\/\/www.italpassion.fr\/pt\/lancia\/lancia-sengage-en-wrc2-mais-peine-a-vendre-ses-voitures\/"},"author":{"name":"Alexandre Filluzeau","@id":"https:\/\/www.italpassion.fr\/pt\/#\/schema\/person\/36f747b2a759ca202d847e85a9434ca0"},"headline":"Lancia s\u2019engage en WRC2\u2026 mais peine \u00e0 vendre ses voitures","datePublished":"2025-10-21T15:14:36+00:00","mainEntityOfPage":{"@id":"https:\/\/www.italpassion.fr\/pt\/lancia\/lancia-sengage-en-wrc2-mais-peine-a-vendre-ses-voitures\/"},"wordCount":535,"commentCount":26,"publisher":{"@id":"https:\/\/www.italpassion.fr\/pt\/#organization"},"image":{"@id":"https:\/\/www.italpassion.fr\/pt\/lancia\/lancia-sengage-en-wrc2-mais-peine-a-vendre-ses-voitures\/#primaryimage"},"thumbnailUrl":"https:\/\/www.italpassion.fr\/wp-content\/uploads\/2025\/06\/lancia-ypsilon-Vernice-Arancio-Lava-con-tetto-nero.jpg","articleSection":["Lancia"],"inLanguage":"pt-PT","potentialAction":[{"@type":"CommentAction","name":"Comment","target":["https:\/\/www.italpassion.fr\/pt\/lancia\/lancia-sengage-en-wrc2-mais-peine-a-vendre-ses-voitures\/#respond"]}]},{"@type":"WebPage","@id":"https:\/\/www.italpassion.fr\/pt\/lancia\/lancia-sengage-en-wrc2-mais-peine-a-vendre-ses-voitures\/","url":"https:\/\/www.italpassion.fr\/pt\/lancia\/lancia-sengage-en-wrc2-mais-peine-a-vendre-ses-voitures\/","name":"Lancia entra no WRC2... mas tem dificuldade em vender carros - ItalPassion","isPartOf":{"@id":"https:\/\/www.italpassion.fr\/pt\/#website"},"primaryImageOfPage":{"@id":"https:\/\/www.italpassion.fr\/pt\/lancia\/lancia-sengage-en-wrc2-mais-peine-a-vendre-ses-voitures\/#primaryimage"},"image":{"@id":"https:\/\/www.italpassion.fr\/pt\/lancia\/lancia-sengage-en-wrc2-mais-peine-a-vendre-ses-voitures\/#primaryimage"},"thumbnailUrl":"https:\/\/www.italpassion.fr\/wp-content\/uploads\/2025\/06\/lancia-ypsilon-Vernice-Arancio-Lava-con-tetto-nero.jpg","datePublished":"2025-10-21T15:14:36+00:00","description":"Embora a Lancia tenha acabado de confirmar o seu compromisso com o WRC2 para a \u00e9poca de 2026, a situa\u00e7\u00e3o comercial da marca est\u00e1 longe de ser satisfat\u00f3ria.","breadcrumb":{"@id":"https:\/\/www.italpassion.fr\/pt\/lancia\/lancia-sengage-en-wrc2-mais-peine-a-vendre-ses-voitures\/#breadcrumb"},"inLanguage":"pt-PT","potentialAction":[{"@type":"ReadAction","target":["https:\/\/www.italpassion.fr\/pt\/lancia\/lancia-sengage-en-wrc2-mais-peine-a-vendre-ses-voitures\/"]}]},{"@type":"ImageObject","inLanguage":"pt-PT","@id":"https:\/\/www.italpassion.fr\/pt\/lancia\/lancia-sengage-en-wrc2-mais-peine-a-vendre-ses-voitures\/#primaryimage","url":"https:\/\/www.italpassion.fr\/wp-content\/uploads\/2025\/06\/lancia-ypsilon-Vernice-Arancio-Lava-con-tetto-nero.jpg","contentUrl":"https:\/\/www.italpassion.fr\/wp-content\/uploads\/2025\/06\/lancia-ypsilon-Vernice-Arancio-Lava-con-tetto-nero.jpg","width":1200,"height":800},{"@type":"BreadcrumbList","@id":"https:\/\/www.italpassion.fr\/pt\/lancia\/lancia-sengage-en-wrc2-mais-peine-a-vendre-ses-voitures\/#breadcrumb","itemListElement":[{"@type":"ListItem","position":1,"name":"Accueil","item":"https:\/\/www.italpassion.fr\/pt\/"},{"@type":"ListItem","position":2,"name":"Lancia s\u2019engage en WRC2\u2026 mais peine \u00e0 vendre ses voitures"}]},{"@type":"WebSite","@id":"https:\/\/www.italpassion.fr\/pt\/#website","url":"https:\/\/www.italpassion.fr\/pt\/","name":"ItalPassion","description":"Entusiastas de autom\u00f3veis italianos","publisher":{"@id":"https:\/\/www.italpassion.fr\/pt\/#organization"},"potentialAction":[{"@type":"SearchAction","target":{"@type":"EntryPoint","urlTemplate":"https:\/\/www.italpassion.fr\/pt\/?s={search_term_string}"},"query-input":{"@type":"PropertyValueSpecification","valueRequired":true,"valueName":"search_term_string"}}],"inLanguage":"pt-PT"},{"@type":"Organization","@id":"https:\/\/www.italpassion.fr\/pt\/#organization","name":"Italpassion","url":"https:\/\/www.italpassion.fr\/pt\/","logo":{"@type":"ImageObject","inLanguage":"pt-PT","@id":"https:\/\/www.italpassion.fr\/pt\/#\/schema\/logo\/image\/","url":"https:\/\/www.italpassion.fr\/wp-content\/uploads\/2023\/07\/italpassion-yoast.jpg","contentUrl":"https:\/\/www.italpassion.fr\/wp-content\/uploads\/2023\/07\/italpassion-yoast.jpg","width":696,"height":696,"caption":"Italpassion"},"image":{"@id":"https:\/\/www.italpassion.fr\/pt\/#\/schema\/logo\/image\/"},"sameAs":["https:\/\/www.facebook.com\/italpassion","https:\/\/x.com\/italpassion","https:\/\/www.instagram.com\/italpassionfr\/","https:\/\/www.youtube.com\/channel\/UCleq-ByQaA42OjhopwevRjQ","https:\/\/www.facebook.com\/italpassion.en\/","https:\/\/www.facebook.com\/italpassion.it\/","https:\/\/www.facebook.com\/italpassion.de\/","https:\/\/www.facebook.com\/italpassion.ja\/"]},{"@type":"Person","@id":"https:\/\/www.italpassion.fr\/pt\/#\/schema\/person\/36f747b2a759ca202d847e85a9434ca0","name":"Alexandre Filluzeau","image":{"@type":"ImageObject","inLanguage":"pt-PT","@id":"https:\/\/www.italpassion.fr\/pt\/#\/schema\/person\/image\/","url":"https:\/\/www.italpassion.fr\/wp-content\/uploads\/2025\/04\/avatar-alexandre-160x160.jpg","contentUrl":"https:\/\/www.italpassion.fr\/wp-content\/uploads\/2025\/04\/avatar-alexandre-160x160.jpg","caption":"Alexandre Filluzeau"},"description":"Fundador do site ItalPassion, apaixonado por carros italianos e pela It\u00e1lia em geral. Trago um olhar cr\u00edtico e t\u00e9cnico \u00e0s not\u00edcias das marcas italianas, sempre que poss\u00edvel. Propriet\u00e1ria de um Maserati GranTurismo, Alfa Romeo MiTo, Lancia Fulvia e Ducati 695. Ex-propriet\u00e1rio de uma Alfa Romeo Giulia.","sameAs":["https:\/\/www.italpassion.fr\/"],"url":"https:\/\/www.italpassion.fr\/pt\/author\/alexandre\/"}]}},"_links":{"self":[{"href":"https:\/\/www.italpassion.fr\/pt\/wp-json\/wp\/v2\/posts\/42364","targetHints":{"allow":["GET"]}}],"collection":[{"href":"https:\/\/www.italpassion.fr\/pt\/wp-json\/wp\/v2\/posts"}],"about":[{"href":"https:\/\/www.italpassion.fr\/pt\/wp-json\/wp\/v2\/types\/post"}],"author":[{"embeddable":true,"href":"https:\/\/www.italpassion.fr\/pt\/wp-json\/wp\/v2\/users\/1"}],"replies":[{"embeddable":true,"href":"https:\/\/www.italpassion.fr\/pt\/wp-json\/wp\/v2\/comments?post=42364"}],"version-history":[{"count":1,"href":"https:\/\/www.italpassion.fr\/pt\/wp-json\/wp\/v2\/posts\/42364\/revisions"}],"predecessor-version":[{"id":42367,"href":"https:\/\/www.italpassion.fr\/pt\/wp-json\/wp\/v2\/posts\/42364\/revisions\/42367"}],"wp:featuredmedia":[{"embeddable":true,"href":"https:\/\/www.italpassion.fr\/pt\/wp-json\/wp\/v2\/media\/39503"}],"wp:attachment":[{"href":"https:\/\/www.italpassion.fr\/pt\/wp-json\/wp\/v2\/media?parent=42364"}],"wp:term":[{"taxonomy":"category","embeddable":true,"href":"https:\/\/www.italpassion.fr\/pt\/wp-json\/wp\/v2\/categories?post=42364"},{"taxonomy":"post_tag","embeddable":true,"href":"https:\/\/www.italpassion.fr\/pt\/wp-json\/wp\/v2\/tags?post=42364"}],"curies":[{"name":"wp","href":"https:\/\/api.w.org\/{rel}","templated":true}]}}