{"id":42321,"date":"2025-10-21T09:37:43","date_gmt":"2025-10-21T07:37:43","guid":{"rendered":"https:\/\/www.italpassion.fr\/?p=42321"},"modified":"2025-10-21T09:37:43","modified_gmt":"2025-10-21T07:37:43","slug":"o-novo-ceo-de-stellantis-visita-os-sindicatos-italianos-e-fala-a-bruxelas-precisamos-de-rever-os-regulamentos-europeus","status":"publish","type":"post","link":"https:\/\/www.italpassion.fr\/pt\/stellantis\/le-nouveau-ceo-de-stellantis-rend-visite-aux-syndicats-italiens-et-sadresse-a-bruxelles-nous-devons-revoir-la-reglementation-europeenne\/","title":{"rendered":"O novo diretor executivo da Stellantis visita os sindicatos italianos e dirige-se a Bruxelas: \"Temos de rever a regulamenta\u00e7\u00e3o europeia!"},"content":{"rendered":"<figure class=\"wp-block-image size-full\"><img loading=\"lazy\" decoding=\"async\" width=\"1200\" height=\"800\" src=\"https:\/\/www.italpassion.fr\/wp-content\/uploads\/2025\/10\/antonio-filosa-10.jpg\" alt=\"\" class=\"wp-image-42322\" srcset=\"https:\/\/www.italpassion.fr\/wp-content\/uploads\/2025\/10\/antonio-filosa-10.jpg 1200w, https:\/\/www.italpassion.fr\/wp-content\/uploads\/2025\/10\/antonio-filosa-10-420x280.jpg 420w, https:\/\/www.italpassion.fr\/wp-content\/uploads\/2025\/10\/antonio-filosa-10-768x512.jpg 768w, https:\/\/www.italpassion.fr\/wp-content\/uploads\/2025\/10\/antonio-filosa-10-18x12.jpg 18w\" sizes=\"auto, (max-width: 1200px) 100vw, 1200px\" \/><\/figure>\n\n\n\n<p>A segunda-feira, 20 de outubro de 2025, continuar\u00e1 a ser uma data simb\u00f3lica para os trabalhadores de Mirafiori. Pela primeira vez desde a sua nomea\u00e7\u00e3o, o novo Diretor-Geral da <a href=\"https:\/\/www.italpassion.fr\/pt\/stellantis\/\">Stellantis<\/a>Ant\u00f3nio Filosa, deslocou-se a Turim para se encontrar com os sindicatos italianos. Era uma visita h\u00e1 muito esperada e que tinha sido convocada h\u00e1 anos, mesmo durante a presid\u00eancia de Carlos Tavares.<\/p>\n\n\n\n<h2 class=\"wp-block-heading\">Uma visita h\u00e1 muito esperada a Mirafiori<\/h2>\n\n\n\n<p>Enquanto Stellantis confirmava recentemente um investimento colossal de 13 mil milh\u00f5es de d\u00f3lares nos Estados Unidos, a situa\u00e7\u00e3o em It\u00e1lia continuava marcada pela d\u00favida. Os sindicatos reclamavam um gesto concreto para relan\u00e7ar a produ\u00e7\u00e3o nacional, em decl\u00ednio h\u00e1 v\u00e1rios anos.<\/p>\n\n\n\n<p>Filosa n\u00e3o veio de m\u00e3os vazias: anunciou 400 novos postos de trabalho na f\u00e1brica de Mirafiori para apoiar a produ\u00e7\u00e3o do novo Fiat 500 h\u00edbrido, que ter\u00e1 in\u00edcio em novembro. Esta decis\u00e3o permitir\u00e1 \u00e0 f\u00e1brica de Turim passar a uma nova fase de produ\u00e7\u00e3o em fevereiro de 2026, chegando a produzir 150.000 autom\u00f3veis por ano.<\/p>\n\n\n\n<blockquote class=\"wp-block-quote is-layout-flow wp-block-quote-is-layout-flow\"><svg aria-hidden=\"true\" focusable=\"false\" class=\"icon icon-quote\" width=\"48\" height=\"48\"><use xlink:href=\"#icon-quote\"><\/use><\/svg>\n<p>\"Ainda n\u00e3o \u00e9 suficiente, mas \u00e9 tudo o que podemos fazer tendo em conta o contexto\", admitiu, congratulando-se, no entanto, com \"um passo importante para o emprego em It\u00e1lia\".<\/p>\n<\/blockquote>\n\n\n\n<p>\u00c9 a primeira vez em quase trinta anos que Mirafiori assiste a uma vaga de recrutamento compar\u00e1vel \u00e0 registada desde o final da d\u00e9cada de 1990.<\/p>\n\n\n\n<h2 class=\"wp-block-heading\">Uma mensagem pol\u00edtica para Bruxelas<\/h2>\n\n\n\n<p>Mas, para al\u00e9m deste an\u00fancio simb\u00f3lico, o cerne da mensagem de Filosa era outro: o quadro regulamentar europeu tem de mudar.<\/p>\n\n\n\n<blockquote class=\"wp-block-quote is-layout-flow wp-block-quote-is-layout-flow\"><svg aria-hidden=\"true\" focusable=\"false\" class=\"icon icon-quote\" width=\"48\" height=\"48\"><use xlink:href=\"#icon-quote\"><\/use><\/svg>\n<p>\"\u00c9 necess\u00e1rio rever a regulamenta\u00e7\u00e3o europeia, que n\u00e3o tem em conta a realidade do mercado e do contexto industrial\", afirmou o patr\u00e3o da Stellantis, apelando aos sindicatos italianos para que apoiem esta abordagem junto das institui\u00e7\u00f5es europeias.<\/p>\n<\/blockquote>\n\n\n\n<p>Na sua opini\u00e3o, os objectivos de neutralidade de carbono e a proibi\u00e7\u00e3o da venda de motores de combust\u00e3o at\u00e9 2035 s\u00e3o simplesmente \"irrealistas\". Temos de permitir que os nossos clientes escolham a gama completa de ve\u00edculos que desejam, sejam eles el\u00e9ctricos, h\u00edbridos ou de combust\u00e3o interna. \u00c9 a \u00fanica forma de relan\u00e7ar a produ\u00e7\u00e3o.<\/p>\n\n\n\n<h2 class=\"wp-block-heading\">F\u00e1bricas ainda incertas<\/h2>\n\n\n\n<p>Enquanto Mirafiori v\u00ea um renascimento com o 500 h\u00edbrido, outros s\u00edtios ainda est\u00e3o \u00e0 espera.<\/p>\n\n\n\n<ul class=\"wp-block-list\">\n<li>Cassino, onde os futuros Alfa Romeo Stelvio e Giulia ser\u00e3o produzidos na plataforma STLA Large, continua a aguardar o lan\u00e7amento efetivo do programa, que foi adiado para 2027 para incluir vers\u00f5es h\u00edbridas.<\/li>\n\n\n\n<li>Em Termoli, a situa\u00e7\u00e3o continua a ser a mais cr\u00edtica: a Gigafactory de baterias continua suspensa e n\u00e3o foi anunciada qualquer nova atribui\u00e7\u00e3o clara.<\/li>\n\n\n\n<li>Por \u00faltimo, em Melfi, a Stellantis est\u00e1 a preparar a produ\u00e7\u00e3o do novo Jeep Compass h\u00edbrido, seguido do DS7 e do Lancia Gamma a partir de 2026.<\/li>\n<\/ul>\n\n\n\n<p>Perante estas incertezas, os sindicatos congratulam-se com o gesto para Mirafiori, mas pedem um refor\u00e7o do \"Piano Italia\" e compromissos concretos para as outras f\u00e1bricas.<\/p>\n\n\n\n<h2 class=\"wp-block-heading\">Um primeiro contacto, mas muitas perguntas<\/h2>\n\n\n\n<p>Para Filosa, este encontro foi sobretudo um primeiro contacto simb\u00f3lico com os representantes italianos. Procurou tranquiliz\u00e1-los: \"A It\u00e1lia continua a estar no centro da nossa vis\u00e3o estrat\u00e9gica\". Mas tamb\u00e9m sublinhou os limites do modelo europeu, comparando a situa\u00e7\u00e3o com a dos Estados Unidos, onde um quadro mais favor\u00e1vel permitiu \u00e0 Stellantis investir 13 mil milh\u00f5es de d\u00f3lares e criar 5.000 postos de trabalho.<\/p>\n\n\n\n<p>Os sindicatos, divididos entre a prud\u00eancia e a esperan\u00e7a, reconheceram uma mudan\u00e7a de tom: \"O lan\u00e7amento de modelos h\u00edbridos \u00e9 um bom ponto de partida\", comentou Uilm. O lan\u00e7amento de modelos h\u00edbridos \u00e9 um bom ponto de partida\", comentou Uilm. \"Mas estamos apenas no in\u00edcio de um percurso dif\u00edcil, que depender\u00e1 tanto do Stellantis como da pol\u00edtica europeia.\"<\/p>\n\n\n\n<h2 class=\"wp-block-heading\">A batalha regulamentar que se avizinha<\/h2>\n\n\n\n<p>Ao adiar a apresenta\u00e7\u00e3o do seu novo <a href=\"https:\/\/www.italpassion.fr\/pt\/stellantis\/stellantis-adia-a-apresentacao-do-seu-novo-plano-industrial\/\">plano industrial at\u00e9 ao final do primeiro semestre de 2026<\/a>Antonio Filosa est\u00e1 a lan\u00e7ar as bases de uma ofensiva pol\u00edtica e industrial. A Stellantis pretende agora influenciar o debate europeu para obter uma flexibiliza\u00e7\u00e3o das regras ambientais, o reconhecimento da neutralidade tecnol\u00f3gica e o apoio ao segmento dos pequenos ve\u00edculos, que \u00e9 vital para a ind\u00fastria italiana.<\/p>\n\n\n\n<p>Uma coisa \u00e9 certa: ap\u00f3s anos de tens\u00e3o entre as f\u00e1bricas italianas e a dire\u00e7\u00e3o do grupo, o di\u00e1logo foi finalmente reaberto. Mas a recupera\u00e7\u00e3o sustent\u00e1vel da produ\u00e7\u00e3o depender\u00e1 agora tanto das decis\u00f5es tomadas em Bruxelas como em Turim.<\/p>","protected":false},"excerpt":{"rendered":"","protected":false},"author":1,"featured_media":42322,"comment_status":"open","ping_status":"open","sticky":false,"template":"","format":"standard","meta":{"_acf_changed":false,"_sitemap_exclude":false,"_sitemap_priority":"","_sitemap_frequency":"","footnotes":""},"categories":[29],"tags":[565],"class_list":["post-42321","post","type-post","status-publish","format-standard","has-post-thumbnail","hentry","category-stellantis","tag-antonio-filosa","generate-columns","tablet-grid-50","mobile-grid-100","grid-parent","grid-33"],"acf":[],"yoast_head":"<!-- This site is optimized with the Yoast SEO plugin v25.8 - https:\/\/yoast.com\/wordpress\/plugins\/seo\/ -->\n<title>Le nouveau CEO de Stellantis rend visite aux syndicats italiens et s&#039;adresse \u00e0 Bruxelles : &quot;Nous devons revoir\u00a0la r\u00e9glementation europ\u00e9enne !&quot; - ItalPassion<\/title>\n<meta name=\"description\" content=\"Lundi 20 octobre 2025 restera comme une date symbolique pour les ouvriers de Mirafiori. Pour la premi\u00e8re fois depuis sa nomination, le nouveau CEO de\" \/>\n<meta name=\"robots\" content=\"index, follow, max-snippet:-1, max-image-preview:large, max-video-preview:-1\" \/>\n<link rel=\"canonical\" href=\"https:\/\/www.italpassion.fr\/pt\/stellantis\/o-novo-ceo-de-stellantis-visita-os-sindicatos-italianos-e-fala-a-bruxelas-precisamos-de-rever-os-regulamentos-europeus\/\" \/>\n<meta property=\"og:locale\" content=\"pt_PT\" \/>\n<meta property=\"og:type\" content=\"article\" \/>\n<meta property=\"og:title\" content=\"Le nouveau CEO de Stellantis rend visite aux syndicats italiens et s&#039;adresse \u00e0 Bruxelles : &quot;Nous devons revoir\u00a0la r\u00e9glementation europ\u00e9enne !&quot; - ItalPassion\" \/>\n<meta property=\"og:description\" content=\"Lundi 20 octobre 2025 restera comme une date symbolique pour les ouvriers de Mirafiori. Pour la premi\u00e8re fois depuis sa nomination, le nouveau CEO de\" \/>\n<meta property=\"og:url\" content=\"https:\/\/www.italpassion.fr\/pt\/stellantis\/o-novo-ceo-de-stellantis-visita-os-sindicatos-italianos-e-fala-a-bruxelas-precisamos-de-rever-os-regulamentos-europeus\/\" \/>\n<meta property=\"og:site_name\" content=\"ItalPassion\" \/>\n<meta property=\"article:publisher\" content=\"https:\/\/www.facebook.com\/italpassion\" \/>\n<meta property=\"article:published_time\" content=\"2025-10-21T07:37:43+00:00\" \/>\n<meta property=\"og:image\" content=\"https:\/\/www.italpassion.fr\/wp-content\/uploads\/2025\/10\/antonio-filosa-10.jpg\" \/>\n\t<meta property=\"og:image:width\" content=\"1200\" \/>\n\t<meta property=\"og:image:height\" content=\"800\" \/>\n\t<meta property=\"og:image:type\" content=\"image\/jpeg\" \/>\n<meta name=\"author\" content=\"Alexandre Filluzeau\" \/>\n<meta name=\"twitter:card\" content=\"summary_large_image\" \/>\n<meta name=\"twitter:creator\" content=\"@italpassion\" \/>\n<meta name=\"twitter:site\" content=\"@italpassion\" \/>\n<script type=\"application\/ld+json\" class=\"yoast-schema-graph\">{\"@context\":\"https:\/\/schema.org\",\"@graph\":[{\"@type\":\"NewsArticle\",\"@id\":\"https:\/\/www.italpassion.fr\/pt\/stellantis\/le-nouveau-ceo-de-stellantis-rend-visite-aux-syndicats-italiens-et-sadresse-a-bruxelles-nous-devons-revoir-la-reglementation-europeenne\/#article\",\"isPartOf\":{\"@id\":\"https:\/\/www.italpassion.fr\/pt\/stellantis\/le-nouveau-ceo-de-stellantis-rend-visite-aux-syndicats-italiens-et-sadresse-a-bruxelles-nous-devons-revoir-la-reglementation-europeenne\/\"},\"author\":{\"name\":\"Alexandre Filluzeau\",\"@id\":\"https:\/\/www.italpassion.fr\/pt\/#\/schema\/person\/36f747b2a759ca202d847e85a9434ca0\"},\"headline\":\"Le nouveau CEO de Stellantis rend visite aux syndicats italiens et s&rsquo;adresse \u00e0 Bruxelles : \u00ab\u00a0Nous devons revoir\u00a0la r\u00e9glementation europ\u00e9enne !\u00a0\u00bb\",\"datePublished\":\"2025-10-21T07:37:43+00:00\",\"mainEntityOfPage\":{\"@id\":\"https:\/\/www.italpassion.fr\/pt\/stellantis\/le-nouveau-ceo-de-stellantis-rend-visite-aux-syndicats-italiens-et-sadresse-a-bruxelles-nous-devons-revoir-la-reglementation-europeenne\/\"},\"wordCount\":756,\"commentCount\":13,\"publisher\":{\"@id\":\"https:\/\/www.italpassion.fr\/pt\/#organization\"},\"image\":{\"@id\":\"https:\/\/www.italpassion.fr\/pt\/stellantis\/le-nouveau-ceo-de-stellantis-rend-visite-aux-syndicats-italiens-et-sadresse-a-bruxelles-nous-devons-revoir-la-reglementation-europeenne\/#primaryimage\"},\"thumbnailUrl\":\"https:\/\/www.italpassion.fr\/wp-content\/uploads\/2025\/10\/antonio-filosa-10.jpg\",\"keywords\":[\"Antonio Filosa\"],\"articleSection\":[\"Stellantis\"],\"inLanguage\":\"pt-PT\",\"potentialAction\":[{\"@type\":\"CommentAction\",\"name\":\"Comment\",\"target\":[\"https:\/\/www.italpassion.fr\/pt\/stellantis\/le-nouveau-ceo-de-stellantis-rend-visite-aux-syndicats-italiens-et-sadresse-a-bruxelles-nous-devons-revoir-la-reglementation-europeenne\/#respond\"]}]},{\"@type\":\"WebPage\",\"@id\":\"https:\/\/www.italpassion.fr\/pt\/stellantis\/le-nouveau-ceo-de-stellantis-rend-visite-aux-syndicats-italiens-et-sadresse-a-bruxelles-nous-devons-revoir-la-reglementation-europeenne\/\",\"url\":\"https:\/\/www.italpassion.fr\/pt\/stellantis\/le-nouveau-ceo-de-stellantis-rend-visite-aux-syndicats-italiens-et-sadresse-a-bruxelles-nous-devons-revoir-la-reglementation-europeenne\/\",\"name\":\"Le nouveau CEO de Stellantis rend visite aux syndicats italiens et s'adresse \u00e0 Bruxelles : \\\"Nous devons revoir\u00a0la r\u00e9glementation europ\u00e9enne !\\\" - ItalPassion\",\"isPartOf\":{\"@id\":\"https:\/\/www.italpassion.fr\/pt\/#website\"},\"primaryImageOfPage\":{\"@id\":\"https:\/\/www.italpassion.fr\/pt\/stellantis\/le-nouveau-ceo-de-stellantis-rend-visite-aux-syndicats-italiens-et-sadresse-a-bruxelles-nous-devons-revoir-la-reglementation-europeenne\/#primaryimage\"},\"image\":{\"@id\":\"https:\/\/www.italpassion.fr\/pt\/stellantis\/le-nouveau-ceo-de-stellantis-rend-visite-aux-syndicats-italiens-et-sadresse-a-bruxelles-nous-devons-revoir-la-reglementation-europeenne\/#primaryimage\"},\"thumbnailUrl\":\"https:\/\/www.italpassion.fr\/wp-content\/uploads\/2025\/10\/antonio-filosa-10.jpg\",\"datePublished\":\"2025-10-21T07:37:43+00:00\",\"description\":\"Lundi 20 octobre 2025 restera comme une date symbolique pour les ouvriers de Mirafiori. Pour la premi\u00e8re fois depuis sa nomination, le nouveau CEO de\",\"breadcrumb\":{\"@id\":\"https:\/\/www.italpassion.fr\/pt\/stellantis\/le-nouveau-ceo-de-stellantis-rend-visite-aux-syndicats-italiens-et-sadresse-a-bruxelles-nous-devons-revoir-la-reglementation-europeenne\/#breadcrumb\"},\"inLanguage\":\"pt-PT\",\"potentialAction\":[{\"@type\":\"ReadAction\",\"target\":[\"https:\/\/www.italpassion.fr\/pt\/stellantis\/le-nouveau-ceo-de-stellantis-rend-visite-aux-syndicats-italiens-et-sadresse-a-bruxelles-nous-devons-revoir-la-reglementation-europeenne\/\"]}]},{\"@type\":\"ImageObject\",\"inLanguage\":\"pt-PT\",\"@id\":\"https:\/\/www.italpassion.fr\/pt\/stellantis\/le-nouveau-ceo-de-stellantis-rend-visite-aux-syndicats-italiens-et-sadresse-a-bruxelles-nous-devons-revoir-la-reglementation-europeenne\/#primaryimage\",\"url\":\"https:\/\/www.italpassion.fr\/wp-content\/uploads\/2025\/10\/antonio-filosa-10.jpg\",\"contentUrl\":\"https:\/\/www.italpassion.fr\/wp-content\/uploads\/2025\/10\/antonio-filosa-10.jpg\",\"width\":1200,\"height\":800},{\"@type\":\"BreadcrumbList\",\"@id\":\"https:\/\/www.italpassion.fr\/pt\/stellantis\/le-nouveau-ceo-de-stellantis-rend-visite-aux-syndicats-italiens-et-sadresse-a-bruxelles-nous-devons-revoir-la-reglementation-europeenne\/#breadcrumb\",\"itemListElement\":[{\"@type\":\"ListItem\",\"position\":1,\"name\":\"Accueil\",\"item\":\"https:\/\/www.italpassion.fr\/pt\/\"},{\"@type\":\"ListItem\",\"position\":2,\"name\":\"Le nouveau CEO de Stellantis rend visite aux syndicats italiens et s&rsquo;adresse \u00e0 Bruxelles : \u00ab\u00a0Nous devons revoir\u00a0la r\u00e9glementation europ\u00e9enne !\u00a0\u00bb\"}]},{\"@type\":\"WebSite\",\"@id\":\"https:\/\/www.italpassion.fr\/pt\/#website\",\"url\":\"https:\/\/www.italpassion.fr\/pt\/\",\"name\":\"ItalPassion\",\"description\":\"Les Passionn\u00e9s d&#039;Automobiles Italiennes\",\"publisher\":{\"@id\":\"https:\/\/www.italpassion.fr\/pt\/#organization\"},\"potentialAction\":[{\"@type\":\"SearchAction\",\"target\":{\"@type\":\"EntryPoint\",\"urlTemplate\":\"https:\/\/www.italpassion.fr\/pt\/?s={search_term_string}\"},\"query-input\":{\"@type\":\"PropertyValueSpecification\",\"valueRequired\":true,\"valueName\":\"search_term_string\"}}],\"inLanguage\":\"pt-PT\"},{\"@type\":\"Organization\",\"@id\":\"https:\/\/www.italpassion.fr\/pt\/#organization\",\"name\":\"Italpassion\",\"url\":\"https:\/\/www.italpassion.fr\/pt\/\",\"logo\":{\"@type\":\"ImageObject\",\"inLanguage\":\"pt-PT\",\"@id\":\"https:\/\/www.italpassion.fr\/pt\/#\/schema\/logo\/image\/\",\"url\":\"https:\/\/www.italpassion.fr\/wp-content\/uploads\/2023\/07\/italpassion-yoast.jpg\",\"contentUrl\":\"https:\/\/www.italpassion.fr\/wp-content\/uploads\/2023\/07\/italpassion-yoast.jpg\",\"width\":696,\"height\":696,\"caption\":\"Italpassion\"},\"image\":{\"@id\":\"https:\/\/www.italpassion.fr\/pt\/#\/schema\/logo\/image\/\"},\"sameAs\":[\"https:\/\/www.facebook.com\/italpassion\",\"https:\/\/x.com\/italpassion\",\"https:\/\/www.instagram.com\/italpassionfr\/\",\"https:\/\/www.youtube.com\/channel\/UCleq-ByQaA42OjhopwevRjQ\",\"https:\/\/www.facebook.com\/italpassion.en\/\",\"https:\/\/www.facebook.com\/italpassion.it\/\",\"https:\/\/www.facebook.com\/italpassion.de\/\",\"https:\/\/www.facebook.com\/italpassion.ja\/\"]},{\"@type\":\"Person\",\"@id\":\"https:\/\/www.italpassion.fr\/pt\/#\/schema\/person\/36f747b2a759ca202d847e85a9434ca0\",\"name\":\"Alexandre Filluzeau\",\"image\":{\"@type\":\"ImageObject\",\"inLanguage\":\"pt-PT\",\"@id\":\"https:\/\/www.italpassion.fr\/pt\/#\/schema\/person\/image\/\",\"url\":\"https:\/\/www.italpassion.fr\/wp-content\/uploads\/2025\/04\/avatar-alexandre-160x160.jpg\",\"contentUrl\":\"https:\/\/www.italpassion.fr\/wp-content\/uploads\/2025\/04\/avatar-alexandre-160x160.jpg\",\"caption\":\"Alexandre Filluzeau\"},\"description\":\"Fondateur du site ItalPassion, passionn\u00e9 de voitures italiennes et de l'Italie en g\u00e9n\u00e9ral. J'apporte un regard critique et technique aux actualit\u00e9s des marques italiennes quand cela est possible. Propri\u00e9taire d'une Maserati GranTurismo, Alfa Romeo MiTo, Lancia Fulvia et Ducati 695. Ex-propri\u00e9taire d'une Alfa Romeo Giulia.\",\"sameAs\":[\"https:\/\/www.italpassion.fr\/\"],\"url\":\"https:\/\/www.italpassion.fr\/pt\/author\/alexandre\/\"}]}<\/script>\n<!-- \/ Yoast SEO plugin. -->","yoast_head_json":{"title":"O novo diretor executivo do Stellantis visita os sindicatos italianos e dirige-se a Bruxelas: \"Temos de rever a regulamenta\u00e7\u00e3o europeia!\" - ItalPassion","description":"A segunda-feira, 20 de outubro de 2025, continuar\u00e1 a ser uma data simb\u00f3lica para os trabalhadores de Mirafiori. Pela primeira vez desde a sua nomea\u00e7\u00e3o, o novo Diretor-Geral da","robots":{"index":"index","follow":"follow","max-snippet":"max-snippet:-1","max-image-preview":"max-image-preview:large","max-video-preview":"max-video-preview:-1"},"canonical":"https:\/\/www.italpassion.fr\/pt\/stellantis\/o-novo-ceo-de-stellantis-visita-os-sindicatos-italianos-e-fala-a-bruxelas-precisamos-de-rever-os-regulamentos-europeus\/","og_locale":"pt_PT","og_type":"article","og_title":"Le nouveau CEO de Stellantis rend visite aux syndicats italiens et s'adresse \u00e0 Bruxelles : \"Nous devons revoir\u00a0la r\u00e9glementation europ\u00e9enne !\" - ItalPassion","og_description":"Lundi 20 octobre 2025 restera comme une date symbolique pour les ouvriers de Mirafiori. Pour la premi\u00e8re fois depuis sa nomination, le nouveau CEO de","og_url":"https:\/\/www.italpassion.fr\/pt\/stellantis\/o-novo-ceo-de-stellantis-visita-os-sindicatos-italianos-e-fala-a-bruxelas-precisamos-de-rever-os-regulamentos-europeus\/","og_site_name":"ItalPassion","article_publisher":"https:\/\/www.facebook.com\/italpassion","article_published_time":"2025-10-21T07:37:43+00:00","og_image":[{"width":1200,"height":800,"url":"https:\/\/www.italpassion.fr\/wp-content\/uploads\/2025\/10\/antonio-filosa-10.jpg","type":"image\/jpeg"}],"author":"Alexandre Filluzeau","twitter_card":"summary_large_image","twitter_creator":"@italpassion","twitter_site":"@italpassion","schema":{"@context":"https:\/\/schema.org","@graph":[{"@type":"NewsArticle","@id":"https:\/\/www.italpassion.fr\/pt\/stellantis\/le-nouveau-ceo-de-stellantis-rend-visite-aux-syndicats-italiens-et-sadresse-a-bruxelles-nous-devons-revoir-la-reglementation-europeenne\/#article","isPartOf":{"@id":"https:\/\/www.italpassion.fr\/pt\/stellantis\/le-nouveau-ceo-de-stellantis-rend-visite-aux-syndicats-italiens-et-sadresse-a-bruxelles-nous-devons-revoir-la-reglementation-europeenne\/"},"author":{"name":"Alexandre Filluzeau","@id":"https:\/\/www.italpassion.fr\/pt\/#\/schema\/person\/36f747b2a759ca202d847e85a9434ca0"},"headline":"Le nouveau CEO de Stellantis rend visite aux syndicats italiens et s&rsquo;adresse \u00e0 Bruxelles : \u00ab\u00a0Nous devons revoir\u00a0la r\u00e9glementation europ\u00e9enne !\u00a0\u00bb","datePublished":"2025-10-21T07:37:43+00:00","mainEntityOfPage":{"@id":"https:\/\/www.italpassion.fr\/pt\/stellantis\/le-nouveau-ceo-de-stellantis-rend-visite-aux-syndicats-italiens-et-sadresse-a-bruxelles-nous-devons-revoir-la-reglementation-europeenne\/"},"wordCount":756,"commentCount":13,"publisher":{"@id":"https:\/\/www.italpassion.fr\/pt\/#organization"},"image":{"@id":"https:\/\/www.italpassion.fr\/pt\/stellantis\/le-nouveau-ceo-de-stellantis-rend-visite-aux-syndicats-italiens-et-sadresse-a-bruxelles-nous-devons-revoir-la-reglementation-europeenne\/#primaryimage"},"thumbnailUrl":"https:\/\/www.italpassion.fr\/wp-content\/uploads\/2025\/10\/antonio-filosa-10.jpg","keywords":["Antonio Filosa"],"articleSection":["Stellantis"],"inLanguage":"pt-PT","potentialAction":[{"@type":"CommentAction","name":"Comment","target":["https:\/\/www.italpassion.fr\/pt\/stellantis\/le-nouveau-ceo-de-stellantis-rend-visite-aux-syndicats-italiens-et-sadresse-a-bruxelles-nous-devons-revoir-la-reglementation-europeenne\/#respond"]}]},{"@type":"WebPage","@id":"https:\/\/www.italpassion.fr\/pt\/stellantis\/le-nouveau-ceo-de-stellantis-rend-visite-aux-syndicats-italiens-et-sadresse-a-bruxelles-nous-devons-revoir-la-reglementation-europeenne\/","url":"https:\/\/www.italpassion.fr\/pt\/stellantis\/le-nouveau-ceo-de-stellantis-rend-visite-aux-syndicats-italiens-et-sadresse-a-bruxelles-nous-devons-revoir-la-reglementation-europeenne\/","name":"O novo diretor executivo do Stellantis visita os sindicatos italianos e dirige-se a Bruxelas: \"Temos de rever a regulamenta\u00e7\u00e3o europeia!\" - ItalPassion","isPartOf":{"@id":"https:\/\/www.italpassion.fr\/pt\/#website"},"primaryImageOfPage":{"@id":"https:\/\/www.italpassion.fr\/pt\/stellantis\/le-nouveau-ceo-de-stellantis-rend-visite-aux-syndicats-italiens-et-sadresse-a-bruxelles-nous-devons-revoir-la-reglementation-europeenne\/#primaryimage"},"image":{"@id":"https:\/\/www.italpassion.fr\/pt\/stellantis\/le-nouveau-ceo-de-stellantis-rend-visite-aux-syndicats-italiens-et-sadresse-a-bruxelles-nous-devons-revoir-la-reglementation-europeenne\/#primaryimage"},"thumbnailUrl":"https:\/\/www.italpassion.fr\/wp-content\/uploads\/2025\/10\/antonio-filosa-10.jpg","datePublished":"2025-10-21T07:37:43+00:00","description":"A segunda-feira, 20 de outubro de 2025, continuar\u00e1 a ser uma data simb\u00f3lica para os trabalhadores de Mirafiori. Pela primeira vez desde a sua nomea\u00e7\u00e3o, o novo Diretor-Geral da","breadcrumb":{"@id":"https:\/\/www.italpassion.fr\/pt\/stellantis\/le-nouveau-ceo-de-stellantis-rend-visite-aux-syndicats-italiens-et-sadresse-a-bruxelles-nous-devons-revoir-la-reglementation-europeenne\/#breadcrumb"},"inLanguage":"pt-PT","potentialAction":[{"@type":"ReadAction","target":["https:\/\/www.italpassion.fr\/pt\/stellantis\/le-nouveau-ceo-de-stellantis-rend-visite-aux-syndicats-italiens-et-sadresse-a-bruxelles-nous-devons-revoir-la-reglementation-europeenne\/"]}]},{"@type":"ImageObject","inLanguage":"pt-PT","@id":"https:\/\/www.italpassion.fr\/pt\/stellantis\/le-nouveau-ceo-de-stellantis-rend-visite-aux-syndicats-italiens-et-sadresse-a-bruxelles-nous-devons-revoir-la-reglementation-europeenne\/#primaryimage","url":"https:\/\/www.italpassion.fr\/wp-content\/uploads\/2025\/10\/antonio-filosa-10.jpg","contentUrl":"https:\/\/www.italpassion.fr\/wp-content\/uploads\/2025\/10\/antonio-filosa-10.jpg","width":1200,"height":800},{"@type":"BreadcrumbList","@id":"https:\/\/www.italpassion.fr\/pt\/stellantis\/le-nouveau-ceo-de-stellantis-rend-visite-aux-syndicats-italiens-et-sadresse-a-bruxelles-nous-devons-revoir-la-reglementation-europeenne\/#breadcrumb","itemListElement":[{"@type":"ListItem","position":1,"name":"Accueil","item":"https:\/\/www.italpassion.fr\/pt\/"},{"@type":"ListItem","position":2,"name":"Le nouveau CEO de Stellantis rend visite aux syndicats italiens et s&rsquo;adresse \u00e0 Bruxelles : \u00ab\u00a0Nous devons revoir\u00a0la r\u00e9glementation europ\u00e9enne !\u00a0\u00bb"}]},{"@type":"WebSite","@id":"https:\/\/www.italpassion.fr\/pt\/#website","url":"https:\/\/www.italpassion.fr\/pt\/","name":"ItalPassion","description":"Entusiastas de autom\u00f3veis italianos","publisher":{"@id":"https:\/\/www.italpassion.fr\/pt\/#organization"},"potentialAction":[{"@type":"SearchAction","target":{"@type":"EntryPoint","urlTemplate":"https:\/\/www.italpassion.fr\/pt\/?s={search_term_string}"},"query-input":{"@type":"PropertyValueSpecification","valueRequired":true,"valueName":"search_term_string"}}],"inLanguage":"pt-PT"},{"@type":"Organization","@id":"https:\/\/www.italpassion.fr\/pt\/#organization","name":"Italpassion","url":"https:\/\/www.italpassion.fr\/pt\/","logo":{"@type":"ImageObject","inLanguage":"pt-PT","@id":"https:\/\/www.italpassion.fr\/pt\/#\/schema\/logo\/image\/","url":"https:\/\/www.italpassion.fr\/wp-content\/uploads\/2023\/07\/italpassion-yoast.jpg","contentUrl":"https:\/\/www.italpassion.fr\/wp-content\/uploads\/2023\/07\/italpassion-yoast.jpg","width":696,"height":696,"caption":"Italpassion"},"image":{"@id":"https:\/\/www.italpassion.fr\/pt\/#\/schema\/logo\/image\/"},"sameAs":["https:\/\/www.facebook.com\/italpassion","https:\/\/x.com\/italpassion","https:\/\/www.instagram.com\/italpassionfr\/","https:\/\/www.youtube.com\/channel\/UCleq-ByQaA42OjhopwevRjQ","https:\/\/www.facebook.com\/italpassion.en\/","https:\/\/www.facebook.com\/italpassion.it\/","https:\/\/www.facebook.com\/italpassion.de\/","https:\/\/www.facebook.com\/italpassion.ja\/"]},{"@type":"Person","@id":"https:\/\/www.italpassion.fr\/pt\/#\/schema\/person\/36f747b2a759ca202d847e85a9434ca0","name":"Alexandre Filluzeau","image":{"@type":"ImageObject","inLanguage":"pt-PT","@id":"https:\/\/www.italpassion.fr\/pt\/#\/schema\/person\/image\/","url":"https:\/\/www.italpassion.fr\/wp-content\/uploads\/2025\/04\/avatar-alexandre-160x160.jpg","contentUrl":"https:\/\/www.italpassion.fr\/wp-content\/uploads\/2025\/04\/avatar-alexandre-160x160.jpg","caption":"Alexandre Filluzeau"},"description":"Fundador do site ItalPassion, apaixonado por carros italianos e pela It\u00e1lia em geral. Trago um olhar cr\u00edtico e t\u00e9cnico \u00e0s not\u00edcias das marcas italianas, sempre que poss\u00edvel. Propriet\u00e1ria de um Maserati GranTurismo, Alfa Romeo MiTo, Lancia Fulvia e Ducati 695. Ex-propriet\u00e1rio de uma Alfa Romeo Giulia.","sameAs":["https:\/\/www.italpassion.fr\/"],"url":"https:\/\/www.italpassion.fr\/pt\/author\/alexandre\/"}]}},"_links":{"self":[{"href":"https:\/\/www.italpassion.fr\/pt\/wp-json\/wp\/v2\/posts\/42321","targetHints":{"allow":["GET"]}}],"collection":[{"href":"https:\/\/www.italpassion.fr\/pt\/wp-json\/wp\/v2\/posts"}],"about":[{"href":"https:\/\/www.italpassion.fr\/pt\/wp-json\/wp\/v2\/types\/post"}],"author":[{"embeddable":true,"href":"https:\/\/www.italpassion.fr\/pt\/wp-json\/wp\/v2\/users\/1"}],"replies":[{"embeddable":true,"href":"https:\/\/www.italpassion.fr\/pt\/wp-json\/wp\/v2\/comments?post=42321"}],"version-history":[{"count":1,"href":"https:\/\/www.italpassion.fr\/pt\/wp-json\/wp\/v2\/posts\/42321\/revisions"}],"predecessor-version":[{"id":42323,"href":"https:\/\/www.italpassion.fr\/pt\/wp-json\/wp\/v2\/posts\/42321\/revisions\/42323"}],"wp:featuredmedia":[{"embeddable":true,"href":"https:\/\/www.italpassion.fr\/pt\/wp-json\/wp\/v2\/media\/42322"}],"wp:attachment":[{"href":"https:\/\/www.italpassion.fr\/pt\/wp-json\/wp\/v2\/media?parent=42321"}],"wp:term":[{"taxonomy":"category","embeddable":true,"href":"https:\/\/www.italpassion.fr\/pt\/wp-json\/wp\/v2\/categories?post=42321"},{"taxonomy":"post_tag","embeddable":true,"href":"https:\/\/www.italpassion.fr\/pt\/wp-json\/wp\/v2\/tags?post=42321"}],"curies":[{"name":"wp","href":"https:\/\/api.w.org\/{rel}","templated":true}]}}