{"id":41944,"date":"2025-10-10T09:23:21","date_gmt":"2025-10-10T07:23:21","guid":{"rendered":"https:\/\/www.italpassion.fr\/?p=41944"},"modified":"2025-10-10T09:23:21","modified_gmt":"2025-10-10T07:23:21","slug":"o-ferrari-eletrico-deixa-este-engenheiro-de-motores-electricos-duvidoso-de-momento-os-chineses-e-os-alemaes-estao-a-liderar-o-caminho","status":"publish","type":"post","link":"https:\/\/www.italpassion.fr\/pt\/ferrari\/la-ferrari-electrique-laisse-cet-ingenieur-en-motorisations-electrifiees-dubitatif-pour-linstant-les-chinois-et-les-allemands-menent-la-danse\/","title":{"rendered":"O Ferrari el\u00e9trico deixa este engenheiro de grupos electrog\u00e9neos c\u00e9tico: \"De momento, os chineses e os alem\u00e3es est\u00e3o a liderar o caminho\"."},"content":{"rendered":"<figure class=\"wp-block-image size-full\"><img loading=\"lazy\" decoding=\"async\" width=\"1200\" height=\"800\" src=\"https:\/\/www.italpassion.fr\/wp-content\/uploads\/2025\/10\/ferrari-electrique-00.jpg\" alt=\"\" class=\"wp-image-41904\" srcset=\"https:\/\/www.italpassion.fr\/wp-content\/uploads\/2025\/10\/ferrari-electrique-00.jpg 1200w, https:\/\/www.italpassion.fr\/wp-content\/uploads\/2025\/10\/ferrari-electrique-00-420x280.jpg 420w, https:\/\/www.italpassion.fr\/wp-content\/uploads\/2025\/10\/ferrari-electrique-00-768x512.jpg 768w, https:\/\/www.italpassion.fr\/wp-content\/uploads\/2025\/10\/ferrari-electrique-00-18x12.jpg 18w\" sizes=\"auto, (max-width: 1200px) 100vw, 1200px\" \/><\/figure>\n\n\n\n<p><a href=\"https:\/\/www.italpassion.fr\/pt\/ferrari\/\">Ferrari<\/a> acaba de revelar <a href=\"https:\/\/www.italpassion.fr\/pt\/ferrari\/ferrari-elettrica-a-resposta-de-1000cv-do-prancing-horse-aos-chineses-eles-sao-rapidos-em-linha-reta-mas-sao-elefantes-em-curva\/\">as especifica\u00e7\u00f5es t\u00e9cnicas da sua futura Elettrica<\/a> 4 portas, 4 motores, mais de 1.000 cv, 0 a 100 km\/h em 2,5 segundos e uma velocidade m\u00e1xima de 310 km\/h. Com a sua bateria de 122 kWh, o carro italiano promete uma autonomia de mais de 530 km, uma capacidade de recarga de at\u00e9 350 kW e um chassis cuidadosamente concebido para compensar um peso estimado de 2.300 kg. Maranello insiste que este primeiro Ferrari el\u00e9trico ser\u00e1 t\u00e3o eficiente nas curvas como em linha reta, mantendo-se fiel ao ADN desportivo da marca.<\/p>\n\n\n\n<p>Mas estes an\u00fancios deixaram alguns especialistas c\u00e9pticos. Fal\u00e1mos com Quentin Laporte, um engenheiro especializado em sistemas de propuls\u00e3o electrificados, que faz uma an\u00e1lise cr\u00edtica das escolhas t\u00e9cnicas da Ferrari.<\/p>\n\n\n\n<blockquote class=\"wp-block-quote is-layout-flow wp-block-quote-is-layout-flow\"><svg aria-hidden=\"true\" focusable=\"false\" class=\"icon icon-quote\" width=\"48\" height=\"48\"><use xlink:href=\"#icon-quote\"><\/use><\/svg>\n<p>\"Devo admitir que tenho dificuldade em perceber como \u00e9 que o que eles est\u00e3o a propor aqui \u00e9 \u00fanico. Atualmente, os chineses e os alem\u00e3es est\u00e3o na vanguarda, em termos t\u00e9cnicos, e n\u00e3o creio que tenham qualquer hip\u00f3tese se quiserem competir em termos de pot\u00eancia: v\u00e3o ter de encontrar outra coisa.<\/p>\n<\/blockquote>\n\n\n\n<h2 class=\"wp-block-heading\">Baterias e carregamento r\u00e1pido: n\u00fameros em queda<\/h2>\n\n\n\n<p>Com os seus 122 kWh, o Ferrari Elettrica tem uma densidade de energia estimada em 195 Wh\/kg. Nada mau para um pack\", observa Laporte, \"mas nada de revolucion\u00e1rio\". Na sua opini\u00e3o, a pot\u00eancia de recarga de 350 kW tamb\u00e9m n\u00e3o \u00e9 impressionante:<\/p>\n\n\n\n<blockquote class=\"wp-block-quote is-layout-flow wp-block-quote-is-layout-flow\"><svg aria-hidden=\"true\" focusable=\"false\" class=\"icon icon-quote\" width=\"48\" height=\"48\"><use xlink:href=\"#icon-quote\"><\/use><\/svg>\n<p>\"350 kW com 120 kWh \u00e9 como 175 kW com 60 kWh: n\u00e3o bate nenhum recorde. Mesmo a autonomia de 530 km n\u00e3o \u00e9 extraordin\u00e1ria.<\/p>\n<\/blockquote>\n\n\n\n<p>Concorrentes como o BYD Han L reivindicam uma pot\u00eancia de pico de 1.360 kW gra\u00e7as a um pack de 1000V.<\/p>\n\n\n\n<h2 class=\"wp-block-heading\">Reparabilidade da bateria: uma falsa promessa?<\/h2>\n\n\n\n<p>A Ferrari insiste que o seu pack de 15 m\u00f3dulos poder\u00e1 ser reparado no futuro. Uma promessa que o engenheiro considera pouco cred\u00edvel:<\/p>\n\n\n\n<blockquote class=\"wp-block-quote is-layout-flow wp-block-quote-is-layout-flow\"><svg aria-hidden=\"true\" focusable=\"false\" class=\"icon icon-quote\" width=\"48\" height=\"48\"><use xlink:href=\"#icon-quote\"><\/use><\/svg>\n<p>\"A conversa sobre a reparabilidade \u00e9 uma treta. Na Renault, pass\u00e1mos pela mesma coisa. Na pr\u00e1tica, se estivermos a falar a s\u00e9rio, substitu\u00edmos as c\u00e9lulas individuais.<\/p>\n<\/blockquote>\n\n\n\n<h2 class=\"wp-block-heading\">Compara\u00e7\u00e3o com os valores de refer\u00eancia do mercado<\/h2>\n\n\n\n<p>Para Quentin Laporte, a verdadeira refer\u00eancia continua a ser o Lucid Air Sapphire: 1.234 cv, 2 segundos de 0-100 km\/h, 330 km\/h de velocidade m\u00e1xima e 687 km de autonomia com uma bateria mais pequena.<\/p>\n\n\n\n<blockquote class=\"wp-block-quote is-layout-flow wp-block-quote-is-layout-flow\"><svg aria-hidden=\"true\" focusable=\"false\" class=\"icon icon-quote\" width=\"48\" height=\"48\"><use xlink:href=\"#icon-quote\"><\/use><\/svg>\n<p>\"O Ferrari parece relativamente leve, cerca de 120 kg mais leve do que o Lucid, mas continua a ser mais 500 kg do que um GTC4 Lusso e mais 300 kg do que um Purosangue. Isso ainda \u00e9 muito.<\/p>\n<\/blockquote>\n\n\n\n<h2 class=\"wp-block-heading\">Divertido de conduzir, mas ser\u00e1 suficiente?<\/h2>\n\n\n\n<p>A Ferrari promete uma experi\u00eancia de condu\u00e7\u00e3o divertida, com patilhas no volante para regular a regenera\u00e7\u00e3o e o bin\u00e1rio, e um trabalho espec\u00edfico sobre o som artificial dos motores. Um esfor\u00e7o louv\u00e1vel, mas n\u00e3o necessariamente suficiente, de acordo com o engenheiro:<\/p>\n\n\n\n<blockquote class=\"wp-block-quote is-layout-flow wp-block-quote-is-layout-flow\"><svg aria-hidden=\"true\" focusable=\"false\" class=\"icon icon-quote\" width=\"48\" height=\"48\"><use xlink:href=\"#icon-quote\"><\/use><\/svg>\n<p>\"O Ioniq 5 N \u00e9 caro... A \u00fanica coisa importante \u00e9 fazer algo de bom. E um pouco original! Ferrari, tu n\u00e3o \u00e9s a Toyota!\"<\/p>\n<\/blockquote>\n\n\n\n<h2 class=\"wp-block-heading\">O desafio Ferrari<\/h2>\n\n\n\n<p>Em suma, a Ferrari est\u00e1 a entrar num campo ultra-competitivo onde os alem\u00e3es (Mercedes-AMG GT XX) e os chineses (BYD, Xiaomi, Yangwang) j\u00e1 est\u00e3o na vanguarda da tecnologia.<\/p>\n\n\n\n<blockquote class=\"wp-block-quote is-layout-flow wp-block-quote-is-layout-flow\"><svg aria-hidden=\"true\" focusable=\"false\" class=\"icon icon-quote\" width=\"48\" height=\"48\"><use xlink:href=\"#icon-quote\"><\/use><\/svg>\n<p>\"N\u00e3o conseguir\u00e3o distinguir-se tecnicamente, porque todos est\u00e3o no mesmo estado da arte. Por isso, v\u00e3o ter de inovar noutras \u00e1reas\", conclui Quentin Laporte.<\/p>\n<\/blockquote>\n\n\n\n<p>A Ferrari poder\u00e1 talvez confiar na sua experi\u00eancia em chassis e na emo\u00e7\u00e3o gerada pelo seu emblema. Mas no mundo dos autom\u00f3veis el\u00e9ctricos, as cartas foram baralhadas e Maranello ter\u00e1 de convencer para al\u00e9m dos n\u00fameros.<\/p>","protected":false},"excerpt":{"rendered":"","protected":false},"author":1,"featured_media":41904,"comment_status":"open","ping_status":"open","sticky":false,"template":"","format":"standard","meta":{"_acf_changed":false,"_sitemap_exclude":false,"_sitemap_priority":"","_sitemap_frequency":"","footnotes":""},"categories":[23],"tags":[448],"class_list":["post-41944","post","type-post","status-publish","format-standard","has-post-thumbnail","hentry","category-ferrari","tag-ferrari-elettrica","generate-columns","tablet-grid-50","mobile-grid-100","grid-parent","grid-33"],"acf":[],"yoast_head":"<!-- This site is optimized with the Yoast SEO plugin v25.8 - https:\/\/yoast.com\/wordpress\/plugins\/seo\/ -->\n<title>La Ferrari \u00e9lectrique laisse cet ing\u00e9nieur en motorisations \u00e9lectrifi\u00e9es dubitatif : &quot;Pour l&#039;instant les chinois et les allemands m\u00e8nent la danse&quot; - ItalPassion<\/title>\n<meta name=\"description\" content=\"Ferrari vient tout juste de lever le voile sur la fiche technique de sa future Elettrica : 4 portes, 4 moteurs, plus de 1 000 ch, 0 \u00e0 100 km\/h en 2,5\" \/>\n<meta name=\"robots\" content=\"index, follow, max-snippet:-1, max-image-preview:large, max-video-preview:-1\" \/>\n<link rel=\"canonical\" href=\"https:\/\/www.italpassion.fr\/pt\/ferrari\/o-ferrari-eletrico-deixa-este-engenheiro-de-motores-electricos-duvidoso-de-momento-os-chineses-e-os-alemaes-estao-a-liderar-o-caminho\/\" \/>\n<meta property=\"og:locale\" content=\"pt_PT\" \/>\n<meta property=\"og:type\" content=\"article\" \/>\n<meta property=\"og:title\" content=\"La Ferrari \u00e9lectrique laisse cet ing\u00e9nieur en motorisations \u00e9lectrifi\u00e9es dubitatif : &quot;Pour l&#039;instant les chinois et les allemands m\u00e8nent la danse&quot; - ItalPassion\" \/>\n<meta property=\"og:description\" content=\"Ferrari vient tout juste de lever le voile sur la fiche technique de sa future Elettrica : 4 portes, 4 moteurs, plus de 1 000 ch, 0 \u00e0 100 km\/h en 2,5\" \/>\n<meta property=\"og:url\" content=\"https:\/\/www.italpassion.fr\/pt\/ferrari\/o-ferrari-eletrico-deixa-este-engenheiro-de-motores-electricos-duvidoso-de-momento-os-chineses-e-os-alemaes-estao-a-liderar-o-caminho\/\" \/>\n<meta property=\"og:site_name\" content=\"ItalPassion\" \/>\n<meta property=\"article:publisher\" content=\"https:\/\/www.facebook.com\/italpassion\" \/>\n<meta property=\"article:published_time\" content=\"2025-10-10T07:23:21+00:00\" \/>\n<meta property=\"og:image\" content=\"https:\/\/www.italpassion.fr\/wp-content\/uploads\/2025\/10\/ferrari-electrique-00.jpg\" \/>\n\t<meta property=\"og:image:width\" content=\"1200\" \/>\n\t<meta property=\"og:image:height\" content=\"800\" \/>\n\t<meta property=\"og:image:type\" content=\"image\/jpeg\" \/>\n<meta name=\"author\" content=\"Alexandre Filluzeau\" \/>\n<meta name=\"twitter:card\" content=\"summary_large_image\" \/>\n<meta name=\"twitter:creator\" content=\"@italpassion\" \/>\n<meta name=\"twitter:site\" content=\"@italpassion\" \/>\n<script type=\"application\/ld+json\" class=\"yoast-schema-graph\">{\"@context\":\"https:\/\/schema.org\",\"@graph\":[{\"@type\":\"NewsArticle\",\"@id\":\"https:\/\/www.italpassion.fr\/pt\/ferrari\/la-ferrari-electrique-laisse-cet-ingenieur-en-motorisations-electrifiees-dubitatif-pour-linstant-les-chinois-et-les-allemands-menent-la-danse\/#article\",\"isPartOf\":{\"@id\":\"https:\/\/www.italpassion.fr\/pt\/ferrari\/la-ferrari-electrique-laisse-cet-ingenieur-en-motorisations-electrifiees-dubitatif-pour-linstant-les-chinois-et-les-allemands-menent-la-danse\/\"},\"author\":{\"name\":\"Alexandre Filluzeau\",\"@id\":\"https:\/\/www.italpassion.fr\/pt\/#\/schema\/person\/36f747b2a759ca202d847e85a9434ca0\"},\"headline\":\"La Ferrari \u00e9lectrique laisse cet ing\u00e9nieur en motorisations \u00e9lectrifi\u00e9es dubitatif : \u00ab\u00a0Pour l&rsquo;instant les chinois et les allemands m\u00e8nent la danse\u00a0\u00bb\",\"datePublished\":\"2025-10-10T07:23:21+00:00\",\"mainEntityOfPage\":{\"@id\":\"https:\/\/www.italpassion.fr\/pt\/ferrari\/la-ferrari-electrique-laisse-cet-ingenieur-en-motorisations-electrifiees-dubitatif-pour-linstant-les-chinois-et-les-allemands-menent-la-danse\/\"},\"wordCount\":609,\"commentCount\":4,\"publisher\":{\"@id\":\"https:\/\/www.italpassion.fr\/pt\/#organization\"},\"image\":{\"@id\":\"https:\/\/www.italpassion.fr\/pt\/ferrari\/la-ferrari-electrique-laisse-cet-ingenieur-en-motorisations-electrifiees-dubitatif-pour-linstant-les-chinois-et-les-allemands-menent-la-danse\/#primaryimage\"},\"thumbnailUrl\":\"https:\/\/www.italpassion.fr\/wp-content\/uploads\/2025\/10\/ferrari-electrique-00.jpg\",\"keywords\":[\"Ferrari Elettrica\"],\"articleSection\":[\"Ferrari\"],\"inLanguage\":\"pt-PT\",\"potentialAction\":[{\"@type\":\"CommentAction\",\"name\":\"Comment\",\"target\":[\"https:\/\/www.italpassion.fr\/pt\/ferrari\/la-ferrari-electrique-laisse-cet-ingenieur-en-motorisations-electrifiees-dubitatif-pour-linstant-les-chinois-et-les-allemands-menent-la-danse\/#respond\"]}]},{\"@type\":\"WebPage\",\"@id\":\"https:\/\/www.italpassion.fr\/pt\/ferrari\/la-ferrari-electrique-laisse-cet-ingenieur-en-motorisations-electrifiees-dubitatif-pour-linstant-les-chinois-et-les-allemands-menent-la-danse\/\",\"url\":\"https:\/\/www.italpassion.fr\/pt\/ferrari\/la-ferrari-electrique-laisse-cet-ingenieur-en-motorisations-electrifiees-dubitatif-pour-linstant-les-chinois-et-les-allemands-menent-la-danse\/\",\"name\":\"La Ferrari \u00e9lectrique laisse cet ing\u00e9nieur en motorisations \u00e9lectrifi\u00e9es dubitatif : \\\"Pour l'instant les chinois et les allemands m\u00e8nent la danse\\\" - ItalPassion\",\"isPartOf\":{\"@id\":\"https:\/\/www.italpassion.fr\/pt\/#website\"},\"primaryImageOfPage\":{\"@id\":\"https:\/\/www.italpassion.fr\/pt\/ferrari\/la-ferrari-electrique-laisse-cet-ingenieur-en-motorisations-electrifiees-dubitatif-pour-linstant-les-chinois-et-les-allemands-menent-la-danse\/#primaryimage\"},\"image\":{\"@id\":\"https:\/\/www.italpassion.fr\/pt\/ferrari\/la-ferrari-electrique-laisse-cet-ingenieur-en-motorisations-electrifiees-dubitatif-pour-linstant-les-chinois-et-les-allemands-menent-la-danse\/#primaryimage\"},\"thumbnailUrl\":\"https:\/\/www.italpassion.fr\/wp-content\/uploads\/2025\/10\/ferrari-electrique-00.jpg\",\"datePublished\":\"2025-10-10T07:23:21+00:00\",\"description\":\"Ferrari vient tout juste de lever le voile sur la fiche technique de sa future Elettrica : 4 portes, 4 moteurs, plus de 1 000 ch, 0 \u00e0 100 km\/h en 2,5\",\"breadcrumb\":{\"@id\":\"https:\/\/www.italpassion.fr\/pt\/ferrari\/la-ferrari-electrique-laisse-cet-ingenieur-en-motorisations-electrifiees-dubitatif-pour-linstant-les-chinois-et-les-allemands-menent-la-danse\/#breadcrumb\"},\"inLanguage\":\"pt-PT\",\"potentialAction\":[{\"@type\":\"ReadAction\",\"target\":[\"https:\/\/www.italpassion.fr\/pt\/ferrari\/la-ferrari-electrique-laisse-cet-ingenieur-en-motorisations-electrifiees-dubitatif-pour-linstant-les-chinois-et-les-allemands-menent-la-danse\/\"]}]},{\"@type\":\"ImageObject\",\"inLanguage\":\"pt-PT\",\"@id\":\"https:\/\/www.italpassion.fr\/pt\/ferrari\/la-ferrari-electrique-laisse-cet-ingenieur-en-motorisations-electrifiees-dubitatif-pour-linstant-les-chinois-et-les-allemands-menent-la-danse\/#primaryimage\",\"url\":\"https:\/\/www.italpassion.fr\/wp-content\/uploads\/2025\/10\/ferrari-electrique-00.jpg\",\"contentUrl\":\"https:\/\/www.italpassion.fr\/wp-content\/uploads\/2025\/10\/ferrari-electrique-00.jpg\",\"width\":1200,\"height\":800},{\"@type\":\"BreadcrumbList\",\"@id\":\"https:\/\/www.italpassion.fr\/pt\/ferrari\/la-ferrari-electrique-laisse-cet-ingenieur-en-motorisations-electrifiees-dubitatif-pour-linstant-les-chinois-et-les-allemands-menent-la-danse\/#breadcrumb\",\"itemListElement\":[{\"@type\":\"ListItem\",\"position\":1,\"name\":\"Accueil\",\"item\":\"https:\/\/www.italpassion.fr\/pt\/\"},{\"@type\":\"ListItem\",\"position\":2,\"name\":\"La Ferrari \u00e9lectrique laisse cet ing\u00e9nieur en motorisations \u00e9lectrifi\u00e9es dubitatif : \u00ab\u00a0Pour l&rsquo;instant les chinois et les allemands m\u00e8nent la danse\u00a0\u00bb\"}]},{\"@type\":\"WebSite\",\"@id\":\"https:\/\/www.italpassion.fr\/pt\/#website\",\"url\":\"https:\/\/www.italpassion.fr\/pt\/\",\"name\":\"ItalPassion\",\"description\":\"Les Passionn\u00e9s d&#039;Automobiles Italiennes\",\"publisher\":{\"@id\":\"https:\/\/www.italpassion.fr\/pt\/#organization\"},\"potentialAction\":[{\"@type\":\"SearchAction\",\"target\":{\"@type\":\"EntryPoint\",\"urlTemplate\":\"https:\/\/www.italpassion.fr\/pt\/?s={search_term_string}\"},\"query-input\":{\"@type\":\"PropertyValueSpecification\",\"valueRequired\":true,\"valueName\":\"search_term_string\"}}],\"inLanguage\":\"pt-PT\"},{\"@type\":\"Organization\",\"@id\":\"https:\/\/www.italpassion.fr\/pt\/#organization\",\"name\":\"Italpassion\",\"url\":\"https:\/\/www.italpassion.fr\/pt\/\",\"logo\":{\"@type\":\"ImageObject\",\"inLanguage\":\"pt-PT\",\"@id\":\"https:\/\/www.italpassion.fr\/pt\/#\/schema\/logo\/image\/\",\"url\":\"https:\/\/www.italpassion.fr\/wp-content\/uploads\/2023\/07\/italpassion-yoast.jpg\",\"contentUrl\":\"https:\/\/www.italpassion.fr\/wp-content\/uploads\/2023\/07\/italpassion-yoast.jpg\",\"width\":696,\"height\":696,\"caption\":\"Italpassion\"},\"image\":{\"@id\":\"https:\/\/www.italpassion.fr\/pt\/#\/schema\/logo\/image\/\"},\"sameAs\":[\"https:\/\/www.facebook.com\/italpassion\",\"https:\/\/x.com\/italpassion\",\"https:\/\/www.instagram.com\/italpassionfr\/\",\"https:\/\/www.youtube.com\/channel\/UCleq-ByQaA42OjhopwevRjQ\",\"https:\/\/www.facebook.com\/italpassion.en\/\",\"https:\/\/www.facebook.com\/italpassion.it\/\",\"https:\/\/www.facebook.com\/italpassion.de\/\",\"https:\/\/www.facebook.com\/italpassion.ja\/\"]},{\"@type\":\"Person\",\"@id\":\"https:\/\/www.italpassion.fr\/pt\/#\/schema\/person\/36f747b2a759ca202d847e85a9434ca0\",\"name\":\"Alexandre Filluzeau\",\"image\":{\"@type\":\"ImageObject\",\"inLanguage\":\"pt-PT\",\"@id\":\"https:\/\/www.italpassion.fr\/pt\/#\/schema\/person\/image\/\",\"url\":\"https:\/\/www.italpassion.fr\/wp-content\/uploads\/2025\/04\/avatar-alexandre-160x160.jpg\",\"contentUrl\":\"https:\/\/www.italpassion.fr\/wp-content\/uploads\/2025\/04\/avatar-alexandre-160x160.jpg\",\"caption\":\"Alexandre Filluzeau\"},\"description\":\"Fondateur du site ItalPassion, passionn\u00e9 de voitures italiennes et de l'Italie en g\u00e9n\u00e9ral. J'apporte un regard critique et technique aux actualit\u00e9s des marques italiennes quand cela est possible. Propri\u00e9taire d'une Maserati GranTurismo, Alfa Romeo MiTo, Lancia Fulvia et Ducati 695. Ex-propri\u00e9taire d'une Alfa Romeo Giulia.\",\"sameAs\":[\"https:\/\/www.italpassion.fr\/\"],\"url\":\"https:\/\/www.italpassion.fr\/pt\/author\/alexandre\/\"}]}<\/script>\n<!-- \/ Yoast SEO plugin. -->","yoast_head_json":{"title":"O Ferrari el\u00e9trico deixa c\u00e9tico este engenheiro de grupos electrog\u00e9neos: \"De momento, os chineses e os alem\u00e3es est\u00e3o na vanguarda\" - ItalPassion","description":"A Ferrari acaba de revelar as especifica\u00e7\u00f5es t\u00e9cnicas do seu futuro Elettrica: 4 portas, 4 motores, mais de 1.000 cv, 0 a 100 km\/h em 2,5 segundos.","robots":{"index":"index","follow":"follow","max-snippet":"max-snippet:-1","max-image-preview":"max-image-preview:large","max-video-preview":"max-video-preview:-1"},"canonical":"https:\/\/www.italpassion.fr\/pt\/ferrari\/o-ferrari-eletrico-deixa-este-engenheiro-de-motores-electricos-duvidoso-de-momento-os-chineses-e-os-alemaes-estao-a-liderar-o-caminho\/","og_locale":"pt_PT","og_type":"article","og_title":"La Ferrari \u00e9lectrique laisse cet ing\u00e9nieur en motorisations \u00e9lectrifi\u00e9es dubitatif : \"Pour l'instant les chinois et les allemands m\u00e8nent la danse\" - ItalPassion","og_description":"Ferrari vient tout juste de lever le voile sur la fiche technique de sa future Elettrica : 4 portes, 4 moteurs, plus de 1 000 ch, 0 \u00e0 100 km\/h en 2,5","og_url":"https:\/\/www.italpassion.fr\/pt\/ferrari\/o-ferrari-eletrico-deixa-este-engenheiro-de-motores-electricos-duvidoso-de-momento-os-chineses-e-os-alemaes-estao-a-liderar-o-caminho\/","og_site_name":"ItalPassion","article_publisher":"https:\/\/www.facebook.com\/italpassion","article_published_time":"2025-10-10T07:23:21+00:00","og_image":[{"width":1200,"height":800,"url":"https:\/\/www.italpassion.fr\/wp-content\/uploads\/2025\/10\/ferrari-electrique-00.jpg","type":"image\/jpeg"}],"author":"Alexandre Filluzeau","twitter_card":"summary_large_image","twitter_creator":"@italpassion","twitter_site":"@italpassion","schema":{"@context":"https:\/\/schema.org","@graph":[{"@type":"NewsArticle","@id":"https:\/\/www.italpassion.fr\/pt\/ferrari\/la-ferrari-electrique-laisse-cet-ingenieur-en-motorisations-electrifiees-dubitatif-pour-linstant-les-chinois-et-les-allemands-menent-la-danse\/#article","isPartOf":{"@id":"https:\/\/www.italpassion.fr\/pt\/ferrari\/la-ferrari-electrique-laisse-cet-ingenieur-en-motorisations-electrifiees-dubitatif-pour-linstant-les-chinois-et-les-allemands-menent-la-danse\/"},"author":{"name":"Alexandre Filluzeau","@id":"https:\/\/www.italpassion.fr\/pt\/#\/schema\/person\/36f747b2a759ca202d847e85a9434ca0"},"headline":"La Ferrari \u00e9lectrique laisse cet ing\u00e9nieur en motorisations \u00e9lectrifi\u00e9es dubitatif : \u00ab\u00a0Pour l&rsquo;instant les chinois et les allemands m\u00e8nent la danse\u00a0\u00bb","datePublished":"2025-10-10T07:23:21+00:00","mainEntityOfPage":{"@id":"https:\/\/www.italpassion.fr\/pt\/ferrari\/la-ferrari-electrique-laisse-cet-ingenieur-en-motorisations-electrifiees-dubitatif-pour-linstant-les-chinois-et-les-allemands-menent-la-danse\/"},"wordCount":609,"commentCount":4,"publisher":{"@id":"https:\/\/www.italpassion.fr\/pt\/#organization"},"image":{"@id":"https:\/\/www.italpassion.fr\/pt\/ferrari\/la-ferrari-electrique-laisse-cet-ingenieur-en-motorisations-electrifiees-dubitatif-pour-linstant-les-chinois-et-les-allemands-menent-la-danse\/#primaryimage"},"thumbnailUrl":"https:\/\/www.italpassion.fr\/wp-content\/uploads\/2025\/10\/ferrari-electrique-00.jpg","keywords":["Ferrari Elettrica"],"articleSection":["Ferrari"],"inLanguage":"pt-PT","potentialAction":[{"@type":"CommentAction","name":"Comment","target":["https:\/\/www.italpassion.fr\/pt\/ferrari\/la-ferrari-electrique-laisse-cet-ingenieur-en-motorisations-electrifiees-dubitatif-pour-linstant-les-chinois-et-les-allemands-menent-la-danse\/#respond"]}]},{"@type":"WebPage","@id":"https:\/\/www.italpassion.fr\/pt\/ferrari\/la-ferrari-electrique-laisse-cet-ingenieur-en-motorisations-electrifiees-dubitatif-pour-linstant-les-chinois-et-les-allemands-menent-la-danse\/","url":"https:\/\/www.italpassion.fr\/pt\/ferrari\/la-ferrari-electrique-laisse-cet-ingenieur-en-motorisations-electrifiees-dubitatif-pour-linstant-les-chinois-et-les-allemands-menent-la-danse\/","name":"O Ferrari el\u00e9trico deixa c\u00e9tico este engenheiro de grupos electrog\u00e9neos: \"De momento, os chineses e os alem\u00e3es est\u00e3o na vanguarda\" - ItalPassion","isPartOf":{"@id":"https:\/\/www.italpassion.fr\/pt\/#website"},"primaryImageOfPage":{"@id":"https:\/\/www.italpassion.fr\/pt\/ferrari\/la-ferrari-electrique-laisse-cet-ingenieur-en-motorisations-electrifiees-dubitatif-pour-linstant-les-chinois-et-les-allemands-menent-la-danse\/#primaryimage"},"image":{"@id":"https:\/\/www.italpassion.fr\/pt\/ferrari\/la-ferrari-electrique-laisse-cet-ingenieur-en-motorisations-electrifiees-dubitatif-pour-linstant-les-chinois-et-les-allemands-menent-la-danse\/#primaryimage"},"thumbnailUrl":"https:\/\/www.italpassion.fr\/wp-content\/uploads\/2025\/10\/ferrari-electrique-00.jpg","datePublished":"2025-10-10T07:23:21+00:00","description":"A Ferrari acaba de revelar as especifica\u00e7\u00f5es t\u00e9cnicas do seu futuro Elettrica: 4 portas, 4 motores, mais de 1.000 cv, 0 a 100 km\/h em 2,5 segundos.","breadcrumb":{"@id":"https:\/\/www.italpassion.fr\/pt\/ferrari\/la-ferrari-electrique-laisse-cet-ingenieur-en-motorisations-electrifiees-dubitatif-pour-linstant-les-chinois-et-les-allemands-menent-la-danse\/#breadcrumb"},"inLanguage":"pt-PT","potentialAction":[{"@type":"ReadAction","target":["https:\/\/www.italpassion.fr\/pt\/ferrari\/la-ferrari-electrique-laisse-cet-ingenieur-en-motorisations-electrifiees-dubitatif-pour-linstant-les-chinois-et-les-allemands-menent-la-danse\/"]}]},{"@type":"ImageObject","inLanguage":"pt-PT","@id":"https:\/\/www.italpassion.fr\/pt\/ferrari\/la-ferrari-electrique-laisse-cet-ingenieur-en-motorisations-electrifiees-dubitatif-pour-linstant-les-chinois-et-les-allemands-menent-la-danse\/#primaryimage","url":"https:\/\/www.italpassion.fr\/wp-content\/uploads\/2025\/10\/ferrari-electrique-00.jpg","contentUrl":"https:\/\/www.italpassion.fr\/wp-content\/uploads\/2025\/10\/ferrari-electrique-00.jpg","width":1200,"height":800},{"@type":"BreadcrumbList","@id":"https:\/\/www.italpassion.fr\/pt\/ferrari\/la-ferrari-electrique-laisse-cet-ingenieur-en-motorisations-electrifiees-dubitatif-pour-linstant-les-chinois-et-les-allemands-menent-la-danse\/#breadcrumb","itemListElement":[{"@type":"ListItem","position":1,"name":"Accueil","item":"https:\/\/www.italpassion.fr\/pt\/"},{"@type":"ListItem","position":2,"name":"La Ferrari \u00e9lectrique laisse cet ing\u00e9nieur en motorisations \u00e9lectrifi\u00e9es dubitatif : \u00ab\u00a0Pour l&rsquo;instant les chinois et les allemands m\u00e8nent la danse\u00a0\u00bb"}]},{"@type":"WebSite","@id":"https:\/\/www.italpassion.fr\/pt\/#website","url":"https:\/\/www.italpassion.fr\/pt\/","name":"ItalPassion","description":"Entusiastas de autom\u00f3veis italianos","publisher":{"@id":"https:\/\/www.italpassion.fr\/pt\/#organization"},"potentialAction":[{"@type":"SearchAction","target":{"@type":"EntryPoint","urlTemplate":"https:\/\/www.italpassion.fr\/pt\/?s={search_term_string}"},"query-input":{"@type":"PropertyValueSpecification","valueRequired":true,"valueName":"search_term_string"}}],"inLanguage":"pt-PT"},{"@type":"Organization","@id":"https:\/\/www.italpassion.fr\/pt\/#organization","name":"Italpassion","url":"https:\/\/www.italpassion.fr\/pt\/","logo":{"@type":"ImageObject","inLanguage":"pt-PT","@id":"https:\/\/www.italpassion.fr\/pt\/#\/schema\/logo\/image\/","url":"https:\/\/www.italpassion.fr\/wp-content\/uploads\/2023\/07\/italpassion-yoast.jpg","contentUrl":"https:\/\/www.italpassion.fr\/wp-content\/uploads\/2023\/07\/italpassion-yoast.jpg","width":696,"height":696,"caption":"Italpassion"},"image":{"@id":"https:\/\/www.italpassion.fr\/pt\/#\/schema\/logo\/image\/"},"sameAs":["https:\/\/www.facebook.com\/italpassion","https:\/\/x.com\/italpassion","https:\/\/www.instagram.com\/italpassionfr\/","https:\/\/www.youtube.com\/channel\/UCleq-ByQaA42OjhopwevRjQ","https:\/\/www.facebook.com\/italpassion.en\/","https:\/\/www.facebook.com\/italpassion.it\/","https:\/\/www.facebook.com\/italpassion.de\/","https:\/\/www.facebook.com\/italpassion.ja\/"]},{"@type":"Person","@id":"https:\/\/www.italpassion.fr\/pt\/#\/schema\/person\/36f747b2a759ca202d847e85a9434ca0","name":"Alexandre Filluzeau","image":{"@type":"ImageObject","inLanguage":"pt-PT","@id":"https:\/\/www.italpassion.fr\/pt\/#\/schema\/person\/image\/","url":"https:\/\/www.italpassion.fr\/wp-content\/uploads\/2025\/04\/avatar-alexandre-160x160.jpg","contentUrl":"https:\/\/www.italpassion.fr\/wp-content\/uploads\/2025\/04\/avatar-alexandre-160x160.jpg","caption":"Alexandre Filluzeau"},"description":"Fundador do site ItalPassion, apaixonado por carros italianos e pela It\u00e1lia em geral. Trago um olhar cr\u00edtico e t\u00e9cnico \u00e0s not\u00edcias das marcas italianas, sempre que poss\u00edvel. Propriet\u00e1ria de um Maserati GranTurismo, Alfa Romeo MiTo, Lancia Fulvia e Ducati 695. Ex-propriet\u00e1rio de uma Alfa Romeo Giulia.","sameAs":["https:\/\/www.italpassion.fr\/"],"url":"https:\/\/www.italpassion.fr\/pt\/author\/alexandre\/"}]}},"_links":{"self":[{"href":"https:\/\/www.italpassion.fr\/pt\/wp-json\/wp\/v2\/posts\/41944","targetHints":{"allow":["GET"]}}],"collection":[{"href":"https:\/\/www.italpassion.fr\/pt\/wp-json\/wp\/v2\/posts"}],"about":[{"href":"https:\/\/www.italpassion.fr\/pt\/wp-json\/wp\/v2\/types\/post"}],"author":[{"embeddable":true,"href":"https:\/\/www.italpassion.fr\/pt\/wp-json\/wp\/v2\/users\/1"}],"replies":[{"embeddable":true,"href":"https:\/\/www.italpassion.fr\/pt\/wp-json\/wp\/v2\/comments?post=41944"}],"version-history":[{"count":3,"href":"https:\/\/www.italpassion.fr\/pt\/wp-json\/wp\/v2\/posts\/41944\/revisions"}],"predecessor-version":[{"id":41957,"href":"https:\/\/www.italpassion.fr\/pt\/wp-json\/wp\/v2\/posts\/41944\/revisions\/41957"}],"wp:featuredmedia":[{"embeddable":true,"href":"https:\/\/www.italpassion.fr\/pt\/wp-json\/wp\/v2\/media\/41904"}],"wp:attachment":[{"href":"https:\/\/www.italpassion.fr\/pt\/wp-json\/wp\/v2\/media?parent=41944"}],"wp:term":[{"taxonomy":"category","embeddable":true,"href":"https:\/\/www.italpassion.fr\/pt\/wp-json\/wp\/v2\/categories?post=41944"},{"taxonomy":"post_tag","embeddable":true,"href":"https:\/\/www.italpassion.fr\/pt\/wp-json\/wp\/v2\/tags?post=41944"}],"curies":[{"name":"wp","href":"https:\/\/api.w.org\/{rel}","templated":true}]}}